{"id":193200,"date":"2026-03-20T21:03:43","date_gmt":"2026-03-20T20:03:43","guid":{"rendered":"https:\/\/candas365.es\/noticias\/?p=193200"},"modified":"2026-03-20T21:03:43","modified_gmt":"2026-03-20T20:03:43","slug":"herido-muy-grave-un-hombre-por-un-incendio-en-morata-de-tajuna","status":"publish","type":"post","link":"https:\/\/candas365.es\/noticias\/herido-muy-grave-un-hombre-por-un-incendio-en-morata-de-tajuna\/","title":{"rendered":"Herido muy grave un hombre por un incendio en Morata de Taju\u00f1a"},"content":{"rendered":"<p>Un hombre de 61 a\u00f1os ha resultado herido muy grave tras el <a href=\"https:\/\/candas365.es\/noticias\/category\/sucesos\/\"><span style=\"color: #ff6600;\"><strong>incendio<\/strong><\/span><\/a> de su vivienda en Morata de Taju\u00f1a, en la Comunidad de Madrid.<\/p>\n<figure id=\"attachment_193201\" aria-describedby=\"caption-attachment-193201\" style=\"width: 645px\" class=\"wp-caption aligncenter\"><img fetchpriority=\"high\" decoding=\"async\" class=\"size-large wp-image-193201\" src=\"https:\/\/candas365.es\/noticias\/wp-content\/uploads\/2026\/03\/Herido-muy-grave-un-hombre-por-un-incendio-en-Morata-645x480.jpg\" alt=\"Herido muy grave un hombre por un incendio en Morata\" width=\"645\" height=\"480\" srcset=\"https:\/\/candas365.es\/noticias\/wp-content\/uploads\/2026\/03\/Herido-muy-grave-un-hombre-por-un-incendio-en-Morata-645x480.jpg 645w, https:\/\/candas365.es\/noticias\/wp-content\/uploads\/2026\/03\/Herido-muy-grave-un-hombre-por-un-incendio-en-Morata-360x268.jpg 360w, https:\/\/candas365.es\/noticias\/wp-content\/uploads\/2026\/03\/Herido-muy-grave-un-hombre-por-un-incendio-en-Morata-768x571.jpg 768w, https:\/\/candas365.es\/noticias\/wp-content\/uploads\/2026\/03\/Herido-muy-grave-un-hombre-por-un-incendio-en-Morata-150x112.jpg 150w, https:\/\/candas365.es\/noticias\/wp-content\/uploads\/2026\/03\/Herido-muy-grave-un-hombre-por-un-incendio-en-Morata-450x335.jpg 450w, https:\/\/candas365.es\/noticias\/wp-content\/uploads\/2026\/03\/Herido-muy-grave-un-hombre-por-un-incendio-en-Morata.jpg 1136w\" sizes=\"(max-width: 645px) 100vw, 645px\" \/><figcaption id=\"caption-attachment-193201\" class=\"wp-caption-text\">Helic\u00f3ptero del Summa 112 | Foto de Summa 112<\/figcaption><\/figure>\n<p>Seg\u00fan inform\u00f3 un portavoz de Emergencias de la Comunidad de Madrid, la vivienda de dos plantas estaba ubicada en el n\u00famero 1 de la calle Las Cruces.<\/p>\n<p>Hasta el lugar de los hechos se desplazaron cuatro dotaciones de Bomberos de la Comunidad de Madrid que rescataron al hombre, que estaba en parada cardiorrespiratoria.<\/p>\n<p>Sanitarios de Summa 112 consiguieron revertir la parada, estabilizaron a la v\u00edctima y le trasladaron, como gran quemado, en helic\u00f3ptero a la unidad de quemados.<\/p>\n<p>La vivienda result\u00f3 afectada en su totalidad en la segunda planta.<\/p>\n<p>Colaboraron tambi\u00e9n en la intervenci\u00f3n agentes de la Guardia Civil y Polic\u00eda Local de Morata de Taju\u00f1a.<\/p>\n<p>(<a href=\"https:\/\/www.servimedia.es\/\" target=\"_blank\" rel=\"noopener\"><span style=\"color: #ff6600;\"><strong>SERVIMEDIA<\/strong><\/span><\/a>)<\/p>\n","protected":false},"excerpt":{"rendered":"<p>Un hombre de 61 a\u00f1os ha resultado herido muy grave tras el incendio de su vivienda en Morata de Taju\u00f1a, en la Comunidad de Madrid. Seg\u00fan inform\u00f3 un portavoz de Emergencias de la Comunidad de Madrid, la vivienda de dos plantas estaba ubicada en el n\u00famero 1 de la calle Las Cruces. Hasta el lugar<\/p>\n","protected":false},"author":1,"featured_media":193201,"comment_status":"closed","ping_status":"closed","sticky":false,"template":"","format":"standard","meta":{"footnotes":""},"categories":[487],"tags":[391],"class_list":{"0":"post-193200","1":"post","2":"type-post","3":"status-publish","4":"format-standard","5":"has-post-thumbnail","7":"category-sucesos","8":"tag-sucesos"},"aioseo_notices":[],"aioseo_head":"\n\t\t<!-- All in One SEO Pro 4.9.6.2 - aioseo.com -->\n\t<meta name=\"description\" content=\"Un hombre de 61 a\u00f1os ha resultado herido muy grave tras el incendio de su vivienda en Morata de Taju\u00f1a, en la Comunidad de Madrid.\" \/>\n\t<meta name=\"robots\" content=\"max-image-preview:large\" \/>\n\t<meta name=\"author\" content=\"Cand\u00e1s 365\"\/>\n\t<meta name=\"google-site-verification\" content=\"UA-32230408-1\" \/>\n\t<meta name=\"msvalidate.01\" content=\"354F3CDFB2DA171B47FBE9ABF1F88D5\" \/>\n\t<meta name=\"keywords\" content=\"sucesos\" \/>\n\t<link rel=\"canonical\" href=\"https:\/\/candas365.es\/noticias\/herido-muy-grave-un-hombre-por-un-incendio-en-morata-de-tajuna\/\" \/>\n\t<meta name=\"generator\" content=\"All in One SEO Pro (AIOSEO) 4.9.6.2\" \/>\n\t\t<meta property=\"og:locale\" content=\"es_ES\" \/>\n\t\t<meta property=\"og:site_name\" content=\"Cand\u00e1s 365\" \/>\n\t\t<meta property=\"og:type\" content=\"article\" \/>\n\t\t<meta property=\"og:title\" content=\"Herido muy grave un hombre por un incendio en Morata de Taju\u00f1a | Cand\u00e1s 365\" \/>\n\t\t<meta property=\"og:description\" content=\"Un hombre de 61 a\u00f1os ha resultado herido muy grave tras el incendio de su vivienda en Morata de Taju\u00f1a, en la Comunidad de Madrid.\" \/>\n\t\t<meta property=\"og:url\" content=\"https:\/\/candas365.es\/noticias\/herido-muy-grave-un-hombre-por-un-incendio-en-morata-de-tajuna\/\" \/>\n\t\t<meta property=\"og:image\" content=\"https:\/\/candas365.es\/noticias\/wp-content\/uploads\/2026\/03\/Herido-muy-grave-un-hombre-por-un-incendio-en-Morata.jpg\" \/>\n\t\t<meta property=\"og:image:secure_url\" content=\"https:\/\/candas365.es\/noticias\/wp-content\/uploads\/2026\/03\/Herido-muy-grave-un-hombre-por-un-incendio-en-Morata.jpg\" \/>\n\t\t<meta property=\"og:image:width\" content=\"1136\" \/>\n\t\t<meta property=\"og:image:height\" content=\"845\" \/>\n\t\t<meta property=\"article:published_time\" content=\"2026-03-20T20:03:43+00:00\" \/>\n\t\t<meta property=\"article:modified_time\" content=\"2026-03-20T20:03:43+00:00\" \/>\n\t\t<meta property=\"article:publisher\" content=\"https:\/\/www.facebook.com\/Nachofdezber\" \/>\n\t\t<meta property=\"article:author\" content=\"https:\/\/www.facebook.com\/carrenoactualidad\" \/>\n\t\t<meta name=\"twitter:card\" content=\"summary_large_image\" \/>\n\t\t<meta name=\"twitter:site\" content=\"@NabercoDigital\" \/>\n\t\t<meta name=\"twitter:title\" content=\"Herido muy grave un hombre por un incendio en Morata de Taju\u00f1a | Cand\u00e1s 365\" \/>\n\t\t<meta name=\"twitter:description\" content=\"Un hombre de 61 a\u00f1os ha resultado herido muy grave tras el incendio de su vivienda en Morata de Taju\u00f1a, en la Comunidad de Madrid.\" \/>\n\t\t<meta name=\"twitter:creator\" content=\"@nbasturias\" \/>\n\t\t<meta name=\"twitter:image\" content=\"https:\/\/candas365.es\/noticias\/wp-content\/uploads\/2026\/03\/Herido-muy-grave-un-hombre-por-un-incendio-en-Morata.jpg\" \/>\n\t\t<meta name=\"twitter:label1\" content=\"Escrito por\" \/>\n\t\t<meta name=\"twitter:data1\" content=\"Cand\u00e1s 365\" \/>\n\t\t<meta name=\"twitter:label2\" content=\"Tiempo de lectura estimado\" \/>\n\t\t<meta name=\"twitter:data2\" content=\"1 minuto\" \/>\n\t\t<script type=\"application\/ld+json\" class=\"aioseo-schema\">\n\t\t\t{\"@context\":\"https:\\\/\\\/schema.org\",\"@graph\":[{\"@type\":\"BreadcrumbList\",\"@id\":\"https:\\\/\\\/candas365.es\\\/noticias\\\/herido-muy-grave-un-hombre-por-un-incendio-en-morata-de-tajuna\\\/#breadcrumblist\",\"itemListElement\":[{\"@type\":\"ListItem\",\"@id\":\"https:\\\/\\\/candas365.es\\\/noticias#listItem\",\"position\":1,\"name\":\"Home\",\"item\":\"https:\\\/\\\/candas365.es\\\/noticias\",\"nextItem\":{\"@type\":\"ListItem\",\"@id\":\"https:\\\/\\\/candas365.es\\\/noticias\\\/category\\\/sucesos\\\/#listItem\",\"name\":\"Sucesos\"}},{\"@type\":\"ListItem\",\"@id\":\"https:\\\/\\\/candas365.es\\\/noticias\\\/category\\\/sucesos\\\/#listItem\",\"position\":2,\"name\":\"Sucesos\",\"item\":\"https:\\\/\\\/candas365.es\\\/noticias\\\/category\\\/sucesos\\\/\",\"nextItem\":{\"@type\":\"ListItem\",\"@id\":\"https:\\\/\\\/candas365.es\\\/noticias\\\/herido-muy-grave-un-hombre-por-un-incendio-en-morata-de-tajuna\\\/#listItem\",\"name\":\"Herido muy grave un hombre por un incendio en Morata de Taju\\u00f1a\"},\"previousItem\":{\"@type\":\"ListItem\",\"@id\":\"https:\\\/\\\/candas365.es\\\/noticias#listItem\",\"name\":\"Home\"}},{\"@type\":\"ListItem\",\"@id\":\"https:\\\/\\\/candas365.es\\\/noticias\\\/herido-muy-grave-un-hombre-por-un-incendio-en-morata-de-tajuna\\\/#listItem\",\"position\":3,\"name\":\"Herido muy grave un hombre por un incendio en Morata de Taju\\u00f1a\",\"previousItem\":{\"@type\":\"ListItem\",\"@id\":\"https:\\\/\\\/candas365.es\\\/noticias\\\/category\\\/sucesos\\\/#listItem\",\"name\":\"Sucesos\"}}]},{\"@type\":\"NewsArticle\",\"@id\":\"https:\\\/\\\/candas365.es\\\/noticias\\\/herido-muy-grave-un-hombre-por-un-incendio-en-morata-de-tajuna\\\/#newsarticle\",\"name\":\"Herido muy grave un hombre por un incendio en Morata de Taju\\u00f1a | Cand\\u00e1s 365\",\"headline\":\"Herido muy grave un hombre por un incendio en Morata de Taju\\u00f1a\",\"author\":{\"@id\":\"https:\\\/\\\/candas365.es\\\/noticias\\\/author\\\/admin\\\/#author\"},\"publisher\":{\"@id\":\"https:\\\/\\\/candas365.es\\\/noticias\\\/#organization\"},\"image\":{\"@type\":\"ImageObject\",\"url\":\"https:\\\/\\\/candas365.es\\\/noticias\\\/wp-content\\\/uploads\\\/2026\\\/03\\\/Herido-muy-grave-un-hombre-por-un-incendio-en-Morata.jpg\",\"width\":1136,\"height\":845,\"caption\":\"Helic\\u00f3ptero del Summa 112 | Foto de Summa 112\"},\"datePublished\":\"2026-03-20T21:03:43+01:00\",\"dateModified\":\"2026-03-20T21:03:43+01:00\",\"inLanguage\":\"es-ES\",\"mainEntityOfPage\":{\"@id\":\"https:\\\/\\\/candas365.es\\\/noticias\\\/herido-muy-grave-un-hombre-por-un-incendio-en-morata-de-tajuna\\\/#webpage\"},\"isPartOf\":{\"@id\":\"https:\\\/\\\/candas365.es\\\/noticias\\\/herido-muy-grave-un-hombre-por-un-incendio-en-morata-de-tajuna\\\/#webpage\"},\"articleSection\":\"Sucesos, sucesos\",\"dateline\":\"Publicado el marzo 20, 2026.\"},{\"@type\":\"Organization\",\"@id\":\"https:\\\/\\\/candas365.es\\\/noticias\\\/#organization\",\"name\":\"Cand\\u00e1s 365\",\"description\":\"Cand\\u00e1s 365 es un diario digital independiente, fundado en 2012, con base en Asturias. Informamos con rigor sobre actualidad, sociedad, cultura y ocio, con una mirada local y global.\",\"url\":\"https:\\\/\\\/candas365.es\\\/noticias\\\/\",\"email\":\"info@candas365.es\",\"telephone\":\"+34652131393\",\"foundingDate\":\"2012-06-10\",\"logo\":{\"@type\":\"ImageObject\",\"url\":\"https:\\\/\\\/candas365.es\\\/noticias\\\/wp-content\\\/uploads\\\/2024\\\/09\\\/Candas-365-Redes.jpg\",\"@id\":\"https:\\\/\\\/candas365.es\\\/noticias\\\/herido-muy-grave-un-hombre-por-un-incendio-en-morata-de-tajuna\\\/#organizationLogo\",\"width\":1152,\"height\":864,\"caption\":\"Cand\\u00e1s 365 Redes\"},\"image\":{\"@id\":\"https:\\\/\\\/candas365.es\\\/noticias\\\/herido-muy-grave-un-hombre-por-un-incendio-en-morata-de-tajuna\\\/#organizationLogo\"},\"sameAs\":[\"https:\\\/\\\/www.facebook.com\\\/Nachofdezber\",\"https:\\\/\\\/x.com\\\/NabercoDigital\",\"https:\\\/\\\/www.instagram.com\\\/nachofdezber\\\/\",\"https:\\\/\\\/www.youtube.com\\\/channel\\\/UCZP-2wLEB9Rv6erhFmqVnvg\"],\"address\":{\"@id\":\"https:\\\/\\\/candas365.es\\\/noticias\\\/#postaladdress\",\"@type\":\"PostalAddress\",\"streetAddress\":\"san antonio 4, san antonio 4\",\"postalCode\":\"33430\",\"addressLocality\":\"Cand\\u00e1s\",\"addressRegion\":\"Asturias\",\"addressCountry\":\"ES\"}},{\"@type\":\"Person\",\"@id\":\"https:\\\/\\\/candas365.es\\\/noticias\\\/author\\\/admin\\\/#author\",\"url\":\"https:\\\/\\\/candas365.es\\\/noticias\\\/author\\\/admin\\\/\",\"name\":\"Cand\\u00e1s 365\",\"image\":{\"@type\":\"ImageObject\",\"@id\":\"https:\\\/\\\/candas365.es\\\/noticias\\\/herido-muy-grave-un-hombre-por-un-incendio-en-morata-de-tajuna\\\/#authorImage\",\"url\":\"https:\\\/\\\/secure.gravatar.com\\\/avatar\\\/496a8e03d0c493ede1718b7934145dbdf8d89be1036b0eec9544e1094c9de390?s=96&d=mm&r=g\",\"width\":96,\"height\":96,\"caption\":\"Cand\\u00e1s 365\"},\"sameAs\":[\"https:\\\/\\\/www.facebook.com\\\/carrenoactualidad\",\"https:\\\/\\\/twitter.com\\\/nbasturias\",\"https:\\\/\\\/www.instagram.com\\\/nachofdezber\\\/\",\"https:\\\/\\\/www.youtube.com\\\/channel\\\/UCZP-2wLEB9Rv6erhFmqVnvg\"]},{\"@type\":\"WebPage\",\"@id\":\"https:\\\/\\\/candas365.es\\\/noticias\\\/herido-muy-grave-un-hombre-por-un-incendio-en-morata-de-tajuna\\\/#webpage\",\"url\":\"https:\\\/\\\/candas365.es\\\/noticias\\\/herido-muy-grave-un-hombre-por-un-incendio-en-morata-de-tajuna\\\/\",\"name\":\"Herido muy grave un hombre por un incendio en Morata de Taju\\u00f1a | Cand\\u00e1s 365\",\"description\":\"Un hombre de 61 a\\u00f1os ha resultado herido muy grave tras el incendio de su vivienda en Morata de Taju\\u00f1a, en la Comunidad de Madrid.\",\"inLanguage\":\"es-ES\",\"isPartOf\":{\"@id\":\"https:\\\/\\\/candas365.es\\\/noticias\\\/#website\"},\"breadcrumb\":{\"@id\":\"https:\\\/\\\/candas365.es\\\/noticias\\\/herido-muy-grave-un-hombre-por-un-incendio-en-morata-de-tajuna\\\/#breadcrumblist\"},\"author\":{\"@id\":\"https:\\\/\\\/candas365.es\\\/noticias\\\/author\\\/admin\\\/#author\"},\"creator\":{\"@id\":\"https:\\\/\\\/candas365.es\\\/noticias\\\/author\\\/admin\\\/#author\"},\"image\":{\"@type\":\"ImageObject\",\"url\":\"https:\\\/\\\/candas365.es\\\/noticias\\\/wp-content\\\/uploads\\\/2026\\\/03\\\/Herido-muy-grave-un-hombre-por-un-incendio-en-Morata.jpg\",\"@id\":\"https:\\\/\\\/candas365.es\\\/noticias\\\/herido-muy-grave-un-hombre-por-un-incendio-en-morata-de-tajuna\\\/#mainImage\",\"width\":1136,\"height\":845,\"caption\":\"Helic\\u00f3ptero del Summa 112 | Foto de Summa 112\"},\"primaryImageOfPage\":{\"@id\":\"https:\\\/\\\/candas365.es\\\/noticias\\\/herido-muy-grave-un-hombre-por-un-incendio-en-morata-de-tajuna\\\/#mainImage\"},\"datePublished\":\"2026-03-20T21:03:43+01:00\",\"dateModified\":\"2026-03-20T21:03:43+01:00\"},{\"@type\":\"WebSite\",\"@id\":\"https:\\\/\\\/candas365.es\\\/noticias\\\/#website\",\"url\":\"https:\\\/\\\/candas365.es\\\/noticias\\\/\",\"name\":\"Cand\\u00e1s 365\",\"alternateName\":\"Cand\\u00e1s 365 Noticias\",\"description\":\"Actualidad desde Carre\\u00f1o para el mundo\",\"inLanguage\":\"es-ES\",\"publisher\":{\"@id\":\"https:\\\/\\\/candas365.es\\\/noticias\\\/#organization\"}}]}\n\t\t<\/script>\n\t\t<!-- All in One SEO Pro -->\r\n\t\t<title>Herido muy grave un hombre por un incendio en Morata de Taju\u00f1a | Cand\u00e1s 365<\/title>\n\n","aioseo_head_json":{"title":"Herido muy grave un hombre por un incendio en Morata de Taju\u00f1a | Cand\u00e1s 365","description":"Un hombre de 61 a\u00f1os ha resultado herido muy grave tras el incendio de su vivienda en Morata de Taju\u00f1a, en la Comunidad de Madrid.","canonical_url":"https:\/\/candas365.es\/noticias\/herido-muy-grave-un-hombre-por-un-incendio-en-morata-de-tajuna\/","robots":"max-image-preview:large","keywords":"sucesos","webmasterTools":{"google-site-verification":"UA-32230408-1","msvalidate.01":"354F3CDFB2DA171B47FBE9ABF1F88D5","miscellaneous":""},"schema":{"@context":"https:\/\/schema.org","@graph":[{"@type":"BreadcrumbList","@id":"https:\/\/candas365.es\/noticias\/herido-muy-grave-un-hombre-por-un-incendio-en-morata-de-tajuna\/#breadcrumblist","itemListElement":[{"@type":"ListItem","@id":"https:\/\/candas365.es\/noticias#listItem","position":1,"name":"Home","item":"https:\/\/candas365.es\/noticias","nextItem":{"@type":"ListItem","@id":"https:\/\/candas365.es\/noticias\/category\/sucesos\/#listItem","name":"Sucesos"}},{"@type":"ListItem","@id":"https:\/\/candas365.es\/noticias\/category\/sucesos\/#listItem","position":2,"name":"Sucesos","item":"https:\/\/candas365.es\/noticias\/category\/sucesos\/","nextItem":{"@type":"ListItem","@id":"https:\/\/candas365.es\/noticias\/herido-muy-grave-un-hombre-por-un-incendio-en-morata-de-tajuna\/#listItem","name":"Herido muy grave un hombre por un incendio en Morata de Taju\u00f1a"},"previousItem":{"@type":"ListItem","@id":"https:\/\/candas365.es\/noticias#listItem","name":"Home"}},{"@type":"ListItem","@id":"https:\/\/candas365.es\/noticias\/herido-muy-grave-un-hombre-por-un-incendio-en-morata-de-tajuna\/#listItem","position":3,"name":"Herido muy grave un hombre por un incendio en Morata de Taju\u00f1a","previousItem":{"@type":"ListItem","@id":"https:\/\/candas365.es\/noticias\/category\/sucesos\/#listItem","name":"Sucesos"}}]},{"@type":"NewsArticle","@id":"https:\/\/candas365.es\/noticias\/herido-muy-grave-un-hombre-por-un-incendio-en-morata-de-tajuna\/#newsarticle","name":"Herido muy grave un hombre por un incendio en Morata de Taju\u00f1a | Cand\u00e1s 365","headline":"Herido muy grave un hombre por un incendio en Morata de Taju\u00f1a","author":{"@id":"https:\/\/candas365.es\/noticias\/author\/admin\/#author"},"publisher":{"@id":"https:\/\/candas365.es\/noticias\/#organization"},"image":{"@type":"ImageObject","url":"https:\/\/candas365.es\/noticias\/wp-content\/uploads\/2026\/03\/Herido-muy-grave-un-hombre-por-un-incendio-en-Morata.jpg","width":1136,"height":845,"caption":"Helic\u00f3ptero del Summa 112 | Foto de Summa 112"},"datePublished":"2026-03-20T21:03:43+01:00","dateModified":"2026-03-20T21:03:43+01:00","inLanguage":"es-ES","mainEntityOfPage":{"@id":"https:\/\/candas365.es\/noticias\/herido-muy-grave-un-hombre-por-un-incendio-en-morata-de-tajuna\/#webpage"},"isPartOf":{"@id":"https:\/\/candas365.es\/noticias\/herido-muy-grave-un-hombre-por-un-incendio-en-morata-de-tajuna\/#webpage"},"articleSection":"Sucesos, sucesos","dateline":"Publicado el marzo 20, 2026."},{"@type":"Organization","@id":"https:\/\/candas365.es\/noticias\/#organization","name":"Cand\u00e1s 365","description":"Cand\u00e1s 365 es un diario digital independiente, fundado en 2012, con base en Asturias. Informamos con rigor sobre actualidad, sociedad, cultura y ocio, con una mirada local y global.","url":"https:\/\/candas365.es\/noticias\/","email":"info@candas365.es","telephone":"+34652131393","foundingDate":"2012-06-10","logo":{"@type":"ImageObject","url":"https:\/\/candas365.es\/noticias\/wp-content\/uploads\/2024\/09\/Candas-365-Redes.jpg","@id":"https:\/\/candas365.es\/noticias\/herido-muy-grave-un-hombre-por-un-incendio-en-morata-de-tajuna\/#organizationLogo","width":1152,"height":864,"caption":"Cand\u00e1s 365 Redes"},"image":{"@id":"https:\/\/candas365.es\/noticias\/herido-muy-grave-un-hombre-por-un-incendio-en-morata-de-tajuna\/#organizationLogo"},"sameAs":["https:\/\/www.facebook.com\/Nachofdezber","https:\/\/x.com\/NabercoDigital","https:\/\/www.instagram.com\/nachofdezber\/","https:\/\/www.youtube.com\/channel\/UCZP-2wLEB9Rv6erhFmqVnvg"],"address":{"@id":"https:\/\/candas365.es\/noticias\/#postaladdress","@type":"PostalAddress","streetAddress":"san antonio 4, san antonio 4","postalCode":"33430","addressLocality":"Cand\u00e1s","addressRegion":"Asturias","addressCountry":"ES"}},{"@type":"Person","@id":"https:\/\/candas365.es\/noticias\/author\/admin\/#author","url":"https:\/\/candas365.es\/noticias\/author\/admin\/","name":"Cand\u00e1s 365","image":{"@type":"ImageObject","@id":"https:\/\/candas365.es\/noticias\/herido-muy-grave-un-hombre-por-un-incendio-en-morata-de-tajuna\/#authorImage","url":"https:\/\/secure.gravatar.com\/avatar\/496a8e03d0c493ede1718b7934145dbdf8d89be1036b0eec9544e1094c9de390?s=96&d=mm&r=g","width":96,"height":96,"caption":"Cand\u00e1s 365"},"sameAs":["https:\/\/www.facebook.com\/carrenoactualidad","https:\/\/twitter.com\/nbasturias","https:\/\/www.instagram.com\/nachofdezber\/","https:\/\/www.youtube.com\/channel\/UCZP-2wLEB9Rv6erhFmqVnvg"]},{"@type":"WebPage","@id":"https:\/\/candas365.es\/noticias\/herido-muy-grave-un-hombre-por-un-incendio-en-morata-de-tajuna\/#webpage","url":"https:\/\/candas365.es\/noticias\/herido-muy-grave-un-hombre-por-un-incendio-en-morata-de-tajuna\/","name":"Herido muy grave un hombre por un incendio en Morata de Taju\u00f1a | Cand\u00e1s 365","description":"Un hombre de 61 a\u00f1os ha resultado herido muy grave tras el incendio de su vivienda en Morata de Taju\u00f1a, en la Comunidad de Madrid.","inLanguage":"es-ES","isPartOf":{"@id":"https:\/\/candas365.es\/noticias\/#website"},"breadcrumb":{"@id":"https:\/\/candas365.es\/noticias\/herido-muy-grave-un-hombre-por-un-incendio-en-morata-de-tajuna\/#breadcrumblist"},"author":{"@id":"https:\/\/candas365.es\/noticias\/author\/admin\/#author"},"creator":{"@id":"https:\/\/candas365.es\/noticias\/author\/admin\/#author"},"image":{"@type":"ImageObject","url":"https:\/\/candas365.es\/noticias\/wp-content\/uploads\/2026\/03\/Herido-muy-grave-un-hombre-por-un-incendio-en-Morata.jpg","@id":"https:\/\/candas365.es\/noticias\/herido-muy-grave-un-hombre-por-un-incendio-en-morata-de-tajuna\/#mainImage","width":1136,"height":845,"caption":"Helic\u00f3ptero del Summa 112 | Foto de Summa 112"},"primaryImageOfPage":{"@id":"https:\/\/candas365.es\/noticias\/herido-muy-grave-un-hombre-por-un-incendio-en-morata-de-tajuna\/#mainImage"},"datePublished":"2026-03-20T21:03:43+01:00","dateModified":"2026-03-20T21:03:43+01:00"},{"@type":"WebSite","@id":"https:\/\/candas365.es\/noticias\/#website","url":"https:\/\/candas365.es\/noticias\/","name":"Cand\u00e1s 365","alternateName":"Cand\u00e1s 365 Noticias","description":"Actualidad desde Carre\u00f1o para el mundo","inLanguage":"es-ES","publisher":{"@id":"https:\/\/candas365.es\/noticias\/#organization"}}]},"og:locale":"es_ES","og:site_name":"Cand\u00e1s 365","og:type":"article","og:title":"Herido muy grave un hombre por un incendio en Morata de Taju\u00f1a | Cand\u00e1s 365","og:description":"Un hombre de 61 a\u00f1os ha resultado herido muy grave tras el incendio de su vivienda en Morata de Taju\u00f1a, en la Comunidad de Madrid.","og:url":"https:\/\/candas365.es\/noticias\/herido-muy-grave-un-hombre-por-un-incendio-en-morata-de-tajuna\/","og:image":"https:\/\/candas365.es\/noticias\/wp-content\/uploads\/2026\/03\/Herido-muy-grave-un-hombre-por-un-incendio-en-Morata.jpg","og:image:secure_url":"https:\/\/candas365.es\/noticias\/wp-content\/uploads\/2026\/03\/Herido-muy-grave-un-hombre-por-un-incendio-en-Morata.jpg","og:image:width":1136,"og:image:height":845,"article:published_time":"2026-03-20T20:03:43+00:00","article:modified_time":"2026-03-20T20:03:43+00:00","article:publisher":"https:\/\/www.facebook.com\/Nachofdezber","article:author":"https:\/\/www.facebook.com\/carrenoactualidad","twitter:card":"summary_large_image","twitter:site":"@NabercoDigital","twitter:title":"Herido muy grave un hombre por un incendio en Morata de Taju\u00f1a | Cand\u00e1s 365","twitter:description":"Un hombre de 61 a\u00f1os ha resultado herido muy grave tras el incendio de su vivienda en Morata de Taju\u00f1a, en la Comunidad de Madrid.","twitter:creator":"@nbasturias","twitter:image":"https:\/\/candas365.es\/noticias\/wp-content\/uploads\/2026\/03\/Herido-muy-grave-un-hombre-por-un-incendio-en-Morata.jpg","twitter:label1":"Escrito por","twitter:data1":"Cand\u00e1s 365","twitter:label2":"Tiempo de lectura estimado","twitter:data2":"1 minuto"},"aioseo_meta_data":{"post_id":"193200","title":null,"description":"Un hombre de 61 a\u00f1os ha resultado herido muy grave tras el incendio de su vivienda en Morata de Taju\u00f1a, en la Comunidad de Madrid.","keywords":null,"keyphrases":{"focus":{"keyphrase":"Incendio","score":100,"analysis":{"keyphraseInTitle":{"score":9,"maxScore":9,"error":0},"keyphraseInDescription":{"score":9,"maxScore":9,"error":0},"keyphraseLength":{"score":9,"maxScore":9,"error":0,"length":1},"keyphraseInURL":{"score":5,"maxScore":5,"error":0},"keyphraseInIntroduction":{"score":9,"maxScore":9,"error":0},"keyphraseInSubHeadings":[],"keyphraseInImageAlt":{"score":9,"maxScore":9,"error":0},"keywordDensity":{"type":"best","score":9,"maxScore":9,"error":0}}},"additional":[{"keyphrase":"Morata de Taju\u00f1a","score":100,"analysis":{"keyphraseInDescription":{"score":9,"maxScore":9,"error":0},"keyphraseLength":{"score":9,"maxScore":9,"error":0,"length":4},"keyphraseInIntroduction":{"score":9,"maxScore":9,"error":0},"keyphraseInImageAlt":{"score":9,"maxScore":9,"error":0},"keywordDensity":{"type":"best","score":9,"maxScore":9,"error":0}}}]},"primary_term":null,"canonical_url":null,"og_title":null,"og_description":null,"og_object_type":"default","og_image_type":"default","og_image_url":null,"og_image_width":null,"og_image_height":null,"og_image_custom_url":null,"og_image_custom_fields":null,"og_video":"","og_custom_url":null,"og_article_section":null,"og_article_tags":null,"twitter_use_og":false,"twitter_card":"default","twitter_image_type":"default","twitter_image_url":null,"twitter_image_custom_url":null,"twitter_image_custom_fields":null,"twitter_title":null,"twitter_description":null,"schema":{"blockGraphs":[],"customGraphs":[],"default":{"data":{"Article":[],"Course":[],"Dataset":[],"FAQPage":[],"Movie":[],"Person":[],"Product":[],"ProductReview":[],"Car":[],"Recipe":[],"Service":[],"SoftwareApplication":[],"WebPage":[]},"graphName":"NewsArticle","isEnabled":true},"graphs":[]},"schema_type":"default","schema_type_options":null,"pillar_content":false,"robots_default":true,"robots_noindex":false,"robots_noarchive":false,"robots_nosnippet":false,"robots_nofollow":false,"robots_noimageindex":false,"robots_noodp":false,"robots_notranslate":false,"robots_max_snippet":"-1","robots_max_videopreview":"-1","robots_max_imagepreview":"large","priority":null,"frequency":"default","location":null,"local_seo":null,"seo_analyzer_scan_date":"2026-03-20 20:32:48","breadcrumb_settings":null,"limit_modified_date":false,"reviewed_by":null,"open_ai":null,"ai":{"faqs":[],"keyPoints":[],"titles":[],"descriptions":[],"socialPosts":{"email":[],"linkedin":[],"twitter":[],"facebook":[],"instagram":[]}},"created":"2026-03-20 19:58:28","updated":"2026-03-20 20:41:15"},"aioseo_breadcrumb":"<div class=\"aioseo-breadcrumbs\"><span class=\"aioseo-breadcrumb\">\n\t<a href=\"https:\/\/candas365.es\/noticias\" title=\"Home\">Home<\/a>\n<\/span><span class=\"aioseo-breadcrumb-separator\">&ndash;<\/span><span class=\"aioseo-breadcrumb\">\n\t<a href=\"https:\/\/candas365.es\/noticias\/category\/sucesos\/\" title=\"Sucesos\">Sucesos<\/a>\n<\/span><span class=\"aioseo-breadcrumb-separator\">&ndash;<\/span><span class=\"aioseo-breadcrumb\">\n\tHerido muy grave un hombre por un incendio en Morata de Taju\u00f1a\n<\/span><\/div>","aioseo_breadcrumb_json":[{"label":"Home","link":"https:\/\/candas365.es\/noticias"},{"label":"Sucesos","link":"https:\/\/candas365.es\/noticias\/category\/sucesos\/"},{"label":"Herido muy grave un hombre por un incendio en Morata de Taju\u00f1a","link":"https:\/\/candas365.es\/noticias\/herido-muy-grave-un-hombre-por-un-incendio-en-morata-de-tajuna\/"}],"_links":{"self":[{"href":"https:\/\/candas365.es\/noticias\/wp-json\/wp\/v2\/posts\/193200","targetHints":{"allow":["GET"]}}],"collection":[{"href":"https:\/\/candas365.es\/noticias\/wp-json\/wp\/v2\/posts"}],"about":[{"href":"https:\/\/candas365.es\/noticias\/wp-json\/wp\/v2\/types\/post"}],"author":[{"embeddable":true,"href":"https:\/\/candas365.es\/noticias\/wp-json\/wp\/v2\/users\/1"}],"replies":[{"embeddable":true,"href":"https:\/\/candas365.es\/noticias\/wp-json\/wp\/v2\/comments?post=193200"}],"version-history":[{"count":0,"href":"https:\/\/candas365.es\/noticias\/wp-json\/wp\/v2\/posts\/193200\/revisions"}],"wp:featuredmedia":[{"embeddable":true,"href":"https:\/\/candas365.es\/noticias\/wp-json\/wp\/v2\/media\/193201"}],"wp:attachment":[{"href":"https:\/\/candas365.es\/noticias\/wp-json\/wp\/v2\/media?parent=193200"}],"wp:term":[{"taxonomy":"category","embeddable":true,"href":"https:\/\/candas365.es\/noticias\/wp-json\/wp\/v2\/categories?post=193200"},{"taxonomy":"post_tag","embeddable":true,"href":"https:\/\/candas365.es\/noticias\/wp-json\/wp\/v2\/tags?post=193200"}],"curies":[{"name":"wp","href":"https:\/\/api.w.org\/{rel}","templated":true}]}}