{"id":193134,"date":"2026-03-19T21:57:02","date_gmt":"2026-03-19T20:57:02","guid":{"rendered":"https:\/\/candas365.es\/noticias\/?p=193134"},"modified":"2026-03-19T21:57:02","modified_gmt":"2026-03-19T20:57:02","slug":"retos-invisibles-al-crecer-en-una-empresa-consolidada","status":"publish","type":"post","link":"https:\/\/candas365.es\/noticias\/retos-invisibles-al-crecer-en-una-empresa-consolidada\/","title":{"rendered":"Retos invisibles al crecer en una empresa consolidada"},"content":{"rendered":"<p data-start=\"283\" data-end=\"576\">El crecimiento suele percibirse como una se\u00f1al clara de \u00e9xito en una <a href=\"https:\/\/candas365.es\/noticias\/category\/canal-empresas\/\"><span style=\"color: #ff6600;\"><strong>empresa.<\/strong><\/span><\/a> M\u00e1s clientes, m\u00e1s ingresos, m\u00e1s actividad. Sin embargo, en paralelo a esa expansi\u00f3n, aparecen una serie de dificultades que no siempre se anticipan y que pueden comprometer la estabilidad de la empresa si no se gestionan a tiempo.<\/p>\n<figure id=\"attachment_193135\" aria-describedby=\"caption-attachment-193135\" style=\"width: 650px\" class=\"wp-caption aligncenter\"><img fetchpriority=\"high\" decoding=\"async\" class=\"size-large wp-image-193135\" src=\"https:\/\/candas365.es\/noticias\/wp-content\/uploads\/2026\/03\/Retos-invisibles-al-crecer-en-una-empresa-consolidada-650x426.jpg\" alt=\"Retos invisibles al crecer en una empresa consolidada\" width=\"650\" height=\"426\" srcset=\"https:\/\/candas365.es\/noticias\/wp-content\/uploads\/2026\/03\/Retos-invisibles-al-crecer-en-una-empresa-consolidada-650x426.jpg 650w, https:\/\/candas365.es\/noticias\/wp-content\/uploads\/2026\/03\/Retos-invisibles-al-crecer-en-una-empresa-consolidada-360x236.jpg 360w, https:\/\/candas365.es\/noticias\/wp-content\/uploads\/2026\/03\/Retos-invisibles-al-crecer-en-una-empresa-consolidada-768x504.jpg 768w, https:\/\/candas365.es\/noticias\/wp-content\/uploads\/2026\/03\/Retos-invisibles-al-crecer-en-una-empresa-consolidada-150x98.jpg 150w, https:\/\/candas365.es\/noticias\/wp-content\/uploads\/2026\/03\/Retos-invisibles-al-crecer-en-una-empresa-consolidada-450x295.jpg 450w, https:\/\/candas365.es\/noticias\/wp-content\/uploads\/2026\/03\/Retos-invisibles-al-crecer-en-una-empresa-consolidada-1200x787.jpg 1200w, https:\/\/candas365.es\/noticias\/wp-content\/uploads\/2026\/03\/Retos-invisibles-al-crecer-en-una-empresa-consolidada.jpg 1258w\" sizes=\"(max-width: 650px) 100vw, 650px\" \/><figcaption id=\"caption-attachment-193135\" class=\"wp-caption-text\">Foto: 123rf.com<\/figcaption><\/figure>\n<p data-start=\"578\" data-end=\"828\">A diferencia de los problemas iniciales, que suelen ser m\u00e1s visibles y urgentes, los retos asociados al crecimiento tienden a desarrollarse de forma progresiva. En muchos casos, cuando se detectan, ya han empezado a afectar al funcionamiento interno.<\/p>\n<h1 data-section-id=\"1ssee7u\" data-start=\"835\" data-end=\"868\">M\u00e1s actividad, menos claridad<\/h1>\n<p data-start=\"870\" data-end=\"1061\">Uno de los primeros efectos del crecimiento es el aumento del volumen de trabajo. Lo que antes se resolv\u00eda de forma \u00e1gil empieza a requerir m\u00e1s coordinaci\u00f3n, m\u00e1s seguimiento y m\u00e1s estructura.<\/p>\n<p data-start=\"1063\" data-end=\"1308\">En etapas iniciales, es habitual que las decisiones se tomen de forma directa y r\u00e1pida. Pero a medida que la empresa crece, esa agilidad puede verse sustituida por procesos menos definidos o por una acumulaci\u00f3n de tareas que dificulta priorizar.<\/p>\n<p data-start=\"1310\" data-end=\"1503\">En determinados momentos, equipos que antes funcionaban de forma sincronizada comienzan a trabajar con criterios distintos, lo que genera desajustes que no siempre son evidentes a simple vista.<\/p>\n<h3 data-section-id=\"1ywy6vc\" data-start=\"1510\" data-end=\"1551\">Procesos que dejan de ser suficientes<\/h3>\n<p data-start=\"1553\" data-end=\"1716\">Muchos <a href=\"https:\/\/eldigitaldeasturias.com\/radio\/category\/negocios\/\" target=\"_blank\" rel=\"noopener\"><span style=\"color: #ff6600;\"><strong>negocios<\/strong><\/span><\/a> crecen apoy\u00e1ndose en sistemas que, en su origen, eran m\u00e1s que adecuados. Sin embargo, con el tiempo, esos mismos procesos pueden quedarse peque\u00f1os.<\/p>\n<p data-start=\"1718\" data-end=\"1942\">Tareas como la gesti\u00f3n de pedidos, la organizaci\u00f3n interna o el seguimiento de proyectos empiezan a requerir herramientas m\u00e1s estructuradas. Cuando esto no ocurre, es frecuente que aparezcan errores, duplicidades o retrasos.<\/p>\n<p data-start=\"1944\" data-end=\"2139\">Hubo un momento en muchas empresas en el que gestionar todo de forma manual era viable. Con el crecimiento, esa forma de trabajar se vuelve dif\u00edcil de sostener y obliga a replantear la operativa.<\/p>\n<h2 data-section-id=\"4irqvx\" data-start=\"2146\" data-end=\"2175\">El impacto en los equipos<\/h2>\n<p data-start=\"2177\" data-end=\"2370\">El crecimiento no solo afecta a la estructura, tambi\u00e9n transforma la din\u00e1mica de los equipos. A medida que se incorporan nuevas personas, la comunicaci\u00f3n cambia y la cultura interna evoluciona.<\/p>\n<p data-start=\"2372\" data-end=\"2573\">Lo que antes se resolv\u00eda con una conversaci\u00f3n directa puede requerir ahora canales m\u00e1s definidos. Si no se establecen, pueden surgir malentendidos, falta de coordinaci\u00f3n o sensaci\u00f3n de desorganizaci\u00f3n.<\/p>\n<p data-start=\"2575\" data-end=\"2785\">Adem\u00e1s, en algunos casos, quienes han estado desde el inicio deben adaptarse a nuevas formas de trabajar, lo que no siempre resulta sencillo. Este proceso puede generar tensiones si no se gestiona con claridad.<\/p>\n<h3 data-section-id=\"1i0jvd8\" data-start=\"2792\" data-end=\"2814\">La p\u00e9rdida de foco<\/h3>\n<p data-start=\"2816\" data-end=\"3009\">Otro de los retos menos visibles es la dispersi\u00f3n. A medida que crecen las oportunidades, tambi\u00e9n lo hacen las decisiones que hay que tomar: nuevos productos, nuevos servicios, nuevos mercados.<\/p>\n<p data-start=\"3011\" data-end=\"3201\">Sin una estrategia clara, es f\u00e1cil que la empresa intente abarcar demasiado. Esto puede traducirse en esfuerzos dispersos, recursos mal distribuidos o proyectos que no llegan a consolidarse.<\/p>\n<p data-start=\"3203\" data-end=\"3320\">En determinados contextos, decir que no a ciertas oportunidades resulta tan importante como aprovechar las adecuadas.<\/p>\n<h3 data-section-id=\"1csbiv3\" data-start=\"3327\" data-end=\"3355\">Decisiones m\u00e1s complejas<\/h3>\n<p data-start=\"3357\" data-end=\"3497\">Con el crecimiento, las decisiones dejan de ser simples. Ya no afectan solo a una parte del negocio, sino a m\u00faltiples \u00e1reas al mismo tiempo.<\/p>\n<p data-start=\"3499\" data-end=\"3722\">Elegir una inversi\u00f3n, reorganizar un equipo o cambiar un proceso puede tener implicaciones en cadena. Por eso, muchas empresas empiezan a apoyarse en an\u00e1lisis m\u00e1s detallados o en herramientas que faciliten la visi\u00f3n global.<\/p>\n<p data-start=\"3724\" data-end=\"3886\">Este cambio no siempre es inmediato. En algunos casos, se produce tras detectar que las decisiones intuitivas ya no son suficientes para gestionar la complejidad.<\/p>\n<h3 data-section-id=\"5b5mpq\" data-start=\"3893\" data-end=\"3924\">La necesidad de reorganizar<\/h3>\n<p data-start=\"3926\" data-end=\"4128\">En alg\u00fan punto, muchas empresas se ven obligadas a detenerse y revisar c\u00f3mo est\u00e1n funcionando. No porque algo haya fallado de forma evidente, sino porque el crecimiento ha cambiado las reglas del juego.<\/p>\n<p data-start=\"4130\" data-end=\"4310\">Reorganizar no implica empezar de cero, sino ajustar lo existente: redefinir roles, establecer procesos m\u00e1s claros o introducir sistemas que permitan trabajar con mayor coherencia.<\/p>\n<p data-start=\"4312\" data-end=\"4423\">Este tipo de revisiones suelen abrir la puerta a mejoras que, en condiciones normales, no se habr\u00edan planteado.<\/p>\n<h3 data-section-id=\"1fgsyus\" data-start=\"4430\" data-end=\"4460\">Crecer tambi\u00e9n exige parar<\/h3>\n<p data-start=\"4462\" data-end=\"4664\">Aunque pueda parecer contradictorio, crecer de forma sostenible a veces requiere hacer pausas. Analizar lo que est\u00e1 ocurriendo, entender d\u00f3nde se est\u00e1n generando los problemas y decidir c\u00f3mo abordarlos.<\/p>\n<p data-start=\"4666\" data-end=\"4876\">En el d\u00eda a d\u00eda, es f\u00e1cil centrarse \u00fanicamente en la actividad. Sin embargo, reservar momentos para revisar la estructura y los procesos puede marcar la diferencia entre un crecimiento desordenado y uno s\u00f3lido.<\/p>\n<h3 data-section-id=\"1n2q32y\" data-start=\"4883\" data-end=\"4918\">Un proceso que no siempre se ve<\/h3>\n<p data-start=\"4920\" data-end=\"5107\">Los retos del crecimiento no siempre aparecen en los resultados visibles. Muchas veces se desarrollan en el interior de la empresa, en la forma en que se trabaja, se decide y se organiza.<\/p>\n<p data-start=\"5109\" data-end=\"5290\" data-is-last-node=\"\" data-is-only-node=\"\">Detectarlos a tiempo permite actuar antes de que se conviertan en problemas mayores. Porque crecer no es solo avanzar, sino tambi\u00e9n saber adaptarse a todo lo que ese avance implica.<\/p>\n","protected":false},"excerpt":{"rendered":"<p>El crecimiento suele percibirse como una se\u00f1al clara de \u00e9xito en una empresa. M\u00e1s clientes, m\u00e1s ingresos, m\u00e1s actividad. Sin embargo, en paralelo a esa expansi\u00f3n, aparecen una serie de dificultades que no siempre se anticipan y que pueden comprometer la estabilidad de la empresa si no se gestionan a tiempo. A diferencia de los<\/p>\n","protected":false},"author":1,"featured_media":193135,"comment_status":"closed","ping_status":"closed","sticky":false,"template":"","format":"standard","meta":{"footnotes":""},"categories":[151],"tags":[],"class_list":{"0":"post-193134","1":"post","2":"type-post","3":"status-publish","4":"format-standard","5":"has-post-thumbnail","7":"category-canal-empresas"},"aioseo_notices":[],"aioseo_head":"\n\t\t<!-- All in One SEO Pro 4.9.6.2 - aioseo.com -->\n\t<meta name=\"description\" content=\"El crecimiento suele percibirse como una se\u00f1al clara de \u00e9xito en una empresa. M\u00e1s clientes, m\u00e1s ingresos, m\u00e1s actividad. Sin embargo, en paralelo\" \/>\n\t<meta name=\"robots\" content=\"max-image-preview:large\" \/>\n\t<meta name=\"author\" content=\"Cand\u00e1s 365\"\/>\n\t<meta name=\"google-site-verification\" content=\"UA-32230408-1\" \/>\n\t<meta name=\"msvalidate.01\" content=\"354F3CDFB2DA171B47FBE9ABF1F88D5\" \/>\n\t<meta name=\"keywords\" content=\"canal empresas\" \/>\n\t<link rel=\"canonical\" href=\"https:\/\/candas365.es\/noticias\/retos-invisibles-al-crecer-en-una-empresa-consolidada\/\" \/>\n\t<meta name=\"generator\" content=\"All in One SEO Pro (AIOSEO) 4.9.6.2\" \/>\n\t\t<meta property=\"og:locale\" content=\"es_ES\" \/>\n\t\t<meta property=\"og:site_name\" content=\"Cand\u00e1s 365\" \/>\n\t\t<meta property=\"og:type\" content=\"article\" \/>\n\t\t<meta property=\"og:title\" content=\"Retos invisibles al crecer en una empresa consolidada | Cand\u00e1s 365\" \/>\n\t\t<meta property=\"og:description\" content=\"El crecimiento suele percibirse como una se\u00f1al clara de \u00e9xito en una empresa. M\u00e1s clientes, m\u00e1s ingresos, m\u00e1s actividad. Sin embargo, en paralelo\" \/>\n\t\t<meta property=\"og:url\" content=\"https:\/\/candas365.es\/noticias\/retos-invisibles-al-crecer-en-una-empresa-consolidada\/\" \/>\n\t\t<meta property=\"og:image\" content=\"https:\/\/candas365.es\/noticias\/wp-content\/uploads\/2026\/03\/Retos-invisibles-al-crecer-en-una-empresa-consolidada.jpg\" \/>\n\t\t<meta property=\"og:image:secure_url\" content=\"https:\/\/candas365.es\/noticias\/wp-content\/uploads\/2026\/03\/Retos-invisibles-al-crecer-en-una-empresa-consolidada.jpg\" \/>\n\t\t<meta property=\"og:image:width\" content=\"1258\" \/>\n\t\t<meta property=\"og:image:height\" content=\"825\" \/>\n\t\t<meta property=\"article:published_time\" content=\"2026-03-19T20:57:02+00:00\" \/>\n\t\t<meta property=\"article:modified_time\" content=\"2026-03-19T20:57:02+00:00\" \/>\n\t\t<meta property=\"article:publisher\" content=\"https:\/\/www.facebook.com\/Nachofdezber\" \/>\n\t\t<meta property=\"article:author\" content=\"https:\/\/www.facebook.com\/carrenoactualidad\" \/>\n\t\t<meta name=\"twitter:card\" content=\"summary_large_image\" \/>\n\t\t<meta name=\"twitter:site\" content=\"@NabercoDigital\" \/>\n\t\t<meta name=\"twitter:title\" content=\"Retos invisibles al crecer en una empresa consolidada | Cand\u00e1s 365\" \/>\n\t\t<meta name=\"twitter:description\" content=\"El crecimiento suele percibirse como una se\u00f1al clara de \u00e9xito en una empresa. M\u00e1s clientes, m\u00e1s ingresos, m\u00e1s actividad. Sin embargo, en paralelo\" \/>\n\t\t<meta name=\"twitter:creator\" content=\"@nbasturias\" \/>\n\t\t<meta name=\"twitter:image\" content=\"https:\/\/candas365.es\/noticias\/wp-content\/uploads\/2026\/03\/Retos-invisibles-al-crecer-en-una-empresa-consolidada.jpg\" \/>\n\t\t<meta name=\"twitter:label1\" content=\"Escrito por\" \/>\n\t\t<meta name=\"twitter:data1\" content=\"Cand\u00e1s 365\" \/>\n\t\t<meta name=\"twitter:label2\" content=\"Tiempo de lectura estimado\" \/>\n\t\t<meta name=\"twitter:data2\" content=\"4 minutos\" \/>\n\t\t<script type=\"application\/ld+json\" class=\"aioseo-schema\">\n\t\t\t{\"@context\":\"https:\\\/\\\/schema.org\",\"@graph\":[{\"@type\":\"BreadcrumbList\",\"@id\":\"https:\\\/\\\/candas365.es\\\/noticias\\\/retos-invisibles-al-crecer-en-una-empresa-consolidada\\\/#breadcrumblist\",\"itemListElement\":[{\"@type\":\"ListItem\",\"@id\":\"https:\\\/\\\/candas365.es\\\/noticias#listItem\",\"position\":1,\"name\":\"Home\",\"item\":\"https:\\\/\\\/candas365.es\\\/noticias\",\"nextItem\":{\"@type\":\"ListItem\",\"@id\":\"https:\\\/\\\/candas365.es\\\/noticias\\\/category\\\/canal-empresas\\\/#listItem\",\"name\":\"Canal Empresas\"}},{\"@type\":\"ListItem\",\"@id\":\"https:\\\/\\\/candas365.es\\\/noticias\\\/category\\\/canal-empresas\\\/#listItem\",\"position\":2,\"name\":\"Canal Empresas\",\"item\":\"https:\\\/\\\/candas365.es\\\/noticias\\\/category\\\/canal-empresas\\\/\",\"nextItem\":{\"@type\":\"ListItem\",\"@id\":\"https:\\\/\\\/candas365.es\\\/noticias\\\/retos-invisibles-al-crecer-en-una-empresa-consolidada\\\/#listItem\",\"name\":\"Retos invisibles al crecer en una empresa consolidada\"},\"previousItem\":{\"@type\":\"ListItem\",\"@id\":\"https:\\\/\\\/candas365.es\\\/noticias#listItem\",\"name\":\"Home\"}},{\"@type\":\"ListItem\",\"@id\":\"https:\\\/\\\/candas365.es\\\/noticias\\\/retos-invisibles-al-crecer-en-una-empresa-consolidada\\\/#listItem\",\"position\":3,\"name\":\"Retos invisibles al crecer en una empresa consolidada\",\"previousItem\":{\"@type\":\"ListItem\",\"@id\":\"https:\\\/\\\/candas365.es\\\/noticias\\\/category\\\/canal-empresas\\\/#listItem\",\"name\":\"Canal Empresas\"}}]},{\"@type\":\"NewsArticle\",\"@id\":\"https:\\\/\\\/candas365.es\\\/noticias\\\/retos-invisibles-al-crecer-en-una-empresa-consolidada\\\/#newsarticle\",\"name\":\"Retos invisibles al crecer en una empresa consolidada | Cand\\u00e1s 365\",\"headline\":\"Retos invisibles al crecer en una empresa consolidada\",\"author\":{\"@id\":\"https:\\\/\\\/candas365.es\\\/noticias\\\/author\\\/admin\\\/#author\"},\"publisher\":{\"@id\":\"https:\\\/\\\/candas365.es\\\/noticias\\\/#organization\"},\"image\":{\"@type\":\"ImageObject\",\"url\":\"https:\\\/\\\/candas365.es\\\/noticias\\\/wp-content\\\/uploads\\\/2026\\\/03\\\/Retos-invisibles-al-crecer-en-una-empresa-consolidada.jpg\",\"width\":1258,\"height\":825,\"caption\":\"Foto: 123rf.com\"},\"datePublished\":\"2026-03-19T21:57:02+01:00\",\"dateModified\":\"2026-03-19T21:57:02+01:00\",\"inLanguage\":\"es-ES\",\"mainEntityOfPage\":{\"@id\":\"https:\\\/\\\/candas365.es\\\/noticias\\\/retos-invisibles-al-crecer-en-una-empresa-consolidada\\\/#webpage\"},\"isPartOf\":{\"@id\":\"https:\\\/\\\/candas365.es\\\/noticias\\\/retos-invisibles-al-crecer-en-una-empresa-consolidada\\\/#webpage\"},\"articleSection\":\"Canal Empresas\",\"dateline\":\"Publicado el marzo 19, 2026.\"},{\"@type\":\"Organization\",\"@id\":\"https:\\\/\\\/candas365.es\\\/noticias\\\/#organization\",\"name\":\"Cand\\u00e1s 365\",\"description\":\"Cand\\u00e1s 365 es un diario digital independiente, fundado en 2012, con base en Asturias. Informamos con rigor sobre actualidad, sociedad, cultura y ocio, con una mirada local y global.\",\"url\":\"https:\\\/\\\/candas365.es\\\/noticias\\\/\",\"email\":\"info@candas365.es\",\"telephone\":\"+34652131393\",\"foundingDate\":\"2012-06-10\",\"logo\":{\"@type\":\"ImageObject\",\"url\":\"https:\\\/\\\/candas365.es\\\/noticias\\\/wp-content\\\/uploads\\\/2024\\\/09\\\/Candas-365-Redes.jpg\",\"@id\":\"https:\\\/\\\/candas365.es\\\/noticias\\\/retos-invisibles-al-crecer-en-una-empresa-consolidada\\\/#organizationLogo\",\"width\":1152,\"height\":864,\"caption\":\"Cand\\u00e1s 365 Redes\"},\"image\":{\"@id\":\"https:\\\/\\\/candas365.es\\\/noticias\\\/retos-invisibles-al-crecer-en-una-empresa-consolidada\\\/#organizationLogo\"},\"sameAs\":[\"https:\\\/\\\/www.facebook.com\\\/Nachofdezber\",\"https:\\\/\\\/x.com\\\/NabercoDigital\",\"https:\\\/\\\/www.instagram.com\\\/nachofdezber\\\/\",\"https:\\\/\\\/www.youtube.com\\\/channel\\\/UCZP-2wLEB9Rv6erhFmqVnvg\"],\"address\":{\"@id\":\"https:\\\/\\\/candas365.es\\\/noticias\\\/#postaladdress\",\"@type\":\"PostalAddress\",\"streetAddress\":\"san antonio 4, san antonio 4\",\"postalCode\":\"33430\",\"addressLocality\":\"Cand\\u00e1s\",\"addressRegion\":\"Asturias\",\"addressCountry\":\"ES\"}},{\"@type\":\"Person\",\"@id\":\"https:\\\/\\\/candas365.es\\\/noticias\\\/author\\\/admin\\\/#author\",\"url\":\"https:\\\/\\\/candas365.es\\\/noticias\\\/author\\\/admin\\\/\",\"name\":\"Cand\\u00e1s 365\",\"image\":{\"@type\":\"ImageObject\",\"@id\":\"https:\\\/\\\/candas365.es\\\/noticias\\\/retos-invisibles-al-crecer-en-una-empresa-consolidada\\\/#authorImage\",\"url\":\"https:\\\/\\\/secure.gravatar.com\\\/avatar\\\/496a8e03d0c493ede1718b7934145dbdf8d89be1036b0eec9544e1094c9de390?s=96&d=mm&r=g\",\"width\":96,\"height\":96,\"caption\":\"Cand\\u00e1s 365\"},\"sameAs\":[\"https:\\\/\\\/www.facebook.com\\\/carrenoactualidad\",\"https:\\\/\\\/twitter.com\\\/nbasturias\",\"https:\\\/\\\/www.instagram.com\\\/nachofdezber\\\/\",\"https:\\\/\\\/www.youtube.com\\\/channel\\\/UCZP-2wLEB9Rv6erhFmqVnvg\"]},{\"@type\":\"WebPage\",\"@id\":\"https:\\\/\\\/candas365.es\\\/noticias\\\/retos-invisibles-al-crecer-en-una-empresa-consolidada\\\/#webpage\",\"url\":\"https:\\\/\\\/candas365.es\\\/noticias\\\/retos-invisibles-al-crecer-en-una-empresa-consolidada\\\/\",\"name\":\"Retos invisibles al crecer en una empresa consolidada | Cand\\u00e1s 365\",\"description\":\"El crecimiento suele percibirse como una se\\u00f1al clara de \\u00e9xito en una empresa. M\\u00e1s clientes, m\\u00e1s ingresos, m\\u00e1s actividad. Sin embargo, en paralelo\",\"inLanguage\":\"es-ES\",\"isPartOf\":{\"@id\":\"https:\\\/\\\/candas365.es\\\/noticias\\\/#website\"},\"breadcrumb\":{\"@id\":\"https:\\\/\\\/candas365.es\\\/noticias\\\/retos-invisibles-al-crecer-en-una-empresa-consolidada\\\/#breadcrumblist\"},\"author\":{\"@id\":\"https:\\\/\\\/candas365.es\\\/noticias\\\/author\\\/admin\\\/#author\"},\"creator\":{\"@id\":\"https:\\\/\\\/candas365.es\\\/noticias\\\/author\\\/admin\\\/#author\"},\"image\":{\"@type\":\"ImageObject\",\"url\":\"https:\\\/\\\/candas365.es\\\/noticias\\\/wp-content\\\/uploads\\\/2026\\\/03\\\/Retos-invisibles-al-crecer-en-una-empresa-consolidada.jpg\",\"@id\":\"https:\\\/\\\/candas365.es\\\/noticias\\\/retos-invisibles-al-crecer-en-una-empresa-consolidada\\\/#mainImage\",\"width\":1258,\"height\":825,\"caption\":\"Foto: 123rf.com\"},\"primaryImageOfPage\":{\"@id\":\"https:\\\/\\\/candas365.es\\\/noticias\\\/retos-invisibles-al-crecer-en-una-empresa-consolidada\\\/#mainImage\"},\"datePublished\":\"2026-03-19T21:57:02+01:00\",\"dateModified\":\"2026-03-19T21:57:02+01:00\"},{\"@type\":\"WebSite\",\"@id\":\"https:\\\/\\\/candas365.es\\\/noticias\\\/#website\",\"url\":\"https:\\\/\\\/candas365.es\\\/noticias\\\/\",\"name\":\"Cand\\u00e1s 365\",\"alternateName\":\"Cand\\u00e1s 365 Noticias\",\"description\":\"Actualidad desde Carre\\u00f1o para el mundo\",\"inLanguage\":\"es-ES\",\"publisher\":{\"@id\":\"https:\\\/\\\/candas365.es\\\/noticias\\\/#organization\"}}]}\n\t\t<\/script>\n\t\t<!-- All in One SEO Pro -->\r\n\t\t<title>Retos invisibles al crecer en una empresa consolidada | Cand\u00e1s 365<\/title>\n\n","aioseo_head_json":{"title":"Retos invisibles al crecer en una empresa consolidada | Cand\u00e1s 365","description":"El crecimiento suele percibirse como una se\u00f1al clara de \u00e9xito en una empresa. M\u00e1s clientes, m\u00e1s ingresos, m\u00e1s actividad. Sin embargo, en paralelo","canonical_url":"https:\/\/candas365.es\/noticias\/retos-invisibles-al-crecer-en-una-empresa-consolidada\/","robots":"max-image-preview:large","keywords":"canal empresas","webmasterTools":{"google-site-verification":"UA-32230408-1","msvalidate.01":"354F3CDFB2DA171B47FBE9ABF1F88D5","miscellaneous":""},"schema":{"@context":"https:\/\/schema.org","@graph":[{"@type":"BreadcrumbList","@id":"https:\/\/candas365.es\/noticias\/retos-invisibles-al-crecer-en-una-empresa-consolidada\/#breadcrumblist","itemListElement":[{"@type":"ListItem","@id":"https:\/\/candas365.es\/noticias#listItem","position":1,"name":"Home","item":"https:\/\/candas365.es\/noticias","nextItem":{"@type":"ListItem","@id":"https:\/\/candas365.es\/noticias\/category\/canal-empresas\/#listItem","name":"Canal Empresas"}},{"@type":"ListItem","@id":"https:\/\/candas365.es\/noticias\/category\/canal-empresas\/#listItem","position":2,"name":"Canal Empresas","item":"https:\/\/candas365.es\/noticias\/category\/canal-empresas\/","nextItem":{"@type":"ListItem","@id":"https:\/\/candas365.es\/noticias\/retos-invisibles-al-crecer-en-una-empresa-consolidada\/#listItem","name":"Retos invisibles al crecer en una empresa consolidada"},"previousItem":{"@type":"ListItem","@id":"https:\/\/candas365.es\/noticias#listItem","name":"Home"}},{"@type":"ListItem","@id":"https:\/\/candas365.es\/noticias\/retos-invisibles-al-crecer-en-una-empresa-consolidada\/#listItem","position":3,"name":"Retos invisibles al crecer en una empresa consolidada","previousItem":{"@type":"ListItem","@id":"https:\/\/candas365.es\/noticias\/category\/canal-empresas\/#listItem","name":"Canal Empresas"}}]},{"@type":"NewsArticle","@id":"https:\/\/candas365.es\/noticias\/retos-invisibles-al-crecer-en-una-empresa-consolidada\/#newsarticle","name":"Retos invisibles al crecer en una empresa consolidada | Cand\u00e1s 365","headline":"Retos invisibles al crecer en una empresa consolidada","author":{"@id":"https:\/\/candas365.es\/noticias\/author\/admin\/#author"},"publisher":{"@id":"https:\/\/candas365.es\/noticias\/#organization"},"image":{"@type":"ImageObject","url":"https:\/\/candas365.es\/noticias\/wp-content\/uploads\/2026\/03\/Retos-invisibles-al-crecer-en-una-empresa-consolidada.jpg","width":1258,"height":825,"caption":"Foto: 123rf.com"},"datePublished":"2026-03-19T21:57:02+01:00","dateModified":"2026-03-19T21:57:02+01:00","inLanguage":"es-ES","mainEntityOfPage":{"@id":"https:\/\/candas365.es\/noticias\/retos-invisibles-al-crecer-en-una-empresa-consolidada\/#webpage"},"isPartOf":{"@id":"https:\/\/candas365.es\/noticias\/retos-invisibles-al-crecer-en-una-empresa-consolidada\/#webpage"},"articleSection":"Canal Empresas","dateline":"Publicado el marzo 19, 2026."},{"@type":"Organization","@id":"https:\/\/candas365.es\/noticias\/#organization","name":"Cand\u00e1s 365","description":"Cand\u00e1s 365 es un diario digital independiente, fundado en 2012, con base en Asturias. Informamos con rigor sobre actualidad, sociedad, cultura y ocio, con una mirada local y global.","url":"https:\/\/candas365.es\/noticias\/","email":"info@candas365.es","telephone":"+34652131393","foundingDate":"2012-06-10","logo":{"@type":"ImageObject","url":"https:\/\/candas365.es\/noticias\/wp-content\/uploads\/2024\/09\/Candas-365-Redes.jpg","@id":"https:\/\/candas365.es\/noticias\/retos-invisibles-al-crecer-en-una-empresa-consolidada\/#organizationLogo","width":1152,"height":864,"caption":"Cand\u00e1s 365 Redes"},"image":{"@id":"https:\/\/candas365.es\/noticias\/retos-invisibles-al-crecer-en-una-empresa-consolidada\/#organizationLogo"},"sameAs":["https:\/\/www.facebook.com\/Nachofdezber","https:\/\/x.com\/NabercoDigital","https:\/\/www.instagram.com\/nachofdezber\/","https:\/\/www.youtube.com\/channel\/UCZP-2wLEB9Rv6erhFmqVnvg"],"address":{"@id":"https:\/\/candas365.es\/noticias\/#postaladdress","@type":"PostalAddress","streetAddress":"san antonio 4, san antonio 4","postalCode":"33430","addressLocality":"Cand\u00e1s","addressRegion":"Asturias","addressCountry":"ES"}},{"@type":"Person","@id":"https:\/\/candas365.es\/noticias\/author\/admin\/#author","url":"https:\/\/candas365.es\/noticias\/author\/admin\/","name":"Cand\u00e1s 365","image":{"@type":"ImageObject","@id":"https:\/\/candas365.es\/noticias\/retos-invisibles-al-crecer-en-una-empresa-consolidada\/#authorImage","url":"https:\/\/secure.gravatar.com\/avatar\/496a8e03d0c493ede1718b7934145dbdf8d89be1036b0eec9544e1094c9de390?s=96&d=mm&r=g","width":96,"height":96,"caption":"Cand\u00e1s 365"},"sameAs":["https:\/\/www.facebook.com\/carrenoactualidad","https:\/\/twitter.com\/nbasturias","https:\/\/www.instagram.com\/nachofdezber\/","https:\/\/www.youtube.com\/channel\/UCZP-2wLEB9Rv6erhFmqVnvg"]},{"@type":"WebPage","@id":"https:\/\/candas365.es\/noticias\/retos-invisibles-al-crecer-en-una-empresa-consolidada\/#webpage","url":"https:\/\/candas365.es\/noticias\/retos-invisibles-al-crecer-en-una-empresa-consolidada\/","name":"Retos invisibles al crecer en una empresa consolidada | Cand\u00e1s 365","description":"El crecimiento suele percibirse como una se\u00f1al clara de \u00e9xito en una empresa. M\u00e1s clientes, m\u00e1s ingresos, m\u00e1s actividad. Sin embargo, en paralelo","inLanguage":"es-ES","isPartOf":{"@id":"https:\/\/candas365.es\/noticias\/#website"},"breadcrumb":{"@id":"https:\/\/candas365.es\/noticias\/retos-invisibles-al-crecer-en-una-empresa-consolidada\/#breadcrumblist"},"author":{"@id":"https:\/\/candas365.es\/noticias\/author\/admin\/#author"},"creator":{"@id":"https:\/\/candas365.es\/noticias\/author\/admin\/#author"},"image":{"@type":"ImageObject","url":"https:\/\/candas365.es\/noticias\/wp-content\/uploads\/2026\/03\/Retos-invisibles-al-crecer-en-una-empresa-consolidada.jpg","@id":"https:\/\/candas365.es\/noticias\/retos-invisibles-al-crecer-en-una-empresa-consolidada\/#mainImage","width":1258,"height":825,"caption":"Foto: 123rf.com"},"primaryImageOfPage":{"@id":"https:\/\/candas365.es\/noticias\/retos-invisibles-al-crecer-en-una-empresa-consolidada\/#mainImage"},"datePublished":"2026-03-19T21:57:02+01:00","dateModified":"2026-03-19T21:57:02+01:00"},{"@type":"WebSite","@id":"https:\/\/candas365.es\/noticias\/#website","url":"https:\/\/candas365.es\/noticias\/","name":"Cand\u00e1s 365","alternateName":"Cand\u00e1s 365 Noticias","description":"Actualidad desde Carre\u00f1o para el mundo","inLanguage":"es-ES","publisher":{"@id":"https:\/\/candas365.es\/noticias\/#organization"}}]},"og:locale":"es_ES","og:site_name":"Cand\u00e1s 365","og:type":"article","og:title":"Retos invisibles al crecer en una empresa consolidada | Cand\u00e1s 365","og:description":"El crecimiento suele percibirse como una se\u00f1al clara de \u00e9xito en una empresa. M\u00e1s clientes, m\u00e1s ingresos, m\u00e1s actividad. Sin embargo, en paralelo","og:url":"https:\/\/candas365.es\/noticias\/retos-invisibles-al-crecer-en-una-empresa-consolidada\/","og:image":"https:\/\/candas365.es\/noticias\/wp-content\/uploads\/2026\/03\/Retos-invisibles-al-crecer-en-una-empresa-consolidada.jpg","og:image:secure_url":"https:\/\/candas365.es\/noticias\/wp-content\/uploads\/2026\/03\/Retos-invisibles-al-crecer-en-una-empresa-consolidada.jpg","og:image:width":1258,"og:image:height":825,"article:published_time":"2026-03-19T20:57:02+00:00","article:modified_time":"2026-03-19T20:57:02+00:00","article:publisher":"https:\/\/www.facebook.com\/Nachofdezber","article:author":"https:\/\/www.facebook.com\/carrenoactualidad","twitter:card":"summary_large_image","twitter:site":"@NabercoDigital","twitter:title":"Retos invisibles al crecer en una empresa consolidada | Cand\u00e1s 365","twitter:description":"El crecimiento suele percibirse como una se\u00f1al clara de \u00e9xito en una empresa. M\u00e1s clientes, m\u00e1s ingresos, m\u00e1s actividad. Sin embargo, en paralelo","twitter:creator":"@nbasturias","twitter:image":"https:\/\/candas365.es\/noticias\/wp-content\/uploads\/2026\/03\/Retos-invisibles-al-crecer-en-una-empresa-consolidada.jpg","twitter:label1":"Escrito por","twitter:data1":"Cand\u00e1s 365","twitter:label2":"Tiempo de lectura estimado","twitter:data2":"4 minutos"},"aioseo_meta_data":{"post_id":"193134","title":null,"description":"El crecimiento suele percibirse como una se\u00f1al clara de \u00e9xito en una empresa. M\u00e1s clientes, m\u00e1s ingresos, m\u00e1s actividad. Sin embargo, en paralelo","keywords":null,"keyphrases":{"focus":{"keyphrase":"empresa","score":91,"analysis":{"keyphraseInTitle":{"score":9,"maxScore":9,"error":0},"keyphraseInDescription":{"score":9,"maxScore":9,"error":0},"keyphraseLength":{"score":9,"maxScore":9,"error":0,"length":1},"keyphraseInURL":{"score":5,"maxScore":5,"error":0},"keyphraseInIntroduction":{"score":9,"maxScore":9,"error":0},"keyphraseInSubHeadings":{"score":3,"maxScore":9,"error":1},"keyphraseInImageAlt":{"score":9,"maxScore":9,"error":0},"keywordDensity":{"type":"best","score":9,"maxScore":9,"error":0}}},"additional":[{"keyphrase":"crecimiento","score":87,"analysis":{"keyphraseInDescription":{"score":9,"maxScore":9,"error":0},"keyphraseLength":{"score":9,"maxScore":9,"error":0,"length":1},"keyphraseInIntroduction":{"score":9,"maxScore":9,"error":0},"keyphraseInImageAlt":{"score":3,"maxScore":9,"error":1},"keywordDensity":{"type":"best","score":9,"maxScore":9,"error":0}}}]},"primary_term":null,"canonical_url":null,"og_title":null,"og_description":null,"og_object_type":"default","og_image_type":"default","og_image_url":null,"og_image_width":null,"og_image_height":null,"og_image_custom_url":null,"og_image_custom_fields":null,"og_video":"","og_custom_url":null,"og_article_section":null,"og_article_tags":null,"twitter_use_og":false,"twitter_card":"default","twitter_image_type":"default","twitter_image_url":null,"twitter_image_custom_url":null,"twitter_image_custom_fields":null,"twitter_title":null,"twitter_description":null,"schema":{"blockGraphs":[],"customGraphs":[],"default":{"data":{"Article":[],"Course":[],"Dataset":[],"FAQPage":[],"Movie":[],"Person":[],"Product":[],"ProductReview":[],"Car":[],"Recipe":[],"Service":[],"SoftwareApplication":[],"WebPage":[]},"graphName":"NewsArticle","isEnabled":true},"graphs":[]},"schema_type":"default","schema_type_options":null,"pillar_content":false,"robots_default":true,"robots_noindex":false,"robots_noarchive":false,"robots_nosnippet":false,"robots_nofollow":false,"robots_noimageindex":false,"robots_noodp":false,"robots_notranslate":false,"robots_max_snippet":"-1","robots_max_videopreview":"-1","robots_max_imagepreview":"large","priority":null,"frequency":"default","location":null,"local_seo":null,"seo_analyzer_scan_date":"2026-03-19 21:05:26","breadcrumb_settings":null,"limit_modified_date":false,"reviewed_by":null,"open_ai":null,"ai":{"faqs":[],"keyPoints":[],"titles":[],"descriptions":[],"socialPosts":{"email":[],"linkedin":[],"twitter":[],"facebook":[],"instagram":[]}},"created":"2026-03-19 20:49:31","updated":"2026-03-19 21:08:11"},"aioseo_breadcrumb":"<div class=\"aioseo-breadcrumbs\"><span class=\"aioseo-breadcrumb\">\n\t<a href=\"https:\/\/candas365.es\/noticias\" title=\"Home\">Home<\/a>\n<\/span><span class=\"aioseo-breadcrumb-separator\">&ndash;<\/span><span class=\"aioseo-breadcrumb\">\n\t<a href=\"https:\/\/candas365.es\/noticias\/category\/canal-empresas\/\" title=\"Canal Empresas\">Canal Empresas<\/a>\n<\/span><span class=\"aioseo-breadcrumb-separator\">&ndash;<\/span><span class=\"aioseo-breadcrumb\">\n\tRetos invisibles al crecer en una empresa consolidada\n<\/span><\/div>","aioseo_breadcrumb_json":[{"label":"Home","link":"https:\/\/candas365.es\/noticias"},{"label":"Canal Empresas","link":"https:\/\/candas365.es\/noticias\/category\/canal-empresas\/"},{"label":"Retos invisibles al crecer en una empresa consolidada","link":"https:\/\/candas365.es\/noticias\/retos-invisibles-al-crecer-en-una-empresa-consolidada\/"}],"_links":{"self":[{"href":"https:\/\/candas365.es\/noticias\/wp-json\/wp\/v2\/posts\/193134","targetHints":{"allow":["GET"]}}],"collection":[{"href":"https:\/\/candas365.es\/noticias\/wp-json\/wp\/v2\/posts"}],"about":[{"href":"https:\/\/candas365.es\/noticias\/wp-json\/wp\/v2\/types\/post"}],"author":[{"embeddable":true,"href":"https:\/\/candas365.es\/noticias\/wp-json\/wp\/v2\/users\/1"}],"replies":[{"embeddable":true,"href":"https:\/\/candas365.es\/noticias\/wp-json\/wp\/v2\/comments?post=193134"}],"version-history":[{"count":0,"href":"https:\/\/candas365.es\/noticias\/wp-json\/wp\/v2\/posts\/193134\/revisions"}],"wp:featuredmedia":[{"embeddable":true,"href":"https:\/\/candas365.es\/noticias\/wp-json\/wp\/v2\/media\/193135"}],"wp:attachment":[{"href":"https:\/\/candas365.es\/noticias\/wp-json\/wp\/v2\/media?parent=193134"}],"wp:term":[{"taxonomy":"category","embeddable":true,"href":"https:\/\/candas365.es\/noticias\/wp-json\/wp\/v2\/categories?post=193134"},{"taxonomy":"post_tag","embeddable":true,"href":"https:\/\/candas365.es\/noticias\/wp-json\/wp\/v2\/tags?post=193134"}],"curies":[{"name":"wp","href":"https:\/\/api.w.org\/{rel}","templated":true}]}}