{"id":192802,"date":"2026-03-12T21:01:08","date_gmt":"2026-03-12T20:01:08","guid":{"rendered":"https:\/\/candas365.es\/noticias\/?p=192802"},"modified":"2026-03-12T21:01:08","modified_gmt":"2026-03-12T20:01:08","slug":"bmw-sufre-una-caida-minima-de-beneficios-en-2025","status":"publish","type":"post","link":"https:\/\/candas365.es\/noticias\/bmw-sufre-una-caida-minima-de-beneficios-en-2025\/","title":{"rendered":"BMW sufre una ca\u00edda m\u00ednima de beneficios en 2025"},"content":{"rendered":"<p>M\u00fanich, 12 mar (<a href=\"https:\/\/www.dpa-news.de\/\" target=\"_blank\" rel=\"noopener\"><span style=\"color: #ff6600;\"><strong>dpa<\/strong><\/span><\/a>) &#8211; El fabricante alem\u00e1n de autom\u00f3viles BMW sufri\u00f3 en 2025 una ca\u00edda de beneficios de alrededor de un 3 %, menor de lo esperado y por tanto menos grave que la de sus rivales nacionales, inform\u00f3 hoy la compa\u00f1\u00eda.<\/p>\n<figure id=\"attachment_192803\" aria-describedby=\"caption-attachment-192803\" style=\"width: 650px\" class=\"wp-caption aligncenter\"><img fetchpriority=\"high\" decoding=\"async\" class=\"size-large wp-image-192803\" src=\"https:\/\/candas365.es\/noticias\/wp-content\/uploads\/2026\/03\/BMW-sufre-una-caida-minima-de-beneficios-en-2025-650x450.jpg\" alt=\"BMW sufre una ca\u00edda m\u00ednima de beneficios en 2025\" width=\"650\" height=\"450\" srcset=\"https:\/\/candas365.es\/noticias\/wp-content\/uploads\/2026\/03\/BMW-sufre-una-caida-minima-de-beneficios-en-2025-650x450.jpg 650w, https:\/\/candas365.es\/noticias\/wp-content\/uploads\/2026\/03\/BMW-sufre-una-caida-minima-de-beneficios-en-2025-360x249.jpg 360w, https:\/\/candas365.es\/noticias\/wp-content\/uploads\/2026\/03\/BMW-sufre-una-caida-minima-de-beneficios-en-2025-768x532.jpg 768w, https:\/\/candas365.es\/noticias\/wp-content\/uploads\/2026\/03\/BMW-sufre-una-caida-minima-de-beneficios-en-2025-150x104.jpg 150w, https:\/\/candas365.es\/noticias\/wp-content\/uploads\/2026\/03\/BMW-sufre-una-caida-minima-de-beneficios-en-2025-450x312.jpg 450w, https:\/\/candas365.es\/noticias\/wp-content\/uploads\/2026\/03\/BMW-sufre-una-caida-minima-de-beneficios-en-2025-1200x831.jpg 1200w, https:\/\/candas365.es\/noticias\/wp-content\/uploads\/2026\/03\/BMW-sufre-una-caida-minima-de-beneficios-en-2025.jpg 1224w\" sizes=\"(max-width: 650px) 100vw, 650px\" \/><figcaption id=\"caption-attachment-192803\" class=\"wp-caption-text\">El CEO de BMW, Oliver Zipse, presenta el nuevo modelo iX3 en la feria IAA Mobility de M\u00fanich. Foto: Sven Hoppe\/dpa<\/figcaption><\/figure>\n<p>El beneficio neto se situ\u00f3 justo por debajo de los 7.500 millones de euros (8.700 millones de d\u00f3lares), seg\u00fan la empresa, superando las expectativas de los analistas, que lo situaban por debajo de los 7.000 millones de euros. Los ingresos disminuyeron un 6,3 %, hasta los 133.000 millones de euros.<\/p>\n<p>Las perspectivas para 2026 son pese a todo negativas, de acuerdo con la compa\u00f1\u00eda: a pesar de la estabilidad de las entregas, BMW prev\u00e9 que su beneficio antes de impuestos disminuya moderadamente a causa de las presiones de los aranceles, las fluctuaciones monetarias y el aumento de los costes de las materias primas.<\/p>\n<p>Hasta ahora, BMW ha capeado mejor que sus principales competidores alemanes la recesi\u00f3n generalizada de la industria automotriz germana. Aunque la empresa con sede en M\u00fanich registr\u00f3 su tercera ca\u00edda anual consecutiva de beneficios, sus rivales Mercedes-Benz y Volkswagen vieron c\u00f3mo sus beneficios se reduc\u00edan casi a la mitad el a\u00f1o pasado.<\/p>\n<p>Estos resultados sit\u00faan a BMW a la cabeza de la clasificaci\u00f3n en cuanto a las ganancias entre los principales <a href=\"https:\/\/candas365.es\/noticias\/category\/canal-empresas\/\"><span style=\"color: #ff6600;\"><strong>fabricantes de autom\u00f3viles alemanes<\/strong><\/span><\/a>. Mercedes-Benz registr\u00f3 un beneficio neto de 5.300 millones de euros en 2025, mientras que el grupo Volkswagen, mucho m\u00e1s grande, obtuvo 6.900 millones de euros.<\/p>\n<h1>Sin recortes de empleo de momento<\/h1>\n<p>Mientras que otros fabricantes alemanes han anunciado recortes de empleo, BMW ha evitado hasta ahora despidos importantes.<\/p>\n<p>Una ventaja para la empresa es su gran planta de fabricaci\u00f3n en Estados Unidos, que la protege en parte de los aranceles impuestos por el Gobierno de Donald Trump. BMW produjo all\u00ed alrededor de 413.000 veh\u00edculos el a\u00f1o pasado, m\u00e1s de la mitad de los cuales se quedaron en el mercado estadounidense. La empresa tuvo que importar as\u00ed menos de la mitad de los coches que vende en Estados Unidos.<\/p>\n<p>BMW tambi\u00e9n se ha beneficiado de unas l\u00edneas de producci\u00f3n flexibles capaces de montar veh\u00edculos el\u00e9ctricos, h\u00edbridos y de combusti\u00f3n en la misma l\u00ednea, lo que le ha ayudado a gestionar la incertidumbre en torno al ritmo de la transici\u00f3n a la movilidad el\u00e9ctrica.<\/p>\n<h2>El fin de la era Zipse<\/h2>\n<p>\u00abEn los \u00faltimos a\u00f1os nos hemos posicionado estrat\u00e9gicamente de forma acertada. Hoy nos beneficiamos de ello: no tenemos que cambiar de rumbo en un entorno dif\u00edcil, sino que podemos mantener nuestro rumbo y seguir aplicando nuestra estrategia de forma coherente\u00bb, declar\u00f3 el CEO, Oliver Zipse.<\/p>\n<p>Y agreg\u00f3: \u00abHemos realizado importantes inversiones y hemos creado el marco operativo adecuado para seguir cosechando \u00e9xitos\u00bb.<\/p>\n<p>Los resultados anuales son los \u00faltimos supervisados por Zipse, que deja el cargo. Su sucesor designado, Milan Nedeljkovic, asumir\u00e1 el puesto el 14 de mayo.<\/p>\n<p>Nedeljkovic ocupa actualmente el cargo de director de producci\u00f3n de BMW, funci\u00f3n que tambi\u00e9n desempe\u00f1\u00f3 Zipse antes de convertirse en director ejecutivo.<\/p>\n<p>De hecho, el directivo lleva ya bastante tiempo trabajando en el proyecto m\u00e1s importante de Zipse, que determinar\u00e1 el futuro de BMW en los pr\u00f3ximos a\u00f1os: una nueva clase, cuyo primer representante, el iX3, se present\u00f3 el a\u00f1o pasado y lleva unos d\u00edas en los concesionarios.<\/p>\n<p>Hasta ahora, ha tenido un buen comienzo. Ante el gran n\u00famero de pedidos, BMW ya introdujo en enero un turno adicional en la producci\u00f3n. Adem\u00e1s, la empresa de M\u00fanich quiere presentar en breve el pr\u00f3ximo coche de la Nueva Clase, el i3, es decir, la versi\u00f3n el\u00e9ctrica del Serie 3, en un segmento de volumen fundamental para la empresa de M\u00fanich.<\/p>\n","protected":false},"excerpt":{"rendered":"<p>M\u00fanich, 12 mar (dpa) &#8211; El fabricante alem\u00e1n de autom\u00f3viles BMW sufri\u00f3 en 2025 una ca\u00edda de beneficios de alrededor de un 3 %, menor de lo esperado y por tanto menos grave que la de sus rivales nacionales, inform\u00f3 hoy la compa\u00f1\u00eda. El beneficio neto se situ\u00f3 justo por debajo de los 7.500 millones<\/p>\n","protected":false},"author":1,"featured_media":192803,"comment_status":"closed","ping_status":"closed","sticky":false,"template":"","format":"standard","meta":{"footnotes":""},"categories":[151],"tags":[383],"class_list":{"0":"post-192802","1":"post","2":"type-post","3":"status-publish","4":"format-standard","5":"has-post-thumbnail","7":"category-canal-empresas","8":"tag-empresas"},"aioseo_notices":[],"aioseo_head":"\n\t\t<!-- All in One SEO Pro 4.9.6.2 - aioseo.com -->\n\t<meta name=\"description\" content=\"M\u00fanich, 12 mar (dpa) - El fabricante alem\u00e1n de autom\u00f3viles BMW sufri\u00f3 en 2025 una ca\u00edda de beneficios de alrededor de un 3 %, menor de lo esperado\" \/>\n\t<meta name=\"robots\" content=\"max-image-preview:large\" \/>\n\t<meta name=\"author\" content=\"Cand\u00e1s 365\"\/>\n\t<meta name=\"google-site-verification\" content=\"UA-32230408-1\" \/>\n\t<meta name=\"msvalidate.01\" content=\"354F3CDFB2DA171B47FBE9ABF1F88D5\" \/>\n\t<meta name=\"keywords\" content=\"canal empresas\" \/>\n\t<link rel=\"canonical\" href=\"https:\/\/candas365.es\/noticias\/bmw-sufre-una-caida-minima-de-beneficios-en-2025\/\" \/>\n\t<meta name=\"generator\" content=\"All in One SEO Pro (AIOSEO) 4.9.6.2\" \/>\n\t\t<meta property=\"og:locale\" content=\"es_ES\" \/>\n\t\t<meta property=\"og:site_name\" content=\"Cand\u00e1s 365\" \/>\n\t\t<meta property=\"og:type\" content=\"article\" \/>\n\t\t<meta property=\"og:title\" content=\"BMW sufre una ca\u00edda m\u00ednima de beneficios en 2025 | Cand\u00e1s 365\" \/>\n\t\t<meta property=\"og:description\" content=\"M\u00fanich, 12 mar (dpa) - El fabricante alem\u00e1n de autom\u00f3viles BMW sufri\u00f3 en 2025 una ca\u00edda de beneficios de alrededor de un 3 %, menor de lo esperado\" \/>\n\t\t<meta property=\"og:url\" content=\"https:\/\/candas365.es\/noticias\/bmw-sufre-una-caida-minima-de-beneficios-en-2025\/\" \/>\n\t\t<meta property=\"og:image\" content=\"https:\/\/candas365.es\/noticias\/wp-content\/uploads\/2026\/03\/BMW-sufre-una-caida-minima-de-beneficios-en-2025.jpg\" \/>\n\t\t<meta property=\"og:image:secure_url\" content=\"https:\/\/candas365.es\/noticias\/wp-content\/uploads\/2026\/03\/BMW-sufre-una-caida-minima-de-beneficios-en-2025.jpg\" \/>\n\t\t<meta property=\"og:image:width\" content=\"1224\" \/>\n\t\t<meta property=\"og:image:height\" content=\"848\" \/>\n\t\t<meta property=\"article:published_time\" content=\"2026-03-12T20:01:08+00:00\" \/>\n\t\t<meta property=\"article:modified_time\" content=\"2026-03-12T20:01:08+00:00\" \/>\n\t\t<meta property=\"article:publisher\" content=\"https:\/\/www.facebook.com\/Nachofdezber\" \/>\n\t\t<meta property=\"article:author\" content=\"https:\/\/www.facebook.com\/carrenoactualidad\" \/>\n\t\t<meta name=\"twitter:card\" content=\"summary_large_image\" \/>\n\t\t<meta name=\"twitter:site\" content=\"@NabercoDigital\" \/>\n\t\t<meta name=\"twitter:title\" content=\"BMW sufre una ca\u00edda m\u00ednima de beneficios en 2025 | Cand\u00e1s 365\" \/>\n\t\t<meta name=\"twitter:description\" content=\"M\u00fanich, 12 mar (dpa) - El fabricante alem\u00e1n de autom\u00f3viles BMW sufri\u00f3 en 2025 una ca\u00edda de beneficios de alrededor de un 3 %, menor de lo esperado\" \/>\n\t\t<meta name=\"twitter:creator\" content=\"@nbasturias\" \/>\n\t\t<meta name=\"twitter:image\" content=\"https:\/\/candas365.es\/noticias\/wp-content\/uploads\/2026\/03\/BMW-sufre-una-caida-minima-de-beneficios-en-2025.jpg\" \/>\n\t\t<meta name=\"twitter:label1\" content=\"Escrito por\" \/>\n\t\t<meta name=\"twitter:data1\" content=\"Cand\u00e1s 365\" \/>\n\t\t<meta name=\"twitter:label2\" content=\"Tiempo de lectura estimado\" \/>\n\t\t<meta name=\"twitter:data2\" content=\"3 minutos\" \/>\n\t\t<script type=\"application\/ld+json\" class=\"aioseo-schema\">\n\t\t\t{\"@context\":\"https:\\\/\\\/schema.org\",\"@graph\":[{\"@type\":\"BreadcrumbList\",\"@id\":\"https:\\\/\\\/candas365.es\\\/noticias\\\/bmw-sufre-una-caida-minima-de-beneficios-en-2025\\\/#breadcrumblist\",\"itemListElement\":[{\"@type\":\"ListItem\",\"@id\":\"https:\\\/\\\/candas365.es\\\/noticias#listItem\",\"position\":1,\"name\":\"Home\",\"item\":\"https:\\\/\\\/candas365.es\\\/noticias\",\"nextItem\":{\"@type\":\"ListItem\",\"@id\":\"https:\\\/\\\/candas365.es\\\/noticias\\\/category\\\/canal-empresas\\\/#listItem\",\"name\":\"Canal Empresas\"}},{\"@type\":\"ListItem\",\"@id\":\"https:\\\/\\\/candas365.es\\\/noticias\\\/category\\\/canal-empresas\\\/#listItem\",\"position\":2,\"name\":\"Canal Empresas\",\"item\":\"https:\\\/\\\/candas365.es\\\/noticias\\\/category\\\/canal-empresas\\\/\",\"nextItem\":{\"@type\":\"ListItem\",\"@id\":\"https:\\\/\\\/candas365.es\\\/noticias\\\/bmw-sufre-una-caida-minima-de-beneficios-en-2025\\\/#listItem\",\"name\":\"BMW sufre una ca\\u00edda m\\u00ednima de beneficios en 2025\"},\"previousItem\":{\"@type\":\"ListItem\",\"@id\":\"https:\\\/\\\/candas365.es\\\/noticias#listItem\",\"name\":\"Home\"}},{\"@type\":\"ListItem\",\"@id\":\"https:\\\/\\\/candas365.es\\\/noticias\\\/bmw-sufre-una-caida-minima-de-beneficios-en-2025\\\/#listItem\",\"position\":3,\"name\":\"BMW sufre una ca\\u00edda m\\u00ednima de beneficios en 2025\",\"previousItem\":{\"@type\":\"ListItem\",\"@id\":\"https:\\\/\\\/candas365.es\\\/noticias\\\/category\\\/canal-empresas\\\/#listItem\",\"name\":\"Canal Empresas\"}}]},{\"@type\":\"NewsArticle\",\"@id\":\"https:\\\/\\\/candas365.es\\\/noticias\\\/bmw-sufre-una-caida-minima-de-beneficios-en-2025\\\/#newsarticle\",\"name\":\"BMW sufre una ca\\u00edda m\\u00ednima de beneficios en 2025 | Cand\\u00e1s 365\",\"headline\":\"BMW sufre una ca\\u00edda m\\u00ednima de beneficios en 2025\",\"author\":{\"@id\":\"https:\\\/\\\/candas365.es\\\/noticias\\\/author\\\/admin\\\/#author\"},\"publisher\":{\"@id\":\"https:\\\/\\\/candas365.es\\\/noticias\\\/#organization\"},\"image\":{\"@type\":\"ImageObject\",\"url\":\"https:\\\/\\\/candas365.es\\\/noticias\\\/wp-content\\\/uploads\\\/2026\\\/03\\\/BMW-sufre-una-caida-minima-de-beneficios-en-2025.jpg\",\"width\":1224,\"height\":848,\"caption\":\"El CEO de BMW, Oliver Zipse, presenta el nuevo modelo iX3 en la feria IAA Mobility de M\\u00fanich. Foto: Sven Hoppe\\\/dpa\"},\"datePublished\":\"2026-03-12T21:01:08+01:00\",\"dateModified\":\"2026-03-12T21:01:08+01:00\",\"inLanguage\":\"es-ES\",\"mainEntityOfPage\":{\"@id\":\"https:\\\/\\\/candas365.es\\\/noticias\\\/bmw-sufre-una-caida-minima-de-beneficios-en-2025\\\/#webpage\"},\"isPartOf\":{\"@id\":\"https:\\\/\\\/candas365.es\\\/noticias\\\/bmw-sufre-una-caida-minima-de-beneficios-en-2025\\\/#webpage\"},\"articleSection\":\"Canal Empresas, empresas\",\"dateline\":\"Publicado el marzo 12, 2026.\"},{\"@type\":\"Organization\",\"@id\":\"https:\\\/\\\/candas365.es\\\/noticias\\\/#organization\",\"name\":\"Cand\\u00e1s 365\",\"description\":\"Cand\\u00e1s 365 es un diario digital independiente, fundado en 2012, con base en Asturias. Informamos con rigor sobre actualidad, sociedad, cultura y ocio, con una mirada local y global.\",\"url\":\"https:\\\/\\\/candas365.es\\\/noticias\\\/\",\"email\":\"info@candas365.es\",\"telephone\":\"+34652131393\",\"foundingDate\":\"2012-06-10\",\"logo\":{\"@type\":\"ImageObject\",\"url\":\"https:\\\/\\\/candas365.es\\\/noticias\\\/wp-content\\\/uploads\\\/2024\\\/09\\\/Candas-365-Redes.jpg\",\"@id\":\"https:\\\/\\\/candas365.es\\\/noticias\\\/bmw-sufre-una-caida-minima-de-beneficios-en-2025\\\/#organizationLogo\",\"width\":1152,\"height\":864,\"caption\":\"Cand\\u00e1s 365 Redes\"},\"image\":{\"@id\":\"https:\\\/\\\/candas365.es\\\/noticias\\\/bmw-sufre-una-caida-minima-de-beneficios-en-2025\\\/#organizationLogo\"},\"sameAs\":[\"https:\\\/\\\/www.facebook.com\\\/Nachofdezber\",\"https:\\\/\\\/x.com\\\/NabercoDigital\",\"https:\\\/\\\/www.instagram.com\\\/nachofdezber\\\/\",\"https:\\\/\\\/www.youtube.com\\\/channel\\\/UCZP-2wLEB9Rv6erhFmqVnvg\"],\"address\":{\"@id\":\"https:\\\/\\\/candas365.es\\\/noticias\\\/#postaladdress\",\"@type\":\"PostalAddress\",\"streetAddress\":\"san antonio 4, san antonio 4\",\"postalCode\":\"33430\",\"addressLocality\":\"Cand\\u00e1s\",\"addressRegion\":\"Asturias\",\"addressCountry\":\"ES\"}},{\"@type\":\"Person\",\"@id\":\"https:\\\/\\\/candas365.es\\\/noticias\\\/author\\\/admin\\\/#author\",\"url\":\"https:\\\/\\\/candas365.es\\\/noticias\\\/author\\\/admin\\\/\",\"name\":\"Cand\\u00e1s 365\",\"image\":{\"@type\":\"ImageObject\",\"@id\":\"https:\\\/\\\/candas365.es\\\/noticias\\\/bmw-sufre-una-caida-minima-de-beneficios-en-2025\\\/#authorImage\",\"url\":\"https:\\\/\\\/secure.gravatar.com\\\/avatar\\\/496a8e03d0c493ede1718b7934145dbdf8d89be1036b0eec9544e1094c9de390?s=96&d=mm&r=g\",\"width\":96,\"height\":96,\"caption\":\"Cand\\u00e1s 365\"},\"sameAs\":[\"https:\\\/\\\/www.facebook.com\\\/carrenoactualidad\",\"https:\\\/\\\/twitter.com\\\/nbasturias\",\"https:\\\/\\\/www.instagram.com\\\/nachofdezber\\\/\",\"https:\\\/\\\/www.youtube.com\\\/channel\\\/UCZP-2wLEB9Rv6erhFmqVnvg\"]},{\"@type\":\"WebPage\",\"@id\":\"https:\\\/\\\/candas365.es\\\/noticias\\\/bmw-sufre-una-caida-minima-de-beneficios-en-2025\\\/#webpage\",\"url\":\"https:\\\/\\\/candas365.es\\\/noticias\\\/bmw-sufre-una-caida-minima-de-beneficios-en-2025\\\/\",\"name\":\"BMW sufre una ca\\u00edda m\\u00ednima de beneficios en 2025 | Cand\\u00e1s 365\",\"description\":\"M\\u00fanich, 12 mar (dpa) - El fabricante alem\\u00e1n de autom\\u00f3viles BMW sufri\\u00f3 en 2025 una ca\\u00edda de beneficios de alrededor de un 3 %, menor de lo esperado\",\"inLanguage\":\"es-ES\",\"isPartOf\":{\"@id\":\"https:\\\/\\\/candas365.es\\\/noticias\\\/#website\"},\"breadcrumb\":{\"@id\":\"https:\\\/\\\/candas365.es\\\/noticias\\\/bmw-sufre-una-caida-minima-de-beneficios-en-2025\\\/#breadcrumblist\"},\"author\":{\"@id\":\"https:\\\/\\\/candas365.es\\\/noticias\\\/author\\\/admin\\\/#author\"},\"creator\":{\"@id\":\"https:\\\/\\\/candas365.es\\\/noticias\\\/author\\\/admin\\\/#author\"},\"image\":{\"@type\":\"ImageObject\",\"url\":\"https:\\\/\\\/candas365.es\\\/noticias\\\/wp-content\\\/uploads\\\/2026\\\/03\\\/BMW-sufre-una-caida-minima-de-beneficios-en-2025.jpg\",\"@id\":\"https:\\\/\\\/candas365.es\\\/noticias\\\/bmw-sufre-una-caida-minima-de-beneficios-en-2025\\\/#mainImage\",\"width\":1224,\"height\":848,\"caption\":\"El CEO de BMW, Oliver Zipse, presenta el nuevo modelo iX3 en la feria IAA Mobility de M\\u00fanich. Foto: Sven Hoppe\\\/dpa\"},\"primaryImageOfPage\":{\"@id\":\"https:\\\/\\\/candas365.es\\\/noticias\\\/bmw-sufre-una-caida-minima-de-beneficios-en-2025\\\/#mainImage\"},\"datePublished\":\"2026-03-12T21:01:08+01:00\",\"dateModified\":\"2026-03-12T21:01:08+01:00\"},{\"@type\":\"WebSite\",\"@id\":\"https:\\\/\\\/candas365.es\\\/noticias\\\/#website\",\"url\":\"https:\\\/\\\/candas365.es\\\/noticias\\\/\",\"name\":\"Cand\\u00e1s 365\",\"alternateName\":\"Cand\\u00e1s 365 Noticias\",\"description\":\"Actualidad desde Carre\\u00f1o para el mundo\",\"inLanguage\":\"es-ES\",\"publisher\":{\"@id\":\"https:\\\/\\\/candas365.es\\\/noticias\\\/#organization\"}}]}\n\t\t<\/script>\n\t\t<!-- All in One SEO Pro -->\r\n\t\t<title>BMW sufre una ca\u00edda m\u00ednima de beneficios en 2025 | Cand\u00e1s 365<\/title>\n\n","aioseo_head_json":{"title":"BMW sufre una ca\u00edda m\u00ednima de beneficios en 2025 | Cand\u00e1s 365","description":"M\u00fanich, 12 mar (dpa) - El fabricante alem\u00e1n de autom\u00f3viles BMW sufri\u00f3 en 2025 una ca\u00edda de beneficios de alrededor de un 3 %, menor de lo esperado","canonical_url":"https:\/\/candas365.es\/noticias\/bmw-sufre-una-caida-minima-de-beneficios-en-2025\/","robots":"max-image-preview:large","keywords":"canal empresas","webmasterTools":{"google-site-verification":"UA-32230408-1","msvalidate.01":"354F3CDFB2DA171B47FBE9ABF1F88D5","miscellaneous":""},"schema":{"@context":"https:\/\/schema.org","@graph":[{"@type":"BreadcrumbList","@id":"https:\/\/candas365.es\/noticias\/bmw-sufre-una-caida-minima-de-beneficios-en-2025\/#breadcrumblist","itemListElement":[{"@type":"ListItem","@id":"https:\/\/candas365.es\/noticias#listItem","position":1,"name":"Home","item":"https:\/\/candas365.es\/noticias","nextItem":{"@type":"ListItem","@id":"https:\/\/candas365.es\/noticias\/category\/canal-empresas\/#listItem","name":"Canal Empresas"}},{"@type":"ListItem","@id":"https:\/\/candas365.es\/noticias\/category\/canal-empresas\/#listItem","position":2,"name":"Canal Empresas","item":"https:\/\/candas365.es\/noticias\/category\/canal-empresas\/","nextItem":{"@type":"ListItem","@id":"https:\/\/candas365.es\/noticias\/bmw-sufre-una-caida-minima-de-beneficios-en-2025\/#listItem","name":"BMW sufre una ca\u00edda m\u00ednima de beneficios en 2025"},"previousItem":{"@type":"ListItem","@id":"https:\/\/candas365.es\/noticias#listItem","name":"Home"}},{"@type":"ListItem","@id":"https:\/\/candas365.es\/noticias\/bmw-sufre-una-caida-minima-de-beneficios-en-2025\/#listItem","position":3,"name":"BMW sufre una ca\u00edda m\u00ednima de beneficios en 2025","previousItem":{"@type":"ListItem","@id":"https:\/\/candas365.es\/noticias\/category\/canal-empresas\/#listItem","name":"Canal Empresas"}}]},{"@type":"NewsArticle","@id":"https:\/\/candas365.es\/noticias\/bmw-sufre-una-caida-minima-de-beneficios-en-2025\/#newsarticle","name":"BMW sufre una ca\u00edda m\u00ednima de beneficios en 2025 | Cand\u00e1s 365","headline":"BMW sufre una ca\u00edda m\u00ednima de beneficios en 2025","author":{"@id":"https:\/\/candas365.es\/noticias\/author\/admin\/#author"},"publisher":{"@id":"https:\/\/candas365.es\/noticias\/#organization"},"image":{"@type":"ImageObject","url":"https:\/\/candas365.es\/noticias\/wp-content\/uploads\/2026\/03\/BMW-sufre-una-caida-minima-de-beneficios-en-2025.jpg","width":1224,"height":848,"caption":"El CEO de BMW, Oliver Zipse, presenta el nuevo modelo iX3 en la feria IAA Mobility de M\u00fanich. Foto: Sven Hoppe\/dpa"},"datePublished":"2026-03-12T21:01:08+01:00","dateModified":"2026-03-12T21:01:08+01:00","inLanguage":"es-ES","mainEntityOfPage":{"@id":"https:\/\/candas365.es\/noticias\/bmw-sufre-una-caida-minima-de-beneficios-en-2025\/#webpage"},"isPartOf":{"@id":"https:\/\/candas365.es\/noticias\/bmw-sufre-una-caida-minima-de-beneficios-en-2025\/#webpage"},"articleSection":"Canal Empresas, empresas","dateline":"Publicado el marzo 12, 2026."},{"@type":"Organization","@id":"https:\/\/candas365.es\/noticias\/#organization","name":"Cand\u00e1s 365","description":"Cand\u00e1s 365 es un diario digital independiente, fundado en 2012, con base en Asturias. Informamos con rigor sobre actualidad, sociedad, cultura y ocio, con una mirada local y global.","url":"https:\/\/candas365.es\/noticias\/","email":"info@candas365.es","telephone":"+34652131393","foundingDate":"2012-06-10","logo":{"@type":"ImageObject","url":"https:\/\/candas365.es\/noticias\/wp-content\/uploads\/2024\/09\/Candas-365-Redes.jpg","@id":"https:\/\/candas365.es\/noticias\/bmw-sufre-una-caida-minima-de-beneficios-en-2025\/#organizationLogo","width":1152,"height":864,"caption":"Cand\u00e1s 365 Redes"},"image":{"@id":"https:\/\/candas365.es\/noticias\/bmw-sufre-una-caida-minima-de-beneficios-en-2025\/#organizationLogo"},"sameAs":["https:\/\/www.facebook.com\/Nachofdezber","https:\/\/x.com\/NabercoDigital","https:\/\/www.instagram.com\/nachofdezber\/","https:\/\/www.youtube.com\/channel\/UCZP-2wLEB9Rv6erhFmqVnvg"],"address":{"@id":"https:\/\/candas365.es\/noticias\/#postaladdress","@type":"PostalAddress","streetAddress":"san antonio 4, san antonio 4","postalCode":"33430","addressLocality":"Cand\u00e1s","addressRegion":"Asturias","addressCountry":"ES"}},{"@type":"Person","@id":"https:\/\/candas365.es\/noticias\/author\/admin\/#author","url":"https:\/\/candas365.es\/noticias\/author\/admin\/","name":"Cand\u00e1s 365","image":{"@type":"ImageObject","@id":"https:\/\/candas365.es\/noticias\/bmw-sufre-una-caida-minima-de-beneficios-en-2025\/#authorImage","url":"https:\/\/secure.gravatar.com\/avatar\/496a8e03d0c493ede1718b7934145dbdf8d89be1036b0eec9544e1094c9de390?s=96&d=mm&r=g","width":96,"height":96,"caption":"Cand\u00e1s 365"},"sameAs":["https:\/\/www.facebook.com\/carrenoactualidad","https:\/\/twitter.com\/nbasturias","https:\/\/www.instagram.com\/nachofdezber\/","https:\/\/www.youtube.com\/channel\/UCZP-2wLEB9Rv6erhFmqVnvg"]},{"@type":"WebPage","@id":"https:\/\/candas365.es\/noticias\/bmw-sufre-una-caida-minima-de-beneficios-en-2025\/#webpage","url":"https:\/\/candas365.es\/noticias\/bmw-sufre-una-caida-minima-de-beneficios-en-2025\/","name":"BMW sufre una ca\u00edda m\u00ednima de beneficios en 2025 | Cand\u00e1s 365","description":"M\u00fanich, 12 mar (dpa) - El fabricante alem\u00e1n de autom\u00f3viles BMW sufri\u00f3 en 2025 una ca\u00edda de beneficios de alrededor de un 3 %, menor de lo esperado","inLanguage":"es-ES","isPartOf":{"@id":"https:\/\/candas365.es\/noticias\/#website"},"breadcrumb":{"@id":"https:\/\/candas365.es\/noticias\/bmw-sufre-una-caida-minima-de-beneficios-en-2025\/#breadcrumblist"},"author":{"@id":"https:\/\/candas365.es\/noticias\/author\/admin\/#author"},"creator":{"@id":"https:\/\/candas365.es\/noticias\/author\/admin\/#author"},"image":{"@type":"ImageObject","url":"https:\/\/candas365.es\/noticias\/wp-content\/uploads\/2026\/03\/BMW-sufre-una-caida-minima-de-beneficios-en-2025.jpg","@id":"https:\/\/candas365.es\/noticias\/bmw-sufre-una-caida-minima-de-beneficios-en-2025\/#mainImage","width":1224,"height":848,"caption":"El CEO de BMW, Oliver Zipse, presenta el nuevo modelo iX3 en la feria IAA Mobility de M\u00fanich. Foto: Sven Hoppe\/dpa"},"primaryImageOfPage":{"@id":"https:\/\/candas365.es\/noticias\/bmw-sufre-una-caida-minima-de-beneficios-en-2025\/#mainImage"},"datePublished":"2026-03-12T21:01:08+01:00","dateModified":"2026-03-12T21:01:08+01:00"},{"@type":"WebSite","@id":"https:\/\/candas365.es\/noticias\/#website","url":"https:\/\/candas365.es\/noticias\/","name":"Cand\u00e1s 365","alternateName":"Cand\u00e1s 365 Noticias","description":"Actualidad desde Carre\u00f1o para el mundo","inLanguage":"es-ES","publisher":{"@id":"https:\/\/candas365.es\/noticias\/#organization"}}]},"og:locale":"es_ES","og:site_name":"Cand\u00e1s 365","og:type":"article","og:title":"BMW sufre una ca\u00edda m\u00ednima de beneficios en 2025 | Cand\u00e1s 365","og:description":"M\u00fanich, 12 mar (dpa) - El fabricante alem\u00e1n de autom\u00f3viles BMW sufri\u00f3 en 2025 una ca\u00edda de beneficios de alrededor de un 3 %, menor de lo esperado","og:url":"https:\/\/candas365.es\/noticias\/bmw-sufre-una-caida-minima-de-beneficios-en-2025\/","og:image":"https:\/\/candas365.es\/noticias\/wp-content\/uploads\/2026\/03\/BMW-sufre-una-caida-minima-de-beneficios-en-2025.jpg","og:image:secure_url":"https:\/\/candas365.es\/noticias\/wp-content\/uploads\/2026\/03\/BMW-sufre-una-caida-minima-de-beneficios-en-2025.jpg","og:image:width":1224,"og:image:height":848,"article:published_time":"2026-03-12T20:01:08+00:00","article:modified_time":"2026-03-12T20:01:08+00:00","article:publisher":"https:\/\/www.facebook.com\/Nachofdezber","article:author":"https:\/\/www.facebook.com\/carrenoactualidad","twitter:card":"summary_large_image","twitter:site":"@NabercoDigital","twitter:title":"BMW sufre una ca\u00edda m\u00ednima de beneficios en 2025 | Cand\u00e1s 365","twitter:description":"M\u00fanich, 12 mar (dpa) - El fabricante alem\u00e1n de autom\u00f3viles BMW sufri\u00f3 en 2025 una ca\u00edda de beneficios de alrededor de un 3 %, menor de lo esperado","twitter:creator":"@nbasturias","twitter:image":"https:\/\/candas365.es\/noticias\/wp-content\/uploads\/2026\/03\/BMW-sufre-una-caida-minima-de-beneficios-en-2025.jpg","twitter:label1":"Escrito por","twitter:data1":"Cand\u00e1s 365","twitter:label2":"Tiempo de lectura estimado","twitter:data2":"3 minutos"},"aioseo_meta_data":{"post_id":"192802","title":null,"description":"M\u00fanich, 12 mar (dpa) - El fabricante alem\u00e1n de autom\u00f3viles BMW sufri\u00f3 en 2025 una ca\u00edda de beneficios de alrededor de un 3 %, menor de lo esperado","keywords":null,"keyphrases":{"focus":{"keyphrase":"BMW","score":91,"analysis":{"keyphraseInTitle":{"score":9,"maxScore":9,"error":0},"keyphraseInDescription":{"score":9,"maxScore":9,"error":0},"keyphraseLength":{"score":9,"maxScore":9,"error":0,"length":1},"keyphraseInURL":{"score":5,"maxScore":5,"error":0},"keyphraseInIntroduction":{"score":9,"maxScore":9,"error":0},"keyphraseInSubHeadings":{"score":3,"maxScore":9,"error":1},"keyphraseInImageAlt":{"score":9,"maxScore":9,"error":0},"keywordDensity":{"type":"best","score":9,"maxScore":9,"error":0}}},"additional":[{"keyphrase":"BMW","score":100,"analysis":{"keyphraseInDescription":{"score":9,"maxScore":9,"error":0},"keyphraseLength":{"score":9,"maxScore":9,"error":0,"length":1},"keyphraseInIntroduction":{"score":9,"maxScore":9,"error":0},"keyphraseInImageAlt":{"score":9,"maxScore":9,"error":0},"keywordDensity":{"type":"best","score":9,"maxScore":9,"error":0}}}]},"primary_term":null,"canonical_url":null,"og_title":null,"og_description":null,"og_object_type":"default","og_image_type":"default","og_image_url":null,"og_image_width":null,"og_image_height":null,"og_image_custom_url":null,"og_image_custom_fields":null,"og_video":"","og_custom_url":null,"og_article_section":null,"og_article_tags":null,"twitter_use_og":false,"twitter_card":"default","twitter_image_type":"default","twitter_image_url":null,"twitter_image_custom_url":null,"twitter_image_custom_fields":null,"twitter_title":null,"twitter_description":null,"schema":{"blockGraphs":[],"customGraphs":[],"default":{"data":{"Article":[],"Course":[],"Dataset":[],"FAQPage":[],"Movie":[],"Person":[],"Product":[],"ProductReview":[],"Car":[],"Recipe":[],"Service":[],"SoftwareApplication":[],"WebPage":[]},"graphName":"NewsArticle","isEnabled":true},"graphs":[]},"schema_type":"default","schema_type_options":null,"pillar_content":false,"robots_default":true,"robots_noindex":false,"robots_noarchive":false,"robots_nosnippet":false,"robots_nofollow":false,"robots_noimageindex":false,"robots_noodp":false,"robots_notranslate":false,"robots_max_snippet":"-1","robots_max_videopreview":"-1","robots_max_imagepreview":"large","priority":null,"frequency":"default","location":null,"local_seo":null,"seo_analyzer_scan_date":"2026-03-12 20:54:43","breadcrumb_settings":null,"limit_modified_date":false,"reviewed_by":null,"open_ai":null,"ai":{"faqs":[],"keyPoints":[],"titles":[],"descriptions":[],"socialPosts":{"email":[],"linkedin":[],"twitter":[],"facebook":[],"instagram":[]}},"created":"2026-03-12 19:55:24","updated":"2026-03-12 20:58:15"},"aioseo_breadcrumb":"<div class=\"aioseo-breadcrumbs\"><span class=\"aioseo-breadcrumb\">\n\t<a href=\"https:\/\/candas365.es\/noticias\" title=\"Home\">Home<\/a>\n<\/span><span class=\"aioseo-breadcrumb-separator\">&ndash;<\/span><span class=\"aioseo-breadcrumb\">\n\t<a href=\"https:\/\/candas365.es\/noticias\/category\/canal-empresas\/\" title=\"Canal Empresas\">Canal Empresas<\/a>\n<\/span><span class=\"aioseo-breadcrumb-separator\">&ndash;<\/span><span class=\"aioseo-breadcrumb\">\n\tBMW sufre una ca\u00edda m\u00ednima de beneficios en 2025\n<\/span><\/div>","aioseo_breadcrumb_json":[{"label":"Home","link":"https:\/\/candas365.es\/noticias"},{"label":"Canal Empresas","link":"https:\/\/candas365.es\/noticias\/category\/canal-empresas\/"},{"label":"BMW sufre una ca\u00edda m\u00ednima de beneficios en 2025","link":"https:\/\/candas365.es\/noticias\/bmw-sufre-una-caida-minima-de-beneficios-en-2025\/"}],"_links":{"self":[{"href":"https:\/\/candas365.es\/noticias\/wp-json\/wp\/v2\/posts\/192802","targetHints":{"allow":["GET"]}}],"collection":[{"href":"https:\/\/candas365.es\/noticias\/wp-json\/wp\/v2\/posts"}],"about":[{"href":"https:\/\/candas365.es\/noticias\/wp-json\/wp\/v2\/types\/post"}],"author":[{"embeddable":true,"href":"https:\/\/candas365.es\/noticias\/wp-json\/wp\/v2\/users\/1"}],"replies":[{"embeddable":true,"href":"https:\/\/candas365.es\/noticias\/wp-json\/wp\/v2\/comments?post=192802"}],"version-history":[{"count":0,"href":"https:\/\/candas365.es\/noticias\/wp-json\/wp\/v2\/posts\/192802\/revisions"}],"wp:featuredmedia":[{"embeddable":true,"href":"https:\/\/candas365.es\/noticias\/wp-json\/wp\/v2\/media\/192803"}],"wp:attachment":[{"href":"https:\/\/candas365.es\/noticias\/wp-json\/wp\/v2\/media?parent=192802"}],"wp:term":[{"taxonomy":"category","embeddable":true,"href":"https:\/\/candas365.es\/noticias\/wp-json\/wp\/v2\/categories?post=192802"},{"taxonomy":"post_tag","embeddable":true,"href":"https:\/\/candas365.es\/noticias\/wp-json\/wp\/v2\/tags?post=192802"}],"curies":[{"name":"wp","href":"https:\/\/api.w.org\/{rel}","templated":true}]}}