{"id":192781,"date":"2026-03-12T00:09:19","date_gmt":"2026-03-11T23:09:19","guid":{"rendered":"https:\/\/candas365.es\/noticias\/?p=192781"},"modified":"2026-03-12T00:09:19","modified_gmt":"2026-03-11T23:09:19","slug":"la-laboral-estrena-una-yincana-digital-para-familias","status":"publish","type":"post","link":"https:\/\/candas365.es\/noticias\/la-laboral-estrena-una-yincana-digital-para-familias\/","title":{"rendered":"La Laboral estrena una yincana digital para familias"},"content":{"rendered":"<p data-start=\"230\" data-end=\"415\">Laboral Ciudad de la Cultura ofrece una yincana digital con los personajes Marta y Marco Topo para que familias y escolares descubran el complejo cultural mediante un <a href=\"https:\/\/candas365.es\/noticias\/category\/agenda\/\"><span style=\"color: #ff6600;\"><strong>juego interactivo<\/strong><\/span><\/a>.<\/p>\n<figure id=\"attachment_192782\" aria-describedby=\"caption-attachment-192782\" style=\"width: 647px\" class=\"wp-caption aligncenter\"><img fetchpriority=\"high\" decoding=\"async\" class=\"size-large wp-image-192782\" src=\"https:\/\/candas365.es\/noticias\/wp-content\/uploads\/2026\/03\/La-Laboral-estrena-una-yincana-digital-para-familias-647x480.jpg\" alt=\"La Laboral estrena una yincana digital para familias\" width=\"647\" height=\"480\" srcset=\"https:\/\/candas365.es\/noticias\/wp-content\/uploads\/2026\/03\/La-Laboral-estrena-una-yincana-digital-para-familias-647x480.jpg 647w, https:\/\/candas365.es\/noticias\/wp-content\/uploads\/2026\/03\/La-Laboral-estrena-una-yincana-digital-para-familias-360x267.jpg 360w, https:\/\/candas365.es\/noticias\/wp-content\/uploads\/2026\/03\/La-Laboral-estrena-una-yincana-digital-para-familias-768x570.jpg 768w, https:\/\/candas365.es\/noticias\/wp-content\/uploads\/2026\/03\/La-Laboral-estrena-una-yincana-digital-para-familias-150x111.jpg 150w, https:\/\/candas365.es\/noticias\/wp-content\/uploads\/2026\/03\/La-Laboral-estrena-una-yincana-digital-para-familias-450x334.jpg 450w, https:\/\/candas365.es\/noticias\/wp-content\/uploads\/2026\/03\/La-Laboral-estrena-una-yincana-digital-para-familias.jpg 1135w\" sizes=\"(max-width: 647px) 100vw, 647px\" \/><figcaption id=\"caption-attachment-192782\" class=\"wp-caption-text\">Foto: Cand\u00e1s 365 \/ Nacho Berm\u00fadez<\/figcaption><\/figure>\n<p data-start=\"422\" data-end=\"708\"><strong data-start=\"422\" data-end=\"454\">Laboral Ciudad de la Cultura<\/strong> ofrece una nueva actividad para conocer este espacio monumental en familia a trav\u00e9s de <strong data-start=\"542\" data-end=\"617\">una yincana digital protagonizada por los personajes Marta y Marco Topo<\/strong>, que gu\u00eda a los participantes por distintos puntos del recinto mediante retos y preguntas.<\/p>\n<p data-start=\"710\" data-end=\"975\">El proyecto fue presentado por el <strong data-start=\"744\" data-end=\"791\">director de Patrimonio Cultural, Pablo Le\u00f3n<\/strong>, y <strong data-start=\"795\" data-end=\"810\">Mikel Villa<\/strong>, de Marco Topo, antes de que alumnado de <strong data-start=\"852\" data-end=\"914\">4\u00ba de Primaria del Colegio P\u00fablico Cabue\u00f1es de Gij\u00f3n\/Xix\u00f3n<\/strong> participara por primera vez en esta experiencia interactiva.<\/p>\n<p data-start=\"977\" data-end=\"1277\">El juego virtual invita a recorrer y descubrir algunos de los espacios m\u00e1s representativos del complejo cultural, como <strong data-start=\"1096\" data-end=\"1192\">la Plaza, el Teatro, la Iglesia, la Torre, las antiguas Cocinas y Lavander\u00edas o los Jardines<\/strong>, al tiempo que fomenta el conocimiento de la historia y el patrimonio de la Laboral.<\/p>\n<h2 data-section-id=\"1dun6j4\" data-start=\"1279\" data-end=\"1309\">C\u00f3mo participar en el juego<\/h2>\n<p data-start=\"1311\" data-end=\"1580\">El p\u00fablico familiar puede solicitar en la <strong data-start=\"1353\" data-end=\"1380\">recepci\u00f3n de la Laboral<\/strong> un mapa y las pegatinas de la aventura de Marco Topo. A partir de ah\u00ed, cada participante accede a la web <strong data-start=\"1486\" data-end=\"1503\">marcotopo.com<\/strong>, introduce el c\u00f3digo que aparece en el mapa y comienza el juego interactivo.<\/p>\n<p data-start=\"1582\" data-end=\"1801\">El recorrido incluye tanto <strong data-start=\"1609\" data-end=\"1632\">espacios exteriores<\/strong>, que se pueden visitar libremente, como <strong data-start=\"1673\" data-end=\"1693\">zonas interiores<\/strong>, a las que solo se puede acceder mediante las visitas guiadas a la Laboral y con la tarifa correspondiente.<\/p>\n<h1 data-section-id=\"660v1x\" data-start=\"1803\" data-end=\"1830\">Actividad para escolares<\/h1>\n<p data-start=\"1832\" data-end=\"2094\">Para el alumnado de <strong data-start=\"1852\" data-end=\"1874\">Educaci\u00f3n Primaria<\/strong> se ha dise\u00f1ado adem\u00e1s una <strong data-start=\"1901\" data-end=\"1929\">visita guiada espec\u00edfica<\/strong>, con un precio de <strong data-start=\"1948\" data-end=\"1976\">5 euros por participante<\/strong>, en la que la yincana sirve para completar retos y responder preguntas durante el recorrido por el complejo cultural.<\/p>\n<p data-start=\"2096\" data-end=\"2342\" data-is-last-node=\"\" data-is-only-node=\"\"><strong data-start=\"2096\" data-end=\"2128\">Laboral Ciudad de la Cultura<\/strong> es un equipamiento dependiente de la <strong data-start=\"2166\" data-end=\"2224\">Consejer\u00eda de Cultura, Pol\u00edtica Lling\u00fc\u00edstica y Deporte<\/strong> y est\u00e1 gestionado por la <strong data-start=\"2250\" data-end=\"2341\">Sociedad P\u00fablica de Gesti\u00f3n y Promoci\u00f3n Tur\u00edstica y Cultural del <a href=\"https:\/\/actualidad.asturias.es\/\" target=\"_blank\" rel=\"noopener\"><span style=\"color: #ff6600;\">Principado de Asturias<\/span><\/a><\/strong>.<\/p>\n","protected":false},"excerpt":{"rendered":"<p>Laboral Ciudad de la Cultura ofrece una yincana digital con los personajes Marta y Marco Topo para que familias y escolares descubran el complejo cultural mediante un juego interactivo. Laboral Ciudad de la Cultura ofrece una nueva actividad para conocer este espacio monumental en familia a trav\u00e9s de una yincana digital protagonizada por los personajes<\/p>\n","protected":false},"author":1,"featured_media":192782,"comment_status":"closed","ping_status":"closed","sticky":false,"template":"","format":"standard","meta":{"footnotes":""},"categories":[1],"tags":[468,380],"class_list":{"0":"post-192781","1":"post","2":"type-post","3":"status-publish","4":"format-standard","5":"has-post-thumbnail","7":"category-agenda","8":"tag-agenda","9":"tag-asturias"},"aioseo_notices":[],"aioseo_head":"\n\t\t<!-- All in One SEO Pro 4.9.6.2 - aioseo.com -->\n\t<meta name=\"description\" content=\"Laboral Ciudad de la Cultura ofrece una yincana digital con los personajes Marta y Marco Topo para que familias y escolares descubran el complejo cultural\" \/>\n\t<meta name=\"robots\" content=\"max-image-preview:large\" \/>\n\t<meta name=\"author\" content=\"Cand\u00e1s 365\"\/>\n\t<meta name=\"google-site-verification\" content=\"UA-32230408-1\" \/>\n\t<meta name=\"msvalidate.01\" content=\"354F3CDFB2DA171B47FBE9ABF1F88D5\" \/>\n\t<meta name=\"keywords\" content=\"agenda\" \/>\n\t<link rel=\"canonical\" href=\"https:\/\/candas365.es\/noticias\/la-laboral-estrena-una-yincana-digital-para-familias\/\" \/>\n\t<meta name=\"generator\" content=\"All in One SEO Pro (AIOSEO) 4.9.6.2\" \/>\n\t\t<meta property=\"og:locale\" content=\"es_ES\" \/>\n\t\t<meta property=\"og:site_name\" content=\"Cand\u00e1s 365\" \/>\n\t\t<meta property=\"og:type\" content=\"article\" \/>\n\t\t<meta property=\"og:title\" content=\"La Laboral estrena una yincana digital para familias | Cand\u00e1s 365\" \/>\n\t\t<meta property=\"og:description\" content=\"Laboral Ciudad de la Cultura ofrece una yincana digital con los personajes Marta y Marco Topo para que familias y escolares descubran el complejo cultural\" \/>\n\t\t<meta property=\"og:url\" content=\"https:\/\/candas365.es\/noticias\/la-laboral-estrena-una-yincana-digital-para-familias\/\" \/>\n\t\t<meta property=\"og:image\" content=\"https:\/\/candas365.es\/noticias\/wp-content\/uploads\/2026\/03\/La-Laboral-estrena-una-yincana-digital-para-familias.jpg\" \/>\n\t\t<meta property=\"og:image:secure_url\" content=\"https:\/\/candas365.es\/noticias\/wp-content\/uploads\/2026\/03\/La-Laboral-estrena-una-yincana-digital-para-familias.jpg\" \/>\n\t\t<meta property=\"og:image:width\" content=\"1135\" \/>\n\t\t<meta property=\"og:image:height\" content=\"842\" \/>\n\t\t<meta property=\"article:published_time\" content=\"2026-03-11T23:09:19+00:00\" \/>\n\t\t<meta property=\"article:modified_time\" content=\"2026-03-11T23:09:19+00:00\" \/>\n\t\t<meta property=\"article:publisher\" content=\"https:\/\/www.facebook.com\/Nachofdezber\" \/>\n\t\t<meta property=\"article:author\" content=\"https:\/\/www.facebook.com\/carrenoactualidad\" \/>\n\t\t<meta name=\"twitter:card\" content=\"summary_large_image\" \/>\n\t\t<meta name=\"twitter:site\" content=\"@NabercoDigital\" \/>\n\t\t<meta name=\"twitter:title\" content=\"La Laboral estrena una yincana digital para familias | Cand\u00e1s 365\" \/>\n\t\t<meta name=\"twitter:description\" content=\"Laboral Ciudad de la Cultura ofrece una yincana digital con los personajes Marta y Marco Topo para que familias y escolares descubran el complejo cultural\" \/>\n\t\t<meta name=\"twitter:creator\" content=\"@nbasturias\" \/>\n\t\t<meta name=\"twitter:image\" content=\"https:\/\/candas365.es\/noticias\/wp-content\/uploads\/2026\/03\/La-Laboral-estrena-una-yincana-digital-para-familias.jpg\" \/>\n\t\t<meta name=\"twitter:label1\" content=\"Escrito por\" \/>\n\t\t<meta name=\"twitter:data1\" content=\"Cand\u00e1s 365\" \/>\n\t\t<meta name=\"twitter:label2\" content=\"Tiempo de lectura estimado\" \/>\n\t\t<meta name=\"twitter:data2\" content=\"2 minutos\" \/>\n\t\t<script type=\"application\/ld+json\" class=\"aioseo-schema\">\n\t\t\t{\"@context\":\"https:\\\/\\\/schema.org\",\"@graph\":[{\"@type\":\"BreadcrumbList\",\"@id\":\"https:\\\/\\\/candas365.es\\\/noticias\\\/la-laboral-estrena-una-yincana-digital-para-familias\\\/#breadcrumblist\",\"itemListElement\":[{\"@type\":\"ListItem\",\"@id\":\"https:\\\/\\\/candas365.es\\\/noticias#listItem\",\"position\":1,\"name\":\"Home\",\"item\":\"https:\\\/\\\/candas365.es\\\/noticias\",\"nextItem\":{\"@type\":\"ListItem\",\"@id\":\"https:\\\/\\\/candas365.es\\\/noticias\\\/category\\\/agenda\\\/#listItem\",\"name\":\"Agenda\"}},{\"@type\":\"ListItem\",\"@id\":\"https:\\\/\\\/candas365.es\\\/noticias\\\/category\\\/agenda\\\/#listItem\",\"position\":2,\"name\":\"Agenda\",\"item\":\"https:\\\/\\\/candas365.es\\\/noticias\\\/category\\\/agenda\\\/\",\"nextItem\":{\"@type\":\"ListItem\",\"@id\":\"https:\\\/\\\/candas365.es\\\/noticias\\\/la-laboral-estrena-una-yincana-digital-para-familias\\\/#listItem\",\"name\":\"La Laboral estrena una yincana digital para familias\"},\"previousItem\":{\"@type\":\"ListItem\",\"@id\":\"https:\\\/\\\/candas365.es\\\/noticias#listItem\",\"name\":\"Home\"}},{\"@type\":\"ListItem\",\"@id\":\"https:\\\/\\\/candas365.es\\\/noticias\\\/la-laboral-estrena-una-yincana-digital-para-familias\\\/#listItem\",\"position\":3,\"name\":\"La Laboral estrena una yincana digital para familias\",\"previousItem\":{\"@type\":\"ListItem\",\"@id\":\"https:\\\/\\\/candas365.es\\\/noticias\\\/category\\\/agenda\\\/#listItem\",\"name\":\"Agenda\"}}]},{\"@type\":\"NewsArticle\",\"@id\":\"https:\\\/\\\/candas365.es\\\/noticias\\\/la-laboral-estrena-una-yincana-digital-para-familias\\\/#newsarticle\",\"name\":\"La Laboral estrena una yincana digital para familias | Cand\\u00e1s 365\",\"headline\":\"La Laboral estrena una yincana digital para familias\",\"author\":{\"@id\":\"https:\\\/\\\/candas365.es\\\/noticias\\\/author\\\/admin\\\/#author\"},\"publisher\":{\"@id\":\"https:\\\/\\\/candas365.es\\\/noticias\\\/#organization\"},\"image\":{\"@type\":\"ImageObject\",\"url\":\"https:\\\/\\\/candas365.es\\\/noticias\\\/wp-content\\\/uploads\\\/2026\\\/03\\\/La-Laboral-estrena-una-yincana-digital-para-familias.jpg\",\"width\":1135,\"height\":842,\"caption\":\"Foto: Cand\\u00e1s 365 \\\/ Nacho Berm\\u00fadez\"},\"datePublished\":\"2026-03-12T00:09:19+01:00\",\"dateModified\":\"2026-03-12T00:09:19+01:00\",\"inLanguage\":\"es-ES\",\"mainEntityOfPage\":{\"@id\":\"https:\\\/\\\/candas365.es\\\/noticias\\\/la-laboral-estrena-una-yincana-digital-para-familias\\\/#webpage\"},\"isPartOf\":{\"@id\":\"https:\\\/\\\/candas365.es\\\/noticias\\\/la-laboral-estrena-una-yincana-digital-para-familias\\\/#webpage\"},\"articleSection\":\"Agenda, agenda, Asturias\",\"dateline\":\"Publicado el marzo 12, 2026.\"},{\"@type\":\"Organization\",\"@id\":\"https:\\\/\\\/candas365.es\\\/noticias\\\/#organization\",\"name\":\"Cand\\u00e1s 365\",\"description\":\"Cand\\u00e1s 365 es un diario digital independiente, fundado en 2012, con base en Asturias. Informamos con rigor sobre actualidad, sociedad, cultura y ocio, con una mirada local y global.\",\"url\":\"https:\\\/\\\/candas365.es\\\/noticias\\\/\",\"email\":\"info@candas365.es\",\"telephone\":\"+34652131393\",\"foundingDate\":\"2012-06-10\",\"logo\":{\"@type\":\"ImageObject\",\"url\":\"https:\\\/\\\/candas365.es\\\/noticias\\\/wp-content\\\/uploads\\\/2024\\\/09\\\/Candas-365-Redes.jpg\",\"@id\":\"https:\\\/\\\/candas365.es\\\/noticias\\\/la-laboral-estrena-una-yincana-digital-para-familias\\\/#organizationLogo\",\"width\":1152,\"height\":864,\"caption\":\"Cand\\u00e1s 365 Redes\"},\"image\":{\"@id\":\"https:\\\/\\\/candas365.es\\\/noticias\\\/la-laboral-estrena-una-yincana-digital-para-familias\\\/#organizationLogo\"},\"sameAs\":[\"https:\\\/\\\/www.facebook.com\\\/Nachofdezber\",\"https:\\\/\\\/x.com\\\/NabercoDigital\",\"https:\\\/\\\/www.instagram.com\\\/nachofdezber\\\/\",\"https:\\\/\\\/www.youtube.com\\\/channel\\\/UCZP-2wLEB9Rv6erhFmqVnvg\"],\"address\":{\"@id\":\"https:\\\/\\\/candas365.es\\\/noticias\\\/#postaladdress\",\"@type\":\"PostalAddress\",\"streetAddress\":\"san antonio 4, san antonio 4\",\"postalCode\":\"33430\",\"addressLocality\":\"Cand\\u00e1s\",\"addressRegion\":\"Asturias\",\"addressCountry\":\"ES\"}},{\"@type\":\"Person\",\"@id\":\"https:\\\/\\\/candas365.es\\\/noticias\\\/author\\\/admin\\\/#author\",\"url\":\"https:\\\/\\\/candas365.es\\\/noticias\\\/author\\\/admin\\\/\",\"name\":\"Cand\\u00e1s 365\",\"image\":{\"@type\":\"ImageObject\",\"@id\":\"https:\\\/\\\/candas365.es\\\/noticias\\\/la-laboral-estrena-una-yincana-digital-para-familias\\\/#authorImage\",\"url\":\"https:\\\/\\\/secure.gravatar.com\\\/avatar\\\/496a8e03d0c493ede1718b7934145dbdf8d89be1036b0eec9544e1094c9de390?s=96&d=mm&r=g\",\"width\":96,\"height\":96,\"caption\":\"Cand\\u00e1s 365\"},\"sameAs\":[\"https:\\\/\\\/www.facebook.com\\\/carrenoactualidad\",\"https:\\\/\\\/twitter.com\\\/nbasturias\",\"https:\\\/\\\/www.instagram.com\\\/nachofdezber\\\/\",\"https:\\\/\\\/www.youtube.com\\\/channel\\\/UCZP-2wLEB9Rv6erhFmqVnvg\"]},{\"@type\":\"WebPage\",\"@id\":\"https:\\\/\\\/candas365.es\\\/noticias\\\/la-laboral-estrena-una-yincana-digital-para-familias\\\/#webpage\",\"url\":\"https:\\\/\\\/candas365.es\\\/noticias\\\/la-laboral-estrena-una-yincana-digital-para-familias\\\/\",\"name\":\"La Laboral estrena una yincana digital para familias | Cand\\u00e1s 365\",\"description\":\"Laboral Ciudad de la Cultura ofrece una yincana digital con los personajes Marta y Marco Topo para que familias y escolares descubran el complejo cultural\",\"inLanguage\":\"es-ES\",\"isPartOf\":{\"@id\":\"https:\\\/\\\/candas365.es\\\/noticias\\\/#website\"},\"breadcrumb\":{\"@id\":\"https:\\\/\\\/candas365.es\\\/noticias\\\/la-laboral-estrena-una-yincana-digital-para-familias\\\/#breadcrumblist\"},\"author\":{\"@id\":\"https:\\\/\\\/candas365.es\\\/noticias\\\/author\\\/admin\\\/#author\"},\"creator\":{\"@id\":\"https:\\\/\\\/candas365.es\\\/noticias\\\/author\\\/admin\\\/#author\"},\"image\":{\"@type\":\"ImageObject\",\"url\":\"https:\\\/\\\/candas365.es\\\/noticias\\\/wp-content\\\/uploads\\\/2026\\\/03\\\/La-Laboral-estrena-una-yincana-digital-para-familias.jpg\",\"@id\":\"https:\\\/\\\/candas365.es\\\/noticias\\\/la-laboral-estrena-una-yincana-digital-para-familias\\\/#mainImage\",\"width\":1135,\"height\":842,\"caption\":\"Foto: Cand\\u00e1s 365 \\\/ Nacho Berm\\u00fadez\"},\"primaryImageOfPage\":{\"@id\":\"https:\\\/\\\/candas365.es\\\/noticias\\\/la-laboral-estrena-una-yincana-digital-para-familias\\\/#mainImage\"},\"datePublished\":\"2026-03-12T00:09:19+01:00\",\"dateModified\":\"2026-03-12T00:09:19+01:00\"},{\"@type\":\"WebSite\",\"@id\":\"https:\\\/\\\/candas365.es\\\/noticias\\\/#website\",\"url\":\"https:\\\/\\\/candas365.es\\\/noticias\\\/\",\"name\":\"Cand\\u00e1s 365\",\"alternateName\":\"Cand\\u00e1s 365 Noticias\",\"description\":\"Actualidad desde Carre\\u00f1o para el mundo\",\"inLanguage\":\"es-ES\",\"publisher\":{\"@id\":\"https:\\\/\\\/candas365.es\\\/noticias\\\/#organization\"}}]}\n\t\t<\/script>\n\t\t<!-- All in One SEO Pro -->\r\n\t\t<title>La Laboral estrena una yincana digital para familias | Cand\u00e1s 365<\/title>\n\n","aioseo_head_json":{"title":"La Laboral estrena una yincana digital para familias | Cand\u00e1s 365","description":"Laboral Ciudad de la Cultura ofrece una yincana digital con los personajes Marta y Marco Topo para que familias y escolares descubran el complejo cultural","canonical_url":"https:\/\/candas365.es\/noticias\/la-laboral-estrena-una-yincana-digital-para-familias\/","robots":"max-image-preview:large","keywords":"agenda","webmasterTools":{"google-site-verification":"UA-32230408-1","msvalidate.01":"354F3CDFB2DA171B47FBE9ABF1F88D5","miscellaneous":""},"schema":{"@context":"https:\/\/schema.org","@graph":[{"@type":"BreadcrumbList","@id":"https:\/\/candas365.es\/noticias\/la-laboral-estrena-una-yincana-digital-para-familias\/#breadcrumblist","itemListElement":[{"@type":"ListItem","@id":"https:\/\/candas365.es\/noticias#listItem","position":1,"name":"Home","item":"https:\/\/candas365.es\/noticias","nextItem":{"@type":"ListItem","@id":"https:\/\/candas365.es\/noticias\/category\/agenda\/#listItem","name":"Agenda"}},{"@type":"ListItem","@id":"https:\/\/candas365.es\/noticias\/category\/agenda\/#listItem","position":2,"name":"Agenda","item":"https:\/\/candas365.es\/noticias\/category\/agenda\/","nextItem":{"@type":"ListItem","@id":"https:\/\/candas365.es\/noticias\/la-laboral-estrena-una-yincana-digital-para-familias\/#listItem","name":"La Laboral estrena una yincana digital para familias"},"previousItem":{"@type":"ListItem","@id":"https:\/\/candas365.es\/noticias#listItem","name":"Home"}},{"@type":"ListItem","@id":"https:\/\/candas365.es\/noticias\/la-laboral-estrena-una-yincana-digital-para-familias\/#listItem","position":3,"name":"La Laboral estrena una yincana digital para familias","previousItem":{"@type":"ListItem","@id":"https:\/\/candas365.es\/noticias\/category\/agenda\/#listItem","name":"Agenda"}}]},{"@type":"NewsArticle","@id":"https:\/\/candas365.es\/noticias\/la-laboral-estrena-una-yincana-digital-para-familias\/#newsarticle","name":"La Laboral estrena una yincana digital para familias | Cand\u00e1s 365","headline":"La Laboral estrena una yincana digital para familias","author":{"@id":"https:\/\/candas365.es\/noticias\/author\/admin\/#author"},"publisher":{"@id":"https:\/\/candas365.es\/noticias\/#organization"},"image":{"@type":"ImageObject","url":"https:\/\/candas365.es\/noticias\/wp-content\/uploads\/2026\/03\/La-Laboral-estrena-una-yincana-digital-para-familias.jpg","width":1135,"height":842,"caption":"Foto: Cand\u00e1s 365 \/ Nacho Berm\u00fadez"},"datePublished":"2026-03-12T00:09:19+01:00","dateModified":"2026-03-12T00:09:19+01:00","inLanguage":"es-ES","mainEntityOfPage":{"@id":"https:\/\/candas365.es\/noticias\/la-laboral-estrena-una-yincana-digital-para-familias\/#webpage"},"isPartOf":{"@id":"https:\/\/candas365.es\/noticias\/la-laboral-estrena-una-yincana-digital-para-familias\/#webpage"},"articleSection":"Agenda, agenda, Asturias","dateline":"Publicado el marzo 12, 2026."},{"@type":"Organization","@id":"https:\/\/candas365.es\/noticias\/#organization","name":"Cand\u00e1s 365","description":"Cand\u00e1s 365 es un diario digital independiente, fundado en 2012, con base en Asturias. Informamos con rigor sobre actualidad, sociedad, cultura y ocio, con una mirada local y global.","url":"https:\/\/candas365.es\/noticias\/","email":"info@candas365.es","telephone":"+34652131393","foundingDate":"2012-06-10","logo":{"@type":"ImageObject","url":"https:\/\/candas365.es\/noticias\/wp-content\/uploads\/2024\/09\/Candas-365-Redes.jpg","@id":"https:\/\/candas365.es\/noticias\/la-laboral-estrena-una-yincana-digital-para-familias\/#organizationLogo","width":1152,"height":864,"caption":"Cand\u00e1s 365 Redes"},"image":{"@id":"https:\/\/candas365.es\/noticias\/la-laboral-estrena-una-yincana-digital-para-familias\/#organizationLogo"},"sameAs":["https:\/\/www.facebook.com\/Nachofdezber","https:\/\/x.com\/NabercoDigital","https:\/\/www.instagram.com\/nachofdezber\/","https:\/\/www.youtube.com\/channel\/UCZP-2wLEB9Rv6erhFmqVnvg"],"address":{"@id":"https:\/\/candas365.es\/noticias\/#postaladdress","@type":"PostalAddress","streetAddress":"san antonio 4, san antonio 4","postalCode":"33430","addressLocality":"Cand\u00e1s","addressRegion":"Asturias","addressCountry":"ES"}},{"@type":"Person","@id":"https:\/\/candas365.es\/noticias\/author\/admin\/#author","url":"https:\/\/candas365.es\/noticias\/author\/admin\/","name":"Cand\u00e1s 365","image":{"@type":"ImageObject","@id":"https:\/\/candas365.es\/noticias\/la-laboral-estrena-una-yincana-digital-para-familias\/#authorImage","url":"https:\/\/secure.gravatar.com\/avatar\/496a8e03d0c493ede1718b7934145dbdf8d89be1036b0eec9544e1094c9de390?s=96&d=mm&r=g","width":96,"height":96,"caption":"Cand\u00e1s 365"},"sameAs":["https:\/\/www.facebook.com\/carrenoactualidad","https:\/\/twitter.com\/nbasturias","https:\/\/www.instagram.com\/nachofdezber\/","https:\/\/www.youtube.com\/channel\/UCZP-2wLEB9Rv6erhFmqVnvg"]},{"@type":"WebPage","@id":"https:\/\/candas365.es\/noticias\/la-laboral-estrena-una-yincana-digital-para-familias\/#webpage","url":"https:\/\/candas365.es\/noticias\/la-laboral-estrena-una-yincana-digital-para-familias\/","name":"La Laboral estrena una yincana digital para familias | Cand\u00e1s 365","description":"Laboral Ciudad de la Cultura ofrece una yincana digital con los personajes Marta y Marco Topo para que familias y escolares descubran el complejo cultural","inLanguage":"es-ES","isPartOf":{"@id":"https:\/\/candas365.es\/noticias\/#website"},"breadcrumb":{"@id":"https:\/\/candas365.es\/noticias\/la-laboral-estrena-una-yincana-digital-para-familias\/#breadcrumblist"},"author":{"@id":"https:\/\/candas365.es\/noticias\/author\/admin\/#author"},"creator":{"@id":"https:\/\/candas365.es\/noticias\/author\/admin\/#author"},"image":{"@type":"ImageObject","url":"https:\/\/candas365.es\/noticias\/wp-content\/uploads\/2026\/03\/La-Laboral-estrena-una-yincana-digital-para-familias.jpg","@id":"https:\/\/candas365.es\/noticias\/la-laboral-estrena-una-yincana-digital-para-familias\/#mainImage","width":1135,"height":842,"caption":"Foto: Cand\u00e1s 365 \/ Nacho Berm\u00fadez"},"primaryImageOfPage":{"@id":"https:\/\/candas365.es\/noticias\/la-laboral-estrena-una-yincana-digital-para-familias\/#mainImage"},"datePublished":"2026-03-12T00:09:19+01:00","dateModified":"2026-03-12T00:09:19+01:00"},{"@type":"WebSite","@id":"https:\/\/candas365.es\/noticias\/#website","url":"https:\/\/candas365.es\/noticias\/","name":"Cand\u00e1s 365","alternateName":"Cand\u00e1s 365 Noticias","description":"Actualidad desde Carre\u00f1o para el mundo","inLanguage":"es-ES","publisher":{"@id":"https:\/\/candas365.es\/noticias\/#organization"}}]},"og:locale":"es_ES","og:site_name":"Cand\u00e1s 365","og:type":"article","og:title":"La Laboral estrena una yincana digital para familias | Cand\u00e1s 365","og:description":"Laboral Ciudad de la Cultura ofrece una yincana digital con los personajes Marta y Marco Topo para que familias y escolares descubran el complejo cultural","og:url":"https:\/\/candas365.es\/noticias\/la-laboral-estrena-una-yincana-digital-para-familias\/","og:image":"https:\/\/candas365.es\/noticias\/wp-content\/uploads\/2026\/03\/La-Laboral-estrena-una-yincana-digital-para-familias.jpg","og:image:secure_url":"https:\/\/candas365.es\/noticias\/wp-content\/uploads\/2026\/03\/La-Laboral-estrena-una-yincana-digital-para-familias.jpg","og:image:width":1135,"og:image:height":842,"article:published_time":"2026-03-11T23:09:19+00:00","article:modified_time":"2026-03-11T23:09:19+00:00","article:publisher":"https:\/\/www.facebook.com\/Nachofdezber","article:author":"https:\/\/www.facebook.com\/carrenoactualidad","twitter:card":"summary_large_image","twitter:site":"@NabercoDigital","twitter:title":"La Laboral estrena una yincana digital para familias | Cand\u00e1s 365","twitter:description":"Laboral Ciudad de la Cultura ofrece una yincana digital con los personajes Marta y Marco Topo para que familias y escolares descubran el complejo cultural","twitter:creator":"@nbasturias","twitter:image":"https:\/\/candas365.es\/noticias\/wp-content\/uploads\/2026\/03\/La-Laboral-estrena-una-yincana-digital-para-familias.jpg","twitter:label1":"Escrito por","twitter:data1":"Cand\u00e1s 365","twitter:label2":"Tiempo de lectura estimado","twitter:data2":"2 minutos"},"aioseo_meta_data":{"post_id":"192781","title":null,"description":"Laboral Ciudad de la Cultura ofrece una yincana digital con los personajes Marta y Marco Topo para que familias y escolares descubran el complejo cultural","keywords":null,"keyphrases":{"focus":{"keyphrase":"Laboral","score":91,"analysis":{"keyphraseInTitle":{"score":9,"maxScore":9,"error":0},"keyphraseInDescription":{"score":9,"maxScore":9,"error":0},"keyphraseLength":{"score":9,"maxScore":9,"error":0,"length":1},"keyphraseInURL":{"score":5,"maxScore":5,"error":0},"keyphraseInIntroduction":{"score":9,"maxScore":9,"error":0},"keyphraseInSubHeadings":{"score":3,"maxScore":9,"error":1},"keyphraseInImageAlt":{"score":9,"maxScore":9,"error":0},"keywordDensity":{"type":"best","score":9,"maxScore":9,"error":0}}},"additional":[{"keyphrase":"yincana digital","score":100,"analysis":{"keyphraseInDescription":{"score":9,"maxScore":9,"error":0},"keyphraseLength":{"score":9,"maxScore":9,"error":0,"length":2},"keyphraseInIntroduction":{"score":9,"maxScore":9,"error":0},"keyphraseInImageAlt":{"score":9,"maxScore":9,"error":0},"keywordDensity":{"type":"best","score":9,"maxScore":9,"error":0}}}]},"primary_term":null,"canonical_url":null,"og_title":null,"og_description":null,"og_object_type":"default","og_image_type":"default","og_image_url":null,"og_image_width":null,"og_image_height":null,"og_image_custom_url":null,"og_image_custom_fields":null,"og_video":"","og_custom_url":null,"og_article_section":null,"og_article_tags":null,"twitter_use_og":false,"twitter_card":"default","twitter_image_type":"default","twitter_image_url":null,"twitter_image_custom_url":null,"twitter_image_custom_fields":null,"twitter_title":null,"twitter_description":null,"schema":{"blockGraphs":[],"customGraphs":[],"default":{"data":{"Article":[],"Course":[],"Dataset":[],"FAQPage":[],"Movie":[],"Person":[],"Product":[],"ProductReview":[],"Car":[],"Recipe":[],"Service":[],"SoftwareApplication":[],"WebPage":[]},"graphName":"NewsArticle","isEnabled":true},"graphs":[]},"schema_type":"default","schema_type_options":null,"pillar_content":false,"robots_default":true,"robots_noindex":false,"robots_noarchive":false,"robots_nosnippet":false,"robots_nofollow":false,"robots_noimageindex":false,"robots_noodp":false,"robots_notranslate":false,"robots_max_snippet":"-1","robots_max_videopreview":"-1","robots_max_imagepreview":"large","priority":null,"frequency":"default","location":null,"local_seo":null,"seo_analyzer_scan_date":"2026-03-11 23:21:04","breadcrumb_settings":null,"limit_modified_date":false,"reviewed_by":null,"open_ai":null,"ai":{"faqs":[],"keyPoints":[],"titles":[],"descriptions":[],"socialPosts":{"email":[],"linkedin":[],"twitter":[],"facebook":[],"instagram":[]}},"created":"2026-03-11 22:10:17","updated":"2026-03-11 23:35:24"},"aioseo_breadcrumb":"<div class=\"aioseo-breadcrumbs\"><span class=\"aioseo-breadcrumb\">\n\t<a href=\"https:\/\/candas365.es\/noticias\" title=\"Home\">Home<\/a>\n<\/span><span class=\"aioseo-breadcrumb-separator\">&ndash;<\/span><span class=\"aioseo-breadcrumb\">\n\t<a href=\"https:\/\/candas365.es\/noticias\/category\/agenda\/\" title=\"Agenda\">Agenda<\/a>\n<\/span><span class=\"aioseo-breadcrumb-separator\">&ndash;<\/span><span class=\"aioseo-breadcrumb\">\n\tLa Laboral estrena una yincana digital para familias\n<\/span><\/div>","aioseo_breadcrumb_json":[{"label":"Home","link":"https:\/\/candas365.es\/noticias"},{"label":"Agenda","link":"https:\/\/candas365.es\/noticias\/category\/agenda\/"},{"label":"La Laboral estrena una yincana digital para familias","link":"https:\/\/candas365.es\/noticias\/la-laboral-estrena-una-yincana-digital-para-familias\/"}],"_links":{"self":[{"href":"https:\/\/candas365.es\/noticias\/wp-json\/wp\/v2\/posts\/192781","targetHints":{"allow":["GET"]}}],"collection":[{"href":"https:\/\/candas365.es\/noticias\/wp-json\/wp\/v2\/posts"}],"about":[{"href":"https:\/\/candas365.es\/noticias\/wp-json\/wp\/v2\/types\/post"}],"author":[{"embeddable":true,"href":"https:\/\/candas365.es\/noticias\/wp-json\/wp\/v2\/users\/1"}],"replies":[{"embeddable":true,"href":"https:\/\/candas365.es\/noticias\/wp-json\/wp\/v2\/comments?post=192781"}],"version-history":[{"count":0,"href":"https:\/\/candas365.es\/noticias\/wp-json\/wp\/v2\/posts\/192781\/revisions"}],"wp:featuredmedia":[{"embeddable":true,"href":"https:\/\/candas365.es\/noticias\/wp-json\/wp\/v2\/media\/192782"}],"wp:attachment":[{"href":"https:\/\/candas365.es\/noticias\/wp-json\/wp\/v2\/media?parent=192781"}],"wp:term":[{"taxonomy":"category","embeddable":true,"href":"https:\/\/candas365.es\/noticias\/wp-json\/wp\/v2\/categories?post=192781"},{"taxonomy":"post_tag","embeddable":true,"href":"https:\/\/candas365.es\/noticias\/wp-json\/wp\/v2\/tags?post=192781"}],"curies":[{"name":"wp","href":"https:\/\/api.w.org\/{rel}","templated":true}]}}