{"id":192778,"date":"2026-03-11T21:58:16","date_gmt":"2026-03-11T20:58:16","guid":{"rendered":"https:\/\/candas365.es\/noticias\/?p=192778"},"modified":"2026-03-11T21:58:16","modified_gmt":"2026-03-11T20:58:16","slug":"19-empresas-turisticas-de-asturias-logran-el-sello-s","status":"publish","type":"post","link":"https:\/\/candas365.es\/noticias\/19-empresas-turisticas-de-asturias-logran-el-sello-s\/","title":{"rendered":"19 empresas tur\u00edsticas de Asturias logran el sello \u00abS\u00bb"},"content":{"rendered":"<p data-start=\"225\" data-end=\"421\">Diecinueve<a href=\"https:\/\/candas365.es\/noticias\/category\/canal-empresas\/\"><span style=\"color: #ff6600;\"><strong> empresas tur\u00edsticas de Asturias<\/strong><\/span><\/a> han recibido el sello \u2018S\u2019 de sostenibilidad, un distintivo que reconoce la aplicaci\u00f3n de est\u00e1ndares alineados con los Objetivos de Desarrollo Sostenible.<\/p>\n<figure id=\"attachment_192779\" aria-describedby=\"caption-attachment-192779\" style=\"width: 645px\" class=\"wp-caption aligncenter\"><img fetchpriority=\"high\" decoding=\"async\" class=\"size-large wp-image-192779\" src=\"https:\/\/candas365.es\/noticias\/wp-content\/uploads\/2026\/03\/empresas-turisticas-de-Asturias--645x480.jpg\" alt=\"empresas tur\u00edsticas de Asturias \" width=\"645\" height=\"480\" srcset=\"https:\/\/candas365.es\/noticias\/wp-content\/uploads\/2026\/03\/empresas-turisticas-de-Asturias--645x480.jpg 645w, https:\/\/candas365.es\/noticias\/wp-content\/uploads\/2026\/03\/empresas-turisticas-de-Asturias--360x268.jpg 360w, https:\/\/candas365.es\/noticias\/wp-content\/uploads\/2026\/03\/empresas-turisticas-de-Asturias--768x572.jpg 768w, https:\/\/candas365.es\/noticias\/wp-content\/uploads\/2026\/03\/empresas-turisticas-de-Asturias--150x112.jpg 150w, https:\/\/candas365.es\/noticias\/wp-content\/uploads\/2026\/03\/empresas-turisticas-de-Asturias--450x335.jpg 450w, https:\/\/candas365.es\/noticias\/wp-content\/uploads\/2026\/03\/empresas-turisticas-de-Asturias-.jpg 1139w\" sizes=\"(max-width: 645px) 100vw, 645px\" \/><figcaption id=\"caption-attachment-192779\" class=\"wp-caption-text\">Foto: Prensa Principado de Asturias<\/figcaption><\/figure>\n<p data-start=\"428\" data-end=\"737\">El <a href=\"https:\/\/actualidad.asturias.es\/\" target=\"_blank\" rel=\"noopener\"><span style=\"color: #ff6600;\"><strong>Gobierno del Principado<\/strong><\/span><\/a> y el Instituto para la Calidad Tur\u00edstica Espa\u00f1ola y la Sostenibilidad (ICTES) han entregado en Villaviciosa las certificaciones \u2018S\u2019 de sostenibilidad tur\u00edstica a <strong data-start=\"617\" data-end=\"644\">19 entidades asturianas<\/strong> que completaron durante el \u00faltimo a\u00f1o el proceso de implantaci\u00f3n de este sistema de gesti\u00f3n.<\/p>\n<p data-start=\"739\" data-end=\"886\">Este distintivo acredita la adopci\u00f3n de <strong data-start=\"779\" data-end=\"852\">est\u00e1ndares alineados con los Objetivos de Desarrollo Sostenible (ODS)<\/strong> dentro de la actividad tur\u00edstica.<\/p>\n<p data-start=\"888\" data-end=\"1230\">El acto cont\u00f3 con la participaci\u00f3n del <strong data-start=\"927\" data-end=\"967\">presidente del ICTES, Miguel Mirones<\/strong>, y de la <strong data-start=\"977\" data-end=\"1035\">viceconsejera de Turismo del Principado, Lara Mart\u00ednez<\/strong>. Durante la jornada tambi\u00e9n se present\u00f3 la <strong data-start=\"1079\" data-end=\"1118\">campa\u00f1a para captar nuevas empresas<\/strong> para la edici\u00f3n de este a\u00f1o, con el objetivo de consolidar este distintivo entre la oferta tur\u00edstica asturiana.<\/p>\n<p data-start=\"1232\" data-end=\"1518\">En su intervenci\u00f3n, Mart\u00ednez destac\u00f3 la apuesta del Gobierno de Asturias por <strong data-start=\"1309\" data-end=\"1373\">un modelo tur\u00edstico basado en la sostenibilidad y la calidad<\/strong>, y subray\u00f3 la importancia de seguir incorporando empresas a sistemas de gesti\u00f3n que refuercen la competitividad y la responsabilidad del sector.<\/p>\n<p data-start=\"1520\" data-end=\"1888\">En este marco, el Principado colabora con el ICTES mediante <strong data-start=\"1580\" data-end=\"1625\">una subvenci\u00f3n nominativa de 50.000 euros<\/strong> destinada a fomentar la implantaci\u00f3n de modelos de gesti\u00f3n de la sostenibilidad. La iniciativa incluye <strong data-start=\"1729\" data-end=\"1805\">acciones formativas, asistencia t\u00e9cnica individualizada y acompa\u00f1amiento<\/strong> durante todo el proceso y en la auditor\u00eda necesaria para obtener la certificaci\u00f3n.<\/p>\n<h2 data-section-id=\"w1ubl4\" data-start=\"1890\" data-end=\"1926\">Empresas certificadas en Asturias<\/h2>\n<p data-start=\"1928\" data-end=\"2027\">Las empresas que han obtenido la certificaci\u00f3n \u2018S\u2019 de Sostenibilidad Tur\u00edstica en esta edici\u00f3n son:<\/p>\n<ul data-start=\"2029\" data-end=\"2830\">\n<li data-section-id=\"199a9nq\" data-start=\"2029\" data-end=\"2076\">\n<p data-start=\"2031\" data-end=\"2076\">Hotel Arcea Mirador de Cabrales (Cabrales).<\/p>\n<\/li>\n<li data-section-id=\"yo1831\" data-start=\"2077\" data-end=\"2113\">\n<p data-start=\"2079\" data-end=\"2113\">Restaurante As de Picas (Gij\u00f3n).<\/p>\n<\/li>\n<li data-section-id=\"1skk14n\" data-start=\"2114\" data-end=\"2139\">\n<p data-start=\"2116\" data-end=\"2139\">Camping Deva (Gij\u00f3n).<\/p>\n<\/li>\n<li data-section-id=\"1waraq1\" data-start=\"2140\" data-end=\"2176\">\n<p data-start=\"2142\" data-end=\"2176\">HolaCamp La Franca (Ribadedeva).<\/p>\n<\/li>\n<li data-section-id=\"1erd8nl\" data-start=\"2177\" data-end=\"2225\">\n<p data-start=\"2179\" data-end=\"2225\">Hotel Arcea Palacio de las Nieves (Langreo).<\/p>\n<\/li>\n<li data-section-id=\"z3soeb\" data-start=\"2226\" data-end=\"2275\">\n<p data-start=\"2228\" data-end=\"2275\">Alojamientos Rurales La Vallicuerra (Mieres).<\/p>\n<\/li>\n<li data-section-id=\"gkx5e7\" data-start=\"2276\" data-end=\"2319\">\n<p data-start=\"2278\" data-end=\"2319\">Hotel Marqu\u00e9s de la Moral (Castrill\u00f3n).<\/p>\n<\/li>\n<li data-section-id=\"x2pt7p\" data-start=\"2320\" data-end=\"2356\">\n<p data-start=\"2322\" data-end=\"2356\">Catering A Mesa Puesta (Oviedo).<\/p>\n<\/li>\n<li data-section-id=\"3fsumf\" data-start=\"2357\" data-end=\"2394\">\n<p data-start=\"2359\" data-end=\"2394\">Otea Hosteler\u00eda y Turismo Oviedo.<\/p>\n<\/li>\n<li data-section-id=\"nix0bk\" data-start=\"2395\" data-end=\"2431\">\n<p data-start=\"2397\" data-end=\"2431\">Otea Hosteler\u00eda y Turismo Gij\u00f3n.<\/p>\n<\/li>\n<li data-section-id=\"ffcdcy\" data-start=\"2432\" data-end=\"2495\">\n<p data-start=\"2434\" data-end=\"2495\">Otea Hosteler\u00eda y Turismo Pol\u00edgono Industrial de Olloniego.<\/p>\n<\/li>\n<li data-section-id=\"o9sqfc\" data-start=\"2496\" data-end=\"2536\">\n<p data-start=\"2498\" data-end=\"2536\">Princesa Munia Hotel &amp; Spa (Oviedo).<\/p>\n<\/li>\n<li data-section-id=\"1qtfwtn\" data-start=\"2537\" data-end=\"2563\">\n<p data-start=\"2539\" data-end=\"2563\">Green Hostel (Oviedo).<\/p>\n<\/li>\n<li data-section-id=\"138zlhi\" data-start=\"2564\" data-end=\"2630\">\n<p data-start=\"2566\" data-end=\"2630\">Alojamientos rurales Balc\u00f3n de Oscos (Santa Eulalia de Oscos).<\/p>\n<\/li>\n<li data-section-id=\"cdjrl1\" data-start=\"2631\" data-end=\"2668\">\n<p data-start=\"2633\" data-end=\"2668\">Apartamentos Marina (Castrill\u00f3n).<\/p>\n<\/li>\n<li data-section-id=\"ihbnh9\" data-start=\"2669\" data-end=\"2708\">\n<p data-start=\"2671\" data-end=\"2708\">Sidrer\u00eda Las Gaviotas (Castrill\u00f3n).<\/p>\n<\/li>\n<li data-section-id=\"1vf4w8l\" data-start=\"2709\" data-end=\"2747\">\n<p data-start=\"2711\" data-end=\"2747\">Camping Las Gaviotas (Castrill\u00f3n).<\/p>\n<\/li>\n<li data-section-id=\"3d9ht5\" data-start=\"2748\" data-end=\"2792\">\n<p data-start=\"2750\" data-end=\"2792\">Hotel Arcea Villaviciosa (Villaviciosa).<\/p>\n<\/li>\n<li data-section-id=\"1ayx7xm\" data-start=\"2793\" data-end=\"2830\">\n<p data-start=\"2795\" data-end=\"2830\">Restaurante El Torneiro (Villay\u00f3n).<\/p>\n<\/li>\n<\/ul>\n<p data-start=\"2832\" data-end=\"3084\">Actualmente <strong data-start=\"2844\" data-end=\"2878\">633 establecimientos en Espa\u00f1a<\/strong> cuentan con certificaciones \u2018S\u2019 de sostenibilidad. En el caso de Asturias hay <strong data-start=\"2957\" data-end=\"2985\">26 entidades acreditadas<\/strong>, lo que sit\u00faa al Principado como <strong data-start=\"3019\" data-end=\"3083\">la quinta comunidad aut\u00f3noma con mayor n\u00famero de distintivos<\/strong>.<\/p>\n<p data-start=\"3086\" data-end=\"3346\" data-is-last-node=\"\" data-is-only-node=\"\">La entrega de estas certificaciones forma parte de la estrategia del Gobierno de Asturias para consolidar <strong data-start=\"3192\" data-end=\"3275\">un modelo tur\u00edstico basado en la calidad, la sostenibilidad y la competitividad<\/strong>, en l\u00ednea con los objetivos de la <strong data-start=\"3310\" data-end=\"3345\">Estrategia de Turismo 2020-2030<\/strong>.<\/p>\n","protected":false},"excerpt":{"rendered":"<p>Diecinueve empresas tur\u00edsticas de Asturias han recibido el sello \u2018S\u2019 de sostenibilidad, un distintivo que reconoce la aplicaci\u00f3n de est\u00e1ndares alineados con los Objetivos de Desarrollo Sostenible. El Gobierno del Principado y el Instituto para la Calidad Tur\u00edstica Espa\u00f1ola y la Sostenibilidad (ICTES) han entregado en Villaviciosa las certificaciones \u2018S\u2019 de sostenibilidad tur\u00edstica a 19<\/p>\n","protected":false},"author":1,"featured_media":192779,"comment_status":"closed","ping_status":"closed","sticky":false,"template":"","format":"standard","meta":{"footnotes":""},"categories":[151,316],"tags":[380,383],"class_list":{"0":"post-192778","1":"post","2":"type-post","3":"status-publish","4":"format-standard","5":"has-post-thumbnail","7":"category-canal-empresas","8":"category-destacadas","9":"tag-asturias","10":"tag-empresas"},"aioseo_notices":[],"aioseo_head":"\n\t\t<!-- All in One SEO Pro 4.9.6.2 - aioseo.com -->\n\t<meta name=\"description\" content=\"Diecinueve empresas tur\u00edsticas de Asturias han recibido el sello \u2018S\u2019 de sostenibilidad, un distintivo que reconoce la aplicaci\u00f3n de est\u00e1ndares alineados\" \/>\n\t<meta name=\"robots\" content=\"max-image-preview:large\" \/>\n\t<meta name=\"author\" content=\"Cand\u00e1s 365\"\/>\n\t<meta name=\"google-site-verification\" content=\"UA-32230408-1\" \/>\n\t<meta name=\"msvalidate.01\" content=\"354F3CDFB2DA171B47FBE9ABF1F88D5\" \/>\n\t<meta name=\"keywords\" content=\"canal empresas,destacadas\" \/>\n\t<link rel=\"canonical\" href=\"https:\/\/candas365.es\/noticias\/19-empresas-turisticas-de-asturias-logran-el-sello-s\/\" \/>\n\t<meta name=\"generator\" content=\"All in One SEO Pro (AIOSEO) 4.9.6.2\" \/>\n\t\t<meta property=\"og:locale\" content=\"es_ES\" \/>\n\t\t<meta property=\"og:site_name\" content=\"Cand\u00e1s 365\" \/>\n\t\t<meta property=\"og:type\" content=\"article\" \/>\n\t\t<meta property=\"og:title\" content=\"19 empresas tur\u00edsticas de Asturias logran el sello \u00abS\u00bb | Cand\u00e1s 365\" \/>\n\t\t<meta property=\"og:description\" content=\"Diecinueve empresas tur\u00edsticas de Asturias han recibido el sello \u2018S\u2019 de sostenibilidad, un distintivo que reconoce la aplicaci\u00f3n de est\u00e1ndares alineados\" \/>\n\t\t<meta property=\"og:url\" content=\"https:\/\/candas365.es\/noticias\/19-empresas-turisticas-de-asturias-logran-el-sello-s\/\" \/>\n\t\t<meta property=\"og:image\" content=\"https:\/\/candas365.es\/noticias\/wp-content\/uploads\/2026\/03\/empresas-turisticas-de-Asturias-.jpg\" \/>\n\t\t<meta property=\"og:image:secure_url\" content=\"https:\/\/candas365.es\/noticias\/wp-content\/uploads\/2026\/03\/empresas-turisticas-de-Asturias-.jpg\" \/>\n\t\t<meta property=\"og:image:width\" content=\"1139\" \/>\n\t\t<meta property=\"og:image:height\" content=\"848\" \/>\n\t\t<meta property=\"article:published_time\" content=\"2026-03-11T20:58:16+00:00\" \/>\n\t\t<meta property=\"article:modified_time\" content=\"2026-03-11T20:58:16+00:00\" \/>\n\t\t<meta property=\"article:publisher\" content=\"https:\/\/www.facebook.com\/Nachofdezber\" \/>\n\t\t<meta property=\"article:author\" content=\"https:\/\/www.facebook.com\/carrenoactualidad\" \/>\n\t\t<meta name=\"twitter:card\" content=\"summary_large_image\" \/>\n\t\t<meta name=\"twitter:site\" content=\"@NabercoDigital\" \/>\n\t\t<meta name=\"twitter:title\" content=\"19 empresas tur\u00edsticas de Asturias logran el sello \u00abS\u00bb | Cand\u00e1s 365\" \/>\n\t\t<meta name=\"twitter:description\" content=\"Diecinueve empresas tur\u00edsticas de Asturias han recibido el sello \u2018S\u2019 de sostenibilidad, un distintivo que reconoce la aplicaci\u00f3n de est\u00e1ndares alineados\" \/>\n\t\t<meta name=\"twitter:creator\" content=\"@nbasturias\" \/>\n\t\t<meta name=\"twitter:image\" content=\"https:\/\/candas365.es\/noticias\/wp-content\/uploads\/2026\/03\/empresas-turisticas-de-Asturias-.jpg\" \/>\n\t\t<meta name=\"twitter:label1\" content=\"Escrito por\" \/>\n\t\t<meta name=\"twitter:data1\" content=\"Cand\u00e1s 365\" \/>\n\t\t<meta name=\"twitter:label2\" content=\"Tiempo de lectura estimado\" \/>\n\t\t<meta name=\"twitter:data2\" content=\"2 minutos\" \/>\n\t\t<script type=\"application\/ld+json\" class=\"aioseo-schema\">\n\t\t\t{\"@context\":\"https:\\\/\\\/schema.org\",\"@graph\":[{\"@type\":\"BreadcrumbList\",\"@id\":\"https:\\\/\\\/candas365.es\\\/noticias\\\/19-empresas-turisticas-de-asturias-logran-el-sello-s\\\/#breadcrumblist\",\"itemListElement\":[{\"@type\":\"ListItem\",\"@id\":\"https:\\\/\\\/candas365.es\\\/noticias#listItem\",\"position\":1,\"name\":\"Home\",\"item\":\"https:\\\/\\\/candas365.es\\\/noticias\",\"nextItem\":{\"@type\":\"ListItem\",\"@id\":\"https:\\\/\\\/candas365.es\\\/noticias\\\/category\\\/canal-empresas\\\/#listItem\",\"name\":\"Canal Empresas\"}},{\"@type\":\"ListItem\",\"@id\":\"https:\\\/\\\/candas365.es\\\/noticias\\\/category\\\/canal-empresas\\\/#listItem\",\"position\":2,\"name\":\"Canal Empresas\",\"item\":\"https:\\\/\\\/candas365.es\\\/noticias\\\/category\\\/canal-empresas\\\/\",\"nextItem\":{\"@type\":\"ListItem\",\"@id\":\"https:\\\/\\\/candas365.es\\\/noticias\\\/19-empresas-turisticas-de-asturias-logran-el-sello-s\\\/#listItem\",\"name\":\"19 empresas tur\\u00edsticas de Asturias logran el sello \\u00abS\\u00bb\"},\"previousItem\":{\"@type\":\"ListItem\",\"@id\":\"https:\\\/\\\/candas365.es\\\/noticias#listItem\",\"name\":\"Home\"}},{\"@type\":\"ListItem\",\"@id\":\"https:\\\/\\\/candas365.es\\\/noticias\\\/19-empresas-turisticas-de-asturias-logran-el-sello-s\\\/#listItem\",\"position\":3,\"name\":\"19 empresas tur\\u00edsticas de Asturias logran el sello \\u00abS\\u00bb\",\"previousItem\":{\"@type\":\"ListItem\",\"@id\":\"https:\\\/\\\/candas365.es\\\/noticias\\\/category\\\/canal-empresas\\\/#listItem\",\"name\":\"Canal Empresas\"}}]},{\"@type\":\"NewsArticle\",\"@id\":\"https:\\\/\\\/candas365.es\\\/noticias\\\/19-empresas-turisticas-de-asturias-logran-el-sello-s\\\/#newsarticle\",\"name\":\"19 empresas tur\\u00edsticas de Asturias logran el sello \\u00abS\\u00bb | Cand\\u00e1s 365\",\"headline\":\"19 empresas tur\\u00edsticas de Asturias logran el sello \\u00abS\\u00bb\",\"author\":{\"@id\":\"https:\\\/\\\/candas365.es\\\/noticias\\\/author\\\/admin\\\/#author\"},\"publisher\":{\"@id\":\"https:\\\/\\\/candas365.es\\\/noticias\\\/#organization\"},\"image\":{\"@type\":\"ImageObject\",\"url\":\"https:\\\/\\\/candas365.es\\\/noticias\\\/wp-content\\\/uploads\\\/2026\\\/03\\\/empresas-turisticas-de-Asturias-.jpg\",\"width\":1139,\"height\":848,\"caption\":\"Foto: Prensa Principado de Asturias\"},\"datePublished\":\"2026-03-11T21:58:16+01:00\",\"dateModified\":\"2026-03-11T21:58:16+01:00\",\"inLanguage\":\"es-ES\",\"mainEntityOfPage\":{\"@id\":\"https:\\\/\\\/candas365.es\\\/noticias\\\/19-empresas-turisticas-de-asturias-logran-el-sello-s\\\/#webpage\"},\"isPartOf\":{\"@id\":\"https:\\\/\\\/candas365.es\\\/noticias\\\/19-empresas-turisticas-de-asturias-logran-el-sello-s\\\/#webpage\"},\"articleSection\":\"Canal Empresas, Destacadas, Asturias, empresas\",\"dateline\":\"Publicado el marzo 11, 2026.\"},{\"@type\":\"Organization\",\"@id\":\"https:\\\/\\\/candas365.es\\\/noticias\\\/#organization\",\"name\":\"Cand\\u00e1s 365\",\"description\":\"Cand\\u00e1s 365 es un diario digital independiente, fundado en 2012, con base en Asturias. Informamos con rigor sobre actualidad, sociedad, cultura y ocio, con una mirada local y global.\",\"url\":\"https:\\\/\\\/candas365.es\\\/noticias\\\/\",\"email\":\"info@candas365.es\",\"telephone\":\"+34652131393\",\"foundingDate\":\"2012-06-10\",\"logo\":{\"@type\":\"ImageObject\",\"url\":\"https:\\\/\\\/candas365.es\\\/noticias\\\/wp-content\\\/uploads\\\/2024\\\/09\\\/Candas-365-Redes.jpg\",\"@id\":\"https:\\\/\\\/candas365.es\\\/noticias\\\/19-empresas-turisticas-de-asturias-logran-el-sello-s\\\/#organizationLogo\",\"width\":1152,\"height\":864,\"caption\":\"Cand\\u00e1s 365 Redes\"},\"image\":{\"@id\":\"https:\\\/\\\/candas365.es\\\/noticias\\\/19-empresas-turisticas-de-asturias-logran-el-sello-s\\\/#organizationLogo\"},\"sameAs\":[\"https:\\\/\\\/www.facebook.com\\\/Nachofdezber\",\"https:\\\/\\\/x.com\\\/NabercoDigital\",\"https:\\\/\\\/www.instagram.com\\\/nachofdezber\\\/\",\"https:\\\/\\\/www.youtube.com\\\/channel\\\/UCZP-2wLEB9Rv6erhFmqVnvg\"],\"address\":{\"@id\":\"https:\\\/\\\/candas365.es\\\/noticias\\\/#postaladdress\",\"@type\":\"PostalAddress\",\"streetAddress\":\"san antonio 4, san antonio 4\",\"postalCode\":\"33430\",\"addressLocality\":\"Cand\\u00e1s\",\"addressRegion\":\"Asturias\",\"addressCountry\":\"ES\"}},{\"@type\":\"Person\",\"@id\":\"https:\\\/\\\/candas365.es\\\/noticias\\\/author\\\/admin\\\/#author\",\"url\":\"https:\\\/\\\/candas365.es\\\/noticias\\\/author\\\/admin\\\/\",\"name\":\"Cand\\u00e1s 365\",\"image\":{\"@type\":\"ImageObject\",\"@id\":\"https:\\\/\\\/candas365.es\\\/noticias\\\/19-empresas-turisticas-de-asturias-logran-el-sello-s\\\/#authorImage\",\"url\":\"https:\\\/\\\/secure.gravatar.com\\\/avatar\\\/496a8e03d0c493ede1718b7934145dbdf8d89be1036b0eec9544e1094c9de390?s=96&d=mm&r=g\",\"width\":96,\"height\":96,\"caption\":\"Cand\\u00e1s 365\"},\"sameAs\":[\"https:\\\/\\\/www.facebook.com\\\/carrenoactualidad\",\"https:\\\/\\\/twitter.com\\\/nbasturias\",\"https:\\\/\\\/www.instagram.com\\\/nachofdezber\\\/\",\"https:\\\/\\\/www.youtube.com\\\/channel\\\/UCZP-2wLEB9Rv6erhFmqVnvg\"]},{\"@type\":\"WebPage\",\"@id\":\"https:\\\/\\\/candas365.es\\\/noticias\\\/19-empresas-turisticas-de-asturias-logran-el-sello-s\\\/#webpage\",\"url\":\"https:\\\/\\\/candas365.es\\\/noticias\\\/19-empresas-turisticas-de-asturias-logran-el-sello-s\\\/\",\"name\":\"19 empresas tur\\u00edsticas de Asturias logran el sello \\u00abS\\u00bb | Cand\\u00e1s 365\",\"description\":\"Diecinueve empresas tur\\u00edsticas de Asturias han recibido el sello \\u2018S\\u2019 de sostenibilidad, un distintivo que reconoce la aplicaci\\u00f3n de est\\u00e1ndares alineados\",\"inLanguage\":\"es-ES\",\"isPartOf\":{\"@id\":\"https:\\\/\\\/candas365.es\\\/noticias\\\/#website\"},\"breadcrumb\":{\"@id\":\"https:\\\/\\\/candas365.es\\\/noticias\\\/19-empresas-turisticas-de-asturias-logran-el-sello-s\\\/#breadcrumblist\"},\"author\":{\"@id\":\"https:\\\/\\\/candas365.es\\\/noticias\\\/author\\\/admin\\\/#author\"},\"creator\":{\"@id\":\"https:\\\/\\\/candas365.es\\\/noticias\\\/author\\\/admin\\\/#author\"},\"image\":{\"@type\":\"ImageObject\",\"url\":\"https:\\\/\\\/candas365.es\\\/noticias\\\/wp-content\\\/uploads\\\/2026\\\/03\\\/empresas-turisticas-de-Asturias-.jpg\",\"@id\":\"https:\\\/\\\/candas365.es\\\/noticias\\\/19-empresas-turisticas-de-asturias-logran-el-sello-s\\\/#mainImage\",\"width\":1139,\"height\":848,\"caption\":\"Foto: Prensa Principado de Asturias\"},\"primaryImageOfPage\":{\"@id\":\"https:\\\/\\\/candas365.es\\\/noticias\\\/19-empresas-turisticas-de-asturias-logran-el-sello-s\\\/#mainImage\"},\"datePublished\":\"2026-03-11T21:58:16+01:00\",\"dateModified\":\"2026-03-11T21:58:16+01:00\"},{\"@type\":\"WebSite\",\"@id\":\"https:\\\/\\\/candas365.es\\\/noticias\\\/#website\",\"url\":\"https:\\\/\\\/candas365.es\\\/noticias\\\/\",\"name\":\"Cand\\u00e1s 365\",\"alternateName\":\"Cand\\u00e1s 365 Noticias\",\"description\":\"Actualidad desde Carre\\u00f1o para el mundo\",\"inLanguage\":\"es-ES\",\"publisher\":{\"@id\":\"https:\\\/\\\/candas365.es\\\/noticias\\\/#organization\"}}]}\n\t\t<\/script>\n\t\t<!-- All in One SEO Pro -->\r\n\t\t<title>19 empresas tur\u00edsticas de Asturias logran el sello \u00abS\u00bb | Cand\u00e1s 365<\/title>\n\n","aioseo_head_json":{"title":"19 empresas tur\u00edsticas de Asturias logran el sello \u00abS\u00bb | Cand\u00e1s 365","description":"Diecinueve empresas tur\u00edsticas de Asturias han recibido el sello \u2018S\u2019 de sostenibilidad, un distintivo que reconoce la aplicaci\u00f3n de est\u00e1ndares alineados","canonical_url":"https:\/\/candas365.es\/noticias\/19-empresas-turisticas-de-asturias-logran-el-sello-s\/","robots":"max-image-preview:large","keywords":"canal empresas,destacadas","webmasterTools":{"google-site-verification":"UA-32230408-1","msvalidate.01":"354F3CDFB2DA171B47FBE9ABF1F88D5","miscellaneous":""},"schema":{"@context":"https:\/\/schema.org","@graph":[{"@type":"BreadcrumbList","@id":"https:\/\/candas365.es\/noticias\/19-empresas-turisticas-de-asturias-logran-el-sello-s\/#breadcrumblist","itemListElement":[{"@type":"ListItem","@id":"https:\/\/candas365.es\/noticias#listItem","position":1,"name":"Home","item":"https:\/\/candas365.es\/noticias","nextItem":{"@type":"ListItem","@id":"https:\/\/candas365.es\/noticias\/category\/canal-empresas\/#listItem","name":"Canal Empresas"}},{"@type":"ListItem","@id":"https:\/\/candas365.es\/noticias\/category\/canal-empresas\/#listItem","position":2,"name":"Canal Empresas","item":"https:\/\/candas365.es\/noticias\/category\/canal-empresas\/","nextItem":{"@type":"ListItem","@id":"https:\/\/candas365.es\/noticias\/19-empresas-turisticas-de-asturias-logran-el-sello-s\/#listItem","name":"19 empresas tur\u00edsticas de Asturias logran el sello \u00abS\u00bb"},"previousItem":{"@type":"ListItem","@id":"https:\/\/candas365.es\/noticias#listItem","name":"Home"}},{"@type":"ListItem","@id":"https:\/\/candas365.es\/noticias\/19-empresas-turisticas-de-asturias-logran-el-sello-s\/#listItem","position":3,"name":"19 empresas tur\u00edsticas de Asturias logran el sello \u00abS\u00bb","previousItem":{"@type":"ListItem","@id":"https:\/\/candas365.es\/noticias\/category\/canal-empresas\/#listItem","name":"Canal Empresas"}}]},{"@type":"NewsArticle","@id":"https:\/\/candas365.es\/noticias\/19-empresas-turisticas-de-asturias-logran-el-sello-s\/#newsarticle","name":"19 empresas tur\u00edsticas de Asturias logran el sello \u00abS\u00bb | Cand\u00e1s 365","headline":"19 empresas tur\u00edsticas de Asturias logran el sello \u00abS\u00bb","author":{"@id":"https:\/\/candas365.es\/noticias\/author\/admin\/#author"},"publisher":{"@id":"https:\/\/candas365.es\/noticias\/#organization"},"image":{"@type":"ImageObject","url":"https:\/\/candas365.es\/noticias\/wp-content\/uploads\/2026\/03\/empresas-turisticas-de-Asturias-.jpg","width":1139,"height":848,"caption":"Foto: Prensa Principado de Asturias"},"datePublished":"2026-03-11T21:58:16+01:00","dateModified":"2026-03-11T21:58:16+01:00","inLanguage":"es-ES","mainEntityOfPage":{"@id":"https:\/\/candas365.es\/noticias\/19-empresas-turisticas-de-asturias-logran-el-sello-s\/#webpage"},"isPartOf":{"@id":"https:\/\/candas365.es\/noticias\/19-empresas-turisticas-de-asturias-logran-el-sello-s\/#webpage"},"articleSection":"Canal Empresas, Destacadas, Asturias, empresas","dateline":"Publicado el marzo 11, 2026."},{"@type":"Organization","@id":"https:\/\/candas365.es\/noticias\/#organization","name":"Cand\u00e1s 365","description":"Cand\u00e1s 365 es un diario digital independiente, fundado en 2012, con base en Asturias. Informamos con rigor sobre actualidad, sociedad, cultura y ocio, con una mirada local y global.","url":"https:\/\/candas365.es\/noticias\/","email":"info@candas365.es","telephone":"+34652131393","foundingDate":"2012-06-10","logo":{"@type":"ImageObject","url":"https:\/\/candas365.es\/noticias\/wp-content\/uploads\/2024\/09\/Candas-365-Redes.jpg","@id":"https:\/\/candas365.es\/noticias\/19-empresas-turisticas-de-asturias-logran-el-sello-s\/#organizationLogo","width":1152,"height":864,"caption":"Cand\u00e1s 365 Redes"},"image":{"@id":"https:\/\/candas365.es\/noticias\/19-empresas-turisticas-de-asturias-logran-el-sello-s\/#organizationLogo"},"sameAs":["https:\/\/www.facebook.com\/Nachofdezber","https:\/\/x.com\/NabercoDigital","https:\/\/www.instagram.com\/nachofdezber\/","https:\/\/www.youtube.com\/channel\/UCZP-2wLEB9Rv6erhFmqVnvg"],"address":{"@id":"https:\/\/candas365.es\/noticias\/#postaladdress","@type":"PostalAddress","streetAddress":"san antonio 4, san antonio 4","postalCode":"33430","addressLocality":"Cand\u00e1s","addressRegion":"Asturias","addressCountry":"ES"}},{"@type":"Person","@id":"https:\/\/candas365.es\/noticias\/author\/admin\/#author","url":"https:\/\/candas365.es\/noticias\/author\/admin\/","name":"Cand\u00e1s 365","image":{"@type":"ImageObject","@id":"https:\/\/candas365.es\/noticias\/19-empresas-turisticas-de-asturias-logran-el-sello-s\/#authorImage","url":"https:\/\/secure.gravatar.com\/avatar\/496a8e03d0c493ede1718b7934145dbdf8d89be1036b0eec9544e1094c9de390?s=96&d=mm&r=g","width":96,"height":96,"caption":"Cand\u00e1s 365"},"sameAs":["https:\/\/www.facebook.com\/carrenoactualidad","https:\/\/twitter.com\/nbasturias","https:\/\/www.instagram.com\/nachofdezber\/","https:\/\/www.youtube.com\/channel\/UCZP-2wLEB9Rv6erhFmqVnvg"]},{"@type":"WebPage","@id":"https:\/\/candas365.es\/noticias\/19-empresas-turisticas-de-asturias-logran-el-sello-s\/#webpage","url":"https:\/\/candas365.es\/noticias\/19-empresas-turisticas-de-asturias-logran-el-sello-s\/","name":"19 empresas tur\u00edsticas de Asturias logran el sello \u00abS\u00bb | Cand\u00e1s 365","description":"Diecinueve empresas tur\u00edsticas de Asturias han recibido el sello \u2018S\u2019 de sostenibilidad, un distintivo que reconoce la aplicaci\u00f3n de est\u00e1ndares alineados","inLanguage":"es-ES","isPartOf":{"@id":"https:\/\/candas365.es\/noticias\/#website"},"breadcrumb":{"@id":"https:\/\/candas365.es\/noticias\/19-empresas-turisticas-de-asturias-logran-el-sello-s\/#breadcrumblist"},"author":{"@id":"https:\/\/candas365.es\/noticias\/author\/admin\/#author"},"creator":{"@id":"https:\/\/candas365.es\/noticias\/author\/admin\/#author"},"image":{"@type":"ImageObject","url":"https:\/\/candas365.es\/noticias\/wp-content\/uploads\/2026\/03\/empresas-turisticas-de-Asturias-.jpg","@id":"https:\/\/candas365.es\/noticias\/19-empresas-turisticas-de-asturias-logran-el-sello-s\/#mainImage","width":1139,"height":848,"caption":"Foto: Prensa Principado de Asturias"},"primaryImageOfPage":{"@id":"https:\/\/candas365.es\/noticias\/19-empresas-turisticas-de-asturias-logran-el-sello-s\/#mainImage"},"datePublished":"2026-03-11T21:58:16+01:00","dateModified":"2026-03-11T21:58:16+01:00"},{"@type":"WebSite","@id":"https:\/\/candas365.es\/noticias\/#website","url":"https:\/\/candas365.es\/noticias\/","name":"Cand\u00e1s 365","alternateName":"Cand\u00e1s 365 Noticias","description":"Actualidad desde Carre\u00f1o para el mundo","inLanguage":"es-ES","publisher":{"@id":"https:\/\/candas365.es\/noticias\/#organization"}}]},"og:locale":"es_ES","og:site_name":"Cand\u00e1s 365","og:type":"article","og:title":"19 empresas tur\u00edsticas de Asturias logran el sello \u00abS\u00bb | Cand\u00e1s 365","og:description":"Diecinueve empresas tur\u00edsticas de Asturias han recibido el sello \u2018S\u2019 de sostenibilidad, un distintivo que reconoce la aplicaci\u00f3n de est\u00e1ndares alineados","og:url":"https:\/\/candas365.es\/noticias\/19-empresas-turisticas-de-asturias-logran-el-sello-s\/","og:image":"https:\/\/candas365.es\/noticias\/wp-content\/uploads\/2026\/03\/empresas-turisticas-de-Asturias-.jpg","og:image:secure_url":"https:\/\/candas365.es\/noticias\/wp-content\/uploads\/2026\/03\/empresas-turisticas-de-Asturias-.jpg","og:image:width":1139,"og:image:height":848,"article:published_time":"2026-03-11T20:58:16+00:00","article:modified_time":"2026-03-11T20:58:16+00:00","article:publisher":"https:\/\/www.facebook.com\/Nachofdezber","article:author":"https:\/\/www.facebook.com\/carrenoactualidad","twitter:card":"summary_large_image","twitter:site":"@NabercoDigital","twitter:title":"19 empresas tur\u00edsticas de Asturias logran el sello \u00abS\u00bb | Cand\u00e1s 365","twitter:description":"Diecinueve empresas tur\u00edsticas de Asturias han recibido el sello \u2018S\u2019 de sostenibilidad, un distintivo que reconoce la aplicaci\u00f3n de est\u00e1ndares alineados","twitter:creator":"@nbasturias","twitter:image":"https:\/\/candas365.es\/noticias\/wp-content\/uploads\/2026\/03\/empresas-turisticas-de-Asturias-.jpg","twitter:label1":"Escrito por","twitter:data1":"Cand\u00e1s 365","twitter:label2":"Tiempo de lectura estimado","twitter:data2":"2 minutos"},"aioseo_meta_data":{"post_id":"192778","title":null,"description":"Diecinueve empresas tur\u00edsticas de Asturias han recibido el sello \u2018S\u2019 de sostenibilidad, un distintivo que reconoce la aplicaci\u00f3n de est\u00e1ndares alineados","keywords":null,"keyphrases":{"focus":{"keyphrase":"Asturias","score":100,"analysis":{"keyphraseInTitle":{"score":9,"maxScore":9,"error":0},"keyphraseInDescription":{"score":9,"maxScore":9,"error":0},"keyphraseLength":{"score":9,"maxScore":9,"error":0,"length":1},"keyphraseInURL":{"score":5,"maxScore":5,"error":0},"keyphraseInIntroduction":{"score":9,"maxScore":9,"error":0},"keyphraseInSubHeadings":{"score":9,"maxScore":9,"error":0},"keyphraseInImageAlt":{"score":9,"maxScore":9,"error":0},"keywordDensity":{"type":"best","score":9,"maxScore":9,"error":0}}},"additional":[{"keyphrase":"empresas tur\u00edsticas","score":80,"analysis":{"keyphraseInDescription":{"score":9,"maxScore":9,"error":0},"keyphraseLength":{"score":9,"maxScore":9,"error":0,"length":3},"keyphraseInIntroduction":{"score":9,"maxScore":9,"error":0},"keyphraseInImageAlt":{"score":9,"maxScore":9,"error":0},"keywordDensity":{"score":0,"type":"low","maxScore":9,"error":1}}}]},"primary_term":null,"canonical_url":null,"og_title":null,"og_description":null,"og_object_type":"default","og_image_type":"default","og_image_url":null,"og_image_width":null,"og_image_height":null,"og_image_custom_url":null,"og_image_custom_fields":null,"og_video":"","og_custom_url":null,"og_article_section":null,"og_article_tags":null,"twitter_use_og":false,"twitter_card":"default","twitter_image_type":"default","twitter_image_url":null,"twitter_image_custom_url":null,"twitter_image_custom_fields":null,"twitter_title":null,"twitter_description":null,"schema":{"blockGraphs":[],"customGraphs":[],"default":{"data":{"Article":[],"Course":[],"Dataset":[],"FAQPage":[],"Movie":[],"Person":[],"Product":[],"ProductReview":[],"Car":[],"Recipe":[],"Service":[],"SoftwareApplication":[],"WebPage":[]},"graphName":"NewsArticle","isEnabled":true},"graphs":[]},"schema_type":"default","schema_type_options":null,"pillar_content":false,"robots_default":true,"robots_noindex":false,"robots_noarchive":false,"robots_nosnippet":false,"robots_nofollow":false,"robots_noimageindex":false,"robots_noodp":false,"robots_notranslate":false,"robots_max_snippet":"-1","robots_max_videopreview":"-1","robots_max_imagepreview":"large","priority":null,"frequency":"default","location":null,"local_seo":null,"seo_analyzer_scan_date":"2026-03-11 21:16:43","breadcrumb_settings":null,"limit_modified_date":false,"reviewed_by":null,"open_ai":null,"ai":{"faqs":[],"keyPoints":[],"titles":[],"descriptions":[],"socialPosts":{"email":[],"linkedin":[],"twitter":[],"facebook":[],"instagram":[]}},"created":"2026-03-11 20:45:46","updated":"2026-03-11 21:29:13"},"aioseo_breadcrumb":"<div class=\"aioseo-breadcrumbs\"><span class=\"aioseo-breadcrumb\">\n\t<a href=\"https:\/\/candas365.es\/noticias\" title=\"Home\">Home<\/a>\n<\/span><span class=\"aioseo-breadcrumb-separator\">&ndash;<\/span><span class=\"aioseo-breadcrumb\">\n\t<a href=\"https:\/\/candas365.es\/noticias\/category\/canal-empresas\/\" title=\"Canal Empresas\">Canal Empresas<\/a>\n<\/span><span class=\"aioseo-breadcrumb-separator\">&ndash;<\/span><span class=\"aioseo-breadcrumb\">\n\t19 empresas tur\u00edsticas de Asturias logran el sello \u00abS\u00bb\n<\/span><\/div>","aioseo_breadcrumb_json":[{"label":"Home","link":"https:\/\/candas365.es\/noticias"},{"label":"Canal Empresas","link":"https:\/\/candas365.es\/noticias\/category\/canal-empresas\/"},{"label":"19 empresas tur\u00edsticas de Asturias logran el sello \u00abS\u00bb","link":"https:\/\/candas365.es\/noticias\/19-empresas-turisticas-de-asturias-logran-el-sello-s\/"}],"_links":{"self":[{"href":"https:\/\/candas365.es\/noticias\/wp-json\/wp\/v2\/posts\/192778","targetHints":{"allow":["GET"]}}],"collection":[{"href":"https:\/\/candas365.es\/noticias\/wp-json\/wp\/v2\/posts"}],"about":[{"href":"https:\/\/candas365.es\/noticias\/wp-json\/wp\/v2\/types\/post"}],"author":[{"embeddable":true,"href":"https:\/\/candas365.es\/noticias\/wp-json\/wp\/v2\/users\/1"}],"replies":[{"embeddable":true,"href":"https:\/\/candas365.es\/noticias\/wp-json\/wp\/v2\/comments?post=192778"}],"version-history":[{"count":0,"href":"https:\/\/candas365.es\/noticias\/wp-json\/wp\/v2\/posts\/192778\/revisions"}],"wp:featuredmedia":[{"embeddable":true,"href":"https:\/\/candas365.es\/noticias\/wp-json\/wp\/v2\/media\/192779"}],"wp:attachment":[{"href":"https:\/\/candas365.es\/noticias\/wp-json\/wp\/v2\/media?parent=192778"}],"wp:term":[{"taxonomy":"category","embeddable":true,"href":"https:\/\/candas365.es\/noticias\/wp-json\/wp\/v2\/categories?post=192778"},{"taxonomy":"post_tag","embeddable":true,"href":"https:\/\/candas365.es\/noticias\/wp-json\/wp\/v2\/tags?post=192778"}],"curies":[{"name":"wp","href":"https:\/\/api.w.org\/{rel}","templated":true}]}}