{"id":192732,"date":"2026-03-10T14:55:29","date_gmt":"2026-03-10T13:55:29","guid":{"rendered":"https:\/\/candas365.es\/noticias\/?p=192732"},"modified":"2026-03-10T14:55:29","modified_gmt":"2026-03-10T13:55:29","slug":"mercadona-presenta-sus-resultados-de-2025","status":"publish","type":"post","link":"https:\/\/candas365.es\/noticias\/mercadona-presenta-sus-resultados-de-2025\/","title":{"rendered":"Mercadona presenta sus resultados de 2025"},"content":{"rendered":"<p><strong>Mercadona obtuvo un beneficio neto de 1.729 millones de euros en 2025<\/strong>, un 24,9% m\u00e1s que en el ejercicio anterior, y reparti\u00f3 780 millones de euros entre sus 115.000 trabajadores.<\/p>\n<figure id=\"attachment_192733\" aria-describedby=\"caption-attachment-192733\" style=\"width: 616px\" class=\"wp-caption aligncenter\"><img fetchpriority=\"high\" decoding=\"async\" class=\"size-large wp-image-192733\" src=\"https:\/\/candas365.es\/noticias\/wp-content\/uploads\/2026\/03\/Mercadona-presenta-sus-resultados-de-2025-616x480.jpg\" alt=\"Mercadona presenta sus resultados de 2025\" width=\"616\" height=\"480\" srcset=\"https:\/\/candas365.es\/noticias\/wp-content\/uploads\/2026\/03\/Mercadona-presenta-sus-resultados-de-2025-616x480.jpg 616w, https:\/\/candas365.es\/noticias\/wp-content\/uploads\/2026\/03\/Mercadona-presenta-sus-resultados-de-2025-360x280.jpg 360w, https:\/\/candas365.es\/noticias\/wp-content\/uploads\/2026\/03\/Mercadona-presenta-sus-resultados-de-2025-768x598.jpg 768w, https:\/\/candas365.es\/noticias\/wp-content\/uploads\/2026\/03\/Mercadona-presenta-sus-resultados-de-2025-150x117.jpg 150w, https:\/\/candas365.es\/noticias\/wp-content\/uploads\/2026\/03\/Mercadona-presenta-sus-resultados-de-2025-450x351.jpg 450w, https:\/\/candas365.es\/noticias\/wp-content\/uploads\/2026\/03\/Mercadona-presenta-sus-resultados-de-2025.jpg 1090w\" sizes=\"(max-width: 616px) 100vw, 616px\" \/><figcaption id=\"caption-attachment-192733\" class=\"wp-caption-text\">Juan Roig, este martes en la rueda de prensa de resultados | Foto de Mercadona<\/figcaption><\/figure>\n<p>Este crecimiento del beneficio neto, el m\u00e1s alto de su historia, estuvo apoyado por el r\u00e9cord de facturaci\u00f3n anual.<strong> La <a href=\"https:\/\/candas365.es\/noticias\/category\/canal-empresas\/\"><span style=\"color: #ff6600;\">compa\u00f1\u00eda<\/span><\/a> alcanz\u00f3 los 41.900 millones de cifra de negocio, un 8% m\u00e1s que en el a\u00f1o anterior. De estos, 39.800 correspondieron a su negocio en Espa\u00f1a y 2.093 a Portugal.<\/strong><\/p>\n<p>As\u00ed lo explic\u00f3 el presidente y fundador de la compa\u00f1\u00eda valenciana, Juan Roig, en la rueda de prensa de presentaci\u00f3n de resultados celebrada este martes en Valencia. Roig, quien elev\u00f3 el compartido beneficio compartido hasta los 3.200 millones de euros -a los 1.729 millones de euros de beneficio neto sum\u00f3 los 780 millones repartidos entre los trabajadores y 690 repartidos con la sociedad mediante el pago de impuestos-, explic\u00f3 que \u00abganar dinero es bueno, necesario y obligatorio\u00bb pero se\u00f1al\u00f3 que para Mercadona no solo persigue maximizar beneficios a\u00f1o a a\u00f1o sino adem\u00e1s satisfacer clientes, trabajadores, proveedores y la sociedad<\/p>\n<p>Asimismo, destac\u00f3 que de los 1.729 millones, 1.383 se han vuelto a reinvertir directamente en la empresa. De estos, 650 han ido destinados a nuevas reaperturas y reformas, 200 a construcci\u00f3n y reformas de bloques log\u00edsticos y 150 a digitalizaci\u00f3n. \u00abEl resto lo hemos acumulado en remanente de tesorer\u00eda\u00bb, explic\u00f3 el presidente de Mercadona, que se\u00f1al\u00f3 que 2026, en vista de los resultados de los primeros meses del a\u00f1o, va a ir muy bien si no sucede ning\u00fan imprevisto.<\/p>\n<h1>TICKETS POR TIENDA<\/h1>\n<p>Este crecimiento se ciment\u00f3 en el aumento de 115 tickets m\u00e1s por tienda y d\u00eda, hasta los 2.675 tickets por tienda diarios. Asimismo, la compa\u00f1\u00eda tambi\u00e9n aument\u00f3 la cuota de mercado un 0,6% y acapara ya el 28,5% de cuota de mercado. Por otra parte, del total de ventas, 1.061 millones correspondieron al negocio online, que correspondi\u00f3 al 2,5% del total de facturaci\u00f3n.<\/p>\n<p>Respecto al negocio en Portugal, Roig celebr\u00f3 el buen desempe\u00f1o de la compa\u00f1\u00eda valenciana en el pa\u00eds, donde ha conseguido obtener un beneficio de 26 millones de euros, casi 20 m\u00e1s que en 2024. Con una inversi\u00f3n de 140 millones de euros, la compa\u00f1\u00eda tiene ya 69 tiendas en el pa\u00eds luso.<\/p>\n<h2>IMPUESTOS<\/h2>\n<p>En materia de impuestos, Roig quiso discernir entre \u00abcontribuci\u00f3n recaudada\u00bb y \u00abcontribuci\u00f3n soportada\u00bb. En impuesto sobre beneficios, Mercadona abon\u00f3 en 2025 un total de 690 millones de euros, el 22,8% de tasa efectiva. Respecto a la contribuci\u00f3n recaudada, los trabajadores de Mercadona aportaron a las arcas p\u00fablicas un total de 657 millones en Impuesto de la Renta de las Persona F\u00edsicas (IRPF) y 226 millones en aportaciones a la Seguridad Social. \u00abCada trabajador aporta 6.000 euros anuales\u00bb, explic\u00f3.<\/p>\n<p>Adem\u00e1s, la compa\u00f1\u00eda recaud\u00f3 719 millones en Impuesto de Valor A\u00f1adido. \u00abTodo esto suma 3.400 millones de aportaci\u00f3n, que es una cifra bastante impactante\u00bb, se\u00f1al\u00f3 Roig, que aludi\u00f3 a un estudio realizado por el Instituto Valenciano de Investigaciones Econ\u00f3mica que cifra la aportaci\u00f3n total de Mercadona en 647.000 empleos -3,1% del empleo total- y el 1,9% del PIB.<\/p>\n<p>En materia de empleo, Roig destac\u00f3 el haber superado los 115.000 trabajadores en 2025 -5.000 m\u00e1s que el a\u00f1o pasado- y celebr\u00f3 la subida salarial del 8,5%, que se ha visto ligado a un incremento de la productividad del trabajador del 4%.<\/p>\n<h2>OBJETIVOS PARA 2026<\/h2>\n<p>Por \u00faltimo, de cara a este a\u00f1o, la compa\u00f1\u00eda prev\u00e9 invertir m\u00e1s de 1.000 millones de euros en el presente ejercicio para, adem\u00e1s de continuar evolucionando hacia su nuevo modelo de supermercado, ampliar y reformar sus bloques log\u00edsticos e impulsar de forma decidida su innovaci\u00f3n tecnol\u00f3gica, con la apertura de nuevas centros log\u00edsticos y la implantaci\u00f3n de aplicaciones y herramientas inform\u00e1ticas para mejorar los distintos procesos clave de la compa\u00f1\u00eda.<\/p>\n<p>Asimismo, prev\u00e9 crear m\u00e1s de 1.000 puestos de trabajo e incrementar un 3,5% sus ventas, hasta alcanzar los 43.200 millones de euros, y consolidar un beneficio similar al del \u00faltimo ejercicio.<\/p>\n<p>(<a href=\"https:\/\/www.servimedia.es\/\" target=\"_blank\" rel=\"noopener\"><span style=\"color: #ff6600;\"><strong>SERVIMEDIA<\/strong><\/span><\/a>)<\/p>\n","protected":false},"excerpt":{"rendered":"<p>Mercadona obtuvo un beneficio neto de 1.729 millones de euros en 2025, un 24,9% m\u00e1s que en el ejercicio anterior, y reparti\u00f3 780 millones de euros entre sus 115.000 trabajadores. Este crecimiento del beneficio neto, el m\u00e1s alto de su historia, estuvo apoyado por el r\u00e9cord de facturaci\u00f3n anual. La compa\u00f1\u00eda alcanz\u00f3 los 41.900 millones<\/p>\n","protected":false},"author":1,"featured_media":192733,"comment_status":"closed","ping_status":"closed","sticky":false,"template":"","format":"standard","meta":{"footnotes":""},"categories":[151],"tags":[],"class_list":{"0":"post-192732","1":"post","2":"type-post","3":"status-publish","4":"format-standard","5":"has-post-thumbnail","7":"category-canal-empresas"},"aioseo_notices":[],"aioseo_head":"\n\t\t<!-- All in One SEO Pro 4.9.6.2 - aioseo.com -->\n\t<meta name=\"description\" content=\"Mercadona obtuvo un beneficio neto de 1.729 millones de euros en 2025, un 24,9% m\u00e1s que en el ejercicio anterior, y reparti\u00f3 780 millones de euros entre sus\" \/>\n\t<meta name=\"robots\" content=\"max-image-preview:large\" \/>\n\t<meta name=\"author\" content=\"Cand\u00e1s 365\"\/>\n\t<meta name=\"google-site-verification\" content=\"UA-32230408-1\" \/>\n\t<meta name=\"msvalidate.01\" content=\"354F3CDFB2DA171B47FBE9ABF1F88D5\" \/>\n\t<meta name=\"keywords\" content=\"canal empresas\" \/>\n\t<link rel=\"canonical\" href=\"https:\/\/candas365.es\/noticias\/mercadona-presenta-sus-resultados-de-2025\/\" \/>\n\t<meta name=\"generator\" content=\"All in One SEO Pro (AIOSEO) 4.9.6.2\" \/>\n\t\t<meta property=\"og:locale\" content=\"es_ES\" \/>\n\t\t<meta property=\"og:site_name\" content=\"Cand\u00e1s 365\" \/>\n\t\t<meta property=\"og:type\" content=\"article\" \/>\n\t\t<meta property=\"og:title\" content=\"Mercadona presenta sus resultados de 2025 | Cand\u00e1s 365\" \/>\n\t\t<meta property=\"og:description\" content=\"Mercadona obtuvo un beneficio neto de 1.729 millones de euros en 2025, un 24,9% m\u00e1s que en el ejercicio anterior, y reparti\u00f3 780 millones de euros entre sus\" \/>\n\t\t<meta property=\"og:url\" content=\"https:\/\/candas365.es\/noticias\/mercadona-presenta-sus-resultados-de-2025\/\" \/>\n\t\t<meta property=\"og:image\" content=\"https:\/\/candas365.es\/noticias\/wp-content\/uploads\/2026\/03\/Mercadona-presenta-sus-resultados-de-2025.jpg\" \/>\n\t\t<meta property=\"og:image:secure_url\" content=\"https:\/\/candas365.es\/noticias\/wp-content\/uploads\/2026\/03\/Mercadona-presenta-sus-resultados-de-2025.jpg\" \/>\n\t\t<meta property=\"og:image:width\" content=\"1090\" \/>\n\t\t<meta property=\"og:image:height\" content=\"849\" \/>\n\t\t<meta property=\"article:published_time\" content=\"2026-03-10T13:55:29+00:00\" \/>\n\t\t<meta property=\"article:modified_time\" content=\"2026-03-10T13:55:29+00:00\" \/>\n\t\t<meta property=\"article:publisher\" content=\"https:\/\/www.facebook.com\/Nachofdezber\" \/>\n\t\t<meta property=\"article:author\" content=\"https:\/\/www.facebook.com\/carrenoactualidad\" \/>\n\t\t<meta name=\"twitter:card\" content=\"summary_large_image\" \/>\n\t\t<meta name=\"twitter:site\" content=\"@NabercoDigital\" \/>\n\t\t<meta name=\"twitter:title\" content=\"Mercadona presenta sus resultados de 2025 | Cand\u00e1s 365\" \/>\n\t\t<meta name=\"twitter:description\" content=\"Mercadona obtuvo un beneficio neto de 1.729 millones de euros en 2025, un 24,9% m\u00e1s que en el ejercicio anterior, y reparti\u00f3 780 millones de euros entre sus\" \/>\n\t\t<meta name=\"twitter:creator\" content=\"@nbasturias\" \/>\n\t\t<meta name=\"twitter:image\" content=\"https:\/\/candas365.es\/noticias\/wp-content\/uploads\/2026\/03\/Mercadona-presenta-sus-resultados-de-2025.jpg\" \/>\n\t\t<meta name=\"twitter:label1\" content=\"Escrito por\" \/>\n\t\t<meta name=\"twitter:data1\" content=\"Cand\u00e1s 365\" \/>\n\t\t<meta name=\"twitter:label2\" content=\"Tiempo de lectura estimado\" \/>\n\t\t<meta name=\"twitter:data2\" content=\"3 minutos\" \/>\n\t\t<script type=\"application\/ld+json\" class=\"aioseo-schema\">\n\t\t\t{\"@context\":\"https:\\\/\\\/schema.org\",\"@graph\":[{\"@type\":\"BreadcrumbList\",\"@id\":\"https:\\\/\\\/candas365.es\\\/noticias\\\/mercadona-presenta-sus-resultados-de-2025\\\/#breadcrumblist\",\"itemListElement\":[{\"@type\":\"ListItem\",\"@id\":\"https:\\\/\\\/candas365.es\\\/noticias#listItem\",\"position\":1,\"name\":\"Home\",\"item\":\"https:\\\/\\\/candas365.es\\\/noticias\",\"nextItem\":{\"@type\":\"ListItem\",\"@id\":\"https:\\\/\\\/candas365.es\\\/noticias\\\/category\\\/canal-empresas\\\/#listItem\",\"name\":\"Canal Empresas\"}},{\"@type\":\"ListItem\",\"@id\":\"https:\\\/\\\/candas365.es\\\/noticias\\\/category\\\/canal-empresas\\\/#listItem\",\"position\":2,\"name\":\"Canal Empresas\",\"item\":\"https:\\\/\\\/candas365.es\\\/noticias\\\/category\\\/canal-empresas\\\/\",\"nextItem\":{\"@type\":\"ListItem\",\"@id\":\"https:\\\/\\\/candas365.es\\\/noticias\\\/mercadona-presenta-sus-resultados-de-2025\\\/#listItem\",\"name\":\"Mercadona presenta sus resultados de 2025\"},\"previousItem\":{\"@type\":\"ListItem\",\"@id\":\"https:\\\/\\\/candas365.es\\\/noticias#listItem\",\"name\":\"Home\"}},{\"@type\":\"ListItem\",\"@id\":\"https:\\\/\\\/candas365.es\\\/noticias\\\/mercadona-presenta-sus-resultados-de-2025\\\/#listItem\",\"position\":3,\"name\":\"Mercadona presenta sus resultados de 2025\",\"previousItem\":{\"@type\":\"ListItem\",\"@id\":\"https:\\\/\\\/candas365.es\\\/noticias\\\/category\\\/canal-empresas\\\/#listItem\",\"name\":\"Canal Empresas\"}}]},{\"@type\":\"NewsArticle\",\"@id\":\"https:\\\/\\\/candas365.es\\\/noticias\\\/mercadona-presenta-sus-resultados-de-2025\\\/#newsarticle\",\"name\":\"Mercadona presenta sus resultados de 2025 | Cand\\u00e1s 365\",\"headline\":\"Mercadona presenta sus resultados de 2025\",\"author\":{\"@id\":\"https:\\\/\\\/candas365.es\\\/noticias\\\/author\\\/admin\\\/#author\"},\"publisher\":{\"@id\":\"https:\\\/\\\/candas365.es\\\/noticias\\\/#organization\"},\"image\":{\"@type\":\"ImageObject\",\"url\":\"https:\\\/\\\/candas365.es\\\/noticias\\\/wp-content\\\/uploads\\\/2026\\\/03\\\/Mercadona-presenta-sus-resultados-de-2025.jpg\",\"width\":1090,\"height\":849,\"caption\":\"Juan Roig, este martes en la rueda de prensa de resultados | Foto de Mercadona\"},\"datePublished\":\"2026-03-10T14:55:29+01:00\",\"dateModified\":\"2026-03-10T14:55:29+01:00\",\"inLanguage\":\"es-ES\",\"mainEntityOfPage\":{\"@id\":\"https:\\\/\\\/candas365.es\\\/noticias\\\/mercadona-presenta-sus-resultados-de-2025\\\/#webpage\"},\"isPartOf\":{\"@id\":\"https:\\\/\\\/candas365.es\\\/noticias\\\/mercadona-presenta-sus-resultados-de-2025\\\/#webpage\"},\"articleSection\":\"Canal Empresas\",\"dateline\":\"Publicado el marzo 10, 2026.\"},{\"@type\":\"Organization\",\"@id\":\"https:\\\/\\\/candas365.es\\\/noticias\\\/#organization\",\"name\":\"Cand\\u00e1s 365\",\"description\":\"Cand\\u00e1s 365 es un diario digital independiente, fundado en 2012, con base en Asturias. Informamos con rigor sobre actualidad, sociedad, cultura y ocio, con una mirada local y global.\",\"url\":\"https:\\\/\\\/candas365.es\\\/noticias\\\/\",\"email\":\"info@candas365.es\",\"telephone\":\"+34652131393\",\"foundingDate\":\"2012-06-10\",\"logo\":{\"@type\":\"ImageObject\",\"url\":\"https:\\\/\\\/candas365.es\\\/noticias\\\/wp-content\\\/uploads\\\/2024\\\/09\\\/Candas-365-Redes.jpg\",\"@id\":\"https:\\\/\\\/candas365.es\\\/noticias\\\/mercadona-presenta-sus-resultados-de-2025\\\/#organizationLogo\",\"width\":1152,\"height\":864,\"caption\":\"Cand\\u00e1s 365 Redes\"},\"image\":{\"@id\":\"https:\\\/\\\/candas365.es\\\/noticias\\\/mercadona-presenta-sus-resultados-de-2025\\\/#organizationLogo\"},\"sameAs\":[\"https:\\\/\\\/www.facebook.com\\\/Nachofdezber\",\"https:\\\/\\\/x.com\\\/NabercoDigital\",\"https:\\\/\\\/www.instagram.com\\\/nachofdezber\\\/\",\"https:\\\/\\\/www.youtube.com\\\/channel\\\/UCZP-2wLEB9Rv6erhFmqVnvg\"],\"address\":{\"@id\":\"https:\\\/\\\/candas365.es\\\/noticias\\\/#postaladdress\",\"@type\":\"PostalAddress\",\"streetAddress\":\"san antonio 4, san antonio 4\",\"postalCode\":\"33430\",\"addressLocality\":\"Cand\\u00e1s\",\"addressRegion\":\"Asturias\",\"addressCountry\":\"ES\"}},{\"@type\":\"Person\",\"@id\":\"https:\\\/\\\/candas365.es\\\/noticias\\\/author\\\/admin\\\/#author\",\"url\":\"https:\\\/\\\/candas365.es\\\/noticias\\\/author\\\/admin\\\/\",\"name\":\"Cand\\u00e1s 365\",\"image\":{\"@type\":\"ImageObject\",\"@id\":\"https:\\\/\\\/candas365.es\\\/noticias\\\/mercadona-presenta-sus-resultados-de-2025\\\/#authorImage\",\"url\":\"https:\\\/\\\/secure.gravatar.com\\\/avatar\\\/496a8e03d0c493ede1718b7934145dbdf8d89be1036b0eec9544e1094c9de390?s=96&d=mm&r=g\",\"width\":96,\"height\":96,\"caption\":\"Cand\\u00e1s 365\"},\"sameAs\":[\"https:\\\/\\\/www.facebook.com\\\/carrenoactualidad\",\"https:\\\/\\\/twitter.com\\\/nbasturias\",\"https:\\\/\\\/www.instagram.com\\\/nachofdezber\\\/\",\"https:\\\/\\\/www.youtube.com\\\/channel\\\/UCZP-2wLEB9Rv6erhFmqVnvg\"]},{\"@type\":\"WebPage\",\"@id\":\"https:\\\/\\\/candas365.es\\\/noticias\\\/mercadona-presenta-sus-resultados-de-2025\\\/#webpage\",\"url\":\"https:\\\/\\\/candas365.es\\\/noticias\\\/mercadona-presenta-sus-resultados-de-2025\\\/\",\"name\":\"Mercadona presenta sus resultados de 2025 | Cand\\u00e1s 365\",\"description\":\"Mercadona obtuvo un beneficio neto de 1.729 millones de euros en 2025, un 24,9% m\\u00e1s que en el ejercicio anterior, y reparti\\u00f3 780 millones de euros entre sus\",\"inLanguage\":\"es-ES\",\"isPartOf\":{\"@id\":\"https:\\\/\\\/candas365.es\\\/noticias\\\/#website\"},\"breadcrumb\":{\"@id\":\"https:\\\/\\\/candas365.es\\\/noticias\\\/mercadona-presenta-sus-resultados-de-2025\\\/#breadcrumblist\"},\"author\":{\"@id\":\"https:\\\/\\\/candas365.es\\\/noticias\\\/author\\\/admin\\\/#author\"},\"creator\":{\"@id\":\"https:\\\/\\\/candas365.es\\\/noticias\\\/author\\\/admin\\\/#author\"},\"image\":{\"@type\":\"ImageObject\",\"url\":\"https:\\\/\\\/candas365.es\\\/noticias\\\/wp-content\\\/uploads\\\/2026\\\/03\\\/Mercadona-presenta-sus-resultados-de-2025.jpg\",\"@id\":\"https:\\\/\\\/candas365.es\\\/noticias\\\/mercadona-presenta-sus-resultados-de-2025\\\/#mainImage\",\"width\":1090,\"height\":849,\"caption\":\"Juan Roig, este martes en la rueda de prensa de resultados | Foto de Mercadona\"},\"primaryImageOfPage\":{\"@id\":\"https:\\\/\\\/candas365.es\\\/noticias\\\/mercadona-presenta-sus-resultados-de-2025\\\/#mainImage\"},\"datePublished\":\"2026-03-10T14:55:29+01:00\",\"dateModified\":\"2026-03-10T14:55:29+01:00\"},{\"@type\":\"WebSite\",\"@id\":\"https:\\\/\\\/candas365.es\\\/noticias\\\/#website\",\"url\":\"https:\\\/\\\/candas365.es\\\/noticias\\\/\",\"name\":\"Cand\\u00e1s 365\",\"alternateName\":\"Cand\\u00e1s 365 Noticias\",\"description\":\"Actualidad desde Carre\\u00f1o para el mundo\",\"inLanguage\":\"es-ES\",\"publisher\":{\"@id\":\"https:\\\/\\\/candas365.es\\\/noticias\\\/#organization\"}}]}\n\t\t<\/script>\n\t\t<!-- All in One SEO Pro -->\r\n\t\t<title>Mercadona presenta sus resultados de 2025 | Cand\u00e1s 365<\/title>\n\n","aioseo_head_json":{"title":"Mercadona presenta sus resultados de 2025 | Cand\u00e1s 365","description":"Mercadona obtuvo un beneficio neto de 1.729 millones de euros en 2025, un 24,9% m\u00e1s que en el ejercicio anterior, y reparti\u00f3 780 millones de euros entre sus","canonical_url":"https:\/\/candas365.es\/noticias\/mercadona-presenta-sus-resultados-de-2025\/","robots":"max-image-preview:large","keywords":"canal empresas","webmasterTools":{"google-site-verification":"UA-32230408-1","msvalidate.01":"354F3CDFB2DA171B47FBE9ABF1F88D5","miscellaneous":""},"schema":{"@context":"https:\/\/schema.org","@graph":[{"@type":"BreadcrumbList","@id":"https:\/\/candas365.es\/noticias\/mercadona-presenta-sus-resultados-de-2025\/#breadcrumblist","itemListElement":[{"@type":"ListItem","@id":"https:\/\/candas365.es\/noticias#listItem","position":1,"name":"Home","item":"https:\/\/candas365.es\/noticias","nextItem":{"@type":"ListItem","@id":"https:\/\/candas365.es\/noticias\/category\/canal-empresas\/#listItem","name":"Canal Empresas"}},{"@type":"ListItem","@id":"https:\/\/candas365.es\/noticias\/category\/canal-empresas\/#listItem","position":2,"name":"Canal Empresas","item":"https:\/\/candas365.es\/noticias\/category\/canal-empresas\/","nextItem":{"@type":"ListItem","@id":"https:\/\/candas365.es\/noticias\/mercadona-presenta-sus-resultados-de-2025\/#listItem","name":"Mercadona presenta sus resultados de 2025"},"previousItem":{"@type":"ListItem","@id":"https:\/\/candas365.es\/noticias#listItem","name":"Home"}},{"@type":"ListItem","@id":"https:\/\/candas365.es\/noticias\/mercadona-presenta-sus-resultados-de-2025\/#listItem","position":3,"name":"Mercadona presenta sus resultados de 2025","previousItem":{"@type":"ListItem","@id":"https:\/\/candas365.es\/noticias\/category\/canal-empresas\/#listItem","name":"Canal Empresas"}}]},{"@type":"NewsArticle","@id":"https:\/\/candas365.es\/noticias\/mercadona-presenta-sus-resultados-de-2025\/#newsarticle","name":"Mercadona presenta sus resultados de 2025 | Cand\u00e1s 365","headline":"Mercadona presenta sus resultados de 2025","author":{"@id":"https:\/\/candas365.es\/noticias\/author\/admin\/#author"},"publisher":{"@id":"https:\/\/candas365.es\/noticias\/#organization"},"image":{"@type":"ImageObject","url":"https:\/\/candas365.es\/noticias\/wp-content\/uploads\/2026\/03\/Mercadona-presenta-sus-resultados-de-2025.jpg","width":1090,"height":849,"caption":"Juan Roig, este martes en la rueda de prensa de resultados | Foto de Mercadona"},"datePublished":"2026-03-10T14:55:29+01:00","dateModified":"2026-03-10T14:55:29+01:00","inLanguage":"es-ES","mainEntityOfPage":{"@id":"https:\/\/candas365.es\/noticias\/mercadona-presenta-sus-resultados-de-2025\/#webpage"},"isPartOf":{"@id":"https:\/\/candas365.es\/noticias\/mercadona-presenta-sus-resultados-de-2025\/#webpage"},"articleSection":"Canal Empresas","dateline":"Publicado el marzo 10, 2026."},{"@type":"Organization","@id":"https:\/\/candas365.es\/noticias\/#organization","name":"Cand\u00e1s 365","description":"Cand\u00e1s 365 es un diario digital independiente, fundado en 2012, con base en Asturias. Informamos con rigor sobre actualidad, sociedad, cultura y ocio, con una mirada local y global.","url":"https:\/\/candas365.es\/noticias\/","email":"info@candas365.es","telephone":"+34652131393","foundingDate":"2012-06-10","logo":{"@type":"ImageObject","url":"https:\/\/candas365.es\/noticias\/wp-content\/uploads\/2024\/09\/Candas-365-Redes.jpg","@id":"https:\/\/candas365.es\/noticias\/mercadona-presenta-sus-resultados-de-2025\/#organizationLogo","width":1152,"height":864,"caption":"Cand\u00e1s 365 Redes"},"image":{"@id":"https:\/\/candas365.es\/noticias\/mercadona-presenta-sus-resultados-de-2025\/#organizationLogo"},"sameAs":["https:\/\/www.facebook.com\/Nachofdezber","https:\/\/x.com\/NabercoDigital","https:\/\/www.instagram.com\/nachofdezber\/","https:\/\/www.youtube.com\/channel\/UCZP-2wLEB9Rv6erhFmqVnvg"],"address":{"@id":"https:\/\/candas365.es\/noticias\/#postaladdress","@type":"PostalAddress","streetAddress":"san antonio 4, san antonio 4","postalCode":"33430","addressLocality":"Cand\u00e1s","addressRegion":"Asturias","addressCountry":"ES"}},{"@type":"Person","@id":"https:\/\/candas365.es\/noticias\/author\/admin\/#author","url":"https:\/\/candas365.es\/noticias\/author\/admin\/","name":"Cand\u00e1s 365","image":{"@type":"ImageObject","@id":"https:\/\/candas365.es\/noticias\/mercadona-presenta-sus-resultados-de-2025\/#authorImage","url":"https:\/\/secure.gravatar.com\/avatar\/496a8e03d0c493ede1718b7934145dbdf8d89be1036b0eec9544e1094c9de390?s=96&d=mm&r=g","width":96,"height":96,"caption":"Cand\u00e1s 365"},"sameAs":["https:\/\/www.facebook.com\/carrenoactualidad","https:\/\/twitter.com\/nbasturias","https:\/\/www.instagram.com\/nachofdezber\/","https:\/\/www.youtube.com\/channel\/UCZP-2wLEB9Rv6erhFmqVnvg"]},{"@type":"WebPage","@id":"https:\/\/candas365.es\/noticias\/mercadona-presenta-sus-resultados-de-2025\/#webpage","url":"https:\/\/candas365.es\/noticias\/mercadona-presenta-sus-resultados-de-2025\/","name":"Mercadona presenta sus resultados de 2025 | Cand\u00e1s 365","description":"Mercadona obtuvo un beneficio neto de 1.729 millones de euros en 2025, un 24,9% m\u00e1s que en el ejercicio anterior, y reparti\u00f3 780 millones de euros entre sus","inLanguage":"es-ES","isPartOf":{"@id":"https:\/\/candas365.es\/noticias\/#website"},"breadcrumb":{"@id":"https:\/\/candas365.es\/noticias\/mercadona-presenta-sus-resultados-de-2025\/#breadcrumblist"},"author":{"@id":"https:\/\/candas365.es\/noticias\/author\/admin\/#author"},"creator":{"@id":"https:\/\/candas365.es\/noticias\/author\/admin\/#author"},"image":{"@type":"ImageObject","url":"https:\/\/candas365.es\/noticias\/wp-content\/uploads\/2026\/03\/Mercadona-presenta-sus-resultados-de-2025.jpg","@id":"https:\/\/candas365.es\/noticias\/mercadona-presenta-sus-resultados-de-2025\/#mainImage","width":1090,"height":849,"caption":"Juan Roig, este martes en la rueda de prensa de resultados | Foto de Mercadona"},"primaryImageOfPage":{"@id":"https:\/\/candas365.es\/noticias\/mercadona-presenta-sus-resultados-de-2025\/#mainImage"},"datePublished":"2026-03-10T14:55:29+01:00","dateModified":"2026-03-10T14:55:29+01:00"},{"@type":"WebSite","@id":"https:\/\/candas365.es\/noticias\/#website","url":"https:\/\/candas365.es\/noticias\/","name":"Cand\u00e1s 365","alternateName":"Cand\u00e1s 365 Noticias","description":"Actualidad desde Carre\u00f1o para el mundo","inLanguage":"es-ES","publisher":{"@id":"https:\/\/candas365.es\/noticias\/#organization"}}]},"og:locale":"es_ES","og:site_name":"Cand\u00e1s 365","og:type":"article","og:title":"Mercadona presenta sus resultados de 2025 | Cand\u00e1s 365","og:description":"Mercadona obtuvo un beneficio neto de 1.729 millones de euros en 2025, un 24,9% m\u00e1s que en el ejercicio anterior, y reparti\u00f3 780 millones de euros entre sus","og:url":"https:\/\/candas365.es\/noticias\/mercadona-presenta-sus-resultados-de-2025\/","og:image":"https:\/\/candas365.es\/noticias\/wp-content\/uploads\/2026\/03\/Mercadona-presenta-sus-resultados-de-2025.jpg","og:image:secure_url":"https:\/\/candas365.es\/noticias\/wp-content\/uploads\/2026\/03\/Mercadona-presenta-sus-resultados-de-2025.jpg","og:image:width":1090,"og:image:height":849,"article:published_time":"2026-03-10T13:55:29+00:00","article:modified_time":"2026-03-10T13:55:29+00:00","article:publisher":"https:\/\/www.facebook.com\/Nachofdezber","article:author":"https:\/\/www.facebook.com\/carrenoactualidad","twitter:card":"summary_large_image","twitter:site":"@NabercoDigital","twitter:title":"Mercadona presenta sus resultados de 2025 | Cand\u00e1s 365","twitter:description":"Mercadona obtuvo un beneficio neto de 1.729 millones de euros en 2025, un 24,9% m\u00e1s que en el ejercicio anterior, y reparti\u00f3 780 millones de euros entre sus","twitter:creator":"@nbasturias","twitter:image":"https:\/\/candas365.es\/noticias\/wp-content\/uploads\/2026\/03\/Mercadona-presenta-sus-resultados-de-2025.jpg","twitter:label1":"Escrito por","twitter:data1":"Cand\u00e1s 365","twitter:label2":"Tiempo de lectura estimado","twitter:data2":"3 minutos"},"aioseo_meta_data":{"post_id":"192732","title":null,"description":"Mercadona obtuvo un beneficio neto de 1.729 millones de euros en 2025, un 24,9% m\u00e1s que en el ejercicio anterior, y reparti\u00f3 780 millones de euros entre sus","keywords":null,"keyphrases":{"focus":{"keyphrase":"Mercadona","score":91,"analysis":{"keyphraseInTitle":{"score":9,"maxScore":9,"error":0},"keyphraseInDescription":{"score":9,"maxScore":9,"error":0},"keyphraseLength":{"score":9,"maxScore":9,"error":0,"length":1},"keyphraseInURL":{"score":5,"maxScore":5,"error":0},"keyphraseInIntroduction":{"score":9,"maxScore":9,"error":0},"keyphraseInSubHeadings":{"score":3,"maxScore":9,"error":1},"keyphraseInImageAlt":{"score":9,"maxScore":9,"error":0},"keywordDensity":{"type":"best","score":9,"maxScore":9,"error":0}}},"additional":[{"keyphrase":"Mercadona","score":100,"analysis":{"keyphraseInDescription":{"score":9,"maxScore":9,"error":0},"keyphraseLength":{"score":9,"maxScore":9,"error":0,"length":1},"keyphraseInIntroduction":{"score":9,"maxScore":9,"error":0},"keyphraseInImageAlt":{"score":9,"maxScore":9,"error":0},"keywordDensity":{"type":"best","score":9,"maxScore":9,"error":0}}}]},"primary_term":null,"canonical_url":null,"og_title":null,"og_description":null,"og_object_type":"default","og_image_type":"default","og_image_url":null,"og_image_width":null,"og_image_height":null,"og_image_custom_url":null,"og_image_custom_fields":null,"og_video":"","og_custom_url":null,"og_article_section":null,"og_article_tags":null,"twitter_use_og":false,"twitter_card":"default","twitter_image_type":"default","twitter_image_url":null,"twitter_image_custom_url":null,"twitter_image_custom_fields":null,"twitter_title":null,"twitter_description":null,"schema":{"blockGraphs":[],"customGraphs":[],"default":{"data":{"Article":[],"Course":[],"Dataset":[],"FAQPage":[],"Movie":[],"Person":[],"Product":[],"ProductReview":[],"Car":[],"Recipe":[],"Service":[],"SoftwareApplication":[],"WebPage":[]},"graphName":"NewsArticle","isEnabled":true},"graphs":[]},"schema_type":"default","schema_type_options":null,"pillar_content":false,"robots_default":true,"robots_noindex":false,"robots_noarchive":false,"robots_nosnippet":false,"robots_nofollow":false,"robots_noimageindex":false,"robots_noodp":false,"robots_notranslate":false,"robots_max_snippet":"-1","robots_max_videopreview":"-1","robots_max_imagepreview":"large","priority":null,"frequency":"default","location":null,"local_seo":null,"seo_analyzer_scan_date":"2026-03-10 14:06:06","breadcrumb_settings":null,"limit_modified_date":false,"reviewed_by":null,"open_ai":null,"ai":{"faqs":[],"keyPoints":[],"titles":[],"descriptions":[],"socialPosts":{"email":[],"linkedin":[],"twitter":[],"facebook":[],"instagram":[]}},"created":"2026-03-10 13:48:52","updated":"2026-03-10 14:06:06"},"aioseo_breadcrumb":"<div class=\"aioseo-breadcrumbs\"><span class=\"aioseo-breadcrumb\">\n\t<a href=\"https:\/\/candas365.es\/noticias\" title=\"Home\">Home<\/a>\n<\/span><span class=\"aioseo-breadcrumb-separator\">&ndash;<\/span><span class=\"aioseo-breadcrumb\">\n\t<a href=\"https:\/\/candas365.es\/noticias\/category\/canal-empresas\/\" title=\"Canal Empresas\">Canal Empresas<\/a>\n<\/span><span class=\"aioseo-breadcrumb-separator\">&ndash;<\/span><span class=\"aioseo-breadcrumb\">\n\tMercadona presenta sus resultados de 2025\n<\/span><\/div>","aioseo_breadcrumb_json":[{"label":"Home","link":"https:\/\/candas365.es\/noticias"},{"label":"Canal Empresas","link":"https:\/\/candas365.es\/noticias\/category\/canal-empresas\/"},{"label":"Mercadona presenta sus resultados de 2025","link":"https:\/\/candas365.es\/noticias\/mercadona-presenta-sus-resultados-de-2025\/"}],"_links":{"self":[{"href":"https:\/\/candas365.es\/noticias\/wp-json\/wp\/v2\/posts\/192732","targetHints":{"allow":["GET"]}}],"collection":[{"href":"https:\/\/candas365.es\/noticias\/wp-json\/wp\/v2\/posts"}],"about":[{"href":"https:\/\/candas365.es\/noticias\/wp-json\/wp\/v2\/types\/post"}],"author":[{"embeddable":true,"href":"https:\/\/candas365.es\/noticias\/wp-json\/wp\/v2\/users\/1"}],"replies":[{"embeddable":true,"href":"https:\/\/candas365.es\/noticias\/wp-json\/wp\/v2\/comments?post=192732"}],"version-history":[{"count":0,"href":"https:\/\/candas365.es\/noticias\/wp-json\/wp\/v2\/posts\/192732\/revisions"}],"wp:featuredmedia":[{"embeddable":true,"href":"https:\/\/candas365.es\/noticias\/wp-json\/wp\/v2\/media\/192733"}],"wp:attachment":[{"href":"https:\/\/candas365.es\/noticias\/wp-json\/wp\/v2\/media?parent=192732"}],"wp:term":[{"taxonomy":"category","embeddable":true,"href":"https:\/\/candas365.es\/noticias\/wp-json\/wp\/v2\/categories?post=192732"},{"taxonomy":"post_tag","embeddable":true,"href":"https:\/\/candas365.es\/noticias\/wp-json\/wp\/v2\/tags?post=192732"}],"curies":[{"name":"wp","href":"https:\/\/api.w.org\/{rel}","templated":true}]}}