{"id":192655,"date":"2026-03-07T16:29:19","date_gmt":"2026-03-07T15:29:19","guid":{"rendered":"https:\/\/candas365.es\/noticias\/?p=192655"},"modified":"2026-03-07T16:29:19","modified_gmt":"2026-03-07T15:29:19","slug":"milan-cortina-2026-higinio-rivero-ha-hecho-historia","status":"publish","type":"post","link":"https:\/\/candas365.es\/noticias\/milan-cortina-2026-higinio-rivero-ha-hecho-historia\/","title":{"rendered":"Mil\u00e1n Cortina 2026: Higinio Rivero ha hecho historia"},"content":{"rendered":"<p>Higinio Rivero ha hecho historia al convertirse en el primer biatleta espa\u00f1ol en unos Juegos Paral\u00edmpicos de Invierno, en la edici\u00f3n de <span style=\"color: #ff6600;\"><a style=\"color: #ff6600;\" href=\"https:\/\/candas365.es\/noticias\/category\/deporte\/\"><strong>Mil\u00e1n Cortina 2026<\/strong><\/a><\/span>.<\/p>\n<figure id=\"attachment_192656\" aria-describedby=\"caption-attachment-192656\" style=\"width: 650px\" class=\"wp-caption aligncenter\"><img fetchpriority=\"high\" decoding=\"async\" class=\"size-large wp-image-192656\" src=\"https:\/\/candas365.es\/noticias\/wp-content\/uploads\/2026\/03\/Higinio-Rivero-ha-hecho-historia-Milan-Cortina-2026-650x391.jpg\" alt=\"Higinio Rivero ha hecho historia Mil\u00e1n Cortina 2026\" width=\"650\" height=\"391\" srcset=\"https:\/\/candas365.es\/noticias\/wp-content\/uploads\/2026\/03\/Higinio-Rivero-ha-hecho-historia-Milan-Cortina-2026-650x391.jpg 650w, https:\/\/candas365.es\/noticias\/wp-content\/uploads\/2026\/03\/Higinio-Rivero-ha-hecho-historia-Milan-Cortina-2026-360x217.jpg 360w, https:\/\/candas365.es\/noticias\/wp-content\/uploads\/2026\/03\/Higinio-Rivero-ha-hecho-historia-Milan-Cortina-2026-768x462.jpg 768w, https:\/\/candas365.es\/noticias\/wp-content\/uploads\/2026\/03\/Higinio-Rivero-ha-hecho-historia-Milan-Cortina-2026-150x90.jpg 150w, https:\/\/candas365.es\/noticias\/wp-content\/uploads\/2026\/03\/Higinio-Rivero-ha-hecho-historia-Milan-Cortina-2026-450x271.jpg 450w, https:\/\/candas365.es\/noticias\/wp-content\/uploads\/2026\/03\/Higinio-Rivero-ha-hecho-historia-Milan-Cortina-2026-1200x722.jpg 1200w, https:\/\/candas365.es\/noticias\/wp-content\/uploads\/2026\/03\/Higinio-Rivero-ha-hecho-historia-Milan-Cortina-2026.jpg 1266w\" sizes=\"(max-width: 650px) 100vw, 650px\" \/><figcaption id=\"caption-attachment-192656\" class=\"wp-caption-text\">Higinio Rivero, hoy, en la prueba sprint de biatl\u00f3n en Mil\u00e1n Cortina 2026 | Foto de CPE<\/figcaption><\/figure>\n<p>El biatl\u00f3n de esa cita paral\u00edmpica se disputa en el Estadio de Esqu\u00ed de Fondo Tesero, donde tambi\u00e9n se celebran las pruebas de esqu\u00ed de fondo. Enclavado en el coraz\u00f3n del Val di Fiemme y a unos 850 metros sobre el nivel del mar, esa instalaci\u00f3n es una referente para el esqu\u00ed n\u00f3rdico desde 1991, cuando alberg\u00f3 por primera vez el Mundial de ese deporte.<\/p>\n<p>Rivero, cuya clase es la LW10.5 (esquiadores con lesi\u00f3n medular que compiten sentados), finaliz\u00f3 en la 20\u00aa posici\u00f3n del sprint (7,5 kil\u00f3metros) para deportistas que compiten sentados al marcar un tiempo de 23&#8217;34&#8243;1.<\/p>\n<p>Lleg\u00f3 a 3&#8217;38&#8243;6 del ucraniano Taras Rad, que consigui\u00f3 la medalla de oro, mientras que el chino Mengtao Liu se hizo con la de plata y el tambi\u00e9n chino Zixu Liu recibi\u00f3 la de bronce.<\/p>\n<p>Rivero fue el 17\u00ba tras la primera esquiada de 1,5 kil\u00f3metros y mantuvo esa posici\u00f3n al concluir la primera tirada. Despu\u00e9s, baj\u00f3 hasta el 22\u00ba puesto al finalizar los cuatro kil\u00f3metros y se situ\u00f3 20\u00ba despu\u00e9s de la segunda parada en el campo de tiro, plaza que no perdi\u00f3 hasta cruzar la l\u00ednea de meta.<\/p>\n<p>El polifac\u00e9tico deportista vizca\u00edno tambi\u00e9n competir\u00e1 en esqu\u00ed de fondo en Mil\u00e1n Cortina 2026 y ya particip\u00f3 en pirag\u00fcismo en citas paral\u00edmpicas de verano de Tokio 2020 y Par\u00eds 2024.<\/p>\n<h1>UN POCO DE HISTORIA<\/h1>\n<p>El programa de los Juegos Paral\u00edmpicos de Mil\u00e1n Cortina 2026 cuenta con seis disciplinas: biatl\u00f3n, curling en silla de ruedas, esqu\u00ed alpino, esqu\u00ed de fondo, hockey sobre hielo y snowboard.<\/p>\n<p>El equipo espa\u00f1ol en esta cita paral\u00edmpica est\u00e1 formado por representantes en cuatro de esos deportes (biatl\u00f3n, esqu\u00ed alpino, esqu\u00ed de fondo y snowboard). Espa\u00f1a se estren\u00f3 en unos Juegos Paral\u00edmpicos de Invierno en Innsbruck 1984 con cuatro esquiadores alpinos: Jordi Faurat, Eduardo Norberto, Ram\u00f3n Usabiaga y Jordi Ylla.<\/p>\n<p>Miguel \u00c1ngel P\u00e9rez Tello se convirti\u00f3 en el primer esquiador de fondo de una delegaci\u00f3n espa\u00f1ola en la cita paral\u00edmpica invernal de Innsbruck 1988, donde, adem\u00e1s, obtuvo dos medallas de plata.<\/p>\n<p>Hubo que esperar hasta Sochi 2014 para que Espa\u00f1a contara con participantes en snowboard. Entonces, compitieron Astrid Fina, Urko Egea y Aitor Puertas. Y el primer biatleta espa\u00f1ol es Higinio Rivero en Mil\u00e1n Cortina 2026.<\/p>\n<p>En total, Espa\u00f1a ha enviado a 85 deportistas a los 12 \u00faltimos Juegos Paral\u00edmpicos de Invierno, contando con los ocho de Mil\u00e1n Cortina 2026, todos ellos debutantes: Audrey Pascual, Mar\u00ed Mart\u00edn-Granizo, Javier Marcos, Iraide Rodr\u00edguez y la pareja Alejandra Requesens-Victoria Ib\u00e1\u00f1ez (esqu\u00ed alpino); Emilio Redondo (snowboard), e Higinio Rivero (esqu\u00ed de fondo y biatl\u00f3n).<\/p>\n<p>Antes de Mil\u00e1n Cortina 2026, Espa\u00f1a sumaba un total de 43 medallas (15 oros, 16 platas y 12 bronces) en 10 ediciones paral\u00edmpicas invernales: cuatro en Innsbruck 1988, cuatro en Alvertville 1992, 10 en Lillehammer 1994, ocho en Nagano 1998, siete en Salt Lake City 2002, dos en Tur\u00edn 2006, tres en Vancouver 2010, tres en Sochi 2014 y dos en PyeongChang 2018. No hubo metales para el equipo espa\u00f1ol en Pek\u00edn 2022.<\/p>\n<p>Cincuenta a\u00f1os despu\u00e9s de los primeros Juegos Paral\u00edmpicos de Invierno, y tambi\u00e9n antes de Mil\u00e1n Cortina 2026, Espa\u00f1a ocupaba el 18\u00ba puesto del medallero hist\u00f3rico de pa\u00edses. Noruega encabezaba la clasificaci\u00f3n con 334 metales (140 oros, 108 platas y 86 bronces), seguida por Estados Unidos con 335 (117, 130 y 88) y Austria, que era l\u00edder por n\u00famero total de preseas, con 456 (109, 120 y 116).<\/p>\n<p>(<span style=\"color: #ff6600;\"><a style=\"color: #ff6600;\" href=\"https:\/\/www.servimedia.es\/\" target=\"_blank\" rel=\"noopener\"><strong>SERVIMEDIA<\/strong><\/a><\/span>)<\/p>\n","protected":false},"excerpt":{"rendered":"<p>Higinio Rivero ha hecho historia al convertirse en el primer biatleta espa\u00f1ol en unos Juegos Paral\u00edmpicos de Invierno, en la edici\u00f3n de Mil\u00e1n Cortina 2026. El biatl\u00f3n de esa cita paral\u00edmpica se disputa en el Estadio de Esqu\u00ed de Fondo Tesero, donde tambi\u00e9n se celebran las pruebas de esqu\u00ed de fondo. Enclavado en el coraz\u00f3n<\/p>\n","protected":false},"author":1,"featured_media":192656,"comment_status":"closed","ping_status":"closed","sticky":false,"template":"","format":"standard","meta":{"footnotes":""},"categories":[319],"tags":[387],"class_list":{"0":"post-192655","1":"post","2":"type-post","3":"status-publish","4":"format-standard","5":"has-post-thumbnail","7":"category-deporte","8":"tag-deporte"},"aioseo_notices":[],"aioseo_head":"\n\t\t<!-- All in One SEO Pro 4.9.6.2 - aioseo.com -->\n\t<meta name=\"description\" content=\"Higinio Rivero ha hecho historia al convertirse en el primer biatleta espa\u00f1ol en unos Juegos Paral\u00edmpicos de Invierno, en la edici\u00f3n de Mil\u00e1n Cortina 2026\" \/>\n\t<meta name=\"robots\" content=\"max-image-preview:large\" \/>\n\t<meta name=\"author\" content=\"Cand\u00e1s 365\"\/>\n\t<meta name=\"google-site-verification\" content=\"UA-32230408-1\" \/>\n\t<meta name=\"msvalidate.01\" content=\"354F3CDFB2DA171B47FBE9ABF1F88D5\" \/>\n\t<meta name=\"keywords\" content=\"deporte\" \/>\n\t<link rel=\"canonical\" href=\"https:\/\/candas365.es\/noticias\/milan-cortina-2026-higinio-rivero-ha-hecho-historia\/\" \/>\n\t<meta name=\"generator\" content=\"All in One SEO Pro (AIOSEO) 4.9.6.2\" \/>\n\t\t<meta property=\"og:locale\" content=\"es_ES\" \/>\n\t\t<meta property=\"og:site_name\" content=\"Cand\u00e1s 365\" \/>\n\t\t<meta property=\"og:type\" content=\"article\" \/>\n\t\t<meta property=\"og:title\" content=\"Mil\u00e1n Cortina 2026: Higinio Rivero ha hecho historia | Cand\u00e1s 365\" \/>\n\t\t<meta property=\"og:description\" content=\"Higinio Rivero ha hecho historia al convertirse en el primer biatleta espa\u00f1ol en unos Juegos Paral\u00edmpicos de Invierno, en la edici\u00f3n de Mil\u00e1n Cortina 2026\" \/>\n\t\t<meta property=\"og:url\" content=\"https:\/\/candas365.es\/noticias\/milan-cortina-2026-higinio-rivero-ha-hecho-historia\/\" \/>\n\t\t<meta property=\"og:image\" content=\"https:\/\/candas365.es\/noticias\/wp-content\/uploads\/2026\/03\/Higinio-Rivero-ha-hecho-historia-Milan-Cortina-2026.jpg\" \/>\n\t\t<meta property=\"og:image:secure_url\" content=\"https:\/\/candas365.es\/noticias\/wp-content\/uploads\/2026\/03\/Higinio-Rivero-ha-hecho-historia-Milan-Cortina-2026.jpg\" \/>\n\t\t<meta property=\"og:image:width\" content=\"1266\" \/>\n\t\t<meta property=\"og:image:height\" content=\"762\" \/>\n\t\t<meta property=\"article:published_time\" content=\"2026-03-07T15:29:19+00:00\" \/>\n\t\t<meta property=\"article:modified_time\" content=\"2026-03-07T15:29:19+00:00\" \/>\n\t\t<meta property=\"article:publisher\" content=\"https:\/\/www.facebook.com\/Nachofdezber\" \/>\n\t\t<meta property=\"article:author\" content=\"https:\/\/www.facebook.com\/carrenoactualidad\" \/>\n\t\t<meta name=\"twitter:card\" content=\"summary_large_image\" \/>\n\t\t<meta name=\"twitter:site\" content=\"@NabercoDigital\" \/>\n\t\t<meta name=\"twitter:title\" content=\"Mil\u00e1n Cortina 2026: Higinio Rivero ha hecho historia | Cand\u00e1s 365\" \/>\n\t\t<meta name=\"twitter:description\" content=\"Higinio Rivero ha hecho historia al convertirse en el primer biatleta espa\u00f1ol en unos Juegos Paral\u00edmpicos de Invierno, en la edici\u00f3n de Mil\u00e1n Cortina 2026\" \/>\n\t\t<meta name=\"twitter:creator\" content=\"@nbasturias\" \/>\n\t\t<meta name=\"twitter:image\" content=\"https:\/\/candas365.es\/noticias\/wp-content\/uploads\/2026\/03\/Higinio-Rivero-ha-hecho-historia-Milan-Cortina-2026.jpg\" \/>\n\t\t<meta name=\"twitter:label1\" content=\"Escrito por\" \/>\n\t\t<meta name=\"twitter:data1\" content=\"Cand\u00e1s 365\" \/>\n\t\t<meta name=\"twitter:label2\" content=\"Tiempo de lectura estimado\" \/>\n\t\t<meta name=\"twitter:data2\" content=\"3 minutos\" \/>\n\t\t<script type=\"application\/ld+json\" class=\"aioseo-schema\">\n\t\t\t{\"@context\":\"https:\\\/\\\/schema.org\",\"@graph\":[{\"@type\":\"BreadcrumbList\",\"@id\":\"https:\\\/\\\/candas365.es\\\/noticias\\\/milan-cortina-2026-higinio-rivero-ha-hecho-historia\\\/#breadcrumblist\",\"itemListElement\":[{\"@type\":\"ListItem\",\"@id\":\"https:\\\/\\\/candas365.es\\\/noticias#listItem\",\"position\":1,\"name\":\"Home\",\"item\":\"https:\\\/\\\/candas365.es\\\/noticias\",\"nextItem\":{\"@type\":\"ListItem\",\"@id\":\"https:\\\/\\\/candas365.es\\\/noticias\\\/category\\\/deporte\\\/#listItem\",\"name\":\"Deporte\"}},{\"@type\":\"ListItem\",\"@id\":\"https:\\\/\\\/candas365.es\\\/noticias\\\/category\\\/deporte\\\/#listItem\",\"position\":2,\"name\":\"Deporte\",\"item\":\"https:\\\/\\\/candas365.es\\\/noticias\\\/category\\\/deporte\\\/\",\"nextItem\":{\"@type\":\"ListItem\",\"@id\":\"https:\\\/\\\/candas365.es\\\/noticias\\\/milan-cortina-2026-higinio-rivero-ha-hecho-historia\\\/#listItem\",\"name\":\"Mil\\u00e1n Cortina 2026: Higinio Rivero ha hecho historia\"},\"previousItem\":{\"@type\":\"ListItem\",\"@id\":\"https:\\\/\\\/candas365.es\\\/noticias#listItem\",\"name\":\"Home\"}},{\"@type\":\"ListItem\",\"@id\":\"https:\\\/\\\/candas365.es\\\/noticias\\\/milan-cortina-2026-higinio-rivero-ha-hecho-historia\\\/#listItem\",\"position\":3,\"name\":\"Mil\\u00e1n Cortina 2026: Higinio Rivero ha hecho historia\",\"previousItem\":{\"@type\":\"ListItem\",\"@id\":\"https:\\\/\\\/candas365.es\\\/noticias\\\/category\\\/deporte\\\/#listItem\",\"name\":\"Deporte\"}}]},{\"@type\":\"NewsArticle\",\"@id\":\"https:\\\/\\\/candas365.es\\\/noticias\\\/milan-cortina-2026-higinio-rivero-ha-hecho-historia\\\/#newsarticle\",\"name\":\"Mil\\u00e1n Cortina 2026: Higinio Rivero ha hecho historia | Cand\\u00e1s 365\",\"headline\":\"Mil\\u00e1n Cortina 2026: Higinio Rivero ha hecho historia\",\"author\":{\"@id\":\"https:\\\/\\\/candas365.es\\\/noticias\\\/author\\\/admin\\\/#author\"},\"publisher\":{\"@id\":\"https:\\\/\\\/candas365.es\\\/noticias\\\/#organization\"},\"image\":{\"@type\":\"ImageObject\",\"url\":\"https:\\\/\\\/candas365.es\\\/noticias\\\/wp-content\\\/uploads\\\/2026\\\/03\\\/Higinio-Rivero-ha-hecho-historia-Milan-Cortina-2026.jpg\",\"width\":1266,\"height\":762,\"caption\":\"Higinio Rivero, hoy, en la prueba sprint de biatl\\u00f3n en Mil\\u00e1n Cortina 2026 | Foto de CPE\"},\"datePublished\":\"2026-03-07T16:29:19+01:00\",\"dateModified\":\"2026-03-07T16:29:19+01:00\",\"inLanguage\":\"es-ES\",\"mainEntityOfPage\":{\"@id\":\"https:\\\/\\\/candas365.es\\\/noticias\\\/milan-cortina-2026-higinio-rivero-ha-hecho-historia\\\/#webpage\"},\"isPartOf\":{\"@id\":\"https:\\\/\\\/candas365.es\\\/noticias\\\/milan-cortina-2026-higinio-rivero-ha-hecho-historia\\\/#webpage\"},\"articleSection\":\"Deporte, deporte\",\"dateline\":\"Publicado el marzo 7, 2026.\"},{\"@type\":\"Organization\",\"@id\":\"https:\\\/\\\/candas365.es\\\/noticias\\\/#organization\",\"name\":\"Cand\\u00e1s 365\",\"description\":\"Cand\\u00e1s 365 es un diario digital independiente, fundado en 2012, con base en Asturias. Informamos con rigor sobre actualidad, sociedad, cultura y ocio, con una mirada local y global.\",\"url\":\"https:\\\/\\\/candas365.es\\\/noticias\\\/\",\"email\":\"info@candas365.es\",\"telephone\":\"+34652131393\",\"foundingDate\":\"2012-06-10\",\"logo\":{\"@type\":\"ImageObject\",\"url\":\"https:\\\/\\\/candas365.es\\\/noticias\\\/wp-content\\\/uploads\\\/2024\\\/09\\\/Candas-365-Redes.jpg\",\"@id\":\"https:\\\/\\\/candas365.es\\\/noticias\\\/milan-cortina-2026-higinio-rivero-ha-hecho-historia\\\/#organizationLogo\",\"width\":1152,\"height\":864,\"caption\":\"Cand\\u00e1s 365 Redes\"},\"image\":{\"@id\":\"https:\\\/\\\/candas365.es\\\/noticias\\\/milan-cortina-2026-higinio-rivero-ha-hecho-historia\\\/#organizationLogo\"},\"sameAs\":[\"https:\\\/\\\/www.facebook.com\\\/Nachofdezber\",\"https:\\\/\\\/x.com\\\/NabercoDigital\",\"https:\\\/\\\/www.instagram.com\\\/nachofdezber\\\/\",\"https:\\\/\\\/www.youtube.com\\\/channel\\\/UCZP-2wLEB9Rv6erhFmqVnvg\"],\"address\":{\"@id\":\"https:\\\/\\\/candas365.es\\\/noticias\\\/#postaladdress\",\"@type\":\"PostalAddress\",\"streetAddress\":\"san antonio 4, san antonio 4\",\"postalCode\":\"33430\",\"addressLocality\":\"Cand\\u00e1s\",\"addressRegion\":\"Asturias\",\"addressCountry\":\"ES\"}},{\"@type\":\"Person\",\"@id\":\"https:\\\/\\\/candas365.es\\\/noticias\\\/author\\\/admin\\\/#author\",\"url\":\"https:\\\/\\\/candas365.es\\\/noticias\\\/author\\\/admin\\\/\",\"name\":\"Cand\\u00e1s 365\",\"image\":{\"@type\":\"ImageObject\",\"@id\":\"https:\\\/\\\/candas365.es\\\/noticias\\\/milan-cortina-2026-higinio-rivero-ha-hecho-historia\\\/#authorImage\",\"url\":\"https:\\\/\\\/secure.gravatar.com\\\/avatar\\\/496a8e03d0c493ede1718b7934145dbdf8d89be1036b0eec9544e1094c9de390?s=96&d=mm&r=g\",\"width\":96,\"height\":96,\"caption\":\"Cand\\u00e1s 365\"},\"sameAs\":[\"https:\\\/\\\/www.facebook.com\\\/carrenoactualidad\",\"https:\\\/\\\/twitter.com\\\/nbasturias\",\"https:\\\/\\\/www.instagram.com\\\/nachofdezber\\\/\",\"https:\\\/\\\/www.youtube.com\\\/channel\\\/UCZP-2wLEB9Rv6erhFmqVnvg\"]},{\"@type\":\"WebPage\",\"@id\":\"https:\\\/\\\/candas365.es\\\/noticias\\\/milan-cortina-2026-higinio-rivero-ha-hecho-historia\\\/#webpage\",\"url\":\"https:\\\/\\\/candas365.es\\\/noticias\\\/milan-cortina-2026-higinio-rivero-ha-hecho-historia\\\/\",\"name\":\"Mil\\u00e1n Cortina 2026: Higinio Rivero ha hecho historia | Cand\\u00e1s 365\",\"description\":\"Higinio Rivero ha hecho historia al convertirse en el primer biatleta espa\\u00f1ol en unos Juegos Paral\\u00edmpicos de Invierno, en la edici\\u00f3n de Mil\\u00e1n Cortina 2026\",\"inLanguage\":\"es-ES\",\"isPartOf\":{\"@id\":\"https:\\\/\\\/candas365.es\\\/noticias\\\/#website\"},\"breadcrumb\":{\"@id\":\"https:\\\/\\\/candas365.es\\\/noticias\\\/milan-cortina-2026-higinio-rivero-ha-hecho-historia\\\/#breadcrumblist\"},\"author\":{\"@id\":\"https:\\\/\\\/candas365.es\\\/noticias\\\/author\\\/admin\\\/#author\"},\"creator\":{\"@id\":\"https:\\\/\\\/candas365.es\\\/noticias\\\/author\\\/admin\\\/#author\"},\"image\":{\"@type\":\"ImageObject\",\"url\":\"https:\\\/\\\/candas365.es\\\/noticias\\\/wp-content\\\/uploads\\\/2026\\\/03\\\/Higinio-Rivero-ha-hecho-historia-Milan-Cortina-2026.jpg\",\"@id\":\"https:\\\/\\\/candas365.es\\\/noticias\\\/milan-cortina-2026-higinio-rivero-ha-hecho-historia\\\/#mainImage\",\"width\":1266,\"height\":762,\"caption\":\"Higinio Rivero, hoy, en la prueba sprint de biatl\\u00f3n en Mil\\u00e1n Cortina 2026 | Foto de CPE\"},\"primaryImageOfPage\":{\"@id\":\"https:\\\/\\\/candas365.es\\\/noticias\\\/milan-cortina-2026-higinio-rivero-ha-hecho-historia\\\/#mainImage\"},\"datePublished\":\"2026-03-07T16:29:19+01:00\",\"dateModified\":\"2026-03-07T16:29:19+01:00\"},{\"@type\":\"WebSite\",\"@id\":\"https:\\\/\\\/candas365.es\\\/noticias\\\/#website\",\"url\":\"https:\\\/\\\/candas365.es\\\/noticias\\\/\",\"name\":\"Cand\\u00e1s 365\",\"alternateName\":\"Cand\\u00e1s 365 Noticias\",\"description\":\"Actualidad desde Carre\\u00f1o para el mundo\",\"inLanguage\":\"es-ES\",\"publisher\":{\"@id\":\"https:\\\/\\\/candas365.es\\\/noticias\\\/#organization\"}}]}\n\t\t<\/script>\n\t\t<!-- All in One SEO Pro -->\r\n\t\t<title>Mil\u00e1n Cortina 2026: Higinio Rivero ha hecho historia | Cand\u00e1s 365<\/title>\n\n","aioseo_head_json":{"title":"Mil\u00e1n Cortina 2026: Higinio Rivero ha hecho historia | Cand\u00e1s 365","description":"Higinio Rivero ha hecho historia al convertirse en el primer biatleta espa\u00f1ol en unos Juegos Paral\u00edmpicos de Invierno, en la edici\u00f3n de Mil\u00e1n Cortina 2026","canonical_url":"https:\/\/candas365.es\/noticias\/milan-cortina-2026-higinio-rivero-ha-hecho-historia\/","robots":"max-image-preview:large","keywords":"deporte","webmasterTools":{"google-site-verification":"UA-32230408-1","msvalidate.01":"354F3CDFB2DA171B47FBE9ABF1F88D5","miscellaneous":""},"schema":{"@context":"https:\/\/schema.org","@graph":[{"@type":"BreadcrumbList","@id":"https:\/\/candas365.es\/noticias\/milan-cortina-2026-higinio-rivero-ha-hecho-historia\/#breadcrumblist","itemListElement":[{"@type":"ListItem","@id":"https:\/\/candas365.es\/noticias#listItem","position":1,"name":"Home","item":"https:\/\/candas365.es\/noticias","nextItem":{"@type":"ListItem","@id":"https:\/\/candas365.es\/noticias\/category\/deporte\/#listItem","name":"Deporte"}},{"@type":"ListItem","@id":"https:\/\/candas365.es\/noticias\/category\/deporte\/#listItem","position":2,"name":"Deporte","item":"https:\/\/candas365.es\/noticias\/category\/deporte\/","nextItem":{"@type":"ListItem","@id":"https:\/\/candas365.es\/noticias\/milan-cortina-2026-higinio-rivero-ha-hecho-historia\/#listItem","name":"Mil\u00e1n Cortina 2026: Higinio Rivero ha hecho historia"},"previousItem":{"@type":"ListItem","@id":"https:\/\/candas365.es\/noticias#listItem","name":"Home"}},{"@type":"ListItem","@id":"https:\/\/candas365.es\/noticias\/milan-cortina-2026-higinio-rivero-ha-hecho-historia\/#listItem","position":3,"name":"Mil\u00e1n Cortina 2026: Higinio Rivero ha hecho historia","previousItem":{"@type":"ListItem","@id":"https:\/\/candas365.es\/noticias\/category\/deporte\/#listItem","name":"Deporte"}}]},{"@type":"NewsArticle","@id":"https:\/\/candas365.es\/noticias\/milan-cortina-2026-higinio-rivero-ha-hecho-historia\/#newsarticle","name":"Mil\u00e1n Cortina 2026: Higinio Rivero ha hecho historia | Cand\u00e1s 365","headline":"Mil\u00e1n Cortina 2026: Higinio Rivero ha hecho historia","author":{"@id":"https:\/\/candas365.es\/noticias\/author\/admin\/#author"},"publisher":{"@id":"https:\/\/candas365.es\/noticias\/#organization"},"image":{"@type":"ImageObject","url":"https:\/\/candas365.es\/noticias\/wp-content\/uploads\/2026\/03\/Higinio-Rivero-ha-hecho-historia-Milan-Cortina-2026.jpg","width":1266,"height":762,"caption":"Higinio Rivero, hoy, en la prueba sprint de biatl\u00f3n en Mil\u00e1n Cortina 2026 | Foto de CPE"},"datePublished":"2026-03-07T16:29:19+01:00","dateModified":"2026-03-07T16:29:19+01:00","inLanguage":"es-ES","mainEntityOfPage":{"@id":"https:\/\/candas365.es\/noticias\/milan-cortina-2026-higinio-rivero-ha-hecho-historia\/#webpage"},"isPartOf":{"@id":"https:\/\/candas365.es\/noticias\/milan-cortina-2026-higinio-rivero-ha-hecho-historia\/#webpage"},"articleSection":"Deporte, deporte","dateline":"Publicado el marzo 7, 2026."},{"@type":"Organization","@id":"https:\/\/candas365.es\/noticias\/#organization","name":"Cand\u00e1s 365","description":"Cand\u00e1s 365 es un diario digital independiente, fundado en 2012, con base en Asturias. Informamos con rigor sobre actualidad, sociedad, cultura y ocio, con una mirada local y global.","url":"https:\/\/candas365.es\/noticias\/","email":"info@candas365.es","telephone":"+34652131393","foundingDate":"2012-06-10","logo":{"@type":"ImageObject","url":"https:\/\/candas365.es\/noticias\/wp-content\/uploads\/2024\/09\/Candas-365-Redes.jpg","@id":"https:\/\/candas365.es\/noticias\/milan-cortina-2026-higinio-rivero-ha-hecho-historia\/#organizationLogo","width":1152,"height":864,"caption":"Cand\u00e1s 365 Redes"},"image":{"@id":"https:\/\/candas365.es\/noticias\/milan-cortina-2026-higinio-rivero-ha-hecho-historia\/#organizationLogo"},"sameAs":["https:\/\/www.facebook.com\/Nachofdezber","https:\/\/x.com\/NabercoDigital","https:\/\/www.instagram.com\/nachofdezber\/","https:\/\/www.youtube.com\/channel\/UCZP-2wLEB9Rv6erhFmqVnvg"],"address":{"@id":"https:\/\/candas365.es\/noticias\/#postaladdress","@type":"PostalAddress","streetAddress":"san antonio 4, san antonio 4","postalCode":"33430","addressLocality":"Cand\u00e1s","addressRegion":"Asturias","addressCountry":"ES"}},{"@type":"Person","@id":"https:\/\/candas365.es\/noticias\/author\/admin\/#author","url":"https:\/\/candas365.es\/noticias\/author\/admin\/","name":"Cand\u00e1s 365","image":{"@type":"ImageObject","@id":"https:\/\/candas365.es\/noticias\/milan-cortina-2026-higinio-rivero-ha-hecho-historia\/#authorImage","url":"https:\/\/secure.gravatar.com\/avatar\/496a8e03d0c493ede1718b7934145dbdf8d89be1036b0eec9544e1094c9de390?s=96&d=mm&r=g","width":96,"height":96,"caption":"Cand\u00e1s 365"},"sameAs":["https:\/\/www.facebook.com\/carrenoactualidad","https:\/\/twitter.com\/nbasturias","https:\/\/www.instagram.com\/nachofdezber\/","https:\/\/www.youtube.com\/channel\/UCZP-2wLEB9Rv6erhFmqVnvg"]},{"@type":"WebPage","@id":"https:\/\/candas365.es\/noticias\/milan-cortina-2026-higinio-rivero-ha-hecho-historia\/#webpage","url":"https:\/\/candas365.es\/noticias\/milan-cortina-2026-higinio-rivero-ha-hecho-historia\/","name":"Mil\u00e1n Cortina 2026: Higinio Rivero ha hecho historia | Cand\u00e1s 365","description":"Higinio Rivero ha hecho historia al convertirse en el primer biatleta espa\u00f1ol en unos Juegos Paral\u00edmpicos de Invierno, en la edici\u00f3n de Mil\u00e1n Cortina 2026","inLanguage":"es-ES","isPartOf":{"@id":"https:\/\/candas365.es\/noticias\/#website"},"breadcrumb":{"@id":"https:\/\/candas365.es\/noticias\/milan-cortina-2026-higinio-rivero-ha-hecho-historia\/#breadcrumblist"},"author":{"@id":"https:\/\/candas365.es\/noticias\/author\/admin\/#author"},"creator":{"@id":"https:\/\/candas365.es\/noticias\/author\/admin\/#author"},"image":{"@type":"ImageObject","url":"https:\/\/candas365.es\/noticias\/wp-content\/uploads\/2026\/03\/Higinio-Rivero-ha-hecho-historia-Milan-Cortina-2026.jpg","@id":"https:\/\/candas365.es\/noticias\/milan-cortina-2026-higinio-rivero-ha-hecho-historia\/#mainImage","width":1266,"height":762,"caption":"Higinio Rivero, hoy, en la prueba sprint de biatl\u00f3n en Mil\u00e1n Cortina 2026 | Foto de CPE"},"primaryImageOfPage":{"@id":"https:\/\/candas365.es\/noticias\/milan-cortina-2026-higinio-rivero-ha-hecho-historia\/#mainImage"},"datePublished":"2026-03-07T16:29:19+01:00","dateModified":"2026-03-07T16:29:19+01:00"},{"@type":"WebSite","@id":"https:\/\/candas365.es\/noticias\/#website","url":"https:\/\/candas365.es\/noticias\/","name":"Cand\u00e1s 365","alternateName":"Cand\u00e1s 365 Noticias","description":"Actualidad desde Carre\u00f1o para el mundo","inLanguage":"es-ES","publisher":{"@id":"https:\/\/candas365.es\/noticias\/#organization"}}]},"og:locale":"es_ES","og:site_name":"Cand\u00e1s 365","og:type":"article","og:title":"Mil\u00e1n Cortina 2026: Higinio Rivero ha hecho historia | Cand\u00e1s 365","og:description":"Higinio Rivero ha hecho historia al convertirse en el primer biatleta espa\u00f1ol en unos Juegos Paral\u00edmpicos de Invierno, en la edici\u00f3n de Mil\u00e1n Cortina 2026","og:url":"https:\/\/candas365.es\/noticias\/milan-cortina-2026-higinio-rivero-ha-hecho-historia\/","og:image":"https:\/\/candas365.es\/noticias\/wp-content\/uploads\/2026\/03\/Higinio-Rivero-ha-hecho-historia-Milan-Cortina-2026.jpg","og:image:secure_url":"https:\/\/candas365.es\/noticias\/wp-content\/uploads\/2026\/03\/Higinio-Rivero-ha-hecho-historia-Milan-Cortina-2026.jpg","og:image:width":1266,"og:image:height":762,"article:published_time":"2026-03-07T15:29:19+00:00","article:modified_time":"2026-03-07T15:29:19+00:00","article:publisher":"https:\/\/www.facebook.com\/Nachofdezber","article:author":"https:\/\/www.facebook.com\/carrenoactualidad","twitter:card":"summary_large_image","twitter:site":"@NabercoDigital","twitter:title":"Mil\u00e1n Cortina 2026: Higinio Rivero ha hecho historia | Cand\u00e1s 365","twitter:description":"Higinio Rivero ha hecho historia al convertirse en el primer biatleta espa\u00f1ol en unos Juegos Paral\u00edmpicos de Invierno, en la edici\u00f3n de Mil\u00e1n Cortina 2026","twitter:creator":"@nbasturias","twitter:image":"https:\/\/candas365.es\/noticias\/wp-content\/uploads\/2026\/03\/Higinio-Rivero-ha-hecho-historia-Milan-Cortina-2026.jpg","twitter:label1":"Escrito por","twitter:data1":"Cand\u00e1s 365","twitter:label2":"Tiempo de lectura estimado","twitter:data2":"3 minutos"},"aioseo_meta_data":{"post_id":"192655","title":null,"description":"Higinio Rivero ha hecho historia al convertirse en el primer biatleta espa\u00f1ol en unos Juegos Paral\u00edmpicos de Invierno, en la edici\u00f3n de Mil\u00e1n Cortina 2026","keywords":null,"keyphrases":{"focus":{"keyphrase":"Rivero","score":100,"analysis":{"keyphraseInTitle":{"score":9,"maxScore":9,"error":0},"keyphraseInDescription":{"score":9,"maxScore":9,"error":0},"keyphraseLength":{"score":9,"maxScore":9,"error":0,"length":1},"keyphraseInURL":{"score":5,"maxScore":5,"error":0},"keyphraseInIntroduction":{"score":9,"maxScore":9,"error":0},"keyphraseInSubHeadings":[],"keyphraseInImageAlt":{"score":9,"maxScore":9,"error":0},"keywordDensity":{"type":"best","score":9,"maxScore":9,"error":0}}},"additional":[{"keyphrase":"Mil\u00e1n Cortina 2026","score":100,"analysis":{"keyphraseInDescription":{"score":9,"maxScore":9,"error":0},"keyphraseLength":{"score":9,"maxScore":9,"error":0,"length":4},"keyphraseInIntroduction":{"score":9,"maxScore":9,"error":0},"keyphraseInImageAlt":{"score":9,"maxScore":9,"error":0},"keywordDensity":{"type":"best","score":9,"maxScore":9,"error":0}}}]},"primary_term":null,"canonical_url":null,"og_title":null,"og_description":null,"og_object_type":"default","og_image_type":"default","og_image_url":null,"og_image_width":null,"og_image_height":null,"og_image_custom_url":null,"og_image_custom_fields":null,"og_video":"","og_custom_url":null,"og_article_section":null,"og_article_tags":null,"twitter_use_og":false,"twitter_card":"default","twitter_image_type":"default","twitter_image_url":null,"twitter_image_custom_url":null,"twitter_image_custom_fields":null,"twitter_title":null,"twitter_description":null,"schema":{"blockGraphs":[],"customGraphs":[],"default":{"data":{"Article":[],"Course":[],"Dataset":[],"FAQPage":[],"Movie":[],"Person":[],"Product":[],"ProductReview":[],"Car":[],"Recipe":[],"Service":[],"SoftwareApplication":[],"WebPage":[]},"graphName":"NewsArticle","isEnabled":true},"graphs":[]},"schema_type":"default","schema_type_options":null,"pillar_content":false,"robots_default":true,"robots_noindex":false,"robots_noarchive":false,"robots_nosnippet":false,"robots_nofollow":false,"robots_noimageindex":false,"robots_noodp":false,"robots_notranslate":false,"robots_max_snippet":"-1","robots_max_videopreview":"-1","robots_max_imagepreview":"large","priority":null,"frequency":"default","location":null,"local_seo":null,"seo_analyzer_scan_date":"2026-03-07 15:49:43","breadcrumb_settings":null,"limit_modified_date":false,"reviewed_by":null,"open_ai":null,"ai":{"faqs":[],"keyPoints":[],"titles":[],"descriptions":[],"socialPosts":{"email":[],"linkedin":[],"twitter":[],"facebook":[],"instagram":[]}},"created":"2026-03-07 15:23:23","updated":"2026-03-07 15:49:43"},"aioseo_breadcrumb":"<div class=\"aioseo-breadcrumbs\"><span class=\"aioseo-breadcrumb\">\n\t<a href=\"https:\/\/candas365.es\/noticias\" title=\"Home\">Home<\/a>\n<\/span><span class=\"aioseo-breadcrumb-separator\">&ndash;<\/span><span class=\"aioseo-breadcrumb\">\n\t<a href=\"https:\/\/candas365.es\/noticias\/category\/deporte\/\" title=\"Deporte\">Deporte<\/a>\n<\/span><span class=\"aioseo-breadcrumb-separator\">&ndash;<\/span><span class=\"aioseo-breadcrumb\">\n\tMil\u00e1n Cortina 2026: Higinio Rivero ha hecho historia\n<\/span><\/div>","aioseo_breadcrumb_json":[{"label":"Home","link":"https:\/\/candas365.es\/noticias"},{"label":"Deporte","link":"https:\/\/candas365.es\/noticias\/category\/deporte\/"},{"label":"Mil\u00e1n Cortina 2026: Higinio Rivero ha hecho historia","link":"https:\/\/candas365.es\/noticias\/milan-cortina-2026-higinio-rivero-ha-hecho-historia\/"}],"_links":{"self":[{"href":"https:\/\/candas365.es\/noticias\/wp-json\/wp\/v2\/posts\/192655","targetHints":{"allow":["GET"]}}],"collection":[{"href":"https:\/\/candas365.es\/noticias\/wp-json\/wp\/v2\/posts"}],"about":[{"href":"https:\/\/candas365.es\/noticias\/wp-json\/wp\/v2\/types\/post"}],"author":[{"embeddable":true,"href":"https:\/\/candas365.es\/noticias\/wp-json\/wp\/v2\/users\/1"}],"replies":[{"embeddable":true,"href":"https:\/\/candas365.es\/noticias\/wp-json\/wp\/v2\/comments?post=192655"}],"version-history":[{"count":0,"href":"https:\/\/candas365.es\/noticias\/wp-json\/wp\/v2\/posts\/192655\/revisions"}],"wp:featuredmedia":[{"embeddable":true,"href":"https:\/\/candas365.es\/noticias\/wp-json\/wp\/v2\/media\/192656"}],"wp:attachment":[{"href":"https:\/\/candas365.es\/noticias\/wp-json\/wp\/v2\/media?parent=192655"}],"wp:term":[{"taxonomy":"category","embeddable":true,"href":"https:\/\/candas365.es\/noticias\/wp-json\/wp\/v2\/categories?post=192655"},{"taxonomy":"post_tag","embeddable":true,"href":"https:\/\/candas365.es\/noticias\/wp-json\/wp\/v2\/tags?post=192655"}],"curies":[{"name":"wp","href":"https:\/\/api.w.org\/{rel}","templated":true}]}}