{"id":192578,"date":"2026-03-04T18:50:06","date_gmt":"2026-03-04T17:50:06","guid":{"rendered":"https:\/\/candas365.es\/noticias\/?p=192578"},"modified":"2026-03-04T18:50:06","modified_gmt":"2026-03-04T17:50:06","slug":"el-cpe-recuerda-el-uso-adecuado-del-lenguaje-paralimpico","status":"publish","type":"post","link":"https:\/\/candas365.es\/noticias\/el-cpe-recuerda-el-uso-adecuado-del-lenguaje-paralimpico\/","title":{"rendered":"El CPE recuerda el uso adecuado del lenguaje paral\u00edmpico"},"content":{"rendered":"<p>El Comit\u00e9 Paral\u00edmpico Espa\u00f1ol record\u00f3 este mi\u00e9rcoles sus recomendaciones sobre el uso del lenguaje en referencia a los <a href=\"https:\/\/candas365.es\/noticias\/category\/deporte\/\"><span style=\"color: #ff6600;\"><strong>deportes paral\u00edmpicos<\/strong><\/span><\/a>, coincidiendo con la inminente inauguraci\u00f3n de los Juegos de Mil\u00e1n Cortina 2026.<\/p>\n<figure id=\"attachment_192579\" aria-describedby=\"caption-attachment-192579\" style=\"width: 650px\" class=\"wp-caption aligncenter\"><img fetchpriority=\"high\" decoding=\"async\" class=\"size-large wp-image-192579\" src=\"https:\/\/candas365.es\/noticias\/wp-content\/uploads\/2026\/03\/El-CPE-recuerda-el-uso-adecuado-del-lenguaje-paralimpico-650x405.jpg\" alt=\"El CPE recuerda el uso adecuado del lenguaje paral\u00edmpico\" width=\"650\" height=\"405\" srcset=\"https:\/\/candas365.es\/noticias\/wp-content\/uploads\/2026\/03\/El-CPE-recuerda-el-uso-adecuado-del-lenguaje-paralimpico-650x405.jpg 650w, https:\/\/candas365.es\/noticias\/wp-content\/uploads\/2026\/03\/El-CPE-recuerda-el-uso-adecuado-del-lenguaje-paralimpico-360x224.jpg 360w, https:\/\/candas365.es\/noticias\/wp-content\/uploads\/2026\/03\/El-CPE-recuerda-el-uso-adecuado-del-lenguaje-paralimpico-768x478.jpg 768w, https:\/\/candas365.es\/noticias\/wp-content\/uploads\/2026\/03\/El-CPE-recuerda-el-uso-adecuado-del-lenguaje-paralimpico-150x93.jpg 150w, https:\/\/candas365.es\/noticias\/wp-content\/uploads\/2026\/03\/El-CPE-recuerda-el-uso-adecuado-del-lenguaje-paralimpico-450x280.jpg 450w, https:\/\/candas365.es\/noticias\/wp-content\/uploads\/2026\/03\/El-CPE-recuerda-el-uso-adecuado-del-lenguaje-paralimpico-1200x747.jpg 1200w, https:\/\/candas365.es\/noticias\/wp-content\/uploads\/2026\/03\/El-CPE-recuerda-el-uso-adecuado-del-lenguaje-paralimpico.jpg 1242w\" sizes=\"(max-width: 650px) 100vw, 650px\" \/><figcaption id=\"caption-attachment-192579\" class=\"wp-caption-text\">Esquiador sentado en los Alpes | Foto de CPE<\/figcaption><\/figure>\n<p>Ese documento sobre recomendaciones de uso del lenguaje inclusivo en el deporte fue aprobado hace unos a\u00f1os por la Asamblea General del CPE y consensuado con el Cermi (Comit\u00e9 Espa\u00f1ol de Representantes de Personas con Discapacidad), la Fundaci\u00f3n ONCE y las federaciones espa\u00f1olas deportivas con modalidades paral\u00edmpicas y aceptadas por el CSD (Consejo Superior de Deportes) y Adesp (Asociaci\u00f3n del Deporte Espa\u00f1ol).<\/p>\n<p>Los t\u00e9rminos gen\u00e9ricos recomendados son \u2018deporte de personas con discapacidad\u2019 y \u2018deporte paral\u00edmpico\u2019 y todos sus derivados, mientras que se desaconseja el uso de otros como \u2018deporte adaptado\u2019 y \u2018para deporte\u2019 y sus derivaciones.<\/p>\n<p>En el caso espec\u00edfico de los Juegos Paral\u00edmpicos de Invierno, para referirse a las modalidades deportivas concretas se aconseja usar el nombre del deporte sin m\u00e1s. No hace falta especificar, por ejemplo, esqu\u00ed alpino paral\u00edmpico al estar en el entorno de los Juegos Paral\u00edmpicos y bastar\u00eda con decir esqu\u00ed alpino.<\/p>\n<p>Seg\u00fan estas recomendaciones, se debe huir de usar el nombre oficial en ingl\u00e9s (Para Biathlon, Para Snowboard, etc\u00e9tera) y usar preferentemente el nombre del deporte sin m\u00e1s.<\/p>\n<p>En el caso de hacer alguna diferenciaci\u00f3n entre el deporte ol\u00edmpico y el paral\u00edmpico, puede referirse al deporte con la terminolog\u00eda recomendada por el CPE: esqu\u00ed alpino paral\u00edmpico, esqu\u00ed de fondo paral\u00edmpico, biatl\u00f3n paral\u00edmpico, snowboard paral\u00edmpico, hockey hielo paral\u00edmpico y curling en silla de ruedas o curling paral\u00edmpico.<\/p>\n<p>El CPE desaconseja el uso de t\u00e9rminos como \u2018esqu\u00ed adaptado\u2019, \u2018para snowboard\u2019, \u2018para hockey\u2019, \u2018jugador de curling adaptado\u2019, \u2018para esquiador\u2019, \u2018para biatl\u00f3n\u2019 y otros similares.<\/p>\n<p>(<span style=\"color: #ff6600;\"><a style=\"color: #ff6600;\" href=\"https:\/\/www.servimedia.es\/\" target=\"_blank\" rel=\"noopener\"><strong>SERVIMEDIA<\/strong><\/a><\/span>)<\/p>\n","protected":false},"excerpt":{"rendered":"<p>El Comit\u00e9 Paral\u00edmpico Espa\u00f1ol record\u00f3 este mi\u00e9rcoles sus recomendaciones sobre el uso del lenguaje en referencia a los deportes paral\u00edmpicos, coincidiendo con la inminente inauguraci\u00f3n de los Juegos de Mil\u00e1n Cortina 2026. Ese documento sobre recomendaciones de uso del lenguaje inclusivo en el deporte fue aprobado hace unos a\u00f1os por la Asamblea General del CPE<\/p>\n","protected":false},"author":1,"featured_media":192579,"comment_status":"closed","ping_status":"closed","sticky":false,"template":"","format":"standard","meta":{"footnotes":""},"categories":[319],"tags":[387],"class_list":{"0":"post-192578","1":"post","2":"type-post","3":"status-publish","4":"format-standard","5":"has-post-thumbnail","7":"category-deporte","8":"tag-deporte"},"aioseo_notices":[],"aioseo_head":"\n\t\t<!-- All in One SEO Pro 4.9.6.2 - aioseo.com -->\n\t<meta name=\"description\" content=\"El Comit\u00e9 Paral\u00edmpico Espa\u00f1ol record\u00f3 este mi\u00e9rcoles sus recomendaciones sobre el uso del lenguaje en referencia a los deportes paral\u00edmpicos, coincidiendo\" \/>\n\t<meta name=\"robots\" content=\"max-image-preview:large\" \/>\n\t<meta name=\"author\" content=\"Cand\u00e1s 365\"\/>\n\t<meta name=\"google-site-verification\" content=\"UA-32230408-1\" \/>\n\t<meta name=\"msvalidate.01\" content=\"354F3CDFB2DA171B47FBE9ABF1F88D5\" \/>\n\t<meta name=\"keywords\" content=\"deporte\" \/>\n\t<link rel=\"canonical\" href=\"https:\/\/candas365.es\/noticias\/el-cpe-recuerda-el-uso-adecuado-del-lenguaje-paralimpico\/\" \/>\n\t<meta name=\"generator\" content=\"All in One SEO Pro (AIOSEO) 4.9.6.2\" \/>\n\t\t<meta property=\"og:locale\" content=\"es_ES\" \/>\n\t\t<meta property=\"og:site_name\" content=\"Cand\u00e1s 365\" \/>\n\t\t<meta property=\"og:type\" content=\"article\" \/>\n\t\t<meta property=\"og:title\" content=\"El CPE recuerda el uso adecuado del lenguaje paral\u00edmpico | Cand\u00e1s 365\" \/>\n\t\t<meta property=\"og:description\" content=\"El Comit\u00e9 Paral\u00edmpico Espa\u00f1ol record\u00f3 este mi\u00e9rcoles sus recomendaciones sobre el uso del lenguaje en referencia a los deportes paral\u00edmpicos, coincidiendo\" \/>\n\t\t<meta property=\"og:url\" content=\"https:\/\/candas365.es\/noticias\/el-cpe-recuerda-el-uso-adecuado-del-lenguaje-paralimpico\/\" \/>\n\t\t<meta property=\"og:image\" content=\"https:\/\/candas365.es\/noticias\/wp-content\/uploads\/2026\/03\/El-CPE-recuerda-el-uso-adecuado-del-lenguaje-paralimpico.jpg\" \/>\n\t\t<meta property=\"og:image:secure_url\" content=\"https:\/\/candas365.es\/noticias\/wp-content\/uploads\/2026\/03\/El-CPE-recuerda-el-uso-adecuado-del-lenguaje-paralimpico.jpg\" \/>\n\t\t<meta property=\"og:image:width\" content=\"1242\" \/>\n\t\t<meta property=\"og:image:height\" content=\"773\" \/>\n\t\t<meta property=\"article:published_time\" content=\"2026-03-04T17:50:06+00:00\" \/>\n\t\t<meta property=\"article:modified_time\" content=\"2026-03-04T17:50:06+00:00\" \/>\n\t\t<meta property=\"article:publisher\" content=\"https:\/\/www.facebook.com\/Nachofdezber\" \/>\n\t\t<meta property=\"article:author\" content=\"https:\/\/www.facebook.com\/carrenoactualidad\" \/>\n\t\t<meta name=\"twitter:card\" content=\"summary_large_image\" \/>\n\t\t<meta name=\"twitter:site\" content=\"@NabercoDigital\" \/>\n\t\t<meta name=\"twitter:title\" content=\"El CPE recuerda el uso adecuado del lenguaje paral\u00edmpico | Cand\u00e1s 365\" \/>\n\t\t<meta name=\"twitter:description\" content=\"El Comit\u00e9 Paral\u00edmpico Espa\u00f1ol record\u00f3 este mi\u00e9rcoles sus recomendaciones sobre el uso del lenguaje en referencia a los deportes paral\u00edmpicos, coincidiendo\" \/>\n\t\t<meta name=\"twitter:creator\" content=\"@nbasturias\" \/>\n\t\t<meta name=\"twitter:image\" content=\"https:\/\/candas365.es\/noticias\/wp-content\/uploads\/2026\/03\/El-CPE-recuerda-el-uso-adecuado-del-lenguaje-paralimpico.jpg\" \/>\n\t\t<meta name=\"twitter:label1\" content=\"Escrito por\" \/>\n\t\t<meta name=\"twitter:data1\" content=\"Cand\u00e1s 365\" \/>\n\t\t<meta name=\"twitter:label2\" content=\"Tiempo de lectura estimado\" \/>\n\t\t<meta name=\"twitter:data2\" content=\"2 minutos\" \/>\n\t\t<script type=\"application\/ld+json\" class=\"aioseo-schema\">\n\t\t\t{\"@context\":\"https:\\\/\\\/schema.org\",\"@graph\":[{\"@type\":\"BreadcrumbList\",\"@id\":\"https:\\\/\\\/candas365.es\\\/noticias\\\/el-cpe-recuerda-el-uso-adecuado-del-lenguaje-paralimpico\\\/#breadcrumblist\",\"itemListElement\":[{\"@type\":\"ListItem\",\"@id\":\"https:\\\/\\\/candas365.es\\\/noticias#listItem\",\"position\":1,\"name\":\"Home\",\"item\":\"https:\\\/\\\/candas365.es\\\/noticias\",\"nextItem\":{\"@type\":\"ListItem\",\"@id\":\"https:\\\/\\\/candas365.es\\\/noticias\\\/category\\\/deporte\\\/#listItem\",\"name\":\"Deporte\"}},{\"@type\":\"ListItem\",\"@id\":\"https:\\\/\\\/candas365.es\\\/noticias\\\/category\\\/deporte\\\/#listItem\",\"position\":2,\"name\":\"Deporte\",\"item\":\"https:\\\/\\\/candas365.es\\\/noticias\\\/category\\\/deporte\\\/\",\"nextItem\":{\"@type\":\"ListItem\",\"@id\":\"https:\\\/\\\/candas365.es\\\/noticias\\\/el-cpe-recuerda-el-uso-adecuado-del-lenguaje-paralimpico\\\/#listItem\",\"name\":\"El CPE recuerda el uso adecuado del lenguaje paral\\u00edmpico\"},\"previousItem\":{\"@type\":\"ListItem\",\"@id\":\"https:\\\/\\\/candas365.es\\\/noticias#listItem\",\"name\":\"Home\"}},{\"@type\":\"ListItem\",\"@id\":\"https:\\\/\\\/candas365.es\\\/noticias\\\/el-cpe-recuerda-el-uso-adecuado-del-lenguaje-paralimpico\\\/#listItem\",\"position\":3,\"name\":\"El CPE recuerda el uso adecuado del lenguaje paral\\u00edmpico\",\"previousItem\":{\"@type\":\"ListItem\",\"@id\":\"https:\\\/\\\/candas365.es\\\/noticias\\\/category\\\/deporte\\\/#listItem\",\"name\":\"Deporte\"}}]},{\"@type\":\"NewsArticle\",\"@id\":\"https:\\\/\\\/candas365.es\\\/noticias\\\/el-cpe-recuerda-el-uso-adecuado-del-lenguaje-paralimpico\\\/#newsarticle\",\"name\":\"El CPE recuerda el uso adecuado del lenguaje paral\\u00edmpico | Cand\\u00e1s 365\",\"headline\":\"El CPE recuerda el uso adecuado del lenguaje paral\\u00edmpico\",\"author\":{\"@id\":\"https:\\\/\\\/candas365.es\\\/noticias\\\/author\\\/admin\\\/#author\"},\"publisher\":{\"@id\":\"https:\\\/\\\/candas365.es\\\/noticias\\\/#organization\"},\"image\":{\"@type\":\"ImageObject\",\"url\":\"https:\\\/\\\/candas365.es\\\/noticias\\\/wp-content\\\/uploads\\\/2026\\\/03\\\/El-CPE-recuerda-el-uso-adecuado-del-lenguaje-paralimpico.jpg\",\"width\":1242,\"height\":773,\"caption\":\"Esquiador sentado en los Alpes | Foto de CPE\"},\"datePublished\":\"2026-03-04T18:50:06+01:00\",\"dateModified\":\"2026-03-04T18:50:06+01:00\",\"inLanguage\":\"es-ES\",\"mainEntityOfPage\":{\"@id\":\"https:\\\/\\\/candas365.es\\\/noticias\\\/el-cpe-recuerda-el-uso-adecuado-del-lenguaje-paralimpico\\\/#webpage\"},\"isPartOf\":{\"@id\":\"https:\\\/\\\/candas365.es\\\/noticias\\\/el-cpe-recuerda-el-uso-adecuado-del-lenguaje-paralimpico\\\/#webpage\"},\"articleSection\":\"Deporte, deporte\",\"dateline\":\"Publicado el marzo 4, 2026.\"},{\"@type\":\"Organization\",\"@id\":\"https:\\\/\\\/candas365.es\\\/noticias\\\/#organization\",\"name\":\"Cand\\u00e1s 365\",\"description\":\"Cand\\u00e1s 365 es un diario digital independiente, fundado en 2012, con base en Asturias. Informamos con rigor sobre actualidad, sociedad, cultura y ocio, con una mirada local y global.\",\"url\":\"https:\\\/\\\/candas365.es\\\/noticias\\\/\",\"email\":\"info@candas365.es\",\"telephone\":\"+34652131393\",\"foundingDate\":\"2012-06-10\",\"logo\":{\"@type\":\"ImageObject\",\"url\":\"https:\\\/\\\/candas365.es\\\/noticias\\\/wp-content\\\/uploads\\\/2024\\\/09\\\/Candas-365-Redes.jpg\",\"@id\":\"https:\\\/\\\/candas365.es\\\/noticias\\\/el-cpe-recuerda-el-uso-adecuado-del-lenguaje-paralimpico\\\/#organizationLogo\",\"width\":1152,\"height\":864,\"caption\":\"Cand\\u00e1s 365 Redes\"},\"image\":{\"@id\":\"https:\\\/\\\/candas365.es\\\/noticias\\\/el-cpe-recuerda-el-uso-adecuado-del-lenguaje-paralimpico\\\/#organizationLogo\"},\"sameAs\":[\"https:\\\/\\\/www.facebook.com\\\/Nachofdezber\",\"https:\\\/\\\/x.com\\\/NabercoDigital\",\"https:\\\/\\\/www.instagram.com\\\/nachofdezber\\\/\",\"https:\\\/\\\/www.youtube.com\\\/channel\\\/UCZP-2wLEB9Rv6erhFmqVnvg\"],\"address\":{\"@id\":\"https:\\\/\\\/candas365.es\\\/noticias\\\/#postaladdress\",\"@type\":\"PostalAddress\",\"streetAddress\":\"san antonio 4, san antonio 4\",\"postalCode\":\"33430\",\"addressLocality\":\"Cand\\u00e1s\",\"addressRegion\":\"Asturias\",\"addressCountry\":\"ES\"}},{\"@type\":\"Person\",\"@id\":\"https:\\\/\\\/candas365.es\\\/noticias\\\/author\\\/admin\\\/#author\",\"url\":\"https:\\\/\\\/candas365.es\\\/noticias\\\/author\\\/admin\\\/\",\"name\":\"Cand\\u00e1s 365\",\"image\":{\"@type\":\"ImageObject\",\"@id\":\"https:\\\/\\\/candas365.es\\\/noticias\\\/el-cpe-recuerda-el-uso-adecuado-del-lenguaje-paralimpico\\\/#authorImage\",\"url\":\"https:\\\/\\\/secure.gravatar.com\\\/avatar\\\/496a8e03d0c493ede1718b7934145dbdf8d89be1036b0eec9544e1094c9de390?s=96&d=mm&r=g\",\"width\":96,\"height\":96,\"caption\":\"Cand\\u00e1s 365\"},\"sameAs\":[\"https:\\\/\\\/www.facebook.com\\\/carrenoactualidad\",\"https:\\\/\\\/twitter.com\\\/nbasturias\",\"https:\\\/\\\/www.instagram.com\\\/nachofdezber\\\/\",\"https:\\\/\\\/www.youtube.com\\\/channel\\\/UCZP-2wLEB9Rv6erhFmqVnvg\"]},{\"@type\":\"WebPage\",\"@id\":\"https:\\\/\\\/candas365.es\\\/noticias\\\/el-cpe-recuerda-el-uso-adecuado-del-lenguaje-paralimpico\\\/#webpage\",\"url\":\"https:\\\/\\\/candas365.es\\\/noticias\\\/el-cpe-recuerda-el-uso-adecuado-del-lenguaje-paralimpico\\\/\",\"name\":\"El CPE recuerda el uso adecuado del lenguaje paral\\u00edmpico | Cand\\u00e1s 365\",\"description\":\"El Comit\\u00e9 Paral\\u00edmpico Espa\\u00f1ol record\\u00f3 este mi\\u00e9rcoles sus recomendaciones sobre el uso del lenguaje en referencia a los deportes paral\\u00edmpicos, coincidiendo\",\"inLanguage\":\"es-ES\",\"isPartOf\":{\"@id\":\"https:\\\/\\\/candas365.es\\\/noticias\\\/#website\"},\"breadcrumb\":{\"@id\":\"https:\\\/\\\/candas365.es\\\/noticias\\\/el-cpe-recuerda-el-uso-adecuado-del-lenguaje-paralimpico\\\/#breadcrumblist\"},\"author\":{\"@id\":\"https:\\\/\\\/candas365.es\\\/noticias\\\/author\\\/admin\\\/#author\"},\"creator\":{\"@id\":\"https:\\\/\\\/candas365.es\\\/noticias\\\/author\\\/admin\\\/#author\"},\"image\":{\"@type\":\"ImageObject\",\"url\":\"https:\\\/\\\/candas365.es\\\/noticias\\\/wp-content\\\/uploads\\\/2026\\\/03\\\/El-CPE-recuerda-el-uso-adecuado-del-lenguaje-paralimpico.jpg\",\"@id\":\"https:\\\/\\\/candas365.es\\\/noticias\\\/el-cpe-recuerda-el-uso-adecuado-del-lenguaje-paralimpico\\\/#mainImage\",\"width\":1242,\"height\":773,\"caption\":\"Esquiador sentado en los Alpes | Foto de CPE\"},\"primaryImageOfPage\":{\"@id\":\"https:\\\/\\\/candas365.es\\\/noticias\\\/el-cpe-recuerda-el-uso-adecuado-del-lenguaje-paralimpico\\\/#mainImage\"},\"datePublished\":\"2026-03-04T18:50:06+01:00\",\"dateModified\":\"2026-03-04T18:50:06+01:00\"},{\"@type\":\"WebSite\",\"@id\":\"https:\\\/\\\/candas365.es\\\/noticias\\\/#website\",\"url\":\"https:\\\/\\\/candas365.es\\\/noticias\\\/\",\"name\":\"Cand\\u00e1s 365\",\"alternateName\":\"Cand\\u00e1s 365 Noticias\",\"description\":\"Actualidad desde Carre\\u00f1o para el mundo\",\"inLanguage\":\"es-ES\",\"publisher\":{\"@id\":\"https:\\\/\\\/candas365.es\\\/noticias\\\/#organization\"}}]}\n\t\t<\/script>\n\t\t<!-- All in One SEO Pro -->\r\n\t\t<title>El CPE recuerda el uso adecuado del lenguaje paral\u00edmpico | Cand\u00e1s 365<\/title>\n\n","aioseo_head_json":{"title":"El CPE recuerda el uso adecuado del lenguaje paral\u00edmpico | Cand\u00e1s 365","description":"El Comit\u00e9 Paral\u00edmpico Espa\u00f1ol record\u00f3 este mi\u00e9rcoles sus recomendaciones sobre el uso del lenguaje en referencia a los deportes paral\u00edmpicos, coincidiendo","canonical_url":"https:\/\/candas365.es\/noticias\/el-cpe-recuerda-el-uso-adecuado-del-lenguaje-paralimpico\/","robots":"max-image-preview:large","keywords":"deporte","webmasterTools":{"google-site-verification":"UA-32230408-1","msvalidate.01":"354F3CDFB2DA171B47FBE9ABF1F88D5","miscellaneous":""},"schema":{"@context":"https:\/\/schema.org","@graph":[{"@type":"BreadcrumbList","@id":"https:\/\/candas365.es\/noticias\/el-cpe-recuerda-el-uso-adecuado-del-lenguaje-paralimpico\/#breadcrumblist","itemListElement":[{"@type":"ListItem","@id":"https:\/\/candas365.es\/noticias#listItem","position":1,"name":"Home","item":"https:\/\/candas365.es\/noticias","nextItem":{"@type":"ListItem","@id":"https:\/\/candas365.es\/noticias\/category\/deporte\/#listItem","name":"Deporte"}},{"@type":"ListItem","@id":"https:\/\/candas365.es\/noticias\/category\/deporte\/#listItem","position":2,"name":"Deporte","item":"https:\/\/candas365.es\/noticias\/category\/deporte\/","nextItem":{"@type":"ListItem","@id":"https:\/\/candas365.es\/noticias\/el-cpe-recuerda-el-uso-adecuado-del-lenguaje-paralimpico\/#listItem","name":"El CPE recuerda el uso adecuado del lenguaje paral\u00edmpico"},"previousItem":{"@type":"ListItem","@id":"https:\/\/candas365.es\/noticias#listItem","name":"Home"}},{"@type":"ListItem","@id":"https:\/\/candas365.es\/noticias\/el-cpe-recuerda-el-uso-adecuado-del-lenguaje-paralimpico\/#listItem","position":3,"name":"El CPE recuerda el uso adecuado del lenguaje paral\u00edmpico","previousItem":{"@type":"ListItem","@id":"https:\/\/candas365.es\/noticias\/category\/deporte\/#listItem","name":"Deporte"}}]},{"@type":"NewsArticle","@id":"https:\/\/candas365.es\/noticias\/el-cpe-recuerda-el-uso-adecuado-del-lenguaje-paralimpico\/#newsarticle","name":"El CPE recuerda el uso adecuado del lenguaje paral\u00edmpico | Cand\u00e1s 365","headline":"El CPE recuerda el uso adecuado del lenguaje paral\u00edmpico","author":{"@id":"https:\/\/candas365.es\/noticias\/author\/admin\/#author"},"publisher":{"@id":"https:\/\/candas365.es\/noticias\/#organization"},"image":{"@type":"ImageObject","url":"https:\/\/candas365.es\/noticias\/wp-content\/uploads\/2026\/03\/El-CPE-recuerda-el-uso-adecuado-del-lenguaje-paralimpico.jpg","width":1242,"height":773,"caption":"Esquiador sentado en los Alpes | Foto de CPE"},"datePublished":"2026-03-04T18:50:06+01:00","dateModified":"2026-03-04T18:50:06+01:00","inLanguage":"es-ES","mainEntityOfPage":{"@id":"https:\/\/candas365.es\/noticias\/el-cpe-recuerda-el-uso-adecuado-del-lenguaje-paralimpico\/#webpage"},"isPartOf":{"@id":"https:\/\/candas365.es\/noticias\/el-cpe-recuerda-el-uso-adecuado-del-lenguaje-paralimpico\/#webpage"},"articleSection":"Deporte, deporte","dateline":"Publicado el marzo 4, 2026."},{"@type":"Organization","@id":"https:\/\/candas365.es\/noticias\/#organization","name":"Cand\u00e1s 365","description":"Cand\u00e1s 365 es un diario digital independiente, fundado en 2012, con base en Asturias. Informamos con rigor sobre actualidad, sociedad, cultura y ocio, con una mirada local y global.","url":"https:\/\/candas365.es\/noticias\/","email":"info@candas365.es","telephone":"+34652131393","foundingDate":"2012-06-10","logo":{"@type":"ImageObject","url":"https:\/\/candas365.es\/noticias\/wp-content\/uploads\/2024\/09\/Candas-365-Redes.jpg","@id":"https:\/\/candas365.es\/noticias\/el-cpe-recuerda-el-uso-adecuado-del-lenguaje-paralimpico\/#organizationLogo","width":1152,"height":864,"caption":"Cand\u00e1s 365 Redes"},"image":{"@id":"https:\/\/candas365.es\/noticias\/el-cpe-recuerda-el-uso-adecuado-del-lenguaje-paralimpico\/#organizationLogo"},"sameAs":["https:\/\/www.facebook.com\/Nachofdezber","https:\/\/x.com\/NabercoDigital","https:\/\/www.instagram.com\/nachofdezber\/","https:\/\/www.youtube.com\/channel\/UCZP-2wLEB9Rv6erhFmqVnvg"],"address":{"@id":"https:\/\/candas365.es\/noticias\/#postaladdress","@type":"PostalAddress","streetAddress":"san antonio 4, san antonio 4","postalCode":"33430","addressLocality":"Cand\u00e1s","addressRegion":"Asturias","addressCountry":"ES"}},{"@type":"Person","@id":"https:\/\/candas365.es\/noticias\/author\/admin\/#author","url":"https:\/\/candas365.es\/noticias\/author\/admin\/","name":"Cand\u00e1s 365","image":{"@type":"ImageObject","@id":"https:\/\/candas365.es\/noticias\/el-cpe-recuerda-el-uso-adecuado-del-lenguaje-paralimpico\/#authorImage","url":"https:\/\/secure.gravatar.com\/avatar\/496a8e03d0c493ede1718b7934145dbdf8d89be1036b0eec9544e1094c9de390?s=96&d=mm&r=g","width":96,"height":96,"caption":"Cand\u00e1s 365"},"sameAs":["https:\/\/www.facebook.com\/carrenoactualidad","https:\/\/twitter.com\/nbasturias","https:\/\/www.instagram.com\/nachofdezber\/","https:\/\/www.youtube.com\/channel\/UCZP-2wLEB9Rv6erhFmqVnvg"]},{"@type":"WebPage","@id":"https:\/\/candas365.es\/noticias\/el-cpe-recuerda-el-uso-adecuado-del-lenguaje-paralimpico\/#webpage","url":"https:\/\/candas365.es\/noticias\/el-cpe-recuerda-el-uso-adecuado-del-lenguaje-paralimpico\/","name":"El CPE recuerda el uso adecuado del lenguaje paral\u00edmpico | Cand\u00e1s 365","description":"El Comit\u00e9 Paral\u00edmpico Espa\u00f1ol record\u00f3 este mi\u00e9rcoles sus recomendaciones sobre el uso del lenguaje en referencia a los deportes paral\u00edmpicos, coincidiendo","inLanguage":"es-ES","isPartOf":{"@id":"https:\/\/candas365.es\/noticias\/#website"},"breadcrumb":{"@id":"https:\/\/candas365.es\/noticias\/el-cpe-recuerda-el-uso-adecuado-del-lenguaje-paralimpico\/#breadcrumblist"},"author":{"@id":"https:\/\/candas365.es\/noticias\/author\/admin\/#author"},"creator":{"@id":"https:\/\/candas365.es\/noticias\/author\/admin\/#author"},"image":{"@type":"ImageObject","url":"https:\/\/candas365.es\/noticias\/wp-content\/uploads\/2026\/03\/El-CPE-recuerda-el-uso-adecuado-del-lenguaje-paralimpico.jpg","@id":"https:\/\/candas365.es\/noticias\/el-cpe-recuerda-el-uso-adecuado-del-lenguaje-paralimpico\/#mainImage","width":1242,"height":773,"caption":"Esquiador sentado en los Alpes | Foto de CPE"},"primaryImageOfPage":{"@id":"https:\/\/candas365.es\/noticias\/el-cpe-recuerda-el-uso-adecuado-del-lenguaje-paralimpico\/#mainImage"},"datePublished":"2026-03-04T18:50:06+01:00","dateModified":"2026-03-04T18:50:06+01:00"},{"@type":"WebSite","@id":"https:\/\/candas365.es\/noticias\/#website","url":"https:\/\/candas365.es\/noticias\/","name":"Cand\u00e1s 365","alternateName":"Cand\u00e1s 365 Noticias","description":"Actualidad desde Carre\u00f1o para el mundo","inLanguage":"es-ES","publisher":{"@id":"https:\/\/candas365.es\/noticias\/#organization"}}]},"og:locale":"es_ES","og:site_name":"Cand\u00e1s 365","og:type":"article","og:title":"El CPE recuerda el uso adecuado del lenguaje paral\u00edmpico | Cand\u00e1s 365","og:description":"El Comit\u00e9 Paral\u00edmpico Espa\u00f1ol record\u00f3 este mi\u00e9rcoles sus recomendaciones sobre el uso del lenguaje en referencia a los deportes paral\u00edmpicos, coincidiendo","og:url":"https:\/\/candas365.es\/noticias\/el-cpe-recuerda-el-uso-adecuado-del-lenguaje-paralimpico\/","og:image":"https:\/\/candas365.es\/noticias\/wp-content\/uploads\/2026\/03\/El-CPE-recuerda-el-uso-adecuado-del-lenguaje-paralimpico.jpg","og:image:secure_url":"https:\/\/candas365.es\/noticias\/wp-content\/uploads\/2026\/03\/El-CPE-recuerda-el-uso-adecuado-del-lenguaje-paralimpico.jpg","og:image:width":1242,"og:image:height":773,"article:published_time":"2026-03-04T17:50:06+00:00","article:modified_time":"2026-03-04T17:50:06+00:00","article:publisher":"https:\/\/www.facebook.com\/Nachofdezber","article:author":"https:\/\/www.facebook.com\/carrenoactualidad","twitter:card":"summary_large_image","twitter:site":"@NabercoDigital","twitter:title":"El CPE recuerda el uso adecuado del lenguaje paral\u00edmpico | Cand\u00e1s 365","twitter:description":"El Comit\u00e9 Paral\u00edmpico Espa\u00f1ol record\u00f3 este mi\u00e9rcoles sus recomendaciones sobre el uso del lenguaje en referencia a los deportes paral\u00edmpicos, coincidiendo","twitter:creator":"@nbasturias","twitter:image":"https:\/\/candas365.es\/noticias\/wp-content\/uploads\/2026\/03\/El-CPE-recuerda-el-uso-adecuado-del-lenguaje-paralimpico.jpg","twitter:label1":"Escrito por","twitter:data1":"Cand\u00e1s 365","twitter:label2":"Tiempo de lectura estimado","twitter:data2":"2 minutos"},"aioseo_meta_data":{"post_id":"192578","title":null,"description":"El Comit\u00e9 Paral\u00edmpico Espa\u00f1ol record\u00f3 este mi\u00e9rcoles sus recomendaciones sobre el uso del lenguaje en referencia a los deportes paral\u00edmpicos, coincidiendo","keywords":null,"keyphrases":{"focus":{"keyphrase":"Paral\u00edmpico","score":85,"analysis":{"keyphraseInTitle":{"score":9,"maxScore":9,"error":0},"keyphraseInDescription":{"score":9,"maxScore":9,"error":0},"keyphraseLength":{"score":9,"maxScore":9,"error":0,"length":2},"keyphraseInURL":{"score":5,"maxScore":5,"error":0},"keyphraseInIntroduction":{"score":9,"maxScore":9,"error":0},"keyphraseInSubHeadings":[],"keyphraseInImageAlt":{"score":9,"maxScore":9,"error":0},"keywordDensity":{"type":"high","score":0,"maxScore":9,"error":1}}},"additional":[{"keyphrase":"Paral\u00edmpico","score":80,"analysis":{"keyphraseInDescription":{"score":9,"maxScore":9,"error":0},"keyphraseLength":{"score":9,"maxScore":9,"error":0,"length":2},"keyphraseInIntroduction":{"score":9,"maxScore":9,"error":0},"keyphraseInImageAlt":{"score":9,"maxScore":9,"error":0},"keywordDensity":{"type":"high","score":0,"maxScore":9,"error":1}}}]},"primary_term":null,"canonical_url":null,"og_title":null,"og_description":null,"og_object_type":"default","og_image_type":"default","og_image_url":null,"og_image_width":null,"og_image_height":null,"og_image_custom_url":null,"og_image_custom_fields":null,"og_video":"","og_custom_url":null,"og_article_section":null,"og_article_tags":null,"twitter_use_og":false,"twitter_card":"default","twitter_image_type":"default","twitter_image_url":null,"twitter_image_custom_url":null,"twitter_image_custom_fields":null,"twitter_title":null,"twitter_description":null,"schema":{"blockGraphs":[],"customGraphs":[],"default":{"data":{"Article":[],"Course":[],"Dataset":[],"FAQPage":[],"Movie":[],"Person":[],"Product":[],"ProductReview":[],"Car":[],"Recipe":[],"Service":[],"SoftwareApplication":[],"WebPage":[]},"graphName":"NewsArticle","isEnabled":true},"graphs":[]},"schema_type":"default","schema_type_options":null,"pillar_content":false,"robots_default":true,"robots_noindex":false,"robots_noarchive":false,"robots_nosnippet":false,"robots_nofollow":false,"robots_noimageindex":false,"robots_noodp":false,"robots_notranslate":false,"robots_max_snippet":"-1","robots_max_videopreview":"-1","robots_max_imagepreview":"large","priority":null,"frequency":"default","location":null,"local_seo":null,"seo_analyzer_scan_date":"2026-03-04 18:06:31","breadcrumb_settings":null,"limit_modified_date":false,"reviewed_by":null,"open_ai":null,"ai":{"faqs":[],"keyPoints":[],"titles":[],"descriptions":[],"socialPosts":{"email":[],"linkedin":[],"twitter":[],"facebook":[],"instagram":[]}},"created":"2026-03-04 17:44:57","updated":"2026-03-04 18:24:37"},"aioseo_breadcrumb":"<div class=\"aioseo-breadcrumbs\"><span class=\"aioseo-breadcrumb\">\n\t<a href=\"https:\/\/candas365.es\/noticias\" title=\"Home\">Home<\/a>\n<\/span><span class=\"aioseo-breadcrumb-separator\">&ndash;<\/span><span class=\"aioseo-breadcrumb\">\n\t<a href=\"https:\/\/candas365.es\/noticias\/category\/deporte\/\" title=\"Deporte\">Deporte<\/a>\n<\/span><span class=\"aioseo-breadcrumb-separator\">&ndash;<\/span><span class=\"aioseo-breadcrumb\">\n\tEl CPE recuerda el uso adecuado del lenguaje paral\u00edmpico\n<\/span><\/div>","aioseo_breadcrumb_json":[{"label":"Home","link":"https:\/\/candas365.es\/noticias"},{"label":"Deporte","link":"https:\/\/candas365.es\/noticias\/category\/deporte\/"},{"label":"El CPE recuerda el uso adecuado del lenguaje paral\u00edmpico","link":"https:\/\/candas365.es\/noticias\/el-cpe-recuerda-el-uso-adecuado-del-lenguaje-paralimpico\/"}],"_links":{"self":[{"href":"https:\/\/candas365.es\/noticias\/wp-json\/wp\/v2\/posts\/192578","targetHints":{"allow":["GET"]}}],"collection":[{"href":"https:\/\/candas365.es\/noticias\/wp-json\/wp\/v2\/posts"}],"about":[{"href":"https:\/\/candas365.es\/noticias\/wp-json\/wp\/v2\/types\/post"}],"author":[{"embeddable":true,"href":"https:\/\/candas365.es\/noticias\/wp-json\/wp\/v2\/users\/1"}],"replies":[{"embeddable":true,"href":"https:\/\/candas365.es\/noticias\/wp-json\/wp\/v2\/comments?post=192578"}],"version-history":[{"count":0,"href":"https:\/\/candas365.es\/noticias\/wp-json\/wp\/v2\/posts\/192578\/revisions"}],"wp:featuredmedia":[{"embeddable":true,"href":"https:\/\/candas365.es\/noticias\/wp-json\/wp\/v2\/media\/192579"}],"wp:attachment":[{"href":"https:\/\/candas365.es\/noticias\/wp-json\/wp\/v2\/media?parent=192578"}],"wp:term":[{"taxonomy":"category","embeddable":true,"href":"https:\/\/candas365.es\/noticias\/wp-json\/wp\/v2\/categories?post=192578"},{"taxonomy":"post_tag","embeddable":true,"href":"https:\/\/candas365.es\/noticias\/wp-json\/wp\/v2\/tags?post=192578"}],"curies":[{"name":"wp","href":"https:\/\/api.w.org\/{rel}","templated":true}]}}