{"id":192537,"date":"2026-03-04T10:44:08","date_gmt":"2026-03-04T09:44:08","guid":{"rendered":"https:\/\/candas365.es\/noticias\/?p=192537"},"modified":"2026-03-04T10:44:08","modified_gmt":"2026-03-04T09:44:08","slug":"el-muja-documenta-huellas-de-lagartos-jurasicos","status":"publish","type":"post","link":"https:\/\/candas365.es\/noticias\/el-muja-documenta-huellas-de-lagartos-jurasicos\/","title":{"rendered":"El MUJA documenta huellas de lagartos jur\u00e1sicos"},"content":{"rendered":"<p data-start=\"63\" data-end=\"593\">El equipo cient\u00edfico del Museo del Jur\u00e1sico de Asturias (MUJA), integrado por <strong data-start=\"141\" data-end=\"205\">Laura Pi\u00f1uela, \u00c1ngel Garc\u00eda-P\u00e9rez y Jos\u00e9 Carlos Garc\u00eda-Ramos<\/strong>, junto con el investigador <strong data-start=\"233\" data-end=\"246\">Lida Xing<\/strong>, de la Universidad de Geociencias de China, ha documentado en Asturias los primeros rastros de lagartos jur\u00e1sicos de Europa, un hallazgo muy poco frecuente en el registro f\u00f3sil posterior al Tri\u00e1sico. <strong>El art\u00edculo que recoge los resultados de la investigaci\u00f3n se publica en la revista internacional Ichnos, del grupo editorial Taylor &amp; Francis<\/strong>.<\/p>\n<figure id=\"attachment_192538\" aria-describedby=\"caption-attachment-192538\" style=\"width: 650px\" class=\"wp-caption aligncenter\"><img fetchpriority=\"high\" decoding=\"async\" class=\"size-large wp-image-192538\" src=\"https:\/\/candas365.es\/noticias\/wp-content\/uploads\/2026\/03\/El-MUJA-documenta-huellas-de-lagartos-jurasicos-650x412.jpg\" alt=\"El MUJA documenta huellas de lagartos jur\u00e1sicos\" width=\"650\" height=\"412\" srcset=\"https:\/\/candas365.es\/noticias\/wp-content\/uploads\/2026\/03\/El-MUJA-documenta-huellas-de-lagartos-jurasicos-650x412.jpg 650w, https:\/\/candas365.es\/noticias\/wp-content\/uploads\/2026\/03\/El-MUJA-documenta-huellas-de-lagartos-jurasicos-360x228.jpg 360w, https:\/\/candas365.es\/noticias\/wp-content\/uploads\/2026\/03\/El-MUJA-documenta-huellas-de-lagartos-jurasicos-768x487.jpg 768w, https:\/\/candas365.es\/noticias\/wp-content\/uploads\/2026\/03\/El-MUJA-documenta-huellas-de-lagartos-jurasicos-150x95.jpg 150w, https:\/\/candas365.es\/noticias\/wp-content\/uploads\/2026\/03\/El-MUJA-documenta-huellas-de-lagartos-jurasicos-450x285.jpg 450w, https:\/\/candas365.es\/noticias\/wp-content\/uploads\/2026\/03\/El-MUJA-documenta-huellas-de-lagartos-jurasicos.jpg 1195w\" sizes=\"(max-width: 650px) 100vw, 650px\" \/><figcaption id=\"caption-attachment-192538\" class=\"wp-caption-text\">Foto: Prensa Gobierno de Asturias<\/figcaption><\/figure>\n<p data-start=\"595\" data-end=\"1062\">La investigaci\u00f3n se centra en dos rastros, denominados T1 y T2, que se conservan como relieves abultados o contramoldes en la base de un estrato de arenisca del Jur\u00e1sico Superior. Estos restos tienen una antig\u00fcedad aproximada de <strong data-start=\"824\" data-end=\"848\">152 millones de a\u00f1os<\/strong> y proceden de los acantilados situados al este de la playa de Espa\u00f1a, en el concejo de <span style=\"color: #ff6600;\"><a style=\"color: #ff6600;\" href=\"https:\/\/candas365.es\/noticias\/category\/asturias\/\"><strong>Villaviciosa<\/strong><\/a><\/span>. En la actualidad, forman parte de la colecci\u00f3n del museo y se exhiben en la sala dedicada al Jur\u00e1sico asturiano.<\/p>\n<p data-start=\"1064\" data-end=\"1620\">En ambos vestigios, las icnitas de las manos y de los pies var\u00edan de tetrad\u00e1ctilas a pentad\u00e1ctilas, presentan una morfolog\u00eda asim\u00e9trica y muestran un aumento progresivo en la longitud de los dedos. Su excelente estado de conservaci\u00f3n y sus caracter\u00edsticas morfol\u00f3gicas permiten atribuir estas huellas a un lagarto y asignarlas al <strong data-start=\"1394\" data-end=\"1425\">icnog\u00e9nero Rhynchosauriodes<\/strong>, ampliamente distribuido durante el P\u00e9rmico y el Tri\u00e1sico, pero muy escaso en el Jur\u00e1sico. Los ejemplos hallados en Asturias representan, adem\u00e1s, su \u00faltima aparici\u00f3n en el registro f\u00f3sil global.<\/p>\n<h1 data-start=\"1622\" data-end=\"1667\"><strong data-start=\"1622\" data-end=\"1667\">Dos rastros f\u00f3siles con distinta longitud<\/strong><\/h1>\n<p data-start=\"1669\" data-end=\"1990\">El rastro T1 est\u00e1 formado por siete icnitas \u2014cuatro de manos y tres de pies\u2014 y se atribuye a un lagarto de unos <strong data-start=\"1781\" data-end=\"1811\">50 cent\u00edmetros de longitud<\/strong>. Por su parte, el rastro T2 consta de seis huellas \u2014tres de manos y tres de pies\u2014 y corresponde a un ejemplar algo m\u00e1s peque\u00f1o, con una longitud aproximada de <strong data-start=\"1971\" data-end=\"1989\">30 cent\u00edmetros<\/strong>.<\/p>\n<p data-start=\"1992\" data-end=\"2177\">En el rastro T1 tambi\u00e9n se detecta la presencia de una estructura casi continua, ancha, recta y con muy poco relieve, cuya morfolog\u00eda permite interpretarla como <strong data-start=\"2153\" data-end=\"2176\">la marca de la cola<\/strong>.<\/p>\n<p data-start=\"2179\" data-end=\"2484\">Adem\u00e1s, se observa que la distancia entre las icnitas de las manos y las de los pies var\u00eda a lo largo del rastro, lo que le confiere un car\u00e1cter irregular. Para interpretar esta anomal\u00eda en el desplazamiento se realizaron varios experimentos con dos especies de lagartos actuales, el ocelado y el barbudo.<\/p>\n<h2 data-start=\"2486\" data-end=\"2524\"><strong data-start=\"2486\" data-end=\"2524\">Experimentos con lagartos actuales<\/strong><\/h2>\n<p data-start=\"2526\" data-end=\"2936\">Las pruebas, de car\u00e1cter no invasivo, se realizaron con ejemplares en cautividad en un centro de la ciudad de Jiangyin, en la provincia china de Jiangsu. Durante los experimentos se observ\u00f3 que, cuando estos animales \u2014especialmente los ejemplares juveniles\u2014 pasaban de un estado est\u00e1tico a uno en movimiento, realizaban giros bruscos que generaban un rastro similar al observado en el ejemplar f\u00f3sil asturiano.<\/p>\n<p data-start=\"2938\" data-end=\"3279\">Las huellas se originaron cuando los lagartos se desplazaban sobre un fango semiconsolidado en los deltas existentes en aquella \u00e9poca. Estos deltas desembocaban en un mar interior sin mareas y protegido del fuerte oleaje por una barrera externa que lo separaba del mar abierto, una circunstancia que favoreci\u00f3 la conservaci\u00f3n de las huellas.<\/p>\n<p data-start=\"3281\" data-end=\"3375\" data-is-last-node=\"\" data-is-only-node=\"\">El resumen del art\u00edculo puede consultarse en el siguiente enlace: <a class=\"decorated-link\" href=\"https:\/\/www.tandfonline.com\" target=\"_blank\" rel=\"nofollow noopener\" data-start=\"3347\" data-end=\"3374\"><span style=\"color: #ff6600;\"><strong>https:\/\/www.tandfonline.com<\/strong><\/span><\/a>.<\/p>\n","protected":false},"excerpt":{"rendered":"<p>El equipo cient\u00edfico del Museo del Jur\u00e1sico de Asturias (MUJA), integrado por Laura Pi\u00f1uela, \u00c1ngel Garc\u00eda-P\u00e9rez y Jos\u00e9 Carlos Garc\u00eda-Ramos, junto con el investigador Lida Xing, de la Universidad de Geociencias de China, ha documentado en Asturias los primeros rastros de lagartos jur\u00e1sicos de Europa, un hallazgo muy poco frecuente en el registro f\u00f3sil posterior<\/p>\n","protected":false},"author":1,"featured_media":192538,"comment_status":"closed","ping_status":"closed","sticky":false,"template":"","format":"standard","meta":{"footnotes":""},"categories":[143],"tags":[380,454,453],"class_list":{"0":"post-192537","1":"post","2":"type-post","3":"status-publish","4":"format-standard","5":"has-post-thumbnail","7":"category-sociedad","8":"tag-asturias","9":"tag-ciencia","10":"tag-naturaleza"},"aioseo_notices":[],"aioseo_head":"\n\t\t<!-- All in One SEO Pro 4.9.6.2 - aioseo.com -->\n\t<meta name=\"description\" content=\"El equipo cient\u00edfico del Museo del Jur\u00e1sico de Asturias (MUJA), integrado por Laura Pi\u00f1uela, \u00c1ngel Garc\u00eda-P\u00e9rez y Jos\u00e9 Carlos Garc\u00eda-Ramos\" \/>\n\t<meta name=\"robots\" content=\"max-image-preview:large\" \/>\n\t<meta name=\"author\" content=\"Cand\u00e1s 365\"\/>\n\t<meta name=\"google-site-verification\" content=\"UA-32230408-1\" \/>\n\t<meta name=\"msvalidate.01\" content=\"354F3CDFB2DA171B47FBE9ABF1F88D5\" \/>\n\t<meta name=\"keywords\" content=\"sociedad\" \/>\n\t<link rel=\"canonical\" href=\"https:\/\/candas365.es\/noticias\/el-muja-documenta-huellas-de-lagartos-jurasicos\/\" \/>\n\t<meta name=\"generator\" content=\"All in One SEO Pro (AIOSEO) 4.9.6.2\" \/>\n\t\t<meta property=\"og:locale\" content=\"es_ES\" \/>\n\t\t<meta property=\"og:site_name\" content=\"Cand\u00e1s 365\" \/>\n\t\t<meta property=\"og:type\" content=\"article\" \/>\n\t\t<meta property=\"og:title\" content=\"El MUJA documenta huellas de lagartos jur\u00e1sicos | Cand\u00e1s 365\" \/>\n\t\t<meta property=\"og:description\" content=\"El equipo cient\u00edfico del Museo del Jur\u00e1sico de Asturias (MUJA), integrado por Laura Pi\u00f1uela, \u00c1ngel Garc\u00eda-P\u00e9rez y Jos\u00e9 Carlos Garc\u00eda-Ramos\" \/>\n\t\t<meta property=\"og:url\" content=\"https:\/\/candas365.es\/noticias\/el-muja-documenta-huellas-de-lagartos-jurasicos\/\" \/>\n\t\t<meta property=\"og:image\" content=\"https:\/\/candas365.es\/noticias\/wp-content\/uploads\/2026\/03\/El-MUJA-documenta-huellas-de-lagartos-jurasicos.jpg\" \/>\n\t\t<meta property=\"og:image:secure_url\" content=\"https:\/\/candas365.es\/noticias\/wp-content\/uploads\/2026\/03\/El-MUJA-documenta-huellas-de-lagartos-jurasicos.jpg\" \/>\n\t\t<meta property=\"og:image:width\" content=\"1195\" \/>\n\t\t<meta property=\"og:image:height\" content=\"757\" \/>\n\t\t<meta property=\"article:published_time\" content=\"2026-03-04T09:44:08+00:00\" \/>\n\t\t<meta property=\"article:modified_time\" content=\"2026-03-04T09:44:08+00:00\" \/>\n\t\t<meta property=\"article:publisher\" content=\"https:\/\/www.facebook.com\/Nachofdezber\" \/>\n\t\t<meta property=\"article:author\" content=\"https:\/\/www.facebook.com\/carrenoactualidad\" \/>\n\t\t<meta name=\"twitter:card\" content=\"summary_large_image\" \/>\n\t\t<meta name=\"twitter:site\" content=\"@NabercoDigital\" \/>\n\t\t<meta name=\"twitter:title\" content=\"El MUJA documenta huellas de lagartos jur\u00e1sicos | Cand\u00e1s 365\" \/>\n\t\t<meta name=\"twitter:description\" content=\"El equipo cient\u00edfico del Museo del Jur\u00e1sico de Asturias (MUJA), integrado por Laura Pi\u00f1uela, \u00c1ngel Garc\u00eda-P\u00e9rez y Jos\u00e9 Carlos Garc\u00eda-Ramos\" \/>\n\t\t<meta name=\"twitter:creator\" content=\"@nbasturias\" \/>\n\t\t<meta name=\"twitter:image\" content=\"https:\/\/candas365.es\/noticias\/wp-content\/uploads\/2026\/03\/El-MUJA-documenta-huellas-de-lagartos-jurasicos.jpg\" \/>\n\t\t<meta name=\"twitter:label1\" content=\"Escrito por\" \/>\n\t\t<meta name=\"twitter:data1\" content=\"Cand\u00e1s 365\" \/>\n\t\t<meta name=\"twitter:label2\" content=\"Tiempo de lectura estimado\" \/>\n\t\t<meta name=\"twitter:data2\" content=\"3 minutos\" \/>\n\t\t<script type=\"application\/ld+json\" class=\"aioseo-schema\">\n\t\t\t{\"@context\":\"https:\\\/\\\/schema.org\",\"@graph\":[{\"@type\":\"BreadcrumbList\",\"@id\":\"https:\\\/\\\/candas365.es\\\/noticias\\\/el-muja-documenta-huellas-de-lagartos-jurasicos\\\/#breadcrumblist\",\"itemListElement\":[{\"@type\":\"ListItem\",\"@id\":\"https:\\\/\\\/candas365.es\\\/noticias#listItem\",\"position\":1,\"name\":\"Home\",\"item\":\"https:\\\/\\\/candas365.es\\\/noticias\",\"nextItem\":{\"@type\":\"ListItem\",\"@id\":\"https:\\\/\\\/candas365.es\\\/noticias\\\/category\\\/sociedad\\\/#listItem\",\"name\":\"Sociedad\"}},{\"@type\":\"ListItem\",\"@id\":\"https:\\\/\\\/candas365.es\\\/noticias\\\/category\\\/sociedad\\\/#listItem\",\"position\":2,\"name\":\"Sociedad\",\"item\":\"https:\\\/\\\/candas365.es\\\/noticias\\\/category\\\/sociedad\\\/\",\"nextItem\":{\"@type\":\"ListItem\",\"@id\":\"https:\\\/\\\/candas365.es\\\/noticias\\\/el-muja-documenta-huellas-de-lagartos-jurasicos\\\/#listItem\",\"name\":\"El MUJA documenta huellas de lagartos jur\\u00e1sicos\"},\"previousItem\":{\"@type\":\"ListItem\",\"@id\":\"https:\\\/\\\/candas365.es\\\/noticias#listItem\",\"name\":\"Home\"}},{\"@type\":\"ListItem\",\"@id\":\"https:\\\/\\\/candas365.es\\\/noticias\\\/el-muja-documenta-huellas-de-lagartos-jurasicos\\\/#listItem\",\"position\":3,\"name\":\"El MUJA documenta huellas de lagartos jur\\u00e1sicos\",\"previousItem\":{\"@type\":\"ListItem\",\"@id\":\"https:\\\/\\\/candas365.es\\\/noticias\\\/category\\\/sociedad\\\/#listItem\",\"name\":\"Sociedad\"}}]},{\"@type\":\"NewsArticle\",\"@id\":\"https:\\\/\\\/candas365.es\\\/noticias\\\/el-muja-documenta-huellas-de-lagartos-jurasicos\\\/#newsarticle\",\"name\":\"El MUJA documenta huellas de lagartos jur\\u00e1sicos | Cand\\u00e1s 365\",\"headline\":\"El MUJA documenta huellas de lagartos jur\\u00e1sicos\",\"author\":{\"@id\":\"https:\\\/\\\/candas365.es\\\/noticias\\\/author\\\/admin\\\/#author\"},\"publisher\":{\"@id\":\"https:\\\/\\\/candas365.es\\\/noticias\\\/#organization\"},\"image\":{\"@type\":\"ImageObject\",\"url\":\"https:\\\/\\\/candas365.es\\\/noticias\\\/wp-content\\\/uploads\\\/2026\\\/03\\\/El-MUJA-documenta-huellas-de-lagartos-jurasicos.jpg\",\"width\":1195,\"height\":757,\"caption\":\"Foto: Prensa Gobierno de Asturias\"},\"datePublished\":\"2026-03-04T10:44:08+01:00\",\"dateModified\":\"2026-03-04T10:44:08+01:00\",\"inLanguage\":\"es-ES\",\"mainEntityOfPage\":{\"@id\":\"https:\\\/\\\/candas365.es\\\/noticias\\\/el-muja-documenta-huellas-de-lagartos-jurasicos\\\/#webpage\"},\"isPartOf\":{\"@id\":\"https:\\\/\\\/candas365.es\\\/noticias\\\/el-muja-documenta-huellas-de-lagartos-jurasicos\\\/#webpage\"},\"articleSection\":\"Sociedad, Asturias, Ciencia, naturaleza\",\"dateline\":\"Publicado el marzo 4, 2026.\"},{\"@type\":\"Organization\",\"@id\":\"https:\\\/\\\/candas365.es\\\/noticias\\\/#organization\",\"name\":\"Cand\\u00e1s 365\",\"description\":\"Cand\\u00e1s 365 es un diario digital independiente, fundado en 2012, con base en Asturias. Informamos con rigor sobre actualidad, sociedad, cultura y ocio, con una mirada local y global.\",\"url\":\"https:\\\/\\\/candas365.es\\\/noticias\\\/\",\"email\":\"info@candas365.es\",\"telephone\":\"+34652131393\",\"foundingDate\":\"2012-06-10\",\"logo\":{\"@type\":\"ImageObject\",\"url\":\"https:\\\/\\\/candas365.es\\\/noticias\\\/wp-content\\\/uploads\\\/2024\\\/09\\\/Candas-365-Redes.jpg\",\"@id\":\"https:\\\/\\\/candas365.es\\\/noticias\\\/el-muja-documenta-huellas-de-lagartos-jurasicos\\\/#organizationLogo\",\"width\":1152,\"height\":864,\"caption\":\"Cand\\u00e1s 365 Redes\"},\"image\":{\"@id\":\"https:\\\/\\\/candas365.es\\\/noticias\\\/el-muja-documenta-huellas-de-lagartos-jurasicos\\\/#organizationLogo\"},\"sameAs\":[\"https:\\\/\\\/www.facebook.com\\\/Nachofdezber\",\"https:\\\/\\\/x.com\\\/NabercoDigital\",\"https:\\\/\\\/www.instagram.com\\\/nachofdezber\\\/\",\"https:\\\/\\\/www.youtube.com\\\/channel\\\/UCZP-2wLEB9Rv6erhFmqVnvg\"],\"address\":{\"@id\":\"https:\\\/\\\/candas365.es\\\/noticias\\\/#postaladdress\",\"@type\":\"PostalAddress\",\"streetAddress\":\"san antonio 4, san antonio 4\",\"postalCode\":\"33430\",\"addressLocality\":\"Cand\\u00e1s\",\"addressRegion\":\"Asturias\",\"addressCountry\":\"ES\"}},{\"@type\":\"Person\",\"@id\":\"https:\\\/\\\/candas365.es\\\/noticias\\\/author\\\/admin\\\/#author\",\"url\":\"https:\\\/\\\/candas365.es\\\/noticias\\\/author\\\/admin\\\/\",\"name\":\"Cand\\u00e1s 365\",\"image\":{\"@type\":\"ImageObject\",\"@id\":\"https:\\\/\\\/candas365.es\\\/noticias\\\/el-muja-documenta-huellas-de-lagartos-jurasicos\\\/#authorImage\",\"url\":\"https:\\\/\\\/secure.gravatar.com\\\/avatar\\\/496a8e03d0c493ede1718b7934145dbdf8d89be1036b0eec9544e1094c9de390?s=96&d=mm&r=g\",\"width\":96,\"height\":96,\"caption\":\"Cand\\u00e1s 365\"},\"sameAs\":[\"https:\\\/\\\/www.facebook.com\\\/carrenoactualidad\",\"https:\\\/\\\/twitter.com\\\/nbasturias\",\"https:\\\/\\\/www.instagram.com\\\/nachofdezber\\\/\",\"https:\\\/\\\/www.youtube.com\\\/channel\\\/UCZP-2wLEB9Rv6erhFmqVnvg\"]},{\"@type\":\"WebPage\",\"@id\":\"https:\\\/\\\/candas365.es\\\/noticias\\\/el-muja-documenta-huellas-de-lagartos-jurasicos\\\/#webpage\",\"url\":\"https:\\\/\\\/candas365.es\\\/noticias\\\/el-muja-documenta-huellas-de-lagartos-jurasicos\\\/\",\"name\":\"El MUJA documenta huellas de lagartos jur\\u00e1sicos | Cand\\u00e1s 365\",\"description\":\"El equipo cient\\u00edfico del Museo del Jur\\u00e1sico de Asturias (MUJA), integrado por Laura Pi\\u00f1uela, \\u00c1ngel Garc\\u00eda-P\\u00e9rez y Jos\\u00e9 Carlos Garc\\u00eda-Ramos\",\"inLanguage\":\"es-ES\",\"isPartOf\":{\"@id\":\"https:\\\/\\\/candas365.es\\\/noticias\\\/#website\"},\"breadcrumb\":{\"@id\":\"https:\\\/\\\/candas365.es\\\/noticias\\\/el-muja-documenta-huellas-de-lagartos-jurasicos\\\/#breadcrumblist\"},\"author\":{\"@id\":\"https:\\\/\\\/candas365.es\\\/noticias\\\/author\\\/admin\\\/#author\"},\"creator\":{\"@id\":\"https:\\\/\\\/candas365.es\\\/noticias\\\/author\\\/admin\\\/#author\"},\"image\":{\"@type\":\"ImageObject\",\"url\":\"https:\\\/\\\/candas365.es\\\/noticias\\\/wp-content\\\/uploads\\\/2026\\\/03\\\/El-MUJA-documenta-huellas-de-lagartos-jurasicos.jpg\",\"@id\":\"https:\\\/\\\/candas365.es\\\/noticias\\\/el-muja-documenta-huellas-de-lagartos-jurasicos\\\/#mainImage\",\"width\":1195,\"height\":757,\"caption\":\"Foto: Prensa Gobierno de Asturias\"},\"primaryImageOfPage\":{\"@id\":\"https:\\\/\\\/candas365.es\\\/noticias\\\/el-muja-documenta-huellas-de-lagartos-jurasicos\\\/#mainImage\"},\"datePublished\":\"2026-03-04T10:44:08+01:00\",\"dateModified\":\"2026-03-04T10:44:08+01:00\"},{\"@type\":\"WebSite\",\"@id\":\"https:\\\/\\\/candas365.es\\\/noticias\\\/#website\",\"url\":\"https:\\\/\\\/candas365.es\\\/noticias\\\/\",\"name\":\"Cand\\u00e1s 365\",\"alternateName\":\"Cand\\u00e1s 365 Noticias\",\"description\":\"Actualidad desde Carre\\u00f1o para el mundo\",\"inLanguage\":\"es-ES\",\"publisher\":{\"@id\":\"https:\\\/\\\/candas365.es\\\/noticias\\\/#organization\"}}]}\n\t\t<\/script>\n\t\t<!-- All in One SEO Pro -->\r\n\t\t<title>El MUJA documenta huellas de lagartos jur\u00e1sicos | Cand\u00e1s 365<\/title>\n\n","aioseo_head_json":{"title":"El MUJA documenta huellas de lagartos jur\u00e1sicos | Cand\u00e1s 365","description":"El equipo cient\u00edfico del Museo del Jur\u00e1sico de Asturias (MUJA), integrado por Laura Pi\u00f1uela, \u00c1ngel Garc\u00eda-P\u00e9rez y Jos\u00e9 Carlos Garc\u00eda-Ramos","canonical_url":"https:\/\/candas365.es\/noticias\/el-muja-documenta-huellas-de-lagartos-jurasicos\/","robots":"max-image-preview:large","keywords":"sociedad","webmasterTools":{"google-site-verification":"UA-32230408-1","msvalidate.01":"354F3CDFB2DA171B47FBE9ABF1F88D5","miscellaneous":""},"schema":{"@context":"https:\/\/schema.org","@graph":[{"@type":"BreadcrumbList","@id":"https:\/\/candas365.es\/noticias\/el-muja-documenta-huellas-de-lagartos-jurasicos\/#breadcrumblist","itemListElement":[{"@type":"ListItem","@id":"https:\/\/candas365.es\/noticias#listItem","position":1,"name":"Home","item":"https:\/\/candas365.es\/noticias","nextItem":{"@type":"ListItem","@id":"https:\/\/candas365.es\/noticias\/category\/sociedad\/#listItem","name":"Sociedad"}},{"@type":"ListItem","@id":"https:\/\/candas365.es\/noticias\/category\/sociedad\/#listItem","position":2,"name":"Sociedad","item":"https:\/\/candas365.es\/noticias\/category\/sociedad\/","nextItem":{"@type":"ListItem","@id":"https:\/\/candas365.es\/noticias\/el-muja-documenta-huellas-de-lagartos-jurasicos\/#listItem","name":"El MUJA documenta huellas de lagartos jur\u00e1sicos"},"previousItem":{"@type":"ListItem","@id":"https:\/\/candas365.es\/noticias#listItem","name":"Home"}},{"@type":"ListItem","@id":"https:\/\/candas365.es\/noticias\/el-muja-documenta-huellas-de-lagartos-jurasicos\/#listItem","position":3,"name":"El MUJA documenta huellas de lagartos jur\u00e1sicos","previousItem":{"@type":"ListItem","@id":"https:\/\/candas365.es\/noticias\/category\/sociedad\/#listItem","name":"Sociedad"}}]},{"@type":"NewsArticle","@id":"https:\/\/candas365.es\/noticias\/el-muja-documenta-huellas-de-lagartos-jurasicos\/#newsarticle","name":"El MUJA documenta huellas de lagartos jur\u00e1sicos | Cand\u00e1s 365","headline":"El MUJA documenta huellas de lagartos jur\u00e1sicos","author":{"@id":"https:\/\/candas365.es\/noticias\/author\/admin\/#author"},"publisher":{"@id":"https:\/\/candas365.es\/noticias\/#organization"},"image":{"@type":"ImageObject","url":"https:\/\/candas365.es\/noticias\/wp-content\/uploads\/2026\/03\/El-MUJA-documenta-huellas-de-lagartos-jurasicos.jpg","width":1195,"height":757,"caption":"Foto: Prensa Gobierno de Asturias"},"datePublished":"2026-03-04T10:44:08+01:00","dateModified":"2026-03-04T10:44:08+01:00","inLanguage":"es-ES","mainEntityOfPage":{"@id":"https:\/\/candas365.es\/noticias\/el-muja-documenta-huellas-de-lagartos-jurasicos\/#webpage"},"isPartOf":{"@id":"https:\/\/candas365.es\/noticias\/el-muja-documenta-huellas-de-lagartos-jurasicos\/#webpage"},"articleSection":"Sociedad, Asturias, Ciencia, naturaleza","dateline":"Publicado el marzo 4, 2026."},{"@type":"Organization","@id":"https:\/\/candas365.es\/noticias\/#organization","name":"Cand\u00e1s 365","description":"Cand\u00e1s 365 es un diario digital independiente, fundado en 2012, con base en Asturias. Informamos con rigor sobre actualidad, sociedad, cultura y ocio, con una mirada local y global.","url":"https:\/\/candas365.es\/noticias\/","email":"info@candas365.es","telephone":"+34652131393","foundingDate":"2012-06-10","logo":{"@type":"ImageObject","url":"https:\/\/candas365.es\/noticias\/wp-content\/uploads\/2024\/09\/Candas-365-Redes.jpg","@id":"https:\/\/candas365.es\/noticias\/el-muja-documenta-huellas-de-lagartos-jurasicos\/#organizationLogo","width":1152,"height":864,"caption":"Cand\u00e1s 365 Redes"},"image":{"@id":"https:\/\/candas365.es\/noticias\/el-muja-documenta-huellas-de-lagartos-jurasicos\/#organizationLogo"},"sameAs":["https:\/\/www.facebook.com\/Nachofdezber","https:\/\/x.com\/NabercoDigital","https:\/\/www.instagram.com\/nachofdezber\/","https:\/\/www.youtube.com\/channel\/UCZP-2wLEB9Rv6erhFmqVnvg"],"address":{"@id":"https:\/\/candas365.es\/noticias\/#postaladdress","@type":"PostalAddress","streetAddress":"san antonio 4, san antonio 4","postalCode":"33430","addressLocality":"Cand\u00e1s","addressRegion":"Asturias","addressCountry":"ES"}},{"@type":"Person","@id":"https:\/\/candas365.es\/noticias\/author\/admin\/#author","url":"https:\/\/candas365.es\/noticias\/author\/admin\/","name":"Cand\u00e1s 365","image":{"@type":"ImageObject","@id":"https:\/\/candas365.es\/noticias\/el-muja-documenta-huellas-de-lagartos-jurasicos\/#authorImage","url":"https:\/\/secure.gravatar.com\/avatar\/496a8e03d0c493ede1718b7934145dbdf8d89be1036b0eec9544e1094c9de390?s=96&d=mm&r=g","width":96,"height":96,"caption":"Cand\u00e1s 365"},"sameAs":["https:\/\/www.facebook.com\/carrenoactualidad","https:\/\/twitter.com\/nbasturias","https:\/\/www.instagram.com\/nachofdezber\/","https:\/\/www.youtube.com\/channel\/UCZP-2wLEB9Rv6erhFmqVnvg"]},{"@type":"WebPage","@id":"https:\/\/candas365.es\/noticias\/el-muja-documenta-huellas-de-lagartos-jurasicos\/#webpage","url":"https:\/\/candas365.es\/noticias\/el-muja-documenta-huellas-de-lagartos-jurasicos\/","name":"El MUJA documenta huellas de lagartos jur\u00e1sicos | Cand\u00e1s 365","description":"El equipo cient\u00edfico del Museo del Jur\u00e1sico de Asturias (MUJA), integrado por Laura Pi\u00f1uela, \u00c1ngel Garc\u00eda-P\u00e9rez y Jos\u00e9 Carlos Garc\u00eda-Ramos","inLanguage":"es-ES","isPartOf":{"@id":"https:\/\/candas365.es\/noticias\/#website"},"breadcrumb":{"@id":"https:\/\/candas365.es\/noticias\/el-muja-documenta-huellas-de-lagartos-jurasicos\/#breadcrumblist"},"author":{"@id":"https:\/\/candas365.es\/noticias\/author\/admin\/#author"},"creator":{"@id":"https:\/\/candas365.es\/noticias\/author\/admin\/#author"},"image":{"@type":"ImageObject","url":"https:\/\/candas365.es\/noticias\/wp-content\/uploads\/2026\/03\/El-MUJA-documenta-huellas-de-lagartos-jurasicos.jpg","@id":"https:\/\/candas365.es\/noticias\/el-muja-documenta-huellas-de-lagartos-jurasicos\/#mainImage","width":1195,"height":757,"caption":"Foto: Prensa Gobierno de Asturias"},"primaryImageOfPage":{"@id":"https:\/\/candas365.es\/noticias\/el-muja-documenta-huellas-de-lagartos-jurasicos\/#mainImage"},"datePublished":"2026-03-04T10:44:08+01:00","dateModified":"2026-03-04T10:44:08+01:00"},{"@type":"WebSite","@id":"https:\/\/candas365.es\/noticias\/#website","url":"https:\/\/candas365.es\/noticias\/","name":"Cand\u00e1s 365","alternateName":"Cand\u00e1s 365 Noticias","description":"Actualidad desde Carre\u00f1o para el mundo","inLanguage":"es-ES","publisher":{"@id":"https:\/\/candas365.es\/noticias\/#organization"}}]},"og:locale":"es_ES","og:site_name":"Cand\u00e1s 365","og:type":"article","og:title":"El MUJA documenta huellas de lagartos jur\u00e1sicos | Cand\u00e1s 365","og:description":"El equipo cient\u00edfico del Museo del Jur\u00e1sico de Asturias (MUJA), integrado por Laura Pi\u00f1uela, \u00c1ngel Garc\u00eda-P\u00e9rez y Jos\u00e9 Carlos Garc\u00eda-Ramos","og:url":"https:\/\/candas365.es\/noticias\/el-muja-documenta-huellas-de-lagartos-jurasicos\/","og:image":"https:\/\/candas365.es\/noticias\/wp-content\/uploads\/2026\/03\/El-MUJA-documenta-huellas-de-lagartos-jurasicos.jpg","og:image:secure_url":"https:\/\/candas365.es\/noticias\/wp-content\/uploads\/2026\/03\/El-MUJA-documenta-huellas-de-lagartos-jurasicos.jpg","og:image:width":1195,"og:image:height":757,"article:published_time":"2026-03-04T09:44:08+00:00","article:modified_time":"2026-03-04T09:44:08+00:00","article:publisher":"https:\/\/www.facebook.com\/Nachofdezber","article:author":"https:\/\/www.facebook.com\/carrenoactualidad","twitter:card":"summary_large_image","twitter:site":"@NabercoDigital","twitter:title":"El MUJA documenta huellas de lagartos jur\u00e1sicos | Cand\u00e1s 365","twitter:description":"El equipo cient\u00edfico del Museo del Jur\u00e1sico de Asturias (MUJA), integrado por Laura Pi\u00f1uela, \u00c1ngel Garc\u00eda-P\u00e9rez y Jos\u00e9 Carlos Garc\u00eda-Ramos","twitter:creator":"@nbasturias","twitter:image":"https:\/\/candas365.es\/noticias\/wp-content\/uploads\/2026\/03\/El-MUJA-documenta-huellas-de-lagartos-jurasicos.jpg","twitter:label1":"Escrito por","twitter:data1":"Cand\u00e1s 365","twitter:label2":"Tiempo de lectura estimado","twitter:data2":"3 minutos"},"aioseo_meta_data":{"post_id":"192537","title":null,"description":"El equipo cient\u00edfico del Museo del Jur\u00e1sico de Asturias (MUJA), integrado por Laura Pi\u00f1uela, \u00c1ngel Garc\u00eda-P\u00e9rez y Jos\u00e9 Carlos Garc\u00eda-Ramos","keywords":null,"keyphrases":{"focus":{"keyphrase":"MUJA","score":78,"analysis":{"keyphraseInTitle":{"score":9,"maxScore":9,"error":0},"keyphraseInDescription":{"score":9,"maxScore":9,"error":0},"keyphraseLength":{"score":9,"maxScore":9,"error":0,"length":1},"keyphraseInURL":{"score":5,"maxScore":5,"error":0},"keyphraseInIntroduction":{"score":9,"maxScore":9,"error":0},"keyphraseInSubHeadings":{"score":3,"maxScore":9,"error":1},"keyphraseInImageAlt":{"score":9,"maxScore":9,"error":0},"keywordDensity":{"score":0,"type":"low","maxScore":9,"error":1}}},"additional":[{"keyphrase":"MUJA","score":80,"analysis":{"keyphraseInDescription":{"score":9,"maxScore":9,"error":0},"keyphraseLength":{"score":9,"maxScore":9,"error":0,"length":1},"keyphraseInIntroduction":{"score":9,"maxScore":9,"error":0},"keyphraseInImageAlt":{"score":9,"maxScore":9,"error":0},"keywordDensity":{"score":0,"type":"low","maxScore":9,"error":1}}}]},"primary_term":null,"canonical_url":null,"og_title":null,"og_description":null,"og_object_type":"default","og_image_type":"default","og_image_url":null,"og_image_width":null,"og_image_height":null,"og_image_custom_url":null,"og_image_custom_fields":null,"og_video":"","og_custom_url":null,"og_article_section":null,"og_article_tags":null,"twitter_use_og":false,"twitter_card":"default","twitter_image_type":"default","twitter_image_url":null,"twitter_image_custom_url":null,"twitter_image_custom_fields":null,"twitter_title":null,"twitter_description":null,"schema":{"blockGraphs":[],"customGraphs":[],"default":{"data":{"Article":[],"Course":[],"Dataset":[],"FAQPage":[],"Movie":[],"Person":[],"Product":[],"ProductReview":[],"Car":[],"Recipe":[],"Service":[],"SoftwareApplication":[],"WebPage":[]},"graphName":"NewsArticle","isEnabled":true},"graphs":[]},"schema_type":"default","schema_type_options":null,"pillar_content":false,"robots_default":true,"robots_noindex":false,"robots_noarchive":false,"robots_nosnippet":false,"robots_nofollow":false,"robots_noimageindex":false,"robots_noodp":false,"robots_notranslate":false,"robots_max_snippet":"-1","robots_max_videopreview":"-1","robots_max_imagepreview":"large","priority":null,"frequency":"default","location":null,"local_seo":null,"seo_analyzer_scan_date":"2026-03-04 09:51:00","breadcrumb_settings":null,"limit_modified_date":false,"reviewed_by":null,"open_ai":null,"ai":{"faqs":[],"keyPoints":[],"titles":[],"descriptions":[],"socialPosts":{"email":[],"linkedin":[],"twitter":[],"facebook":[],"instagram":[]}},"created":"2026-03-04 09:37:40","updated":"2026-03-04 10:08:02"},"aioseo_breadcrumb":"<div class=\"aioseo-breadcrumbs\"><span class=\"aioseo-breadcrumb\">\n\t<a href=\"https:\/\/candas365.es\/noticias\" title=\"Home\">Home<\/a>\n<\/span><span class=\"aioseo-breadcrumb-separator\">&ndash;<\/span><span class=\"aioseo-breadcrumb\">\n\t<a href=\"https:\/\/candas365.es\/noticias\/category\/sociedad\/\" title=\"Sociedad\">Sociedad<\/a>\n<\/span><span class=\"aioseo-breadcrumb-separator\">&ndash;<\/span><span class=\"aioseo-breadcrumb\">\n\tEl MUJA documenta huellas de lagartos jur\u00e1sicos\n<\/span><\/div>","aioseo_breadcrumb_json":[{"label":"Home","link":"https:\/\/candas365.es\/noticias"},{"label":"Sociedad","link":"https:\/\/candas365.es\/noticias\/category\/sociedad\/"},{"label":"El MUJA documenta huellas de lagartos jur\u00e1sicos","link":"https:\/\/candas365.es\/noticias\/el-muja-documenta-huellas-de-lagartos-jurasicos\/"}],"_links":{"self":[{"href":"https:\/\/candas365.es\/noticias\/wp-json\/wp\/v2\/posts\/192537","targetHints":{"allow":["GET"]}}],"collection":[{"href":"https:\/\/candas365.es\/noticias\/wp-json\/wp\/v2\/posts"}],"about":[{"href":"https:\/\/candas365.es\/noticias\/wp-json\/wp\/v2\/types\/post"}],"author":[{"embeddable":true,"href":"https:\/\/candas365.es\/noticias\/wp-json\/wp\/v2\/users\/1"}],"replies":[{"embeddable":true,"href":"https:\/\/candas365.es\/noticias\/wp-json\/wp\/v2\/comments?post=192537"}],"version-history":[{"count":0,"href":"https:\/\/candas365.es\/noticias\/wp-json\/wp\/v2\/posts\/192537\/revisions"}],"wp:featuredmedia":[{"embeddable":true,"href":"https:\/\/candas365.es\/noticias\/wp-json\/wp\/v2\/media\/192538"}],"wp:attachment":[{"href":"https:\/\/candas365.es\/noticias\/wp-json\/wp\/v2\/media?parent=192537"}],"wp:term":[{"taxonomy":"category","embeddable":true,"href":"https:\/\/candas365.es\/noticias\/wp-json\/wp\/v2\/categories?post=192537"},{"taxonomy":"post_tag","embeddable":true,"href":"https:\/\/candas365.es\/noticias\/wp-json\/wp\/v2\/tags?post=192537"}],"curies":[{"name":"wp","href":"https:\/\/api.w.org\/{rel}","templated":true}]}}