{"id":192407,"date":"2026-02-26T14:31:16","date_gmt":"2026-02-26T13:31:16","guid":{"rendered":"https:\/\/candas365.es\/noticias\/?p=192407"},"modified":"2026-02-26T14:31:16","modified_gmt":"2026-02-26T13:31:16","slug":"asturias-activa-el-plan-agiliza-para-la-dependencia","status":"publish","type":"post","link":"https:\/\/candas365.es\/noticias\/asturias-activa-el-plan-agiliza-para-la-dependencia\/","title":{"rendered":"Asturias activa el Plan Agiliza para la dependencia"},"content":{"rendered":"<p data-start=\"186\" data-end=\"358\">El <a href=\"https:\/\/actualidad.asturias.es\/\" target=\"_blank\" rel=\"noopener\"><span style=\"color: #ff6600;\"><strong>Gobierno del Principado<\/strong><\/span><\/a> activa el <strong data-start=\"208\" data-end=\"245\">Plan Agiliza dependencia Asturias<\/strong> para reducir los tiempos de tramitaci\u00f3n y ajustarlos al plazo legal de 180 d\u00edas mediante colaboraci\u00f3n municipal.<\/p>\n<figure id=\"attachment_192408\" aria-describedby=\"caption-attachment-192408\" style=\"width: 650px\" class=\"wp-caption aligncenter\"><img fetchpriority=\"high\" decoding=\"async\" class=\"size-large wp-image-192408\" src=\"https:\/\/candas365.es\/noticias\/wp-content\/uploads\/2026\/02\/Asturias-activa-el-Plan-Agiliza-para-la-dependencia-650x354.jpg\" alt=\"Asturias activa el Plan Agiliza para la dependencia\" width=\"650\" height=\"354\" srcset=\"https:\/\/candas365.es\/noticias\/wp-content\/uploads\/2026\/02\/Asturias-activa-el-Plan-Agiliza-para-la-dependencia-650x354.jpg 650w, https:\/\/candas365.es\/noticias\/wp-content\/uploads\/2026\/02\/Asturias-activa-el-Plan-Agiliza-para-la-dependencia-360x196.jpg 360w, https:\/\/candas365.es\/noticias\/wp-content\/uploads\/2026\/02\/Asturias-activa-el-Plan-Agiliza-para-la-dependencia-768x418.jpg 768w, https:\/\/candas365.es\/noticias\/wp-content\/uploads\/2026\/02\/Asturias-activa-el-Plan-Agiliza-para-la-dependencia-150x82.jpg 150w, https:\/\/candas365.es\/noticias\/wp-content\/uploads\/2026\/02\/Asturias-activa-el-Plan-Agiliza-para-la-dependencia-450x245.jpg 450w, https:\/\/candas365.es\/noticias\/wp-content\/uploads\/2026\/02\/Asturias-activa-el-Plan-Agiliza-para-la-dependencia-1200x653.jpg 1200w, https:\/\/candas365.es\/noticias\/wp-content\/uploads\/2026\/02\/Asturias-activa-el-Plan-Agiliza-para-la-dependencia.jpg 1258w\" sizes=\"(max-width: 650px) 100vw, 650px\" \/><figcaption id=\"caption-attachment-192408\" class=\"wp-caption-text\">Foto: Prensa Gobierno de Asturias<\/figcaption><\/figure>\n<h2 data-start=\"360\" data-end=\"428\">Plan Agiliza dependencia Asturias para reducir los plazos legales<\/h2>\n<p data-start=\"430\" data-end=\"976\">El Gobierno del Principado ha puesto en marcha el Plan Agiliza 2026 con el objetivo de acortar la tramitaci\u00f3n de los expedientes de dependencia y ajustarla al plazo legal de 180 d\u00edas durante este mismo a\u00f1o. La consejera de Derechos Sociales y Bienestar, Marta del Arco, convoc\u00f3 a todos los ayuntamientos asturianos a una reuni\u00f3n telem\u00e1tica prevista para el 4 de marzo, en la que se presentar\u00e1 el modelo de colaboraci\u00f3n que permitir\u00e1 a los concejos realizar valoraciones de dependencia y emitir propuestas de programa individual de atenci\u00f3n (PIA).<\/p>\n<p data-start=\"978\" data-end=\"1416\">Seg\u00fan explic\u00f3 en su comunicaci\u00f3n a las alcald\u00edas, la atenci\u00f3n a las personas en situaci\u00f3n de dependencia debe constituir una prioridad para cualquier administraci\u00f3n por su impacto directo en la calidad de vida de la ciudadan\u00eda. Asimismo, indic\u00f3 que Asturias cuenta con un 28% de poblaci\u00f3n mayor de 65 a\u00f1os, una realidad demogr\u00e1fica que ha incrementado notablemente la demanda de valoraciones en los \u00faltimos a\u00f1os, especialmente desde 2020.<\/p>\n<h2 data-start=\"1418\" data-end=\"1482\">Colaboraci\u00f3n municipal y experiencia previa en cinco concejos<\/h2>\n<p data-start=\"1484\" data-end=\"1856\">El Plan Agiliza 2026 re\u00fane medidas organizativas, normativas y tecnol\u00f3gicas destinadas a agilizar la tramitaci\u00f3n administrativa y mantener est\u00e1ndares adecuados de respuesta. Entre ellas se incluye la colaboraci\u00f3n de los ayuntamientos mediante una encomienda de gesti\u00f3n que permitir\u00e1 asumir parte de las valoraciones y la elaboraci\u00f3n de los planes individuales de atenci\u00f3n.<\/p>\n<p data-start=\"1858\" data-end=\"2072\">Esta f\u00f3rmula ya funciona en <a href=\"https:\/\/candas365.es\/noticias\/category\/asturias\/\"><span style=\"color: #ff6600;\"><strong>cinco concejos<\/strong><\/span><\/a> \u2014Castropol, Coa\u00f1a, Villay\u00f3n, Cangas del Narcea e Ibias\u2014 donde, seg\u00fan el Ejecutivo auton\u00f3mico, el n\u00famero de personas pendientes de valoraci\u00f3n es muy reducido o inexistente.<\/p>\n<p data-start=\"2074\" data-end=\"2568\">La experiencia acumulada desde 2020 demuestra, seg\u00fan la consejera, que esta modalidad resulta especialmente eficaz en municipios alejados de las cabeceras de \u00e1rea o con dispersi\u00f3n territorial, al evitar desplazamientos del personal auton\u00f3mico y aprovechar la proximidad y el conocimiento del entorno por los servicios sociales municipales. Del Arco subray\u00f3 adem\u00e1s que la labor de las trabajadoras sociales locales se ha revelado como un elemento decisivo para mejorar la eficiencia del sistema.<\/p>\n<h2 data-start=\"2570\" data-end=\"2633\">Reuni\u00f3n del 4 de marzo para explicar requisitos y aplicaci\u00f3n<\/h2>\n<p data-start=\"2635\" data-end=\"3051\">La reuni\u00f3n telem\u00e1tica convocada para el pr\u00f3ximo 4 de marzo tiene como objetivo explicar a los ayuntamientos interesados las caracter\u00edsticas esenciales de la colaboraci\u00f3n, sus requisitos y las posibilidades de aplicaci\u00f3n en cada territorio. En la convocatoria, la consejera invita a las alcald\u00edas a participar acompa\u00f1adas del responsable municipal de Servicios Sociales y del personal t\u00e9cnico que consideren oportuno.<\/p>\n","protected":false},"excerpt":{"rendered":"<p>El Gobierno del Principado activa el Plan Agiliza dependencia Asturias para reducir los tiempos de tramitaci\u00f3n y ajustarlos al plazo legal de 180 d\u00edas mediante colaboraci\u00f3n municipal. Plan Agiliza dependencia Asturias para reducir los plazos legales El Gobierno del Principado ha puesto en marcha el Plan Agiliza 2026 con el objetivo de acortar la tramitaci\u00f3n<\/p>\n","protected":false},"author":1,"featured_media":192408,"comment_status":"closed","ping_status":"closed","sticky":false,"template":"","format":"standard","meta":{"footnotes":""},"categories":[7],"tags":[380],"class_list":{"0":"post-192407","1":"post","2":"type-post","3":"status-publish","4":"format-standard","5":"has-post-thumbnail","7":"category-asturias","8":"tag-asturias"},"aioseo_notices":[],"aioseo_head":"\n\t\t<!-- All in One SEO Pro 4.9.6.2 - aioseo.com -->\n\t<meta name=\"description\" content=\"El Gobierno del Principado activa el Plan Agiliza dependencia Asturias para reducir los tiempos de tramitaci\u00f3n y ajustarlos al plazo legal de 180 d\u00edas\" \/>\n\t<meta name=\"robots\" content=\"max-image-preview:large\" \/>\n\t<meta name=\"author\" content=\"Cand\u00e1s 365\"\/>\n\t<meta name=\"google-site-verification\" content=\"UA-32230408-1\" \/>\n\t<meta name=\"msvalidate.01\" content=\"354F3CDFB2DA171B47FBE9ABF1F88D5\" \/>\n\t<meta name=\"keywords\" content=\"asturias\" \/>\n\t<link rel=\"canonical\" href=\"https:\/\/candas365.es\/noticias\/asturias-activa-el-plan-agiliza-para-la-dependencia\/\" \/>\n\t<meta name=\"generator\" content=\"All in One SEO Pro (AIOSEO) 4.9.6.2\" \/>\n\t\t<meta property=\"og:locale\" content=\"es_ES\" \/>\n\t\t<meta property=\"og:site_name\" content=\"Cand\u00e1s 365\" \/>\n\t\t<meta property=\"og:type\" content=\"article\" \/>\n\t\t<meta property=\"og:title\" content=\"Asturias activa el Plan Agiliza para la dependencia | Cand\u00e1s 365\" \/>\n\t\t<meta property=\"og:description\" content=\"El Gobierno del Principado activa el Plan Agiliza dependencia Asturias para reducir los tiempos de tramitaci\u00f3n y ajustarlos al plazo legal de 180 d\u00edas\" \/>\n\t\t<meta property=\"og:url\" content=\"https:\/\/candas365.es\/noticias\/asturias-activa-el-plan-agiliza-para-la-dependencia\/\" \/>\n\t\t<meta property=\"og:image\" content=\"https:\/\/candas365.es\/noticias\/wp-content\/uploads\/2026\/02\/Asturias-activa-el-Plan-Agiliza-para-la-dependencia.jpg\" \/>\n\t\t<meta property=\"og:image:secure_url\" content=\"https:\/\/candas365.es\/noticias\/wp-content\/uploads\/2026\/02\/Asturias-activa-el-Plan-Agiliza-para-la-dependencia.jpg\" \/>\n\t\t<meta property=\"og:image:width\" content=\"1258\" \/>\n\t\t<meta property=\"og:image:height\" content=\"685\" \/>\n\t\t<meta property=\"article:published_time\" content=\"2026-02-26T13:31:16+00:00\" \/>\n\t\t<meta property=\"article:modified_time\" content=\"2026-02-26T13:31:16+00:00\" \/>\n\t\t<meta property=\"article:publisher\" content=\"https:\/\/www.facebook.com\/Nachofdezber\" \/>\n\t\t<meta property=\"article:author\" content=\"https:\/\/www.facebook.com\/carrenoactualidad\" \/>\n\t\t<meta name=\"twitter:card\" content=\"summary_large_image\" \/>\n\t\t<meta name=\"twitter:site\" content=\"@NabercoDigital\" \/>\n\t\t<meta name=\"twitter:title\" content=\"Asturias activa el Plan Agiliza para la dependencia | Cand\u00e1s 365\" \/>\n\t\t<meta name=\"twitter:description\" content=\"El Gobierno del Principado activa el Plan Agiliza dependencia Asturias para reducir los tiempos de tramitaci\u00f3n y ajustarlos al plazo legal de 180 d\u00edas\" \/>\n\t\t<meta name=\"twitter:creator\" content=\"@nbasturias\" \/>\n\t\t<meta name=\"twitter:image\" content=\"https:\/\/candas365.es\/noticias\/wp-content\/uploads\/2026\/02\/Asturias-activa-el-Plan-Agiliza-para-la-dependencia.jpg\" \/>\n\t\t<meta name=\"twitter:label1\" content=\"Escrito por\" \/>\n\t\t<meta name=\"twitter:data1\" content=\"Cand\u00e1s 365\" \/>\n\t\t<meta name=\"twitter:label2\" content=\"Tiempo de lectura estimado\" \/>\n\t\t<meta name=\"twitter:data2\" content=\"2 minutos\" \/>\n\t\t<script type=\"application\/ld+json\" class=\"aioseo-schema\">\n\t\t\t{\"@context\":\"https:\\\/\\\/schema.org\",\"@graph\":[{\"@type\":\"BreadcrumbList\",\"@id\":\"https:\\\/\\\/candas365.es\\\/noticias\\\/asturias-activa-el-plan-agiliza-para-la-dependencia\\\/#breadcrumblist\",\"itemListElement\":[{\"@type\":\"ListItem\",\"@id\":\"https:\\\/\\\/candas365.es\\\/noticias#listItem\",\"position\":1,\"name\":\"Home\",\"item\":\"https:\\\/\\\/candas365.es\\\/noticias\",\"nextItem\":{\"@type\":\"ListItem\",\"@id\":\"https:\\\/\\\/candas365.es\\\/noticias\\\/category\\\/asturias\\\/#listItem\",\"name\":\"Asturias\"}},{\"@type\":\"ListItem\",\"@id\":\"https:\\\/\\\/candas365.es\\\/noticias\\\/category\\\/asturias\\\/#listItem\",\"position\":2,\"name\":\"Asturias\",\"item\":\"https:\\\/\\\/candas365.es\\\/noticias\\\/category\\\/asturias\\\/\",\"nextItem\":{\"@type\":\"ListItem\",\"@id\":\"https:\\\/\\\/candas365.es\\\/noticias\\\/asturias-activa-el-plan-agiliza-para-la-dependencia\\\/#listItem\",\"name\":\"Asturias activa el Plan Agiliza para la dependencia\"},\"previousItem\":{\"@type\":\"ListItem\",\"@id\":\"https:\\\/\\\/candas365.es\\\/noticias#listItem\",\"name\":\"Home\"}},{\"@type\":\"ListItem\",\"@id\":\"https:\\\/\\\/candas365.es\\\/noticias\\\/asturias-activa-el-plan-agiliza-para-la-dependencia\\\/#listItem\",\"position\":3,\"name\":\"Asturias activa el Plan Agiliza para la dependencia\",\"previousItem\":{\"@type\":\"ListItem\",\"@id\":\"https:\\\/\\\/candas365.es\\\/noticias\\\/category\\\/asturias\\\/#listItem\",\"name\":\"Asturias\"}}]},{\"@type\":\"NewsArticle\",\"@id\":\"https:\\\/\\\/candas365.es\\\/noticias\\\/asturias-activa-el-plan-agiliza-para-la-dependencia\\\/#newsarticle\",\"name\":\"Asturias activa el Plan Agiliza para la dependencia | Cand\\u00e1s 365\",\"headline\":\"Asturias activa el Plan Agiliza para la dependencia\",\"author\":{\"@id\":\"https:\\\/\\\/candas365.es\\\/noticias\\\/author\\\/admin\\\/#author\"},\"publisher\":{\"@id\":\"https:\\\/\\\/candas365.es\\\/noticias\\\/#organization\"},\"image\":{\"@type\":\"ImageObject\",\"url\":\"https:\\\/\\\/candas365.es\\\/noticias\\\/wp-content\\\/uploads\\\/2026\\\/02\\\/Asturias-activa-el-Plan-Agiliza-para-la-dependencia.jpg\",\"width\":1258,\"height\":685,\"caption\":\"Foto: Prensa Gobierno de Asturias\"},\"datePublished\":\"2026-02-26T14:31:16+01:00\",\"dateModified\":\"2026-02-26T14:31:16+01:00\",\"inLanguage\":\"es-ES\",\"mainEntityOfPage\":{\"@id\":\"https:\\\/\\\/candas365.es\\\/noticias\\\/asturias-activa-el-plan-agiliza-para-la-dependencia\\\/#webpage\"},\"isPartOf\":{\"@id\":\"https:\\\/\\\/candas365.es\\\/noticias\\\/asturias-activa-el-plan-agiliza-para-la-dependencia\\\/#webpage\"},\"articleSection\":\"Asturias, Asturias\",\"dateline\":\"Publicado el febrero 26, 2026.\"},{\"@type\":\"Organization\",\"@id\":\"https:\\\/\\\/candas365.es\\\/noticias\\\/#organization\",\"name\":\"Cand\\u00e1s 365\",\"description\":\"Cand\\u00e1s 365 es un diario digital independiente, fundado en 2012, con base en Asturias. Informamos con rigor sobre actualidad, sociedad, cultura y ocio, con una mirada local y global.\",\"url\":\"https:\\\/\\\/candas365.es\\\/noticias\\\/\",\"email\":\"info@candas365.es\",\"telephone\":\"+34652131393\",\"foundingDate\":\"2012-06-10\",\"logo\":{\"@type\":\"ImageObject\",\"url\":\"https:\\\/\\\/candas365.es\\\/noticias\\\/wp-content\\\/uploads\\\/2024\\\/09\\\/Candas-365-Redes.jpg\",\"@id\":\"https:\\\/\\\/candas365.es\\\/noticias\\\/asturias-activa-el-plan-agiliza-para-la-dependencia\\\/#organizationLogo\",\"width\":1152,\"height\":864,\"caption\":\"Cand\\u00e1s 365 Redes\"},\"image\":{\"@id\":\"https:\\\/\\\/candas365.es\\\/noticias\\\/asturias-activa-el-plan-agiliza-para-la-dependencia\\\/#organizationLogo\"},\"sameAs\":[\"https:\\\/\\\/www.facebook.com\\\/Nachofdezber\",\"https:\\\/\\\/x.com\\\/NabercoDigital\",\"https:\\\/\\\/www.instagram.com\\\/nachofdezber\\\/\",\"https:\\\/\\\/www.youtube.com\\\/channel\\\/UCZP-2wLEB9Rv6erhFmqVnvg\"],\"address\":{\"@id\":\"https:\\\/\\\/candas365.es\\\/noticias\\\/#postaladdress\",\"@type\":\"PostalAddress\",\"streetAddress\":\"san antonio 4, san antonio 4\",\"postalCode\":\"33430\",\"addressLocality\":\"Cand\\u00e1s\",\"addressRegion\":\"Asturias\",\"addressCountry\":\"ES\"}},{\"@type\":\"Person\",\"@id\":\"https:\\\/\\\/candas365.es\\\/noticias\\\/author\\\/admin\\\/#author\",\"url\":\"https:\\\/\\\/candas365.es\\\/noticias\\\/author\\\/admin\\\/\",\"name\":\"Cand\\u00e1s 365\",\"image\":{\"@type\":\"ImageObject\",\"@id\":\"https:\\\/\\\/candas365.es\\\/noticias\\\/asturias-activa-el-plan-agiliza-para-la-dependencia\\\/#authorImage\",\"url\":\"https:\\\/\\\/secure.gravatar.com\\\/avatar\\\/496a8e03d0c493ede1718b7934145dbdf8d89be1036b0eec9544e1094c9de390?s=96&d=mm&r=g\",\"width\":96,\"height\":96,\"caption\":\"Cand\\u00e1s 365\"},\"sameAs\":[\"https:\\\/\\\/www.facebook.com\\\/carrenoactualidad\",\"https:\\\/\\\/twitter.com\\\/nbasturias\",\"https:\\\/\\\/www.instagram.com\\\/nachofdezber\\\/\",\"https:\\\/\\\/www.youtube.com\\\/channel\\\/UCZP-2wLEB9Rv6erhFmqVnvg\"]},{\"@type\":\"WebPage\",\"@id\":\"https:\\\/\\\/candas365.es\\\/noticias\\\/asturias-activa-el-plan-agiliza-para-la-dependencia\\\/#webpage\",\"url\":\"https:\\\/\\\/candas365.es\\\/noticias\\\/asturias-activa-el-plan-agiliza-para-la-dependencia\\\/\",\"name\":\"Asturias activa el Plan Agiliza para la dependencia | Cand\\u00e1s 365\",\"description\":\"El Gobierno del Principado activa el Plan Agiliza dependencia Asturias para reducir los tiempos de tramitaci\\u00f3n y ajustarlos al plazo legal de 180 d\\u00edas\",\"inLanguage\":\"es-ES\",\"isPartOf\":{\"@id\":\"https:\\\/\\\/candas365.es\\\/noticias\\\/#website\"},\"breadcrumb\":{\"@id\":\"https:\\\/\\\/candas365.es\\\/noticias\\\/asturias-activa-el-plan-agiliza-para-la-dependencia\\\/#breadcrumblist\"},\"author\":{\"@id\":\"https:\\\/\\\/candas365.es\\\/noticias\\\/author\\\/admin\\\/#author\"},\"creator\":{\"@id\":\"https:\\\/\\\/candas365.es\\\/noticias\\\/author\\\/admin\\\/#author\"},\"image\":{\"@type\":\"ImageObject\",\"url\":\"https:\\\/\\\/candas365.es\\\/noticias\\\/wp-content\\\/uploads\\\/2026\\\/02\\\/Asturias-activa-el-Plan-Agiliza-para-la-dependencia.jpg\",\"@id\":\"https:\\\/\\\/candas365.es\\\/noticias\\\/asturias-activa-el-plan-agiliza-para-la-dependencia\\\/#mainImage\",\"width\":1258,\"height\":685,\"caption\":\"Foto: Prensa Gobierno de Asturias\"},\"primaryImageOfPage\":{\"@id\":\"https:\\\/\\\/candas365.es\\\/noticias\\\/asturias-activa-el-plan-agiliza-para-la-dependencia\\\/#mainImage\"},\"datePublished\":\"2026-02-26T14:31:16+01:00\",\"dateModified\":\"2026-02-26T14:31:16+01:00\"},{\"@type\":\"WebSite\",\"@id\":\"https:\\\/\\\/candas365.es\\\/noticias\\\/#website\",\"url\":\"https:\\\/\\\/candas365.es\\\/noticias\\\/\",\"name\":\"Cand\\u00e1s 365\",\"alternateName\":\"Cand\\u00e1s 365 Noticias\",\"description\":\"Actualidad desde Carre\\u00f1o para el mundo\",\"inLanguage\":\"es-ES\",\"publisher\":{\"@id\":\"https:\\\/\\\/candas365.es\\\/noticias\\\/#organization\"}}]}\n\t\t<\/script>\n\t\t<!-- All in One SEO Pro -->\r\n\t\t<title>Asturias activa el Plan Agiliza para la dependencia | Cand\u00e1s 365<\/title>\n\n","aioseo_head_json":{"title":"Asturias activa el Plan Agiliza para la dependencia | Cand\u00e1s 365","description":"El Gobierno del Principado activa el Plan Agiliza dependencia Asturias para reducir los tiempos de tramitaci\u00f3n y ajustarlos al plazo legal de 180 d\u00edas","canonical_url":"https:\/\/candas365.es\/noticias\/asturias-activa-el-plan-agiliza-para-la-dependencia\/","robots":"max-image-preview:large","keywords":"asturias","webmasterTools":{"google-site-verification":"UA-32230408-1","msvalidate.01":"354F3CDFB2DA171B47FBE9ABF1F88D5","miscellaneous":""},"schema":{"@context":"https:\/\/schema.org","@graph":[{"@type":"BreadcrumbList","@id":"https:\/\/candas365.es\/noticias\/asturias-activa-el-plan-agiliza-para-la-dependencia\/#breadcrumblist","itemListElement":[{"@type":"ListItem","@id":"https:\/\/candas365.es\/noticias#listItem","position":1,"name":"Home","item":"https:\/\/candas365.es\/noticias","nextItem":{"@type":"ListItem","@id":"https:\/\/candas365.es\/noticias\/category\/asturias\/#listItem","name":"Asturias"}},{"@type":"ListItem","@id":"https:\/\/candas365.es\/noticias\/category\/asturias\/#listItem","position":2,"name":"Asturias","item":"https:\/\/candas365.es\/noticias\/category\/asturias\/","nextItem":{"@type":"ListItem","@id":"https:\/\/candas365.es\/noticias\/asturias-activa-el-plan-agiliza-para-la-dependencia\/#listItem","name":"Asturias activa el Plan Agiliza para la dependencia"},"previousItem":{"@type":"ListItem","@id":"https:\/\/candas365.es\/noticias#listItem","name":"Home"}},{"@type":"ListItem","@id":"https:\/\/candas365.es\/noticias\/asturias-activa-el-plan-agiliza-para-la-dependencia\/#listItem","position":3,"name":"Asturias activa el Plan Agiliza para la dependencia","previousItem":{"@type":"ListItem","@id":"https:\/\/candas365.es\/noticias\/category\/asturias\/#listItem","name":"Asturias"}}]},{"@type":"NewsArticle","@id":"https:\/\/candas365.es\/noticias\/asturias-activa-el-plan-agiliza-para-la-dependencia\/#newsarticle","name":"Asturias activa el Plan Agiliza para la dependencia | Cand\u00e1s 365","headline":"Asturias activa el Plan Agiliza para la dependencia","author":{"@id":"https:\/\/candas365.es\/noticias\/author\/admin\/#author"},"publisher":{"@id":"https:\/\/candas365.es\/noticias\/#organization"},"image":{"@type":"ImageObject","url":"https:\/\/candas365.es\/noticias\/wp-content\/uploads\/2026\/02\/Asturias-activa-el-Plan-Agiliza-para-la-dependencia.jpg","width":1258,"height":685,"caption":"Foto: Prensa Gobierno de Asturias"},"datePublished":"2026-02-26T14:31:16+01:00","dateModified":"2026-02-26T14:31:16+01:00","inLanguage":"es-ES","mainEntityOfPage":{"@id":"https:\/\/candas365.es\/noticias\/asturias-activa-el-plan-agiliza-para-la-dependencia\/#webpage"},"isPartOf":{"@id":"https:\/\/candas365.es\/noticias\/asturias-activa-el-plan-agiliza-para-la-dependencia\/#webpage"},"articleSection":"Asturias, Asturias","dateline":"Publicado el febrero 26, 2026."},{"@type":"Organization","@id":"https:\/\/candas365.es\/noticias\/#organization","name":"Cand\u00e1s 365","description":"Cand\u00e1s 365 es un diario digital independiente, fundado en 2012, con base en Asturias. Informamos con rigor sobre actualidad, sociedad, cultura y ocio, con una mirada local y global.","url":"https:\/\/candas365.es\/noticias\/","email":"info@candas365.es","telephone":"+34652131393","foundingDate":"2012-06-10","logo":{"@type":"ImageObject","url":"https:\/\/candas365.es\/noticias\/wp-content\/uploads\/2024\/09\/Candas-365-Redes.jpg","@id":"https:\/\/candas365.es\/noticias\/asturias-activa-el-plan-agiliza-para-la-dependencia\/#organizationLogo","width":1152,"height":864,"caption":"Cand\u00e1s 365 Redes"},"image":{"@id":"https:\/\/candas365.es\/noticias\/asturias-activa-el-plan-agiliza-para-la-dependencia\/#organizationLogo"},"sameAs":["https:\/\/www.facebook.com\/Nachofdezber","https:\/\/x.com\/NabercoDigital","https:\/\/www.instagram.com\/nachofdezber\/","https:\/\/www.youtube.com\/channel\/UCZP-2wLEB9Rv6erhFmqVnvg"],"address":{"@id":"https:\/\/candas365.es\/noticias\/#postaladdress","@type":"PostalAddress","streetAddress":"san antonio 4, san antonio 4","postalCode":"33430","addressLocality":"Cand\u00e1s","addressRegion":"Asturias","addressCountry":"ES"}},{"@type":"Person","@id":"https:\/\/candas365.es\/noticias\/author\/admin\/#author","url":"https:\/\/candas365.es\/noticias\/author\/admin\/","name":"Cand\u00e1s 365","image":{"@type":"ImageObject","@id":"https:\/\/candas365.es\/noticias\/asturias-activa-el-plan-agiliza-para-la-dependencia\/#authorImage","url":"https:\/\/secure.gravatar.com\/avatar\/496a8e03d0c493ede1718b7934145dbdf8d89be1036b0eec9544e1094c9de390?s=96&d=mm&r=g","width":96,"height":96,"caption":"Cand\u00e1s 365"},"sameAs":["https:\/\/www.facebook.com\/carrenoactualidad","https:\/\/twitter.com\/nbasturias","https:\/\/www.instagram.com\/nachofdezber\/","https:\/\/www.youtube.com\/channel\/UCZP-2wLEB9Rv6erhFmqVnvg"]},{"@type":"WebPage","@id":"https:\/\/candas365.es\/noticias\/asturias-activa-el-plan-agiliza-para-la-dependencia\/#webpage","url":"https:\/\/candas365.es\/noticias\/asturias-activa-el-plan-agiliza-para-la-dependencia\/","name":"Asturias activa el Plan Agiliza para la dependencia | Cand\u00e1s 365","description":"El Gobierno del Principado activa el Plan Agiliza dependencia Asturias para reducir los tiempos de tramitaci\u00f3n y ajustarlos al plazo legal de 180 d\u00edas","inLanguage":"es-ES","isPartOf":{"@id":"https:\/\/candas365.es\/noticias\/#website"},"breadcrumb":{"@id":"https:\/\/candas365.es\/noticias\/asturias-activa-el-plan-agiliza-para-la-dependencia\/#breadcrumblist"},"author":{"@id":"https:\/\/candas365.es\/noticias\/author\/admin\/#author"},"creator":{"@id":"https:\/\/candas365.es\/noticias\/author\/admin\/#author"},"image":{"@type":"ImageObject","url":"https:\/\/candas365.es\/noticias\/wp-content\/uploads\/2026\/02\/Asturias-activa-el-Plan-Agiliza-para-la-dependencia.jpg","@id":"https:\/\/candas365.es\/noticias\/asturias-activa-el-plan-agiliza-para-la-dependencia\/#mainImage","width":1258,"height":685,"caption":"Foto: Prensa Gobierno de Asturias"},"primaryImageOfPage":{"@id":"https:\/\/candas365.es\/noticias\/asturias-activa-el-plan-agiliza-para-la-dependencia\/#mainImage"},"datePublished":"2026-02-26T14:31:16+01:00","dateModified":"2026-02-26T14:31:16+01:00"},{"@type":"WebSite","@id":"https:\/\/candas365.es\/noticias\/#website","url":"https:\/\/candas365.es\/noticias\/","name":"Cand\u00e1s 365","alternateName":"Cand\u00e1s 365 Noticias","description":"Actualidad desde Carre\u00f1o para el mundo","inLanguage":"es-ES","publisher":{"@id":"https:\/\/candas365.es\/noticias\/#organization"}}]},"og:locale":"es_ES","og:site_name":"Cand\u00e1s 365","og:type":"article","og:title":"Asturias activa el Plan Agiliza para la dependencia | Cand\u00e1s 365","og:description":"El Gobierno del Principado activa el Plan Agiliza dependencia Asturias para reducir los tiempos de tramitaci\u00f3n y ajustarlos al plazo legal de 180 d\u00edas","og:url":"https:\/\/candas365.es\/noticias\/asturias-activa-el-plan-agiliza-para-la-dependencia\/","og:image":"https:\/\/candas365.es\/noticias\/wp-content\/uploads\/2026\/02\/Asturias-activa-el-Plan-Agiliza-para-la-dependencia.jpg","og:image:secure_url":"https:\/\/candas365.es\/noticias\/wp-content\/uploads\/2026\/02\/Asturias-activa-el-Plan-Agiliza-para-la-dependencia.jpg","og:image:width":1258,"og:image:height":685,"article:published_time":"2026-02-26T13:31:16+00:00","article:modified_time":"2026-02-26T13:31:16+00:00","article:publisher":"https:\/\/www.facebook.com\/Nachofdezber","article:author":"https:\/\/www.facebook.com\/carrenoactualidad","twitter:card":"summary_large_image","twitter:site":"@NabercoDigital","twitter:title":"Asturias activa el Plan Agiliza para la dependencia | Cand\u00e1s 365","twitter:description":"El Gobierno del Principado activa el Plan Agiliza dependencia Asturias para reducir los tiempos de tramitaci\u00f3n y ajustarlos al plazo legal de 180 d\u00edas","twitter:creator":"@nbasturias","twitter:image":"https:\/\/candas365.es\/noticias\/wp-content\/uploads\/2026\/02\/Asturias-activa-el-Plan-Agiliza-para-la-dependencia.jpg","twitter:label1":"Escrito por","twitter:data1":"Cand\u00e1s 365","twitter:label2":"Tiempo de lectura estimado","twitter:data2":"2 minutos"},"aioseo_meta_data":{"post_id":"192407","title":null,"description":"El Gobierno del Principado activa el Plan Agiliza dependencia Asturias para reducir los tiempos de tramitaci\u00f3n y ajustarlos al plazo legal de 180 d\u00edas","keywords":null,"keyphrases":{"focus":{"keyphrase":"Asturias","score":100,"analysis":{"keyphraseInTitle":{"score":9,"maxScore":9,"error":0},"keyphraseInDescription":{"score":9,"maxScore":9,"error":0},"keyphraseLength":{"score":9,"maxScore":9,"error":0,"length":1},"keyphraseInURL":{"score":5,"maxScore":5,"error":0},"keyphraseInIntroduction":{"score":9,"maxScore":9,"error":0},"keyphraseInSubHeadings":{"score":9,"maxScore":9,"error":0},"keyphraseInImageAlt":{"score":9,"maxScore":9,"error":0},"keywordDensity":{"type":"best","score":9,"maxScore":9,"error":0}}},"additional":[{"keyphrase":"Plan Agiliza","score":100,"analysis":{"keyphraseInDescription":{"score":9,"maxScore":9,"error":0},"keyphraseLength":{"score":9,"maxScore":9,"error":0,"length":2},"keyphraseInIntroduction":{"score":9,"maxScore":9,"error":0},"keyphraseInImageAlt":{"score":9,"maxScore":9,"error":0},"keywordDensity":{"type":"best","score":9,"maxScore":9,"error":0}}}]},"primary_term":null,"canonical_url":null,"og_title":null,"og_description":null,"og_object_type":"default","og_image_type":"default","og_image_url":null,"og_image_width":null,"og_image_height":null,"og_image_custom_url":null,"og_image_custom_fields":null,"og_video":"","og_custom_url":null,"og_article_section":null,"og_article_tags":null,"twitter_use_og":false,"twitter_card":"default","twitter_image_type":"default","twitter_image_url":null,"twitter_image_custom_url":null,"twitter_image_custom_fields":null,"twitter_title":null,"twitter_description":null,"schema":{"blockGraphs":[],"customGraphs":[],"default":{"data":{"Article":[],"Course":[],"Dataset":[],"FAQPage":[],"Movie":[],"Person":[],"Product":[],"ProductReview":[],"Car":[],"Recipe":[],"Service":[],"SoftwareApplication":[],"WebPage":[]},"graphName":"NewsArticle","isEnabled":true},"graphs":[]},"schema_type":"default","schema_type_options":null,"pillar_content":false,"robots_default":true,"robots_noindex":false,"robots_noarchive":false,"robots_nosnippet":false,"robots_nofollow":false,"robots_noimageindex":false,"robots_noodp":false,"robots_notranslate":false,"robots_max_snippet":"-1","robots_max_videopreview":"-1","robots_max_imagepreview":"large","priority":null,"frequency":"default","location":null,"local_seo":null,"seo_analyzer_scan_date":"2026-02-26 14:16:21","breadcrumb_settings":null,"limit_modified_date":false,"reviewed_by":null,"open_ai":null,"ai":{"faqs":[],"keyPoints":[],"titles":[],"descriptions":[],"socialPosts":{"email":[],"linkedin":[],"twitter":[],"facebook":[],"instagram":[]}},"created":"2026-02-26 13:12:27","updated":"2026-02-26 14:26:29"},"aioseo_breadcrumb":"<div class=\"aioseo-breadcrumbs\"><span class=\"aioseo-breadcrumb\">\n\t<a href=\"https:\/\/candas365.es\/noticias\" title=\"Home\">Home<\/a>\n<\/span><span class=\"aioseo-breadcrumb-separator\">&ndash;<\/span><span class=\"aioseo-breadcrumb\">\n\t<a href=\"https:\/\/candas365.es\/noticias\/category\/asturias\/\" title=\"Asturias\">Asturias<\/a>\n<\/span><span class=\"aioseo-breadcrumb-separator\">&ndash;<\/span><span class=\"aioseo-breadcrumb\">\n\tAsturias activa el Plan Agiliza para la dependencia\n<\/span><\/div>","aioseo_breadcrumb_json":[{"label":"Home","link":"https:\/\/candas365.es\/noticias"},{"label":"Asturias","link":"https:\/\/candas365.es\/noticias\/category\/asturias\/"},{"label":"Asturias activa el Plan Agiliza para la dependencia","link":"https:\/\/candas365.es\/noticias\/asturias-activa-el-plan-agiliza-para-la-dependencia\/"}],"_links":{"self":[{"href":"https:\/\/candas365.es\/noticias\/wp-json\/wp\/v2\/posts\/192407","targetHints":{"allow":["GET"]}}],"collection":[{"href":"https:\/\/candas365.es\/noticias\/wp-json\/wp\/v2\/posts"}],"about":[{"href":"https:\/\/candas365.es\/noticias\/wp-json\/wp\/v2\/types\/post"}],"author":[{"embeddable":true,"href":"https:\/\/candas365.es\/noticias\/wp-json\/wp\/v2\/users\/1"}],"replies":[{"embeddable":true,"href":"https:\/\/candas365.es\/noticias\/wp-json\/wp\/v2\/comments?post=192407"}],"version-history":[{"count":0,"href":"https:\/\/candas365.es\/noticias\/wp-json\/wp\/v2\/posts\/192407\/revisions"}],"wp:featuredmedia":[{"embeddable":true,"href":"https:\/\/candas365.es\/noticias\/wp-json\/wp\/v2\/media\/192408"}],"wp:attachment":[{"href":"https:\/\/candas365.es\/noticias\/wp-json\/wp\/v2\/media?parent=192407"}],"wp:term":[{"taxonomy":"category","embeddable":true,"href":"https:\/\/candas365.es\/noticias\/wp-json\/wp\/v2\/categories?post=192407"},{"taxonomy":"post_tag","embeddable":true,"href":"https:\/\/candas365.es\/noticias\/wp-json\/wp\/v2\/tags?post=192407"}],"curies":[{"name":"wp","href":"https:\/\/api.w.org\/{rel}","templated":true}]}}