{"id":192152,"date":"2026-02-19T07:48:44","date_gmt":"2026-02-19T06:48:44","guid":{"rendered":"https:\/\/candas365.es\/noticias\/?p=192152"},"modified":"2026-02-19T07:48:44","modified_gmt":"2026-02-19T06:48:44","slug":"de-comprar-a-suscribirse-como-cambio-el-consumo","status":"publish","type":"post","link":"https:\/\/candas365.es\/noticias\/de-comprar-a-suscribirse-como-cambio-el-consumo\/","title":{"rendered":"De comprar a suscribirse: c\u00f3mo cambi\u00f3 el consumo"},"content":{"rendered":"<p data-start=\"90\" data-end=\"248\">El<a href=\"https:\/\/candas365.es\/noticias\/category\/economia\/\" target=\"_blank\" rel=\"noopener\"><span style=\"color: #ff6600;\"><strong> consumo<\/strong><\/span><\/a> pas\u00f3 de poseer productos a acceder a servicios. <span style=\"color: #ff6600;\"><strong><a style=\"color: #ff6600;\" title=\"Suscripciones\" href=\"https:\/\/www.ivoox.com\/podcast-nb-radio-digital-magazine-actualidad-variedades_sq_f11563969_1.html\" target=\"_blank\" rel=\"noopener\">Suscripciones<\/a><\/strong><\/span> y pagos peri\u00f3dicos redefinen decisiones cotidianas.<\/p>\n<figure id=\"attachment_192153\" aria-describedby=\"caption-attachment-192153\" style=\"width: 650px\" class=\"wp-caption aligncenter\"><img fetchpriority=\"high\" decoding=\"async\" class=\"size-large wp-image-192153\" src=\"https:\/\/candas365.es\/noticias\/wp-content\/uploads\/2026\/02\/De-comprar-a-suscribirse-como-cambio-el-consumo-650x426.jpg\" alt=\"De comprar a suscribirse c\u00f3mo cambi\u00f3 el consumo\" width=\"650\" height=\"426\" srcset=\"https:\/\/candas365.es\/noticias\/wp-content\/uploads\/2026\/02\/De-comprar-a-suscribirse-como-cambio-el-consumo-650x426.jpg 650w, https:\/\/candas365.es\/noticias\/wp-content\/uploads\/2026\/02\/De-comprar-a-suscribirse-como-cambio-el-consumo-360x236.jpg 360w, https:\/\/candas365.es\/noticias\/wp-content\/uploads\/2026\/02\/De-comprar-a-suscribirse-como-cambio-el-consumo-768x503.jpg 768w, https:\/\/candas365.es\/noticias\/wp-content\/uploads\/2026\/02\/De-comprar-a-suscribirse-como-cambio-el-consumo-150x98.jpg 150w, https:\/\/candas365.es\/noticias\/wp-content\/uploads\/2026\/02\/De-comprar-a-suscribirse-como-cambio-el-consumo-450x295.jpg 450w, https:\/\/candas365.es\/noticias\/wp-content\/uploads\/2026\/02\/De-comprar-a-suscribirse-como-cambio-el-consumo-1200x786.jpg 1200w, https:\/\/candas365.es\/noticias\/wp-content\/uploads\/2026\/02\/De-comprar-a-suscribirse-como-cambio-el-consumo.jpg 1249w\" sizes=\"(max-width: 650px) 100vw, 650px\" \/><figcaption id=\"caption-attachment-192153\" class=\"wp-caption-text\">Foto: 123rf.com<\/figcaption><\/figure>\n<p data-start=\"307\" data-end=\"601\">Durante gran parte del siglo XX, consumir significaba adquirir objetos. La propiedad marcaba la relaci\u00f3n con la mayor\u00eda de bienes cotidianos: discos, pel\u00edculas, electrodom\u00e9sticos o incluso software. <strong>Comprar implicaba cerrar una decisi\u00f3n y establecer una relaci\u00f3n duradera con aquello adquirido.<\/strong><\/p>\n<p data-start=\"603\" data-end=\"887\">Ese modelo comenz\u00f3 a transformarse con la digitalizaci\u00f3n. Primero de forma discreta y despu\u00e9s acelerada, el acceso sustituy\u00f3 progresivamente a la posesi\u00f3n. M\u00fasica, cine o programas inform\u00e1ticos dejaron de almacenarse f\u00edsicamente para convertirse en servicios disponibles bajo demanda.<\/p>\n<p data-start=\"889\" data-end=\"1081\">El cambio no fue solo tecnol\u00f3gico. Supuso una modificaci\u00f3n cultural en la forma de valorar el consumo. La pregunta dej\u00f3 de ser cu\u00e1nto cuesta algo para pasar a cu\u00e1nto cuesta mantener el acceso.<\/p>\n<h1 data-start=\"1083\" data-end=\"1119\">La comodidad como nuevo argumento<\/h1>\n<p data-start=\"1121\" data-end=\"1382\">Las suscripciones se consolidaron gracias a un argumento sencillo: la comodidad. Un pago peri\u00f3dico permit\u00eda acceder a cat\u00e1logos amplios sin necesidad de decisiones constantes. El usuario evitaba desplazamientos, almacenamiento f\u00edsico o actualizaciones manuales.<\/p>\n<p data-start=\"1384\" data-end=\"1666\">El modelo se extendi\u00f3 r\u00e1pidamente m\u00e1s all\u00e1 del entretenimiento. Servicios de transporte, alimentaci\u00f3n, productos de higiene o herramientas digitales adoptaron f\u00f3rmulas similares. Incluso bienes tradicionalmente asociados a la propiedad comenzaron a ofrecerse como servicio temporal.<\/p>\n<p data-start=\"1668\" data-end=\"1964\">Para muchas personas, esta transici\u00f3n facilit\u00f3 la organizaci\u00f3n dom\u00e9stica. Los gastos se volvieron previsibles y la renovaci\u00f3n autom\u00e1tica evitaba interrupciones. Sin embargo, tambi\u00e9n introdujo una nueva relaci\u00f3n con el dinero: m\u00faltiples pagos peque\u00f1os que, acumulados, pod\u00edan pasar desapercibidos.<\/p>\n<p data-start=\"1966\" data-end=\"2224\">La percepci\u00f3n del valor cambi\u00f3. Poseer algo dej\u00f3 de ser imprescindible si el acceso estaba garantizado. Este enfoque favoreci\u00f3 la experimentaci\u00f3n. Probar un servicio durante un tiempo limitado resulta m\u00e1s sencillo que comprometerse con una compra definitiva.<\/p>\n<h2 data-start=\"2226\" data-end=\"2268\">La econom\u00eda de la permanencia invisible<\/h2>\n<p data-start=\"2270\" data-end=\"2545\">El modelo de suscripci\u00f3n tambi\u00e9n traslad\u00f3 parte de la responsabilidad al consumidor. Cancelar servicios requiere atenci\u00f3n activa. Lo que comenz\u00f3 como una herramienta de simplificaci\u00f3n puede convertirse en una red de compromisos peri\u00f3dicos dif\u00edciles de visualizar en conjunto.<\/p>\n<p data-start=\"2547\" data-end=\"2799\">Al mismo tiempo, las empresas encontraron estabilidad en ingresos recurrentes. La relaci\u00f3n con el cliente dej\u00f3 de depender de una venta puntual para convertirse en v\u00ednculo continuado. La fidelizaci\u00f3n pas\u00f3 a ser tan importante como la captaci\u00f3n inicial.<\/p>\n<p data-start=\"2801\" data-end=\"3032\">Este sistema modific\u00f3 h\u00e1bitos cotidianos. Muchas decisiones de consumo ya no se toman frente a un escaparate, sino frente a una pantalla. <strong>Comparar opciones implica revisar condiciones, renovaciones autom\u00e1ticas o periodos de prueba.<\/strong><\/p>\n<p data-start=\"3034\" data-end=\"3287\">El acceso constante tambi\u00e9n alter\u00f3 la percepci\u00f3n del tiempo libre. Series disponibles sin l\u00edmite, bibliotecas digitales o herramientas profesionales accesibles desde cualquier dispositivo difuminaron la frontera entre uso ocasional y consumo permanente.<\/p>\n<p data-start=\"3289\" data-end=\"3575\">No todas las \u00e1reas han seguido el mismo ritmo. En determinados \u00e1mbitos, la propiedad sigue siendo relevante por razones pr\u00e1cticas o emocionales. Sin embargo, la tendencia hacia el acceso temporal se ha consolidado como una de las transformaciones m\u00e1s visibles del consumo contempor\u00e1neo.<\/p>\n<p data-start=\"3577\" data-end=\"3878\">M\u00e1s que una sustituci\u00f3n absoluta, se trata de una convivencia entre modelos. Comprar y suscribirse responden a necesidades distintas. Lo que ha cambiado es la normalidad con la que se alternan ambas opciones, reflejando una econom\u00eda cada vez m\u00e1s orientada a la flexibilidad y a la adaptaci\u00f3n continua.<\/p>\n","protected":false},"excerpt":{"rendered":"<p>El consumo pas\u00f3 de poseer productos a acceder a servicios. Suscripciones y pagos peri\u00f3dicos redefinen decisiones cotidianas. Durante gran parte del siglo XX, consumir significaba adquirir objetos. La propiedad marcaba la relaci\u00f3n con la mayor\u00eda de bienes cotidianos: discos, pel\u00edculas, electrodom\u00e9sticos o incluso software. Comprar implicaba cerrar una decisi\u00f3n y establecer una relaci\u00f3n duradera con<\/p>\n","protected":false},"author":1,"featured_media":192153,"comment_status":"closed","ping_status":"closed","sticky":false,"template":"","format":"standard","meta":{"footnotes":""},"categories":[486],"tags":[437,422],"class_list":{"0":"post-192152","1":"post","2":"type-post","3":"status-publish","4":"format-standard","5":"has-post-thumbnail","7":"category-economia","8":"tag-economia","9":"tag-reportajes"},"aioseo_notices":[],"aioseo_head":"\n\t\t<!-- All in One SEO Pro 4.9.6.2 - aioseo.com -->\n\t<meta name=\"description\" content=\"El consumo pas\u00f3 de poseer productos a acceder a servicios. Suscripciones y pagos peri\u00f3dicos redefinen decisiones cotidianas.\" \/>\n\t<meta name=\"robots\" content=\"max-image-preview:large\" \/>\n\t<meta name=\"author\" content=\"Cand\u00e1s 365\"\/>\n\t<meta name=\"google-site-verification\" content=\"UA-32230408-1\" \/>\n\t<meta name=\"msvalidate.01\" content=\"354F3CDFB2DA171B47FBE9ABF1F88D5\" \/>\n\t<meta name=\"keywords\" content=\"econom\u00eda\" \/>\n\t<link rel=\"canonical\" href=\"https:\/\/candas365.es\/noticias\/de-comprar-a-suscribirse-como-cambio-el-consumo\/\" \/>\n\t<meta name=\"generator\" content=\"All in One SEO Pro (AIOSEO) 4.9.6.2\" \/>\n\t\t<meta property=\"og:locale\" content=\"es_ES\" \/>\n\t\t<meta property=\"og:site_name\" content=\"Cand\u00e1s 365\" \/>\n\t\t<meta property=\"og:type\" content=\"article\" \/>\n\t\t<meta property=\"og:title\" content=\"De comprar a suscribirse: c\u00f3mo cambi\u00f3 el consumo | Cand\u00e1s 365\" \/>\n\t\t<meta property=\"og:description\" content=\"El consumo pas\u00f3 de poseer productos a acceder a servicios. Suscripciones y pagos peri\u00f3dicos redefinen decisiones cotidianas.\" \/>\n\t\t<meta property=\"og:url\" content=\"https:\/\/candas365.es\/noticias\/de-comprar-a-suscribirse-como-cambio-el-consumo\/\" \/>\n\t\t<meta property=\"og:image\" content=\"https:\/\/candas365.es\/noticias\/wp-content\/uploads\/2026\/02\/De-comprar-a-suscribirse-como-cambio-el-consumo.jpg\" \/>\n\t\t<meta property=\"og:image:secure_url\" content=\"https:\/\/candas365.es\/noticias\/wp-content\/uploads\/2026\/02\/De-comprar-a-suscribirse-como-cambio-el-consumo.jpg\" \/>\n\t\t<meta property=\"og:image:width\" content=\"1249\" \/>\n\t\t<meta property=\"og:image:height\" content=\"818\" \/>\n\t\t<meta property=\"article:published_time\" content=\"2026-02-19T06:48:44+00:00\" \/>\n\t\t<meta property=\"article:modified_time\" content=\"2026-02-19T06:48:44+00:00\" \/>\n\t\t<meta property=\"article:publisher\" content=\"https:\/\/www.facebook.com\/Nachofdezber\" \/>\n\t\t<meta property=\"article:author\" content=\"https:\/\/www.facebook.com\/carrenoactualidad\" \/>\n\t\t<meta name=\"twitter:card\" content=\"summary_large_image\" \/>\n\t\t<meta name=\"twitter:site\" content=\"@NabercoDigital\" \/>\n\t\t<meta name=\"twitter:title\" content=\"De comprar a suscribirse: c\u00f3mo cambi\u00f3 el consumo | Cand\u00e1s 365\" \/>\n\t\t<meta name=\"twitter:description\" content=\"El consumo pas\u00f3 de poseer productos a acceder a servicios. Suscripciones y pagos peri\u00f3dicos redefinen decisiones cotidianas.\" \/>\n\t\t<meta name=\"twitter:creator\" content=\"@nbasturias\" \/>\n\t\t<meta name=\"twitter:image\" content=\"https:\/\/candas365.es\/noticias\/wp-content\/uploads\/2026\/02\/De-comprar-a-suscribirse-como-cambio-el-consumo.jpg\" \/>\n\t\t<meta name=\"twitter:label1\" content=\"Escrito por\" \/>\n\t\t<meta name=\"twitter:data1\" content=\"Cand\u00e1s 365\" \/>\n\t\t<meta name=\"twitter:label2\" content=\"Tiempo de lectura estimado\" \/>\n\t\t<meta name=\"twitter:data2\" content=\"3 minutos\" \/>\n\t\t<script type=\"application\/ld+json\" class=\"aioseo-schema\">\n\t\t\t{\"@context\":\"https:\\\/\\\/schema.org\",\"@graph\":[{\"@type\":\"BreadcrumbList\",\"@id\":\"https:\\\/\\\/candas365.es\\\/noticias\\\/de-comprar-a-suscribirse-como-cambio-el-consumo\\\/#breadcrumblist\",\"itemListElement\":[{\"@type\":\"ListItem\",\"@id\":\"https:\\\/\\\/candas365.es\\\/noticias#listItem\",\"position\":1,\"name\":\"Home\",\"item\":\"https:\\\/\\\/candas365.es\\\/noticias\",\"nextItem\":{\"@type\":\"ListItem\",\"@id\":\"https:\\\/\\\/candas365.es\\\/noticias\\\/category\\\/economia\\\/#listItem\",\"name\":\"Econom\\u00eda\"}},{\"@type\":\"ListItem\",\"@id\":\"https:\\\/\\\/candas365.es\\\/noticias\\\/category\\\/economia\\\/#listItem\",\"position\":2,\"name\":\"Econom\\u00eda\",\"item\":\"https:\\\/\\\/candas365.es\\\/noticias\\\/category\\\/economia\\\/\",\"nextItem\":{\"@type\":\"ListItem\",\"@id\":\"https:\\\/\\\/candas365.es\\\/noticias\\\/de-comprar-a-suscribirse-como-cambio-el-consumo\\\/#listItem\",\"name\":\"De comprar a suscribirse: c\\u00f3mo cambi\\u00f3 el consumo\"},\"previousItem\":{\"@type\":\"ListItem\",\"@id\":\"https:\\\/\\\/candas365.es\\\/noticias#listItem\",\"name\":\"Home\"}},{\"@type\":\"ListItem\",\"@id\":\"https:\\\/\\\/candas365.es\\\/noticias\\\/de-comprar-a-suscribirse-como-cambio-el-consumo\\\/#listItem\",\"position\":3,\"name\":\"De comprar a suscribirse: c\\u00f3mo cambi\\u00f3 el consumo\",\"previousItem\":{\"@type\":\"ListItem\",\"@id\":\"https:\\\/\\\/candas365.es\\\/noticias\\\/category\\\/economia\\\/#listItem\",\"name\":\"Econom\\u00eda\"}}]},{\"@type\":\"NewsArticle\",\"@id\":\"https:\\\/\\\/candas365.es\\\/noticias\\\/de-comprar-a-suscribirse-como-cambio-el-consumo\\\/#newsarticle\",\"name\":\"De comprar a suscribirse: c\\u00f3mo cambi\\u00f3 el consumo | Cand\\u00e1s 365\",\"headline\":\"De comprar a suscribirse: c\\u00f3mo cambi\\u00f3 el consumo\",\"author\":{\"@id\":\"https:\\\/\\\/candas365.es\\\/noticias\\\/author\\\/admin\\\/#author\"},\"publisher\":{\"@id\":\"https:\\\/\\\/candas365.es\\\/noticias\\\/#organization\"},\"image\":{\"@type\":\"ImageObject\",\"url\":\"https:\\\/\\\/candas365.es\\\/noticias\\\/wp-content\\\/uploads\\\/2026\\\/02\\\/De-comprar-a-suscribirse-como-cambio-el-consumo.jpg\",\"width\":1249,\"height\":818,\"caption\":\"Foto: 123rf.com\"},\"datePublished\":\"2026-02-19T07:48:44+01:00\",\"dateModified\":\"2026-02-19T07:48:44+01:00\",\"inLanguage\":\"es-ES\",\"mainEntityOfPage\":{\"@id\":\"https:\\\/\\\/candas365.es\\\/noticias\\\/de-comprar-a-suscribirse-como-cambio-el-consumo\\\/#webpage\"},\"isPartOf\":{\"@id\":\"https:\\\/\\\/candas365.es\\\/noticias\\\/de-comprar-a-suscribirse-como-cambio-el-consumo\\\/#webpage\"},\"articleSection\":\"Econom\\u00eda, Econom\\u00eda, Reportajes\",\"dateline\":\"Publicado el febrero 19, 2026.\"},{\"@type\":\"Organization\",\"@id\":\"https:\\\/\\\/candas365.es\\\/noticias\\\/#organization\",\"name\":\"Cand\\u00e1s 365\",\"description\":\"Cand\\u00e1s 365 es un diario digital independiente, fundado en 2012, con base en Asturias. Informamos con rigor sobre actualidad, sociedad, cultura y ocio, con una mirada local y global.\",\"url\":\"https:\\\/\\\/candas365.es\\\/noticias\\\/\",\"email\":\"info@candas365.es\",\"telephone\":\"+34652131393\",\"foundingDate\":\"2012-06-10\",\"logo\":{\"@type\":\"ImageObject\",\"url\":\"https:\\\/\\\/candas365.es\\\/noticias\\\/wp-content\\\/uploads\\\/2024\\\/09\\\/Candas-365-Redes.jpg\",\"@id\":\"https:\\\/\\\/candas365.es\\\/noticias\\\/de-comprar-a-suscribirse-como-cambio-el-consumo\\\/#organizationLogo\",\"width\":1152,\"height\":864,\"caption\":\"Cand\\u00e1s 365 Redes\"},\"image\":{\"@id\":\"https:\\\/\\\/candas365.es\\\/noticias\\\/de-comprar-a-suscribirse-como-cambio-el-consumo\\\/#organizationLogo\"},\"sameAs\":[\"https:\\\/\\\/www.facebook.com\\\/Nachofdezber\",\"https:\\\/\\\/x.com\\\/NabercoDigital\",\"https:\\\/\\\/www.instagram.com\\\/nachofdezber\\\/\",\"https:\\\/\\\/www.youtube.com\\\/channel\\\/UCZP-2wLEB9Rv6erhFmqVnvg\"],\"address\":{\"@id\":\"https:\\\/\\\/candas365.es\\\/noticias\\\/#postaladdress\",\"@type\":\"PostalAddress\",\"streetAddress\":\"san antonio 4, san antonio 4\",\"postalCode\":\"33430\",\"addressLocality\":\"Cand\\u00e1s\",\"addressRegion\":\"Asturias\",\"addressCountry\":\"ES\"}},{\"@type\":\"Person\",\"@id\":\"https:\\\/\\\/candas365.es\\\/noticias\\\/author\\\/admin\\\/#author\",\"url\":\"https:\\\/\\\/candas365.es\\\/noticias\\\/author\\\/admin\\\/\",\"name\":\"Cand\\u00e1s 365\",\"image\":{\"@type\":\"ImageObject\",\"@id\":\"https:\\\/\\\/candas365.es\\\/noticias\\\/de-comprar-a-suscribirse-como-cambio-el-consumo\\\/#authorImage\",\"url\":\"https:\\\/\\\/secure.gravatar.com\\\/avatar\\\/496a8e03d0c493ede1718b7934145dbdf8d89be1036b0eec9544e1094c9de390?s=96&d=mm&r=g\",\"width\":96,\"height\":96,\"caption\":\"Cand\\u00e1s 365\"},\"sameAs\":[\"https:\\\/\\\/www.facebook.com\\\/carrenoactualidad\",\"https:\\\/\\\/twitter.com\\\/nbasturias\",\"https:\\\/\\\/www.instagram.com\\\/nachofdezber\\\/\",\"https:\\\/\\\/www.youtube.com\\\/channel\\\/UCZP-2wLEB9Rv6erhFmqVnvg\"]},{\"@type\":\"WebPage\",\"@id\":\"https:\\\/\\\/candas365.es\\\/noticias\\\/de-comprar-a-suscribirse-como-cambio-el-consumo\\\/#webpage\",\"url\":\"https:\\\/\\\/candas365.es\\\/noticias\\\/de-comprar-a-suscribirse-como-cambio-el-consumo\\\/\",\"name\":\"De comprar a suscribirse: c\\u00f3mo cambi\\u00f3 el consumo | Cand\\u00e1s 365\",\"description\":\"El consumo pas\\u00f3 de poseer productos a acceder a servicios. Suscripciones y pagos peri\\u00f3dicos redefinen decisiones cotidianas.\",\"inLanguage\":\"es-ES\",\"isPartOf\":{\"@id\":\"https:\\\/\\\/candas365.es\\\/noticias\\\/#website\"},\"breadcrumb\":{\"@id\":\"https:\\\/\\\/candas365.es\\\/noticias\\\/de-comprar-a-suscribirse-como-cambio-el-consumo\\\/#breadcrumblist\"},\"author\":{\"@id\":\"https:\\\/\\\/candas365.es\\\/noticias\\\/author\\\/admin\\\/#author\"},\"creator\":{\"@id\":\"https:\\\/\\\/candas365.es\\\/noticias\\\/author\\\/admin\\\/#author\"},\"image\":{\"@type\":\"ImageObject\",\"url\":\"https:\\\/\\\/candas365.es\\\/noticias\\\/wp-content\\\/uploads\\\/2026\\\/02\\\/De-comprar-a-suscribirse-como-cambio-el-consumo.jpg\",\"@id\":\"https:\\\/\\\/candas365.es\\\/noticias\\\/de-comprar-a-suscribirse-como-cambio-el-consumo\\\/#mainImage\",\"width\":1249,\"height\":818,\"caption\":\"Foto: 123rf.com\"},\"primaryImageOfPage\":{\"@id\":\"https:\\\/\\\/candas365.es\\\/noticias\\\/de-comprar-a-suscribirse-como-cambio-el-consumo\\\/#mainImage\"},\"datePublished\":\"2026-02-19T07:48:44+01:00\",\"dateModified\":\"2026-02-19T07:48:44+01:00\"},{\"@type\":\"WebSite\",\"@id\":\"https:\\\/\\\/candas365.es\\\/noticias\\\/#website\",\"url\":\"https:\\\/\\\/candas365.es\\\/noticias\\\/\",\"name\":\"Cand\\u00e1s 365\",\"alternateName\":\"Cand\\u00e1s 365 Noticias\",\"description\":\"Actualidad desde Carre\\u00f1o para el mundo\",\"inLanguage\":\"es-ES\",\"publisher\":{\"@id\":\"https:\\\/\\\/candas365.es\\\/noticias\\\/#organization\"}}]}\n\t\t<\/script>\n\t\t<!-- All in One SEO Pro -->\r\n\t\t<title>De comprar a suscribirse: c\u00f3mo cambi\u00f3 el consumo | Cand\u00e1s 365<\/title>\n\n","aioseo_head_json":{"title":"De comprar a suscribirse: c\u00f3mo cambi\u00f3 el consumo | Cand\u00e1s 365","description":"El consumo pas\u00f3 de poseer productos a acceder a servicios. Suscripciones y pagos peri\u00f3dicos redefinen decisiones cotidianas.","canonical_url":"https:\/\/candas365.es\/noticias\/de-comprar-a-suscribirse-como-cambio-el-consumo\/","robots":"max-image-preview:large","keywords":"econom\u00eda","webmasterTools":{"google-site-verification":"UA-32230408-1","msvalidate.01":"354F3CDFB2DA171B47FBE9ABF1F88D5","miscellaneous":""},"schema":{"@context":"https:\/\/schema.org","@graph":[{"@type":"BreadcrumbList","@id":"https:\/\/candas365.es\/noticias\/de-comprar-a-suscribirse-como-cambio-el-consumo\/#breadcrumblist","itemListElement":[{"@type":"ListItem","@id":"https:\/\/candas365.es\/noticias#listItem","position":1,"name":"Home","item":"https:\/\/candas365.es\/noticias","nextItem":{"@type":"ListItem","@id":"https:\/\/candas365.es\/noticias\/category\/economia\/#listItem","name":"Econom\u00eda"}},{"@type":"ListItem","@id":"https:\/\/candas365.es\/noticias\/category\/economia\/#listItem","position":2,"name":"Econom\u00eda","item":"https:\/\/candas365.es\/noticias\/category\/economia\/","nextItem":{"@type":"ListItem","@id":"https:\/\/candas365.es\/noticias\/de-comprar-a-suscribirse-como-cambio-el-consumo\/#listItem","name":"De comprar a suscribirse: c\u00f3mo cambi\u00f3 el consumo"},"previousItem":{"@type":"ListItem","@id":"https:\/\/candas365.es\/noticias#listItem","name":"Home"}},{"@type":"ListItem","@id":"https:\/\/candas365.es\/noticias\/de-comprar-a-suscribirse-como-cambio-el-consumo\/#listItem","position":3,"name":"De comprar a suscribirse: c\u00f3mo cambi\u00f3 el consumo","previousItem":{"@type":"ListItem","@id":"https:\/\/candas365.es\/noticias\/category\/economia\/#listItem","name":"Econom\u00eda"}}]},{"@type":"NewsArticle","@id":"https:\/\/candas365.es\/noticias\/de-comprar-a-suscribirse-como-cambio-el-consumo\/#newsarticle","name":"De comprar a suscribirse: c\u00f3mo cambi\u00f3 el consumo | Cand\u00e1s 365","headline":"De comprar a suscribirse: c\u00f3mo cambi\u00f3 el consumo","author":{"@id":"https:\/\/candas365.es\/noticias\/author\/admin\/#author"},"publisher":{"@id":"https:\/\/candas365.es\/noticias\/#organization"},"image":{"@type":"ImageObject","url":"https:\/\/candas365.es\/noticias\/wp-content\/uploads\/2026\/02\/De-comprar-a-suscribirse-como-cambio-el-consumo.jpg","width":1249,"height":818,"caption":"Foto: 123rf.com"},"datePublished":"2026-02-19T07:48:44+01:00","dateModified":"2026-02-19T07:48:44+01:00","inLanguage":"es-ES","mainEntityOfPage":{"@id":"https:\/\/candas365.es\/noticias\/de-comprar-a-suscribirse-como-cambio-el-consumo\/#webpage"},"isPartOf":{"@id":"https:\/\/candas365.es\/noticias\/de-comprar-a-suscribirse-como-cambio-el-consumo\/#webpage"},"articleSection":"Econom\u00eda, Econom\u00eda, Reportajes","dateline":"Publicado el febrero 19, 2026."},{"@type":"Organization","@id":"https:\/\/candas365.es\/noticias\/#organization","name":"Cand\u00e1s 365","description":"Cand\u00e1s 365 es un diario digital independiente, fundado en 2012, con base en Asturias. Informamos con rigor sobre actualidad, sociedad, cultura y ocio, con una mirada local y global.","url":"https:\/\/candas365.es\/noticias\/","email":"info@candas365.es","telephone":"+34652131393","foundingDate":"2012-06-10","logo":{"@type":"ImageObject","url":"https:\/\/candas365.es\/noticias\/wp-content\/uploads\/2024\/09\/Candas-365-Redes.jpg","@id":"https:\/\/candas365.es\/noticias\/de-comprar-a-suscribirse-como-cambio-el-consumo\/#organizationLogo","width":1152,"height":864,"caption":"Cand\u00e1s 365 Redes"},"image":{"@id":"https:\/\/candas365.es\/noticias\/de-comprar-a-suscribirse-como-cambio-el-consumo\/#organizationLogo"},"sameAs":["https:\/\/www.facebook.com\/Nachofdezber","https:\/\/x.com\/NabercoDigital","https:\/\/www.instagram.com\/nachofdezber\/","https:\/\/www.youtube.com\/channel\/UCZP-2wLEB9Rv6erhFmqVnvg"],"address":{"@id":"https:\/\/candas365.es\/noticias\/#postaladdress","@type":"PostalAddress","streetAddress":"san antonio 4, san antonio 4","postalCode":"33430","addressLocality":"Cand\u00e1s","addressRegion":"Asturias","addressCountry":"ES"}},{"@type":"Person","@id":"https:\/\/candas365.es\/noticias\/author\/admin\/#author","url":"https:\/\/candas365.es\/noticias\/author\/admin\/","name":"Cand\u00e1s 365","image":{"@type":"ImageObject","@id":"https:\/\/candas365.es\/noticias\/de-comprar-a-suscribirse-como-cambio-el-consumo\/#authorImage","url":"https:\/\/secure.gravatar.com\/avatar\/496a8e03d0c493ede1718b7934145dbdf8d89be1036b0eec9544e1094c9de390?s=96&d=mm&r=g","width":96,"height":96,"caption":"Cand\u00e1s 365"},"sameAs":["https:\/\/www.facebook.com\/carrenoactualidad","https:\/\/twitter.com\/nbasturias","https:\/\/www.instagram.com\/nachofdezber\/","https:\/\/www.youtube.com\/channel\/UCZP-2wLEB9Rv6erhFmqVnvg"]},{"@type":"WebPage","@id":"https:\/\/candas365.es\/noticias\/de-comprar-a-suscribirse-como-cambio-el-consumo\/#webpage","url":"https:\/\/candas365.es\/noticias\/de-comprar-a-suscribirse-como-cambio-el-consumo\/","name":"De comprar a suscribirse: c\u00f3mo cambi\u00f3 el consumo | Cand\u00e1s 365","description":"El consumo pas\u00f3 de poseer productos a acceder a servicios. Suscripciones y pagos peri\u00f3dicos redefinen decisiones cotidianas.","inLanguage":"es-ES","isPartOf":{"@id":"https:\/\/candas365.es\/noticias\/#website"},"breadcrumb":{"@id":"https:\/\/candas365.es\/noticias\/de-comprar-a-suscribirse-como-cambio-el-consumo\/#breadcrumblist"},"author":{"@id":"https:\/\/candas365.es\/noticias\/author\/admin\/#author"},"creator":{"@id":"https:\/\/candas365.es\/noticias\/author\/admin\/#author"},"image":{"@type":"ImageObject","url":"https:\/\/candas365.es\/noticias\/wp-content\/uploads\/2026\/02\/De-comprar-a-suscribirse-como-cambio-el-consumo.jpg","@id":"https:\/\/candas365.es\/noticias\/de-comprar-a-suscribirse-como-cambio-el-consumo\/#mainImage","width":1249,"height":818,"caption":"Foto: 123rf.com"},"primaryImageOfPage":{"@id":"https:\/\/candas365.es\/noticias\/de-comprar-a-suscribirse-como-cambio-el-consumo\/#mainImage"},"datePublished":"2026-02-19T07:48:44+01:00","dateModified":"2026-02-19T07:48:44+01:00"},{"@type":"WebSite","@id":"https:\/\/candas365.es\/noticias\/#website","url":"https:\/\/candas365.es\/noticias\/","name":"Cand\u00e1s 365","alternateName":"Cand\u00e1s 365 Noticias","description":"Actualidad desde Carre\u00f1o para el mundo","inLanguage":"es-ES","publisher":{"@id":"https:\/\/candas365.es\/noticias\/#organization"}}]},"og:locale":"es_ES","og:site_name":"Cand\u00e1s 365","og:type":"article","og:title":"De comprar a suscribirse: c\u00f3mo cambi\u00f3 el consumo | Cand\u00e1s 365","og:description":"El consumo pas\u00f3 de poseer productos a acceder a servicios. Suscripciones y pagos peri\u00f3dicos redefinen decisiones cotidianas.","og:url":"https:\/\/candas365.es\/noticias\/de-comprar-a-suscribirse-como-cambio-el-consumo\/","og:image":"https:\/\/candas365.es\/noticias\/wp-content\/uploads\/2026\/02\/De-comprar-a-suscribirse-como-cambio-el-consumo.jpg","og:image:secure_url":"https:\/\/candas365.es\/noticias\/wp-content\/uploads\/2026\/02\/De-comprar-a-suscribirse-como-cambio-el-consumo.jpg","og:image:width":1249,"og:image:height":818,"article:published_time":"2026-02-19T06:48:44+00:00","article:modified_time":"2026-02-19T06:48:44+00:00","article:publisher":"https:\/\/www.facebook.com\/Nachofdezber","article:author":"https:\/\/www.facebook.com\/carrenoactualidad","twitter:card":"summary_large_image","twitter:site":"@NabercoDigital","twitter:title":"De comprar a suscribirse: c\u00f3mo cambi\u00f3 el consumo | Cand\u00e1s 365","twitter:description":"El consumo pas\u00f3 de poseer productos a acceder a servicios. Suscripciones y pagos peri\u00f3dicos redefinen decisiones cotidianas.","twitter:creator":"@nbasturias","twitter:image":"https:\/\/candas365.es\/noticias\/wp-content\/uploads\/2026\/02\/De-comprar-a-suscribirse-como-cambio-el-consumo.jpg","twitter:label1":"Escrito por","twitter:data1":"Cand\u00e1s 365","twitter:label2":"Tiempo de lectura estimado","twitter:data2":"3 minutos"},"aioseo_meta_data":{"post_id":"192152","title":null,"description":"El consumo pas\u00f3 de poseer productos a acceder a servicios. Suscripciones y pagos peri\u00f3dicos redefinen decisiones cotidianas.","keywords":null,"keyphrases":{"focus":{"keyphrase":"consumo","score":91,"analysis":{"keyphraseInTitle":{"score":9,"maxScore":9,"error":0},"keyphraseInDescription":{"score":9,"maxScore":9,"error":0},"keyphraseLength":{"score":9,"maxScore":9,"error":0,"length":1},"keyphraseInURL":{"score":5,"maxScore":5,"error":0},"keyphraseInIntroduction":{"score":9,"maxScore":9,"error":0},"keyphraseInSubHeadings":{"score":3,"maxScore":9,"error":1},"keyphraseInImageAlt":{"score":9,"maxScore":9,"error":0},"keywordDensity":{"type":"best","score":9,"maxScore":9,"error":0}}},"additional":[{"keyphrase":"consumo","score":100,"analysis":{"keyphraseInDescription":{"score":9,"maxScore":9,"error":0},"keyphraseLength":{"score":9,"maxScore":9,"error":0,"length":1},"keyphraseInIntroduction":{"score":9,"maxScore":9,"error":0},"keyphraseInImageAlt":{"score":9,"maxScore":9,"error":0},"keywordDensity":{"type":"best","score":9,"maxScore":9,"error":0}}}]},"primary_term":null,"canonical_url":null,"og_title":null,"og_description":null,"og_object_type":"default","og_image_type":"default","og_image_url":null,"og_image_width":null,"og_image_height":null,"og_image_custom_url":null,"og_image_custom_fields":null,"og_video":"","og_custom_url":null,"og_article_section":null,"og_article_tags":null,"twitter_use_og":false,"twitter_card":"default","twitter_image_type":"default","twitter_image_url":null,"twitter_image_custom_url":null,"twitter_image_custom_fields":null,"twitter_title":null,"twitter_description":null,"schema":{"blockGraphs":[],"customGraphs":[],"default":{"data":{"Article":[],"Course":[],"Dataset":[],"FAQPage":[],"Movie":[],"Person":[],"Product":[],"ProductReview":[],"Car":[],"Recipe":[],"Service":[],"SoftwareApplication":[],"WebPage":[]},"graphName":"Article","isEnabled":true},"graphs":[]},"schema_type":"default","schema_type_options":null,"pillar_content":false,"robots_default":true,"robots_noindex":false,"robots_noarchive":false,"robots_nosnippet":false,"robots_nofollow":false,"robots_noimageindex":false,"robots_noodp":false,"robots_notranslate":false,"robots_max_snippet":"-1","robots_max_videopreview":"-1","robots_max_imagepreview":"large","priority":null,"frequency":"default","location":null,"local_seo":null,"seo_analyzer_scan_date":"2026-02-19 06:51:48","breadcrumb_settings":null,"limit_modified_date":false,"reviewed_by":null,"open_ai":null,"ai":{"faqs":[],"keyPoints":[],"titles":[],"descriptions":[],"socialPosts":{"email":[],"linkedin":[],"twitter":[],"facebook":[],"instagram":[]}},"created":"2026-02-19 06:41:42","updated":"2026-02-19 06:51:48"},"aioseo_breadcrumb":"<div class=\"aioseo-breadcrumbs\"><span class=\"aioseo-breadcrumb\">\n\t<a href=\"https:\/\/candas365.es\/noticias\" title=\"Home\">Home<\/a>\n<\/span><span class=\"aioseo-breadcrumb-separator\">&ndash;<\/span><span class=\"aioseo-breadcrumb\">\n\t<a href=\"https:\/\/candas365.es\/noticias\/category\/economia\/\" title=\"Econom\u00eda\">Econom\u00eda<\/a>\n<\/span><span class=\"aioseo-breadcrumb-separator\">&ndash;<\/span><span class=\"aioseo-breadcrumb\">\n\tDe comprar a suscribirse: c\u00f3mo cambi\u00f3 el consumo\n<\/span><\/div>","aioseo_breadcrumb_json":[{"label":"Home","link":"https:\/\/candas365.es\/noticias"},{"label":"Econom\u00eda","link":"https:\/\/candas365.es\/noticias\/category\/economia\/"},{"label":"De comprar a suscribirse: c\u00f3mo cambi\u00f3 el consumo","link":"https:\/\/candas365.es\/noticias\/de-comprar-a-suscribirse-como-cambio-el-consumo\/"}],"_links":{"self":[{"href":"https:\/\/candas365.es\/noticias\/wp-json\/wp\/v2\/posts\/192152","targetHints":{"allow":["GET"]}}],"collection":[{"href":"https:\/\/candas365.es\/noticias\/wp-json\/wp\/v2\/posts"}],"about":[{"href":"https:\/\/candas365.es\/noticias\/wp-json\/wp\/v2\/types\/post"}],"author":[{"embeddable":true,"href":"https:\/\/candas365.es\/noticias\/wp-json\/wp\/v2\/users\/1"}],"replies":[{"embeddable":true,"href":"https:\/\/candas365.es\/noticias\/wp-json\/wp\/v2\/comments?post=192152"}],"version-history":[{"count":0,"href":"https:\/\/candas365.es\/noticias\/wp-json\/wp\/v2\/posts\/192152\/revisions"}],"wp:featuredmedia":[{"embeddable":true,"href":"https:\/\/candas365.es\/noticias\/wp-json\/wp\/v2\/media\/192153"}],"wp:attachment":[{"href":"https:\/\/candas365.es\/noticias\/wp-json\/wp\/v2\/media?parent=192152"}],"wp:term":[{"taxonomy":"category","embeddable":true,"href":"https:\/\/candas365.es\/noticias\/wp-json\/wp\/v2\/categories?post=192152"},{"taxonomy":"post_tag","embeddable":true,"href":"https:\/\/candas365.es\/noticias\/wp-json\/wp\/v2\/tags?post=192152"}],"curies":[{"name":"wp","href":"https:\/\/api.w.org\/{rel}","templated":true}]}}