{"id":192146,"date":"2026-02-19T07:10:59","date_gmt":"2026-02-19T06:10:59","guid":{"rendered":"https:\/\/candas365.es\/noticias\/?p=192146"},"modified":"2026-02-19T07:10:59","modified_gmt":"2026-02-19T06:10:59","slug":"eurocopa-2008-la-noche-que-cambio-al-futbol-espanol","status":"publish","type":"post","link":"https:\/\/candas365.es\/noticias\/eurocopa-2008-la-noche-que-cambio-al-futbol-espanol\/","title":{"rendered":"Eurocopa 2008: la noche que cambi\u00f3 al f\u00fatbol espa\u00f1ol"},"content":{"rendered":"<p data-start=\"58\" data-end=\"257\">La <a href=\"https:\/\/es.wikipedia.org\/wiki\/Eurocopa_2008\" target=\"_blank\" rel=\"noopener\"><span style=\"color: #ff6600;\"><strong>Eurocopa de 2008<\/strong><\/span><\/a> marc\u00f3 un giro cultural y deportivo en Espa\u00f1a: del peso hist\u00f3rico de los fracasos a una nueva identidad competitiva que redefini\u00f3 al f\u00fatbol europeo.<\/p>\n<figure id=\"attachment_192147\" aria-describedby=\"caption-attachment-192147\" style=\"width: 650px\" class=\"wp-caption aligncenter\"><img fetchpriority=\"high\" decoding=\"async\" class=\"size-large wp-image-192147\" src=\"https:\/\/candas365.es\/noticias\/wp-content\/uploads\/2026\/02\/Eurocopa-2008-la-noche-que-cambio-al-futbol-espanol-650x431.jpg\" alt=\"Eurocopa 2008 la noche que cambi\u00f3 al f\u00fatbol espa\u00f1ol\" width=\"650\" height=\"431\" srcset=\"https:\/\/candas365.es\/noticias\/wp-content\/uploads\/2026\/02\/Eurocopa-2008-la-noche-que-cambio-al-futbol-espanol-650x431.jpg 650w, https:\/\/candas365.es\/noticias\/wp-content\/uploads\/2026\/02\/Eurocopa-2008-la-noche-que-cambio-al-futbol-espanol-360x239.jpg 360w, https:\/\/candas365.es\/noticias\/wp-content\/uploads\/2026\/02\/Eurocopa-2008-la-noche-que-cambio-al-futbol-espanol-768x509.jpg 768w, https:\/\/candas365.es\/noticias\/wp-content\/uploads\/2026\/02\/Eurocopa-2008-la-noche-que-cambio-al-futbol-espanol-150x100.jpg 150w, https:\/\/candas365.es\/noticias\/wp-content\/uploads\/2026\/02\/Eurocopa-2008-la-noche-que-cambio-al-futbol-espanol-450x299.jpg 450w, https:\/\/candas365.es\/noticias\/wp-content\/uploads\/2026\/02\/Eurocopa-2008-la-noche-que-cambio-al-futbol-espanol-1200x796.jpg 1200w, https:\/\/candas365.es\/noticias\/wp-content\/uploads\/2026\/02\/Eurocopa-2008-la-noche-que-cambio-al-futbol-espanol.jpg 1224w\" sizes=\"(max-width: 650px) 100vw, 650px\" \/><figcaption id=\"caption-attachment-192147\" class=\"wp-caption-text\">Foto: 123rf.com<\/figcaption><\/figure>\n<p data-start=\"259\" data-end=\"656\">Durante d\u00e9cadas, el <a href=\"https:\/\/candas365.es\/noticias\/category\/deporte\/\"><span style=\"color: #ff6600;\"><strong>f\u00fatbol espa\u00f1ol<\/strong><\/span><\/a> convivi\u00f3 con una paradoja dif\u00edcil de explicar fuera de sus fronteras. Dominaba clubes europeos, exportaba talento t\u00e9cnico y llenaba estadios cada fin de semana, pero la selecci\u00f3n nacional parec\u00eda atrapada en un relato de expectativas incumplidas. Cada gran torneo reactivaba una mezcla de ilusi\u00f3n y cautela que formaba parte del paisaje emocional del aficionado.<\/p>\n<p data-start=\"658\" data-end=\"934\">La Eurocopa disputada en Austria y Suiza, a finales de la primera d\u00e9cada del siglo XXI, rompi\u00f3 esa din\u00e1mica de forma abrupta. No fue \u00fanicamente una victoria deportiva. Fue el momento en el que una generaci\u00f3n consigui\u00f3 modificar la relaci\u00f3n entre la selecci\u00f3n y su propio pa\u00eds.<\/p>\n<h2 data-start=\"936\" data-end=\"971\">El peso de una historia inc\u00f3moda<\/h2>\n<p data-start=\"973\" data-end=\"1346\">Espa\u00f1a llegaba al torneo con recuerdos recientes dif\u00edciles de ignorar. Eliminaciones tempranas y derrotas en cruces decisivos hab\u00edan consolidado una narrativa casi inevitable: jugar bien no bastaba cuando llegaban los partidos definitivos. La etiqueta acompa\u00f1\u00f3 a varias generaciones, incluso cuando el talento individual parec\u00eda comparable al de cualquier potencia europea.<\/p>\n<p data-start=\"1348\" data-end=\"1662\">El cambio comenz\u00f3 antes del debut. El relevo en el banquillo apost\u00f3 por reforzar una idea ofensiva basada en la posesi\u00f3n y en la continuidad del bal\u00f3n, una filosof\u00eda que algunos clubes espa\u00f1oles ya desarrollaban con \u00e9xito. La decisi\u00f3n implicaba asumir riesgos en un contexto donde la prudencia hab\u00eda sido habitual.<\/p>\n<p data-start=\"1664\" data-end=\"1870\">El grupo mezclaba experiencia internacional y futbolistas acostumbrados a asumir protagonismo en competiciones europeas. Sin embargo, el verdadero desaf\u00edo era psicol\u00f3gico: competir sin cargar con el pasado.<\/p>\n<h2 data-start=\"1872\" data-end=\"1905\">Un estilo que redefini\u00f3 Europa<\/h2>\n<p data-start=\"1907\" data-end=\"2282\">A medida que avanz\u00f3 el campeonato, el equipo encontr\u00f3 una identidad reconocible. La circulaci\u00f3n r\u00e1pida del bal\u00f3n, la movilidad constante y la presi\u00f3n tras p\u00e9rdida empezaron a marcar diferencias frente a selecciones m\u00e1s f\u00edsicas. Aquella propuesta no surg\u00eda de la nada; era el resultado de a\u00f1os de evoluci\u00f3n t\u00e1ctica en el f\u00fatbol espa\u00f1ol, especialmente en categor\u00edas formativas.<\/p>\n<p data-start=\"2284\" data-end=\"2556\">El triunfo en los cruces eliminatorios tuvo un impacto inmediato porque rompi\u00f3 barreras simb\u00f3licas. Superar una tanda de penaltis en cuartos de final, algo que durante a\u00f1os hab\u00eda representado un obst\u00e1culo recurrente, cambi\u00f3 el tono del torneo para jugadores y aficionados.<\/p>\n<p data-start=\"2558\" data-end=\"2873\">La final confirm\u00f3 la transformaci\u00f3n. Espa\u00f1a no solo gan\u00f3, sino que impuso su manera de jugar ante una selecci\u00f3n acostumbrada a dominar los grandes escenarios. Europa observ\u00f3 entonces un modelo que priorizaba el control del juego sobre la reacci\u00f3n defensiva, anticipando tendencias que marcar\u00edan la d\u00e9cada posterior.<\/p>\n<h2 data-start=\"2875\" data-end=\"2909\">M\u00e1s que un t\u00edtulo internacional<\/h2>\n<p data-start=\"2911\" data-end=\"3276\">El regreso a casa evidenci\u00f3 que el efecto trascend\u00eda el marcador. Las celebraciones reunieron a generaciones distintas alrededor de una selecci\u00f3n que, por primera vez en mucho tiempo, parec\u00eda reconocible para p\u00fablicos muy diversos. El \u00e9xito coincidi\u00f3 adem\u00e1s con una expansi\u00f3n medi\u00e1tica sin precedentes, amplificada por nuevas formas de consumo televisivo y digital.<\/p>\n<p data-start=\"3278\" data-end=\"3634\">En t\u00e9rminos deportivos, el torneo abri\u00f3 una etapa de confianza institucional. Las categor\u00edas inferiores reforzaron una l\u00ednea de juego coherente y los clubes comenzaron a mirar con mayor atenci\u00f3n a perfiles t\u00e9cnicos similares. <strong>El impacto tambi\u00e9n alcanz\u00f3 a ligas extranjeras, donde aument\u00f3 la demanda de entrenadores y futbolistas formados en ese ecosistema.<\/strong><\/p>\n<p data-start=\"3636\" data-end=\"4005\" data-is-last-node=\"\" data-is-only-node=\"\">Con el paso de los a\u00f1os, otros t\u00edtulos ampliaron aquella sensaci\u00f3n de ciclo irrepetible. Sin embargo, la Eurocopa de 2008 mantiene un significado particular porque actu\u00f3 como punto de inflexi\u00f3n. No cerr\u00f3 una historia de frustraciones tanto como inaugur\u00f3 una nueva manera de competir, menos condicionada por la memoria y m\u00e1s centrada en la propia identidad futbol\u00edstica.<\/p>\n","protected":false},"excerpt":{"rendered":"<p>La Eurocopa de 2008 marc\u00f3 un giro cultural y deportivo en Espa\u00f1a: del peso hist\u00f3rico de los fracasos a una nueva identidad competitiva que redefini\u00f3 al f\u00fatbol europeo. Durante d\u00e9cadas, el f\u00fatbol espa\u00f1ol convivi\u00f3 con una paradoja dif\u00edcil de explicar fuera de sus fronteras. Dominaba clubes europeos, exportaba talento t\u00e9cnico y llenaba estadios cada fin<\/p>\n","protected":false},"author":1,"featured_media":192147,"comment_status":"closed","ping_status":"closed","sticky":false,"template":"","format":"standard","meta":{"footnotes":""},"categories":[319],"tags":[389],"class_list":{"0":"post-192146","1":"post","2":"type-post","3":"status-publish","4":"format-standard","5":"has-post-thumbnail","7":"category-deporte","8":"tag-futbol"},"aioseo_notices":[],"aioseo_head":"\n\t\t<!-- All in One SEO Pro 4.9.6.2 - aioseo.com -->\n\t<meta name=\"description\" content=\"La Eurocopa de 2008 marc\u00f3 un giro cultural y deportivo en Espa\u00f1a: del peso hist\u00f3rico de los fracasos a una nueva identidad competitiva que redefini\u00f3 al f\u00fatbol\" \/>\n\t<meta name=\"robots\" content=\"max-image-preview:large\" \/>\n\t<meta name=\"author\" content=\"Cand\u00e1s 365\"\/>\n\t<meta name=\"google-site-verification\" content=\"UA-32230408-1\" \/>\n\t<meta name=\"msvalidate.01\" content=\"354F3CDFB2DA171B47FBE9ABF1F88D5\" \/>\n\t<meta name=\"keywords\" content=\"deporte\" \/>\n\t<link rel=\"canonical\" href=\"https:\/\/candas365.es\/noticias\/eurocopa-2008-la-noche-que-cambio-al-futbol-espanol\/\" \/>\n\t<meta name=\"generator\" content=\"All in One SEO Pro (AIOSEO) 4.9.6.2\" \/>\n\t\t<meta property=\"og:locale\" content=\"es_ES\" \/>\n\t\t<meta property=\"og:site_name\" content=\"Cand\u00e1s 365\" \/>\n\t\t<meta property=\"og:type\" content=\"article\" \/>\n\t\t<meta property=\"og:title\" content=\"Eurocopa 2008: la noche que cambi\u00f3 al f\u00fatbol espa\u00f1ol | Cand\u00e1s 365\" \/>\n\t\t<meta property=\"og:description\" content=\"La Eurocopa de 2008 marc\u00f3 un giro cultural y deportivo en Espa\u00f1a: del peso hist\u00f3rico de los fracasos a una nueva identidad competitiva que redefini\u00f3 al f\u00fatbol\" \/>\n\t\t<meta property=\"og:url\" content=\"https:\/\/candas365.es\/noticias\/eurocopa-2008-la-noche-que-cambio-al-futbol-espanol\/\" \/>\n\t\t<meta property=\"og:image\" content=\"https:\/\/candas365.es\/noticias\/wp-content\/uploads\/2026\/02\/Eurocopa-2008-la-noche-que-cambio-al-futbol-espanol.jpg\" \/>\n\t\t<meta property=\"og:image:secure_url\" content=\"https:\/\/candas365.es\/noticias\/wp-content\/uploads\/2026\/02\/Eurocopa-2008-la-noche-que-cambio-al-futbol-espanol.jpg\" \/>\n\t\t<meta property=\"og:image:width\" content=\"1224\" \/>\n\t\t<meta property=\"og:image:height\" content=\"812\" \/>\n\t\t<meta property=\"article:published_time\" content=\"2026-02-19T06:10:59+00:00\" \/>\n\t\t<meta property=\"article:modified_time\" content=\"2026-02-19T06:10:59+00:00\" \/>\n\t\t<meta property=\"article:publisher\" content=\"https:\/\/www.facebook.com\/Nachofdezber\" \/>\n\t\t<meta property=\"article:author\" content=\"https:\/\/www.facebook.com\/carrenoactualidad\" \/>\n\t\t<meta name=\"twitter:card\" content=\"summary_large_image\" \/>\n\t\t<meta name=\"twitter:site\" content=\"@NabercoDigital\" \/>\n\t\t<meta name=\"twitter:title\" content=\"Eurocopa 2008: la noche que cambi\u00f3 al f\u00fatbol espa\u00f1ol | Cand\u00e1s 365\" \/>\n\t\t<meta name=\"twitter:description\" content=\"La Eurocopa de 2008 marc\u00f3 un giro cultural y deportivo en Espa\u00f1a: del peso hist\u00f3rico de los fracasos a una nueva identidad competitiva que redefini\u00f3 al f\u00fatbol\" \/>\n\t\t<meta name=\"twitter:creator\" content=\"@nbasturias\" \/>\n\t\t<meta name=\"twitter:image\" content=\"https:\/\/candas365.es\/noticias\/wp-content\/uploads\/2026\/02\/Eurocopa-2008-la-noche-que-cambio-al-futbol-espanol.jpg\" \/>\n\t\t<meta name=\"twitter:label1\" content=\"Escrito por\" \/>\n\t\t<meta name=\"twitter:data1\" content=\"Cand\u00e1s 365\" \/>\n\t\t<meta name=\"twitter:label2\" content=\"Tiempo de lectura estimado\" \/>\n\t\t<meta name=\"twitter:data2\" content=\"3 minutos\" \/>\n\t\t<script type=\"application\/ld+json\" class=\"aioseo-schema\">\n\t\t\t{\"@context\":\"https:\\\/\\\/schema.org\",\"@graph\":[{\"@type\":\"BreadcrumbList\",\"@id\":\"https:\\\/\\\/candas365.es\\\/noticias\\\/eurocopa-2008-la-noche-que-cambio-al-futbol-espanol\\\/#breadcrumblist\",\"itemListElement\":[{\"@type\":\"ListItem\",\"@id\":\"https:\\\/\\\/candas365.es\\\/noticias#listItem\",\"position\":1,\"name\":\"Home\",\"item\":\"https:\\\/\\\/candas365.es\\\/noticias\",\"nextItem\":{\"@type\":\"ListItem\",\"@id\":\"https:\\\/\\\/candas365.es\\\/noticias\\\/category\\\/deporte\\\/#listItem\",\"name\":\"Deporte\"}},{\"@type\":\"ListItem\",\"@id\":\"https:\\\/\\\/candas365.es\\\/noticias\\\/category\\\/deporte\\\/#listItem\",\"position\":2,\"name\":\"Deporte\",\"item\":\"https:\\\/\\\/candas365.es\\\/noticias\\\/category\\\/deporte\\\/\",\"nextItem\":{\"@type\":\"ListItem\",\"@id\":\"https:\\\/\\\/candas365.es\\\/noticias\\\/eurocopa-2008-la-noche-que-cambio-al-futbol-espanol\\\/#listItem\",\"name\":\"Eurocopa 2008: la noche que cambi\\u00f3 al f\\u00fatbol espa\\u00f1ol\"},\"previousItem\":{\"@type\":\"ListItem\",\"@id\":\"https:\\\/\\\/candas365.es\\\/noticias#listItem\",\"name\":\"Home\"}},{\"@type\":\"ListItem\",\"@id\":\"https:\\\/\\\/candas365.es\\\/noticias\\\/eurocopa-2008-la-noche-que-cambio-al-futbol-espanol\\\/#listItem\",\"position\":3,\"name\":\"Eurocopa 2008: la noche que cambi\\u00f3 al f\\u00fatbol espa\\u00f1ol\",\"previousItem\":{\"@type\":\"ListItem\",\"@id\":\"https:\\\/\\\/candas365.es\\\/noticias\\\/category\\\/deporte\\\/#listItem\",\"name\":\"Deporte\"}}]},{\"@type\":\"NewsArticle\",\"@id\":\"https:\\\/\\\/candas365.es\\\/noticias\\\/eurocopa-2008-la-noche-que-cambio-al-futbol-espanol\\\/#newsarticle\",\"name\":\"Eurocopa 2008: la noche que cambi\\u00f3 al f\\u00fatbol espa\\u00f1ol | Cand\\u00e1s 365\",\"headline\":\"Eurocopa 2008: la noche que cambi\\u00f3 al f\\u00fatbol espa\\u00f1ol\",\"author\":{\"@id\":\"https:\\\/\\\/candas365.es\\\/noticias\\\/author\\\/admin\\\/#author\"},\"publisher\":{\"@id\":\"https:\\\/\\\/candas365.es\\\/noticias\\\/#organization\"},\"image\":{\"@type\":\"ImageObject\",\"url\":\"https:\\\/\\\/candas365.es\\\/noticias\\\/wp-content\\\/uploads\\\/2026\\\/02\\\/Eurocopa-2008-la-noche-que-cambio-al-futbol-espanol.jpg\",\"width\":1224,\"height\":812,\"caption\":\"Foto: 123rf.com\"},\"datePublished\":\"2026-02-19T07:10:59+01:00\",\"dateModified\":\"2026-02-19T07:10:59+01:00\",\"inLanguage\":\"es-ES\",\"mainEntityOfPage\":{\"@id\":\"https:\\\/\\\/candas365.es\\\/noticias\\\/eurocopa-2008-la-noche-que-cambio-al-futbol-espanol\\\/#webpage\"},\"isPartOf\":{\"@id\":\"https:\\\/\\\/candas365.es\\\/noticias\\\/eurocopa-2008-la-noche-que-cambio-al-futbol-espanol\\\/#webpage\"},\"articleSection\":\"Deporte, f\\u00fatbol\",\"dateline\":\"Publicado el febrero 19, 2026.\"},{\"@type\":\"Organization\",\"@id\":\"https:\\\/\\\/candas365.es\\\/noticias\\\/#organization\",\"name\":\"Cand\\u00e1s 365\",\"description\":\"Cand\\u00e1s 365 es un diario digital independiente, fundado en 2012, con base en Asturias. Informamos con rigor sobre actualidad, sociedad, cultura y ocio, con una mirada local y global.\",\"url\":\"https:\\\/\\\/candas365.es\\\/noticias\\\/\",\"email\":\"info@candas365.es\",\"telephone\":\"+34652131393\",\"foundingDate\":\"2012-06-10\",\"logo\":{\"@type\":\"ImageObject\",\"url\":\"https:\\\/\\\/candas365.es\\\/noticias\\\/wp-content\\\/uploads\\\/2024\\\/09\\\/Candas-365-Redes.jpg\",\"@id\":\"https:\\\/\\\/candas365.es\\\/noticias\\\/eurocopa-2008-la-noche-que-cambio-al-futbol-espanol\\\/#organizationLogo\",\"width\":1152,\"height\":864,\"caption\":\"Cand\\u00e1s 365 Redes\"},\"image\":{\"@id\":\"https:\\\/\\\/candas365.es\\\/noticias\\\/eurocopa-2008-la-noche-que-cambio-al-futbol-espanol\\\/#organizationLogo\"},\"sameAs\":[\"https:\\\/\\\/www.facebook.com\\\/Nachofdezber\",\"https:\\\/\\\/x.com\\\/NabercoDigital\",\"https:\\\/\\\/www.instagram.com\\\/nachofdezber\\\/\",\"https:\\\/\\\/www.youtube.com\\\/channel\\\/UCZP-2wLEB9Rv6erhFmqVnvg\"],\"address\":{\"@id\":\"https:\\\/\\\/candas365.es\\\/noticias\\\/#postaladdress\",\"@type\":\"PostalAddress\",\"streetAddress\":\"san antonio 4, san antonio 4\",\"postalCode\":\"33430\",\"addressLocality\":\"Cand\\u00e1s\",\"addressRegion\":\"Asturias\",\"addressCountry\":\"ES\"}},{\"@type\":\"Person\",\"@id\":\"https:\\\/\\\/candas365.es\\\/noticias\\\/author\\\/admin\\\/#author\",\"url\":\"https:\\\/\\\/candas365.es\\\/noticias\\\/author\\\/admin\\\/\",\"name\":\"Cand\\u00e1s 365\",\"image\":{\"@type\":\"ImageObject\",\"@id\":\"https:\\\/\\\/candas365.es\\\/noticias\\\/eurocopa-2008-la-noche-que-cambio-al-futbol-espanol\\\/#authorImage\",\"url\":\"https:\\\/\\\/secure.gravatar.com\\\/avatar\\\/496a8e03d0c493ede1718b7934145dbdf8d89be1036b0eec9544e1094c9de390?s=96&d=mm&r=g\",\"width\":96,\"height\":96,\"caption\":\"Cand\\u00e1s 365\"},\"sameAs\":[\"https:\\\/\\\/www.facebook.com\\\/carrenoactualidad\",\"https:\\\/\\\/twitter.com\\\/nbasturias\",\"https:\\\/\\\/www.instagram.com\\\/nachofdezber\\\/\",\"https:\\\/\\\/www.youtube.com\\\/channel\\\/UCZP-2wLEB9Rv6erhFmqVnvg\"]},{\"@type\":\"WebPage\",\"@id\":\"https:\\\/\\\/candas365.es\\\/noticias\\\/eurocopa-2008-la-noche-que-cambio-al-futbol-espanol\\\/#webpage\",\"url\":\"https:\\\/\\\/candas365.es\\\/noticias\\\/eurocopa-2008-la-noche-que-cambio-al-futbol-espanol\\\/\",\"name\":\"Eurocopa 2008: la noche que cambi\\u00f3 al f\\u00fatbol espa\\u00f1ol | Cand\\u00e1s 365\",\"description\":\"La Eurocopa de 2008 marc\\u00f3 un giro cultural y deportivo en Espa\\u00f1a: del peso hist\\u00f3rico de los fracasos a una nueva identidad competitiva que redefini\\u00f3 al f\\u00fatbol\",\"inLanguage\":\"es-ES\",\"isPartOf\":{\"@id\":\"https:\\\/\\\/candas365.es\\\/noticias\\\/#website\"},\"breadcrumb\":{\"@id\":\"https:\\\/\\\/candas365.es\\\/noticias\\\/eurocopa-2008-la-noche-que-cambio-al-futbol-espanol\\\/#breadcrumblist\"},\"author\":{\"@id\":\"https:\\\/\\\/candas365.es\\\/noticias\\\/author\\\/admin\\\/#author\"},\"creator\":{\"@id\":\"https:\\\/\\\/candas365.es\\\/noticias\\\/author\\\/admin\\\/#author\"},\"image\":{\"@type\":\"ImageObject\",\"url\":\"https:\\\/\\\/candas365.es\\\/noticias\\\/wp-content\\\/uploads\\\/2026\\\/02\\\/Eurocopa-2008-la-noche-que-cambio-al-futbol-espanol.jpg\",\"@id\":\"https:\\\/\\\/candas365.es\\\/noticias\\\/eurocopa-2008-la-noche-que-cambio-al-futbol-espanol\\\/#mainImage\",\"width\":1224,\"height\":812,\"caption\":\"Foto: 123rf.com\"},\"primaryImageOfPage\":{\"@id\":\"https:\\\/\\\/candas365.es\\\/noticias\\\/eurocopa-2008-la-noche-que-cambio-al-futbol-espanol\\\/#mainImage\"},\"datePublished\":\"2026-02-19T07:10:59+01:00\",\"dateModified\":\"2026-02-19T07:10:59+01:00\"},{\"@type\":\"WebSite\",\"@id\":\"https:\\\/\\\/candas365.es\\\/noticias\\\/#website\",\"url\":\"https:\\\/\\\/candas365.es\\\/noticias\\\/\",\"name\":\"Cand\\u00e1s 365\",\"alternateName\":\"Cand\\u00e1s 365 Noticias\",\"description\":\"Actualidad desde Carre\\u00f1o para el mundo\",\"inLanguage\":\"es-ES\",\"publisher\":{\"@id\":\"https:\\\/\\\/candas365.es\\\/noticias\\\/#organization\"}}]}\n\t\t<\/script>\n\t\t<!-- All in One SEO Pro -->\r\n\t\t<title>Eurocopa 2008: la noche que cambi\u00f3 al f\u00fatbol espa\u00f1ol | Cand\u00e1s 365<\/title>\n\n","aioseo_head_json":{"title":"Eurocopa 2008: la noche que cambi\u00f3 al f\u00fatbol espa\u00f1ol | Cand\u00e1s 365","description":"La Eurocopa de 2008 marc\u00f3 un giro cultural y deportivo en Espa\u00f1a: del peso hist\u00f3rico de los fracasos a una nueva identidad competitiva que redefini\u00f3 al f\u00fatbol","canonical_url":"https:\/\/candas365.es\/noticias\/eurocopa-2008-la-noche-que-cambio-al-futbol-espanol\/","robots":"max-image-preview:large","keywords":"deporte","webmasterTools":{"google-site-verification":"UA-32230408-1","msvalidate.01":"354F3CDFB2DA171B47FBE9ABF1F88D5","miscellaneous":""},"schema":{"@context":"https:\/\/schema.org","@graph":[{"@type":"BreadcrumbList","@id":"https:\/\/candas365.es\/noticias\/eurocopa-2008-la-noche-que-cambio-al-futbol-espanol\/#breadcrumblist","itemListElement":[{"@type":"ListItem","@id":"https:\/\/candas365.es\/noticias#listItem","position":1,"name":"Home","item":"https:\/\/candas365.es\/noticias","nextItem":{"@type":"ListItem","@id":"https:\/\/candas365.es\/noticias\/category\/deporte\/#listItem","name":"Deporte"}},{"@type":"ListItem","@id":"https:\/\/candas365.es\/noticias\/category\/deporte\/#listItem","position":2,"name":"Deporte","item":"https:\/\/candas365.es\/noticias\/category\/deporte\/","nextItem":{"@type":"ListItem","@id":"https:\/\/candas365.es\/noticias\/eurocopa-2008-la-noche-que-cambio-al-futbol-espanol\/#listItem","name":"Eurocopa 2008: la noche que cambi\u00f3 al f\u00fatbol espa\u00f1ol"},"previousItem":{"@type":"ListItem","@id":"https:\/\/candas365.es\/noticias#listItem","name":"Home"}},{"@type":"ListItem","@id":"https:\/\/candas365.es\/noticias\/eurocopa-2008-la-noche-que-cambio-al-futbol-espanol\/#listItem","position":3,"name":"Eurocopa 2008: la noche que cambi\u00f3 al f\u00fatbol espa\u00f1ol","previousItem":{"@type":"ListItem","@id":"https:\/\/candas365.es\/noticias\/category\/deporte\/#listItem","name":"Deporte"}}]},{"@type":"NewsArticle","@id":"https:\/\/candas365.es\/noticias\/eurocopa-2008-la-noche-que-cambio-al-futbol-espanol\/#newsarticle","name":"Eurocopa 2008: la noche que cambi\u00f3 al f\u00fatbol espa\u00f1ol | Cand\u00e1s 365","headline":"Eurocopa 2008: la noche que cambi\u00f3 al f\u00fatbol espa\u00f1ol","author":{"@id":"https:\/\/candas365.es\/noticias\/author\/admin\/#author"},"publisher":{"@id":"https:\/\/candas365.es\/noticias\/#organization"},"image":{"@type":"ImageObject","url":"https:\/\/candas365.es\/noticias\/wp-content\/uploads\/2026\/02\/Eurocopa-2008-la-noche-que-cambio-al-futbol-espanol.jpg","width":1224,"height":812,"caption":"Foto: 123rf.com"},"datePublished":"2026-02-19T07:10:59+01:00","dateModified":"2026-02-19T07:10:59+01:00","inLanguage":"es-ES","mainEntityOfPage":{"@id":"https:\/\/candas365.es\/noticias\/eurocopa-2008-la-noche-que-cambio-al-futbol-espanol\/#webpage"},"isPartOf":{"@id":"https:\/\/candas365.es\/noticias\/eurocopa-2008-la-noche-que-cambio-al-futbol-espanol\/#webpage"},"articleSection":"Deporte, f\u00fatbol","dateline":"Publicado el febrero 19, 2026."},{"@type":"Organization","@id":"https:\/\/candas365.es\/noticias\/#organization","name":"Cand\u00e1s 365","description":"Cand\u00e1s 365 es un diario digital independiente, fundado en 2012, con base en Asturias. Informamos con rigor sobre actualidad, sociedad, cultura y ocio, con una mirada local y global.","url":"https:\/\/candas365.es\/noticias\/","email":"info@candas365.es","telephone":"+34652131393","foundingDate":"2012-06-10","logo":{"@type":"ImageObject","url":"https:\/\/candas365.es\/noticias\/wp-content\/uploads\/2024\/09\/Candas-365-Redes.jpg","@id":"https:\/\/candas365.es\/noticias\/eurocopa-2008-la-noche-que-cambio-al-futbol-espanol\/#organizationLogo","width":1152,"height":864,"caption":"Cand\u00e1s 365 Redes"},"image":{"@id":"https:\/\/candas365.es\/noticias\/eurocopa-2008-la-noche-que-cambio-al-futbol-espanol\/#organizationLogo"},"sameAs":["https:\/\/www.facebook.com\/Nachofdezber","https:\/\/x.com\/NabercoDigital","https:\/\/www.instagram.com\/nachofdezber\/","https:\/\/www.youtube.com\/channel\/UCZP-2wLEB9Rv6erhFmqVnvg"],"address":{"@id":"https:\/\/candas365.es\/noticias\/#postaladdress","@type":"PostalAddress","streetAddress":"san antonio 4, san antonio 4","postalCode":"33430","addressLocality":"Cand\u00e1s","addressRegion":"Asturias","addressCountry":"ES"}},{"@type":"Person","@id":"https:\/\/candas365.es\/noticias\/author\/admin\/#author","url":"https:\/\/candas365.es\/noticias\/author\/admin\/","name":"Cand\u00e1s 365","image":{"@type":"ImageObject","@id":"https:\/\/candas365.es\/noticias\/eurocopa-2008-la-noche-que-cambio-al-futbol-espanol\/#authorImage","url":"https:\/\/secure.gravatar.com\/avatar\/496a8e03d0c493ede1718b7934145dbdf8d89be1036b0eec9544e1094c9de390?s=96&d=mm&r=g","width":96,"height":96,"caption":"Cand\u00e1s 365"},"sameAs":["https:\/\/www.facebook.com\/carrenoactualidad","https:\/\/twitter.com\/nbasturias","https:\/\/www.instagram.com\/nachofdezber\/","https:\/\/www.youtube.com\/channel\/UCZP-2wLEB9Rv6erhFmqVnvg"]},{"@type":"WebPage","@id":"https:\/\/candas365.es\/noticias\/eurocopa-2008-la-noche-que-cambio-al-futbol-espanol\/#webpage","url":"https:\/\/candas365.es\/noticias\/eurocopa-2008-la-noche-que-cambio-al-futbol-espanol\/","name":"Eurocopa 2008: la noche que cambi\u00f3 al f\u00fatbol espa\u00f1ol | Cand\u00e1s 365","description":"La Eurocopa de 2008 marc\u00f3 un giro cultural y deportivo en Espa\u00f1a: del peso hist\u00f3rico de los fracasos a una nueva identidad competitiva que redefini\u00f3 al f\u00fatbol","inLanguage":"es-ES","isPartOf":{"@id":"https:\/\/candas365.es\/noticias\/#website"},"breadcrumb":{"@id":"https:\/\/candas365.es\/noticias\/eurocopa-2008-la-noche-que-cambio-al-futbol-espanol\/#breadcrumblist"},"author":{"@id":"https:\/\/candas365.es\/noticias\/author\/admin\/#author"},"creator":{"@id":"https:\/\/candas365.es\/noticias\/author\/admin\/#author"},"image":{"@type":"ImageObject","url":"https:\/\/candas365.es\/noticias\/wp-content\/uploads\/2026\/02\/Eurocopa-2008-la-noche-que-cambio-al-futbol-espanol.jpg","@id":"https:\/\/candas365.es\/noticias\/eurocopa-2008-la-noche-que-cambio-al-futbol-espanol\/#mainImage","width":1224,"height":812,"caption":"Foto: 123rf.com"},"primaryImageOfPage":{"@id":"https:\/\/candas365.es\/noticias\/eurocopa-2008-la-noche-que-cambio-al-futbol-espanol\/#mainImage"},"datePublished":"2026-02-19T07:10:59+01:00","dateModified":"2026-02-19T07:10:59+01:00"},{"@type":"WebSite","@id":"https:\/\/candas365.es\/noticias\/#website","url":"https:\/\/candas365.es\/noticias\/","name":"Cand\u00e1s 365","alternateName":"Cand\u00e1s 365 Noticias","description":"Actualidad desde Carre\u00f1o para el mundo","inLanguage":"es-ES","publisher":{"@id":"https:\/\/candas365.es\/noticias\/#organization"}}]},"og:locale":"es_ES","og:site_name":"Cand\u00e1s 365","og:type":"article","og:title":"Eurocopa 2008: la noche que cambi\u00f3 al f\u00fatbol espa\u00f1ol | Cand\u00e1s 365","og:description":"La Eurocopa de 2008 marc\u00f3 un giro cultural y deportivo en Espa\u00f1a: del peso hist\u00f3rico de los fracasos a una nueva identidad competitiva que redefini\u00f3 al f\u00fatbol","og:url":"https:\/\/candas365.es\/noticias\/eurocopa-2008-la-noche-que-cambio-al-futbol-espanol\/","og:image":"https:\/\/candas365.es\/noticias\/wp-content\/uploads\/2026\/02\/Eurocopa-2008-la-noche-que-cambio-al-futbol-espanol.jpg","og:image:secure_url":"https:\/\/candas365.es\/noticias\/wp-content\/uploads\/2026\/02\/Eurocopa-2008-la-noche-que-cambio-al-futbol-espanol.jpg","og:image:width":1224,"og:image:height":812,"article:published_time":"2026-02-19T06:10:59+00:00","article:modified_time":"2026-02-19T06:10:59+00:00","article:publisher":"https:\/\/www.facebook.com\/Nachofdezber","article:author":"https:\/\/www.facebook.com\/carrenoactualidad","twitter:card":"summary_large_image","twitter:site":"@NabercoDigital","twitter:title":"Eurocopa 2008: la noche que cambi\u00f3 al f\u00fatbol espa\u00f1ol | Cand\u00e1s 365","twitter:description":"La Eurocopa de 2008 marc\u00f3 un giro cultural y deportivo en Espa\u00f1a: del peso hist\u00f3rico de los fracasos a una nueva identidad competitiva que redefini\u00f3 al f\u00fatbol","twitter:creator":"@nbasturias","twitter:image":"https:\/\/candas365.es\/noticias\/wp-content\/uploads\/2026\/02\/Eurocopa-2008-la-noche-que-cambio-al-futbol-espanol.jpg","twitter:label1":"Escrito por","twitter:data1":"Cand\u00e1s 365","twitter:label2":"Tiempo de lectura estimado","twitter:data2":"3 minutos"},"aioseo_meta_data":{"post_id":"192146","title":null,"description":"La Eurocopa de 2008 marc\u00f3 un giro cultural y deportivo en Espa\u00f1a: del peso hist\u00f3rico de los fracasos a una nueva identidad competitiva que redefini\u00f3 al f\u00fatbol","keywords":null,"keyphrases":{"focus":{"keyphrase":"Eurocopa","score":78,"analysis":{"keyphraseInTitle":{"score":9,"maxScore":9,"error":0},"keyphraseInDescription":{"score":9,"maxScore":9,"error":0},"keyphraseLength":{"score":9,"maxScore":9,"error":0,"length":1},"keyphraseInURL":{"score":5,"maxScore":5,"error":0},"keyphraseInIntroduction":{"score":9,"maxScore":9,"error":0},"keyphraseInSubHeadings":{"score":3,"maxScore":9,"error":1},"keyphraseInImageAlt":{"score":9,"maxScore":9,"error":0},"keywordDensity":{"score":0,"type":"low","maxScore":9,"error":1}}},"additional":[{"keyphrase":"f\u00fatbol","score":80,"analysis":{"keyphraseInDescription":{"score":9,"maxScore":9,"error":0},"keyphraseLength":{"score":9,"maxScore":9,"error":0,"length":2},"keyphraseInIntroduction":{"score":9,"maxScore":9,"error":0},"keyphraseInImageAlt":{"score":9,"maxScore":9,"error":0},"keywordDensity":{"score":0,"type":"low","maxScore":9,"error":1}}}]},"primary_term":null,"canonical_url":null,"og_title":null,"og_description":null,"og_object_type":"default","og_image_type":"default","og_image_url":null,"og_image_width":null,"og_image_height":null,"og_image_custom_url":null,"og_image_custom_fields":null,"og_video":"","og_custom_url":null,"og_article_section":null,"og_article_tags":null,"twitter_use_og":false,"twitter_card":"default","twitter_image_type":"default","twitter_image_url":null,"twitter_image_custom_url":null,"twitter_image_custom_fields":null,"twitter_title":null,"twitter_description":null,"schema":{"blockGraphs":[],"customGraphs":[],"default":{"data":{"Article":[],"Course":[],"Dataset":[],"FAQPage":[],"Movie":[],"Person":[],"Product":[],"ProductReview":[],"Car":[],"Recipe":[],"Service":[],"SoftwareApplication":[],"WebPage":[]},"graphName":"Article","isEnabled":true},"graphs":[]},"schema_type":"default","schema_type_options":null,"pillar_content":false,"robots_default":true,"robots_noindex":false,"robots_noarchive":false,"robots_nosnippet":false,"robots_nofollow":false,"robots_noimageindex":false,"robots_noodp":false,"robots_notranslate":false,"robots_max_snippet":"-1","robots_max_videopreview":"-1","robots_max_imagepreview":"large","priority":null,"frequency":"default","location":null,"local_seo":null,"seo_analyzer_scan_date":"2026-02-19 06:11:37","breadcrumb_settings":null,"limit_modified_date":false,"reviewed_by":null,"open_ai":null,"ai":{"faqs":[],"keyPoints":[],"titles":[],"descriptions":[],"socialPosts":{"email":[],"linkedin":[],"twitter":[],"facebook":[],"instagram":[]}},"created":"2026-02-19 06:02:58","updated":"2026-02-19 06:13:27"},"aioseo_breadcrumb":"<div class=\"aioseo-breadcrumbs\"><span class=\"aioseo-breadcrumb\">\n\t<a href=\"https:\/\/candas365.es\/noticias\" title=\"Home\">Home<\/a>\n<\/span><span class=\"aioseo-breadcrumb-separator\">&ndash;<\/span><span class=\"aioseo-breadcrumb\">\n\t<a href=\"https:\/\/candas365.es\/noticias\/category\/deporte\/\" title=\"Deporte\">Deporte<\/a>\n<\/span><span class=\"aioseo-breadcrumb-separator\">&ndash;<\/span><span class=\"aioseo-breadcrumb\">\n\tEurocopa 2008: la noche que cambi\u00f3 al f\u00fatbol espa\u00f1ol\n<\/span><\/div>","aioseo_breadcrumb_json":[{"label":"Home","link":"https:\/\/candas365.es\/noticias"},{"label":"Deporte","link":"https:\/\/candas365.es\/noticias\/category\/deporte\/"},{"label":"Eurocopa 2008: la noche que cambi\u00f3 al f\u00fatbol espa\u00f1ol","link":"https:\/\/candas365.es\/noticias\/eurocopa-2008-la-noche-que-cambio-al-futbol-espanol\/"}],"_links":{"self":[{"href":"https:\/\/candas365.es\/noticias\/wp-json\/wp\/v2\/posts\/192146","targetHints":{"allow":["GET"]}}],"collection":[{"href":"https:\/\/candas365.es\/noticias\/wp-json\/wp\/v2\/posts"}],"about":[{"href":"https:\/\/candas365.es\/noticias\/wp-json\/wp\/v2\/types\/post"}],"author":[{"embeddable":true,"href":"https:\/\/candas365.es\/noticias\/wp-json\/wp\/v2\/users\/1"}],"replies":[{"embeddable":true,"href":"https:\/\/candas365.es\/noticias\/wp-json\/wp\/v2\/comments?post=192146"}],"version-history":[{"count":0,"href":"https:\/\/candas365.es\/noticias\/wp-json\/wp\/v2\/posts\/192146\/revisions"}],"wp:featuredmedia":[{"embeddable":true,"href":"https:\/\/candas365.es\/noticias\/wp-json\/wp\/v2\/media\/192147"}],"wp:attachment":[{"href":"https:\/\/candas365.es\/noticias\/wp-json\/wp\/v2\/media?parent=192146"}],"wp:term":[{"taxonomy":"category","embeddable":true,"href":"https:\/\/candas365.es\/noticias\/wp-json\/wp\/v2\/categories?post=192146"},{"taxonomy":"post_tag","embeddable":true,"href":"https:\/\/candas365.es\/noticias\/wp-json\/wp\/v2\/tags?post=192146"}],"curies":[{"name":"wp","href":"https:\/\/api.w.org\/{rel}","templated":true}]}}