{"id":192134,"date":"2026-02-19T05:59:50","date_gmt":"2026-02-19T04:59:50","guid":{"rendered":"https:\/\/candas365.es\/noticias\/?p=192134"},"modified":"2026-02-19T05:59:50","modified_gmt":"2026-02-19T04:59:50","slug":"como-las-crisis-cambiaron-la-vida-cotidiana","status":"publish","type":"post","link":"https:\/\/candas365.es\/noticias\/como-las-crisis-cambiaron-la-vida-cotidiana\/","title":{"rendered":"C\u00f3mo las crisis cambiaron la vida cotidiana"},"content":{"rendered":"<p data-start=\"310\" data-end=\"665\">Las <a href=\"https:\/\/candas365.es\/noticias\/category\/economia\/\"><span style=\"color: #ff6600;\"><strong>crisis econ\u00f3micas<\/strong><\/span><\/a> suelen narrarse en t\u00e9rminos macroecon\u00f3micos, pero su impacto m\u00e1s profundo se produce puertas adentro. Cambian la forma de comprar, de ahorrar, de planificar el futuro e incluso de relacionarse con el trabajo. Con el tiempo, muchas de esas transformaciones dejan de percibirse como excepcionales y pasan a integrarse en la normalidad.<\/p>\n<figure id=\"attachment_192135\" aria-describedby=\"caption-attachment-192135\" style=\"width: 650px\" class=\"wp-caption aligncenter\"><img fetchpriority=\"high\" decoding=\"async\" class=\"size-large wp-image-192135\" src=\"https:\/\/candas365.es\/noticias\/wp-content\/uploads\/2026\/02\/Como-las-crisis-cambiaron-la-vida-cotidiana-650x431.jpg\" alt=\"C\u00f3mo las crisis cambiaron la vida cotidiana\" width=\"650\" height=\"431\" srcset=\"https:\/\/candas365.es\/noticias\/wp-content\/uploads\/2026\/02\/Como-las-crisis-cambiaron-la-vida-cotidiana-650x431.jpg 650w, https:\/\/candas365.es\/noticias\/wp-content\/uploads\/2026\/02\/Como-las-crisis-cambiaron-la-vida-cotidiana-360x239.jpg 360w, https:\/\/candas365.es\/noticias\/wp-content\/uploads\/2026\/02\/Como-las-crisis-cambiaron-la-vida-cotidiana-768x509.jpg 768w, https:\/\/candas365.es\/noticias\/wp-content\/uploads\/2026\/02\/Como-las-crisis-cambiaron-la-vida-cotidiana-150x99.jpg 150w, https:\/\/candas365.es\/noticias\/wp-content\/uploads\/2026\/02\/Como-las-crisis-cambiaron-la-vida-cotidiana-450x298.jpg 450w, https:\/\/candas365.es\/noticias\/wp-content\/uploads\/2026\/02\/Como-las-crisis-cambiaron-la-vida-cotidiana-1200x795.jpg 1200w, https:\/\/candas365.es\/noticias\/wp-content\/uploads\/2026\/02\/Como-las-crisis-cambiaron-la-vida-cotidiana.jpg 1234w\" sizes=\"(max-width: 650px) 100vw, 650px\" \/><figcaption id=\"caption-attachment-192135\" class=\"wp-caption-text\">Foto: 123rf.com<\/figcaption><\/figure>\n<p data-start=\"667\" data-end=\"970\">A lo largo de las \u00faltimas d\u00e9cadas, distintos ciclos de recesi\u00f3n han alterado decisiones cotidianas que parec\u00edan consolidadas. No se trata solo de ajustes temporales. En muchos casos, las modificaciones persisten incluso cuando la econom\u00eda vuelve a crecer. La experiencia de la incertidumbre deja huella.<\/p>\n<h2 data-start=\"972\" data-end=\"1004\">El consumo despu\u00e9s del ajuste<\/h2>\n<p data-start=\"1006\" data-end=\"1412\">Uno de los cambios m\u00e1s visibles tras una crisis econ\u00f3mica es la transformaci\u00f3n del consumo. Las familias tienden a revisar gastos fijos, comparar precios con mayor detenimiento y posponer compras consideradas prescindibles. Aparecen o se consolidan pr\u00e1cticas que antes eran minoritarias: mayor atenci\u00f3n a las ofertas, recuperaci\u00f3n de productos de segunda mano, reparaci\u00f3n en lugar de sustituci\u00f3n inmediata.<\/p>\n<p data-start=\"1414\" data-end=\"1691\">La cultura del ahorro gana protagonismo, no siempre por convicci\u00f3n ideol\u00f3gica, sino por necesidad pr\u00e1ctica. Esa disciplina aprendida en momentos de dificultad suele mantenerse en parte cuando la situaci\u00f3n mejora. Se instala una prudencia que modifica la relaci\u00f3n con el dinero.<\/p>\n<p data-start=\"1693\" data-end=\"1997\">Tambi\u00e9n cambian las prioridades. El gasto se orienta hacia aquello que se percibe como esencial o duradero. Las decisiones dejan de responder \u00fanicamente al impulso o a la novedad y pasan por un filtro m\u00e1s racional. Este comportamiento no es uniforme, pero s\u00ed recurrente en distintos contextos hist\u00f3ricos.<\/p>\n<p data-start=\"1999\" data-end=\"2274\">El comercio se adapta a ese nuevo perfil de consumidor. Se ampl\u00eda la oferta de formatos m\u00e1s ajustados, proliferan las marcas propias y crecen los modelos de suscripci\u00f3n o pago fraccionado. No es solo una reacci\u00f3n empresarial; es una respuesta a un cambio cultural m\u00e1s amplio.<\/p>\n<h2 data-start=\"2276\" data-end=\"2329\">Trabajo e incertidumbre como experiencia colectiva<\/h2>\n<p data-start=\"2331\" data-end=\"2658\">Las crisis no solo afectan a lo que se compra, sino a c\u00f3mo se concibe el trabajo. La <a href=\"https:\/\/eldigitaldeasturias.com\/radio\/category\/negocios\/\" target=\"_blank\" rel=\"noopener\"><span style=\"color: #ff6600;\"><strong>estabilidad laboral<\/strong><\/span><\/a>, que en determinados periodos se dio por supuesta, se vuelve fr\u00e1gil. La posibilidad de perder el empleo o de ver reducidos los ingresos modifica decisiones personales: desde la emancipaci\u00f3n hasta la planificaci\u00f3n familiar.<\/p>\n<p data-start=\"2660\" data-end=\"2953\">En este contexto, la formaci\u00f3n continua adquiere mayor relevancia. Muchas personas buscan diversificar habilidades o actualizar conocimientos para ampliar oportunidades. La idea de aprendizaje permanente, hoy extendida, ha estado vinculada en buena medida a entornos de cambio e incertidumbre.<\/p>\n<p data-start=\"2955\" data-end=\"3252\">El teletrabajo, la flexibilizaci\u00f3n de horarios o la proliferaci\u00f3n de ocupaciones por proyecto no nacen exclusivamente de las crisis, pero encuentran en ellas un terreno propicio para acelerarse. Cuando las empresas necesitan ajustar estructuras, surgen f\u00f3rmulas organizativas que luego permanecen.<\/p>\n<p data-start=\"3254\" data-end=\"3530\">A nivel dom\u00e9stico, la conversaci\u00f3n sobre el dinero se vuelve m\u00e1s expl\u00edcita. Presupuestos familiares, previsi\u00f3n de gastos y planificaci\u00f3n a medio plazo pasan a ocupar un lugar central. En muchos hogares, esta reorganizaci\u00f3n supone una redefinici\u00f3n de roles y responsabilidades.<\/p>\n<h1 data-start=\"3532\" data-end=\"3575\">Cambios que se integran en la normalidad<\/h1>\n<p data-start=\"3577\" data-end=\"3876\">Con el paso del tiempo, lo que comenz\u00f3 como respuesta defensiva termina configurando nuevas rutinas. La preferencia por comparar antes de comprar, el uso habitual de herramientas digitales para controlar gastos o la cautela ante el endeudamiento forman parte de una cultura econ\u00f3mica m\u00e1s consciente.<\/p>\n<p data-start=\"3878\" data-end=\"4179\">No todas las transformaciones son visibles. Algunas se manifiestan en expectativas m\u00e1s moderadas respecto al crecimiento personal o profesional. Otras influyen en la percepci\u00f3n del riesgo: generaciones que han atravesado varias crisis tienden a valorar de forma distinta la estabilidad y la seguridad.<\/p>\n<p data-start=\"4181\" data-end=\"4453\">Las crisis econ\u00f3micas, en este sentido, funcionan como puntos de inflexi\u00f3n. No determinan por completo el comportamiento social, pero s\u00ed lo reorientan. Act\u00faan como recordatorios de la vulnerabilidad estructural de sistemas que, en \u00e9pocas de expansi\u00f3n, parecen inamovibles.<\/p>\n<p data-start=\"4455\" data-end=\"4770\">La vida cotidiana, que a menudo se presenta como un espacio ajeno a las grandes din\u00e1micas econ\u00f3micas, termina siendo su reflejo m\u00e1s fiel. En la despensa, en la agenda laboral o en la forma de proyectar el futuro se perciben esas huellas. Algunas se diluyen con los a\u00f1os; otras permanecen como aprendizaje acumulado.<\/p>\n","protected":false},"excerpt":{"rendered":"<p>Las crisis econ\u00f3micas suelen narrarse en t\u00e9rminos macroecon\u00f3micos, pero su impacto m\u00e1s profundo se produce puertas adentro. Cambian la forma de comprar, de ahorrar, de planificar el futuro e incluso de relacionarse con el trabajo. Con el tiempo, muchas de esas transformaciones dejan de percibirse como excepcionales y pasan a integrarse en la normalidad. A<\/p>\n","protected":false},"author":1,"featured_media":192135,"comment_status":"closed","ping_status":"closed","sticky":false,"template":"","format":"standard","meta":{"footnotes":""},"categories":[486],"tags":[437,422],"class_list":{"0":"post-192134","1":"post","2":"type-post","3":"status-publish","4":"format-standard","5":"has-post-thumbnail","7":"category-economia","8":"tag-economia","9":"tag-reportajes"},"aioseo_notices":[],"aioseo_head":"\n\t\t<!-- All in One SEO Pro 4.9.6.2 - aioseo.com -->\n\t<meta name=\"description\" content=\"Las crisis econ\u00f3micas suelen narrarse en t\u00e9rminos macroecon\u00f3micos, pero su impacto m\u00e1s profundo se produce puertas adentro. Cambian la forma\" \/>\n\t<meta name=\"robots\" content=\"max-image-preview:large\" \/>\n\t<meta name=\"author\" content=\"Cand\u00e1s 365\"\/>\n\t<meta name=\"google-site-verification\" content=\"UA-32230408-1\" \/>\n\t<meta name=\"msvalidate.01\" content=\"354F3CDFB2DA171B47FBE9ABF1F88D5\" \/>\n\t<meta name=\"keywords\" content=\"econom\u00eda\" \/>\n\t<link rel=\"canonical\" href=\"https:\/\/candas365.es\/noticias\/como-las-crisis-cambiaron-la-vida-cotidiana\/\" \/>\n\t<meta name=\"generator\" content=\"All in One SEO Pro (AIOSEO) 4.9.6.2\" \/>\n\t\t<meta property=\"og:locale\" content=\"es_ES\" \/>\n\t\t<meta property=\"og:site_name\" content=\"Cand\u00e1s 365\" \/>\n\t\t<meta property=\"og:type\" content=\"article\" \/>\n\t\t<meta property=\"og:title\" content=\"C\u00f3mo las crisis cambiaron la vida cotidiana | Cand\u00e1s 365\" \/>\n\t\t<meta property=\"og:description\" content=\"Las crisis econ\u00f3micas suelen narrarse en t\u00e9rminos macroecon\u00f3micos, pero su impacto m\u00e1s profundo se produce puertas adentro. Cambian la forma\" \/>\n\t\t<meta property=\"og:url\" content=\"https:\/\/candas365.es\/noticias\/como-las-crisis-cambiaron-la-vida-cotidiana\/\" \/>\n\t\t<meta property=\"og:image\" content=\"https:\/\/candas365.es\/noticias\/wp-content\/uploads\/2026\/02\/Como-las-crisis-cambiaron-la-vida-cotidiana.jpg\" \/>\n\t\t<meta property=\"og:image:secure_url\" content=\"https:\/\/candas365.es\/noticias\/wp-content\/uploads\/2026\/02\/Como-las-crisis-cambiaron-la-vida-cotidiana.jpg\" \/>\n\t\t<meta property=\"og:image:width\" content=\"1234\" \/>\n\t\t<meta property=\"og:image:height\" content=\"818\" \/>\n\t\t<meta property=\"article:published_time\" content=\"2026-02-19T04:59:50+00:00\" \/>\n\t\t<meta property=\"article:modified_time\" content=\"2026-02-19T04:59:50+00:00\" \/>\n\t\t<meta property=\"article:publisher\" content=\"https:\/\/www.facebook.com\/Nachofdezber\" \/>\n\t\t<meta property=\"article:author\" content=\"https:\/\/www.facebook.com\/carrenoactualidad\" \/>\n\t\t<meta name=\"twitter:card\" content=\"summary_large_image\" \/>\n\t\t<meta name=\"twitter:site\" content=\"@NabercoDigital\" \/>\n\t\t<meta name=\"twitter:title\" content=\"C\u00f3mo las crisis cambiaron la vida cotidiana | Cand\u00e1s 365\" \/>\n\t\t<meta name=\"twitter:description\" content=\"Las crisis econ\u00f3micas suelen narrarse en t\u00e9rminos macroecon\u00f3micos, pero su impacto m\u00e1s profundo se produce puertas adentro. Cambian la forma\" \/>\n\t\t<meta name=\"twitter:creator\" content=\"@nbasturias\" \/>\n\t\t<meta name=\"twitter:image\" content=\"https:\/\/candas365.es\/noticias\/wp-content\/uploads\/2026\/02\/Como-las-crisis-cambiaron-la-vida-cotidiana.jpg\" \/>\n\t\t<meta name=\"twitter:label1\" content=\"Escrito por\" \/>\n\t\t<meta name=\"twitter:data1\" content=\"Cand\u00e1s 365\" \/>\n\t\t<meta name=\"twitter:label2\" content=\"Tiempo de lectura estimado\" \/>\n\t\t<meta name=\"twitter:data2\" content=\"4 minutos\" \/>\n\t\t<script type=\"application\/ld+json\" class=\"aioseo-schema\">\n\t\t\t{\"@context\":\"https:\\\/\\\/schema.org\",\"@graph\":[{\"@type\":\"BreadcrumbList\",\"@id\":\"https:\\\/\\\/candas365.es\\\/noticias\\\/como-las-crisis-cambiaron-la-vida-cotidiana\\\/#breadcrumblist\",\"itemListElement\":[{\"@type\":\"ListItem\",\"@id\":\"https:\\\/\\\/candas365.es\\\/noticias#listItem\",\"position\":1,\"name\":\"Home\",\"item\":\"https:\\\/\\\/candas365.es\\\/noticias\",\"nextItem\":{\"@type\":\"ListItem\",\"@id\":\"https:\\\/\\\/candas365.es\\\/noticias\\\/category\\\/economia\\\/#listItem\",\"name\":\"Econom\\u00eda\"}},{\"@type\":\"ListItem\",\"@id\":\"https:\\\/\\\/candas365.es\\\/noticias\\\/category\\\/economia\\\/#listItem\",\"position\":2,\"name\":\"Econom\\u00eda\",\"item\":\"https:\\\/\\\/candas365.es\\\/noticias\\\/category\\\/economia\\\/\",\"nextItem\":{\"@type\":\"ListItem\",\"@id\":\"https:\\\/\\\/candas365.es\\\/noticias\\\/como-las-crisis-cambiaron-la-vida-cotidiana\\\/#listItem\",\"name\":\"C\\u00f3mo las crisis cambiaron la vida cotidiana\"},\"previousItem\":{\"@type\":\"ListItem\",\"@id\":\"https:\\\/\\\/candas365.es\\\/noticias#listItem\",\"name\":\"Home\"}},{\"@type\":\"ListItem\",\"@id\":\"https:\\\/\\\/candas365.es\\\/noticias\\\/como-las-crisis-cambiaron-la-vida-cotidiana\\\/#listItem\",\"position\":3,\"name\":\"C\\u00f3mo las crisis cambiaron la vida cotidiana\",\"previousItem\":{\"@type\":\"ListItem\",\"@id\":\"https:\\\/\\\/candas365.es\\\/noticias\\\/category\\\/economia\\\/#listItem\",\"name\":\"Econom\\u00eda\"}}]},{\"@type\":\"NewsArticle\",\"@id\":\"https:\\\/\\\/candas365.es\\\/noticias\\\/como-las-crisis-cambiaron-la-vida-cotidiana\\\/#newsarticle\",\"name\":\"C\\u00f3mo las crisis cambiaron la vida cotidiana | Cand\\u00e1s 365\",\"headline\":\"C\\u00f3mo las crisis cambiaron la vida cotidiana\",\"author\":{\"@id\":\"https:\\\/\\\/candas365.es\\\/noticias\\\/author\\\/admin\\\/#author\"},\"publisher\":{\"@id\":\"https:\\\/\\\/candas365.es\\\/noticias\\\/#organization\"},\"image\":{\"@type\":\"ImageObject\",\"url\":\"https:\\\/\\\/candas365.es\\\/noticias\\\/wp-content\\\/uploads\\\/2026\\\/02\\\/Como-las-crisis-cambiaron-la-vida-cotidiana.jpg\",\"width\":1234,\"height\":818,\"caption\":\"Foto: 123rf.com\"},\"datePublished\":\"2026-02-19T05:59:50+01:00\",\"dateModified\":\"2026-02-19T05:59:50+01:00\",\"inLanguage\":\"es-ES\",\"mainEntityOfPage\":{\"@id\":\"https:\\\/\\\/candas365.es\\\/noticias\\\/como-las-crisis-cambiaron-la-vida-cotidiana\\\/#webpage\"},\"isPartOf\":{\"@id\":\"https:\\\/\\\/candas365.es\\\/noticias\\\/como-las-crisis-cambiaron-la-vida-cotidiana\\\/#webpage\"},\"articleSection\":\"Econom\\u00eda, Econom\\u00eda, Reportajes\",\"dateline\":\"Publicado el febrero 19, 2026.\"},{\"@type\":\"Organization\",\"@id\":\"https:\\\/\\\/candas365.es\\\/noticias\\\/#organization\",\"name\":\"Cand\\u00e1s 365\",\"description\":\"Cand\\u00e1s 365 es un diario digital independiente, fundado en 2012, con base en Asturias. Informamos con rigor sobre actualidad, sociedad, cultura y ocio, con una mirada local y global.\",\"url\":\"https:\\\/\\\/candas365.es\\\/noticias\\\/\",\"email\":\"info@candas365.es\",\"telephone\":\"+34652131393\",\"foundingDate\":\"2012-06-10\",\"logo\":{\"@type\":\"ImageObject\",\"url\":\"https:\\\/\\\/candas365.es\\\/noticias\\\/wp-content\\\/uploads\\\/2024\\\/09\\\/Candas-365-Redes.jpg\",\"@id\":\"https:\\\/\\\/candas365.es\\\/noticias\\\/como-las-crisis-cambiaron-la-vida-cotidiana\\\/#organizationLogo\",\"width\":1152,\"height\":864,\"caption\":\"Cand\\u00e1s 365 Redes\"},\"image\":{\"@id\":\"https:\\\/\\\/candas365.es\\\/noticias\\\/como-las-crisis-cambiaron-la-vida-cotidiana\\\/#organizationLogo\"},\"sameAs\":[\"https:\\\/\\\/www.facebook.com\\\/Nachofdezber\",\"https:\\\/\\\/x.com\\\/NabercoDigital\",\"https:\\\/\\\/www.instagram.com\\\/nachofdezber\\\/\",\"https:\\\/\\\/www.youtube.com\\\/channel\\\/UCZP-2wLEB9Rv6erhFmqVnvg\"],\"address\":{\"@id\":\"https:\\\/\\\/candas365.es\\\/noticias\\\/#postaladdress\",\"@type\":\"PostalAddress\",\"streetAddress\":\"san antonio 4, san antonio 4\",\"postalCode\":\"33430\",\"addressLocality\":\"Cand\\u00e1s\",\"addressRegion\":\"Asturias\",\"addressCountry\":\"ES\"}},{\"@type\":\"Person\",\"@id\":\"https:\\\/\\\/candas365.es\\\/noticias\\\/author\\\/admin\\\/#author\",\"url\":\"https:\\\/\\\/candas365.es\\\/noticias\\\/author\\\/admin\\\/\",\"name\":\"Cand\\u00e1s 365\",\"image\":{\"@type\":\"ImageObject\",\"@id\":\"https:\\\/\\\/candas365.es\\\/noticias\\\/como-las-crisis-cambiaron-la-vida-cotidiana\\\/#authorImage\",\"url\":\"https:\\\/\\\/secure.gravatar.com\\\/avatar\\\/496a8e03d0c493ede1718b7934145dbdf8d89be1036b0eec9544e1094c9de390?s=96&d=mm&r=g\",\"width\":96,\"height\":96,\"caption\":\"Cand\\u00e1s 365\"},\"sameAs\":[\"https:\\\/\\\/www.facebook.com\\\/carrenoactualidad\",\"https:\\\/\\\/twitter.com\\\/nbasturias\",\"https:\\\/\\\/www.instagram.com\\\/nachofdezber\\\/\",\"https:\\\/\\\/www.youtube.com\\\/channel\\\/UCZP-2wLEB9Rv6erhFmqVnvg\"]},{\"@type\":\"WebPage\",\"@id\":\"https:\\\/\\\/candas365.es\\\/noticias\\\/como-las-crisis-cambiaron-la-vida-cotidiana\\\/#webpage\",\"url\":\"https:\\\/\\\/candas365.es\\\/noticias\\\/como-las-crisis-cambiaron-la-vida-cotidiana\\\/\",\"name\":\"C\\u00f3mo las crisis cambiaron la vida cotidiana | Cand\\u00e1s 365\",\"description\":\"Las crisis econ\\u00f3micas suelen narrarse en t\\u00e9rminos macroecon\\u00f3micos, pero su impacto m\\u00e1s profundo se produce puertas adentro. Cambian la forma\",\"inLanguage\":\"es-ES\",\"isPartOf\":{\"@id\":\"https:\\\/\\\/candas365.es\\\/noticias\\\/#website\"},\"breadcrumb\":{\"@id\":\"https:\\\/\\\/candas365.es\\\/noticias\\\/como-las-crisis-cambiaron-la-vida-cotidiana\\\/#breadcrumblist\"},\"author\":{\"@id\":\"https:\\\/\\\/candas365.es\\\/noticias\\\/author\\\/admin\\\/#author\"},\"creator\":{\"@id\":\"https:\\\/\\\/candas365.es\\\/noticias\\\/author\\\/admin\\\/#author\"},\"image\":{\"@type\":\"ImageObject\",\"url\":\"https:\\\/\\\/candas365.es\\\/noticias\\\/wp-content\\\/uploads\\\/2026\\\/02\\\/Como-las-crisis-cambiaron-la-vida-cotidiana.jpg\",\"@id\":\"https:\\\/\\\/candas365.es\\\/noticias\\\/como-las-crisis-cambiaron-la-vida-cotidiana\\\/#mainImage\",\"width\":1234,\"height\":818,\"caption\":\"Foto: 123rf.com\"},\"primaryImageOfPage\":{\"@id\":\"https:\\\/\\\/candas365.es\\\/noticias\\\/como-las-crisis-cambiaron-la-vida-cotidiana\\\/#mainImage\"},\"datePublished\":\"2026-02-19T05:59:50+01:00\",\"dateModified\":\"2026-02-19T05:59:50+01:00\"},{\"@type\":\"WebSite\",\"@id\":\"https:\\\/\\\/candas365.es\\\/noticias\\\/#website\",\"url\":\"https:\\\/\\\/candas365.es\\\/noticias\\\/\",\"name\":\"Cand\\u00e1s 365\",\"alternateName\":\"Cand\\u00e1s 365 Noticias\",\"description\":\"Actualidad desde Carre\\u00f1o para el mundo\",\"inLanguage\":\"es-ES\",\"publisher\":{\"@id\":\"https:\\\/\\\/candas365.es\\\/noticias\\\/#organization\"}}]}\n\t\t<\/script>\n\t\t<!-- All in One SEO Pro -->\r\n\t\t<title>C\u00f3mo las crisis cambiaron la vida cotidiana | Cand\u00e1s 365<\/title>\n\n","aioseo_head_json":{"title":"C\u00f3mo las crisis cambiaron la vida cotidiana | Cand\u00e1s 365","description":"Las crisis econ\u00f3micas suelen narrarse en t\u00e9rminos macroecon\u00f3micos, pero su impacto m\u00e1s profundo se produce puertas adentro. Cambian la forma","canonical_url":"https:\/\/candas365.es\/noticias\/como-las-crisis-cambiaron-la-vida-cotidiana\/","robots":"max-image-preview:large","keywords":"econom\u00eda","webmasterTools":{"google-site-verification":"UA-32230408-1","msvalidate.01":"354F3CDFB2DA171B47FBE9ABF1F88D5","miscellaneous":""},"schema":{"@context":"https:\/\/schema.org","@graph":[{"@type":"BreadcrumbList","@id":"https:\/\/candas365.es\/noticias\/como-las-crisis-cambiaron-la-vida-cotidiana\/#breadcrumblist","itemListElement":[{"@type":"ListItem","@id":"https:\/\/candas365.es\/noticias#listItem","position":1,"name":"Home","item":"https:\/\/candas365.es\/noticias","nextItem":{"@type":"ListItem","@id":"https:\/\/candas365.es\/noticias\/category\/economia\/#listItem","name":"Econom\u00eda"}},{"@type":"ListItem","@id":"https:\/\/candas365.es\/noticias\/category\/economia\/#listItem","position":2,"name":"Econom\u00eda","item":"https:\/\/candas365.es\/noticias\/category\/economia\/","nextItem":{"@type":"ListItem","@id":"https:\/\/candas365.es\/noticias\/como-las-crisis-cambiaron-la-vida-cotidiana\/#listItem","name":"C\u00f3mo las crisis cambiaron la vida cotidiana"},"previousItem":{"@type":"ListItem","@id":"https:\/\/candas365.es\/noticias#listItem","name":"Home"}},{"@type":"ListItem","@id":"https:\/\/candas365.es\/noticias\/como-las-crisis-cambiaron-la-vida-cotidiana\/#listItem","position":3,"name":"C\u00f3mo las crisis cambiaron la vida cotidiana","previousItem":{"@type":"ListItem","@id":"https:\/\/candas365.es\/noticias\/category\/economia\/#listItem","name":"Econom\u00eda"}}]},{"@type":"NewsArticle","@id":"https:\/\/candas365.es\/noticias\/como-las-crisis-cambiaron-la-vida-cotidiana\/#newsarticle","name":"C\u00f3mo las crisis cambiaron la vida cotidiana | Cand\u00e1s 365","headline":"C\u00f3mo las crisis cambiaron la vida cotidiana","author":{"@id":"https:\/\/candas365.es\/noticias\/author\/admin\/#author"},"publisher":{"@id":"https:\/\/candas365.es\/noticias\/#organization"},"image":{"@type":"ImageObject","url":"https:\/\/candas365.es\/noticias\/wp-content\/uploads\/2026\/02\/Como-las-crisis-cambiaron-la-vida-cotidiana.jpg","width":1234,"height":818,"caption":"Foto: 123rf.com"},"datePublished":"2026-02-19T05:59:50+01:00","dateModified":"2026-02-19T05:59:50+01:00","inLanguage":"es-ES","mainEntityOfPage":{"@id":"https:\/\/candas365.es\/noticias\/como-las-crisis-cambiaron-la-vida-cotidiana\/#webpage"},"isPartOf":{"@id":"https:\/\/candas365.es\/noticias\/como-las-crisis-cambiaron-la-vida-cotidiana\/#webpage"},"articleSection":"Econom\u00eda, Econom\u00eda, Reportajes","dateline":"Publicado el febrero 19, 2026."},{"@type":"Organization","@id":"https:\/\/candas365.es\/noticias\/#organization","name":"Cand\u00e1s 365","description":"Cand\u00e1s 365 es un diario digital independiente, fundado en 2012, con base en Asturias. Informamos con rigor sobre actualidad, sociedad, cultura y ocio, con una mirada local y global.","url":"https:\/\/candas365.es\/noticias\/","email":"info@candas365.es","telephone":"+34652131393","foundingDate":"2012-06-10","logo":{"@type":"ImageObject","url":"https:\/\/candas365.es\/noticias\/wp-content\/uploads\/2024\/09\/Candas-365-Redes.jpg","@id":"https:\/\/candas365.es\/noticias\/como-las-crisis-cambiaron-la-vida-cotidiana\/#organizationLogo","width":1152,"height":864,"caption":"Cand\u00e1s 365 Redes"},"image":{"@id":"https:\/\/candas365.es\/noticias\/como-las-crisis-cambiaron-la-vida-cotidiana\/#organizationLogo"},"sameAs":["https:\/\/www.facebook.com\/Nachofdezber","https:\/\/x.com\/NabercoDigital","https:\/\/www.instagram.com\/nachofdezber\/","https:\/\/www.youtube.com\/channel\/UCZP-2wLEB9Rv6erhFmqVnvg"],"address":{"@id":"https:\/\/candas365.es\/noticias\/#postaladdress","@type":"PostalAddress","streetAddress":"san antonio 4, san antonio 4","postalCode":"33430","addressLocality":"Cand\u00e1s","addressRegion":"Asturias","addressCountry":"ES"}},{"@type":"Person","@id":"https:\/\/candas365.es\/noticias\/author\/admin\/#author","url":"https:\/\/candas365.es\/noticias\/author\/admin\/","name":"Cand\u00e1s 365","image":{"@type":"ImageObject","@id":"https:\/\/candas365.es\/noticias\/como-las-crisis-cambiaron-la-vida-cotidiana\/#authorImage","url":"https:\/\/secure.gravatar.com\/avatar\/496a8e03d0c493ede1718b7934145dbdf8d89be1036b0eec9544e1094c9de390?s=96&d=mm&r=g","width":96,"height":96,"caption":"Cand\u00e1s 365"},"sameAs":["https:\/\/www.facebook.com\/carrenoactualidad","https:\/\/twitter.com\/nbasturias","https:\/\/www.instagram.com\/nachofdezber\/","https:\/\/www.youtube.com\/channel\/UCZP-2wLEB9Rv6erhFmqVnvg"]},{"@type":"WebPage","@id":"https:\/\/candas365.es\/noticias\/como-las-crisis-cambiaron-la-vida-cotidiana\/#webpage","url":"https:\/\/candas365.es\/noticias\/como-las-crisis-cambiaron-la-vida-cotidiana\/","name":"C\u00f3mo las crisis cambiaron la vida cotidiana | Cand\u00e1s 365","description":"Las crisis econ\u00f3micas suelen narrarse en t\u00e9rminos macroecon\u00f3micos, pero su impacto m\u00e1s profundo se produce puertas adentro. Cambian la forma","inLanguage":"es-ES","isPartOf":{"@id":"https:\/\/candas365.es\/noticias\/#website"},"breadcrumb":{"@id":"https:\/\/candas365.es\/noticias\/como-las-crisis-cambiaron-la-vida-cotidiana\/#breadcrumblist"},"author":{"@id":"https:\/\/candas365.es\/noticias\/author\/admin\/#author"},"creator":{"@id":"https:\/\/candas365.es\/noticias\/author\/admin\/#author"},"image":{"@type":"ImageObject","url":"https:\/\/candas365.es\/noticias\/wp-content\/uploads\/2026\/02\/Como-las-crisis-cambiaron-la-vida-cotidiana.jpg","@id":"https:\/\/candas365.es\/noticias\/como-las-crisis-cambiaron-la-vida-cotidiana\/#mainImage","width":1234,"height":818,"caption":"Foto: 123rf.com"},"primaryImageOfPage":{"@id":"https:\/\/candas365.es\/noticias\/como-las-crisis-cambiaron-la-vida-cotidiana\/#mainImage"},"datePublished":"2026-02-19T05:59:50+01:00","dateModified":"2026-02-19T05:59:50+01:00"},{"@type":"WebSite","@id":"https:\/\/candas365.es\/noticias\/#website","url":"https:\/\/candas365.es\/noticias\/","name":"Cand\u00e1s 365","alternateName":"Cand\u00e1s 365 Noticias","description":"Actualidad desde Carre\u00f1o para el mundo","inLanguage":"es-ES","publisher":{"@id":"https:\/\/candas365.es\/noticias\/#organization"}}]},"og:locale":"es_ES","og:site_name":"Cand\u00e1s 365","og:type":"article","og:title":"C\u00f3mo las crisis cambiaron la vida cotidiana | Cand\u00e1s 365","og:description":"Las crisis econ\u00f3micas suelen narrarse en t\u00e9rminos macroecon\u00f3micos, pero su impacto m\u00e1s profundo se produce puertas adentro. Cambian la forma","og:url":"https:\/\/candas365.es\/noticias\/como-las-crisis-cambiaron-la-vida-cotidiana\/","og:image":"https:\/\/candas365.es\/noticias\/wp-content\/uploads\/2026\/02\/Como-las-crisis-cambiaron-la-vida-cotidiana.jpg","og:image:secure_url":"https:\/\/candas365.es\/noticias\/wp-content\/uploads\/2026\/02\/Como-las-crisis-cambiaron-la-vida-cotidiana.jpg","og:image:width":1234,"og:image:height":818,"article:published_time":"2026-02-19T04:59:50+00:00","article:modified_time":"2026-02-19T04:59:50+00:00","article:publisher":"https:\/\/www.facebook.com\/Nachofdezber","article:author":"https:\/\/www.facebook.com\/carrenoactualidad","twitter:card":"summary_large_image","twitter:site":"@NabercoDigital","twitter:title":"C\u00f3mo las crisis cambiaron la vida cotidiana | Cand\u00e1s 365","twitter:description":"Las crisis econ\u00f3micas suelen narrarse en t\u00e9rminos macroecon\u00f3micos, pero su impacto m\u00e1s profundo se produce puertas adentro. Cambian la forma","twitter:creator":"@nbasturias","twitter:image":"https:\/\/candas365.es\/noticias\/wp-content\/uploads\/2026\/02\/Como-las-crisis-cambiaron-la-vida-cotidiana.jpg","twitter:label1":"Escrito por","twitter:data1":"Cand\u00e1s 365","twitter:label2":"Tiempo de lectura estimado","twitter:data2":"4 minutos"},"aioseo_meta_data":{"post_id":"192134","title":null,"description":"Las crisis econ\u00f3micas suelen narrarse en t\u00e9rminos macroecon\u00f3micos, pero su impacto m\u00e1s profundo se produce puertas adentro. Cambian la forma","keywords":null,"keyphrases":{"focus":{"keyphrase":"crisis","score":91,"analysis":{"keyphraseInTitle":{"score":9,"maxScore":9,"error":0},"keyphraseInDescription":{"score":9,"maxScore":9,"error":0},"keyphraseLength":{"score":9,"maxScore":9,"error":0,"length":1},"keyphraseInURL":{"score":5,"maxScore":5,"error":0},"keyphraseInIntroduction":{"score":9,"maxScore":9,"error":0},"keyphraseInSubHeadings":{"score":3,"maxScore":9,"error":1},"keyphraseInImageAlt":{"score":9,"maxScore":9,"error":0},"keywordDensity":{"type":"best","score":9,"maxScore":9,"error":0}}},"additional":[{"keyphrase":"crisis econ\u00f3micas","score":80,"analysis":{"keyphraseInDescription":{"score":9,"maxScore":9,"error":0},"keyphraseLength":{"score":9,"maxScore":9,"error":0,"length":3},"keyphraseInIntroduction":{"score":9,"maxScore":9,"error":0},"keyphraseInImageAlt":{"score":9,"maxScore":9,"error":0},"keywordDensity":{"score":0,"type":"low","maxScore":9,"error":1}}}]},"primary_term":null,"canonical_url":null,"og_title":null,"og_description":null,"og_object_type":"default","og_image_type":"default","og_image_url":null,"og_image_width":null,"og_image_height":null,"og_image_custom_url":null,"og_image_custom_fields":null,"og_video":"","og_custom_url":null,"og_article_section":null,"og_article_tags":null,"twitter_use_og":false,"twitter_card":"default","twitter_image_type":"default","twitter_image_url":null,"twitter_image_custom_url":null,"twitter_image_custom_fields":null,"twitter_title":null,"twitter_description":null,"schema":{"blockGraphs":[],"customGraphs":[],"default":{"data":{"Article":[],"Course":[],"Dataset":[],"FAQPage":[],"Movie":[],"Person":[],"Product":[],"ProductReview":[],"Car":[],"Recipe":[],"Service":[],"SoftwareApplication":[],"WebPage":[]},"graphName":"Article","isEnabled":true},"graphs":[]},"schema_type":"default","schema_type_options":null,"pillar_content":false,"robots_default":true,"robots_noindex":false,"robots_noarchive":false,"robots_nosnippet":false,"robots_nofollow":false,"robots_noimageindex":false,"robots_noodp":false,"robots_notranslate":false,"robots_max_snippet":"-1","robots_max_videopreview":"-1","robots_max_imagepreview":"large","priority":null,"frequency":"default","location":null,"local_seo":null,"seo_analyzer_scan_date":"2026-02-19 05:12:46","breadcrumb_settings":null,"limit_modified_date":false,"reviewed_by":null,"open_ai":null,"ai":{"faqs":[],"keyPoints":[],"titles":[],"descriptions":[],"socialPosts":{"email":[],"linkedin":[],"twitter":[],"facebook":[],"instagram":[]}},"created":"2026-02-19 04:52:09","updated":"2026-02-19 05:12:46"},"aioseo_breadcrumb":"<div class=\"aioseo-breadcrumbs\"><span class=\"aioseo-breadcrumb\">\n\t<a href=\"https:\/\/candas365.es\/noticias\" title=\"Home\">Home<\/a>\n<\/span><span class=\"aioseo-breadcrumb-separator\">&ndash;<\/span><span class=\"aioseo-breadcrumb\">\n\t<a href=\"https:\/\/candas365.es\/noticias\/category\/economia\/\" title=\"Econom\u00eda\">Econom\u00eda<\/a>\n<\/span><span class=\"aioseo-breadcrumb-separator\">&ndash;<\/span><span class=\"aioseo-breadcrumb\">\n\tC\u00f3mo las crisis cambiaron la vida cotidiana\n<\/span><\/div>","aioseo_breadcrumb_json":[{"label":"Home","link":"https:\/\/candas365.es\/noticias"},{"label":"Econom\u00eda","link":"https:\/\/candas365.es\/noticias\/category\/economia\/"},{"label":"C\u00f3mo las crisis cambiaron la vida cotidiana","link":"https:\/\/candas365.es\/noticias\/como-las-crisis-cambiaron-la-vida-cotidiana\/"}],"_links":{"self":[{"href":"https:\/\/candas365.es\/noticias\/wp-json\/wp\/v2\/posts\/192134","targetHints":{"allow":["GET"]}}],"collection":[{"href":"https:\/\/candas365.es\/noticias\/wp-json\/wp\/v2\/posts"}],"about":[{"href":"https:\/\/candas365.es\/noticias\/wp-json\/wp\/v2\/types\/post"}],"author":[{"embeddable":true,"href":"https:\/\/candas365.es\/noticias\/wp-json\/wp\/v2\/users\/1"}],"replies":[{"embeddable":true,"href":"https:\/\/candas365.es\/noticias\/wp-json\/wp\/v2\/comments?post=192134"}],"version-history":[{"count":0,"href":"https:\/\/candas365.es\/noticias\/wp-json\/wp\/v2\/posts\/192134\/revisions"}],"wp:featuredmedia":[{"embeddable":true,"href":"https:\/\/candas365.es\/noticias\/wp-json\/wp\/v2\/media\/192135"}],"wp:attachment":[{"href":"https:\/\/candas365.es\/noticias\/wp-json\/wp\/v2\/media?parent=192134"}],"wp:term":[{"taxonomy":"category","embeddable":true,"href":"https:\/\/candas365.es\/noticias\/wp-json\/wp\/v2\/categories?post=192134"},{"taxonomy":"post_tag","embeddable":true,"href":"https:\/\/candas365.es\/noticias\/wp-json\/wp\/v2\/tags?post=192134"}],"curies":[{"name":"wp","href":"https:\/\/api.w.org\/{rel}","templated":true}]}}