{"id":192104,"date":"2026-02-18T16:12:10","date_gmt":"2026-02-18T15:12:10","guid":{"rendered":"https:\/\/candas365.es\/noticias\/?p=192104"},"modified":"2026-02-18T16:12:10","modified_gmt":"2026-02-18T15:12:10","slug":"cataluna-se-afianza-como-epicentro-tecnologico-global","status":"publish","type":"post","link":"https:\/\/candas365.es\/noticias\/cataluna-se-afianza-como-epicentro-tecnologico-global\/","title":{"rendered":"Catalu\u00f1a se afianza como epicentro tecnol\u00f3gico global"},"content":{"rendered":"<p>Seg\u00fan el informe Tech Hubs Overview 2026 de Mobile World Capital Barcelona, Catalu\u00f1a cuenta con 203 <a href=\"https:\/\/candas365.es\/noticias\/category\/canal-empresas\/\"><span style=\"color: #ff6600;\"><strong>hubs tecnol\u00f3gicos<\/strong><\/span><\/a> de multinacionales de pa\u00edses como Estados Unidos, Alemania, Francia, Suiza y Reino Unido.<\/p>\n<figure id=\"attachment_192105\" aria-describedby=\"caption-attachment-192105\" style=\"width: 650px\" class=\"wp-caption aligncenter\"><img fetchpriority=\"high\" decoding=\"async\" class=\"size-large wp-image-192105\" src=\"https:\/\/candas365.es\/noticias\/wp-content\/uploads\/2026\/02\/Cataluna-se-afianza-como-epicentro-tecnologico-global-650x349.jpg\" alt=\"Catalu\u00f1a se afianza como epicentro tecnol\u00f3gico global\" width=\"650\" height=\"349\" srcset=\"https:\/\/candas365.es\/noticias\/wp-content\/uploads\/2026\/02\/Cataluna-se-afianza-como-epicentro-tecnologico-global-650x349.jpg 650w, https:\/\/candas365.es\/noticias\/wp-content\/uploads\/2026\/02\/Cataluna-se-afianza-como-epicentro-tecnologico-global-360x193.jpg 360w, https:\/\/candas365.es\/noticias\/wp-content\/uploads\/2026\/02\/Cataluna-se-afianza-como-epicentro-tecnologico-global-768x412.jpg 768w, https:\/\/candas365.es\/noticias\/wp-content\/uploads\/2026\/02\/Cataluna-se-afianza-como-epicentro-tecnologico-global-150x80.jpg 150w, https:\/\/candas365.es\/noticias\/wp-content\/uploads\/2026\/02\/Cataluna-se-afianza-como-epicentro-tecnologico-global-450x241.jpg 450w, https:\/\/candas365.es\/noticias\/wp-content\/uploads\/2026\/02\/Cataluna-se-afianza-como-epicentro-tecnologico-global-1200x644.jpg 1200w, https:\/\/candas365.es\/noticias\/wp-content\/uploads\/2026\/02\/Cataluna-se-afianza-como-epicentro-tecnologico-global.jpg 1238w\" sizes=\"(max-width: 650px) 100vw, 650px\" \/><figcaption id=\"caption-attachment-192105\" class=\"wp-caption-text\">Foto: SERVIMEDIA<\/figcaption><\/figure>\n<p>Estos hubs generaron en 2025 un impacto econ\u00f3mico de 4.109 millones de euros y emplean actualmente a 46.080 profesionales. El sector salud ha sido protagonista en t\u00e9rminos de empleo, con la creaci\u00f3n de 1.392 nuevos puestos de trabajo en 2025, por delante de sectores como la consultor\u00eda y servicios empresariales (1.200) y los sistemas industriales (957).<\/p>\n<p>En este sentido, destaca la contribuci\u00f3n a la generaci\u00f3n de empleo del AstraZeneca Global Hub de Barcelona, dedicado al desarrollo de tratamientos innovadores. Este hub emplea a m\u00e1s de 1.600 personas, siendo solo superado por el hub de HP, que cuenta con 2.700 trabajadores.<\/p>\n<p>Estas cifras reafirman a Catalu\u00f1a como un polo de desarrollo de la salud digital y la biotecnolog\u00eda a nivel internacional. En 2025 se han incorporado nuevos hubs de este sector: el de Smith+Nephew, dedicado a la formaci\u00f3n quir\u00fargica avanzada y al desarrollo de soluciones tecnol\u00f3gicas MedTech; y el de dsm-firmenich, enfocado en la biociencia y la nutrici\u00f3n saludable. Estos se suman a los de empresas ya consolidadas como AstraZeneca, que en 2025 inaugur\u00f3 su nueva sede en el edificio Estel de Barcelona, Novartis, que cuenta con 6 Centros de Excelencia que emplean a m\u00e1s de 500 personas, Sanofi, B. Braun o Bayer.<\/p>\n<p>Por otro lado, el informe tambi\u00e9n subraya que los perfiles m\u00e1s presentes en los hubs tecnol\u00f3gicos de Catalu\u00f1a son ingenieros de software, especialistas en IT, consultores IT, analistas de datos y especialistas en inteligencia artificial (IA). Estos perfiles son clave para responder a las crecientes necesidades de los hubs, especialmente en sectores complejos como la salud. Tecnolog\u00edas como la IA, la rob\u00f3tica y la biotecnolog\u00eda est\u00e1n impulsando el desarrollo de soluciones de salud m\u00e1s precisas y personalizadas.<\/p>\n<p>(<a href=\"https:\/\/www.servimedia.es\/\" target=\"_blank\" rel=\"noopener\"><span style=\"color: #ff6600;\"><strong>SERVIMEDIA<\/strong><\/span><\/a>)<\/p>\n","protected":false},"excerpt":{"rendered":"<p>Seg\u00fan el informe Tech Hubs Overview 2026 de Mobile World Capital Barcelona, Catalu\u00f1a cuenta con 203 hubs tecnol\u00f3gicos de multinacionales de pa\u00edses como Estados Unidos, Alemania, Francia, Suiza y Reino Unido. Estos hubs generaron en 2025 un impacto econ\u00f3mico de 4.109 millones de euros y emplean actualmente a 46.080 profesionales. El sector salud ha sido<\/p>\n","protected":false},"author":1,"featured_media":192105,"comment_status":"closed","ping_status":"closed","sticky":false,"template":"","format":"standard","meta":{"footnotes":""},"categories":[486],"tags":[437],"class_list":{"0":"post-192104","1":"post","2":"type-post","3":"status-publish","4":"format-standard","5":"has-post-thumbnail","7":"category-economia","8":"tag-economia"},"aioseo_notices":[],"aioseo_head":"\n\t\t<!-- All in One SEO Pro 4.9.6.2 - aioseo.com -->\n\t<meta name=\"description\" content=\"Seg\u00fan el informe Tech Hubs Overview 2026 de Mobile World Capital Barcelona, Catalu\u00f1a cuenta con 203 hubs tecnol\u00f3gicos de multinacionales de pa\u00edses\" \/>\n\t<meta name=\"robots\" content=\"max-image-preview:large\" \/>\n\t<meta name=\"author\" content=\"Cand\u00e1s 365\"\/>\n\t<meta name=\"google-site-verification\" content=\"UA-32230408-1\" \/>\n\t<meta name=\"msvalidate.01\" content=\"354F3CDFB2DA171B47FBE9ABF1F88D5\" \/>\n\t<meta name=\"keywords\" content=\"econom\u00eda\" \/>\n\t<link rel=\"canonical\" href=\"https:\/\/candas365.es\/noticias\/cataluna-se-afianza-como-epicentro-tecnologico-global\/\" \/>\n\t<meta name=\"generator\" content=\"All in One SEO Pro (AIOSEO) 4.9.6.2\" \/>\n\t\t<meta property=\"og:locale\" content=\"es_ES\" \/>\n\t\t<meta property=\"og:site_name\" content=\"Cand\u00e1s 365\" \/>\n\t\t<meta property=\"og:type\" content=\"article\" \/>\n\t\t<meta property=\"og:title\" content=\"Catalu\u00f1a se afianza como epicentro tecnol\u00f3gico global | Cand\u00e1s 365\" \/>\n\t\t<meta property=\"og:description\" content=\"Seg\u00fan el informe Tech Hubs Overview 2026 de Mobile World Capital Barcelona, Catalu\u00f1a cuenta con 203 hubs tecnol\u00f3gicos de multinacionales de pa\u00edses\" \/>\n\t\t<meta property=\"og:url\" content=\"https:\/\/candas365.es\/noticias\/cataluna-se-afianza-como-epicentro-tecnologico-global\/\" \/>\n\t\t<meta property=\"og:image\" content=\"https:\/\/candas365.es\/noticias\/wp-content\/uploads\/2026\/02\/Cataluna-se-afianza-como-epicentro-tecnologico-global.jpg\" \/>\n\t\t<meta property=\"og:image:secure_url\" content=\"https:\/\/candas365.es\/noticias\/wp-content\/uploads\/2026\/02\/Cataluna-se-afianza-como-epicentro-tecnologico-global.jpg\" \/>\n\t\t<meta property=\"og:image:width\" content=\"1238\" \/>\n\t\t<meta property=\"og:image:height\" content=\"664\" \/>\n\t\t<meta property=\"article:published_time\" content=\"2026-02-18T15:12:10+00:00\" \/>\n\t\t<meta property=\"article:modified_time\" content=\"2026-02-18T15:12:10+00:00\" \/>\n\t\t<meta property=\"article:publisher\" content=\"https:\/\/www.facebook.com\/Nachofdezber\" \/>\n\t\t<meta property=\"article:author\" content=\"https:\/\/www.facebook.com\/carrenoactualidad\" \/>\n\t\t<meta name=\"twitter:card\" content=\"summary_large_image\" \/>\n\t\t<meta name=\"twitter:site\" content=\"@NabercoDigital\" \/>\n\t\t<meta name=\"twitter:title\" content=\"Catalu\u00f1a se afianza como epicentro tecnol\u00f3gico global | Cand\u00e1s 365\" \/>\n\t\t<meta name=\"twitter:description\" content=\"Seg\u00fan el informe Tech Hubs Overview 2026 de Mobile World Capital Barcelona, Catalu\u00f1a cuenta con 203 hubs tecnol\u00f3gicos de multinacionales de pa\u00edses\" \/>\n\t\t<meta name=\"twitter:creator\" content=\"@nbasturias\" \/>\n\t\t<meta name=\"twitter:image\" content=\"https:\/\/candas365.es\/noticias\/wp-content\/uploads\/2026\/02\/Cataluna-se-afianza-como-epicentro-tecnologico-global.jpg\" \/>\n\t\t<meta name=\"twitter:label1\" content=\"Escrito por\" \/>\n\t\t<meta name=\"twitter:data1\" content=\"Cand\u00e1s 365\" \/>\n\t\t<meta name=\"twitter:label2\" content=\"Tiempo de lectura estimado\" \/>\n\t\t<meta name=\"twitter:data2\" content=\"2 minutos\" \/>\n\t\t<script type=\"application\/ld+json\" class=\"aioseo-schema\">\n\t\t\t{\"@context\":\"https:\\\/\\\/schema.org\",\"@graph\":[{\"@type\":\"BreadcrumbList\",\"@id\":\"https:\\\/\\\/candas365.es\\\/noticias\\\/cataluna-se-afianza-como-epicentro-tecnologico-global\\\/#breadcrumblist\",\"itemListElement\":[{\"@type\":\"ListItem\",\"@id\":\"https:\\\/\\\/candas365.es\\\/noticias#listItem\",\"position\":1,\"name\":\"Home\",\"item\":\"https:\\\/\\\/candas365.es\\\/noticias\",\"nextItem\":{\"@type\":\"ListItem\",\"@id\":\"https:\\\/\\\/candas365.es\\\/noticias\\\/category\\\/economia\\\/#listItem\",\"name\":\"Econom\\u00eda\"}},{\"@type\":\"ListItem\",\"@id\":\"https:\\\/\\\/candas365.es\\\/noticias\\\/category\\\/economia\\\/#listItem\",\"position\":2,\"name\":\"Econom\\u00eda\",\"item\":\"https:\\\/\\\/candas365.es\\\/noticias\\\/category\\\/economia\\\/\",\"nextItem\":{\"@type\":\"ListItem\",\"@id\":\"https:\\\/\\\/candas365.es\\\/noticias\\\/cataluna-se-afianza-como-epicentro-tecnologico-global\\\/#listItem\",\"name\":\"Catalu\\u00f1a se afianza como epicentro tecnol\\u00f3gico global\"},\"previousItem\":{\"@type\":\"ListItem\",\"@id\":\"https:\\\/\\\/candas365.es\\\/noticias#listItem\",\"name\":\"Home\"}},{\"@type\":\"ListItem\",\"@id\":\"https:\\\/\\\/candas365.es\\\/noticias\\\/cataluna-se-afianza-como-epicentro-tecnologico-global\\\/#listItem\",\"position\":3,\"name\":\"Catalu\\u00f1a se afianza como epicentro tecnol\\u00f3gico global\",\"previousItem\":{\"@type\":\"ListItem\",\"@id\":\"https:\\\/\\\/candas365.es\\\/noticias\\\/category\\\/economia\\\/#listItem\",\"name\":\"Econom\\u00eda\"}}]},{\"@type\":\"NewsArticle\",\"@id\":\"https:\\\/\\\/candas365.es\\\/noticias\\\/cataluna-se-afianza-como-epicentro-tecnologico-global\\\/#newsarticle\",\"name\":\"Catalu\\u00f1a se afianza como epicentro tecnol\\u00f3gico global | Cand\\u00e1s 365\",\"headline\":\"Catalu\\u00f1a se afianza como epicentro tecnol\\u00f3gico global\",\"author\":{\"@id\":\"https:\\\/\\\/candas365.es\\\/noticias\\\/author\\\/admin\\\/#author\"},\"publisher\":{\"@id\":\"https:\\\/\\\/candas365.es\\\/noticias\\\/#organization\"},\"image\":{\"@type\":\"ImageObject\",\"url\":\"https:\\\/\\\/candas365.es\\\/noticias\\\/wp-content\\\/uploads\\\/2026\\\/02\\\/Cataluna-se-afianza-como-epicentro-tecnologico-global.jpg\",\"width\":1238,\"height\":664,\"caption\":\"Foto: SERVIMEDIA\"},\"datePublished\":\"2026-02-18T16:12:10+01:00\",\"dateModified\":\"2026-02-18T16:12:10+01:00\",\"inLanguage\":\"es-ES\",\"mainEntityOfPage\":{\"@id\":\"https:\\\/\\\/candas365.es\\\/noticias\\\/cataluna-se-afianza-como-epicentro-tecnologico-global\\\/#webpage\"},\"isPartOf\":{\"@id\":\"https:\\\/\\\/candas365.es\\\/noticias\\\/cataluna-se-afianza-como-epicentro-tecnologico-global\\\/#webpage\"},\"articleSection\":\"Econom\\u00eda, Econom\\u00eda\",\"dateline\":\"Publicado el febrero 18, 2026.\"},{\"@type\":\"Organization\",\"@id\":\"https:\\\/\\\/candas365.es\\\/noticias\\\/#organization\",\"name\":\"Cand\\u00e1s 365\",\"description\":\"Cand\\u00e1s 365 es un diario digital independiente, fundado en 2012, con base en Asturias. Informamos con rigor sobre actualidad, sociedad, cultura y ocio, con una mirada local y global.\",\"url\":\"https:\\\/\\\/candas365.es\\\/noticias\\\/\",\"email\":\"info@candas365.es\",\"telephone\":\"+34652131393\",\"foundingDate\":\"2012-06-10\",\"logo\":{\"@type\":\"ImageObject\",\"url\":\"https:\\\/\\\/candas365.es\\\/noticias\\\/wp-content\\\/uploads\\\/2024\\\/09\\\/Candas-365-Redes.jpg\",\"@id\":\"https:\\\/\\\/candas365.es\\\/noticias\\\/cataluna-se-afianza-como-epicentro-tecnologico-global\\\/#organizationLogo\",\"width\":1152,\"height\":864,\"caption\":\"Cand\\u00e1s 365 Redes\"},\"image\":{\"@id\":\"https:\\\/\\\/candas365.es\\\/noticias\\\/cataluna-se-afianza-como-epicentro-tecnologico-global\\\/#organizationLogo\"},\"sameAs\":[\"https:\\\/\\\/www.facebook.com\\\/Nachofdezber\",\"https:\\\/\\\/x.com\\\/NabercoDigital\",\"https:\\\/\\\/www.instagram.com\\\/nachofdezber\\\/\",\"https:\\\/\\\/www.youtube.com\\\/channel\\\/UCZP-2wLEB9Rv6erhFmqVnvg\"],\"address\":{\"@id\":\"https:\\\/\\\/candas365.es\\\/noticias\\\/#postaladdress\",\"@type\":\"PostalAddress\",\"streetAddress\":\"san antonio 4, san antonio 4\",\"postalCode\":\"33430\",\"addressLocality\":\"Cand\\u00e1s\",\"addressRegion\":\"Asturias\",\"addressCountry\":\"ES\"}},{\"@type\":\"Person\",\"@id\":\"https:\\\/\\\/candas365.es\\\/noticias\\\/author\\\/admin\\\/#author\",\"url\":\"https:\\\/\\\/candas365.es\\\/noticias\\\/author\\\/admin\\\/\",\"name\":\"Cand\\u00e1s 365\",\"image\":{\"@type\":\"ImageObject\",\"@id\":\"https:\\\/\\\/candas365.es\\\/noticias\\\/cataluna-se-afianza-como-epicentro-tecnologico-global\\\/#authorImage\",\"url\":\"https:\\\/\\\/secure.gravatar.com\\\/avatar\\\/496a8e03d0c493ede1718b7934145dbdf8d89be1036b0eec9544e1094c9de390?s=96&d=mm&r=g\",\"width\":96,\"height\":96,\"caption\":\"Cand\\u00e1s 365\"},\"sameAs\":[\"https:\\\/\\\/www.facebook.com\\\/carrenoactualidad\",\"https:\\\/\\\/twitter.com\\\/nbasturias\",\"https:\\\/\\\/www.instagram.com\\\/nachofdezber\\\/\",\"https:\\\/\\\/www.youtube.com\\\/channel\\\/UCZP-2wLEB9Rv6erhFmqVnvg\"]},{\"@type\":\"WebPage\",\"@id\":\"https:\\\/\\\/candas365.es\\\/noticias\\\/cataluna-se-afianza-como-epicentro-tecnologico-global\\\/#webpage\",\"url\":\"https:\\\/\\\/candas365.es\\\/noticias\\\/cataluna-se-afianza-como-epicentro-tecnologico-global\\\/\",\"name\":\"Catalu\\u00f1a se afianza como epicentro tecnol\\u00f3gico global | Cand\\u00e1s 365\",\"description\":\"Seg\\u00fan el informe Tech Hubs Overview 2026 de Mobile World Capital Barcelona, Catalu\\u00f1a cuenta con 203 hubs tecnol\\u00f3gicos de multinacionales de pa\\u00edses\",\"inLanguage\":\"es-ES\",\"isPartOf\":{\"@id\":\"https:\\\/\\\/candas365.es\\\/noticias\\\/#website\"},\"breadcrumb\":{\"@id\":\"https:\\\/\\\/candas365.es\\\/noticias\\\/cataluna-se-afianza-como-epicentro-tecnologico-global\\\/#breadcrumblist\"},\"author\":{\"@id\":\"https:\\\/\\\/candas365.es\\\/noticias\\\/author\\\/admin\\\/#author\"},\"creator\":{\"@id\":\"https:\\\/\\\/candas365.es\\\/noticias\\\/author\\\/admin\\\/#author\"},\"image\":{\"@type\":\"ImageObject\",\"url\":\"https:\\\/\\\/candas365.es\\\/noticias\\\/wp-content\\\/uploads\\\/2026\\\/02\\\/Cataluna-se-afianza-como-epicentro-tecnologico-global.jpg\",\"@id\":\"https:\\\/\\\/candas365.es\\\/noticias\\\/cataluna-se-afianza-como-epicentro-tecnologico-global\\\/#mainImage\",\"width\":1238,\"height\":664,\"caption\":\"Foto: SERVIMEDIA\"},\"primaryImageOfPage\":{\"@id\":\"https:\\\/\\\/candas365.es\\\/noticias\\\/cataluna-se-afianza-como-epicentro-tecnologico-global\\\/#mainImage\"},\"datePublished\":\"2026-02-18T16:12:10+01:00\",\"dateModified\":\"2026-02-18T16:12:10+01:00\"},{\"@type\":\"WebSite\",\"@id\":\"https:\\\/\\\/candas365.es\\\/noticias\\\/#website\",\"url\":\"https:\\\/\\\/candas365.es\\\/noticias\\\/\",\"name\":\"Cand\\u00e1s 365\",\"alternateName\":\"Cand\\u00e1s 365 Noticias\",\"description\":\"Actualidad desde Carre\\u00f1o para el mundo\",\"inLanguage\":\"es-ES\",\"publisher\":{\"@id\":\"https:\\\/\\\/candas365.es\\\/noticias\\\/#organization\"}}]}\n\t\t<\/script>\n\t\t<!-- All in One SEO Pro -->\r\n\t\t<title>Catalu\u00f1a se afianza como epicentro tecnol\u00f3gico global | Cand\u00e1s 365<\/title>\n\n","aioseo_head_json":{"title":"Catalu\u00f1a se afianza como epicentro tecnol\u00f3gico global | Cand\u00e1s 365","description":"Seg\u00fan el informe Tech Hubs Overview 2026 de Mobile World Capital Barcelona, Catalu\u00f1a cuenta con 203 hubs tecnol\u00f3gicos de multinacionales de pa\u00edses","canonical_url":"https:\/\/candas365.es\/noticias\/cataluna-se-afianza-como-epicentro-tecnologico-global\/","robots":"max-image-preview:large","keywords":"econom\u00eda","webmasterTools":{"google-site-verification":"UA-32230408-1","msvalidate.01":"354F3CDFB2DA171B47FBE9ABF1F88D5","miscellaneous":""},"schema":{"@context":"https:\/\/schema.org","@graph":[{"@type":"BreadcrumbList","@id":"https:\/\/candas365.es\/noticias\/cataluna-se-afianza-como-epicentro-tecnologico-global\/#breadcrumblist","itemListElement":[{"@type":"ListItem","@id":"https:\/\/candas365.es\/noticias#listItem","position":1,"name":"Home","item":"https:\/\/candas365.es\/noticias","nextItem":{"@type":"ListItem","@id":"https:\/\/candas365.es\/noticias\/category\/economia\/#listItem","name":"Econom\u00eda"}},{"@type":"ListItem","@id":"https:\/\/candas365.es\/noticias\/category\/economia\/#listItem","position":2,"name":"Econom\u00eda","item":"https:\/\/candas365.es\/noticias\/category\/economia\/","nextItem":{"@type":"ListItem","@id":"https:\/\/candas365.es\/noticias\/cataluna-se-afianza-como-epicentro-tecnologico-global\/#listItem","name":"Catalu\u00f1a se afianza como epicentro tecnol\u00f3gico global"},"previousItem":{"@type":"ListItem","@id":"https:\/\/candas365.es\/noticias#listItem","name":"Home"}},{"@type":"ListItem","@id":"https:\/\/candas365.es\/noticias\/cataluna-se-afianza-como-epicentro-tecnologico-global\/#listItem","position":3,"name":"Catalu\u00f1a se afianza como epicentro tecnol\u00f3gico global","previousItem":{"@type":"ListItem","@id":"https:\/\/candas365.es\/noticias\/category\/economia\/#listItem","name":"Econom\u00eda"}}]},{"@type":"NewsArticle","@id":"https:\/\/candas365.es\/noticias\/cataluna-se-afianza-como-epicentro-tecnologico-global\/#newsarticle","name":"Catalu\u00f1a se afianza como epicentro tecnol\u00f3gico global | Cand\u00e1s 365","headline":"Catalu\u00f1a se afianza como epicentro tecnol\u00f3gico global","author":{"@id":"https:\/\/candas365.es\/noticias\/author\/admin\/#author"},"publisher":{"@id":"https:\/\/candas365.es\/noticias\/#organization"},"image":{"@type":"ImageObject","url":"https:\/\/candas365.es\/noticias\/wp-content\/uploads\/2026\/02\/Cataluna-se-afianza-como-epicentro-tecnologico-global.jpg","width":1238,"height":664,"caption":"Foto: SERVIMEDIA"},"datePublished":"2026-02-18T16:12:10+01:00","dateModified":"2026-02-18T16:12:10+01:00","inLanguage":"es-ES","mainEntityOfPage":{"@id":"https:\/\/candas365.es\/noticias\/cataluna-se-afianza-como-epicentro-tecnologico-global\/#webpage"},"isPartOf":{"@id":"https:\/\/candas365.es\/noticias\/cataluna-se-afianza-como-epicentro-tecnologico-global\/#webpage"},"articleSection":"Econom\u00eda, Econom\u00eda","dateline":"Publicado el febrero 18, 2026."},{"@type":"Organization","@id":"https:\/\/candas365.es\/noticias\/#organization","name":"Cand\u00e1s 365","description":"Cand\u00e1s 365 es un diario digital independiente, fundado en 2012, con base en Asturias. Informamos con rigor sobre actualidad, sociedad, cultura y ocio, con una mirada local y global.","url":"https:\/\/candas365.es\/noticias\/","email":"info@candas365.es","telephone":"+34652131393","foundingDate":"2012-06-10","logo":{"@type":"ImageObject","url":"https:\/\/candas365.es\/noticias\/wp-content\/uploads\/2024\/09\/Candas-365-Redes.jpg","@id":"https:\/\/candas365.es\/noticias\/cataluna-se-afianza-como-epicentro-tecnologico-global\/#organizationLogo","width":1152,"height":864,"caption":"Cand\u00e1s 365 Redes"},"image":{"@id":"https:\/\/candas365.es\/noticias\/cataluna-se-afianza-como-epicentro-tecnologico-global\/#organizationLogo"},"sameAs":["https:\/\/www.facebook.com\/Nachofdezber","https:\/\/x.com\/NabercoDigital","https:\/\/www.instagram.com\/nachofdezber\/","https:\/\/www.youtube.com\/channel\/UCZP-2wLEB9Rv6erhFmqVnvg"],"address":{"@id":"https:\/\/candas365.es\/noticias\/#postaladdress","@type":"PostalAddress","streetAddress":"san antonio 4, san antonio 4","postalCode":"33430","addressLocality":"Cand\u00e1s","addressRegion":"Asturias","addressCountry":"ES"}},{"@type":"Person","@id":"https:\/\/candas365.es\/noticias\/author\/admin\/#author","url":"https:\/\/candas365.es\/noticias\/author\/admin\/","name":"Cand\u00e1s 365","image":{"@type":"ImageObject","@id":"https:\/\/candas365.es\/noticias\/cataluna-se-afianza-como-epicentro-tecnologico-global\/#authorImage","url":"https:\/\/secure.gravatar.com\/avatar\/496a8e03d0c493ede1718b7934145dbdf8d89be1036b0eec9544e1094c9de390?s=96&d=mm&r=g","width":96,"height":96,"caption":"Cand\u00e1s 365"},"sameAs":["https:\/\/www.facebook.com\/carrenoactualidad","https:\/\/twitter.com\/nbasturias","https:\/\/www.instagram.com\/nachofdezber\/","https:\/\/www.youtube.com\/channel\/UCZP-2wLEB9Rv6erhFmqVnvg"]},{"@type":"WebPage","@id":"https:\/\/candas365.es\/noticias\/cataluna-se-afianza-como-epicentro-tecnologico-global\/#webpage","url":"https:\/\/candas365.es\/noticias\/cataluna-se-afianza-como-epicentro-tecnologico-global\/","name":"Catalu\u00f1a se afianza como epicentro tecnol\u00f3gico global | Cand\u00e1s 365","description":"Seg\u00fan el informe Tech Hubs Overview 2026 de Mobile World Capital Barcelona, Catalu\u00f1a cuenta con 203 hubs tecnol\u00f3gicos de multinacionales de pa\u00edses","inLanguage":"es-ES","isPartOf":{"@id":"https:\/\/candas365.es\/noticias\/#website"},"breadcrumb":{"@id":"https:\/\/candas365.es\/noticias\/cataluna-se-afianza-como-epicentro-tecnologico-global\/#breadcrumblist"},"author":{"@id":"https:\/\/candas365.es\/noticias\/author\/admin\/#author"},"creator":{"@id":"https:\/\/candas365.es\/noticias\/author\/admin\/#author"},"image":{"@type":"ImageObject","url":"https:\/\/candas365.es\/noticias\/wp-content\/uploads\/2026\/02\/Cataluna-se-afianza-como-epicentro-tecnologico-global.jpg","@id":"https:\/\/candas365.es\/noticias\/cataluna-se-afianza-como-epicentro-tecnologico-global\/#mainImage","width":1238,"height":664,"caption":"Foto: SERVIMEDIA"},"primaryImageOfPage":{"@id":"https:\/\/candas365.es\/noticias\/cataluna-se-afianza-como-epicentro-tecnologico-global\/#mainImage"},"datePublished":"2026-02-18T16:12:10+01:00","dateModified":"2026-02-18T16:12:10+01:00"},{"@type":"WebSite","@id":"https:\/\/candas365.es\/noticias\/#website","url":"https:\/\/candas365.es\/noticias\/","name":"Cand\u00e1s 365","alternateName":"Cand\u00e1s 365 Noticias","description":"Actualidad desde Carre\u00f1o para el mundo","inLanguage":"es-ES","publisher":{"@id":"https:\/\/candas365.es\/noticias\/#organization"}}]},"og:locale":"es_ES","og:site_name":"Cand\u00e1s 365","og:type":"article","og:title":"Catalu\u00f1a se afianza como epicentro tecnol\u00f3gico global | Cand\u00e1s 365","og:description":"Seg\u00fan el informe Tech Hubs Overview 2026 de Mobile World Capital Barcelona, Catalu\u00f1a cuenta con 203 hubs tecnol\u00f3gicos de multinacionales de pa\u00edses","og:url":"https:\/\/candas365.es\/noticias\/cataluna-se-afianza-como-epicentro-tecnologico-global\/","og:image":"https:\/\/candas365.es\/noticias\/wp-content\/uploads\/2026\/02\/Cataluna-se-afianza-como-epicentro-tecnologico-global.jpg","og:image:secure_url":"https:\/\/candas365.es\/noticias\/wp-content\/uploads\/2026\/02\/Cataluna-se-afianza-como-epicentro-tecnologico-global.jpg","og:image:width":1238,"og:image:height":664,"article:published_time":"2026-02-18T15:12:10+00:00","article:modified_time":"2026-02-18T15:12:10+00:00","article:publisher":"https:\/\/www.facebook.com\/Nachofdezber","article:author":"https:\/\/www.facebook.com\/carrenoactualidad","twitter:card":"summary_large_image","twitter:site":"@NabercoDigital","twitter:title":"Catalu\u00f1a se afianza como epicentro tecnol\u00f3gico global | Cand\u00e1s 365","twitter:description":"Seg\u00fan el informe Tech Hubs Overview 2026 de Mobile World Capital Barcelona, Catalu\u00f1a cuenta con 203 hubs tecnol\u00f3gicos de multinacionales de pa\u00edses","twitter:creator":"@nbasturias","twitter:image":"https:\/\/candas365.es\/noticias\/wp-content\/uploads\/2026\/02\/Cataluna-se-afianza-como-epicentro-tecnologico-global.jpg","twitter:label1":"Escrito por","twitter:data1":"Cand\u00e1s 365","twitter:label2":"Tiempo de lectura estimado","twitter:data2":"2 minutos"},"aioseo_meta_data":{"post_id":"192104","title":null,"description":"Seg\u00fan el informe Tech Hubs Overview 2026 de Mobile World Capital Barcelona, Catalu\u00f1a cuenta con 203 hubs tecnol\u00f3gicos de multinacionales de pa\u00edses","keywords":null,"keyphrases":{"focus":{"keyphrase":"Catalu\u00f1a","score":100,"analysis":{"keyphraseInTitle":{"score":9,"maxScore":9,"error":0},"keyphraseInDescription":{"score":9,"maxScore":9,"error":0},"keyphraseLength":{"score":9,"maxScore":9,"error":0,"length":2},"keyphraseInURL":{"score":5,"maxScore":5,"error":0},"keyphraseInIntroduction":{"score":9,"maxScore":9,"error":0},"keyphraseInSubHeadings":[],"keyphraseInImageAlt":{"score":9,"maxScore":9,"error":0},"keywordDensity":{"type":"best","score":9,"maxScore":9,"error":0}}},"additional":[]},"primary_term":null,"canonical_url":null,"og_title":null,"og_description":null,"og_object_type":"default","og_image_type":"default","og_image_url":null,"og_image_width":null,"og_image_height":null,"og_image_custom_url":null,"og_image_custom_fields":null,"og_video":"","og_custom_url":null,"og_article_section":null,"og_article_tags":null,"twitter_use_og":false,"twitter_card":"default","twitter_image_type":"default","twitter_image_url":null,"twitter_image_custom_url":null,"twitter_image_custom_fields":null,"twitter_title":null,"twitter_description":null,"schema":{"blockGraphs":[],"customGraphs":[],"default":{"data":{"Article":[],"Course":[],"Dataset":[],"FAQPage":[],"Movie":[],"Person":[],"Product":[],"ProductReview":[],"Car":[],"Recipe":[],"Service":[],"SoftwareApplication":[],"WebPage":[]},"graphName":"Article","isEnabled":true},"graphs":[]},"schema_type":"default","schema_type_options":null,"pillar_content":false,"robots_default":true,"robots_noindex":false,"robots_noarchive":false,"robots_nosnippet":false,"robots_nofollow":false,"robots_noimageindex":false,"robots_noodp":false,"robots_notranslate":false,"robots_max_snippet":"-1","robots_max_videopreview":"-1","robots_max_imagepreview":"large","priority":null,"frequency":"default","location":null,"local_seo":null,"seo_analyzer_scan_date":"2026-02-18 15:18:47","breadcrumb_settings":null,"limit_modified_date":false,"reviewed_by":null,"open_ai":null,"ai":{"faqs":[],"keyPoints":[],"titles":[],"descriptions":[],"socialPosts":{"email":[],"linkedin":[],"twitter":[],"facebook":[],"instagram":[]}},"created":"2026-02-18 14:52:36","updated":"2026-02-18 15:26:21"},"aioseo_breadcrumb":"<div class=\"aioseo-breadcrumbs\"><span class=\"aioseo-breadcrumb\">\n\t<a href=\"https:\/\/candas365.es\/noticias\" title=\"Home\">Home<\/a>\n<\/span><span class=\"aioseo-breadcrumb-separator\">&ndash;<\/span><span class=\"aioseo-breadcrumb\">\n\t<a href=\"https:\/\/candas365.es\/noticias\/category\/economia\/\" title=\"Econom\u00eda\">Econom\u00eda<\/a>\n<\/span><span class=\"aioseo-breadcrumb-separator\">&ndash;<\/span><span class=\"aioseo-breadcrumb\">\n\tCatalu\u00f1a se afianza como epicentro tecnol\u00f3gico global\n<\/span><\/div>","aioseo_breadcrumb_json":[{"label":"Home","link":"https:\/\/candas365.es\/noticias"},{"label":"Econom\u00eda","link":"https:\/\/candas365.es\/noticias\/category\/economia\/"},{"label":"Catalu\u00f1a se afianza como epicentro tecnol\u00f3gico global","link":"https:\/\/candas365.es\/noticias\/cataluna-se-afianza-como-epicentro-tecnologico-global\/"}],"_links":{"self":[{"href":"https:\/\/candas365.es\/noticias\/wp-json\/wp\/v2\/posts\/192104","targetHints":{"allow":["GET"]}}],"collection":[{"href":"https:\/\/candas365.es\/noticias\/wp-json\/wp\/v2\/posts"}],"about":[{"href":"https:\/\/candas365.es\/noticias\/wp-json\/wp\/v2\/types\/post"}],"author":[{"embeddable":true,"href":"https:\/\/candas365.es\/noticias\/wp-json\/wp\/v2\/users\/1"}],"replies":[{"embeddable":true,"href":"https:\/\/candas365.es\/noticias\/wp-json\/wp\/v2\/comments?post=192104"}],"version-history":[{"count":0,"href":"https:\/\/candas365.es\/noticias\/wp-json\/wp\/v2\/posts\/192104\/revisions"}],"wp:featuredmedia":[{"embeddable":true,"href":"https:\/\/candas365.es\/noticias\/wp-json\/wp\/v2\/media\/192105"}],"wp:attachment":[{"href":"https:\/\/candas365.es\/noticias\/wp-json\/wp\/v2\/media?parent=192104"}],"wp:term":[{"taxonomy":"category","embeddable":true,"href":"https:\/\/candas365.es\/noticias\/wp-json\/wp\/v2\/categories?post=192104"},{"taxonomy":"post_tag","embeddable":true,"href":"https:\/\/candas365.es\/noticias\/wp-json\/wp\/v2\/tags?post=192104"}],"curies":[{"name":"wp","href":"https:\/\/api.w.org\/{rel}","templated":true}]}}