{"id":192092,"date":"2026-02-18T14:56:56","date_gmt":"2026-02-18T13:56:56","guid":{"rendered":"https:\/\/candas365.es\/noticias\/?p=192092"},"modified":"2026-02-18T14:56:56","modified_gmt":"2026-02-18T13:56:56","slug":"asturias-destina-33-millones-a-digitalizacion-educativa","status":"publish","type":"post","link":"https:\/\/candas365.es\/noticias\/asturias-destina-33-millones-a-digitalizacion-educativa\/","title":{"rendered":"Asturias destina 33 millones a digitalizaci\u00f3n educativa"},"content":{"rendered":"<p data-start=\"66\" data-end=\"492\">La <span style=\"color: #ff6600;\"><a style=\"color: #ff6600;\" href=\"https:\/\/candas365.es\/noticias\/category\/asturias\/\"><strong data-start=\"69\" data-end=\"109\">digitalizaci\u00f3n educativa en Asturias<\/strong><\/a><\/span> ha recibido una inversi\u00f3n de 33 millones de euros desde 2020, seg\u00fan los datos expuestos por la consejera de Educaci\u00f3n, Eva Ledo, durante la presentaci\u00f3n de un informe de la Asociaci\u00f3n DigitalES celebrada en Madrid. La titular de Educaci\u00f3n ha vinculado esta inversi\u00f3n al impulso de las vocaciones STEM y ha detallado las actuaciones desarrolladas en equipamiento y formaci\u00f3n docente.<\/p>\n<figure id=\"attachment_192093\" aria-describedby=\"caption-attachment-192093\" style=\"width: 650px\" class=\"wp-caption aligncenter\"><img fetchpriority=\"high\" decoding=\"async\" class=\"size-large wp-image-192093\" src=\"https:\/\/candas365.es\/noticias\/wp-content\/uploads\/2026\/02\/Asturias-destina-33-millones-a-digitalizacion-educativa-650x406.jpg\" alt=\"Asturias destina 33 millones a digitalizaci\u00f3n educativa\" width=\"650\" height=\"406\" srcset=\"https:\/\/candas365.es\/noticias\/wp-content\/uploads\/2026\/02\/Asturias-destina-33-millones-a-digitalizacion-educativa-650x406.jpg 650w, https:\/\/candas365.es\/noticias\/wp-content\/uploads\/2026\/02\/Asturias-destina-33-millones-a-digitalizacion-educativa-360x225.jpg 360w, https:\/\/candas365.es\/noticias\/wp-content\/uploads\/2026\/02\/Asturias-destina-33-millones-a-digitalizacion-educativa-768x480.jpg 768w, https:\/\/candas365.es\/noticias\/wp-content\/uploads\/2026\/02\/Asturias-destina-33-millones-a-digitalizacion-educativa-150x94.jpg 150w, https:\/\/candas365.es\/noticias\/wp-content\/uploads\/2026\/02\/Asturias-destina-33-millones-a-digitalizacion-educativa-450x281.jpg 450w, https:\/\/candas365.es\/noticias\/wp-content\/uploads\/2026\/02\/Asturias-destina-33-millones-a-digitalizacion-educativa-1200x750.jpg 1200w, https:\/\/candas365.es\/noticias\/wp-content\/uploads\/2026\/02\/Asturias-destina-33-millones-a-digitalizacion-educativa.jpg 1204w\" sizes=\"(max-width: 650px) 100vw, 650px\" \/><figcaption id=\"caption-attachment-192093\" class=\"wp-caption-text\">Foto: Prensa Principado de Asturias<\/figcaption><\/figure>\n<h2 data-start=\"494\" data-end=\"544\">Inversi\u00f3n en digitalizaci\u00f3n y formaci\u00f3n docente<\/h2>\n<p data-start=\"546\" data-end=\"962\">El <span style=\"color: #ff6600;\"><a style=\"color: #ff6600;\" href=\"https:\/\/actualidad.asturias.es\/\" target=\"_blank\" rel=\"noopener\"><strong>Gobierno del Principado<\/strong><\/a> <\/span>de Asturias ha destinado 33 millones a la digitalizaci\u00f3n del sistema educativo desde 2020. De esa cuant\u00eda, casi 25 millones se han invertido en la compra de material desde el inicio de la pandemia, con la adquisici\u00f3n de pantallas interactivas, port\u00e1tiles con conexi\u00f3n a internet para su pr\u00e9stamo al alumnado y ordenadores para el profesorado y equipos directivos, entre otros dispositivos.<\/p>\n<p data-start=\"964\" data-end=\"1214\">Adem\u00e1s, la consejer\u00eda ha certificado a m\u00e1s de 10.000 docentes en distintos niveles de competencias digitales mediante m\u00e1s de 700 acciones formativas. En total, el Principado ha destinado ocho millones a la capacitaci\u00f3n del profesorado en este \u00e1mbito.<\/p>\n<p data-start=\"1216\" data-end=\"1630\">Seg\u00fan ha afirmado Ledo durante su intervenci\u00f3n, invertir en digitalizaci\u00f3n y en el fomento de vocaciones STEM entre el alumnado supone invertir en el futuro de Asturias. Tambi\u00e9n ha se\u00f1alado que digitalizar no se limita a adquirir tecnolog\u00eda, sino que implica dotar al sistema de recursos materiales y t\u00e9cnicos, formar al profesorado y garantizar un uso seguro y adecuado de las herramientas por parte del alumnado.<\/p>\n<h1 data-start=\"1632\" data-end=\"1676\">Medidas para impulsar las vocaciones STEM<\/h1>\n<p data-start=\"1678\" data-end=\"1883\">En relaci\u00f3n con las vocaciones STEM, la consejera se ha referido a medidas orientadas a acercar la realidad del mundo cient\u00edfico al alumnado desde edades tempranas, m\u00e1s all\u00e1 de los contenidos curriculares.<\/p>\n<p data-start=\"1885\" data-end=\"2302\">Durante la mesa redonda titulada <em data-start=\"1918\" data-end=\"2013\">Educaci\u00f3n y orientaci\u00f3n: \u00bfEstamos fomentando o frenando las vocaciones STEM desde el colegio?<\/em>, ha expuesto iniciativas para acercar referentes a las aulas, como la participaci\u00f3n de la bi\u00f3loga molecular asturiana Mar\u00eda Berdasco, coordinadora de la Semana de la Ciencia de Luarca\/\u1e36\u1e37uarca, o la colaboraci\u00f3n con la Fundaci\u00f3n Margarita Salas con motivo del D\u00eda de la Mujer y la Ciencia.<\/p>\n<p data-start=\"2304\" data-end=\"2624\">Tambi\u00e9n ha citado la feria anual organizada por la Consejer\u00eda de Ciencia, el proyecto Ideathon, el programa Petit de Valnal\u00f3n y el programa Massteam, impulsado por la Federaci\u00f3n Asturiana de Empresarios (Fade) y el Centro Tecnol\u00f3gico de la Informaci\u00f3n y la Comunicaci\u00f3n (CTIC), orientados a concretar ideas en proyectos.<\/p>\n<p data-start=\"2626\" data-end=\"2853\">Entre los ejemplos mencionados, ha destacado la creaci\u00f3n de mochilas que adaptan su forma en funci\u00f3n del peso, contenedores inteligentes y prototipos vinculados a la rob\u00f3tica, como un dispositivo que detecta impulsos nerviosos.<\/p>\n<p data-start=\"2855\" data-end=\"3031\">En la jornada tambi\u00e9n particip\u00f3 el secretario de Estado de Educaci\u00f3n, Abelardo de la Rosa, quien defendi\u00f3 la necesidad de acometer una digitalizaci\u00f3n responsable y equilibrada.<\/p>\n<p data-start=\"3033\" data-end=\"3117\" data-is-last-node=\"\" data-is-only-node=\"\">\n","protected":false},"excerpt":{"rendered":"<p>La digitalizaci\u00f3n educativa en Asturias ha recibido una inversi\u00f3n de 33 millones de euros desde 2020, seg\u00fan los datos expuestos por la consejera de Educaci\u00f3n, Eva Ledo, durante la presentaci\u00f3n de un informe de la Asociaci\u00f3n DigitalES celebrada en Madrid. La titular de Educaci\u00f3n ha vinculado esta inversi\u00f3n al impulso de las vocaciones STEM y<\/p>\n","protected":false},"author":1,"featured_media":192093,"comment_status":"closed","ping_status":"closed","sticky":false,"template":"","format":"standard","meta":{"footnotes":""},"categories":[7,316],"tags":[380,419],"class_list":{"0":"post-192092","1":"post","2":"type-post","3":"status-publish","4":"format-standard","5":"has-post-thumbnail","7":"category-asturias","8":"category-destacadas","9":"tag-asturias","10":"tag-educacion"},"aioseo_notices":[],"aioseo_head":"\n\t\t<!-- All in One SEO Pro 4.9.6.2 - aioseo.com -->\n\t<meta name=\"description\" content=\"La digitalizaci\u00f3n educativa en Asturias ha recibido una inversi\u00f3n de 33 millones de euros desde 2020, seg\u00fan los datos expuestos por la consejera de Educaci\u00f3n\" \/>\n\t<meta name=\"robots\" content=\"max-image-preview:large\" \/>\n\t<meta name=\"author\" content=\"Cand\u00e1s 365\"\/>\n\t<meta name=\"google-site-verification\" content=\"UA-32230408-1\" \/>\n\t<meta name=\"msvalidate.01\" content=\"354F3CDFB2DA171B47FBE9ABF1F88D5\" \/>\n\t<meta name=\"keywords\" content=\"asturias,destacadas\" \/>\n\t<link rel=\"canonical\" href=\"https:\/\/candas365.es\/noticias\/asturias-destina-33-millones-a-digitalizacion-educativa\/\" \/>\n\t<meta name=\"generator\" content=\"All in One SEO Pro (AIOSEO) 4.9.6.2\" \/>\n\t\t<meta property=\"og:locale\" content=\"es_ES\" \/>\n\t\t<meta property=\"og:site_name\" content=\"Cand\u00e1s 365\" \/>\n\t\t<meta property=\"og:type\" content=\"article\" \/>\n\t\t<meta property=\"og:title\" content=\"Asturias destina 33 millones a digitalizaci\u00f3n educativa | Cand\u00e1s 365\" \/>\n\t\t<meta property=\"og:description\" content=\"La digitalizaci\u00f3n educativa en Asturias ha recibido una inversi\u00f3n de 33 millones de euros desde 2020, seg\u00fan los datos expuestos por la consejera de Educaci\u00f3n\" \/>\n\t\t<meta property=\"og:url\" content=\"https:\/\/candas365.es\/noticias\/asturias-destina-33-millones-a-digitalizacion-educativa\/\" \/>\n\t\t<meta property=\"og:image\" content=\"https:\/\/candas365.es\/noticias\/wp-content\/uploads\/2026\/02\/Asturias-destina-33-millones-a-digitalizacion-educativa.jpg\" \/>\n\t\t<meta property=\"og:image:secure_url\" content=\"https:\/\/candas365.es\/noticias\/wp-content\/uploads\/2026\/02\/Asturias-destina-33-millones-a-digitalizacion-educativa.jpg\" \/>\n\t\t<meta property=\"og:image:width\" content=\"1204\" \/>\n\t\t<meta property=\"og:image:height\" content=\"752\" \/>\n\t\t<meta property=\"article:published_time\" content=\"2026-02-18T13:56:56+00:00\" \/>\n\t\t<meta property=\"article:modified_time\" content=\"2026-02-18T13:56:56+00:00\" \/>\n\t\t<meta property=\"article:publisher\" content=\"https:\/\/www.facebook.com\/Nachofdezber\" \/>\n\t\t<meta property=\"article:author\" content=\"https:\/\/www.facebook.com\/carrenoactualidad\" \/>\n\t\t<meta name=\"twitter:card\" content=\"summary_large_image\" \/>\n\t\t<meta name=\"twitter:site\" content=\"@NabercoDigital\" \/>\n\t\t<meta name=\"twitter:title\" content=\"Asturias destina 33 millones a digitalizaci\u00f3n educativa | Cand\u00e1s 365\" \/>\n\t\t<meta name=\"twitter:description\" content=\"La digitalizaci\u00f3n educativa en Asturias ha recibido una inversi\u00f3n de 33 millones de euros desde 2020, seg\u00fan los datos expuestos por la consejera de Educaci\u00f3n\" \/>\n\t\t<meta name=\"twitter:creator\" content=\"@nbasturias\" \/>\n\t\t<meta name=\"twitter:image\" content=\"https:\/\/candas365.es\/noticias\/wp-content\/uploads\/2026\/02\/Asturias-destina-33-millones-a-digitalizacion-educativa.jpg\" \/>\n\t\t<meta name=\"twitter:label1\" content=\"Escrito por\" \/>\n\t\t<meta name=\"twitter:data1\" content=\"Cand\u00e1s 365\" \/>\n\t\t<meta name=\"twitter:label2\" content=\"Tiempo de lectura estimado\" \/>\n\t\t<meta name=\"twitter:data2\" content=\"3 minutos\" \/>\n\t\t<script type=\"application\/ld+json\" class=\"aioseo-schema\">\n\t\t\t{\"@context\":\"https:\\\/\\\/schema.org\",\"@graph\":[{\"@type\":\"BreadcrumbList\",\"@id\":\"https:\\\/\\\/candas365.es\\\/noticias\\\/asturias-destina-33-millones-a-digitalizacion-educativa\\\/#breadcrumblist\",\"itemListElement\":[{\"@type\":\"ListItem\",\"@id\":\"https:\\\/\\\/candas365.es\\\/noticias#listItem\",\"position\":1,\"name\":\"Home\",\"item\":\"https:\\\/\\\/candas365.es\\\/noticias\",\"nextItem\":{\"@type\":\"ListItem\",\"@id\":\"https:\\\/\\\/candas365.es\\\/noticias\\\/category\\\/asturias\\\/#listItem\",\"name\":\"Asturias\"}},{\"@type\":\"ListItem\",\"@id\":\"https:\\\/\\\/candas365.es\\\/noticias\\\/category\\\/asturias\\\/#listItem\",\"position\":2,\"name\":\"Asturias\",\"item\":\"https:\\\/\\\/candas365.es\\\/noticias\\\/category\\\/asturias\\\/\",\"nextItem\":{\"@type\":\"ListItem\",\"@id\":\"https:\\\/\\\/candas365.es\\\/noticias\\\/asturias-destina-33-millones-a-digitalizacion-educativa\\\/#listItem\",\"name\":\"Asturias destina 33 millones a digitalizaci\\u00f3n educativa\"},\"previousItem\":{\"@type\":\"ListItem\",\"@id\":\"https:\\\/\\\/candas365.es\\\/noticias#listItem\",\"name\":\"Home\"}},{\"@type\":\"ListItem\",\"@id\":\"https:\\\/\\\/candas365.es\\\/noticias\\\/asturias-destina-33-millones-a-digitalizacion-educativa\\\/#listItem\",\"position\":3,\"name\":\"Asturias destina 33 millones a digitalizaci\\u00f3n educativa\",\"previousItem\":{\"@type\":\"ListItem\",\"@id\":\"https:\\\/\\\/candas365.es\\\/noticias\\\/category\\\/asturias\\\/#listItem\",\"name\":\"Asturias\"}}]},{\"@type\":\"NewsArticle\",\"@id\":\"https:\\\/\\\/candas365.es\\\/noticias\\\/asturias-destina-33-millones-a-digitalizacion-educativa\\\/#newsarticle\",\"name\":\"Asturias destina 33 millones a digitalizaci\\u00f3n educativa | Cand\\u00e1s 365\",\"headline\":\"Asturias destina 33 millones a digitalizaci\\u00f3n educativa\",\"author\":{\"@id\":\"https:\\\/\\\/candas365.es\\\/noticias\\\/author\\\/admin\\\/#author\"},\"publisher\":{\"@id\":\"https:\\\/\\\/candas365.es\\\/noticias\\\/#organization\"},\"image\":{\"@type\":\"ImageObject\",\"url\":\"https:\\\/\\\/candas365.es\\\/noticias\\\/wp-content\\\/uploads\\\/2026\\\/02\\\/Asturias-destina-33-millones-a-digitalizacion-educativa.jpg\",\"width\":1204,\"height\":752,\"caption\":\"Foto: Prensa Principado de Asturias\"},\"datePublished\":\"2026-02-18T14:56:56+01:00\",\"dateModified\":\"2026-02-18T14:56:56+01:00\",\"inLanguage\":\"es-ES\",\"mainEntityOfPage\":{\"@id\":\"https:\\\/\\\/candas365.es\\\/noticias\\\/asturias-destina-33-millones-a-digitalizacion-educativa\\\/#webpage\"},\"isPartOf\":{\"@id\":\"https:\\\/\\\/candas365.es\\\/noticias\\\/asturias-destina-33-millones-a-digitalizacion-educativa\\\/#webpage\"},\"articleSection\":\"Asturias, Destacadas, Asturias, educaci\\u00f3n\",\"dateline\":\"Publicado el febrero 18, 2026.\"},{\"@type\":\"Organization\",\"@id\":\"https:\\\/\\\/candas365.es\\\/noticias\\\/#organization\",\"name\":\"Cand\\u00e1s 365\",\"description\":\"Cand\\u00e1s 365 es un diario digital independiente, fundado en 2012, con base en Asturias. Informamos con rigor sobre actualidad, sociedad, cultura y ocio, con una mirada local y global.\",\"url\":\"https:\\\/\\\/candas365.es\\\/noticias\\\/\",\"email\":\"info@candas365.es\",\"telephone\":\"+34652131393\",\"foundingDate\":\"2012-06-10\",\"logo\":{\"@type\":\"ImageObject\",\"url\":\"https:\\\/\\\/candas365.es\\\/noticias\\\/wp-content\\\/uploads\\\/2024\\\/09\\\/Candas-365-Redes.jpg\",\"@id\":\"https:\\\/\\\/candas365.es\\\/noticias\\\/asturias-destina-33-millones-a-digitalizacion-educativa\\\/#organizationLogo\",\"width\":1152,\"height\":864,\"caption\":\"Cand\\u00e1s 365 Redes\"},\"image\":{\"@id\":\"https:\\\/\\\/candas365.es\\\/noticias\\\/asturias-destina-33-millones-a-digitalizacion-educativa\\\/#organizationLogo\"},\"sameAs\":[\"https:\\\/\\\/www.facebook.com\\\/Nachofdezber\",\"https:\\\/\\\/x.com\\\/NabercoDigital\",\"https:\\\/\\\/www.instagram.com\\\/nachofdezber\\\/\",\"https:\\\/\\\/www.youtube.com\\\/channel\\\/UCZP-2wLEB9Rv6erhFmqVnvg\"],\"address\":{\"@id\":\"https:\\\/\\\/candas365.es\\\/noticias\\\/#postaladdress\",\"@type\":\"PostalAddress\",\"streetAddress\":\"san antonio 4, san antonio 4\",\"postalCode\":\"33430\",\"addressLocality\":\"Cand\\u00e1s\",\"addressRegion\":\"Asturias\",\"addressCountry\":\"ES\"}},{\"@type\":\"Person\",\"@id\":\"https:\\\/\\\/candas365.es\\\/noticias\\\/author\\\/admin\\\/#author\",\"url\":\"https:\\\/\\\/candas365.es\\\/noticias\\\/author\\\/admin\\\/\",\"name\":\"Cand\\u00e1s 365\",\"image\":{\"@type\":\"ImageObject\",\"@id\":\"https:\\\/\\\/candas365.es\\\/noticias\\\/asturias-destina-33-millones-a-digitalizacion-educativa\\\/#authorImage\",\"url\":\"https:\\\/\\\/secure.gravatar.com\\\/avatar\\\/496a8e03d0c493ede1718b7934145dbdf8d89be1036b0eec9544e1094c9de390?s=96&d=mm&r=g\",\"width\":96,\"height\":96,\"caption\":\"Cand\\u00e1s 365\"},\"sameAs\":[\"https:\\\/\\\/www.facebook.com\\\/carrenoactualidad\",\"https:\\\/\\\/twitter.com\\\/nbasturias\",\"https:\\\/\\\/www.instagram.com\\\/nachofdezber\\\/\",\"https:\\\/\\\/www.youtube.com\\\/channel\\\/UCZP-2wLEB9Rv6erhFmqVnvg\"]},{\"@type\":\"WebPage\",\"@id\":\"https:\\\/\\\/candas365.es\\\/noticias\\\/asturias-destina-33-millones-a-digitalizacion-educativa\\\/#webpage\",\"url\":\"https:\\\/\\\/candas365.es\\\/noticias\\\/asturias-destina-33-millones-a-digitalizacion-educativa\\\/\",\"name\":\"Asturias destina 33 millones a digitalizaci\\u00f3n educativa | Cand\\u00e1s 365\",\"description\":\"La digitalizaci\\u00f3n educativa en Asturias ha recibido una inversi\\u00f3n de 33 millones de euros desde 2020, seg\\u00fan los datos expuestos por la consejera de Educaci\\u00f3n\",\"inLanguage\":\"es-ES\",\"isPartOf\":{\"@id\":\"https:\\\/\\\/candas365.es\\\/noticias\\\/#website\"},\"breadcrumb\":{\"@id\":\"https:\\\/\\\/candas365.es\\\/noticias\\\/asturias-destina-33-millones-a-digitalizacion-educativa\\\/#breadcrumblist\"},\"author\":{\"@id\":\"https:\\\/\\\/candas365.es\\\/noticias\\\/author\\\/admin\\\/#author\"},\"creator\":{\"@id\":\"https:\\\/\\\/candas365.es\\\/noticias\\\/author\\\/admin\\\/#author\"},\"image\":{\"@type\":\"ImageObject\",\"url\":\"https:\\\/\\\/candas365.es\\\/noticias\\\/wp-content\\\/uploads\\\/2026\\\/02\\\/Asturias-destina-33-millones-a-digitalizacion-educativa.jpg\",\"@id\":\"https:\\\/\\\/candas365.es\\\/noticias\\\/asturias-destina-33-millones-a-digitalizacion-educativa\\\/#mainImage\",\"width\":1204,\"height\":752,\"caption\":\"Foto: Prensa Principado de Asturias\"},\"primaryImageOfPage\":{\"@id\":\"https:\\\/\\\/candas365.es\\\/noticias\\\/asturias-destina-33-millones-a-digitalizacion-educativa\\\/#mainImage\"},\"datePublished\":\"2026-02-18T14:56:56+01:00\",\"dateModified\":\"2026-02-18T14:56:56+01:00\"},{\"@type\":\"WebSite\",\"@id\":\"https:\\\/\\\/candas365.es\\\/noticias\\\/#website\",\"url\":\"https:\\\/\\\/candas365.es\\\/noticias\\\/\",\"name\":\"Cand\\u00e1s 365\",\"alternateName\":\"Cand\\u00e1s 365 Noticias\",\"description\":\"Actualidad desde Carre\\u00f1o para el mundo\",\"inLanguage\":\"es-ES\",\"publisher\":{\"@id\":\"https:\\\/\\\/candas365.es\\\/noticias\\\/#organization\"}}]}\n\t\t<\/script>\n\t\t<!-- All in One SEO Pro -->\r\n\t\t<title>Asturias destina 33 millones a digitalizaci\u00f3n educativa | Cand\u00e1s 365<\/title>\n\n","aioseo_head_json":{"title":"Asturias destina 33 millones a digitalizaci\u00f3n educativa | Cand\u00e1s 365","description":"La digitalizaci\u00f3n educativa en Asturias ha recibido una inversi\u00f3n de 33 millones de euros desde 2020, seg\u00fan los datos expuestos por la consejera de Educaci\u00f3n","canonical_url":"https:\/\/candas365.es\/noticias\/asturias-destina-33-millones-a-digitalizacion-educativa\/","robots":"max-image-preview:large","keywords":"asturias,destacadas","webmasterTools":{"google-site-verification":"UA-32230408-1","msvalidate.01":"354F3CDFB2DA171B47FBE9ABF1F88D5","miscellaneous":""},"schema":{"@context":"https:\/\/schema.org","@graph":[{"@type":"BreadcrumbList","@id":"https:\/\/candas365.es\/noticias\/asturias-destina-33-millones-a-digitalizacion-educativa\/#breadcrumblist","itemListElement":[{"@type":"ListItem","@id":"https:\/\/candas365.es\/noticias#listItem","position":1,"name":"Home","item":"https:\/\/candas365.es\/noticias","nextItem":{"@type":"ListItem","@id":"https:\/\/candas365.es\/noticias\/category\/asturias\/#listItem","name":"Asturias"}},{"@type":"ListItem","@id":"https:\/\/candas365.es\/noticias\/category\/asturias\/#listItem","position":2,"name":"Asturias","item":"https:\/\/candas365.es\/noticias\/category\/asturias\/","nextItem":{"@type":"ListItem","@id":"https:\/\/candas365.es\/noticias\/asturias-destina-33-millones-a-digitalizacion-educativa\/#listItem","name":"Asturias destina 33 millones a digitalizaci\u00f3n educativa"},"previousItem":{"@type":"ListItem","@id":"https:\/\/candas365.es\/noticias#listItem","name":"Home"}},{"@type":"ListItem","@id":"https:\/\/candas365.es\/noticias\/asturias-destina-33-millones-a-digitalizacion-educativa\/#listItem","position":3,"name":"Asturias destina 33 millones a digitalizaci\u00f3n educativa","previousItem":{"@type":"ListItem","@id":"https:\/\/candas365.es\/noticias\/category\/asturias\/#listItem","name":"Asturias"}}]},{"@type":"NewsArticle","@id":"https:\/\/candas365.es\/noticias\/asturias-destina-33-millones-a-digitalizacion-educativa\/#newsarticle","name":"Asturias destina 33 millones a digitalizaci\u00f3n educativa | Cand\u00e1s 365","headline":"Asturias destina 33 millones a digitalizaci\u00f3n educativa","author":{"@id":"https:\/\/candas365.es\/noticias\/author\/admin\/#author"},"publisher":{"@id":"https:\/\/candas365.es\/noticias\/#organization"},"image":{"@type":"ImageObject","url":"https:\/\/candas365.es\/noticias\/wp-content\/uploads\/2026\/02\/Asturias-destina-33-millones-a-digitalizacion-educativa.jpg","width":1204,"height":752,"caption":"Foto: Prensa Principado de Asturias"},"datePublished":"2026-02-18T14:56:56+01:00","dateModified":"2026-02-18T14:56:56+01:00","inLanguage":"es-ES","mainEntityOfPage":{"@id":"https:\/\/candas365.es\/noticias\/asturias-destina-33-millones-a-digitalizacion-educativa\/#webpage"},"isPartOf":{"@id":"https:\/\/candas365.es\/noticias\/asturias-destina-33-millones-a-digitalizacion-educativa\/#webpage"},"articleSection":"Asturias, Destacadas, Asturias, educaci\u00f3n","dateline":"Publicado el febrero 18, 2026."},{"@type":"Organization","@id":"https:\/\/candas365.es\/noticias\/#organization","name":"Cand\u00e1s 365","description":"Cand\u00e1s 365 es un diario digital independiente, fundado en 2012, con base en Asturias. Informamos con rigor sobre actualidad, sociedad, cultura y ocio, con una mirada local y global.","url":"https:\/\/candas365.es\/noticias\/","email":"info@candas365.es","telephone":"+34652131393","foundingDate":"2012-06-10","logo":{"@type":"ImageObject","url":"https:\/\/candas365.es\/noticias\/wp-content\/uploads\/2024\/09\/Candas-365-Redes.jpg","@id":"https:\/\/candas365.es\/noticias\/asturias-destina-33-millones-a-digitalizacion-educativa\/#organizationLogo","width":1152,"height":864,"caption":"Cand\u00e1s 365 Redes"},"image":{"@id":"https:\/\/candas365.es\/noticias\/asturias-destina-33-millones-a-digitalizacion-educativa\/#organizationLogo"},"sameAs":["https:\/\/www.facebook.com\/Nachofdezber","https:\/\/x.com\/NabercoDigital","https:\/\/www.instagram.com\/nachofdezber\/","https:\/\/www.youtube.com\/channel\/UCZP-2wLEB9Rv6erhFmqVnvg"],"address":{"@id":"https:\/\/candas365.es\/noticias\/#postaladdress","@type":"PostalAddress","streetAddress":"san antonio 4, san antonio 4","postalCode":"33430","addressLocality":"Cand\u00e1s","addressRegion":"Asturias","addressCountry":"ES"}},{"@type":"Person","@id":"https:\/\/candas365.es\/noticias\/author\/admin\/#author","url":"https:\/\/candas365.es\/noticias\/author\/admin\/","name":"Cand\u00e1s 365","image":{"@type":"ImageObject","@id":"https:\/\/candas365.es\/noticias\/asturias-destina-33-millones-a-digitalizacion-educativa\/#authorImage","url":"https:\/\/secure.gravatar.com\/avatar\/496a8e03d0c493ede1718b7934145dbdf8d89be1036b0eec9544e1094c9de390?s=96&d=mm&r=g","width":96,"height":96,"caption":"Cand\u00e1s 365"},"sameAs":["https:\/\/www.facebook.com\/carrenoactualidad","https:\/\/twitter.com\/nbasturias","https:\/\/www.instagram.com\/nachofdezber\/","https:\/\/www.youtube.com\/channel\/UCZP-2wLEB9Rv6erhFmqVnvg"]},{"@type":"WebPage","@id":"https:\/\/candas365.es\/noticias\/asturias-destina-33-millones-a-digitalizacion-educativa\/#webpage","url":"https:\/\/candas365.es\/noticias\/asturias-destina-33-millones-a-digitalizacion-educativa\/","name":"Asturias destina 33 millones a digitalizaci\u00f3n educativa | Cand\u00e1s 365","description":"La digitalizaci\u00f3n educativa en Asturias ha recibido una inversi\u00f3n de 33 millones de euros desde 2020, seg\u00fan los datos expuestos por la consejera de Educaci\u00f3n","inLanguage":"es-ES","isPartOf":{"@id":"https:\/\/candas365.es\/noticias\/#website"},"breadcrumb":{"@id":"https:\/\/candas365.es\/noticias\/asturias-destina-33-millones-a-digitalizacion-educativa\/#breadcrumblist"},"author":{"@id":"https:\/\/candas365.es\/noticias\/author\/admin\/#author"},"creator":{"@id":"https:\/\/candas365.es\/noticias\/author\/admin\/#author"},"image":{"@type":"ImageObject","url":"https:\/\/candas365.es\/noticias\/wp-content\/uploads\/2026\/02\/Asturias-destina-33-millones-a-digitalizacion-educativa.jpg","@id":"https:\/\/candas365.es\/noticias\/asturias-destina-33-millones-a-digitalizacion-educativa\/#mainImage","width":1204,"height":752,"caption":"Foto: Prensa Principado de Asturias"},"primaryImageOfPage":{"@id":"https:\/\/candas365.es\/noticias\/asturias-destina-33-millones-a-digitalizacion-educativa\/#mainImage"},"datePublished":"2026-02-18T14:56:56+01:00","dateModified":"2026-02-18T14:56:56+01:00"},{"@type":"WebSite","@id":"https:\/\/candas365.es\/noticias\/#website","url":"https:\/\/candas365.es\/noticias\/","name":"Cand\u00e1s 365","alternateName":"Cand\u00e1s 365 Noticias","description":"Actualidad desde Carre\u00f1o para el mundo","inLanguage":"es-ES","publisher":{"@id":"https:\/\/candas365.es\/noticias\/#organization"}}]},"og:locale":"es_ES","og:site_name":"Cand\u00e1s 365","og:type":"article","og:title":"Asturias destina 33 millones a digitalizaci\u00f3n educativa | Cand\u00e1s 365","og:description":"La digitalizaci\u00f3n educativa en Asturias ha recibido una inversi\u00f3n de 33 millones de euros desde 2020, seg\u00fan los datos expuestos por la consejera de Educaci\u00f3n","og:url":"https:\/\/candas365.es\/noticias\/asturias-destina-33-millones-a-digitalizacion-educativa\/","og:image":"https:\/\/candas365.es\/noticias\/wp-content\/uploads\/2026\/02\/Asturias-destina-33-millones-a-digitalizacion-educativa.jpg","og:image:secure_url":"https:\/\/candas365.es\/noticias\/wp-content\/uploads\/2026\/02\/Asturias-destina-33-millones-a-digitalizacion-educativa.jpg","og:image:width":1204,"og:image:height":752,"article:published_time":"2026-02-18T13:56:56+00:00","article:modified_time":"2026-02-18T13:56:56+00:00","article:publisher":"https:\/\/www.facebook.com\/Nachofdezber","article:author":"https:\/\/www.facebook.com\/carrenoactualidad","twitter:card":"summary_large_image","twitter:site":"@NabercoDigital","twitter:title":"Asturias destina 33 millones a digitalizaci\u00f3n educativa | Cand\u00e1s 365","twitter:description":"La digitalizaci\u00f3n educativa en Asturias ha recibido una inversi\u00f3n de 33 millones de euros desde 2020, seg\u00fan los datos expuestos por la consejera de Educaci\u00f3n","twitter:creator":"@nbasturias","twitter:image":"https:\/\/candas365.es\/noticias\/wp-content\/uploads\/2026\/02\/Asturias-destina-33-millones-a-digitalizacion-educativa.jpg","twitter:label1":"Escrito por","twitter:data1":"Cand\u00e1s 365","twitter:label2":"Tiempo de lectura estimado","twitter:data2":"3 minutos"},"aioseo_meta_data":{"post_id":"192092","title":null,"description":"La digitalizaci\u00f3n educativa en Asturias ha recibido una inversi\u00f3n de 33 millones de euros desde 2020, seg\u00fan los datos expuestos por la consejera de Educaci\u00f3n","keywords":null,"keyphrases":{"focus":{"keyphrase":"Asturias","score":91,"analysis":{"keyphraseInTitle":{"score":9,"maxScore":9,"error":0},"keyphraseInDescription":{"score":9,"maxScore":9,"error":0},"keyphraseLength":{"score":9,"maxScore":9,"error":0,"length":1},"keyphraseInURL":{"score":5,"maxScore":5,"error":0},"keyphraseInIntroduction":{"score":9,"maxScore":9,"error":0},"keyphraseInSubHeadings":{"score":3,"maxScore":9,"error":1},"keyphraseInImageAlt":{"score":9,"maxScore":9,"error":0},"keywordDensity":{"type":"best","score":9,"maxScore":9,"error":0}}},"additional":[{"keyphrase":"digitalizaci\u00f3n educativa","score":80,"analysis":{"keyphraseInDescription":{"score":9,"maxScore":9,"error":0},"keyphraseLength":{"score":9,"maxScore":9,"error":0,"length":3},"keyphraseInIntroduction":{"score":9,"maxScore":9,"error":0},"keyphraseInImageAlt":{"score":9,"maxScore":9,"error":0},"keywordDensity":{"score":0,"type":"low","maxScore":9,"error":1}}}]},"primary_term":null,"canonical_url":null,"og_title":null,"og_description":null,"og_object_type":"default","og_image_type":"default","og_image_url":null,"og_image_width":null,"og_image_height":null,"og_image_custom_url":null,"og_image_custom_fields":null,"og_video":"","og_custom_url":null,"og_article_section":null,"og_article_tags":null,"twitter_use_og":false,"twitter_card":"default","twitter_image_type":"default","twitter_image_url":null,"twitter_image_custom_url":null,"twitter_image_custom_fields":null,"twitter_title":null,"twitter_description":null,"schema":{"blockGraphs":[],"customGraphs":[],"default":{"data":{"Article":[],"Course":[],"Dataset":[],"FAQPage":[],"Movie":[],"Person":[],"Product":[],"ProductReview":[],"Car":[],"Recipe":[],"Service":[],"SoftwareApplication":[],"WebPage":[]},"graphName":"Article","isEnabled":true},"graphs":[]},"schema_type":"default","schema_type_options":null,"pillar_content":false,"robots_default":true,"robots_noindex":false,"robots_noarchive":false,"robots_nosnippet":false,"robots_nofollow":false,"robots_noimageindex":false,"robots_noodp":false,"robots_notranslate":false,"robots_max_snippet":"-1","robots_max_videopreview":"-1","robots_max_imagepreview":"large","priority":null,"frequency":"default","location":null,"local_seo":null,"seo_analyzer_scan_date":"2026-02-18 14:07:56","breadcrumb_settings":null,"limit_modified_date":false,"reviewed_by":null,"open_ai":null,"ai":{"faqs":[],"keyPoints":[],"titles":[],"descriptions":[],"socialPosts":{"email":[],"linkedin":[],"twitter":[],"facebook":[],"instagram":[]}},"created":"2026-02-18 13:48:22","updated":"2026-02-18 14:07:56"},"aioseo_breadcrumb":"<div class=\"aioseo-breadcrumbs\"><span class=\"aioseo-breadcrumb\">\n\t<a href=\"https:\/\/candas365.es\/noticias\" title=\"Home\">Home<\/a>\n<\/span><span class=\"aioseo-breadcrumb-separator\">&ndash;<\/span><span class=\"aioseo-breadcrumb\">\n\t<a href=\"https:\/\/candas365.es\/noticias\/category\/asturias\/\" title=\"Asturias\">Asturias<\/a>\n<\/span><span class=\"aioseo-breadcrumb-separator\">&ndash;<\/span><span class=\"aioseo-breadcrumb\">\n\tAsturias destina 33 millones a digitalizaci\u00f3n educativa\n<\/span><\/div>","aioseo_breadcrumb_json":[{"label":"Home","link":"https:\/\/candas365.es\/noticias"},{"label":"Asturias","link":"https:\/\/candas365.es\/noticias\/category\/asturias\/"},{"label":"Asturias destina 33 millones a digitalizaci\u00f3n educativa","link":"https:\/\/candas365.es\/noticias\/asturias-destina-33-millones-a-digitalizacion-educativa\/"}],"_links":{"self":[{"href":"https:\/\/candas365.es\/noticias\/wp-json\/wp\/v2\/posts\/192092","targetHints":{"allow":["GET"]}}],"collection":[{"href":"https:\/\/candas365.es\/noticias\/wp-json\/wp\/v2\/posts"}],"about":[{"href":"https:\/\/candas365.es\/noticias\/wp-json\/wp\/v2\/types\/post"}],"author":[{"embeddable":true,"href":"https:\/\/candas365.es\/noticias\/wp-json\/wp\/v2\/users\/1"}],"replies":[{"embeddable":true,"href":"https:\/\/candas365.es\/noticias\/wp-json\/wp\/v2\/comments?post=192092"}],"version-history":[{"count":0,"href":"https:\/\/candas365.es\/noticias\/wp-json\/wp\/v2\/posts\/192092\/revisions"}],"wp:featuredmedia":[{"embeddable":true,"href":"https:\/\/candas365.es\/noticias\/wp-json\/wp\/v2\/media\/192093"}],"wp:attachment":[{"href":"https:\/\/candas365.es\/noticias\/wp-json\/wp\/v2\/media?parent=192092"}],"wp:term":[{"taxonomy":"category","embeddable":true,"href":"https:\/\/candas365.es\/noticias\/wp-json\/wp\/v2\/categories?post=192092"},{"taxonomy":"post_tag","embeddable":true,"href":"https:\/\/candas365.es\/noticias\/wp-json\/wp\/v2\/tags?post=192092"}],"curies":[{"name":"wp","href":"https:\/\/api.w.org\/{rel}","templated":true}]}}