{"id":192083,"date":"2026-02-18T14:21:34","date_gmt":"2026-02-18T13:21:34","guid":{"rendered":"https:\/\/candas365.es\/noticias\/?p=192083"},"modified":"2026-02-18T14:21:34","modified_gmt":"2026-02-18T13:21:34","slug":"el-acuerdo-en-ceasa-de-navia-pendiente-de-ratificacion","status":"publish","type":"post","link":"https:\/\/candas365.es\/noticias\/el-acuerdo-en-ceasa-de-navia-pendiente-de-ratificacion\/","title":{"rendered":"El acuerdo en Ceasa de Navia pendiente de ratificaci\u00f3n"},"content":{"rendered":"<p data-start=\"62\" data-end=\"519\">El <a href=\"https:\/\/candas365.es\/noticias\/category\/canal-empresas\/\"><span style=\"color: #ff6600;\"><strong data-start=\"65\" data-end=\"94\">acuerdo en Ceasa de Navia<\/strong><\/span><\/a> alcanzado entre la direcci\u00f3n de Celulosas de Asturias (Ceasa), filial del Grupo Ence, y el comit\u00e9 de empresa ha sido valorado por el viceconsejero de Industria del <a href=\"https:\/\/actualidad.asturias.es\/\"><span style=\"color: #ff6600;\"><strong>Principado<\/strong><\/span><\/a>, Juan Carlos Campo. Seg\u00fan ha se\u00f1alado, el pacto corrige el planteamiento inicial, evita medidas traum\u00e1ticas para la plantilla e incorpora el compromiso de nuevas inversiones industriales. El entendimiento queda ahora pendiente de su ratificaci\u00f3n por las asambleas.<\/p>\n<figure id=\"attachment_192084\" aria-describedby=\"caption-attachment-192084\" style=\"width: 650px\" class=\"wp-caption aligncenter\"><img fetchpriority=\"high\" decoding=\"async\" class=\"size-large wp-image-192084\" src=\"https:\/\/candas365.es\/noticias\/wp-content\/uploads\/2026\/02\/El-acuerdo-en-Ceasa-de-Navia-pendiente-de-ratificacion-650x300.jpg\" alt=\"El acuerdo en Ceasa de Navia pendiente de ratificaci\u00f3n\" width=\"650\" height=\"300\" srcset=\"https:\/\/candas365.es\/noticias\/wp-content\/uploads\/2026\/02\/El-acuerdo-en-Ceasa-de-Navia-pendiente-de-ratificacion-650x300.jpg 650w, https:\/\/candas365.es\/noticias\/wp-content\/uploads\/2026\/02\/El-acuerdo-en-Ceasa-de-Navia-pendiente-de-ratificacion-360x166.jpg 360w, https:\/\/candas365.es\/noticias\/wp-content\/uploads\/2026\/02\/El-acuerdo-en-Ceasa-de-Navia-pendiente-de-ratificacion-768x355.jpg 768w, https:\/\/candas365.es\/noticias\/wp-content\/uploads\/2026\/02\/El-acuerdo-en-Ceasa-de-Navia-pendiente-de-ratificacion-150x69.jpg 150w, https:\/\/candas365.es\/noticias\/wp-content\/uploads\/2026\/02\/El-acuerdo-en-Ceasa-de-Navia-pendiente-de-ratificacion-450x208.jpg 450w, https:\/\/candas365.es\/noticias\/wp-content\/uploads\/2026\/02\/El-acuerdo-en-Ceasa-de-Navia-pendiente-de-ratificacion-1200x555.jpg 1200w, https:\/\/candas365.es\/noticias\/wp-content\/uploads\/2026\/02\/El-acuerdo-en-Ceasa-de-Navia-pendiente-de-ratificacion.jpg 1218w\" sizes=\"(max-width: 650px) 100vw, 650px\" \/><figcaption id=\"caption-attachment-192084\" class=\"wp-caption-text\">Foto: Prensa Principado de Asturias<\/figcaption><\/figure>\n<h2 data-start=\"521\" data-end=\"565\">Valoraci\u00f3n del pacto y garant\u00edas sociales<\/h2>\n<p data-start=\"567\" data-end=\"886\">El viceconsejero ha indicado que el acuerdo corrige una propuesta inicial que resultaba desfavorable para las trabajadoras y los trabajadores de Navia y de los concejos lim\u00edtrofes. Seg\u00fan ha afirmado, el pacto evita medidas traum\u00e1ticas para la plantilla y ordena el proceso con garant\u00edas sociales y con visi\u00f3n de futuro.<\/p>\n<p data-start=\"888\" data-end=\"1028\">Campo ha felicitado a ambas partes por la responsabilidad y el di\u00e1logo que, seg\u00fan ha manifestado, han permitido alcanzar este entendimiento.<\/p>\n<h1 data-start=\"1030\" data-end=\"1076\">Compromiso de inversi\u00f3n industrial en Navia<\/h1>\n<p data-start=\"1078\" data-end=\"1319\">El responsable auton\u00f3mico tambi\u00e9n ha destacado el compromiso asumido por Ence para instalar una nueva planta de fabricaci\u00f3n de envases de celulosa. Seg\u00fan ha explicado, esta iniciativa supone un salto cualitativo en t\u00e9rminos de valor a\u00f1adido.<\/p>\n<p data-start=\"1321\" data-end=\"1496\">Asimismo, ha se\u00f1alado que la futura instalaci\u00f3n permitir\u00e1 recolocar trabajadores y generar\u00e1 actividad econ\u00f3mica y empleo indirecto en la zona, reforzando el tejido industrial.<\/p>\n<p data-start=\"1498\" data-end=\"1774\">En palabras del viceconsejero, se trata de un acuerdo que combina protecci\u00f3n social, di\u00e1logo y apuesta industrial. Finalmente, ha expresado su confianza en que el pacto sea ratificado por las asambleas con el fin de aportar estabilidad y certidumbre a las personas implicadas.<\/p>\n","protected":false},"excerpt":{"rendered":"<p>El acuerdo en Ceasa de Navia alcanzado entre la direcci\u00f3n de Celulosas de Asturias (Ceasa), filial del Grupo Ence, y el comit\u00e9 de empresa ha sido valorado por el viceconsejero de Industria del Principado, Juan Carlos Campo. Seg\u00fan ha se\u00f1alado, el pacto corrige el planteamiento inicial, evita medidas traum\u00e1ticas para la plantilla e incorpora el<\/p>\n","protected":false},"author":1,"featured_media":192084,"comment_status":"closed","ping_status":"closed","sticky":false,"template":"","format":"standard","meta":{"footnotes":""},"categories":[151,316],"tags":[380],"class_list":{"0":"post-192083","1":"post","2":"type-post","3":"status-publish","4":"format-standard","5":"has-post-thumbnail","7":"category-canal-empresas","8":"category-destacadas","9":"tag-asturias"},"aioseo_notices":[],"aioseo_head":"\n\t\t<!-- All in One SEO Pro 4.9.6.2 - aioseo.com -->\n\t<meta name=\"description\" content=\"El acuerdo en Ceasa de Navia alcanzado entre la direcci\u00f3n de Celulosas de Asturias (Ceasa), filial del Grupo Ence, y el comit\u00e9 de empresa ha sido valorado\" \/>\n\t<meta name=\"robots\" content=\"max-image-preview:large\" \/>\n\t<meta name=\"author\" content=\"Cand\u00e1s 365\"\/>\n\t<meta name=\"google-site-verification\" content=\"UA-32230408-1\" \/>\n\t<meta name=\"msvalidate.01\" content=\"354F3CDFB2DA171B47FBE9ABF1F88D5\" \/>\n\t<meta name=\"keywords\" content=\"canal empresas,destacadas\" \/>\n\t<link rel=\"canonical\" href=\"https:\/\/candas365.es\/noticias\/el-acuerdo-en-ceasa-de-navia-pendiente-de-ratificacion\/\" \/>\n\t<meta name=\"generator\" content=\"All in One SEO Pro (AIOSEO) 4.9.6.2\" \/>\n\t\t<meta property=\"og:locale\" content=\"es_ES\" \/>\n\t\t<meta property=\"og:site_name\" content=\"Cand\u00e1s 365\" \/>\n\t\t<meta property=\"og:type\" content=\"article\" \/>\n\t\t<meta property=\"og:title\" content=\"El acuerdo en Ceasa de Navia pendiente de ratificaci\u00f3n | Cand\u00e1s 365\" \/>\n\t\t<meta property=\"og:description\" content=\"El acuerdo en Ceasa de Navia alcanzado entre la direcci\u00f3n de Celulosas de Asturias (Ceasa), filial del Grupo Ence, y el comit\u00e9 de empresa ha sido valorado\" \/>\n\t\t<meta property=\"og:url\" content=\"https:\/\/candas365.es\/noticias\/el-acuerdo-en-ceasa-de-navia-pendiente-de-ratificacion\/\" \/>\n\t\t<meta property=\"og:image\" content=\"https:\/\/candas365.es\/noticias\/wp-content\/uploads\/2026\/02\/El-acuerdo-en-Ceasa-de-Navia-pendiente-de-ratificacion.jpg\" \/>\n\t\t<meta property=\"og:image:secure_url\" content=\"https:\/\/candas365.es\/noticias\/wp-content\/uploads\/2026\/02\/El-acuerdo-en-Ceasa-de-Navia-pendiente-de-ratificacion.jpg\" \/>\n\t\t<meta property=\"og:image:width\" content=\"1218\" \/>\n\t\t<meta property=\"og:image:height\" content=\"563\" \/>\n\t\t<meta property=\"article:published_time\" content=\"2026-02-18T13:21:34+00:00\" \/>\n\t\t<meta property=\"article:modified_time\" content=\"2026-02-18T13:21:34+00:00\" \/>\n\t\t<meta property=\"article:publisher\" content=\"https:\/\/www.facebook.com\/Nachofdezber\" \/>\n\t\t<meta property=\"article:author\" content=\"https:\/\/www.facebook.com\/carrenoactualidad\" \/>\n\t\t<meta name=\"twitter:card\" content=\"summary_large_image\" \/>\n\t\t<meta name=\"twitter:site\" content=\"@NabercoDigital\" \/>\n\t\t<meta name=\"twitter:title\" content=\"El acuerdo en Ceasa de Navia pendiente de ratificaci\u00f3n | Cand\u00e1s 365\" \/>\n\t\t<meta name=\"twitter:description\" content=\"El acuerdo en Ceasa de Navia alcanzado entre la direcci\u00f3n de Celulosas de Asturias (Ceasa), filial del Grupo Ence, y el comit\u00e9 de empresa ha sido valorado\" \/>\n\t\t<meta name=\"twitter:creator\" content=\"@nbasturias\" \/>\n\t\t<meta name=\"twitter:image\" content=\"https:\/\/candas365.es\/noticias\/wp-content\/uploads\/2026\/02\/El-acuerdo-en-Ceasa-de-Navia-pendiente-de-ratificacion.jpg\" \/>\n\t\t<meta name=\"twitter:label1\" content=\"Escrito por\" \/>\n\t\t<meta name=\"twitter:data1\" content=\"Cand\u00e1s 365\" \/>\n\t\t<meta name=\"twitter:label2\" content=\"Tiempo de lectura estimado\" \/>\n\t\t<meta name=\"twitter:data2\" content=\"1 minuto\" \/>\n\t\t<script type=\"application\/ld+json\" class=\"aioseo-schema\">\n\t\t\t{\"@context\":\"https:\\\/\\\/schema.org\",\"@graph\":[{\"@type\":\"BreadcrumbList\",\"@id\":\"https:\\\/\\\/candas365.es\\\/noticias\\\/el-acuerdo-en-ceasa-de-navia-pendiente-de-ratificacion\\\/#breadcrumblist\",\"itemListElement\":[{\"@type\":\"ListItem\",\"@id\":\"https:\\\/\\\/candas365.es\\\/noticias#listItem\",\"position\":1,\"name\":\"Home\",\"item\":\"https:\\\/\\\/candas365.es\\\/noticias\",\"nextItem\":{\"@type\":\"ListItem\",\"@id\":\"https:\\\/\\\/candas365.es\\\/noticias\\\/category\\\/canal-empresas\\\/#listItem\",\"name\":\"Canal Empresas\"}},{\"@type\":\"ListItem\",\"@id\":\"https:\\\/\\\/candas365.es\\\/noticias\\\/category\\\/canal-empresas\\\/#listItem\",\"position\":2,\"name\":\"Canal Empresas\",\"item\":\"https:\\\/\\\/candas365.es\\\/noticias\\\/category\\\/canal-empresas\\\/\",\"nextItem\":{\"@type\":\"ListItem\",\"@id\":\"https:\\\/\\\/candas365.es\\\/noticias\\\/el-acuerdo-en-ceasa-de-navia-pendiente-de-ratificacion\\\/#listItem\",\"name\":\"El acuerdo en Ceasa de Navia pendiente de ratificaci\\u00f3n\"},\"previousItem\":{\"@type\":\"ListItem\",\"@id\":\"https:\\\/\\\/candas365.es\\\/noticias#listItem\",\"name\":\"Home\"}},{\"@type\":\"ListItem\",\"@id\":\"https:\\\/\\\/candas365.es\\\/noticias\\\/el-acuerdo-en-ceasa-de-navia-pendiente-de-ratificacion\\\/#listItem\",\"position\":3,\"name\":\"El acuerdo en Ceasa de Navia pendiente de ratificaci\\u00f3n\",\"previousItem\":{\"@type\":\"ListItem\",\"@id\":\"https:\\\/\\\/candas365.es\\\/noticias\\\/category\\\/canal-empresas\\\/#listItem\",\"name\":\"Canal Empresas\"}}]},{\"@type\":\"NewsArticle\",\"@id\":\"https:\\\/\\\/candas365.es\\\/noticias\\\/el-acuerdo-en-ceasa-de-navia-pendiente-de-ratificacion\\\/#newsarticle\",\"name\":\"El acuerdo en Ceasa de Navia pendiente de ratificaci\\u00f3n | Cand\\u00e1s 365\",\"headline\":\"El acuerdo en Ceasa de Navia pendiente de ratificaci\\u00f3n\",\"author\":{\"@id\":\"https:\\\/\\\/candas365.es\\\/noticias\\\/author\\\/admin\\\/#author\"},\"publisher\":{\"@id\":\"https:\\\/\\\/candas365.es\\\/noticias\\\/#organization\"},\"image\":{\"@type\":\"ImageObject\",\"url\":\"https:\\\/\\\/candas365.es\\\/noticias\\\/wp-content\\\/uploads\\\/2026\\\/02\\\/El-acuerdo-en-Ceasa-de-Navia-pendiente-de-ratificacion.jpg\",\"width\":1218,\"height\":563,\"caption\":\"Foto: Prensa Principado de Asturias\"},\"datePublished\":\"2026-02-18T14:21:34+01:00\",\"dateModified\":\"2026-02-18T14:21:34+01:00\",\"inLanguage\":\"es-ES\",\"mainEntityOfPage\":{\"@id\":\"https:\\\/\\\/candas365.es\\\/noticias\\\/el-acuerdo-en-ceasa-de-navia-pendiente-de-ratificacion\\\/#webpage\"},\"isPartOf\":{\"@id\":\"https:\\\/\\\/candas365.es\\\/noticias\\\/el-acuerdo-en-ceasa-de-navia-pendiente-de-ratificacion\\\/#webpage\"},\"articleSection\":\"Canal Empresas, Destacadas, Asturias\",\"dateline\":\"Publicado el febrero 18, 2026.\"},{\"@type\":\"Organization\",\"@id\":\"https:\\\/\\\/candas365.es\\\/noticias\\\/#organization\",\"name\":\"Cand\\u00e1s 365\",\"description\":\"Cand\\u00e1s 365 es un diario digital independiente, fundado en 2012, con base en Asturias. Informamos con rigor sobre actualidad, sociedad, cultura y ocio, con una mirada local y global.\",\"url\":\"https:\\\/\\\/candas365.es\\\/noticias\\\/\",\"email\":\"info@candas365.es\",\"telephone\":\"+34652131393\",\"foundingDate\":\"2012-06-10\",\"logo\":{\"@type\":\"ImageObject\",\"url\":\"https:\\\/\\\/candas365.es\\\/noticias\\\/wp-content\\\/uploads\\\/2024\\\/09\\\/Candas-365-Redes.jpg\",\"@id\":\"https:\\\/\\\/candas365.es\\\/noticias\\\/el-acuerdo-en-ceasa-de-navia-pendiente-de-ratificacion\\\/#organizationLogo\",\"width\":1152,\"height\":864,\"caption\":\"Cand\\u00e1s 365 Redes\"},\"image\":{\"@id\":\"https:\\\/\\\/candas365.es\\\/noticias\\\/el-acuerdo-en-ceasa-de-navia-pendiente-de-ratificacion\\\/#organizationLogo\"},\"sameAs\":[\"https:\\\/\\\/www.facebook.com\\\/Nachofdezber\",\"https:\\\/\\\/x.com\\\/NabercoDigital\",\"https:\\\/\\\/www.instagram.com\\\/nachofdezber\\\/\",\"https:\\\/\\\/www.youtube.com\\\/channel\\\/UCZP-2wLEB9Rv6erhFmqVnvg\"],\"address\":{\"@id\":\"https:\\\/\\\/candas365.es\\\/noticias\\\/#postaladdress\",\"@type\":\"PostalAddress\",\"streetAddress\":\"san antonio 4, san antonio 4\",\"postalCode\":\"33430\",\"addressLocality\":\"Cand\\u00e1s\",\"addressRegion\":\"Asturias\",\"addressCountry\":\"ES\"}},{\"@type\":\"Person\",\"@id\":\"https:\\\/\\\/candas365.es\\\/noticias\\\/author\\\/admin\\\/#author\",\"url\":\"https:\\\/\\\/candas365.es\\\/noticias\\\/author\\\/admin\\\/\",\"name\":\"Cand\\u00e1s 365\",\"image\":{\"@type\":\"ImageObject\",\"@id\":\"https:\\\/\\\/candas365.es\\\/noticias\\\/el-acuerdo-en-ceasa-de-navia-pendiente-de-ratificacion\\\/#authorImage\",\"url\":\"https:\\\/\\\/secure.gravatar.com\\\/avatar\\\/496a8e03d0c493ede1718b7934145dbdf8d89be1036b0eec9544e1094c9de390?s=96&d=mm&r=g\",\"width\":96,\"height\":96,\"caption\":\"Cand\\u00e1s 365\"},\"sameAs\":[\"https:\\\/\\\/www.facebook.com\\\/carrenoactualidad\",\"https:\\\/\\\/twitter.com\\\/nbasturias\",\"https:\\\/\\\/www.instagram.com\\\/nachofdezber\\\/\",\"https:\\\/\\\/www.youtube.com\\\/channel\\\/UCZP-2wLEB9Rv6erhFmqVnvg\"]},{\"@type\":\"WebPage\",\"@id\":\"https:\\\/\\\/candas365.es\\\/noticias\\\/el-acuerdo-en-ceasa-de-navia-pendiente-de-ratificacion\\\/#webpage\",\"url\":\"https:\\\/\\\/candas365.es\\\/noticias\\\/el-acuerdo-en-ceasa-de-navia-pendiente-de-ratificacion\\\/\",\"name\":\"El acuerdo en Ceasa de Navia pendiente de ratificaci\\u00f3n | Cand\\u00e1s 365\",\"description\":\"El acuerdo en Ceasa de Navia alcanzado entre la direcci\\u00f3n de Celulosas de Asturias (Ceasa), filial del Grupo Ence, y el comit\\u00e9 de empresa ha sido valorado\",\"inLanguage\":\"es-ES\",\"isPartOf\":{\"@id\":\"https:\\\/\\\/candas365.es\\\/noticias\\\/#website\"},\"breadcrumb\":{\"@id\":\"https:\\\/\\\/candas365.es\\\/noticias\\\/el-acuerdo-en-ceasa-de-navia-pendiente-de-ratificacion\\\/#breadcrumblist\"},\"author\":{\"@id\":\"https:\\\/\\\/candas365.es\\\/noticias\\\/author\\\/admin\\\/#author\"},\"creator\":{\"@id\":\"https:\\\/\\\/candas365.es\\\/noticias\\\/author\\\/admin\\\/#author\"},\"image\":{\"@type\":\"ImageObject\",\"url\":\"https:\\\/\\\/candas365.es\\\/noticias\\\/wp-content\\\/uploads\\\/2026\\\/02\\\/El-acuerdo-en-Ceasa-de-Navia-pendiente-de-ratificacion.jpg\",\"@id\":\"https:\\\/\\\/candas365.es\\\/noticias\\\/el-acuerdo-en-ceasa-de-navia-pendiente-de-ratificacion\\\/#mainImage\",\"width\":1218,\"height\":563,\"caption\":\"Foto: Prensa Principado de Asturias\"},\"primaryImageOfPage\":{\"@id\":\"https:\\\/\\\/candas365.es\\\/noticias\\\/el-acuerdo-en-ceasa-de-navia-pendiente-de-ratificacion\\\/#mainImage\"},\"datePublished\":\"2026-02-18T14:21:34+01:00\",\"dateModified\":\"2026-02-18T14:21:34+01:00\"},{\"@type\":\"WebSite\",\"@id\":\"https:\\\/\\\/candas365.es\\\/noticias\\\/#website\",\"url\":\"https:\\\/\\\/candas365.es\\\/noticias\\\/\",\"name\":\"Cand\\u00e1s 365\",\"alternateName\":\"Cand\\u00e1s 365 Noticias\",\"description\":\"Actualidad desde Carre\\u00f1o para el mundo\",\"inLanguage\":\"es-ES\",\"publisher\":{\"@id\":\"https:\\\/\\\/candas365.es\\\/noticias\\\/#organization\"}}]}\n\t\t<\/script>\n\t\t<!-- All in One SEO Pro -->\r\n\t\t<title>El acuerdo en Ceasa de Navia pendiente de ratificaci\u00f3n | Cand\u00e1s 365<\/title>\n\n","aioseo_head_json":{"title":"El acuerdo en Ceasa de Navia pendiente de ratificaci\u00f3n | Cand\u00e1s 365","description":"El acuerdo en Ceasa de Navia alcanzado entre la direcci\u00f3n de Celulosas de Asturias (Ceasa), filial del Grupo Ence, y el comit\u00e9 de empresa ha sido valorado","canonical_url":"https:\/\/candas365.es\/noticias\/el-acuerdo-en-ceasa-de-navia-pendiente-de-ratificacion\/","robots":"max-image-preview:large","keywords":"canal empresas,destacadas","webmasterTools":{"google-site-verification":"UA-32230408-1","msvalidate.01":"354F3CDFB2DA171B47FBE9ABF1F88D5","miscellaneous":""},"schema":{"@context":"https:\/\/schema.org","@graph":[{"@type":"BreadcrumbList","@id":"https:\/\/candas365.es\/noticias\/el-acuerdo-en-ceasa-de-navia-pendiente-de-ratificacion\/#breadcrumblist","itemListElement":[{"@type":"ListItem","@id":"https:\/\/candas365.es\/noticias#listItem","position":1,"name":"Home","item":"https:\/\/candas365.es\/noticias","nextItem":{"@type":"ListItem","@id":"https:\/\/candas365.es\/noticias\/category\/canal-empresas\/#listItem","name":"Canal Empresas"}},{"@type":"ListItem","@id":"https:\/\/candas365.es\/noticias\/category\/canal-empresas\/#listItem","position":2,"name":"Canal Empresas","item":"https:\/\/candas365.es\/noticias\/category\/canal-empresas\/","nextItem":{"@type":"ListItem","@id":"https:\/\/candas365.es\/noticias\/el-acuerdo-en-ceasa-de-navia-pendiente-de-ratificacion\/#listItem","name":"El acuerdo en Ceasa de Navia pendiente de ratificaci\u00f3n"},"previousItem":{"@type":"ListItem","@id":"https:\/\/candas365.es\/noticias#listItem","name":"Home"}},{"@type":"ListItem","@id":"https:\/\/candas365.es\/noticias\/el-acuerdo-en-ceasa-de-navia-pendiente-de-ratificacion\/#listItem","position":3,"name":"El acuerdo en Ceasa de Navia pendiente de ratificaci\u00f3n","previousItem":{"@type":"ListItem","@id":"https:\/\/candas365.es\/noticias\/category\/canal-empresas\/#listItem","name":"Canal Empresas"}}]},{"@type":"NewsArticle","@id":"https:\/\/candas365.es\/noticias\/el-acuerdo-en-ceasa-de-navia-pendiente-de-ratificacion\/#newsarticle","name":"El acuerdo en Ceasa de Navia pendiente de ratificaci\u00f3n | Cand\u00e1s 365","headline":"El acuerdo en Ceasa de Navia pendiente de ratificaci\u00f3n","author":{"@id":"https:\/\/candas365.es\/noticias\/author\/admin\/#author"},"publisher":{"@id":"https:\/\/candas365.es\/noticias\/#organization"},"image":{"@type":"ImageObject","url":"https:\/\/candas365.es\/noticias\/wp-content\/uploads\/2026\/02\/El-acuerdo-en-Ceasa-de-Navia-pendiente-de-ratificacion.jpg","width":1218,"height":563,"caption":"Foto: Prensa Principado de Asturias"},"datePublished":"2026-02-18T14:21:34+01:00","dateModified":"2026-02-18T14:21:34+01:00","inLanguage":"es-ES","mainEntityOfPage":{"@id":"https:\/\/candas365.es\/noticias\/el-acuerdo-en-ceasa-de-navia-pendiente-de-ratificacion\/#webpage"},"isPartOf":{"@id":"https:\/\/candas365.es\/noticias\/el-acuerdo-en-ceasa-de-navia-pendiente-de-ratificacion\/#webpage"},"articleSection":"Canal Empresas, Destacadas, Asturias","dateline":"Publicado el febrero 18, 2026."},{"@type":"Organization","@id":"https:\/\/candas365.es\/noticias\/#organization","name":"Cand\u00e1s 365","description":"Cand\u00e1s 365 es un diario digital independiente, fundado en 2012, con base en Asturias. Informamos con rigor sobre actualidad, sociedad, cultura y ocio, con una mirada local y global.","url":"https:\/\/candas365.es\/noticias\/","email":"info@candas365.es","telephone":"+34652131393","foundingDate":"2012-06-10","logo":{"@type":"ImageObject","url":"https:\/\/candas365.es\/noticias\/wp-content\/uploads\/2024\/09\/Candas-365-Redes.jpg","@id":"https:\/\/candas365.es\/noticias\/el-acuerdo-en-ceasa-de-navia-pendiente-de-ratificacion\/#organizationLogo","width":1152,"height":864,"caption":"Cand\u00e1s 365 Redes"},"image":{"@id":"https:\/\/candas365.es\/noticias\/el-acuerdo-en-ceasa-de-navia-pendiente-de-ratificacion\/#organizationLogo"},"sameAs":["https:\/\/www.facebook.com\/Nachofdezber","https:\/\/x.com\/NabercoDigital","https:\/\/www.instagram.com\/nachofdezber\/","https:\/\/www.youtube.com\/channel\/UCZP-2wLEB9Rv6erhFmqVnvg"],"address":{"@id":"https:\/\/candas365.es\/noticias\/#postaladdress","@type":"PostalAddress","streetAddress":"san antonio 4, san antonio 4","postalCode":"33430","addressLocality":"Cand\u00e1s","addressRegion":"Asturias","addressCountry":"ES"}},{"@type":"Person","@id":"https:\/\/candas365.es\/noticias\/author\/admin\/#author","url":"https:\/\/candas365.es\/noticias\/author\/admin\/","name":"Cand\u00e1s 365","image":{"@type":"ImageObject","@id":"https:\/\/candas365.es\/noticias\/el-acuerdo-en-ceasa-de-navia-pendiente-de-ratificacion\/#authorImage","url":"https:\/\/secure.gravatar.com\/avatar\/496a8e03d0c493ede1718b7934145dbdf8d89be1036b0eec9544e1094c9de390?s=96&d=mm&r=g","width":96,"height":96,"caption":"Cand\u00e1s 365"},"sameAs":["https:\/\/www.facebook.com\/carrenoactualidad","https:\/\/twitter.com\/nbasturias","https:\/\/www.instagram.com\/nachofdezber\/","https:\/\/www.youtube.com\/channel\/UCZP-2wLEB9Rv6erhFmqVnvg"]},{"@type":"WebPage","@id":"https:\/\/candas365.es\/noticias\/el-acuerdo-en-ceasa-de-navia-pendiente-de-ratificacion\/#webpage","url":"https:\/\/candas365.es\/noticias\/el-acuerdo-en-ceasa-de-navia-pendiente-de-ratificacion\/","name":"El acuerdo en Ceasa de Navia pendiente de ratificaci\u00f3n | Cand\u00e1s 365","description":"El acuerdo en Ceasa de Navia alcanzado entre la direcci\u00f3n de Celulosas de Asturias (Ceasa), filial del Grupo Ence, y el comit\u00e9 de empresa ha sido valorado","inLanguage":"es-ES","isPartOf":{"@id":"https:\/\/candas365.es\/noticias\/#website"},"breadcrumb":{"@id":"https:\/\/candas365.es\/noticias\/el-acuerdo-en-ceasa-de-navia-pendiente-de-ratificacion\/#breadcrumblist"},"author":{"@id":"https:\/\/candas365.es\/noticias\/author\/admin\/#author"},"creator":{"@id":"https:\/\/candas365.es\/noticias\/author\/admin\/#author"},"image":{"@type":"ImageObject","url":"https:\/\/candas365.es\/noticias\/wp-content\/uploads\/2026\/02\/El-acuerdo-en-Ceasa-de-Navia-pendiente-de-ratificacion.jpg","@id":"https:\/\/candas365.es\/noticias\/el-acuerdo-en-ceasa-de-navia-pendiente-de-ratificacion\/#mainImage","width":1218,"height":563,"caption":"Foto: Prensa Principado de Asturias"},"primaryImageOfPage":{"@id":"https:\/\/candas365.es\/noticias\/el-acuerdo-en-ceasa-de-navia-pendiente-de-ratificacion\/#mainImage"},"datePublished":"2026-02-18T14:21:34+01:00","dateModified":"2026-02-18T14:21:34+01:00"},{"@type":"WebSite","@id":"https:\/\/candas365.es\/noticias\/#website","url":"https:\/\/candas365.es\/noticias\/","name":"Cand\u00e1s 365","alternateName":"Cand\u00e1s 365 Noticias","description":"Actualidad desde Carre\u00f1o para el mundo","inLanguage":"es-ES","publisher":{"@id":"https:\/\/candas365.es\/noticias\/#organization"}}]},"og:locale":"es_ES","og:site_name":"Cand\u00e1s 365","og:type":"article","og:title":"El acuerdo en Ceasa de Navia pendiente de ratificaci\u00f3n | Cand\u00e1s 365","og:description":"El acuerdo en Ceasa de Navia alcanzado entre la direcci\u00f3n de Celulosas de Asturias (Ceasa), filial del Grupo Ence, y el comit\u00e9 de empresa ha sido valorado","og:url":"https:\/\/candas365.es\/noticias\/el-acuerdo-en-ceasa-de-navia-pendiente-de-ratificacion\/","og:image":"https:\/\/candas365.es\/noticias\/wp-content\/uploads\/2026\/02\/El-acuerdo-en-Ceasa-de-Navia-pendiente-de-ratificacion.jpg","og:image:secure_url":"https:\/\/candas365.es\/noticias\/wp-content\/uploads\/2026\/02\/El-acuerdo-en-Ceasa-de-Navia-pendiente-de-ratificacion.jpg","og:image:width":1218,"og:image:height":563,"article:published_time":"2026-02-18T13:21:34+00:00","article:modified_time":"2026-02-18T13:21:34+00:00","article:publisher":"https:\/\/www.facebook.com\/Nachofdezber","article:author":"https:\/\/www.facebook.com\/carrenoactualidad","twitter:card":"summary_large_image","twitter:site":"@NabercoDigital","twitter:title":"El acuerdo en Ceasa de Navia pendiente de ratificaci\u00f3n | Cand\u00e1s 365","twitter:description":"El acuerdo en Ceasa de Navia alcanzado entre la direcci\u00f3n de Celulosas de Asturias (Ceasa), filial del Grupo Ence, y el comit\u00e9 de empresa ha sido valorado","twitter:creator":"@nbasturias","twitter:image":"https:\/\/candas365.es\/noticias\/wp-content\/uploads\/2026\/02\/El-acuerdo-en-Ceasa-de-Navia-pendiente-de-ratificacion.jpg","twitter:label1":"Escrito por","twitter:data1":"Cand\u00e1s 365","twitter:label2":"Tiempo de lectura estimado","twitter:data2":"1 minuto"},"aioseo_meta_data":{"post_id":"192083","title":null,"description":"El acuerdo en Ceasa de Navia alcanzado entre la direcci\u00f3n de Celulosas de Asturias (Ceasa), filial del Grupo Ence, y el comit\u00e9 de empresa ha sido valorado","keywords":null,"keyphrases":{"focus":{"keyphrase":"Ceasa","score":91,"analysis":{"keyphraseInTitle":{"score":9,"maxScore":9,"error":0},"keyphraseInDescription":{"score":9,"maxScore":9,"error":0},"keyphraseLength":{"score":9,"maxScore":9,"error":0,"length":1},"keyphraseInURL":{"score":5,"maxScore":5,"error":0},"keyphraseInIntroduction":{"score":9,"maxScore":9,"error":0},"keyphraseInSubHeadings":{"score":3,"maxScore":9,"error":1},"keyphraseInImageAlt":{"score":9,"maxScore":9,"error":0},"keywordDensity":{"type":"best","score":9,"maxScore":9,"error":0}}},"additional":[{"keyphrase":"Navia","score":100,"analysis":{"keyphraseInDescription":{"score":9,"maxScore":9,"error":0},"keyphraseLength":{"score":9,"maxScore":9,"error":0,"length":1},"keyphraseInIntroduction":{"score":9,"maxScore":9,"error":0},"keyphraseInImageAlt":{"score":9,"maxScore":9,"error":0},"keywordDensity":{"type":"best","score":9,"maxScore":9,"error":0}}},{"keyphrase":"Asturias","score":87,"analysis":{"keyphraseInDescription":{"score":9,"maxScore":9,"error":0},"keyphraseLength":{"score":9,"maxScore":9,"error":0,"length":1},"keyphraseInIntroduction":{"score":9,"maxScore":9,"error":0},"keyphraseInImageAlt":{"score":3,"maxScore":9,"error":1},"keywordDensity":{"type":"best","score":9,"maxScore":9,"error":0}}}]},"primary_term":null,"canonical_url":null,"og_title":null,"og_description":null,"og_object_type":"default","og_image_type":"default","og_image_url":null,"og_image_width":null,"og_image_height":null,"og_image_custom_url":null,"og_image_custom_fields":null,"og_video":"","og_custom_url":null,"og_article_section":null,"og_article_tags":null,"twitter_use_og":false,"twitter_card":"default","twitter_image_type":"default","twitter_image_url":null,"twitter_image_custom_url":null,"twitter_image_custom_fields":null,"twitter_title":null,"twitter_description":null,"schema":{"blockGraphs":[],"customGraphs":[],"default":{"data":{"Article":[],"Course":[],"Dataset":[],"FAQPage":[],"Movie":[],"Person":[],"Product":[],"ProductReview":[],"Car":[],"Recipe":[],"Service":[],"SoftwareApplication":[],"WebPage":[]},"graphName":"Article","isEnabled":true},"graphs":[]},"schema_type":"default","schema_type_options":null,"pillar_content":false,"robots_default":true,"robots_noindex":false,"robots_noarchive":false,"robots_nosnippet":false,"robots_nofollow":false,"robots_noimageindex":false,"robots_noodp":false,"robots_notranslate":false,"robots_max_snippet":"-1","robots_max_videopreview":"-1","robots_max_imagepreview":"large","priority":null,"frequency":"default","location":null,"local_seo":null,"seo_analyzer_scan_date":"2026-02-18 13:25:40","breadcrumb_settings":null,"limit_modified_date":false,"reviewed_by":null,"open_ai":null,"ai":{"faqs":[],"keyPoints":[],"titles":[],"descriptions":[],"socialPosts":{"email":[],"linkedin":[],"twitter":[],"facebook":[],"instagram":[]}},"created":"2026-02-18 13:16:39","updated":"2026-02-18 13:25:40"},"aioseo_breadcrumb":"<div class=\"aioseo-breadcrumbs\"><span class=\"aioseo-breadcrumb\">\n\t<a href=\"https:\/\/candas365.es\/noticias\" title=\"Home\">Home<\/a>\n<\/span><span class=\"aioseo-breadcrumb-separator\">&ndash;<\/span><span class=\"aioseo-breadcrumb\">\n\t<a href=\"https:\/\/candas365.es\/noticias\/category\/canal-empresas\/\" title=\"Canal Empresas\">Canal Empresas<\/a>\n<\/span><span class=\"aioseo-breadcrumb-separator\">&ndash;<\/span><span class=\"aioseo-breadcrumb\">\n\tEl acuerdo en Ceasa de Navia pendiente de ratificaci\u00f3n\n<\/span><\/div>","aioseo_breadcrumb_json":[{"label":"Home","link":"https:\/\/candas365.es\/noticias"},{"label":"Canal Empresas","link":"https:\/\/candas365.es\/noticias\/category\/canal-empresas\/"},{"label":"El acuerdo en Ceasa de Navia pendiente de ratificaci\u00f3n","link":"https:\/\/candas365.es\/noticias\/el-acuerdo-en-ceasa-de-navia-pendiente-de-ratificacion\/"}],"_links":{"self":[{"href":"https:\/\/candas365.es\/noticias\/wp-json\/wp\/v2\/posts\/192083","targetHints":{"allow":["GET"]}}],"collection":[{"href":"https:\/\/candas365.es\/noticias\/wp-json\/wp\/v2\/posts"}],"about":[{"href":"https:\/\/candas365.es\/noticias\/wp-json\/wp\/v2\/types\/post"}],"author":[{"embeddable":true,"href":"https:\/\/candas365.es\/noticias\/wp-json\/wp\/v2\/users\/1"}],"replies":[{"embeddable":true,"href":"https:\/\/candas365.es\/noticias\/wp-json\/wp\/v2\/comments?post=192083"}],"version-history":[{"count":0,"href":"https:\/\/candas365.es\/noticias\/wp-json\/wp\/v2\/posts\/192083\/revisions"}],"wp:featuredmedia":[{"embeddable":true,"href":"https:\/\/candas365.es\/noticias\/wp-json\/wp\/v2\/media\/192084"}],"wp:attachment":[{"href":"https:\/\/candas365.es\/noticias\/wp-json\/wp\/v2\/media?parent=192083"}],"wp:term":[{"taxonomy":"category","embeddable":true,"href":"https:\/\/candas365.es\/noticias\/wp-json\/wp\/v2\/categories?post=192083"},{"taxonomy":"post_tag","embeddable":true,"href":"https:\/\/candas365.es\/noticias\/wp-json\/wp\/v2\/tags?post=192083"}],"curies":[{"name":"wp","href":"https:\/\/api.w.org\/{rel}","templated":true}]}}