{"id":192080,"date":"2026-02-18T14:14:56","date_gmt":"2026-02-18T13:14:56","guid":{"rendered":"https:\/\/candas365.es\/noticias\/?p=192080"},"modified":"2026-02-18T14:15:16","modified_gmt":"2026-02-18T13:15:16","slug":"el-plan-especial-de-el-cristo-avanza-en-su-tramitacion","status":"publish","type":"post","link":"https:\/\/candas365.es\/noticias\/el-plan-especial-de-el-cristo-avanza-en-su-tramitacion\/","title":{"rendered":"El Plan Especial de El Cristo avanza en su tramitaci\u00f3n"},"content":{"rendered":"<p data-start=\"62\" data-end=\"529\">El <strong data-start=\"65\" data-end=\"95\">Plan Especial de El Cristo<\/strong> centra el compromiso trasladado por el consejero de Ordenaci\u00f3n de Territorio, Urbanismo, Vivienda y Derechos Ciudadanos del <a href=\"https:\/\/actualidad.asturias.es\/\" target=\"_blank\" rel=\"noopener\"><span style=\"color: #ff6600;\"><strong>Principado<\/strong><\/span><\/a>, Ovidio Zapico, al alcalde de <a href=\"https:\/\/candas365.es\/noticias\/category\/asturias\/\"><span style=\"color: #ff6600;\"><strong>Oviedo<\/strong><\/span><\/a>, Alfredo Canteli, para desbloquear la situaci\u00f3n del antiguo Hospital General. Seg\u00fan ha explicado, el Principado trabaja ya en los pliegos para la licitaci\u00f3n del plan especial y mantiene un seguimiento constante del proceso, con la previsi\u00f3n de cumplir los plazos establecidos.<\/p>\n<figure id=\"attachment_192081\" aria-describedby=\"caption-attachment-192081\" style=\"width: 650px\" class=\"wp-caption aligncenter\"><img fetchpriority=\"high\" decoding=\"async\" class=\"size-large wp-image-192081\" src=\"https:\/\/candas365.es\/noticias\/wp-content\/uploads\/2026\/02\/El-Plan-Especial-de-El-Cristo-avanza-en-su-tramitacion-650x472.jpg\" alt=\"El Plan Especial de El Cristo avanza en su tramitaci\u00f3n\" width=\"650\" height=\"472\" srcset=\"https:\/\/candas365.es\/noticias\/wp-content\/uploads\/2026\/02\/El-Plan-Especial-de-El-Cristo-avanza-en-su-tramitacion-650x472.jpg 650w, https:\/\/candas365.es\/noticias\/wp-content\/uploads\/2026\/02\/El-Plan-Especial-de-El-Cristo-avanza-en-su-tramitacion-360x261.jpg 360w, https:\/\/candas365.es\/noticias\/wp-content\/uploads\/2026\/02\/El-Plan-Especial-de-El-Cristo-avanza-en-su-tramitacion-768x558.jpg 768w, https:\/\/candas365.es\/noticias\/wp-content\/uploads\/2026\/02\/El-Plan-Especial-de-El-Cristo-avanza-en-su-tramitacion-150x109.jpg 150w, https:\/\/candas365.es\/noticias\/wp-content\/uploads\/2026\/02\/El-Plan-Especial-de-El-Cristo-avanza-en-su-tramitacion-450x327.jpg 450w, https:\/\/candas365.es\/noticias\/wp-content\/uploads\/2026\/02\/El-Plan-Especial-de-El-Cristo-avanza-en-su-tramitacion.jpg 1096w\" sizes=\"(max-width: 650px) 100vw, 650px\" \/><figcaption id=\"caption-attachment-192081\" class=\"wp-caption-text\">Foto: Prensa Principado de Asturias<\/figcaption><\/figure>\n<h2 data-start=\"531\" data-end=\"589\">Compromiso para desbloquear el antiguo Hospital General<\/h2>\n<p data-start=\"591\" data-end=\"836\">El consejero ha trasladado al alcalde su compromiso personal para avanzar en la tramitaci\u00f3n del <strong data-start=\"687\" data-end=\"717\">Plan Especial de El Cristo<\/strong> y superar la situaci\u00f3n que afecta a los vecinos del barrio y, por extensi\u00f3n, al conjunto de la ciudad de Oviedo\/Uvi\u00e9u.<\/p>\n<p data-start=\"838\" data-end=\"1091\">Seg\u00fan ha recordado, una semana antes ya anunci\u00f3 en la Junta General su voluntad de implicarse directamente en este proceso. Durante el encuentro, ha se\u00f1alado la necesidad de poner fin a un escenario que, a su juicio, no puede prolongarse por m\u00e1s tiempo.<\/p>\n<p data-start=\"1093\" data-end=\"1457\">Asimismo, ha indicado que el Principado trabaja en los pliegos para la licitaci\u00f3n del plan especial y que realiza un seguimiento constante de la tramitaci\u00f3n. Tambi\u00e9n se ha comprometido a mantener informado al ayuntamiento sobre los avances y ha garantizado que se cumplir\u00e1n los plazos previstos con el objetivo de hacer realidad el plan en el menor tiempo posible.<\/p>\n<h2 data-start=\"1459\" data-end=\"1508\">Ronda de contactos institucionales y vecinales<\/h2>\n<p data-start=\"1510\" data-end=\"1739\">En el marco de esta ronda de contactos, el consejero se ha reunido en los \u00faltimos d\u00edas con el rector de la Universidad de Oviedo, Ignacio Villaverde, y tiene previsto mantener un encuentro con representantes vecinales del barrio.<\/p>\n<p data-start=\"1741\" data-end=\"1917\">Seg\u00fan ha afirmado, el objetivo es implicar a todas las partes en el proceso de desbloqueo y desarrollo del plan, en relaci\u00f3n con las instalaciones del antiguo Hospital General.<\/p>\n","protected":false},"excerpt":{"rendered":"<p>El Plan Especial de El Cristo centra el compromiso trasladado por el consejero de Ordenaci\u00f3n de Territorio, Urbanismo, Vivienda y Derechos Ciudadanos del Principado, Ovidio Zapico, al alcalde de Oviedo, Alfredo Canteli, para desbloquear la situaci\u00f3n del antiguo Hospital General. Seg\u00fan ha explicado, el Principado trabaja ya en los pliegos para la licitaci\u00f3n del plan<\/p>\n","protected":false},"author":1,"featured_media":192081,"comment_status":"closed","ping_status":"closed","sticky":false,"template":"","format":"standard","meta":{"footnotes":""},"categories":[7,316],"tags":[380],"class_list":{"0":"post-192080","1":"post","2":"type-post","3":"status-publish","4":"format-standard","5":"has-post-thumbnail","7":"category-asturias","8":"category-destacadas","9":"tag-asturias"},"aioseo_notices":[],"aioseo_head":"\n\t\t<!-- All in One SEO Pro 4.9.6.2 - aioseo.com -->\n\t<meta name=\"description\" content=\"El Plan Especial de El Cristo centra el compromiso trasladado por el consejero de Ordenaci\u00f3n de Territorio, Urbanismo, Vivienda y Derechos Ciudadanos\" \/>\n\t<meta name=\"robots\" content=\"max-image-preview:large\" \/>\n\t<meta name=\"author\" content=\"Cand\u00e1s 365\"\/>\n\t<meta name=\"google-site-verification\" content=\"UA-32230408-1\" \/>\n\t<meta name=\"msvalidate.01\" content=\"354F3CDFB2DA171B47FBE9ABF1F88D5\" \/>\n\t<meta name=\"keywords\" content=\"asturias,destacadas\" \/>\n\t<link rel=\"canonical\" href=\"https:\/\/candas365.es\/noticias\/el-plan-especial-de-el-cristo-avanza-en-su-tramitacion\/\" \/>\n\t<meta name=\"generator\" content=\"All in One SEO Pro (AIOSEO) 4.9.6.2\" \/>\n\t\t<meta property=\"og:locale\" content=\"es_ES\" \/>\n\t\t<meta property=\"og:site_name\" content=\"Cand\u00e1s 365\" \/>\n\t\t<meta property=\"og:type\" content=\"article\" \/>\n\t\t<meta property=\"og:title\" content=\"El Plan Especial de El Cristo avanza en su tramitaci\u00f3n | Cand\u00e1s 365\" \/>\n\t\t<meta property=\"og:description\" content=\"El Plan Especial de El Cristo centra el compromiso trasladado por el consejero de Ordenaci\u00f3n de Territorio, Urbanismo, Vivienda y Derechos Ciudadanos\" \/>\n\t\t<meta property=\"og:url\" content=\"https:\/\/candas365.es\/noticias\/el-plan-especial-de-el-cristo-avanza-en-su-tramitacion\/\" \/>\n\t\t<meta property=\"og:image\" content=\"https:\/\/candas365.es\/noticias\/wp-content\/uploads\/2026\/02\/El-Plan-Especial-de-El-Cristo-avanza-en-su-tramitacion.jpg\" \/>\n\t\t<meta property=\"og:image:secure_url\" content=\"https:\/\/candas365.es\/noticias\/wp-content\/uploads\/2026\/02\/El-Plan-Especial-de-El-Cristo-avanza-en-su-tramitacion.jpg\" \/>\n\t\t<meta property=\"og:image:width\" content=\"1096\" \/>\n\t\t<meta property=\"og:image:height\" content=\"796\" \/>\n\t\t<meta property=\"article:published_time\" content=\"2026-02-18T13:14:56+00:00\" \/>\n\t\t<meta property=\"article:modified_time\" content=\"2026-02-18T13:15:16+00:00\" \/>\n\t\t<meta property=\"article:publisher\" content=\"https:\/\/www.facebook.com\/Nachofdezber\" \/>\n\t\t<meta property=\"article:author\" content=\"https:\/\/www.facebook.com\/carrenoactualidad\" \/>\n\t\t<meta name=\"twitter:card\" content=\"summary_large_image\" \/>\n\t\t<meta name=\"twitter:site\" content=\"@NabercoDigital\" \/>\n\t\t<meta name=\"twitter:title\" content=\"El Plan Especial de El Cristo avanza en su tramitaci\u00f3n | Cand\u00e1s 365\" \/>\n\t\t<meta name=\"twitter:description\" content=\"El Plan Especial de El Cristo centra el compromiso trasladado por el consejero de Ordenaci\u00f3n de Territorio, Urbanismo, Vivienda y Derechos Ciudadanos\" \/>\n\t\t<meta name=\"twitter:creator\" content=\"@nbasturias\" \/>\n\t\t<meta name=\"twitter:image\" content=\"https:\/\/candas365.es\/noticias\/wp-content\/uploads\/2026\/02\/El-Plan-Especial-de-El-Cristo-avanza-en-su-tramitacion.jpg\" \/>\n\t\t<meta name=\"twitter:label1\" content=\"Escrito por\" \/>\n\t\t<meta name=\"twitter:data1\" content=\"Cand\u00e1s 365\" \/>\n\t\t<meta name=\"twitter:label2\" content=\"Tiempo de lectura estimado\" \/>\n\t\t<meta name=\"twitter:data2\" content=\"2 minutos\" \/>\n\t\t<script type=\"application\/ld+json\" class=\"aioseo-schema\">\n\t\t\t{\"@context\":\"https:\\\/\\\/schema.org\",\"@graph\":[{\"@type\":\"BreadcrumbList\",\"@id\":\"https:\\\/\\\/candas365.es\\\/noticias\\\/el-plan-especial-de-el-cristo-avanza-en-su-tramitacion\\\/#breadcrumblist\",\"itemListElement\":[{\"@type\":\"ListItem\",\"@id\":\"https:\\\/\\\/candas365.es\\\/noticias#listItem\",\"position\":1,\"name\":\"Home\",\"item\":\"https:\\\/\\\/candas365.es\\\/noticias\",\"nextItem\":{\"@type\":\"ListItem\",\"@id\":\"https:\\\/\\\/candas365.es\\\/noticias\\\/category\\\/asturias\\\/#listItem\",\"name\":\"Asturias\"}},{\"@type\":\"ListItem\",\"@id\":\"https:\\\/\\\/candas365.es\\\/noticias\\\/category\\\/asturias\\\/#listItem\",\"position\":2,\"name\":\"Asturias\",\"item\":\"https:\\\/\\\/candas365.es\\\/noticias\\\/category\\\/asturias\\\/\",\"nextItem\":{\"@type\":\"ListItem\",\"@id\":\"https:\\\/\\\/candas365.es\\\/noticias\\\/el-plan-especial-de-el-cristo-avanza-en-su-tramitacion\\\/#listItem\",\"name\":\"El Plan Especial de El Cristo avanza en su tramitaci\\u00f3n\"},\"previousItem\":{\"@type\":\"ListItem\",\"@id\":\"https:\\\/\\\/candas365.es\\\/noticias#listItem\",\"name\":\"Home\"}},{\"@type\":\"ListItem\",\"@id\":\"https:\\\/\\\/candas365.es\\\/noticias\\\/el-plan-especial-de-el-cristo-avanza-en-su-tramitacion\\\/#listItem\",\"position\":3,\"name\":\"El Plan Especial de El Cristo avanza en su tramitaci\\u00f3n\",\"previousItem\":{\"@type\":\"ListItem\",\"@id\":\"https:\\\/\\\/candas365.es\\\/noticias\\\/category\\\/asturias\\\/#listItem\",\"name\":\"Asturias\"}}]},{\"@type\":\"NewsArticle\",\"@id\":\"https:\\\/\\\/candas365.es\\\/noticias\\\/el-plan-especial-de-el-cristo-avanza-en-su-tramitacion\\\/#newsarticle\",\"name\":\"El Plan Especial de El Cristo avanza en su tramitaci\\u00f3n | Cand\\u00e1s 365\",\"headline\":\"El Plan Especial de El Cristo avanza en su tramitaci\\u00f3n\",\"author\":{\"@id\":\"https:\\\/\\\/candas365.es\\\/noticias\\\/author\\\/admin\\\/#author\"},\"publisher\":{\"@id\":\"https:\\\/\\\/candas365.es\\\/noticias\\\/#organization\"},\"image\":{\"@type\":\"ImageObject\",\"url\":\"https:\\\/\\\/candas365.es\\\/noticias\\\/wp-content\\\/uploads\\\/2026\\\/02\\\/El-Plan-Especial-de-El-Cristo-avanza-en-su-tramitacion.jpg\",\"width\":1096,\"height\":796,\"caption\":\"Foto: Prensa Principado de Asturias\"},\"datePublished\":\"2026-02-18T14:14:56+01:00\",\"dateModified\":\"2026-02-18T14:15:16+01:00\",\"inLanguage\":\"es-ES\",\"mainEntityOfPage\":{\"@id\":\"https:\\\/\\\/candas365.es\\\/noticias\\\/el-plan-especial-de-el-cristo-avanza-en-su-tramitacion\\\/#webpage\"},\"isPartOf\":{\"@id\":\"https:\\\/\\\/candas365.es\\\/noticias\\\/el-plan-especial-de-el-cristo-avanza-en-su-tramitacion\\\/#webpage\"},\"articleSection\":\"Asturias, Destacadas, Asturias\",\"dateline\":\"Publicado el febrero 18, 2026.\"},{\"@type\":\"Organization\",\"@id\":\"https:\\\/\\\/candas365.es\\\/noticias\\\/#organization\",\"name\":\"Cand\\u00e1s 365\",\"description\":\"Cand\\u00e1s 365 es un diario digital independiente, fundado en 2012, con base en Asturias. Informamos con rigor sobre actualidad, sociedad, cultura y ocio, con una mirada local y global.\",\"url\":\"https:\\\/\\\/candas365.es\\\/noticias\\\/\",\"email\":\"info@candas365.es\",\"telephone\":\"+34652131393\",\"foundingDate\":\"2012-06-10\",\"logo\":{\"@type\":\"ImageObject\",\"url\":\"https:\\\/\\\/candas365.es\\\/noticias\\\/wp-content\\\/uploads\\\/2024\\\/09\\\/Candas-365-Redes.jpg\",\"@id\":\"https:\\\/\\\/candas365.es\\\/noticias\\\/el-plan-especial-de-el-cristo-avanza-en-su-tramitacion\\\/#organizationLogo\",\"width\":1152,\"height\":864,\"caption\":\"Cand\\u00e1s 365 Redes\"},\"image\":{\"@id\":\"https:\\\/\\\/candas365.es\\\/noticias\\\/el-plan-especial-de-el-cristo-avanza-en-su-tramitacion\\\/#organizationLogo\"},\"sameAs\":[\"https:\\\/\\\/www.facebook.com\\\/Nachofdezber\",\"https:\\\/\\\/x.com\\\/NabercoDigital\",\"https:\\\/\\\/www.instagram.com\\\/nachofdezber\\\/\",\"https:\\\/\\\/www.youtube.com\\\/channel\\\/UCZP-2wLEB9Rv6erhFmqVnvg\"],\"address\":{\"@id\":\"https:\\\/\\\/candas365.es\\\/noticias\\\/#postaladdress\",\"@type\":\"PostalAddress\",\"streetAddress\":\"san antonio 4, san antonio 4\",\"postalCode\":\"33430\",\"addressLocality\":\"Cand\\u00e1s\",\"addressRegion\":\"Asturias\",\"addressCountry\":\"ES\"}},{\"@type\":\"Person\",\"@id\":\"https:\\\/\\\/candas365.es\\\/noticias\\\/author\\\/admin\\\/#author\",\"url\":\"https:\\\/\\\/candas365.es\\\/noticias\\\/author\\\/admin\\\/\",\"name\":\"Cand\\u00e1s 365\",\"image\":{\"@type\":\"ImageObject\",\"@id\":\"https:\\\/\\\/candas365.es\\\/noticias\\\/el-plan-especial-de-el-cristo-avanza-en-su-tramitacion\\\/#authorImage\",\"url\":\"https:\\\/\\\/secure.gravatar.com\\\/avatar\\\/496a8e03d0c493ede1718b7934145dbdf8d89be1036b0eec9544e1094c9de390?s=96&d=mm&r=g\",\"width\":96,\"height\":96,\"caption\":\"Cand\\u00e1s 365\"},\"sameAs\":[\"https:\\\/\\\/www.facebook.com\\\/carrenoactualidad\",\"https:\\\/\\\/twitter.com\\\/nbasturias\",\"https:\\\/\\\/www.instagram.com\\\/nachofdezber\\\/\",\"https:\\\/\\\/www.youtube.com\\\/channel\\\/UCZP-2wLEB9Rv6erhFmqVnvg\"]},{\"@type\":\"WebPage\",\"@id\":\"https:\\\/\\\/candas365.es\\\/noticias\\\/el-plan-especial-de-el-cristo-avanza-en-su-tramitacion\\\/#webpage\",\"url\":\"https:\\\/\\\/candas365.es\\\/noticias\\\/el-plan-especial-de-el-cristo-avanza-en-su-tramitacion\\\/\",\"name\":\"El Plan Especial de El Cristo avanza en su tramitaci\\u00f3n | Cand\\u00e1s 365\",\"description\":\"El Plan Especial de El Cristo centra el compromiso trasladado por el consejero de Ordenaci\\u00f3n de Territorio, Urbanismo, Vivienda y Derechos Ciudadanos\",\"inLanguage\":\"es-ES\",\"isPartOf\":{\"@id\":\"https:\\\/\\\/candas365.es\\\/noticias\\\/#website\"},\"breadcrumb\":{\"@id\":\"https:\\\/\\\/candas365.es\\\/noticias\\\/el-plan-especial-de-el-cristo-avanza-en-su-tramitacion\\\/#breadcrumblist\"},\"author\":{\"@id\":\"https:\\\/\\\/candas365.es\\\/noticias\\\/author\\\/admin\\\/#author\"},\"creator\":{\"@id\":\"https:\\\/\\\/candas365.es\\\/noticias\\\/author\\\/admin\\\/#author\"},\"image\":{\"@type\":\"ImageObject\",\"url\":\"https:\\\/\\\/candas365.es\\\/noticias\\\/wp-content\\\/uploads\\\/2026\\\/02\\\/El-Plan-Especial-de-El-Cristo-avanza-en-su-tramitacion.jpg\",\"@id\":\"https:\\\/\\\/candas365.es\\\/noticias\\\/el-plan-especial-de-el-cristo-avanza-en-su-tramitacion\\\/#mainImage\",\"width\":1096,\"height\":796,\"caption\":\"Foto: Prensa Principado de Asturias\"},\"primaryImageOfPage\":{\"@id\":\"https:\\\/\\\/candas365.es\\\/noticias\\\/el-plan-especial-de-el-cristo-avanza-en-su-tramitacion\\\/#mainImage\"},\"datePublished\":\"2026-02-18T14:14:56+01:00\",\"dateModified\":\"2026-02-18T14:15:16+01:00\"},{\"@type\":\"WebSite\",\"@id\":\"https:\\\/\\\/candas365.es\\\/noticias\\\/#website\",\"url\":\"https:\\\/\\\/candas365.es\\\/noticias\\\/\",\"name\":\"Cand\\u00e1s 365\",\"alternateName\":\"Cand\\u00e1s 365 Noticias\",\"description\":\"Actualidad desde Carre\\u00f1o para el mundo\",\"inLanguage\":\"es-ES\",\"publisher\":{\"@id\":\"https:\\\/\\\/candas365.es\\\/noticias\\\/#organization\"}}]}\n\t\t<\/script>\n\t\t<!-- All in One SEO Pro -->\r\n\t\t<title>El Plan Especial de El Cristo avanza en su tramitaci\u00f3n | Cand\u00e1s 365<\/title>\n\n","aioseo_head_json":{"title":"El Plan Especial de El Cristo avanza en su tramitaci\u00f3n | Cand\u00e1s 365","description":"El Plan Especial de El Cristo centra el compromiso trasladado por el consejero de Ordenaci\u00f3n de Territorio, Urbanismo, Vivienda y Derechos Ciudadanos","canonical_url":"https:\/\/candas365.es\/noticias\/el-plan-especial-de-el-cristo-avanza-en-su-tramitacion\/","robots":"max-image-preview:large","keywords":"asturias,destacadas","webmasterTools":{"google-site-verification":"UA-32230408-1","msvalidate.01":"354F3CDFB2DA171B47FBE9ABF1F88D5","miscellaneous":""},"schema":{"@context":"https:\/\/schema.org","@graph":[{"@type":"BreadcrumbList","@id":"https:\/\/candas365.es\/noticias\/el-plan-especial-de-el-cristo-avanza-en-su-tramitacion\/#breadcrumblist","itemListElement":[{"@type":"ListItem","@id":"https:\/\/candas365.es\/noticias#listItem","position":1,"name":"Home","item":"https:\/\/candas365.es\/noticias","nextItem":{"@type":"ListItem","@id":"https:\/\/candas365.es\/noticias\/category\/asturias\/#listItem","name":"Asturias"}},{"@type":"ListItem","@id":"https:\/\/candas365.es\/noticias\/category\/asturias\/#listItem","position":2,"name":"Asturias","item":"https:\/\/candas365.es\/noticias\/category\/asturias\/","nextItem":{"@type":"ListItem","@id":"https:\/\/candas365.es\/noticias\/el-plan-especial-de-el-cristo-avanza-en-su-tramitacion\/#listItem","name":"El Plan Especial de El Cristo avanza en su tramitaci\u00f3n"},"previousItem":{"@type":"ListItem","@id":"https:\/\/candas365.es\/noticias#listItem","name":"Home"}},{"@type":"ListItem","@id":"https:\/\/candas365.es\/noticias\/el-plan-especial-de-el-cristo-avanza-en-su-tramitacion\/#listItem","position":3,"name":"El Plan Especial de El Cristo avanza en su tramitaci\u00f3n","previousItem":{"@type":"ListItem","@id":"https:\/\/candas365.es\/noticias\/category\/asturias\/#listItem","name":"Asturias"}}]},{"@type":"NewsArticle","@id":"https:\/\/candas365.es\/noticias\/el-plan-especial-de-el-cristo-avanza-en-su-tramitacion\/#newsarticle","name":"El Plan Especial de El Cristo avanza en su tramitaci\u00f3n | Cand\u00e1s 365","headline":"El Plan Especial de El Cristo avanza en su tramitaci\u00f3n","author":{"@id":"https:\/\/candas365.es\/noticias\/author\/admin\/#author"},"publisher":{"@id":"https:\/\/candas365.es\/noticias\/#organization"},"image":{"@type":"ImageObject","url":"https:\/\/candas365.es\/noticias\/wp-content\/uploads\/2026\/02\/El-Plan-Especial-de-El-Cristo-avanza-en-su-tramitacion.jpg","width":1096,"height":796,"caption":"Foto: Prensa Principado de Asturias"},"datePublished":"2026-02-18T14:14:56+01:00","dateModified":"2026-02-18T14:15:16+01:00","inLanguage":"es-ES","mainEntityOfPage":{"@id":"https:\/\/candas365.es\/noticias\/el-plan-especial-de-el-cristo-avanza-en-su-tramitacion\/#webpage"},"isPartOf":{"@id":"https:\/\/candas365.es\/noticias\/el-plan-especial-de-el-cristo-avanza-en-su-tramitacion\/#webpage"},"articleSection":"Asturias, Destacadas, Asturias","dateline":"Publicado el febrero 18, 2026."},{"@type":"Organization","@id":"https:\/\/candas365.es\/noticias\/#organization","name":"Cand\u00e1s 365","description":"Cand\u00e1s 365 es un diario digital independiente, fundado en 2012, con base en Asturias. Informamos con rigor sobre actualidad, sociedad, cultura y ocio, con una mirada local y global.","url":"https:\/\/candas365.es\/noticias\/","email":"info@candas365.es","telephone":"+34652131393","foundingDate":"2012-06-10","logo":{"@type":"ImageObject","url":"https:\/\/candas365.es\/noticias\/wp-content\/uploads\/2024\/09\/Candas-365-Redes.jpg","@id":"https:\/\/candas365.es\/noticias\/el-plan-especial-de-el-cristo-avanza-en-su-tramitacion\/#organizationLogo","width":1152,"height":864,"caption":"Cand\u00e1s 365 Redes"},"image":{"@id":"https:\/\/candas365.es\/noticias\/el-plan-especial-de-el-cristo-avanza-en-su-tramitacion\/#organizationLogo"},"sameAs":["https:\/\/www.facebook.com\/Nachofdezber","https:\/\/x.com\/NabercoDigital","https:\/\/www.instagram.com\/nachofdezber\/","https:\/\/www.youtube.com\/channel\/UCZP-2wLEB9Rv6erhFmqVnvg"],"address":{"@id":"https:\/\/candas365.es\/noticias\/#postaladdress","@type":"PostalAddress","streetAddress":"san antonio 4, san antonio 4","postalCode":"33430","addressLocality":"Cand\u00e1s","addressRegion":"Asturias","addressCountry":"ES"}},{"@type":"Person","@id":"https:\/\/candas365.es\/noticias\/author\/admin\/#author","url":"https:\/\/candas365.es\/noticias\/author\/admin\/","name":"Cand\u00e1s 365","image":{"@type":"ImageObject","@id":"https:\/\/candas365.es\/noticias\/el-plan-especial-de-el-cristo-avanza-en-su-tramitacion\/#authorImage","url":"https:\/\/secure.gravatar.com\/avatar\/496a8e03d0c493ede1718b7934145dbdf8d89be1036b0eec9544e1094c9de390?s=96&d=mm&r=g","width":96,"height":96,"caption":"Cand\u00e1s 365"},"sameAs":["https:\/\/www.facebook.com\/carrenoactualidad","https:\/\/twitter.com\/nbasturias","https:\/\/www.instagram.com\/nachofdezber\/","https:\/\/www.youtube.com\/channel\/UCZP-2wLEB9Rv6erhFmqVnvg"]},{"@type":"WebPage","@id":"https:\/\/candas365.es\/noticias\/el-plan-especial-de-el-cristo-avanza-en-su-tramitacion\/#webpage","url":"https:\/\/candas365.es\/noticias\/el-plan-especial-de-el-cristo-avanza-en-su-tramitacion\/","name":"El Plan Especial de El Cristo avanza en su tramitaci\u00f3n | Cand\u00e1s 365","description":"El Plan Especial de El Cristo centra el compromiso trasladado por el consejero de Ordenaci\u00f3n de Territorio, Urbanismo, Vivienda y Derechos Ciudadanos","inLanguage":"es-ES","isPartOf":{"@id":"https:\/\/candas365.es\/noticias\/#website"},"breadcrumb":{"@id":"https:\/\/candas365.es\/noticias\/el-plan-especial-de-el-cristo-avanza-en-su-tramitacion\/#breadcrumblist"},"author":{"@id":"https:\/\/candas365.es\/noticias\/author\/admin\/#author"},"creator":{"@id":"https:\/\/candas365.es\/noticias\/author\/admin\/#author"},"image":{"@type":"ImageObject","url":"https:\/\/candas365.es\/noticias\/wp-content\/uploads\/2026\/02\/El-Plan-Especial-de-El-Cristo-avanza-en-su-tramitacion.jpg","@id":"https:\/\/candas365.es\/noticias\/el-plan-especial-de-el-cristo-avanza-en-su-tramitacion\/#mainImage","width":1096,"height":796,"caption":"Foto: Prensa Principado de Asturias"},"primaryImageOfPage":{"@id":"https:\/\/candas365.es\/noticias\/el-plan-especial-de-el-cristo-avanza-en-su-tramitacion\/#mainImage"},"datePublished":"2026-02-18T14:14:56+01:00","dateModified":"2026-02-18T14:15:16+01:00"},{"@type":"WebSite","@id":"https:\/\/candas365.es\/noticias\/#website","url":"https:\/\/candas365.es\/noticias\/","name":"Cand\u00e1s 365","alternateName":"Cand\u00e1s 365 Noticias","description":"Actualidad desde Carre\u00f1o para el mundo","inLanguage":"es-ES","publisher":{"@id":"https:\/\/candas365.es\/noticias\/#organization"}}]},"og:locale":"es_ES","og:site_name":"Cand\u00e1s 365","og:type":"article","og:title":"El Plan Especial de El Cristo avanza en su tramitaci\u00f3n | Cand\u00e1s 365","og:description":"El Plan Especial de El Cristo centra el compromiso trasladado por el consejero de Ordenaci\u00f3n de Territorio, Urbanismo, Vivienda y Derechos Ciudadanos","og:url":"https:\/\/candas365.es\/noticias\/el-plan-especial-de-el-cristo-avanza-en-su-tramitacion\/","og:image":"https:\/\/candas365.es\/noticias\/wp-content\/uploads\/2026\/02\/El-Plan-Especial-de-El-Cristo-avanza-en-su-tramitacion.jpg","og:image:secure_url":"https:\/\/candas365.es\/noticias\/wp-content\/uploads\/2026\/02\/El-Plan-Especial-de-El-Cristo-avanza-en-su-tramitacion.jpg","og:image:width":1096,"og:image:height":796,"article:published_time":"2026-02-18T13:14:56+00:00","article:modified_time":"2026-02-18T13:15:16+00:00","article:publisher":"https:\/\/www.facebook.com\/Nachofdezber","article:author":"https:\/\/www.facebook.com\/carrenoactualidad","twitter:card":"summary_large_image","twitter:site":"@NabercoDigital","twitter:title":"El Plan Especial de El Cristo avanza en su tramitaci\u00f3n | Cand\u00e1s 365","twitter:description":"El Plan Especial de El Cristo centra el compromiso trasladado por el consejero de Ordenaci\u00f3n de Territorio, Urbanismo, Vivienda y Derechos Ciudadanos","twitter:creator":"@nbasturias","twitter:image":"https:\/\/candas365.es\/noticias\/wp-content\/uploads\/2026\/02\/El-Plan-Especial-de-El-Cristo-avanza-en-su-tramitacion.jpg","twitter:label1":"Escrito por","twitter:data1":"Cand\u00e1s 365","twitter:label2":"Tiempo de lectura estimado","twitter:data2":"2 minutos"},"aioseo_meta_data":{"post_id":"192080","title":null,"description":"El Plan Especial de El Cristo centra el compromiso trasladado por el consejero de Ordenaci\u00f3n de Territorio, Urbanismo, Vivienda y Derechos Ciudadanos","keywords":null,"keyphrases":{"focus":{"keyphrase":"El Cristo","score":91,"analysis":{"keyphraseInTitle":{"score":9,"maxScore":9,"error":0},"keyphraseInDescription":{"score":9,"maxScore":9,"error":0},"keyphraseLength":{"score":9,"maxScore":9,"error":0,"length":2},"keyphraseInURL":{"score":5,"maxScore":5,"error":0},"keyphraseInIntroduction":{"score":9,"maxScore":9,"error":0},"keyphraseInSubHeadings":{"score":3,"maxScore":9,"error":1},"keyphraseInImageAlt":{"score":9,"maxScore":9,"error":0},"keywordDensity":{"type":"best","score":9,"maxScore":9,"error":0}}},"additional":[{"keyphrase":"El Cristo","score":100,"analysis":{"keyphraseInDescription":{"score":9,"maxScore":9,"error":0},"keyphraseLength":{"score":9,"maxScore":9,"error":0,"length":2},"keyphraseInIntroduction":{"score":9,"maxScore":9,"error":0},"keyphraseInImageAlt":{"score":9,"maxScore":9,"error":0},"keywordDensity":{"type":"best","score":9,"maxScore":9,"error":0}}},{"keyphrase":"Plan Especial de El Cristo","score":93,"analysis":{"keyphraseInDescription":{"score":9,"maxScore":9,"error":0},"keyphraseLength":{"score":6,"maxScore":9,"error":1,"length":5},"keyphraseInIntroduction":{"score":9,"maxScore":9,"error":0},"keyphraseInImageAlt":{"score":9,"maxScore":9,"error":0},"keywordDensity":{"type":"best","score":9,"maxScore":9,"error":0}}},{"keyphrase":"Oviedo","score":73,"analysis":{"keyphraseInDescription":{"score":3,"maxScore":9,"error":1},"keyphraseLength":{"score":9,"maxScore":9,"error":0,"length":1},"keyphraseInIntroduction":{"score":9,"maxScore":9,"error":0},"keyphraseInImageAlt":{"score":3,"maxScore":9,"error":1},"keywordDensity":{"type":"best","score":9,"maxScore":9,"error":0}}}]},"primary_term":null,"canonical_url":null,"og_title":null,"og_description":null,"og_object_type":"default","og_image_type":"default","og_image_url":null,"og_image_width":null,"og_image_height":null,"og_image_custom_url":null,"og_image_custom_fields":null,"og_video":"","og_custom_url":null,"og_article_section":null,"og_article_tags":null,"twitter_use_og":false,"twitter_card":"default","twitter_image_type":"default","twitter_image_url":null,"twitter_image_custom_url":null,"twitter_image_custom_fields":null,"twitter_title":null,"twitter_description":null,"schema":{"blockGraphs":[],"customGraphs":[],"default":{"data":{"Article":[],"Course":[],"Dataset":[],"FAQPage":[],"Movie":[],"Person":[],"Product":[],"ProductReview":[],"Car":[],"Recipe":[],"Service":[],"SoftwareApplication":[],"WebPage":[]},"graphName":"Article","isEnabled":true},"graphs":[]},"schema_type":"default","schema_type_options":null,"pillar_content":false,"robots_default":true,"robots_noindex":false,"robots_noarchive":false,"robots_nosnippet":false,"robots_nofollow":false,"robots_noimageindex":false,"robots_noodp":false,"robots_notranslate":false,"robots_max_snippet":"-1","robots_max_videopreview":"-1","robots_max_imagepreview":"large","priority":null,"frequency":"default","location":null,"local_seo":null,"seo_analyzer_scan_date":"2026-02-18 13:25:30","breadcrumb_settings":null,"limit_modified_date":false,"reviewed_by":null,"open_ai":null,"ai":{"faqs":[],"keyPoints":[],"titles":[],"descriptions":[],"socialPosts":{"email":[],"linkedin":[],"twitter":[],"facebook":[],"instagram":[]}},"created":"2026-02-18 13:08:58","updated":"2026-02-18 13:25:30"},"aioseo_breadcrumb":"<div class=\"aioseo-breadcrumbs\"><span class=\"aioseo-breadcrumb\">\n\t<a href=\"https:\/\/candas365.es\/noticias\" title=\"Home\">Home<\/a>\n<\/span><span class=\"aioseo-breadcrumb-separator\">&ndash;<\/span><span class=\"aioseo-breadcrumb\">\n\t<a href=\"https:\/\/candas365.es\/noticias\/category\/asturias\/\" title=\"Asturias\">Asturias<\/a>\n<\/span><span class=\"aioseo-breadcrumb-separator\">&ndash;<\/span><span class=\"aioseo-breadcrumb\">\n\tEl Plan Especial de El Cristo avanza en su tramitaci\u00f3n\n<\/span><\/div>","aioseo_breadcrumb_json":[{"label":"Home","link":"https:\/\/candas365.es\/noticias"},{"label":"Asturias","link":"https:\/\/candas365.es\/noticias\/category\/asturias\/"},{"label":"El Plan Especial de El Cristo avanza en su tramitaci\u00f3n","link":"https:\/\/candas365.es\/noticias\/el-plan-especial-de-el-cristo-avanza-en-su-tramitacion\/"}],"_links":{"self":[{"href":"https:\/\/candas365.es\/noticias\/wp-json\/wp\/v2\/posts\/192080","targetHints":{"allow":["GET"]}}],"collection":[{"href":"https:\/\/candas365.es\/noticias\/wp-json\/wp\/v2\/posts"}],"about":[{"href":"https:\/\/candas365.es\/noticias\/wp-json\/wp\/v2\/types\/post"}],"author":[{"embeddable":true,"href":"https:\/\/candas365.es\/noticias\/wp-json\/wp\/v2\/users\/1"}],"replies":[{"embeddable":true,"href":"https:\/\/candas365.es\/noticias\/wp-json\/wp\/v2\/comments?post=192080"}],"version-history":[{"count":0,"href":"https:\/\/candas365.es\/noticias\/wp-json\/wp\/v2\/posts\/192080\/revisions"}],"wp:featuredmedia":[{"embeddable":true,"href":"https:\/\/candas365.es\/noticias\/wp-json\/wp\/v2\/media\/192081"}],"wp:attachment":[{"href":"https:\/\/candas365.es\/noticias\/wp-json\/wp\/v2\/media?parent=192080"}],"wp:term":[{"taxonomy":"category","embeddable":true,"href":"https:\/\/candas365.es\/noticias\/wp-json\/wp\/v2\/categories?post=192080"},{"taxonomy":"post_tag","embeddable":true,"href":"https:\/\/candas365.es\/noticias\/wp-json\/wp\/v2\/tags?post=192080"}],"curies":[{"name":"wp","href":"https:\/\/api.w.org\/{rel}","templated":true}]}}