{"id":192076,"date":"2026-02-18T02:52:00","date_gmt":"2026-02-18T01:52:00","guid":{"rendered":"https:\/\/candas365.es\/noticias\/?p=192076"},"modified":"2026-02-18T02:52:00","modified_gmt":"2026-02-18T01:52:00","slug":"asturias-consolido-en-2025-su-dinamismo-empresarial","status":"publish","type":"post","link":"https:\/\/candas365.es\/noticias\/asturias-consolido-en-2025-su-dinamismo-empresarial\/","title":{"rendered":"Asturias consolid\u00f3 en 2025 su dinamismo empresarial"},"content":{"rendered":"<p data-start=\"108\" data-end=\"427\">Asturias consolid\u00f3 en 2025 su dinamismo <a href=\"https:\/\/candas365.es\/noticias\/category\/canal-empresas\/\"><span style=\"color: #ff6600;\"><strong>empresarial<\/strong><\/span><\/a> tras captar 125 compa\u00f1\u00edas procedentes de otras comunidades aut\u00f3nomas, con Madrid como principal origen. Seg\u00fan el \u00faltimo estudio de Informa D&amp;B, 79 de las sociedades que trasladaron su sede al <strong><a href=\"https:\/\/actualidad.asturias.es\/\" target=\"_blank\" rel=\"noopener\"><span style=\"color: #ff6600;\">Principado<\/span><\/a><\/strong> desarrollaban previamente su actividad en la capital espa\u00f1ola.<\/p>\n<figure id=\"attachment_192077\" aria-describedby=\"caption-attachment-192077\" style=\"width: 650px\" class=\"wp-caption aligncenter\"><img fetchpriority=\"high\" decoding=\"async\" class=\"size-large wp-image-192077\" src=\"https:\/\/candas365.es\/noticias\/wp-content\/uploads\/2026\/02\/Asturias-consolido-en-2025-su-dinamismo-empresarial-650x401.jpg\" alt=\"Asturias consolid\u00f3 en 2025 su dinamismo empresarial\" width=\"650\" height=\"401\" srcset=\"https:\/\/candas365.es\/noticias\/wp-content\/uploads\/2026\/02\/Asturias-consolido-en-2025-su-dinamismo-empresarial-650x401.jpg 650w, https:\/\/candas365.es\/noticias\/wp-content\/uploads\/2026\/02\/Asturias-consolido-en-2025-su-dinamismo-empresarial-360x222.jpg 360w, https:\/\/candas365.es\/noticias\/wp-content\/uploads\/2026\/02\/Asturias-consolido-en-2025-su-dinamismo-empresarial-768x473.jpg 768w, https:\/\/candas365.es\/noticias\/wp-content\/uploads\/2026\/02\/Asturias-consolido-en-2025-su-dinamismo-empresarial-150x92.jpg 150w, https:\/\/candas365.es\/noticias\/wp-content\/uploads\/2026\/02\/Asturias-consolido-en-2025-su-dinamismo-empresarial-450x277.jpg 450w, https:\/\/candas365.es\/noticias\/wp-content\/uploads\/2026\/02\/Asturias-consolido-en-2025-su-dinamismo-empresarial-1200x739.jpg 1200w, https:\/\/candas365.es\/noticias\/wp-content\/uploads\/2026\/02\/Asturias-consolido-en-2025-su-dinamismo-empresarial.jpg 1235w\" sizes=\"(max-width: 650px) 100vw, 650px\" \/><figcaption id=\"caption-attachment-192077\" class=\"wp-caption-text\">Foto: Prensa Principado de Asturias<\/figcaption><\/figure>\n<p data-start=\"429\" data-end=\"556\">La cifra total representa un incremento del 81% respecto a 2024, ejercicio en el que el Principado hab\u00eda captado 69 empresas.<\/p>\n<p data-start=\"558\" data-end=\"871\">El balance entre entradas y salidas tambi\u00e9n result\u00f3 favorable: Asturias registr\u00f3 el cuarto mejor saldo auton\u00f3mico, con 38 compa\u00f1\u00edas m\u00e1s que las que se marchan. Este resultado consolida al Principado como uno de los destinos preferentes para la implantaci\u00f3n y el crecimiento empresarial en el conjunto de Espa\u00f1a.<\/p>\n<p data-start=\"873\" data-end=\"1194\">Este saldo positivo es el m\u00e1s elevado desde que la consultora elabora esta serie sobre demograf\u00eda empresarial. Tras la pandemia, entre 2020 y 2022, ya se hab\u00edan registrado saldos positivos; en ese trienio, la diferencia entre empresas que llegaron y las que se fueron fue favorable al Principado en 31 nuevas compa\u00f1\u00edas.<\/p>\n<h2 data-start=\"1196\" data-end=\"1249\">Saldo positivo de 21 millones en cifra de ventas<\/h2>\n<p data-start=\"1251\" data-end=\"1602\">Adem\u00e1s del intenso flujo procedente de Madrid, el Principado atrajo empresas de 14 comunidades aut\u00f3nomas. Tras Madrid, destacan los traslados desde Galicia (9), Castilla y Le\u00f3n (7), Catalu\u00f1a (6) y Pa\u00eds Vasco (6). En el conjunto nacional, nueve comunidades cerraron 2025 con saldo positivo de movimientos corporativos y siete lo hicieron en negativo.<\/p>\n<p data-start=\"1604\" data-end=\"1870\" data-is-last-node=\"\" data-is-only-node=\"\">La evoluci\u00f3n tambi\u00e9n fue positiva en t\u00e9rminos econ\u00f3micos. El saldo por cifra de ventas vinculado a los cambios de sede alcanz\u00f3 los 21 millones, resultado de 113,2 millones en ventas correspondientes a las compa\u00f1\u00edas que entran frente a 92,2 millones de las que salen.<\/p>\n","protected":false},"excerpt":{"rendered":"<p>Asturias consolid\u00f3 en 2025 su dinamismo empresarial tras captar 125 compa\u00f1\u00edas procedentes de otras comunidades aut\u00f3nomas, con Madrid como principal origen. Seg\u00fan el \u00faltimo estudio de Informa D&amp;B, 79 de las sociedades que trasladaron su sede al Principado desarrollaban previamente su actividad en la capital espa\u00f1ola. La cifra total representa un incremento del 81% respecto<\/p>\n","protected":false},"author":1,"featured_media":192077,"comment_status":"closed","ping_status":"closed","sticky":false,"template":"","format":"standard","meta":{"footnotes":""},"categories":[151,316],"tags":[380,383],"class_list":{"0":"post-192076","1":"post","2":"type-post","3":"status-publish","4":"format-standard","5":"has-post-thumbnail","7":"category-canal-empresas","8":"category-destacadas","9":"tag-asturias","10":"tag-empresas"},"aioseo_notices":[],"aioseo_head":"\n\t\t<!-- All in One SEO Pro 4.9.6.2 - aioseo.com -->\n\t<meta name=\"description\" content=\"Asturias consolid\u00f3 en 2025 su dinamismo empresarial tras captar 125 compa\u00f1\u00edas procedentes de otras comunidades aut\u00f3nomas, con Madrid como principal\" \/>\n\t<meta name=\"robots\" content=\"max-image-preview:large\" \/>\n\t<meta name=\"author\" content=\"Cand\u00e1s 365\"\/>\n\t<meta name=\"google-site-verification\" content=\"UA-32230408-1\" \/>\n\t<meta name=\"msvalidate.01\" content=\"354F3CDFB2DA171B47FBE9ABF1F88D5\" \/>\n\t<meta name=\"keywords\" content=\"canal empresas,destacadas\" \/>\n\t<link rel=\"canonical\" href=\"https:\/\/candas365.es\/noticias\/asturias-consolido-en-2025-su-dinamismo-empresarial\/\" \/>\n\t<meta name=\"generator\" content=\"All in One SEO Pro (AIOSEO) 4.9.6.2\" \/>\n\t\t<meta property=\"og:locale\" content=\"es_ES\" \/>\n\t\t<meta property=\"og:site_name\" content=\"Cand\u00e1s 365\" \/>\n\t\t<meta property=\"og:type\" content=\"article\" \/>\n\t\t<meta property=\"og:title\" content=\"Asturias consolid\u00f3 en 2025 su dinamismo empresarial | Cand\u00e1s 365\" \/>\n\t\t<meta property=\"og:description\" content=\"Asturias consolid\u00f3 en 2025 su dinamismo empresarial tras captar 125 compa\u00f1\u00edas procedentes de otras comunidades aut\u00f3nomas, con Madrid como principal\" \/>\n\t\t<meta property=\"og:url\" content=\"https:\/\/candas365.es\/noticias\/asturias-consolido-en-2025-su-dinamismo-empresarial\/\" \/>\n\t\t<meta property=\"og:image\" content=\"https:\/\/candas365.es\/noticias\/wp-content\/uploads\/2026\/02\/Asturias-consolido-en-2025-su-dinamismo-empresarial.jpg\" \/>\n\t\t<meta property=\"og:image:secure_url\" content=\"https:\/\/candas365.es\/noticias\/wp-content\/uploads\/2026\/02\/Asturias-consolido-en-2025-su-dinamismo-empresarial.jpg\" \/>\n\t\t<meta property=\"og:image:width\" content=\"1235\" \/>\n\t\t<meta property=\"og:image:height\" content=\"761\" \/>\n\t\t<meta property=\"article:published_time\" content=\"2026-02-18T01:52:00+00:00\" \/>\n\t\t<meta property=\"article:modified_time\" content=\"2026-02-18T01:52:00+00:00\" \/>\n\t\t<meta property=\"article:publisher\" content=\"https:\/\/www.facebook.com\/Nachofdezber\" \/>\n\t\t<meta property=\"article:author\" content=\"https:\/\/www.facebook.com\/carrenoactualidad\" \/>\n\t\t<meta name=\"twitter:card\" content=\"summary_large_image\" \/>\n\t\t<meta name=\"twitter:site\" content=\"@NabercoDigital\" \/>\n\t\t<meta name=\"twitter:title\" content=\"Asturias consolid\u00f3 en 2025 su dinamismo empresarial | Cand\u00e1s 365\" \/>\n\t\t<meta name=\"twitter:description\" content=\"Asturias consolid\u00f3 en 2025 su dinamismo empresarial tras captar 125 compa\u00f1\u00edas procedentes de otras comunidades aut\u00f3nomas, con Madrid como principal\" \/>\n\t\t<meta name=\"twitter:creator\" content=\"@nbasturias\" \/>\n\t\t<meta name=\"twitter:image\" content=\"https:\/\/candas365.es\/noticias\/wp-content\/uploads\/2026\/02\/Asturias-consolido-en-2025-su-dinamismo-empresarial.jpg\" \/>\n\t\t<meta name=\"twitter:label1\" content=\"Escrito por\" \/>\n\t\t<meta name=\"twitter:data1\" content=\"Cand\u00e1s 365\" \/>\n\t\t<meta name=\"twitter:label2\" content=\"Tiempo de lectura estimado\" \/>\n\t\t<meta name=\"twitter:data2\" content=\"1 minuto\" \/>\n\t\t<script type=\"application\/ld+json\" class=\"aioseo-schema\">\n\t\t\t{\"@context\":\"https:\\\/\\\/schema.org\",\"@graph\":[{\"@type\":\"BreadcrumbList\",\"@id\":\"https:\\\/\\\/candas365.es\\\/noticias\\\/asturias-consolido-en-2025-su-dinamismo-empresarial\\\/#breadcrumblist\",\"itemListElement\":[{\"@type\":\"ListItem\",\"@id\":\"https:\\\/\\\/candas365.es\\\/noticias#listItem\",\"position\":1,\"name\":\"Home\",\"item\":\"https:\\\/\\\/candas365.es\\\/noticias\",\"nextItem\":{\"@type\":\"ListItem\",\"@id\":\"https:\\\/\\\/candas365.es\\\/noticias\\\/category\\\/canal-empresas\\\/#listItem\",\"name\":\"Canal Empresas\"}},{\"@type\":\"ListItem\",\"@id\":\"https:\\\/\\\/candas365.es\\\/noticias\\\/category\\\/canal-empresas\\\/#listItem\",\"position\":2,\"name\":\"Canal Empresas\",\"item\":\"https:\\\/\\\/candas365.es\\\/noticias\\\/category\\\/canal-empresas\\\/\",\"nextItem\":{\"@type\":\"ListItem\",\"@id\":\"https:\\\/\\\/candas365.es\\\/noticias\\\/asturias-consolido-en-2025-su-dinamismo-empresarial\\\/#listItem\",\"name\":\"Asturias consolid\\u00f3 en 2025 su dinamismo empresarial\"},\"previousItem\":{\"@type\":\"ListItem\",\"@id\":\"https:\\\/\\\/candas365.es\\\/noticias#listItem\",\"name\":\"Home\"}},{\"@type\":\"ListItem\",\"@id\":\"https:\\\/\\\/candas365.es\\\/noticias\\\/asturias-consolido-en-2025-su-dinamismo-empresarial\\\/#listItem\",\"position\":3,\"name\":\"Asturias consolid\\u00f3 en 2025 su dinamismo empresarial\",\"previousItem\":{\"@type\":\"ListItem\",\"@id\":\"https:\\\/\\\/candas365.es\\\/noticias\\\/category\\\/canal-empresas\\\/#listItem\",\"name\":\"Canal Empresas\"}}]},{\"@type\":\"NewsArticle\",\"@id\":\"https:\\\/\\\/candas365.es\\\/noticias\\\/asturias-consolido-en-2025-su-dinamismo-empresarial\\\/#newsarticle\",\"name\":\"Asturias consolid\\u00f3 en 2025 su dinamismo empresarial | Cand\\u00e1s 365\",\"headline\":\"Asturias consolid\\u00f3 en 2025 su dinamismo empresarial\",\"author\":{\"@id\":\"https:\\\/\\\/candas365.es\\\/noticias\\\/author\\\/admin\\\/#author\"},\"publisher\":{\"@id\":\"https:\\\/\\\/candas365.es\\\/noticias\\\/#organization\"},\"image\":{\"@type\":\"ImageObject\",\"url\":\"https:\\\/\\\/candas365.es\\\/noticias\\\/wp-content\\\/uploads\\\/2026\\\/02\\\/Asturias-consolido-en-2025-su-dinamismo-empresarial.jpg\",\"width\":1235,\"height\":761,\"caption\":\"Foto: Prensa Principado de Asturias\"},\"datePublished\":\"2026-02-18T02:52:00+01:00\",\"dateModified\":\"2026-02-18T02:52:00+01:00\",\"inLanguage\":\"es-ES\",\"mainEntityOfPage\":{\"@id\":\"https:\\\/\\\/candas365.es\\\/noticias\\\/asturias-consolido-en-2025-su-dinamismo-empresarial\\\/#webpage\"},\"isPartOf\":{\"@id\":\"https:\\\/\\\/candas365.es\\\/noticias\\\/asturias-consolido-en-2025-su-dinamismo-empresarial\\\/#webpage\"},\"articleSection\":\"Canal Empresas, Destacadas, Asturias, empresas\",\"dateline\":\"Publicado el febrero 18, 2026.\"},{\"@type\":\"Organization\",\"@id\":\"https:\\\/\\\/candas365.es\\\/noticias\\\/#organization\",\"name\":\"Cand\\u00e1s 365\",\"description\":\"Cand\\u00e1s 365 es un diario digital independiente, fundado en 2012, con base en Asturias. Informamos con rigor sobre actualidad, sociedad, cultura y ocio, con una mirada local y global.\",\"url\":\"https:\\\/\\\/candas365.es\\\/noticias\\\/\",\"email\":\"info@candas365.es\",\"telephone\":\"+34652131393\",\"foundingDate\":\"2012-06-10\",\"logo\":{\"@type\":\"ImageObject\",\"url\":\"https:\\\/\\\/candas365.es\\\/noticias\\\/wp-content\\\/uploads\\\/2024\\\/09\\\/Candas-365-Redes.jpg\",\"@id\":\"https:\\\/\\\/candas365.es\\\/noticias\\\/asturias-consolido-en-2025-su-dinamismo-empresarial\\\/#organizationLogo\",\"width\":1152,\"height\":864,\"caption\":\"Cand\\u00e1s 365 Redes\"},\"image\":{\"@id\":\"https:\\\/\\\/candas365.es\\\/noticias\\\/asturias-consolido-en-2025-su-dinamismo-empresarial\\\/#organizationLogo\"},\"sameAs\":[\"https:\\\/\\\/www.facebook.com\\\/Nachofdezber\",\"https:\\\/\\\/x.com\\\/NabercoDigital\",\"https:\\\/\\\/www.instagram.com\\\/nachofdezber\\\/\",\"https:\\\/\\\/www.youtube.com\\\/channel\\\/UCZP-2wLEB9Rv6erhFmqVnvg\"],\"address\":{\"@id\":\"https:\\\/\\\/candas365.es\\\/noticias\\\/#postaladdress\",\"@type\":\"PostalAddress\",\"streetAddress\":\"san antonio 4, san antonio 4\",\"postalCode\":\"33430\",\"addressLocality\":\"Cand\\u00e1s\",\"addressRegion\":\"Asturias\",\"addressCountry\":\"ES\"}},{\"@type\":\"Person\",\"@id\":\"https:\\\/\\\/candas365.es\\\/noticias\\\/author\\\/admin\\\/#author\",\"url\":\"https:\\\/\\\/candas365.es\\\/noticias\\\/author\\\/admin\\\/\",\"name\":\"Cand\\u00e1s 365\",\"image\":{\"@type\":\"ImageObject\",\"@id\":\"https:\\\/\\\/candas365.es\\\/noticias\\\/asturias-consolido-en-2025-su-dinamismo-empresarial\\\/#authorImage\",\"url\":\"https:\\\/\\\/secure.gravatar.com\\\/avatar\\\/496a8e03d0c493ede1718b7934145dbdf8d89be1036b0eec9544e1094c9de390?s=96&d=mm&r=g\",\"width\":96,\"height\":96,\"caption\":\"Cand\\u00e1s 365\"},\"sameAs\":[\"https:\\\/\\\/www.facebook.com\\\/carrenoactualidad\",\"https:\\\/\\\/twitter.com\\\/nbasturias\",\"https:\\\/\\\/www.instagram.com\\\/nachofdezber\\\/\",\"https:\\\/\\\/www.youtube.com\\\/channel\\\/UCZP-2wLEB9Rv6erhFmqVnvg\"]},{\"@type\":\"WebPage\",\"@id\":\"https:\\\/\\\/candas365.es\\\/noticias\\\/asturias-consolido-en-2025-su-dinamismo-empresarial\\\/#webpage\",\"url\":\"https:\\\/\\\/candas365.es\\\/noticias\\\/asturias-consolido-en-2025-su-dinamismo-empresarial\\\/\",\"name\":\"Asturias consolid\\u00f3 en 2025 su dinamismo empresarial | Cand\\u00e1s 365\",\"description\":\"Asturias consolid\\u00f3 en 2025 su dinamismo empresarial tras captar 125 compa\\u00f1\\u00edas procedentes de otras comunidades aut\\u00f3nomas, con Madrid como principal\",\"inLanguage\":\"es-ES\",\"isPartOf\":{\"@id\":\"https:\\\/\\\/candas365.es\\\/noticias\\\/#website\"},\"breadcrumb\":{\"@id\":\"https:\\\/\\\/candas365.es\\\/noticias\\\/asturias-consolido-en-2025-su-dinamismo-empresarial\\\/#breadcrumblist\"},\"author\":{\"@id\":\"https:\\\/\\\/candas365.es\\\/noticias\\\/author\\\/admin\\\/#author\"},\"creator\":{\"@id\":\"https:\\\/\\\/candas365.es\\\/noticias\\\/author\\\/admin\\\/#author\"},\"image\":{\"@type\":\"ImageObject\",\"url\":\"https:\\\/\\\/candas365.es\\\/noticias\\\/wp-content\\\/uploads\\\/2026\\\/02\\\/Asturias-consolido-en-2025-su-dinamismo-empresarial.jpg\",\"@id\":\"https:\\\/\\\/candas365.es\\\/noticias\\\/asturias-consolido-en-2025-su-dinamismo-empresarial\\\/#mainImage\",\"width\":1235,\"height\":761,\"caption\":\"Foto: Prensa Principado de Asturias\"},\"primaryImageOfPage\":{\"@id\":\"https:\\\/\\\/candas365.es\\\/noticias\\\/asturias-consolido-en-2025-su-dinamismo-empresarial\\\/#mainImage\"},\"datePublished\":\"2026-02-18T02:52:00+01:00\",\"dateModified\":\"2026-02-18T02:52:00+01:00\"},{\"@type\":\"WebSite\",\"@id\":\"https:\\\/\\\/candas365.es\\\/noticias\\\/#website\",\"url\":\"https:\\\/\\\/candas365.es\\\/noticias\\\/\",\"name\":\"Cand\\u00e1s 365\",\"alternateName\":\"Cand\\u00e1s 365 Noticias\",\"description\":\"Actualidad desde Carre\\u00f1o para el mundo\",\"inLanguage\":\"es-ES\",\"publisher\":{\"@id\":\"https:\\\/\\\/candas365.es\\\/noticias\\\/#organization\"}}]}\n\t\t<\/script>\n\t\t<!-- All in One SEO Pro -->\r\n\t\t<title>Asturias consolid\u00f3 en 2025 su dinamismo empresarial | Cand\u00e1s 365<\/title>\n\n","aioseo_head_json":{"title":"Asturias consolid\u00f3 en 2025 su dinamismo empresarial | Cand\u00e1s 365","description":"Asturias consolid\u00f3 en 2025 su dinamismo empresarial tras captar 125 compa\u00f1\u00edas procedentes de otras comunidades aut\u00f3nomas, con Madrid como principal","canonical_url":"https:\/\/candas365.es\/noticias\/asturias-consolido-en-2025-su-dinamismo-empresarial\/","robots":"max-image-preview:large","keywords":"canal empresas,destacadas","webmasterTools":{"google-site-verification":"UA-32230408-1","msvalidate.01":"354F3CDFB2DA171B47FBE9ABF1F88D5","miscellaneous":""},"schema":{"@context":"https:\/\/schema.org","@graph":[{"@type":"BreadcrumbList","@id":"https:\/\/candas365.es\/noticias\/asturias-consolido-en-2025-su-dinamismo-empresarial\/#breadcrumblist","itemListElement":[{"@type":"ListItem","@id":"https:\/\/candas365.es\/noticias#listItem","position":1,"name":"Home","item":"https:\/\/candas365.es\/noticias","nextItem":{"@type":"ListItem","@id":"https:\/\/candas365.es\/noticias\/category\/canal-empresas\/#listItem","name":"Canal Empresas"}},{"@type":"ListItem","@id":"https:\/\/candas365.es\/noticias\/category\/canal-empresas\/#listItem","position":2,"name":"Canal Empresas","item":"https:\/\/candas365.es\/noticias\/category\/canal-empresas\/","nextItem":{"@type":"ListItem","@id":"https:\/\/candas365.es\/noticias\/asturias-consolido-en-2025-su-dinamismo-empresarial\/#listItem","name":"Asturias consolid\u00f3 en 2025 su dinamismo empresarial"},"previousItem":{"@type":"ListItem","@id":"https:\/\/candas365.es\/noticias#listItem","name":"Home"}},{"@type":"ListItem","@id":"https:\/\/candas365.es\/noticias\/asturias-consolido-en-2025-su-dinamismo-empresarial\/#listItem","position":3,"name":"Asturias consolid\u00f3 en 2025 su dinamismo empresarial","previousItem":{"@type":"ListItem","@id":"https:\/\/candas365.es\/noticias\/category\/canal-empresas\/#listItem","name":"Canal Empresas"}}]},{"@type":"NewsArticle","@id":"https:\/\/candas365.es\/noticias\/asturias-consolido-en-2025-su-dinamismo-empresarial\/#newsarticle","name":"Asturias consolid\u00f3 en 2025 su dinamismo empresarial | Cand\u00e1s 365","headline":"Asturias consolid\u00f3 en 2025 su dinamismo empresarial","author":{"@id":"https:\/\/candas365.es\/noticias\/author\/admin\/#author"},"publisher":{"@id":"https:\/\/candas365.es\/noticias\/#organization"},"image":{"@type":"ImageObject","url":"https:\/\/candas365.es\/noticias\/wp-content\/uploads\/2026\/02\/Asturias-consolido-en-2025-su-dinamismo-empresarial.jpg","width":1235,"height":761,"caption":"Foto: Prensa Principado de Asturias"},"datePublished":"2026-02-18T02:52:00+01:00","dateModified":"2026-02-18T02:52:00+01:00","inLanguage":"es-ES","mainEntityOfPage":{"@id":"https:\/\/candas365.es\/noticias\/asturias-consolido-en-2025-su-dinamismo-empresarial\/#webpage"},"isPartOf":{"@id":"https:\/\/candas365.es\/noticias\/asturias-consolido-en-2025-su-dinamismo-empresarial\/#webpage"},"articleSection":"Canal Empresas, Destacadas, Asturias, empresas","dateline":"Publicado el febrero 18, 2026."},{"@type":"Organization","@id":"https:\/\/candas365.es\/noticias\/#organization","name":"Cand\u00e1s 365","description":"Cand\u00e1s 365 es un diario digital independiente, fundado en 2012, con base en Asturias. Informamos con rigor sobre actualidad, sociedad, cultura y ocio, con una mirada local y global.","url":"https:\/\/candas365.es\/noticias\/","email":"info@candas365.es","telephone":"+34652131393","foundingDate":"2012-06-10","logo":{"@type":"ImageObject","url":"https:\/\/candas365.es\/noticias\/wp-content\/uploads\/2024\/09\/Candas-365-Redes.jpg","@id":"https:\/\/candas365.es\/noticias\/asturias-consolido-en-2025-su-dinamismo-empresarial\/#organizationLogo","width":1152,"height":864,"caption":"Cand\u00e1s 365 Redes"},"image":{"@id":"https:\/\/candas365.es\/noticias\/asturias-consolido-en-2025-su-dinamismo-empresarial\/#organizationLogo"},"sameAs":["https:\/\/www.facebook.com\/Nachofdezber","https:\/\/x.com\/NabercoDigital","https:\/\/www.instagram.com\/nachofdezber\/","https:\/\/www.youtube.com\/channel\/UCZP-2wLEB9Rv6erhFmqVnvg"],"address":{"@id":"https:\/\/candas365.es\/noticias\/#postaladdress","@type":"PostalAddress","streetAddress":"san antonio 4, san antonio 4","postalCode":"33430","addressLocality":"Cand\u00e1s","addressRegion":"Asturias","addressCountry":"ES"}},{"@type":"Person","@id":"https:\/\/candas365.es\/noticias\/author\/admin\/#author","url":"https:\/\/candas365.es\/noticias\/author\/admin\/","name":"Cand\u00e1s 365","image":{"@type":"ImageObject","@id":"https:\/\/candas365.es\/noticias\/asturias-consolido-en-2025-su-dinamismo-empresarial\/#authorImage","url":"https:\/\/secure.gravatar.com\/avatar\/496a8e03d0c493ede1718b7934145dbdf8d89be1036b0eec9544e1094c9de390?s=96&d=mm&r=g","width":96,"height":96,"caption":"Cand\u00e1s 365"},"sameAs":["https:\/\/www.facebook.com\/carrenoactualidad","https:\/\/twitter.com\/nbasturias","https:\/\/www.instagram.com\/nachofdezber\/","https:\/\/www.youtube.com\/channel\/UCZP-2wLEB9Rv6erhFmqVnvg"]},{"@type":"WebPage","@id":"https:\/\/candas365.es\/noticias\/asturias-consolido-en-2025-su-dinamismo-empresarial\/#webpage","url":"https:\/\/candas365.es\/noticias\/asturias-consolido-en-2025-su-dinamismo-empresarial\/","name":"Asturias consolid\u00f3 en 2025 su dinamismo empresarial | Cand\u00e1s 365","description":"Asturias consolid\u00f3 en 2025 su dinamismo empresarial tras captar 125 compa\u00f1\u00edas procedentes de otras comunidades aut\u00f3nomas, con Madrid como principal","inLanguage":"es-ES","isPartOf":{"@id":"https:\/\/candas365.es\/noticias\/#website"},"breadcrumb":{"@id":"https:\/\/candas365.es\/noticias\/asturias-consolido-en-2025-su-dinamismo-empresarial\/#breadcrumblist"},"author":{"@id":"https:\/\/candas365.es\/noticias\/author\/admin\/#author"},"creator":{"@id":"https:\/\/candas365.es\/noticias\/author\/admin\/#author"},"image":{"@type":"ImageObject","url":"https:\/\/candas365.es\/noticias\/wp-content\/uploads\/2026\/02\/Asturias-consolido-en-2025-su-dinamismo-empresarial.jpg","@id":"https:\/\/candas365.es\/noticias\/asturias-consolido-en-2025-su-dinamismo-empresarial\/#mainImage","width":1235,"height":761,"caption":"Foto: Prensa Principado de Asturias"},"primaryImageOfPage":{"@id":"https:\/\/candas365.es\/noticias\/asturias-consolido-en-2025-su-dinamismo-empresarial\/#mainImage"},"datePublished":"2026-02-18T02:52:00+01:00","dateModified":"2026-02-18T02:52:00+01:00"},{"@type":"WebSite","@id":"https:\/\/candas365.es\/noticias\/#website","url":"https:\/\/candas365.es\/noticias\/","name":"Cand\u00e1s 365","alternateName":"Cand\u00e1s 365 Noticias","description":"Actualidad desde Carre\u00f1o para el mundo","inLanguage":"es-ES","publisher":{"@id":"https:\/\/candas365.es\/noticias\/#organization"}}]},"og:locale":"es_ES","og:site_name":"Cand\u00e1s 365","og:type":"article","og:title":"Asturias consolid\u00f3 en 2025 su dinamismo empresarial | Cand\u00e1s 365","og:description":"Asturias consolid\u00f3 en 2025 su dinamismo empresarial tras captar 125 compa\u00f1\u00edas procedentes de otras comunidades aut\u00f3nomas, con Madrid como principal","og:url":"https:\/\/candas365.es\/noticias\/asturias-consolido-en-2025-su-dinamismo-empresarial\/","og:image":"https:\/\/candas365.es\/noticias\/wp-content\/uploads\/2026\/02\/Asturias-consolido-en-2025-su-dinamismo-empresarial.jpg","og:image:secure_url":"https:\/\/candas365.es\/noticias\/wp-content\/uploads\/2026\/02\/Asturias-consolido-en-2025-su-dinamismo-empresarial.jpg","og:image:width":1235,"og:image:height":761,"article:published_time":"2026-02-18T01:52:00+00:00","article:modified_time":"2026-02-18T01:52:00+00:00","article:publisher":"https:\/\/www.facebook.com\/Nachofdezber","article:author":"https:\/\/www.facebook.com\/carrenoactualidad","twitter:card":"summary_large_image","twitter:site":"@NabercoDigital","twitter:title":"Asturias consolid\u00f3 en 2025 su dinamismo empresarial | Cand\u00e1s 365","twitter:description":"Asturias consolid\u00f3 en 2025 su dinamismo empresarial tras captar 125 compa\u00f1\u00edas procedentes de otras comunidades aut\u00f3nomas, con Madrid como principal","twitter:creator":"@nbasturias","twitter:image":"https:\/\/candas365.es\/noticias\/wp-content\/uploads\/2026\/02\/Asturias-consolido-en-2025-su-dinamismo-empresarial.jpg","twitter:label1":"Escrito por","twitter:data1":"Cand\u00e1s 365","twitter:label2":"Tiempo de lectura estimado","twitter:data2":"1 minuto"},"aioseo_meta_data":{"post_id":"192076","title":null,"description":"Asturias consolid\u00f3 en 2025 su dinamismo empresarial tras captar 125 compa\u00f1\u00edas procedentes de otras comunidades aut\u00f3nomas, con Madrid como principal","keywords":null,"keyphrases":{"focus":{"keyphrase":"Asturias","score":91,"analysis":{"keyphraseInTitle":{"score":9,"maxScore":9,"error":0},"keyphraseInDescription":{"score":9,"maxScore":9,"error":0},"keyphraseLength":{"score":9,"maxScore":9,"error":0,"length":1},"keyphraseInURL":{"score":5,"maxScore":5,"error":0},"keyphraseInIntroduction":{"score":9,"maxScore":9,"error":0},"keyphraseInSubHeadings":{"score":3,"maxScore":9,"error":1},"keyphraseInImageAlt":{"score":9,"maxScore":9,"error":0},"keywordDensity":{"type":"best","score":9,"maxScore":9,"error":0}}},"additional":[{"keyphrase":"empresarial","score":100,"analysis":{"keyphraseInDescription":{"score":9,"maxScore":9,"error":0},"keyphraseLength":{"score":9,"maxScore":9,"error":0,"length":1},"keyphraseInIntroduction":{"score":9,"maxScore":9,"error":0},"keyphraseInImageAlt":{"score":9,"maxScore":9,"error":0},"keywordDensity":{"type":"best","score":9,"maxScore":9,"error":0}}}]},"primary_term":null,"canonical_url":null,"og_title":null,"og_description":null,"og_object_type":"default","og_image_type":"default","og_image_url":null,"og_image_width":null,"og_image_height":null,"og_image_custom_url":null,"og_image_custom_fields":null,"og_video":"","og_custom_url":null,"og_article_section":null,"og_article_tags":null,"twitter_use_og":false,"twitter_card":"default","twitter_image_type":"default","twitter_image_url":null,"twitter_image_custom_url":null,"twitter_image_custom_fields":null,"twitter_title":null,"twitter_description":null,"schema":{"blockGraphs":[],"customGraphs":[],"default":{"data":{"Article":[],"Course":[],"Dataset":[],"FAQPage":[],"Movie":[],"Person":[],"Product":[],"ProductReview":[],"Car":[],"Recipe":[],"Service":[],"SoftwareApplication":[],"WebPage":[]},"graphName":"Article","isEnabled":true},"graphs":[]},"schema_type":"default","schema_type_options":null,"pillar_content":false,"robots_default":true,"robots_noindex":false,"robots_noarchive":false,"robots_nosnippet":false,"robots_nofollow":false,"robots_noimageindex":false,"robots_noodp":false,"robots_notranslate":false,"robots_max_snippet":"-1","robots_max_videopreview":"-1","robots_max_imagepreview":"large","priority":null,"frequency":"default","location":null,"local_seo":null,"seo_analyzer_scan_date":"2026-02-18 02:03:32","breadcrumb_settings":null,"limit_modified_date":false,"reviewed_by":null,"open_ai":null,"ai":{"faqs":[],"keyPoints":[],"titles":[],"descriptions":[],"socialPosts":{"email":[],"linkedin":[],"twitter":[],"facebook":[],"instagram":[]}},"created":"2026-02-18 01:44:59","updated":"2026-02-18 02:03:32"},"aioseo_breadcrumb":"<div class=\"aioseo-breadcrumbs\"><span class=\"aioseo-breadcrumb\">\n\t<a href=\"https:\/\/candas365.es\/noticias\" title=\"Home\">Home<\/a>\n<\/span><span class=\"aioseo-breadcrumb-separator\">&ndash;<\/span><span class=\"aioseo-breadcrumb\">\n\t<a href=\"https:\/\/candas365.es\/noticias\/category\/canal-empresas\/\" title=\"Canal Empresas\">Canal Empresas<\/a>\n<\/span><span class=\"aioseo-breadcrumb-separator\">&ndash;<\/span><span class=\"aioseo-breadcrumb\">\n\tAsturias consolid\u00f3 en 2025 su dinamismo empresarial\n<\/span><\/div>","aioseo_breadcrumb_json":[{"label":"Home","link":"https:\/\/candas365.es\/noticias"},{"label":"Canal Empresas","link":"https:\/\/candas365.es\/noticias\/category\/canal-empresas\/"},{"label":"Asturias consolid\u00f3 en 2025 su dinamismo empresarial","link":"https:\/\/candas365.es\/noticias\/asturias-consolido-en-2025-su-dinamismo-empresarial\/"}],"_links":{"self":[{"href":"https:\/\/candas365.es\/noticias\/wp-json\/wp\/v2\/posts\/192076","targetHints":{"allow":["GET"]}}],"collection":[{"href":"https:\/\/candas365.es\/noticias\/wp-json\/wp\/v2\/posts"}],"about":[{"href":"https:\/\/candas365.es\/noticias\/wp-json\/wp\/v2\/types\/post"}],"author":[{"embeddable":true,"href":"https:\/\/candas365.es\/noticias\/wp-json\/wp\/v2\/users\/1"}],"replies":[{"embeddable":true,"href":"https:\/\/candas365.es\/noticias\/wp-json\/wp\/v2\/comments?post=192076"}],"version-history":[{"count":0,"href":"https:\/\/candas365.es\/noticias\/wp-json\/wp\/v2\/posts\/192076\/revisions"}],"wp:featuredmedia":[{"embeddable":true,"href":"https:\/\/candas365.es\/noticias\/wp-json\/wp\/v2\/media\/192077"}],"wp:attachment":[{"href":"https:\/\/candas365.es\/noticias\/wp-json\/wp\/v2\/media?parent=192076"}],"wp:term":[{"taxonomy":"category","embeddable":true,"href":"https:\/\/candas365.es\/noticias\/wp-json\/wp\/v2\/categories?post=192076"},{"taxonomy":"post_tag","embeddable":true,"href":"https:\/\/candas365.es\/noticias\/wp-json\/wp\/v2\/tags?post=192076"}],"curies":[{"name":"wp","href":"https:\/\/api.w.org\/{rel}","templated":true}]}}