{"id":192058,"date":"2026-02-16T15:10:50","date_gmt":"2026-02-16T14:10:50","guid":{"rendered":"https:\/\/candas365.es\/noticias\/?p=192058"},"modified":"2026-02-16T15:10:50","modified_gmt":"2026-02-16T14:10:50","slug":"el-transporte-publico-crece-un-28-en-asturias","status":"publish","type":"post","link":"https:\/\/candas365.es\/noticias\/el-transporte-publico-crece-un-28-en-asturias\/","title":{"rendered":"El transporte p\u00fablico crece un 2,8% en Asturias"},"content":{"rendered":"<p>El inicio de 2026 consolida el aumento del <strong>uso del transporte p\u00fablico por carretera en <a href=\"https:\/\/candas365.es\/noticias\/category\/asturias\/\"><span style=\"color: #ff6600;\">Asturia<\/span><\/a><\/strong><span style=\"color: #ff6600;\">s<\/span>. Seg\u00fan datos del Consorcio de Transportes de Asturias (CTA), en enero se contabilizaron 4.801.255 viajes, lo que supone un 2,8% m\u00e1s que en el mismo mes del a\u00f1o anterior.<\/p>\n<figure id=\"attachment_192059\" aria-describedby=\"caption-attachment-192059\" style=\"width: 650px\" class=\"wp-caption aligncenter\"><img fetchpriority=\"high\" decoding=\"async\" class=\"size-large wp-image-192059\" src=\"https:\/\/candas365.es\/noticias\/wp-content\/uploads\/2026\/02\/El-transporte-publico-crece-un-28-en-Asturias-650x413.jpg\" alt=\"El transporte p\u00fablico crece un 2,8% en Asturias\" width=\"650\" height=\"413\" srcset=\"https:\/\/candas365.es\/noticias\/wp-content\/uploads\/2026\/02\/El-transporte-publico-crece-un-28-en-Asturias-650x413.jpg 650w, https:\/\/candas365.es\/noticias\/wp-content\/uploads\/2026\/02\/El-transporte-publico-crece-un-28-en-Asturias-360x229.jpg 360w, https:\/\/candas365.es\/noticias\/wp-content\/uploads\/2026\/02\/El-transporte-publico-crece-un-28-en-Asturias-768x488.jpg 768w, https:\/\/candas365.es\/noticias\/wp-content\/uploads\/2026\/02\/El-transporte-publico-crece-un-28-en-Asturias-150x95.jpg 150w, https:\/\/candas365.es\/noticias\/wp-content\/uploads\/2026\/02\/El-transporte-publico-crece-un-28-en-Asturias-450x286.jpg 450w, https:\/\/candas365.es\/noticias\/wp-content\/uploads\/2026\/02\/El-transporte-publico-crece-un-28-en-Asturias-1200x762.jpg 1200w, https:\/\/candas365.es\/noticias\/wp-content\/uploads\/2026\/02\/El-transporte-publico-crece-un-28-en-Asturias.jpg 1264w\" sizes=\"(max-width: 650px) 100vw, 650px\" \/><figcaption id=\"caption-attachment-192059\" class=\"wp-caption-text\">Foto: Prensa Gobierno de Asturias<\/figcaption><\/figure>\n<p>La tarjeta CONECTA, el billete \u00fanico que permite desplazarse por toda la comunidad por un m\u00e1ximo de 30 euros al mes, concentr\u00f3 la mayor parte de los trayectos: el 79,6% se abonaron con este t\u00edtulo.<\/p>\n<h2>CONECTA supera las 421.000 personas usuarias<\/h2>\n<p>El uso de CONECTA contin\u00faa ampli\u00e1ndose en el conjunto de la red de transporte p\u00fablico y alcanza ya las 421.670 personas usuarias. La evoluci\u00f3n al alza se refleja tambi\u00e9n en las validaciones, que aumentaron un 41% en enero respecto al mismo periodo de 2025, hasta situarse en 3.826.082.<\/p>\n<p>En Gij\u00f3n, las l\u00edneas de Emtusa registraron 1.094.760 validaciones con CONECTA, la cifra m\u00e1s alta alcanzada hasta ahora en el municipio, lo que confirma la implantaci\u00f3n de este t\u00edtulo.<\/p>\n<p>El <a href=\"https:\/\/actualidad.asturias.es\/\" target=\"_blank\" rel=\"noopener\"><span style=\"color: #ff6600;\"><strong>Gobierno de Asturias<\/strong><\/span><\/a> mantiene su apuesta por una movilidad m\u00e1s sostenible, eficiente y socialmente equitativa. La extensi\u00f3n de CONECTA, la mejora de la oferta de servicios del CTA y la inversi\u00f3n de m\u00e1s de 19,3 millones de fondos europeos en infraestructuras de transporte respaldan el compromiso del Ejecutivo con un sistema p\u00fablico accesible, moderno y respetuoso con el entorno.<\/p>\n","protected":false},"excerpt":{"rendered":"<p>El inicio de 2026 consolida el aumento del uso del transporte p\u00fablico por carretera en Asturias. Seg\u00fan datos del Consorcio de Transportes de Asturias (CTA), en enero se contabilizaron 4.801.255 viajes, lo que supone un 2,8% m\u00e1s que en el mismo mes del a\u00f1o anterior. La tarjeta CONECTA, el billete \u00fanico que permite desplazarse por<\/p>\n","protected":false},"author":1,"featured_media":192059,"comment_status":"closed","ping_status":"closed","sticky":false,"template":"","format":"standard","meta":{"footnotes":""},"categories":[7,316],"tags":[380],"class_list":{"0":"post-192058","1":"post","2":"type-post","3":"status-publish","4":"format-standard","5":"has-post-thumbnail","7":"category-asturias","8":"category-destacadas","9":"tag-asturias"},"aioseo_notices":[],"aioseo_head":"\n\t\t<!-- All in One SEO Pro 4.9.6.2 - aioseo.com -->\n\t<meta name=\"description\" content=\"El inicio de 2026 consolida el aumento del uso del transporte p\u00fablico por carretera en Asturias. Seg\u00fan datos del Consorcio de Transportes de Asturias\" \/>\n\t<meta name=\"robots\" content=\"max-image-preview:large\" \/>\n\t<meta name=\"author\" content=\"Cand\u00e1s 365\"\/>\n\t<meta name=\"google-site-verification\" content=\"UA-32230408-1\" \/>\n\t<meta name=\"msvalidate.01\" content=\"354F3CDFB2DA171B47FBE9ABF1F88D5\" \/>\n\t<meta name=\"keywords\" content=\"asturias,destacadas\" \/>\n\t<link rel=\"canonical\" href=\"https:\/\/candas365.es\/noticias\/el-transporte-publico-crece-un-28-en-asturias\/\" \/>\n\t<meta name=\"generator\" content=\"All in One SEO Pro (AIOSEO) 4.9.6.2\" \/>\n\t\t<meta property=\"og:locale\" content=\"es_ES\" \/>\n\t\t<meta property=\"og:site_name\" content=\"Cand\u00e1s 365\" \/>\n\t\t<meta property=\"og:type\" content=\"article\" \/>\n\t\t<meta property=\"og:title\" content=\"El transporte p\u00fablico crece un 2,8% en Asturias | Cand\u00e1s 365\" \/>\n\t\t<meta property=\"og:description\" content=\"El inicio de 2026 consolida el aumento del uso del transporte p\u00fablico por carretera en Asturias. Seg\u00fan datos del Consorcio de Transportes de Asturias\" \/>\n\t\t<meta property=\"og:url\" content=\"https:\/\/candas365.es\/noticias\/el-transporte-publico-crece-un-28-en-asturias\/\" \/>\n\t\t<meta property=\"og:image\" content=\"https:\/\/candas365.es\/noticias\/wp-content\/uploads\/2026\/02\/El-transporte-publico-crece-un-28-en-Asturias.jpg\" \/>\n\t\t<meta property=\"og:image:secure_url\" content=\"https:\/\/candas365.es\/noticias\/wp-content\/uploads\/2026\/02\/El-transporte-publico-crece-un-28-en-Asturias.jpg\" \/>\n\t\t<meta property=\"og:image:width\" content=\"1264\" \/>\n\t\t<meta property=\"og:image:height\" content=\"803\" \/>\n\t\t<meta property=\"article:published_time\" content=\"2026-02-16T14:10:50+00:00\" \/>\n\t\t<meta property=\"article:modified_time\" content=\"2026-02-16T14:10:50+00:00\" \/>\n\t\t<meta property=\"article:publisher\" content=\"https:\/\/www.facebook.com\/Nachofdezber\" \/>\n\t\t<meta property=\"article:author\" content=\"https:\/\/www.facebook.com\/carrenoactualidad\" \/>\n\t\t<meta name=\"twitter:card\" content=\"summary_large_image\" \/>\n\t\t<meta name=\"twitter:site\" content=\"@NabercoDigital\" \/>\n\t\t<meta name=\"twitter:title\" content=\"El transporte p\u00fablico crece un 2,8% en Asturias | Cand\u00e1s 365\" \/>\n\t\t<meta name=\"twitter:description\" content=\"El inicio de 2026 consolida el aumento del uso del transporte p\u00fablico por carretera en Asturias. Seg\u00fan datos del Consorcio de Transportes de Asturias\" \/>\n\t\t<meta name=\"twitter:creator\" content=\"@nbasturias\" \/>\n\t\t<meta name=\"twitter:image\" content=\"https:\/\/candas365.es\/noticias\/wp-content\/uploads\/2026\/02\/El-transporte-publico-crece-un-28-en-Asturias.jpg\" \/>\n\t\t<meta name=\"twitter:label1\" content=\"Escrito por\" \/>\n\t\t<meta name=\"twitter:data1\" content=\"Cand\u00e1s 365\" \/>\n\t\t<meta name=\"twitter:label2\" content=\"Tiempo de lectura estimado\" \/>\n\t\t<meta name=\"twitter:data2\" content=\"1 minuto\" \/>\n\t\t<script type=\"application\/ld+json\" class=\"aioseo-schema\">\n\t\t\t{\"@context\":\"https:\\\/\\\/schema.org\",\"@graph\":[{\"@type\":\"BreadcrumbList\",\"@id\":\"https:\\\/\\\/candas365.es\\\/noticias\\\/el-transporte-publico-crece-un-28-en-asturias\\\/#breadcrumblist\",\"itemListElement\":[{\"@type\":\"ListItem\",\"@id\":\"https:\\\/\\\/candas365.es\\\/noticias#listItem\",\"position\":1,\"name\":\"Home\",\"item\":\"https:\\\/\\\/candas365.es\\\/noticias\",\"nextItem\":{\"@type\":\"ListItem\",\"@id\":\"https:\\\/\\\/candas365.es\\\/noticias\\\/category\\\/asturias\\\/#listItem\",\"name\":\"Asturias\"}},{\"@type\":\"ListItem\",\"@id\":\"https:\\\/\\\/candas365.es\\\/noticias\\\/category\\\/asturias\\\/#listItem\",\"position\":2,\"name\":\"Asturias\",\"item\":\"https:\\\/\\\/candas365.es\\\/noticias\\\/category\\\/asturias\\\/\",\"nextItem\":{\"@type\":\"ListItem\",\"@id\":\"https:\\\/\\\/candas365.es\\\/noticias\\\/el-transporte-publico-crece-un-28-en-asturias\\\/#listItem\",\"name\":\"El transporte p\\u00fablico crece un 2,8% en Asturias\"},\"previousItem\":{\"@type\":\"ListItem\",\"@id\":\"https:\\\/\\\/candas365.es\\\/noticias#listItem\",\"name\":\"Home\"}},{\"@type\":\"ListItem\",\"@id\":\"https:\\\/\\\/candas365.es\\\/noticias\\\/el-transporte-publico-crece-un-28-en-asturias\\\/#listItem\",\"position\":3,\"name\":\"El transporte p\\u00fablico crece un 2,8% en Asturias\",\"previousItem\":{\"@type\":\"ListItem\",\"@id\":\"https:\\\/\\\/candas365.es\\\/noticias\\\/category\\\/asturias\\\/#listItem\",\"name\":\"Asturias\"}}]},{\"@type\":\"NewsArticle\",\"@id\":\"https:\\\/\\\/candas365.es\\\/noticias\\\/el-transporte-publico-crece-un-28-en-asturias\\\/#newsarticle\",\"name\":\"El transporte p\\u00fablico crece un 2,8% en Asturias | Cand\\u00e1s 365\",\"headline\":\"El transporte p\\u00fablico crece un 2,8% en Asturias\",\"author\":{\"@id\":\"https:\\\/\\\/candas365.es\\\/noticias\\\/author\\\/admin\\\/#author\"},\"publisher\":{\"@id\":\"https:\\\/\\\/candas365.es\\\/noticias\\\/#organization\"},\"image\":{\"@type\":\"ImageObject\",\"url\":\"https:\\\/\\\/candas365.es\\\/noticias\\\/wp-content\\\/uploads\\\/2026\\\/02\\\/El-transporte-publico-crece-un-28-en-Asturias.jpg\",\"width\":1264,\"height\":803,\"caption\":\"Foto: Prensa Gobierno de Asturias\"},\"datePublished\":\"2026-02-16T15:10:50+01:00\",\"dateModified\":\"2026-02-16T15:10:50+01:00\",\"inLanguage\":\"es-ES\",\"mainEntityOfPage\":{\"@id\":\"https:\\\/\\\/candas365.es\\\/noticias\\\/el-transporte-publico-crece-un-28-en-asturias\\\/#webpage\"},\"isPartOf\":{\"@id\":\"https:\\\/\\\/candas365.es\\\/noticias\\\/el-transporte-publico-crece-un-28-en-asturias\\\/#webpage\"},\"articleSection\":\"Asturias, Destacadas, Asturias\",\"dateline\":\"Publicado el febrero 16, 2026.\"},{\"@type\":\"Organization\",\"@id\":\"https:\\\/\\\/candas365.es\\\/noticias\\\/#organization\",\"name\":\"Cand\\u00e1s 365\",\"description\":\"Cand\\u00e1s 365 es un diario digital independiente, fundado en 2012, con base en Asturias. Informamos con rigor sobre actualidad, sociedad, cultura y ocio, con una mirada local y global.\",\"url\":\"https:\\\/\\\/candas365.es\\\/noticias\\\/\",\"email\":\"info@candas365.es\",\"telephone\":\"+34652131393\",\"foundingDate\":\"2012-06-10\",\"logo\":{\"@type\":\"ImageObject\",\"url\":\"https:\\\/\\\/candas365.es\\\/noticias\\\/wp-content\\\/uploads\\\/2024\\\/09\\\/Candas-365-Redes.jpg\",\"@id\":\"https:\\\/\\\/candas365.es\\\/noticias\\\/el-transporte-publico-crece-un-28-en-asturias\\\/#organizationLogo\",\"width\":1152,\"height\":864,\"caption\":\"Cand\\u00e1s 365 Redes\"},\"image\":{\"@id\":\"https:\\\/\\\/candas365.es\\\/noticias\\\/el-transporte-publico-crece-un-28-en-asturias\\\/#organizationLogo\"},\"sameAs\":[\"https:\\\/\\\/www.facebook.com\\\/Nachofdezber\",\"https:\\\/\\\/x.com\\\/NabercoDigital\",\"https:\\\/\\\/www.instagram.com\\\/nachofdezber\\\/\",\"https:\\\/\\\/www.youtube.com\\\/channel\\\/UCZP-2wLEB9Rv6erhFmqVnvg\"],\"address\":{\"@id\":\"https:\\\/\\\/candas365.es\\\/noticias\\\/#postaladdress\",\"@type\":\"PostalAddress\",\"streetAddress\":\"san antonio 4, san antonio 4\",\"postalCode\":\"33430\",\"addressLocality\":\"Cand\\u00e1s\",\"addressRegion\":\"Asturias\",\"addressCountry\":\"ES\"}},{\"@type\":\"Person\",\"@id\":\"https:\\\/\\\/candas365.es\\\/noticias\\\/author\\\/admin\\\/#author\",\"url\":\"https:\\\/\\\/candas365.es\\\/noticias\\\/author\\\/admin\\\/\",\"name\":\"Cand\\u00e1s 365\",\"image\":{\"@type\":\"ImageObject\",\"@id\":\"https:\\\/\\\/candas365.es\\\/noticias\\\/el-transporte-publico-crece-un-28-en-asturias\\\/#authorImage\",\"url\":\"https:\\\/\\\/secure.gravatar.com\\\/avatar\\\/496a8e03d0c493ede1718b7934145dbdf8d89be1036b0eec9544e1094c9de390?s=96&d=mm&r=g\",\"width\":96,\"height\":96,\"caption\":\"Cand\\u00e1s 365\"},\"sameAs\":[\"https:\\\/\\\/www.facebook.com\\\/carrenoactualidad\",\"https:\\\/\\\/twitter.com\\\/nbasturias\",\"https:\\\/\\\/www.instagram.com\\\/nachofdezber\\\/\",\"https:\\\/\\\/www.youtube.com\\\/channel\\\/UCZP-2wLEB9Rv6erhFmqVnvg\"]},{\"@type\":\"WebPage\",\"@id\":\"https:\\\/\\\/candas365.es\\\/noticias\\\/el-transporte-publico-crece-un-28-en-asturias\\\/#webpage\",\"url\":\"https:\\\/\\\/candas365.es\\\/noticias\\\/el-transporte-publico-crece-un-28-en-asturias\\\/\",\"name\":\"El transporte p\\u00fablico crece un 2,8% en Asturias | Cand\\u00e1s 365\",\"description\":\"El inicio de 2026 consolida el aumento del uso del transporte p\\u00fablico por carretera en Asturias. Seg\\u00fan datos del Consorcio de Transportes de Asturias\",\"inLanguage\":\"es-ES\",\"isPartOf\":{\"@id\":\"https:\\\/\\\/candas365.es\\\/noticias\\\/#website\"},\"breadcrumb\":{\"@id\":\"https:\\\/\\\/candas365.es\\\/noticias\\\/el-transporte-publico-crece-un-28-en-asturias\\\/#breadcrumblist\"},\"author\":{\"@id\":\"https:\\\/\\\/candas365.es\\\/noticias\\\/author\\\/admin\\\/#author\"},\"creator\":{\"@id\":\"https:\\\/\\\/candas365.es\\\/noticias\\\/author\\\/admin\\\/#author\"},\"image\":{\"@type\":\"ImageObject\",\"url\":\"https:\\\/\\\/candas365.es\\\/noticias\\\/wp-content\\\/uploads\\\/2026\\\/02\\\/El-transporte-publico-crece-un-28-en-Asturias.jpg\",\"@id\":\"https:\\\/\\\/candas365.es\\\/noticias\\\/el-transporte-publico-crece-un-28-en-asturias\\\/#mainImage\",\"width\":1264,\"height\":803,\"caption\":\"Foto: Prensa Gobierno de Asturias\"},\"primaryImageOfPage\":{\"@id\":\"https:\\\/\\\/candas365.es\\\/noticias\\\/el-transporte-publico-crece-un-28-en-asturias\\\/#mainImage\"},\"datePublished\":\"2026-02-16T15:10:50+01:00\",\"dateModified\":\"2026-02-16T15:10:50+01:00\"},{\"@type\":\"WebSite\",\"@id\":\"https:\\\/\\\/candas365.es\\\/noticias\\\/#website\",\"url\":\"https:\\\/\\\/candas365.es\\\/noticias\\\/\",\"name\":\"Cand\\u00e1s 365\",\"alternateName\":\"Cand\\u00e1s 365 Noticias\",\"description\":\"Actualidad desde Carre\\u00f1o para el mundo\",\"inLanguage\":\"es-ES\",\"publisher\":{\"@id\":\"https:\\\/\\\/candas365.es\\\/noticias\\\/#organization\"}}]}\n\t\t<\/script>\n\t\t<!-- All in One SEO Pro -->\r\n\t\t<title>El transporte p\u00fablico crece un 2,8% en Asturias | Cand\u00e1s 365<\/title>\n\n","aioseo_head_json":{"title":"El transporte p\u00fablico crece un 2,8% en Asturias | Cand\u00e1s 365","description":"El inicio de 2026 consolida el aumento del uso del transporte p\u00fablico por carretera en Asturias. Seg\u00fan datos del Consorcio de Transportes de Asturias","canonical_url":"https:\/\/candas365.es\/noticias\/el-transporte-publico-crece-un-28-en-asturias\/","robots":"max-image-preview:large","keywords":"asturias,destacadas","webmasterTools":{"google-site-verification":"UA-32230408-1","msvalidate.01":"354F3CDFB2DA171B47FBE9ABF1F88D5","miscellaneous":""},"schema":{"@context":"https:\/\/schema.org","@graph":[{"@type":"BreadcrumbList","@id":"https:\/\/candas365.es\/noticias\/el-transporte-publico-crece-un-28-en-asturias\/#breadcrumblist","itemListElement":[{"@type":"ListItem","@id":"https:\/\/candas365.es\/noticias#listItem","position":1,"name":"Home","item":"https:\/\/candas365.es\/noticias","nextItem":{"@type":"ListItem","@id":"https:\/\/candas365.es\/noticias\/category\/asturias\/#listItem","name":"Asturias"}},{"@type":"ListItem","@id":"https:\/\/candas365.es\/noticias\/category\/asturias\/#listItem","position":2,"name":"Asturias","item":"https:\/\/candas365.es\/noticias\/category\/asturias\/","nextItem":{"@type":"ListItem","@id":"https:\/\/candas365.es\/noticias\/el-transporte-publico-crece-un-28-en-asturias\/#listItem","name":"El transporte p\u00fablico crece un 2,8% en Asturias"},"previousItem":{"@type":"ListItem","@id":"https:\/\/candas365.es\/noticias#listItem","name":"Home"}},{"@type":"ListItem","@id":"https:\/\/candas365.es\/noticias\/el-transporte-publico-crece-un-28-en-asturias\/#listItem","position":3,"name":"El transporte p\u00fablico crece un 2,8% en Asturias","previousItem":{"@type":"ListItem","@id":"https:\/\/candas365.es\/noticias\/category\/asturias\/#listItem","name":"Asturias"}}]},{"@type":"NewsArticle","@id":"https:\/\/candas365.es\/noticias\/el-transporte-publico-crece-un-28-en-asturias\/#newsarticle","name":"El transporte p\u00fablico crece un 2,8% en Asturias | Cand\u00e1s 365","headline":"El transporte p\u00fablico crece un 2,8% en Asturias","author":{"@id":"https:\/\/candas365.es\/noticias\/author\/admin\/#author"},"publisher":{"@id":"https:\/\/candas365.es\/noticias\/#organization"},"image":{"@type":"ImageObject","url":"https:\/\/candas365.es\/noticias\/wp-content\/uploads\/2026\/02\/El-transporte-publico-crece-un-28-en-Asturias.jpg","width":1264,"height":803,"caption":"Foto: Prensa Gobierno de Asturias"},"datePublished":"2026-02-16T15:10:50+01:00","dateModified":"2026-02-16T15:10:50+01:00","inLanguage":"es-ES","mainEntityOfPage":{"@id":"https:\/\/candas365.es\/noticias\/el-transporte-publico-crece-un-28-en-asturias\/#webpage"},"isPartOf":{"@id":"https:\/\/candas365.es\/noticias\/el-transporte-publico-crece-un-28-en-asturias\/#webpage"},"articleSection":"Asturias, Destacadas, Asturias","dateline":"Publicado el febrero 16, 2026."},{"@type":"Organization","@id":"https:\/\/candas365.es\/noticias\/#organization","name":"Cand\u00e1s 365","description":"Cand\u00e1s 365 es un diario digital independiente, fundado en 2012, con base en Asturias. Informamos con rigor sobre actualidad, sociedad, cultura y ocio, con una mirada local y global.","url":"https:\/\/candas365.es\/noticias\/","email":"info@candas365.es","telephone":"+34652131393","foundingDate":"2012-06-10","logo":{"@type":"ImageObject","url":"https:\/\/candas365.es\/noticias\/wp-content\/uploads\/2024\/09\/Candas-365-Redes.jpg","@id":"https:\/\/candas365.es\/noticias\/el-transporte-publico-crece-un-28-en-asturias\/#organizationLogo","width":1152,"height":864,"caption":"Cand\u00e1s 365 Redes"},"image":{"@id":"https:\/\/candas365.es\/noticias\/el-transporte-publico-crece-un-28-en-asturias\/#organizationLogo"},"sameAs":["https:\/\/www.facebook.com\/Nachofdezber","https:\/\/x.com\/NabercoDigital","https:\/\/www.instagram.com\/nachofdezber\/","https:\/\/www.youtube.com\/channel\/UCZP-2wLEB9Rv6erhFmqVnvg"],"address":{"@id":"https:\/\/candas365.es\/noticias\/#postaladdress","@type":"PostalAddress","streetAddress":"san antonio 4, san antonio 4","postalCode":"33430","addressLocality":"Cand\u00e1s","addressRegion":"Asturias","addressCountry":"ES"}},{"@type":"Person","@id":"https:\/\/candas365.es\/noticias\/author\/admin\/#author","url":"https:\/\/candas365.es\/noticias\/author\/admin\/","name":"Cand\u00e1s 365","image":{"@type":"ImageObject","@id":"https:\/\/candas365.es\/noticias\/el-transporte-publico-crece-un-28-en-asturias\/#authorImage","url":"https:\/\/secure.gravatar.com\/avatar\/496a8e03d0c493ede1718b7934145dbdf8d89be1036b0eec9544e1094c9de390?s=96&d=mm&r=g","width":96,"height":96,"caption":"Cand\u00e1s 365"},"sameAs":["https:\/\/www.facebook.com\/carrenoactualidad","https:\/\/twitter.com\/nbasturias","https:\/\/www.instagram.com\/nachofdezber\/","https:\/\/www.youtube.com\/channel\/UCZP-2wLEB9Rv6erhFmqVnvg"]},{"@type":"WebPage","@id":"https:\/\/candas365.es\/noticias\/el-transporte-publico-crece-un-28-en-asturias\/#webpage","url":"https:\/\/candas365.es\/noticias\/el-transporte-publico-crece-un-28-en-asturias\/","name":"El transporte p\u00fablico crece un 2,8% en Asturias | Cand\u00e1s 365","description":"El inicio de 2026 consolida el aumento del uso del transporte p\u00fablico por carretera en Asturias. Seg\u00fan datos del Consorcio de Transportes de Asturias","inLanguage":"es-ES","isPartOf":{"@id":"https:\/\/candas365.es\/noticias\/#website"},"breadcrumb":{"@id":"https:\/\/candas365.es\/noticias\/el-transporte-publico-crece-un-28-en-asturias\/#breadcrumblist"},"author":{"@id":"https:\/\/candas365.es\/noticias\/author\/admin\/#author"},"creator":{"@id":"https:\/\/candas365.es\/noticias\/author\/admin\/#author"},"image":{"@type":"ImageObject","url":"https:\/\/candas365.es\/noticias\/wp-content\/uploads\/2026\/02\/El-transporte-publico-crece-un-28-en-Asturias.jpg","@id":"https:\/\/candas365.es\/noticias\/el-transporte-publico-crece-un-28-en-asturias\/#mainImage","width":1264,"height":803,"caption":"Foto: Prensa Gobierno de Asturias"},"primaryImageOfPage":{"@id":"https:\/\/candas365.es\/noticias\/el-transporte-publico-crece-un-28-en-asturias\/#mainImage"},"datePublished":"2026-02-16T15:10:50+01:00","dateModified":"2026-02-16T15:10:50+01:00"},{"@type":"WebSite","@id":"https:\/\/candas365.es\/noticias\/#website","url":"https:\/\/candas365.es\/noticias\/","name":"Cand\u00e1s 365","alternateName":"Cand\u00e1s 365 Noticias","description":"Actualidad desde Carre\u00f1o para el mundo","inLanguage":"es-ES","publisher":{"@id":"https:\/\/candas365.es\/noticias\/#organization"}}]},"og:locale":"es_ES","og:site_name":"Cand\u00e1s 365","og:type":"article","og:title":"El transporte p\u00fablico crece un 2,8% en Asturias | Cand\u00e1s 365","og:description":"El inicio de 2026 consolida el aumento del uso del transporte p\u00fablico por carretera en Asturias. Seg\u00fan datos del Consorcio de Transportes de Asturias","og:url":"https:\/\/candas365.es\/noticias\/el-transporte-publico-crece-un-28-en-asturias\/","og:image":"https:\/\/candas365.es\/noticias\/wp-content\/uploads\/2026\/02\/El-transporte-publico-crece-un-28-en-Asturias.jpg","og:image:secure_url":"https:\/\/candas365.es\/noticias\/wp-content\/uploads\/2026\/02\/El-transporte-publico-crece-un-28-en-Asturias.jpg","og:image:width":1264,"og:image:height":803,"article:published_time":"2026-02-16T14:10:50+00:00","article:modified_time":"2026-02-16T14:10:50+00:00","article:publisher":"https:\/\/www.facebook.com\/Nachofdezber","article:author":"https:\/\/www.facebook.com\/carrenoactualidad","twitter:card":"summary_large_image","twitter:site":"@NabercoDigital","twitter:title":"El transporte p\u00fablico crece un 2,8% en Asturias | Cand\u00e1s 365","twitter:description":"El inicio de 2026 consolida el aumento del uso del transporte p\u00fablico por carretera en Asturias. Seg\u00fan datos del Consorcio de Transportes de Asturias","twitter:creator":"@nbasturias","twitter:image":"https:\/\/candas365.es\/noticias\/wp-content\/uploads\/2026\/02\/El-transporte-publico-crece-un-28-en-Asturias.jpg","twitter:label1":"Escrito por","twitter:data1":"Cand\u00e1s 365","twitter:label2":"Tiempo de lectura estimado","twitter:data2":"1 minuto"},"aioseo_meta_data":{"post_id":"192058","title":null,"description":"El inicio de 2026 consolida el aumento del uso del transporte p\u00fablico por carretera en Asturias. Seg\u00fan datos del Consorcio de Transportes de Asturias","keywords":null,"keyphrases":{"focus":{"keyphrase":"Asturias","score":91,"analysis":{"keyphraseInTitle":{"score":9,"maxScore":9,"error":0},"keyphraseInDescription":{"score":9,"maxScore":9,"error":0},"keyphraseLength":{"score":9,"maxScore":9,"error":0,"length":1},"keyphraseInURL":{"score":5,"maxScore":5,"error":0},"keyphraseInIntroduction":{"score":9,"maxScore":9,"error":0},"keyphraseInSubHeadings":{"score":3,"maxScore":9,"error":1},"keyphraseInImageAlt":{"score":9,"maxScore":9,"error":0},"keywordDensity":{"type":"best","score":9,"maxScore":9,"error":0}}},"additional":[{"keyphrase":"transporte","score":100,"analysis":{"keyphraseInDescription":{"score":9,"maxScore":9,"error":0},"keyphraseLength":{"score":9,"maxScore":9,"error":0,"length":1},"keyphraseInIntroduction":{"score":9,"maxScore":9,"error":0},"keyphraseInImageAlt":{"score":9,"maxScore":9,"error":0},"keywordDensity":{"type":"best","score":9,"maxScore":9,"error":0}}}]},"primary_term":null,"canonical_url":null,"og_title":null,"og_description":null,"og_object_type":"default","og_image_type":"default","og_image_url":null,"og_image_width":null,"og_image_height":null,"og_image_custom_url":null,"og_image_custom_fields":null,"og_video":"","og_custom_url":null,"og_article_section":null,"og_article_tags":null,"twitter_use_og":false,"twitter_card":"default","twitter_image_type":"default","twitter_image_url":null,"twitter_image_custom_url":null,"twitter_image_custom_fields":null,"twitter_title":null,"twitter_description":null,"schema":{"blockGraphs":[],"customGraphs":[],"default":{"data":{"Article":[],"Course":[],"Dataset":[],"FAQPage":[],"Movie":[],"Person":[],"Product":[],"ProductReview":[],"Car":[],"Recipe":[],"Service":[],"SoftwareApplication":[],"WebPage":[]},"graphName":"Article","isEnabled":true},"graphs":[]},"schema_type":"default","schema_type_options":null,"pillar_content":false,"robots_default":true,"robots_noindex":false,"robots_noarchive":false,"robots_nosnippet":false,"robots_nofollow":false,"robots_noimageindex":false,"robots_noodp":false,"robots_notranslate":false,"robots_max_snippet":"-1","robots_max_videopreview":"-1","robots_max_imagepreview":"large","priority":null,"frequency":"default","location":null,"local_seo":null,"seo_analyzer_scan_date":"2026-02-16 14:20:31","breadcrumb_settings":null,"limit_modified_date":false,"reviewed_by":null,"open_ai":null,"ai":{"faqs":[],"keyPoints":[],"titles":[],"descriptions":[],"socialPosts":{"email":[],"linkedin":[],"twitter":[],"facebook":[],"instagram":[]}},"created":"2026-02-16 14:02:53","updated":"2026-02-16 14:21:00"},"aioseo_breadcrumb":"<div class=\"aioseo-breadcrumbs\"><span class=\"aioseo-breadcrumb\">\n\t<a href=\"https:\/\/candas365.es\/noticias\" title=\"Home\">Home<\/a>\n<\/span><span class=\"aioseo-breadcrumb-separator\">&ndash;<\/span><span class=\"aioseo-breadcrumb\">\n\t<a href=\"https:\/\/candas365.es\/noticias\/category\/asturias\/\" title=\"Asturias\">Asturias<\/a>\n<\/span><span class=\"aioseo-breadcrumb-separator\">&ndash;<\/span><span class=\"aioseo-breadcrumb\">\n\tEl transporte p\u00fablico crece un 2,8% en Asturias\n<\/span><\/div>","aioseo_breadcrumb_json":[{"label":"Home","link":"https:\/\/candas365.es\/noticias"},{"label":"Asturias","link":"https:\/\/candas365.es\/noticias\/category\/asturias\/"},{"label":"El transporte p\u00fablico crece un 2,8% en Asturias","link":"https:\/\/candas365.es\/noticias\/el-transporte-publico-crece-un-28-en-asturias\/"}],"_links":{"self":[{"href":"https:\/\/candas365.es\/noticias\/wp-json\/wp\/v2\/posts\/192058","targetHints":{"allow":["GET"]}}],"collection":[{"href":"https:\/\/candas365.es\/noticias\/wp-json\/wp\/v2\/posts"}],"about":[{"href":"https:\/\/candas365.es\/noticias\/wp-json\/wp\/v2\/types\/post"}],"author":[{"embeddable":true,"href":"https:\/\/candas365.es\/noticias\/wp-json\/wp\/v2\/users\/1"}],"replies":[{"embeddable":true,"href":"https:\/\/candas365.es\/noticias\/wp-json\/wp\/v2\/comments?post=192058"}],"version-history":[{"count":0,"href":"https:\/\/candas365.es\/noticias\/wp-json\/wp\/v2\/posts\/192058\/revisions"}],"wp:featuredmedia":[{"embeddable":true,"href":"https:\/\/candas365.es\/noticias\/wp-json\/wp\/v2\/media\/192059"}],"wp:attachment":[{"href":"https:\/\/candas365.es\/noticias\/wp-json\/wp\/v2\/media?parent=192058"}],"wp:term":[{"taxonomy":"category","embeddable":true,"href":"https:\/\/candas365.es\/noticias\/wp-json\/wp\/v2\/categories?post=192058"},{"taxonomy":"post_tag","embeddable":true,"href":"https:\/\/candas365.es\/noticias\/wp-json\/wp\/v2\/tags?post=192058"}],"curies":[{"name":"wp","href":"https:\/\/api.w.org\/{rel}","templated":true}]}}