{"id":192035,"date":"2026-02-16T05:45:13","date_gmt":"2026-02-16T04:45:13","guid":{"rendered":"https:\/\/candas365.es\/noticias\/?p=192035"},"modified":"2026-02-16T05:45:13","modified_gmt":"2026-02-16T04:45:13","slug":"nuevo-centro-de-salud-mental-en-cianu","status":"publish","type":"post","link":"https:\/\/candas365.es\/noticias\/nuevo-centro-de-salud-mental-en-cianu\/","title":{"rendered":"Nuevo centro de salud mental en Cia\u00f1u"},"content":{"rendered":"<p data-start=\"58\" data-end=\"497\">El <a href=\"https:\/\/actualidad.asturias.es\/\" target=\"_blank\" rel=\"noopener\"><span style=\"color: #ff6600;\"><strong>Gobierno de Asturias<\/strong><\/span><\/a> crear\u00e1 un centro para el cuidado de la <strong><span style=\"color: #ff6600;\"><a style=\"color: #ff6600;\" href=\"https:\/\/candas365.es\/noticias\/category\/salud\/\">salud mental<\/a><\/span><\/strong>, la vida comunitaria y el apoyo a la integraci\u00f3n en el antiguo Colegio de <strong data-start=\"208\" data-end=\"220\">La Salle<\/strong>, en <strong data-start=\"225\" data-end=\"244\">Cia\u00f1u (Langreo)<\/strong>. El objetivo es consolidar un espacio de referencia que combine atenci\u00f3n, prevenci\u00f3n y bienestar en un entorno inclusivo y colaborativo, alineado con la Estrategia Nacional de Salud Mental y con los Objetivos de Desarrollo Sostenible de la Agenda 2030.<\/p>\n<figure id=\"attachment_192036\" aria-describedby=\"caption-attachment-192036\" style=\"width: 650px\" class=\"wp-caption aligncenter\"><img fetchpriority=\"high\" decoding=\"async\" class=\"size-large wp-image-192036\" src=\"https:\/\/candas365.es\/noticias\/wp-content\/uploads\/2026\/02\/Nuevo-centro-de-salud-mental-en-Cianu-650x364.jpg\" alt=\"Nuevo centro de salud mental en Cia\u00f1u\" width=\"650\" height=\"364\" srcset=\"https:\/\/candas365.es\/noticias\/wp-content\/uploads\/2026\/02\/Nuevo-centro-de-salud-mental-en-Cianu-650x364.jpg 650w, https:\/\/candas365.es\/noticias\/wp-content\/uploads\/2026\/02\/Nuevo-centro-de-salud-mental-en-Cianu-360x202.jpg 360w, https:\/\/candas365.es\/noticias\/wp-content\/uploads\/2026\/02\/Nuevo-centro-de-salud-mental-en-Cianu-768x430.jpg 768w, https:\/\/candas365.es\/noticias\/wp-content\/uploads\/2026\/02\/Nuevo-centro-de-salud-mental-en-Cianu-150x84.jpg 150w, https:\/\/candas365.es\/noticias\/wp-content\/uploads\/2026\/02\/Nuevo-centro-de-salud-mental-en-Cianu-450x252.jpg 450w, https:\/\/candas365.es\/noticias\/wp-content\/uploads\/2026\/02\/Nuevo-centro-de-salud-mental-en-Cianu-1200x672.jpg 1200w, https:\/\/candas365.es\/noticias\/wp-content\/uploads\/2026\/02\/Nuevo-centro-de-salud-mental-en-Cianu.jpg 1236w\" sizes=\"(max-width: 650px) 100vw, 650px\" \/><figcaption id=\"caption-attachment-192036\" class=\"wp-caption-text\">Foto: Prensa Principado de Asturias<\/figcaption><\/figure>\n<p data-start=\"499\" data-end=\"874\">Las consejeras de Salud, <strong data-start=\"524\" data-end=\"547\">Concepci\u00f3n Saavedra<\/strong>, y de Derechos Sociales y Bienestar, <strong data-start=\"585\" data-end=\"603\">Marta del Arco<\/strong>, han presentado el documento que define los usos del futuro equipamiento a entidades y colectivos de la zona, dentro de un proceso participativo que permitir\u00e1 recoger aportaciones para su dise\u00f1o final y garantizar que responda a las necesidades de las personas usuarias.<\/p>\n<h2 data-start=\"876\" data-end=\"927\">Un espacio de referencia con m\u00e1s de 4.000 metros<\/h2>\n<p data-start=\"929\" data-end=\"1233\">El equipamiento contar\u00e1 con m\u00e1s de <strong data-start=\"964\" data-end=\"990\">4.000 metros cuadrados<\/strong> distribuidos en tres plantas. Incluir\u00e1 una zona p\u00fablica de promoci\u00f3n del bienestar relacional y emocional, un hospital de d\u00eda, consultas ambulatorias, una unidad residencial con estancia nocturna y \u00e1reas destinadas al personal y a la gesti\u00f3n.<\/p>\n<p data-start=\"1235\" data-end=\"1679\">El inmueble dispondr\u00e1 tambi\u00e9n de espacios abiertos a la comunidad y a entidades locales para actividades sociales, culturales, deportivas, formativas o de recreo. El planteamiento busca fomentar las relaciones y el apoyo entre personas con y sin discapacidad psicosocial, as\u00ed como reforzar la colaboraci\u00f3n entre administraciones p\u00fablicas, tercer sector y asociaciones vinculadas a la salud mental, en un entorno cercano y desinstitucionalizado.<\/p>\n<p data-start=\"1681\" data-end=\"1821\">La amplitud de la parcela permitir\u00e1 habilitar zonas para actividades al aire libre dirigidas tanto a personas usuarias como a la ciudadan\u00eda.<\/p>\n<p data-start=\"1823\" data-end=\"2050\">Los presupuestos de la Consejer\u00eda de Salud incluyen este a\u00f1o una partida de <strong data-start=\"1899\" data-end=\"1915\">52.159 euros<\/strong> para la redacci\u00f3n del proyecto de rehabilitaci\u00f3n del antiguo centro escolar de Cia\u00f1u, incluido en el cat\u00e1logo de patrimonio hist\u00f3rico.<\/p>\n<p data-start=\"2052\" data-end=\"2299\">La intervenci\u00f3n permitir\u00e1 reunir en un mismo espacio los programas de salud mental que actualmente se desarrollan en distintos dispositivos del \u00e1rea sanitaria, con el objetivo de ofrecer un \u00e1mbito de cuidado comunitario corresponsable e innovador.<\/p>\n<h2 data-start=\"2301\" data-end=\"2352\">Centro de apoyo a personas con trastorno autista<\/h2>\n<p data-start=\"2354\" data-end=\"2595\">La propuesta contempla adem\u00e1s la creaci\u00f3n de un centro de apoyo a la integraci\u00f3n para personas adultas con <strong data-start=\"2461\" data-end=\"2495\">trastorno del espectro autista<\/strong>, que se ubicar\u00e1 en un pabell\u00f3n independiente de la planta baja con m\u00e1s de <strong data-start=\"2570\" data-end=\"2594\">300 metros cuadrados<\/strong>.<\/p>\n<p data-start=\"2597\" data-end=\"2785\" data-is-last-node=\"\" data-is-only-node=\"\">El recurso garantizar\u00e1 la continuidad de tratamientos, terapias y rutinas diarias. Aunque funcionar\u00e1 de manera aut\u00f3noma, est\u00e1 previsto que ambos dispositivos desarrollen proyectos comunes.<\/p>\n","protected":false},"excerpt":{"rendered":"<p>El Gobierno de Asturias crear\u00e1 un centro para el cuidado de la salud mental, la vida comunitaria y el apoyo a la integraci\u00f3n en el antiguo Colegio de La Salle, en Cia\u00f1u (Langreo). El objetivo es consolidar un espacio de referencia que combine atenci\u00f3n, prevenci\u00f3n y bienestar en un entorno inclusivo y colaborativo, alineado con<\/p>\n","protected":false},"author":1,"featured_media":192036,"comment_status":"closed","ping_status":"closed","sticky":false,"template":"","format":"standard","meta":{"footnotes":""},"categories":[316,372],"tags":[378],"class_list":{"0":"post-192035","1":"post","2":"type-post","3":"status-publish","4":"format-standard","5":"has-post-thumbnail","7":"category-destacadas","8":"category-salud","9":"tag-salud"},"aioseo_notices":[],"aioseo_head":"\n\t\t<!-- All in One SEO Pro 4.9.6.2 - aioseo.com -->\n\t<meta name=\"description\" content=\"El Gobierno de Asturias crear\u00e1 un centro para el cuidado de la salud mental, la vida comunitaria y el apoyo a la integraci\u00f3n en el antiguo Colegio de La Salle\" \/>\n\t<meta name=\"robots\" content=\"max-image-preview:large\" \/>\n\t<meta name=\"author\" content=\"Cand\u00e1s 365\"\/>\n\t<meta name=\"google-site-verification\" content=\"UA-32230408-1\" \/>\n\t<meta name=\"msvalidate.01\" content=\"354F3CDFB2DA171B47FBE9ABF1F88D5\" \/>\n\t<meta name=\"keywords\" content=\"destacadas,salud\" \/>\n\t<link rel=\"canonical\" href=\"https:\/\/candas365.es\/noticias\/nuevo-centro-de-salud-mental-en-cianu\/\" \/>\n\t<meta name=\"generator\" content=\"All in One SEO Pro (AIOSEO) 4.9.6.2\" \/>\n\t\t<meta property=\"og:locale\" content=\"es_ES\" \/>\n\t\t<meta property=\"og:site_name\" content=\"Cand\u00e1s 365\" \/>\n\t\t<meta property=\"og:type\" content=\"article\" \/>\n\t\t<meta property=\"og:title\" content=\"Nuevo centro de salud mental en Cia\u00f1u | Cand\u00e1s 365\" \/>\n\t\t<meta property=\"og:description\" content=\"El Gobierno de Asturias crear\u00e1 un centro para el cuidado de la salud mental, la vida comunitaria y el apoyo a la integraci\u00f3n en el antiguo Colegio de La Salle\" \/>\n\t\t<meta property=\"og:url\" content=\"https:\/\/candas365.es\/noticias\/nuevo-centro-de-salud-mental-en-cianu\/\" \/>\n\t\t<meta property=\"og:image\" content=\"https:\/\/candas365.es\/noticias\/wp-content\/uploads\/2026\/02\/Nuevo-centro-de-salud-mental-en-Cianu.jpg\" \/>\n\t\t<meta property=\"og:image:secure_url\" content=\"https:\/\/candas365.es\/noticias\/wp-content\/uploads\/2026\/02\/Nuevo-centro-de-salud-mental-en-Cianu.jpg\" \/>\n\t\t<meta property=\"og:image:width\" content=\"1236\" \/>\n\t\t<meta property=\"og:image:height\" content=\"692\" \/>\n\t\t<meta property=\"article:published_time\" content=\"2026-02-16T04:45:13+00:00\" \/>\n\t\t<meta property=\"article:modified_time\" content=\"2026-02-16T04:45:13+00:00\" \/>\n\t\t<meta property=\"article:publisher\" content=\"https:\/\/www.facebook.com\/Nachofdezber\" \/>\n\t\t<meta property=\"article:author\" content=\"https:\/\/www.facebook.com\/carrenoactualidad\" \/>\n\t\t<meta name=\"twitter:card\" content=\"summary_large_image\" \/>\n\t\t<meta name=\"twitter:site\" content=\"@NabercoDigital\" \/>\n\t\t<meta name=\"twitter:title\" content=\"Nuevo centro de salud mental en Cia\u00f1u | Cand\u00e1s 365\" \/>\n\t\t<meta name=\"twitter:description\" content=\"El Gobierno de Asturias crear\u00e1 un centro para el cuidado de la salud mental, la vida comunitaria y el apoyo a la integraci\u00f3n en el antiguo Colegio de La Salle\" \/>\n\t\t<meta name=\"twitter:creator\" content=\"@nbasturias\" \/>\n\t\t<meta name=\"twitter:image\" content=\"https:\/\/candas365.es\/noticias\/wp-content\/uploads\/2026\/02\/Nuevo-centro-de-salud-mental-en-Cianu.jpg\" \/>\n\t\t<meta name=\"twitter:label1\" content=\"Escrito por\" \/>\n\t\t<meta name=\"twitter:data1\" content=\"Cand\u00e1s 365\" \/>\n\t\t<meta name=\"twitter:label2\" content=\"Tiempo de lectura estimado\" \/>\n\t\t<meta name=\"twitter:data2\" content=\"2 minutos\" \/>\n\t\t<script type=\"application\/ld+json\" class=\"aioseo-schema\">\n\t\t\t{\"@context\":\"https:\\\/\\\/schema.org\",\"@graph\":[{\"@type\":\"BreadcrumbList\",\"@id\":\"https:\\\/\\\/candas365.es\\\/noticias\\\/nuevo-centro-de-salud-mental-en-cianu\\\/#breadcrumblist\",\"itemListElement\":[{\"@type\":\"ListItem\",\"@id\":\"https:\\\/\\\/candas365.es\\\/noticias#listItem\",\"position\":1,\"name\":\"Home\",\"item\":\"https:\\\/\\\/candas365.es\\\/noticias\",\"nextItem\":{\"@type\":\"ListItem\",\"@id\":\"https:\\\/\\\/candas365.es\\\/noticias\\\/category\\\/destacadas\\\/#listItem\",\"name\":\"Destacadas\"}},{\"@type\":\"ListItem\",\"@id\":\"https:\\\/\\\/candas365.es\\\/noticias\\\/category\\\/destacadas\\\/#listItem\",\"position\":2,\"name\":\"Destacadas\",\"item\":\"https:\\\/\\\/candas365.es\\\/noticias\\\/category\\\/destacadas\\\/\",\"nextItem\":{\"@type\":\"ListItem\",\"@id\":\"https:\\\/\\\/candas365.es\\\/noticias\\\/nuevo-centro-de-salud-mental-en-cianu\\\/#listItem\",\"name\":\"Nuevo centro de salud mental en Cia\\u00f1u\"},\"previousItem\":{\"@type\":\"ListItem\",\"@id\":\"https:\\\/\\\/candas365.es\\\/noticias#listItem\",\"name\":\"Home\"}},{\"@type\":\"ListItem\",\"@id\":\"https:\\\/\\\/candas365.es\\\/noticias\\\/nuevo-centro-de-salud-mental-en-cianu\\\/#listItem\",\"position\":3,\"name\":\"Nuevo centro de salud mental en Cia\\u00f1u\",\"previousItem\":{\"@type\":\"ListItem\",\"@id\":\"https:\\\/\\\/candas365.es\\\/noticias\\\/category\\\/destacadas\\\/#listItem\",\"name\":\"Destacadas\"}}]},{\"@type\":\"NewsArticle\",\"@id\":\"https:\\\/\\\/candas365.es\\\/noticias\\\/nuevo-centro-de-salud-mental-en-cianu\\\/#newsarticle\",\"name\":\"Nuevo centro de salud mental en Cia\\u00f1u | Cand\\u00e1s 365\",\"headline\":\"Nuevo centro de salud mental en Cia\\u00f1u\",\"author\":{\"@id\":\"https:\\\/\\\/candas365.es\\\/noticias\\\/author\\\/admin\\\/#author\"},\"publisher\":{\"@id\":\"https:\\\/\\\/candas365.es\\\/noticias\\\/#organization\"},\"image\":{\"@type\":\"ImageObject\",\"url\":\"https:\\\/\\\/candas365.es\\\/noticias\\\/wp-content\\\/uploads\\\/2026\\\/02\\\/Nuevo-centro-de-salud-mental-en-Cianu.jpg\",\"width\":1236,\"height\":692,\"caption\":\"Foto: Prensa Principado de Asturias\"},\"datePublished\":\"2026-02-16T05:45:13+01:00\",\"dateModified\":\"2026-02-16T05:45:13+01:00\",\"inLanguage\":\"es-ES\",\"mainEntityOfPage\":{\"@id\":\"https:\\\/\\\/candas365.es\\\/noticias\\\/nuevo-centro-de-salud-mental-en-cianu\\\/#webpage\"},\"isPartOf\":{\"@id\":\"https:\\\/\\\/candas365.es\\\/noticias\\\/nuevo-centro-de-salud-mental-en-cianu\\\/#webpage\"},\"articleSection\":\"Destacadas, Salud, Salud\",\"dateline\":\"Publicado el febrero 16, 2026.\"},{\"@type\":\"Organization\",\"@id\":\"https:\\\/\\\/candas365.es\\\/noticias\\\/#organization\",\"name\":\"Cand\\u00e1s 365\",\"description\":\"Cand\\u00e1s 365 es un diario digital independiente, fundado en 2012, con base en Asturias. Informamos con rigor sobre actualidad, sociedad, cultura y ocio, con una mirada local y global.\",\"url\":\"https:\\\/\\\/candas365.es\\\/noticias\\\/\",\"email\":\"info@candas365.es\",\"telephone\":\"+34652131393\",\"foundingDate\":\"2012-06-10\",\"logo\":{\"@type\":\"ImageObject\",\"url\":\"https:\\\/\\\/candas365.es\\\/noticias\\\/wp-content\\\/uploads\\\/2024\\\/09\\\/Candas-365-Redes.jpg\",\"@id\":\"https:\\\/\\\/candas365.es\\\/noticias\\\/nuevo-centro-de-salud-mental-en-cianu\\\/#organizationLogo\",\"width\":1152,\"height\":864,\"caption\":\"Cand\\u00e1s 365 Redes\"},\"image\":{\"@id\":\"https:\\\/\\\/candas365.es\\\/noticias\\\/nuevo-centro-de-salud-mental-en-cianu\\\/#organizationLogo\"},\"sameAs\":[\"https:\\\/\\\/www.facebook.com\\\/Nachofdezber\",\"https:\\\/\\\/x.com\\\/NabercoDigital\",\"https:\\\/\\\/www.instagram.com\\\/nachofdezber\\\/\",\"https:\\\/\\\/www.youtube.com\\\/channel\\\/UCZP-2wLEB9Rv6erhFmqVnvg\"],\"address\":{\"@id\":\"https:\\\/\\\/candas365.es\\\/noticias\\\/#postaladdress\",\"@type\":\"PostalAddress\",\"streetAddress\":\"san antonio 4, san antonio 4\",\"postalCode\":\"33430\",\"addressLocality\":\"Cand\\u00e1s\",\"addressRegion\":\"Asturias\",\"addressCountry\":\"ES\"}},{\"@type\":\"Person\",\"@id\":\"https:\\\/\\\/candas365.es\\\/noticias\\\/author\\\/admin\\\/#author\",\"url\":\"https:\\\/\\\/candas365.es\\\/noticias\\\/author\\\/admin\\\/\",\"name\":\"Cand\\u00e1s 365\",\"image\":{\"@type\":\"ImageObject\",\"@id\":\"https:\\\/\\\/candas365.es\\\/noticias\\\/nuevo-centro-de-salud-mental-en-cianu\\\/#authorImage\",\"url\":\"https:\\\/\\\/secure.gravatar.com\\\/avatar\\\/496a8e03d0c493ede1718b7934145dbdf8d89be1036b0eec9544e1094c9de390?s=96&d=mm&r=g\",\"width\":96,\"height\":96,\"caption\":\"Cand\\u00e1s 365\"},\"sameAs\":[\"https:\\\/\\\/www.facebook.com\\\/carrenoactualidad\",\"https:\\\/\\\/twitter.com\\\/nbasturias\",\"https:\\\/\\\/www.instagram.com\\\/nachofdezber\\\/\",\"https:\\\/\\\/www.youtube.com\\\/channel\\\/UCZP-2wLEB9Rv6erhFmqVnvg\"]},{\"@type\":\"WebPage\",\"@id\":\"https:\\\/\\\/candas365.es\\\/noticias\\\/nuevo-centro-de-salud-mental-en-cianu\\\/#webpage\",\"url\":\"https:\\\/\\\/candas365.es\\\/noticias\\\/nuevo-centro-de-salud-mental-en-cianu\\\/\",\"name\":\"Nuevo centro de salud mental en Cia\\u00f1u | Cand\\u00e1s 365\",\"description\":\"El Gobierno de Asturias crear\\u00e1 un centro para el cuidado de la salud mental, la vida comunitaria y el apoyo a la integraci\\u00f3n en el antiguo Colegio de La Salle\",\"inLanguage\":\"es-ES\",\"isPartOf\":{\"@id\":\"https:\\\/\\\/candas365.es\\\/noticias\\\/#website\"},\"breadcrumb\":{\"@id\":\"https:\\\/\\\/candas365.es\\\/noticias\\\/nuevo-centro-de-salud-mental-en-cianu\\\/#breadcrumblist\"},\"author\":{\"@id\":\"https:\\\/\\\/candas365.es\\\/noticias\\\/author\\\/admin\\\/#author\"},\"creator\":{\"@id\":\"https:\\\/\\\/candas365.es\\\/noticias\\\/author\\\/admin\\\/#author\"},\"image\":{\"@type\":\"ImageObject\",\"url\":\"https:\\\/\\\/candas365.es\\\/noticias\\\/wp-content\\\/uploads\\\/2026\\\/02\\\/Nuevo-centro-de-salud-mental-en-Cianu.jpg\",\"@id\":\"https:\\\/\\\/candas365.es\\\/noticias\\\/nuevo-centro-de-salud-mental-en-cianu\\\/#mainImage\",\"width\":1236,\"height\":692,\"caption\":\"Foto: Prensa Principado de Asturias\"},\"primaryImageOfPage\":{\"@id\":\"https:\\\/\\\/candas365.es\\\/noticias\\\/nuevo-centro-de-salud-mental-en-cianu\\\/#mainImage\"},\"datePublished\":\"2026-02-16T05:45:13+01:00\",\"dateModified\":\"2026-02-16T05:45:13+01:00\"},{\"@type\":\"WebSite\",\"@id\":\"https:\\\/\\\/candas365.es\\\/noticias\\\/#website\",\"url\":\"https:\\\/\\\/candas365.es\\\/noticias\\\/\",\"name\":\"Cand\\u00e1s 365\",\"alternateName\":\"Cand\\u00e1s 365 Noticias\",\"description\":\"Actualidad desde Carre\\u00f1o para el mundo\",\"inLanguage\":\"es-ES\",\"publisher\":{\"@id\":\"https:\\\/\\\/candas365.es\\\/noticias\\\/#organization\"}}]}\n\t\t<\/script>\n\t\t<!-- All in One SEO Pro -->\r\n\t\t<title>Nuevo centro de salud mental en Cia\u00f1u | Cand\u00e1s 365<\/title>\n\n","aioseo_head_json":{"title":"Nuevo centro de salud mental en Cia\u00f1u | Cand\u00e1s 365","description":"El Gobierno de Asturias crear\u00e1 un centro para el cuidado de la salud mental, la vida comunitaria y el apoyo a la integraci\u00f3n en el antiguo Colegio de La Salle","canonical_url":"https:\/\/candas365.es\/noticias\/nuevo-centro-de-salud-mental-en-cianu\/","robots":"max-image-preview:large","keywords":"destacadas,salud","webmasterTools":{"google-site-verification":"UA-32230408-1","msvalidate.01":"354F3CDFB2DA171B47FBE9ABF1F88D5","miscellaneous":""},"schema":{"@context":"https:\/\/schema.org","@graph":[{"@type":"BreadcrumbList","@id":"https:\/\/candas365.es\/noticias\/nuevo-centro-de-salud-mental-en-cianu\/#breadcrumblist","itemListElement":[{"@type":"ListItem","@id":"https:\/\/candas365.es\/noticias#listItem","position":1,"name":"Home","item":"https:\/\/candas365.es\/noticias","nextItem":{"@type":"ListItem","@id":"https:\/\/candas365.es\/noticias\/category\/destacadas\/#listItem","name":"Destacadas"}},{"@type":"ListItem","@id":"https:\/\/candas365.es\/noticias\/category\/destacadas\/#listItem","position":2,"name":"Destacadas","item":"https:\/\/candas365.es\/noticias\/category\/destacadas\/","nextItem":{"@type":"ListItem","@id":"https:\/\/candas365.es\/noticias\/nuevo-centro-de-salud-mental-en-cianu\/#listItem","name":"Nuevo centro de salud mental en Cia\u00f1u"},"previousItem":{"@type":"ListItem","@id":"https:\/\/candas365.es\/noticias#listItem","name":"Home"}},{"@type":"ListItem","@id":"https:\/\/candas365.es\/noticias\/nuevo-centro-de-salud-mental-en-cianu\/#listItem","position":3,"name":"Nuevo centro de salud mental en Cia\u00f1u","previousItem":{"@type":"ListItem","@id":"https:\/\/candas365.es\/noticias\/category\/destacadas\/#listItem","name":"Destacadas"}}]},{"@type":"NewsArticle","@id":"https:\/\/candas365.es\/noticias\/nuevo-centro-de-salud-mental-en-cianu\/#newsarticle","name":"Nuevo centro de salud mental en Cia\u00f1u | Cand\u00e1s 365","headline":"Nuevo centro de salud mental en Cia\u00f1u","author":{"@id":"https:\/\/candas365.es\/noticias\/author\/admin\/#author"},"publisher":{"@id":"https:\/\/candas365.es\/noticias\/#organization"},"image":{"@type":"ImageObject","url":"https:\/\/candas365.es\/noticias\/wp-content\/uploads\/2026\/02\/Nuevo-centro-de-salud-mental-en-Cianu.jpg","width":1236,"height":692,"caption":"Foto: Prensa Principado de Asturias"},"datePublished":"2026-02-16T05:45:13+01:00","dateModified":"2026-02-16T05:45:13+01:00","inLanguage":"es-ES","mainEntityOfPage":{"@id":"https:\/\/candas365.es\/noticias\/nuevo-centro-de-salud-mental-en-cianu\/#webpage"},"isPartOf":{"@id":"https:\/\/candas365.es\/noticias\/nuevo-centro-de-salud-mental-en-cianu\/#webpage"},"articleSection":"Destacadas, Salud, Salud","dateline":"Publicado el febrero 16, 2026."},{"@type":"Organization","@id":"https:\/\/candas365.es\/noticias\/#organization","name":"Cand\u00e1s 365","description":"Cand\u00e1s 365 es un diario digital independiente, fundado en 2012, con base en Asturias. Informamos con rigor sobre actualidad, sociedad, cultura y ocio, con una mirada local y global.","url":"https:\/\/candas365.es\/noticias\/","email":"info@candas365.es","telephone":"+34652131393","foundingDate":"2012-06-10","logo":{"@type":"ImageObject","url":"https:\/\/candas365.es\/noticias\/wp-content\/uploads\/2024\/09\/Candas-365-Redes.jpg","@id":"https:\/\/candas365.es\/noticias\/nuevo-centro-de-salud-mental-en-cianu\/#organizationLogo","width":1152,"height":864,"caption":"Cand\u00e1s 365 Redes"},"image":{"@id":"https:\/\/candas365.es\/noticias\/nuevo-centro-de-salud-mental-en-cianu\/#organizationLogo"},"sameAs":["https:\/\/www.facebook.com\/Nachofdezber","https:\/\/x.com\/NabercoDigital","https:\/\/www.instagram.com\/nachofdezber\/","https:\/\/www.youtube.com\/channel\/UCZP-2wLEB9Rv6erhFmqVnvg"],"address":{"@id":"https:\/\/candas365.es\/noticias\/#postaladdress","@type":"PostalAddress","streetAddress":"san antonio 4, san antonio 4","postalCode":"33430","addressLocality":"Cand\u00e1s","addressRegion":"Asturias","addressCountry":"ES"}},{"@type":"Person","@id":"https:\/\/candas365.es\/noticias\/author\/admin\/#author","url":"https:\/\/candas365.es\/noticias\/author\/admin\/","name":"Cand\u00e1s 365","image":{"@type":"ImageObject","@id":"https:\/\/candas365.es\/noticias\/nuevo-centro-de-salud-mental-en-cianu\/#authorImage","url":"https:\/\/secure.gravatar.com\/avatar\/496a8e03d0c493ede1718b7934145dbdf8d89be1036b0eec9544e1094c9de390?s=96&d=mm&r=g","width":96,"height":96,"caption":"Cand\u00e1s 365"},"sameAs":["https:\/\/www.facebook.com\/carrenoactualidad","https:\/\/twitter.com\/nbasturias","https:\/\/www.instagram.com\/nachofdezber\/","https:\/\/www.youtube.com\/channel\/UCZP-2wLEB9Rv6erhFmqVnvg"]},{"@type":"WebPage","@id":"https:\/\/candas365.es\/noticias\/nuevo-centro-de-salud-mental-en-cianu\/#webpage","url":"https:\/\/candas365.es\/noticias\/nuevo-centro-de-salud-mental-en-cianu\/","name":"Nuevo centro de salud mental en Cia\u00f1u | Cand\u00e1s 365","description":"El Gobierno de Asturias crear\u00e1 un centro para el cuidado de la salud mental, la vida comunitaria y el apoyo a la integraci\u00f3n en el antiguo Colegio de La Salle","inLanguage":"es-ES","isPartOf":{"@id":"https:\/\/candas365.es\/noticias\/#website"},"breadcrumb":{"@id":"https:\/\/candas365.es\/noticias\/nuevo-centro-de-salud-mental-en-cianu\/#breadcrumblist"},"author":{"@id":"https:\/\/candas365.es\/noticias\/author\/admin\/#author"},"creator":{"@id":"https:\/\/candas365.es\/noticias\/author\/admin\/#author"},"image":{"@type":"ImageObject","url":"https:\/\/candas365.es\/noticias\/wp-content\/uploads\/2026\/02\/Nuevo-centro-de-salud-mental-en-Cianu.jpg","@id":"https:\/\/candas365.es\/noticias\/nuevo-centro-de-salud-mental-en-cianu\/#mainImage","width":1236,"height":692,"caption":"Foto: Prensa Principado de Asturias"},"primaryImageOfPage":{"@id":"https:\/\/candas365.es\/noticias\/nuevo-centro-de-salud-mental-en-cianu\/#mainImage"},"datePublished":"2026-02-16T05:45:13+01:00","dateModified":"2026-02-16T05:45:13+01:00"},{"@type":"WebSite","@id":"https:\/\/candas365.es\/noticias\/#website","url":"https:\/\/candas365.es\/noticias\/","name":"Cand\u00e1s 365","alternateName":"Cand\u00e1s 365 Noticias","description":"Actualidad desde Carre\u00f1o para el mundo","inLanguage":"es-ES","publisher":{"@id":"https:\/\/candas365.es\/noticias\/#organization"}}]},"og:locale":"es_ES","og:site_name":"Cand\u00e1s 365","og:type":"article","og:title":"Nuevo centro de salud mental en Cia\u00f1u | Cand\u00e1s 365","og:description":"El Gobierno de Asturias crear\u00e1 un centro para el cuidado de la salud mental, la vida comunitaria y el apoyo a la integraci\u00f3n en el antiguo Colegio de La Salle","og:url":"https:\/\/candas365.es\/noticias\/nuevo-centro-de-salud-mental-en-cianu\/","og:image":"https:\/\/candas365.es\/noticias\/wp-content\/uploads\/2026\/02\/Nuevo-centro-de-salud-mental-en-Cianu.jpg","og:image:secure_url":"https:\/\/candas365.es\/noticias\/wp-content\/uploads\/2026\/02\/Nuevo-centro-de-salud-mental-en-Cianu.jpg","og:image:width":1236,"og:image:height":692,"article:published_time":"2026-02-16T04:45:13+00:00","article:modified_time":"2026-02-16T04:45:13+00:00","article:publisher":"https:\/\/www.facebook.com\/Nachofdezber","article:author":"https:\/\/www.facebook.com\/carrenoactualidad","twitter:card":"summary_large_image","twitter:site":"@NabercoDigital","twitter:title":"Nuevo centro de salud mental en Cia\u00f1u | Cand\u00e1s 365","twitter:description":"El Gobierno de Asturias crear\u00e1 un centro para el cuidado de la salud mental, la vida comunitaria y el apoyo a la integraci\u00f3n en el antiguo Colegio de La Salle","twitter:creator":"@nbasturias","twitter:image":"https:\/\/candas365.es\/noticias\/wp-content\/uploads\/2026\/02\/Nuevo-centro-de-salud-mental-en-Cianu.jpg","twitter:label1":"Escrito por","twitter:data1":"Cand\u00e1s 365","twitter:label2":"Tiempo de lectura estimado","twitter:data2":"2 minutos"},"aioseo_meta_data":{"post_id":"192035","title":null,"description":"El Gobierno de Asturias crear\u00e1 un centro para el cuidado de la salud mental, la vida comunitaria y el apoyo a la integraci\u00f3n en el antiguo Colegio de La Salle","keywords":null,"keyphrases":{"focus":{"keyphrase":"salud mental","score":91,"analysis":{"keyphraseInTitle":{"score":9,"maxScore":9,"error":0},"keyphraseInDescription":{"score":9,"maxScore":9,"error":0},"keyphraseLength":{"score":9,"maxScore":9,"error":0,"length":2},"keyphraseInURL":{"score":5,"maxScore":5,"error":0},"keyphraseInIntroduction":{"score":9,"maxScore":9,"error":0},"keyphraseInSubHeadings":{"score":3,"maxScore":9,"error":1},"keyphraseInImageAlt":{"score":9,"maxScore":9,"error":0},"keywordDensity":{"type":"best","score":9,"maxScore":9,"error":0}}},"additional":[{"keyphrase":"salud mental","score":100,"analysis":{"keyphraseInDescription":{"score":9,"maxScore":9,"error":0},"keyphraseLength":{"score":9,"maxScore":9,"error":0,"length":2},"keyphraseInIntroduction":{"score":9,"maxScore":9,"error":0},"keyphraseInImageAlt":{"score":9,"maxScore":9,"error":0},"keywordDensity":{"type":"best","score":9,"maxScore":9,"error":0}}}]},"primary_term":null,"canonical_url":null,"og_title":null,"og_description":null,"og_object_type":"default","og_image_type":"default","og_image_url":null,"og_image_width":null,"og_image_height":null,"og_image_custom_url":null,"og_image_custom_fields":null,"og_video":"","og_custom_url":null,"og_article_section":null,"og_article_tags":null,"twitter_use_og":false,"twitter_card":"default","twitter_image_type":"default","twitter_image_url":null,"twitter_image_custom_url":null,"twitter_image_custom_fields":null,"twitter_title":null,"twitter_description":null,"schema":{"blockGraphs":[],"customGraphs":[],"default":{"data":{"Article":[],"Course":[],"Dataset":[],"FAQPage":[],"Movie":[],"Person":[],"Product":[],"ProductReview":[],"Car":[],"Recipe":[],"Service":[],"SoftwareApplication":[],"WebPage":[]},"graphName":"Article","isEnabled":true},"graphs":[]},"schema_type":"default","schema_type_options":null,"pillar_content":false,"robots_default":true,"robots_noindex":false,"robots_noarchive":false,"robots_nosnippet":false,"robots_nofollow":false,"robots_noimageindex":false,"robots_noodp":false,"robots_notranslate":false,"robots_max_snippet":"-1","robots_max_videopreview":"-1","robots_max_imagepreview":"large","priority":null,"frequency":"default","location":null,"local_seo":null,"seo_analyzer_scan_date":"2026-02-16 04:46:34","breadcrumb_settings":null,"limit_modified_date":false,"reviewed_by":null,"open_ai":null,"ai":{"faqs":[],"keyPoints":[],"titles":[],"descriptions":[],"socialPosts":{"email":[],"linkedin":[],"twitter":[],"facebook":[],"instagram":[]}},"created":"2026-02-16 04:40:31","updated":"2026-02-16 04:54:17"},"aioseo_breadcrumb":"<div class=\"aioseo-breadcrumbs\"><span class=\"aioseo-breadcrumb\">\n\t<a href=\"https:\/\/candas365.es\/noticias\" title=\"Home\">Home<\/a>\n<\/span><span class=\"aioseo-breadcrumb-separator\">&ndash;<\/span><span class=\"aioseo-breadcrumb\">\n\t<a href=\"https:\/\/candas365.es\/noticias\/category\/destacadas\/\" title=\"Destacadas\">Destacadas<\/a>\n<\/span><span class=\"aioseo-breadcrumb-separator\">&ndash;<\/span><span class=\"aioseo-breadcrumb\">\n\tNuevo centro de salud mental en Cia\u00f1u\n<\/span><\/div>","aioseo_breadcrumb_json":[{"label":"Home","link":"https:\/\/candas365.es\/noticias"},{"label":"Destacadas","link":"https:\/\/candas365.es\/noticias\/category\/destacadas\/"},{"label":"Nuevo centro de salud mental en Cia\u00f1u","link":"https:\/\/candas365.es\/noticias\/nuevo-centro-de-salud-mental-en-cianu\/"}],"_links":{"self":[{"href":"https:\/\/candas365.es\/noticias\/wp-json\/wp\/v2\/posts\/192035","targetHints":{"allow":["GET"]}}],"collection":[{"href":"https:\/\/candas365.es\/noticias\/wp-json\/wp\/v2\/posts"}],"about":[{"href":"https:\/\/candas365.es\/noticias\/wp-json\/wp\/v2\/types\/post"}],"author":[{"embeddable":true,"href":"https:\/\/candas365.es\/noticias\/wp-json\/wp\/v2\/users\/1"}],"replies":[{"embeddable":true,"href":"https:\/\/candas365.es\/noticias\/wp-json\/wp\/v2\/comments?post=192035"}],"version-history":[{"count":0,"href":"https:\/\/candas365.es\/noticias\/wp-json\/wp\/v2\/posts\/192035\/revisions"}],"wp:featuredmedia":[{"embeddable":true,"href":"https:\/\/candas365.es\/noticias\/wp-json\/wp\/v2\/media\/192036"}],"wp:attachment":[{"href":"https:\/\/candas365.es\/noticias\/wp-json\/wp\/v2\/media?parent=192035"}],"wp:term":[{"taxonomy":"category","embeddable":true,"href":"https:\/\/candas365.es\/noticias\/wp-json\/wp\/v2\/categories?post=192035"},{"taxonomy":"post_tag","embeddable":true,"href":"https:\/\/candas365.es\/noticias\/wp-json\/wp\/v2\/tags?post=192035"}],"curies":[{"name":"wp","href":"https:\/\/api.w.org\/{rel}","templated":true}]}}