{"id":192032,"date":"2026-02-16T05:36:51","date_gmt":"2026-02-16T04:36:51","guid":{"rendered":"https:\/\/candas365.es\/noticias\/?p=192032"},"modified":"2026-02-16T05:36:51","modified_gmt":"2026-02-16T04:36:51","slug":"cadasa-licita-la-ampliacion-de-la-red-de-agua-en-pravia","status":"publish","type":"post","link":"https:\/\/candas365.es\/noticias\/cadasa-licita-la-ampliacion-de-la-red-de-agua-en-pravia\/","title":{"rendered":"Cadasa licita la ampliaci\u00f3n de la red de agua en Pravia"},"content":{"rendered":"<p data-start=\"61\" data-end=\"324\">El Consorcio de Aguas de Asturias (Cadasa) ha sacado a licitaci\u00f3n las obras para ampliar su infraestructura de abastecimiento en <a href=\"https:\/\/candas365.es\/noticias\/category\/asturias\/\"><span style=\"color: #ff6600;\"><strong data-start=\"190\" data-end=\"200\">Pravia<\/strong><\/span><\/a>, con un presupuesto de <strong data-start=\"224\" data-end=\"243\">8.123.058 euros<\/strong>. Las empresas interesadas podr\u00e1n presentar sus ofertas hasta el <strong data-start=\"308\" data-end=\"323\">11 de marzo<\/strong>.<\/p>\n<figure id=\"attachment_192033\" aria-describedby=\"caption-attachment-192033\" style=\"width: 650px\" class=\"wp-caption aligncenter\"><img fetchpriority=\"high\" decoding=\"async\" class=\"size-large wp-image-192033\" src=\"https:\/\/candas365.es\/noticias\/wp-content\/uploads\/2026\/02\/Cadasa-licita-la-ampliacion-de-la-red-de-agua-en-Pravia-650x361.jpg\" alt=\"Cadasa licita la ampliaci\u00f3n de la red de agua en Pravia\" width=\"650\" height=\"361\" srcset=\"https:\/\/candas365.es\/noticias\/wp-content\/uploads\/2026\/02\/Cadasa-licita-la-ampliacion-de-la-red-de-agua-en-Pravia-650x361.jpg 650w, https:\/\/candas365.es\/noticias\/wp-content\/uploads\/2026\/02\/Cadasa-licita-la-ampliacion-de-la-red-de-agua-en-Pravia-360x200.jpg 360w, https:\/\/candas365.es\/noticias\/wp-content\/uploads\/2026\/02\/Cadasa-licita-la-ampliacion-de-la-red-de-agua-en-Pravia-768x427.jpg 768w, https:\/\/candas365.es\/noticias\/wp-content\/uploads\/2026\/02\/Cadasa-licita-la-ampliacion-de-la-red-de-agua-en-Pravia-150x83.jpg 150w, https:\/\/candas365.es\/noticias\/wp-content\/uploads\/2026\/02\/Cadasa-licita-la-ampliacion-de-la-red-de-agua-en-Pravia-450x250.jpg 450w, https:\/\/candas365.es\/noticias\/wp-content\/uploads\/2026\/02\/Cadasa-licita-la-ampliacion-de-la-red-de-agua-en-Pravia-1200x667.jpg 1200w, https:\/\/candas365.es\/noticias\/wp-content\/uploads\/2026\/02\/Cadasa-licita-la-ampliacion-de-la-red-de-agua-en-Pravia.jpg 1236w\" sizes=\"(max-width: 650px) 100vw, 650px\" \/><figcaption id=\"caption-attachment-192033\" class=\"wp-caption-text\">Foto: Prensa principado de Asturias<\/figcaption><\/figure>\n<h2 data-start=\"326\" data-end=\"374\">Segundo sistema para garantizar el suministro<\/h2>\n<p data-start=\"376\" data-end=\"558\">La actuaci\u00f3n permitir\u00e1 dotar al concejo de un <strong data-start=\"422\" data-end=\"457\">segundo sistema de alimentaci\u00f3n<\/strong>, que asegurar\u00e1 el suministro en cualquier \u00e9poca del a\u00f1o y beneficiar\u00e1 a m\u00e1s de <strong data-start=\"537\" data-end=\"557\">6.400 habitantes<\/strong>.<\/p>\n<p data-start=\"560\" data-end=\"978\">El proyecto contempla la instalaci\u00f3n de <strong data-start=\"600\" data-end=\"627\">9.460 metros de tuber\u00eda<\/strong> para enlazar la conducci\u00f3n entre <strong data-start=\"661\" data-end=\"679\">Muros de Nal\u00f3n<\/strong> y el dep\u00f3sito municipal de Pravia. Adem\u00e1s, se ejecutar\u00e1n los ramales que conectar\u00e1n con los dep\u00f3sitos de <strong data-start=\"785\" data-end=\"798\">Los Cabos<\/strong> y <strong data-start=\"801\" data-end=\"814\">Santianes<\/strong>, de <strong data-start=\"819\" data-end=\"828\">1.449<\/strong> y <strong data-start=\"831\" data-end=\"844\">57 metros<\/strong>, respectivamente. La planificaci\u00f3n prev\u00e9 tambi\u00e9n la posibilidad de extender en el futuro el servicio hasta el municipio de <strong data-start=\"968\" data-end=\"977\">Salas<\/strong>.<\/p>\n<h2 data-start=\"980\" data-end=\"1018\">Plan inversor y datos de suministro<\/h2>\n<p data-start=\"1020\" data-end=\"1399\">Esta inversi\u00f3n se enmarca en el plan de inversiones 2022-2032 de Cadasa, dotado con <strong data-start=\"1104\" data-end=\"1131\">169,4 millones de euros<\/strong>, cuyo objetivo es garantizar un suministro de agua suficiente y de calidad a los municipios e industrias del \u00e1rea central y la costa occidental de Asturias, as\u00ed como ampliar el servicio a nuevas localidades, conforme al Plan Director de Abastecimiento del <a href=\"https:\/\/actualidad.asturias.es\/\"><span style=\"color: #ff6600;\"><strong>Principado<\/strong><\/span><\/a>.<\/p>\n<p data-start=\"1401\" data-end=\"1615\">En 2025, Cadasa suministr\u00f3 <strong data-start=\"1428\" data-end=\"1469\">58 millones de metros c\u00fabicos de agua<\/strong> a los municipios consorciados y a las industrias del centro de Asturias, de los que <strong data-start=\"1554\" data-end=\"1572\">39,17 millones<\/strong> se destinaron directamente a los concejos.<\/p>\n<p data-start=\"1617\" data-end=\"1883\" data-is-last-node=\"\" data-is-only-node=\"\">El organismo dispone de tres estaciones de tratamiento \u2014<strong data-start=\"1673\" data-end=\"1746\">Rusecu\/Rioseco (Sobrescobio), L\u2019Ablaneda (Corvera) y Arb\u00f3n (Villay\u00f3n)<\/strong>\u2014 y de una red de <strong data-start=\"1764\" data-end=\"1794\">245 kil\u00f3metros de tuber\u00edas<\/strong> que transporta el agua hasta los dep\u00f3sitos municipales y las instalaciones industriales.<\/p>\n","protected":false},"excerpt":{"rendered":"<p>El Consorcio de Aguas de Asturias (Cadasa) ha sacado a licitaci\u00f3n las obras para ampliar su infraestructura de abastecimiento en Pravia, con un presupuesto de 8.123.058 euros. Las empresas interesadas podr\u00e1n presentar sus ofertas hasta el 11 de marzo. Segundo sistema para garantizar el suministro La actuaci\u00f3n permitir\u00e1 dotar al concejo de un segundo sistema<\/p>\n","protected":false},"author":1,"featured_media":192033,"comment_status":"closed","ping_status":"closed","sticky":false,"template":"","format":"standard","meta":{"footnotes":""},"categories":[7],"tags":[],"class_list":{"0":"post-192032","1":"post","2":"type-post","3":"status-publish","4":"format-standard","5":"has-post-thumbnail","7":"category-asturias"},"aioseo_notices":[],"aioseo_head":"\n\t\t<!-- All in One SEO Pro 4.9.6.2 - aioseo.com -->\n\t<meta name=\"description\" content=\"El Consorcio de Aguas de Asturias (Cadasa) ha sacado a licitaci\u00f3n las obras para ampliar su infraestructura de abastecimiento en Pravia, con un presupuesto\" \/>\n\t<meta name=\"robots\" content=\"max-image-preview:large\" \/>\n\t<meta name=\"author\" content=\"Cand\u00e1s 365\"\/>\n\t<meta name=\"google-site-verification\" content=\"UA-32230408-1\" \/>\n\t<meta name=\"msvalidate.01\" content=\"354F3CDFB2DA171B47FBE9ABF1F88D5\" \/>\n\t<meta name=\"keywords\" content=\"asturias\" \/>\n\t<link rel=\"canonical\" href=\"https:\/\/candas365.es\/noticias\/cadasa-licita-la-ampliacion-de-la-red-de-agua-en-pravia\/\" \/>\n\t<meta name=\"generator\" content=\"All in One SEO Pro (AIOSEO) 4.9.6.2\" \/>\n\t\t<meta property=\"og:locale\" content=\"es_ES\" \/>\n\t\t<meta property=\"og:site_name\" content=\"Cand\u00e1s 365\" \/>\n\t\t<meta property=\"og:type\" content=\"article\" \/>\n\t\t<meta property=\"og:title\" content=\"Cadasa licita la ampliaci\u00f3n de la red de agua en Pravia | Cand\u00e1s 365\" \/>\n\t\t<meta property=\"og:description\" content=\"El Consorcio de Aguas de Asturias (Cadasa) ha sacado a licitaci\u00f3n las obras para ampliar su infraestructura de abastecimiento en Pravia, con un presupuesto\" \/>\n\t\t<meta property=\"og:url\" content=\"https:\/\/candas365.es\/noticias\/cadasa-licita-la-ampliacion-de-la-red-de-agua-en-pravia\/\" \/>\n\t\t<meta property=\"og:image\" content=\"https:\/\/candas365.es\/noticias\/wp-content\/uploads\/2026\/02\/Cadasa-licita-la-ampliacion-de-la-red-de-agua-en-Pravia.jpg\" \/>\n\t\t<meta property=\"og:image:secure_url\" content=\"https:\/\/candas365.es\/noticias\/wp-content\/uploads\/2026\/02\/Cadasa-licita-la-ampliacion-de-la-red-de-agua-en-Pravia.jpg\" \/>\n\t\t<meta property=\"og:image:width\" content=\"1236\" \/>\n\t\t<meta property=\"og:image:height\" content=\"687\" \/>\n\t\t<meta property=\"article:published_time\" content=\"2026-02-16T04:36:51+00:00\" \/>\n\t\t<meta property=\"article:modified_time\" content=\"2026-02-16T04:36:51+00:00\" \/>\n\t\t<meta property=\"article:publisher\" content=\"https:\/\/www.facebook.com\/Nachofdezber\" \/>\n\t\t<meta property=\"article:author\" content=\"https:\/\/www.facebook.com\/carrenoactualidad\" \/>\n\t\t<meta name=\"twitter:card\" content=\"summary_large_image\" \/>\n\t\t<meta name=\"twitter:site\" content=\"@NabercoDigital\" \/>\n\t\t<meta name=\"twitter:title\" content=\"Cadasa licita la ampliaci\u00f3n de la red de agua en Pravia | Cand\u00e1s 365\" \/>\n\t\t<meta name=\"twitter:description\" content=\"El Consorcio de Aguas de Asturias (Cadasa) ha sacado a licitaci\u00f3n las obras para ampliar su infraestructura de abastecimiento en Pravia, con un presupuesto\" \/>\n\t\t<meta name=\"twitter:creator\" content=\"@nbasturias\" \/>\n\t\t<meta name=\"twitter:image\" content=\"https:\/\/candas365.es\/noticias\/wp-content\/uploads\/2026\/02\/Cadasa-licita-la-ampliacion-de-la-red-de-agua-en-Pravia.jpg\" \/>\n\t\t<meta name=\"twitter:label1\" content=\"Escrito por\" \/>\n\t\t<meta name=\"twitter:data1\" content=\"Cand\u00e1s 365\" \/>\n\t\t<meta name=\"twitter:label2\" content=\"Tiempo de lectura estimado\" \/>\n\t\t<meta name=\"twitter:data2\" content=\"1 minuto\" \/>\n\t\t<script type=\"application\/ld+json\" class=\"aioseo-schema\">\n\t\t\t{\"@context\":\"https:\\\/\\\/schema.org\",\"@graph\":[{\"@type\":\"BreadcrumbList\",\"@id\":\"https:\\\/\\\/candas365.es\\\/noticias\\\/cadasa-licita-la-ampliacion-de-la-red-de-agua-en-pravia\\\/#breadcrumblist\",\"itemListElement\":[{\"@type\":\"ListItem\",\"@id\":\"https:\\\/\\\/candas365.es\\\/noticias#listItem\",\"position\":1,\"name\":\"Home\",\"item\":\"https:\\\/\\\/candas365.es\\\/noticias\",\"nextItem\":{\"@type\":\"ListItem\",\"@id\":\"https:\\\/\\\/candas365.es\\\/noticias\\\/category\\\/asturias\\\/#listItem\",\"name\":\"Asturias\"}},{\"@type\":\"ListItem\",\"@id\":\"https:\\\/\\\/candas365.es\\\/noticias\\\/category\\\/asturias\\\/#listItem\",\"position\":2,\"name\":\"Asturias\",\"item\":\"https:\\\/\\\/candas365.es\\\/noticias\\\/category\\\/asturias\\\/\",\"nextItem\":{\"@type\":\"ListItem\",\"@id\":\"https:\\\/\\\/candas365.es\\\/noticias\\\/cadasa-licita-la-ampliacion-de-la-red-de-agua-en-pravia\\\/#listItem\",\"name\":\"Cadasa licita la ampliaci\\u00f3n de la red de agua en Pravia\"},\"previousItem\":{\"@type\":\"ListItem\",\"@id\":\"https:\\\/\\\/candas365.es\\\/noticias#listItem\",\"name\":\"Home\"}},{\"@type\":\"ListItem\",\"@id\":\"https:\\\/\\\/candas365.es\\\/noticias\\\/cadasa-licita-la-ampliacion-de-la-red-de-agua-en-pravia\\\/#listItem\",\"position\":3,\"name\":\"Cadasa licita la ampliaci\\u00f3n de la red de agua en Pravia\",\"previousItem\":{\"@type\":\"ListItem\",\"@id\":\"https:\\\/\\\/candas365.es\\\/noticias\\\/category\\\/asturias\\\/#listItem\",\"name\":\"Asturias\"}}]},{\"@type\":\"NewsArticle\",\"@id\":\"https:\\\/\\\/candas365.es\\\/noticias\\\/cadasa-licita-la-ampliacion-de-la-red-de-agua-en-pravia\\\/#newsarticle\",\"name\":\"Cadasa licita la ampliaci\\u00f3n de la red de agua en Pravia | Cand\\u00e1s 365\",\"headline\":\"Cadasa licita la ampliaci\\u00f3n de la red de agua en Pravia\",\"author\":{\"@id\":\"https:\\\/\\\/candas365.es\\\/noticias\\\/author\\\/admin\\\/#author\"},\"publisher\":{\"@id\":\"https:\\\/\\\/candas365.es\\\/noticias\\\/#organization\"},\"image\":{\"@type\":\"ImageObject\",\"url\":\"https:\\\/\\\/candas365.es\\\/noticias\\\/wp-content\\\/uploads\\\/2026\\\/02\\\/Cadasa-licita-la-ampliacion-de-la-red-de-agua-en-Pravia.jpg\",\"width\":1236,\"height\":687,\"caption\":\"Foto: Prensa principado de Asturias\"},\"datePublished\":\"2026-02-16T05:36:51+01:00\",\"dateModified\":\"2026-02-16T05:36:51+01:00\",\"inLanguage\":\"es-ES\",\"mainEntityOfPage\":{\"@id\":\"https:\\\/\\\/candas365.es\\\/noticias\\\/cadasa-licita-la-ampliacion-de-la-red-de-agua-en-pravia\\\/#webpage\"},\"isPartOf\":{\"@id\":\"https:\\\/\\\/candas365.es\\\/noticias\\\/cadasa-licita-la-ampliacion-de-la-red-de-agua-en-pravia\\\/#webpage\"},\"articleSection\":\"Asturias\",\"dateline\":\"Publicado el febrero 16, 2026.\"},{\"@type\":\"Organization\",\"@id\":\"https:\\\/\\\/candas365.es\\\/noticias\\\/#organization\",\"name\":\"Cand\\u00e1s 365\",\"description\":\"Cand\\u00e1s 365 es un diario digital independiente, fundado en 2012, con base en Asturias. Informamos con rigor sobre actualidad, sociedad, cultura y ocio, con una mirada local y global.\",\"url\":\"https:\\\/\\\/candas365.es\\\/noticias\\\/\",\"email\":\"info@candas365.es\",\"telephone\":\"+34652131393\",\"foundingDate\":\"2012-06-10\",\"logo\":{\"@type\":\"ImageObject\",\"url\":\"https:\\\/\\\/candas365.es\\\/noticias\\\/wp-content\\\/uploads\\\/2024\\\/09\\\/Candas-365-Redes.jpg\",\"@id\":\"https:\\\/\\\/candas365.es\\\/noticias\\\/cadasa-licita-la-ampliacion-de-la-red-de-agua-en-pravia\\\/#organizationLogo\",\"width\":1152,\"height\":864,\"caption\":\"Cand\\u00e1s 365 Redes\"},\"image\":{\"@id\":\"https:\\\/\\\/candas365.es\\\/noticias\\\/cadasa-licita-la-ampliacion-de-la-red-de-agua-en-pravia\\\/#organizationLogo\"},\"sameAs\":[\"https:\\\/\\\/www.facebook.com\\\/Nachofdezber\",\"https:\\\/\\\/x.com\\\/NabercoDigital\",\"https:\\\/\\\/www.instagram.com\\\/nachofdezber\\\/\",\"https:\\\/\\\/www.youtube.com\\\/channel\\\/UCZP-2wLEB9Rv6erhFmqVnvg\"],\"address\":{\"@id\":\"https:\\\/\\\/candas365.es\\\/noticias\\\/#postaladdress\",\"@type\":\"PostalAddress\",\"streetAddress\":\"san antonio 4, san antonio 4\",\"postalCode\":\"33430\",\"addressLocality\":\"Cand\\u00e1s\",\"addressRegion\":\"Asturias\",\"addressCountry\":\"ES\"}},{\"@type\":\"Person\",\"@id\":\"https:\\\/\\\/candas365.es\\\/noticias\\\/author\\\/admin\\\/#author\",\"url\":\"https:\\\/\\\/candas365.es\\\/noticias\\\/author\\\/admin\\\/\",\"name\":\"Cand\\u00e1s 365\",\"image\":{\"@type\":\"ImageObject\",\"@id\":\"https:\\\/\\\/candas365.es\\\/noticias\\\/cadasa-licita-la-ampliacion-de-la-red-de-agua-en-pravia\\\/#authorImage\",\"url\":\"https:\\\/\\\/secure.gravatar.com\\\/avatar\\\/496a8e03d0c493ede1718b7934145dbdf8d89be1036b0eec9544e1094c9de390?s=96&d=mm&r=g\",\"width\":96,\"height\":96,\"caption\":\"Cand\\u00e1s 365\"},\"sameAs\":[\"https:\\\/\\\/www.facebook.com\\\/carrenoactualidad\",\"https:\\\/\\\/twitter.com\\\/nbasturias\",\"https:\\\/\\\/www.instagram.com\\\/nachofdezber\\\/\",\"https:\\\/\\\/www.youtube.com\\\/channel\\\/UCZP-2wLEB9Rv6erhFmqVnvg\"]},{\"@type\":\"WebPage\",\"@id\":\"https:\\\/\\\/candas365.es\\\/noticias\\\/cadasa-licita-la-ampliacion-de-la-red-de-agua-en-pravia\\\/#webpage\",\"url\":\"https:\\\/\\\/candas365.es\\\/noticias\\\/cadasa-licita-la-ampliacion-de-la-red-de-agua-en-pravia\\\/\",\"name\":\"Cadasa licita la ampliaci\\u00f3n de la red de agua en Pravia | Cand\\u00e1s 365\",\"description\":\"El Consorcio de Aguas de Asturias (Cadasa) ha sacado a licitaci\\u00f3n las obras para ampliar su infraestructura de abastecimiento en Pravia, con un presupuesto\",\"inLanguage\":\"es-ES\",\"isPartOf\":{\"@id\":\"https:\\\/\\\/candas365.es\\\/noticias\\\/#website\"},\"breadcrumb\":{\"@id\":\"https:\\\/\\\/candas365.es\\\/noticias\\\/cadasa-licita-la-ampliacion-de-la-red-de-agua-en-pravia\\\/#breadcrumblist\"},\"author\":{\"@id\":\"https:\\\/\\\/candas365.es\\\/noticias\\\/author\\\/admin\\\/#author\"},\"creator\":{\"@id\":\"https:\\\/\\\/candas365.es\\\/noticias\\\/author\\\/admin\\\/#author\"},\"image\":{\"@type\":\"ImageObject\",\"url\":\"https:\\\/\\\/candas365.es\\\/noticias\\\/wp-content\\\/uploads\\\/2026\\\/02\\\/Cadasa-licita-la-ampliacion-de-la-red-de-agua-en-Pravia.jpg\",\"@id\":\"https:\\\/\\\/candas365.es\\\/noticias\\\/cadasa-licita-la-ampliacion-de-la-red-de-agua-en-pravia\\\/#mainImage\",\"width\":1236,\"height\":687,\"caption\":\"Foto: Prensa principado de Asturias\"},\"primaryImageOfPage\":{\"@id\":\"https:\\\/\\\/candas365.es\\\/noticias\\\/cadasa-licita-la-ampliacion-de-la-red-de-agua-en-pravia\\\/#mainImage\"},\"datePublished\":\"2026-02-16T05:36:51+01:00\",\"dateModified\":\"2026-02-16T05:36:51+01:00\"},{\"@type\":\"WebSite\",\"@id\":\"https:\\\/\\\/candas365.es\\\/noticias\\\/#website\",\"url\":\"https:\\\/\\\/candas365.es\\\/noticias\\\/\",\"name\":\"Cand\\u00e1s 365\",\"alternateName\":\"Cand\\u00e1s 365 Noticias\",\"description\":\"Actualidad desde Carre\\u00f1o para el mundo\",\"inLanguage\":\"es-ES\",\"publisher\":{\"@id\":\"https:\\\/\\\/candas365.es\\\/noticias\\\/#organization\"}}]}\n\t\t<\/script>\n\t\t<!-- All in One SEO Pro -->\r\n\t\t<title>Cadasa licita la ampliaci\u00f3n de la red de agua en Pravia | Cand\u00e1s 365<\/title>\n\n","aioseo_head_json":{"title":"Cadasa licita la ampliaci\u00f3n de la red de agua en Pravia | Cand\u00e1s 365","description":"El Consorcio de Aguas de Asturias (Cadasa) ha sacado a licitaci\u00f3n las obras para ampliar su infraestructura de abastecimiento en Pravia, con un presupuesto","canonical_url":"https:\/\/candas365.es\/noticias\/cadasa-licita-la-ampliacion-de-la-red-de-agua-en-pravia\/","robots":"max-image-preview:large","keywords":"asturias","webmasterTools":{"google-site-verification":"UA-32230408-1","msvalidate.01":"354F3CDFB2DA171B47FBE9ABF1F88D5","miscellaneous":""},"schema":{"@context":"https:\/\/schema.org","@graph":[{"@type":"BreadcrumbList","@id":"https:\/\/candas365.es\/noticias\/cadasa-licita-la-ampliacion-de-la-red-de-agua-en-pravia\/#breadcrumblist","itemListElement":[{"@type":"ListItem","@id":"https:\/\/candas365.es\/noticias#listItem","position":1,"name":"Home","item":"https:\/\/candas365.es\/noticias","nextItem":{"@type":"ListItem","@id":"https:\/\/candas365.es\/noticias\/category\/asturias\/#listItem","name":"Asturias"}},{"@type":"ListItem","@id":"https:\/\/candas365.es\/noticias\/category\/asturias\/#listItem","position":2,"name":"Asturias","item":"https:\/\/candas365.es\/noticias\/category\/asturias\/","nextItem":{"@type":"ListItem","@id":"https:\/\/candas365.es\/noticias\/cadasa-licita-la-ampliacion-de-la-red-de-agua-en-pravia\/#listItem","name":"Cadasa licita la ampliaci\u00f3n de la red de agua en Pravia"},"previousItem":{"@type":"ListItem","@id":"https:\/\/candas365.es\/noticias#listItem","name":"Home"}},{"@type":"ListItem","@id":"https:\/\/candas365.es\/noticias\/cadasa-licita-la-ampliacion-de-la-red-de-agua-en-pravia\/#listItem","position":3,"name":"Cadasa licita la ampliaci\u00f3n de la red de agua en Pravia","previousItem":{"@type":"ListItem","@id":"https:\/\/candas365.es\/noticias\/category\/asturias\/#listItem","name":"Asturias"}}]},{"@type":"NewsArticle","@id":"https:\/\/candas365.es\/noticias\/cadasa-licita-la-ampliacion-de-la-red-de-agua-en-pravia\/#newsarticle","name":"Cadasa licita la ampliaci\u00f3n de la red de agua en Pravia | Cand\u00e1s 365","headline":"Cadasa licita la ampliaci\u00f3n de la red de agua en Pravia","author":{"@id":"https:\/\/candas365.es\/noticias\/author\/admin\/#author"},"publisher":{"@id":"https:\/\/candas365.es\/noticias\/#organization"},"image":{"@type":"ImageObject","url":"https:\/\/candas365.es\/noticias\/wp-content\/uploads\/2026\/02\/Cadasa-licita-la-ampliacion-de-la-red-de-agua-en-Pravia.jpg","width":1236,"height":687,"caption":"Foto: Prensa principado de Asturias"},"datePublished":"2026-02-16T05:36:51+01:00","dateModified":"2026-02-16T05:36:51+01:00","inLanguage":"es-ES","mainEntityOfPage":{"@id":"https:\/\/candas365.es\/noticias\/cadasa-licita-la-ampliacion-de-la-red-de-agua-en-pravia\/#webpage"},"isPartOf":{"@id":"https:\/\/candas365.es\/noticias\/cadasa-licita-la-ampliacion-de-la-red-de-agua-en-pravia\/#webpage"},"articleSection":"Asturias","dateline":"Publicado el febrero 16, 2026."},{"@type":"Organization","@id":"https:\/\/candas365.es\/noticias\/#organization","name":"Cand\u00e1s 365","description":"Cand\u00e1s 365 es un diario digital independiente, fundado en 2012, con base en Asturias. Informamos con rigor sobre actualidad, sociedad, cultura y ocio, con una mirada local y global.","url":"https:\/\/candas365.es\/noticias\/","email":"info@candas365.es","telephone":"+34652131393","foundingDate":"2012-06-10","logo":{"@type":"ImageObject","url":"https:\/\/candas365.es\/noticias\/wp-content\/uploads\/2024\/09\/Candas-365-Redes.jpg","@id":"https:\/\/candas365.es\/noticias\/cadasa-licita-la-ampliacion-de-la-red-de-agua-en-pravia\/#organizationLogo","width":1152,"height":864,"caption":"Cand\u00e1s 365 Redes"},"image":{"@id":"https:\/\/candas365.es\/noticias\/cadasa-licita-la-ampliacion-de-la-red-de-agua-en-pravia\/#organizationLogo"},"sameAs":["https:\/\/www.facebook.com\/Nachofdezber","https:\/\/x.com\/NabercoDigital","https:\/\/www.instagram.com\/nachofdezber\/","https:\/\/www.youtube.com\/channel\/UCZP-2wLEB9Rv6erhFmqVnvg"],"address":{"@id":"https:\/\/candas365.es\/noticias\/#postaladdress","@type":"PostalAddress","streetAddress":"san antonio 4, san antonio 4","postalCode":"33430","addressLocality":"Cand\u00e1s","addressRegion":"Asturias","addressCountry":"ES"}},{"@type":"Person","@id":"https:\/\/candas365.es\/noticias\/author\/admin\/#author","url":"https:\/\/candas365.es\/noticias\/author\/admin\/","name":"Cand\u00e1s 365","image":{"@type":"ImageObject","@id":"https:\/\/candas365.es\/noticias\/cadasa-licita-la-ampliacion-de-la-red-de-agua-en-pravia\/#authorImage","url":"https:\/\/secure.gravatar.com\/avatar\/496a8e03d0c493ede1718b7934145dbdf8d89be1036b0eec9544e1094c9de390?s=96&d=mm&r=g","width":96,"height":96,"caption":"Cand\u00e1s 365"},"sameAs":["https:\/\/www.facebook.com\/carrenoactualidad","https:\/\/twitter.com\/nbasturias","https:\/\/www.instagram.com\/nachofdezber\/","https:\/\/www.youtube.com\/channel\/UCZP-2wLEB9Rv6erhFmqVnvg"]},{"@type":"WebPage","@id":"https:\/\/candas365.es\/noticias\/cadasa-licita-la-ampliacion-de-la-red-de-agua-en-pravia\/#webpage","url":"https:\/\/candas365.es\/noticias\/cadasa-licita-la-ampliacion-de-la-red-de-agua-en-pravia\/","name":"Cadasa licita la ampliaci\u00f3n de la red de agua en Pravia | Cand\u00e1s 365","description":"El Consorcio de Aguas de Asturias (Cadasa) ha sacado a licitaci\u00f3n las obras para ampliar su infraestructura de abastecimiento en Pravia, con un presupuesto","inLanguage":"es-ES","isPartOf":{"@id":"https:\/\/candas365.es\/noticias\/#website"},"breadcrumb":{"@id":"https:\/\/candas365.es\/noticias\/cadasa-licita-la-ampliacion-de-la-red-de-agua-en-pravia\/#breadcrumblist"},"author":{"@id":"https:\/\/candas365.es\/noticias\/author\/admin\/#author"},"creator":{"@id":"https:\/\/candas365.es\/noticias\/author\/admin\/#author"},"image":{"@type":"ImageObject","url":"https:\/\/candas365.es\/noticias\/wp-content\/uploads\/2026\/02\/Cadasa-licita-la-ampliacion-de-la-red-de-agua-en-Pravia.jpg","@id":"https:\/\/candas365.es\/noticias\/cadasa-licita-la-ampliacion-de-la-red-de-agua-en-pravia\/#mainImage","width":1236,"height":687,"caption":"Foto: Prensa principado de Asturias"},"primaryImageOfPage":{"@id":"https:\/\/candas365.es\/noticias\/cadasa-licita-la-ampliacion-de-la-red-de-agua-en-pravia\/#mainImage"},"datePublished":"2026-02-16T05:36:51+01:00","dateModified":"2026-02-16T05:36:51+01:00"},{"@type":"WebSite","@id":"https:\/\/candas365.es\/noticias\/#website","url":"https:\/\/candas365.es\/noticias\/","name":"Cand\u00e1s 365","alternateName":"Cand\u00e1s 365 Noticias","description":"Actualidad desde Carre\u00f1o para el mundo","inLanguage":"es-ES","publisher":{"@id":"https:\/\/candas365.es\/noticias\/#organization"}}]},"og:locale":"es_ES","og:site_name":"Cand\u00e1s 365","og:type":"article","og:title":"Cadasa licita la ampliaci\u00f3n de la red de agua en Pravia | Cand\u00e1s 365","og:description":"El Consorcio de Aguas de Asturias (Cadasa) ha sacado a licitaci\u00f3n las obras para ampliar su infraestructura de abastecimiento en Pravia, con un presupuesto","og:url":"https:\/\/candas365.es\/noticias\/cadasa-licita-la-ampliacion-de-la-red-de-agua-en-pravia\/","og:image":"https:\/\/candas365.es\/noticias\/wp-content\/uploads\/2026\/02\/Cadasa-licita-la-ampliacion-de-la-red-de-agua-en-Pravia.jpg","og:image:secure_url":"https:\/\/candas365.es\/noticias\/wp-content\/uploads\/2026\/02\/Cadasa-licita-la-ampliacion-de-la-red-de-agua-en-Pravia.jpg","og:image:width":1236,"og:image:height":687,"article:published_time":"2026-02-16T04:36:51+00:00","article:modified_time":"2026-02-16T04:36:51+00:00","article:publisher":"https:\/\/www.facebook.com\/Nachofdezber","article:author":"https:\/\/www.facebook.com\/carrenoactualidad","twitter:card":"summary_large_image","twitter:site":"@NabercoDigital","twitter:title":"Cadasa licita la ampliaci\u00f3n de la red de agua en Pravia | Cand\u00e1s 365","twitter:description":"El Consorcio de Aguas de Asturias (Cadasa) ha sacado a licitaci\u00f3n las obras para ampliar su infraestructura de abastecimiento en Pravia, con un presupuesto","twitter:creator":"@nbasturias","twitter:image":"https:\/\/candas365.es\/noticias\/wp-content\/uploads\/2026\/02\/Cadasa-licita-la-ampliacion-de-la-red-de-agua-en-Pravia.jpg","twitter:label1":"Escrito por","twitter:data1":"Cand\u00e1s 365","twitter:label2":"Tiempo de lectura estimado","twitter:data2":"1 minuto"},"aioseo_meta_data":{"post_id":"192032","title":null,"description":"El Consorcio de Aguas de Asturias (Cadasa) ha sacado a licitaci\u00f3n las obras para ampliar su infraestructura de abastecimiento en Pravia, con un presupuesto","keywords":null,"keyphrases":{"focus":{"keyphrase":"Cadasa","score":91,"analysis":{"keyphraseInTitle":{"score":9,"maxScore":9,"error":0},"keyphraseInDescription":{"score":9,"maxScore":9,"error":0},"keyphraseLength":{"score":9,"maxScore":9,"error":0,"length":1},"keyphraseInURL":{"score":5,"maxScore":5,"error":0},"keyphraseInIntroduction":{"score":9,"maxScore":9,"error":0},"keyphraseInSubHeadings":{"score":3,"maxScore":9,"error":1},"keyphraseInImageAlt":{"score":9,"maxScore":9,"error":0},"keywordDensity":{"type":"best","score":9,"maxScore":9,"error":0}}},"additional":[{"keyphrase":"Pravia","score":100,"analysis":{"keyphraseInDescription":{"score":9,"maxScore":9,"error":0},"keyphraseLength":{"score":9,"maxScore":9,"error":0,"length":1},"keyphraseInIntroduction":{"score":9,"maxScore":9,"error":0},"keyphraseInImageAlt":{"score":9,"maxScore":9,"error":0},"keywordDensity":{"type":"best","score":9,"maxScore":9,"error":0}}}]},"primary_term":null,"canonical_url":null,"og_title":null,"og_description":null,"og_object_type":"default","og_image_type":"default","og_image_url":null,"og_image_width":null,"og_image_height":null,"og_image_custom_url":null,"og_image_custom_fields":null,"og_video":"","og_custom_url":null,"og_article_section":null,"og_article_tags":null,"twitter_use_og":false,"twitter_card":"default","twitter_image_type":"default","twitter_image_url":null,"twitter_image_custom_url":null,"twitter_image_custom_fields":null,"twitter_title":null,"twitter_description":null,"schema":{"blockGraphs":[],"customGraphs":[],"default":{"data":{"Article":[],"Course":[],"Dataset":[],"FAQPage":[],"Movie":[],"Person":[],"Product":[],"ProductReview":[],"Car":[],"Recipe":[],"Service":[],"SoftwareApplication":[],"WebPage":[]},"graphName":"Article","isEnabled":true},"graphs":[]},"schema_type":"default","schema_type_options":null,"pillar_content":false,"robots_default":true,"robots_noindex":false,"robots_noarchive":false,"robots_nosnippet":false,"robots_nofollow":false,"robots_noimageindex":false,"robots_noodp":false,"robots_notranslate":false,"robots_max_snippet":"-1","robots_max_videopreview":"-1","robots_max_imagepreview":"large","priority":null,"frequency":"default","location":null,"local_seo":null,"seo_analyzer_scan_date":"2026-02-16 04:41:25","breadcrumb_settings":null,"limit_modified_date":false,"reviewed_by":null,"open_ai":null,"ai":{"faqs":[],"keyPoints":[],"titles":[],"descriptions":[],"socialPosts":{"email":[],"linkedin":[],"twitter":[],"facebook":[],"instagram":[]}},"created":"2026-02-16 04:31:03","updated":"2026-02-16 04:41:25"},"aioseo_breadcrumb":"<div class=\"aioseo-breadcrumbs\"><span class=\"aioseo-breadcrumb\">\n\t<a href=\"https:\/\/candas365.es\/noticias\" title=\"Home\">Home<\/a>\n<\/span><span class=\"aioseo-breadcrumb-separator\">&ndash;<\/span><span class=\"aioseo-breadcrumb\">\n\t<a href=\"https:\/\/candas365.es\/noticias\/category\/asturias\/\" title=\"Asturias\">Asturias<\/a>\n<\/span><span class=\"aioseo-breadcrumb-separator\">&ndash;<\/span><span class=\"aioseo-breadcrumb\">\n\tCadasa licita la ampliaci\u00f3n de la red de agua en Pravia\n<\/span><\/div>","aioseo_breadcrumb_json":[{"label":"Home","link":"https:\/\/candas365.es\/noticias"},{"label":"Asturias","link":"https:\/\/candas365.es\/noticias\/category\/asturias\/"},{"label":"Cadasa licita la ampliaci\u00f3n de la red de agua en Pravia","link":"https:\/\/candas365.es\/noticias\/cadasa-licita-la-ampliacion-de-la-red-de-agua-en-pravia\/"}],"_links":{"self":[{"href":"https:\/\/candas365.es\/noticias\/wp-json\/wp\/v2\/posts\/192032","targetHints":{"allow":["GET"]}}],"collection":[{"href":"https:\/\/candas365.es\/noticias\/wp-json\/wp\/v2\/posts"}],"about":[{"href":"https:\/\/candas365.es\/noticias\/wp-json\/wp\/v2\/types\/post"}],"author":[{"embeddable":true,"href":"https:\/\/candas365.es\/noticias\/wp-json\/wp\/v2\/users\/1"}],"replies":[{"embeddable":true,"href":"https:\/\/candas365.es\/noticias\/wp-json\/wp\/v2\/comments?post=192032"}],"version-history":[{"count":0,"href":"https:\/\/candas365.es\/noticias\/wp-json\/wp\/v2\/posts\/192032\/revisions"}],"wp:featuredmedia":[{"embeddable":true,"href":"https:\/\/candas365.es\/noticias\/wp-json\/wp\/v2\/media\/192033"}],"wp:attachment":[{"href":"https:\/\/candas365.es\/noticias\/wp-json\/wp\/v2\/media?parent=192032"}],"wp:term":[{"taxonomy":"category","embeddable":true,"href":"https:\/\/candas365.es\/noticias\/wp-json\/wp\/v2\/categories?post=192032"},{"taxonomy":"post_tag","embeddable":true,"href":"https:\/\/candas365.es\/noticias\/wp-json\/wp\/v2\/tags?post=192032"}],"curies":[{"name":"wp","href":"https:\/\/api.w.org\/{rel}","templated":true}]}}