{"id":191942,"date":"2026-02-13T01:55:31","date_gmt":"2026-02-13T00:55:31","guid":{"rendered":"https:\/\/candas365.es\/noticias\/?p=191942"},"modified":"2026-02-13T01:55:31","modified_gmt":"2026-02-13T00:55:31","slug":"corvera-retoma-las-excavaciones-arqueologicas-en-molleda","status":"publish","type":"post","link":"https:\/\/candas365.es\/noticias\/corvera-retoma-las-excavaciones-arqueologicas-en-molleda\/","title":{"rendered":"Corvera retoma las excavaciones arqueol\u00f3gicas en Molleda"},"content":{"rendered":"<p>El <a href=\"https:\/\/www.corvera.es\/\" target=\"_blank\" rel=\"noopener\"><span style=\"color: #ff6600;\"><strong>Ayuntamiento de Corvera<\/strong><\/span><\/a>, con la colaboraci\u00f3n de la Consejer\u00eda de Cultura del Principado, continuar\u00e1 con el proyecto de excavaciones arqueol\u00f3gicas en la <span style=\"color: #ff6600;\"><a style=\"color: #ff6600;\" href=\"https:\/\/candas365.es\/noticias\/corvera-ofrece-ayudas-para-las-asociaciones-locales\/\"><strong>zona de Molleda<\/strong><\/a><\/span>. Las intervenciones realizadas en Pico Castiello permitieron confirmar la existencia de un asentamiento de \u00e9poca medieval en este enclave. El nuevo proyecto cuenta con una inversi\u00f3n de 18.000 euros: el consistorio aportar\u00e1 5.000 euros para las excavaciones y otros 3.000 para desbroce, limpieza y mantenimiento, mientras que la <span style=\"color: #ff6600;\"><a style=\"color: #ff6600;\" href=\"https:\/\/actualidad.asturias.es\/\" target=\"_blank\" rel=\"noopener\"><strong>Consejer\u00eda de Cultura<\/strong><\/a><\/span> contribuir\u00e1 con 10.000 euros.<\/p>\n<figure id=\"attachment_191943\" aria-describedby=\"caption-attachment-191943\" style=\"width: 650px\" class=\"wp-caption aligncenter\"><img fetchpriority=\"high\" decoding=\"async\" class=\"wp-image-191943 size-large\" src=\"https:\/\/candas365.es\/noticias\/wp-content\/uploads\/2026\/02\/Corvera-retoma-las-excavaciones-arqueologicas-en-Molleda-650x364.jpg\" alt=\"Corvera retoma las excavaciones arqueol\u00f3gicas en Molleda\" width=\"650\" height=\"364\" srcset=\"https:\/\/candas365.es\/noticias\/wp-content\/uploads\/2026\/02\/Corvera-retoma-las-excavaciones-arqueologicas-en-Molleda-650x364.jpg 650w, https:\/\/candas365.es\/noticias\/wp-content\/uploads\/2026\/02\/Corvera-retoma-las-excavaciones-arqueologicas-en-Molleda-360x202.jpg 360w, https:\/\/candas365.es\/noticias\/wp-content\/uploads\/2026\/02\/Corvera-retoma-las-excavaciones-arqueologicas-en-Molleda-768x430.jpg 768w, https:\/\/candas365.es\/noticias\/wp-content\/uploads\/2026\/02\/Corvera-retoma-las-excavaciones-arqueologicas-en-Molleda-150x84.jpg 150w, https:\/\/candas365.es\/noticias\/wp-content\/uploads\/2026\/02\/Corvera-retoma-las-excavaciones-arqueologicas-en-Molleda-450x252.jpg 450w, https:\/\/candas365.es\/noticias\/wp-content\/uploads\/2026\/02\/Corvera-retoma-las-excavaciones-arqueologicas-en-Molleda-1200x672.jpg 1200w, https:\/\/candas365.es\/noticias\/wp-content\/uploads\/2026\/02\/Corvera-retoma-las-excavaciones-arqueologicas-en-Molleda.jpg 1203w\" sizes=\"(max-width: 650px) 100vw, 650px\" \/><figcaption id=\"caption-attachment-191943\" class=\"wp-caption-text\">Foto: Prensa Ayuntamiento de Corvera<\/figcaption><\/figure>\n<p>Para esta temporada, el Ayuntamiento ha iniciado los preparativos para continuar los trabajos en las zonas del Castro y el Esca\u00f1orio. El alcalde, Iv\u00e1n Fern\u00e1ndez; el concejal de Cultura, Jos\u00e9 Luis Montes; y el concejal de Obras y Servicios, Jorge Su\u00e1rez, se han reunido con los vecinos y vecinas para solicitar permisos de paso, necesarios para desarrollar las labores de forma respetuosa y segura. Las actuaciones incluir\u00e1n desbroces, limpieza y catas arqueol\u00f3gicas de m\u00ednima invasi\u00f3n, con el objetivo de preservar e incluso mejorar el estado original de los espacios. Los trabajos comenzar\u00e1n despu\u00e9s del verano, respetando el paso de aves migratorias.<\/p>\n<p>Durante la reuni\u00f3n, el alcalde explic\u00f3 que el contacto con los vecinos es esencial para avanzar en el proyecto. \u201cHemos querido reunirnos con los vecinos y vecinas para solicitar su permiso de paso, imprescindible para poder continuar con las excavaciones y tambi\u00e9n para informarles. Quiero dejar claro que en ning\u00fan caso se va a devaluar ni alterar nada; nuestro objetivo es preservar y poner en valor nuestro patrimonio\u201d, se\u00f1al\u00f3. M\u00e1s adelante a\u00f1adi\u00f3: \u201cCon estas excavaciones se confirma que Molleda tiene historia; ahora tenemos que saber qu\u00e9 historia tiene. Queremos continuar conociendo y documentando esa historia, recuperando tanto restos arqueol\u00f3gicos como testimonios de los propios vecinos, para que todo forme parte de la memoria colectiva\u201d.<\/p>\n<h1>Los hallazgos previos confirman un asentamiento medieval<\/h1>\n<p>Los trabajos arqueol\u00f3gicos desarrollados anteriormente en el yacimiento del Pico Castiello de Molleda, promovidos por el Ayuntamiento y dirigidos por el Grupo de Investigaci\u00f3n ARQUEOS de la Universidad de Oviedo, permitieron confirmar la existencia de un asentamiento medieval. El proyecto, realizado entre diciembre de 2024 y enero de 2025 bajo la direcci\u00f3n de los profesores Jos\u00e9 Avelino Guti\u00e9rrez Gonz\u00e1lez, Alejandro Garc\u00eda \u00c1lvarez-Busto y la arque\u00f3loga Patricia Su\u00e1rez Manj\u00f3n, consisti\u00f3 en la apertura de varios sondeos y prospecciones geof\u00edsicas en la cima y laderas del Pico Castiello.<\/p>\n<p>Los resultados descartaron la hip\u00f3tesis tradicional que identificaba el enclave como un castro prerromano o romano, planteada por distintos investigadores desde mediados del siglo XX. En su lugar, las excavaciones documentaron estructuras constructivas de cronolog\u00eda medieval, como muros de mamposter\u00eda, suelos de arcilla compactada y restos cer\u00e1micos, que apuntan a un asentamiento fortificado o una torre de control vinculada al territorio circundante. Con las nuevas tareas, el objetivo es seguir profundizando en la historia del lugar.<\/p>\n<p>El alcalde cerr\u00f3 la reuni\u00f3n subrayando el esp\u00edritu del proyecto: \u201cMirar al futuro sin olvidar el pasado es nuestra gu\u00eda en este proyecto. Cada intervenci\u00f3n se hace de forma respetuosa, casi artesanal, pensando en dejar el lugar igual o mejor de c\u00f3mo lo encontramos, para que las futuras generaciones tambi\u00e9n puedan disfrutar y aprender de \u00e9l\u201d.<\/p>\n","protected":false},"excerpt":{"rendered":"<p>El Ayuntamiento de Corvera, con la colaboraci\u00f3n de la Consejer\u00eda de Cultura del Principado, continuar\u00e1 con el proyecto de excavaciones arqueol\u00f3gicas en la zona de Molleda. Las intervenciones realizadas en Pico Castiello permitieron confirmar la existencia de un asentamiento de \u00e9poca medieval en este enclave. El nuevo proyecto cuenta con una inversi\u00f3n de 18.000 euros:<\/p>\n","protected":false},"author":1,"featured_media":191943,"comment_status":"closed","ping_status":"closed","sticky":false,"template":"","format":"standard","meta":{"footnotes":""},"categories":[7],"tags":[380,540],"class_list":{"0":"post-191942","1":"post","2":"type-post","3":"status-publish","4":"format-standard","5":"has-post-thumbnail","7":"category-asturias","8":"tag-asturias","9":"tag-corvera"},"aioseo_notices":[],"aioseo_head":"\n\t\t<!-- All in One SEO Pro 4.9.6.2 - aioseo.com -->\n\t<meta name=\"description\" content=\"El Ayuntamiento de Corvera, con la colaboraci\u00f3n de la Consejer\u00eda de Cultura del Principado, continuar\u00e1 con el proyecto de excavaciones arqueol\u00f3gicas\" \/>\n\t<meta name=\"robots\" content=\"max-image-preview:large\" \/>\n\t<meta name=\"author\" content=\"Cand\u00e1s 365\"\/>\n\t<meta name=\"google-site-verification\" content=\"UA-32230408-1\" \/>\n\t<meta name=\"msvalidate.01\" content=\"354F3CDFB2DA171B47FBE9ABF1F88D5\" \/>\n\t<meta name=\"keywords\" content=\"asturias\" \/>\n\t<link rel=\"canonical\" href=\"https:\/\/candas365.es\/noticias\/corvera-retoma-las-excavaciones-arqueologicas-en-molleda\/\" \/>\n\t<meta name=\"generator\" content=\"All in One SEO Pro (AIOSEO) 4.9.6.2\" \/>\n\t\t<meta property=\"og:locale\" content=\"es_ES\" \/>\n\t\t<meta property=\"og:site_name\" content=\"Cand\u00e1s 365\" \/>\n\t\t<meta property=\"og:type\" content=\"article\" \/>\n\t\t<meta property=\"og:title\" content=\"Corvera retoma las excavaciones arqueol\u00f3gicas en Molleda | Cand\u00e1s 365\" \/>\n\t\t<meta property=\"og:description\" content=\"El Ayuntamiento de Corvera, con la colaboraci\u00f3n de la Consejer\u00eda de Cultura del Principado, continuar\u00e1 con el proyecto de excavaciones arqueol\u00f3gicas\" \/>\n\t\t<meta property=\"og:url\" content=\"https:\/\/candas365.es\/noticias\/corvera-retoma-las-excavaciones-arqueologicas-en-molleda\/\" \/>\n\t\t<meta property=\"og:image\" content=\"https:\/\/candas365.es\/noticias\/wp-content\/uploads\/2026\/02\/Corvera-retoma-las-excavaciones-arqueologicas-en-Molleda.jpg\" \/>\n\t\t<meta property=\"og:image:secure_url\" content=\"https:\/\/candas365.es\/noticias\/wp-content\/uploads\/2026\/02\/Corvera-retoma-las-excavaciones-arqueologicas-en-Molleda.jpg\" \/>\n\t\t<meta property=\"og:image:width\" content=\"1203\" \/>\n\t\t<meta property=\"og:image:height\" content=\"674\" \/>\n\t\t<meta property=\"article:published_time\" content=\"2026-02-13T00:55:31+00:00\" \/>\n\t\t<meta property=\"article:modified_time\" content=\"2026-02-13T00:55:31+00:00\" \/>\n\t\t<meta property=\"article:publisher\" content=\"https:\/\/www.facebook.com\/Nachofdezber\" \/>\n\t\t<meta property=\"article:author\" content=\"https:\/\/www.facebook.com\/carrenoactualidad\" \/>\n\t\t<meta name=\"twitter:card\" content=\"summary_large_image\" \/>\n\t\t<meta name=\"twitter:site\" content=\"@NabercoDigital\" \/>\n\t\t<meta name=\"twitter:title\" content=\"Corvera retoma las excavaciones arqueol\u00f3gicas en Molleda | Cand\u00e1s 365\" \/>\n\t\t<meta name=\"twitter:description\" content=\"El Ayuntamiento de Corvera, con la colaboraci\u00f3n de la Consejer\u00eda de Cultura del Principado, continuar\u00e1 con el proyecto de excavaciones arqueol\u00f3gicas\" \/>\n\t\t<meta name=\"twitter:creator\" content=\"@nbasturias\" \/>\n\t\t<meta name=\"twitter:image\" content=\"https:\/\/candas365.es\/noticias\/wp-content\/uploads\/2026\/02\/Corvera-retoma-las-excavaciones-arqueologicas-en-Molleda.jpg\" \/>\n\t\t<meta name=\"twitter:label1\" content=\"Escrito por\" \/>\n\t\t<meta name=\"twitter:data1\" content=\"Cand\u00e1s 365\" \/>\n\t\t<meta name=\"twitter:label2\" content=\"Tiempo de lectura estimado\" \/>\n\t\t<meta name=\"twitter:data2\" content=\"3 minutos\" \/>\n\t\t<script type=\"application\/ld+json\" class=\"aioseo-schema\">\n\t\t\t{\"@context\":\"https:\\\/\\\/schema.org\",\"@graph\":[{\"@type\":\"BreadcrumbList\",\"@id\":\"https:\\\/\\\/candas365.es\\\/noticias\\\/corvera-retoma-las-excavaciones-arqueologicas-en-molleda\\\/#breadcrumblist\",\"itemListElement\":[{\"@type\":\"ListItem\",\"@id\":\"https:\\\/\\\/candas365.es\\\/noticias#listItem\",\"position\":1,\"name\":\"Home\",\"item\":\"https:\\\/\\\/candas365.es\\\/noticias\",\"nextItem\":{\"@type\":\"ListItem\",\"@id\":\"https:\\\/\\\/candas365.es\\\/noticias\\\/category\\\/asturias\\\/#listItem\",\"name\":\"Asturias\"}},{\"@type\":\"ListItem\",\"@id\":\"https:\\\/\\\/candas365.es\\\/noticias\\\/category\\\/asturias\\\/#listItem\",\"position\":2,\"name\":\"Asturias\",\"item\":\"https:\\\/\\\/candas365.es\\\/noticias\\\/category\\\/asturias\\\/\",\"nextItem\":{\"@type\":\"ListItem\",\"@id\":\"https:\\\/\\\/candas365.es\\\/noticias\\\/corvera-retoma-las-excavaciones-arqueologicas-en-molleda\\\/#listItem\",\"name\":\"Corvera retoma las excavaciones arqueol\\u00f3gicas en Molleda\"},\"previousItem\":{\"@type\":\"ListItem\",\"@id\":\"https:\\\/\\\/candas365.es\\\/noticias#listItem\",\"name\":\"Home\"}},{\"@type\":\"ListItem\",\"@id\":\"https:\\\/\\\/candas365.es\\\/noticias\\\/corvera-retoma-las-excavaciones-arqueologicas-en-molleda\\\/#listItem\",\"position\":3,\"name\":\"Corvera retoma las excavaciones arqueol\\u00f3gicas en Molleda\",\"previousItem\":{\"@type\":\"ListItem\",\"@id\":\"https:\\\/\\\/candas365.es\\\/noticias\\\/category\\\/asturias\\\/#listItem\",\"name\":\"Asturias\"}}]},{\"@type\":\"NewsArticle\",\"@id\":\"https:\\\/\\\/candas365.es\\\/noticias\\\/corvera-retoma-las-excavaciones-arqueologicas-en-molleda\\\/#newsarticle\",\"name\":\"Corvera retoma las excavaciones arqueol\\u00f3gicas en Molleda | Cand\\u00e1s 365\",\"headline\":\"Corvera retoma las excavaciones arqueol\\u00f3gicas en Molleda\",\"author\":{\"@id\":\"https:\\\/\\\/candas365.es\\\/noticias\\\/author\\\/admin\\\/#author\"},\"publisher\":{\"@id\":\"https:\\\/\\\/candas365.es\\\/noticias\\\/#organization\"},\"image\":{\"@type\":\"ImageObject\",\"url\":\"https:\\\/\\\/candas365.es\\\/noticias\\\/wp-content\\\/uploads\\\/2026\\\/02\\\/Corvera-retoma-las-excavaciones-arqueologicas-en-Molleda.jpg\",\"width\":1203,\"height\":674,\"caption\":\"Foto: Prensa Ayuntamiento de Corvera\"},\"datePublished\":\"2026-02-13T01:55:31+01:00\",\"dateModified\":\"2026-02-13T01:55:31+01:00\",\"inLanguage\":\"es-ES\",\"mainEntityOfPage\":{\"@id\":\"https:\\\/\\\/candas365.es\\\/noticias\\\/corvera-retoma-las-excavaciones-arqueologicas-en-molleda\\\/#webpage\"},\"isPartOf\":{\"@id\":\"https:\\\/\\\/candas365.es\\\/noticias\\\/corvera-retoma-las-excavaciones-arqueologicas-en-molleda\\\/#webpage\"},\"articleSection\":\"Asturias, Asturias, Corvera\",\"dateline\":\"Publicado el febrero 13, 2026.\"},{\"@type\":\"Organization\",\"@id\":\"https:\\\/\\\/candas365.es\\\/noticias\\\/#organization\",\"name\":\"Cand\\u00e1s 365\",\"description\":\"Cand\\u00e1s 365 es un diario digital independiente, fundado en 2012, con base en Asturias. Informamos con rigor sobre actualidad, sociedad, cultura y ocio, con una mirada local y global.\",\"url\":\"https:\\\/\\\/candas365.es\\\/noticias\\\/\",\"email\":\"info@candas365.es\",\"telephone\":\"+34652131393\",\"foundingDate\":\"2012-06-10\",\"logo\":{\"@type\":\"ImageObject\",\"url\":\"https:\\\/\\\/candas365.es\\\/noticias\\\/wp-content\\\/uploads\\\/2024\\\/09\\\/Candas-365-Redes.jpg\",\"@id\":\"https:\\\/\\\/candas365.es\\\/noticias\\\/corvera-retoma-las-excavaciones-arqueologicas-en-molleda\\\/#organizationLogo\",\"width\":1152,\"height\":864,\"caption\":\"Cand\\u00e1s 365 Redes\"},\"image\":{\"@id\":\"https:\\\/\\\/candas365.es\\\/noticias\\\/corvera-retoma-las-excavaciones-arqueologicas-en-molleda\\\/#organizationLogo\"},\"sameAs\":[\"https:\\\/\\\/www.facebook.com\\\/Nachofdezber\",\"https:\\\/\\\/x.com\\\/NabercoDigital\",\"https:\\\/\\\/www.instagram.com\\\/nachofdezber\\\/\",\"https:\\\/\\\/www.youtube.com\\\/channel\\\/UCZP-2wLEB9Rv6erhFmqVnvg\"],\"address\":{\"@id\":\"https:\\\/\\\/candas365.es\\\/noticias\\\/#postaladdress\",\"@type\":\"PostalAddress\",\"streetAddress\":\"san antonio 4, san antonio 4\",\"postalCode\":\"33430\",\"addressLocality\":\"Cand\\u00e1s\",\"addressRegion\":\"Asturias\",\"addressCountry\":\"ES\"}},{\"@type\":\"Person\",\"@id\":\"https:\\\/\\\/candas365.es\\\/noticias\\\/author\\\/admin\\\/#author\",\"url\":\"https:\\\/\\\/candas365.es\\\/noticias\\\/author\\\/admin\\\/\",\"name\":\"Cand\\u00e1s 365\",\"image\":{\"@type\":\"ImageObject\",\"@id\":\"https:\\\/\\\/candas365.es\\\/noticias\\\/corvera-retoma-las-excavaciones-arqueologicas-en-molleda\\\/#authorImage\",\"url\":\"https:\\\/\\\/secure.gravatar.com\\\/avatar\\\/496a8e03d0c493ede1718b7934145dbdf8d89be1036b0eec9544e1094c9de390?s=96&d=mm&r=g\",\"width\":96,\"height\":96,\"caption\":\"Cand\\u00e1s 365\"},\"sameAs\":[\"https:\\\/\\\/www.facebook.com\\\/carrenoactualidad\",\"https:\\\/\\\/twitter.com\\\/nbasturias\",\"https:\\\/\\\/www.instagram.com\\\/nachofdezber\\\/\",\"https:\\\/\\\/www.youtube.com\\\/channel\\\/UCZP-2wLEB9Rv6erhFmqVnvg\"]},{\"@type\":\"WebPage\",\"@id\":\"https:\\\/\\\/candas365.es\\\/noticias\\\/corvera-retoma-las-excavaciones-arqueologicas-en-molleda\\\/#webpage\",\"url\":\"https:\\\/\\\/candas365.es\\\/noticias\\\/corvera-retoma-las-excavaciones-arqueologicas-en-molleda\\\/\",\"name\":\"Corvera retoma las excavaciones arqueol\\u00f3gicas en Molleda | Cand\\u00e1s 365\",\"description\":\"El Ayuntamiento de Corvera, con la colaboraci\\u00f3n de la Consejer\\u00eda de Cultura del Principado, continuar\\u00e1 con el proyecto de excavaciones arqueol\\u00f3gicas\",\"inLanguage\":\"es-ES\",\"isPartOf\":{\"@id\":\"https:\\\/\\\/candas365.es\\\/noticias\\\/#website\"},\"breadcrumb\":{\"@id\":\"https:\\\/\\\/candas365.es\\\/noticias\\\/corvera-retoma-las-excavaciones-arqueologicas-en-molleda\\\/#breadcrumblist\"},\"author\":{\"@id\":\"https:\\\/\\\/candas365.es\\\/noticias\\\/author\\\/admin\\\/#author\"},\"creator\":{\"@id\":\"https:\\\/\\\/candas365.es\\\/noticias\\\/author\\\/admin\\\/#author\"},\"image\":{\"@type\":\"ImageObject\",\"url\":\"https:\\\/\\\/candas365.es\\\/noticias\\\/wp-content\\\/uploads\\\/2026\\\/02\\\/Corvera-retoma-las-excavaciones-arqueologicas-en-Molleda.jpg\",\"@id\":\"https:\\\/\\\/candas365.es\\\/noticias\\\/corvera-retoma-las-excavaciones-arqueologicas-en-molleda\\\/#mainImage\",\"width\":1203,\"height\":674,\"caption\":\"Foto: Prensa Ayuntamiento de Corvera\"},\"primaryImageOfPage\":{\"@id\":\"https:\\\/\\\/candas365.es\\\/noticias\\\/corvera-retoma-las-excavaciones-arqueologicas-en-molleda\\\/#mainImage\"},\"datePublished\":\"2026-02-13T01:55:31+01:00\",\"dateModified\":\"2026-02-13T01:55:31+01:00\"},{\"@type\":\"WebSite\",\"@id\":\"https:\\\/\\\/candas365.es\\\/noticias\\\/#website\",\"url\":\"https:\\\/\\\/candas365.es\\\/noticias\\\/\",\"name\":\"Cand\\u00e1s 365\",\"alternateName\":\"Cand\\u00e1s 365 Noticias\",\"description\":\"Actualidad desde Carre\\u00f1o para el mundo\",\"inLanguage\":\"es-ES\",\"publisher\":{\"@id\":\"https:\\\/\\\/candas365.es\\\/noticias\\\/#organization\"}}]}\n\t\t<\/script>\n\t\t<!-- All in One SEO Pro -->\r\n\t\t<title>Corvera retoma las excavaciones arqueol\u00f3gicas en Molleda | Cand\u00e1s 365<\/title>\n\n","aioseo_head_json":{"title":"Corvera retoma las excavaciones arqueol\u00f3gicas en Molleda | Cand\u00e1s 365","description":"El Ayuntamiento de Corvera, con la colaboraci\u00f3n de la Consejer\u00eda de Cultura del Principado, continuar\u00e1 con el proyecto de excavaciones arqueol\u00f3gicas","canonical_url":"https:\/\/candas365.es\/noticias\/corvera-retoma-las-excavaciones-arqueologicas-en-molleda\/","robots":"max-image-preview:large","keywords":"asturias","webmasterTools":{"google-site-verification":"UA-32230408-1","msvalidate.01":"354F3CDFB2DA171B47FBE9ABF1F88D5","miscellaneous":""},"schema":{"@context":"https:\/\/schema.org","@graph":[{"@type":"BreadcrumbList","@id":"https:\/\/candas365.es\/noticias\/corvera-retoma-las-excavaciones-arqueologicas-en-molleda\/#breadcrumblist","itemListElement":[{"@type":"ListItem","@id":"https:\/\/candas365.es\/noticias#listItem","position":1,"name":"Home","item":"https:\/\/candas365.es\/noticias","nextItem":{"@type":"ListItem","@id":"https:\/\/candas365.es\/noticias\/category\/asturias\/#listItem","name":"Asturias"}},{"@type":"ListItem","@id":"https:\/\/candas365.es\/noticias\/category\/asturias\/#listItem","position":2,"name":"Asturias","item":"https:\/\/candas365.es\/noticias\/category\/asturias\/","nextItem":{"@type":"ListItem","@id":"https:\/\/candas365.es\/noticias\/corvera-retoma-las-excavaciones-arqueologicas-en-molleda\/#listItem","name":"Corvera retoma las excavaciones arqueol\u00f3gicas en Molleda"},"previousItem":{"@type":"ListItem","@id":"https:\/\/candas365.es\/noticias#listItem","name":"Home"}},{"@type":"ListItem","@id":"https:\/\/candas365.es\/noticias\/corvera-retoma-las-excavaciones-arqueologicas-en-molleda\/#listItem","position":3,"name":"Corvera retoma las excavaciones arqueol\u00f3gicas en Molleda","previousItem":{"@type":"ListItem","@id":"https:\/\/candas365.es\/noticias\/category\/asturias\/#listItem","name":"Asturias"}}]},{"@type":"NewsArticle","@id":"https:\/\/candas365.es\/noticias\/corvera-retoma-las-excavaciones-arqueologicas-en-molleda\/#newsarticle","name":"Corvera retoma las excavaciones arqueol\u00f3gicas en Molleda | Cand\u00e1s 365","headline":"Corvera retoma las excavaciones arqueol\u00f3gicas en Molleda","author":{"@id":"https:\/\/candas365.es\/noticias\/author\/admin\/#author"},"publisher":{"@id":"https:\/\/candas365.es\/noticias\/#organization"},"image":{"@type":"ImageObject","url":"https:\/\/candas365.es\/noticias\/wp-content\/uploads\/2026\/02\/Corvera-retoma-las-excavaciones-arqueologicas-en-Molleda.jpg","width":1203,"height":674,"caption":"Foto: Prensa Ayuntamiento de Corvera"},"datePublished":"2026-02-13T01:55:31+01:00","dateModified":"2026-02-13T01:55:31+01:00","inLanguage":"es-ES","mainEntityOfPage":{"@id":"https:\/\/candas365.es\/noticias\/corvera-retoma-las-excavaciones-arqueologicas-en-molleda\/#webpage"},"isPartOf":{"@id":"https:\/\/candas365.es\/noticias\/corvera-retoma-las-excavaciones-arqueologicas-en-molleda\/#webpage"},"articleSection":"Asturias, Asturias, Corvera","dateline":"Publicado el febrero 13, 2026."},{"@type":"Organization","@id":"https:\/\/candas365.es\/noticias\/#organization","name":"Cand\u00e1s 365","description":"Cand\u00e1s 365 es un diario digital independiente, fundado en 2012, con base en Asturias. Informamos con rigor sobre actualidad, sociedad, cultura y ocio, con una mirada local y global.","url":"https:\/\/candas365.es\/noticias\/","email":"info@candas365.es","telephone":"+34652131393","foundingDate":"2012-06-10","logo":{"@type":"ImageObject","url":"https:\/\/candas365.es\/noticias\/wp-content\/uploads\/2024\/09\/Candas-365-Redes.jpg","@id":"https:\/\/candas365.es\/noticias\/corvera-retoma-las-excavaciones-arqueologicas-en-molleda\/#organizationLogo","width":1152,"height":864,"caption":"Cand\u00e1s 365 Redes"},"image":{"@id":"https:\/\/candas365.es\/noticias\/corvera-retoma-las-excavaciones-arqueologicas-en-molleda\/#organizationLogo"},"sameAs":["https:\/\/www.facebook.com\/Nachofdezber","https:\/\/x.com\/NabercoDigital","https:\/\/www.instagram.com\/nachofdezber\/","https:\/\/www.youtube.com\/channel\/UCZP-2wLEB9Rv6erhFmqVnvg"],"address":{"@id":"https:\/\/candas365.es\/noticias\/#postaladdress","@type":"PostalAddress","streetAddress":"san antonio 4, san antonio 4","postalCode":"33430","addressLocality":"Cand\u00e1s","addressRegion":"Asturias","addressCountry":"ES"}},{"@type":"Person","@id":"https:\/\/candas365.es\/noticias\/author\/admin\/#author","url":"https:\/\/candas365.es\/noticias\/author\/admin\/","name":"Cand\u00e1s 365","image":{"@type":"ImageObject","@id":"https:\/\/candas365.es\/noticias\/corvera-retoma-las-excavaciones-arqueologicas-en-molleda\/#authorImage","url":"https:\/\/secure.gravatar.com\/avatar\/496a8e03d0c493ede1718b7934145dbdf8d89be1036b0eec9544e1094c9de390?s=96&d=mm&r=g","width":96,"height":96,"caption":"Cand\u00e1s 365"},"sameAs":["https:\/\/www.facebook.com\/carrenoactualidad","https:\/\/twitter.com\/nbasturias","https:\/\/www.instagram.com\/nachofdezber\/","https:\/\/www.youtube.com\/channel\/UCZP-2wLEB9Rv6erhFmqVnvg"]},{"@type":"WebPage","@id":"https:\/\/candas365.es\/noticias\/corvera-retoma-las-excavaciones-arqueologicas-en-molleda\/#webpage","url":"https:\/\/candas365.es\/noticias\/corvera-retoma-las-excavaciones-arqueologicas-en-molleda\/","name":"Corvera retoma las excavaciones arqueol\u00f3gicas en Molleda | Cand\u00e1s 365","description":"El Ayuntamiento de Corvera, con la colaboraci\u00f3n de la Consejer\u00eda de Cultura del Principado, continuar\u00e1 con el proyecto de excavaciones arqueol\u00f3gicas","inLanguage":"es-ES","isPartOf":{"@id":"https:\/\/candas365.es\/noticias\/#website"},"breadcrumb":{"@id":"https:\/\/candas365.es\/noticias\/corvera-retoma-las-excavaciones-arqueologicas-en-molleda\/#breadcrumblist"},"author":{"@id":"https:\/\/candas365.es\/noticias\/author\/admin\/#author"},"creator":{"@id":"https:\/\/candas365.es\/noticias\/author\/admin\/#author"},"image":{"@type":"ImageObject","url":"https:\/\/candas365.es\/noticias\/wp-content\/uploads\/2026\/02\/Corvera-retoma-las-excavaciones-arqueologicas-en-Molleda.jpg","@id":"https:\/\/candas365.es\/noticias\/corvera-retoma-las-excavaciones-arqueologicas-en-molleda\/#mainImage","width":1203,"height":674,"caption":"Foto: Prensa Ayuntamiento de Corvera"},"primaryImageOfPage":{"@id":"https:\/\/candas365.es\/noticias\/corvera-retoma-las-excavaciones-arqueologicas-en-molleda\/#mainImage"},"datePublished":"2026-02-13T01:55:31+01:00","dateModified":"2026-02-13T01:55:31+01:00"},{"@type":"WebSite","@id":"https:\/\/candas365.es\/noticias\/#website","url":"https:\/\/candas365.es\/noticias\/","name":"Cand\u00e1s 365","alternateName":"Cand\u00e1s 365 Noticias","description":"Actualidad desde Carre\u00f1o para el mundo","inLanguage":"es-ES","publisher":{"@id":"https:\/\/candas365.es\/noticias\/#organization"}}]},"og:locale":"es_ES","og:site_name":"Cand\u00e1s 365","og:type":"article","og:title":"Corvera retoma las excavaciones arqueol\u00f3gicas en Molleda | Cand\u00e1s 365","og:description":"El Ayuntamiento de Corvera, con la colaboraci\u00f3n de la Consejer\u00eda de Cultura del Principado, continuar\u00e1 con el proyecto de excavaciones arqueol\u00f3gicas","og:url":"https:\/\/candas365.es\/noticias\/corvera-retoma-las-excavaciones-arqueologicas-en-molleda\/","og:image":"https:\/\/candas365.es\/noticias\/wp-content\/uploads\/2026\/02\/Corvera-retoma-las-excavaciones-arqueologicas-en-Molleda.jpg","og:image:secure_url":"https:\/\/candas365.es\/noticias\/wp-content\/uploads\/2026\/02\/Corvera-retoma-las-excavaciones-arqueologicas-en-Molleda.jpg","og:image:width":1203,"og:image:height":674,"article:published_time":"2026-02-13T00:55:31+00:00","article:modified_time":"2026-02-13T00:55:31+00:00","article:publisher":"https:\/\/www.facebook.com\/Nachofdezber","article:author":"https:\/\/www.facebook.com\/carrenoactualidad","twitter:card":"summary_large_image","twitter:site":"@NabercoDigital","twitter:title":"Corvera retoma las excavaciones arqueol\u00f3gicas en Molleda | Cand\u00e1s 365","twitter:description":"El Ayuntamiento de Corvera, con la colaboraci\u00f3n de la Consejer\u00eda de Cultura del Principado, continuar\u00e1 con el proyecto de excavaciones arqueol\u00f3gicas","twitter:creator":"@nbasturias","twitter:image":"https:\/\/candas365.es\/noticias\/wp-content\/uploads\/2026\/02\/Corvera-retoma-las-excavaciones-arqueologicas-en-Molleda.jpg","twitter:label1":"Escrito por","twitter:data1":"Cand\u00e1s 365","twitter:label2":"Tiempo de lectura estimado","twitter:data2":"3 minutos"},"aioseo_meta_data":{"post_id":"191942","title":null,"description":"El Ayuntamiento de Corvera, con la colaboraci\u00f3n de la Consejer\u00eda de Cultura del Principado, continuar\u00e1 con el proyecto de excavaciones arqueol\u00f3gicas","keywords":null,"keyphrases":{"focus":{"keyphrase":"Corvera","score":85,"analysis":{"keyphraseInTitle":{"score":9,"maxScore":9,"error":0},"keyphraseInDescription":{"score":9,"maxScore":9,"error":0},"keyphraseLength":{"score":9,"maxScore":9,"error":0,"length":1},"keyphraseInURL":{"score":5,"maxScore":5,"error":0},"keyphraseInIntroduction":{"score":9,"maxScore":9,"error":0},"keyphraseInSubHeadings":[],"keyphraseInImageAlt":{"score":9,"maxScore":9,"error":0},"keywordDensity":{"score":0,"type":"low","maxScore":9,"error":1}}},"additional":[{"keyphrase":"excavaciones","score":100,"analysis":{"keyphraseInDescription":{"score":9,"maxScore":9,"error":0},"keyphraseLength":{"score":9,"maxScore":9,"error":0,"length":1},"keyphraseInIntroduction":{"score":9,"maxScore":9,"error":0},"keyphraseInImageAlt":{"score":9,"maxScore":9,"error":0},"keywordDensity":{"type":"best","score":9,"maxScore":9,"error":0}}}]},"primary_term":null,"canonical_url":null,"og_title":null,"og_description":null,"og_object_type":"default","og_image_type":"default","og_image_url":null,"og_image_width":null,"og_image_height":null,"og_image_custom_url":null,"og_image_custom_fields":null,"og_video":"","og_custom_url":null,"og_article_section":null,"og_article_tags":null,"twitter_use_og":false,"twitter_card":"default","twitter_image_type":"default","twitter_image_url":null,"twitter_image_custom_url":null,"twitter_image_custom_fields":null,"twitter_title":null,"twitter_description":null,"schema":{"blockGraphs":[],"customGraphs":[],"default":{"data":{"Article":[],"Course":[],"Dataset":[],"FAQPage":[],"Movie":[],"Person":[],"Product":[],"ProductReview":[],"Car":[],"Recipe":[],"Service":[],"SoftwareApplication":[],"WebPage":[]},"graphName":"Article","isEnabled":true},"graphs":[]},"schema_type":"default","schema_type_options":null,"pillar_content":false,"robots_default":true,"robots_noindex":false,"robots_noarchive":false,"robots_nosnippet":false,"robots_nofollow":false,"robots_noimageindex":false,"robots_noodp":false,"robots_notranslate":false,"robots_max_snippet":"-1","robots_max_videopreview":"-1","robots_max_imagepreview":"large","priority":null,"frequency":"default","location":null,"local_seo":null,"seo_analyzer_scan_date":"2026-02-13 01:03:50","breadcrumb_settings":null,"limit_modified_date":false,"reviewed_by":null,"open_ai":null,"ai":{"faqs":[],"keyPoints":[],"titles":[],"descriptions":[],"socialPosts":{"email":[],"linkedin":[],"twitter":[],"facebook":[],"instagram":[]}},"created":"2026-02-13 00:49:05","updated":"2026-02-13 01:03:50"},"aioseo_breadcrumb":"<div class=\"aioseo-breadcrumbs\"><span class=\"aioseo-breadcrumb\">\n\t<a href=\"https:\/\/candas365.es\/noticias\" title=\"Home\">Home<\/a>\n<\/span><span class=\"aioseo-breadcrumb-separator\">&ndash;<\/span><span class=\"aioseo-breadcrumb\">\n\t<a href=\"https:\/\/candas365.es\/noticias\/category\/asturias\/\" title=\"Asturias\">Asturias<\/a>\n<\/span><span class=\"aioseo-breadcrumb-separator\">&ndash;<\/span><span class=\"aioseo-breadcrumb\">\n\tCorvera retoma las excavaciones arqueol\u00f3gicas en Molleda\n<\/span><\/div>","aioseo_breadcrumb_json":[{"label":"Home","link":"https:\/\/candas365.es\/noticias"},{"label":"Asturias","link":"https:\/\/candas365.es\/noticias\/category\/asturias\/"},{"label":"Corvera retoma las excavaciones arqueol\u00f3gicas en Molleda","link":"https:\/\/candas365.es\/noticias\/corvera-retoma-las-excavaciones-arqueologicas-en-molleda\/"}],"_links":{"self":[{"href":"https:\/\/candas365.es\/noticias\/wp-json\/wp\/v2\/posts\/191942","targetHints":{"allow":["GET"]}}],"collection":[{"href":"https:\/\/candas365.es\/noticias\/wp-json\/wp\/v2\/posts"}],"about":[{"href":"https:\/\/candas365.es\/noticias\/wp-json\/wp\/v2\/types\/post"}],"author":[{"embeddable":true,"href":"https:\/\/candas365.es\/noticias\/wp-json\/wp\/v2\/users\/1"}],"replies":[{"embeddable":true,"href":"https:\/\/candas365.es\/noticias\/wp-json\/wp\/v2\/comments?post=191942"}],"version-history":[{"count":0,"href":"https:\/\/candas365.es\/noticias\/wp-json\/wp\/v2\/posts\/191942\/revisions"}],"wp:featuredmedia":[{"embeddable":true,"href":"https:\/\/candas365.es\/noticias\/wp-json\/wp\/v2\/media\/191943"}],"wp:attachment":[{"href":"https:\/\/candas365.es\/noticias\/wp-json\/wp\/v2\/media?parent=191942"}],"wp:term":[{"taxonomy":"category","embeddable":true,"href":"https:\/\/candas365.es\/noticias\/wp-json\/wp\/v2\/categories?post=191942"},{"taxonomy":"post_tag","embeddable":true,"href":"https:\/\/candas365.es\/noticias\/wp-json\/wp\/v2\/tags?post=191942"}],"curies":[{"name":"wp","href":"https:\/\/api.w.org\/{rel}","templated":true}]}}