{"id":191924,"date":"2026-02-10T00:28:12","date_gmt":"2026-02-09T23:28:12","guid":{"rendered":"https:\/\/candas365.es\/noticias\/?p=191924"},"modified":"2026-02-10T00:28:12","modified_gmt":"2026-02-09T23:28:12","slug":"asturias-regula-la-formacion-sanitaria-especializada","status":"publish","type":"post","link":"https:\/\/candas365.es\/noticias\/asturias-regula-la-formacion-sanitaria-especializada\/","title":{"rendered":"Asturias regula la formaci\u00f3n sanitaria especializada"},"content":{"rendered":"<p data-start=\"58\" data-end=\"535\">El <a href=\"https:\/\/actualidad.asturias.es\/\" target=\"_blank\" rel=\"noopener\"><span style=\"color: #ff6600;\"><strong>Gobierno del Principado<\/strong><\/span><\/a> de Asturias ha aprobado el decreto que regula la <span style=\"color: #ff6600;\"><a style=\"color: #ff6600;\" href=\"https:\/\/candas365.es\/noticias\/category\/salud\/\"><strong>formaci\u00f3n sanitaria especializada<\/strong><\/a><\/span>, una norma que introduce avances en el sistema de ense\u00f1anza postuniversitaria para profesionales con titulaciones en Medicina, Enfermer\u00eda, Farmacia, Psicolog\u00eda, Qu\u00edmica, F\u00edsica y Biolog\u00eda. <strong>El decreto ordena las estructuras y los \u00f3rganos docentes, define las figuras y funciones de tutores y jefes de estudios y plantea la creaci\u00f3n de la Red de Comisiones de Docencia.<\/strong><\/p>\n<figure id=\"attachment_191925\" aria-describedby=\"caption-attachment-191925\" style=\"width: 650px\" class=\"wp-caption aligncenter\"><img fetchpriority=\"high\" decoding=\"async\" class=\"size-large wp-image-191925\" src=\"https:\/\/candas365.es\/noticias\/wp-content\/uploads\/2026\/02\/Asturias-regula-la-formacion-sanitaria-especializada-650x428.jpg\" alt=\"Asturias regula la formaci\u00f3n sanitaria especializada\" width=\"650\" height=\"428\" srcset=\"https:\/\/candas365.es\/noticias\/wp-content\/uploads\/2026\/02\/Asturias-regula-la-formacion-sanitaria-especializada-650x428.jpg 650w, https:\/\/candas365.es\/noticias\/wp-content\/uploads\/2026\/02\/Asturias-regula-la-formacion-sanitaria-especializada-360x237.jpg 360w, https:\/\/candas365.es\/noticias\/wp-content\/uploads\/2026\/02\/Asturias-regula-la-formacion-sanitaria-especializada-768x506.jpg 768w, https:\/\/candas365.es\/noticias\/wp-content\/uploads\/2026\/02\/Asturias-regula-la-formacion-sanitaria-especializada-150x99.jpg 150w, https:\/\/candas365.es\/noticias\/wp-content\/uploads\/2026\/02\/Asturias-regula-la-formacion-sanitaria-especializada-450x296.jpg 450w, https:\/\/candas365.es\/noticias\/wp-content\/uploads\/2026\/02\/Asturias-regula-la-formacion-sanitaria-especializada-1200x790.jpg 1200w, https:\/\/candas365.es\/noticias\/wp-content\/uploads\/2026\/02\/Asturias-regula-la-formacion-sanitaria-especializada.jpg 1239w\" sizes=\"(max-width: 650px) 100vw, 650px\" \/><figcaption id=\"caption-attachment-191925\" class=\"wp-caption-text\">Foto: Prensa Gobierno de Asturias<\/figcaption><\/figure>\n<p data-start=\"537\" data-end=\"835\">La formaci\u00f3n de especialistas en Ciencias de la Salud se considera un objetivo prioritario para el <span class=\"hover:entity-accent entity-underline inline cursor-pointer align-baseline\"><span class=\"whitespace-normal\">Gobierno del Principado de Asturias<\/span><\/span>, con el fin de que estos profesionales alcancen el nivel adecuado de conocimientos, aptitudes y actitudes para ofrecer la mejor atenci\u00f3n posible a la ciudadan\u00eda.<\/p>\n<h1 data-start=\"837\" data-end=\"894\">Reconocimiento del papel de tutores y jefes de estudio<\/h1>\n<p data-start=\"896\" data-end=\"1254\">Entre las principales novedades del decreto, alineado con la normativa estatal, figura el reconocimiento de la labor de tutores y jefes de estudio. <strong>Ambas figuras, cuyos nombramientos se realizar\u00e1n mediante convocatoria, contar\u00e1n con un ajuste de su actividad asistencial que les permitir\u00e1 disponer del tiempo necesario para desempe\u00f1ar sus funciones docentes.<\/strong><\/p>\n<h2 data-start=\"1256\" data-end=\"1288\">Red de Comisiones de Docencia<\/h2>\n<p data-start=\"1290\" data-end=\"1519\" data-is-last-node=\"\" data-is-only-node=\"\">La norma tambi\u00e9n prev\u00e9 la creaci\u00f3n de la Red de Comisiones de Docencia, que tendr\u00e1 como funciones organizar la formaci\u00f3n sanitaria especializada, supervisar su aplicaci\u00f3n y controlar el cumplimiento de los objetivos establecidos.<\/p>\n","protected":false},"excerpt":{"rendered":"<p>El Gobierno del Principado de Asturias ha aprobado el decreto que regula la formaci\u00f3n sanitaria especializada, una norma que introduce avances en el sistema de ense\u00f1anza postuniversitaria para profesionales con titulaciones en Medicina, Enfermer\u00eda, Farmacia, Psicolog\u00eda, Qu\u00edmica, F\u00edsica y Biolog\u00eda. El decreto ordena las estructuras y los \u00f3rganos docentes, define las figuras y funciones de<\/p>\n","protected":false},"author":1,"featured_media":191925,"comment_status":"closed","ping_status":"closed","sticky":false,"template":"","format":"standard","meta":{"footnotes":""},"categories":[7],"tags":[380],"class_list":{"0":"post-191924","1":"post","2":"type-post","3":"status-publish","4":"format-standard","5":"has-post-thumbnail","7":"category-asturias","8":"tag-asturias"},"aioseo_notices":[],"aioseo_head":"\n\t\t<!-- All in One SEO Pro 4.9.6.2 - aioseo.com -->\n\t<meta name=\"description\" content=\"El Gobierno del Principado de Asturias ha aprobado el decreto que regula la formaci\u00f3n sanitaria especializada, una norma que introduce avances\" \/>\n\t<meta name=\"robots\" content=\"max-image-preview:large\" \/>\n\t<meta name=\"author\" content=\"Cand\u00e1s 365\"\/>\n\t<meta name=\"google-site-verification\" content=\"UA-32230408-1\" \/>\n\t<meta name=\"msvalidate.01\" content=\"354F3CDFB2DA171B47FBE9ABF1F88D5\" \/>\n\t<meta name=\"keywords\" content=\"asturias\" \/>\n\t<link rel=\"canonical\" href=\"https:\/\/candas365.es\/noticias\/asturias-regula-la-formacion-sanitaria-especializada\/\" \/>\n\t<meta name=\"generator\" content=\"All in One SEO Pro (AIOSEO) 4.9.6.2\" \/>\n\t\t<meta property=\"og:locale\" content=\"es_ES\" \/>\n\t\t<meta property=\"og:site_name\" content=\"Cand\u00e1s 365\" \/>\n\t\t<meta property=\"og:type\" content=\"article\" \/>\n\t\t<meta property=\"og:title\" content=\"Asturias regula la formaci\u00f3n sanitaria especializada | Cand\u00e1s 365\" \/>\n\t\t<meta property=\"og:description\" content=\"El Gobierno del Principado de Asturias ha aprobado el decreto que regula la formaci\u00f3n sanitaria especializada, una norma que introduce avances\" \/>\n\t\t<meta property=\"og:url\" content=\"https:\/\/candas365.es\/noticias\/asturias-regula-la-formacion-sanitaria-especializada\/\" \/>\n\t\t<meta property=\"og:image\" content=\"https:\/\/candas365.es\/noticias\/wp-content\/uploads\/2026\/02\/Asturias-regula-la-formacion-sanitaria-especializada.jpg\" \/>\n\t\t<meta property=\"og:image:secure_url\" content=\"https:\/\/candas365.es\/noticias\/wp-content\/uploads\/2026\/02\/Asturias-regula-la-formacion-sanitaria-especializada.jpg\" \/>\n\t\t<meta property=\"og:image:width\" content=\"1239\" \/>\n\t\t<meta property=\"og:image:height\" content=\"816\" \/>\n\t\t<meta property=\"article:published_time\" content=\"2026-02-09T23:28:12+00:00\" \/>\n\t\t<meta property=\"article:modified_time\" content=\"2026-02-09T23:28:12+00:00\" \/>\n\t\t<meta property=\"article:publisher\" content=\"https:\/\/www.facebook.com\/Nachofdezber\" \/>\n\t\t<meta property=\"article:author\" content=\"https:\/\/www.facebook.com\/carrenoactualidad\" \/>\n\t\t<meta name=\"twitter:card\" content=\"summary_large_image\" \/>\n\t\t<meta name=\"twitter:site\" content=\"@NabercoDigital\" \/>\n\t\t<meta name=\"twitter:title\" content=\"Asturias regula la formaci\u00f3n sanitaria especializada | Cand\u00e1s 365\" \/>\n\t\t<meta name=\"twitter:description\" content=\"El Gobierno del Principado de Asturias ha aprobado el decreto que regula la formaci\u00f3n sanitaria especializada, una norma que introduce avances\" \/>\n\t\t<meta name=\"twitter:creator\" content=\"@nbasturias\" \/>\n\t\t<meta name=\"twitter:image\" content=\"https:\/\/candas365.es\/noticias\/wp-content\/uploads\/2026\/02\/Asturias-regula-la-formacion-sanitaria-especializada.jpg\" \/>\n\t\t<meta name=\"twitter:label1\" content=\"Escrito por\" \/>\n\t\t<meta name=\"twitter:data1\" content=\"Cand\u00e1s 365\" \/>\n\t\t<meta name=\"twitter:label2\" content=\"Tiempo de lectura estimado\" \/>\n\t\t<meta name=\"twitter:data2\" content=\"1 minuto\" \/>\n\t\t<script type=\"application\/ld+json\" class=\"aioseo-schema\">\n\t\t\t{\"@context\":\"https:\\\/\\\/schema.org\",\"@graph\":[{\"@type\":\"BreadcrumbList\",\"@id\":\"https:\\\/\\\/candas365.es\\\/noticias\\\/asturias-regula-la-formacion-sanitaria-especializada\\\/#breadcrumblist\",\"itemListElement\":[{\"@type\":\"ListItem\",\"@id\":\"https:\\\/\\\/candas365.es\\\/noticias#listItem\",\"position\":1,\"name\":\"Home\",\"item\":\"https:\\\/\\\/candas365.es\\\/noticias\",\"nextItem\":{\"@type\":\"ListItem\",\"@id\":\"https:\\\/\\\/candas365.es\\\/noticias\\\/category\\\/asturias\\\/#listItem\",\"name\":\"Asturias\"}},{\"@type\":\"ListItem\",\"@id\":\"https:\\\/\\\/candas365.es\\\/noticias\\\/category\\\/asturias\\\/#listItem\",\"position\":2,\"name\":\"Asturias\",\"item\":\"https:\\\/\\\/candas365.es\\\/noticias\\\/category\\\/asturias\\\/\",\"nextItem\":{\"@type\":\"ListItem\",\"@id\":\"https:\\\/\\\/candas365.es\\\/noticias\\\/asturias-regula-la-formacion-sanitaria-especializada\\\/#listItem\",\"name\":\"Asturias regula la formaci\\u00f3n sanitaria especializada\"},\"previousItem\":{\"@type\":\"ListItem\",\"@id\":\"https:\\\/\\\/candas365.es\\\/noticias#listItem\",\"name\":\"Home\"}},{\"@type\":\"ListItem\",\"@id\":\"https:\\\/\\\/candas365.es\\\/noticias\\\/asturias-regula-la-formacion-sanitaria-especializada\\\/#listItem\",\"position\":3,\"name\":\"Asturias regula la formaci\\u00f3n sanitaria especializada\",\"previousItem\":{\"@type\":\"ListItem\",\"@id\":\"https:\\\/\\\/candas365.es\\\/noticias\\\/category\\\/asturias\\\/#listItem\",\"name\":\"Asturias\"}}]},{\"@type\":\"NewsArticle\",\"@id\":\"https:\\\/\\\/candas365.es\\\/noticias\\\/asturias-regula-la-formacion-sanitaria-especializada\\\/#newsarticle\",\"name\":\"Asturias regula la formaci\\u00f3n sanitaria especializada | Cand\\u00e1s 365\",\"headline\":\"Asturias regula la formaci\\u00f3n sanitaria especializada\",\"author\":{\"@id\":\"https:\\\/\\\/candas365.es\\\/noticias\\\/author\\\/admin\\\/#author\"},\"publisher\":{\"@id\":\"https:\\\/\\\/candas365.es\\\/noticias\\\/#organization\"},\"image\":{\"@type\":\"ImageObject\",\"url\":\"https:\\\/\\\/candas365.es\\\/noticias\\\/wp-content\\\/uploads\\\/2026\\\/02\\\/Asturias-regula-la-formacion-sanitaria-especializada.jpg\",\"width\":1239,\"height\":816,\"caption\":\"Foto: Prensa Gobierno de Asturias\"},\"datePublished\":\"2026-02-10T00:28:12+01:00\",\"dateModified\":\"2026-02-10T00:28:12+01:00\",\"inLanguage\":\"es-ES\",\"mainEntityOfPage\":{\"@id\":\"https:\\\/\\\/candas365.es\\\/noticias\\\/asturias-regula-la-formacion-sanitaria-especializada\\\/#webpage\"},\"isPartOf\":{\"@id\":\"https:\\\/\\\/candas365.es\\\/noticias\\\/asturias-regula-la-formacion-sanitaria-especializada\\\/#webpage\"},\"articleSection\":\"Asturias, Asturias\",\"dateline\":\"Publicado el febrero 10, 2026.\"},{\"@type\":\"Organization\",\"@id\":\"https:\\\/\\\/candas365.es\\\/noticias\\\/#organization\",\"name\":\"Cand\\u00e1s 365\",\"description\":\"Cand\\u00e1s 365 es un diario digital independiente, fundado en 2012, con base en Asturias. Informamos con rigor sobre actualidad, sociedad, cultura y ocio, con una mirada local y global.\",\"url\":\"https:\\\/\\\/candas365.es\\\/noticias\\\/\",\"email\":\"info@candas365.es\",\"telephone\":\"+34652131393\",\"foundingDate\":\"2012-06-10\",\"logo\":{\"@type\":\"ImageObject\",\"url\":\"https:\\\/\\\/candas365.es\\\/noticias\\\/wp-content\\\/uploads\\\/2024\\\/09\\\/Candas-365-Redes.jpg\",\"@id\":\"https:\\\/\\\/candas365.es\\\/noticias\\\/asturias-regula-la-formacion-sanitaria-especializada\\\/#organizationLogo\",\"width\":1152,\"height\":864,\"caption\":\"Cand\\u00e1s 365 Redes\"},\"image\":{\"@id\":\"https:\\\/\\\/candas365.es\\\/noticias\\\/asturias-regula-la-formacion-sanitaria-especializada\\\/#organizationLogo\"},\"sameAs\":[\"https:\\\/\\\/www.facebook.com\\\/Nachofdezber\",\"https:\\\/\\\/x.com\\\/NabercoDigital\",\"https:\\\/\\\/www.instagram.com\\\/nachofdezber\\\/\",\"https:\\\/\\\/www.youtube.com\\\/channel\\\/UCZP-2wLEB9Rv6erhFmqVnvg\"],\"address\":{\"@id\":\"https:\\\/\\\/candas365.es\\\/noticias\\\/#postaladdress\",\"@type\":\"PostalAddress\",\"streetAddress\":\"san antonio 4, san antonio 4\",\"postalCode\":\"33430\",\"addressLocality\":\"Cand\\u00e1s\",\"addressRegion\":\"Asturias\",\"addressCountry\":\"ES\"}},{\"@type\":\"Person\",\"@id\":\"https:\\\/\\\/candas365.es\\\/noticias\\\/author\\\/admin\\\/#author\",\"url\":\"https:\\\/\\\/candas365.es\\\/noticias\\\/author\\\/admin\\\/\",\"name\":\"Cand\\u00e1s 365\",\"image\":{\"@type\":\"ImageObject\",\"@id\":\"https:\\\/\\\/candas365.es\\\/noticias\\\/asturias-regula-la-formacion-sanitaria-especializada\\\/#authorImage\",\"url\":\"https:\\\/\\\/secure.gravatar.com\\\/avatar\\\/496a8e03d0c493ede1718b7934145dbdf8d89be1036b0eec9544e1094c9de390?s=96&d=mm&r=g\",\"width\":96,\"height\":96,\"caption\":\"Cand\\u00e1s 365\"},\"sameAs\":[\"https:\\\/\\\/www.facebook.com\\\/carrenoactualidad\",\"https:\\\/\\\/twitter.com\\\/nbasturias\",\"https:\\\/\\\/www.instagram.com\\\/nachofdezber\\\/\",\"https:\\\/\\\/www.youtube.com\\\/channel\\\/UCZP-2wLEB9Rv6erhFmqVnvg\"]},{\"@type\":\"WebPage\",\"@id\":\"https:\\\/\\\/candas365.es\\\/noticias\\\/asturias-regula-la-formacion-sanitaria-especializada\\\/#webpage\",\"url\":\"https:\\\/\\\/candas365.es\\\/noticias\\\/asturias-regula-la-formacion-sanitaria-especializada\\\/\",\"name\":\"Asturias regula la formaci\\u00f3n sanitaria especializada | Cand\\u00e1s 365\",\"description\":\"El Gobierno del Principado de Asturias ha aprobado el decreto que regula la formaci\\u00f3n sanitaria especializada, una norma que introduce avances\",\"inLanguage\":\"es-ES\",\"isPartOf\":{\"@id\":\"https:\\\/\\\/candas365.es\\\/noticias\\\/#website\"},\"breadcrumb\":{\"@id\":\"https:\\\/\\\/candas365.es\\\/noticias\\\/asturias-regula-la-formacion-sanitaria-especializada\\\/#breadcrumblist\"},\"author\":{\"@id\":\"https:\\\/\\\/candas365.es\\\/noticias\\\/author\\\/admin\\\/#author\"},\"creator\":{\"@id\":\"https:\\\/\\\/candas365.es\\\/noticias\\\/author\\\/admin\\\/#author\"},\"image\":{\"@type\":\"ImageObject\",\"url\":\"https:\\\/\\\/candas365.es\\\/noticias\\\/wp-content\\\/uploads\\\/2026\\\/02\\\/Asturias-regula-la-formacion-sanitaria-especializada.jpg\",\"@id\":\"https:\\\/\\\/candas365.es\\\/noticias\\\/asturias-regula-la-formacion-sanitaria-especializada\\\/#mainImage\",\"width\":1239,\"height\":816,\"caption\":\"Foto: Prensa Gobierno de Asturias\"},\"primaryImageOfPage\":{\"@id\":\"https:\\\/\\\/candas365.es\\\/noticias\\\/asturias-regula-la-formacion-sanitaria-especializada\\\/#mainImage\"},\"datePublished\":\"2026-02-10T00:28:12+01:00\",\"dateModified\":\"2026-02-10T00:28:12+01:00\"},{\"@type\":\"WebSite\",\"@id\":\"https:\\\/\\\/candas365.es\\\/noticias\\\/#website\",\"url\":\"https:\\\/\\\/candas365.es\\\/noticias\\\/\",\"name\":\"Cand\\u00e1s 365\",\"alternateName\":\"Cand\\u00e1s 365 Noticias\",\"description\":\"Actualidad desde Carre\\u00f1o para el mundo\",\"inLanguage\":\"es-ES\",\"publisher\":{\"@id\":\"https:\\\/\\\/candas365.es\\\/noticias\\\/#organization\"}}]}\n\t\t<\/script>\n\t\t<!-- All in One SEO Pro -->\r\n\t\t<title>Asturias regula la formaci\u00f3n sanitaria especializada | Cand\u00e1s 365<\/title>\n\n","aioseo_head_json":{"title":"Asturias regula la formaci\u00f3n sanitaria especializada | Cand\u00e1s 365","description":"El Gobierno del Principado de Asturias ha aprobado el decreto que regula la formaci\u00f3n sanitaria especializada, una norma que introduce avances","canonical_url":"https:\/\/candas365.es\/noticias\/asturias-regula-la-formacion-sanitaria-especializada\/","robots":"max-image-preview:large","keywords":"asturias","webmasterTools":{"google-site-verification":"UA-32230408-1","msvalidate.01":"354F3CDFB2DA171B47FBE9ABF1F88D5","miscellaneous":""},"schema":{"@context":"https:\/\/schema.org","@graph":[{"@type":"BreadcrumbList","@id":"https:\/\/candas365.es\/noticias\/asturias-regula-la-formacion-sanitaria-especializada\/#breadcrumblist","itemListElement":[{"@type":"ListItem","@id":"https:\/\/candas365.es\/noticias#listItem","position":1,"name":"Home","item":"https:\/\/candas365.es\/noticias","nextItem":{"@type":"ListItem","@id":"https:\/\/candas365.es\/noticias\/category\/asturias\/#listItem","name":"Asturias"}},{"@type":"ListItem","@id":"https:\/\/candas365.es\/noticias\/category\/asturias\/#listItem","position":2,"name":"Asturias","item":"https:\/\/candas365.es\/noticias\/category\/asturias\/","nextItem":{"@type":"ListItem","@id":"https:\/\/candas365.es\/noticias\/asturias-regula-la-formacion-sanitaria-especializada\/#listItem","name":"Asturias regula la formaci\u00f3n sanitaria especializada"},"previousItem":{"@type":"ListItem","@id":"https:\/\/candas365.es\/noticias#listItem","name":"Home"}},{"@type":"ListItem","@id":"https:\/\/candas365.es\/noticias\/asturias-regula-la-formacion-sanitaria-especializada\/#listItem","position":3,"name":"Asturias regula la formaci\u00f3n sanitaria especializada","previousItem":{"@type":"ListItem","@id":"https:\/\/candas365.es\/noticias\/category\/asturias\/#listItem","name":"Asturias"}}]},{"@type":"NewsArticle","@id":"https:\/\/candas365.es\/noticias\/asturias-regula-la-formacion-sanitaria-especializada\/#newsarticle","name":"Asturias regula la formaci\u00f3n sanitaria especializada | Cand\u00e1s 365","headline":"Asturias regula la formaci\u00f3n sanitaria especializada","author":{"@id":"https:\/\/candas365.es\/noticias\/author\/admin\/#author"},"publisher":{"@id":"https:\/\/candas365.es\/noticias\/#organization"},"image":{"@type":"ImageObject","url":"https:\/\/candas365.es\/noticias\/wp-content\/uploads\/2026\/02\/Asturias-regula-la-formacion-sanitaria-especializada.jpg","width":1239,"height":816,"caption":"Foto: Prensa Gobierno de Asturias"},"datePublished":"2026-02-10T00:28:12+01:00","dateModified":"2026-02-10T00:28:12+01:00","inLanguage":"es-ES","mainEntityOfPage":{"@id":"https:\/\/candas365.es\/noticias\/asturias-regula-la-formacion-sanitaria-especializada\/#webpage"},"isPartOf":{"@id":"https:\/\/candas365.es\/noticias\/asturias-regula-la-formacion-sanitaria-especializada\/#webpage"},"articleSection":"Asturias, Asturias","dateline":"Publicado el febrero 10, 2026."},{"@type":"Organization","@id":"https:\/\/candas365.es\/noticias\/#organization","name":"Cand\u00e1s 365","description":"Cand\u00e1s 365 es un diario digital independiente, fundado en 2012, con base en Asturias. Informamos con rigor sobre actualidad, sociedad, cultura y ocio, con una mirada local y global.","url":"https:\/\/candas365.es\/noticias\/","email":"info@candas365.es","telephone":"+34652131393","foundingDate":"2012-06-10","logo":{"@type":"ImageObject","url":"https:\/\/candas365.es\/noticias\/wp-content\/uploads\/2024\/09\/Candas-365-Redes.jpg","@id":"https:\/\/candas365.es\/noticias\/asturias-regula-la-formacion-sanitaria-especializada\/#organizationLogo","width":1152,"height":864,"caption":"Cand\u00e1s 365 Redes"},"image":{"@id":"https:\/\/candas365.es\/noticias\/asturias-regula-la-formacion-sanitaria-especializada\/#organizationLogo"},"sameAs":["https:\/\/www.facebook.com\/Nachofdezber","https:\/\/x.com\/NabercoDigital","https:\/\/www.instagram.com\/nachofdezber\/","https:\/\/www.youtube.com\/channel\/UCZP-2wLEB9Rv6erhFmqVnvg"],"address":{"@id":"https:\/\/candas365.es\/noticias\/#postaladdress","@type":"PostalAddress","streetAddress":"san antonio 4, san antonio 4","postalCode":"33430","addressLocality":"Cand\u00e1s","addressRegion":"Asturias","addressCountry":"ES"}},{"@type":"Person","@id":"https:\/\/candas365.es\/noticias\/author\/admin\/#author","url":"https:\/\/candas365.es\/noticias\/author\/admin\/","name":"Cand\u00e1s 365","image":{"@type":"ImageObject","@id":"https:\/\/candas365.es\/noticias\/asturias-regula-la-formacion-sanitaria-especializada\/#authorImage","url":"https:\/\/secure.gravatar.com\/avatar\/496a8e03d0c493ede1718b7934145dbdf8d89be1036b0eec9544e1094c9de390?s=96&d=mm&r=g","width":96,"height":96,"caption":"Cand\u00e1s 365"},"sameAs":["https:\/\/www.facebook.com\/carrenoactualidad","https:\/\/twitter.com\/nbasturias","https:\/\/www.instagram.com\/nachofdezber\/","https:\/\/www.youtube.com\/channel\/UCZP-2wLEB9Rv6erhFmqVnvg"]},{"@type":"WebPage","@id":"https:\/\/candas365.es\/noticias\/asturias-regula-la-formacion-sanitaria-especializada\/#webpage","url":"https:\/\/candas365.es\/noticias\/asturias-regula-la-formacion-sanitaria-especializada\/","name":"Asturias regula la formaci\u00f3n sanitaria especializada | Cand\u00e1s 365","description":"El Gobierno del Principado de Asturias ha aprobado el decreto que regula la formaci\u00f3n sanitaria especializada, una norma que introduce avances","inLanguage":"es-ES","isPartOf":{"@id":"https:\/\/candas365.es\/noticias\/#website"},"breadcrumb":{"@id":"https:\/\/candas365.es\/noticias\/asturias-regula-la-formacion-sanitaria-especializada\/#breadcrumblist"},"author":{"@id":"https:\/\/candas365.es\/noticias\/author\/admin\/#author"},"creator":{"@id":"https:\/\/candas365.es\/noticias\/author\/admin\/#author"},"image":{"@type":"ImageObject","url":"https:\/\/candas365.es\/noticias\/wp-content\/uploads\/2026\/02\/Asturias-regula-la-formacion-sanitaria-especializada.jpg","@id":"https:\/\/candas365.es\/noticias\/asturias-regula-la-formacion-sanitaria-especializada\/#mainImage","width":1239,"height":816,"caption":"Foto: Prensa Gobierno de Asturias"},"primaryImageOfPage":{"@id":"https:\/\/candas365.es\/noticias\/asturias-regula-la-formacion-sanitaria-especializada\/#mainImage"},"datePublished":"2026-02-10T00:28:12+01:00","dateModified":"2026-02-10T00:28:12+01:00"},{"@type":"WebSite","@id":"https:\/\/candas365.es\/noticias\/#website","url":"https:\/\/candas365.es\/noticias\/","name":"Cand\u00e1s 365","alternateName":"Cand\u00e1s 365 Noticias","description":"Actualidad desde Carre\u00f1o para el mundo","inLanguage":"es-ES","publisher":{"@id":"https:\/\/candas365.es\/noticias\/#organization"}}]},"og:locale":"es_ES","og:site_name":"Cand\u00e1s 365","og:type":"article","og:title":"Asturias regula la formaci\u00f3n sanitaria especializada | Cand\u00e1s 365","og:description":"El Gobierno del Principado de Asturias ha aprobado el decreto que regula la formaci\u00f3n sanitaria especializada, una norma que introduce avances","og:url":"https:\/\/candas365.es\/noticias\/asturias-regula-la-formacion-sanitaria-especializada\/","og:image":"https:\/\/candas365.es\/noticias\/wp-content\/uploads\/2026\/02\/Asturias-regula-la-formacion-sanitaria-especializada.jpg","og:image:secure_url":"https:\/\/candas365.es\/noticias\/wp-content\/uploads\/2026\/02\/Asturias-regula-la-formacion-sanitaria-especializada.jpg","og:image:width":1239,"og:image:height":816,"article:published_time":"2026-02-09T23:28:12+00:00","article:modified_time":"2026-02-09T23:28:12+00:00","article:publisher":"https:\/\/www.facebook.com\/Nachofdezber","article:author":"https:\/\/www.facebook.com\/carrenoactualidad","twitter:card":"summary_large_image","twitter:site":"@NabercoDigital","twitter:title":"Asturias regula la formaci\u00f3n sanitaria especializada | Cand\u00e1s 365","twitter:description":"El Gobierno del Principado de Asturias ha aprobado el decreto que regula la formaci\u00f3n sanitaria especializada, una norma que introduce avances","twitter:creator":"@nbasturias","twitter:image":"https:\/\/candas365.es\/noticias\/wp-content\/uploads\/2026\/02\/Asturias-regula-la-formacion-sanitaria-especializada.jpg","twitter:label1":"Escrito por","twitter:data1":"Cand\u00e1s 365","twitter:label2":"Tiempo de lectura estimado","twitter:data2":"1 minuto"},"aioseo_meta_data":{"post_id":"191924","title":null,"description":"El Gobierno del Principado de Asturias ha aprobado el decreto que regula la formaci\u00f3n sanitaria especializada, una norma que introduce avances","keywords":null,"keyphrases":{"focus":{"keyphrase":"Asturias","score":91,"analysis":{"keyphraseInTitle":{"score":9,"maxScore":9,"error":0},"keyphraseInDescription":{"score":9,"maxScore":9,"error":0},"keyphraseLength":{"score":9,"maxScore":9,"error":0,"length":1},"keyphraseInURL":{"score":5,"maxScore":5,"error":0},"keyphraseInIntroduction":{"score":9,"maxScore":9,"error":0},"keyphraseInSubHeadings":{"score":3,"maxScore":9,"error":1},"keyphraseInImageAlt":{"score":9,"maxScore":9,"error":0},"keywordDensity":{"type":"best","score":9,"maxScore":9,"error":0}}},"additional":[{"keyphrase":"formaci\u00f3n sanitaria","score":100,"analysis":{"keyphraseInDescription":{"score":9,"maxScore":9,"error":0},"keyphraseLength":{"score":9,"maxScore":9,"error":0,"length":3},"keyphraseInIntroduction":{"score":9,"maxScore":9,"error":0},"keyphraseInImageAlt":{"score":9,"maxScore":9,"error":0},"keywordDensity":{"type":"best","score":9,"maxScore":9,"error":0}}}]},"primary_term":null,"canonical_url":null,"og_title":null,"og_description":null,"og_object_type":"default","og_image_type":"default","og_image_url":null,"og_image_width":null,"og_image_height":null,"og_image_custom_url":null,"og_image_custom_fields":null,"og_video":"","og_custom_url":null,"og_article_section":null,"og_article_tags":null,"twitter_use_og":false,"twitter_card":"default","twitter_image_type":"default","twitter_image_url":null,"twitter_image_custom_url":null,"twitter_image_custom_fields":null,"twitter_title":null,"twitter_description":null,"schema":{"blockGraphs":[],"customGraphs":[],"default":{"data":{"Article":[],"Course":[],"Dataset":[],"FAQPage":[],"Movie":[],"Person":[],"Product":[],"ProductReview":[],"Car":[],"Recipe":[],"Service":[],"SoftwareApplication":[],"WebPage":[]},"graphName":"Article","isEnabled":true},"graphs":[]},"schema_type":"default","schema_type_options":null,"pillar_content":false,"robots_default":true,"robots_noindex":false,"robots_noarchive":false,"robots_nosnippet":false,"robots_nofollow":false,"robots_noimageindex":false,"robots_noodp":false,"robots_notranslate":false,"robots_max_snippet":"-1","robots_max_videopreview":"-1","robots_max_imagepreview":"large","priority":null,"frequency":"default","location":null,"local_seo":null,"seo_analyzer_scan_date":"2026-02-09 23:37:19","breadcrumb_settings":null,"limit_modified_date":false,"reviewed_by":null,"open_ai":null,"ai":{"faqs":[],"keyPoints":[],"titles":[],"descriptions":[],"socialPosts":{"email":[],"linkedin":[],"twitter":[],"facebook":[],"instagram":[]}},"created":"2026-02-09 23:23:22","updated":"2026-02-09 23:37:19"},"aioseo_breadcrumb":"<div class=\"aioseo-breadcrumbs\"><span class=\"aioseo-breadcrumb\">\n\t<a href=\"https:\/\/candas365.es\/noticias\" title=\"Home\">Home<\/a>\n<\/span><span class=\"aioseo-breadcrumb-separator\">&ndash;<\/span><span class=\"aioseo-breadcrumb\">\n\t<a href=\"https:\/\/candas365.es\/noticias\/category\/asturias\/\" title=\"Asturias\">Asturias<\/a>\n<\/span><span class=\"aioseo-breadcrumb-separator\">&ndash;<\/span><span class=\"aioseo-breadcrumb\">\n\tAsturias regula la formaci\u00f3n sanitaria especializada\n<\/span><\/div>","aioseo_breadcrumb_json":[{"label":"Home","link":"https:\/\/candas365.es\/noticias"},{"label":"Asturias","link":"https:\/\/candas365.es\/noticias\/category\/asturias\/"},{"label":"Asturias regula la formaci\u00f3n sanitaria especializada","link":"https:\/\/candas365.es\/noticias\/asturias-regula-la-formacion-sanitaria-especializada\/"}],"_links":{"self":[{"href":"https:\/\/candas365.es\/noticias\/wp-json\/wp\/v2\/posts\/191924","targetHints":{"allow":["GET"]}}],"collection":[{"href":"https:\/\/candas365.es\/noticias\/wp-json\/wp\/v2\/posts"}],"about":[{"href":"https:\/\/candas365.es\/noticias\/wp-json\/wp\/v2\/types\/post"}],"author":[{"embeddable":true,"href":"https:\/\/candas365.es\/noticias\/wp-json\/wp\/v2\/users\/1"}],"replies":[{"embeddable":true,"href":"https:\/\/candas365.es\/noticias\/wp-json\/wp\/v2\/comments?post=191924"}],"version-history":[{"count":0,"href":"https:\/\/candas365.es\/noticias\/wp-json\/wp\/v2\/posts\/191924\/revisions"}],"wp:featuredmedia":[{"embeddable":true,"href":"https:\/\/candas365.es\/noticias\/wp-json\/wp\/v2\/media\/191925"}],"wp:attachment":[{"href":"https:\/\/candas365.es\/noticias\/wp-json\/wp\/v2\/media?parent=191924"}],"wp:term":[{"taxonomy":"category","embeddable":true,"href":"https:\/\/candas365.es\/noticias\/wp-json\/wp\/v2\/categories?post=191924"},{"taxonomy":"post_tag","embeddable":true,"href":"https:\/\/candas365.es\/noticias\/wp-json\/wp\/v2\/tags?post=191924"}],"curies":[{"name":"wp","href":"https:\/\/api.w.org\/{rel}","templated":true}]}}