{"id":191918,"date":"2026-02-10T00:12:20","date_gmt":"2026-02-09T23:12:20","guid":{"rendered":"https:\/\/candas365.es\/noticias\/?p=191918"},"modified":"2026-02-10T00:12:20","modified_gmt":"2026-02-09T23:12:20","slug":"el-principado-mejorara-el-cruce-de-villanueva","status":"publish","type":"post","link":"https:\/\/candas365.es\/noticias\/el-principado-mejorara-el-cruce-de-villanueva\/","title":{"rendered":"El Principado mejorar\u00e1 el cruce de Villanueva"},"content":{"rendered":"<p>El <a href=\"https:\/\/actualidad.asturias.es\/\" target=\"_blank\" rel=\"noopener\"><span style=\"color: #ff6600;\"><strong>Gobierno del Principado<\/strong><\/span><\/a> de Asturias invertir\u00e1 874.776 euros en la <strong>mejora del cruce de incorporaci\u00f3n desde Villanueva a la carretera AS-228 (Trubia\u2013Puerto Ventana), en el concejo de <a href=\"https:\/\/candas365.es\/noticias\/category\/asturias\/\"><span style=\"color: #ff6600;\">Santo Adriano<\/span><\/a><\/strong>.<\/p>\n<figure id=\"attachment_191919\" aria-describedby=\"caption-attachment-191919\" style=\"width: 650px\" class=\"wp-caption aligncenter\"><img fetchpriority=\"high\" decoding=\"async\" class=\"size-large wp-image-191919\" src=\"https:\/\/candas365.es\/noticias\/wp-content\/uploads\/2026\/02\/El-Principado-mejorara-el-cruce-de-Villanueva-650x447.jpg\" alt=\"El Principado mejorar\u00e1 el cruce de Villanueva\" width=\"650\" height=\"447\" srcset=\"https:\/\/candas365.es\/noticias\/wp-content\/uploads\/2026\/02\/El-Principado-mejorara-el-cruce-de-Villanueva-650x447.jpg 650w, https:\/\/candas365.es\/noticias\/wp-content\/uploads\/2026\/02\/El-Principado-mejorara-el-cruce-de-Villanueva-360x248.jpg 360w, https:\/\/candas365.es\/noticias\/wp-content\/uploads\/2026\/02\/El-Principado-mejorara-el-cruce-de-Villanueva-768x529.jpg 768w, https:\/\/candas365.es\/noticias\/wp-content\/uploads\/2026\/02\/El-Principado-mejorara-el-cruce-de-Villanueva-150x103.jpg 150w, https:\/\/candas365.es\/noticias\/wp-content\/uploads\/2026\/02\/El-Principado-mejorara-el-cruce-de-Villanueva-450x310.jpg 450w, https:\/\/candas365.es\/noticias\/wp-content\/uploads\/2026\/02\/El-Principado-mejorara-el-cruce-de-Villanueva-1200x826.jpg 1200w, https:\/\/candas365.es\/noticias\/wp-content\/uploads\/2026\/02\/El-Principado-mejorara-el-cruce-de-Villanueva.jpg 1209w\" sizes=\"(max-width: 650px) 100vw, 650px\" \/><figcaption id=\"caption-attachment-191919\" class=\"wp-caption-text\">Foto: Prensa Gobierno de Asturias<\/figcaption><\/figure>\n<p>El proyecto, que tiene como objetivo reforzar la seguridad vial en este punto, se present\u00f3 durante una reuni\u00f3n entre el consejero de Movilidad, Medio Ambiente y Gesti\u00f3n de Emergencias, Alejandro Calvo, y la alcaldesa del municipio, Elvira Men\u00e9ndez. La previsi\u00f3n es que las obras puedan licitarse a lo largo de este a\u00f1o.<\/p>\n<p>La actuaci\u00f3n contempla un nuevo dise\u00f1o de la rotonda, que permitir\u00e1 moderar la velocidad de circulaci\u00f3n y mejorar de forma notable la seguridad en una intersecci\u00f3n considerada especialmente conflictiva por su escasa visibilidad y el tr\u00e1nsito habitual de veh\u00edculos pesados.<\/p>\n<h2>Obras en el camino de Sabad\u00eda<\/h2>\n<p><strong>Durante el encuentro tambi\u00e9n se analiz\u00f3 el inicio de las obras del camino de Sabad\u00eda, una intervenci\u00f3n ya adjudicada que cuenta con un presupuesto de 84.451 euros<\/strong>. Los trabajos comenzar\u00e1n la pr\u00f3xima semana con una limpieza general del vial y continuar\u00e1n con la regularizaci\u00f3n de la plataforma, la mejora del sistema de drenaje, el asfaltado y la renovaci\u00f3n de los elementos de seguridad.<\/p>\n<p>Esta actuaci\u00f3n se enmarca en el programa de obras que el Gobierno de Asturias desarrolla en colaboraci\u00f3n con los concejos de menos de 20.000 habitantes, con el objetivo de mantener y mejorar las infraestructuras municipales.<\/p>\n","protected":false},"excerpt":{"rendered":"<p>El Gobierno del Principado de Asturias invertir\u00e1 874.776 euros en la mejora del cruce de incorporaci\u00f3n desde Villanueva a la carretera AS-228 (Trubia\u2013Puerto Ventana), en el concejo de Santo Adriano. El proyecto, que tiene como objetivo reforzar la seguridad vial en este punto, se present\u00f3 durante una reuni\u00f3n entre el consejero de Movilidad, Medio Ambiente<\/p>\n","protected":false},"author":1,"featured_media":191919,"comment_status":"closed","ping_status":"closed","sticky":false,"template":"","format":"standard","meta":{"footnotes":""},"categories":[7],"tags":[380],"class_list":{"0":"post-191918","1":"post","2":"type-post","3":"status-publish","4":"format-standard","5":"has-post-thumbnail","7":"category-asturias","8":"tag-asturias"},"aioseo_notices":[],"aioseo_head":"\n\t\t<!-- All in One SEO Pro 4.9.6.2 - aioseo.com -->\n\t<meta name=\"description\" content=\"El Gobierno del Principado de Asturias invertir\u00e1 874.776 euros en la mejora del cruce de incorporaci\u00f3n desde Villanueva a la carretera AS-228\" \/>\n\t<meta name=\"robots\" content=\"max-image-preview:large\" \/>\n\t<meta name=\"author\" content=\"Cand\u00e1s 365\"\/>\n\t<meta name=\"google-site-verification\" content=\"UA-32230408-1\" \/>\n\t<meta name=\"msvalidate.01\" content=\"354F3CDFB2DA171B47FBE9ABF1F88D5\" \/>\n\t<meta name=\"keywords\" content=\"asturias\" \/>\n\t<link rel=\"canonical\" href=\"https:\/\/candas365.es\/noticias\/el-principado-mejorara-el-cruce-de-villanueva\/\" \/>\n\t<meta name=\"generator\" content=\"All in One SEO Pro (AIOSEO) 4.9.6.2\" \/>\n\t\t<meta property=\"og:locale\" content=\"es_ES\" \/>\n\t\t<meta property=\"og:site_name\" content=\"Cand\u00e1s 365\" \/>\n\t\t<meta property=\"og:type\" content=\"article\" \/>\n\t\t<meta property=\"og:title\" content=\"El Principado mejorar\u00e1 el cruce de Villanueva | Cand\u00e1s 365\" \/>\n\t\t<meta property=\"og:description\" content=\"El Gobierno del Principado de Asturias invertir\u00e1 874.776 euros en la mejora del cruce de incorporaci\u00f3n desde Villanueva a la carretera AS-228\" \/>\n\t\t<meta property=\"og:url\" content=\"https:\/\/candas365.es\/noticias\/el-principado-mejorara-el-cruce-de-villanueva\/\" \/>\n\t\t<meta property=\"og:image\" content=\"https:\/\/candas365.es\/noticias\/wp-content\/uploads\/2026\/02\/El-Principado-mejorara-el-cruce-de-Villanueva.jpg\" \/>\n\t\t<meta property=\"og:image:secure_url\" content=\"https:\/\/candas365.es\/noticias\/wp-content\/uploads\/2026\/02\/El-Principado-mejorara-el-cruce-de-Villanueva.jpg\" \/>\n\t\t<meta property=\"og:image:width\" content=\"1209\" \/>\n\t\t<meta property=\"og:image:height\" content=\"832\" \/>\n\t\t<meta property=\"article:published_time\" content=\"2026-02-09T23:12:20+00:00\" \/>\n\t\t<meta property=\"article:modified_time\" content=\"2026-02-09T23:12:20+00:00\" \/>\n\t\t<meta property=\"article:publisher\" content=\"https:\/\/www.facebook.com\/Nachofdezber\" \/>\n\t\t<meta property=\"article:author\" content=\"https:\/\/www.facebook.com\/carrenoactualidad\" \/>\n\t\t<meta name=\"twitter:card\" content=\"summary_large_image\" \/>\n\t\t<meta name=\"twitter:site\" content=\"@NabercoDigital\" \/>\n\t\t<meta name=\"twitter:title\" content=\"El Principado mejorar\u00e1 el cruce de Villanueva | Cand\u00e1s 365\" \/>\n\t\t<meta name=\"twitter:description\" content=\"El Gobierno del Principado de Asturias invertir\u00e1 874.776 euros en la mejora del cruce de incorporaci\u00f3n desde Villanueva a la carretera AS-228\" \/>\n\t\t<meta name=\"twitter:creator\" content=\"@nbasturias\" \/>\n\t\t<meta name=\"twitter:image\" content=\"https:\/\/candas365.es\/noticias\/wp-content\/uploads\/2026\/02\/El-Principado-mejorara-el-cruce-de-Villanueva.jpg\" \/>\n\t\t<meta name=\"twitter:label1\" content=\"Escrito por\" \/>\n\t\t<meta name=\"twitter:data1\" content=\"Cand\u00e1s 365\" \/>\n\t\t<meta name=\"twitter:label2\" content=\"Tiempo de lectura estimado\" \/>\n\t\t<meta name=\"twitter:data2\" content=\"1 minuto\" \/>\n\t\t<script type=\"application\/ld+json\" class=\"aioseo-schema\">\n\t\t\t{\"@context\":\"https:\\\/\\\/schema.org\",\"@graph\":[{\"@type\":\"BreadcrumbList\",\"@id\":\"https:\\\/\\\/candas365.es\\\/noticias\\\/el-principado-mejorara-el-cruce-de-villanueva\\\/#breadcrumblist\",\"itemListElement\":[{\"@type\":\"ListItem\",\"@id\":\"https:\\\/\\\/candas365.es\\\/noticias#listItem\",\"position\":1,\"name\":\"Home\",\"item\":\"https:\\\/\\\/candas365.es\\\/noticias\",\"nextItem\":{\"@type\":\"ListItem\",\"@id\":\"https:\\\/\\\/candas365.es\\\/noticias\\\/category\\\/asturias\\\/#listItem\",\"name\":\"Asturias\"}},{\"@type\":\"ListItem\",\"@id\":\"https:\\\/\\\/candas365.es\\\/noticias\\\/category\\\/asturias\\\/#listItem\",\"position\":2,\"name\":\"Asturias\",\"item\":\"https:\\\/\\\/candas365.es\\\/noticias\\\/category\\\/asturias\\\/\",\"nextItem\":{\"@type\":\"ListItem\",\"@id\":\"https:\\\/\\\/candas365.es\\\/noticias\\\/el-principado-mejorara-el-cruce-de-villanueva\\\/#listItem\",\"name\":\"El Principado mejorar\\u00e1 el cruce de Villanueva\"},\"previousItem\":{\"@type\":\"ListItem\",\"@id\":\"https:\\\/\\\/candas365.es\\\/noticias#listItem\",\"name\":\"Home\"}},{\"@type\":\"ListItem\",\"@id\":\"https:\\\/\\\/candas365.es\\\/noticias\\\/el-principado-mejorara-el-cruce-de-villanueva\\\/#listItem\",\"position\":3,\"name\":\"El Principado mejorar\\u00e1 el cruce de Villanueva\",\"previousItem\":{\"@type\":\"ListItem\",\"@id\":\"https:\\\/\\\/candas365.es\\\/noticias\\\/category\\\/asturias\\\/#listItem\",\"name\":\"Asturias\"}}]},{\"@type\":\"NewsArticle\",\"@id\":\"https:\\\/\\\/candas365.es\\\/noticias\\\/el-principado-mejorara-el-cruce-de-villanueva\\\/#newsarticle\",\"name\":\"El Principado mejorar\\u00e1 el cruce de Villanueva | Cand\\u00e1s 365\",\"headline\":\"El Principado mejorar\\u00e1 el cruce de Villanueva\",\"author\":{\"@id\":\"https:\\\/\\\/candas365.es\\\/noticias\\\/author\\\/admin\\\/#author\"},\"publisher\":{\"@id\":\"https:\\\/\\\/candas365.es\\\/noticias\\\/#organization\"},\"image\":{\"@type\":\"ImageObject\",\"url\":\"https:\\\/\\\/candas365.es\\\/noticias\\\/wp-content\\\/uploads\\\/2026\\\/02\\\/El-Principado-mejorara-el-cruce-de-Villanueva.jpg\",\"width\":1209,\"height\":832,\"caption\":\"Foto: Prensa Gobierno de Asturias\"},\"datePublished\":\"2026-02-10T00:12:20+01:00\",\"dateModified\":\"2026-02-10T00:12:20+01:00\",\"inLanguage\":\"es-ES\",\"mainEntityOfPage\":{\"@id\":\"https:\\\/\\\/candas365.es\\\/noticias\\\/el-principado-mejorara-el-cruce-de-villanueva\\\/#webpage\"},\"isPartOf\":{\"@id\":\"https:\\\/\\\/candas365.es\\\/noticias\\\/el-principado-mejorara-el-cruce-de-villanueva\\\/#webpage\"},\"articleSection\":\"Asturias, Asturias\",\"dateline\":\"Publicado el febrero 10, 2026.\"},{\"@type\":\"Organization\",\"@id\":\"https:\\\/\\\/candas365.es\\\/noticias\\\/#organization\",\"name\":\"Cand\\u00e1s 365\",\"description\":\"Cand\\u00e1s 365 es un diario digital independiente, fundado en 2012, con base en Asturias. Informamos con rigor sobre actualidad, sociedad, cultura y ocio, con una mirada local y global.\",\"url\":\"https:\\\/\\\/candas365.es\\\/noticias\\\/\",\"email\":\"info@candas365.es\",\"telephone\":\"+34652131393\",\"foundingDate\":\"2012-06-10\",\"logo\":{\"@type\":\"ImageObject\",\"url\":\"https:\\\/\\\/candas365.es\\\/noticias\\\/wp-content\\\/uploads\\\/2024\\\/09\\\/Candas-365-Redes.jpg\",\"@id\":\"https:\\\/\\\/candas365.es\\\/noticias\\\/el-principado-mejorara-el-cruce-de-villanueva\\\/#organizationLogo\",\"width\":1152,\"height\":864,\"caption\":\"Cand\\u00e1s 365 Redes\"},\"image\":{\"@id\":\"https:\\\/\\\/candas365.es\\\/noticias\\\/el-principado-mejorara-el-cruce-de-villanueva\\\/#organizationLogo\"},\"sameAs\":[\"https:\\\/\\\/www.facebook.com\\\/Nachofdezber\",\"https:\\\/\\\/x.com\\\/NabercoDigital\",\"https:\\\/\\\/www.instagram.com\\\/nachofdezber\\\/\",\"https:\\\/\\\/www.youtube.com\\\/channel\\\/UCZP-2wLEB9Rv6erhFmqVnvg\"],\"address\":{\"@id\":\"https:\\\/\\\/candas365.es\\\/noticias\\\/#postaladdress\",\"@type\":\"PostalAddress\",\"streetAddress\":\"san antonio 4, san antonio 4\",\"postalCode\":\"33430\",\"addressLocality\":\"Cand\\u00e1s\",\"addressRegion\":\"Asturias\",\"addressCountry\":\"ES\"}},{\"@type\":\"Person\",\"@id\":\"https:\\\/\\\/candas365.es\\\/noticias\\\/author\\\/admin\\\/#author\",\"url\":\"https:\\\/\\\/candas365.es\\\/noticias\\\/author\\\/admin\\\/\",\"name\":\"Cand\\u00e1s 365\",\"image\":{\"@type\":\"ImageObject\",\"@id\":\"https:\\\/\\\/candas365.es\\\/noticias\\\/el-principado-mejorara-el-cruce-de-villanueva\\\/#authorImage\",\"url\":\"https:\\\/\\\/secure.gravatar.com\\\/avatar\\\/496a8e03d0c493ede1718b7934145dbdf8d89be1036b0eec9544e1094c9de390?s=96&d=mm&r=g\",\"width\":96,\"height\":96,\"caption\":\"Cand\\u00e1s 365\"},\"sameAs\":[\"https:\\\/\\\/www.facebook.com\\\/carrenoactualidad\",\"https:\\\/\\\/twitter.com\\\/nbasturias\",\"https:\\\/\\\/www.instagram.com\\\/nachofdezber\\\/\",\"https:\\\/\\\/www.youtube.com\\\/channel\\\/UCZP-2wLEB9Rv6erhFmqVnvg\"]},{\"@type\":\"WebPage\",\"@id\":\"https:\\\/\\\/candas365.es\\\/noticias\\\/el-principado-mejorara-el-cruce-de-villanueva\\\/#webpage\",\"url\":\"https:\\\/\\\/candas365.es\\\/noticias\\\/el-principado-mejorara-el-cruce-de-villanueva\\\/\",\"name\":\"El Principado mejorar\\u00e1 el cruce de Villanueva | Cand\\u00e1s 365\",\"description\":\"El Gobierno del Principado de Asturias invertir\\u00e1 874.776 euros en la mejora del cruce de incorporaci\\u00f3n desde Villanueva a la carretera AS-228\",\"inLanguage\":\"es-ES\",\"isPartOf\":{\"@id\":\"https:\\\/\\\/candas365.es\\\/noticias\\\/#website\"},\"breadcrumb\":{\"@id\":\"https:\\\/\\\/candas365.es\\\/noticias\\\/el-principado-mejorara-el-cruce-de-villanueva\\\/#breadcrumblist\"},\"author\":{\"@id\":\"https:\\\/\\\/candas365.es\\\/noticias\\\/author\\\/admin\\\/#author\"},\"creator\":{\"@id\":\"https:\\\/\\\/candas365.es\\\/noticias\\\/author\\\/admin\\\/#author\"},\"image\":{\"@type\":\"ImageObject\",\"url\":\"https:\\\/\\\/candas365.es\\\/noticias\\\/wp-content\\\/uploads\\\/2026\\\/02\\\/El-Principado-mejorara-el-cruce-de-Villanueva.jpg\",\"@id\":\"https:\\\/\\\/candas365.es\\\/noticias\\\/el-principado-mejorara-el-cruce-de-villanueva\\\/#mainImage\",\"width\":1209,\"height\":832,\"caption\":\"Foto: Prensa Gobierno de Asturias\"},\"primaryImageOfPage\":{\"@id\":\"https:\\\/\\\/candas365.es\\\/noticias\\\/el-principado-mejorara-el-cruce-de-villanueva\\\/#mainImage\"},\"datePublished\":\"2026-02-10T00:12:20+01:00\",\"dateModified\":\"2026-02-10T00:12:20+01:00\"},{\"@type\":\"WebSite\",\"@id\":\"https:\\\/\\\/candas365.es\\\/noticias\\\/#website\",\"url\":\"https:\\\/\\\/candas365.es\\\/noticias\\\/\",\"name\":\"Cand\\u00e1s 365\",\"alternateName\":\"Cand\\u00e1s 365 Noticias\",\"description\":\"Actualidad desde Carre\\u00f1o para el mundo\",\"inLanguage\":\"es-ES\",\"publisher\":{\"@id\":\"https:\\\/\\\/candas365.es\\\/noticias\\\/#organization\"}}]}\n\t\t<\/script>\n\t\t<!-- All in One SEO Pro -->\r\n\t\t<title>El Principado mejorar\u00e1 el cruce de Villanueva | Cand\u00e1s 365<\/title>\n\n","aioseo_head_json":{"title":"El Principado mejorar\u00e1 el cruce de Villanueva | Cand\u00e1s 365","description":"El Gobierno del Principado de Asturias invertir\u00e1 874.776 euros en la mejora del cruce de incorporaci\u00f3n desde Villanueva a la carretera AS-228","canonical_url":"https:\/\/candas365.es\/noticias\/el-principado-mejorara-el-cruce-de-villanueva\/","robots":"max-image-preview:large","keywords":"asturias","webmasterTools":{"google-site-verification":"UA-32230408-1","msvalidate.01":"354F3CDFB2DA171B47FBE9ABF1F88D5","miscellaneous":""},"schema":{"@context":"https:\/\/schema.org","@graph":[{"@type":"BreadcrumbList","@id":"https:\/\/candas365.es\/noticias\/el-principado-mejorara-el-cruce-de-villanueva\/#breadcrumblist","itemListElement":[{"@type":"ListItem","@id":"https:\/\/candas365.es\/noticias#listItem","position":1,"name":"Home","item":"https:\/\/candas365.es\/noticias","nextItem":{"@type":"ListItem","@id":"https:\/\/candas365.es\/noticias\/category\/asturias\/#listItem","name":"Asturias"}},{"@type":"ListItem","@id":"https:\/\/candas365.es\/noticias\/category\/asturias\/#listItem","position":2,"name":"Asturias","item":"https:\/\/candas365.es\/noticias\/category\/asturias\/","nextItem":{"@type":"ListItem","@id":"https:\/\/candas365.es\/noticias\/el-principado-mejorara-el-cruce-de-villanueva\/#listItem","name":"El Principado mejorar\u00e1 el cruce de Villanueva"},"previousItem":{"@type":"ListItem","@id":"https:\/\/candas365.es\/noticias#listItem","name":"Home"}},{"@type":"ListItem","@id":"https:\/\/candas365.es\/noticias\/el-principado-mejorara-el-cruce-de-villanueva\/#listItem","position":3,"name":"El Principado mejorar\u00e1 el cruce de Villanueva","previousItem":{"@type":"ListItem","@id":"https:\/\/candas365.es\/noticias\/category\/asturias\/#listItem","name":"Asturias"}}]},{"@type":"NewsArticle","@id":"https:\/\/candas365.es\/noticias\/el-principado-mejorara-el-cruce-de-villanueva\/#newsarticle","name":"El Principado mejorar\u00e1 el cruce de Villanueva | Cand\u00e1s 365","headline":"El Principado mejorar\u00e1 el cruce de Villanueva","author":{"@id":"https:\/\/candas365.es\/noticias\/author\/admin\/#author"},"publisher":{"@id":"https:\/\/candas365.es\/noticias\/#organization"},"image":{"@type":"ImageObject","url":"https:\/\/candas365.es\/noticias\/wp-content\/uploads\/2026\/02\/El-Principado-mejorara-el-cruce-de-Villanueva.jpg","width":1209,"height":832,"caption":"Foto: Prensa Gobierno de Asturias"},"datePublished":"2026-02-10T00:12:20+01:00","dateModified":"2026-02-10T00:12:20+01:00","inLanguage":"es-ES","mainEntityOfPage":{"@id":"https:\/\/candas365.es\/noticias\/el-principado-mejorara-el-cruce-de-villanueva\/#webpage"},"isPartOf":{"@id":"https:\/\/candas365.es\/noticias\/el-principado-mejorara-el-cruce-de-villanueva\/#webpage"},"articleSection":"Asturias, Asturias","dateline":"Publicado el febrero 10, 2026."},{"@type":"Organization","@id":"https:\/\/candas365.es\/noticias\/#organization","name":"Cand\u00e1s 365","description":"Cand\u00e1s 365 es un diario digital independiente, fundado en 2012, con base en Asturias. Informamos con rigor sobre actualidad, sociedad, cultura y ocio, con una mirada local y global.","url":"https:\/\/candas365.es\/noticias\/","email":"info@candas365.es","telephone":"+34652131393","foundingDate":"2012-06-10","logo":{"@type":"ImageObject","url":"https:\/\/candas365.es\/noticias\/wp-content\/uploads\/2024\/09\/Candas-365-Redes.jpg","@id":"https:\/\/candas365.es\/noticias\/el-principado-mejorara-el-cruce-de-villanueva\/#organizationLogo","width":1152,"height":864,"caption":"Cand\u00e1s 365 Redes"},"image":{"@id":"https:\/\/candas365.es\/noticias\/el-principado-mejorara-el-cruce-de-villanueva\/#organizationLogo"},"sameAs":["https:\/\/www.facebook.com\/Nachofdezber","https:\/\/x.com\/NabercoDigital","https:\/\/www.instagram.com\/nachofdezber\/","https:\/\/www.youtube.com\/channel\/UCZP-2wLEB9Rv6erhFmqVnvg"],"address":{"@id":"https:\/\/candas365.es\/noticias\/#postaladdress","@type":"PostalAddress","streetAddress":"san antonio 4, san antonio 4","postalCode":"33430","addressLocality":"Cand\u00e1s","addressRegion":"Asturias","addressCountry":"ES"}},{"@type":"Person","@id":"https:\/\/candas365.es\/noticias\/author\/admin\/#author","url":"https:\/\/candas365.es\/noticias\/author\/admin\/","name":"Cand\u00e1s 365","image":{"@type":"ImageObject","@id":"https:\/\/candas365.es\/noticias\/el-principado-mejorara-el-cruce-de-villanueva\/#authorImage","url":"https:\/\/secure.gravatar.com\/avatar\/496a8e03d0c493ede1718b7934145dbdf8d89be1036b0eec9544e1094c9de390?s=96&d=mm&r=g","width":96,"height":96,"caption":"Cand\u00e1s 365"},"sameAs":["https:\/\/www.facebook.com\/carrenoactualidad","https:\/\/twitter.com\/nbasturias","https:\/\/www.instagram.com\/nachofdezber\/","https:\/\/www.youtube.com\/channel\/UCZP-2wLEB9Rv6erhFmqVnvg"]},{"@type":"WebPage","@id":"https:\/\/candas365.es\/noticias\/el-principado-mejorara-el-cruce-de-villanueva\/#webpage","url":"https:\/\/candas365.es\/noticias\/el-principado-mejorara-el-cruce-de-villanueva\/","name":"El Principado mejorar\u00e1 el cruce de Villanueva | Cand\u00e1s 365","description":"El Gobierno del Principado de Asturias invertir\u00e1 874.776 euros en la mejora del cruce de incorporaci\u00f3n desde Villanueva a la carretera AS-228","inLanguage":"es-ES","isPartOf":{"@id":"https:\/\/candas365.es\/noticias\/#website"},"breadcrumb":{"@id":"https:\/\/candas365.es\/noticias\/el-principado-mejorara-el-cruce-de-villanueva\/#breadcrumblist"},"author":{"@id":"https:\/\/candas365.es\/noticias\/author\/admin\/#author"},"creator":{"@id":"https:\/\/candas365.es\/noticias\/author\/admin\/#author"},"image":{"@type":"ImageObject","url":"https:\/\/candas365.es\/noticias\/wp-content\/uploads\/2026\/02\/El-Principado-mejorara-el-cruce-de-Villanueva.jpg","@id":"https:\/\/candas365.es\/noticias\/el-principado-mejorara-el-cruce-de-villanueva\/#mainImage","width":1209,"height":832,"caption":"Foto: Prensa Gobierno de Asturias"},"primaryImageOfPage":{"@id":"https:\/\/candas365.es\/noticias\/el-principado-mejorara-el-cruce-de-villanueva\/#mainImage"},"datePublished":"2026-02-10T00:12:20+01:00","dateModified":"2026-02-10T00:12:20+01:00"},{"@type":"WebSite","@id":"https:\/\/candas365.es\/noticias\/#website","url":"https:\/\/candas365.es\/noticias\/","name":"Cand\u00e1s 365","alternateName":"Cand\u00e1s 365 Noticias","description":"Actualidad desde Carre\u00f1o para el mundo","inLanguage":"es-ES","publisher":{"@id":"https:\/\/candas365.es\/noticias\/#organization"}}]},"og:locale":"es_ES","og:site_name":"Cand\u00e1s 365","og:type":"article","og:title":"El Principado mejorar\u00e1 el cruce de Villanueva | Cand\u00e1s 365","og:description":"El Gobierno del Principado de Asturias invertir\u00e1 874.776 euros en la mejora del cruce de incorporaci\u00f3n desde Villanueva a la carretera AS-228","og:url":"https:\/\/candas365.es\/noticias\/el-principado-mejorara-el-cruce-de-villanueva\/","og:image":"https:\/\/candas365.es\/noticias\/wp-content\/uploads\/2026\/02\/El-Principado-mejorara-el-cruce-de-Villanueva.jpg","og:image:secure_url":"https:\/\/candas365.es\/noticias\/wp-content\/uploads\/2026\/02\/El-Principado-mejorara-el-cruce-de-Villanueva.jpg","og:image:width":1209,"og:image:height":832,"article:published_time":"2026-02-09T23:12:20+00:00","article:modified_time":"2026-02-09T23:12:20+00:00","article:publisher":"https:\/\/www.facebook.com\/Nachofdezber","article:author":"https:\/\/www.facebook.com\/carrenoactualidad","twitter:card":"summary_large_image","twitter:site":"@NabercoDigital","twitter:title":"El Principado mejorar\u00e1 el cruce de Villanueva | Cand\u00e1s 365","twitter:description":"El Gobierno del Principado de Asturias invertir\u00e1 874.776 euros en la mejora del cruce de incorporaci\u00f3n desde Villanueva a la carretera AS-228","twitter:creator":"@nbasturias","twitter:image":"https:\/\/candas365.es\/noticias\/wp-content\/uploads\/2026\/02\/El-Principado-mejorara-el-cruce-de-Villanueva.jpg","twitter:label1":"Escrito por","twitter:data1":"Cand\u00e1s 365","twitter:label2":"Tiempo de lectura estimado","twitter:data2":"1 minuto"},"aioseo_meta_data":{"post_id":"191918","title":null,"description":"El Gobierno del Principado de Asturias invertir\u00e1 874.776 euros en la mejora del cruce de incorporaci\u00f3n desde Villanueva a la carretera AS-228","keywords":null,"keyphrases":{"focus":{"keyphrase":"Principado","score":78,"analysis":{"keyphraseInTitle":{"score":9,"maxScore":9,"error":0},"keyphraseInDescription":{"score":9,"maxScore":9,"error":0},"keyphraseLength":{"score":9,"maxScore":9,"error":0,"length":1},"keyphraseInURL":{"score":5,"maxScore":5,"error":0},"keyphraseInIntroduction":{"score":9,"maxScore":9,"error":0},"keyphraseInSubHeadings":{"score":3,"maxScore":9,"error":1},"keyphraseInImageAlt":{"score":9,"maxScore":9,"error":0},"keywordDensity":{"score":0,"type":"low","maxScore":9,"error":1}}},"additional":[{"keyphrase":"Villanueva","score":80,"analysis":{"keyphraseInDescription":{"score":9,"maxScore":9,"error":0},"keyphraseLength":{"score":9,"maxScore":9,"error":0,"length":1},"keyphraseInIntroduction":{"score":9,"maxScore":9,"error":0},"keyphraseInImageAlt":{"score":9,"maxScore":9,"error":0},"keywordDensity":{"score":0,"type":"low","maxScore":9,"error":1}}}]},"primary_term":null,"canonical_url":null,"og_title":null,"og_description":null,"og_object_type":"default","og_image_type":"default","og_image_url":null,"og_image_width":null,"og_image_height":null,"og_image_custom_url":null,"og_image_custom_fields":null,"og_video":"","og_custom_url":null,"og_article_section":null,"og_article_tags":null,"twitter_use_og":false,"twitter_card":"default","twitter_image_type":"default","twitter_image_url":null,"twitter_image_custom_url":null,"twitter_image_custom_fields":null,"twitter_title":null,"twitter_description":null,"schema":{"blockGraphs":[],"customGraphs":[],"default":{"data":{"Article":[],"Course":[],"Dataset":[],"FAQPage":[],"Movie":[],"Person":[],"Product":[],"ProductReview":[],"Car":[],"Recipe":[],"Service":[],"SoftwareApplication":[],"WebPage":[]},"graphName":"Article","isEnabled":true},"graphs":[]},"schema_type":"default","schema_type_options":null,"pillar_content":false,"robots_default":true,"robots_noindex":false,"robots_noarchive":false,"robots_nosnippet":false,"robots_nofollow":false,"robots_noimageindex":false,"robots_noodp":false,"robots_notranslate":false,"robots_max_snippet":"-1","robots_max_videopreview":"-1","robots_max_imagepreview":"large","priority":null,"frequency":"default","location":null,"local_seo":null,"seo_analyzer_scan_date":"2026-02-09 23:15:14","breadcrumb_settings":null,"limit_modified_date":false,"reviewed_by":null,"open_ai":null,"ai":{"faqs":[],"keyPoints":[],"titles":[],"descriptions":[],"socialPosts":{"email":[],"linkedin":[],"twitter":[],"facebook":[],"instagram":[]}},"created":"2026-02-09 23:04:33","updated":"2026-02-09 23:15:14"},"aioseo_breadcrumb":"<div class=\"aioseo-breadcrumbs\"><span class=\"aioseo-breadcrumb\">\n\t<a href=\"https:\/\/candas365.es\/noticias\" title=\"Home\">Home<\/a>\n<\/span><span class=\"aioseo-breadcrumb-separator\">&ndash;<\/span><span class=\"aioseo-breadcrumb\">\n\t<a href=\"https:\/\/candas365.es\/noticias\/category\/asturias\/\" title=\"Asturias\">Asturias<\/a>\n<\/span><span class=\"aioseo-breadcrumb-separator\">&ndash;<\/span><span class=\"aioseo-breadcrumb\">\n\tEl Principado mejorar\u00e1 el cruce de Villanueva\n<\/span><\/div>","aioseo_breadcrumb_json":[{"label":"Home","link":"https:\/\/candas365.es\/noticias"},{"label":"Asturias","link":"https:\/\/candas365.es\/noticias\/category\/asturias\/"},{"label":"El Principado mejorar\u00e1 el cruce de Villanueva","link":"https:\/\/candas365.es\/noticias\/el-principado-mejorara-el-cruce-de-villanueva\/"}],"_links":{"self":[{"href":"https:\/\/candas365.es\/noticias\/wp-json\/wp\/v2\/posts\/191918","targetHints":{"allow":["GET"]}}],"collection":[{"href":"https:\/\/candas365.es\/noticias\/wp-json\/wp\/v2\/posts"}],"about":[{"href":"https:\/\/candas365.es\/noticias\/wp-json\/wp\/v2\/types\/post"}],"author":[{"embeddable":true,"href":"https:\/\/candas365.es\/noticias\/wp-json\/wp\/v2\/users\/1"}],"replies":[{"embeddable":true,"href":"https:\/\/candas365.es\/noticias\/wp-json\/wp\/v2\/comments?post=191918"}],"version-history":[{"count":0,"href":"https:\/\/candas365.es\/noticias\/wp-json\/wp\/v2\/posts\/191918\/revisions"}],"wp:featuredmedia":[{"embeddable":true,"href":"https:\/\/candas365.es\/noticias\/wp-json\/wp\/v2\/media\/191919"}],"wp:attachment":[{"href":"https:\/\/candas365.es\/noticias\/wp-json\/wp\/v2\/media?parent=191918"}],"wp:term":[{"taxonomy":"category","embeddable":true,"href":"https:\/\/candas365.es\/noticias\/wp-json\/wp\/v2\/categories?post=191918"},{"taxonomy":"post_tag","embeddable":true,"href":"https:\/\/candas365.es\/noticias\/wp-json\/wp\/v2\/tags?post=191918"}],"curies":[{"name":"wp","href":"https:\/\/api.w.org\/{rel}","templated":true}]}}