{"id":191885,"date":"2026-02-07T21:42:34","date_gmt":"2026-02-07T20:42:34","guid":{"rendered":"https:\/\/candas365.es\/noticias\/?p=191885"},"modified":"2026-02-07T21:42:34","modified_gmt":"2026-02-07T20:42:34","slug":"asturias-movilizara-427-millones-para-idi-en-2026","status":"publish","type":"post","link":"https:\/\/candas365.es\/noticias\/asturias-movilizara-427-millones-para-idi-en-2026\/","title":{"rendered":"Asturias movilizar\u00e1 42,7 millones para I+D+i en 2026"},"content":{"rendered":"<p data-start=\"66\" data-end=\"468\">El <a href=\"https:\/\/actualidad.asturias.es\/\" target=\"_blank\" rel=\"noopener\"><span style=\"color: #ff6600;\"><strong>Gobierno del Principado de Asturias<\/strong><\/span><\/a> ha presentado el calendario de convocatorias de I+D+i y <span style=\"color: #ff6600;\"><a style=\"color: #ff6600;\" href=\"https:\/\/candas365.es\/noticias\/category\/canal-empresas\/\"><strong>desarrollo empresarial<\/strong><\/a><\/span> para 2026, que movilizar\u00e1 42,7 millones de euros a trav\u00e9s de 24 l\u00edneas de ayudas. La Consejer\u00eda de Ciencia, Industria y Empleo incrementa en casi cuatro millones la financiaci\u00f3n destinada al crecimiento del tejido productivo y al impulso de la investigaci\u00f3n, la atracci\u00f3n de talento y la innovaci\u00f3n.<\/p>\n<figure id=\"attachment_191886\" aria-describedby=\"caption-attachment-191886\" style=\"width: 650px\" class=\"wp-caption aligncenter\"><img fetchpriority=\"high\" decoding=\"async\" class=\"size-large wp-image-191886\" src=\"https:\/\/candas365.es\/noticias\/wp-content\/uploads\/2026\/02\/Asturias-movilizara-427-millones-para-IDi-en-2026-650x339.jpg\" alt=\"Asturias movilizar\u00e1 42,7 millones para I+D+i en 2026\" width=\"650\" height=\"339\" srcset=\"https:\/\/candas365.es\/noticias\/wp-content\/uploads\/2026\/02\/Asturias-movilizara-427-millones-para-IDi-en-2026-650x339.jpg 650w, https:\/\/candas365.es\/noticias\/wp-content\/uploads\/2026\/02\/Asturias-movilizara-427-millones-para-IDi-en-2026-360x188.jpg 360w, https:\/\/candas365.es\/noticias\/wp-content\/uploads\/2026\/02\/Asturias-movilizara-427-millones-para-IDi-en-2026-768x401.jpg 768w, https:\/\/candas365.es\/noticias\/wp-content\/uploads\/2026\/02\/Asturias-movilizara-427-millones-para-IDi-en-2026-150x78.jpg 150w, https:\/\/candas365.es\/noticias\/wp-content\/uploads\/2026\/02\/Asturias-movilizara-427-millones-para-IDi-en-2026-450x235.jpg 450w, https:\/\/candas365.es\/noticias\/wp-content\/uploads\/2026\/02\/Asturias-movilizara-427-millones-para-IDi-en-2026-1200x627.jpg 1200w, https:\/\/candas365.es\/noticias\/wp-content\/uploads\/2026\/02\/Asturias-movilizara-427-millones-para-IDi-en-2026.jpg 1220w\" sizes=\"(max-width: 650px) 100vw, 650px\" \/><figcaption id=\"caption-attachment-191886\" class=\"wp-caption-text\">foto: 123rf.com<\/figcaption><\/figure>\n<p data-start=\"470\" data-end=\"816\">La publicaci\u00f3n de este calendario pretende ofrecer a empresas, centros de investigaci\u00f3n y otros agentes una planificaci\u00f3n anticipada y ordenada de los instrumentos de apoyo disponibles, facilitando la preparaci\u00f3n de solicitudes. Las convocatorias se pondr\u00e1n en marcha entre marzo y septiembre y se estructuran en dos grandes \u00e1mbitos de actuaci\u00f3n.<\/p>\n<h2 data-start=\"818\" data-end=\"867\">Crecimiento empresarial, inversi\u00f3n y atracci\u00f3n<\/h2>\n<p data-start=\"869\" data-end=\"1235\">El primer bloque, centrado en crecimiento, inversi\u00f3n y atracci\u00f3n empresarial, dispone de algo m\u00e1s de 16,2 millones de euros. Incluye ayudas para proyectos de inversi\u00f3n empresarial, diversificaci\u00f3n econ\u00f3mica, internacionalizaci\u00f3n, financiaci\u00f3n a pymes, desarrollo de suelo industrial, apoyo a semilleros de empresas y programas vinculados a la transformaci\u00f3n digital.<\/p>\n<h2 data-start=\"1237\" data-end=\"1281\">Investigaci\u00f3n, transferencia e innovaci\u00f3n<\/h2>\n<p data-start=\"1283\" data-end=\"1633\">El segundo \u00e1mbito, dotado con 26,5 millones, se orienta a la generaci\u00f3n de nuevo conocimiento, la transferencia y la innovaci\u00f3n. Contempla ayudas a proyectos de I+D+i empresarial, empresas de base tecnol\u00f3gica, cl\u00fasteres, hiperautomatizaci\u00f3n, misiones cient\u00edficas, proyectos en red, acciones de difusi\u00f3n cient\u00edfica y programas de talento investigador.<\/p>\n<p data-start=\"1635\" data-end=\"2042\">El consejero de Ciencia, Industria y Empleo, Borja S\u00e1nchez, ha se\u00f1alado que Asturias encabeza en los \u00faltimos a\u00f1os el crecimiento tanto en inversi\u00f3n en I+D como en personal dedicado a actividades cient\u00edficas y tecnol\u00f3gicas, y ha destacado que este calendario constituye una herramienta esencial para avanzar en la transformaci\u00f3n econ\u00f3mica e industrial del Principado apoy\u00e1ndose en la ciencia y la innovaci\u00f3n.<\/p>\n<p data-start=\"2044\" data-end=\"2444\">Entre las convocatorias destacadas figuran las ayudas bienales a grupos de investigaci\u00f3n, que regresan con una dotaci\u00f3n de cuatro millones ampliables en el siguiente ejercicio. Como novedad, se incorpora una convocatoria conjunta de doctorados industriales y ayudas Jovellanos con el objetivo de agilizar los procesos y reforzar el n\u00famero de investigadores que desarrollar\u00e1n su actividad en empresas.<\/p>\n<p data-start=\"2446\" data-end=\"2974\">Las primeras convocatorias que se abrir\u00e1n desde marzo estar\u00e1n dirigidas a proyectos de inversi\u00f3n empresarial, diversificaci\u00f3n econ\u00f3mica para pymes y grandes compa\u00f1\u00edas, internacionalizaci\u00f3n, cheques de innovaci\u00f3n, transformaci\u00f3n digital y apoyo a semilleros de empresas. Durante el segundo y tercer trimestre se activar\u00e1n ayudas a proyectos empresariales de I+D, empresas de base tecnol\u00f3gica, misiones cient\u00edficas, programas de talento como Margarita Salas o Jovellanos y acciones destinadas al fomento de vocaciones cient\u00edficas.<\/p>\n<p data-start=\"2976\" data-end=\"3350\" data-is-last-node=\"\" data-is-only-node=\"\">Todos los programas ser\u00e1n gestionados por Sekuens en colaboraci\u00f3n con la Ficyt y se alinean con la Estrategia de Especializaci\u00f3n Inteligente de Asturias (S3), el Plan de Ciencia, Tecnolog\u00eda e Innovaci\u00f3n y las pol\u00edticas de transformaci\u00f3n econ\u00f3mica, digital y sostenible. Algunas convocatorias cuentan adem\u00e1s con financiaci\u00f3n europea del Feder y del Fondo de Transici\u00f3n Justa.<\/p>\n","protected":false},"excerpt":{"rendered":"<p>El Gobierno del Principado de Asturias ha presentado el calendario de convocatorias de I+D+i y desarrollo empresarial para 2026, que movilizar\u00e1 42,7 millones de euros a trav\u00e9s de 24 l\u00edneas de ayudas. La Consejer\u00eda de Ciencia, Industria y Empleo incrementa en casi cuatro millones la financiaci\u00f3n destinada al crecimiento del tejido productivo y al impulso<\/p>\n","protected":false},"author":1,"featured_media":191886,"comment_status":"closed","ping_status":"closed","sticky":false,"template":"","format":"standard","meta":{"footnotes":""},"categories":[7],"tags":[380],"class_list":{"0":"post-191885","1":"post","2":"type-post","3":"status-publish","4":"format-standard","5":"has-post-thumbnail","7":"category-asturias","8":"tag-asturias"},"aioseo_notices":[],"aioseo_head":"\n\t\t<!-- All in One SEO Pro 4.9.6.2 - aioseo.com -->\n\t<meta name=\"description\" content=\"El Gobierno del Principado de Asturias ha presentado el calendario de convocatorias de I+D+i y desarrollo empresarial para 2026, que movilizar\u00e1 42,7 millones\" \/>\n\t<meta name=\"robots\" content=\"max-image-preview:large\" \/>\n\t<meta name=\"author\" content=\"Cand\u00e1s 365\"\/>\n\t<meta name=\"google-site-verification\" content=\"UA-32230408-1\" \/>\n\t<meta name=\"msvalidate.01\" content=\"354F3CDFB2DA171B47FBE9ABF1F88D5\" \/>\n\t<meta name=\"keywords\" content=\"asturias\" \/>\n\t<link rel=\"canonical\" href=\"https:\/\/candas365.es\/noticias\/asturias-movilizara-427-millones-para-idi-en-2026\/\" \/>\n\t<meta name=\"generator\" content=\"All in One SEO Pro (AIOSEO) 4.9.6.2\" \/>\n\t\t<meta property=\"og:locale\" content=\"es_ES\" \/>\n\t\t<meta property=\"og:site_name\" content=\"Cand\u00e1s 365\" \/>\n\t\t<meta property=\"og:type\" content=\"article\" \/>\n\t\t<meta property=\"og:title\" content=\"Asturias movilizar\u00e1 42,7 millones para I+D+i en 2026 | Cand\u00e1s 365\" \/>\n\t\t<meta property=\"og:description\" content=\"El Gobierno del Principado de Asturias ha presentado el calendario de convocatorias de I+D+i y desarrollo empresarial para 2026, que movilizar\u00e1 42,7 millones\" \/>\n\t\t<meta property=\"og:url\" content=\"https:\/\/candas365.es\/noticias\/asturias-movilizara-427-millones-para-idi-en-2026\/\" \/>\n\t\t<meta property=\"og:image\" content=\"https:\/\/candas365.es\/noticias\/wp-content\/uploads\/2026\/02\/Asturias-movilizara-427-millones-para-IDi-en-2026.jpg\" \/>\n\t\t<meta property=\"og:image:secure_url\" content=\"https:\/\/candas365.es\/noticias\/wp-content\/uploads\/2026\/02\/Asturias-movilizara-427-millones-para-IDi-en-2026.jpg\" \/>\n\t\t<meta property=\"og:image:width\" content=\"1220\" \/>\n\t\t<meta property=\"og:image:height\" content=\"637\" \/>\n\t\t<meta property=\"article:published_time\" content=\"2026-02-07T20:42:34+00:00\" \/>\n\t\t<meta property=\"article:modified_time\" content=\"2026-02-07T20:42:34+00:00\" \/>\n\t\t<meta property=\"article:publisher\" content=\"https:\/\/www.facebook.com\/Nachofdezber\" \/>\n\t\t<meta property=\"article:author\" content=\"https:\/\/www.facebook.com\/carrenoactualidad\" \/>\n\t\t<meta name=\"twitter:card\" content=\"summary_large_image\" \/>\n\t\t<meta name=\"twitter:site\" content=\"@NabercoDigital\" \/>\n\t\t<meta name=\"twitter:title\" content=\"Asturias movilizar\u00e1 42,7 millones para I+D+i en 2026 | Cand\u00e1s 365\" \/>\n\t\t<meta name=\"twitter:description\" content=\"El Gobierno del Principado de Asturias ha presentado el calendario de convocatorias de I+D+i y desarrollo empresarial para 2026, que movilizar\u00e1 42,7 millones\" \/>\n\t\t<meta name=\"twitter:creator\" content=\"@nbasturias\" \/>\n\t\t<meta name=\"twitter:image\" content=\"https:\/\/candas365.es\/noticias\/wp-content\/uploads\/2026\/02\/Asturias-movilizara-427-millones-para-IDi-en-2026.jpg\" \/>\n\t\t<meta name=\"twitter:label1\" content=\"Escrito por\" \/>\n\t\t<meta name=\"twitter:data1\" content=\"Cand\u00e1s 365\" \/>\n\t\t<meta name=\"twitter:label2\" content=\"Tiempo de lectura estimado\" \/>\n\t\t<meta name=\"twitter:data2\" content=\"3 minutos\" \/>\n\t\t<script type=\"application\/ld+json\" class=\"aioseo-schema\">\n\t\t\t{\"@context\":\"https:\\\/\\\/schema.org\",\"@graph\":[{\"@type\":\"BreadcrumbList\",\"@id\":\"https:\\\/\\\/candas365.es\\\/noticias\\\/asturias-movilizara-427-millones-para-idi-en-2026\\\/#breadcrumblist\",\"itemListElement\":[{\"@type\":\"ListItem\",\"@id\":\"https:\\\/\\\/candas365.es\\\/noticias#listItem\",\"position\":1,\"name\":\"Home\",\"item\":\"https:\\\/\\\/candas365.es\\\/noticias\",\"nextItem\":{\"@type\":\"ListItem\",\"@id\":\"https:\\\/\\\/candas365.es\\\/noticias\\\/category\\\/asturias\\\/#listItem\",\"name\":\"Asturias\"}},{\"@type\":\"ListItem\",\"@id\":\"https:\\\/\\\/candas365.es\\\/noticias\\\/category\\\/asturias\\\/#listItem\",\"position\":2,\"name\":\"Asturias\",\"item\":\"https:\\\/\\\/candas365.es\\\/noticias\\\/category\\\/asturias\\\/\",\"nextItem\":{\"@type\":\"ListItem\",\"@id\":\"https:\\\/\\\/candas365.es\\\/noticias\\\/asturias-movilizara-427-millones-para-idi-en-2026\\\/#listItem\",\"name\":\"Asturias movilizar\\u00e1 42,7 millones para I+D+i en 2026\"},\"previousItem\":{\"@type\":\"ListItem\",\"@id\":\"https:\\\/\\\/candas365.es\\\/noticias#listItem\",\"name\":\"Home\"}},{\"@type\":\"ListItem\",\"@id\":\"https:\\\/\\\/candas365.es\\\/noticias\\\/asturias-movilizara-427-millones-para-idi-en-2026\\\/#listItem\",\"position\":3,\"name\":\"Asturias movilizar\\u00e1 42,7 millones para I+D+i en 2026\",\"previousItem\":{\"@type\":\"ListItem\",\"@id\":\"https:\\\/\\\/candas365.es\\\/noticias\\\/category\\\/asturias\\\/#listItem\",\"name\":\"Asturias\"}}]},{\"@type\":\"NewsArticle\",\"@id\":\"https:\\\/\\\/candas365.es\\\/noticias\\\/asturias-movilizara-427-millones-para-idi-en-2026\\\/#newsarticle\",\"name\":\"Asturias movilizar\\u00e1 42,7 millones para I+D+i en 2026 | Cand\\u00e1s 365\",\"headline\":\"Asturias movilizar\\u00e1 42,7 millones para I+D+i en 2026\",\"author\":{\"@id\":\"https:\\\/\\\/candas365.es\\\/noticias\\\/author\\\/admin\\\/#author\"},\"publisher\":{\"@id\":\"https:\\\/\\\/candas365.es\\\/noticias\\\/#organization\"},\"image\":{\"@type\":\"ImageObject\",\"url\":\"https:\\\/\\\/candas365.es\\\/noticias\\\/wp-content\\\/uploads\\\/2026\\\/02\\\/Asturias-movilizara-427-millones-para-IDi-en-2026.jpg\",\"width\":1220,\"height\":637,\"caption\":\"foto: 123rf.com\"},\"datePublished\":\"2026-02-07T21:42:34+01:00\",\"dateModified\":\"2026-02-07T21:42:34+01:00\",\"inLanguage\":\"es-ES\",\"mainEntityOfPage\":{\"@id\":\"https:\\\/\\\/candas365.es\\\/noticias\\\/asturias-movilizara-427-millones-para-idi-en-2026\\\/#webpage\"},\"isPartOf\":{\"@id\":\"https:\\\/\\\/candas365.es\\\/noticias\\\/asturias-movilizara-427-millones-para-idi-en-2026\\\/#webpage\"},\"articleSection\":\"Asturias, Asturias\",\"dateline\":\"Publicado el febrero 7, 2026.\"},{\"@type\":\"Organization\",\"@id\":\"https:\\\/\\\/candas365.es\\\/noticias\\\/#organization\",\"name\":\"Cand\\u00e1s 365\",\"description\":\"Cand\\u00e1s 365 es un diario digital independiente, fundado en 2012, con base en Asturias. Informamos con rigor sobre actualidad, sociedad, cultura y ocio, con una mirada local y global.\",\"url\":\"https:\\\/\\\/candas365.es\\\/noticias\\\/\",\"email\":\"info@candas365.es\",\"telephone\":\"+34652131393\",\"foundingDate\":\"2012-06-10\",\"logo\":{\"@type\":\"ImageObject\",\"url\":\"https:\\\/\\\/candas365.es\\\/noticias\\\/wp-content\\\/uploads\\\/2024\\\/09\\\/Candas-365-Redes.jpg\",\"@id\":\"https:\\\/\\\/candas365.es\\\/noticias\\\/asturias-movilizara-427-millones-para-idi-en-2026\\\/#organizationLogo\",\"width\":1152,\"height\":864,\"caption\":\"Cand\\u00e1s 365 Redes\"},\"image\":{\"@id\":\"https:\\\/\\\/candas365.es\\\/noticias\\\/asturias-movilizara-427-millones-para-idi-en-2026\\\/#organizationLogo\"},\"sameAs\":[\"https:\\\/\\\/www.facebook.com\\\/Nachofdezber\",\"https:\\\/\\\/x.com\\\/NabercoDigital\",\"https:\\\/\\\/www.instagram.com\\\/nachofdezber\\\/\",\"https:\\\/\\\/www.youtube.com\\\/channel\\\/UCZP-2wLEB9Rv6erhFmqVnvg\"],\"address\":{\"@id\":\"https:\\\/\\\/candas365.es\\\/noticias\\\/#postaladdress\",\"@type\":\"PostalAddress\",\"streetAddress\":\"san antonio 4, san antonio 4\",\"postalCode\":\"33430\",\"addressLocality\":\"Cand\\u00e1s\",\"addressRegion\":\"Asturias\",\"addressCountry\":\"ES\"}},{\"@type\":\"Person\",\"@id\":\"https:\\\/\\\/candas365.es\\\/noticias\\\/author\\\/admin\\\/#author\",\"url\":\"https:\\\/\\\/candas365.es\\\/noticias\\\/author\\\/admin\\\/\",\"name\":\"Cand\\u00e1s 365\",\"image\":{\"@type\":\"ImageObject\",\"@id\":\"https:\\\/\\\/candas365.es\\\/noticias\\\/asturias-movilizara-427-millones-para-idi-en-2026\\\/#authorImage\",\"url\":\"https:\\\/\\\/secure.gravatar.com\\\/avatar\\\/496a8e03d0c493ede1718b7934145dbdf8d89be1036b0eec9544e1094c9de390?s=96&d=mm&r=g\",\"width\":96,\"height\":96,\"caption\":\"Cand\\u00e1s 365\"},\"sameAs\":[\"https:\\\/\\\/www.facebook.com\\\/carrenoactualidad\",\"https:\\\/\\\/twitter.com\\\/nbasturias\",\"https:\\\/\\\/www.instagram.com\\\/nachofdezber\\\/\",\"https:\\\/\\\/www.youtube.com\\\/channel\\\/UCZP-2wLEB9Rv6erhFmqVnvg\"]},{\"@type\":\"WebPage\",\"@id\":\"https:\\\/\\\/candas365.es\\\/noticias\\\/asturias-movilizara-427-millones-para-idi-en-2026\\\/#webpage\",\"url\":\"https:\\\/\\\/candas365.es\\\/noticias\\\/asturias-movilizara-427-millones-para-idi-en-2026\\\/\",\"name\":\"Asturias movilizar\\u00e1 42,7 millones para I+D+i en 2026 | Cand\\u00e1s 365\",\"description\":\"El Gobierno del Principado de Asturias ha presentado el calendario de convocatorias de I+D+i y desarrollo empresarial para 2026, que movilizar\\u00e1 42,7 millones\",\"inLanguage\":\"es-ES\",\"isPartOf\":{\"@id\":\"https:\\\/\\\/candas365.es\\\/noticias\\\/#website\"},\"breadcrumb\":{\"@id\":\"https:\\\/\\\/candas365.es\\\/noticias\\\/asturias-movilizara-427-millones-para-idi-en-2026\\\/#breadcrumblist\"},\"author\":{\"@id\":\"https:\\\/\\\/candas365.es\\\/noticias\\\/author\\\/admin\\\/#author\"},\"creator\":{\"@id\":\"https:\\\/\\\/candas365.es\\\/noticias\\\/author\\\/admin\\\/#author\"},\"image\":{\"@type\":\"ImageObject\",\"url\":\"https:\\\/\\\/candas365.es\\\/noticias\\\/wp-content\\\/uploads\\\/2026\\\/02\\\/Asturias-movilizara-427-millones-para-IDi-en-2026.jpg\",\"@id\":\"https:\\\/\\\/candas365.es\\\/noticias\\\/asturias-movilizara-427-millones-para-idi-en-2026\\\/#mainImage\",\"width\":1220,\"height\":637,\"caption\":\"foto: 123rf.com\"},\"primaryImageOfPage\":{\"@id\":\"https:\\\/\\\/candas365.es\\\/noticias\\\/asturias-movilizara-427-millones-para-idi-en-2026\\\/#mainImage\"},\"datePublished\":\"2026-02-07T21:42:34+01:00\",\"dateModified\":\"2026-02-07T21:42:34+01:00\"},{\"@type\":\"WebSite\",\"@id\":\"https:\\\/\\\/candas365.es\\\/noticias\\\/#website\",\"url\":\"https:\\\/\\\/candas365.es\\\/noticias\\\/\",\"name\":\"Cand\\u00e1s 365\",\"alternateName\":\"Cand\\u00e1s 365 Noticias\",\"description\":\"Actualidad desde Carre\\u00f1o para el mundo\",\"inLanguage\":\"es-ES\",\"publisher\":{\"@id\":\"https:\\\/\\\/candas365.es\\\/noticias\\\/#organization\"}}]}\n\t\t<\/script>\n\t\t<!-- All in One SEO Pro -->\r\n\t\t<title>Asturias movilizar\u00e1 42,7 millones para I+D+i en 2026 | Cand\u00e1s 365<\/title>\n\n","aioseo_head_json":{"title":"Asturias movilizar\u00e1 42,7 millones para I+D+i en 2026 | Cand\u00e1s 365","description":"El Gobierno del Principado de Asturias ha presentado el calendario de convocatorias de I+D+i y desarrollo empresarial para 2026, que movilizar\u00e1 42,7 millones","canonical_url":"https:\/\/candas365.es\/noticias\/asturias-movilizara-427-millones-para-idi-en-2026\/","robots":"max-image-preview:large","keywords":"asturias","webmasterTools":{"google-site-verification":"UA-32230408-1","msvalidate.01":"354F3CDFB2DA171B47FBE9ABF1F88D5","miscellaneous":""},"schema":{"@context":"https:\/\/schema.org","@graph":[{"@type":"BreadcrumbList","@id":"https:\/\/candas365.es\/noticias\/asturias-movilizara-427-millones-para-idi-en-2026\/#breadcrumblist","itemListElement":[{"@type":"ListItem","@id":"https:\/\/candas365.es\/noticias#listItem","position":1,"name":"Home","item":"https:\/\/candas365.es\/noticias","nextItem":{"@type":"ListItem","@id":"https:\/\/candas365.es\/noticias\/category\/asturias\/#listItem","name":"Asturias"}},{"@type":"ListItem","@id":"https:\/\/candas365.es\/noticias\/category\/asturias\/#listItem","position":2,"name":"Asturias","item":"https:\/\/candas365.es\/noticias\/category\/asturias\/","nextItem":{"@type":"ListItem","@id":"https:\/\/candas365.es\/noticias\/asturias-movilizara-427-millones-para-idi-en-2026\/#listItem","name":"Asturias movilizar\u00e1 42,7 millones para I+D+i en 2026"},"previousItem":{"@type":"ListItem","@id":"https:\/\/candas365.es\/noticias#listItem","name":"Home"}},{"@type":"ListItem","@id":"https:\/\/candas365.es\/noticias\/asturias-movilizara-427-millones-para-idi-en-2026\/#listItem","position":3,"name":"Asturias movilizar\u00e1 42,7 millones para I+D+i en 2026","previousItem":{"@type":"ListItem","@id":"https:\/\/candas365.es\/noticias\/category\/asturias\/#listItem","name":"Asturias"}}]},{"@type":"NewsArticle","@id":"https:\/\/candas365.es\/noticias\/asturias-movilizara-427-millones-para-idi-en-2026\/#newsarticle","name":"Asturias movilizar\u00e1 42,7 millones para I+D+i en 2026 | Cand\u00e1s 365","headline":"Asturias movilizar\u00e1 42,7 millones para I+D+i en 2026","author":{"@id":"https:\/\/candas365.es\/noticias\/author\/admin\/#author"},"publisher":{"@id":"https:\/\/candas365.es\/noticias\/#organization"},"image":{"@type":"ImageObject","url":"https:\/\/candas365.es\/noticias\/wp-content\/uploads\/2026\/02\/Asturias-movilizara-427-millones-para-IDi-en-2026.jpg","width":1220,"height":637,"caption":"foto: 123rf.com"},"datePublished":"2026-02-07T21:42:34+01:00","dateModified":"2026-02-07T21:42:34+01:00","inLanguage":"es-ES","mainEntityOfPage":{"@id":"https:\/\/candas365.es\/noticias\/asturias-movilizara-427-millones-para-idi-en-2026\/#webpage"},"isPartOf":{"@id":"https:\/\/candas365.es\/noticias\/asturias-movilizara-427-millones-para-idi-en-2026\/#webpage"},"articleSection":"Asturias, Asturias","dateline":"Publicado el febrero 7, 2026."},{"@type":"Organization","@id":"https:\/\/candas365.es\/noticias\/#organization","name":"Cand\u00e1s 365","description":"Cand\u00e1s 365 es un diario digital independiente, fundado en 2012, con base en Asturias. Informamos con rigor sobre actualidad, sociedad, cultura y ocio, con una mirada local y global.","url":"https:\/\/candas365.es\/noticias\/","email":"info@candas365.es","telephone":"+34652131393","foundingDate":"2012-06-10","logo":{"@type":"ImageObject","url":"https:\/\/candas365.es\/noticias\/wp-content\/uploads\/2024\/09\/Candas-365-Redes.jpg","@id":"https:\/\/candas365.es\/noticias\/asturias-movilizara-427-millones-para-idi-en-2026\/#organizationLogo","width":1152,"height":864,"caption":"Cand\u00e1s 365 Redes"},"image":{"@id":"https:\/\/candas365.es\/noticias\/asturias-movilizara-427-millones-para-idi-en-2026\/#organizationLogo"},"sameAs":["https:\/\/www.facebook.com\/Nachofdezber","https:\/\/x.com\/NabercoDigital","https:\/\/www.instagram.com\/nachofdezber\/","https:\/\/www.youtube.com\/channel\/UCZP-2wLEB9Rv6erhFmqVnvg"],"address":{"@id":"https:\/\/candas365.es\/noticias\/#postaladdress","@type":"PostalAddress","streetAddress":"san antonio 4, san antonio 4","postalCode":"33430","addressLocality":"Cand\u00e1s","addressRegion":"Asturias","addressCountry":"ES"}},{"@type":"Person","@id":"https:\/\/candas365.es\/noticias\/author\/admin\/#author","url":"https:\/\/candas365.es\/noticias\/author\/admin\/","name":"Cand\u00e1s 365","image":{"@type":"ImageObject","@id":"https:\/\/candas365.es\/noticias\/asturias-movilizara-427-millones-para-idi-en-2026\/#authorImage","url":"https:\/\/secure.gravatar.com\/avatar\/496a8e03d0c493ede1718b7934145dbdf8d89be1036b0eec9544e1094c9de390?s=96&d=mm&r=g","width":96,"height":96,"caption":"Cand\u00e1s 365"},"sameAs":["https:\/\/www.facebook.com\/carrenoactualidad","https:\/\/twitter.com\/nbasturias","https:\/\/www.instagram.com\/nachofdezber\/","https:\/\/www.youtube.com\/channel\/UCZP-2wLEB9Rv6erhFmqVnvg"]},{"@type":"WebPage","@id":"https:\/\/candas365.es\/noticias\/asturias-movilizara-427-millones-para-idi-en-2026\/#webpage","url":"https:\/\/candas365.es\/noticias\/asturias-movilizara-427-millones-para-idi-en-2026\/","name":"Asturias movilizar\u00e1 42,7 millones para I+D+i en 2026 | Cand\u00e1s 365","description":"El Gobierno del Principado de Asturias ha presentado el calendario de convocatorias de I+D+i y desarrollo empresarial para 2026, que movilizar\u00e1 42,7 millones","inLanguage":"es-ES","isPartOf":{"@id":"https:\/\/candas365.es\/noticias\/#website"},"breadcrumb":{"@id":"https:\/\/candas365.es\/noticias\/asturias-movilizara-427-millones-para-idi-en-2026\/#breadcrumblist"},"author":{"@id":"https:\/\/candas365.es\/noticias\/author\/admin\/#author"},"creator":{"@id":"https:\/\/candas365.es\/noticias\/author\/admin\/#author"},"image":{"@type":"ImageObject","url":"https:\/\/candas365.es\/noticias\/wp-content\/uploads\/2026\/02\/Asturias-movilizara-427-millones-para-IDi-en-2026.jpg","@id":"https:\/\/candas365.es\/noticias\/asturias-movilizara-427-millones-para-idi-en-2026\/#mainImage","width":1220,"height":637,"caption":"foto: 123rf.com"},"primaryImageOfPage":{"@id":"https:\/\/candas365.es\/noticias\/asturias-movilizara-427-millones-para-idi-en-2026\/#mainImage"},"datePublished":"2026-02-07T21:42:34+01:00","dateModified":"2026-02-07T21:42:34+01:00"},{"@type":"WebSite","@id":"https:\/\/candas365.es\/noticias\/#website","url":"https:\/\/candas365.es\/noticias\/","name":"Cand\u00e1s 365","alternateName":"Cand\u00e1s 365 Noticias","description":"Actualidad desde Carre\u00f1o para el mundo","inLanguage":"es-ES","publisher":{"@id":"https:\/\/candas365.es\/noticias\/#organization"}}]},"og:locale":"es_ES","og:site_name":"Cand\u00e1s 365","og:type":"article","og:title":"Asturias movilizar\u00e1 42,7 millones para I+D+i en 2026 | Cand\u00e1s 365","og:description":"El Gobierno del Principado de Asturias ha presentado el calendario de convocatorias de I+D+i y desarrollo empresarial para 2026, que movilizar\u00e1 42,7 millones","og:url":"https:\/\/candas365.es\/noticias\/asturias-movilizara-427-millones-para-idi-en-2026\/","og:image":"https:\/\/candas365.es\/noticias\/wp-content\/uploads\/2026\/02\/Asturias-movilizara-427-millones-para-IDi-en-2026.jpg","og:image:secure_url":"https:\/\/candas365.es\/noticias\/wp-content\/uploads\/2026\/02\/Asturias-movilizara-427-millones-para-IDi-en-2026.jpg","og:image:width":1220,"og:image:height":637,"article:published_time":"2026-02-07T20:42:34+00:00","article:modified_time":"2026-02-07T20:42:34+00:00","article:publisher":"https:\/\/www.facebook.com\/Nachofdezber","article:author":"https:\/\/www.facebook.com\/carrenoactualidad","twitter:card":"summary_large_image","twitter:site":"@NabercoDigital","twitter:title":"Asturias movilizar\u00e1 42,7 millones para I+D+i en 2026 | Cand\u00e1s 365","twitter:description":"El Gobierno del Principado de Asturias ha presentado el calendario de convocatorias de I+D+i y desarrollo empresarial para 2026, que movilizar\u00e1 42,7 millones","twitter:creator":"@nbasturias","twitter:image":"https:\/\/candas365.es\/noticias\/wp-content\/uploads\/2026\/02\/Asturias-movilizara-427-millones-para-IDi-en-2026.jpg","twitter:label1":"Escrito por","twitter:data1":"Cand\u00e1s 365","twitter:label2":"Tiempo de lectura estimado","twitter:data2":"3 minutos"},"aioseo_meta_data":{"post_id":"191885","title":null,"description":"El Gobierno del Principado de Asturias ha presentado el calendario de convocatorias de I+D+i y desarrollo empresarial para 2026, que movilizar\u00e1 42,7 millones","keywords":null,"keyphrases":{"focus":{"keyphrase":"Asturias","score":91,"analysis":{"keyphraseInTitle":{"score":9,"maxScore":9,"error":0},"keyphraseInDescription":{"score":9,"maxScore":9,"error":0},"keyphraseLength":{"score":9,"maxScore":9,"error":0,"length":1},"keyphraseInURL":{"score":5,"maxScore":5,"error":0},"keyphraseInIntroduction":{"score":9,"maxScore":9,"error":0},"keyphraseInSubHeadings":{"score":3,"maxScore":9,"error":1},"keyphraseInImageAlt":{"score":9,"maxScore":9,"error":0},"keywordDensity":{"type":"best","score":9,"maxScore":9,"error":0}}},"additional":[{"keyphrase":"I+D+i","score":80,"analysis":{"keyphraseInDescription":{"score":9,"maxScore":9,"error":0},"keyphraseLength":{"score":9,"maxScore":9,"error":0,"length":1},"keyphraseInIntroduction":{"score":9,"maxScore":9,"error":0},"keyphraseInImageAlt":{"score":9,"maxScore":9,"error":0},"keywordDensity":{"score":0,"type":"low","maxScore":9,"error":1}}}]},"primary_term":null,"canonical_url":null,"og_title":null,"og_description":null,"og_object_type":"default","og_image_type":"default","og_image_url":null,"og_image_width":null,"og_image_height":null,"og_image_custom_url":null,"og_image_custom_fields":null,"og_video":"","og_custom_url":null,"og_article_section":null,"og_article_tags":null,"twitter_use_og":false,"twitter_card":"default","twitter_image_type":"default","twitter_image_url":null,"twitter_image_custom_url":null,"twitter_image_custom_fields":null,"twitter_title":null,"twitter_description":null,"schema":{"blockGraphs":[],"customGraphs":[],"default":{"data":{"Article":[],"Course":[],"Dataset":[],"FAQPage":[],"Movie":[],"Person":[],"Product":[],"ProductReview":[],"Car":[],"Recipe":[],"Service":[],"SoftwareApplication":[],"WebPage":[]},"graphName":"Article","isEnabled":true},"graphs":[]},"schema_type":"default","schema_type_options":null,"pillar_content":false,"robots_default":true,"robots_noindex":false,"robots_noarchive":false,"robots_nosnippet":false,"robots_nofollow":false,"robots_noimageindex":false,"robots_noodp":false,"robots_notranslate":false,"robots_max_snippet":"-1","robots_max_videopreview":"-1","robots_max_imagepreview":"large","priority":null,"frequency":"default","location":null,"local_seo":null,"seo_analyzer_scan_date":"2026-02-07 20:56:58","breadcrumb_settings":null,"limit_modified_date":false,"reviewed_by":null,"open_ai":null,"ai":{"faqs":[],"keyPoints":[],"titles":[],"descriptions":[],"socialPosts":{"email":[],"linkedin":[],"twitter":[],"facebook":[],"instagram":[]}},"created":"2026-02-07 20:23:05","updated":"2026-02-07 20:56:58"},"aioseo_breadcrumb":"<div class=\"aioseo-breadcrumbs\"><span class=\"aioseo-breadcrumb\">\n\t<a href=\"https:\/\/candas365.es\/noticias\" title=\"Home\">Home<\/a>\n<\/span><span class=\"aioseo-breadcrumb-separator\">&ndash;<\/span><span class=\"aioseo-breadcrumb\">\n\t<a href=\"https:\/\/candas365.es\/noticias\/category\/asturias\/\" title=\"Asturias\">Asturias<\/a>\n<\/span><span class=\"aioseo-breadcrumb-separator\">&ndash;<\/span><span class=\"aioseo-breadcrumb\">\n\tAsturias movilizar\u00e1 42,7 millones para I+D+i en 2026\n<\/span><\/div>","aioseo_breadcrumb_json":[{"label":"Home","link":"https:\/\/candas365.es\/noticias"},{"label":"Asturias","link":"https:\/\/candas365.es\/noticias\/category\/asturias\/"},{"label":"Asturias movilizar\u00e1 42,7 millones para I+D+i en 2026","link":"https:\/\/candas365.es\/noticias\/asturias-movilizara-427-millones-para-idi-en-2026\/"}],"_links":{"self":[{"href":"https:\/\/candas365.es\/noticias\/wp-json\/wp\/v2\/posts\/191885","targetHints":{"allow":["GET"]}}],"collection":[{"href":"https:\/\/candas365.es\/noticias\/wp-json\/wp\/v2\/posts"}],"about":[{"href":"https:\/\/candas365.es\/noticias\/wp-json\/wp\/v2\/types\/post"}],"author":[{"embeddable":true,"href":"https:\/\/candas365.es\/noticias\/wp-json\/wp\/v2\/users\/1"}],"replies":[{"embeddable":true,"href":"https:\/\/candas365.es\/noticias\/wp-json\/wp\/v2\/comments?post=191885"}],"version-history":[{"count":0,"href":"https:\/\/candas365.es\/noticias\/wp-json\/wp\/v2\/posts\/191885\/revisions"}],"wp:featuredmedia":[{"embeddable":true,"href":"https:\/\/candas365.es\/noticias\/wp-json\/wp\/v2\/media\/191886"}],"wp:attachment":[{"href":"https:\/\/candas365.es\/noticias\/wp-json\/wp\/v2\/media?parent=191885"}],"wp:term":[{"taxonomy":"category","embeddable":true,"href":"https:\/\/candas365.es\/noticias\/wp-json\/wp\/v2\/categories?post=191885"},{"taxonomy":"post_tag","embeddable":true,"href":"https:\/\/candas365.es\/noticias\/wp-json\/wp\/v2\/tags?post=191885"}],"curies":[{"name":"wp","href":"https:\/\/api.w.org\/{rel}","templated":true}]}}