{"id":191865,"date":"2026-02-07T06:36:19","date_gmt":"2026-02-07T05:36:19","guid":{"rendered":"https:\/\/candas365.es\/noticias\/?p=191865"},"modified":"2026-02-07T06:36:19","modified_gmt":"2026-02-07T05:36:19","slug":"corvera-apuesta-por-el-programa-aula-mentor","status":"publish","type":"post","link":"https:\/\/candas365.es\/noticias\/corvera-apuesta-por-el-programa-aula-mentor\/","title":{"rendered":"Corvera apuesta por el programa Aula Mentor"},"content":{"rendered":"<p data-start=\"320\" data-end=\"488\"><a title=\"Corvera\" href=\"https:\/\/candas365.es\/noticias\/category\/asturias\/\"><span style=\"color: #ff6600;\"><strong>Corvera<\/strong><\/span><\/a> impulsa el programa Aula Mentor con casi 240 cursos online para mayores de 18 a\u00f1os orientados a mejorar la formaci\u00f3n y la empleabilidad.<\/p>\n<figure id=\"attachment_191866\" aria-describedby=\"caption-attachment-191866\" style=\"width: 650px\" class=\"wp-caption aligncenter\"><img fetchpriority=\"high\" decoding=\"async\" class=\"size-large wp-image-191866\" src=\"https:\/\/candas365.es\/noticias\/wp-content\/uploads\/2026\/02\/Corvera-apuesta-por-el-programa-Aula-Mentor-650x406.jpg\" alt=\"Corvera apuesta por el programa Aula Mentor\" width=\"650\" height=\"406\" srcset=\"https:\/\/candas365.es\/noticias\/wp-content\/uploads\/2026\/02\/Corvera-apuesta-por-el-programa-Aula-Mentor-650x406.jpg 650w, https:\/\/candas365.es\/noticias\/wp-content\/uploads\/2026\/02\/Corvera-apuesta-por-el-programa-Aula-Mentor-360x225.jpg 360w, https:\/\/candas365.es\/noticias\/wp-content\/uploads\/2026\/02\/Corvera-apuesta-por-el-programa-Aula-Mentor-768x479.jpg 768w, https:\/\/candas365.es\/noticias\/wp-content\/uploads\/2026\/02\/Corvera-apuesta-por-el-programa-Aula-Mentor-150x94.jpg 150w, https:\/\/candas365.es\/noticias\/wp-content\/uploads\/2026\/02\/Corvera-apuesta-por-el-programa-Aula-Mentor-450x281.jpg 450w, https:\/\/candas365.es\/noticias\/wp-content\/uploads\/2026\/02\/Corvera-apuesta-por-el-programa-Aula-Mentor.jpg 1070w\" sizes=\"(max-width: 650px) 100vw, 650px\" \/><figcaption id=\"caption-attachment-191866\" class=\"wp-caption-text\">Foto: Prensa Ayuntamiento de Corvera<\/figcaption><\/figure>\n<p data-start=\"495\" data-end=\"878\">El <span style=\"color: #ff6600;\"><a style=\"color: #ff6600;\" href=\"https:\/\/www.corvera.es\/\" target=\"_blank\" rel=\"noopener\"><strong data-start=\"498\" data-end=\"525\">Ayuntamiento de Corvera<\/strong><\/a><\/span> contin\u00faa apostando por el programa estatal Aula Mentor, una iniciativa del Ministerio de Educaci\u00f3n y Formaci\u00f3n Profesional que ofrece cerca de 240 cursos online dirigidos a personas mayores de 18 a\u00f1os interesadas en ampliar conocimientos, mejorar su formaci\u00f3n o reforzar su empleabilidad mediante un aprendizaje flexible y adaptado al ritmo individual.<\/p>\n<p data-start=\"880\" data-end=\"1290\">La matr\u00edcula permanece abierta durante todo el a\u00f1o, excepto en agosto. Las personas interesadas pueden solicitar informaci\u00f3n a trav\u00e9s del correo <span style=\"color: #ff6600;\"><strong>corvera@aulamentor.es<\/strong><\/span> y realizar los cursos desde casa o utilizando los recursos municipales, como el Telecentro del edificio Tom\u00e1s y Valiente, en Las Vegas. El alumnado dispone del apoyo de un tutor o tutora que responde a consultas en un plazo m\u00e1ximo de 48 horas.<\/p>\n<h2 data-start=\"1292\" data-end=\"1339\">Formaci\u00f3n flexible con certificaci\u00f3n oficial<\/h2>\n<p data-start=\"1341\" data-end=\"1630\">El coste de la matr\u00edcula es de 48 euros e incluye 60 d\u00edas de formaci\u00f3n y dos oportunidades para realizar el examen final, que se desarrolla de forma presencial en el Telecentro de Las Vegas. En caso de necesitar m\u00e1s tiempo, es posible ampliar la matr\u00edcula 30 d\u00edas adicionales por 24 euros.<\/p>\n<p data-start=\"1632\" data-end=\"1781\">Al superar la prueba final, el alumnado obtiene un certificado acad\u00e9mico oficial expedido por el Ministerio de Educaci\u00f3n, con validez administrativa.<\/p>\n<h2 data-start=\"1783\" data-end=\"1809\">Amplia oferta formativa<\/h2>\n<p data-start=\"1811\" data-end=\"2039\">La oferta incluye cursos en \u00e1reas como ofim\u00e1tica, educaci\u00f3n, energ\u00eda, salud, ecolog\u00eda, cultura, gesti\u00f3n comercial, recursos humanos o tributos, adem\u00e1s de formaci\u00f3n vinculada al Cat\u00e1logo Nacional de Cualificaciones Profesionales.<\/p>\n<p data-start=\"2041\" data-end=\"2205\">El Ayuntamiento facilita el acceso mediante ordenadores con conexi\u00f3n gratuita en el Telecentro de Las Vegas y en las bibliotecas de Trasona, Los Campos y Cancienes.<\/p>\n<p data-start=\"2207\" data-end=\"2497\">La concejala de Desarrollo Econ\u00f3mico, Roc\u00edo Mart\u00ednez, destac\u00f3 la utilidad del programa como herramienta accesible para mejorar la formaci\u00f3n y las oportunidades laborales sin necesidad de desplazamientos, subrayando adem\u00e1s el valor del certificado oficial obtenido tras completar los cursos.<\/p>\n","protected":false},"excerpt":{"rendered":"<p>Corvera impulsa el programa Aula Mentor con casi 240 cursos online para mayores de 18 a\u00f1os orientados a mejorar la formaci\u00f3n y la empleabilidad. El Ayuntamiento de Corvera contin\u00faa apostando por el programa estatal Aula Mentor, una iniciativa del Ministerio de Educaci\u00f3n y Formaci\u00f3n Profesional que ofrece cerca de 240 cursos online dirigidos a personas<\/p>\n","protected":false},"author":1,"featured_media":191866,"comment_status":"closed","ping_status":"closed","sticky":false,"template":"","format":"standard","meta":{"footnotes":""},"categories":[7],"tags":[380,540],"class_list":{"0":"post-191865","1":"post","2":"type-post","3":"status-publish","4":"format-standard","5":"has-post-thumbnail","7":"category-asturias","8":"tag-asturias","9":"tag-corvera"},"aioseo_notices":[],"aioseo_head":"\n\t\t<!-- All in One SEO Pro 4.9.6.2 - aioseo.com -->\n\t<meta name=\"description\" content=\"Corvera impulsa el programa Aula Mentor con casi 240 cursos online para mayores de 18 a\u00f1os orientados a mejorar la formaci\u00f3n y la empleabilidad.\" \/>\n\t<meta name=\"robots\" content=\"max-image-preview:large\" \/>\n\t<meta name=\"author\" content=\"Cand\u00e1s 365\"\/>\n\t<meta name=\"google-site-verification\" content=\"UA-32230408-1\" \/>\n\t<meta name=\"msvalidate.01\" content=\"354F3CDFB2DA171B47FBE9ABF1F88D5\" \/>\n\t<meta name=\"keywords\" content=\"asturias\" \/>\n\t<link rel=\"canonical\" href=\"https:\/\/candas365.es\/noticias\/corvera-apuesta-por-el-programa-aula-mentor\/\" \/>\n\t<meta name=\"generator\" content=\"All in One SEO Pro (AIOSEO) 4.9.6.2\" \/>\n\t\t<meta property=\"og:locale\" content=\"es_ES\" \/>\n\t\t<meta property=\"og:site_name\" content=\"Cand\u00e1s 365\" \/>\n\t\t<meta property=\"og:type\" content=\"article\" \/>\n\t\t<meta property=\"og:title\" content=\"Corvera apuesta por el programa Aula Mentor | Cand\u00e1s 365\" \/>\n\t\t<meta property=\"og:description\" content=\"Corvera impulsa el programa Aula Mentor con casi 240 cursos online para mayores de 18 a\u00f1os orientados a mejorar la formaci\u00f3n y la empleabilidad.\" \/>\n\t\t<meta property=\"og:url\" content=\"https:\/\/candas365.es\/noticias\/corvera-apuesta-por-el-programa-aula-mentor\/\" \/>\n\t\t<meta property=\"og:image\" content=\"https:\/\/candas365.es\/noticias\/wp-content\/uploads\/2026\/02\/Corvera-apuesta-por-el-programa-Aula-Mentor.jpg\" \/>\n\t\t<meta property=\"og:image:secure_url\" content=\"https:\/\/candas365.es\/noticias\/wp-content\/uploads\/2026\/02\/Corvera-apuesta-por-el-programa-Aula-Mentor.jpg\" \/>\n\t\t<meta property=\"og:image:width\" content=\"1070\" \/>\n\t\t<meta property=\"og:image:height\" content=\"668\" \/>\n\t\t<meta property=\"article:published_time\" content=\"2026-02-07T05:36:19+00:00\" \/>\n\t\t<meta property=\"article:modified_time\" content=\"2026-02-07T05:36:19+00:00\" \/>\n\t\t<meta property=\"article:publisher\" content=\"https:\/\/www.facebook.com\/Nachofdezber\" \/>\n\t\t<meta property=\"article:author\" content=\"https:\/\/www.facebook.com\/carrenoactualidad\" \/>\n\t\t<meta name=\"twitter:card\" content=\"summary_large_image\" \/>\n\t\t<meta name=\"twitter:site\" content=\"@NabercoDigital\" \/>\n\t\t<meta name=\"twitter:title\" content=\"Corvera apuesta por el programa Aula Mentor | Cand\u00e1s 365\" \/>\n\t\t<meta name=\"twitter:description\" content=\"Corvera impulsa el programa Aula Mentor con casi 240 cursos online para mayores de 18 a\u00f1os orientados a mejorar la formaci\u00f3n y la empleabilidad.\" \/>\n\t\t<meta name=\"twitter:creator\" content=\"@nbasturias\" \/>\n\t\t<meta name=\"twitter:image\" content=\"https:\/\/candas365.es\/noticias\/wp-content\/uploads\/2026\/02\/Corvera-apuesta-por-el-programa-Aula-Mentor.jpg\" \/>\n\t\t<meta name=\"twitter:label1\" content=\"Escrito por\" \/>\n\t\t<meta name=\"twitter:data1\" content=\"Cand\u00e1s 365\" \/>\n\t\t<meta name=\"twitter:label2\" content=\"Tiempo de lectura estimado\" \/>\n\t\t<meta name=\"twitter:data2\" content=\"2 minutos\" \/>\n\t\t<script type=\"application\/ld+json\" class=\"aioseo-schema\">\n\t\t\t{\"@context\":\"https:\\\/\\\/schema.org\",\"@graph\":[{\"@type\":\"BreadcrumbList\",\"@id\":\"https:\\\/\\\/candas365.es\\\/noticias\\\/corvera-apuesta-por-el-programa-aula-mentor\\\/#breadcrumblist\",\"itemListElement\":[{\"@type\":\"ListItem\",\"@id\":\"https:\\\/\\\/candas365.es\\\/noticias#listItem\",\"position\":1,\"name\":\"Home\",\"item\":\"https:\\\/\\\/candas365.es\\\/noticias\",\"nextItem\":{\"@type\":\"ListItem\",\"@id\":\"https:\\\/\\\/candas365.es\\\/noticias\\\/category\\\/asturias\\\/#listItem\",\"name\":\"Asturias\"}},{\"@type\":\"ListItem\",\"@id\":\"https:\\\/\\\/candas365.es\\\/noticias\\\/category\\\/asturias\\\/#listItem\",\"position\":2,\"name\":\"Asturias\",\"item\":\"https:\\\/\\\/candas365.es\\\/noticias\\\/category\\\/asturias\\\/\",\"nextItem\":{\"@type\":\"ListItem\",\"@id\":\"https:\\\/\\\/candas365.es\\\/noticias\\\/corvera-apuesta-por-el-programa-aula-mentor\\\/#listItem\",\"name\":\"Corvera apuesta por el programa Aula Mentor\"},\"previousItem\":{\"@type\":\"ListItem\",\"@id\":\"https:\\\/\\\/candas365.es\\\/noticias#listItem\",\"name\":\"Home\"}},{\"@type\":\"ListItem\",\"@id\":\"https:\\\/\\\/candas365.es\\\/noticias\\\/corvera-apuesta-por-el-programa-aula-mentor\\\/#listItem\",\"position\":3,\"name\":\"Corvera apuesta por el programa Aula Mentor\",\"previousItem\":{\"@type\":\"ListItem\",\"@id\":\"https:\\\/\\\/candas365.es\\\/noticias\\\/category\\\/asturias\\\/#listItem\",\"name\":\"Asturias\"}}]},{\"@type\":\"NewsArticle\",\"@id\":\"https:\\\/\\\/candas365.es\\\/noticias\\\/corvera-apuesta-por-el-programa-aula-mentor\\\/#newsarticle\",\"name\":\"Corvera apuesta por el programa Aula Mentor | Cand\\u00e1s 365\",\"headline\":\"Corvera apuesta por el programa Aula Mentor\",\"author\":{\"@id\":\"https:\\\/\\\/candas365.es\\\/noticias\\\/author\\\/admin\\\/#author\"},\"publisher\":{\"@id\":\"https:\\\/\\\/candas365.es\\\/noticias\\\/#organization\"},\"image\":{\"@type\":\"ImageObject\",\"url\":\"https:\\\/\\\/candas365.es\\\/noticias\\\/wp-content\\\/uploads\\\/2026\\\/02\\\/Corvera-apuesta-por-el-programa-Aula-Mentor.jpg\",\"width\":1070,\"height\":668,\"caption\":\"Foto: Prensa Ayuntamiento de Corvera\"},\"datePublished\":\"2026-02-07T06:36:19+01:00\",\"dateModified\":\"2026-02-07T06:36:19+01:00\",\"inLanguage\":\"es-ES\",\"mainEntityOfPage\":{\"@id\":\"https:\\\/\\\/candas365.es\\\/noticias\\\/corvera-apuesta-por-el-programa-aula-mentor\\\/#webpage\"},\"isPartOf\":{\"@id\":\"https:\\\/\\\/candas365.es\\\/noticias\\\/corvera-apuesta-por-el-programa-aula-mentor\\\/#webpage\"},\"articleSection\":\"Asturias, Asturias, Corvera\",\"dateline\":\"Publicado el febrero 7, 2026.\"},{\"@type\":\"Organization\",\"@id\":\"https:\\\/\\\/candas365.es\\\/noticias\\\/#organization\",\"name\":\"Cand\\u00e1s 365\",\"description\":\"Cand\\u00e1s 365 es un diario digital independiente, fundado en 2012, con base en Asturias. Informamos con rigor sobre actualidad, sociedad, cultura y ocio, con una mirada local y global.\",\"url\":\"https:\\\/\\\/candas365.es\\\/noticias\\\/\",\"email\":\"info@candas365.es\",\"telephone\":\"+34652131393\",\"foundingDate\":\"2012-06-10\",\"logo\":{\"@type\":\"ImageObject\",\"url\":\"https:\\\/\\\/candas365.es\\\/noticias\\\/wp-content\\\/uploads\\\/2024\\\/09\\\/Candas-365-Redes.jpg\",\"@id\":\"https:\\\/\\\/candas365.es\\\/noticias\\\/corvera-apuesta-por-el-programa-aula-mentor\\\/#organizationLogo\",\"width\":1152,\"height\":864,\"caption\":\"Cand\\u00e1s 365 Redes\"},\"image\":{\"@id\":\"https:\\\/\\\/candas365.es\\\/noticias\\\/corvera-apuesta-por-el-programa-aula-mentor\\\/#organizationLogo\"},\"sameAs\":[\"https:\\\/\\\/www.facebook.com\\\/Nachofdezber\",\"https:\\\/\\\/x.com\\\/NabercoDigital\",\"https:\\\/\\\/www.instagram.com\\\/nachofdezber\\\/\",\"https:\\\/\\\/www.youtube.com\\\/channel\\\/UCZP-2wLEB9Rv6erhFmqVnvg\"],\"address\":{\"@id\":\"https:\\\/\\\/candas365.es\\\/noticias\\\/#postaladdress\",\"@type\":\"PostalAddress\",\"streetAddress\":\"san antonio 4, san antonio 4\",\"postalCode\":\"33430\",\"addressLocality\":\"Cand\\u00e1s\",\"addressRegion\":\"Asturias\",\"addressCountry\":\"ES\"}},{\"@type\":\"Person\",\"@id\":\"https:\\\/\\\/candas365.es\\\/noticias\\\/author\\\/admin\\\/#author\",\"url\":\"https:\\\/\\\/candas365.es\\\/noticias\\\/author\\\/admin\\\/\",\"name\":\"Cand\\u00e1s 365\",\"image\":{\"@type\":\"ImageObject\",\"@id\":\"https:\\\/\\\/candas365.es\\\/noticias\\\/corvera-apuesta-por-el-programa-aula-mentor\\\/#authorImage\",\"url\":\"https:\\\/\\\/secure.gravatar.com\\\/avatar\\\/496a8e03d0c493ede1718b7934145dbdf8d89be1036b0eec9544e1094c9de390?s=96&d=mm&r=g\",\"width\":96,\"height\":96,\"caption\":\"Cand\\u00e1s 365\"},\"sameAs\":[\"https:\\\/\\\/www.facebook.com\\\/carrenoactualidad\",\"https:\\\/\\\/twitter.com\\\/nbasturias\",\"https:\\\/\\\/www.instagram.com\\\/nachofdezber\\\/\",\"https:\\\/\\\/www.youtube.com\\\/channel\\\/UCZP-2wLEB9Rv6erhFmqVnvg\"]},{\"@type\":\"WebPage\",\"@id\":\"https:\\\/\\\/candas365.es\\\/noticias\\\/corvera-apuesta-por-el-programa-aula-mentor\\\/#webpage\",\"url\":\"https:\\\/\\\/candas365.es\\\/noticias\\\/corvera-apuesta-por-el-programa-aula-mentor\\\/\",\"name\":\"Corvera apuesta por el programa Aula Mentor | Cand\\u00e1s 365\",\"description\":\"Corvera impulsa el programa Aula Mentor con casi 240 cursos online para mayores de 18 a\\u00f1os orientados a mejorar la formaci\\u00f3n y la empleabilidad.\",\"inLanguage\":\"es-ES\",\"isPartOf\":{\"@id\":\"https:\\\/\\\/candas365.es\\\/noticias\\\/#website\"},\"breadcrumb\":{\"@id\":\"https:\\\/\\\/candas365.es\\\/noticias\\\/corvera-apuesta-por-el-programa-aula-mentor\\\/#breadcrumblist\"},\"author\":{\"@id\":\"https:\\\/\\\/candas365.es\\\/noticias\\\/author\\\/admin\\\/#author\"},\"creator\":{\"@id\":\"https:\\\/\\\/candas365.es\\\/noticias\\\/author\\\/admin\\\/#author\"},\"image\":{\"@type\":\"ImageObject\",\"url\":\"https:\\\/\\\/candas365.es\\\/noticias\\\/wp-content\\\/uploads\\\/2026\\\/02\\\/Corvera-apuesta-por-el-programa-Aula-Mentor.jpg\",\"@id\":\"https:\\\/\\\/candas365.es\\\/noticias\\\/corvera-apuesta-por-el-programa-aula-mentor\\\/#mainImage\",\"width\":1070,\"height\":668,\"caption\":\"Foto: Prensa Ayuntamiento de Corvera\"},\"primaryImageOfPage\":{\"@id\":\"https:\\\/\\\/candas365.es\\\/noticias\\\/corvera-apuesta-por-el-programa-aula-mentor\\\/#mainImage\"},\"datePublished\":\"2026-02-07T06:36:19+01:00\",\"dateModified\":\"2026-02-07T06:36:19+01:00\"},{\"@type\":\"WebSite\",\"@id\":\"https:\\\/\\\/candas365.es\\\/noticias\\\/#website\",\"url\":\"https:\\\/\\\/candas365.es\\\/noticias\\\/\",\"name\":\"Cand\\u00e1s 365\",\"alternateName\":\"Cand\\u00e1s 365 Noticias\",\"description\":\"Actualidad desde Carre\\u00f1o para el mundo\",\"inLanguage\":\"es-ES\",\"publisher\":{\"@id\":\"https:\\\/\\\/candas365.es\\\/noticias\\\/#organization\"}}]}\n\t\t<\/script>\n\t\t<!-- All in One SEO Pro -->\r\n\t\t<title>Corvera apuesta por el programa Aula Mentor | Cand\u00e1s 365<\/title>\n\n","aioseo_head_json":{"title":"Corvera apuesta por el programa Aula Mentor | Cand\u00e1s 365","description":"Corvera impulsa el programa Aula Mentor con casi 240 cursos online para mayores de 18 a\u00f1os orientados a mejorar la formaci\u00f3n y la empleabilidad.","canonical_url":"https:\/\/candas365.es\/noticias\/corvera-apuesta-por-el-programa-aula-mentor\/","robots":"max-image-preview:large","keywords":"asturias","webmasterTools":{"google-site-verification":"UA-32230408-1","msvalidate.01":"354F3CDFB2DA171B47FBE9ABF1F88D5","miscellaneous":""},"schema":{"@context":"https:\/\/schema.org","@graph":[{"@type":"BreadcrumbList","@id":"https:\/\/candas365.es\/noticias\/corvera-apuesta-por-el-programa-aula-mentor\/#breadcrumblist","itemListElement":[{"@type":"ListItem","@id":"https:\/\/candas365.es\/noticias#listItem","position":1,"name":"Home","item":"https:\/\/candas365.es\/noticias","nextItem":{"@type":"ListItem","@id":"https:\/\/candas365.es\/noticias\/category\/asturias\/#listItem","name":"Asturias"}},{"@type":"ListItem","@id":"https:\/\/candas365.es\/noticias\/category\/asturias\/#listItem","position":2,"name":"Asturias","item":"https:\/\/candas365.es\/noticias\/category\/asturias\/","nextItem":{"@type":"ListItem","@id":"https:\/\/candas365.es\/noticias\/corvera-apuesta-por-el-programa-aula-mentor\/#listItem","name":"Corvera apuesta por el programa Aula Mentor"},"previousItem":{"@type":"ListItem","@id":"https:\/\/candas365.es\/noticias#listItem","name":"Home"}},{"@type":"ListItem","@id":"https:\/\/candas365.es\/noticias\/corvera-apuesta-por-el-programa-aula-mentor\/#listItem","position":3,"name":"Corvera apuesta por el programa Aula Mentor","previousItem":{"@type":"ListItem","@id":"https:\/\/candas365.es\/noticias\/category\/asturias\/#listItem","name":"Asturias"}}]},{"@type":"NewsArticle","@id":"https:\/\/candas365.es\/noticias\/corvera-apuesta-por-el-programa-aula-mentor\/#newsarticle","name":"Corvera apuesta por el programa Aula Mentor | Cand\u00e1s 365","headline":"Corvera apuesta por el programa Aula Mentor","author":{"@id":"https:\/\/candas365.es\/noticias\/author\/admin\/#author"},"publisher":{"@id":"https:\/\/candas365.es\/noticias\/#organization"},"image":{"@type":"ImageObject","url":"https:\/\/candas365.es\/noticias\/wp-content\/uploads\/2026\/02\/Corvera-apuesta-por-el-programa-Aula-Mentor.jpg","width":1070,"height":668,"caption":"Foto: Prensa Ayuntamiento de Corvera"},"datePublished":"2026-02-07T06:36:19+01:00","dateModified":"2026-02-07T06:36:19+01:00","inLanguage":"es-ES","mainEntityOfPage":{"@id":"https:\/\/candas365.es\/noticias\/corvera-apuesta-por-el-programa-aula-mentor\/#webpage"},"isPartOf":{"@id":"https:\/\/candas365.es\/noticias\/corvera-apuesta-por-el-programa-aula-mentor\/#webpage"},"articleSection":"Asturias, Asturias, Corvera","dateline":"Publicado el febrero 7, 2026."},{"@type":"Organization","@id":"https:\/\/candas365.es\/noticias\/#organization","name":"Cand\u00e1s 365","description":"Cand\u00e1s 365 es un diario digital independiente, fundado en 2012, con base en Asturias. Informamos con rigor sobre actualidad, sociedad, cultura y ocio, con una mirada local y global.","url":"https:\/\/candas365.es\/noticias\/","email":"info@candas365.es","telephone":"+34652131393","foundingDate":"2012-06-10","logo":{"@type":"ImageObject","url":"https:\/\/candas365.es\/noticias\/wp-content\/uploads\/2024\/09\/Candas-365-Redes.jpg","@id":"https:\/\/candas365.es\/noticias\/corvera-apuesta-por-el-programa-aula-mentor\/#organizationLogo","width":1152,"height":864,"caption":"Cand\u00e1s 365 Redes"},"image":{"@id":"https:\/\/candas365.es\/noticias\/corvera-apuesta-por-el-programa-aula-mentor\/#organizationLogo"},"sameAs":["https:\/\/www.facebook.com\/Nachofdezber","https:\/\/x.com\/NabercoDigital","https:\/\/www.instagram.com\/nachofdezber\/","https:\/\/www.youtube.com\/channel\/UCZP-2wLEB9Rv6erhFmqVnvg"],"address":{"@id":"https:\/\/candas365.es\/noticias\/#postaladdress","@type":"PostalAddress","streetAddress":"san antonio 4, san antonio 4","postalCode":"33430","addressLocality":"Cand\u00e1s","addressRegion":"Asturias","addressCountry":"ES"}},{"@type":"Person","@id":"https:\/\/candas365.es\/noticias\/author\/admin\/#author","url":"https:\/\/candas365.es\/noticias\/author\/admin\/","name":"Cand\u00e1s 365","image":{"@type":"ImageObject","@id":"https:\/\/candas365.es\/noticias\/corvera-apuesta-por-el-programa-aula-mentor\/#authorImage","url":"https:\/\/secure.gravatar.com\/avatar\/496a8e03d0c493ede1718b7934145dbdf8d89be1036b0eec9544e1094c9de390?s=96&d=mm&r=g","width":96,"height":96,"caption":"Cand\u00e1s 365"},"sameAs":["https:\/\/www.facebook.com\/carrenoactualidad","https:\/\/twitter.com\/nbasturias","https:\/\/www.instagram.com\/nachofdezber\/","https:\/\/www.youtube.com\/channel\/UCZP-2wLEB9Rv6erhFmqVnvg"]},{"@type":"WebPage","@id":"https:\/\/candas365.es\/noticias\/corvera-apuesta-por-el-programa-aula-mentor\/#webpage","url":"https:\/\/candas365.es\/noticias\/corvera-apuesta-por-el-programa-aula-mentor\/","name":"Corvera apuesta por el programa Aula Mentor | Cand\u00e1s 365","description":"Corvera impulsa el programa Aula Mentor con casi 240 cursos online para mayores de 18 a\u00f1os orientados a mejorar la formaci\u00f3n y la empleabilidad.","inLanguage":"es-ES","isPartOf":{"@id":"https:\/\/candas365.es\/noticias\/#website"},"breadcrumb":{"@id":"https:\/\/candas365.es\/noticias\/corvera-apuesta-por-el-programa-aula-mentor\/#breadcrumblist"},"author":{"@id":"https:\/\/candas365.es\/noticias\/author\/admin\/#author"},"creator":{"@id":"https:\/\/candas365.es\/noticias\/author\/admin\/#author"},"image":{"@type":"ImageObject","url":"https:\/\/candas365.es\/noticias\/wp-content\/uploads\/2026\/02\/Corvera-apuesta-por-el-programa-Aula-Mentor.jpg","@id":"https:\/\/candas365.es\/noticias\/corvera-apuesta-por-el-programa-aula-mentor\/#mainImage","width":1070,"height":668,"caption":"Foto: Prensa Ayuntamiento de Corvera"},"primaryImageOfPage":{"@id":"https:\/\/candas365.es\/noticias\/corvera-apuesta-por-el-programa-aula-mentor\/#mainImage"},"datePublished":"2026-02-07T06:36:19+01:00","dateModified":"2026-02-07T06:36:19+01:00"},{"@type":"WebSite","@id":"https:\/\/candas365.es\/noticias\/#website","url":"https:\/\/candas365.es\/noticias\/","name":"Cand\u00e1s 365","alternateName":"Cand\u00e1s 365 Noticias","description":"Actualidad desde Carre\u00f1o para el mundo","inLanguage":"es-ES","publisher":{"@id":"https:\/\/candas365.es\/noticias\/#organization"}}]},"og:locale":"es_ES","og:site_name":"Cand\u00e1s 365","og:type":"article","og:title":"Corvera apuesta por el programa Aula Mentor | Cand\u00e1s 365","og:description":"Corvera impulsa el programa Aula Mentor con casi 240 cursos online para mayores de 18 a\u00f1os orientados a mejorar la formaci\u00f3n y la empleabilidad.","og:url":"https:\/\/candas365.es\/noticias\/corvera-apuesta-por-el-programa-aula-mentor\/","og:image":"https:\/\/candas365.es\/noticias\/wp-content\/uploads\/2026\/02\/Corvera-apuesta-por-el-programa-Aula-Mentor.jpg","og:image:secure_url":"https:\/\/candas365.es\/noticias\/wp-content\/uploads\/2026\/02\/Corvera-apuesta-por-el-programa-Aula-Mentor.jpg","og:image:width":1070,"og:image:height":668,"article:published_time":"2026-02-07T05:36:19+00:00","article:modified_time":"2026-02-07T05:36:19+00:00","article:publisher":"https:\/\/www.facebook.com\/Nachofdezber","article:author":"https:\/\/www.facebook.com\/carrenoactualidad","twitter:card":"summary_large_image","twitter:site":"@NabercoDigital","twitter:title":"Corvera apuesta por el programa Aula Mentor | Cand\u00e1s 365","twitter:description":"Corvera impulsa el programa Aula Mentor con casi 240 cursos online para mayores de 18 a\u00f1os orientados a mejorar la formaci\u00f3n y la empleabilidad.","twitter:creator":"@nbasturias","twitter:image":"https:\/\/candas365.es\/noticias\/wp-content\/uploads\/2026\/02\/Corvera-apuesta-por-el-programa-Aula-Mentor.jpg","twitter:label1":"Escrito por","twitter:data1":"Cand\u00e1s 365","twitter:label2":"Tiempo de lectura estimado","twitter:data2":"2 minutos"},"aioseo_meta_data":{"post_id":"191865","title":null,"description":"Corvera impulsa el programa Aula Mentor con casi 240 cursos online para mayores de 18 a\u00f1os orientados a mejorar la formaci\u00f3n y la empleabilidad.","keywords":null,"keyphrases":{"focus":{"keyphrase":"Corvera","score":91,"analysis":{"keyphraseInTitle":{"score":9,"maxScore":9,"error":0},"keyphraseInDescription":{"score":9,"maxScore":9,"error":0},"keyphraseLength":{"score":9,"maxScore":9,"error":0,"length":1},"keyphraseInURL":{"score":5,"maxScore":5,"error":0},"keyphraseInIntroduction":{"score":9,"maxScore":9,"error":0},"keyphraseInSubHeadings":{"score":3,"maxScore":9,"error":1},"keyphraseInImageAlt":{"score":9,"maxScore":9,"error":0},"keywordDensity":{"type":"best","score":9,"maxScore":9,"error":0}}},"additional":[{"keyphrase":"Aula Mentor","score":100,"analysis":{"keyphraseInDescription":{"score":9,"maxScore":9,"error":0},"keyphraseLength":{"score":9,"maxScore":9,"error":0,"length":2},"keyphraseInIntroduction":{"score":9,"maxScore":9,"error":0},"keyphraseInImageAlt":{"score":9,"maxScore":9,"error":0},"keywordDensity":{"type":"best","score":9,"maxScore":9,"error":0}}}]},"primary_term":null,"canonical_url":null,"og_title":null,"og_description":null,"og_object_type":"default","og_image_type":"default","og_image_url":null,"og_image_width":null,"og_image_height":null,"og_image_custom_url":null,"og_image_custom_fields":null,"og_video":"","og_custom_url":null,"og_article_section":null,"og_article_tags":null,"twitter_use_og":false,"twitter_card":"default","twitter_image_type":"default","twitter_image_url":null,"twitter_image_custom_url":null,"twitter_image_custom_fields":null,"twitter_title":null,"twitter_description":null,"schema":{"blockGraphs":[],"customGraphs":[],"default":{"data":{"Article":[],"Course":[],"Dataset":[],"FAQPage":[],"Movie":[],"Person":[],"Product":[],"ProductReview":[],"Car":[],"Recipe":[],"Service":[],"SoftwareApplication":[],"WebPage":[]},"graphName":"Article","isEnabled":true},"graphs":[]},"schema_type":"default","schema_type_options":null,"pillar_content":false,"robots_default":true,"robots_noindex":false,"robots_noarchive":false,"robots_nosnippet":false,"robots_nofollow":false,"robots_noimageindex":false,"robots_noodp":false,"robots_notranslate":false,"robots_max_snippet":"-1","robots_max_videopreview":"-1","robots_max_imagepreview":"large","priority":null,"frequency":"default","location":null,"local_seo":null,"seo_analyzer_scan_date":"2026-02-07 05:50:47","breadcrumb_settings":null,"limit_modified_date":false,"reviewed_by":null,"open_ai":null,"ai":{"faqs":[],"keyPoints":[],"titles":[],"descriptions":[],"socialPosts":{"email":[],"linkedin":[],"twitter":[],"facebook":[],"instagram":[]}},"created":"2026-02-07 05:25:24","updated":"2026-02-07 05:50:47"},"aioseo_breadcrumb":"<div class=\"aioseo-breadcrumbs\"><span class=\"aioseo-breadcrumb\">\n\t<a href=\"https:\/\/candas365.es\/noticias\" title=\"Home\">Home<\/a>\n<\/span><span class=\"aioseo-breadcrumb-separator\">&ndash;<\/span><span class=\"aioseo-breadcrumb\">\n\t<a href=\"https:\/\/candas365.es\/noticias\/category\/asturias\/\" title=\"Asturias\">Asturias<\/a>\n<\/span><span class=\"aioseo-breadcrumb-separator\">&ndash;<\/span><span class=\"aioseo-breadcrumb\">\n\tCorvera apuesta por el programa Aula Mentor\n<\/span><\/div>","aioseo_breadcrumb_json":[{"label":"Home","link":"https:\/\/candas365.es\/noticias"},{"label":"Asturias","link":"https:\/\/candas365.es\/noticias\/category\/asturias\/"},{"label":"Corvera apuesta por el programa Aula Mentor","link":"https:\/\/candas365.es\/noticias\/corvera-apuesta-por-el-programa-aula-mentor\/"}],"_links":{"self":[{"href":"https:\/\/candas365.es\/noticias\/wp-json\/wp\/v2\/posts\/191865","targetHints":{"allow":["GET"]}}],"collection":[{"href":"https:\/\/candas365.es\/noticias\/wp-json\/wp\/v2\/posts"}],"about":[{"href":"https:\/\/candas365.es\/noticias\/wp-json\/wp\/v2\/types\/post"}],"author":[{"embeddable":true,"href":"https:\/\/candas365.es\/noticias\/wp-json\/wp\/v2\/users\/1"}],"replies":[{"embeddable":true,"href":"https:\/\/candas365.es\/noticias\/wp-json\/wp\/v2\/comments?post=191865"}],"version-history":[{"count":0,"href":"https:\/\/candas365.es\/noticias\/wp-json\/wp\/v2\/posts\/191865\/revisions"}],"wp:featuredmedia":[{"embeddable":true,"href":"https:\/\/candas365.es\/noticias\/wp-json\/wp\/v2\/media\/191866"}],"wp:attachment":[{"href":"https:\/\/candas365.es\/noticias\/wp-json\/wp\/v2\/media?parent=191865"}],"wp:term":[{"taxonomy":"category","embeddable":true,"href":"https:\/\/candas365.es\/noticias\/wp-json\/wp\/v2\/categories?post=191865"},{"taxonomy":"post_tag","embeddable":true,"href":"https:\/\/candas365.es\/noticias\/wp-json\/wp\/v2\/tags?post=191865"}],"curies":[{"name":"wp","href":"https:\/\/api.w.org\/{rel}","templated":true}]}}