{"id":191856,"date":"2026-02-06T21:50:10","date_gmt":"2026-02-06T20:50:10","guid":{"rendered":"https:\/\/candas365.es\/noticias\/?p=191856"},"modified":"2026-02-06T21:50:10","modified_gmt":"2026-02-06T20:50:10","slug":"asturias-anima-a-los-jovenes-a-defender-una-europa-social","status":"publish","type":"post","link":"https:\/\/candas365.es\/noticias\/asturias-anima-a-los-jovenes-a-defender-una-europa-social\/","title":{"rendered":"Asturias anima a los j\u00f3venes a defender una Europa social"},"content":{"rendered":"<p data-start=\"379\" data-end=\"562\">Asturias participa en Terraza Europa con j\u00f3venes de toda Espa\u00f1a para impulsar una <a href=\"https:\/\/candas365.es\/noticias\/category\/internacional\/\"><span style=\"color: #ff6600;\"><strong>Uni\u00f3n Europea<\/strong><\/span><\/a> centrada en derechos sociales y participaci\u00f3n juvenil.<\/p>\n<figure id=\"attachment_191857\" aria-describedby=\"caption-attachment-191857\" style=\"width: 650px\" class=\"wp-caption aligncenter\"><img fetchpriority=\"high\" decoding=\"async\" class=\"size-large wp-image-191857\" src=\"https:\/\/candas365.es\/noticias\/wp-content\/uploads\/2026\/02\/Asturias-anima-a-los-jovenes-a-defender-una-Europa-social-650x472.jpg\" alt=\"Asturias anima a los j\u00f3venes a defender una Europa social\" width=\"650\" height=\"472\" srcset=\"https:\/\/candas365.es\/noticias\/wp-content\/uploads\/2026\/02\/Asturias-anima-a-los-jovenes-a-defender-una-Europa-social-650x472.jpg 650w, https:\/\/candas365.es\/noticias\/wp-content\/uploads\/2026\/02\/Asturias-anima-a-los-jovenes-a-defender-una-Europa-social-360x261.jpg 360w, https:\/\/candas365.es\/noticias\/wp-content\/uploads\/2026\/02\/Asturias-anima-a-los-jovenes-a-defender-una-Europa-social-768x558.jpg 768w, https:\/\/candas365.es\/noticias\/wp-content\/uploads\/2026\/02\/Asturias-anima-a-los-jovenes-a-defender-una-Europa-social-150x109.jpg 150w, https:\/\/candas365.es\/noticias\/wp-content\/uploads\/2026\/02\/Asturias-anima-a-los-jovenes-a-defender-una-Europa-social-450x327.jpg 450w, https:\/\/candas365.es\/noticias\/wp-content\/uploads\/2026\/02\/Asturias-anima-a-los-jovenes-a-defender-una-Europa-social.jpg 1103w\" sizes=\"(max-width: 650px) 100vw, 650px\" \/><figcaption id=\"caption-attachment-191857\" class=\"wp-caption-text\">Foto: Prensa Principado de Asturias<\/figcaption><\/figure>\n<p data-start=\"569\" data-end=\"1012\">La viceconsejera de Derechos Ciudadanos, Beatriz Gonz\u00e1lez Prieto, particip\u00f3 en el encuentro Terraza Europa, celebrado en la sede del Instituto de la Juventud, donde defendi\u00f3 la necesidad de consolidar una Europa centrada en los derechos sociales frente a un modelo basado \u00fanicamente en los mercados. El acto, impulsado por el Parlamento Europeo, reuni\u00f3 a j\u00f3venes procedentes de distintos puntos del pa\u00eds junto a representantes institucionales.<\/p>\n<h2 data-start=\"1014\" data-end=\"1055\">Juventud y futuro del proyecto europeo<\/h2>\n<p data-start=\"1057\" data-end=\"1385\">Durante su intervenci\u00f3n, Gonz\u00e1lez Prieto destac\u00f3 que la entrada de Espa\u00f1a en la Uni\u00f3n Europea supuso la consolidaci\u00f3n democr\u00e1tica y anim\u00f3 a las nuevas generaciones a asumir un papel activo en un contexto marcado por cambios globales. Seg\u00fan se\u00f1al\u00f3, la juventud debe situar los derechos sociales en el centro del proyecto europeo.<\/p>\n<p data-start=\"1387\" data-end=\"1551\">En el encuentro participaron tambi\u00e9n los eurodiputados Jon\u00e1s Fern\u00e1ndez y Susana Sol\u00eds, as\u00ed como el director general de Juventud, Francisco de As\u00eds Fern\u00e1ndez Olanda.<\/p>\n<h2 data-start=\"1553\" data-end=\"1593\">Reflexi\u00f3n sobre la evoluci\u00f3n de la UE<\/h2>\n<p data-start=\"1595\" data-end=\"1885\">La viceconsejera del <span style=\"color: #ff6600;\"><a style=\"color: #ff6600;\" href=\"https:\/\/actualidad.asturias.es\/\" target=\"_blank\" rel=\"noopener\"><strong>Principado<\/strong><\/a><\/span> record\u00f3 que el proyecto comunitario naci\u00f3 con un enfoque principalmente econ\u00f3mico y que su evoluci\u00f3n hacia una dimensi\u00f3n pol\u00edtica ha sido compleja. En este sentido, apel\u00f3 a la implicaci\u00f3n juvenil para avanzar hacia una Europa m\u00e1s cohesionada y orientada a una paz duradera.<\/p>\n","protected":false},"excerpt":{"rendered":"<p>Asturias participa en Terraza Europa con j\u00f3venes de toda Espa\u00f1a para impulsar una Uni\u00f3n Europea centrada en derechos sociales y participaci\u00f3n juvenil. La viceconsejera de Derechos Ciudadanos, Beatriz Gonz\u00e1lez Prieto, particip\u00f3 en el encuentro Terraza Europa, celebrado en la sede del Instituto de la Juventud, donde defendi\u00f3 la necesidad de consolidar una Europa centrada en<\/p>\n","protected":false},"author":1,"featured_media":191857,"comment_status":"closed","ping_status":"closed","sticky":false,"template":"","format":"standard","meta":{"footnotes":""},"categories":[7],"tags":[380],"class_list":{"0":"post-191856","1":"post","2":"type-post","3":"status-publish","4":"format-standard","5":"has-post-thumbnail","7":"category-asturias","8":"tag-asturias"},"aioseo_notices":[],"aioseo_head":"\n\t\t<!-- All in One SEO Pro 4.9.6.2 - aioseo.com -->\n\t<meta name=\"description\" content=\"Asturias participa en Terraza Europa con j\u00f3venes de toda Espa\u00f1a para impulsar una Uni\u00f3n Europea centrada en derechos sociales y participaci\u00f3n juvenil.\" \/>\n\t<meta name=\"robots\" content=\"max-image-preview:large\" \/>\n\t<meta name=\"author\" content=\"Cand\u00e1s 365\"\/>\n\t<meta name=\"google-site-verification\" content=\"UA-32230408-1\" \/>\n\t<meta name=\"msvalidate.01\" content=\"354F3CDFB2DA171B47FBE9ABF1F88D5\" \/>\n\t<meta name=\"keywords\" content=\"asturias\" \/>\n\t<link rel=\"canonical\" href=\"https:\/\/candas365.es\/noticias\/asturias-anima-a-los-jovenes-a-defender-una-europa-social\/\" \/>\n\t<meta name=\"generator\" content=\"All in One SEO Pro (AIOSEO) 4.9.6.2\" \/>\n\t\t<meta property=\"og:locale\" content=\"es_ES\" \/>\n\t\t<meta property=\"og:site_name\" content=\"Cand\u00e1s 365\" \/>\n\t\t<meta property=\"og:type\" content=\"article\" \/>\n\t\t<meta property=\"og:title\" content=\"Asturias anima a los j\u00f3venes a defender una Europa social | Cand\u00e1s 365\" \/>\n\t\t<meta property=\"og:description\" content=\"Asturias participa en Terraza Europa con j\u00f3venes de toda Espa\u00f1a para impulsar una Uni\u00f3n Europea centrada en derechos sociales y participaci\u00f3n juvenil.\" \/>\n\t\t<meta property=\"og:url\" content=\"https:\/\/candas365.es\/noticias\/asturias-anima-a-los-jovenes-a-defender-una-europa-social\/\" \/>\n\t\t<meta property=\"og:image\" content=\"https:\/\/candas365.es\/noticias\/wp-content\/uploads\/2026\/02\/Asturias-anima-a-los-jovenes-a-defender-una-Europa-social.jpg\" \/>\n\t\t<meta property=\"og:image:secure_url\" content=\"https:\/\/candas365.es\/noticias\/wp-content\/uploads\/2026\/02\/Asturias-anima-a-los-jovenes-a-defender-una-Europa-social.jpg\" \/>\n\t\t<meta property=\"og:image:width\" content=\"1103\" \/>\n\t\t<meta property=\"og:image:height\" content=\"801\" \/>\n\t\t<meta property=\"article:published_time\" content=\"2026-02-06T20:50:10+00:00\" \/>\n\t\t<meta property=\"article:modified_time\" content=\"2026-02-06T20:50:10+00:00\" \/>\n\t\t<meta property=\"article:publisher\" content=\"https:\/\/www.facebook.com\/Nachofdezber\" \/>\n\t\t<meta property=\"article:author\" content=\"https:\/\/www.facebook.com\/carrenoactualidad\" \/>\n\t\t<meta name=\"twitter:card\" content=\"summary_large_image\" \/>\n\t\t<meta name=\"twitter:site\" content=\"@NabercoDigital\" \/>\n\t\t<meta name=\"twitter:title\" content=\"Asturias anima a los j\u00f3venes a defender una Europa social | Cand\u00e1s 365\" \/>\n\t\t<meta name=\"twitter:description\" content=\"Asturias participa en Terraza Europa con j\u00f3venes de toda Espa\u00f1a para impulsar una Uni\u00f3n Europea centrada en derechos sociales y participaci\u00f3n juvenil.\" \/>\n\t\t<meta name=\"twitter:creator\" content=\"@nbasturias\" \/>\n\t\t<meta name=\"twitter:image\" content=\"https:\/\/candas365.es\/noticias\/wp-content\/uploads\/2026\/02\/Asturias-anima-a-los-jovenes-a-defender-una-Europa-social.jpg\" \/>\n\t\t<meta name=\"twitter:label1\" content=\"Escrito por\" \/>\n\t\t<meta name=\"twitter:data1\" content=\"Cand\u00e1s 365\" \/>\n\t\t<meta name=\"twitter:label2\" content=\"Tiempo de lectura estimado\" \/>\n\t\t<meta name=\"twitter:data2\" content=\"1 minuto\" \/>\n\t\t<script type=\"application\/ld+json\" class=\"aioseo-schema\">\n\t\t\t{\"@context\":\"https:\\\/\\\/schema.org\",\"@graph\":[{\"@type\":\"BreadcrumbList\",\"@id\":\"https:\\\/\\\/candas365.es\\\/noticias\\\/asturias-anima-a-los-jovenes-a-defender-una-europa-social\\\/#breadcrumblist\",\"itemListElement\":[{\"@type\":\"ListItem\",\"@id\":\"https:\\\/\\\/candas365.es\\\/noticias#listItem\",\"position\":1,\"name\":\"Home\",\"item\":\"https:\\\/\\\/candas365.es\\\/noticias\",\"nextItem\":{\"@type\":\"ListItem\",\"@id\":\"https:\\\/\\\/candas365.es\\\/noticias\\\/category\\\/asturias\\\/#listItem\",\"name\":\"Asturias\"}},{\"@type\":\"ListItem\",\"@id\":\"https:\\\/\\\/candas365.es\\\/noticias\\\/category\\\/asturias\\\/#listItem\",\"position\":2,\"name\":\"Asturias\",\"item\":\"https:\\\/\\\/candas365.es\\\/noticias\\\/category\\\/asturias\\\/\",\"nextItem\":{\"@type\":\"ListItem\",\"@id\":\"https:\\\/\\\/candas365.es\\\/noticias\\\/asturias-anima-a-los-jovenes-a-defender-una-europa-social\\\/#listItem\",\"name\":\"Asturias anima a los j\\u00f3venes a defender una Europa social\"},\"previousItem\":{\"@type\":\"ListItem\",\"@id\":\"https:\\\/\\\/candas365.es\\\/noticias#listItem\",\"name\":\"Home\"}},{\"@type\":\"ListItem\",\"@id\":\"https:\\\/\\\/candas365.es\\\/noticias\\\/asturias-anima-a-los-jovenes-a-defender-una-europa-social\\\/#listItem\",\"position\":3,\"name\":\"Asturias anima a los j\\u00f3venes a defender una Europa social\",\"previousItem\":{\"@type\":\"ListItem\",\"@id\":\"https:\\\/\\\/candas365.es\\\/noticias\\\/category\\\/asturias\\\/#listItem\",\"name\":\"Asturias\"}}]},{\"@type\":\"NewsArticle\",\"@id\":\"https:\\\/\\\/candas365.es\\\/noticias\\\/asturias-anima-a-los-jovenes-a-defender-una-europa-social\\\/#newsarticle\",\"name\":\"Asturias anima a los j\\u00f3venes a defender una Europa social | Cand\\u00e1s 365\",\"headline\":\"Asturias anima a los j\\u00f3venes a defender una Europa social\",\"author\":{\"@id\":\"https:\\\/\\\/candas365.es\\\/noticias\\\/author\\\/admin\\\/#author\"},\"publisher\":{\"@id\":\"https:\\\/\\\/candas365.es\\\/noticias\\\/#organization\"},\"image\":{\"@type\":\"ImageObject\",\"url\":\"https:\\\/\\\/candas365.es\\\/noticias\\\/wp-content\\\/uploads\\\/2026\\\/02\\\/Asturias-anima-a-los-jovenes-a-defender-una-Europa-social.jpg\",\"width\":1103,\"height\":801,\"caption\":\"Foto: Prensa Principado de Asturias\"},\"datePublished\":\"2026-02-06T21:50:10+01:00\",\"dateModified\":\"2026-02-06T21:50:10+01:00\",\"inLanguage\":\"es-ES\",\"mainEntityOfPage\":{\"@id\":\"https:\\\/\\\/candas365.es\\\/noticias\\\/asturias-anima-a-los-jovenes-a-defender-una-europa-social\\\/#webpage\"},\"isPartOf\":{\"@id\":\"https:\\\/\\\/candas365.es\\\/noticias\\\/asturias-anima-a-los-jovenes-a-defender-una-europa-social\\\/#webpage\"},\"articleSection\":\"Asturias, Asturias\",\"dateline\":\"Publicado el febrero 6, 2026.\"},{\"@type\":\"Organization\",\"@id\":\"https:\\\/\\\/candas365.es\\\/noticias\\\/#organization\",\"name\":\"Cand\\u00e1s 365\",\"description\":\"Cand\\u00e1s 365 es un diario digital independiente, fundado en 2012, con base en Asturias. Informamos con rigor sobre actualidad, sociedad, cultura y ocio, con una mirada local y global.\",\"url\":\"https:\\\/\\\/candas365.es\\\/noticias\\\/\",\"email\":\"info@candas365.es\",\"telephone\":\"+34652131393\",\"foundingDate\":\"2012-06-10\",\"logo\":{\"@type\":\"ImageObject\",\"url\":\"https:\\\/\\\/candas365.es\\\/noticias\\\/wp-content\\\/uploads\\\/2024\\\/09\\\/Candas-365-Redes.jpg\",\"@id\":\"https:\\\/\\\/candas365.es\\\/noticias\\\/asturias-anima-a-los-jovenes-a-defender-una-europa-social\\\/#organizationLogo\",\"width\":1152,\"height\":864,\"caption\":\"Cand\\u00e1s 365 Redes\"},\"image\":{\"@id\":\"https:\\\/\\\/candas365.es\\\/noticias\\\/asturias-anima-a-los-jovenes-a-defender-una-europa-social\\\/#organizationLogo\"},\"sameAs\":[\"https:\\\/\\\/www.facebook.com\\\/Nachofdezber\",\"https:\\\/\\\/x.com\\\/NabercoDigital\",\"https:\\\/\\\/www.instagram.com\\\/nachofdezber\\\/\",\"https:\\\/\\\/www.youtube.com\\\/channel\\\/UCZP-2wLEB9Rv6erhFmqVnvg\"],\"address\":{\"@id\":\"https:\\\/\\\/candas365.es\\\/noticias\\\/#postaladdress\",\"@type\":\"PostalAddress\",\"streetAddress\":\"san antonio 4, san antonio 4\",\"postalCode\":\"33430\",\"addressLocality\":\"Cand\\u00e1s\",\"addressRegion\":\"Asturias\",\"addressCountry\":\"ES\"}},{\"@type\":\"Person\",\"@id\":\"https:\\\/\\\/candas365.es\\\/noticias\\\/author\\\/admin\\\/#author\",\"url\":\"https:\\\/\\\/candas365.es\\\/noticias\\\/author\\\/admin\\\/\",\"name\":\"Cand\\u00e1s 365\",\"image\":{\"@type\":\"ImageObject\",\"@id\":\"https:\\\/\\\/candas365.es\\\/noticias\\\/asturias-anima-a-los-jovenes-a-defender-una-europa-social\\\/#authorImage\",\"url\":\"https:\\\/\\\/secure.gravatar.com\\\/avatar\\\/496a8e03d0c493ede1718b7934145dbdf8d89be1036b0eec9544e1094c9de390?s=96&d=mm&r=g\",\"width\":96,\"height\":96,\"caption\":\"Cand\\u00e1s 365\"},\"sameAs\":[\"https:\\\/\\\/www.facebook.com\\\/carrenoactualidad\",\"https:\\\/\\\/twitter.com\\\/nbasturias\",\"https:\\\/\\\/www.instagram.com\\\/nachofdezber\\\/\",\"https:\\\/\\\/www.youtube.com\\\/channel\\\/UCZP-2wLEB9Rv6erhFmqVnvg\"]},{\"@type\":\"WebPage\",\"@id\":\"https:\\\/\\\/candas365.es\\\/noticias\\\/asturias-anima-a-los-jovenes-a-defender-una-europa-social\\\/#webpage\",\"url\":\"https:\\\/\\\/candas365.es\\\/noticias\\\/asturias-anima-a-los-jovenes-a-defender-una-europa-social\\\/\",\"name\":\"Asturias anima a los j\\u00f3venes a defender una Europa social | Cand\\u00e1s 365\",\"description\":\"Asturias participa en Terraza Europa con j\\u00f3venes de toda Espa\\u00f1a para impulsar una Uni\\u00f3n Europea centrada en derechos sociales y participaci\\u00f3n juvenil.\",\"inLanguage\":\"es-ES\",\"isPartOf\":{\"@id\":\"https:\\\/\\\/candas365.es\\\/noticias\\\/#website\"},\"breadcrumb\":{\"@id\":\"https:\\\/\\\/candas365.es\\\/noticias\\\/asturias-anima-a-los-jovenes-a-defender-una-europa-social\\\/#breadcrumblist\"},\"author\":{\"@id\":\"https:\\\/\\\/candas365.es\\\/noticias\\\/author\\\/admin\\\/#author\"},\"creator\":{\"@id\":\"https:\\\/\\\/candas365.es\\\/noticias\\\/author\\\/admin\\\/#author\"},\"image\":{\"@type\":\"ImageObject\",\"url\":\"https:\\\/\\\/candas365.es\\\/noticias\\\/wp-content\\\/uploads\\\/2026\\\/02\\\/Asturias-anima-a-los-jovenes-a-defender-una-Europa-social.jpg\",\"@id\":\"https:\\\/\\\/candas365.es\\\/noticias\\\/asturias-anima-a-los-jovenes-a-defender-una-europa-social\\\/#mainImage\",\"width\":1103,\"height\":801,\"caption\":\"Foto: Prensa Principado de Asturias\"},\"primaryImageOfPage\":{\"@id\":\"https:\\\/\\\/candas365.es\\\/noticias\\\/asturias-anima-a-los-jovenes-a-defender-una-europa-social\\\/#mainImage\"},\"datePublished\":\"2026-02-06T21:50:10+01:00\",\"dateModified\":\"2026-02-06T21:50:10+01:00\"},{\"@type\":\"WebSite\",\"@id\":\"https:\\\/\\\/candas365.es\\\/noticias\\\/#website\",\"url\":\"https:\\\/\\\/candas365.es\\\/noticias\\\/\",\"name\":\"Cand\\u00e1s 365\",\"alternateName\":\"Cand\\u00e1s 365 Noticias\",\"description\":\"Actualidad desde Carre\\u00f1o para el mundo\",\"inLanguage\":\"es-ES\",\"publisher\":{\"@id\":\"https:\\\/\\\/candas365.es\\\/noticias\\\/#organization\"}}]}\n\t\t<\/script>\n\t\t<!-- All in One SEO Pro -->\r\n\t\t<title>Asturias anima a los j\u00f3venes a defender una Europa social | Cand\u00e1s 365<\/title>\n\n","aioseo_head_json":{"title":"Asturias anima a los j\u00f3venes a defender una Europa social | Cand\u00e1s 365","description":"Asturias participa en Terraza Europa con j\u00f3venes de toda Espa\u00f1a para impulsar una Uni\u00f3n Europea centrada en derechos sociales y participaci\u00f3n juvenil.","canonical_url":"https:\/\/candas365.es\/noticias\/asturias-anima-a-los-jovenes-a-defender-una-europa-social\/","robots":"max-image-preview:large","keywords":"asturias","webmasterTools":{"google-site-verification":"UA-32230408-1","msvalidate.01":"354F3CDFB2DA171B47FBE9ABF1F88D5","miscellaneous":""},"schema":{"@context":"https:\/\/schema.org","@graph":[{"@type":"BreadcrumbList","@id":"https:\/\/candas365.es\/noticias\/asturias-anima-a-los-jovenes-a-defender-una-europa-social\/#breadcrumblist","itemListElement":[{"@type":"ListItem","@id":"https:\/\/candas365.es\/noticias#listItem","position":1,"name":"Home","item":"https:\/\/candas365.es\/noticias","nextItem":{"@type":"ListItem","@id":"https:\/\/candas365.es\/noticias\/category\/asturias\/#listItem","name":"Asturias"}},{"@type":"ListItem","@id":"https:\/\/candas365.es\/noticias\/category\/asturias\/#listItem","position":2,"name":"Asturias","item":"https:\/\/candas365.es\/noticias\/category\/asturias\/","nextItem":{"@type":"ListItem","@id":"https:\/\/candas365.es\/noticias\/asturias-anima-a-los-jovenes-a-defender-una-europa-social\/#listItem","name":"Asturias anima a los j\u00f3venes a defender una Europa social"},"previousItem":{"@type":"ListItem","@id":"https:\/\/candas365.es\/noticias#listItem","name":"Home"}},{"@type":"ListItem","@id":"https:\/\/candas365.es\/noticias\/asturias-anima-a-los-jovenes-a-defender-una-europa-social\/#listItem","position":3,"name":"Asturias anima a los j\u00f3venes a defender una Europa social","previousItem":{"@type":"ListItem","@id":"https:\/\/candas365.es\/noticias\/category\/asturias\/#listItem","name":"Asturias"}}]},{"@type":"NewsArticle","@id":"https:\/\/candas365.es\/noticias\/asturias-anima-a-los-jovenes-a-defender-una-europa-social\/#newsarticle","name":"Asturias anima a los j\u00f3venes a defender una Europa social | Cand\u00e1s 365","headline":"Asturias anima a los j\u00f3venes a defender una Europa social","author":{"@id":"https:\/\/candas365.es\/noticias\/author\/admin\/#author"},"publisher":{"@id":"https:\/\/candas365.es\/noticias\/#organization"},"image":{"@type":"ImageObject","url":"https:\/\/candas365.es\/noticias\/wp-content\/uploads\/2026\/02\/Asturias-anima-a-los-jovenes-a-defender-una-Europa-social.jpg","width":1103,"height":801,"caption":"Foto: Prensa Principado de Asturias"},"datePublished":"2026-02-06T21:50:10+01:00","dateModified":"2026-02-06T21:50:10+01:00","inLanguage":"es-ES","mainEntityOfPage":{"@id":"https:\/\/candas365.es\/noticias\/asturias-anima-a-los-jovenes-a-defender-una-europa-social\/#webpage"},"isPartOf":{"@id":"https:\/\/candas365.es\/noticias\/asturias-anima-a-los-jovenes-a-defender-una-europa-social\/#webpage"},"articleSection":"Asturias, Asturias","dateline":"Publicado el febrero 6, 2026."},{"@type":"Organization","@id":"https:\/\/candas365.es\/noticias\/#organization","name":"Cand\u00e1s 365","description":"Cand\u00e1s 365 es un diario digital independiente, fundado en 2012, con base en Asturias. Informamos con rigor sobre actualidad, sociedad, cultura y ocio, con una mirada local y global.","url":"https:\/\/candas365.es\/noticias\/","email":"info@candas365.es","telephone":"+34652131393","foundingDate":"2012-06-10","logo":{"@type":"ImageObject","url":"https:\/\/candas365.es\/noticias\/wp-content\/uploads\/2024\/09\/Candas-365-Redes.jpg","@id":"https:\/\/candas365.es\/noticias\/asturias-anima-a-los-jovenes-a-defender-una-europa-social\/#organizationLogo","width":1152,"height":864,"caption":"Cand\u00e1s 365 Redes"},"image":{"@id":"https:\/\/candas365.es\/noticias\/asturias-anima-a-los-jovenes-a-defender-una-europa-social\/#organizationLogo"},"sameAs":["https:\/\/www.facebook.com\/Nachofdezber","https:\/\/x.com\/NabercoDigital","https:\/\/www.instagram.com\/nachofdezber\/","https:\/\/www.youtube.com\/channel\/UCZP-2wLEB9Rv6erhFmqVnvg"],"address":{"@id":"https:\/\/candas365.es\/noticias\/#postaladdress","@type":"PostalAddress","streetAddress":"san antonio 4, san antonio 4","postalCode":"33430","addressLocality":"Cand\u00e1s","addressRegion":"Asturias","addressCountry":"ES"}},{"@type":"Person","@id":"https:\/\/candas365.es\/noticias\/author\/admin\/#author","url":"https:\/\/candas365.es\/noticias\/author\/admin\/","name":"Cand\u00e1s 365","image":{"@type":"ImageObject","@id":"https:\/\/candas365.es\/noticias\/asturias-anima-a-los-jovenes-a-defender-una-europa-social\/#authorImage","url":"https:\/\/secure.gravatar.com\/avatar\/496a8e03d0c493ede1718b7934145dbdf8d89be1036b0eec9544e1094c9de390?s=96&d=mm&r=g","width":96,"height":96,"caption":"Cand\u00e1s 365"},"sameAs":["https:\/\/www.facebook.com\/carrenoactualidad","https:\/\/twitter.com\/nbasturias","https:\/\/www.instagram.com\/nachofdezber\/","https:\/\/www.youtube.com\/channel\/UCZP-2wLEB9Rv6erhFmqVnvg"]},{"@type":"WebPage","@id":"https:\/\/candas365.es\/noticias\/asturias-anima-a-los-jovenes-a-defender-una-europa-social\/#webpage","url":"https:\/\/candas365.es\/noticias\/asturias-anima-a-los-jovenes-a-defender-una-europa-social\/","name":"Asturias anima a los j\u00f3venes a defender una Europa social | Cand\u00e1s 365","description":"Asturias participa en Terraza Europa con j\u00f3venes de toda Espa\u00f1a para impulsar una Uni\u00f3n Europea centrada en derechos sociales y participaci\u00f3n juvenil.","inLanguage":"es-ES","isPartOf":{"@id":"https:\/\/candas365.es\/noticias\/#website"},"breadcrumb":{"@id":"https:\/\/candas365.es\/noticias\/asturias-anima-a-los-jovenes-a-defender-una-europa-social\/#breadcrumblist"},"author":{"@id":"https:\/\/candas365.es\/noticias\/author\/admin\/#author"},"creator":{"@id":"https:\/\/candas365.es\/noticias\/author\/admin\/#author"},"image":{"@type":"ImageObject","url":"https:\/\/candas365.es\/noticias\/wp-content\/uploads\/2026\/02\/Asturias-anima-a-los-jovenes-a-defender-una-Europa-social.jpg","@id":"https:\/\/candas365.es\/noticias\/asturias-anima-a-los-jovenes-a-defender-una-europa-social\/#mainImage","width":1103,"height":801,"caption":"Foto: Prensa Principado de Asturias"},"primaryImageOfPage":{"@id":"https:\/\/candas365.es\/noticias\/asturias-anima-a-los-jovenes-a-defender-una-europa-social\/#mainImage"},"datePublished":"2026-02-06T21:50:10+01:00","dateModified":"2026-02-06T21:50:10+01:00"},{"@type":"WebSite","@id":"https:\/\/candas365.es\/noticias\/#website","url":"https:\/\/candas365.es\/noticias\/","name":"Cand\u00e1s 365","alternateName":"Cand\u00e1s 365 Noticias","description":"Actualidad desde Carre\u00f1o para el mundo","inLanguage":"es-ES","publisher":{"@id":"https:\/\/candas365.es\/noticias\/#organization"}}]},"og:locale":"es_ES","og:site_name":"Cand\u00e1s 365","og:type":"article","og:title":"Asturias anima a los j\u00f3venes a defender una Europa social | Cand\u00e1s 365","og:description":"Asturias participa en Terraza Europa con j\u00f3venes de toda Espa\u00f1a para impulsar una Uni\u00f3n Europea centrada en derechos sociales y participaci\u00f3n juvenil.","og:url":"https:\/\/candas365.es\/noticias\/asturias-anima-a-los-jovenes-a-defender-una-europa-social\/","og:image":"https:\/\/candas365.es\/noticias\/wp-content\/uploads\/2026\/02\/Asturias-anima-a-los-jovenes-a-defender-una-Europa-social.jpg","og:image:secure_url":"https:\/\/candas365.es\/noticias\/wp-content\/uploads\/2026\/02\/Asturias-anima-a-los-jovenes-a-defender-una-Europa-social.jpg","og:image:width":1103,"og:image:height":801,"article:published_time":"2026-02-06T20:50:10+00:00","article:modified_time":"2026-02-06T20:50:10+00:00","article:publisher":"https:\/\/www.facebook.com\/Nachofdezber","article:author":"https:\/\/www.facebook.com\/carrenoactualidad","twitter:card":"summary_large_image","twitter:site":"@NabercoDigital","twitter:title":"Asturias anima a los j\u00f3venes a defender una Europa social | Cand\u00e1s 365","twitter:description":"Asturias participa en Terraza Europa con j\u00f3venes de toda Espa\u00f1a para impulsar una Uni\u00f3n Europea centrada en derechos sociales y participaci\u00f3n juvenil.","twitter:creator":"@nbasturias","twitter:image":"https:\/\/candas365.es\/noticias\/wp-content\/uploads\/2026\/02\/Asturias-anima-a-los-jovenes-a-defender-una-Europa-social.jpg","twitter:label1":"Escrito por","twitter:data1":"Cand\u00e1s 365","twitter:label2":"Tiempo de lectura estimado","twitter:data2":"1 minuto"},"aioseo_meta_data":{"post_id":"191856","title":null,"description":"Asturias participa en Terraza Europa con j\u00f3venes de toda Espa\u00f1a para impulsar una Uni\u00f3n Europea centrada en derechos sociales y participaci\u00f3n juvenil.","keywords":null,"keyphrases":{"focus":{"keyphrase":"Asturias","score":91,"analysis":{"keyphraseInTitle":{"score":9,"maxScore":9,"error":0},"keyphraseInDescription":{"score":9,"maxScore":9,"error":0},"keyphraseLength":{"score":9,"maxScore":9,"error":0,"length":1},"keyphraseInURL":{"score":5,"maxScore":5,"error":0},"keyphraseInIntroduction":{"score":9,"maxScore":9,"error":0},"keyphraseInSubHeadings":{"score":3,"maxScore":9,"error":1},"keyphraseInImageAlt":{"score":9,"maxScore":9,"error":0},"keywordDensity":{"type":"best","score":9,"maxScore":9,"error":0}}},"additional":[{"keyphrase":"Uni\u00f3n Europea","score":87,"analysis":{"keyphraseInDescription":{"score":9,"maxScore":9,"error":0},"keyphraseLength":{"score":9,"maxScore":9,"error":0,"length":3},"keyphraseInIntroduction":{"score":9,"maxScore":9,"error":0},"keyphraseInImageAlt":{"score":3,"maxScore":9,"error":1},"keywordDensity":{"type":"best","score":9,"maxScore":9,"error":0}}}]},"primary_term":null,"canonical_url":null,"og_title":null,"og_description":null,"og_object_type":"default","og_image_type":"default","og_image_url":null,"og_image_width":null,"og_image_height":null,"og_image_custom_url":null,"og_image_custom_fields":null,"og_video":"","og_custom_url":null,"og_article_section":null,"og_article_tags":null,"twitter_use_og":false,"twitter_card":"default","twitter_image_type":"default","twitter_image_url":null,"twitter_image_custom_url":null,"twitter_image_custom_fields":null,"twitter_title":null,"twitter_description":null,"schema":{"blockGraphs":[],"customGraphs":[],"default":{"data":{"Article":[],"Course":[],"Dataset":[],"FAQPage":[],"Movie":[],"Person":[],"Product":[],"ProductReview":[],"Car":[],"Recipe":[],"Service":[],"SoftwareApplication":[],"WebPage":[]},"graphName":"Article","isEnabled":true},"graphs":[]},"schema_type":"default","schema_type_options":null,"pillar_content":false,"robots_default":true,"robots_noindex":false,"robots_noarchive":false,"robots_nosnippet":false,"robots_nofollow":false,"robots_noimageindex":false,"robots_noodp":false,"robots_notranslate":false,"robots_max_snippet":"-1","robots_max_videopreview":"-1","robots_max_imagepreview":"large","priority":null,"frequency":"default","location":null,"local_seo":null,"seo_analyzer_scan_date":"2026-02-06 20:53:15","breadcrumb_settings":null,"limit_modified_date":false,"reviewed_by":null,"open_ai":null,"ai":{"faqs":[],"keyPoints":[],"titles":[],"descriptions":[],"socialPosts":{"email":[],"linkedin":[],"twitter":[],"facebook":[],"instagram":[]}},"created":"2026-02-06 12:26:15","updated":"2026-02-06 21:04:18"},"aioseo_breadcrumb":"<div class=\"aioseo-breadcrumbs\"><span class=\"aioseo-breadcrumb\">\n\t<a href=\"https:\/\/candas365.es\/noticias\" title=\"Home\">Home<\/a>\n<\/span><span class=\"aioseo-breadcrumb-separator\">&ndash;<\/span><span class=\"aioseo-breadcrumb\">\n\t<a href=\"https:\/\/candas365.es\/noticias\/category\/asturias\/\" title=\"Asturias\">Asturias<\/a>\n<\/span><span class=\"aioseo-breadcrumb-separator\">&ndash;<\/span><span class=\"aioseo-breadcrumb\">\n\tAsturias anima a los j\u00f3venes a defender una Europa social\n<\/span><\/div>","aioseo_breadcrumb_json":[{"label":"Home","link":"https:\/\/candas365.es\/noticias"},{"label":"Asturias","link":"https:\/\/candas365.es\/noticias\/category\/asturias\/"},{"label":"Asturias anima a los j\u00f3venes a defender una Europa social","link":"https:\/\/candas365.es\/noticias\/asturias-anima-a-los-jovenes-a-defender-una-europa-social\/"}],"_links":{"self":[{"href":"https:\/\/candas365.es\/noticias\/wp-json\/wp\/v2\/posts\/191856","targetHints":{"allow":["GET"]}}],"collection":[{"href":"https:\/\/candas365.es\/noticias\/wp-json\/wp\/v2\/posts"}],"about":[{"href":"https:\/\/candas365.es\/noticias\/wp-json\/wp\/v2\/types\/post"}],"author":[{"embeddable":true,"href":"https:\/\/candas365.es\/noticias\/wp-json\/wp\/v2\/users\/1"}],"replies":[{"embeddable":true,"href":"https:\/\/candas365.es\/noticias\/wp-json\/wp\/v2\/comments?post=191856"}],"version-history":[{"count":0,"href":"https:\/\/candas365.es\/noticias\/wp-json\/wp\/v2\/posts\/191856\/revisions"}],"wp:featuredmedia":[{"embeddable":true,"href":"https:\/\/candas365.es\/noticias\/wp-json\/wp\/v2\/media\/191857"}],"wp:attachment":[{"href":"https:\/\/candas365.es\/noticias\/wp-json\/wp\/v2\/media?parent=191856"}],"wp:term":[{"taxonomy":"category","embeddable":true,"href":"https:\/\/candas365.es\/noticias\/wp-json\/wp\/v2\/categories?post=191856"},{"taxonomy":"post_tag","embeddable":true,"href":"https:\/\/candas365.es\/noticias\/wp-json\/wp\/v2\/tags?post=191856"}],"curies":[{"name":"wp","href":"https:\/\/api.w.org\/{rel}","templated":true}]}}