{"id":191853,"date":"2026-02-06T12:44:19","date_gmt":"2026-02-06T11:44:19","guid":{"rendered":"https:\/\/candas365.es\/noticias\/?p=191853"},"modified":"2026-02-06T12:44:19","modified_gmt":"2026-02-06T11:44:19","slug":"proyecto-piloto-en-amieva-para-impulsar-el-queso-de-los-beyos","status":"publish","type":"post","link":"https:\/\/candas365.es\/noticias\/proyecto-piloto-en-amieva-para-impulsar-el-queso-de-los-beyos\/","title":{"rendered":"Proyecto piloto en Amieva para impulsar el Queso de Los Beyos"},"content":{"rendered":"<p data-start=\"82\" data-end=\"237\">El Principado de Asturias impulsa en <span style=\"color: #ff6600;\"><a style=\"color: #ff6600;\" href=\"https:\/\/candas365.es\/noticias\/category\/asturias\/\"><strong>Amieva<\/strong><\/a><\/span> un proyecto piloto para reforzar la producci\u00f3n del Queso de Los Beyos y atraer poblaci\u00f3n al medio rural.<\/p>\n<figure id=\"attachment_191854\" aria-describedby=\"caption-attachment-191854\" style=\"width: 650px\" class=\"wp-caption aligncenter\"><img fetchpriority=\"high\" decoding=\"async\" class=\"size-large wp-image-191854\" src=\"https:\/\/candas365.es\/noticias\/wp-content\/uploads\/2026\/02\/Proyecto-piloto-en-Amieva-para-impulsar-el-Queso-de-Los-Beyos-650x471.jpg\" alt=\"Proyecto piloto en Amieva para impulsar el Queso de Los Beyos\" width=\"650\" height=\"471\" srcset=\"https:\/\/candas365.es\/noticias\/wp-content\/uploads\/2026\/02\/Proyecto-piloto-en-Amieva-para-impulsar-el-Queso-de-Los-Beyos-650x471.jpg 650w, https:\/\/candas365.es\/noticias\/wp-content\/uploads\/2026\/02\/Proyecto-piloto-en-Amieva-para-impulsar-el-Queso-de-Los-Beyos-360x261.jpg 360w, https:\/\/candas365.es\/noticias\/wp-content\/uploads\/2026\/02\/Proyecto-piloto-en-Amieva-para-impulsar-el-Queso-de-Los-Beyos-768x556.jpg 768w, https:\/\/candas365.es\/noticias\/wp-content\/uploads\/2026\/02\/Proyecto-piloto-en-Amieva-para-impulsar-el-Queso-de-Los-Beyos-150x109.jpg 150w, https:\/\/candas365.es\/noticias\/wp-content\/uploads\/2026\/02\/Proyecto-piloto-en-Amieva-para-impulsar-el-Queso-de-Los-Beyos-450x326.jpg 450w, https:\/\/candas365.es\/noticias\/wp-content\/uploads\/2026\/02\/Proyecto-piloto-en-Amieva-para-impulsar-el-Queso-de-Los-Beyos.jpg 1128w\" sizes=\"(max-width: 650px) 100vw, 650px\" \/><figcaption id=\"caption-attachment-191854\" class=\"wp-caption-text\">Foto: Prensa Gobierno de Asturias<\/figcaption><\/figure>\n<p data-start=\"244\" data-end=\"698\">El <span style=\"color: #ff6600;\"><a style=\"color: #ff6600;\" href=\"https:\/\/actualidad.asturias.es\/\" target=\"_blank\" rel=\"noopener\"><strong data-start=\"247\" data-end=\"288\"><span class=\"hover:entity-accent entity-underline inline cursor-pointer align-baseline\"><span class=\"whitespace-normal\">Gobierno del Principado de Asturias<\/span><\/span><\/strong><\/a><\/span> desarrolla un proyecto piloto en <strong data-start=\"322\" data-end=\"363\"><span class=\"hover:entity-accent entity-underline inline cursor-pointer align-baseline\"><span class=\"whitespace-normal\">Amieva<\/span><\/span><\/strong> para reforzar la producci\u00f3n del Queso de Los Beyos, con indicaci\u00f3n geogr\u00e1fica protegida (IGP), y favorecer la fijaci\u00f3n de poblaci\u00f3n en el concejo. La vicepresidenta, <strong data-start=\"530\" data-end=\"571\"><span class=\"hover:entity-accent entity-underline inline cursor-pointer align-baseline\"><span class=\"whitespace-normal\">Gimena Llamedo<\/span><\/span><\/strong>, visit\u00f3 los espacios que ser\u00e1n rehabilitados dentro de esta iniciativa: la queser\u00eda de Carbes y una vivienda municipal en Vis.<\/p>\n<p data-start=\"700\" data-end=\"976\">La actuaci\u00f3n est\u00e1 promovida por el Centro de Innovaci\u00f3n Territorial (CIT) en colaboraci\u00f3n con el Ayuntamiento de Amieva y cuenta con financiaci\u00f3n del Principado a trav\u00e9s de la Consejer\u00eda de Presidencia, Reto Demogr\u00e1fico, Igualdad y Turismo, con una inversi\u00f3n de 130.000 euros.<\/p>\n<h2 data-start=\"978\" data-end=\"1021\">Integrar vivienda y actividad productiva<\/h2>\n<p data-start=\"1023\" data-end=\"1460\">El proyecto combina actividad econ\u00f3mica y vivienda como herramienta para atraer nuevos habitantes a un concejo en riesgo de despoblamiento. El <strong><span style=\"color: #ff6600;\"><a style=\"color: #ff6600;\" href=\"https:\/\/eldigitaldeasturias.com\/radio\/category\/gastronomia\/\" target=\"_blank\" rel=\"noopener\">Queso de Los Beyo<\/a>s<\/span><\/strong> atraviesa actualmente una situaci\u00f3n delicada debido a la falta de relevo generacional y al cierre de factor\u00edas tradicionales, por lo que la iniciativa busca reforzar una producci\u00f3n vinculada a la identidad del territorio y generar un modelo replicable en otras zonas rurales.<\/p>\n<p data-start=\"1462\" data-end=\"1749\">Las obras se desarrollar\u00e1n en dos fases y tendr\u00e1n un plazo de ejecuci\u00f3n de un a\u00f1o. La primera incluye la rehabilitaci\u00f3n de la queser\u00eda de Carbes, con renovaci\u00f3n de instalaciones t\u00e9rmicas y de refrigeraci\u00f3n, mejora de fachadas y carpinter\u00edas y adecuaci\u00f3n de un espacio para venta directa.<\/p>\n<h2 data-start=\"1751\" data-end=\"1790\">Rehabilitaci\u00f3n de vivienda municipal<\/h2>\n<p data-start=\"1792\" data-end=\"2092\">La segunda fase contempla la mejora de la vivienda municipal de Vis, destinada a alojar a las personas que gestionen la queser\u00eda. Los trabajos prev\u00e9n una rehabilitaci\u00f3n energ\u00e9tica integral, la instalaci\u00f3n de un nuevo sistema de calefacci\u00f3n, renovaci\u00f3n de carpinter\u00edas y dotaci\u00f3n de mobiliario b\u00e1sico.<\/p>\n<p data-start=\"2094\" data-end=\"2403\" data-is-last-node=\"\" data-is-only-node=\"\">En la visita participaron tambi\u00e9n el director general de Reto Demogr\u00e1fico, Marcos Ni\u00f1o; el alcalde de Amieva, Carlos Salazar, y la directora del CIT, Graciela Blanco. Seg\u00fan destac\u00f3 la vicepresidenta, el proyecto busca impulsar iniciativas concretas que generen actividad econ\u00f3mica y arraigo en el medio rural.<\/p>\n","protected":false},"excerpt":{"rendered":"<p>El Principado de Asturias impulsa en Amieva un proyecto piloto para reforzar la producci\u00f3n del Queso de Los Beyos y atraer poblaci\u00f3n al medio rural. El Gobierno del Principado de Asturias desarrolla un proyecto piloto en Amieva para reforzar la producci\u00f3n del Queso de Los Beyos, con indicaci\u00f3n geogr\u00e1fica protegida (IGP), y favorecer la fijaci\u00f3n<\/p>\n","protected":false},"author":1,"featured_media":191854,"comment_status":"closed","ping_status":"closed","sticky":false,"template":"","format":"standard","meta":{"footnotes":""},"categories":[7],"tags":[380],"class_list":{"0":"post-191853","1":"post","2":"type-post","3":"status-publish","4":"format-standard","5":"has-post-thumbnail","7":"category-asturias","8":"tag-asturias"},"aioseo_notices":[],"aioseo_head":"\n\t\t<!-- All in One SEO Pro 4.9.6.2 - aioseo.com -->\n\t<meta name=\"description\" content=\"El Principado de Asturias impulsa en Amieva un proyecto piloto para reforzar la producci\u00f3n del Queso de Los Beyos y atraer poblaci\u00f3n al medio rural.\" \/>\n\t<meta name=\"robots\" content=\"max-image-preview:large\" \/>\n\t<meta name=\"author\" content=\"Cand\u00e1s 365\"\/>\n\t<meta name=\"google-site-verification\" content=\"UA-32230408-1\" \/>\n\t<meta name=\"msvalidate.01\" content=\"354F3CDFB2DA171B47FBE9ABF1F88D5\" \/>\n\t<meta name=\"keywords\" content=\"asturias\" \/>\n\t<link rel=\"canonical\" href=\"https:\/\/candas365.es\/noticias\/proyecto-piloto-en-amieva-para-impulsar-el-queso-de-los-beyos\/\" \/>\n\t<meta name=\"generator\" content=\"All in One SEO Pro (AIOSEO) 4.9.6.2\" \/>\n\t\t<meta property=\"og:locale\" content=\"es_ES\" \/>\n\t\t<meta property=\"og:site_name\" content=\"Cand\u00e1s 365\" \/>\n\t\t<meta property=\"og:type\" content=\"article\" \/>\n\t\t<meta property=\"og:title\" content=\"Proyecto piloto en Amieva para impulsar el Queso de Los Beyos | Cand\u00e1s 365\" \/>\n\t\t<meta property=\"og:description\" content=\"El Principado de Asturias impulsa en Amieva un proyecto piloto para reforzar la producci\u00f3n del Queso de Los Beyos y atraer poblaci\u00f3n al medio rural.\" \/>\n\t\t<meta property=\"og:url\" content=\"https:\/\/candas365.es\/noticias\/proyecto-piloto-en-amieva-para-impulsar-el-queso-de-los-beyos\/\" \/>\n\t\t<meta property=\"og:image\" content=\"https:\/\/candas365.es\/noticias\/wp-content\/uploads\/2026\/02\/Proyecto-piloto-en-Amieva-para-impulsar-el-Queso-de-Los-Beyos.jpg\" \/>\n\t\t<meta property=\"og:image:secure_url\" content=\"https:\/\/candas365.es\/noticias\/wp-content\/uploads\/2026\/02\/Proyecto-piloto-en-Amieva-para-impulsar-el-Queso-de-Los-Beyos.jpg\" \/>\n\t\t<meta property=\"og:image:width\" content=\"1128\" \/>\n\t\t<meta property=\"og:image:height\" content=\"817\" \/>\n\t\t<meta property=\"article:published_time\" content=\"2026-02-06T11:44:19+00:00\" \/>\n\t\t<meta property=\"article:modified_time\" content=\"2026-02-06T11:44:19+00:00\" \/>\n\t\t<meta property=\"article:publisher\" content=\"https:\/\/www.facebook.com\/Nachofdezber\" \/>\n\t\t<meta property=\"article:author\" content=\"https:\/\/www.facebook.com\/carrenoactualidad\" \/>\n\t\t<meta name=\"twitter:card\" content=\"summary_large_image\" \/>\n\t\t<meta name=\"twitter:site\" content=\"@NabercoDigital\" \/>\n\t\t<meta name=\"twitter:title\" content=\"Proyecto piloto en Amieva para impulsar el Queso de Los Beyos | Cand\u00e1s 365\" \/>\n\t\t<meta name=\"twitter:description\" content=\"El Principado de Asturias impulsa en Amieva un proyecto piloto para reforzar la producci\u00f3n del Queso de Los Beyos y atraer poblaci\u00f3n al medio rural.\" \/>\n\t\t<meta name=\"twitter:creator\" content=\"@nbasturias\" \/>\n\t\t<meta name=\"twitter:image\" content=\"https:\/\/candas365.es\/noticias\/wp-content\/uploads\/2026\/02\/Proyecto-piloto-en-Amieva-para-impulsar-el-Queso-de-Los-Beyos.jpg\" \/>\n\t\t<meta name=\"twitter:label1\" content=\"Escrito por\" \/>\n\t\t<meta name=\"twitter:data1\" content=\"Cand\u00e1s 365\" \/>\n\t\t<meta name=\"twitter:label2\" content=\"Tiempo de lectura estimado\" \/>\n\t\t<meta name=\"twitter:data2\" content=\"2 minutos\" \/>\n\t\t<script type=\"application\/ld+json\" class=\"aioseo-schema\">\n\t\t\t{\"@context\":\"https:\\\/\\\/schema.org\",\"@graph\":[{\"@type\":\"BreadcrumbList\",\"@id\":\"https:\\\/\\\/candas365.es\\\/noticias\\\/proyecto-piloto-en-amieva-para-impulsar-el-queso-de-los-beyos\\\/#breadcrumblist\",\"itemListElement\":[{\"@type\":\"ListItem\",\"@id\":\"https:\\\/\\\/candas365.es\\\/noticias#listItem\",\"position\":1,\"name\":\"Home\",\"item\":\"https:\\\/\\\/candas365.es\\\/noticias\",\"nextItem\":{\"@type\":\"ListItem\",\"@id\":\"https:\\\/\\\/candas365.es\\\/noticias\\\/category\\\/asturias\\\/#listItem\",\"name\":\"Asturias\"}},{\"@type\":\"ListItem\",\"@id\":\"https:\\\/\\\/candas365.es\\\/noticias\\\/category\\\/asturias\\\/#listItem\",\"position\":2,\"name\":\"Asturias\",\"item\":\"https:\\\/\\\/candas365.es\\\/noticias\\\/category\\\/asturias\\\/\",\"nextItem\":{\"@type\":\"ListItem\",\"@id\":\"https:\\\/\\\/candas365.es\\\/noticias\\\/proyecto-piloto-en-amieva-para-impulsar-el-queso-de-los-beyos\\\/#listItem\",\"name\":\"Proyecto piloto en Amieva para impulsar el Queso de Los Beyos\"},\"previousItem\":{\"@type\":\"ListItem\",\"@id\":\"https:\\\/\\\/candas365.es\\\/noticias#listItem\",\"name\":\"Home\"}},{\"@type\":\"ListItem\",\"@id\":\"https:\\\/\\\/candas365.es\\\/noticias\\\/proyecto-piloto-en-amieva-para-impulsar-el-queso-de-los-beyos\\\/#listItem\",\"position\":3,\"name\":\"Proyecto piloto en Amieva para impulsar el Queso de Los Beyos\",\"previousItem\":{\"@type\":\"ListItem\",\"@id\":\"https:\\\/\\\/candas365.es\\\/noticias\\\/category\\\/asturias\\\/#listItem\",\"name\":\"Asturias\"}}]},{\"@type\":\"NewsArticle\",\"@id\":\"https:\\\/\\\/candas365.es\\\/noticias\\\/proyecto-piloto-en-amieva-para-impulsar-el-queso-de-los-beyos\\\/#newsarticle\",\"name\":\"Proyecto piloto en Amieva para impulsar el Queso de Los Beyos | Cand\\u00e1s 365\",\"headline\":\"Proyecto piloto en Amieva para impulsar el Queso de Los Beyos\",\"author\":{\"@id\":\"https:\\\/\\\/candas365.es\\\/noticias\\\/author\\\/admin\\\/#author\"},\"publisher\":{\"@id\":\"https:\\\/\\\/candas365.es\\\/noticias\\\/#organization\"},\"image\":{\"@type\":\"ImageObject\",\"url\":\"https:\\\/\\\/candas365.es\\\/noticias\\\/wp-content\\\/uploads\\\/2026\\\/02\\\/Proyecto-piloto-en-Amieva-para-impulsar-el-Queso-de-Los-Beyos.jpg\",\"width\":1128,\"height\":817,\"caption\":\"Foto: Prensa Gobierno de Asturias\"},\"datePublished\":\"2026-02-06T12:44:19+01:00\",\"dateModified\":\"2026-02-06T12:44:19+01:00\",\"inLanguage\":\"es-ES\",\"mainEntityOfPage\":{\"@id\":\"https:\\\/\\\/candas365.es\\\/noticias\\\/proyecto-piloto-en-amieva-para-impulsar-el-queso-de-los-beyos\\\/#webpage\"},\"isPartOf\":{\"@id\":\"https:\\\/\\\/candas365.es\\\/noticias\\\/proyecto-piloto-en-amieva-para-impulsar-el-queso-de-los-beyos\\\/#webpage\"},\"articleSection\":\"Asturias, Asturias\",\"dateline\":\"Publicado el febrero 6, 2026.\"},{\"@type\":\"Organization\",\"@id\":\"https:\\\/\\\/candas365.es\\\/noticias\\\/#organization\",\"name\":\"Cand\\u00e1s 365\",\"description\":\"Cand\\u00e1s 365 es un diario digital independiente, fundado en 2012, con base en Asturias. Informamos con rigor sobre actualidad, sociedad, cultura y ocio, con una mirada local y global.\",\"url\":\"https:\\\/\\\/candas365.es\\\/noticias\\\/\",\"email\":\"info@candas365.es\",\"telephone\":\"+34652131393\",\"foundingDate\":\"2012-06-10\",\"logo\":{\"@type\":\"ImageObject\",\"url\":\"https:\\\/\\\/candas365.es\\\/noticias\\\/wp-content\\\/uploads\\\/2024\\\/09\\\/Candas-365-Redes.jpg\",\"@id\":\"https:\\\/\\\/candas365.es\\\/noticias\\\/proyecto-piloto-en-amieva-para-impulsar-el-queso-de-los-beyos\\\/#organizationLogo\",\"width\":1152,\"height\":864,\"caption\":\"Cand\\u00e1s 365 Redes\"},\"image\":{\"@id\":\"https:\\\/\\\/candas365.es\\\/noticias\\\/proyecto-piloto-en-amieva-para-impulsar-el-queso-de-los-beyos\\\/#organizationLogo\"},\"sameAs\":[\"https:\\\/\\\/www.facebook.com\\\/Nachofdezber\",\"https:\\\/\\\/x.com\\\/NabercoDigital\",\"https:\\\/\\\/www.instagram.com\\\/nachofdezber\\\/\",\"https:\\\/\\\/www.youtube.com\\\/channel\\\/UCZP-2wLEB9Rv6erhFmqVnvg\"],\"address\":{\"@id\":\"https:\\\/\\\/candas365.es\\\/noticias\\\/#postaladdress\",\"@type\":\"PostalAddress\",\"streetAddress\":\"san antonio 4, san antonio 4\",\"postalCode\":\"33430\",\"addressLocality\":\"Cand\\u00e1s\",\"addressRegion\":\"Asturias\",\"addressCountry\":\"ES\"}},{\"@type\":\"Person\",\"@id\":\"https:\\\/\\\/candas365.es\\\/noticias\\\/author\\\/admin\\\/#author\",\"url\":\"https:\\\/\\\/candas365.es\\\/noticias\\\/author\\\/admin\\\/\",\"name\":\"Cand\\u00e1s 365\",\"image\":{\"@type\":\"ImageObject\",\"@id\":\"https:\\\/\\\/candas365.es\\\/noticias\\\/proyecto-piloto-en-amieva-para-impulsar-el-queso-de-los-beyos\\\/#authorImage\",\"url\":\"https:\\\/\\\/secure.gravatar.com\\\/avatar\\\/496a8e03d0c493ede1718b7934145dbdf8d89be1036b0eec9544e1094c9de390?s=96&d=mm&r=g\",\"width\":96,\"height\":96,\"caption\":\"Cand\\u00e1s 365\"},\"sameAs\":[\"https:\\\/\\\/www.facebook.com\\\/carrenoactualidad\",\"https:\\\/\\\/twitter.com\\\/nbasturias\",\"https:\\\/\\\/www.instagram.com\\\/nachofdezber\\\/\",\"https:\\\/\\\/www.youtube.com\\\/channel\\\/UCZP-2wLEB9Rv6erhFmqVnvg\"]},{\"@type\":\"WebPage\",\"@id\":\"https:\\\/\\\/candas365.es\\\/noticias\\\/proyecto-piloto-en-amieva-para-impulsar-el-queso-de-los-beyos\\\/#webpage\",\"url\":\"https:\\\/\\\/candas365.es\\\/noticias\\\/proyecto-piloto-en-amieva-para-impulsar-el-queso-de-los-beyos\\\/\",\"name\":\"Proyecto piloto en Amieva para impulsar el Queso de Los Beyos | Cand\\u00e1s 365\",\"description\":\"El Principado de Asturias impulsa en Amieva un proyecto piloto para reforzar la producci\\u00f3n del Queso de Los Beyos y atraer poblaci\\u00f3n al medio rural.\",\"inLanguage\":\"es-ES\",\"isPartOf\":{\"@id\":\"https:\\\/\\\/candas365.es\\\/noticias\\\/#website\"},\"breadcrumb\":{\"@id\":\"https:\\\/\\\/candas365.es\\\/noticias\\\/proyecto-piloto-en-amieva-para-impulsar-el-queso-de-los-beyos\\\/#breadcrumblist\"},\"author\":{\"@id\":\"https:\\\/\\\/candas365.es\\\/noticias\\\/author\\\/admin\\\/#author\"},\"creator\":{\"@id\":\"https:\\\/\\\/candas365.es\\\/noticias\\\/author\\\/admin\\\/#author\"},\"image\":{\"@type\":\"ImageObject\",\"url\":\"https:\\\/\\\/candas365.es\\\/noticias\\\/wp-content\\\/uploads\\\/2026\\\/02\\\/Proyecto-piloto-en-Amieva-para-impulsar-el-Queso-de-Los-Beyos.jpg\",\"@id\":\"https:\\\/\\\/candas365.es\\\/noticias\\\/proyecto-piloto-en-amieva-para-impulsar-el-queso-de-los-beyos\\\/#mainImage\",\"width\":1128,\"height\":817,\"caption\":\"Foto: Prensa Gobierno de Asturias\"},\"primaryImageOfPage\":{\"@id\":\"https:\\\/\\\/candas365.es\\\/noticias\\\/proyecto-piloto-en-amieva-para-impulsar-el-queso-de-los-beyos\\\/#mainImage\"},\"datePublished\":\"2026-02-06T12:44:19+01:00\",\"dateModified\":\"2026-02-06T12:44:19+01:00\"},{\"@type\":\"WebSite\",\"@id\":\"https:\\\/\\\/candas365.es\\\/noticias\\\/#website\",\"url\":\"https:\\\/\\\/candas365.es\\\/noticias\\\/\",\"name\":\"Cand\\u00e1s 365\",\"alternateName\":\"Cand\\u00e1s 365 Noticias\",\"description\":\"Actualidad desde Carre\\u00f1o para el mundo\",\"inLanguage\":\"es-ES\",\"publisher\":{\"@id\":\"https:\\\/\\\/candas365.es\\\/noticias\\\/#organization\"}}]}\n\t\t<\/script>\n\t\t<!-- All in One SEO Pro -->\r\n\t\t<title>Proyecto piloto en Amieva para impulsar el Queso de Los Beyos | Cand\u00e1s 365<\/title>\n\n","aioseo_head_json":{"title":"Proyecto piloto en Amieva para impulsar el Queso de Los Beyos | Cand\u00e1s 365","description":"El Principado de Asturias impulsa en Amieva un proyecto piloto para reforzar la producci\u00f3n del Queso de Los Beyos y atraer poblaci\u00f3n al medio rural.","canonical_url":"https:\/\/candas365.es\/noticias\/proyecto-piloto-en-amieva-para-impulsar-el-queso-de-los-beyos\/","robots":"max-image-preview:large","keywords":"asturias","webmasterTools":{"google-site-verification":"UA-32230408-1","msvalidate.01":"354F3CDFB2DA171B47FBE9ABF1F88D5","miscellaneous":""},"schema":{"@context":"https:\/\/schema.org","@graph":[{"@type":"BreadcrumbList","@id":"https:\/\/candas365.es\/noticias\/proyecto-piloto-en-amieva-para-impulsar-el-queso-de-los-beyos\/#breadcrumblist","itemListElement":[{"@type":"ListItem","@id":"https:\/\/candas365.es\/noticias#listItem","position":1,"name":"Home","item":"https:\/\/candas365.es\/noticias","nextItem":{"@type":"ListItem","@id":"https:\/\/candas365.es\/noticias\/category\/asturias\/#listItem","name":"Asturias"}},{"@type":"ListItem","@id":"https:\/\/candas365.es\/noticias\/category\/asturias\/#listItem","position":2,"name":"Asturias","item":"https:\/\/candas365.es\/noticias\/category\/asturias\/","nextItem":{"@type":"ListItem","@id":"https:\/\/candas365.es\/noticias\/proyecto-piloto-en-amieva-para-impulsar-el-queso-de-los-beyos\/#listItem","name":"Proyecto piloto en Amieva para impulsar el Queso de Los Beyos"},"previousItem":{"@type":"ListItem","@id":"https:\/\/candas365.es\/noticias#listItem","name":"Home"}},{"@type":"ListItem","@id":"https:\/\/candas365.es\/noticias\/proyecto-piloto-en-amieva-para-impulsar-el-queso-de-los-beyos\/#listItem","position":3,"name":"Proyecto piloto en Amieva para impulsar el Queso de Los Beyos","previousItem":{"@type":"ListItem","@id":"https:\/\/candas365.es\/noticias\/category\/asturias\/#listItem","name":"Asturias"}}]},{"@type":"NewsArticle","@id":"https:\/\/candas365.es\/noticias\/proyecto-piloto-en-amieva-para-impulsar-el-queso-de-los-beyos\/#newsarticle","name":"Proyecto piloto en Amieva para impulsar el Queso de Los Beyos | Cand\u00e1s 365","headline":"Proyecto piloto en Amieva para impulsar el Queso de Los Beyos","author":{"@id":"https:\/\/candas365.es\/noticias\/author\/admin\/#author"},"publisher":{"@id":"https:\/\/candas365.es\/noticias\/#organization"},"image":{"@type":"ImageObject","url":"https:\/\/candas365.es\/noticias\/wp-content\/uploads\/2026\/02\/Proyecto-piloto-en-Amieva-para-impulsar-el-Queso-de-Los-Beyos.jpg","width":1128,"height":817,"caption":"Foto: Prensa Gobierno de Asturias"},"datePublished":"2026-02-06T12:44:19+01:00","dateModified":"2026-02-06T12:44:19+01:00","inLanguage":"es-ES","mainEntityOfPage":{"@id":"https:\/\/candas365.es\/noticias\/proyecto-piloto-en-amieva-para-impulsar-el-queso-de-los-beyos\/#webpage"},"isPartOf":{"@id":"https:\/\/candas365.es\/noticias\/proyecto-piloto-en-amieva-para-impulsar-el-queso-de-los-beyos\/#webpage"},"articleSection":"Asturias, Asturias","dateline":"Publicado el febrero 6, 2026."},{"@type":"Organization","@id":"https:\/\/candas365.es\/noticias\/#organization","name":"Cand\u00e1s 365","description":"Cand\u00e1s 365 es un diario digital independiente, fundado en 2012, con base en Asturias. Informamos con rigor sobre actualidad, sociedad, cultura y ocio, con una mirada local y global.","url":"https:\/\/candas365.es\/noticias\/","email":"info@candas365.es","telephone":"+34652131393","foundingDate":"2012-06-10","logo":{"@type":"ImageObject","url":"https:\/\/candas365.es\/noticias\/wp-content\/uploads\/2024\/09\/Candas-365-Redes.jpg","@id":"https:\/\/candas365.es\/noticias\/proyecto-piloto-en-amieva-para-impulsar-el-queso-de-los-beyos\/#organizationLogo","width":1152,"height":864,"caption":"Cand\u00e1s 365 Redes"},"image":{"@id":"https:\/\/candas365.es\/noticias\/proyecto-piloto-en-amieva-para-impulsar-el-queso-de-los-beyos\/#organizationLogo"},"sameAs":["https:\/\/www.facebook.com\/Nachofdezber","https:\/\/x.com\/NabercoDigital","https:\/\/www.instagram.com\/nachofdezber\/","https:\/\/www.youtube.com\/channel\/UCZP-2wLEB9Rv6erhFmqVnvg"],"address":{"@id":"https:\/\/candas365.es\/noticias\/#postaladdress","@type":"PostalAddress","streetAddress":"san antonio 4, san antonio 4","postalCode":"33430","addressLocality":"Cand\u00e1s","addressRegion":"Asturias","addressCountry":"ES"}},{"@type":"Person","@id":"https:\/\/candas365.es\/noticias\/author\/admin\/#author","url":"https:\/\/candas365.es\/noticias\/author\/admin\/","name":"Cand\u00e1s 365","image":{"@type":"ImageObject","@id":"https:\/\/candas365.es\/noticias\/proyecto-piloto-en-amieva-para-impulsar-el-queso-de-los-beyos\/#authorImage","url":"https:\/\/secure.gravatar.com\/avatar\/496a8e03d0c493ede1718b7934145dbdf8d89be1036b0eec9544e1094c9de390?s=96&d=mm&r=g","width":96,"height":96,"caption":"Cand\u00e1s 365"},"sameAs":["https:\/\/www.facebook.com\/carrenoactualidad","https:\/\/twitter.com\/nbasturias","https:\/\/www.instagram.com\/nachofdezber\/","https:\/\/www.youtube.com\/channel\/UCZP-2wLEB9Rv6erhFmqVnvg"]},{"@type":"WebPage","@id":"https:\/\/candas365.es\/noticias\/proyecto-piloto-en-amieva-para-impulsar-el-queso-de-los-beyos\/#webpage","url":"https:\/\/candas365.es\/noticias\/proyecto-piloto-en-amieva-para-impulsar-el-queso-de-los-beyos\/","name":"Proyecto piloto en Amieva para impulsar el Queso de Los Beyos | Cand\u00e1s 365","description":"El Principado de Asturias impulsa en Amieva un proyecto piloto para reforzar la producci\u00f3n del Queso de Los Beyos y atraer poblaci\u00f3n al medio rural.","inLanguage":"es-ES","isPartOf":{"@id":"https:\/\/candas365.es\/noticias\/#website"},"breadcrumb":{"@id":"https:\/\/candas365.es\/noticias\/proyecto-piloto-en-amieva-para-impulsar-el-queso-de-los-beyos\/#breadcrumblist"},"author":{"@id":"https:\/\/candas365.es\/noticias\/author\/admin\/#author"},"creator":{"@id":"https:\/\/candas365.es\/noticias\/author\/admin\/#author"},"image":{"@type":"ImageObject","url":"https:\/\/candas365.es\/noticias\/wp-content\/uploads\/2026\/02\/Proyecto-piloto-en-Amieva-para-impulsar-el-Queso-de-Los-Beyos.jpg","@id":"https:\/\/candas365.es\/noticias\/proyecto-piloto-en-amieva-para-impulsar-el-queso-de-los-beyos\/#mainImage","width":1128,"height":817,"caption":"Foto: Prensa Gobierno de Asturias"},"primaryImageOfPage":{"@id":"https:\/\/candas365.es\/noticias\/proyecto-piloto-en-amieva-para-impulsar-el-queso-de-los-beyos\/#mainImage"},"datePublished":"2026-02-06T12:44:19+01:00","dateModified":"2026-02-06T12:44:19+01:00"},{"@type":"WebSite","@id":"https:\/\/candas365.es\/noticias\/#website","url":"https:\/\/candas365.es\/noticias\/","name":"Cand\u00e1s 365","alternateName":"Cand\u00e1s 365 Noticias","description":"Actualidad desde Carre\u00f1o para el mundo","inLanguage":"es-ES","publisher":{"@id":"https:\/\/candas365.es\/noticias\/#organization"}}]},"og:locale":"es_ES","og:site_name":"Cand\u00e1s 365","og:type":"article","og:title":"Proyecto piloto en Amieva para impulsar el Queso de Los Beyos | Cand\u00e1s 365","og:description":"El Principado de Asturias impulsa en Amieva un proyecto piloto para reforzar la producci\u00f3n del Queso de Los Beyos y atraer poblaci\u00f3n al medio rural.","og:url":"https:\/\/candas365.es\/noticias\/proyecto-piloto-en-amieva-para-impulsar-el-queso-de-los-beyos\/","og:image":"https:\/\/candas365.es\/noticias\/wp-content\/uploads\/2026\/02\/Proyecto-piloto-en-Amieva-para-impulsar-el-Queso-de-Los-Beyos.jpg","og:image:secure_url":"https:\/\/candas365.es\/noticias\/wp-content\/uploads\/2026\/02\/Proyecto-piloto-en-Amieva-para-impulsar-el-Queso-de-Los-Beyos.jpg","og:image:width":1128,"og:image:height":817,"article:published_time":"2026-02-06T11:44:19+00:00","article:modified_time":"2026-02-06T11:44:19+00:00","article:publisher":"https:\/\/www.facebook.com\/Nachofdezber","article:author":"https:\/\/www.facebook.com\/carrenoactualidad","twitter:card":"summary_large_image","twitter:site":"@NabercoDigital","twitter:title":"Proyecto piloto en Amieva para impulsar el Queso de Los Beyos | Cand\u00e1s 365","twitter:description":"El Principado de Asturias impulsa en Amieva un proyecto piloto para reforzar la producci\u00f3n del Queso de Los Beyos y atraer poblaci\u00f3n al medio rural.","twitter:creator":"@nbasturias","twitter:image":"https:\/\/candas365.es\/noticias\/wp-content\/uploads\/2026\/02\/Proyecto-piloto-en-Amieva-para-impulsar-el-Queso-de-Los-Beyos.jpg","twitter:label1":"Escrito por","twitter:data1":"Cand\u00e1s 365","twitter:label2":"Tiempo de lectura estimado","twitter:data2":"2 minutos"},"aioseo_meta_data":{"post_id":"191853","title":null,"description":"El Principado de Asturias impulsa en Amieva un proyecto piloto para reforzar la producci\u00f3n del Queso de Los Beyos y atraer poblaci\u00f3n al medio rural.","keywords":null,"keyphrases":{"focus":{"keyphrase":"Amieva","score":91,"analysis":{"keyphraseInTitle":{"score":9,"maxScore":9,"error":0},"keyphraseInDescription":{"score":9,"maxScore":9,"error":0},"keyphraseLength":{"score":9,"maxScore":9,"error":0,"length":1},"keyphraseInURL":{"score":5,"maxScore":5,"error":0},"keyphraseInIntroduction":{"score":9,"maxScore":9,"error":0},"keyphraseInSubHeadings":{"score":3,"maxScore":9,"error":1},"keyphraseInImageAlt":{"score":9,"maxScore":9,"error":0},"keywordDensity":{"type":"best","score":9,"maxScore":9,"error":0}}},"additional":[{"keyphrase":"Los Beyos","score":100,"analysis":{"keyphraseInDescription":{"score":9,"maxScore":9,"error":0},"keyphraseLength":{"score":9,"maxScore":9,"error":0,"length":2},"keyphraseInIntroduction":{"score":9,"maxScore":9,"error":0},"keyphraseInImageAlt":{"score":9,"maxScore":9,"error":0},"keywordDensity":{"type":"best","score":9,"maxScore":9,"error":0}}}]},"primary_term":null,"canonical_url":null,"og_title":null,"og_description":null,"og_object_type":"default","og_image_type":"default","og_image_url":null,"og_image_width":null,"og_image_height":null,"og_image_custom_url":null,"og_image_custom_fields":null,"og_video":"","og_custom_url":null,"og_article_section":null,"og_article_tags":null,"twitter_use_og":false,"twitter_card":"default","twitter_image_type":"default","twitter_image_url":null,"twitter_image_custom_url":null,"twitter_image_custom_fields":null,"twitter_title":null,"twitter_description":null,"schema":{"blockGraphs":[],"customGraphs":[],"default":{"data":{"Article":[],"Course":[],"Dataset":[],"FAQPage":[],"Movie":[],"Person":[],"Product":[],"ProductReview":[],"Car":[],"Recipe":[],"Service":[],"SoftwareApplication":[],"WebPage":[]},"graphName":"Article","isEnabled":true},"graphs":[]},"schema_type":"default","schema_type_options":null,"pillar_content":false,"robots_default":true,"robots_noindex":false,"robots_noarchive":false,"robots_nosnippet":false,"robots_nofollow":false,"robots_noimageindex":false,"robots_noodp":false,"robots_notranslate":false,"robots_max_snippet":"-1","robots_max_videopreview":"-1","robots_max_imagepreview":"large","priority":null,"frequency":"default","location":null,"local_seo":null,"seo_analyzer_scan_date":"2026-02-06 11:48:54","breadcrumb_settings":null,"limit_modified_date":false,"reviewed_by":null,"open_ai":null,"ai":{"faqs":[],"keyPoints":[],"titles":[],"descriptions":[],"socialPosts":{"email":[],"linkedin":[],"twitter":[],"facebook":[],"instagram":[]}},"created":"2026-02-06 11:35:10","updated":"2026-02-06 11:58:19"},"aioseo_breadcrumb":"<div class=\"aioseo-breadcrumbs\"><span class=\"aioseo-breadcrumb\">\n\t<a href=\"https:\/\/candas365.es\/noticias\" title=\"Home\">Home<\/a>\n<\/span><span class=\"aioseo-breadcrumb-separator\">&ndash;<\/span><span class=\"aioseo-breadcrumb\">\n\t<a href=\"https:\/\/candas365.es\/noticias\/category\/asturias\/\" title=\"Asturias\">Asturias<\/a>\n<\/span><span class=\"aioseo-breadcrumb-separator\">&ndash;<\/span><span class=\"aioseo-breadcrumb\">\n\tProyecto piloto en Amieva para impulsar el Queso de Los Beyos\n<\/span><\/div>","aioseo_breadcrumb_json":[{"label":"Home","link":"https:\/\/candas365.es\/noticias"},{"label":"Asturias","link":"https:\/\/candas365.es\/noticias\/category\/asturias\/"},{"label":"Proyecto piloto en Amieva para impulsar el Queso de Los Beyos","link":"https:\/\/candas365.es\/noticias\/proyecto-piloto-en-amieva-para-impulsar-el-queso-de-los-beyos\/"}],"_links":{"self":[{"href":"https:\/\/candas365.es\/noticias\/wp-json\/wp\/v2\/posts\/191853","targetHints":{"allow":["GET"]}}],"collection":[{"href":"https:\/\/candas365.es\/noticias\/wp-json\/wp\/v2\/posts"}],"about":[{"href":"https:\/\/candas365.es\/noticias\/wp-json\/wp\/v2\/types\/post"}],"author":[{"embeddable":true,"href":"https:\/\/candas365.es\/noticias\/wp-json\/wp\/v2\/users\/1"}],"replies":[{"embeddable":true,"href":"https:\/\/candas365.es\/noticias\/wp-json\/wp\/v2\/comments?post=191853"}],"version-history":[{"count":0,"href":"https:\/\/candas365.es\/noticias\/wp-json\/wp\/v2\/posts\/191853\/revisions"}],"wp:featuredmedia":[{"embeddable":true,"href":"https:\/\/candas365.es\/noticias\/wp-json\/wp\/v2\/media\/191854"}],"wp:attachment":[{"href":"https:\/\/candas365.es\/noticias\/wp-json\/wp\/v2\/media?parent=191853"}],"wp:term":[{"taxonomy":"category","embeddable":true,"href":"https:\/\/candas365.es\/noticias\/wp-json\/wp\/v2\/categories?post=191853"},{"taxonomy":"post_tag","embeddable":true,"href":"https:\/\/candas365.es\/noticias\/wp-json\/wp\/v2\/tags?post=191853"}],"curies":[{"name":"wp","href":"https:\/\/api.w.org\/{rel}","templated":true}]}}