{"id":191833,"date":"2026-02-06T04:31:34","date_gmt":"2026-02-06T03:31:34","guid":{"rendered":"https:\/\/candas365.es\/noticias\/?p=191833"},"modified":"2026-02-06T04:31:34","modified_gmt":"2026-02-06T03:31:34","slug":"asturias-defiende-en-bruselas-la-gestion-regional-del-feder","status":"publish","type":"post","link":"https:\/\/candas365.es\/noticias\/asturias-defiende-en-bruselas-la-gestion-regional-del-feder\/","title":{"rendered":"Asturias defiende en Bruselas la gesti\u00f3n regional del Feder"},"content":{"rendered":"<div class=\"flex flex-col text-sm pb-25\">\n<article class=\"text-token-text-primary w-full focus:outline-none [--shadow-height:45px] has-data-writing-block:pointer-events-none has-data-writing-block:-mt-(--shadow-height) has-data-writing-block:pt-(--shadow-height) [&amp;:has([data-writing-block])&gt;*]:pointer-events-auto scroll-mt-[calc(var(--header-height)+min(200px,max(70px,20svh)))]\" dir=\"auto\" tabindex=\"-1\" data-turn-id=\"2ff74940-3f75-4754-9a1e-d9730201f787\" data-testid=\"conversation-turn-66\" data-scroll-anchor=\"true\" data-turn=\"assistant\">\n<div class=\"text-base my-auto mx-auto pb-10 [--thread-content-margin:--spacing(4)] @w-sm\/main:[--thread-content-margin:--spacing(6)] @w-lg\/main:[--thread-content-margin:--spacing(16)] px-(--thread-content-margin)\">\n<div class=\"[--thread-content-max-width:40rem] @w-lg\/main:[--thread-content-max-width:48rem] mx-auto max-w-(--thread-content-max-width) flex-1 group\/turn-messages focus-visible:outline-hidden relative flex w-full min-w-0 flex-col agent-turn\" tabindex=\"-1\">\n<div class=\"flex max-w-full flex-col grow\">\n<div class=\"min-h-8 text-message relative flex w-full flex-col items-end gap-2 text-start break-words whitespace-normal [.text-message+&amp;]:mt-1\" dir=\"auto\" data-message-author-role=\"assistant\" data-message-id=\"90f0089f-1574-47e3-8487-b856aaf10d18\" data-message-model-slug=\"gpt-5-2\">\n<div class=\"flex w-full flex-col gap-1 empty:hidden first:pt-[1px]\">\n<div class=\"markdown prose dark:prose-invert w-full wrap-break-word light markdown-new-styling\">\n<p data-start=\"80\" data-end=\"255\">El <strong>Principado de Asturias<\/strong> reclama en Bruselas que las comunidades aut\u00f3nomas participen en el dise\u00f1o y gesti\u00f3n de la pol\u00edtica de cohesi\u00f3n europea y del <strong>fondo Feder<\/strong>.<\/p>\n<figure id=\"attachment_191834\" aria-describedby=\"caption-attachment-191834\" style=\"width: 650px\" class=\"wp-caption aligncenter\"><img fetchpriority=\"high\" decoding=\"async\" class=\"size-large wp-image-191834\" src=\"https:\/\/candas365.es\/noticias\/wp-content\/uploads\/2026\/02\/Asturias-defiende-en-Bruselas-la-gestion-regional-del-Feder-650x431.jpg\" alt=\"Asturias defiende en Bruselas la gesti\u00f3n regional del Feder\" width=\"650\" height=\"431\" srcset=\"https:\/\/candas365.es\/noticias\/wp-content\/uploads\/2026\/02\/Asturias-defiende-en-Bruselas-la-gestion-regional-del-Feder-650x431.jpg 650w, https:\/\/candas365.es\/noticias\/wp-content\/uploads\/2026\/02\/Asturias-defiende-en-Bruselas-la-gestion-regional-del-Feder-360x239.jpg 360w, https:\/\/candas365.es\/noticias\/wp-content\/uploads\/2026\/02\/Asturias-defiende-en-Bruselas-la-gestion-regional-del-Feder-768x509.jpg 768w, https:\/\/candas365.es\/noticias\/wp-content\/uploads\/2026\/02\/Asturias-defiende-en-Bruselas-la-gestion-regional-del-Feder-150x99.jpg 150w, https:\/\/candas365.es\/noticias\/wp-content\/uploads\/2026\/02\/Asturias-defiende-en-Bruselas-la-gestion-regional-del-Feder-450x298.jpg 450w, https:\/\/candas365.es\/noticias\/wp-content\/uploads\/2026\/02\/Asturias-defiende-en-Bruselas-la-gestion-regional-del-Feder-1200x795.jpg 1200w, https:\/\/candas365.es\/noticias\/wp-content\/uploads\/2026\/02\/Asturias-defiende-en-Bruselas-la-gestion-regional-del-Feder.jpg 1239w\" sizes=\"(max-width: 650px) 100vw, 650px\" \/><figcaption id=\"caption-attachment-191834\" class=\"wp-caption-text\">Foto: Prensa Principado de Asturias<\/figcaption><\/figure>\n<p data-start=\"262\" data-end=\"740\">El <a href=\"https:\/\/actualidad.asturias.es\/\" target=\"_blank\" rel=\"noopener\"><span style=\"color: #ff6600;\"><strong data-start=\"265\" data-end=\"306\"><span class=\"hover:entity-accent entity-underline inline cursor-pointer align-baseline\"><span class=\"whitespace-normal\">Gobierno del Principado de Asturias<\/span><\/span><\/strong><\/span><\/a> ha reforzado en Bruselas su l\u00ednea de trabajo para reclamar ante las autoridades comunitarias que las comunidades aut\u00f3nomas participen en la gesti\u00f3n y dise\u00f1o de la pol\u00edtica de cohesi\u00f3n europea. La directora general de Asuntos Europeos, <strong data-start=\"542\" data-end=\"583\"><span class=\"hover:entity-accent entity-underline inline cursor-pointer align-baseline\"><span class=\"whitespace-normal\">Raquel Garc\u00eda<\/span><\/span><\/strong>, defendi\u00f3 varias enmiendas durante la sesi\u00f3n de la Comisi\u00f3n de Pol\u00edtica de Cohesi\u00f3n Territorial del Comit\u00e9 de las Regiones, que finalmente fueron aprobadas.<\/p>\n<p data-start=\"742\" data-end=\"995\">El Ejecutivo auton\u00f3mico ha advertido en distintos foros comunitarios de una tendencia hacia la centralizaci\u00f3n de la gesti\u00f3n de los fondos europeos, que podr\u00eda reducir la participaci\u00f3n de administraciones auton\u00f3micas y locales en los \u00f3rganos de decisi\u00f3n.<\/p>\n<h2 data-start=\"997\" data-end=\"1041\">Defensa del enfoque territorial del Feder<\/h2>\n<p data-start=\"1043\" data-end=\"1502\">Una de las enmiendas impulsadas por Asturias est\u00e1 relacionada con la gesti\u00f3n del <strong data-start=\"1124\" data-end=\"1165\"><span class=\"hover:entity-accent entity-underline inline cursor-pointer align-baseline\"><span class=\"whitespace-normal\">Fondo Europeo de Desarrollo Regional<\/span><\/span><\/strong> (Feder), principal instrumento de financiaci\u00f3n europea para la comunidad. Seg\u00fan explic\u00f3 Raquel Garc\u00eda, la pol\u00edtica de cohesi\u00f3n debe mantener un enfoque territorial integrado y ascendente, adaptado a las necesidades espec\u00edficas de cada regi\u00f3n y evitando soluciones uniformes que no reflejen la diversidad territorial de la Uni\u00f3n Europea.<\/p>\n<p data-start=\"1504\" data-end=\"1682\">La directora general record\u00f3 adem\u00e1s que Asturias ha alcanzado niveles elevados de ejecuci\u00f3n del Feder, lo que, a su juicio, demuestra la eficacia del modelo aplicado hasta ahora.<\/p>\n<h2 data-start=\"1684\" data-end=\"1721\">Inversiones del programa 2021-2027<\/h2>\n<p data-start=\"1723\" data-end=\"1988\">Para el periodo 2021-2027, Asturias dispone de una asignaci\u00f3n de 430 millones de euros con cargo al Feder, que asciende a 445 millones si se incluyen los costes de asistencia t\u00e9cnica. La financiaci\u00f3n procede en un 60% de la Uni\u00f3n Europea y en un 40% del Principado.<\/p>\n<p data-start=\"1990\" data-end=\"2397\" data-is-last-node=\"\" data-is-only-node=\"\">El programa operativo contempla actuaciones orientadas a impulsar empresas de base tecnol\u00f3gica, digitalizar sistemas de abastecimiento de agua, avanzar hacia un territorio m\u00e1s sostenible \u2014con inversiones como las destinadas a prevenir crecidas del r\u00edo Sella\u2014 y reforzar pol\u00edticas sociales, entre ellas la construcci\u00f3n de los institutos de educaci\u00f3n secundaria de La Florida y La Corredoria, en <a href=\"https:\/\/candas365.es\/noticias\/category\/asturias\/\"><span style=\"color: #ff6600;\"><strong>Oviedo<\/strong><\/span><\/a><\/p>\n<p data-start=\"1990\" data-end=\"2397\" data-is-last-node=\"\" data-is-only-node=\"\">\n<\/div>\n<\/div>\n<\/div>\n<\/div>\n<\/div>\n<\/div>\n<\/article>\n<\/div>\n","protected":false},"excerpt":{"rendered":"<p>El Principado de Asturias reclama en Bruselas que las comunidades aut\u00f3nomas participen en el dise\u00f1o y gesti\u00f3n de la pol\u00edtica de cohesi\u00f3n europea y del fondo Feder. El Gobierno del Principado de Asturias ha reforzado en Bruselas su l\u00ednea de trabajo para reclamar ante las autoridades comunitarias que las comunidades aut\u00f3nomas participen en la gesti\u00f3n<\/p>\n","protected":false},"author":1,"featured_media":191834,"comment_status":"closed","ping_status":"closed","sticky":false,"template":"","format":"standard","meta":{"footnotes":""},"categories":[7],"tags":[380],"class_list":{"0":"post-191833","1":"post","2":"type-post","3":"status-publish","4":"format-standard","5":"has-post-thumbnail","7":"category-asturias","8":"tag-asturias"},"aioseo_notices":[],"aioseo_head":"\n\t\t<!-- All in One SEO Pro 4.9.6.2 - aioseo.com -->\n\t<meta name=\"description\" content=\"El Principado de Asturias reclama en Bruselas que las comunidades aut\u00f3nomas participen en el dise\u00f1o y gesti\u00f3n de la pol\u00edtica de cohesi\u00f3n europea\" \/>\n\t<meta name=\"robots\" content=\"max-image-preview:large\" \/>\n\t<meta name=\"author\" content=\"Cand\u00e1s 365\"\/>\n\t<meta name=\"google-site-verification\" content=\"UA-32230408-1\" \/>\n\t<meta name=\"msvalidate.01\" content=\"354F3CDFB2DA171B47FBE9ABF1F88D5\" \/>\n\t<meta name=\"keywords\" content=\"asturias\" \/>\n\t<link rel=\"canonical\" href=\"https:\/\/candas365.es\/noticias\/asturias-defiende-en-bruselas-la-gestion-regional-del-feder\/\" \/>\n\t<meta name=\"generator\" content=\"All in One SEO Pro (AIOSEO) 4.9.6.2\" \/>\n\t\t<meta property=\"og:locale\" content=\"es_ES\" \/>\n\t\t<meta property=\"og:site_name\" content=\"Cand\u00e1s 365\" \/>\n\t\t<meta property=\"og:type\" content=\"article\" \/>\n\t\t<meta property=\"og:title\" content=\"Asturias defiende en Bruselas la gesti\u00f3n regional del Feder | Cand\u00e1s 365\" \/>\n\t\t<meta property=\"og:description\" content=\"El Principado de Asturias reclama en Bruselas que las comunidades aut\u00f3nomas participen en el dise\u00f1o y gesti\u00f3n de la pol\u00edtica de cohesi\u00f3n europea\" \/>\n\t\t<meta property=\"og:url\" content=\"https:\/\/candas365.es\/noticias\/asturias-defiende-en-bruselas-la-gestion-regional-del-feder\/\" \/>\n\t\t<meta property=\"og:image\" content=\"https:\/\/candas365.es\/noticias\/wp-content\/uploads\/2026\/02\/Asturias-defiende-en-Bruselas-la-gestion-regional-del-Feder.jpg\" \/>\n\t\t<meta property=\"og:image:secure_url\" content=\"https:\/\/candas365.es\/noticias\/wp-content\/uploads\/2026\/02\/Asturias-defiende-en-Bruselas-la-gestion-regional-del-Feder.jpg\" \/>\n\t\t<meta property=\"og:image:width\" content=\"1239\" \/>\n\t\t<meta property=\"og:image:height\" content=\"821\" \/>\n\t\t<meta property=\"article:published_time\" content=\"2026-02-06T03:31:34+00:00\" \/>\n\t\t<meta property=\"article:modified_time\" content=\"2026-02-06T03:31:34+00:00\" \/>\n\t\t<meta property=\"article:publisher\" content=\"https:\/\/www.facebook.com\/Nachofdezber\" \/>\n\t\t<meta property=\"article:author\" content=\"https:\/\/www.facebook.com\/carrenoactualidad\" \/>\n\t\t<meta name=\"twitter:card\" content=\"summary_large_image\" \/>\n\t\t<meta name=\"twitter:site\" content=\"@NabercoDigital\" \/>\n\t\t<meta name=\"twitter:title\" content=\"Asturias defiende en Bruselas la gesti\u00f3n regional del Feder | Cand\u00e1s 365\" \/>\n\t\t<meta name=\"twitter:description\" content=\"El Principado de Asturias reclama en Bruselas que las comunidades aut\u00f3nomas participen en el dise\u00f1o y gesti\u00f3n de la pol\u00edtica de cohesi\u00f3n europea\" \/>\n\t\t<meta name=\"twitter:creator\" content=\"@nbasturias\" \/>\n\t\t<meta name=\"twitter:image\" content=\"https:\/\/candas365.es\/noticias\/wp-content\/uploads\/2026\/02\/Asturias-defiende-en-Bruselas-la-gestion-regional-del-Feder.jpg\" \/>\n\t\t<meta name=\"twitter:label1\" content=\"Escrito por\" \/>\n\t\t<meta name=\"twitter:data1\" content=\"Cand\u00e1s 365\" \/>\n\t\t<meta name=\"twitter:label2\" content=\"Tiempo de lectura estimado\" \/>\n\t\t<meta name=\"twitter:data2\" content=\"2 minutos\" \/>\n\t\t<script type=\"application\/ld+json\" class=\"aioseo-schema\">\n\t\t\t{\"@context\":\"https:\\\/\\\/schema.org\",\"@graph\":[{\"@type\":\"BreadcrumbList\",\"@id\":\"https:\\\/\\\/candas365.es\\\/noticias\\\/asturias-defiende-en-bruselas-la-gestion-regional-del-feder\\\/#breadcrumblist\",\"itemListElement\":[{\"@type\":\"ListItem\",\"@id\":\"https:\\\/\\\/candas365.es\\\/noticias#listItem\",\"position\":1,\"name\":\"Home\",\"item\":\"https:\\\/\\\/candas365.es\\\/noticias\",\"nextItem\":{\"@type\":\"ListItem\",\"@id\":\"https:\\\/\\\/candas365.es\\\/noticias\\\/category\\\/asturias\\\/#listItem\",\"name\":\"Asturias\"}},{\"@type\":\"ListItem\",\"@id\":\"https:\\\/\\\/candas365.es\\\/noticias\\\/category\\\/asturias\\\/#listItem\",\"position\":2,\"name\":\"Asturias\",\"item\":\"https:\\\/\\\/candas365.es\\\/noticias\\\/category\\\/asturias\\\/\",\"nextItem\":{\"@type\":\"ListItem\",\"@id\":\"https:\\\/\\\/candas365.es\\\/noticias\\\/asturias-defiende-en-bruselas-la-gestion-regional-del-feder\\\/#listItem\",\"name\":\"Asturias defiende en Bruselas la gesti\\u00f3n regional del Feder\"},\"previousItem\":{\"@type\":\"ListItem\",\"@id\":\"https:\\\/\\\/candas365.es\\\/noticias#listItem\",\"name\":\"Home\"}},{\"@type\":\"ListItem\",\"@id\":\"https:\\\/\\\/candas365.es\\\/noticias\\\/asturias-defiende-en-bruselas-la-gestion-regional-del-feder\\\/#listItem\",\"position\":3,\"name\":\"Asturias defiende en Bruselas la gesti\\u00f3n regional del Feder\",\"previousItem\":{\"@type\":\"ListItem\",\"@id\":\"https:\\\/\\\/candas365.es\\\/noticias\\\/category\\\/asturias\\\/#listItem\",\"name\":\"Asturias\"}}]},{\"@type\":\"NewsArticle\",\"@id\":\"https:\\\/\\\/candas365.es\\\/noticias\\\/asturias-defiende-en-bruselas-la-gestion-regional-del-feder\\\/#newsarticle\",\"name\":\"Asturias defiende en Bruselas la gesti\\u00f3n regional del Feder | Cand\\u00e1s 365\",\"headline\":\"Asturias defiende en Bruselas la gesti\\u00f3n regional del Feder\",\"author\":{\"@id\":\"https:\\\/\\\/candas365.es\\\/noticias\\\/author\\\/admin\\\/#author\"},\"publisher\":{\"@id\":\"https:\\\/\\\/candas365.es\\\/noticias\\\/#organization\"},\"image\":{\"@type\":\"ImageObject\",\"url\":\"https:\\\/\\\/candas365.es\\\/noticias\\\/wp-content\\\/uploads\\\/2026\\\/02\\\/Asturias-defiende-en-Bruselas-la-gestion-regional-del-Feder.jpg\",\"width\":1239,\"height\":821,\"caption\":\"Foto: Prensa Principado de Asturias\"},\"datePublished\":\"2026-02-06T04:31:34+01:00\",\"dateModified\":\"2026-02-06T04:31:34+01:00\",\"inLanguage\":\"es-ES\",\"mainEntityOfPage\":{\"@id\":\"https:\\\/\\\/candas365.es\\\/noticias\\\/asturias-defiende-en-bruselas-la-gestion-regional-del-feder\\\/#webpage\"},\"isPartOf\":{\"@id\":\"https:\\\/\\\/candas365.es\\\/noticias\\\/asturias-defiende-en-bruselas-la-gestion-regional-del-feder\\\/#webpage\"},\"articleSection\":\"Asturias, Asturias\",\"dateline\":\"Publicado el febrero 6, 2026.\"},{\"@type\":\"Organization\",\"@id\":\"https:\\\/\\\/candas365.es\\\/noticias\\\/#organization\",\"name\":\"Cand\\u00e1s 365\",\"description\":\"Cand\\u00e1s 365 es un diario digital independiente, fundado en 2012, con base en Asturias. Informamos con rigor sobre actualidad, sociedad, cultura y ocio, con una mirada local y global.\",\"url\":\"https:\\\/\\\/candas365.es\\\/noticias\\\/\",\"email\":\"info@candas365.es\",\"telephone\":\"+34652131393\",\"foundingDate\":\"2012-06-10\",\"logo\":{\"@type\":\"ImageObject\",\"url\":\"https:\\\/\\\/candas365.es\\\/noticias\\\/wp-content\\\/uploads\\\/2024\\\/09\\\/Candas-365-Redes.jpg\",\"@id\":\"https:\\\/\\\/candas365.es\\\/noticias\\\/asturias-defiende-en-bruselas-la-gestion-regional-del-feder\\\/#organizationLogo\",\"width\":1152,\"height\":864,\"caption\":\"Cand\\u00e1s 365 Redes\"},\"image\":{\"@id\":\"https:\\\/\\\/candas365.es\\\/noticias\\\/asturias-defiende-en-bruselas-la-gestion-regional-del-feder\\\/#organizationLogo\"},\"sameAs\":[\"https:\\\/\\\/www.facebook.com\\\/Nachofdezber\",\"https:\\\/\\\/x.com\\\/NabercoDigital\",\"https:\\\/\\\/www.instagram.com\\\/nachofdezber\\\/\",\"https:\\\/\\\/www.youtube.com\\\/channel\\\/UCZP-2wLEB9Rv6erhFmqVnvg\"],\"address\":{\"@id\":\"https:\\\/\\\/candas365.es\\\/noticias\\\/#postaladdress\",\"@type\":\"PostalAddress\",\"streetAddress\":\"san antonio 4, san antonio 4\",\"postalCode\":\"33430\",\"addressLocality\":\"Cand\\u00e1s\",\"addressRegion\":\"Asturias\",\"addressCountry\":\"ES\"}},{\"@type\":\"Person\",\"@id\":\"https:\\\/\\\/candas365.es\\\/noticias\\\/author\\\/admin\\\/#author\",\"url\":\"https:\\\/\\\/candas365.es\\\/noticias\\\/author\\\/admin\\\/\",\"name\":\"Cand\\u00e1s 365\",\"image\":{\"@type\":\"ImageObject\",\"@id\":\"https:\\\/\\\/candas365.es\\\/noticias\\\/asturias-defiende-en-bruselas-la-gestion-regional-del-feder\\\/#authorImage\",\"url\":\"https:\\\/\\\/secure.gravatar.com\\\/avatar\\\/496a8e03d0c493ede1718b7934145dbdf8d89be1036b0eec9544e1094c9de390?s=96&d=mm&r=g\",\"width\":96,\"height\":96,\"caption\":\"Cand\\u00e1s 365\"},\"sameAs\":[\"https:\\\/\\\/www.facebook.com\\\/carrenoactualidad\",\"https:\\\/\\\/twitter.com\\\/nbasturias\",\"https:\\\/\\\/www.instagram.com\\\/nachofdezber\\\/\",\"https:\\\/\\\/www.youtube.com\\\/channel\\\/UCZP-2wLEB9Rv6erhFmqVnvg\"]},{\"@type\":\"WebPage\",\"@id\":\"https:\\\/\\\/candas365.es\\\/noticias\\\/asturias-defiende-en-bruselas-la-gestion-regional-del-feder\\\/#webpage\",\"url\":\"https:\\\/\\\/candas365.es\\\/noticias\\\/asturias-defiende-en-bruselas-la-gestion-regional-del-feder\\\/\",\"name\":\"Asturias defiende en Bruselas la gesti\\u00f3n regional del Feder | Cand\\u00e1s 365\",\"description\":\"El Principado de Asturias reclama en Bruselas que las comunidades aut\\u00f3nomas participen en el dise\\u00f1o y gesti\\u00f3n de la pol\\u00edtica de cohesi\\u00f3n europea\",\"inLanguage\":\"es-ES\",\"isPartOf\":{\"@id\":\"https:\\\/\\\/candas365.es\\\/noticias\\\/#website\"},\"breadcrumb\":{\"@id\":\"https:\\\/\\\/candas365.es\\\/noticias\\\/asturias-defiende-en-bruselas-la-gestion-regional-del-feder\\\/#breadcrumblist\"},\"author\":{\"@id\":\"https:\\\/\\\/candas365.es\\\/noticias\\\/author\\\/admin\\\/#author\"},\"creator\":{\"@id\":\"https:\\\/\\\/candas365.es\\\/noticias\\\/author\\\/admin\\\/#author\"},\"image\":{\"@type\":\"ImageObject\",\"url\":\"https:\\\/\\\/candas365.es\\\/noticias\\\/wp-content\\\/uploads\\\/2026\\\/02\\\/Asturias-defiende-en-Bruselas-la-gestion-regional-del-Feder.jpg\",\"@id\":\"https:\\\/\\\/candas365.es\\\/noticias\\\/asturias-defiende-en-bruselas-la-gestion-regional-del-feder\\\/#mainImage\",\"width\":1239,\"height\":821,\"caption\":\"Foto: Prensa Principado de Asturias\"},\"primaryImageOfPage\":{\"@id\":\"https:\\\/\\\/candas365.es\\\/noticias\\\/asturias-defiende-en-bruselas-la-gestion-regional-del-feder\\\/#mainImage\"},\"datePublished\":\"2026-02-06T04:31:34+01:00\",\"dateModified\":\"2026-02-06T04:31:34+01:00\"},{\"@type\":\"WebSite\",\"@id\":\"https:\\\/\\\/candas365.es\\\/noticias\\\/#website\",\"url\":\"https:\\\/\\\/candas365.es\\\/noticias\\\/\",\"name\":\"Cand\\u00e1s 365\",\"alternateName\":\"Cand\\u00e1s 365 Noticias\",\"description\":\"Actualidad desde Carre\\u00f1o para el mundo\",\"inLanguage\":\"es-ES\",\"publisher\":{\"@id\":\"https:\\\/\\\/candas365.es\\\/noticias\\\/#organization\"}}]}\n\t\t<\/script>\n\t\t<!-- All in One SEO Pro -->\r\n\t\t<title>Asturias defiende en Bruselas la gesti\u00f3n regional del Feder | Cand\u00e1s 365<\/title>\n\n","aioseo_head_json":{"title":"Asturias defiende en Bruselas la gesti\u00f3n regional del Feder | Cand\u00e1s 365","description":"El Principado de Asturias reclama en Bruselas que las comunidades aut\u00f3nomas participen en el dise\u00f1o y gesti\u00f3n de la pol\u00edtica de cohesi\u00f3n europea","canonical_url":"https:\/\/candas365.es\/noticias\/asturias-defiende-en-bruselas-la-gestion-regional-del-feder\/","robots":"max-image-preview:large","keywords":"asturias","webmasterTools":{"google-site-verification":"UA-32230408-1","msvalidate.01":"354F3CDFB2DA171B47FBE9ABF1F88D5","miscellaneous":""},"schema":{"@context":"https:\/\/schema.org","@graph":[{"@type":"BreadcrumbList","@id":"https:\/\/candas365.es\/noticias\/asturias-defiende-en-bruselas-la-gestion-regional-del-feder\/#breadcrumblist","itemListElement":[{"@type":"ListItem","@id":"https:\/\/candas365.es\/noticias#listItem","position":1,"name":"Home","item":"https:\/\/candas365.es\/noticias","nextItem":{"@type":"ListItem","@id":"https:\/\/candas365.es\/noticias\/category\/asturias\/#listItem","name":"Asturias"}},{"@type":"ListItem","@id":"https:\/\/candas365.es\/noticias\/category\/asturias\/#listItem","position":2,"name":"Asturias","item":"https:\/\/candas365.es\/noticias\/category\/asturias\/","nextItem":{"@type":"ListItem","@id":"https:\/\/candas365.es\/noticias\/asturias-defiende-en-bruselas-la-gestion-regional-del-feder\/#listItem","name":"Asturias defiende en Bruselas la gesti\u00f3n regional del Feder"},"previousItem":{"@type":"ListItem","@id":"https:\/\/candas365.es\/noticias#listItem","name":"Home"}},{"@type":"ListItem","@id":"https:\/\/candas365.es\/noticias\/asturias-defiende-en-bruselas-la-gestion-regional-del-feder\/#listItem","position":3,"name":"Asturias defiende en Bruselas la gesti\u00f3n regional del Feder","previousItem":{"@type":"ListItem","@id":"https:\/\/candas365.es\/noticias\/category\/asturias\/#listItem","name":"Asturias"}}]},{"@type":"NewsArticle","@id":"https:\/\/candas365.es\/noticias\/asturias-defiende-en-bruselas-la-gestion-regional-del-feder\/#newsarticle","name":"Asturias defiende en Bruselas la gesti\u00f3n regional del Feder | Cand\u00e1s 365","headline":"Asturias defiende en Bruselas la gesti\u00f3n regional del Feder","author":{"@id":"https:\/\/candas365.es\/noticias\/author\/admin\/#author"},"publisher":{"@id":"https:\/\/candas365.es\/noticias\/#organization"},"image":{"@type":"ImageObject","url":"https:\/\/candas365.es\/noticias\/wp-content\/uploads\/2026\/02\/Asturias-defiende-en-Bruselas-la-gestion-regional-del-Feder.jpg","width":1239,"height":821,"caption":"Foto: Prensa Principado de Asturias"},"datePublished":"2026-02-06T04:31:34+01:00","dateModified":"2026-02-06T04:31:34+01:00","inLanguage":"es-ES","mainEntityOfPage":{"@id":"https:\/\/candas365.es\/noticias\/asturias-defiende-en-bruselas-la-gestion-regional-del-feder\/#webpage"},"isPartOf":{"@id":"https:\/\/candas365.es\/noticias\/asturias-defiende-en-bruselas-la-gestion-regional-del-feder\/#webpage"},"articleSection":"Asturias, Asturias","dateline":"Publicado el febrero 6, 2026."},{"@type":"Organization","@id":"https:\/\/candas365.es\/noticias\/#organization","name":"Cand\u00e1s 365","description":"Cand\u00e1s 365 es un diario digital independiente, fundado en 2012, con base en Asturias. Informamos con rigor sobre actualidad, sociedad, cultura y ocio, con una mirada local y global.","url":"https:\/\/candas365.es\/noticias\/","email":"info@candas365.es","telephone":"+34652131393","foundingDate":"2012-06-10","logo":{"@type":"ImageObject","url":"https:\/\/candas365.es\/noticias\/wp-content\/uploads\/2024\/09\/Candas-365-Redes.jpg","@id":"https:\/\/candas365.es\/noticias\/asturias-defiende-en-bruselas-la-gestion-regional-del-feder\/#organizationLogo","width":1152,"height":864,"caption":"Cand\u00e1s 365 Redes"},"image":{"@id":"https:\/\/candas365.es\/noticias\/asturias-defiende-en-bruselas-la-gestion-regional-del-feder\/#organizationLogo"},"sameAs":["https:\/\/www.facebook.com\/Nachofdezber","https:\/\/x.com\/NabercoDigital","https:\/\/www.instagram.com\/nachofdezber\/","https:\/\/www.youtube.com\/channel\/UCZP-2wLEB9Rv6erhFmqVnvg"],"address":{"@id":"https:\/\/candas365.es\/noticias\/#postaladdress","@type":"PostalAddress","streetAddress":"san antonio 4, san antonio 4","postalCode":"33430","addressLocality":"Cand\u00e1s","addressRegion":"Asturias","addressCountry":"ES"}},{"@type":"Person","@id":"https:\/\/candas365.es\/noticias\/author\/admin\/#author","url":"https:\/\/candas365.es\/noticias\/author\/admin\/","name":"Cand\u00e1s 365","image":{"@type":"ImageObject","@id":"https:\/\/candas365.es\/noticias\/asturias-defiende-en-bruselas-la-gestion-regional-del-feder\/#authorImage","url":"https:\/\/secure.gravatar.com\/avatar\/496a8e03d0c493ede1718b7934145dbdf8d89be1036b0eec9544e1094c9de390?s=96&d=mm&r=g","width":96,"height":96,"caption":"Cand\u00e1s 365"},"sameAs":["https:\/\/www.facebook.com\/carrenoactualidad","https:\/\/twitter.com\/nbasturias","https:\/\/www.instagram.com\/nachofdezber\/","https:\/\/www.youtube.com\/channel\/UCZP-2wLEB9Rv6erhFmqVnvg"]},{"@type":"WebPage","@id":"https:\/\/candas365.es\/noticias\/asturias-defiende-en-bruselas-la-gestion-regional-del-feder\/#webpage","url":"https:\/\/candas365.es\/noticias\/asturias-defiende-en-bruselas-la-gestion-regional-del-feder\/","name":"Asturias defiende en Bruselas la gesti\u00f3n regional del Feder | Cand\u00e1s 365","description":"El Principado de Asturias reclama en Bruselas que las comunidades aut\u00f3nomas participen en el dise\u00f1o y gesti\u00f3n de la pol\u00edtica de cohesi\u00f3n europea","inLanguage":"es-ES","isPartOf":{"@id":"https:\/\/candas365.es\/noticias\/#website"},"breadcrumb":{"@id":"https:\/\/candas365.es\/noticias\/asturias-defiende-en-bruselas-la-gestion-regional-del-feder\/#breadcrumblist"},"author":{"@id":"https:\/\/candas365.es\/noticias\/author\/admin\/#author"},"creator":{"@id":"https:\/\/candas365.es\/noticias\/author\/admin\/#author"},"image":{"@type":"ImageObject","url":"https:\/\/candas365.es\/noticias\/wp-content\/uploads\/2026\/02\/Asturias-defiende-en-Bruselas-la-gestion-regional-del-Feder.jpg","@id":"https:\/\/candas365.es\/noticias\/asturias-defiende-en-bruselas-la-gestion-regional-del-feder\/#mainImage","width":1239,"height":821,"caption":"Foto: Prensa Principado de Asturias"},"primaryImageOfPage":{"@id":"https:\/\/candas365.es\/noticias\/asturias-defiende-en-bruselas-la-gestion-regional-del-feder\/#mainImage"},"datePublished":"2026-02-06T04:31:34+01:00","dateModified":"2026-02-06T04:31:34+01:00"},{"@type":"WebSite","@id":"https:\/\/candas365.es\/noticias\/#website","url":"https:\/\/candas365.es\/noticias\/","name":"Cand\u00e1s 365","alternateName":"Cand\u00e1s 365 Noticias","description":"Actualidad desde Carre\u00f1o para el mundo","inLanguage":"es-ES","publisher":{"@id":"https:\/\/candas365.es\/noticias\/#organization"}}]},"og:locale":"es_ES","og:site_name":"Cand\u00e1s 365","og:type":"article","og:title":"Asturias defiende en Bruselas la gesti\u00f3n regional del Feder | Cand\u00e1s 365","og:description":"El Principado de Asturias reclama en Bruselas que las comunidades aut\u00f3nomas participen en el dise\u00f1o y gesti\u00f3n de la pol\u00edtica de cohesi\u00f3n europea","og:url":"https:\/\/candas365.es\/noticias\/asturias-defiende-en-bruselas-la-gestion-regional-del-feder\/","og:image":"https:\/\/candas365.es\/noticias\/wp-content\/uploads\/2026\/02\/Asturias-defiende-en-Bruselas-la-gestion-regional-del-Feder.jpg","og:image:secure_url":"https:\/\/candas365.es\/noticias\/wp-content\/uploads\/2026\/02\/Asturias-defiende-en-Bruselas-la-gestion-regional-del-Feder.jpg","og:image:width":1239,"og:image:height":821,"article:published_time":"2026-02-06T03:31:34+00:00","article:modified_time":"2026-02-06T03:31:34+00:00","article:publisher":"https:\/\/www.facebook.com\/Nachofdezber","article:author":"https:\/\/www.facebook.com\/carrenoactualidad","twitter:card":"summary_large_image","twitter:site":"@NabercoDigital","twitter:title":"Asturias defiende en Bruselas la gesti\u00f3n regional del Feder | Cand\u00e1s 365","twitter:description":"El Principado de Asturias reclama en Bruselas que las comunidades aut\u00f3nomas participen en el dise\u00f1o y gesti\u00f3n de la pol\u00edtica de cohesi\u00f3n europea","twitter:creator":"@nbasturias","twitter:image":"https:\/\/candas365.es\/noticias\/wp-content\/uploads\/2026\/02\/Asturias-defiende-en-Bruselas-la-gestion-regional-del-Feder.jpg","twitter:label1":"Escrito por","twitter:data1":"Cand\u00e1s 365","twitter:label2":"Tiempo de lectura estimado","twitter:data2":"2 minutos"},"aioseo_meta_data":{"post_id":"191833","title":null,"description":"El Principado de Asturias reclama en Bruselas que las comunidades aut\u00f3nomas participen en el dise\u00f1o y gesti\u00f3n de la pol\u00edtica de cohesi\u00f3n europea","keywords":null,"keyphrases":{"focus":{"keyphrase":"Asturias","score":91,"analysis":{"keyphraseInTitle":{"score":9,"maxScore":9,"error":0},"keyphraseInDescription":{"score":9,"maxScore":9,"error":0},"keyphraseLength":{"score":9,"maxScore":9,"error":0,"length":1},"keyphraseInURL":{"score":5,"maxScore":5,"error":0},"keyphraseInIntroduction":{"score":9,"maxScore":9,"error":0},"keyphraseInSubHeadings":{"score":3,"maxScore":9,"error":1},"keyphraseInImageAlt":{"score":9,"maxScore":9,"error":0},"keywordDensity":{"type":"best","score":9,"maxScore":9,"error":0}}},"additional":[{"keyphrase":"Bruselas","score":100,"analysis":{"keyphraseInDescription":{"score":9,"maxScore":9,"error":0},"keyphraseLength":{"score":9,"maxScore":9,"error":0,"length":1},"keyphraseInIntroduction":{"score":9,"maxScore":9,"error":0},"keyphraseInImageAlt":{"score":9,"maxScore":9,"error":0},"keywordDensity":{"type":"best","score":9,"maxScore":9,"error":0}}}]},"primary_term":null,"canonical_url":null,"og_title":null,"og_description":null,"og_object_type":"default","og_image_type":"default","og_image_url":null,"og_image_width":null,"og_image_height":null,"og_image_custom_url":null,"og_image_custom_fields":null,"og_video":"","og_custom_url":null,"og_article_section":null,"og_article_tags":null,"twitter_use_og":false,"twitter_card":"default","twitter_image_type":"default","twitter_image_url":null,"twitter_image_custom_url":null,"twitter_image_custom_fields":null,"twitter_title":null,"twitter_description":null,"schema":{"blockGraphs":[],"customGraphs":[],"default":{"data":{"Article":[],"Course":[],"Dataset":[],"FAQPage":[],"Movie":[],"Person":[],"Product":[],"ProductReview":[],"Car":[],"Recipe":[],"Service":[],"SoftwareApplication":[],"WebPage":[]},"graphName":"Article","isEnabled":true},"graphs":[]},"schema_type":"default","schema_type_options":null,"pillar_content":false,"robots_default":true,"robots_noindex":false,"robots_noarchive":false,"robots_nosnippet":false,"robots_nofollow":false,"robots_noimageindex":false,"robots_noodp":false,"robots_notranslate":false,"robots_max_snippet":"-1","robots_max_videopreview":"-1","robots_max_imagepreview":"large","priority":null,"frequency":"default","location":null,"local_seo":null,"seo_analyzer_scan_date":"2026-02-06 03:38:14","breadcrumb_settings":null,"limit_modified_date":false,"reviewed_by":null,"open_ai":null,"ai":{"faqs":[],"keyPoints":[],"titles":[],"descriptions":[],"socialPosts":{"email":[],"linkedin":[],"twitter":[],"facebook":[],"instagram":[]}},"created":"2026-02-06 03:25:08","updated":"2026-02-06 03:45:37"},"aioseo_breadcrumb":"<div class=\"aioseo-breadcrumbs\"><span class=\"aioseo-breadcrumb\">\n\t<a href=\"https:\/\/candas365.es\/noticias\" title=\"Home\">Home<\/a>\n<\/span><span class=\"aioseo-breadcrumb-separator\">&ndash;<\/span><span class=\"aioseo-breadcrumb\">\n\t<a href=\"https:\/\/candas365.es\/noticias\/category\/asturias\/\" title=\"Asturias\">Asturias<\/a>\n<\/span><span class=\"aioseo-breadcrumb-separator\">&ndash;<\/span><span class=\"aioseo-breadcrumb\">\n\tAsturias defiende en Bruselas la gesti\u00f3n regional del Feder\n<\/span><\/div>","aioseo_breadcrumb_json":[{"label":"Home","link":"https:\/\/candas365.es\/noticias"},{"label":"Asturias","link":"https:\/\/candas365.es\/noticias\/category\/asturias\/"},{"label":"Asturias defiende en Bruselas la gesti\u00f3n regional del Feder","link":"https:\/\/candas365.es\/noticias\/asturias-defiende-en-bruselas-la-gestion-regional-del-feder\/"}],"_links":{"self":[{"href":"https:\/\/candas365.es\/noticias\/wp-json\/wp\/v2\/posts\/191833","targetHints":{"allow":["GET"]}}],"collection":[{"href":"https:\/\/candas365.es\/noticias\/wp-json\/wp\/v2\/posts"}],"about":[{"href":"https:\/\/candas365.es\/noticias\/wp-json\/wp\/v2\/types\/post"}],"author":[{"embeddable":true,"href":"https:\/\/candas365.es\/noticias\/wp-json\/wp\/v2\/users\/1"}],"replies":[{"embeddable":true,"href":"https:\/\/candas365.es\/noticias\/wp-json\/wp\/v2\/comments?post=191833"}],"version-history":[{"count":0,"href":"https:\/\/candas365.es\/noticias\/wp-json\/wp\/v2\/posts\/191833\/revisions"}],"wp:featuredmedia":[{"embeddable":true,"href":"https:\/\/candas365.es\/noticias\/wp-json\/wp\/v2\/media\/191834"}],"wp:attachment":[{"href":"https:\/\/candas365.es\/noticias\/wp-json\/wp\/v2\/media?parent=191833"}],"wp:term":[{"taxonomy":"category","embeddable":true,"href":"https:\/\/candas365.es\/noticias\/wp-json\/wp\/v2\/categories?post=191833"},{"taxonomy":"post_tag","embeddable":true,"href":"https:\/\/candas365.es\/noticias\/wp-json\/wp\/v2\/tags?post=191833"}],"curies":[{"name":"wp","href":"https:\/\/api.w.org\/{rel}","templated":true}]}}