{"id":191828,"date":"2026-02-05T21:09:49","date_gmt":"2026-02-05T20:09:49","guid":{"rendered":"https:\/\/candas365.es\/noticias\/?p=191828"},"modified":"2026-02-05T21:09:49","modified_gmt":"2026-02-05T20:09:49","slug":"pilona-recuerda-a-dos-deportados-con-stolpersteine","status":"publish","type":"post","link":"https:\/\/candas365.es\/noticias\/pilona-recuerda-a-dos-deportados-con-stolpersteine\/","title":{"rendered":"Pilo\u00f1a recuerda a dos deportados con stolpersteine"},"content":{"rendered":"<p data-start=\"71\" data-end=\"249\">El<span style=\"color: #ff6600;\"><a style=\"color: #ff6600;\" href=\"https:\/\/actualidad.asturias.es\/\" target=\"_blank\" rel=\"noopener\"><strong> Principado de Asturias<\/strong><\/a><\/span> ha instalado <strong>nuevas piedras de la memoria en <\/strong><span style=\"color: #ff6600;\"><a style=\"color: #ff6600;\" title=\"Pilo\u00f1a\" href=\"https:\/\/candas365.es\/noticias\/category\/asturias\/\">Pilo\u00f1a<\/a><\/span> en homenaje a dos vecinos deportados a campos nazis dentro de las acciones de memoria democr\u00e1tica.<\/p>\n<figure id=\"attachment_191829\" aria-describedby=\"caption-attachment-191829\" style=\"width: 611px\" class=\"wp-caption aligncenter\"><img fetchpriority=\"high\" decoding=\"async\" class=\"size-large wp-image-191829\" src=\"https:\/\/candas365.es\/noticias\/wp-content\/uploads\/2026\/02\/Pilona-recuerda-a-dos-deportados-con-stolpersteine-611x480.jpg\" alt=\"Pilo\u00f1a recuerda a dos deportados con stolpersteine\" width=\"611\" height=\"480\" srcset=\"https:\/\/candas365.es\/noticias\/wp-content\/uploads\/2026\/02\/Pilona-recuerda-a-dos-deportados-con-stolpersteine-611x480.jpg 611w, https:\/\/candas365.es\/noticias\/wp-content\/uploads\/2026\/02\/Pilona-recuerda-a-dos-deportados-con-stolpersteine-360x283.jpg 360w, https:\/\/candas365.es\/noticias\/wp-content\/uploads\/2026\/02\/Pilona-recuerda-a-dos-deportados-con-stolpersteine-768x603.jpg 768w, https:\/\/candas365.es\/noticias\/wp-content\/uploads\/2026\/02\/Pilona-recuerda-a-dos-deportados-con-stolpersteine-150x118.jpg 150w, https:\/\/candas365.es\/noticias\/wp-content\/uploads\/2026\/02\/Pilona-recuerda-a-dos-deportados-con-stolpersteine-450x353.jpg 450w, https:\/\/candas365.es\/noticias\/wp-content\/uploads\/2026\/02\/Pilona-recuerda-a-dos-deportados-con-stolpersteine.jpg 1019w\" sizes=\"(max-width: 611px) 100vw, 611px\" \/><figcaption id=\"caption-attachment-191829\" class=\"wp-caption-text\">Foto: Prensa Principado de Asturias<\/figcaption><\/figure>\n<p data-start=\"256\" data-end=\"755\">La viceconsejera de Derechos Ciudadanos, <strong data-start=\"297\" data-end=\"338\"><span class=\"hover:entity-accent entity-underline inline cursor-pointer align-baseline\"><span class=\"whitespace-normal\">Beatriz Gonz\u00e1lez Prieto<\/span><\/span><\/strong>, particip\u00f3 en Pilo\u00f1a en el acto de colocaci\u00f3n de dos piedras de la memoria (<em data-start=\"415\" data-end=\"430\">stolpersteine<\/em>) en recuerdo de Luis \u00c1lvarez Requejo y Pedro Carreira Pedrosa, vecinos del concejo deportados a campos de concentraci\u00f3n nazis. Durante el acto, defendi\u00f3 la necesidad de mantener viva la memoria de las v\u00edctimas del fascismo como herramienta frente a la deshumanizaci\u00f3n y como respuesta ante movimientos ultras contempor\u00e1neos.<\/p>\n<p data-start=\"757\" data-end=\"1041\">Gonz\u00e1lez Prieto subray\u00f3 que este tipo de iniciativas contribuyen a generar espacios de reflexi\u00f3n sobre las consecuencias de los extremismos y la p\u00e9rdida de derechos, recordando que las v\u00edctimas fueron sometidas a la desaparici\u00f3n de su vida social y p\u00fablica y alejadas de sus familias.<\/p>\n<h2 data-start=\"1043\" data-end=\"1086\">Nuevas piedras de la memoria en Asturias<\/h2>\n<p data-start=\"1088\" data-end=\"1531\">Con estas incorporaciones, Asturias suma ya 130 <em data-start=\"1136\" data-end=\"1151\">stolpersteine<\/em>, con la previsi\u00f3n de instalar otras 76. Las nuevas piedras rinden homenaje a Luis \u00c1lvarez Requejo, nacido en A Coru\u00f1a en 1899 y trasladado posteriormente a L\u2019Infiestu, deportado en 1944 al campo nazi de Dachau, donde fue asesinado el 12 de febrero de 1946, y a Pedro Carreira Pedrosa, nacido en Villamayor en 1918, deportado en 1940 y asesinado en 1944 en el campo de Mauthausen.<\/p>\n<h2 data-start=\"1533\" data-end=\"1580\">Memoria democr\u00e1tica y recuperaci\u00f3n hist\u00f3rica<\/h2>\n<p data-start=\"1582\" data-end=\"1878\">En el acto participaron tambi\u00e9n la directora general de Memoria Democr\u00e1tica, <strong data-start=\"1659\" data-end=\"1700\"><span class=\"hover:entity-accent entity-underline inline cursor-pointer align-baseline\"><span class=\"whitespace-normal\">Bego\u00f1a Collado<\/span><\/span><\/strong>, y representantes de la organizaci\u00f3n <strong data-start=\"1738\" data-end=\"1779\"><span class=\"hover:entity-accent entity-underline inline cursor-pointer align-baseline\"><span class=\"whitespace-normal\">Deportados Asturias<\/span><\/span><\/strong>, cuya labor de investigaci\u00f3n ha permitido reconstruir las biograf\u00edas de las personas homenajeadas.<\/p>\n<p data-start=\"1880\" data-end=\"2127\" data-is-last-node=\"\" data-is-only-node=\"\">Seg\u00fan destac\u00f3 la viceconsejera, estas piedras de la memoria se convierten en un instrumento para avanzar en la verdad, la justicia y la reparaci\u00f3n, contribuyendo a preservar la memoria democr\u00e1tica y evitar que hechos similares vuelvan a repetirse.<\/p>\n","protected":false},"excerpt":{"rendered":"<p>El Principado de Asturias ha instalado nuevas piedras de la memoria en Pilo\u00f1a en homenaje a dos vecinos deportados a campos nazis dentro de las acciones de memoria democr\u00e1tica. La viceconsejera de Derechos Ciudadanos, Beatriz Gonz\u00e1lez Prieto, particip\u00f3 en Pilo\u00f1a en el acto de colocaci\u00f3n de dos piedras de la memoria (stolpersteine) en recuerdo de<\/p>\n","protected":false},"author":1,"featured_media":191829,"comment_status":"closed","ping_status":"closed","sticky":false,"template":"","format":"standard","meta":{"footnotes":""},"categories":[7],"tags":[380],"class_list":{"0":"post-191828","1":"post","2":"type-post","3":"status-publish","4":"format-standard","5":"has-post-thumbnail","7":"category-asturias","8":"tag-asturias"},"aioseo_notices":[],"aioseo_head":"\n\t\t<!-- All in One SEO Pro 4.9.6.2 - aioseo.com -->\n\t<meta name=\"description\" content=\"El Principado de Asturias ha instalado nuevas piedras de la memoria en Pilo\u00f1a en homenaje a dos vecinos deportados a campos nazis dentro de las accione\" \/>\n\t<meta name=\"robots\" content=\"max-image-preview:large\" \/>\n\t<meta name=\"author\" content=\"Cand\u00e1s 365\"\/>\n\t<meta name=\"google-site-verification\" content=\"UA-32230408-1\" \/>\n\t<meta name=\"msvalidate.01\" content=\"354F3CDFB2DA171B47FBE9ABF1F88D5\" \/>\n\t<meta name=\"keywords\" content=\"asturias\" \/>\n\t<link rel=\"canonical\" href=\"https:\/\/candas365.es\/noticias\/pilona-recuerda-a-dos-deportados-con-stolpersteine\/\" \/>\n\t<meta name=\"generator\" content=\"All in One SEO Pro (AIOSEO) 4.9.6.2\" \/>\n\t\t<meta property=\"og:locale\" content=\"es_ES\" \/>\n\t\t<meta property=\"og:site_name\" content=\"Cand\u00e1s 365\" \/>\n\t\t<meta property=\"og:type\" content=\"article\" \/>\n\t\t<meta property=\"og:title\" content=\"Pilo\u00f1a recuerda a dos deportados con stolpersteine | Cand\u00e1s 365\" \/>\n\t\t<meta property=\"og:description\" content=\"El Principado de Asturias ha instalado nuevas piedras de la memoria en Pilo\u00f1a en homenaje a dos vecinos deportados a campos nazis dentro de las accione\" \/>\n\t\t<meta property=\"og:url\" content=\"https:\/\/candas365.es\/noticias\/pilona-recuerda-a-dos-deportados-con-stolpersteine\/\" \/>\n\t\t<meta property=\"og:image\" content=\"https:\/\/candas365.es\/noticias\/wp-content\/uploads\/2026\/02\/Pilona-recuerda-a-dos-deportados-con-stolpersteine.jpg\" \/>\n\t\t<meta property=\"og:image:secure_url\" content=\"https:\/\/candas365.es\/noticias\/wp-content\/uploads\/2026\/02\/Pilona-recuerda-a-dos-deportados-con-stolpersteine.jpg\" \/>\n\t\t<meta property=\"og:image:width\" content=\"1019\" \/>\n\t\t<meta property=\"og:image:height\" content=\"800\" \/>\n\t\t<meta property=\"article:published_time\" content=\"2026-02-05T20:09:49+00:00\" \/>\n\t\t<meta property=\"article:modified_time\" content=\"2026-02-05T20:09:49+00:00\" \/>\n\t\t<meta property=\"article:publisher\" content=\"https:\/\/www.facebook.com\/Nachofdezber\" \/>\n\t\t<meta property=\"article:author\" content=\"https:\/\/www.facebook.com\/carrenoactualidad\" \/>\n\t\t<meta name=\"twitter:card\" content=\"summary_large_image\" \/>\n\t\t<meta name=\"twitter:site\" content=\"@NabercoDigital\" \/>\n\t\t<meta name=\"twitter:title\" content=\"Pilo\u00f1a recuerda a dos deportados con stolpersteine | Cand\u00e1s 365\" \/>\n\t\t<meta name=\"twitter:description\" content=\"El Principado de Asturias ha instalado nuevas piedras de la memoria en Pilo\u00f1a en homenaje a dos vecinos deportados a campos nazis dentro de las accione\" \/>\n\t\t<meta name=\"twitter:creator\" content=\"@nbasturias\" \/>\n\t\t<meta name=\"twitter:image\" content=\"https:\/\/candas365.es\/noticias\/wp-content\/uploads\/2026\/02\/Pilona-recuerda-a-dos-deportados-con-stolpersteine.jpg\" \/>\n\t\t<meta name=\"twitter:label1\" content=\"Escrito por\" \/>\n\t\t<meta name=\"twitter:data1\" content=\"Cand\u00e1s 365\" \/>\n\t\t<meta name=\"twitter:label2\" content=\"Tiempo de lectura estimado\" \/>\n\t\t<meta name=\"twitter:data2\" content=\"2 minutos\" \/>\n\t\t<script type=\"application\/ld+json\" class=\"aioseo-schema\">\n\t\t\t{\"@context\":\"https:\\\/\\\/schema.org\",\"@graph\":[{\"@type\":\"BreadcrumbList\",\"@id\":\"https:\\\/\\\/candas365.es\\\/noticias\\\/pilona-recuerda-a-dos-deportados-con-stolpersteine\\\/#breadcrumblist\",\"itemListElement\":[{\"@type\":\"ListItem\",\"@id\":\"https:\\\/\\\/candas365.es\\\/noticias#listItem\",\"position\":1,\"name\":\"Home\",\"item\":\"https:\\\/\\\/candas365.es\\\/noticias\",\"nextItem\":{\"@type\":\"ListItem\",\"@id\":\"https:\\\/\\\/candas365.es\\\/noticias\\\/category\\\/asturias\\\/#listItem\",\"name\":\"Asturias\"}},{\"@type\":\"ListItem\",\"@id\":\"https:\\\/\\\/candas365.es\\\/noticias\\\/category\\\/asturias\\\/#listItem\",\"position\":2,\"name\":\"Asturias\",\"item\":\"https:\\\/\\\/candas365.es\\\/noticias\\\/category\\\/asturias\\\/\",\"nextItem\":{\"@type\":\"ListItem\",\"@id\":\"https:\\\/\\\/candas365.es\\\/noticias\\\/pilona-recuerda-a-dos-deportados-con-stolpersteine\\\/#listItem\",\"name\":\"Pilo\\u00f1a recuerda a dos deportados con stolpersteine\"},\"previousItem\":{\"@type\":\"ListItem\",\"@id\":\"https:\\\/\\\/candas365.es\\\/noticias#listItem\",\"name\":\"Home\"}},{\"@type\":\"ListItem\",\"@id\":\"https:\\\/\\\/candas365.es\\\/noticias\\\/pilona-recuerda-a-dos-deportados-con-stolpersteine\\\/#listItem\",\"position\":3,\"name\":\"Pilo\\u00f1a recuerda a dos deportados con stolpersteine\",\"previousItem\":{\"@type\":\"ListItem\",\"@id\":\"https:\\\/\\\/candas365.es\\\/noticias\\\/category\\\/asturias\\\/#listItem\",\"name\":\"Asturias\"}}]},{\"@type\":\"NewsArticle\",\"@id\":\"https:\\\/\\\/candas365.es\\\/noticias\\\/pilona-recuerda-a-dos-deportados-con-stolpersteine\\\/#newsarticle\",\"name\":\"Pilo\\u00f1a recuerda a dos deportados con stolpersteine | Cand\\u00e1s 365\",\"headline\":\"Pilo\\u00f1a recuerda a dos deportados con stolpersteine\",\"author\":{\"@id\":\"https:\\\/\\\/candas365.es\\\/noticias\\\/author\\\/admin\\\/#author\"},\"publisher\":{\"@id\":\"https:\\\/\\\/candas365.es\\\/noticias\\\/#organization\"},\"image\":{\"@type\":\"ImageObject\",\"url\":\"https:\\\/\\\/candas365.es\\\/noticias\\\/wp-content\\\/uploads\\\/2026\\\/02\\\/Pilona-recuerda-a-dos-deportados-con-stolpersteine.jpg\",\"width\":1019,\"height\":800,\"caption\":\"Foto: Prensa Principado de Asturias\"},\"datePublished\":\"2026-02-05T21:09:49+01:00\",\"dateModified\":\"2026-02-05T21:09:49+01:00\",\"inLanguage\":\"es-ES\",\"mainEntityOfPage\":{\"@id\":\"https:\\\/\\\/candas365.es\\\/noticias\\\/pilona-recuerda-a-dos-deportados-con-stolpersteine\\\/#webpage\"},\"isPartOf\":{\"@id\":\"https:\\\/\\\/candas365.es\\\/noticias\\\/pilona-recuerda-a-dos-deportados-con-stolpersteine\\\/#webpage\"},\"articleSection\":\"Asturias, Asturias\",\"dateline\":\"Publicado el febrero 5, 2026.\"},{\"@type\":\"Organization\",\"@id\":\"https:\\\/\\\/candas365.es\\\/noticias\\\/#organization\",\"name\":\"Cand\\u00e1s 365\",\"description\":\"Cand\\u00e1s 365 es un diario digital independiente, fundado en 2012, con base en Asturias. Informamos con rigor sobre actualidad, sociedad, cultura y ocio, con una mirada local y global.\",\"url\":\"https:\\\/\\\/candas365.es\\\/noticias\\\/\",\"email\":\"info@candas365.es\",\"telephone\":\"+34652131393\",\"foundingDate\":\"2012-06-10\",\"logo\":{\"@type\":\"ImageObject\",\"url\":\"https:\\\/\\\/candas365.es\\\/noticias\\\/wp-content\\\/uploads\\\/2024\\\/09\\\/Candas-365-Redes.jpg\",\"@id\":\"https:\\\/\\\/candas365.es\\\/noticias\\\/pilona-recuerda-a-dos-deportados-con-stolpersteine\\\/#organizationLogo\",\"width\":1152,\"height\":864,\"caption\":\"Cand\\u00e1s 365 Redes\"},\"image\":{\"@id\":\"https:\\\/\\\/candas365.es\\\/noticias\\\/pilona-recuerda-a-dos-deportados-con-stolpersteine\\\/#organizationLogo\"},\"sameAs\":[\"https:\\\/\\\/www.facebook.com\\\/Nachofdezber\",\"https:\\\/\\\/x.com\\\/NabercoDigital\",\"https:\\\/\\\/www.instagram.com\\\/nachofdezber\\\/\",\"https:\\\/\\\/www.youtube.com\\\/channel\\\/UCZP-2wLEB9Rv6erhFmqVnvg\"],\"address\":{\"@id\":\"https:\\\/\\\/candas365.es\\\/noticias\\\/#postaladdress\",\"@type\":\"PostalAddress\",\"streetAddress\":\"san antonio 4, san antonio 4\",\"postalCode\":\"33430\",\"addressLocality\":\"Cand\\u00e1s\",\"addressRegion\":\"Asturias\",\"addressCountry\":\"ES\"}},{\"@type\":\"Person\",\"@id\":\"https:\\\/\\\/candas365.es\\\/noticias\\\/author\\\/admin\\\/#author\",\"url\":\"https:\\\/\\\/candas365.es\\\/noticias\\\/author\\\/admin\\\/\",\"name\":\"Cand\\u00e1s 365\",\"image\":{\"@type\":\"ImageObject\",\"@id\":\"https:\\\/\\\/candas365.es\\\/noticias\\\/pilona-recuerda-a-dos-deportados-con-stolpersteine\\\/#authorImage\",\"url\":\"https:\\\/\\\/secure.gravatar.com\\\/avatar\\\/496a8e03d0c493ede1718b7934145dbdf8d89be1036b0eec9544e1094c9de390?s=96&d=mm&r=g\",\"width\":96,\"height\":96,\"caption\":\"Cand\\u00e1s 365\"},\"sameAs\":[\"https:\\\/\\\/www.facebook.com\\\/carrenoactualidad\",\"https:\\\/\\\/twitter.com\\\/nbasturias\",\"https:\\\/\\\/www.instagram.com\\\/nachofdezber\\\/\",\"https:\\\/\\\/www.youtube.com\\\/channel\\\/UCZP-2wLEB9Rv6erhFmqVnvg\"]},{\"@type\":\"WebPage\",\"@id\":\"https:\\\/\\\/candas365.es\\\/noticias\\\/pilona-recuerda-a-dos-deportados-con-stolpersteine\\\/#webpage\",\"url\":\"https:\\\/\\\/candas365.es\\\/noticias\\\/pilona-recuerda-a-dos-deportados-con-stolpersteine\\\/\",\"name\":\"Pilo\\u00f1a recuerda a dos deportados con stolpersteine | Cand\\u00e1s 365\",\"description\":\"El Principado de Asturias ha instalado nuevas piedras de la memoria en Pilo\\u00f1a en homenaje a dos vecinos deportados a campos nazis dentro de las accione\",\"inLanguage\":\"es-ES\",\"isPartOf\":{\"@id\":\"https:\\\/\\\/candas365.es\\\/noticias\\\/#website\"},\"breadcrumb\":{\"@id\":\"https:\\\/\\\/candas365.es\\\/noticias\\\/pilona-recuerda-a-dos-deportados-con-stolpersteine\\\/#breadcrumblist\"},\"author\":{\"@id\":\"https:\\\/\\\/candas365.es\\\/noticias\\\/author\\\/admin\\\/#author\"},\"creator\":{\"@id\":\"https:\\\/\\\/candas365.es\\\/noticias\\\/author\\\/admin\\\/#author\"},\"image\":{\"@type\":\"ImageObject\",\"url\":\"https:\\\/\\\/candas365.es\\\/noticias\\\/wp-content\\\/uploads\\\/2026\\\/02\\\/Pilona-recuerda-a-dos-deportados-con-stolpersteine.jpg\",\"@id\":\"https:\\\/\\\/candas365.es\\\/noticias\\\/pilona-recuerda-a-dos-deportados-con-stolpersteine\\\/#mainImage\",\"width\":1019,\"height\":800,\"caption\":\"Foto: Prensa Principado de Asturias\"},\"primaryImageOfPage\":{\"@id\":\"https:\\\/\\\/candas365.es\\\/noticias\\\/pilona-recuerda-a-dos-deportados-con-stolpersteine\\\/#mainImage\"},\"datePublished\":\"2026-02-05T21:09:49+01:00\",\"dateModified\":\"2026-02-05T21:09:49+01:00\"},{\"@type\":\"WebSite\",\"@id\":\"https:\\\/\\\/candas365.es\\\/noticias\\\/#website\",\"url\":\"https:\\\/\\\/candas365.es\\\/noticias\\\/\",\"name\":\"Cand\\u00e1s 365\",\"alternateName\":\"Cand\\u00e1s 365 Noticias\",\"description\":\"Actualidad desde Carre\\u00f1o para el mundo\",\"inLanguage\":\"es-ES\",\"publisher\":{\"@id\":\"https:\\\/\\\/candas365.es\\\/noticias\\\/#organization\"}}]}\n\t\t<\/script>\n\t\t<!-- All in One SEO Pro -->\r\n\t\t<title>Pilo\u00f1a recuerda a dos deportados con stolpersteine | Cand\u00e1s 365<\/title>\n\n","aioseo_head_json":{"title":"Pilo\u00f1a recuerda a dos deportados con stolpersteine | Cand\u00e1s 365","description":"El Principado de Asturias ha instalado nuevas piedras de la memoria en Pilo\u00f1a en homenaje a dos vecinos deportados a campos nazis dentro de las accione","canonical_url":"https:\/\/candas365.es\/noticias\/pilona-recuerda-a-dos-deportados-con-stolpersteine\/","robots":"max-image-preview:large","keywords":"asturias","webmasterTools":{"google-site-verification":"UA-32230408-1","msvalidate.01":"354F3CDFB2DA171B47FBE9ABF1F88D5","miscellaneous":""},"schema":{"@context":"https:\/\/schema.org","@graph":[{"@type":"BreadcrumbList","@id":"https:\/\/candas365.es\/noticias\/pilona-recuerda-a-dos-deportados-con-stolpersteine\/#breadcrumblist","itemListElement":[{"@type":"ListItem","@id":"https:\/\/candas365.es\/noticias#listItem","position":1,"name":"Home","item":"https:\/\/candas365.es\/noticias","nextItem":{"@type":"ListItem","@id":"https:\/\/candas365.es\/noticias\/category\/asturias\/#listItem","name":"Asturias"}},{"@type":"ListItem","@id":"https:\/\/candas365.es\/noticias\/category\/asturias\/#listItem","position":2,"name":"Asturias","item":"https:\/\/candas365.es\/noticias\/category\/asturias\/","nextItem":{"@type":"ListItem","@id":"https:\/\/candas365.es\/noticias\/pilona-recuerda-a-dos-deportados-con-stolpersteine\/#listItem","name":"Pilo\u00f1a recuerda a dos deportados con stolpersteine"},"previousItem":{"@type":"ListItem","@id":"https:\/\/candas365.es\/noticias#listItem","name":"Home"}},{"@type":"ListItem","@id":"https:\/\/candas365.es\/noticias\/pilona-recuerda-a-dos-deportados-con-stolpersteine\/#listItem","position":3,"name":"Pilo\u00f1a recuerda a dos deportados con stolpersteine","previousItem":{"@type":"ListItem","@id":"https:\/\/candas365.es\/noticias\/category\/asturias\/#listItem","name":"Asturias"}}]},{"@type":"NewsArticle","@id":"https:\/\/candas365.es\/noticias\/pilona-recuerda-a-dos-deportados-con-stolpersteine\/#newsarticle","name":"Pilo\u00f1a recuerda a dos deportados con stolpersteine | Cand\u00e1s 365","headline":"Pilo\u00f1a recuerda a dos deportados con stolpersteine","author":{"@id":"https:\/\/candas365.es\/noticias\/author\/admin\/#author"},"publisher":{"@id":"https:\/\/candas365.es\/noticias\/#organization"},"image":{"@type":"ImageObject","url":"https:\/\/candas365.es\/noticias\/wp-content\/uploads\/2026\/02\/Pilona-recuerda-a-dos-deportados-con-stolpersteine.jpg","width":1019,"height":800,"caption":"Foto: Prensa Principado de Asturias"},"datePublished":"2026-02-05T21:09:49+01:00","dateModified":"2026-02-05T21:09:49+01:00","inLanguage":"es-ES","mainEntityOfPage":{"@id":"https:\/\/candas365.es\/noticias\/pilona-recuerda-a-dos-deportados-con-stolpersteine\/#webpage"},"isPartOf":{"@id":"https:\/\/candas365.es\/noticias\/pilona-recuerda-a-dos-deportados-con-stolpersteine\/#webpage"},"articleSection":"Asturias, Asturias","dateline":"Publicado el febrero 5, 2026."},{"@type":"Organization","@id":"https:\/\/candas365.es\/noticias\/#organization","name":"Cand\u00e1s 365","description":"Cand\u00e1s 365 es un diario digital independiente, fundado en 2012, con base en Asturias. Informamos con rigor sobre actualidad, sociedad, cultura y ocio, con una mirada local y global.","url":"https:\/\/candas365.es\/noticias\/","email":"info@candas365.es","telephone":"+34652131393","foundingDate":"2012-06-10","logo":{"@type":"ImageObject","url":"https:\/\/candas365.es\/noticias\/wp-content\/uploads\/2024\/09\/Candas-365-Redes.jpg","@id":"https:\/\/candas365.es\/noticias\/pilona-recuerda-a-dos-deportados-con-stolpersteine\/#organizationLogo","width":1152,"height":864,"caption":"Cand\u00e1s 365 Redes"},"image":{"@id":"https:\/\/candas365.es\/noticias\/pilona-recuerda-a-dos-deportados-con-stolpersteine\/#organizationLogo"},"sameAs":["https:\/\/www.facebook.com\/Nachofdezber","https:\/\/x.com\/NabercoDigital","https:\/\/www.instagram.com\/nachofdezber\/","https:\/\/www.youtube.com\/channel\/UCZP-2wLEB9Rv6erhFmqVnvg"],"address":{"@id":"https:\/\/candas365.es\/noticias\/#postaladdress","@type":"PostalAddress","streetAddress":"san antonio 4, san antonio 4","postalCode":"33430","addressLocality":"Cand\u00e1s","addressRegion":"Asturias","addressCountry":"ES"}},{"@type":"Person","@id":"https:\/\/candas365.es\/noticias\/author\/admin\/#author","url":"https:\/\/candas365.es\/noticias\/author\/admin\/","name":"Cand\u00e1s 365","image":{"@type":"ImageObject","@id":"https:\/\/candas365.es\/noticias\/pilona-recuerda-a-dos-deportados-con-stolpersteine\/#authorImage","url":"https:\/\/secure.gravatar.com\/avatar\/496a8e03d0c493ede1718b7934145dbdf8d89be1036b0eec9544e1094c9de390?s=96&d=mm&r=g","width":96,"height":96,"caption":"Cand\u00e1s 365"},"sameAs":["https:\/\/www.facebook.com\/carrenoactualidad","https:\/\/twitter.com\/nbasturias","https:\/\/www.instagram.com\/nachofdezber\/","https:\/\/www.youtube.com\/channel\/UCZP-2wLEB9Rv6erhFmqVnvg"]},{"@type":"WebPage","@id":"https:\/\/candas365.es\/noticias\/pilona-recuerda-a-dos-deportados-con-stolpersteine\/#webpage","url":"https:\/\/candas365.es\/noticias\/pilona-recuerda-a-dos-deportados-con-stolpersteine\/","name":"Pilo\u00f1a recuerda a dos deportados con stolpersteine | Cand\u00e1s 365","description":"El Principado de Asturias ha instalado nuevas piedras de la memoria en Pilo\u00f1a en homenaje a dos vecinos deportados a campos nazis dentro de las accione","inLanguage":"es-ES","isPartOf":{"@id":"https:\/\/candas365.es\/noticias\/#website"},"breadcrumb":{"@id":"https:\/\/candas365.es\/noticias\/pilona-recuerda-a-dos-deportados-con-stolpersteine\/#breadcrumblist"},"author":{"@id":"https:\/\/candas365.es\/noticias\/author\/admin\/#author"},"creator":{"@id":"https:\/\/candas365.es\/noticias\/author\/admin\/#author"},"image":{"@type":"ImageObject","url":"https:\/\/candas365.es\/noticias\/wp-content\/uploads\/2026\/02\/Pilona-recuerda-a-dos-deportados-con-stolpersteine.jpg","@id":"https:\/\/candas365.es\/noticias\/pilona-recuerda-a-dos-deportados-con-stolpersteine\/#mainImage","width":1019,"height":800,"caption":"Foto: Prensa Principado de Asturias"},"primaryImageOfPage":{"@id":"https:\/\/candas365.es\/noticias\/pilona-recuerda-a-dos-deportados-con-stolpersteine\/#mainImage"},"datePublished":"2026-02-05T21:09:49+01:00","dateModified":"2026-02-05T21:09:49+01:00"},{"@type":"WebSite","@id":"https:\/\/candas365.es\/noticias\/#website","url":"https:\/\/candas365.es\/noticias\/","name":"Cand\u00e1s 365","alternateName":"Cand\u00e1s 365 Noticias","description":"Actualidad desde Carre\u00f1o para el mundo","inLanguage":"es-ES","publisher":{"@id":"https:\/\/candas365.es\/noticias\/#organization"}}]},"og:locale":"es_ES","og:site_name":"Cand\u00e1s 365","og:type":"article","og:title":"Pilo\u00f1a recuerda a dos deportados con stolpersteine | Cand\u00e1s 365","og:description":"El Principado de Asturias ha instalado nuevas piedras de la memoria en Pilo\u00f1a en homenaje a dos vecinos deportados a campos nazis dentro de las accione","og:url":"https:\/\/candas365.es\/noticias\/pilona-recuerda-a-dos-deportados-con-stolpersteine\/","og:image":"https:\/\/candas365.es\/noticias\/wp-content\/uploads\/2026\/02\/Pilona-recuerda-a-dos-deportados-con-stolpersteine.jpg","og:image:secure_url":"https:\/\/candas365.es\/noticias\/wp-content\/uploads\/2026\/02\/Pilona-recuerda-a-dos-deportados-con-stolpersteine.jpg","og:image:width":1019,"og:image:height":800,"article:published_time":"2026-02-05T20:09:49+00:00","article:modified_time":"2026-02-05T20:09:49+00:00","article:publisher":"https:\/\/www.facebook.com\/Nachofdezber","article:author":"https:\/\/www.facebook.com\/carrenoactualidad","twitter:card":"summary_large_image","twitter:site":"@NabercoDigital","twitter:title":"Pilo\u00f1a recuerda a dos deportados con stolpersteine | Cand\u00e1s 365","twitter:description":"El Principado de Asturias ha instalado nuevas piedras de la memoria en Pilo\u00f1a en homenaje a dos vecinos deportados a campos nazis dentro de las accione","twitter:creator":"@nbasturias","twitter:image":"https:\/\/candas365.es\/noticias\/wp-content\/uploads\/2026\/02\/Pilona-recuerda-a-dos-deportados-con-stolpersteine.jpg","twitter:label1":"Escrito por","twitter:data1":"Cand\u00e1s 365","twitter:label2":"Tiempo de lectura estimado","twitter:data2":"2 minutos"},"aioseo_meta_data":{"post_id":"191828","title":null,"description":"El Principado de Asturias ha instalado nuevas piedras de la memoria en Pilo\u00f1a en homenaje a dos vecinos deportados a campos nazis dentro de las accione","keywords":null,"keyphrases":{"focus":{"keyphrase":"Pilo\u00f1a","score":91,"analysis":{"keyphraseInTitle":{"score":9,"maxScore":9,"error":0},"keyphraseInDescription":{"score":9,"maxScore":9,"error":0},"keyphraseLength":{"score":9,"maxScore":9,"error":0,"length":2},"keyphraseInURL":{"score":5,"maxScore":5,"error":0},"keyphraseInIntroduction":{"score":9,"maxScore":9,"error":0},"keyphraseInSubHeadings":{"score":3,"maxScore":9,"error":1},"keyphraseInImageAlt":{"score":9,"maxScore":9,"error":0},"keywordDensity":{"type":"best","score":9,"maxScore":9,"error":0}}},"additional":[{"keyphrase":"deportados","score":100,"analysis":{"keyphraseInDescription":{"score":9,"maxScore":9,"error":0},"keyphraseLength":{"score":9,"maxScore":9,"error":0,"length":1},"keyphraseInIntroduction":{"score":9,"maxScore":9,"error":0},"keyphraseInImageAlt":{"score":9,"maxScore":9,"error":0},"keywordDensity":{"type":"best","score":9,"maxScore":9,"error":0}}}]},"primary_term":null,"canonical_url":null,"og_title":null,"og_description":null,"og_object_type":"default","og_image_type":"default","og_image_url":null,"og_image_width":null,"og_image_height":null,"og_image_custom_url":null,"og_image_custom_fields":null,"og_video":"","og_custom_url":null,"og_article_section":null,"og_article_tags":null,"twitter_use_og":false,"twitter_card":"default","twitter_image_type":"default","twitter_image_url":null,"twitter_image_custom_url":null,"twitter_image_custom_fields":null,"twitter_title":null,"twitter_description":null,"schema":{"blockGraphs":[],"customGraphs":[],"default":{"data":{"Article":[],"Course":[],"Dataset":[],"FAQPage":[],"Movie":[],"Person":[],"Product":[],"ProductReview":[],"Car":[],"Recipe":[],"Service":[],"SoftwareApplication":[],"WebPage":[]},"graphName":"Article","isEnabled":true},"graphs":[]},"schema_type":"default","schema_type_options":null,"pillar_content":false,"robots_default":true,"robots_noindex":false,"robots_noarchive":false,"robots_nosnippet":false,"robots_nofollow":false,"robots_noimageindex":false,"robots_noodp":false,"robots_notranslate":false,"robots_max_snippet":"-1","robots_max_videopreview":"-1","robots_max_imagepreview":"large","priority":null,"frequency":"default","location":null,"local_seo":null,"seo_analyzer_scan_date":"2026-02-05 20:24:41","breadcrumb_settings":null,"limit_modified_date":false,"reviewed_by":null,"open_ai":null,"ai":{"faqs":[],"keyPoints":[],"titles":[],"descriptions":[],"socialPosts":{"email":[],"linkedin":[],"twitter":[],"facebook":[],"instagram":[]}},"created":"2026-02-05 20:02:44","updated":"2026-02-05 20:24:41"},"aioseo_breadcrumb":"<div class=\"aioseo-breadcrumbs\"><span class=\"aioseo-breadcrumb\">\n\t<a href=\"https:\/\/candas365.es\/noticias\" title=\"Home\">Home<\/a>\n<\/span><span class=\"aioseo-breadcrumb-separator\">&ndash;<\/span><span class=\"aioseo-breadcrumb\">\n\t<a href=\"https:\/\/candas365.es\/noticias\/category\/asturias\/\" title=\"Asturias\">Asturias<\/a>\n<\/span><span class=\"aioseo-breadcrumb-separator\">&ndash;<\/span><span class=\"aioseo-breadcrumb\">\n\tPilo\u00f1a recuerda a dos deportados con stolpersteine\n<\/span><\/div>","aioseo_breadcrumb_json":[{"label":"Home","link":"https:\/\/candas365.es\/noticias"},{"label":"Asturias","link":"https:\/\/candas365.es\/noticias\/category\/asturias\/"},{"label":"Pilo\u00f1a recuerda a dos deportados con stolpersteine","link":"https:\/\/candas365.es\/noticias\/pilona-recuerda-a-dos-deportados-con-stolpersteine\/"}],"_links":{"self":[{"href":"https:\/\/candas365.es\/noticias\/wp-json\/wp\/v2\/posts\/191828","targetHints":{"allow":["GET"]}}],"collection":[{"href":"https:\/\/candas365.es\/noticias\/wp-json\/wp\/v2\/posts"}],"about":[{"href":"https:\/\/candas365.es\/noticias\/wp-json\/wp\/v2\/types\/post"}],"author":[{"embeddable":true,"href":"https:\/\/candas365.es\/noticias\/wp-json\/wp\/v2\/users\/1"}],"replies":[{"embeddable":true,"href":"https:\/\/candas365.es\/noticias\/wp-json\/wp\/v2\/comments?post=191828"}],"version-history":[{"count":0,"href":"https:\/\/candas365.es\/noticias\/wp-json\/wp\/v2\/posts\/191828\/revisions"}],"wp:featuredmedia":[{"embeddable":true,"href":"https:\/\/candas365.es\/noticias\/wp-json\/wp\/v2\/media\/191829"}],"wp:attachment":[{"href":"https:\/\/candas365.es\/noticias\/wp-json\/wp\/v2\/media?parent=191828"}],"wp:term":[{"taxonomy":"category","embeddable":true,"href":"https:\/\/candas365.es\/noticias\/wp-json\/wp\/v2\/categories?post=191828"},{"taxonomy":"post_tag","embeddable":true,"href":"https:\/\/candas365.es\/noticias\/wp-json\/wp\/v2\/tags?post=191828"}],"curies":[{"name":"wp","href":"https:\/\/api.w.org\/{rel}","templated":true}]}}