{"id":191782,"date":"2026-02-05T16:46:01","date_gmt":"2026-02-05T15:46:01","guid":{"rendered":"https:\/\/candas365.es\/noticias\/?p=191782"},"modified":"2026-02-05T16:46:01","modified_gmt":"2026-02-05T15:46:01","slug":"asturias-consulta-a-expertos-sobre-financiacion-autonomica","status":"publish","type":"post","link":"https:\/\/candas365.es\/noticias\/asturias-consulta-a-expertos-sobre-financiacion-autonomica\/","title":{"rendered":"Asturias consulta a expertos sobre financiaci\u00f3n auton\u00f3mica"},"content":{"rendered":"<p><a href=\"https:\/\/candas365.es\/noticias\/category\/asturias\/\"><span style=\"color: #ff6600;\"><strong>Asturias<\/strong><\/span><\/a> avanza en el debate sobre la financiaci\u00f3n auton\u00f3mica con reuniones con expertos de la <a title=\"Universidad de Oviedo\" href=\"https:\/\/www.uniovi.es\/\" target=\"_blank\" rel=\"noopener\"><span style=\"color: #ff6600;\"><strong>Universidad de Oviedo<\/strong><\/span><\/a> para definir su posici\u00f3n ante la reforma del sistema.<\/p>\n<figure id=\"attachment_191783\" aria-describedby=\"caption-attachment-191783\" style=\"width: 650px\" class=\"wp-caption aligncenter\"><img fetchpriority=\"high\" decoding=\"async\" class=\"size-large wp-image-191783\" src=\"https:\/\/candas365.es\/noticias\/wp-content\/uploads\/2026\/02\/Asturias-consulta-a-expertos-sobre-financiacion-autonomica-650x429.jpg\" alt=\"Asturias consulta a expertos sobre financiaci\u00f3n auton\u00f3mica\" width=\"650\" height=\"429\" srcset=\"https:\/\/candas365.es\/noticias\/wp-content\/uploads\/2026\/02\/Asturias-consulta-a-expertos-sobre-financiacion-autonomica-650x429.jpg 650w, https:\/\/candas365.es\/noticias\/wp-content\/uploads\/2026\/02\/Asturias-consulta-a-expertos-sobre-financiacion-autonomica-360x238.jpg 360w, https:\/\/candas365.es\/noticias\/wp-content\/uploads\/2026\/02\/Asturias-consulta-a-expertos-sobre-financiacion-autonomica-768x507.jpg 768w, https:\/\/candas365.es\/noticias\/wp-content\/uploads\/2026\/02\/Asturias-consulta-a-expertos-sobre-financiacion-autonomica-150x99.jpg 150w, https:\/\/candas365.es\/noticias\/wp-content\/uploads\/2026\/02\/Asturias-consulta-a-expertos-sobre-financiacion-autonomica-450x297.jpg 450w, https:\/\/candas365.es\/noticias\/wp-content\/uploads\/2026\/02\/Asturias-consulta-a-expertos-sobre-financiacion-autonomica-1200x793.jpg 1200w, https:\/\/candas365.es\/noticias\/wp-content\/uploads\/2026\/02\/Asturias-consulta-a-expertos-sobre-financiacion-autonomica.jpg 1226w\" sizes=\"(max-width: 650px) 100vw, 650px\" \/><figcaption id=\"caption-attachment-191783\" class=\"wp-caption-text\">Foro: Prensa Gobierno de Asturias<\/figcaption><\/figure>\n<p data-start=\"287\" data-end=\"730\">El consejero de Hacienda, Justicia y Asuntos Europeos, <strong data-start=\"342\" data-end=\"383\"><span class=\"hover:entity-accent entity-underline inline cursor-pointer align-baseline\"><span class=\"whitespace-normal\">Guillermo Pel\u00e1ez<\/span><\/span><\/strong>, mantuvo un encuentro con los catedr\u00e1ticos de Hacienda P\u00fablica de la <strong data-start=\"453\" data-end=\"494\"><span class=\"hover:entity-accent entity-underline inline cursor-pointer align-baseline\"><span class=\"whitespace-normal\">Universidad de Oviedo<\/span><\/span><\/strong> <strong data-start=\"495\" data-end=\"536\"><span class=\"hover:entity-accent entity-underline inline cursor-pointer align-baseline\"><span class=\"whitespace-normal\">Carlos Monasterio<\/span><\/span><\/strong> y <strong data-start=\"539\" data-end=\"580\"><span class=\"hover:entity-accent entity-underline inline cursor-pointer align-baseline\"><span class=\"whitespace-normal\">Javier Su\u00e1rez Pandiello<\/span><\/span><\/strong>, dentro de la ronda de contactos impulsada por el <a href=\"https:\/\/actualidad.asturias.es\/\" target=\"_blank\" rel=\"noopener\"><span style=\"color: #ff6600;\"><strong>Gobierno de Asturias<\/strong><\/span><\/a> con motivo del debate sobre la reforma del sistema de financiaci\u00f3n auton\u00f3mica.<\/p>\n<p data-start=\"732\" data-end=\"1031\">En la reuni\u00f3n particip\u00f3 tambi\u00e9n la directora general de Presupuestos y Finanzas, <strong data-start=\"813\" data-end=\"854\"><span class=\"hover:entity-accent entity-underline inline cursor-pointer align-baseline\"><span class=\"whitespace-normal\">Mar Garc\u00eda Salgado<\/span><\/span><\/strong>. El encuentro se enmarca en una serie de reuniones orientadas a recabar aportaciones y an\u00e1lisis especializados para definir la posici\u00f3n del Principado en el proceso de reforma.<\/p>\n<h2 data-start=\"1033\" data-end=\"1072\">Ronda de contactos con especialistas<\/h2>\n<p data-start=\"1074\" data-end=\"1310\">Durante la reuni\u00f3n, el consejero intercambi\u00f3 opiniones con ambos acad\u00e9micos, considerados expertos en financiaci\u00f3n auton\u00f3mica, y agradeci\u00f3 su disponibilidad para participar en estas sesiones de trabajo destinadas a enriquecer el debate.<\/p>\n<p data-start=\"1312\" data-end=\"1585\">La semana anterior, el titular de Hacienda ya hab\u00eda mantenido otro encuentro con el mismo objetivo junto a tres de sus antecesores en el cargo: <strong data-start=\"1456\" data-end=\"1497\"><span class=\"hover:entity-accent entity-underline inline cursor-pointer align-baseline\"><span class=\"whitespace-normal\">Ana C\u00e1rcaba<\/span><\/span><\/strong>, <strong data-start=\"1499\" data-end=\"1540\"><span class=\"hover:entity-accent entity-underline inline cursor-pointer align-baseline\"><span class=\"whitespace-normal\">Dolores Carcedo<\/span><\/span><\/strong> y <strong data-start=\"1543\" data-end=\"1584\"><span class=\"hover:entity-accent entity-underline inline cursor-pointer align-baseline\"><span class=\"whitespace-normal\">Jaime Rabanal<\/span><\/span><\/strong>.<\/p>\n<p data-start=\"1587\" data-end=\"1815\" data-is-last-node=\"\" data-is-only-node=\"\">Seg\u00fan destac\u00f3 Pel\u00e1ez, las aportaciones de especialistas con amplia trayectoria acad\u00e9mica permiten reforzar el an\u00e1lisis del sistema de financiaci\u00f3n auton\u00f3mica y contribuir a definir una postura fundamentada en el debate en curso.<\/p>\n","protected":false},"excerpt":{"rendered":"<p>Asturias avanza en el debate sobre la financiaci\u00f3n auton\u00f3mica con reuniones con expertos de la Universidad de Oviedo para definir su posici\u00f3n ante la reforma del sistema. El consejero de Hacienda, Justicia y Asuntos Europeos, Guillermo Pel\u00e1ez, mantuvo un encuentro con los catedr\u00e1ticos de Hacienda P\u00fablica de la Universidad de Oviedo Carlos Monasterio y Javier<\/p>\n","protected":false},"author":1,"featured_media":191783,"comment_status":"closed","ping_status":"closed","sticky":false,"template":"","format":"standard","meta":{"footnotes":""},"categories":[7],"tags":[380],"class_list":{"0":"post-191782","1":"post","2":"type-post","3":"status-publish","4":"format-standard","5":"has-post-thumbnail","7":"category-asturias","8":"tag-asturias"},"aioseo_notices":[],"aioseo_head":"\n\t\t<!-- All in One SEO Pro 4.9.6.2 - aioseo.com -->\n\t<meta name=\"description\" content=\"Asturias avanza en el debate sobre la financiaci\u00f3n auton\u00f3mica con reuniones con expertos de la Universidad de Oviedo para definir su posici\u00f3n ante la reforma\" \/>\n\t<meta name=\"robots\" content=\"max-image-preview:large\" \/>\n\t<meta name=\"author\" content=\"Cand\u00e1s 365\"\/>\n\t<meta name=\"google-site-verification\" content=\"UA-32230408-1\" \/>\n\t<meta name=\"msvalidate.01\" content=\"354F3CDFB2DA171B47FBE9ABF1F88D5\" \/>\n\t<meta name=\"keywords\" content=\"asturias\" \/>\n\t<link rel=\"canonical\" href=\"https:\/\/candas365.es\/noticias\/asturias-consulta-a-expertos-sobre-financiacion-autonomica\/\" \/>\n\t<meta name=\"generator\" content=\"All in One SEO Pro (AIOSEO) 4.9.6.2\" \/>\n\t\t<meta property=\"og:locale\" content=\"es_ES\" \/>\n\t\t<meta property=\"og:site_name\" content=\"Cand\u00e1s 365\" \/>\n\t\t<meta property=\"og:type\" content=\"article\" \/>\n\t\t<meta property=\"og:title\" content=\"Asturias consulta a expertos sobre financiaci\u00f3n auton\u00f3mica | Cand\u00e1s 365\" \/>\n\t\t<meta property=\"og:description\" content=\"Asturias avanza en el debate sobre la financiaci\u00f3n auton\u00f3mica con reuniones con expertos de la Universidad de Oviedo para definir su posici\u00f3n ante la reforma\" \/>\n\t\t<meta property=\"og:url\" content=\"https:\/\/candas365.es\/noticias\/asturias-consulta-a-expertos-sobre-financiacion-autonomica\/\" \/>\n\t\t<meta property=\"og:image\" content=\"https:\/\/candas365.es\/noticias\/wp-content\/uploads\/2026\/02\/Asturias-consulta-a-expertos-sobre-financiacion-autonomica.jpg\" \/>\n\t\t<meta property=\"og:image:secure_url\" content=\"https:\/\/candas365.es\/noticias\/wp-content\/uploads\/2026\/02\/Asturias-consulta-a-expertos-sobre-financiacion-autonomica.jpg\" \/>\n\t\t<meta property=\"og:image:width\" content=\"1226\" \/>\n\t\t<meta property=\"og:image:height\" content=\"810\" \/>\n\t\t<meta property=\"article:published_time\" content=\"2026-02-05T15:46:01+00:00\" \/>\n\t\t<meta property=\"article:modified_time\" content=\"2026-02-05T15:46:01+00:00\" \/>\n\t\t<meta property=\"article:publisher\" content=\"https:\/\/www.facebook.com\/Nachofdezber\" \/>\n\t\t<meta property=\"article:author\" content=\"https:\/\/www.facebook.com\/carrenoactualidad\" \/>\n\t\t<meta name=\"twitter:card\" content=\"summary_large_image\" \/>\n\t\t<meta name=\"twitter:site\" content=\"@NabercoDigital\" \/>\n\t\t<meta name=\"twitter:title\" content=\"Asturias consulta a expertos sobre financiaci\u00f3n auton\u00f3mica | Cand\u00e1s 365\" \/>\n\t\t<meta name=\"twitter:description\" content=\"Asturias avanza en el debate sobre la financiaci\u00f3n auton\u00f3mica con reuniones con expertos de la Universidad de Oviedo para definir su posici\u00f3n ante la reforma\" \/>\n\t\t<meta name=\"twitter:creator\" content=\"@nbasturias\" \/>\n\t\t<meta name=\"twitter:image\" content=\"https:\/\/candas365.es\/noticias\/wp-content\/uploads\/2026\/02\/Asturias-consulta-a-expertos-sobre-financiacion-autonomica.jpg\" \/>\n\t\t<meta name=\"twitter:label1\" content=\"Escrito por\" \/>\n\t\t<meta name=\"twitter:data1\" content=\"Cand\u00e1s 365\" \/>\n\t\t<meta name=\"twitter:label2\" content=\"Tiempo de lectura estimado\" \/>\n\t\t<meta name=\"twitter:data2\" content=\"1 minuto\" \/>\n\t\t<script type=\"application\/ld+json\" class=\"aioseo-schema\">\n\t\t\t{\"@context\":\"https:\\\/\\\/schema.org\",\"@graph\":[{\"@type\":\"BreadcrumbList\",\"@id\":\"https:\\\/\\\/candas365.es\\\/noticias\\\/asturias-consulta-a-expertos-sobre-financiacion-autonomica\\\/#breadcrumblist\",\"itemListElement\":[{\"@type\":\"ListItem\",\"@id\":\"https:\\\/\\\/candas365.es\\\/noticias#listItem\",\"position\":1,\"name\":\"Home\",\"item\":\"https:\\\/\\\/candas365.es\\\/noticias\",\"nextItem\":{\"@type\":\"ListItem\",\"@id\":\"https:\\\/\\\/candas365.es\\\/noticias\\\/category\\\/asturias\\\/#listItem\",\"name\":\"Asturias\"}},{\"@type\":\"ListItem\",\"@id\":\"https:\\\/\\\/candas365.es\\\/noticias\\\/category\\\/asturias\\\/#listItem\",\"position\":2,\"name\":\"Asturias\",\"item\":\"https:\\\/\\\/candas365.es\\\/noticias\\\/category\\\/asturias\\\/\",\"nextItem\":{\"@type\":\"ListItem\",\"@id\":\"https:\\\/\\\/candas365.es\\\/noticias\\\/asturias-consulta-a-expertos-sobre-financiacion-autonomica\\\/#listItem\",\"name\":\"Asturias consulta a expertos sobre financiaci\\u00f3n auton\\u00f3mica\"},\"previousItem\":{\"@type\":\"ListItem\",\"@id\":\"https:\\\/\\\/candas365.es\\\/noticias#listItem\",\"name\":\"Home\"}},{\"@type\":\"ListItem\",\"@id\":\"https:\\\/\\\/candas365.es\\\/noticias\\\/asturias-consulta-a-expertos-sobre-financiacion-autonomica\\\/#listItem\",\"position\":3,\"name\":\"Asturias consulta a expertos sobre financiaci\\u00f3n auton\\u00f3mica\",\"previousItem\":{\"@type\":\"ListItem\",\"@id\":\"https:\\\/\\\/candas365.es\\\/noticias\\\/category\\\/asturias\\\/#listItem\",\"name\":\"Asturias\"}}]},{\"@type\":\"NewsArticle\",\"@id\":\"https:\\\/\\\/candas365.es\\\/noticias\\\/asturias-consulta-a-expertos-sobre-financiacion-autonomica\\\/#newsarticle\",\"name\":\"Asturias consulta a expertos sobre financiaci\\u00f3n auton\\u00f3mica | Cand\\u00e1s 365\",\"headline\":\"Asturias consulta a expertos sobre financiaci\\u00f3n auton\\u00f3mica\",\"author\":{\"@id\":\"https:\\\/\\\/candas365.es\\\/noticias\\\/author\\\/admin\\\/#author\"},\"publisher\":{\"@id\":\"https:\\\/\\\/candas365.es\\\/noticias\\\/#organization\"},\"image\":{\"@type\":\"ImageObject\",\"url\":\"https:\\\/\\\/candas365.es\\\/noticias\\\/wp-content\\\/uploads\\\/2026\\\/02\\\/Asturias-consulta-a-expertos-sobre-financiacion-autonomica.jpg\",\"width\":1226,\"height\":810,\"caption\":\"Foro: Prensa Gobierno de Asturias\"},\"datePublished\":\"2026-02-05T16:46:01+01:00\",\"dateModified\":\"2026-02-05T16:46:01+01:00\",\"inLanguage\":\"es-ES\",\"mainEntityOfPage\":{\"@id\":\"https:\\\/\\\/candas365.es\\\/noticias\\\/asturias-consulta-a-expertos-sobre-financiacion-autonomica\\\/#webpage\"},\"isPartOf\":{\"@id\":\"https:\\\/\\\/candas365.es\\\/noticias\\\/asturias-consulta-a-expertos-sobre-financiacion-autonomica\\\/#webpage\"},\"articleSection\":\"Asturias, Asturias\",\"dateline\":\"Publicado el febrero 5, 2026.\"},{\"@type\":\"Organization\",\"@id\":\"https:\\\/\\\/candas365.es\\\/noticias\\\/#organization\",\"name\":\"Cand\\u00e1s 365\",\"description\":\"Cand\\u00e1s 365 es un diario digital independiente, fundado en 2012, con base en Asturias. Informamos con rigor sobre actualidad, sociedad, cultura y ocio, con una mirada local y global.\",\"url\":\"https:\\\/\\\/candas365.es\\\/noticias\\\/\",\"email\":\"info@candas365.es\",\"telephone\":\"+34652131393\",\"foundingDate\":\"2012-06-10\",\"logo\":{\"@type\":\"ImageObject\",\"url\":\"https:\\\/\\\/candas365.es\\\/noticias\\\/wp-content\\\/uploads\\\/2024\\\/09\\\/Candas-365-Redes.jpg\",\"@id\":\"https:\\\/\\\/candas365.es\\\/noticias\\\/asturias-consulta-a-expertos-sobre-financiacion-autonomica\\\/#organizationLogo\",\"width\":1152,\"height\":864,\"caption\":\"Cand\\u00e1s 365 Redes\"},\"image\":{\"@id\":\"https:\\\/\\\/candas365.es\\\/noticias\\\/asturias-consulta-a-expertos-sobre-financiacion-autonomica\\\/#organizationLogo\"},\"sameAs\":[\"https:\\\/\\\/www.facebook.com\\\/Nachofdezber\",\"https:\\\/\\\/x.com\\\/NabercoDigital\",\"https:\\\/\\\/www.instagram.com\\\/nachofdezber\\\/\",\"https:\\\/\\\/www.youtube.com\\\/channel\\\/UCZP-2wLEB9Rv6erhFmqVnvg\"],\"address\":{\"@id\":\"https:\\\/\\\/candas365.es\\\/noticias\\\/#postaladdress\",\"@type\":\"PostalAddress\",\"streetAddress\":\"san antonio 4, san antonio 4\",\"postalCode\":\"33430\",\"addressLocality\":\"Cand\\u00e1s\",\"addressRegion\":\"Asturias\",\"addressCountry\":\"ES\"}},{\"@type\":\"Person\",\"@id\":\"https:\\\/\\\/candas365.es\\\/noticias\\\/author\\\/admin\\\/#author\",\"url\":\"https:\\\/\\\/candas365.es\\\/noticias\\\/author\\\/admin\\\/\",\"name\":\"Cand\\u00e1s 365\",\"image\":{\"@type\":\"ImageObject\",\"@id\":\"https:\\\/\\\/candas365.es\\\/noticias\\\/asturias-consulta-a-expertos-sobre-financiacion-autonomica\\\/#authorImage\",\"url\":\"https:\\\/\\\/secure.gravatar.com\\\/avatar\\\/496a8e03d0c493ede1718b7934145dbdf8d89be1036b0eec9544e1094c9de390?s=96&d=mm&r=g\",\"width\":96,\"height\":96,\"caption\":\"Cand\\u00e1s 365\"},\"sameAs\":[\"https:\\\/\\\/www.facebook.com\\\/carrenoactualidad\",\"https:\\\/\\\/twitter.com\\\/nbasturias\",\"https:\\\/\\\/www.instagram.com\\\/nachofdezber\\\/\",\"https:\\\/\\\/www.youtube.com\\\/channel\\\/UCZP-2wLEB9Rv6erhFmqVnvg\"]},{\"@type\":\"WebPage\",\"@id\":\"https:\\\/\\\/candas365.es\\\/noticias\\\/asturias-consulta-a-expertos-sobre-financiacion-autonomica\\\/#webpage\",\"url\":\"https:\\\/\\\/candas365.es\\\/noticias\\\/asturias-consulta-a-expertos-sobre-financiacion-autonomica\\\/\",\"name\":\"Asturias consulta a expertos sobre financiaci\\u00f3n auton\\u00f3mica | Cand\\u00e1s 365\",\"description\":\"Asturias avanza en el debate sobre la financiaci\\u00f3n auton\\u00f3mica con reuniones con expertos de la Universidad de Oviedo para definir su posici\\u00f3n ante la reforma\",\"inLanguage\":\"es-ES\",\"isPartOf\":{\"@id\":\"https:\\\/\\\/candas365.es\\\/noticias\\\/#website\"},\"breadcrumb\":{\"@id\":\"https:\\\/\\\/candas365.es\\\/noticias\\\/asturias-consulta-a-expertos-sobre-financiacion-autonomica\\\/#breadcrumblist\"},\"author\":{\"@id\":\"https:\\\/\\\/candas365.es\\\/noticias\\\/author\\\/admin\\\/#author\"},\"creator\":{\"@id\":\"https:\\\/\\\/candas365.es\\\/noticias\\\/author\\\/admin\\\/#author\"},\"image\":{\"@type\":\"ImageObject\",\"url\":\"https:\\\/\\\/candas365.es\\\/noticias\\\/wp-content\\\/uploads\\\/2026\\\/02\\\/Asturias-consulta-a-expertos-sobre-financiacion-autonomica.jpg\",\"@id\":\"https:\\\/\\\/candas365.es\\\/noticias\\\/asturias-consulta-a-expertos-sobre-financiacion-autonomica\\\/#mainImage\",\"width\":1226,\"height\":810,\"caption\":\"Foro: Prensa Gobierno de Asturias\"},\"primaryImageOfPage\":{\"@id\":\"https:\\\/\\\/candas365.es\\\/noticias\\\/asturias-consulta-a-expertos-sobre-financiacion-autonomica\\\/#mainImage\"},\"datePublished\":\"2026-02-05T16:46:01+01:00\",\"dateModified\":\"2026-02-05T16:46:01+01:00\"},{\"@type\":\"WebSite\",\"@id\":\"https:\\\/\\\/candas365.es\\\/noticias\\\/#website\",\"url\":\"https:\\\/\\\/candas365.es\\\/noticias\\\/\",\"name\":\"Cand\\u00e1s 365\",\"alternateName\":\"Cand\\u00e1s 365 Noticias\",\"description\":\"Actualidad desde Carre\\u00f1o para el mundo\",\"inLanguage\":\"es-ES\",\"publisher\":{\"@id\":\"https:\\\/\\\/candas365.es\\\/noticias\\\/#organization\"}}]}\n\t\t<\/script>\n\t\t<!-- All in One SEO Pro -->\r\n\t\t<title>Asturias consulta a expertos sobre financiaci\u00f3n auton\u00f3mica | Cand\u00e1s 365<\/title>\n\n","aioseo_head_json":{"title":"Asturias consulta a expertos sobre financiaci\u00f3n auton\u00f3mica | Cand\u00e1s 365","description":"Asturias avanza en el debate sobre la financiaci\u00f3n auton\u00f3mica con reuniones con expertos de la Universidad de Oviedo para definir su posici\u00f3n ante la reforma","canonical_url":"https:\/\/candas365.es\/noticias\/asturias-consulta-a-expertos-sobre-financiacion-autonomica\/","robots":"max-image-preview:large","keywords":"asturias","webmasterTools":{"google-site-verification":"UA-32230408-1","msvalidate.01":"354F3CDFB2DA171B47FBE9ABF1F88D5","miscellaneous":""},"schema":{"@context":"https:\/\/schema.org","@graph":[{"@type":"BreadcrumbList","@id":"https:\/\/candas365.es\/noticias\/asturias-consulta-a-expertos-sobre-financiacion-autonomica\/#breadcrumblist","itemListElement":[{"@type":"ListItem","@id":"https:\/\/candas365.es\/noticias#listItem","position":1,"name":"Home","item":"https:\/\/candas365.es\/noticias","nextItem":{"@type":"ListItem","@id":"https:\/\/candas365.es\/noticias\/category\/asturias\/#listItem","name":"Asturias"}},{"@type":"ListItem","@id":"https:\/\/candas365.es\/noticias\/category\/asturias\/#listItem","position":2,"name":"Asturias","item":"https:\/\/candas365.es\/noticias\/category\/asturias\/","nextItem":{"@type":"ListItem","@id":"https:\/\/candas365.es\/noticias\/asturias-consulta-a-expertos-sobre-financiacion-autonomica\/#listItem","name":"Asturias consulta a expertos sobre financiaci\u00f3n auton\u00f3mica"},"previousItem":{"@type":"ListItem","@id":"https:\/\/candas365.es\/noticias#listItem","name":"Home"}},{"@type":"ListItem","@id":"https:\/\/candas365.es\/noticias\/asturias-consulta-a-expertos-sobre-financiacion-autonomica\/#listItem","position":3,"name":"Asturias consulta a expertos sobre financiaci\u00f3n auton\u00f3mica","previousItem":{"@type":"ListItem","@id":"https:\/\/candas365.es\/noticias\/category\/asturias\/#listItem","name":"Asturias"}}]},{"@type":"NewsArticle","@id":"https:\/\/candas365.es\/noticias\/asturias-consulta-a-expertos-sobre-financiacion-autonomica\/#newsarticle","name":"Asturias consulta a expertos sobre financiaci\u00f3n auton\u00f3mica | Cand\u00e1s 365","headline":"Asturias consulta a expertos sobre financiaci\u00f3n auton\u00f3mica","author":{"@id":"https:\/\/candas365.es\/noticias\/author\/admin\/#author"},"publisher":{"@id":"https:\/\/candas365.es\/noticias\/#organization"},"image":{"@type":"ImageObject","url":"https:\/\/candas365.es\/noticias\/wp-content\/uploads\/2026\/02\/Asturias-consulta-a-expertos-sobre-financiacion-autonomica.jpg","width":1226,"height":810,"caption":"Foro: Prensa Gobierno de Asturias"},"datePublished":"2026-02-05T16:46:01+01:00","dateModified":"2026-02-05T16:46:01+01:00","inLanguage":"es-ES","mainEntityOfPage":{"@id":"https:\/\/candas365.es\/noticias\/asturias-consulta-a-expertos-sobre-financiacion-autonomica\/#webpage"},"isPartOf":{"@id":"https:\/\/candas365.es\/noticias\/asturias-consulta-a-expertos-sobre-financiacion-autonomica\/#webpage"},"articleSection":"Asturias, Asturias","dateline":"Publicado el febrero 5, 2026."},{"@type":"Organization","@id":"https:\/\/candas365.es\/noticias\/#organization","name":"Cand\u00e1s 365","description":"Cand\u00e1s 365 es un diario digital independiente, fundado en 2012, con base en Asturias. Informamos con rigor sobre actualidad, sociedad, cultura y ocio, con una mirada local y global.","url":"https:\/\/candas365.es\/noticias\/","email":"info@candas365.es","telephone":"+34652131393","foundingDate":"2012-06-10","logo":{"@type":"ImageObject","url":"https:\/\/candas365.es\/noticias\/wp-content\/uploads\/2024\/09\/Candas-365-Redes.jpg","@id":"https:\/\/candas365.es\/noticias\/asturias-consulta-a-expertos-sobre-financiacion-autonomica\/#organizationLogo","width":1152,"height":864,"caption":"Cand\u00e1s 365 Redes"},"image":{"@id":"https:\/\/candas365.es\/noticias\/asturias-consulta-a-expertos-sobre-financiacion-autonomica\/#organizationLogo"},"sameAs":["https:\/\/www.facebook.com\/Nachofdezber","https:\/\/x.com\/NabercoDigital","https:\/\/www.instagram.com\/nachofdezber\/","https:\/\/www.youtube.com\/channel\/UCZP-2wLEB9Rv6erhFmqVnvg"],"address":{"@id":"https:\/\/candas365.es\/noticias\/#postaladdress","@type":"PostalAddress","streetAddress":"san antonio 4, san antonio 4","postalCode":"33430","addressLocality":"Cand\u00e1s","addressRegion":"Asturias","addressCountry":"ES"}},{"@type":"Person","@id":"https:\/\/candas365.es\/noticias\/author\/admin\/#author","url":"https:\/\/candas365.es\/noticias\/author\/admin\/","name":"Cand\u00e1s 365","image":{"@type":"ImageObject","@id":"https:\/\/candas365.es\/noticias\/asturias-consulta-a-expertos-sobre-financiacion-autonomica\/#authorImage","url":"https:\/\/secure.gravatar.com\/avatar\/496a8e03d0c493ede1718b7934145dbdf8d89be1036b0eec9544e1094c9de390?s=96&d=mm&r=g","width":96,"height":96,"caption":"Cand\u00e1s 365"},"sameAs":["https:\/\/www.facebook.com\/carrenoactualidad","https:\/\/twitter.com\/nbasturias","https:\/\/www.instagram.com\/nachofdezber\/","https:\/\/www.youtube.com\/channel\/UCZP-2wLEB9Rv6erhFmqVnvg"]},{"@type":"WebPage","@id":"https:\/\/candas365.es\/noticias\/asturias-consulta-a-expertos-sobre-financiacion-autonomica\/#webpage","url":"https:\/\/candas365.es\/noticias\/asturias-consulta-a-expertos-sobre-financiacion-autonomica\/","name":"Asturias consulta a expertos sobre financiaci\u00f3n auton\u00f3mica | Cand\u00e1s 365","description":"Asturias avanza en el debate sobre la financiaci\u00f3n auton\u00f3mica con reuniones con expertos de la Universidad de Oviedo para definir su posici\u00f3n ante la reforma","inLanguage":"es-ES","isPartOf":{"@id":"https:\/\/candas365.es\/noticias\/#website"},"breadcrumb":{"@id":"https:\/\/candas365.es\/noticias\/asturias-consulta-a-expertos-sobre-financiacion-autonomica\/#breadcrumblist"},"author":{"@id":"https:\/\/candas365.es\/noticias\/author\/admin\/#author"},"creator":{"@id":"https:\/\/candas365.es\/noticias\/author\/admin\/#author"},"image":{"@type":"ImageObject","url":"https:\/\/candas365.es\/noticias\/wp-content\/uploads\/2026\/02\/Asturias-consulta-a-expertos-sobre-financiacion-autonomica.jpg","@id":"https:\/\/candas365.es\/noticias\/asturias-consulta-a-expertos-sobre-financiacion-autonomica\/#mainImage","width":1226,"height":810,"caption":"Foro: Prensa Gobierno de Asturias"},"primaryImageOfPage":{"@id":"https:\/\/candas365.es\/noticias\/asturias-consulta-a-expertos-sobre-financiacion-autonomica\/#mainImage"},"datePublished":"2026-02-05T16:46:01+01:00","dateModified":"2026-02-05T16:46:01+01:00"},{"@type":"WebSite","@id":"https:\/\/candas365.es\/noticias\/#website","url":"https:\/\/candas365.es\/noticias\/","name":"Cand\u00e1s 365","alternateName":"Cand\u00e1s 365 Noticias","description":"Actualidad desde Carre\u00f1o para el mundo","inLanguage":"es-ES","publisher":{"@id":"https:\/\/candas365.es\/noticias\/#organization"}}]},"og:locale":"es_ES","og:site_name":"Cand\u00e1s 365","og:type":"article","og:title":"Asturias consulta a expertos sobre financiaci\u00f3n auton\u00f3mica | Cand\u00e1s 365","og:description":"Asturias avanza en el debate sobre la financiaci\u00f3n auton\u00f3mica con reuniones con expertos de la Universidad de Oviedo para definir su posici\u00f3n ante la reforma","og:url":"https:\/\/candas365.es\/noticias\/asturias-consulta-a-expertos-sobre-financiacion-autonomica\/","og:image":"https:\/\/candas365.es\/noticias\/wp-content\/uploads\/2026\/02\/Asturias-consulta-a-expertos-sobre-financiacion-autonomica.jpg","og:image:secure_url":"https:\/\/candas365.es\/noticias\/wp-content\/uploads\/2026\/02\/Asturias-consulta-a-expertos-sobre-financiacion-autonomica.jpg","og:image:width":1226,"og:image:height":810,"article:published_time":"2026-02-05T15:46:01+00:00","article:modified_time":"2026-02-05T15:46:01+00:00","article:publisher":"https:\/\/www.facebook.com\/Nachofdezber","article:author":"https:\/\/www.facebook.com\/carrenoactualidad","twitter:card":"summary_large_image","twitter:site":"@NabercoDigital","twitter:title":"Asturias consulta a expertos sobre financiaci\u00f3n auton\u00f3mica | Cand\u00e1s 365","twitter:description":"Asturias avanza en el debate sobre la financiaci\u00f3n auton\u00f3mica con reuniones con expertos de la Universidad de Oviedo para definir su posici\u00f3n ante la reforma","twitter:creator":"@nbasturias","twitter:image":"https:\/\/candas365.es\/noticias\/wp-content\/uploads\/2026\/02\/Asturias-consulta-a-expertos-sobre-financiacion-autonomica.jpg","twitter:label1":"Escrito por","twitter:data1":"Cand\u00e1s 365","twitter:label2":"Tiempo de lectura estimado","twitter:data2":"1 minuto"},"aioseo_meta_data":{"post_id":"191782","title":null,"description":"Asturias avanza en el debate sobre la financiaci\u00f3n auton\u00f3mica con reuniones con expertos de la Universidad de Oviedo para definir su posici\u00f3n ante la reforma","keywords":null,"keyphrases":{"focus":{"keyphrase":"Asturias","score":91,"analysis":{"keyphraseInTitle":{"score":9,"maxScore":9,"error":0},"keyphraseInDescription":{"score":9,"maxScore":9,"error":0},"keyphraseLength":{"score":9,"maxScore":9,"error":0,"length":1},"keyphraseInURL":{"score":5,"maxScore":5,"error":0},"keyphraseInIntroduction":{"score":9,"maxScore":9,"error":0},"keyphraseInSubHeadings":{"score":3,"maxScore":9,"error":1},"keyphraseInImageAlt":{"score":9,"maxScore":9,"error":0},"keywordDensity":{"type":"best","score":9,"maxScore":9,"error":0}}},"additional":[{"keyphrase":"financiaci\u00f3n","score":100,"analysis":{"keyphraseInDescription":{"score":9,"maxScore":9,"error":0},"keyphraseLength":{"score":9,"maxScore":9,"error":0,"length":2},"keyphraseInIntroduction":{"score":9,"maxScore":9,"error":0},"keyphraseInImageAlt":{"score":9,"maxScore":9,"error":0},"keywordDensity":{"type":"best","score":9,"maxScore":9,"error":0}}}]},"primary_term":null,"canonical_url":null,"og_title":null,"og_description":null,"og_object_type":"default","og_image_type":"default","og_image_url":null,"og_image_width":null,"og_image_height":null,"og_image_custom_url":null,"og_image_custom_fields":null,"og_video":"","og_custom_url":null,"og_article_section":null,"og_article_tags":null,"twitter_use_og":false,"twitter_card":"default","twitter_image_type":"default","twitter_image_url":null,"twitter_image_custom_url":null,"twitter_image_custom_fields":null,"twitter_title":null,"twitter_description":null,"schema":{"blockGraphs":[],"customGraphs":[],"default":{"data":{"Article":[],"Course":[],"Dataset":[],"FAQPage":[],"Movie":[],"Person":[],"Product":[],"ProductReview":[],"Car":[],"Recipe":[],"Service":[],"SoftwareApplication":[],"WebPage":[]},"graphName":"Article","isEnabled":true},"graphs":[]},"schema_type":"default","schema_type_options":null,"pillar_content":false,"robots_default":true,"robots_noindex":false,"robots_noarchive":false,"robots_nosnippet":false,"robots_nofollow":false,"robots_noimageindex":false,"robots_noodp":false,"robots_notranslate":false,"robots_max_snippet":"-1","robots_max_videopreview":"-1","robots_max_imagepreview":"large","priority":null,"frequency":"default","location":null,"local_seo":null,"seo_analyzer_scan_date":"2026-02-05 15:48:07","breadcrumb_settings":null,"limit_modified_date":false,"reviewed_by":null,"open_ai":null,"ai":{"faqs":[],"keyPoints":[],"titles":[],"descriptions":[],"socialPosts":{"email":[],"linkedin":[],"twitter":[],"facebook":[],"instagram":[]}},"created":"2026-02-05 15:38:15","updated":"2026-02-05 15:53:23"},"aioseo_breadcrumb":"<div class=\"aioseo-breadcrumbs\"><span class=\"aioseo-breadcrumb\">\n\t<a href=\"https:\/\/candas365.es\/noticias\" title=\"Home\">Home<\/a>\n<\/span><span class=\"aioseo-breadcrumb-separator\">&ndash;<\/span><span class=\"aioseo-breadcrumb\">\n\t<a href=\"https:\/\/candas365.es\/noticias\/category\/asturias\/\" title=\"Asturias\">Asturias<\/a>\n<\/span><span class=\"aioseo-breadcrumb-separator\">&ndash;<\/span><span class=\"aioseo-breadcrumb\">\n\tAsturias consulta a expertos sobre financiaci\u00f3n auton\u00f3mica\n<\/span><\/div>","aioseo_breadcrumb_json":[{"label":"Home","link":"https:\/\/candas365.es\/noticias"},{"label":"Asturias","link":"https:\/\/candas365.es\/noticias\/category\/asturias\/"},{"label":"Asturias consulta a expertos sobre financiaci\u00f3n auton\u00f3mica","link":"https:\/\/candas365.es\/noticias\/asturias-consulta-a-expertos-sobre-financiacion-autonomica\/"}],"_links":{"self":[{"href":"https:\/\/candas365.es\/noticias\/wp-json\/wp\/v2\/posts\/191782","targetHints":{"allow":["GET"]}}],"collection":[{"href":"https:\/\/candas365.es\/noticias\/wp-json\/wp\/v2\/posts"}],"about":[{"href":"https:\/\/candas365.es\/noticias\/wp-json\/wp\/v2\/types\/post"}],"author":[{"embeddable":true,"href":"https:\/\/candas365.es\/noticias\/wp-json\/wp\/v2\/users\/1"}],"replies":[{"embeddable":true,"href":"https:\/\/candas365.es\/noticias\/wp-json\/wp\/v2\/comments?post=191782"}],"version-history":[{"count":0,"href":"https:\/\/candas365.es\/noticias\/wp-json\/wp\/v2\/posts\/191782\/revisions"}],"wp:featuredmedia":[{"embeddable":true,"href":"https:\/\/candas365.es\/noticias\/wp-json\/wp\/v2\/media\/191783"}],"wp:attachment":[{"href":"https:\/\/candas365.es\/noticias\/wp-json\/wp\/v2\/media?parent=191782"}],"wp:term":[{"taxonomy":"category","embeddable":true,"href":"https:\/\/candas365.es\/noticias\/wp-json\/wp\/v2\/categories?post=191782"},{"taxonomy":"post_tag","embeddable":true,"href":"https:\/\/candas365.es\/noticias\/wp-json\/wp\/v2\/tags?post=191782"}],"curies":[{"name":"wp","href":"https:\/\/api.w.org\/{rel}","templated":true}]}}