{"id":191746,"date":"2026-02-03T20:45:33","date_gmt":"2026-02-03T19:45:33","guid":{"rendered":"https:\/\/candas365.es\/noticias\/?p=191746"},"modified":"2026-02-03T20:45:33","modified_gmt":"2026-02-03T19:45:33","slug":"abre-en-allande-la-escuelina-los-ablaninos","status":"publish","type":"post","link":"https:\/\/candas365.es\/noticias\/abre-en-allande-la-escuelina-los-ablaninos\/","title":{"rendered":"Abre en Allande la escuelina Los Ablaninos"},"content":{"rendered":"<p data-start=\"63\" data-end=\"223\">El Principado pone en marcha en <a href=\"https:\/\/candas365.es\/noticias\/category\/asturias\/\"><span style=\"color: #ff6600;\"><strong>Allande<\/strong><\/span><\/a> la escuelina Los Ablaninos, la n\u00famero 46 de la red p\u00fablica y gratuita de 0 a 3 a\u00f1os.<\/p>\n<figure id=\"attachment_191747\" aria-describedby=\"caption-attachment-191747\" style=\"width: 640px\" class=\"wp-caption aligncenter\"><img fetchpriority=\"high\" decoding=\"async\" class=\"size-large wp-image-191747\" src=\"https:\/\/candas365.es\/noticias\/wp-content\/uploads\/2026\/02\/Abre-en-Allande-la-escuelina-Los-Ablaninos-640x480.jpg\" alt=\"Abre en Allande la escuelina Los Ablaninos\" width=\"640\" height=\"480\" srcset=\"https:\/\/candas365.es\/noticias\/wp-content\/uploads\/2026\/02\/Abre-en-Allande-la-escuelina-Los-Ablaninos-640x480.jpg 640w, https:\/\/candas365.es\/noticias\/wp-content\/uploads\/2026\/02\/Abre-en-Allande-la-escuelina-Los-Ablaninos-360x270.jpg 360w, https:\/\/candas365.es\/noticias\/wp-content\/uploads\/2026\/02\/Abre-en-Allande-la-escuelina-Los-Ablaninos-768x576.jpg 768w, https:\/\/candas365.es\/noticias\/wp-content\/uploads\/2026\/02\/Abre-en-Allande-la-escuelina-Los-Ablaninos-150x113.jpg 150w, https:\/\/candas365.es\/noticias\/wp-content\/uploads\/2026\/02\/Abre-en-Allande-la-escuelina-Los-Ablaninos-450x338.jpg 450w, https:\/\/candas365.es\/noticias\/wp-content\/uploads\/2026\/02\/Abre-en-Allande-la-escuelina-Los-Ablaninos.jpg 1046w\" sizes=\"(max-width: 640px) 100vw, 640px\" \/><figcaption id=\"caption-attachment-191747\" class=\"wp-caption-text\">Foto: Prensa Principado de Asturias<\/figcaption><\/figure>\n<p data-start=\"230\" data-end=\"569\">El <a href=\"https:\/\/actualidad.asturias.es\/\" target=\"_blank\" rel=\"noopener\"><span style=\"color: #ff6600;\"><strong data-start=\"233\" data-end=\"274\"><span class=\"hover:entity-accent entity-underline inline cursor-pointer align-baseline\"><span class=\"whitespace-normal\">Gobierno del Principado de Asturias<\/span><\/span><\/strong><\/span><\/a> ha abierto en Allande la escuelina <strong data-start=\"310\" data-end=\"327\">Los Ablaninos<\/strong>, la cuadrag\u00e9sima sexta de la red p\u00fablica, auton\u00f3mica y gratuita para alumnado de 0 a 3 a\u00f1os, y la primera correspondiente a la fase II. El centro inicia su actividad con siete ni\u00f1os y ni\u00f1as matriculados, cuatro de 1 a 2 a\u00f1os y tres de 2 a 3.<\/p>\n<p data-start=\"571\" data-end=\"762\">El personal est\u00e1 formado por dos t\u00e9cnicas de educaci\u00f3n infantil a jornada completa y una directora, que asume tambi\u00e9n la gesti\u00f3n de las escol\u00edas de Santa Eulalia de Oscos y Grandas de Salime.<\/p>\n<h2 data-start=\"764\" data-end=\"799\">Inversi\u00f3n y ubicaci\u00f3n del centro<\/h2>\n<p data-start=\"801\" data-end=\"1215\">La obra de la escuelina recibi\u00f3 en 2024 una subvenci\u00f3n de 58.043 euros procedente de la tercera convocatoria de los fondos europeos del Mecanismo de Recuperaci\u00f3n y Resiliencia (MRR) destinados a la creaci\u00f3n de nuevas plazas de 0 a 3 a\u00f1os. La actuaci\u00f3n fue ejecutada por el ayuntamiento en la planta baja de la escuela-hogar, ubicada en la misma parcela que el Centro P\u00fablico de Educaci\u00f3n B\u00e1sica de Pola de Allande.<\/p>\n<h2 data-start=\"1217\" data-end=\"1255\">Red auton\u00f3mica y pr\u00f3ximas aperturas<\/h2>\n<p data-start=\"1257\" data-end=\"1522\">Con esta incorporaci\u00f3n, la red auton\u00f3mica de atenci\u00f3n educativa de 0 a 3 a\u00f1os queda integrada por 46 escuelines y escol\u00edas: 23 correspondientes a la fase I, una de la fase II y 22 municipales ya integradas. En conjunto, la matriculaci\u00f3n supera el millar de alumnos.<\/p>\n<p data-start=\"1524\" data-end=\"1709\" data-is-last-node=\"\" data-is-only-node=\"\">Durante este mes est\u00e1 prevista la apertura de otros tres centros incluidos en la fase II: <strong data-start=\"1614\" data-end=\"1626\">El Cab\u00e1s<\/strong>, en Tapia de Casariego; <strong data-start=\"1651\" data-end=\"1666\">Les Xanines<\/strong>, en <a href=\"https:\/\/eldigitaldeasturias.com\/radio\/category\/concejos-asturias\/\" target=\"_blank\" rel=\"noopener\"><span style=\"color: #ff6600;\"><strong>Caravia<\/strong><\/span><\/a>, y <strong data-start=\"1682\" data-end=\"1697\">El Reblincu<\/strong>, en Quir\u00f3s.<\/p>\n","protected":false},"excerpt":{"rendered":"<p>El Principado pone en marcha en Allande la escuelina Los Ablaninos, la n\u00famero 46 de la red p\u00fablica y gratuita de 0 a 3 a\u00f1os. El Gobierno del Principado de Asturias ha abierto en Allande la escuelina Los Ablaninos, la cuadrag\u00e9sima sexta de la red p\u00fablica, auton\u00f3mica y gratuita para alumnado de 0 a 3<\/p>\n","protected":false},"author":1,"featured_media":191747,"comment_status":"closed","ping_status":"closed","sticky":false,"template":"","format":"standard","meta":{"footnotes":""},"categories":[7],"tags":[380,419],"class_list":{"0":"post-191746","1":"post","2":"type-post","3":"status-publish","4":"format-standard","5":"has-post-thumbnail","7":"category-asturias","8":"tag-asturias","9":"tag-educacion"},"aioseo_notices":[],"aioseo_head":"\n\t\t<!-- All in One SEO Pro 4.9.6.2 - aioseo.com -->\n\t<meta name=\"description\" content=\"El Principado pone en marcha en Allande la escuelina Los Ablaninos, la n\u00famero 46 de la red p\u00fablica y gratuita de 0 a 3 a\u00f1os.\" \/>\n\t<meta name=\"robots\" content=\"max-image-preview:large\" \/>\n\t<meta name=\"author\" content=\"Cand\u00e1s 365\"\/>\n\t<meta name=\"google-site-verification\" content=\"UA-32230408-1\" \/>\n\t<meta name=\"msvalidate.01\" content=\"354F3CDFB2DA171B47FBE9ABF1F88D5\" \/>\n\t<meta name=\"keywords\" content=\"asturias\" \/>\n\t<link rel=\"canonical\" href=\"https:\/\/candas365.es\/noticias\/abre-en-allande-la-escuelina-los-ablaninos\/\" \/>\n\t<meta name=\"generator\" content=\"All in One SEO Pro (AIOSEO) 4.9.6.2\" \/>\n\t\t<meta property=\"og:locale\" content=\"es_ES\" \/>\n\t\t<meta property=\"og:site_name\" content=\"Cand\u00e1s 365\" \/>\n\t\t<meta property=\"og:type\" content=\"article\" \/>\n\t\t<meta property=\"og:title\" content=\"Abre en Allande la escuelina Los Ablaninos | Cand\u00e1s 365\" \/>\n\t\t<meta property=\"og:description\" content=\"El Principado pone en marcha en Allande la escuelina Los Ablaninos, la n\u00famero 46 de la red p\u00fablica y gratuita de 0 a 3 a\u00f1os.\" \/>\n\t\t<meta property=\"og:url\" content=\"https:\/\/candas365.es\/noticias\/abre-en-allande-la-escuelina-los-ablaninos\/\" \/>\n\t\t<meta property=\"og:image\" content=\"https:\/\/candas365.es\/noticias\/wp-content\/uploads\/2026\/02\/Abre-en-Allande-la-escuelina-Los-Ablaninos.jpg\" \/>\n\t\t<meta property=\"og:image:secure_url\" content=\"https:\/\/candas365.es\/noticias\/wp-content\/uploads\/2026\/02\/Abre-en-Allande-la-escuelina-Los-Ablaninos.jpg\" \/>\n\t\t<meta property=\"og:image:width\" content=\"1046\" \/>\n\t\t<meta property=\"og:image:height\" content=\"785\" \/>\n\t\t<meta property=\"article:published_time\" content=\"2026-02-03T19:45:33+00:00\" \/>\n\t\t<meta property=\"article:modified_time\" content=\"2026-02-03T19:45:33+00:00\" \/>\n\t\t<meta property=\"article:publisher\" content=\"https:\/\/www.facebook.com\/Nachofdezber\" \/>\n\t\t<meta property=\"article:author\" content=\"https:\/\/www.facebook.com\/carrenoactualidad\" \/>\n\t\t<meta name=\"twitter:card\" content=\"summary_large_image\" \/>\n\t\t<meta name=\"twitter:site\" content=\"@NabercoDigital\" \/>\n\t\t<meta name=\"twitter:title\" content=\"Abre en Allande la escuelina Los Ablaninos | Cand\u00e1s 365\" \/>\n\t\t<meta name=\"twitter:description\" content=\"El Principado pone en marcha en Allande la escuelina Los Ablaninos, la n\u00famero 46 de la red p\u00fablica y gratuita de 0 a 3 a\u00f1os.\" \/>\n\t\t<meta name=\"twitter:creator\" content=\"@nbasturias\" \/>\n\t\t<meta name=\"twitter:image\" content=\"https:\/\/candas365.es\/noticias\/wp-content\/uploads\/2026\/02\/Abre-en-Allande-la-escuelina-Los-Ablaninos.jpg\" \/>\n\t\t<meta name=\"twitter:label1\" content=\"Escrito por\" \/>\n\t\t<meta name=\"twitter:data1\" content=\"Cand\u00e1s 365\" \/>\n\t\t<meta name=\"twitter:label2\" content=\"Tiempo de lectura estimado\" \/>\n\t\t<meta name=\"twitter:data2\" content=\"2 minutos\" \/>\n\t\t<script type=\"application\/ld+json\" class=\"aioseo-schema\">\n\t\t\t{\"@context\":\"https:\\\/\\\/schema.org\",\"@graph\":[{\"@type\":\"BreadcrumbList\",\"@id\":\"https:\\\/\\\/candas365.es\\\/noticias\\\/abre-en-allande-la-escuelina-los-ablaninos\\\/#breadcrumblist\",\"itemListElement\":[{\"@type\":\"ListItem\",\"@id\":\"https:\\\/\\\/candas365.es\\\/noticias#listItem\",\"position\":1,\"name\":\"Home\",\"item\":\"https:\\\/\\\/candas365.es\\\/noticias\",\"nextItem\":{\"@type\":\"ListItem\",\"@id\":\"https:\\\/\\\/candas365.es\\\/noticias\\\/category\\\/asturias\\\/#listItem\",\"name\":\"Asturias\"}},{\"@type\":\"ListItem\",\"@id\":\"https:\\\/\\\/candas365.es\\\/noticias\\\/category\\\/asturias\\\/#listItem\",\"position\":2,\"name\":\"Asturias\",\"item\":\"https:\\\/\\\/candas365.es\\\/noticias\\\/category\\\/asturias\\\/\",\"nextItem\":{\"@type\":\"ListItem\",\"@id\":\"https:\\\/\\\/candas365.es\\\/noticias\\\/abre-en-allande-la-escuelina-los-ablaninos\\\/#listItem\",\"name\":\"Abre en Allande la escuelina Los Ablaninos\"},\"previousItem\":{\"@type\":\"ListItem\",\"@id\":\"https:\\\/\\\/candas365.es\\\/noticias#listItem\",\"name\":\"Home\"}},{\"@type\":\"ListItem\",\"@id\":\"https:\\\/\\\/candas365.es\\\/noticias\\\/abre-en-allande-la-escuelina-los-ablaninos\\\/#listItem\",\"position\":3,\"name\":\"Abre en Allande la escuelina Los Ablaninos\",\"previousItem\":{\"@type\":\"ListItem\",\"@id\":\"https:\\\/\\\/candas365.es\\\/noticias\\\/category\\\/asturias\\\/#listItem\",\"name\":\"Asturias\"}}]},{\"@type\":\"NewsArticle\",\"@id\":\"https:\\\/\\\/candas365.es\\\/noticias\\\/abre-en-allande-la-escuelina-los-ablaninos\\\/#newsarticle\",\"name\":\"Abre en Allande la escuelina Los Ablaninos | Cand\\u00e1s 365\",\"headline\":\"Abre en Allande la escuelina Los Ablaninos\",\"author\":{\"@id\":\"https:\\\/\\\/candas365.es\\\/noticias\\\/author\\\/admin\\\/#author\"},\"publisher\":{\"@id\":\"https:\\\/\\\/candas365.es\\\/noticias\\\/#organization\"},\"image\":{\"@type\":\"ImageObject\",\"url\":\"https:\\\/\\\/candas365.es\\\/noticias\\\/wp-content\\\/uploads\\\/2026\\\/02\\\/Abre-en-Allande-la-escuelina-Los-Ablaninos.jpg\",\"width\":1046,\"height\":785,\"caption\":\"Foto: Prensa Principado de Asturias\"},\"datePublished\":\"2026-02-03T20:45:33+01:00\",\"dateModified\":\"2026-02-03T20:45:33+01:00\",\"inLanguage\":\"es-ES\",\"mainEntityOfPage\":{\"@id\":\"https:\\\/\\\/candas365.es\\\/noticias\\\/abre-en-allande-la-escuelina-los-ablaninos\\\/#webpage\"},\"isPartOf\":{\"@id\":\"https:\\\/\\\/candas365.es\\\/noticias\\\/abre-en-allande-la-escuelina-los-ablaninos\\\/#webpage\"},\"articleSection\":\"Asturias, Asturias, educaci\\u00f3n\",\"dateline\":\"Publicado el febrero 3, 2026.\"},{\"@type\":\"Organization\",\"@id\":\"https:\\\/\\\/candas365.es\\\/noticias\\\/#organization\",\"name\":\"Cand\\u00e1s 365\",\"description\":\"Cand\\u00e1s 365 es un diario digital independiente, fundado en 2012, con base en Asturias. Informamos con rigor sobre actualidad, sociedad, cultura y ocio, con una mirada local y global.\",\"url\":\"https:\\\/\\\/candas365.es\\\/noticias\\\/\",\"email\":\"info@candas365.es\",\"telephone\":\"+34652131393\",\"foundingDate\":\"2012-06-10\",\"logo\":{\"@type\":\"ImageObject\",\"url\":\"https:\\\/\\\/candas365.es\\\/noticias\\\/wp-content\\\/uploads\\\/2024\\\/09\\\/Candas-365-Redes.jpg\",\"@id\":\"https:\\\/\\\/candas365.es\\\/noticias\\\/abre-en-allande-la-escuelina-los-ablaninos\\\/#organizationLogo\",\"width\":1152,\"height\":864,\"caption\":\"Cand\\u00e1s 365 Redes\"},\"image\":{\"@id\":\"https:\\\/\\\/candas365.es\\\/noticias\\\/abre-en-allande-la-escuelina-los-ablaninos\\\/#organizationLogo\"},\"sameAs\":[\"https:\\\/\\\/www.facebook.com\\\/Nachofdezber\",\"https:\\\/\\\/x.com\\\/NabercoDigital\",\"https:\\\/\\\/www.instagram.com\\\/nachofdezber\\\/\",\"https:\\\/\\\/www.youtube.com\\\/channel\\\/UCZP-2wLEB9Rv6erhFmqVnvg\"],\"address\":{\"@id\":\"https:\\\/\\\/candas365.es\\\/noticias\\\/#postaladdress\",\"@type\":\"PostalAddress\",\"streetAddress\":\"san antonio 4, san antonio 4\",\"postalCode\":\"33430\",\"addressLocality\":\"Cand\\u00e1s\",\"addressRegion\":\"Asturias\",\"addressCountry\":\"ES\"}},{\"@type\":\"Person\",\"@id\":\"https:\\\/\\\/candas365.es\\\/noticias\\\/author\\\/admin\\\/#author\",\"url\":\"https:\\\/\\\/candas365.es\\\/noticias\\\/author\\\/admin\\\/\",\"name\":\"Cand\\u00e1s 365\",\"image\":{\"@type\":\"ImageObject\",\"@id\":\"https:\\\/\\\/candas365.es\\\/noticias\\\/abre-en-allande-la-escuelina-los-ablaninos\\\/#authorImage\",\"url\":\"https:\\\/\\\/secure.gravatar.com\\\/avatar\\\/496a8e03d0c493ede1718b7934145dbdf8d89be1036b0eec9544e1094c9de390?s=96&d=mm&r=g\",\"width\":96,\"height\":96,\"caption\":\"Cand\\u00e1s 365\"},\"sameAs\":[\"https:\\\/\\\/www.facebook.com\\\/carrenoactualidad\",\"https:\\\/\\\/twitter.com\\\/nbasturias\",\"https:\\\/\\\/www.instagram.com\\\/nachofdezber\\\/\",\"https:\\\/\\\/www.youtube.com\\\/channel\\\/UCZP-2wLEB9Rv6erhFmqVnvg\"]},{\"@type\":\"WebPage\",\"@id\":\"https:\\\/\\\/candas365.es\\\/noticias\\\/abre-en-allande-la-escuelina-los-ablaninos\\\/#webpage\",\"url\":\"https:\\\/\\\/candas365.es\\\/noticias\\\/abre-en-allande-la-escuelina-los-ablaninos\\\/\",\"name\":\"Abre en Allande la escuelina Los Ablaninos | Cand\\u00e1s 365\",\"description\":\"El Principado pone en marcha en Allande la escuelina Los Ablaninos, la n\\u00famero 46 de la red p\\u00fablica y gratuita de 0 a 3 a\\u00f1os.\",\"inLanguage\":\"es-ES\",\"isPartOf\":{\"@id\":\"https:\\\/\\\/candas365.es\\\/noticias\\\/#website\"},\"breadcrumb\":{\"@id\":\"https:\\\/\\\/candas365.es\\\/noticias\\\/abre-en-allande-la-escuelina-los-ablaninos\\\/#breadcrumblist\"},\"author\":{\"@id\":\"https:\\\/\\\/candas365.es\\\/noticias\\\/author\\\/admin\\\/#author\"},\"creator\":{\"@id\":\"https:\\\/\\\/candas365.es\\\/noticias\\\/author\\\/admin\\\/#author\"},\"image\":{\"@type\":\"ImageObject\",\"url\":\"https:\\\/\\\/candas365.es\\\/noticias\\\/wp-content\\\/uploads\\\/2026\\\/02\\\/Abre-en-Allande-la-escuelina-Los-Ablaninos.jpg\",\"@id\":\"https:\\\/\\\/candas365.es\\\/noticias\\\/abre-en-allande-la-escuelina-los-ablaninos\\\/#mainImage\",\"width\":1046,\"height\":785,\"caption\":\"Foto: Prensa Principado de Asturias\"},\"primaryImageOfPage\":{\"@id\":\"https:\\\/\\\/candas365.es\\\/noticias\\\/abre-en-allande-la-escuelina-los-ablaninos\\\/#mainImage\"},\"datePublished\":\"2026-02-03T20:45:33+01:00\",\"dateModified\":\"2026-02-03T20:45:33+01:00\"},{\"@type\":\"WebSite\",\"@id\":\"https:\\\/\\\/candas365.es\\\/noticias\\\/#website\",\"url\":\"https:\\\/\\\/candas365.es\\\/noticias\\\/\",\"name\":\"Cand\\u00e1s 365\",\"alternateName\":\"Cand\\u00e1s 365 Noticias\",\"description\":\"Actualidad desde Carre\\u00f1o para el mundo\",\"inLanguage\":\"es-ES\",\"publisher\":{\"@id\":\"https:\\\/\\\/candas365.es\\\/noticias\\\/#organization\"}}]}\n\t\t<\/script>\n\t\t<!-- All in One SEO Pro -->\r\n\t\t<title>Abre en Allande la escuelina Los Ablaninos | Cand\u00e1s 365<\/title>\n\n","aioseo_head_json":{"title":"Abre en Allande la escuelina Los Ablaninos | Cand\u00e1s 365","description":"El Principado pone en marcha en Allande la escuelina Los Ablaninos, la n\u00famero 46 de la red p\u00fablica y gratuita de 0 a 3 a\u00f1os.","canonical_url":"https:\/\/candas365.es\/noticias\/abre-en-allande-la-escuelina-los-ablaninos\/","robots":"max-image-preview:large","keywords":"asturias","webmasterTools":{"google-site-verification":"UA-32230408-1","msvalidate.01":"354F3CDFB2DA171B47FBE9ABF1F88D5","miscellaneous":""},"schema":{"@context":"https:\/\/schema.org","@graph":[{"@type":"BreadcrumbList","@id":"https:\/\/candas365.es\/noticias\/abre-en-allande-la-escuelina-los-ablaninos\/#breadcrumblist","itemListElement":[{"@type":"ListItem","@id":"https:\/\/candas365.es\/noticias#listItem","position":1,"name":"Home","item":"https:\/\/candas365.es\/noticias","nextItem":{"@type":"ListItem","@id":"https:\/\/candas365.es\/noticias\/category\/asturias\/#listItem","name":"Asturias"}},{"@type":"ListItem","@id":"https:\/\/candas365.es\/noticias\/category\/asturias\/#listItem","position":2,"name":"Asturias","item":"https:\/\/candas365.es\/noticias\/category\/asturias\/","nextItem":{"@type":"ListItem","@id":"https:\/\/candas365.es\/noticias\/abre-en-allande-la-escuelina-los-ablaninos\/#listItem","name":"Abre en Allande la escuelina Los Ablaninos"},"previousItem":{"@type":"ListItem","@id":"https:\/\/candas365.es\/noticias#listItem","name":"Home"}},{"@type":"ListItem","@id":"https:\/\/candas365.es\/noticias\/abre-en-allande-la-escuelina-los-ablaninos\/#listItem","position":3,"name":"Abre en Allande la escuelina Los Ablaninos","previousItem":{"@type":"ListItem","@id":"https:\/\/candas365.es\/noticias\/category\/asturias\/#listItem","name":"Asturias"}}]},{"@type":"NewsArticle","@id":"https:\/\/candas365.es\/noticias\/abre-en-allande-la-escuelina-los-ablaninos\/#newsarticle","name":"Abre en Allande la escuelina Los Ablaninos | Cand\u00e1s 365","headline":"Abre en Allande la escuelina Los Ablaninos","author":{"@id":"https:\/\/candas365.es\/noticias\/author\/admin\/#author"},"publisher":{"@id":"https:\/\/candas365.es\/noticias\/#organization"},"image":{"@type":"ImageObject","url":"https:\/\/candas365.es\/noticias\/wp-content\/uploads\/2026\/02\/Abre-en-Allande-la-escuelina-Los-Ablaninos.jpg","width":1046,"height":785,"caption":"Foto: Prensa Principado de Asturias"},"datePublished":"2026-02-03T20:45:33+01:00","dateModified":"2026-02-03T20:45:33+01:00","inLanguage":"es-ES","mainEntityOfPage":{"@id":"https:\/\/candas365.es\/noticias\/abre-en-allande-la-escuelina-los-ablaninos\/#webpage"},"isPartOf":{"@id":"https:\/\/candas365.es\/noticias\/abre-en-allande-la-escuelina-los-ablaninos\/#webpage"},"articleSection":"Asturias, Asturias, educaci\u00f3n","dateline":"Publicado el febrero 3, 2026."},{"@type":"Organization","@id":"https:\/\/candas365.es\/noticias\/#organization","name":"Cand\u00e1s 365","description":"Cand\u00e1s 365 es un diario digital independiente, fundado en 2012, con base en Asturias. Informamos con rigor sobre actualidad, sociedad, cultura y ocio, con una mirada local y global.","url":"https:\/\/candas365.es\/noticias\/","email":"info@candas365.es","telephone":"+34652131393","foundingDate":"2012-06-10","logo":{"@type":"ImageObject","url":"https:\/\/candas365.es\/noticias\/wp-content\/uploads\/2024\/09\/Candas-365-Redes.jpg","@id":"https:\/\/candas365.es\/noticias\/abre-en-allande-la-escuelina-los-ablaninos\/#organizationLogo","width":1152,"height":864,"caption":"Cand\u00e1s 365 Redes"},"image":{"@id":"https:\/\/candas365.es\/noticias\/abre-en-allande-la-escuelina-los-ablaninos\/#organizationLogo"},"sameAs":["https:\/\/www.facebook.com\/Nachofdezber","https:\/\/x.com\/NabercoDigital","https:\/\/www.instagram.com\/nachofdezber\/","https:\/\/www.youtube.com\/channel\/UCZP-2wLEB9Rv6erhFmqVnvg"],"address":{"@id":"https:\/\/candas365.es\/noticias\/#postaladdress","@type":"PostalAddress","streetAddress":"san antonio 4, san antonio 4","postalCode":"33430","addressLocality":"Cand\u00e1s","addressRegion":"Asturias","addressCountry":"ES"}},{"@type":"Person","@id":"https:\/\/candas365.es\/noticias\/author\/admin\/#author","url":"https:\/\/candas365.es\/noticias\/author\/admin\/","name":"Cand\u00e1s 365","image":{"@type":"ImageObject","@id":"https:\/\/candas365.es\/noticias\/abre-en-allande-la-escuelina-los-ablaninos\/#authorImage","url":"https:\/\/secure.gravatar.com\/avatar\/496a8e03d0c493ede1718b7934145dbdf8d89be1036b0eec9544e1094c9de390?s=96&d=mm&r=g","width":96,"height":96,"caption":"Cand\u00e1s 365"},"sameAs":["https:\/\/www.facebook.com\/carrenoactualidad","https:\/\/twitter.com\/nbasturias","https:\/\/www.instagram.com\/nachofdezber\/","https:\/\/www.youtube.com\/channel\/UCZP-2wLEB9Rv6erhFmqVnvg"]},{"@type":"WebPage","@id":"https:\/\/candas365.es\/noticias\/abre-en-allande-la-escuelina-los-ablaninos\/#webpage","url":"https:\/\/candas365.es\/noticias\/abre-en-allande-la-escuelina-los-ablaninos\/","name":"Abre en Allande la escuelina Los Ablaninos | Cand\u00e1s 365","description":"El Principado pone en marcha en Allande la escuelina Los Ablaninos, la n\u00famero 46 de la red p\u00fablica y gratuita de 0 a 3 a\u00f1os.","inLanguage":"es-ES","isPartOf":{"@id":"https:\/\/candas365.es\/noticias\/#website"},"breadcrumb":{"@id":"https:\/\/candas365.es\/noticias\/abre-en-allande-la-escuelina-los-ablaninos\/#breadcrumblist"},"author":{"@id":"https:\/\/candas365.es\/noticias\/author\/admin\/#author"},"creator":{"@id":"https:\/\/candas365.es\/noticias\/author\/admin\/#author"},"image":{"@type":"ImageObject","url":"https:\/\/candas365.es\/noticias\/wp-content\/uploads\/2026\/02\/Abre-en-Allande-la-escuelina-Los-Ablaninos.jpg","@id":"https:\/\/candas365.es\/noticias\/abre-en-allande-la-escuelina-los-ablaninos\/#mainImage","width":1046,"height":785,"caption":"Foto: Prensa Principado de Asturias"},"primaryImageOfPage":{"@id":"https:\/\/candas365.es\/noticias\/abre-en-allande-la-escuelina-los-ablaninos\/#mainImage"},"datePublished":"2026-02-03T20:45:33+01:00","dateModified":"2026-02-03T20:45:33+01:00"},{"@type":"WebSite","@id":"https:\/\/candas365.es\/noticias\/#website","url":"https:\/\/candas365.es\/noticias\/","name":"Cand\u00e1s 365","alternateName":"Cand\u00e1s 365 Noticias","description":"Actualidad desde Carre\u00f1o para el mundo","inLanguage":"es-ES","publisher":{"@id":"https:\/\/candas365.es\/noticias\/#organization"}}]},"og:locale":"es_ES","og:site_name":"Cand\u00e1s 365","og:type":"article","og:title":"Abre en Allande la escuelina Los Ablaninos | Cand\u00e1s 365","og:description":"El Principado pone en marcha en Allande la escuelina Los Ablaninos, la n\u00famero 46 de la red p\u00fablica y gratuita de 0 a 3 a\u00f1os.","og:url":"https:\/\/candas365.es\/noticias\/abre-en-allande-la-escuelina-los-ablaninos\/","og:image":"https:\/\/candas365.es\/noticias\/wp-content\/uploads\/2026\/02\/Abre-en-Allande-la-escuelina-Los-Ablaninos.jpg","og:image:secure_url":"https:\/\/candas365.es\/noticias\/wp-content\/uploads\/2026\/02\/Abre-en-Allande-la-escuelina-Los-Ablaninos.jpg","og:image:width":1046,"og:image:height":785,"article:published_time":"2026-02-03T19:45:33+00:00","article:modified_time":"2026-02-03T19:45:33+00:00","article:publisher":"https:\/\/www.facebook.com\/Nachofdezber","article:author":"https:\/\/www.facebook.com\/carrenoactualidad","twitter:card":"summary_large_image","twitter:site":"@NabercoDigital","twitter:title":"Abre en Allande la escuelina Los Ablaninos | Cand\u00e1s 365","twitter:description":"El Principado pone en marcha en Allande la escuelina Los Ablaninos, la n\u00famero 46 de la red p\u00fablica y gratuita de 0 a 3 a\u00f1os.","twitter:creator":"@nbasturias","twitter:image":"https:\/\/candas365.es\/noticias\/wp-content\/uploads\/2026\/02\/Abre-en-Allande-la-escuelina-Los-Ablaninos.jpg","twitter:label1":"Escrito por","twitter:data1":"Cand\u00e1s 365","twitter:label2":"Tiempo de lectura estimado","twitter:data2":"2 minutos"},"aioseo_meta_data":{"post_id":"191746","title":null,"description":"El Principado pone en marcha en Allande la escuelina Los Ablaninos, la n\u00famero 46 de la red p\u00fablica y gratuita de 0 a 3 a\u00f1os.","keywords":null,"keyphrases":{"focus":{"keyphrase":"Allande","score":91,"analysis":{"keyphraseInTitle":{"score":9,"maxScore":9,"error":0},"keyphraseInDescription":{"score":9,"maxScore":9,"error":0},"keyphraseLength":{"score":9,"maxScore":9,"error":0,"length":1},"keyphraseInURL":{"score":5,"maxScore":5,"error":0},"keyphraseInIntroduction":{"score":9,"maxScore":9,"error":0},"keyphraseInSubHeadings":{"score":3,"maxScore":9,"error":1},"keyphraseInImageAlt":{"score":9,"maxScore":9,"error":0},"keywordDensity":{"type":"best","score":9,"maxScore":9,"error":0}}},"additional":[{"keyphrase":"Los Ablaninos","score":100,"analysis":{"keyphraseInDescription":{"score":9,"maxScore":9,"error":0},"keyphraseLength":{"score":9,"maxScore":9,"error":0,"length":2},"keyphraseInIntroduction":{"score":9,"maxScore":9,"error":0},"keyphraseInImageAlt":{"score":9,"maxScore":9,"error":0},"keywordDensity":{"type":"best","score":9,"maxScore":9,"error":0}}}]},"primary_term":null,"canonical_url":null,"og_title":null,"og_description":null,"og_object_type":"default","og_image_type":"default","og_image_url":null,"og_image_width":null,"og_image_height":null,"og_image_custom_url":null,"og_image_custom_fields":null,"og_video":"","og_custom_url":null,"og_article_section":null,"og_article_tags":null,"twitter_use_og":false,"twitter_card":"default","twitter_image_type":"default","twitter_image_url":null,"twitter_image_custom_url":null,"twitter_image_custom_fields":null,"twitter_title":null,"twitter_description":null,"schema":{"blockGraphs":[],"customGraphs":[],"default":{"data":{"Article":[],"Course":[],"Dataset":[],"FAQPage":[],"Movie":[],"Person":[],"Product":[],"ProductReview":[],"Car":[],"Recipe":[],"Service":[],"SoftwareApplication":[],"WebPage":[]},"graphName":"Article","isEnabled":true},"graphs":[]},"schema_type":"default","schema_type_options":null,"pillar_content":false,"robots_default":true,"robots_noindex":false,"robots_noarchive":false,"robots_nosnippet":false,"robots_nofollow":false,"robots_noimageindex":false,"robots_noodp":false,"robots_notranslate":false,"robots_max_snippet":"-1","robots_max_videopreview":"-1","robots_max_imagepreview":"large","priority":null,"frequency":"default","location":null,"local_seo":null,"seo_analyzer_scan_date":"2026-02-03 19:46:56","breadcrumb_settings":null,"limit_modified_date":false,"reviewed_by":null,"open_ai":null,"ai":{"faqs":[],"keyPoints":[],"titles":[],"descriptions":[],"socialPosts":{"email":[],"linkedin":[],"twitter":[],"facebook":[],"instagram":[]}},"created":"2026-02-03 19:34:16","updated":"2026-02-03 19:57:19"},"aioseo_breadcrumb":"<div class=\"aioseo-breadcrumbs\"><span class=\"aioseo-breadcrumb\">\n\t<a href=\"https:\/\/candas365.es\/noticias\" title=\"Home\">Home<\/a>\n<\/span><span class=\"aioseo-breadcrumb-separator\">&ndash;<\/span><span class=\"aioseo-breadcrumb\">\n\t<a href=\"https:\/\/candas365.es\/noticias\/category\/asturias\/\" title=\"Asturias\">Asturias<\/a>\n<\/span><span class=\"aioseo-breadcrumb-separator\">&ndash;<\/span><span class=\"aioseo-breadcrumb\">\n\tAbre en Allande la escuelina Los Ablaninos\n<\/span><\/div>","aioseo_breadcrumb_json":[{"label":"Home","link":"https:\/\/candas365.es\/noticias"},{"label":"Asturias","link":"https:\/\/candas365.es\/noticias\/category\/asturias\/"},{"label":"Abre en Allande la escuelina Los Ablaninos","link":"https:\/\/candas365.es\/noticias\/abre-en-allande-la-escuelina-los-ablaninos\/"}],"_links":{"self":[{"href":"https:\/\/candas365.es\/noticias\/wp-json\/wp\/v2\/posts\/191746","targetHints":{"allow":["GET"]}}],"collection":[{"href":"https:\/\/candas365.es\/noticias\/wp-json\/wp\/v2\/posts"}],"about":[{"href":"https:\/\/candas365.es\/noticias\/wp-json\/wp\/v2\/types\/post"}],"author":[{"embeddable":true,"href":"https:\/\/candas365.es\/noticias\/wp-json\/wp\/v2\/users\/1"}],"replies":[{"embeddable":true,"href":"https:\/\/candas365.es\/noticias\/wp-json\/wp\/v2\/comments?post=191746"}],"version-history":[{"count":0,"href":"https:\/\/candas365.es\/noticias\/wp-json\/wp\/v2\/posts\/191746\/revisions"}],"wp:featuredmedia":[{"embeddable":true,"href":"https:\/\/candas365.es\/noticias\/wp-json\/wp\/v2\/media\/191747"}],"wp:attachment":[{"href":"https:\/\/candas365.es\/noticias\/wp-json\/wp\/v2\/media?parent=191746"}],"wp:term":[{"taxonomy":"category","embeddable":true,"href":"https:\/\/candas365.es\/noticias\/wp-json\/wp\/v2\/categories?post=191746"},{"taxonomy":"post_tag","embeddable":true,"href":"https:\/\/candas365.es\/noticias\/wp-json\/wp\/v2\/tags?post=191746"}],"curies":[{"name":"wp","href":"https:\/\/api.w.org\/{rel}","templated":true}]}}