{"id":191743,"date":"2026-02-03T20:33:14","date_gmt":"2026-02-03T19:33:14","guid":{"rendered":"https:\/\/candas365.es\/noticias\/?p=191743"},"modified":"2026-02-03T20:33:14","modified_gmt":"2026-02-03T19:33:14","slug":"asturias-duplica-sus-exportaciones","status":"publish","type":"post","link":"https:\/\/candas365.es\/noticias\/asturias-duplica-sus-exportaciones\/","title":{"rendered":"Asturias duplica sus exportaciones"},"content":{"rendered":"<p data-start=\"70\" data-end=\"246\">Las ventas exteriores del Principado de Asturias crecen un 150% desde 2006 y el n\u00famero de <a href=\"https:\/\/candas365.es\/noticias\/category\/canal-empresas\/\"><span style=\"color: #ff6600;\"><strong>empresas exportadoras<\/strong><\/span><\/a> se eleva un 112%, seg\u00fan datos oficiales.<\/p>\n<figure id=\"attachment_191744\" aria-describedby=\"caption-attachment-191744\" style=\"width: 650px\" class=\"wp-caption aligncenter\"><img fetchpriority=\"high\" decoding=\"async\" class=\"size-large wp-image-191744\" src=\"https:\/\/candas365.es\/noticias\/wp-content\/uploads\/2026\/02\/Asturias-duplica-sus-exportaciones-650x437.jpg\" alt=\"Asturias duplica sus exportaciones\" width=\"650\" height=\"437\" srcset=\"https:\/\/candas365.es\/noticias\/wp-content\/uploads\/2026\/02\/Asturias-duplica-sus-exportaciones-650x437.jpg 650w, https:\/\/candas365.es\/noticias\/wp-content\/uploads\/2026\/02\/Asturias-duplica-sus-exportaciones-360x242.jpg 360w, https:\/\/candas365.es\/noticias\/wp-content\/uploads\/2026\/02\/Asturias-duplica-sus-exportaciones-768x517.jpg 768w, https:\/\/candas365.es\/noticias\/wp-content\/uploads\/2026\/02\/Asturias-duplica-sus-exportaciones-150x101.jpg 150w, https:\/\/candas365.es\/noticias\/wp-content\/uploads\/2026\/02\/Asturias-duplica-sus-exportaciones-450x303.jpg 450w, https:\/\/candas365.es\/noticias\/wp-content\/uploads\/2026\/02\/Asturias-duplica-sus-exportaciones.jpg 1130w\" sizes=\"(max-width: 650px) 100vw, 650px\" \/><figcaption id=\"caption-attachment-191744\" class=\"wp-caption-text\">Foto: Prensa Principado de Asturias<\/figcaption><\/figure>\n<p data-start=\"253\" data-end=\"733\">Asturias ha duplicado sus exportaciones en los \u00faltimos veinte a\u00f1os, tanto en volumen de facturaci\u00f3n como en n\u00famero de empresas. Las ventas al exterior pasaron de 2.302 a 5.770 millones de euros, un incremento del 150%, mientras que las firmas que operan de forma regular en mercados internacionales aumentaron de 320 a 677, lo que supone un 112% m\u00e1s. En la actualidad, la comunidad exporta a m\u00e1s de 150 pa\u00edses y mantiene una red exterior activa en m\u00e1s de 80 mercados estrat\u00e9gicos.<\/p>\n<p data-start=\"735\" data-end=\"1156\">Estos datos fueron expuestos por el consejero de Ciencia, Industria y Empleo del <a href=\"https:\/\/actualidad.asturias.es\/\" target=\"_blank\" rel=\"noopener\"><span style=\"color: #ff6600;\"><strong>Principado<\/strong><\/span><\/a>, <strong data-start=\"813\" data-end=\"854\"><span class=\"hover:entity-accent entity-underline inline cursor-pointer align-baseline\"><span class=\"whitespace-normal\">Borja S\u00e1nchez<\/span><\/span><\/strong>, durante la inauguraci\u00f3n de la jornada Open Days organizada por la <strong data-start=\"922\" data-end=\"963\"><span class=\"hover:entity-accent entity-underline inline cursor-pointer align-baseline\"><span class=\"whitespace-normal\">Sociedad de Promoci\u00f3n Exterior (Asturex)<\/span><\/span><\/strong>, el principal evento de internacionalizaci\u00f3n dirigido a empresas y profesionales del Principado. En esta edici\u00f3n, el encuentro pone el foco en nuevos mercados de Asia, \u00c1frica y Am\u00e9rica Latina.<\/p>\n<h2 data-start=\"1158\" data-end=\"1209\">Veinte a\u00f1os de impulso a la internacionalizaci\u00f3n<\/h2>\n<p data-start=\"1211\" data-end=\"1582\">La celebraci\u00f3n de los Open Days coincide con el vig\u00e9simo aniversario de Asturex, entidad que ha desempe\u00f1ado un papel relevante en la transformaci\u00f3n del perfil exportador de Asturias. Durante el acto inaugural, tanto el consejero como el director de la entidad, <strong data-start=\"1472\" data-end=\"1513\"><span class=\"hover:entity-accent entity-underline inline cursor-pointer align-baseline\"><span class=\"whitespace-normal\">Bruno L\u00f3pez<\/span><\/span><\/strong>, subrayaron el balance positivo del trabajo desarrollado desde 2006.<\/p>\n<p data-start=\"1584\" data-end=\"1832\">En estas dos d\u00e9cadas, Asturex ha impulsado alrededor de 800 misiones comerciales y ferias internacionales y presta asesoramiento anual a cerca de medio centenar de empresas asturianas interesadas en consolidar o iniciar su presencia en el exterior.<\/p>\n<h2 data-start=\"1834\" data-end=\"1876\">Nuevos mercados y sectores estrat\u00e9gicos<\/h2>\n<p data-start=\"1878\" data-end=\"2261\">Borja S\u00e1nchez puso en valor el acompa\u00f1amiento que ofrece Asturex a las compa\u00f1\u00edas en los procesos de internacionalizaci\u00f3n, as\u00ed como su papel en la apertura de nuevos destinos para los productos y servicios del Principado. Tambi\u00e9n destac\u00f3 la necesidad de reforzar la presencia en sectores de tecnolog\u00eda avanzada, un \u00e1mbito en el que las empresas asturianas avanzan de forma progresiva.<\/p>\n<p data-start=\"2263\" data-end=\"2729\">Los Open Days 2026 re\u00fanen a m\u00e1s de 500 empresas y profesionales y cuentan con la participaci\u00f3n de una treintena de colaboradores de la red exterior y 26 consultores especializados en \u00e1reas como fiscalidad, aspectos legales, log\u00edstica o marketing digital. El programa incluye cerca de 500 reuniones, diez ponencias y sesiones centradas en herramientas tecnol\u00f3gicas y oportunidades de negocio en mercados estrat\u00e9gicos como Estados Unidos, Brasil y el Sudeste Asi\u00e1tico.<\/p>\n<p data-start=\"2731\" data-end=\"2965\" data-is-last-node=\"\" data-is-only-node=\"\">El objetivo del encuentro es acercar a las empresas exportadoras, as\u00ed como a aquellas interesadas en iniciar su actividad internacional, el conjunto de servicios que ofrece Asturex y su red global de colaboradores en origen y destino.<\/p>\n","protected":false},"excerpt":{"rendered":"<p>Las ventas exteriores del Principado de Asturias crecen un 150% desde 2006 y el n\u00famero de empresas exportadoras se eleva un 112%, seg\u00fan datos oficiales. Asturias ha duplicado sus exportaciones en los \u00faltimos veinte a\u00f1os, tanto en volumen de facturaci\u00f3n como en n\u00famero de empresas. Las ventas al exterior pasaron de 2.302 a 5.770 millones<\/p>\n","protected":false},"author":1,"featured_media":191744,"comment_status":"closed","ping_status":"closed","sticky":false,"template":"","format":"standard","meta":{"footnotes":""},"categories":[7],"tags":[380,383],"class_list":{"0":"post-191743","1":"post","2":"type-post","3":"status-publish","4":"format-standard","5":"has-post-thumbnail","7":"category-asturias","8":"tag-asturias","9":"tag-empresas"},"aioseo_notices":[],"aioseo_head":"\n\t\t<!-- All in One SEO Pro 4.9.6.2 - aioseo.com -->\n\t<meta name=\"description\" content=\"Las ventas exteriores del Principado de Asturias crecen un 150% desde 2006 y el n\u00famero de empresas exportadoras se eleva un 112%, seg\u00fan datos oficiales.\" \/>\n\t<meta name=\"robots\" content=\"max-image-preview:large\" \/>\n\t<meta name=\"author\" content=\"Cand\u00e1s 365\"\/>\n\t<meta name=\"google-site-verification\" content=\"UA-32230408-1\" \/>\n\t<meta name=\"msvalidate.01\" content=\"354F3CDFB2DA171B47FBE9ABF1F88D5\" \/>\n\t<meta name=\"keywords\" content=\"asturias\" \/>\n\t<link rel=\"canonical\" href=\"https:\/\/candas365.es\/noticias\/asturias-duplica-sus-exportaciones\/\" \/>\n\t<meta name=\"generator\" content=\"All in One SEO Pro (AIOSEO) 4.9.6.2\" \/>\n\t\t<meta property=\"og:locale\" content=\"es_ES\" \/>\n\t\t<meta property=\"og:site_name\" content=\"Cand\u00e1s 365\" \/>\n\t\t<meta property=\"og:type\" content=\"article\" \/>\n\t\t<meta property=\"og:title\" content=\"Asturias duplica sus exportaciones | Cand\u00e1s 365\" \/>\n\t\t<meta property=\"og:description\" content=\"Las ventas exteriores del Principado de Asturias crecen un 150% desde 2006 y el n\u00famero de empresas exportadoras se eleva un 112%, seg\u00fan datos oficiales.\" \/>\n\t\t<meta property=\"og:url\" content=\"https:\/\/candas365.es\/noticias\/asturias-duplica-sus-exportaciones\/\" \/>\n\t\t<meta property=\"og:image\" content=\"https:\/\/candas365.es\/noticias\/wp-content\/uploads\/2026\/02\/Asturias-duplica-sus-exportaciones.jpg\" \/>\n\t\t<meta property=\"og:image:secure_url\" content=\"https:\/\/candas365.es\/noticias\/wp-content\/uploads\/2026\/02\/Asturias-duplica-sus-exportaciones.jpg\" \/>\n\t\t<meta property=\"og:image:width\" content=\"1130\" \/>\n\t\t<meta property=\"og:image:height\" content=\"760\" \/>\n\t\t<meta property=\"article:published_time\" content=\"2026-02-03T19:33:14+00:00\" \/>\n\t\t<meta property=\"article:modified_time\" content=\"2026-02-03T19:33:14+00:00\" \/>\n\t\t<meta property=\"article:publisher\" content=\"https:\/\/www.facebook.com\/Nachofdezber\" \/>\n\t\t<meta property=\"article:author\" content=\"https:\/\/www.facebook.com\/carrenoactualidad\" \/>\n\t\t<meta name=\"twitter:card\" content=\"summary_large_image\" \/>\n\t\t<meta name=\"twitter:site\" content=\"@NabercoDigital\" \/>\n\t\t<meta name=\"twitter:title\" content=\"Asturias duplica sus exportaciones | Cand\u00e1s 365\" \/>\n\t\t<meta name=\"twitter:description\" content=\"Las ventas exteriores del Principado de Asturias crecen un 150% desde 2006 y el n\u00famero de empresas exportadoras se eleva un 112%, seg\u00fan datos oficiales.\" \/>\n\t\t<meta name=\"twitter:creator\" content=\"@nbasturias\" \/>\n\t\t<meta name=\"twitter:image\" content=\"https:\/\/candas365.es\/noticias\/wp-content\/uploads\/2026\/02\/Asturias-duplica-sus-exportaciones.jpg\" \/>\n\t\t<meta name=\"twitter:label1\" content=\"Escrito por\" \/>\n\t\t<meta name=\"twitter:data1\" content=\"Cand\u00e1s 365\" \/>\n\t\t<meta name=\"twitter:label2\" content=\"Tiempo de lectura estimado\" \/>\n\t\t<meta name=\"twitter:data2\" content=\"2 minutos\" \/>\n\t\t<script type=\"application\/ld+json\" class=\"aioseo-schema\">\n\t\t\t{\"@context\":\"https:\\\/\\\/schema.org\",\"@graph\":[{\"@type\":\"BreadcrumbList\",\"@id\":\"https:\\\/\\\/candas365.es\\\/noticias\\\/asturias-duplica-sus-exportaciones\\\/#breadcrumblist\",\"itemListElement\":[{\"@type\":\"ListItem\",\"@id\":\"https:\\\/\\\/candas365.es\\\/noticias#listItem\",\"position\":1,\"name\":\"Home\",\"item\":\"https:\\\/\\\/candas365.es\\\/noticias\",\"nextItem\":{\"@type\":\"ListItem\",\"@id\":\"https:\\\/\\\/candas365.es\\\/noticias\\\/category\\\/asturias\\\/#listItem\",\"name\":\"Asturias\"}},{\"@type\":\"ListItem\",\"@id\":\"https:\\\/\\\/candas365.es\\\/noticias\\\/category\\\/asturias\\\/#listItem\",\"position\":2,\"name\":\"Asturias\",\"item\":\"https:\\\/\\\/candas365.es\\\/noticias\\\/category\\\/asturias\\\/\",\"nextItem\":{\"@type\":\"ListItem\",\"@id\":\"https:\\\/\\\/candas365.es\\\/noticias\\\/asturias-duplica-sus-exportaciones\\\/#listItem\",\"name\":\"Asturias duplica sus exportaciones\"},\"previousItem\":{\"@type\":\"ListItem\",\"@id\":\"https:\\\/\\\/candas365.es\\\/noticias#listItem\",\"name\":\"Home\"}},{\"@type\":\"ListItem\",\"@id\":\"https:\\\/\\\/candas365.es\\\/noticias\\\/asturias-duplica-sus-exportaciones\\\/#listItem\",\"position\":3,\"name\":\"Asturias duplica sus exportaciones\",\"previousItem\":{\"@type\":\"ListItem\",\"@id\":\"https:\\\/\\\/candas365.es\\\/noticias\\\/category\\\/asturias\\\/#listItem\",\"name\":\"Asturias\"}}]},{\"@type\":\"NewsArticle\",\"@id\":\"https:\\\/\\\/candas365.es\\\/noticias\\\/asturias-duplica-sus-exportaciones\\\/#newsarticle\",\"name\":\"Asturias duplica sus exportaciones | Cand\\u00e1s 365\",\"headline\":\"Asturias duplica sus exportaciones\",\"author\":{\"@id\":\"https:\\\/\\\/candas365.es\\\/noticias\\\/author\\\/admin\\\/#author\"},\"publisher\":{\"@id\":\"https:\\\/\\\/candas365.es\\\/noticias\\\/#organization\"},\"image\":{\"@type\":\"ImageObject\",\"url\":\"https:\\\/\\\/candas365.es\\\/noticias\\\/wp-content\\\/uploads\\\/2026\\\/02\\\/Asturias-duplica-sus-exportaciones.jpg\",\"width\":1130,\"height\":760,\"caption\":\"Foto: Prensa Principado de Asturias\"},\"datePublished\":\"2026-02-03T20:33:14+01:00\",\"dateModified\":\"2026-02-03T20:33:14+01:00\",\"inLanguage\":\"es-ES\",\"mainEntityOfPage\":{\"@id\":\"https:\\\/\\\/candas365.es\\\/noticias\\\/asturias-duplica-sus-exportaciones\\\/#webpage\"},\"isPartOf\":{\"@id\":\"https:\\\/\\\/candas365.es\\\/noticias\\\/asturias-duplica-sus-exportaciones\\\/#webpage\"},\"articleSection\":\"Asturias, Asturias, empresas\",\"dateline\":\"Publicado el febrero 3, 2026.\"},{\"@type\":\"Organization\",\"@id\":\"https:\\\/\\\/candas365.es\\\/noticias\\\/#organization\",\"name\":\"Cand\\u00e1s 365\",\"description\":\"Cand\\u00e1s 365 es un diario digital independiente, fundado en 2012, con base en Asturias. Informamos con rigor sobre actualidad, sociedad, cultura y ocio, con una mirada local y global.\",\"url\":\"https:\\\/\\\/candas365.es\\\/noticias\\\/\",\"email\":\"info@candas365.es\",\"telephone\":\"+34652131393\",\"foundingDate\":\"2012-06-10\",\"logo\":{\"@type\":\"ImageObject\",\"url\":\"https:\\\/\\\/candas365.es\\\/noticias\\\/wp-content\\\/uploads\\\/2024\\\/09\\\/Candas-365-Redes.jpg\",\"@id\":\"https:\\\/\\\/candas365.es\\\/noticias\\\/asturias-duplica-sus-exportaciones\\\/#organizationLogo\",\"width\":1152,\"height\":864,\"caption\":\"Cand\\u00e1s 365 Redes\"},\"image\":{\"@id\":\"https:\\\/\\\/candas365.es\\\/noticias\\\/asturias-duplica-sus-exportaciones\\\/#organizationLogo\"},\"sameAs\":[\"https:\\\/\\\/www.facebook.com\\\/Nachofdezber\",\"https:\\\/\\\/x.com\\\/NabercoDigital\",\"https:\\\/\\\/www.instagram.com\\\/nachofdezber\\\/\",\"https:\\\/\\\/www.youtube.com\\\/channel\\\/UCZP-2wLEB9Rv6erhFmqVnvg\"],\"address\":{\"@id\":\"https:\\\/\\\/candas365.es\\\/noticias\\\/#postaladdress\",\"@type\":\"PostalAddress\",\"streetAddress\":\"san antonio 4, san antonio 4\",\"postalCode\":\"33430\",\"addressLocality\":\"Cand\\u00e1s\",\"addressRegion\":\"Asturias\",\"addressCountry\":\"ES\"}},{\"@type\":\"Person\",\"@id\":\"https:\\\/\\\/candas365.es\\\/noticias\\\/author\\\/admin\\\/#author\",\"url\":\"https:\\\/\\\/candas365.es\\\/noticias\\\/author\\\/admin\\\/\",\"name\":\"Cand\\u00e1s 365\",\"image\":{\"@type\":\"ImageObject\",\"@id\":\"https:\\\/\\\/candas365.es\\\/noticias\\\/asturias-duplica-sus-exportaciones\\\/#authorImage\",\"url\":\"https:\\\/\\\/secure.gravatar.com\\\/avatar\\\/496a8e03d0c493ede1718b7934145dbdf8d89be1036b0eec9544e1094c9de390?s=96&d=mm&r=g\",\"width\":96,\"height\":96,\"caption\":\"Cand\\u00e1s 365\"},\"sameAs\":[\"https:\\\/\\\/www.facebook.com\\\/carrenoactualidad\",\"https:\\\/\\\/twitter.com\\\/nbasturias\",\"https:\\\/\\\/www.instagram.com\\\/nachofdezber\\\/\",\"https:\\\/\\\/www.youtube.com\\\/channel\\\/UCZP-2wLEB9Rv6erhFmqVnvg\"]},{\"@type\":\"WebPage\",\"@id\":\"https:\\\/\\\/candas365.es\\\/noticias\\\/asturias-duplica-sus-exportaciones\\\/#webpage\",\"url\":\"https:\\\/\\\/candas365.es\\\/noticias\\\/asturias-duplica-sus-exportaciones\\\/\",\"name\":\"Asturias duplica sus exportaciones | Cand\\u00e1s 365\",\"description\":\"Las ventas exteriores del Principado de Asturias crecen un 150% desde 2006 y el n\\u00famero de empresas exportadoras se eleva un 112%, seg\\u00fan datos oficiales.\",\"inLanguage\":\"es-ES\",\"isPartOf\":{\"@id\":\"https:\\\/\\\/candas365.es\\\/noticias\\\/#website\"},\"breadcrumb\":{\"@id\":\"https:\\\/\\\/candas365.es\\\/noticias\\\/asturias-duplica-sus-exportaciones\\\/#breadcrumblist\"},\"author\":{\"@id\":\"https:\\\/\\\/candas365.es\\\/noticias\\\/author\\\/admin\\\/#author\"},\"creator\":{\"@id\":\"https:\\\/\\\/candas365.es\\\/noticias\\\/author\\\/admin\\\/#author\"},\"image\":{\"@type\":\"ImageObject\",\"url\":\"https:\\\/\\\/candas365.es\\\/noticias\\\/wp-content\\\/uploads\\\/2026\\\/02\\\/Asturias-duplica-sus-exportaciones.jpg\",\"@id\":\"https:\\\/\\\/candas365.es\\\/noticias\\\/asturias-duplica-sus-exportaciones\\\/#mainImage\",\"width\":1130,\"height\":760,\"caption\":\"Foto: Prensa Principado de Asturias\"},\"primaryImageOfPage\":{\"@id\":\"https:\\\/\\\/candas365.es\\\/noticias\\\/asturias-duplica-sus-exportaciones\\\/#mainImage\"},\"datePublished\":\"2026-02-03T20:33:14+01:00\",\"dateModified\":\"2026-02-03T20:33:14+01:00\"},{\"@type\":\"WebSite\",\"@id\":\"https:\\\/\\\/candas365.es\\\/noticias\\\/#website\",\"url\":\"https:\\\/\\\/candas365.es\\\/noticias\\\/\",\"name\":\"Cand\\u00e1s 365\",\"alternateName\":\"Cand\\u00e1s 365 Noticias\",\"description\":\"Actualidad desde Carre\\u00f1o para el mundo\",\"inLanguage\":\"es-ES\",\"publisher\":{\"@id\":\"https:\\\/\\\/candas365.es\\\/noticias\\\/#organization\"}}]}\n\t\t<\/script>\n\t\t<!-- All in One SEO Pro -->\r\n\t\t<title>Asturias duplica sus exportaciones | Cand\u00e1s 365<\/title>\n\n","aioseo_head_json":{"title":"Asturias duplica sus exportaciones | Cand\u00e1s 365","description":"Las ventas exteriores del Principado de Asturias crecen un 150% desde 2006 y el n\u00famero de empresas exportadoras se eleva un 112%, seg\u00fan datos oficiales.","canonical_url":"https:\/\/candas365.es\/noticias\/asturias-duplica-sus-exportaciones\/","robots":"max-image-preview:large","keywords":"asturias","webmasterTools":{"google-site-verification":"UA-32230408-1","msvalidate.01":"354F3CDFB2DA171B47FBE9ABF1F88D5","miscellaneous":""},"schema":{"@context":"https:\/\/schema.org","@graph":[{"@type":"BreadcrumbList","@id":"https:\/\/candas365.es\/noticias\/asturias-duplica-sus-exportaciones\/#breadcrumblist","itemListElement":[{"@type":"ListItem","@id":"https:\/\/candas365.es\/noticias#listItem","position":1,"name":"Home","item":"https:\/\/candas365.es\/noticias","nextItem":{"@type":"ListItem","@id":"https:\/\/candas365.es\/noticias\/category\/asturias\/#listItem","name":"Asturias"}},{"@type":"ListItem","@id":"https:\/\/candas365.es\/noticias\/category\/asturias\/#listItem","position":2,"name":"Asturias","item":"https:\/\/candas365.es\/noticias\/category\/asturias\/","nextItem":{"@type":"ListItem","@id":"https:\/\/candas365.es\/noticias\/asturias-duplica-sus-exportaciones\/#listItem","name":"Asturias duplica sus exportaciones"},"previousItem":{"@type":"ListItem","@id":"https:\/\/candas365.es\/noticias#listItem","name":"Home"}},{"@type":"ListItem","@id":"https:\/\/candas365.es\/noticias\/asturias-duplica-sus-exportaciones\/#listItem","position":3,"name":"Asturias duplica sus exportaciones","previousItem":{"@type":"ListItem","@id":"https:\/\/candas365.es\/noticias\/category\/asturias\/#listItem","name":"Asturias"}}]},{"@type":"NewsArticle","@id":"https:\/\/candas365.es\/noticias\/asturias-duplica-sus-exportaciones\/#newsarticle","name":"Asturias duplica sus exportaciones | Cand\u00e1s 365","headline":"Asturias duplica sus exportaciones","author":{"@id":"https:\/\/candas365.es\/noticias\/author\/admin\/#author"},"publisher":{"@id":"https:\/\/candas365.es\/noticias\/#organization"},"image":{"@type":"ImageObject","url":"https:\/\/candas365.es\/noticias\/wp-content\/uploads\/2026\/02\/Asturias-duplica-sus-exportaciones.jpg","width":1130,"height":760,"caption":"Foto: Prensa Principado de Asturias"},"datePublished":"2026-02-03T20:33:14+01:00","dateModified":"2026-02-03T20:33:14+01:00","inLanguage":"es-ES","mainEntityOfPage":{"@id":"https:\/\/candas365.es\/noticias\/asturias-duplica-sus-exportaciones\/#webpage"},"isPartOf":{"@id":"https:\/\/candas365.es\/noticias\/asturias-duplica-sus-exportaciones\/#webpage"},"articleSection":"Asturias, Asturias, empresas","dateline":"Publicado el febrero 3, 2026."},{"@type":"Organization","@id":"https:\/\/candas365.es\/noticias\/#organization","name":"Cand\u00e1s 365","description":"Cand\u00e1s 365 es un diario digital independiente, fundado en 2012, con base en Asturias. Informamos con rigor sobre actualidad, sociedad, cultura y ocio, con una mirada local y global.","url":"https:\/\/candas365.es\/noticias\/","email":"info@candas365.es","telephone":"+34652131393","foundingDate":"2012-06-10","logo":{"@type":"ImageObject","url":"https:\/\/candas365.es\/noticias\/wp-content\/uploads\/2024\/09\/Candas-365-Redes.jpg","@id":"https:\/\/candas365.es\/noticias\/asturias-duplica-sus-exportaciones\/#organizationLogo","width":1152,"height":864,"caption":"Cand\u00e1s 365 Redes"},"image":{"@id":"https:\/\/candas365.es\/noticias\/asturias-duplica-sus-exportaciones\/#organizationLogo"},"sameAs":["https:\/\/www.facebook.com\/Nachofdezber","https:\/\/x.com\/NabercoDigital","https:\/\/www.instagram.com\/nachofdezber\/","https:\/\/www.youtube.com\/channel\/UCZP-2wLEB9Rv6erhFmqVnvg"],"address":{"@id":"https:\/\/candas365.es\/noticias\/#postaladdress","@type":"PostalAddress","streetAddress":"san antonio 4, san antonio 4","postalCode":"33430","addressLocality":"Cand\u00e1s","addressRegion":"Asturias","addressCountry":"ES"}},{"@type":"Person","@id":"https:\/\/candas365.es\/noticias\/author\/admin\/#author","url":"https:\/\/candas365.es\/noticias\/author\/admin\/","name":"Cand\u00e1s 365","image":{"@type":"ImageObject","@id":"https:\/\/candas365.es\/noticias\/asturias-duplica-sus-exportaciones\/#authorImage","url":"https:\/\/secure.gravatar.com\/avatar\/496a8e03d0c493ede1718b7934145dbdf8d89be1036b0eec9544e1094c9de390?s=96&d=mm&r=g","width":96,"height":96,"caption":"Cand\u00e1s 365"},"sameAs":["https:\/\/www.facebook.com\/carrenoactualidad","https:\/\/twitter.com\/nbasturias","https:\/\/www.instagram.com\/nachofdezber\/","https:\/\/www.youtube.com\/channel\/UCZP-2wLEB9Rv6erhFmqVnvg"]},{"@type":"WebPage","@id":"https:\/\/candas365.es\/noticias\/asturias-duplica-sus-exportaciones\/#webpage","url":"https:\/\/candas365.es\/noticias\/asturias-duplica-sus-exportaciones\/","name":"Asturias duplica sus exportaciones | Cand\u00e1s 365","description":"Las ventas exteriores del Principado de Asturias crecen un 150% desde 2006 y el n\u00famero de empresas exportadoras se eleva un 112%, seg\u00fan datos oficiales.","inLanguage":"es-ES","isPartOf":{"@id":"https:\/\/candas365.es\/noticias\/#website"},"breadcrumb":{"@id":"https:\/\/candas365.es\/noticias\/asturias-duplica-sus-exportaciones\/#breadcrumblist"},"author":{"@id":"https:\/\/candas365.es\/noticias\/author\/admin\/#author"},"creator":{"@id":"https:\/\/candas365.es\/noticias\/author\/admin\/#author"},"image":{"@type":"ImageObject","url":"https:\/\/candas365.es\/noticias\/wp-content\/uploads\/2026\/02\/Asturias-duplica-sus-exportaciones.jpg","@id":"https:\/\/candas365.es\/noticias\/asturias-duplica-sus-exportaciones\/#mainImage","width":1130,"height":760,"caption":"Foto: Prensa Principado de Asturias"},"primaryImageOfPage":{"@id":"https:\/\/candas365.es\/noticias\/asturias-duplica-sus-exportaciones\/#mainImage"},"datePublished":"2026-02-03T20:33:14+01:00","dateModified":"2026-02-03T20:33:14+01:00"},{"@type":"WebSite","@id":"https:\/\/candas365.es\/noticias\/#website","url":"https:\/\/candas365.es\/noticias\/","name":"Cand\u00e1s 365","alternateName":"Cand\u00e1s 365 Noticias","description":"Actualidad desde Carre\u00f1o para el mundo","inLanguage":"es-ES","publisher":{"@id":"https:\/\/candas365.es\/noticias\/#organization"}}]},"og:locale":"es_ES","og:site_name":"Cand\u00e1s 365","og:type":"article","og:title":"Asturias duplica sus exportaciones | Cand\u00e1s 365","og:description":"Las ventas exteriores del Principado de Asturias crecen un 150% desde 2006 y el n\u00famero de empresas exportadoras se eleva un 112%, seg\u00fan datos oficiales.","og:url":"https:\/\/candas365.es\/noticias\/asturias-duplica-sus-exportaciones\/","og:image":"https:\/\/candas365.es\/noticias\/wp-content\/uploads\/2026\/02\/Asturias-duplica-sus-exportaciones.jpg","og:image:secure_url":"https:\/\/candas365.es\/noticias\/wp-content\/uploads\/2026\/02\/Asturias-duplica-sus-exportaciones.jpg","og:image:width":1130,"og:image:height":760,"article:published_time":"2026-02-03T19:33:14+00:00","article:modified_time":"2026-02-03T19:33:14+00:00","article:publisher":"https:\/\/www.facebook.com\/Nachofdezber","article:author":"https:\/\/www.facebook.com\/carrenoactualidad","twitter:card":"summary_large_image","twitter:site":"@NabercoDigital","twitter:title":"Asturias duplica sus exportaciones | Cand\u00e1s 365","twitter:description":"Las ventas exteriores del Principado de Asturias crecen un 150% desde 2006 y el n\u00famero de empresas exportadoras se eleva un 112%, seg\u00fan datos oficiales.","twitter:creator":"@nbasturias","twitter:image":"https:\/\/candas365.es\/noticias\/wp-content\/uploads\/2026\/02\/Asturias-duplica-sus-exportaciones.jpg","twitter:label1":"Escrito por","twitter:data1":"Cand\u00e1s 365","twitter:label2":"Tiempo de lectura estimado","twitter:data2":"2 minutos"},"aioseo_meta_data":{"post_id":"191743","title":null,"description":"Las ventas exteriores del Principado de Asturias crecen un 150% desde 2006 y el n\u00famero de empresas exportadoras se eleva un 112%, seg\u00fan datos oficiales.","keywords":null,"keyphrases":{"focus":{"keyphrase":"Asturias","score":91,"analysis":{"keyphraseInTitle":{"score":9,"maxScore":9,"error":0},"keyphraseInDescription":{"score":9,"maxScore":9,"error":0},"keyphraseLength":{"score":9,"maxScore":9,"error":0,"length":1},"keyphraseInURL":{"score":5,"maxScore":5,"error":0},"keyphraseInIntroduction":{"score":9,"maxScore":9,"error":0},"keyphraseInSubHeadings":{"score":3,"maxScore":9,"error":1},"keyphraseInImageAlt":{"score":9,"maxScore":9,"error":0},"keywordDensity":{"type":"best","score":9,"maxScore":9,"error":0}}},"additional":[]},"primary_term":null,"canonical_url":null,"og_title":null,"og_description":null,"og_object_type":"default","og_image_type":"default","og_image_url":null,"og_image_width":null,"og_image_height":null,"og_image_custom_url":null,"og_image_custom_fields":null,"og_video":"","og_custom_url":null,"og_article_section":null,"og_article_tags":null,"twitter_use_og":false,"twitter_card":"default","twitter_image_type":"default","twitter_image_url":null,"twitter_image_custom_url":null,"twitter_image_custom_fields":null,"twitter_title":null,"twitter_description":null,"schema":{"blockGraphs":[],"customGraphs":[],"default":{"data":{"Article":[],"Course":[],"Dataset":[],"FAQPage":[],"Movie":[],"Person":[],"Product":[],"ProductReview":[],"Car":[],"Recipe":[],"Service":[],"SoftwareApplication":[],"WebPage":[]},"graphName":"Article","isEnabled":true},"graphs":[]},"schema_type":"default","schema_type_options":null,"pillar_content":false,"robots_default":true,"robots_noindex":false,"robots_noarchive":false,"robots_nosnippet":false,"robots_nofollow":false,"robots_noimageindex":false,"robots_noodp":false,"robots_notranslate":false,"robots_max_snippet":"-1","robots_max_videopreview":"-1","robots_max_imagepreview":"large","priority":null,"frequency":"default","location":null,"local_seo":null,"seo_analyzer_scan_date":"2026-02-03 19:44:27","breadcrumb_settings":null,"limit_modified_date":false,"reviewed_by":null,"open_ai":null,"ai":{"faqs":[],"keyPoints":[],"titles":[],"descriptions":[],"socialPosts":{"email":[],"linkedin":[],"twitter":[],"facebook":[],"instagram":[]}},"created":"2026-02-03 19:28:12","updated":"2026-02-03 19:44:27"},"aioseo_breadcrumb":"<div class=\"aioseo-breadcrumbs\"><span class=\"aioseo-breadcrumb\">\n\t<a href=\"https:\/\/candas365.es\/noticias\" title=\"Home\">Home<\/a>\n<\/span><span class=\"aioseo-breadcrumb-separator\">&ndash;<\/span><span class=\"aioseo-breadcrumb\">\n\t<a href=\"https:\/\/candas365.es\/noticias\/category\/asturias\/\" title=\"Asturias\">Asturias<\/a>\n<\/span><span class=\"aioseo-breadcrumb-separator\">&ndash;<\/span><span class=\"aioseo-breadcrumb\">\n\tAsturias duplica sus exportaciones\n<\/span><\/div>","aioseo_breadcrumb_json":[{"label":"Home","link":"https:\/\/candas365.es\/noticias"},{"label":"Asturias","link":"https:\/\/candas365.es\/noticias\/category\/asturias\/"},{"label":"Asturias duplica sus exportaciones","link":"https:\/\/candas365.es\/noticias\/asturias-duplica-sus-exportaciones\/"}],"_links":{"self":[{"href":"https:\/\/candas365.es\/noticias\/wp-json\/wp\/v2\/posts\/191743","targetHints":{"allow":["GET"]}}],"collection":[{"href":"https:\/\/candas365.es\/noticias\/wp-json\/wp\/v2\/posts"}],"about":[{"href":"https:\/\/candas365.es\/noticias\/wp-json\/wp\/v2\/types\/post"}],"author":[{"embeddable":true,"href":"https:\/\/candas365.es\/noticias\/wp-json\/wp\/v2\/users\/1"}],"replies":[{"embeddable":true,"href":"https:\/\/candas365.es\/noticias\/wp-json\/wp\/v2\/comments?post=191743"}],"version-history":[{"count":0,"href":"https:\/\/candas365.es\/noticias\/wp-json\/wp\/v2\/posts\/191743\/revisions"}],"wp:featuredmedia":[{"embeddable":true,"href":"https:\/\/candas365.es\/noticias\/wp-json\/wp\/v2\/media\/191744"}],"wp:attachment":[{"href":"https:\/\/candas365.es\/noticias\/wp-json\/wp\/v2\/media?parent=191743"}],"wp:term":[{"taxonomy":"category","embeddable":true,"href":"https:\/\/candas365.es\/noticias\/wp-json\/wp\/v2\/categories?post=191743"},{"taxonomy":"post_tag","embeddable":true,"href":"https:\/\/candas365.es\/noticias\/wp-json\/wp\/v2\/tags?post=191743"}],"curies":[{"name":"wp","href":"https:\/\/api.w.org\/{rel}","templated":true}]}}