{"id":191600,"date":"2026-01-30T23:37:58","date_gmt":"2026-01-30T22:37:58","guid":{"rendered":"https:\/\/candas365.es\/noticias\/?p=191600"},"modified":"2026-01-30T23:37:58","modified_gmt":"2026-01-30T22:37:58","slug":"el-coste-de-la-vida-en-alemania-volvio-a-subir","status":"publish","type":"post","link":"https:\/\/candas365.es\/noticias\/el-coste-de-la-vida-en-alemania-volvio-a-subir\/","title":{"rendered":"El coste de la vida en Alemania volvi\u00f3 a subir"},"content":{"rendered":"<p>Wiesbaden (Alemania), 30 ene (<a href=\"https:\/\/www.dpa-news.de\/\" target=\"_blank\" rel=\"noopener\"><span style=\"color: #ff6600;\"><strong>dpa<\/strong><\/span><\/a>) &#8211; El coste de la vida en <a href=\"https:\/\/candas365.es\/noticias\/category\/internacional\/\"><span style=\"color: #ff6600;\"><strong>Alemania<\/strong><\/span><\/a> volvi\u00f3 a subir a principios del nuevo a\u00f1o, con una inflaci\u00f3n del 2,1 % en enero con respecto al mismo mes del a\u00f1o anterior, seg\u00fan datos preliminares de la Oficina Federal de Estad\u00edstica (Destatis).<\/p>\n<figure id=\"attachment_191601\" aria-describedby=\"caption-attachment-191601\" style=\"width: 650px\" class=\"wp-caption aligncenter\"><img fetchpriority=\"high\" decoding=\"async\" class=\"size-large wp-image-191601\" src=\"https:\/\/candas365.es\/noticias\/wp-content\/uploads\/2026\/01\/El-coste-de-la-vida-en-Alemania-volvio-a-subir-650x454.jpg\" alt=\"El coste de la vida en Alemania volvi\u00f3 a subir\" width=\"650\" height=\"454\" srcset=\"https:\/\/candas365.es\/noticias\/wp-content\/uploads\/2026\/01\/El-coste-de-la-vida-en-Alemania-volvio-a-subir-650x454.jpg 650w, https:\/\/candas365.es\/noticias\/wp-content\/uploads\/2026\/01\/El-coste-de-la-vida-en-Alemania-volvio-a-subir-360x251.jpg 360w, https:\/\/candas365.es\/noticias\/wp-content\/uploads\/2026\/01\/El-coste-de-la-vida-en-Alemania-volvio-a-subir-768x536.jpg 768w, https:\/\/candas365.es\/noticias\/wp-content\/uploads\/2026\/01\/El-coste-de-la-vida-en-Alemania-volvio-a-subir-150x105.jpg 150w, https:\/\/candas365.es\/noticias\/wp-content\/uploads\/2026\/01\/El-coste-de-la-vida-en-Alemania-volvio-a-subir-450x314.jpg 450w, https:\/\/candas365.es\/noticias\/wp-content\/uploads\/2026\/01\/El-coste-de-la-vida-en-Alemania-volvio-a-subir.jpg 1184w\" sizes=\"(max-width: 650px) 100vw, 650px\" \/><figcaption id=\"caption-attachment-191601\" class=\"wp-caption-text\">Foto: 123rf.com<\/figcaption><\/figure>\n<p>En diciembre, la entidad registr\u00f3 una inflaci\u00f3n interanual del 1,8 %.<\/p>\n<p>A principios de a\u00f1o, los precios de los alimentos, en particular, experimentaron un aumento significativo. Los servicios tambi\u00e9n continuaron impulsando el alza de precios en enero, con un incremento superior a la media, del 3,2 %.<\/p>\n<p>La reducci\u00f3n del IVA para restaurantes y caf\u00e9s del 19% al 7% implementada por el Gobierno no ha hecho bajar los precios de la hosteler\u00eda por el momento, tal y como advirti\u00f3 el sector, que adelant\u00f3 que la usar\u00eda para enfrentar sus altos costos.<\/p>\n<p>Destatis tambi\u00e9n comunic\u00f3 hoy que, de diciembre de 2025 a enero de 2026, los precios al consumidor aumentaron un 0,1 %.<\/p>\n<p>Respecto a los precios de la energ\u00eda, la informaci\u00f3n de Destatis ofreci\u00f3 cierto alivio, ya que estos fueron un 1,7 % m\u00e1s baratos en enero que el a\u00f1o anterior. En diciembre, los precios de la energ\u00eda hab\u00edan sido un 1,3 % inferiores al nivel del mismo mes del a\u00f1o anterior.<\/p>\n<p>Seg\u00fan el presidente del banco central alem\u00e1n (Bundesbank), Joachim Nagel, la tasa de inflaci\u00f3n en Alemania podr\u00eda situarse durante algunos meses este a\u00f1o por debajo del objetivo del 2 % fijado por el Banco Central Europeo.<\/p>\n<p>Sin embargo, los economistas creen que hay buenas razones para esperar que la inflaci\u00f3n se mantenga por encima del objetivo durante todo 2026. El aumento del salario m\u00ednimo se considera un factor impulsor del alza de precios.<\/p>\n<p>Tras a\u00f1os de volatilidad relacionados con la pandemia de coronavirus y la invasi\u00f3n rusa de Ucrania, la tasa de inflaci\u00f3n alemana se situ\u00f3 en el 2,2% tanto en 2024 como en 2025.<\/p>\n","protected":false},"excerpt":{"rendered":"<p>Wiesbaden (Alemania), 30 ene (dpa) &#8211; El coste de la vida en Alemania volvi\u00f3 a subir a principios del nuevo a\u00f1o, con una inflaci\u00f3n del 2,1 % en enero con respecto al mismo mes del a\u00f1o anterior, seg\u00fan datos preliminares de la Oficina Federal de Estad\u00edstica (Destatis). En diciembre, la entidad registr\u00f3 una inflaci\u00f3n interanual<\/p>\n","protected":false},"author":1,"featured_media":191601,"comment_status":"closed","ping_status":"closed","sticky":false,"template":"","format":"standard","meta":{"footnotes":""},"categories":[486],"tags":[],"class_list":{"0":"post-191600","1":"post","2":"type-post","3":"status-publish","4":"format-standard","5":"has-post-thumbnail","7":"category-economia"},"aioseo_notices":[],"aioseo_head":"\n\t\t<!-- All in One SEO Pro 4.9.6.2 - aioseo.com -->\n\t<meta name=\"description\" content=\"Wiesbaden (Alemania), 30 ene (dpa) - El coste de la vida en Alemania volvi\u00f3 a subir a principios del nuevo a\u00f1o, con una inflaci\u00f3n del 2,1 % en enero\" \/>\n\t<meta name=\"robots\" content=\"max-image-preview:large\" \/>\n\t<meta name=\"author\" content=\"Cand\u00e1s 365\"\/>\n\t<meta name=\"google-site-verification\" content=\"UA-32230408-1\" \/>\n\t<meta name=\"msvalidate.01\" content=\"354F3CDFB2DA171B47FBE9ABF1F88D5\" \/>\n\t<meta name=\"keywords\" content=\"econom\u00eda\" \/>\n\t<link rel=\"canonical\" href=\"https:\/\/candas365.es\/noticias\/el-coste-de-la-vida-en-alemania-volvio-a-subir\/\" \/>\n\t<meta name=\"generator\" content=\"All in One SEO Pro (AIOSEO) 4.9.6.2\" \/>\n\t\t<meta property=\"og:locale\" content=\"es_ES\" \/>\n\t\t<meta property=\"og:site_name\" content=\"Cand\u00e1s 365\" \/>\n\t\t<meta property=\"og:type\" content=\"article\" \/>\n\t\t<meta property=\"og:title\" content=\"El coste de la vida en Alemania volvi\u00f3 a subir | Cand\u00e1s 365\" \/>\n\t\t<meta property=\"og:description\" content=\"Wiesbaden (Alemania), 30 ene (dpa) - El coste de la vida en Alemania volvi\u00f3 a subir a principios del nuevo a\u00f1o, con una inflaci\u00f3n del 2,1 % en enero\" \/>\n\t\t<meta property=\"og:url\" content=\"https:\/\/candas365.es\/noticias\/el-coste-de-la-vida-en-alemania-volvio-a-subir\/\" \/>\n\t\t<meta property=\"og:image\" content=\"https:\/\/candas365.es\/noticias\/wp-content\/uploads\/2026\/01\/El-coste-de-la-vida-en-Alemania-volvio-a-subir.jpg\" \/>\n\t\t<meta property=\"og:image:secure_url\" content=\"https:\/\/candas365.es\/noticias\/wp-content\/uploads\/2026\/01\/El-coste-de-la-vida-en-Alemania-volvio-a-subir.jpg\" \/>\n\t\t<meta property=\"og:image:width\" content=\"1184\" \/>\n\t\t<meta property=\"og:image:height\" content=\"827\" \/>\n\t\t<meta property=\"article:published_time\" content=\"2026-01-30T22:37:58+00:00\" \/>\n\t\t<meta property=\"article:modified_time\" content=\"2026-01-30T22:37:58+00:00\" \/>\n\t\t<meta property=\"article:publisher\" content=\"https:\/\/www.facebook.com\/Nachofdezber\" \/>\n\t\t<meta property=\"article:author\" content=\"https:\/\/www.facebook.com\/carrenoactualidad\" \/>\n\t\t<meta name=\"twitter:card\" content=\"summary_large_image\" \/>\n\t\t<meta name=\"twitter:site\" content=\"@NabercoDigital\" \/>\n\t\t<meta name=\"twitter:title\" content=\"El coste de la vida en Alemania volvi\u00f3 a subir | Cand\u00e1s 365\" \/>\n\t\t<meta name=\"twitter:description\" content=\"Wiesbaden (Alemania), 30 ene (dpa) - El coste de la vida en Alemania volvi\u00f3 a subir a principios del nuevo a\u00f1o, con una inflaci\u00f3n del 2,1 % en enero\" \/>\n\t\t<meta name=\"twitter:creator\" content=\"@nbasturias\" \/>\n\t\t<meta name=\"twitter:image\" content=\"https:\/\/candas365.es\/noticias\/wp-content\/uploads\/2026\/01\/El-coste-de-la-vida-en-Alemania-volvio-a-subir.jpg\" \/>\n\t\t<meta name=\"twitter:label1\" content=\"Escrito por\" \/>\n\t\t<meta name=\"twitter:data1\" content=\"Cand\u00e1s 365\" \/>\n\t\t<meta name=\"twitter:label2\" content=\"Tiempo de lectura estimado\" \/>\n\t\t<meta name=\"twitter:data2\" content=\"2 minutos\" \/>\n\t\t<script type=\"application\/ld+json\" class=\"aioseo-schema\">\n\t\t\t{\"@context\":\"https:\\\/\\\/schema.org\",\"@graph\":[{\"@type\":\"BreadcrumbList\",\"@id\":\"https:\\\/\\\/candas365.es\\\/noticias\\\/el-coste-de-la-vida-en-alemania-volvio-a-subir\\\/#breadcrumblist\",\"itemListElement\":[{\"@type\":\"ListItem\",\"@id\":\"https:\\\/\\\/candas365.es\\\/noticias#listItem\",\"position\":1,\"name\":\"Home\",\"item\":\"https:\\\/\\\/candas365.es\\\/noticias\",\"nextItem\":{\"@type\":\"ListItem\",\"@id\":\"https:\\\/\\\/candas365.es\\\/noticias\\\/category\\\/economia\\\/#listItem\",\"name\":\"Econom\\u00eda\"}},{\"@type\":\"ListItem\",\"@id\":\"https:\\\/\\\/candas365.es\\\/noticias\\\/category\\\/economia\\\/#listItem\",\"position\":2,\"name\":\"Econom\\u00eda\",\"item\":\"https:\\\/\\\/candas365.es\\\/noticias\\\/category\\\/economia\\\/\",\"nextItem\":{\"@type\":\"ListItem\",\"@id\":\"https:\\\/\\\/candas365.es\\\/noticias\\\/el-coste-de-la-vida-en-alemania-volvio-a-subir\\\/#listItem\",\"name\":\"El coste de la vida en Alemania volvi\\u00f3 a subir\"},\"previousItem\":{\"@type\":\"ListItem\",\"@id\":\"https:\\\/\\\/candas365.es\\\/noticias#listItem\",\"name\":\"Home\"}},{\"@type\":\"ListItem\",\"@id\":\"https:\\\/\\\/candas365.es\\\/noticias\\\/el-coste-de-la-vida-en-alemania-volvio-a-subir\\\/#listItem\",\"position\":3,\"name\":\"El coste de la vida en Alemania volvi\\u00f3 a subir\",\"previousItem\":{\"@type\":\"ListItem\",\"@id\":\"https:\\\/\\\/candas365.es\\\/noticias\\\/category\\\/economia\\\/#listItem\",\"name\":\"Econom\\u00eda\"}}]},{\"@type\":\"NewsArticle\",\"@id\":\"https:\\\/\\\/candas365.es\\\/noticias\\\/el-coste-de-la-vida-en-alemania-volvio-a-subir\\\/#newsarticle\",\"name\":\"El coste de la vida en Alemania volvi\\u00f3 a subir | Cand\\u00e1s 365\",\"headline\":\"El coste de la vida en Alemania volvi\\u00f3 a subir\",\"author\":{\"@id\":\"https:\\\/\\\/candas365.es\\\/noticias\\\/author\\\/admin\\\/#author\"},\"publisher\":{\"@id\":\"https:\\\/\\\/candas365.es\\\/noticias\\\/#organization\"},\"image\":{\"@type\":\"ImageObject\",\"url\":\"https:\\\/\\\/candas365.es\\\/noticias\\\/wp-content\\\/uploads\\\/2026\\\/01\\\/El-coste-de-la-vida-en-Alemania-volvio-a-subir.jpg\",\"width\":1184,\"height\":827,\"caption\":\"Foto: 123rf.com\"},\"datePublished\":\"2026-01-30T23:37:58+01:00\",\"dateModified\":\"2026-01-30T23:37:58+01:00\",\"inLanguage\":\"es-ES\",\"mainEntityOfPage\":{\"@id\":\"https:\\\/\\\/candas365.es\\\/noticias\\\/el-coste-de-la-vida-en-alemania-volvio-a-subir\\\/#webpage\"},\"isPartOf\":{\"@id\":\"https:\\\/\\\/candas365.es\\\/noticias\\\/el-coste-de-la-vida-en-alemania-volvio-a-subir\\\/#webpage\"},\"articleSection\":\"Econom\\u00eda\",\"dateline\":\"Publicado el enero 30, 2026.\"},{\"@type\":\"Organization\",\"@id\":\"https:\\\/\\\/candas365.es\\\/noticias\\\/#organization\",\"name\":\"Cand\\u00e1s 365\",\"description\":\"Cand\\u00e1s 365 es un diario digital independiente, fundado en 2012, con base en Asturias. Informamos con rigor sobre actualidad, sociedad, cultura y ocio, con una mirada local y global.\",\"url\":\"https:\\\/\\\/candas365.es\\\/noticias\\\/\",\"email\":\"info@candas365.es\",\"telephone\":\"+34652131393\",\"foundingDate\":\"2012-06-10\",\"logo\":{\"@type\":\"ImageObject\",\"url\":\"https:\\\/\\\/candas365.es\\\/noticias\\\/wp-content\\\/uploads\\\/2024\\\/09\\\/Candas-365-Redes.jpg\",\"@id\":\"https:\\\/\\\/candas365.es\\\/noticias\\\/el-coste-de-la-vida-en-alemania-volvio-a-subir\\\/#organizationLogo\",\"width\":1152,\"height\":864,\"caption\":\"Cand\\u00e1s 365 Redes\"},\"image\":{\"@id\":\"https:\\\/\\\/candas365.es\\\/noticias\\\/el-coste-de-la-vida-en-alemania-volvio-a-subir\\\/#organizationLogo\"},\"sameAs\":[\"https:\\\/\\\/www.facebook.com\\\/Nachofdezber\",\"https:\\\/\\\/x.com\\\/NabercoDigital\",\"https:\\\/\\\/www.instagram.com\\\/nachofdezber\\\/\",\"https:\\\/\\\/www.youtube.com\\\/channel\\\/UCZP-2wLEB9Rv6erhFmqVnvg\"],\"address\":{\"@id\":\"https:\\\/\\\/candas365.es\\\/noticias\\\/#postaladdress\",\"@type\":\"PostalAddress\",\"streetAddress\":\"san antonio 4, san antonio 4\",\"postalCode\":\"33430\",\"addressLocality\":\"Cand\\u00e1s\",\"addressRegion\":\"Asturias\",\"addressCountry\":\"ES\"}},{\"@type\":\"Person\",\"@id\":\"https:\\\/\\\/candas365.es\\\/noticias\\\/author\\\/admin\\\/#author\",\"url\":\"https:\\\/\\\/candas365.es\\\/noticias\\\/author\\\/admin\\\/\",\"name\":\"Cand\\u00e1s 365\",\"image\":{\"@type\":\"ImageObject\",\"@id\":\"https:\\\/\\\/candas365.es\\\/noticias\\\/el-coste-de-la-vida-en-alemania-volvio-a-subir\\\/#authorImage\",\"url\":\"https:\\\/\\\/secure.gravatar.com\\\/avatar\\\/496a8e03d0c493ede1718b7934145dbdf8d89be1036b0eec9544e1094c9de390?s=96&d=mm&r=g\",\"width\":96,\"height\":96,\"caption\":\"Cand\\u00e1s 365\"},\"sameAs\":[\"https:\\\/\\\/www.facebook.com\\\/carrenoactualidad\",\"https:\\\/\\\/twitter.com\\\/nbasturias\",\"https:\\\/\\\/www.instagram.com\\\/nachofdezber\\\/\",\"https:\\\/\\\/www.youtube.com\\\/channel\\\/UCZP-2wLEB9Rv6erhFmqVnvg\"]},{\"@type\":\"WebPage\",\"@id\":\"https:\\\/\\\/candas365.es\\\/noticias\\\/el-coste-de-la-vida-en-alemania-volvio-a-subir\\\/#webpage\",\"url\":\"https:\\\/\\\/candas365.es\\\/noticias\\\/el-coste-de-la-vida-en-alemania-volvio-a-subir\\\/\",\"name\":\"El coste de la vida en Alemania volvi\\u00f3 a subir | Cand\\u00e1s 365\",\"description\":\"Wiesbaden (Alemania), 30 ene (dpa) - El coste de la vida en Alemania volvi\\u00f3 a subir a principios del nuevo a\\u00f1o, con una inflaci\\u00f3n del 2,1 % en enero\",\"inLanguage\":\"es-ES\",\"isPartOf\":{\"@id\":\"https:\\\/\\\/candas365.es\\\/noticias\\\/#website\"},\"breadcrumb\":{\"@id\":\"https:\\\/\\\/candas365.es\\\/noticias\\\/el-coste-de-la-vida-en-alemania-volvio-a-subir\\\/#breadcrumblist\"},\"author\":{\"@id\":\"https:\\\/\\\/candas365.es\\\/noticias\\\/author\\\/admin\\\/#author\"},\"creator\":{\"@id\":\"https:\\\/\\\/candas365.es\\\/noticias\\\/author\\\/admin\\\/#author\"},\"image\":{\"@type\":\"ImageObject\",\"url\":\"https:\\\/\\\/candas365.es\\\/noticias\\\/wp-content\\\/uploads\\\/2026\\\/01\\\/El-coste-de-la-vida-en-Alemania-volvio-a-subir.jpg\",\"@id\":\"https:\\\/\\\/candas365.es\\\/noticias\\\/el-coste-de-la-vida-en-alemania-volvio-a-subir\\\/#mainImage\",\"width\":1184,\"height\":827,\"caption\":\"Foto: 123rf.com\"},\"primaryImageOfPage\":{\"@id\":\"https:\\\/\\\/candas365.es\\\/noticias\\\/el-coste-de-la-vida-en-alemania-volvio-a-subir\\\/#mainImage\"},\"datePublished\":\"2026-01-30T23:37:58+01:00\",\"dateModified\":\"2026-01-30T23:37:58+01:00\"},{\"@type\":\"WebSite\",\"@id\":\"https:\\\/\\\/candas365.es\\\/noticias\\\/#website\",\"url\":\"https:\\\/\\\/candas365.es\\\/noticias\\\/\",\"name\":\"Cand\\u00e1s 365\",\"alternateName\":\"Cand\\u00e1s 365 Noticias\",\"description\":\"Actualidad desde Carre\\u00f1o para el mundo\",\"inLanguage\":\"es-ES\",\"publisher\":{\"@id\":\"https:\\\/\\\/candas365.es\\\/noticias\\\/#organization\"}}]}\n\t\t<\/script>\n\t\t<!-- All in One SEO Pro -->\r\n\t\t<title>El coste de la vida en Alemania volvi\u00f3 a subir | Cand\u00e1s 365<\/title>\n\n","aioseo_head_json":{"title":"El coste de la vida en Alemania volvi\u00f3 a subir | Cand\u00e1s 365","description":"Wiesbaden (Alemania), 30 ene (dpa) - El coste de la vida en Alemania volvi\u00f3 a subir a principios del nuevo a\u00f1o, con una inflaci\u00f3n del 2,1 % en enero","canonical_url":"https:\/\/candas365.es\/noticias\/el-coste-de-la-vida-en-alemania-volvio-a-subir\/","robots":"max-image-preview:large","keywords":"econom\u00eda","webmasterTools":{"google-site-verification":"UA-32230408-1","msvalidate.01":"354F3CDFB2DA171B47FBE9ABF1F88D5","miscellaneous":""},"schema":{"@context":"https:\/\/schema.org","@graph":[{"@type":"BreadcrumbList","@id":"https:\/\/candas365.es\/noticias\/el-coste-de-la-vida-en-alemania-volvio-a-subir\/#breadcrumblist","itemListElement":[{"@type":"ListItem","@id":"https:\/\/candas365.es\/noticias#listItem","position":1,"name":"Home","item":"https:\/\/candas365.es\/noticias","nextItem":{"@type":"ListItem","@id":"https:\/\/candas365.es\/noticias\/category\/economia\/#listItem","name":"Econom\u00eda"}},{"@type":"ListItem","@id":"https:\/\/candas365.es\/noticias\/category\/economia\/#listItem","position":2,"name":"Econom\u00eda","item":"https:\/\/candas365.es\/noticias\/category\/economia\/","nextItem":{"@type":"ListItem","@id":"https:\/\/candas365.es\/noticias\/el-coste-de-la-vida-en-alemania-volvio-a-subir\/#listItem","name":"El coste de la vida en Alemania volvi\u00f3 a subir"},"previousItem":{"@type":"ListItem","@id":"https:\/\/candas365.es\/noticias#listItem","name":"Home"}},{"@type":"ListItem","@id":"https:\/\/candas365.es\/noticias\/el-coste-de-la-vida-en-alemania-volvio-a-subir\/#listItem","position":3,"name":"El coste de la vida en Alemania volvi\u00f3 a subir","previousItem":{"@type":"ListItem","@id":"https:\/\/candas365.es\/noticias\/category\/economia\/#listItem","name":"Econom\u00eda"}}]},{"@type":"NewsArticle","@id":"https:\/\/candas365.es\/noticias\/el-coste-de-la-vida-en-alemania-volvio-a-subir\/#newsarticle","name":"El coste de la vida en Alemania volvi\u00f3 a subir | Cand\u00e1s 365","headline":"El coste de la vida en Alemania volvi\u00f3 a subir","author":{"@id":"https:\/\/candas365.es\/noticias\/author\/admin\/#author"},"publisher":{"@id":"https:\/\/candas365.es\/noticias\/#organization"},"image":{"@type":"ImageObject","url":"https:\/\/candas365.es\/noticias\/wp-content\/uploads\/2026\/01\/El-coste-de-la-vida-en-Alemania-volvio-a-subir.jpg","width":1184,"height":827,"caption":"Foto: 123rf.com"},"datePublished":"2026-01-30T23:37:58+01:00","dateModified":"2026-01-30T23:37:58+01:00","inLanguage":"es-ES","mainEntityOfPage":{"@id":"https:\/\/candas365.es\/noticias\/el-coste-de-la-vida-en-alemania-volvio-a-subir\/#webpage"},"isPartOf":{"@id":"https:\/\/candas365.es\/noticias\/el-coste-de-la-vida-en-alemania-volvio-a-subir\/#webpage"},"articleSection":"Econom\u00eda","dateline":"Publicado el enero 30, 2026."},{"@type":"Organization","@id":"https:\/\/candas365.es\/noticias\/#organization","name":"Cand\u00e1s 365","description":"Cand\u00e1s 365 es un diario digital independiente, fundado en 2012, con base en Asturias. Informamos con rigor sobre actualidad, sociedad, cultura y ocio, con una mirada local y global.","url":"https:\/\/candas365.es\/noticias\/","email":"info@candas365.es","telephone":"+34652131393","foundingDate":"2012-06-10","logo":{"@type":"ImageObject","url":"https:\/\/candas365.es\/noticias\/wp-content\/uploads\/2024\/09\/Candas-365-Redes.jpg","@id":"https:\/\/candas365.es\/noticias\/el-coste-de-la-vida-en-alemania-volvio-a-subir\/#organizationLogo","width":1152,"height":864,"caption":"Cand\u00e1s 365 Redes"},"image":{"@id":"https:\/\/candas365.es\/noticias\/el-coste-de-la-vida-en-alemania-volvio-a-subir\/#organizationLogo"},"sameAs":["https:\/\/www.facebook.com\/Nachofdezber","https:\/\/x.com\/NabercoDigital","https:\/\/www.instagram.com\/nachofdezber\/","https:\/\/www.youtube.com\/channel\/UCZP-2wLEB9Rv6erhFmqVnvg"],"address":{"@id":"https:\/\/candas365.es\/noticias\/#postaladdress","@type":"PostalAddress","streetAddress":"san antonio 4, san antonio 4","postalCode":"33430","addressLocality":"Cand\u00e1s","addressRegion":"Asturias","addressCountry":"ES"}},{"@type":"Person","@id":"https:\/\/candas365.es\/noticias\/author\/admin\/#author","url":"https:\/\/candas365.es\/noticias\/author\/admin\/","name":"Cand\u00e1s 365","image":{"@type":"ImageObject","@id":"https:\/\/candas365.es\/noticias\/el-coste-de-la-vida-en-alemania-volvio-a-subir\/#authorImage","url":"https:\/\/secure.gravatar.com\/avatar\/496a8e03d0c493ede1718b7934145dbdf8d89be1036b0eec9544e1094c9de390?s=96&d=mm&r=g","width":96,"height":96,"caption":"Cand\u00e1s 365"},"sameAs":["https:\/\/www.facebook.com\/carrenoactualidad","https:\/\/twitter.com\/nbasturias","https:\/\/www.instagram.com\/nachofdezber\/","https:\/\/www.youtube.com\/channel\/UCZP-2wLEB9Rv6erhFmqVnvg"]},{"@type":"WebPage","@id":"https:\/\/candas365.es\/noticias\/el-coste-de-la-vida-en-alemania-volvio-a-subir\/#webpage","url":"https:\/\/candas365.es\/noticias\/el-coste-de-la-vida-en-alemania-volvio-a-subir\/","name":"El coste de la vida en Alemania volvi\u00f3 a subir | Cand\u00e1s 365","description":"Wiesbaden (Alemania), 30 ene (dpa) - El coste de la vida en Alemania volvi\u00f3 a subir a principios del nuevo a\u00f1o, con una inflaci\u00f3n del 2,1 % en enero","inLanguage":"es-ES","isPartOf":{"@id":"https:\/\/candas365.es\/noticias\/#website"},"breadcrumb":{"@id":"https:\/\/candas365.es\/noticias\/el-coste-de-la-vida-en-alemania-volvio-a-subir\/#breadcrumblist"},"author":{"@id":"https:\/\/candas365.es\/noticias\/author\/admin\/#author"},"creator":{"@id":"https:\/\/candas365.es\/noticias\/author\/admin\/#author"},"image":{"@type":"ImageObject","url":"https:\/\/candas365.es\/noticias\/wp-content\/uploads\/2026\/01\/El-coste-de-la-vida-en-Alemania-volvio-a-subir.jpg","@id":"https:\/\/candas365.es\/noticias\/el-coste-de-la-vida-en-alemania-volvio-a-subir\/#mainImage","width":1184,"height":827,"caption":"Foto: 123rf.com"},"primaryImageOfPage":{"@id":"https:\/\/candas365.es\/noticias\/el-coste-de-la-vida-en-alemania-volvio-a-subir\/#mainImage"},"datePublished":"2026-01-30T23:37:58+01:00","dateModified":"2026-01-30T23:37:58+01:00"},{"@type":"WebSite","@id":"https:\/\/candas365.es\/noticias\/#website","url":"https:\/\/candas365.es\/noticias\/","name":"Cand\u00e1s 365","alternateName":"Cand\u00e1s 365 Noticias","description":"Actualidad desde Carre\u00f1o para el mundo","inLanguage":"es-ES","publisher":{"@id":"https:\/\/candas365.es\/noticias\/#organization"}}]},"og:locale":"es_ES","og:site_name":"Cand\u00e1s 365","og:type":"article","og:title":"El coste de la vida en Alemania volvi\u00f3 a subir | Cand\u00e1s 365","og:description":"Wiesbaden (Alemania), 30 ene (dpa) - El coste de la vida en Alemania volvi\u00f3 a subir a principios del nuevo a\u00f1o, con una inflaci\u00f3n del 2,1 % en enero","og:url":"https:\/\/candas365.es\/noticias\/el-coste-de-la-vida-en-alemania-volvio-a-subir\/","og:image":"https:\/\/candas365.es\/noticias\/wp-content\/uploads\/2026\/01\/El-coste-de-la-vida-en-Alemania-volvio-a-subir.jpg","og:image:secure_url":"https:\/\/candas365.es\/noticias\/wp-content\/uploads\/2026\/01\/El-coste-de-la-vida-en-Alemania-volvio-a-subir.jpg","og:image:width":1184,"og:image:height":827,"article:published_time":"2026-01-30T22:37:58+00:00","article:modified_time":"2026-01-30T22:37:58+00:00","article:publisher":"https:\/\/www.facebook.com\/Nachofdezber","article:author":"https:\/\/www.facebook.com\/carrenoactualidad","twitter:card":"summary_large_image","twitter:site":"@NabercoDigital","twitter:title":"El coste de la vida en Alemania volvi\u00f3 a subir | Cand\u00e1s 365","twitter:description":"Wiesbaden (Alemania), 30 ene (dpa) - El coste de la vida en Alemania volvi\u00f3 a subir a principios del nuevo a\u00f1o, con una inflaci\u00f3n del 2,1 % en enero","twitter:creator":"@nbasturias","twitter:image":"https:\/\/candas365.es\/noticias\/wp-content\/uploads\/2026\/01\/El-coste-de-la-vida-en-Alemania-volvio-a-subir.jpg","twitter:label1":"Escrito por","twitter:data1":"Cand\u00e1s 365","twitter:label2":"Tiempo de lectura estimado","twitter:data2":"2 minutos"},"aioseo_meta_data":{"post_id":"191600","title":null,"description":"Wiesbaden (Alemania), 30 ene (dpa) - El coste de la vida en Alemania volvi\u00f3 a subir a principios del nuevo a\u00f1o, con una inflaci\u00f3n del 2,1 % en enero","keywords":null,"keyphrases":{"focus":{"keyphrase":"Alemania","score":100,"analysis":{"keyphraseInTitle":{"score":9,"maxScore":9,"error":0},"keyphraseInDescription":{"score":9,"maxScore":9,"error":0},"keyphraseLength":{"score":9,"maxScore":9,"error":0,"length":1},"keyphraseInURL":{"score":5,"maxScore":5,"error":0},"keyphraseInIntroduction":{"score":9,"maxScore":9,"error":0},"keyphraseInSubHeadings":[],"keyphraseInImageAlt":{"score":9,"maxScore":9,"error":0},"keywordDensity":{"type":"best","score":9,"maxScore":9,"error":0}}},"additional":[{"keyphrase":"coste","score":80,"analysis":{"keyphraseInDescription":{"score":9,"maxScore":9,"error":0},"keyphraseLength":{"score":9,"maxScore":9,"error":0,"length":1},"keyphraseInIntroduction":{"score":9,"maxScore":9,"error":0},"keyphraseInImageAlt":{"score":9,"maxScore":9,"error":0},"keywordDensity":{"score":0,"type":"low","maxScore":9,"error":1}}}]},"primary_term":null,"canonical_url":null,"og_title":null,"og_description":null,"og_object_type":"default","og_image_type":"default","og_image_url":null,"og_image_width":null,"og_image_height":null,"og_image_custom_url":null,"og_image_custom_fields":null,"og_video":"","og_custom_url":null,"og_article_section":null,"og_article_tags":null,"twitter_use_og":false,"twitter_card":"default","twitter_image_type":"default","twitter_image_url":null,"twitter_image_custom_url":null,"twitter_image_custom_fields":null,"twitter_title":null,"twitter_description":null,"schema":{"blockGraphs":[],"customGraphs":[],"default":{"data":{"Article":[],"Course":[],"Dataset":[],"FAQPage":[],"Movie":[],"Person":[],"Product":[],"ProductReview":[],"Car":[],"Recipe":[],"Service":[],"SoftwareApplication":[],"WebPage":[]},"graphName":"Article","isEnabled":true},"graphs":[]},"schema_type":"default","schema_type_options":null,"pillar_content":false,"robots_default":true,"robots_noindex":false,"robots_noarchive":false,"robots_nosnippet":false,"robots_nofollow":false,"robots_noimageindex":false,"robots_noodp":false,"robots_notranslate":false,"robots_max_snippet":"-1","robots_max_videopreview":"-1","robots_max_imagepreview":"large","priority":null,"frequency":"default","location":null,"local_seo":null,"seo_analyzer_scan_date":"2026-01-30 22:38:52","breadcrumb_settings":null,"limit_modified_date":false,"reviewed_by":null,"open_ai":null,"ai":{"faqs":[],"keyPoints":[],"titles":[],"descriptions":[],"socialPosts":{"email":[],"linkedin":[],"twitter":[],"facebook":[],"instagram":[]}},"created":"2026-01-30 22:31:26","updated":"2026-01-30 22:38:52"},"aioseo_breadcrumb":"<div class=\"aioseo-breadcrumbs\"><span class=\"aioseo-breadcrumb\">\n\t<a href=\"https:\/\/candas365.es\/noticias\" title=\"Home\">Home<\/a>\n<\/span><span class=\"aioseo-breadcrumb-separator\">&ndash;<\/span><span class=\"aioseo-breadcrumb\">\n\t<a href=\"https:\/\/candas365.es\/noticias\/category\/economia\/\" title=\"Econom\u00eda\">Econom\u00eda<\/a>\n<\/span><span class=\"aioseo-breadcrumb-separator\">&ndash;<\/span><span class=\"aioseo-breadcrumb\">\n\tEl coste de la vida en Alemania volvi\u00f3 a subir\n<\/span><\/div>","aioseo_breadcrumb_json":[{"label":"Home","link":"https:\/\/candas365.es\/noticias"},{"label":"Econom\u00eda","link":"https:\/\/candas365.es\/noticias\/category\/economia\/"},{"label":"El coste de la vida en Alemania volvi\u00f3 a subir","link":"https:\/\/candas365.es\/noticias\/el-coste-de-la-vida-en-alemania-volvio-a-subir\/"}],"_links":{"self":[{"href":"https:\/\/candas365.es\/noticias\/wp-json\/wp\/v2\/posts\/191600","targetHints":{"allow":["GET"]}}],"collection":[{"href":"https:\/\/candas365.es\/noticias\/wp-json\/wp\/v2\/posts"}],"about":[{"href":"https:\/\/candas365.es\/noticias\/wp-json\/wp\/v2\/types\/post"}],"author":[{"embeddable":true,"href":"https:\/\/candas365.es\/noticias\/wp-json\/wp\/v2\/users\/1"}],"replies":[{"embeddable":true,"href":"https:\/\/candas365.es\/noticias\/wp-json\/wp\/v2\/comments?post=191600"}],"version-history":[{"count":0,"href":"https:\/\/candas365.es\/noticias\/wp-json\/wp\/v2\/posts\/191600\/revisions"}],"wp:featuredmedia":[{"embeddable":true,"href":"https:\/\/candas365.es\/noticias\/wp-json\/wp\/v2\/media\/191601"}],"wp:attachment":[{"href":"https:\/\/candas365.es\/noticias\/wp-json\/wp\/v2\/media?parent=191600"}],"wp:term":[{"taxonomy":"category","embeddable":true,"href":"https:\/\/candas365.es\/noticias\/wp-json\/wp\/v2\/categories?post=191600"},{"taxonomy":"post_tag","embeddable":true,"href":"https:\/\/candas365.es\/noticias\/wp-json\/wp\/v2\/tags?post=191600"}],"curies":[{"name":"wp","href":"https:\/\/api.w.org\/{rel}","templated":true}]}}