{"id":191597,"date":"2026-01-30T23:30:08","date_gmt":"2026-01-30T22:30:08","guid":{"rendered":"https:\/\/candas365.es\/noticias\/?p=191597"},"modified":"2026-01-30T23:30:08","modified_gmt":"2026-01-30T22:30:08","slug":"el-pib-aleman-crecio-en-el-ultimo-trimestre-de-2025","status":"publish","type":"post","link":"https:\/\/candas365.es\/noticias\/el-pib-aleman-crecio-en-el-ultimo-trimestre-de-2025\/","title":{"rendered":"El PIB alem\u00e1n creci\u00f3 en el \u00faltimo trimestre de 2025"},"content":{"rendered":"<p>Wiesbaden (Alemania), 30 ene (<a href=\"https:\/\/www.dpa-news.de\/\" target=\"_blank\" rel=\"noopener\"><span style=\"color: #ff6600;\"><strong>dpa<\/strong><\/span><\/a>) &#8211; El producto interior bruto (<a href=\"https:\/\/candas365.es\/noticias\/category\/economia\/\"><span style=\"color: #ff6600;\"><strong>PIB<\/strong><\/span><\/a>) alem\u00e1n creci\u00f3 en el \u00faltimo trimestre de 2025 un 0,3 %, es decir, 0,1 puntos porcentuales m\u00e1s de lo calculado inicialmente, seg\u00fan inform\u00f3 hoy la Oficina Federal de Estad\u00edstica (Destatis).<\/p>\n<figure id=\"attachment_191598\" aria-describedby=\"caption-attachment-191598\" style=\"width: 650px\" class=\"wp-caption aligncenter\"><img fetchpriority=\"high\" decoding=\"async\" class=\"size-large wp-image-191598\" src=\"https:\/\/candas365.es\/noticias\/wp-content\/uploads\/2026\/01\/El-PIB-aleman-crecio-en-el-ultimo-trimestre-de-2025-650x426.jpg\" alt=\"El PIB alem\u00e1n creci\u00f3 en el \u00faltimo trimestre de 2025\" width=\"650\" height=\"426\" srcset=\"https:\/\/candas365.es\/noticias\/wp-content\/uploads\/2026\/01\/El-PIB-aleman-crecio-en-el-ultimo-trimestre-de-2025-650x426.jpg 650w, https:\/\/candas365.es\/noticias\/wp-content\/uploads\/2026\/01\/El-PIB-aleman-crecio-en-el-ultimo-trimestre-de-2025-360x236.jpg 360w, https:\/\/candas365.es\/noticias\/wp-content\/uploads\/2026\/01\/El-PIB-aleman-crecio-en-el-ultimo-trimestre-de-2025-768x503.jpg 768w, https:\/\/candas365.es\/noticias\/wp-content\/uploads\/2026\/01\/El-PIB-aleman-crecio-en-el-ultimo-trimestre-de-2025-150x98.jpg 150w, https:\/\/candas365.es\/noticias\/wp-content\/uploads\/2026\/01\/El-PIB-aleman-crecio-en-el-ultimo-trimestre-de-2025-450x295.jpg 450w, https:\/\/candas365.es\/noticias\/wp-content\/uploads\/2026\/01\/El-PIB-aleman-crecio-en-el-ultimo-trimestre-de-2025-1200x786.jpg 1200w, https:\/\/candas365.es\/noticias\/wp-content\/uploads\/2026\/01\/El-PIB-aleman-crecio-en-el-ultimo-trimestre-de-2025.jpg 1229w\" sizes=\"(max-width: 650px) 100vw, 650px\" \/><figcaption id=\"caption-attachment-191598\" class=\"wp-caption-text\">Foto: Julian Stratenschulte\/dpa<\/figcaption><\/figure>\n<p>Para el conjunto del a\u00f1o 2025, ya con datos definitivos, la entidad confirm\u00f3 los c\u00e1lculos anteriores, por los que, con un crecimiento entonces estimado en el 0,2 %, Alemania hab\u00eda evitado por poco el tercer a\u00f1o sin crecimiento econ\u00f3mico.<\/p>\n<blockquote><p>En los a\u00f1os 2023 (-0,9 %) y 2024 (-0,5 %), la mayor econom\u00eda de Europa entr\u00f3 en recesi\u00f3n.<\/p><\/blockquote>\n<p>Se espera que la econom\u00eda alemana se beneficie este a\u00f1o de los miles de millones de euros en gastos previstos por el Gobierno actual en infraestructuras como carreteras y las redes ferroviarias, as\u00ed como en inversiones en el sector de la seguridad y la defensa.<\/p>\n<p>Sin embargo, muchos economistas no esperan un repunte notable hasta 2027, cuando las enormes sumas de dinero p\u00fablico surtan todo su efecto. Para ello, los expertos piden no obstante la implementaci\u00f3n de profundas reformas.<\/p>\n<h1>Ministra expresa optimismo<\/h1>\n<p>En un discurso ante el Parlamento (Bundestag), la ministra de Econom\u00eda, Katherina Reiche, mostr\u00f3 su confianza sobre el final de la crisis econ\u00f3mica del pa\u00eds al referirse a las se\u00f1ales alentadoras actuales, aunque inst\u00f3 a seguir adelante con las reformas.<\/p>\n<p>\u00abAtr\u00e1s quedan dos a\u00f1os de recesi\u00f3n, de retroceso. Atr\u00e1s queda un a\u00f1o de estancamiento, de estancamiento secular. Delante tenemos la oportunidad de volver a coger impulso\u00bb, dijo. \u00abLos pr\u00f3ximos a\u00f1os son nuestra ventana de oportunidad para las reformas, y no estar\u00e1 abierta eternamente\u00bb, agreg\u00f3.<\/p>\n<p>\u00abSi invertimos en lugar de dudar, si aceleramos los procedimientos en lugar de complicarlos, si facilitamos el trabajo en lugar de encarecerlo, nuestro pa\u00eds podr\u00e1 salir m\u00e1s fuerte de la dif\u00edcil fase actual\u00bb, defendi\u00f3 la ministra alemana.<\/p>\n<p>Reiche destac\u00f3 la necesidad de aumentar el n\u00famero de trabajadores, de aprovechar mejor el tiempo de trabajo, y de orientar mejor las ayudas sociales al desempleo hacia la incorporaci\u00f3n al mercado laboral.<\/p>\n<h2>Previsiones de crecimiento<\/h2>\n<p>El Fondo Monetario Internacional (FMI) aument\u00f3 la semana pasada su previsi\u00f3n de crecimiento para Alemania en el presente a\u00f1o, situ\u00e1ndola en el 1,1 %, es decir 0,2 puntos porcentuales m\u00e1s de lo estimado en octubre.<\/p>\n<p>Pese a ello, el propio Gobierno alem\u00e1n anunci\u00f3 el mi\u00e9rcoles una revisi\u00f3n a la baja de sus previsiones econ\u00f3micas para el presente a\u00f1o, al calcular que el producto interior bruto (PIB) crecer\u00e1 tan solo un 1,0 % en 2026.<\/p>\n<p>En el anterior pron\u00f3stico realizado por el Gobierno, en el pasado oto\u00f1o europeo, el crecimiento esperado era algo mayor, del 1,3 %.<\/p>\n<h2>Cr\u00edticas de la oposici\u00f3n<\/h2>\n<p>Sus palabras fueron recibidas con fuertes cr\u00edticas desde la oposici\u00f3n. \u00abEn lugar de presentar una estrategia industrial y garantizar puestos de trabajo, les dice a las personas que trabajan duro en el pa\u00eds que deben esforzarse m\u00e1s\u00bb, le contest\u00f3 la diputada Janinie Wissler, de La Izquierda.<\/p>\n<p>El l\u00edder de los Verdes, Felix Banaszak, lament\u00f3 que a Reiche no se le ocurriera nada m\u00e1s que decirle a la gente que trabajara m\u00e1s, habida cuenta de que ella misma solo ha presentado dos leyes hasta ahora en el Parlamento.<\/p>\n","protected":false},"excerpt":{"rendered":"<p>Wiesbaden (Alemania), 30 ene (dpa) &#8211; El producto interior bruto (PIB) alem\u00e1n creci\u00f3 en el \u00faltimo trimestre de 2025 un 0,3 %, es decir, 0,1 puntos porcentuales m\u00e1s de lo calculado inicialmente, seg\u00fan inform\u00f3 hoy la Oficina Federal de Estad\u00edstica (Destatis). Para el conjunto del a\u00f1o 2025, ya con datos definitivos, la entidad confirm\u00f3 los<\/p>\n","protected":false},"author":1,"featured_media":191598,"comment_status":"closed","ping_status":"closed","sticky":false,"template":"","format":"standard","meta":{"footnotes":""},"categories":[486],"tags":[],"class_list":{"0":"post-191597","1":"post","2":"type-post","3":"status-publish","4":"format-standard","5":"has-post-thumbnail","7":"category-economia"},"aioseo_notices":[],"aioseo_head":"\n\t\t<!-- All in One SEO Pro 4.9.6.2 - aioseo.com -->\n\t<meta name=\"description\" content=\"Wiesbaden (Alemania), 30 ene (dpa) - El producto interior bruto (PIB) alem\u00e1n creci\u00f3 en el \u00faltimo trimestre de 2025 un 0,3 %, es decir, 0,1 puntos porcentuales\" \/>\n\t<meta name=\"robots\" content=\"max-image-preview:large\" \/>\n\t<meta name=\"author\" content=\"Cand\u00e1s 365\"\/>\n\t<meta name=\"google-site-verification\" content=\"UA-32230408-1\" \/>\n\t<meta name=\"msvalidate.01\" content=\"354F3CDFB2DA171B47FBE9ABF1F88D5\" \/>\n\t<meta name=\"keywords\" content=\"econom\u00eda\" \/>\n\t<link rel=\"canonical\" href=\"https:\/\/candas365.es\/noticias\/el-pib-aleman-crecio-en-el-ultimo-trimestre-de-2025\/\" \/>\n\t<meta name=\"generator\" content=\"All in One SEO Pro (AIOSEO) 4.9.6.2\" \/>\n\t\t<meta property=\"og:locale\" content=\"es_ES\" \/>\n\t\t<meta property=\"og:site_name\" content=\"Cand\u00e1s 365\" \/>\n\t\t<meta property=\"og:type\" content=\"article\" \/>\n\t\t<meta property=\"og:title\" content=\"El PIB alem\u00e1n creci\u00f3 en el \u00faltimo trimestre de 2025 | Cand\u00e1s 365\" \/>\n\t\t<meta property=\"og:description\" content=\"Wiesbaden (Alemania), 30 ene (dpa) - El producto interior bruto (PIB) alem\u00e1n creci\u00f3 en el \u00faltimo trimestre de 2025 un 0,3 %, es decir, 0,1 puntos porcentuales\" \/>\n\t\t<meta property=\"og:url\" content=\"https:\/\/candas365.es\/noticias\/el-pib-aleman-crecio-en-el-ultimo-trimestre-de-2025\/\" \/>\n\t\t<meta property=\"og:image\" content=\"https:\/\/candas365.es\/noticias\/wp-content\/uploads\/2026\/01\/El-PIB-aleman-crecio-en-el-ultimo-trimestre-de-2025.jpg\" \/>\n\t\t<meta property=\"og:image:secure_url\" content=\"https:\/\/candas365.es\/noticias\/wp-content\/uploads\/2026\/01\/El-PIB-aleman-crecio-en-el-ultimo-trimestre-de-2025.jpg\" \/>\n\t\t<meta property=\"og:image:width\" content=\"1229\" \/>\n\t\t<meta property=\"og:image:height\" content=\"805\" \/>\n\t\t<meta property=\"article:published_time\" content=\"2026-01-30T22:30:08+00:00\" \/>\n\t\t<meta property=\"article:modified_time\" content=\"2026-01-30T22:30:08+00:00\" \/>\n\t\t<meta property=\"article:publisher\" content=\"https:\/\/www.facebook.com\/Nachofdezber\" \/>\n\t\t<meta property=\"article:author\" content=\"https:\/\/www.facebook.com\/carrenoactualidad\" \/>\n\t\t<meta name=\"twitter:card\" content=\"summary_large_image\" \/>\n\t\t<meta name=\"twitter:site\" content=\"@NabercoDigital\" \/>\n\t\t<meta name=\"twitter:title\" content=\"El PIB alem\u00e1n creci\u00f3 en el \u00faltimo trimestre de 2025 | Cand\u00e1s 365\" \/>\n\t\t<meta name=\"twitter:description\" content=\"Wiesbaden (Alemania), 30 ene (dpa) - El producto interior bruto (PIB) alem\u00e1n creci\u00f3 en el \u00faltimo trimestre de 2025 un 0,3 %, es decir, 0,1 puntos porcentuales\" \/>\n\t\t<meta name=\"twitter:creator\" content=\"@nbasturias\" \/>\n\t\t<meta name=\"twitter:image\" content=\"https:\/\/candas365.es\/noticias\/wp-content\/uploads\/2026\/01\/El-PIB-aleman-crecio-en-el-ultimo-trimestre-de-2025.jpg\" \/>\n\t\t<meta name=\"twitter:label1\" content=\"Escrito por\" \/>\n\t\t<meta name=\"twitter:data1\" content=\"Cand\u00e1s 365\" \/>\n\t\t<meta name=\"twitter:label2\" content=\"Tiempo de lectura estimado\" \/>\n\t\t<meta name=\"twitter:data2\" content=\"3 minutos\" \/>\n\t\t<script type=\"application\/ld+json\" class=\"aioseo-schema\">\n\t\t\t{\"@context\":\"https:\\\/\\\/schema.org\",\"@graph\":[{\"@type\":\"BreadcrumbList\",\"@id\":\"https:\\\/\\\/candas365.es\\\/noticias\\\/el-pib-aleman-crecio-en-el-ultimo-trimestre-de-2025\\\/#breadcrumblist\",\"itemListElement\":[{\"@type\":\"ListItem\",\"@id\":\"https:\\\/\\\/candas365.es\\\/noticias#listItem\",\"position\":1,\"name\":\"Home\",\"item\":\"https:\\\/\\\/candas365.es\\\/noticias\",\"nextItem\":{\"@type\":\"ListItem\",\"@id\":\"https:\\\/\\\/candas365.es\\\/noticias\\\/category\\\/economia\\\/#listItem\",\"name\":\"Econom\\u00eda\"}},{\"@type\":\"ListItem\",\"@id\":\"https:\\\/\\\/candas365.es\\\/noticias\\\/category\\\/economia\\\/#listItem\",\"position\":2,\"name\":\"Econom\\u00eda\",\"item\":\"https:\\\/\\\/candas365.es\\\/noticias\\\/category\\\/economia\\\/\",\"nextItem\":{\"@type\":\"ListItem\",\"@id\":\"https:\\\/\\\/candas365.es\\\/noticias\\\/el-pib-aleman-crecio-en-el-ultimo-trimestre-de-2025\\\/#listItem\",\"name\":\"El PIB alem\\u00e1n creci\\u00f3 en el \\u00faltimo trimestre de 2025\"},\"previousItem\":{\"@type\":\"ListItem\",\"@id\":\"https:\\\/\\\/candas365.es\\\/noticias#listItem\",\"name\":\"Home\"}},{\"@type\":\"ListItem\",\"@id\":\"https:\\\/\\\/candas365.es\\\/noticias\\\/el-pib-aleman-crecio-en-el-ultimo-trimestre-de-2025\\\/#listItem\",\"position\":3,\"name\":\"El PIB alem\\u00e1n creci\\u00f3 en el \\u00faltimo trimestre de 2025\",\"previousItem\":{\"@type\":\"ListItem\",\"@id\":\"https:\\\/\\\/candas365.es\\\/noticias\\\/category\\\/economia\\\/#listItem\",\"name\":\"Econom\\u00eda\"}}]},{\"@type\":\"NewsArticle\",\"@id\":\"https:\\\/\\\/candas365.es\\\/noticias\\\/el-pib-aleman-crecio-en-el-ultimo-trimestre-de-2025\\\/#newsarticle\",\"name\":\"El PIB alem\\u00e1n creci\\u00f3 en el \\u00faltimo trimestre de 2025 | Cand\\u00e1s 365\",\"headline\":\"El PIB alem\\u00e1n creci\\u00f3 en el \\u00faltimo trimestre de 2025\",\"author\":{\"@id\":\"https:\\\/\\\/candas365.es\\\/noticias\\\/author\\\/admin\\\/#author\"},\"publisher\":{\"@id\":\"https:\\\/\\\/candas365.es\\\/noticias\\\/#organization\"},\"image\":{\"@type\":\"ImageObject\",\"url\":\"https:\\\/\\\/candas365.es\\\/noticias\\\/wp-content\\\/uploads\\\/2026\\\/01\\\/El-PIB-aleman-crecio-en-el-ultimo-trimestre-de-2025.jpg\",\"width\":1229,\"height\":805,\"caption\":\"Foto: Julian Stratenschulte\\\/dpa\"},\"datePublished\":\"2026-01-30T23:30:08+01:00\",\"dateModified\":\"2026-01-30T23:30:08+01:00\",\"inLanguage\":\"es-ES\",\"mainEntityOfPage\":{\"@id\":\"https:\\\/\\\/candas365.es\\\/noticias\\\/el-pib-aleman-crecio-en-el-ultimo-trimestre-de-2025\\\/#webpage\"},\"isPartOf\":{\"@id\":\"https:\\\/\\\/candas365.es\\\/noticias\\\/el-pib-aleman-crecio-en-el-ultimo-trimestre-de-2025\\\/#webpage\"},\"articleSection\":\"Econom\\u00eda\",\"dateline\":\"Publicado el enero 30, 2026.\"},{\"@type\":\"Organization\",\"@id\":\"https:\\\/\\\/candas365.es\\\/noticias\\\/#organization\",\"name\":\"Cand\\u00e1s 365\",\"description\":\"Cand\\u00e1s 365 es un diario digital independiente, fundado en 2012, con base en Asturias. Informamos con rigor sobre actualidad, sociedad, cultura y ocio, con una mirada local y global.\",\"url\":\"https:\\\/\\\/candas365.es\\\/noticias\\\/\",\"email\":\"info@candas365.es\",\"telephone\":\"+34652131393\",\"foundingDate\":\"2012-06-10\",\"logo\":{\"@type\":\"ImageObject\",\"url\":\"https:\\\/\\\/candas365.es\\\/noticias\\\/wp-content\\\/uploads\\\/2024\\\/09\\\/Candas-365-Redes.jpg\",\"@id\":\"https:\\\/\\\/candas365.es\\\/noticias\\\/el-pib-aleman-crecio-en-el-ultimo-trimestre-de-2025\\\/#organizationLogo\",\"width\":1152,\"height\":864,\"caption\":\"Cand\\u00e1s 365 Redes\"},\"image\":{\"@id\":\"https:\\\/\\\/candas365.es\\\/noticias\\\/el-pib-aleman-crecio-en-el-ultimo-trimestre-de-2025\\\/#organizationLogo\"},\"sameAs\":[\"https:\\\/\\\/www.facebook.com\\\/Nachofdezber\",\"https:\\\/\\\/x.com\\\/NabercoDigital\",\"https:\\\/\\\/www.instagram.com\\\/nachofdezber\\\/\",\"https:\\\/\\\/www.youtube.com\\\/channel\\\/UCZP-2wLEB9Rv6erhFmqVnvg\"],\"address\":{\"@id\":\"https:\\\/\\\/candas365.es\\\/noticias\\\/#postaladdress\",\"@type\":\"PostalAddress\",\"streetAddress\":\"san antonio 4, san antonio 4\",\"postalCode\":\"33430\",\"addressLocality\":\"Cand\\u00e1s\",\"addressRegion\":\"Asturias\",\"addressCountry\":\"ES\"}},{\"@type\":\"Person\",\"@id\":\"https:\\\/\\\/candas365.es\\\/noticias\\\/author\\\/admin\\\/#author\",\"url\":\"https:\\\/\\\/candas365.es\\\/noticias\\\/author\\\/admin\\\/\",\"name\":\"Cand\\u00e1s 365\",\"image\":{\"@type\":\"ImageObject\",\"@id\":\"https:\\\/\\\/candas365.es\\\/noticias\\\/el-pib-aleman-crecio-en-el-ultimo-trimestre-de-2025\\\/#authorImage\",\"url\":\"https:\\\/\\\/secure.gravatar.com\\\/avatar\\\/496a8e03d0c493ede1718b7934145dbdf8d89be1036b0eec9544e1094c9de390?s=96&d=mm&r=g\",\"width\":96,\"height\":96,\"caption\":\"Cand\\u00e1s 365\"},\"sameAs\":[\"https:\\\/\\\/www.facebook.com\\\/carrenoactualidad\",\"https:\\\/\\\/twitter.com\\\/nbasturias\",\"https:\\\/\\\/www.instagram.com\\\/nachofdezber\\\/\",\"https:\\\/\\\/www.youtube.com\\\/channel\\\/UCZP-2wLEB9Rv6erhFmqVnvg\"]},{\"@type\":\"WebPage\",\"@id\":\"https:\\\/\\\/candas365.es\\\/noticias\\\/el-pib-aleman-crecio-en-el-ultimo-trimestre-de-2025\\\/#webpage\",\"url\":\"https:\\\/\\\/candas365.es\\\/noticias\\\/el-pib-aleman-crecio-en-el-ultimo-trimestre-de-2025\\\/\",\"name\":\"El PIB alem\\u00e1n creci\\u00f3 en el \\u00faltimo trimestre de 2025 | Cand\\u00e1s 365\",\"description\":\"Wiesbaden (Alemania), 30 ene (dpa) - El producto interior bruto (PIB) alem\\u00e1n creci\\u00f3 en el \\u00faltimo trimestre de 2025 un 0,3 %, es decir, 0,1 puntos porcentuales\",\"inLanguage\":\"es-ES\",\"isPartOf\":{\"@id\":\"https:\\\/\\\/candas365.es\\\/noticias\\\/#website\"},\"breadcrumb\":{\"@id\":\"https:\\\/\\\/candas365.es\\\/noticias\\\/el-pib-aleman-crecio-en-el-ultimo-trimestre-de-2025\\\/#breadcrumblist\"},\"author\":{\"@id\":\"https:\\\/\\\/candas365.es\\\/noticias\\\/author\\\/admin\\\/#author\"},\"creator\":{\"@id\":\"https:\\\/\\\/candas365.es\\\/noticias\\\/author\\\/admin\\\/#author\"},\"image\":{\"@type\":\"ImageObject\",\"url\":\"https:\\\/\\\/candas365.es\\\/noticias\\\/wp-content\\\/uploads\\\/2026\\\/01\\\/El-PIB-aleman-crecio-en-el-ultimo-trimestre-de-2025.jpg\",\"@id\":\"https:\\\/\\\/candas365.es\\\/noticias\\\/el-pib-aleman-crecio-en-el-ultimo-trimestre-de-2025\\\/#mainImage\",\"width\":1229,\"height\":805,\"caption\":\"Foto: Julian Stratenschulte\\\/dpa\"},\"primaryImageOfPage\":{\"@id\":\"https:\\\/\\\/candas365.es\\\/noticias\\\/el-pib-aleman-crecio-en-el-ultimo-trimestre-de-2025\\\/#mainImage\"},\"datePublished\":\"2026-01-30T23:30:08+01:00\",\"dateModified\":\"2026-01-30T23:30:08+01:00\"},{\"@type\":\"WebSite\",\"@id\":\"https:\\\/\\\/candas365.es\\\/noticias\\\/#website\",\"url\":\"https:\\\/\\\/candas365.es\\\/noticias\\\/\",\"name\":\"Cand\\u00e1s 365\",\"alternateName\":\"Cand\\u00e1s 365 Noticias\",\"description\":\"Actualidad desde Carre\\u00f1o para el mundo\",\"inLanguage\":\"es-ES\",\"publisher\":{\"@id\":\"https:\\\/\\\/candas365.es\\\/noticias\\\/#organization\"}}]}\n\t\t<\/script>\n\t\t<!-- All in One SEO Pro -->\r\n\t\t<title>El PIB alem\u00e1n creci\u00f3 en el \u00faltimo trimestre de 2025 | Cand\u00e1s 365<\/title>\n\n","aioseo_head_json":{"title":"El PIB alem\u00e1n creci\u00f3 en el \u00faltimo trimestre de 2025 | Cand\u00e1s 365","description":"Wiesbaden (Alemania), 30 ene (dpa) - El producto interior bruto (PIB) alem\u00e1n creci\u00f3 en el \u00faltimo trimestre de 2025 un 0,3 %, es decir, 0,1 puntos porcentuales","canonical_url":"https:\/\/candas365.es\/noticias\/el-pib-aleman-crecio-en-el-ultimo-trimestre-de-2025\/","robots":"max-image-preview:large","keywords":"econom\u00eda","webmasterTools":{"google-site-verification":"UA-32230408-1","msvalidate.01":"354F3CDFB2DA171B47FBE9ABF1F88D5","miscellaneous":""},"schema":{"@context":"https:\/\/schema.org","@graph":[{"@type":"BreadcrumbList","@id":"https:\/\/candas365.es\/noticias\/el-pib-aleman-crecio-en-el-ultimo-trimestre-de-2025\/#breadcrumblist","itemListElement":[{"@type":"ListItem","@id":"https:\/\/candas365.es\/noticias#listItem","position":1,"name":"Home","item":"https:\/\/candas365.es\/noticias","nextItem":{"@type":"ListItem","@id":"https:\/\/candas365.es\/noticias\/category\/economia\/#listItem","name":"Econom\u00eda"}},{"@type":"ListItem","@id":"https:\/\/candas365.es\/noticias\/category\/economia\/#listItem","position":2,"name":"Econom\u00eda","item":"https:\/\/candas365.es\/noticias\/category\/economia\/","nextItem":{"@type":"ListItem","@id":"https:\/\/candas365.es\/noticias\/el-pib-aleman-crecio-en-el-ultimo-trimestre-de-2025\/#listItem","name":"El PIB alem\u00e1n creci\u00f3 en el \u00faltimo trimestre de 2025"},"previousItem":{"@type":"ListItem","@id":"https:\/\/candas365.es\/noticias#listItem","name":"Home"}},{"@type":"ListItem","@id":"https:\/\/candas365.es\/noticias\/el-pib-aleman-crecio-en-el-ultimo-trimestre-de-2025\/#listItem","position":3,"name":"El PIB alem\u00e1n creci\u00f3 en el \u00faltimo trimestre de 2025","previousItem":{"@type":"ListItem","@id":"https:\/\/candas365.es\/noticias\/category\/economia\/#listItem","name":"Econom\u00eda"}}]},{"@type":"NewsArticle","@id":"https:\/\/candas365.es\/noticias\/el-pib-aleman-crecio-en-el-ultimo-trimestre-de-2025\/#newsarticle","name":"El PIB alem\u00e1n creci\u00f3 en el \u00faltimo trimestre de 2025 | Cand\u00e1s 365","headline":"El PIB alem\u00e1n creci\u00f3 en el \u00faltimo trimestre de 2025","author":{"@id":"https:\/\/candas365.es\/noticias\/author\/admin\/#author"},"publisher":{"@id":"https:\/\/candas365.es\/noticias\/#organization"},"image":{"@type":"ImageObject","url":"https:\/\/candas365.es\/noticias\/wp-content\/uploads\/2026\/01\/El-PIB-aleman-crecio-en-el-ultimo-trimestre-de-2025.jpg","width":1229,"height":805,"caption":"Foto: Julian Stratenschulte\/dpa"},"datePublished":"2026-01-30T23:30:08+01:00","dateModified":"2026-01-30T23:30:08+01:00","inLanguage":"es-ES","mainEntityOfPage":{"@id":"https:\/\/candas365.es\/noticias\/el-pib-aleman-crecio-en-el-ultimo-trimestre-de-2025\/#webpage"},"isPartOf":{"@id":"https:\/\/candas365.es\/noticias\/el-pib-aleman-crecio-en-el-ultimo-trimestre-de-2025\/#webpage"},"articleSection":"Econom\u00eda","dateline":"Publicado el enero 30, 2026."},{"@type":"Organization","@id":"https:\/\/candas365.es\/noticias\/#organization","name":"Cand\u00e1s 365","description":"Cand\u00e1s 365 es un diario digital independiente, fundado en 2012, con base en Asturias. Informamos con rigor sobre actualidad, sociedad, cultura y ocio, con una mirada local y global.","url":"https:\/\/candas365.es\/noticias\/","email":"info@candas365.es","telephone":"+34652131393","foundingDate":"2012-06-10","logo":{"@type":"ImageObject","url":"https:\/\/candas365.es\/noticias\/wp-content\/uploads\/2024\/09\/Candas-365-Redes.jpg","@id":"https:\/\/candas365.es\/noticias\/el-pib-aleman-crecio-en-el-ultimo-trimestre-de-2025\/#organizationLogo","width":1152,"height":864,"caption":"Cand\u00e1s 365 Redes"},"image":{"@id":"https:\/\/candas365.es\/noticias\/el-pib-aleman-crecio-en-el-ultimo-trimestre-de-2025\/#organizationLogo"},"sameAs":["https:\/\/www.facebook.com\/Nachofdezber","https:\/\/x.com\/NabercoDigital","https:\/\/www.instagram.com\/nachofdezber\/","https:\/\/www.youtube.com\/channel\/UCZP-2wLEB9Rv6erhFmqVnvg"],"address":{"@id":"https:\/\/candas365.es\/noticias\/#postaladdress","@type":"PostalAddress","streetAddress":"san antonio 4, san antonio 4","postalCode":"33430","addressLocality":"Cand\u00e1s","addressRegion":"Asturias","addressCountry":"ES"}},{"@type":"Person","@id":"https:\/\/candas365.es\/noticias\/author\/admin\/#author","url":"https:\/\/candas365.es\/noticias\/author\/admin\/","name":"Cand\u00e1s 365","image":{"@type":"ImageObject","@id":"https:\/\/candas365.es\/noticias\/el-pib-aleman-crecio-en-el-ultimo-trimestre-de-2025\/#authorImage","url":"https:\/\/secure.gravatar.com\/avatar\/496a8e03d0c493ede1718b7934145dbdf8d89be1036b0eec9544e1094c9de390?s=96&d=mm&r=g","width":96,"height":96,"caption":"Cand\u00e1s 365"},"sameAs":["https:\/\/www.facebook.com\/carrenoactualidad","https:\/\/twitter.com\/nbasturias","https:\/\/www.instagram.com\/nachofdezber\/","https:\/\/www.youtube.com\/channel\/UCZP-2wLEB9Rv6erhFmqVnvg"]},{"@type":"WebPage","@id":"https:\/\/candas365.es\/noticias\/el-pib-aleman-crecio-en-el-ultimo-trimestre-de-2025\/#webpage","url":"https:\/\/candas365.es\/noticias\/el-pib-aleman-crecio-en-el-ultimo-trimestre-de-2025\/","name":"El PIB alem\u00e1n creci\u00f3 en el \u00faltimo trimestre de 2025 | Cand\u00e1s 365","description":"Wiesbaden (Alemania), 30 ene (dpa) - El producto interior bruto (PIB) alem\u00e1n creci\u00f3 en el \u00faltimo trimestre de 2025 un 0,3 %, es decir, 0,1 puntos porcentuales","inLanguage":"es-ES","isPartOf":{"@id":"https:\/\/candas365.es\/noticias\/#website"},"breadcrumb":{"@id":"https:\/\/candas365.es\/noticias\/el-pib-aleman-crecio-en-el-ultimo-trimestre-de-2025\/#breadcrumblist"},"author":{"@id":"https:\/\/candas365.es\/noticias\/author\/admin\/#author"},"creator":{"@id":"https:\/\/candas365.es\/noticias\/author\/admin\/#author"},"image":{"@type":"ImageObject","url":"https:\/\/candas365.es\/noticias\/wp-content\/uploads\/2026\/01\/El-PIB-aleman-crecio-en-el-ultimo-trimestre-de-2025.jpg","@id":"https:\/\/candas365.es\/noticias\/el-pib-aleman-crecio-en-el-ultimo-trimestre-de-2025\/#mainImage","width":1229,"height":805,"caption":"Foto: Julian Stratenschulte\/dpa"},"primaryImageOfPage":{"@id":"https:\/\/candas365.es\/noticias\/el-pib-aleman-crecio-en-el-ultimo-trimestre-de-2025\/#mainImage"},"datePublished":"2026-01-30T23:30:08+01:00","dateModified":"2026-01-30T23:30:08+01:00"},{"@type":"WebSite","@id":"https:\/\/candas365.es\/noticias\/#website","url":"https:\/\/candas365.es\/noticias\/","name":"Cand\u00e1s 365","alternateName":"Cand\u00e1s 365 Noticias","description":"Actualidad desde Carre\u00f1o para el mundo","inLanguage":"es-ES","publisher":{"@id":"https:\/\/candas365.es\/noticias\/#organization"}}]},"og:locale":"es_ES","og:site_name":"Cand\u00e1s 365","og:type":"article","og:title":"El PIB alem\u00e1n creci\u00f3 en el \u00faltimo trimestre de 2025 | Cand\u00e1s 365","og:description":"Wiesbaden (Alemania), 30 ene (dpa) - El producto interior bruto (PIB) alem\u00e1n creci\u00f3 en el \u00faltimo trimestre de 2025 un 0,3 %, es decir, 0,1 puntos porcentuales","og:url":"https:\/\/candas365.es\/noticias\/el-pib-aleman-crecio-en-el-ultimo-trimestre-de-2025\/","og:image":"https:\/\/candas365.es\/noticias\/wp-content\/uploads\/2026\/01\/El-PIB-aleman-crecio-en-el-ultimo-trimestre-de-2025.jpg","og:image:secure_url":"https:\/\/candas365.es\/noticias\/wp-content\/uploads\/2026\/01\/El-PIB-aleman-crecio-en-el-ultimo-trimestre-de-2025.jpg","og:image:width":1229,"og:image:height":805,"article:published_time":"2026-01-30T22:30:08+00:00","article:modified_time":"2026-01-30T22:30:08+00:00","article:publisher":"https:\/\/www.facebook.com\/Nachofdezber","article:author":"https:\/\/www.facebook.com\/carrenoactualidad","twitter:card":"summary_large_image","twitter:site":"@NabercoDigital","twitter:title":"El PIB alem\u00e1n creci\u00f3 en el \u00faltimo trimestre de 2025 | Cand\u00e1s 365","twitter:description":"Wiesbaden (Alemania), 30 ene (dpa) - El producto interior bruto (PIB) alem\u00e1n creci\u00f3 en el \u00faltimo trimestre de 2025 un 0,3 %, es decir, 0,1 puntos porcentuales","twitter:creator":"@nbasturias","twitter:image":"https:\/\/candas365.es\/noticias\/wp-content\/uploads\/2026\/01\/El-PIB-aleman-crecio-en-el-ultimo-trimestre-de-2025.jpg","twitter:label1":"Escrito por","twitter:data1":"Cand\u00e1s 365","twitter:label2":"Tiempo de lectura estimado","twitter:data2":"3 minutos"},"aioseo_meta_data":{"post_id":"191597","title":null,"description":"Wiesbaden (Alemania), 30 ene (dpa) - El producto interior bruto (PIB) alem\u00e1n creci\u00f3 en el \u00faltimo trimestre de 2025 un 0,3 %, es decir, 0,1 puntos porcentuales","keywords":null,"keyphrases":{"focus":{"keyphrase":"PIB","score":78,"analysis":{"keyphraseInTitle":{"score":9,"maxScore":9,"error":0},"keyphraseInDescription":{"score":9,"maxScore":9,"error":0},"keyphraseLength":{"score":9,"maxScore":9,"error":0,"length":1},"keyphraseInURL":{"score":5,"maxScore":5,"error":0},"keyphraseInIntroduction":{"score":9,"maxScore":9,"error":0},"keyphraseInSubHeadings":{"score":3,"maxScore":9,"error":1},"keyphraseInImageAlt":{"score":9,"maxScore":9,"error":0},"keywordDensity":{"score":0,"type":"low","maxScore":9,"error":1}}},"additional":[{"keyphrase":"PIB","score":80,"analysis":{"keyphraseInDescription":{"score":9,"maxScore":9,"error":0},"keyphraseLength":{"score":9,"maxScore":9,"error":0,"length":1},"keyphraseInIntroduction":{"score":9,"maxScore":9,"error":0},"keyphraseInImageAlt":{"score":9,"maxScore":9,"error":0},"keywordDensity":{"score":0,"type":"low","maxScore":9,"error":1}}}]},"primary_term":null,"canonical_url":null,"og_title":null,"og_description":null,"og_object_type":"default","og_image_type":"default","og_image_url":null,"og_image_width":null,"og_image_height":null,"og_image_custom_url":null,"og_image_custom_fields":null,"og_video":"","og_custom_url":null,"og_article_section":null,"og_article_tags":null,"twitter_use_og":false,"twitter_card":"default","twitter_image_type":"default","twitter_image_url":null,"twitter_image_custom_url":null,"twitter_image_custom_fields":null,"twitter_title":null,"twitter_description":null,"schema":{"blockGraphs":[],"customGraphs":[],"default":{"data":{"Article":[],"Course":[],"Dataset":[],"FAQPage":[],"Movie":[],"Person":[],"Product":[],"ProductReview":[],"Car":[],"Recipe":[],"Service":[],"SoftwareApplication":[],"WebPage":[]},"graphName":"Article","isEnabled":true},"graphs":[]},"schema_type":"default","schema_type_options":null,"pillar_content":false,"robots_default":true,"robots_noindex":false,"robots_noarchive":false,"robots_nosnippet":false,"robots_nofollow":false,"robots_noimageindex":false,"robots_noodp":false,"robots_notranslate":false,"robots_max_snippet":"-1","robots_max_videopreview":"-1","robots_max_imagepreview":"large","priority":null,"frequency":"default","location":null,"local_seo":null,"seo_analyzer_scan_date":"2026-01-30 22:37:41","breadcrumb_settings":null,"limit_modified_date":false,"reviewed_by":null,"open_ai":null,"ai":{"faqs":[],"keyPoints":[],"titles":[],"descriptions":[],"socialPosts":{"email":[],"linkedin":[],"twitter":[],"facebook":[],"instagram":[]}},"created":"2026-01-30 22:22:33","updated":"2026-01-30 22:37:41"},"aioseo_breadcrumb":"<div class=\"aioseo-breadcrumbs\"><span class=\"aioseo-breadcrumb\">\n\t<a href=\"https:\/\/candas365.es\/noticias\" title=\"Home\">Home<\/a>\n<\/span><span class=\"aioseo-breadcrumb-separator\">&ndash;<\/span><span class=\"aioseo-breadcrumb\">\n\t<a href=\"https:\/\/candas365.es\/noticias\/category\/economia\/\" title=\"Econom\u00eda\">Econom\u00eda<\/a>\n<\/span><span class=\"aioseo-breadcrumb-separator\">&ndash;<\/span><span class=\"aioseo-breadcrumb\">\n\tEl PIB alem\u00e1n creci\u00f3 en el \u00faltimo trimestre de 2025\n<\/span><\/div>","aioseo_breadcrumb_json":[{"label":"Home","link":"https:\/\/candas365.es\/noticias"},{"label":"Econom\u00eda","link":"https:\/\/candas365.es\/noticias\/category\/economia\/"},{"label":"El PIB alem\u00e1n creci\u00f3 en el \u00faltimo trimestre de 2025","link":"https:\/\/candas365.es\/noticias\/el-pib-aleman-crecio-en-el-ultimo-trimestre-de-2025\/"}],"_links":{"self":[{"href":"https:\/\/candas365.es\/noticias\/wp-json\/wp\/v2\/posts\/191597","targetHints":{"allow":["GET"]}}],"collection":[{"href":"https:\/\/candas365.es\/noticias\/wp-json\/wp\/v2\/posts"}],"about":[{"href":"https:\/\/candas365.es\/noticias\/wp-json\/wp\/v2\/types\/post"}],"author":[{"embeddable":true,"href":"https:\/\/candas365.es\/noticias\/wp-json\/wp\/v2\/users\/1"}],"replies":[{"embeddable":true,"href":"https:\/\/candas365.es\/noticias\/wp-json\/wp\/v2\/comments?post=191597"}],"version-history":[{"count":0,"href":"https:\/\/candas365.es\/noticias\/wp-json\/wp\/v2\/posts\/191597\/revisions"}],"wp:featuredmedia":[{"embeddable":true,"href":"https:\/\/candas365.es\/noticias\/wp-json\/wp\/v2\/media\/191598"}],"wp:attachment":[{"href":"https:\/\/candas365.es\/noticias\/wp-json\/wp\/v2\/media?parent=191597"}],"wp:term":[{"taxonomy":"category","embeddable":true,"href":"https:\/\/candas365.es\/noticias\/wp-json\/wp\/v2\/categories?post=191597"},{"taxonomy":"post_tag","embeddable":true,"href":"https:\/\/candas365.es\/noticias\/wp-json\/wp\/v2\/tags?post=191597"}],"curies":[{"name":"wp","href":"https:\/\/api.w.org\/{rel}","templated":true}]}}