{"id":191518,"date":"2026-01-29T01:53:46","date_gmt":"2026-01-29T00:53:46","guid":{"rendered":"https:\/\/candas365.es\/noticias\/?p=191518"},"modified":"2026-01-29T01:53:46","modified_gmt":"2026-01-29T00:53:46","slug":"asturias-brilla-en-fitur-2026","status":"publish","type":"post","link":"https:\/\/candas365.es\/noticias\/asturias-brilla-en-fitur-2026\/","title":{"rendered":"Asturias brilla en Fitur 2026"},"content":{"rendered":"<p>El <a href=\"https:\/\/actualidad.asturias.es\/\" target=\"_blank\" rel=\"noopener\"><span style=\"color: #ff6600;\"><strong>Gobierno del Principado<\/strong><\/span><\/a> de Asturias ha cerrado su participaci\u00f3n en <a href=\"https:\/\/candas365.es\/noticias\/barbon-en-fitur-asturias-tiene-musculo-turistico\/\"><span style=\"color: #ff6600;\"><strong>Fitur 2026<\/strong><\/span><\/a> con un balance positivo, marcado por la intensa actividad profesional desarrollada en el estand del Principado, donde se duplicaron las reuniones empresariales respecto a la edici\u00f3n anterior. La Terraza del Para\u00edso, espacio reservado al empresariado, acogi\u00f3 318 reuniones profesionales, con la participaci\u00f3n de 107 empresas y 860 agentes, situando el expositor asturiano como uno de los principales puntos de encuentro empresarial de la feria.<\/p>\n<figure id=\"attachment_191519\" aria-describedby=\"caption-attachment-191519\" style=\"width: 650px\" class=\"wp-caption aligncenter\"><img fetchpriority=\"high\" decoding=\"async\" class=\"size-large wp-image-191519\" src=\"https:\/\/candas365.es\/noticias\/wp-content\/uploads\/2026\/01\/Asturias-brilla-en-Fitur-2026-650x426.jpg\" alt=\"Asturias brilla en Fitur 2026\" width=\"650\" height=\"426\" srcset=\"https:\/\/candas365.es\/noticias\/wp-content\/uploads\/2026\/01\/Asturias-brilla-en-Fitur-2026-650x426.jpg 650w, https:\/\/candas365.es\/noticias\/wp-content\/uploads\/2026\/01\/Asturias-brilla-en-Fitur-2026-360x236.jpg 360w, https:\/\/candas365.es\/noticias\/wp-content\/uploads\/2026\/01\/Asturias-brilla-en-Fitur-2026-768x503.jpg 768w, https:\/\/candas365.es\/noticias\/wp-content\/uploads\/2026\/01\/Asturias-brilla-en-Fitur-2026-150x98.jpg 150w, https:\/\/candas365.es\/noticias\/wp-content\/uploads\/2026\/01\/Asturias-brilla-en-Fitur-2026-450x295.jpg 450w, https:\/\/candas365.es\/noticias\/wp-content\/uploads\/2026\/01\/Asturias-brilla-en-Fitur-2026-1200x786.jpg 1200w, https:\/\/candas365.es\/noticias\/wp-content\/uploads\/2026\/01\/Asturias-brilla-en-Fitur-2026.jpg 1231w\" sizes=\"(max-width: 650px) 100vw, 650px\" \/><figcaption id=\"caption-attachment-191519\" class=\"wp-caption-text\">Foto: Prensa Principado de Asturias<\/figcaption><\/figure>\n<p>A esta agenda se sumaron los contactos comerciales del equipo de Turismo de Asturias, que mantuvo 17 reuniones con medios de comunicaci\u00f3n nacionales e internacionales para cerrar acuerdos de publicidad, generaci\u00f3n de contenidos y organizaci\u00f3n de viajes de prensa destinados a garantizar la promoci\u00f3n de la comunidad en mercados estrat\u00e9gicos.<\/p>\n<p>Tambi\u00e9n se celebraron reuniones de trabajo con responsables de diez oficinas espa\u00f1olas de turismo en el exterior dependientes de Turespa\u00f1a: Fr\u00e1ncfort, M\u00fanich, Roma, Mil\u00e1n, Lisboa, Londres, La Haya, Par\u00eds, Irlanda y Bruselas. Adem\u00e1s, se desarroll\u00f3 un encuentro espec\u00edfico con el responsable de la Oficina Espa\u00f1ola de Turismo en M\u00e9xico, en el marco de la estrategia de internacionalizaci\u00f3n.<\/p>\n<h1>P\u00fablico, gastronom\u00eda y proyecci\u00f3n digital<\/h1>\n<p>Junto a su dimensi\u00f3n profesional, el estand de Asturias mantuvo una intensa actividad divulgativa dirigida al p\u00fablico general. Cerca de 40.000 personas participaron en las actividades desarrolladas en el espacio del Principado, consolid\u00e1ndolo como un lugar de encuentro abierto y din\u00e1mico.<\/p>\n<p>Las consultas de los visitantes mostraron un predominio del inter\u00e9s por rutas, experiencias y propuestas vinculadas a la naturaleza, el turismo activo y el aprovechamiento de los recursos durante todo el a\u00f1o, en coherencia con el modelo tur\u00edstico que promueve el Gobierno del Principado.<\/p>\n<p>La gastronom\u00eda ocup\u00f3 un lugar destacado en la programaci\u00f3n. El chigre asturiano sirvi\u00f3 cerca de 6.000 culetes de sidra durante la feria, junto a talleres y degustaciones de productos agroalimentarios con sello de calidad como IGP Chosco de Tineo, Ternera Asturiana y Miel de Asturias. Esta propuesta acerc\u00f3 al p\u00fablico la riqueza de la despensa asturiana y reforz\u00f3 el papel de la cocina como elemento identitario y motor del medio rural.<\/p>\n<p>La actividad del estand se complet\u00f3 con una amplia programaci\u00f3n de presentaciones institucionales y profesionales retransmitidas en directo a trav\u00e9s de redes sociales. En el \u00e1mbito digital, la presencia de Asturias en Fitur gener\u00f3 m\u00e1s de 160 publicaciones propias bajo la etiqueta #AsturiasenFitur, alcanzando m\u00e1s de un mill\u00f3n y medio de visualizaciones.<\/p>\n<p>La participaci\u00f3n en la feria permiti\u00f3 reforzar mensajes clave de la pol\u00edtica tur\u00edstica del Principado, como el liderazgo en turismo sostenible a trav\u00e9s de la campa\u00f1a Respeturismo y la conmemoraci\u00f3n del 40 aniversario del turismo rural, una efem\u00e9ride vinculada a la experiencia pionera de Taramundi.<\/p>\n<p>La presencia en Fitur se enmarca en la Estrategia de Turismo 2020-2030 del Gobierno de Asturias, orientada al crecimiento equilibrado, la desestacionalizaci\u00f3n de la demanda, la internacionalizaci\u00f3n del destino y una sostenibilidad integrada como base de futuro del sector tur\u00edstico y del desarrollo territorial de la comunidad.<\/p>\n","protected":false},"excerpt":{"rendered":"<p>El Gobierno del Principado de Asturias ha cerrado su participaci\u00f3n en Fitur 2026 con un balance positivo, marcado por la intensa actividad profesional desarrollada en el estand del Principado, donde se duplicaron las reuniones empresariales respecto a la edici\u00f3n anterior. La Terraza del Para\u00edso, espacio reservado al empresariado, acogi\u00f3 318 reuniones profesionales, con la participaci\u00f3n<\/p>\n","protected":false},"author":1,"featured_media":191519,"comment_status":"closed","ping_status":"closed","sticky":false,"template":"","format":"standard","meta":{"footnotes":""},"categories":[359],"tags":[412],"class_list":{"0":"post-191518","1":"post","2":"type-post","3":"status-publish","4":"format-standard","5":"has-post-thumbnail","7":"category-turismo","8":"tag-turismo"},"aioseo_notices":[],"aioseo_head":"\n\t\t<!-- All in One SEO Pro 4.9.6.2 - aioseo.com -->\n\t<meta name=\"description\" content=\"El Gobierno del Principado de Asturias ha cerrado su participaci\u00f3n en Fitur 2026 con un balance positivo, marcado por la intensa actividad profesional\" \/>\n\t<meta name=\"robots\" content=\"max-image-preview:large\" \/>\n\t<meta name=\"author\" content=\"Cand\u00e1s 365\"\/>\n\t<meta name=\"google-site-verification\" content=\"UA-32230408-1\" \/>\n\t<meta name=\"msvalidate.01\" content=\"354F3CDFB2DA171B47FBE9ABF1F88D5\" \/>\n\t<meta name=\"keywords\" content=\"turismo\" \/>\n\t<link rel=\"canonical\" href=\"https:\/\/candas365.es\/noticias\/asturias-brilla-en-fitur-2026\/\" \/>\n\t<meta name=\"generator\" content=\"All in One SEO Pro (AIOSEO) 4.9.6.2\" \/>\n\t\t<meta property=\"og:locale\" content=\"es_ES\" \/>\n\t\t<meta property=\"og:site_name\" content=\"Cand\u00e1s 365\" \/>\n\t\t<meta property=\"og:type\" content=\"article\" \/>\n\t\t<meta property=\"og:title\" content=\"Asturias brilla en Fitur 2026 | Cand\u00e1s 365\" \/>\n\t\t<meta property=\"og:description\" content=\"El Gobierno del Principado de Asturias ha cerrado su participaci\u00f3n en Fitur 2026 con un balance positivo, marcado por la intensa actividad profesional\" \/>\n\t\t<meta property=\"og:url\" content=\"https:\/\/candas365.es\/noticias\/asturias-brilla-en-fitur-2026\/\" \/>\n\t\t<meta property=\"og:image\" content=\"https:\/\/candas365.es\/noticias\/wp-content\/uploads\/2026\/01\/Asturias-brilla-en-Fitur-2026.jpg\" \/>\n\t\t<meta property=\"og:image:secure_url\" content=\"https:\/\/candas365.es\/noticias\/wp-content\/uploads\/2026\/01\/Asturias-brilla-en-Fitur-2026.jpg\" \/>\n\t\t<meta property=\"og:image:width\" content=\"1231\" \/>\n\t\t<meta property=\"og:image:height\" content=\"806\" \/>\n\t\t<meta property=\"article:published_time\" content=\"2026-01-29T00:53:46+00:00\" \/>\n\t\t<meta property=\"article:modified_time\" content=\"2026-01-29T00:53:46+00:00\" \/>\n\t\t<meta property=\"article:publisher\" content=\"https:\/\/www.facebook.com\/Nachofdezber\" \/>\n\t\t<meta property=\"article:author\" content=\"https:\/\/www.facebook.com\/carrenoactualidad\" \/>\n\t\t<meta name=\"twitter:card\" content=\"summary_large_image\" \/>\n\t\t<meta name=\"twitter:site\" content=\"@NabercoDigital\" \/>\n\t\t<meta name=\"twitter:title\" content=\"Asturias brilla en Fitur 2026 | Cand\u00e1s 365\" \/>\n\t\t<meta name=\"twitter:description\" content=\"El Gobierno del Principado de Asturias ha cerrado su participaci\u00f3n en Fitur 2026 con un balance positivo, marcado por la intensa actividad profesional\" \/>\n\t\t<meta name=\"twitter:creator\" content=\"@nbasturias\" \/>\n\t\t<meta name=\"twitter:image\" content=\"https:\/\/candas365.es\/noticias\/wp-content\/uploads\/2026\/01\/Asturias-brilla-en-Fitur-2026.jpg\" \/>\n\t\t<meta name=\"twitter:label1\" content=\"Escrito por\" \/>\n\t\t<meta name=\"twitter:data1\" content=\"Cand\u00e1s 365\" \/>\n\t\t<meta name=\"twitter:label2\" content=\"Tiempo de lectura estimado\" \/>\n\t\t<meta name=\"twitter:data2\" content=\"3 minutos\" \/>\n\t\t<script type=\"application\/ld+json\" class=\"aioseo-schema\">\n\t\t\t{\"@context\":\"https:\\\/\\\/schema.org\",\"@graph\":[{\"@type\":\"BreadcrumbList\",\"@id\":\"https:\\\/\\\/candas365.es\\\/noticias\\\/asturias-brilla-en-fitur-2026\\\/#breadcrumblist\",\"itemListElement\":[{\"@type\":\"ListItem\",\"@id\":\"https:\\\/\\\/candas365.es\\\/noticias#listItem\",\"position\":1,\"name\":\"Home\",\"item\":\"https:\\\/\\\/candas365.es\\\/noticias\",\"nextItem\":{\"@type\":\"ListItem\",\"@id\":\"https:\\\/\\\/candas365.es\\\/noticias\\\/category\\\/turismo\\\/#listItem\",\"name\":\"Turismo\"}},{\"@type\":\"ListItem\",\"@id\":\"https:\\\/\\\/candas365.es\\\/noticias\\\/category\\\/turismo\\\/#listItem\",\"position\":2,\"name\":\"Turismo\",\"item\":\"https:\\\/\\\/candas365.es\\\/noticias\\\/category\\\/turismo\\\/\",\"nextItem\":{\"@type\":\"ListItem\",\"@id\":\"https:\\\/\\\/candas365.es\\\/noticias\\\/asturias-brilla-en-fitur-2026\\\/#listItem\",\"name\":\"Asturias brilla en Fitur 2026\"},\"previousItem\":{\"@type\":\"ListItem\",\"@id\":\"https:\\\/\\\/candas365.es\\\/noticias#listItem\",\"name\":\"Home\"}},{\"@type\":\"ListItem\",\"@id\":\"https:\\\/\\\/candas365.es\\\/noticias\\\/asturias-brilla-en-fitur-2026\\\/#listItem\",\"position\":3,\"name\":\"Asturias brilla en Fitur 2026\",\"previousItem\":{\"@type\":\"ListItem\",\"@id\":\"https:\\\/\\\/candas365.es\\\/noticias\\\/category\\\/turismo\\\/#listItem\",\"name\":\"Turismo\"}}]},{\"@type\":\"NewsArticle\",\"@id\":\"https:\\\/\\\/candas365.es\\\/noticias\\\/asturias-brilla-en-fitur-2026\\\/#newsarticle\",\"name\":\"Asturias brilla en Fitur 2026 | Cand\\u00e1s 365\",\"headline\":\"Asturias brilla en Fitur 2026\",\"author\":{\"@id\":\"https:\\\/\\\/candas365.es\\\/noticias\\\/author\\\/admin\\\/#author\"},\"publisher\":{\"@id\":\"https:\\\/\\\/candas365.es\\\/noticias\\\/#organization\"},\"image\":{\"@type\":\"ImageObject\",\"url\":\"https:\\\/\\\/candas365.es\\\/noticias\\\/wp-content\\\/uploads\\\/2026\\\/01\\\/Asturias-brilla-en-Fitur-2026.jpg\",\"width\":1231,\"height\":806,\"caption\":\"Foto: Prensa Principado de Asturias\"},\"datePublished\":\"2026-01-29T01:53:46+01:00\",\"dateModified\":\"2026-01-29T01:53:46+01:00\",\"inLanguage\":\"es-ES\",\"mainEntityOfPage\":{\"@id\":\"https:\\\/\\\/candas365.es\\\/noticias\\\/asturias-brilla-en-fitur-2026\\\/#webpage\"},\"isPartOf\":{\"@id\":\"https:\\\/\\\/candas365.es\\\/noticias\\\/asturias-brilla-en-fitur-2026\\\/#webpage\"},\"articleSection\":\"Turismo, turismo\",\"dateline\":\"Publicado el enero 29, 2026.\"},{\"@type\":\"Organization\",\"@id\":\"https:\\\/\\\/candas365.es\\\/noticias\\\/#organization\",\"name\":\"Cand\\u00e1s 365\",\"description\":\"Cand\\u00e1s 365 es un diario digital independiente, fundado en 2012, con base en Asturias. Informamos con rigor sobre actualidad, sociedad, cultura y ocio, con una mirada local y global.\",\"url\":\"https:\\\/\\\/candas365.es\\\/noticias\\\/\",\"email\":\"info@candas365.es\",\"telephone\":\"+34652131393\",\"foundingDate\":\"2012-06-10\",\"logo\":{\"@type\":\"ImageObject\",\"url\":\"https:\\\/\\\/candas365.es\\\/noticias\\\/wp-content\\\/uploads\\\/2024\\\/09\\\/Candas-365-Redes.jpg\",\"@id\":\"https:\\\/\\\/candas365.es\\\/noticias\\\/asturias-brilla-en-fitur-2026\\\/#organizationLogo\",\"width\":1152,\"height\":864,\"caption\":\"Cand\\u00e1s 365 Redes\"},\"image\":{\"@id\":\"https:\\\/\\\/candas365.es\\\/noticias\\\/asturias-brilla-en-fitur-2026\\\/#organizationLogo\"},\"sameAs\":[\"https:\\\/\\\/www.facebook.com\\\/Nachofdezber\",\"https:\\\/\\\/x.com\\\/NabercoDigital\",\"https:\\\/\\\/www.instagram.com\\\/nachofdezber\\\/\",\"https:\\\/\\\/www.youtube.com\\\/channel\\\/UCZP-2wLEB9Rv6erhFmqVnvg\"],\"address\":{\"@id\":\"https:\\\/\\\/candas365.es\\\/noticias\\\/#postaladdress\",\"@type\":\"PostalAddress\",\"streetAddress\":\"san antonio 4, san antonio 4\",\"postalCode\":\"33430\",\"addressLocality\":\"Cand\\u00e1s\",\"addressRegion\":\"Asturias\",\"addressCountry\":\"ES\"}},{\"@type\":\"Person\",\"@id\":\"https:\\\/\\\/candas365.es\\\/noticias\\\/author\\\/admin\\\/#author\",\"url\":\"https:\\\/\\\/candas365.es\\\/noticias\\\/author\\\/admin\\\/\",\"name\":\"Cand\\u00e1s 365\",\"image\":{\"@type\":\"ImageObject\",\"@id\":\"https:\\\/\\\/candas365.es\\\/noticias\\\/asturias-brilla-en-fitur-2026\\\/#authorImage\",\"url\":\"https:\\\/\\\/secure.gravatar.com\\\/avatar\\\/496a8e03d0c493ede1718b7934145dbdf8d89be1036b0eec9544e1094c9de390?s=96&d=mm&r=g\",\"width\":96,\"height\":96,\"caption\":\"Cand\\u00e1s 365\"},\"sameAs\":[\"https:\\\/\\\/www.facebook.com\\\/carrenoactualidad\",\"https:\\\/\\\/twitter.com\\\/nbasturias\",\"https:\\\/\\\/www.instagram.com\\\/nachofdezber\\\/\",\"https:\\\/\\\/www.youtube.com\\\/channel\\\/UCZP-2wLEB9Rv6erhFmqVnvg\"]},{\"@type\":\"WebPage\",\"@id\":\"https:\\\/\\\/candas365.es\\\/noticias\\\/asturias-brilla-en-fitur-2026\\\/#webpage\",\"url\":\"https:\\\/\\\/candas365.es\\\/noticias\\\/asturias-brilla-en-fitur-2026\\\/\",\"name\":\"Asturias brilla en Fitur 2026 | Cand\\u00e1s 365\",\"description\":\"El Gobierno del Principado de Asturias ha cerrado su participaci\\u00f3n en Fitur 2026 con un balance positivo, marcado por la intensa actividad profesional\",\"inLanguage\":\"es-ES\",\"isPartOf\":{\"@id\":\"https:\\\/\\\/candas365.es\\\/noticias\\\/#website\"},\"breadcrumb\":{\"@id\":\"https:\\\/\\\/candas365.es\\\/noticias\\\/asturias-brilla-en-fitur-2026\\\/#breadcrumblist\"},\"author\":{\"@id\":\"https:\\\/\\\/candas365.es\\\/noticias\\\/author\\\/admin\\\/#author\"},\"creator\":{\"@id\":\"https:\\\/\\\/candas365.es\\\/noticias\\\/author\\\/admin\\\/#author\"},\"image\":{\"@type\":\"ImageObject\",\"url\":\"https:\\\/\\\/candas365.es\\\/noticias\\\/wp-content\\\/uploads\\\/2026\\\/01\\\/Asturias-brilla-en-Fitur-2026.jpg\",\"@id\":\"https:\\\/\\\/candas365.es\\\/noticias\\\/asturias-brilla-en-fitur-2026\\\/#mainImage\",\"width\":1231,\"height\":806,\"caption\":\"Foto: Prensa Principado de Asturias\"},\"primaryImageOfPage\":{\"@id\":\"https:\\\/\\\/candas365.es\\\/noticias\\\/asturias-brilla-en-fitur-2026\\\/#mainImage\"},\"datePublished\":\"2026-01-29T01:53:46+01:00\",\"dateModified\":\"2026-01-29T01:53:46+01:00\"},{\"@type\":\"WebSite\",\"@id\":\"https:\\\/\\\/candas365.es\\\/noticias\\\/#website\",\"url\":\"https:\\\/\\\/candas365.es\\\/noticias\\\/\",\"name\":\"Cand\\u00e1s 365\",\"alternateName\":\"Cand\\u00e1s 365 Noticias\",\"description\":\"Actualidad desde Carre\\u00f1o para el mundo\",\"inLanguage\":\"es-ES\",\"publisher\":{\"@id\":\"https:\\\/\\\/candas365.es\\\/noticias\\\/#organization\"}}]}\n\t\t<\/script>\n\t\t<!-- All in One SEO Pro -->\r\n\t\t<title>Asturias brilla en Fitur 2026 | Cand\u00e1s 365<\/title>\n\n","aioseo_head_json":{"title":"Asturias brilla en Fitur 2026 | Cand\u00e1s 365","description":"El Gobierno del Principado de Asturias ha cerrado su participaci\u00f3n en Fitur 2026 con un balance positivo, marcado por la intensa actividad profesional","canonical_url":"https:\/\/candas365.es\/noticias\/asturias-brilla-en-fitur-2026\/","robots":"max-image-preview:large","keywords":"turismo","webmasterTools":{"google-site-verification":"UA-32230408-1","msvalidate.01":"354F3CDFB2DA171B47FBE9ABF1F88D5","miscellaneous":""},"schema":{"@context":"https:\/\/schema.org","@graph":[{"@type":"BreadcrumbList","@id":"https:\/\/candas365.es\/noticias\/asturias-brilla-en-fitur-2026\/#breadcrumblist","itemListElement":[{"@type":"ListItem","@id":"https:\/\/candas365.es\/noticias#listItem","position":1,"name":"Home","item":"https:\/\/candas365.es\/noticias","nextItem":{"@type":"ListItem","@id":"https:\/\/candas365.es\/noticias\/category\/turismo\/#listItem","name":"Turismo"}},{"@type":"ListItem","@id":"https:\/\/candas365.es\/noticias\/category\/turismo\/#listItem","position":2,"name":"Turismo","item":"https:\/\/candas365.es\/noticias\/category\/turismo\/","nextItem":{"@type":"ListItem","@id":"https:\/\/candas365.es\/noticias\/asturias-brilla-en-fitur-2026\/#listItem","name":"Asturias brilla en Fitur 2026"},"previousItem":{"@type":"ListItem","@id":"https:\/\/candas365.es\/noticias#listItem","name":"Home"}},{"@type":"ListItem","@id":"https:\/\/candas365.es\/noticias\/asturias-brilla-en-fitur-2026\/#listItem","position":3,"name":"Asturias brilla en Fitur 2026","previousItem":{"@type":"ListItem","@id":"https:\/\/candas365.es\/noticias\/category\/turismo\/#listItem","name":"Turismo"}}]},{"@type":"NewsArticle","@id":"https:\/\/candas365.es\/noticias\/asturias-brilla-en-fitur-2026\/#newsarticle","name":"Asturias brilla en Fitur 2026 | Cand\u00e1s 365","headline":"Asturias brilla en Fitur 2026","author":{"@id":"https:\/\/candas365.es\/noticias\/author\/admin\/#author"},"publisher":{"@id":"https:\/\/candas365.es\/noticias\/#organization"},"image":{"@type":"ImageObject","url":"https:\/\/candas365.es\/noticias\/wp-content\/uploads\/2026\/01\/Asturias-brilla-en-Fitur-2026.jpg","width":1231,"height":806,"caption":"Foto: Prensa Principado de Asturias"},"datePublished":"2026-01-29T01:53:46+01:00","dateModified":"2026-01-29T01:53:46+01:00","inLanguage":"es-ES","mainEntityOfPage":{"@id":"https:\/\/candas365.es\/noticias\/asturias-brilla-en-fitur-2026\/#webpage"},"isPartOf":{"@id":"https:\/\/candas365.es\/noticias\/asturias-brilla-en-fitur-2026\/#webpage"},"articleSection":"Turismo, turismo","dateline":"Publicado el enero 29, 2026."},{"@type":"Organization","@id":"https:\/\/candas365.es\/noticias\/#organization","name":"Cand\u00e1s 365","description":"Cand\u00e1s 365 es un diario digital independiente, fundado en 2012, con base en Asturias. Informamos con rigor sobre actualidad, sociedad, cultura y ocio, con una mirada local y global.","url":"https:\/\/candas365.es\/noticias\/","email":"info@candas365.es","telephone":"+34652131393","foundingDate":"2012-06-10","logo":{"@type":"ImageObject","url":"https:\/\/candas365.es\/noticias\/wp-content\/uploads\/2024\/09\/Candas-365-Redes.jpg","@id":"https:\/\/candas365.es\/noticias\/asturias-brilla-en-fitur-2026\/#organizationLogo","width":1152,"height":864,"caption":"Cand\u00e1s 365 Redes"},"image":{"@id":"https:\/\/candas365.es\/noticias\/asturias-brilla-en-fitur-2026\/#organizationLogo"},"sameAs":["https:\/\/www.facebook.com\/Nachofdezber","https:\/\/x.com\/NabercoDigital","https:\/\/www.instagram.com\/nachofdezber\/","https:\/\/www.youtube.com\/channel\/UCZP-2wLEB9Rv6erhFmqVnvg"],"address":{"@id":"https:\/\/candas365.es\/noticias\/#postaladdress","@type":"PostalAddress","streetAddress":"san antonio 4, san antonio 4","postalCode":"33430","addressLocality":"Cand\u00e1s","addressRegion":"Asturias","addressCountry":"ES"}},{"@type":"Person","@id":"https:\/\/candas365.es\/noticias\/author\/admin\/#author","url":"https:\/\/candas365.es\/noticias\/author\/admin\/","name":"Cand\u00e1s 365","image":{"@type":"ImageObject","@id":"https:\/\/candas365.es\/noticias\/asturias-brilla-en-fitur-2026\/#authorImage","url":"https:\/\/secure.gravatar.com\/avatar\/496a8e03d0c493ede1718b7934145dbdf8d89be1036b0eec9544e1094c9de390?s=96&d=mm&r=g","width":96,"height":96,"caption":"Cand\u00e1s 365"},"sameAs":["https:\/\/www.facebook.com\/carrenoactualidad","https:\/\/twitter.com\/nbasturias","https:\/\/www.instagram.com\/nachofdezber\/","https:\/\/www.youtube.com\/channel\/UCZP-2wLEB9Rv6erhFmqVnvg"]},{"@type":"WebPage","@id":"https:\/\/candas365.es\/noticias\/asturias-brilla-en-fitur-2026\/#webpage","url":"https:\/\/candas365.es\/noticias\/asturias-brilla-en-fitur-2026\/","name":"Asturias brilla en Fitur 2026 | Cand\u00e1s 365","description":"El Gobierno del Principado de Asturias ha cerrado su participaci\u00f3n en Fitur 2026 con un balance positivo, marcado por la intensa actividad profesional","inLanguage":"es-ES","isPartOf":{"@id":"https:\/\/candas365.es\/noticias\/#website"},"breadcrumb":{"@id":"https:\/\/candas365.es\/noticias\/asturias-brilla-en-fitur-2026\/#breadcrumblist"},"author":{"@id":"https:\/\/candas365.es\/noticias\/author\/admin\/#author"},"creator":{"@id":"https:\/\/candas365.es\/noticias\/author\/admin\/#author"},"image":{"@type":"ImageObject","url":"https:\/\/candas365.es\/noticias\/wp-content\/uploads\/2026\/01\/Asturias-brilla-en-Fitur-2026.jpg","@id":"https:\/\/candas365.es\/noticias\/asturias-brilla-en-fitur-2026\/#mainImage","width":1231,"height":806,"caption":"Foto: Prensa Principado de Asturias"},"primaryImageOfPage":{"@id":"https:\/\/candas365.es\/noticias\/asturias-brilla-en-fitur-2026\/#mainImage"},"datePublished":"2026-01-29T01:53:46+01:00","dateModified":"2026-01-29T01:53:46+01:00"},{"@type":"WebSite","@id":"https:\/\/candas365.es\/noticias\/#website","url":"https:\/\/candas365.es\/noticias\/","name":"Cand\u00e1s 365","alternateName":"Cand\u00e1s 365 Noticias","description":"Actualidad desde Carre\u00f1o para el mundo","inLanguage":"es-ES","publisher":{"@id":"https:\/\/candas365.es\/noticias\/#organization"}}]},"og:locale":"es_ES","og:site_name":"Cand\u00e1s 365","og:type":"article","og:title":"Asturias brilla en Fitur 2026 | Cand\u00e1s 365","og:description":"El Gobierno del Principado de Asturias ha cerrado su participaci\u00f3n en Fitur 2026 con un balance positivo, marcado por la intensa actividad profesional","og:url":"https:\/\/candas365.es\/noticias\/asturias-brilla-en-fitur-2026\/","og:image":"https:\/\/candas365.es\/noticias\/wp-content\/uploads\/2026\/01\/Asturias-brilla-en-Fitur-2026.jpg","og:image:secure_url":"https:\/\/candas365.es\/noticias\/wp-content\/uploads\/2026\/01\/Asturias-brilla-en-Fitur-2026.jpg","og:image:width":1231,"og:image:height":806,"article:published_time":"2026-01-29T00:53:46+00:00","article:modified_time":"2026-01-29T00:53:46+00:00","article:publisher":"https:\/\/www.facebook.com\/Nachofdezber","article:author":"https:\/\/www.facebook.com\/carrenoactualidad","twitter:card":"summary_large_image","twitter:site":"@NabercoDigital","twitter:title":"Asturias brilla en Fitur 2026 | Cand\u00e1s 365","twitter:description":"El Gobierno del Principado de Asturias ha cerrado su participaci\u00f3n en Fitur 2026 con un balance positivo, marcado por la intensa actividad profesional","twitter:creator":"@nbasturias","twitter:image":"https:\/\/candas365.es\/noticias\/wp-content\/uploads\/2026\/01\/Asturias-brilla-en-Fitur-2026.jpg","twitter:label1":"Escrito por","twitter:data1":"Cand\u00e1s 365","twitter:label2":"Tiempo de lectura estimado","twitter:data2":"3 minutos"},"aioseo_meta_data":{"post_id":"191518","title":null,"description":"El Gobierno del Principado de Asturias ha cerrado su participaci\u00f3n en Fitur 2026 con un balance positivo, marcado por la intensa actividad profesional","keywords":null,"keyphrases":{"focus":{"keyphrase":"Asturias","score":100,"analysis":{"keyphraseInTitle":{"score":9,"maxScore":9,"error":0},"keyphraseInDescription":{"score":9,"maxScore":9,"error":0},"keyphraseLength":{"score":9,"maxScore":9,"error":0,"length":1},"keyphraseInURL":{"score":5,"maxScore":5,"error":0},"keyphraseInIntroduction":{"score":9,"maxScore":9,"error":0},"keyphraseInSubHeadings":[],"keyphraseInImageAlt":{"score":9,"maxScore":9,"error":0},"keywordDensity":{"type":"best","score":9,"maxScore":9,"error":0}}},"additional":[{"keyphrase":"Fitur 2026","score":80,"analysis":{"keyphraseInDescription":{"score":9,"maxScore":9,"error":0},"keyphraseLength":{"score":9,"maxScore":9,"error":0,"length":2},"keyphraseInIntroduction":{"score":9,"maxScore":9,"error":0},"keyphraseInImageAlt":{"score":9,"maxScore":9,"error":0},"keywordDensity":{"score":0,"type":"low","maxScore":9,"error":1}}}]},"primary_term":null,"canonical_url":null,"og_title":null,"og_description":null,"og_object_type":"default","og_image_type":"default","og_image_url":null,"og_image_width":null,"og_image_height":null,"og_image_custom_url":null,"og_image_custom_fields":null,"og_video":"","og_custom_url":null,"og_article_section":null,"og_article_tags":null,"twitter_use_og":false,"twitter_card":"default","twitter_image_type":"default","twitter_image_url":null,"twitter_image_custom_url":null,"twitter_image_custom_fields":null,"twitter_title":null,"twitter_description":null,"schema":{"blockGraphs":[],"customGraphs":[],"default":{"data":{"Article":[],"Course":[],"Dataset":[],"FAQPage":[],"Movie":[],"Person":[],"Product":[],"ProductReview":[],"Car":[],"Recipe":[],"Service":[],"SoftwareApplication":[],"WebPage":[]},"graphName":"Article","isEnabled":true},"graphs":[]},"schema_type":"default","schema_type_options":null,"pillar_content":false,"robots_default":true,"robots_noindex":false,"robots_noarchive":false,"robots_nosnippet":false,"robots_nofollow":false,"robots_noimageindex":false,"robots_noodp":false,"robots_notranslate":false,"robots_max_snippet":"-1","robots_max_videopreview":"-1","robots_max_imagepreview":"large","priority":null,"frequency":"default","location":null,"local_seo":null,"seo_analyzer_scan_date":"2026-01-29 01:02:49","breadcrumb_settings":null,"limit_modified_date":false,"reviewed_by":null,"open_ai":null,"ai":{"faqs":[],"keyPoints":[],"titles":[],"descriptions":[],"socialPosts":{"email":[],"linkedin":[],"twitter":[],"facebook":[],"instagram":[]}},"created":"2026-01-29 00:48:17","updated":"2026-01-29 01:02:49"},"aioseo_breadcrumb":"<div class=\"aioseo-breadcrumbs\"><span class=\"aioseo-breadcrumb\">\n\t<a href=\"https:\/\/candas365.es\/noticias\" title=\"Home\">Home<\/a>\n<\/span><span class=\"aioseo-breadcrumb-separator\">&ndash;<\/span><span class=\"aioseo-breadcrumb\">\n\t<a href=\"https:\/\/candas365.es\/noticias\/category\/turismo\/\" title=\"Turismo\">Turismo<\/a>\n<\/span><span class=\"aioseo-breadcrumb-separator\">&ndash;<\/span><span class=\"aioseo-breadcrumb\">\n\tAsturias brilla en Fitur 2026\n<\/span><\/div>","aioseo_breadcrumb_json":[{"label":"Home","link":"https:\/\/candas365.es\/noticias"},{"label":"Turismo","link":"https:\/\/candas365.es\/noticias\/category\/turismo\/"},{"label":"Asturias brilla en Fitur 2026","link":"https:\/\/candas365.es\/noticias\/asturias-brilla-en-fitur-2026\/"}],"_links":{"self":[{"href":"https:\/\/candas365.es\/noticias\/wp-json\/wp\/v2\/posts\/191518","targetHints":{"allow":["GET"]}}],"collection":[{"href":"https:\/\/candas365.es\/noticias\/wp-json\/wp\/v2\/posts"}],"about":[{"href":"https:\/\/candas365.es\/noticias\/wp-json\/wp\/v2\/types\/post"}],"author":[{"embeddable":true,"href":"https:\/\/candas365.es\/noticias\/wp-json\/wp\/v2\/users\/1"}],"replies":[{"embeddable":true,"href":"https:\/\/candas365.es\/noticias\/wp-json\/wp\/v2\/comments?post=191518"}],"version-history":[{"count":0,"href":"https:\/\/candas365.es\/noticias\/wp-json\/wp\/v2\/posts\/191518\/revisions"}],"wp:featuredmedia":[{"embeddable":true,"href":"https:\/\/candas365.es\/noticias\/wp-json\/wp\/v2\/media\/191519"}],"wp:attachment":[{"href":"https:\/\/candas365.es\/noticias\/wp-json\/wp\/v2\/media?parent=191518"}],"wp:term":[{"taxonomy":"category","embeddable":true,"href":"https:\/\/candas365.es\/noticias\/wp-json\/wp\/v2\/categories?post=191518"},{"taxonomy":"post_tag","embeddable":true,"href":"https:\/\/candas365.es\/noticias\/wp-json\/wp\/v2\/tags?post=191518"}],"curies":[{"name":"wp","href":"https:\/\/api.w.org\/{rel}","templated":true}]}}