{"id":191433,"date":"2026-01-25T20:50:57","date_gmt":"2026-01-25T19:50:57","guid":{"rendered":"https:\/\/candas365.es\/noticias\/?p=191433"},"modified":"2026-01-25T20:50:57","modified_gmt":"2026-01-25T19:50:57","slug":"dos-heridos-en-una-colision-en-sotrondio","status":"publish","type":"post","link":"https:\/\/candas365.es\/noticias\/dos-heridos-en-una-colision-en-sotrondio\/","title":{"rendered":"Dos heridos en una colisi\u00f3n en Sotrondio"},"content":{"rendered":"<p>Dos personas han resultado heridas de consideraci\u00f3n en una colisi\u00f3n entre dos veh\u00edculos en la SM-8, en el punto kilom\u00e9trico 3,9, en Sotrondio, <span style=\"color: #ff6600;\"><a style=\"color: #ff6600;\" href=\"https:\/\/eldigitaldeasturias.com\/radio\/category\/concejos-asturias\/\" target=\"_blank\" rel=\"noopener\"><strong>San Mart\u00edn del Rey Aurelio<\/strong><\/a><\/span>.<\/p>\n<figure id=\"attachment_191434\" aria-describedby=\"caption-attachment-191434\" style=\"width: 645px\" class=\"wp-caption aligncenter\"><img fetchpriority=\"high\" decoding=\"async\" class=\"size-large wp-image-191434\" src=\"https:\/\/candas365.es\/noticias\/wp-content\/uploads\/2026\/01\/Dos-heridos-en-una-colision-en-Sotrondio-645x480.jpg\" alt=\"Dos heridos en una colisi\u00f3n en Sotrondio\" width=\"645\" height=\"480\" srcset=\"https:\/\/candas365.es\/noticias\/wp-content\/uploads\/2026\/01\/Dos-heridos-en-una-colision-en-Sotrondio-645x480.jpg 645w, https:\/\/candas365.es\/noticias\/wp-content\/uploads\/2026\/01\/Dos-heridos-en-una-colision-en-Sotrondio-360x268.jpg 360w, https:\/\/candas365.es\/noticias\/wp-content\/uploads\/2026\/01\/Dos-heridos-en-una-colision-en-Sotrondio-768x572.jpg 768w, https:\/\/candas365.es\/noticias\/wp-content\/uploads\/2026\/01\/Dos-heridos-en-una-colision-en-Sotrondio-150x112.jpg 150w, https:\/\/candas365.es\/noticias\/wp-content\/uploads\/2026\/01\/Dos-heridos-en-una-colision-en-Sotrondio-450x335.jpg 450w, https:\/\/candas365.es\/noticias\/wp-content\/uploads\/2026\/01\/Dos-heridos-en-una-colision-en-Sotrondio.jpg 1132w\" sizes=\"(max-width: 645px) 100vw, 645px\" \/><figcaption id=\"caption-attachment-191434\" class=\"wp-caption-text\">Foto: Prensa SEPA<\/figcaption><\/figure>\n<p>Seg\u00fan los datos facilitados por el Servicio de Atenci\u00f3n M\u00e9dica Urgente (SAMU), el <a href=\"https:\/\/candas365.es\/noticias\/category\/sucesos\/\"><span style=\"color: #ff6600;\"><strong>herido de mayor consideraci\u00f3n<\/strong><\/span><\/a> es un var\u00f3n de 61 a\u00f1os. Fue atendido en el lugar por el equipo m\u00e9dico de la UVI m\u00f3vil de Langreo y trasladado al Hospital Universitario Central de Asturias (HUCA), en Oviedo, con pron\u00f3stico grave, pendiente de m\u00e1s pruebas y hasta nueva valoraci\u00f3n m\u00e9dica. El otro herido, un var\u00f3n de 26 a\u00f1os, fue evacuado al Hospital Valle del Nal\u00f3n con pron\u00f3stico reservado, a falta de m\u00e1s ex\u00e1menes. <strong>El traslado se realiz\u00f3 en una ambulancia de soporte vital b\u00e1sico con el equipo de Atenci\u00f3n Primaria activado en la zona.<\/strong><\/p>\n<p>El afectado de 26 a\u00f1os fue excarcelado del interior del turismo por efectivos de Bomberos del Servicio de Emergencias del Principado de Asturias (SEPA) con base en el parque de San Mart\u00edn del Rey Aurelio.<\/p>\n<h2>Actuaci\u00f3n de emergencias<\/h2>\n<p>El Centro de Coordinaci\u00f3n de Emergencias del <a href=\"https:\/\/www.112asturias.es\/\" target=\"_blank\" rel=\"noopener\"><span style=\"color: #ff6600;\"><strong>112 Asturias<\/strong><\/span><\/a> recibi\u00f3 el aviso a las 07.03 horas. En la llamada se indicaba que dos veh\u00edculos, un turismo y una furgoneta, hab\u00edan colisionado en la v\u00eda y que en uno de ellos pod\u00eda haber una persona atrapada.<\/p>\n<p>La sala del 112 moviliz\u00f3 a los bomberos y, de forma paralela, dio aviso al SAMU y a la Guardia Civil de Tr\u00e1fico.<\/p>\n<p>A las 07.16 horas, los bomberos informaron de que solo hab\u00eda una persona atrapada en un turismo y que proced\u00edan a su excarcelaci\u00f3n. El conductor de la furgoneta hab\u00eda salido por sus propios medios.<\/p>\n<p>Finalizada la intervenci\u00f3n y tras realizar tareas de seguridad, los bomberos se retiraron del lugar y regresaron a parque a las 08.23 horas. El incidente tambi\u00e9n fue comunicado a los responsables de mantenimiento de la v\u00eda.<\/p>\n","protected":false},"excerpt":{"rendered":"<p>Dos personas han resultado heridas de consideraci\u00f3n en una colisi\u00f3n entre dos veh\u00edculos en la SM-8, en el punto kilom\u00e9trico 3,9, en Sotrondio, San Mart\u00edn del Rey Aurelio. Seg\u00fan los datos facilitados por el Servicio de Atenci\u00f3n M\u00e9dica Urgente (SAMU), el herido de mayor consideraci\u00f3n es un var\u00f3n de 61 a\u00f1os. Fue atendido en el<\/p>\n","protected":false},"author":1,"featured_media":191434,"comment_status":"closed","ping_status":"closed","sticky":false,"template":"","format":"standard","meta":{"footnotes":""},"categories":[487],"tags":[391],"class_list":{"0":"post-191433","1":"post","2":"type-post","3":"status-publish","4":"format-standard","5":"has-post-thumbnail","7":"category-sucesos","8":"tag-sucesos"},"aioseo_notices":[],"aioseo_head":"\n\t\t<!-- All in One SEO Pro 4.9.6.2 - aioseo.com -->\n\t<meta name=\"description\" content=\"Dos personas han resultado heridas de consideraci\u00f3n en una colisi\u00f3n entre dos veh\u00edculos en la SM-8, en el punto kilom\u00e9trico 3,9, en Sotrondio\" \/>\n\t<meta name=\"robots\" content=\"max-image-preview:large\" \/>\n\t<meta name=\"author\" content=\"Cand\u00e1s 365\"\/>\n\t<meta name=\"google-site-verification\" content=\"UA-32230408-1\" \/>\n\t<meta name=\"msvalidate.01\" content=\"354F3CDFB2DA171B47FBE9ABF1F88D5\" \/>\n\t<meta name=\"keywords\" content=\"sucesos\" \/>\n\t<link rel=\"canonical\" href=\"https:\/\/candas365.es\/noticias\/dos-heridos-en-una-colision-en-sotrondio\/\" \/>\n\t<meta name=\"generator\" content=\"All in One SEO Pro (AIOSEO) 4.9.6.2\" \/>\n\t\t<meta property=\"og:locale\" content=\"es_ES\" \/>\n\t\t<meta property=\"og:site_name\" content=\"Cand\u00e1s 365\" \/>\n\t\t<meta property=\"og:type\" content=\"article\" \/>\n\t\t<meta property=\"og:title\" content=\"Dos heridos en una colisi\u00f3n en Sotrondio | Cand\u00e1s 365\" \/>\n\t\t<meta property=\"og:description\" content=\"Dos personas han resultado heridas de consideraci\u00f3n en una colisi\u00f3n entre dos veh\u00edculos en la SM-8, en el punto kilom\u00e9trico 3,9, en Sotrondio\" \/>\n\t\t<meta property=\"og:url\" content=\"https:\/\/candas365.es\/noticias\/dos-heridos-en-una-colision-en-sotrondio\/\" \/>\n\t\t<meta property=\"og:image\" content=\"https:\/\/candas365.es\/noticias\/wp-content\/uploads\/2026\/01\/Dos-heridos-en-una-colision-en-Sotrondio.jpg\" \/>\n\t\t<meta property=\"og:image:secure_url\" content=\"https:\/\/candas365.es\/noticias\/wp-content\/uploads\/2026\/01\/Dos-heridos-en-una-colision-en-Sotrondio.jpg\" \/>\n\t\t<meta property=\"og:image:width\" content=\"1132\" \/>\n\t\t<meta property=\"og:image:height\" content=\"843\" \/>\n\t\t<meta property=\"article:published_time\" content=\"2026-01-25T19:50:57+00:00\" \/>\n\t\t<meta property=\"article:modified_time\" content=\"2026-01-25T19:50:57+00:00\" \/>\n\t\t<meta property=\"article:publisher\" content=\"https:\/\/www.facebook.com\/Nachofdezber\" \/>\n\t\t<meta property=\"article:author\" content=\"https:\/\/www.facebook.com\/carrenoactualidad\" \/>\n\t\t<meta name=\"twitter:card\" content=\"summary_large_image\" \/>\n\t\t<meta name=\"twitter:site\" content=\"@NabercoDigital\" \/>\n\t\t<meta name=\"twitter:title\" content=\"Dos heridos en una colisi\u00f3n en Sotrondio | Cand\u00e1s 365\" \/>\n\t\t<meta name=\"twitter:description\" content=\"Dos personas han resultado heridas de consideraci\u00f3n en una colisi\u00f3n entre dos veh\u00edculos en la SM-8, en el punto kilom\u00e9trico 3,9, en Sotrondio\" \/>\n\t\t<meta name=\"twitter:creator\" content=\"@nbasturias\" \/>\n\t\t<meta name=\"twitter:image\" content=\"https:\/\/candas365.es\/noticias\/wp-content\/uploads\/2026\/01\/Dos-heridos-en-una-colision-en-Sotrondio.jpg\" \/>\n\t\t<meta name=\"twitter:label1\" content=\"Escrito por\" \/>\n\t\t<meta name=\"twitter:data1\" content=\"Cand\u00e1s 365\" \/>\n\t\t<meta name=\"twitter:label2\" content=\"Tiempo de lectura estimado\" \/>\n\t\t<meta name=\"twitter:data2\" content=\"2 minutos\" \/>\n\t\t<script type=\"application\/ld+json\" class=\"aioseo-schema\">\n\t\t\t{\"@context\":\"https:\\\/\\\/schema.org\",\"@graph\":[{\"@type\":\"BreadcrumbList\",\"@id\":\"https:\\\/\\\/candas365.es\\\/noticias\\\/dos-heridos-en-una-colision-en-sotrondio\\\/#breadcrumblist\",\"itemListElement\":[{\"@type\":\"ListItem\",\"@id\":\"https:\\\/\\\/candas365.es\\\/noticias#listItem\",\"position\":1,\"name\":\"Home\",\"item\":\"https:\\\/\\\/candas365.es\\\/noticias\",\"nextItem\":{\"@type\":\"ListItem\",\"@id\":\"https:\\\/\\\/candas365.es\\\/noticias\\\/category\\\/sucesos\\\/#listItem\",\"name\":\"Sucesos\"}},{\"@type\":\"ListItem\",\"@id\":\"https:\\\/\\\/candas365.es\\\/noticias\\\/category\\\/sucesos\\\/#listItem\",\"position\":2,\"name\":\"Sucesos\",\"item\":\"https:\\\/\\\/candas365.es\\\/noticias\\\/category\\\/sucesos\\\/\",\"nextItem\":{\"@type\":\"ListItem\",\"@id\":\"https:\\\/\\\/candas365.es\\\/noticias\\\/dos-heridos-en-una-colision-en-sotrondio\\\/#listItem\",\"name\":\"Dos heridos en una colisi\\u00f3n en Sotrondio\"},\"previousItem\":{\"@type\":\"ListItem\",\"@id\":\"https:\\\/\\\/candas365.es\\\/noticias#listItem\",\"name\":\"Home\"}},{\"@type\":\"ListItem\",\"@id\":\"https:\\\/\\\/candas365.es\\\/noticias\\\/dos-heridos-en-una-colision-en-sotrondio\\\/#listItem\",\"position\":3,\"name\":\"Dos heridos en una colisi\\u00f3n en Sotrondio\",\"previousItem\":{\"@type\":\"ListItem\",\"@id\":\"https:\\\/\\\/candas365.es\\\/noticias\\\/category\\\/sucesos\\\/#listItem\",\"name\":\"Sucesos\"}}]},{\"@type\":\"NewsArticle\",\"@id\":\"https:\\\/\\\/candas365.es\\\/noticias\\\/dos-heridos-en-una-colision-en-sotrondio\\\/#newsarticle\",\"name\":\"Dos heridos en una colisi\\u00f3n en Sotrondio | Cand\\u00e1s 365\",\"headline\":\"Dos heridos en una colisi\\u00f3n en Sotrondio\",\"author\":{\"@id\":\"https:\\\/\\\/candas365.es\\\/noticias\\\/author\\\/admin\\\/#author\"},\"publisher\":{\"@id\":\"https:\\\/\\\/candas365.es\\\/noticias\\\/#organization\"},\"image\":{\"@type\":\"ImageObject\",\"url\":\"https:\\\/\\\/candas365.es\\\/noticias\\\/wp-content\\\/uploads\\\/2026\\\/01\\\/Dos-heridos-en-una-colision-en-Sotrondio.jpg\",\"width\":1132,\"height\":843,\"caption\":\"Foto: Prensa SEPA\"},\"datePublished\":\"2026-01-25T20:50:57+01:00\",\"dateModified\":\"2026-01-25T20:50:57+01:00\",\"inLanguage\":\"es-ES\",\"mainEntityOfPage\":{\"@id\":\"https:\\\/\\\/candas365.es\\\/noticias\\\/dos-heridos-en-una-colision-en-sotrondio\\\/#webpage\"},\"isPartOf\":{\"@id\":\"https:\\\/\\\/candas365.es\\\/noticias\\\/dos-heridos-en-una-colision-en-sotrondio\\\/#webpage\"},\"articleSection\":\"Sucesos, sucesos\",\"dateline\":\"Publicado el enero 25, 2026.\"},{\"@type\":\"Organization\",\"@id\":\"https:\\\/\\\/candas365.es\\\/noticias\\\/#organization\",\"name\":\"Cand\\u00e1s 365\",\"description\":\"Cand\\u00e1s 365 es un diario digital independiente, fundado en 2012, con base en Asturias. Informamos con rigor sobre actualidad, sociedad, cultura y ocio, con una mirada local y global.\",\"url\":\"https:\\\/\\\/candas365.es\\\/noticias\\\/\",\"email\":\"info@candas365.es\",\"telephone\":\"+34652131393\",\"foundingDate\":\"2012-06-10\",\"logo\":{\"@type\":\"ImageObject\",\"url\":\"https:\\\/\\\/candas365.es\\\/noticias\\\/wp-content\\\/uploads\\\/2024\\\/09\\\/Candas-365-Redes.jpg\",\"@id\":\"https:\\\/\\\/candas365.es\\\/noticias\\\/dos-heridos-en-una-colision-en-sotrondio\\\/#organizationLogo\",\"width\":1152,\"height\":864,\"caption\":\"Cand\\u00e1s 365 Redes\"},\"image\":{\"@id\":\"https:\\\/\\\/candas365.es\\\/noticias\\\/dos-heridos-en-una-colision-en-sotrondio\\\/#organizationLogo\"},\"sameAs\":[\"https:\\\/\\\/www.facebook.com\\\/Nachofdezber\",\"https:\\\/\\\/x.com\\\/NabercoDigital\",\"https:\\\/\\\/www.instagram.com\\\/nachofdezber\\\/\",\"https:\\\/\\\/www.youtube.com\\\/channel\\\/UCZP-2wLEB9Rv6erhFmqVnvg\"],\"address\":{\"@id\":\"https:\\\/\\\/candas365.es\\\/noticias\\\/#postaladdress\",\"@type\":\"PostalAddress\",\"streetAddress\":\"san antonio 4, san antonio 4\",\"postalCode\":\"33430\",\"addressLocality\":\"Cand\\u00e1s\",\"addressRegion\":\"Asturias\",\"addressCountry\":\"ES\"}},{\"@type\":\"Person\",\"@id\":\"https:\\\/\\\/candas365.es\\\/noticias\\\/author\\\/admin\\\/#author\",\"url\":\"https:\\\/\\\/candas365.es\\\/noticias\\\/author\\\/admin\\\/\",\"name\":\"Cand\\u00e1s 365\",\"image\":{\"@type\":\"ImageObject\",\"@id\":\"https:\\\/\\\/candas365.es\\\/noticias\\\/dos-heridos-en-una-colision-en-sotrondio\\\/#authorImage\",\"url\":\"https:\\\/\\\/secure.gravatar.com\\\/avatar\\\/496a8e03d0c493ede1718b7934145dbdf8d89be1036b0eec9544e1094c9de390?s=96&d=mm&r=g\",\"width\":96,\"height\":96,\"caption\":\"Cand\\u00e1s 365\"},\"sameAs\":[\"https:\\\/\\\/www.facebook.com\\\/carrenoactualidad\",\"https:\\\/\\\/twitter.com\\\/nbasturias\",\"https:\\\/\\\/www.instagram.com\\\/nachofdezber\\\/\",\"https:\\\/\\\/www.youtube.com\\\/channel\\\/UCZP-2wLEB9Rv6erhFmqVnvg\"]},{\"@type\":\"WebPage\",\"@id\":\"https:\\\/\\\/candas365.es\\\/noticias\\\/dos-heridos-en-una-colision-en-sotrondio\\\/#webpage\",\"url\":\"https:\\\/\\\/candas365.es\\\/noticias\\\/dos-heridos-en-una-colision-en-sotrondio\\\/\",\"name\":\"Dos heridos en una colisi\\u00f3n en Sotrondio | Cand\\u00e1s 365\",\"description\":\"Dos personas han resultado heridas de consideraci\\u00f3n en una colisi\\u00f3n entre dos veh\\u00edculos en la SM-8, en el punto kilom\\u00e9trico 3,9, en Sotrondio\",\"inLanguage\":\"es-ES\",\"isPartOf\":{\"@id\":\"https:\\\/\\\/candas365.es\\\/noticias\\\/#website\"},\"breadcrumb\":{\"@id\":\"https:\\\/\\\/candas365.es\\\/noticias\\\/dos-heridos-en-una-colision-en-sotrondio\\\/#breadcrumblist\"},\"author\":{\"@id\":\"https:\\\/\\\/candas365.es\\\/noticias\\\/author\\\/admin\\\/#author\"},\"creator\":{\"@id\":\"https:\\\/\\\/candas365.es\\\/noticias\\\/author\\\/admin\\\/#author\"},\"image\":{\"@type\":\"ImageObject\",\"url\":\"https:\\\/\\\/candas365.es\\\/noticias\\\/wp-content\\\/uploads\\\/2026\\\/01\\\/Dos-heridos-en-una-colision-en-Sotrondio.jpg\",\"@id\":\"https:\\\/\\\/candas365.es\\\/noticias\\\/dos-heridos-en-una-colision-en-sotrondio\\\/#mainImage\",\"width\":1132,\"height\":843,\"caption\":\"Foto: Prensa SEPA\"},\"primaryImageOfPage\":{\"@id\":\"https:\\\/\\\/candas365.es\\\/noticias\\\/dos-heridos-en-una-colision-en-sotrondio\\\/#mainImage\"},\"datePublished\":\"2026-01-25T20:50:57+01:00\",\"dateModified\":\"2026-01-25T20:50:57+01:00\"},{\"@type\":\"WebSite\",\"@id\":\"https:\\\/\\\/candas365.es\\\/noticias\\\/#website\",\"url\":\"https:\\\/\\\/candas365.es\\\/noticias\\\/\",\"name\":\"Cand\\u00e1s 365\",\"alternateName\":\"Cand\\u00e1s 365 Noticias\",\"description\":\"Actualidad desde Carre\\u00f1o para el mundo\",\"inLanguage\":\"es-ES\",\"publisher\":{\"@id\":\"https:\\\/\\\/candas365.es\\\/noticias\\\/#organization\"}}]}\n\t\t<\/script>\n\t\t<!-- All in One SEO Pro -->\r\n\t\t<title>Dos heridos en una colisi\u00f3n en Sotrondio | Cand\u00e1s 365<\/title>\n\n","aioseo_head_json":{"title":"Dos heridos en una colisi\u00f3n en Sotrondio | Cand\u00e1s 365","description":"Dos personas han resultado heridas de consideraci\u00f3n en una colisi\u00f3n entre dos veh\u00edculos en la SM-8, en el punto kilom\u00e9trico 3,9, en Sotrondio","canonical_url":"https:\/\/candas365.es\/noticias\/dos-heridos-en-una-colision-en-sotrondio\/","robots":"max-image-preview:large","keywords":"sucesos","webmasterTools":{"google-site-verification":"UA-32230408-1","msvalidate.01":"354F3CDFB2DA171B47FBE9ABF1F88D5","miscellaneous":""},"schema":{"@context":"https:\/\/schema.org","@graph":[{"@type":"BreadcrumbList","@id":"https:\/\/candas365.es\/noticias\/dos-heridos-en-una-colision-en-sotrondio\/#breadcrumblist","itemListElement":[{"@type":"ListItem","@id":"https:\/\/candas365.es\/noticias#listItem","position":1,"name":"Home","item":"https:\/\/candas365.es\/noticias","nextItem":{"@type":"ListItem","@id":"https:\/\/candas365.es\/noticias\/category\/sucesos\/#listItem","name":"Sucesos"}},{"@type":"ListItem","@id":"https:\/\/candas365.es\/noticias\/category\/sucesos\/#listItem","position":2,"name":"Sucesos","item":"https:\/\/candas365.es\/noticias\/category\/sucesos\/","nextItem":{"@type":"ListItem","@id":"https:\/\/candas365.es\/noticias\/dos-heridos-en-una-colision-en-sotrondio\/#listItem","name":"Dos heridos en una colisi\u00f3n en Sotrondio"},"previousItem":{"@type":"ListItem","@id":"https:\/\/candas365.es\/noticias#listItem","name":"Home"}},{"@type":"ListItem","@id":"https:\/\/candas365.es\/noticias\/dos-heridos-en-una-colision-en-sotrondio\/#listItem","position":3,"name":"Dos heridos en una colisi\u00f3n en Sotrondio","previousItem":{"@type":"ListItem","@id":"https:\/\/candas365.es\/noticias\/category\/sucesos\/#listItem","name":"Sucesos"}}]},{"@type":"NewsArticle","@id":"https:\/\/candas365.es\/noticias\/dos-heridos-en-una-colision-en-sotrondio\/#newsarticle","name":"Dos heridos en una colisi\u00f3n en Sotrondio | Cand\u00e1s 365","headline":"Dos heridos en una colisi\u00f3n en Sotrondio","author":{"@id":"https:\/\/candas365.es\/noticias\/author\/admin\/#author"},"publisher":{"@id":"https:\/\/candas365.es\/noticias\/#organization"},"image":{"@type":"ImageObject","url":"https:\/\/candas365.es\/noticias\/wp-content\/uploads\/2026\/01\/Dos-heridos-en-una-colision-en-Sotrondio.jpg","width":1132,"height":843,"caption":"Foto: Prensa SEPA"},"datePublished":"2026-01-25T20:50:57+01:00","dateModified":"2026-01-25T20:50:57+01:00","inLanguage":"es-ES","mainEntityOfPage":{"@id":"https:\/\/candas365.es\/noticias\/dos-heridos-en-una-colision-en-sotrondio\/#webpage"},"isPartOf":{"@id":"https:\/\/candas365.es\/noticias\/dos-heridos-en-una-colision-en-sotrondio\/#webpage"},"articleSection":"Sucesos, sucesos","dateline":"Publicado el enero 25, 2026."},{"@type":"Organization","@id":"https:\/\/candas365.es\/noticias\/#organization","name":"Cand\u00e1s 365","description":"Cand\u00e1s 365 es un diario digital independiente, fundado en 2012, con base en Asturias. Informamos con rigor sobre actualidad, sociedad, cultura y ocio, con una mirada local y global.","url":"https:\/\/candas365.es\/noticias\/","email":"info@candas365.es","telephone":"+34652131393","foundingDate":"2012-06-10","logo":{"@type":"ImageObject","url":"https:\/\/candas365.es\/noticias\/wp-content\/uploads\/2024\/09\/Candas-365-Redes.jpg","@id":"https:\/\/candas365.es\/noticias\/dos-heridos-en-una-colision-en-sotrondio\/#organizationLogo","width":1152,"height":864,"caption":"Cand\u00e1s 365 Redes"},"image":{"@id":"https:\/\/candas365.es\/noticias\/dos-heridos-en-una-colision-en-sotrondio\/#organizationLogo"},"sameAs":["https:\/\/www.facebook.com\/Nachofdezber","https:\/\/x.com\/NabercoDigital","https:\/\/www.instagram.com\/nachofdezber\/","https:\/\/www.youtube.com\/channel\/UCZP-2wLEB9Rv6erhFmqVnvg"],"address":{"@id":"https:\/\/candas365.es\/noticias\/#postaladdress","@type":"PostalAddress","streetAddress":"san antonio 4, san antonio 4","postalCode":"33430","addressLocality":"Cand\u00e1s","addressRegion":"Asturias","addressCountry":"ES"}},{"@type":"Person","@id":"https:\/\/candas365.es\/noticias\/author\/admin\/#author","url":"https:\/\/candas365.es\/noticias\/author\/admin\/","name":"Cand\u00e1s 365","image":{"@type":"ImageObject","@id":"https:\/\/candas365.es\/noticias\/dos-heridos-en-una-colision-en-sotrondio\/#authorImage","url":"https:\/\/secure.gravatar.com\/avatar\/496a8e03d0c493ede1718b7934145dbdf8d89be1036b0eec9544e1094c9de390?s=96&d=mm&r=g","width":96,"height":96,"caption":"Cand\u00e1s 365"},"sameAs":["https:\/\/www.facebook.com\/carrenoactualidad","https:\/\/twitter.com\/nbasturias","https:\/\/www.instagram.com\/nachofdezber\/","https:\/\/www.youtube.com\/channel\/UCZP-2wLEB9Rv6erhFmqVnvg"]},{"@type":"WebPage","@id":"https:\/\/candas365.es\/noticias\/dos-heridos-en-una-colision-en-sotrondio\/#webpage","url":"https:\/\/candas365.es\/noticias\/dos-heridos-en-una-colision-en-sotrondio\/","name":"Dos heridos en una colisi\u00f3n en Sotrondio | Cand\u00e1s 365","description":"Dos personas han resultado heridas de consideraci\u00f3n en una colisi\u00f3n entre dos veh\u00edculos en la SM-8, en el punto kilom\u00e9trico 3,9, en Sotrondio","inLanguage":"es-ES","isPartOf":{"@id":"https:\/\/candas365.es\/noticias\/#website"},"breadcrumb":{"@id":"https:\/\/candas365.es\/noticias\/dos-heridos-en-una-colision-en-sotrondio\/#breadcrumblist"},"author":{"@id":"https:\/\/candas365.es\/noticias\/author\/admin\/#author"},"creator":{"@id":"https:\/\/candas365.es\/noticias\/author\/admin\/#author"},"image":{"@type":"ImageObject","url":"https:\/\/candas365.es\/noticias\/wp-content\/uploads\/2026\/01\/Dos-heridos-en-una-colision-en-Sotrondio.jpg","@id":"https:\/\/candas365.es\/noticias\/dos-heridos-en-una-colision-en-sotrondio\/#mainImage","width":1132,"height":843,"caption":"Foto: Prensa SEPA"},"primaryImageOfPage":{"@id":"https:\/\/candas365.es\/noticias\/dos-heridos-en-una-colision-en-sotrondio\/#mainImage"},"datePublished":"2026-01-25T20:50:57+01:00","dateModified":"2026-01-25T20:50:57+01:00"},{"@type":"WebSite","@id":"https:\/\/candas365.es\/noticias\/#website","url":"https:\/\/candas365.es\/noticias\/","name":"Cand\u00e1s 365","alternateName":"Cand\u00e1s 365 Noticias","description":"Actualidad desde Carre\u00f1o para el mundo","inLanguage":"es-ES","publisher":{"@id":"https:\/\/candas365.es\/noticias\/#organization"}}]},"og:locale":"es_ES","og:site_name":"Cand\u00e1s 365","og:type":"article","og:title":"Dos heridos en una colisi\u00f3n en Sotrondio | Cand\u00e1s 365","og:description":"Dos personas han resultado heridas de consideraci\u00f3n en una colisi\u00f3n entre dos veh\u00edculos en la SM-8, en el punto kilom\u00e9trico 3,9, en Sotrondio","og:url":"https:\/\/candas365.es\/noticias\/dos-heridos-en-una-colision-en-sotrondio\/","og:image":"https:\/\/candas365.es\/noticias\/wp-content\/uploads\/2026\/01\/Dos-heridos-en-una-colision-en-Sotrondio.jpg","og:image:secure_url":"https:\/\/candas365.es\/noticias\/wp-content\/uploads\/2026\/01\/Dos-heridos-en-una-colision-en-Sotrondio.jpg","og:image:width":1132,"og:image:height":843,"article:published_time":"2026-01-25T19:50:57+00:00","article:modified_time":"2026-01-25T19:50:57+00:00","article:publisher":"https:\/\/www.facebook.com\/Nachofdezber","article:author":"https:\/\/www.facebook.com\/carrenoactualidad","twitter:card":"summary_large_image","twitter:site":"@NabercoDigital","twitter:title":"Dos heridos en una colisi\u00f3n en Sotrondio | Cand\u00e1s 365","twitter:description":"Dos personas han resultado heridas de consideraci\u00f3n en una colisi\u00f3n entre dos veh\u00edculos en la SM-8, en el punto kilom\u00e9trico 3,9, en Sotrondio","twitter:creator":"@nbasturias","twitter:image":"https:\/\/candas365.es\/noticias\/wp-content\/uploads\/2026\/01\/Dos-heridos-en-una-colision-en-Sotrondio.jpg","twitter:label1":"Escrito por","twitter:data1":"Cand\u00e1s 365","twitter:label2":"Tiempo de lectura estimado","twitter:data2":"2 minutos"},"aioseo_meta_data":{"post_id":"191433","title":null,"description":"Dos personas han resultado heridas de consideraci\u00f3n en una colisi\u00f3n entre dos veh\u00edculos en la SM-8, en el punto kilom\u00e9trico 3,9, en Sotrondio","keywords":null,"keyphrases":{"focus":{"keyphrase":"Sotrondio","score":78,"analysis":{"keyphraseInTitle":{"score":9,"maxScore":9,"error":0},"keyphraseInDescription":{"score":9,"maxScore":9,"error":0},"keyphraseLength":{"score":9,"maxScore":9,"error":0,"length":1},"keyphraseInURL":{"score":5,"maxScore":5,"error":0},"keyphraseInIntroduction":{"score":9,"maxScore":9,"error":0},"keyphraseInSubHeadings":{"score":3,"maxScore":9,"error":1},"keyphraseInImageAlt":{"score":9,"maxScore":9,"error":0},"keywordDensity":{"score":0,"type":"low","maxScore":9,"error":1}}},"additional":[{"keyphrase":"colisi\u00f3n","score":80,"analysis":{"keyphraseInDescription":{"score":9,"maxScore":9,"error":0},"keyphraseLength":{"score":9,"maxScore":9,"error":0,"length":2},"keyphraseInIntroduction":{"score":9,"maxScore":9,"error":0},"keyphraseInImageAlt":{"score":9,"maxScore":9,"error":0},"keywordDensity":{"score":0,"type":"low","maxScore":9,"error":1}}}]},"primary_term":null,"canonical_url":null,"og_title":null,"og_description":null,"og_object_type":"default","og_image_type":"default","og_image_url":null,"og_image_width":null,"og_image_height":null,"og_image_custom_url":null,"og_image_custom_fields":null,"og_video":"","og_custom_url":null,"og_article_section":null,"og_article_tags":null,"twitter_use_og":false,"twitter_card":"default","twitter_image_type":"default","twitter_image_url":null,"twitter_image_custom_url":null,"twitter_image_custom_fields":null,"twitter_title":null,"twitter_description":null,"schema":{"blockGraphs":[],"customGraphs":[],"default":{"data":{"Article":[],"Course":[],"Dataset":[],"FAQPage":[],"Movie":[],"Person":[],"Product":[],"ProductReview":[],"Car":[],"Recipe":[],"Service":[],"SoftwareApplication":[],"WebPage":[]},"graphName":"Article","isEnabled":true},"graphs":[]},"schema_type":"default","schema_type_options":null,"pillar_content":false,"robots_default":true,"robots_noindex":false,"robots_noarchive":false,"robots_nosnippet":false,"robots_nofollow":false,"robots_noimageindex":false,"robots_noodp":false,"robots_notranslate":false,"robots_max_snippet":"-1","robots_max_videopreview":"-1","robots_max_imagepreview":"large","priority":null,"frequency":"default","location":null,"local_seo":null,"seo_analyzer_scan_date":"2026-01-25 19:53:23","breadcrumb_settings":null,"limit_modified_date":false,"reviewed_by":null,"open_ai":null,"ai":{"faqs":[],"keyPoints":[],"titles":[],"descriptions":[],"socialPosts":{"email":[],"linkedin":[],"twitter":[],"facebook":[],"instagram":[]}},"created":"2026-01-25 19:45:04","updated":"2026-01-25 20:04:41"},"aioseo_breadcrumb":"<div class=\"aioseo-breadcrumbs\"><span class=\"aioseo-breadcrumb\">\n\t<a href=\"https:\/\/candas365.es\/noticias\" title=\"Home\">Home<\/a>\n<\/span><span class=\"aioseo-breadcrumb-separator\">&ndash;<\/span><span class=\"aioseo-breadcrumb\">\n\t<a href=\"https:\/\/candas365.es\/noticias\/category\/sucesos\/\" title=\"Sucesos\">Sucesos<\/a>\n<\/span><span class=\"aioseo-breadcrumb-separator\">&ndash;<\/span><span class=\"aioseo-breadcrumb\">\n\tDos heridos en una colisi\u00f3n en Sotrondio\n<\/span><\/div>","aioseo_breadcrumb_json":[{"label":"Home","link":"https:\/\/candas365.es\/noticias"},{"label":"Sucesos","link":"https:\/\/candas365.es\/noticias\/category\/sucesos\/"},{"label":"Dos heridos en una colisi\u00f3n en Sotrondio","link":"https:\/\/candas365.es\/noticias\/dos-heridos-en-una-colision-en-sotrondio\/"}],"_links":{"self":[{"href":"https:\/\/candas365.es\/noticias\/wp-json\/wp\/v2\/posts\/191433","targetHints":{"allow":["GET"]}}],"collection":[{"href":"https:\/\/candas365.es\/noticias\/wp-json\/wp\/v2\/posts"}],"about":[{"href":"https:\/\/candas365.es\/noticias\/wp-json\/wp\/v2\/types\/post"}],"author":[{"embeddable":true,"href":"https:\/\/candas365.es\/noticias\/wp-json\/wp\/v2\/users\/1"}],"replies":[{"embeddable":true,"href":"https:\/\/candas365.es\/noticias\/wp-json\/wp\/v2\/comments?post=191433"}],"version-history":[{"count":0,"href":"https:\/\/candas365.es\/noticias\/wp-json\/wp\/v2\/posts\/191433\/revisions"}],"wp:featuredmedia":[{"embeddable":true,"href":"https:\/\/candas365.es\/noticias\/wp-json\/wp\/v2\/media\/191434"}],"wp:attachment":[{"href":"https:\/\/candas365.es\/noticias\/wp-json\/wp\/v2\/media?parent=191433"}],"wp:term":[{"taxonomy":"category","embeddable":true,"href":"https:\/\/candas365.es\/noticias\/wp-json\/wp\/v2\/categories?post=191433"},{"taxonomy":"post_tag","embeddable":true,"href":"https:\/\/candas365.es\/noticias\/wp-json\/wp\/v2\/tags?post=191433"}],"curies":[{"name":"wp","href":"https:\/\/api.w.org\/{rel}","templated":true}]}}