{"id":191430,"date":"2026-01-25T20:32:44","date_gmt":"2026-01-25T19:32:44","guid":{"rendered":"https:\/\/candas365.es\/noticias\/?p=191430"},"modified":"2026-01-25T20:32:44","modified_gmt":"2026-01-25T19:32:44","slug":"viento-en-asturias-el-sepa-registra-169-incidencias","status":"publish","type":"post","link":"https:\/\/candas365.es\/noticias\/viento-en-asturias-el-sepa-registra-169-incidencias\/","title":{"rendered":"Viento en Asturias: El SEPA registra 169 incidencias"},"content":{"rendered":"<p>El Servicio de Emergencias del Principado de Asturias (<span style=\"color: #ff6600;\"><a style=\"color: #ff6600;\" href=\"https:\/\/www.112asturias.es\/\" target=\"_blank\" rel=\"noopener\"><strong>SEPA<\/strong><\/a><\/span>) registr\u00f3 entre las 00.00 y las 19.00 horas un total de 169 incidencias relacionadas con los <a href=\"https:\/\/candas365.es\/noticias\/category\/noticias-carreno\/\"><span style=\"color: #ff6600;\"><strong>avisos meteorol\u00f3gicos<\/strong><\/span><\/a> por fen\u00f3menos costeros y viento en la comunidad.<\/p>\n<figure id=\"attachment_191431\" aria-describedby=\"caption-attachment-191431\" style=\"width: 633px\" class=\"wp-caption aligncenter\"><img fetchpriority=\"high\" decoding=\"async\" class=\"size-large wp-image-191431\" src=\"https:\/\/candas365.es\/noticias\/wp-content\/uploads\/2026\/01\/Viento-en-Asturias-SEPA-633x480.jpg\" alt=\"Viento en Asturias SEPA\" width=\"633\" height=\"480\" srcset=\"https:\/\/candas365.es\/noticias\/wp-content\/uploads\/2026\/01\/Viento-en-Asturias-SEPA-633x480.jpg 633w, https:\/\/candas365.es\/noticias\/wp-content\/uploads\/2026\/01\/Viento-en-Asturias-SEPA-360x273.jpg 360w, https:\/\/candas365.es\/noticias\/wp-content\/uploads\/2026\/01\/Viento-en-Asturias-SEPA-768x582.jpg 768w, https:\/\/candas365.es\/noticias\/wp-content\/uploads\/2026\/01\/Viento-en-Asturias-SEPA-150x114.jpg 150w, https:\/\/candas365.es\/noticias\/wp-content\/uploads\/2026\/01\/Viento-en-Asturias-SEPA-450x341.jpg 450w, https:\/\/candas365.es\/noticias\/wp-content\/uploads\/2026\/01\/Viento-en-Asturias-SEPA.jpg 1076w\" sizes=\"(max-width: 633px) 100vw, 633px\" \/><figcaption id=\"caption-attachment-191431\" class=\"wp-caption-text\">Foto: Prensa SEPA<\/figcaption><\/figure>\n<p>La mayor parte de los incidentes, 96 en total, correspondieron a cortes y limpiezas de carreteras por \u00e1rboles u objetos ca\u00eddos en la red viaria, restos de maleza o ramas. Adem\u00e1s, se contabilizaron 69 incidencias vinculadas a la retirada de elementos peligrosos o situaciones de inestabilidad vertical, como desprendimientos en fachadas, aleros o tejados, as\u00ed como postes de alumbrado o telefon\u00eda ca\u00eddos. Todos los incidentes registrados, aunque numerosos, pueden calificarse de car\u00e1cter menor.<\/p>\n<p>Dentro del balance, se detallan 69 incidencias por inestabilidad vertical o retirada de elementos peligrosos; 4 incidentes por se\u00f1ales de tr\u00e1fico ca\u00eddas o rotas; 37 actuaciones de limpieza de la red viaria por restos de maleza, ramas, piedras, \u00e1rboles u otros objetos; y 59 cortes de calzada derivados de objetos ca\u00eddos en la v\u00eda.<\/p>\n<p>En ese mismo intervalo, el Centro de Coordinaci\u00f3n de Emergencias del 112 Asturias atendi\u00f3 un total de 2.790 llamadas, con un incremento significativo de las relacionadas con el episodio de viento.<\/p>\n<h2>Avisos activos y recomendaciones a la poblaci\u00f3n<\/h2>\n<p><strong>Desde el SEPA se recuerda que la <a href=\"https:\/\/www.aemet.es\/es\" target=\"_blank\" rel=\"noopener\"><span style=\"color: #ff6600;\">AEMET<\/span><\/a> mantiene activo hasta las 22.00 horas el aviso rojo por fen\u00f3menos costeros en todo el litoral.<\/strong> A partir de esa hora y hasta las 07.00 horas del lunes 26 de enero, el nivel de aviso baja a naranja.<\/p>\n<p>Ante esta situaci\u00f3n, se reitera a la poblaci\u00f3n que extreme las precauciones y evite acercarse a acantilados, paseos mar\u00edtimos y zonas peligrosas, donde las fuertes rachas de viento pueden provocar ca\u00eddas y, en la costa, arrastres por golpes de mar.<\/p>\n<p>Entre las recomendaciones de autoprotecci\u00f3n figuran alejarse de zonas pr\u00f3ximas a la costa, playas, acantilados o paseos mar\u00edtimos que puedan verse afectados por mareas elevadas y oleaje; evitar la utilizaci\u00f3n de embarcaciones y revisar sus amarras; no practicar deportes acu\u00e1ticos cuando pueda evitarse; no situarse en extremos de muelles o espigones ni arriesgarse a tomar fotograf\u00edas o v\u00eddeos cerca de donde rompen las olas; y advertir a otras personas si se encuentran en lugares peligrosos.<\/p>\n<p>Ante cualquier emergencia, se recuerda que est\u00e1 disponible el tel\u00e9fono 1-1-2.<\/p>\n","protected":false},"excerpt":{"rendered":"<p>El Servicio de Emergencias del Principado de Asturias (SEPA) registr\u00f3 entre las 00.00 y las 19.00 horas un total de 169 incidencias relacionadas con los avisos meteorol\u00f3gicos por fen\u00f3menos costeros y viento en la comunidad. La mayor parte de los incidentes, 96 en total, correspondieron a cortes y limpiezas de carreteras por \u00e1rboles u objetos<\/p>\n","protected":false},"author":1,"featured_media":191431,"comment_status":"closed","ping_status":"closed","sticky":false,"template":"","format":"standard","meta":{"footnotes":""},"categories":[316,487],"tags":[380,391],"class_list":{"0":"post-191430","1":"post","2":"type-post","3":"status-publish","4":"format-standard","5":"has-post-thumbnail","7":"category-destacadas","8":"category-sucesos","9":"tag-asturias","10":"tag-sucesos"},"aioseo_notices":[],"aioseo_head":"\n\t\t<!-- All in One SEO Pro 4.9.6.2 - aioseo.com -->\n\t<meta name=\"description\" content=\"El Servicio de Emergencias del Principado de Asturias (SEPA) registr\u00f3 entre las 00.00 y las 19.00 horas un total de 169 incidencias relacionadas con los avisos\" \/>\n\t<meta name=\"robots\" content=\"max-image-preview:large\" \/>\n\t<meta name=\"author\" content=\"Cand\u00e1s 365\"\/>\n\t<meta name=\"google-site-verification\" content=\"UA-32230408-1\" \/>\n\t<meta name=\"msvalidate.01\" content=\"354F3CDFB2DA171B47FBE9ABF1F88D5\" \/>\n\t<meta name=\"keywords\" content=\"destacadas,sucesos\" \/>\n\t<link rel=\"canonical\" href=\"https:\/\/candas365.es\/noticias\/viento-en-asturias-el-sepa-registra-169-incidencias\/\" \/>\n\t<meta name=\"generator\" content=\"All in One SEO Pro (AIOSEO) 4.9.6.2\" \/>\n\t\t<meta property=\"og:locale\" content=\"es_ES\" \/>\n\t\t<meta property=\"og:site_name\" content=\"Cand\u00e1s 365\" \/>\n\t\t<meta property=\"og:type\" content=\"article\" \/>\n\t\t<meta property=\"og:title\" content=\"Viento en Asturias: El SEPA registra 169 incidencias | Cand\u00e1s 365\" \/>\n\t\t<meta property=\"og:description\" content=\"El Servicio de Emergencias del Principado de Asturias (SEPA) registr\u00f3 entre las 00.00 y las 19.00 horas un total de 169 incidencias relacionadas con los avisos\" \/>\n\t\t<meta property=\"og:url\" content=\"https:\/\/candas365.es\/noticias\/viento-en-asturias-el-sepa-registra-169-incidencias\/\" \/>\n\t\t<meta property=\"og:image\" content=\"https:\/\/candas365.es\/noticias\/wp-content\/uploads\/2026\/01\/Viento-en-Asturias-SEPA.jpg\" \/>\n\t\t<meta property=\"og:image:secure_url\" content=\"https:\/\/candas365.es\/noticias\/wp-content\/uploads\/2026\/01\/Viento-en-Asturias-SEPA.jpg\" \/>\n\t\t<meta property=\"og:image:width\" content=\"1076\" \/>\n\t\t<meta property=\"og:image:height\" content=\"816\" \/>\n\t\t<meta property=\"article:published_time\" content=\"2026-01-25T19:32:44+00:00\" \/>\n\t\t<meta property=\"article:modified_time\" content=\"2026-01-25T19:32:44+00:00\" \/>\n\t\t<meta property=\"article:publisher\" content=\"https:\/\/www.facebook.com\/Nachofdezber\" \/>\n\t\t<meta property=\"article:author\" content=\"https:\/\/www.facebook.com\/carrenoactualidad\" \/>\n\t\t<meta name=\"twitter:card\" content=\"summary_large_image\" \/>\n\t\t<meta name=\"twitter:site\" content=\"@NabercoDigital\" \/>\n\t\t<meta name=\"twitter:title\" content=\"Viento en Asturias: El SEPA registra 169 incidencias | Cand\u00e1s 365\" \/>\n\t\t<meta name=\"twitter:description\" content=\"El Servicio de Emergencias del Principado de Asturias (SEPA) registr\u00f3 entre las 00.00 y las 19.00 horas un total de 169 incidencias relacionadas con los avisos\" \/>\n\t\t<meta name=\"twitter:creator\" content=\"@nbasturias\" \/>\n\t\t<meta name=\"twitter:image\" content=\"https:\/\/candas365.es\/noticias\/wp-content\/uploads\/2026\/01\/Viento-en-Asturias-SEPA.jpg\" \/>\n\t\t<meta name=\"twitter:label1\" content=\"Escrito por\" \/>\n\t\t<meta name=\"twitter:data1\" content=\"Cand\u00e1s 365\" \/>\n\t\t<meta name=\"twitter:label2\" content=\"Tiempo de lectura estimado\" \/>\n\t\t<meta name=\"twitter:data2\" content=\"2 minutos\" \/>\n\t\t<script type=\"application\/ld+json\" class=\"aioseo-schema\">\n\t\t\t{\"@context\":\"https:\\\/\\\/schema.org\",\"@graph\":[{\"@type\":\"BreadcrumbList\",\"@id\":\"https:\\\/\\\/candas365.es\\\/noticias\\\/viento-en-asturias-el-sepa-registra-169-incidencias\\\/#breadcrumblist\",\"itemListElement\":[{\"@type\":\"ListItem\",\"@id\":\"https:\\\/\\\/candas365.es\\\/noticias#listItem\",\"position\":1,\"name\":\"Home\",\"item\":\"https:\\\/\\\/candas365.es\\\/noticias\",\"nextItem\":{\"@type\":\"ListItem\",\"@id\":\"https:\\\/\\\/candas365.es\\\/noticias\\\/category\\\/destacadas\\\/#listItem\",\"name\":\"Destacadas\"}},{\"@type\":\"ListItem\",\"@id\":\"https:\\\/\\\/candas365.es\\\/noticias\\\/category\\\/destacadas\\\/#listItem\",\"position\":2,\"name\":\"Destacadas\",\"item\":\"https:\\\/\\\/candas365.es\\\/noticias\\\/category\\\/destacadas\\\/\",\"nextItem\":{\"@type\":\"ListItem\",\"@id\":\"https:\\\/\\\/candas365.es\\\/noticias\\\/viento-en-asturias-el-sepa-registra-169-incidencias\\\/#listItem\",\"name\":\"Viento en Asturias: El SEPA registra 169 incidencias\"},\"previousItem\":{\"@type\":\"ListItem\",\"@id\":\"https:\\\/\\\/candas365.es\\\/noticias#listItem\",\"name\":\"Home\"}},{\"@type\":\"ListItem\",\"@id\":\"https:\\\/\\\/candas365.es\\\/noticias\\\/viento-en-asturias-el-sepa-registra-169-incidencias\\\/#listItem\",\"position\":3,\"name\":\"Viento en Asturias: El SEPA registra 169 incidencias\",\"previousItem\":{\"@type\":\"ListItem\",\"@id\":\"https:\\\/\\\/candas365.es\\\/noticias\\\/category\\\/destacadas\\\/#listItem\",\"name\":\"Destacadas\"}}]},{\"@type\":\"NewsArticle\",\"@id\":\"https:\\\/\\\/candas365.es\\\/noticias\\\/viento-en-asturias-el-sepa-registra-169-incidencias\\\/#newsarticle\",\"name\":\"Viento en Asturias: El SEPA registra 169 incidencias | Cand\\u00e1s 365\",\"headline\":\"Viento en Asturias: El SEPA registra 169 incidencias\",\"author\":{\"@id\":\"https:\\\/\\\/candas365.es\\\/noticias\\\/author\\\/admin\\\/#author\"},\"publisher\":{\"@id\":\"https:\\\/\\\/candas365.es\\\/noticias\\\/#organization\"},\"image\":{\"@type\":\"ImageObject\",\"url\":\"https:\\\/\\\/candas365.es\\\/noticias\\\/wp-content\\\/uploads\\\/2026\\\/01\\\/Viento-en-Asturias-SEPA.jpg\",\"width\":1076,\"height\":816,\"caption\":\"Foto: Prensa SEPA\"},\"datePublished\":\"2026-01-25T20:32:44+01:00\",\"dateModified\":\"2026-01-25T20:32:44+01:00\",\"inLanguage\":\"es-ES\",\"mainEntityOfPage\":{\"@id\":\"https:\\\/\\\/candas365.es\\\/noticias\\\/viento-en-asturias-el-sepa-registra-169-incidencias\\\/#webpage\"},\"isPartOf\":{\"@id\":\"https:\\\/\\\/candas365.es\\\/noticias\\\/viento-en-asturias-el-sepa-registra-169-incidencias\\\/#webpage\"},\"articleSection\":\"Destacadas, Sucesos, Asturias, sucesos\",\"dateline\":\"Publicado el enero 25, 2026.\"},{\"@type\":\"Organization\",\"@id\":\"https:\\\/\\\/candas365.es\\\/noticias\\\/#organization\",\"name\":\"Cand\\u00e1s 365\",\"description\":\"Cand\\u00e1s 365 es un diario digital independiente, fundado en 2012, con base en Asturias. Informamos con rigor sobre actualidad, sociedad, cultura y ocio, con una mirada local y global.\",\"url\":\"https:\\\/\\\/candas365.es\\\/noticias\\\/\",\"email\":\"info@candas365.es\",\"telephone\":\"+34652131393\",\"foundingDate\":\"2012-06-10\",\"logo\":{\"@type\":\"ImageObject\",\"url\":\"https:\\\/\\\/candas365.es\\\/noticias\\\/wp-content\\\/uploads\\\/2024\\\/09\\\/Candas-365-Redes.jpg\",\"@id\":\"https:\\\/\\\/candas365.es\\\/noticias\\\/viento-en-asturias-el-sepa-registra-169-incidencias\\\/#organizationLogo\",\"width\":1152,\"height\":864,\"caption\":\"Cand\\u00e1s 365 Redes\"},\"image\":{\"@id\":\"https:\\\/\\\/candas365.es\\\/noticias\\\/viento-en-asturias-el-sepa-registra-169-incidencias\\\/#organizationLogo\"},\"sameAs\":[\"https:\\\/\\\/www.facebook.com\\\/Nachofdezber\",\"https:\\\/\\\/x.com\\\/NabercoDigital\",\"https:\\\/\\\/www.instagram.com\\\/nachofdezber\\\/\",\"https:\\\/\\\/www.youtube.com\\\/channel\\\/UCZP-2wLEB9Rv6erhFmqVnvg\"],\"address\":{\"@id\":\"https:\\\/\\\/candas365.es\\\/noticias\\\/#postaladdress\",\"@type\":\"PostalAddress\",\"streetAddress\":\"san antonio 4, san antonio 4\",\"postalCode\":\"33430\",\"addressLocality\":\"Cand\\u00e1s\",\"addressRegion\":\"Asturias\",\"addressCountry\":\"ES\"}},{\"@type\":\"Person\",\"@id\":\"https:\\\/\\\/candas365.es\\\/noticias\\\/author\\\/admin\\\/#author\",\"url\":\"https:\\\/\\\/candas365.es\\\/noticias\\\/author\\\/admin\\\/\",\"name\":\"Cand\\u00e1s 365\",\"image\":{\"@type\":\"ImageObject\",\"@id\":\"https:\\\/\\\/candas365.es\\\/noticias\\\/viento-en-asturias-el-sepa-registra-169-incidencias\\\/#authorImage\",\"url\":\"https:\\\/\\\/secure.gravatar.com\\\/avatar\\\/496a8e03d0c493ede1718b7934145dbdf8d89be1036b0eec9544e1094c9de390?s=96&d=mm&r=g\",\"width\":96,\"height\":96,\"caption\":\"Cand\\u00e1s 365\"},\"sameAs\":[\"https:\\\/\\\/www.facebook.com\\\/carrenoactualidad\",\"https:\\\/\\\/twitter.com\\\/nbasturias\",\"https:\\\/\\\/www.instagram.com\\\/nachofdezber\\\/\",\"https:\\\/\\\/www.youtube.com\\\/channel\\\/UCZP-2wLEB9Rv6erhFmqVnvg\"]},{\"@type\":\"WebPage\",\"@id\":\"https:\\\/\\\/candas365.es\\\/noticias\\\/viento-en-asturias-el-sepa-registra-169-incidencias\\\/#webpage\",\"url\":\"https:\\\/\\\/candas365.es\\\/noticias\\\/viento-en-asturias-el-sepa-registra-169-incidencias\\\/\",\"name\":\"Viento en Asturias: El SEPA registra 169 incidencias | Cand\\u00e1s 365\",\"description\":\"El Servicio de Emergencias del Principado de Asturias (SEPA) registr\\u00f3 entre las 00.00 y las 19.00 horas un total de 169 incidencias relacionadas con los avisos\",\"inLanguage\":\"es-ES\",\"isPartOf\":{\"@id\":\"https:\\\/\\\/candas365.es\\\/noticias\\\/#website\"},\"breadcrumb\":{\"@id\":\"https:\\\/\\\/candas365.es\\\/noticias\\\/viento-en-asturias-el-sepa-registra-169-incidencias\\\/#breadcrumblist\"},\"author\":{\"@id\":\"https:\\\/\\\/candas365.es\\\/noticias\\\/author\\\/admin\\\/#author\"},\"creator\":{\"@id\":\"https:\\\/\\\/candas365.es\\\/noticias\\\/author\\\/admin\\\/#author\"},\"image\":{\"@type\":\"ImageObject\",\"url\":\"https:\\\/\\\/candas365.es\\\/noticias\\\/wp-content\\\/uploads\\\/2026\\\/01\\\/Viento-en-Asturias-SEPA.jpg\",\"@id\":\"https:\\\/\\\/candas365.es\\\/noticias\\\/viento-en-asturias-el-sepa-registra-169-incidencias\\\/#mainImage\",\"width\":1076,\"height\":816,\"caption\":\"Foto: Prensa SEPA\"},\"primaryImageOfPage\":{\"@id\":\"https:\\\/\\\/candas365.es\\\/noticias\\\/viento-en-asturias-el-sepa-registra-169-incidencias\\\/#mainImage\"},\"datePublished\":\"2026-01-25T20:32:44+01:00\",\"dateModified\":\"2026-01-25T20:32:44+01:00\"},{\"@type\":\"WebSite\",\"@id\":\"https:\\\/\\\/candas365.es\\\/noticias\\\/#website\",\"url\":\"https:\\\/\\\/candas365.es\\\/noticias\\\/\",\"name\":\"Cand\\u00e1s 365\",\"alternateName\":\"Cand\\u00e1s 365 Noticias\",\"description\":\"Actualidad desde Carre\\u00f1o para el mundo\",\"inLanguage\":\"es-ES\",\"publisher\":{\"@id\":\"https:\\\/\\\/candas365.es\\\/noticias\\\/#organization\"}}]}\n\t\t<\/script>\n\t\t<!-- All in One SEO Pro -->\r\n\t\t<title>Viento en Asturias: El SEPA registra 169 incidencias | Cand\u00e1s 365<\/title>\n\n","aioseo_head_json":{"title":"Viento en Asturias: El SEPA registra 169 incidencias | Cand\u00e1s 365","description":"El Servicio de Emergencias del Principado de Asturias (SEPA) registr\u00f3 entre las 00.00 y las 19.00 horas un total de 169 incidencias relacionadas con los avisos","canonical_url":"https:\/\/candas365.es\/noticias\/viento-en-asturias-el-sepa-registra-169-incidencias\/","robots":"max-image-preview:large","keywords":"destacadas,sucesos","webmasterTools":{"google-site-verification":"UA-32230408-1","msvalidate.01":"354F3CDFB2DA171B47FBE9ABF1F88D5","miscellaneous":""},"schema":{"@context":"https:\/\/schema.org","@graph":[{"@type":"BreadcrumbList","@id":"https:\/\/candas365.es\/noticias\/viento-en-asturias-el-sepa-registra-169-incidencias\/#breadcrumblist","itemListElement":[{"@type":"ListItem","@id":"https:\/\/candas365.es\/noticias#listItem","position":1,"name":"Home","item":"https:\/\/candas365.es\/noticias","nextItem":{"@type":"ListItem","@id":"https:\/\/candas365.es\/noticias\/category\/destacadas\/#listItem","name":"Destacadas"}},{"@type":"ListItem","@id":"https:\/\/candas365.es\/noticias\/category\/destacadas\/#listItem","position":2,"name":"Destacadas","item":"https:\/\/candas365.es\/noticias\/category\/destacadas\/","nextItem":{"@type":"ListItem","@id":"https:\/\/candas365.es\/noticias\/viento-en-asturias-el-sepa-registra-169-incidencias\/#listItem","name":"Viento en Asturias: El SEPA registra 169 incidencias"},"previousItem":{"@type":"ListItem","@id":"https:\/\/candas365.es\/noticias#listItem","name":"Home"}},{"@type":"ListItem","@id":"https:\/\/candas365.es\/noticias\/viento-en-asturias-el-sepa-registra-169-incidencias\/#listItem","position":3,"name":"Viento en Asturias: El SEPA registra 169 incidencias","previousItem":{"@type":"ListItem","@id":"https:\/\/candas365.es\/noticias\/category\/destacadas\/#listItem","name":"Destacadas"}}]},{"@type":"NewsArticle","@id":"https:\/\/candas365.es\/noticias\/viento-en-asturias-el-sepa-registra-169-incidencias\/#newsarticle","name":"Viento en Asturias: El SEPA registra 169 incidencias | Cand\u00e1s 365","headline":"Viento en Asturias: El SEPA registra 169 incidencias","author":{"@id":"https:\/\/candas365.es\/noticias\/author\/admin\/#author"},"publisher":{"@id":"https:\/\/candas365.es\/noticias\/#organization"},"image":{"@type":"ImageObject","url":"https:\/\/candas365.es\/noticias\/wp-content\/uploads\/2026\/01\/Viento-en-Asturias-SEPA.jpg","width":1076,"height":816,"caption":"Foto: Prensa SEPA"},"datePublished":"2026-01-25T20:32:44+01:00","dateModified":"2026-01-25T20:32:44+01:00","inLanguage":"es-ES","mainEntityOfPage":{"@id":"https:\/\/candas365.es\/noticias\/viento-en-asturias-el-sepa-registra-169-incidencias\/#webpage"},"isPartOf":{"@id":"https:\/\/candas365.es\/noticias\/viento-en-asturias-el-sepa-registra-169-incidencias\/#webpage"},"articleSection":"Destacadas, Sucesos, Asturias, sucesos","dateline":"Publicado el enero 25, 2026."},{"@type":"Organization","@id":"https:\/\/candas365.es\/noticias\/#organization","name":"Cand\u00e1s 365","description":"Cand\u00e1s 365 es un diario digital independiente, fundado en 2012, con base en Asturias. Informamos con rigor sobre actualidad, sociedad, cultura y ocio, con una mirada local y global.","url":"https:\/\/candas365.es\/noticias\/","email":"info@candas365.es","telephone":"+34652131393","foundingDate":"2012-06-10","logo":{"@type":"ImageObject","url":"https:\/\/candas365.es\/noticias\/wp-content\/uploads\/2024\/09\/Candas-365-Redes.jpg","@id":"https:\/\/candas365.es\/noticias\/viento-en-asturias-el-sepa-registra-169-incidencias\/#organizationLogo","width":1152,"height":864,"caption":"Cand\u00e1s 365 Redes"},"image":{"@id":"https:\/\/candas365.es\/noticias\/viento-en-asturias-el-sepa-registra-169-incidencias\/#organizationLogo"},"sameAs":["https:\/\/www.facebook.com\/Nachofdezber","https:\/\/x.com\/NabercoDigital","https:\/\/www.instagram.com\/nachofdezber\/","https:\/\/www.youtube.com\/channel\/UCZP-2wLEB9Rv6erhFmqVnvg"],"address":{"@id":"https:\/\/candas365.es\/noticias\/#postaladdress","@type":"PostalAddress","streetAddress":"san antonio 4, san antonio 4","postalCode":"33430","addressLocality":"Cand\u00e1s","addressRegion":"Asturias","addressCountry":"ES"}},{"@type":"Person","@id":"https:\/\/candas365.es\/noticias\/author\/admin\/#author","url":"https:\/\/candas365.es\/noticias\/author\/admin\/","name":"Cand\u00e1s 365","image":{"@type":"ImageObject","@id":"https:\/\/candas365.es\/noticias\/viento-en-asturias-el-sepa-registra-169-incidencias\/#authorImage","url":"https:\/\/secure.gravatar.com\/avatar\/496a8e03d0c493ede1718b7934145dbdf8d89be1036b0eec9544e1094c9de390?s=96&d=mm&r=g","width":96,"height":96,"caption":"Cand\u00e1s 365"},"sameAs":["https:\/\/www.facebook.com\/carrenoactualidad","https:\/\/twitter.com\/nbasturias","https:\/\/www.instagram.com\/nachofdezber\/","https:\/\/www.youtube.com\/channel\/UCZP-2wLEB9Rv6erhFmqVnvg"]},{"@type":"WebPage","@id":"https:\/\/candas365.es\/noticias\/viento-en-asturias-el-sepa-registra-169-incidencias\/#webpage","url":"https:\/\/candas365.es\/noticias\/viento-en-asturias-el-sepa-registra-169-incidencias\/","name":"Viento en Asturias: El SEPA registra 169 incidencias | Cand\u00e1s 365","description":"El Servicio de Emergencias del Principado de Asturias (SEPA) registr\u00f3 entre las 00.00 y las 19.00 horas un total de 169 incidencias relacionadas con los avisos","inLanguage":"es-ES","isPartOf":{"@id":"https:\/\/candas365.es\/noticias\/#website"},"breadcrumb":{"@id":"https:\/\/candas365.es\/noticias\/viento-en-asturias-el-sepa-registra-169-incidencias\/#breadcrumblist"},"author":{"@id":"https:\/\/candas365.es\/noticias\/author\/admin\/#author"},"creator":{"@id":"https:\/\/candas365.es\/noticias\/author\/admin\/#author"},"image":{"@type":"ImageObject","url":"https:\/\/candas365.es\/noticias\/wp-content\/uploads\/2026\/01\/Viento-en-Asturias-SEPA.jpg","@id":"https:\/\/candas365.es\/noticias\/viento-en-asturias-el-sepa-registra-169-incidencias\/#mainImage","width":1076,"height":816,"caption":"Foto: Prensa SEPA"},"primaryImageOfPage":{"@id":"https:\/\/candas365.es\/noticias\/viento-en-asturias-el-sepa-registra-169-incidencias\/#mainImage"},"datePublished":"2026-01-25T20:32:44+01:00","dateModified":"2026-01-25T20:32:44+01:00"},{"@type":"WebSite","@id":"https:\/\/candas365.es\/noticias\/#website","url":"https:\/\/candas365.es\/noticias\/","name":"Cand\u00e1s 365","alternateName":"Cand\u00e1s 365 Noticias","description":"Actualidad desde Carre\u00f1o para el mundo","inLanguage":"es-ES","publisher":{"@id":"https:\/\/candas365.es\/noticias\/#organization"}}]},"og:locale":"es_ES","og:site_name":"Cand\u00e1s 365","og:type":"article","og:title":"Viento en Asturias: El SEPA registra 169 incidencias | Cand\u00e1s 365","og:description":"El Servicio de Emergencias del Principado de Asturias (SEPA) registr\u00f3 entre las 00.00 y las 19.00 horas un total de 169 incidencias relacionadas con los avisos","og:url":"https:\/\/candas365.es\/noticias\/viento-en-asturias-el-sepa-registra-169-incidencias\/","og:image":"https:\/\/candas365.es\/noticias\/wp-content\/uploads\/2026\/01\/Viento-en-Asturias-SEPA.jpg","og:image:secure_url":"https:\/\/candas365.es\/noticias\/wp-content\/uploads\/2026\/01\/Viento-en-Asturias-SEPA.jpg","og:image:width":1076,"og:image:height":816,"article:published_time":"2026-01-25T19:32:44+00:00","article:modified_time":"2026-01-25T19:32:44+00:00","article:publisher":"https:\/\/www.facebook.com\/Nachofdezber","article:author":"https:\/\/www.facebook.com\/carrenoactualidad","twitter:card":"summary_large_image","twitter:site":"@NabercoDigital","twitter:title":"Viento en Asturias: El SEPA registra 169 incidencias | Cand\u00e1s 365","twitter:description":"El Servicio de Emergencias del Principado de Asturias (SEPA) registr\u00f3 entre las 00.00 y las 19.00 horas un total de 169 incidencias relacionadas con los avisos","twitter:creator":"@nbasturias","twitter:image":"https:\/\/candas365.es\/noticias\/wp-content\/uploads\/2026\/01\/Viento-en-Asturias-SEPA.jpg","twitter:label1":"Escrito por","twitter:data1":"Cand\u00e1s 365","twitter:label2":"Tiempo de lectura estimado","twitter:data2":"2 minutos"},"aioseo_meta_data":{"post_id":"191430","title":null,"description":"El Servicio de Emergencias del Principado de Asturias (SEPA) registr\u00f3 entre las 00.00 y las 19.00 horas un total de 169 incidencias relacionadas con los avisos","keywords":null,"keyphrases":{"focus":{"keyphrase":"Asturias","score":91,"analysis":{"keyphraseInTitle":{"score":9,"maxScore":9,"error":0},"keyphraseInDescription":{"score":9,"maxScore":9,"error":0},"keyphraseLength":{"score":9,"maxScore":9,"error":0,"length":1},"keyphraseInURL":{"score":5,"maxScore":5,"error":0},"keyphraseInIntroduction":{"score":9,"maxScore":9,"error":0},"keyphraseInSubHeadings":{"score":3,"maxScore":9,"error":1},"keyphraseInImageAlt":{"score":9,"maxScore":9,"error":0},"keywordDensity":{"type":"best","score":9,"maxScore":9,"error":0}}},"additional":[{"keyphrase":"SEPA","score":100,"analysis":{"keyphraseInDescription":{"score":9,"maxScore":9,"error":0},"keyphraseLength":{"score":9,"maxScore":9,"error":0,"length":1},"keyphraseInIntroduction":{"score":9,"maxScore":9,"error":0},"keyphraseInImageAlt":{"score":9,"maxScore":9,"error":0},"keywordDensity":{"type":"best","score":9,"maxScore":9,"error":0}}}]},"primary_term":null,"canonical_url":null,"og_title":null,"og_description":null,"og_object_type":"default","og_image_type":"default","og_image_url":null,"og_image_width":null,"og_image_height":null,"og_image_custom_url":null,"og_image_custom_fields":null,"og_video":"","og_custom_url":null,"og_article_section":null,"og_article_tags":null,"twitter_use_og":false,"twitter_card":"default","twitter_image_type":"default","twitter_image_url":null,"twitter_image_custom_url":null,"twitter_image_custom_fields":null,"twitter_title":null,"twitter_description":null,"schema":{"blockGraphs":[],"customGraphs":[],"default":{"data":{"Article":[],"Course":[],"Dataset":[],"FAQPage":[],"Movie":[],"Person":[],"Product":[],"ProductReview":[],"Car":[],"Recipe":[],"Service":[],"SoftwareApplication":[],"WebPage":[]},"graphName":"Article","isEnabled":true},"graphs":[]},"schema_type":"default","schema_type_options":null,"pillar_content":false,"robots_default":true,"robots_noindex":false,"robots_noarchive":false,"robots_nosnippet":false,"robots_nofollow":false,"robots_noimageindex":false,"robots_noodp":false,"robots_notranslate":false,"robots_max_snippet":"-1","robots_max_videopreview":"-1","robots_max_imagepreview":"large","priority":null,"frequency":"default","location":null,"local_seo":null,"seo_analyzer_scan_date":"2026-01-25 19:35:39","breadcrumb_settings":null,"limit_modified_date":false,"reviewed_by":null,"open_ai":null,"ai":{"faqs":[],"keyPoints":[],"titles":[],"descriptions":[],"socialPosts":{"email":[],"linkedin":[],"twitter":[],"facebook":[],"instagram":[]}},"created":"2026-01-25 19:24:31","updated":"2026-01-25 19:47:36"},"aioseo_breadcrumb":"<div class=\"aioseo-breadcrumbs\"><span class=\"aioseo-breadcrumb\">\n\t<a href=\"https:\/\/candas365.es\/noticias\" title=\"Home\">Home<\/a>\n<\/span><span class=\"aioseo-breadcrumb-separator\">&ndash;<\/span><span class=\"aioseo-breadcrumb\">\n\t<a href=\"https:\/\/candas365.es\/noticias\/category\/destacadas\/\" title=\"Destacadas\">Destacadas<\/a>\n<\/span><span class=\"aioseo-breadcrumb-separator\">&ndash;<\/span><span class=\"aioseo-breadcrumb\">\n\tViento en Asturias: El SEPA registra 169 incidencias\n<\/span><\/div>","aioseo_breadcrumb_json":[{"label":"Home","link":"https:\/\/candas365.es\/noticias"},{"label":"Destacadas","link":"https:\/\/candas365.es\/noticias\/category\/destacadas\/"},{"label":"Viento en Asturias: El SEPA registra 169 incidencias","link":"https:\/\/candas365.es\/noticias\/viento-en-asturias-el-sepa-registra-169-incidencias\/"}],"_links":{"self":[{"href":"https:\/\/candas365.es\/noticias\/wp-json\/wp\/v2\/posts\/191430","targetHints":{"allow":["GET"]}}],"collection":[{"href":"https:\/\/candas365.es\/noticias\/wp-json\/wp\/v2\/posts"}],"about":[{"href":"https:\/\/candas365.es\/noticias\/wp-json\/wp\/v2\/types\/post"}],"author":[{"embeddable":true,"href":"https:\/\/candas365.es\/noticias\/wp-json\/wp\/v2\/users\/1"}],"replies":[{"embeddable":true,"href":"https:\/\/candas365.es\/noticias\/wp-json\/wp\/v2\/comments?post=191430"}],"version-history":[{"count":0,"href":"https:\/\/candas365.es\/noticias\/wp-json\/wp\/v2\/posts\/191430\/revisions"}],"wp:featuredmedia":[{"embeddable":true,"href":"https:\/\/candas365.es\/noticias\/wp-json\/wp\/v2\/media\/191431"}],"wp:attachment":[{"href":"https:\/\/candas365.es\/noticias\/wp-json\/wp\/v2\/media?parent=191430"}],"wp:term":[{"taxonomy":"category","embeddable":true,"href":"https:\/\/candas365.es\/noticias\/wp-json\/wp\/v2\/categories?post=191430"},{"taxonomy":"post_tag","embeddable":true,"href":"https:\/\/candas365.es\/noticias\/wp-json\/wp\/v2\/tags?post=191430"}],"curies":[{"name":"wp","href":"https:\/\/api.w.org\/{rel}","templated":true}]}}