{"id":191278,"date":"2026-01-09T18:23:53","date_gmt":"2026-01-09T17:23:53","guid":{"rendered":"https:\/\/candas365.es\/noticias\/?p=191278"},"modified":"2026-01-09T18:23:53","modified_gmt":"2026-01-09T17:23:53","slug":"luz-y-gas-es-posible-ahorrar-en-2026","status":"publish","type":"post","link":"https:\/\/candas365.es\/noticias\/luz-y-gas-es-posible-ahorrar-en-2026\/","title":{"rendered":"Luz y gas: \u00bfEs posible ahorrar en 2026?"},"content":{"rendered":"<p>La <a href=\"https:\/\/candas365.es\/noticias\/category\/economia\/\"><span style=\"color: #ff6600;\"><strong>factura de la luz<\/strong><\/span><\/a> y el gas preocupa cada vez m\u00e1s a las familias. Los <a href=\"https:\/\/naberco.es\/category\/economia\/\" target=\"_blank\" rel=\"noopener\"><span style=\"color: #ff6600;\"><strong>precios de la energ\u00eda<\/strong><\/span><\/a> han subido considerablemente en los \u00faltimos a\u00f1os, y todo indica que se mantendr\u00e1n altos durante bastante tiempo. Adem\u00e1s del impacto econ\u00f3mico, el consumo energ\u00e9tico tiene consecuencias ambientales directas. Reducir el gasto energ\u00e9tico en el hogar no solo ahorra dinero, tambi\u00e9n contribuye a disminuir la huella de carbono. <strong>Afortunadamente, existen medidas sencillas y efectivas que cualquier hogar puede implementar para consumir menos energ\u00eda sin renunciar al confort.<\/strong><\/p>\n<figure id=\"attachment_191279\" aria-describedby=\"caption-attachment-191279\" style=\"width: 650px\" class=\"wp-caption aligncenter\"><img fetchpriority=\"high\" decoding=\"async\" class=\"size-large wp-image-191279\" src=\"https:\/\/candas365.es\/noticias\/wp-content\/uploads\/2026\/01\/Luz-650x444.jpg\" alt=\"Luz\" width=\"650\" height=\"444\" srcset=\"https:\/\/candas365.es\/noticias\/wp-content\/uploads\/2026\/01\/Luz-650x444.jpg 650w, https:\/\/candas365.es\/noticias\/wp-content\/uploads\/2026\/01\/Luz-360x246.jpg 360w, https:\/\/candas365.es\/noticias\/wp-content\/uploads\/2026\/01\/Luz-768x525.jpg 768w, https:\/\/candas365.es\/noticias\/wp-content\/uploads\/2026\/01\/Luz-150x102.jpg 150w, https:\/\/candas365.es\/noticias\/wp-content\/uploads\/2026\/01\/Luz-450x307.jpg 450w, https:\/\/candas365.es\/noticias\/wp-content\/uploads\/2026\/01\/Luz.jpg 1193w\" sizes=\"(max-width: 650px) 100vw, 650px\" \/><figcaption id=\"caption-attachment-191279\" class=\"wp-caption-text\">Foto: 123rf.com<\/figcaption><\/figure>\n<h2>Aislamiento y climatizaci\u00f3n<\/h2>\n<p>Gran parte de la energ\u00eda consumida en un hogar se destina a calefacci\u00f3n y aire acondicionado. Si la vivienda est\u00e1 mal aislada, ese calor o fr\u00edo se escapa r\u00e1pidamente, obligando a los sistemas de climatizaci\u00f3n a trabajar constantemente. <strong>Mejorar el aislamiento es una de las inversiones m\u00e1s rentables a largo plazo.<\/strong><\/p>\n<p><strong>Las ventanas son puntos cr\u00edticos de p\u00e9rdida de calor<\/strong>. Si son antiguas y de cristal simple, sustituirlas por ventanas de doble acristalamiento reduce dr\u00e1sticamente las p\u00e9rdidas energ\u00e9ticas. Si cambiar las ventanas no es viable, instalar burletes en marcos y puertas ayuda a sellar rendijas por donde se escapa el calor. <strong>Las cortinas gruesas o estores t\u00e9rmicos tambi\u00e9n aportan aislamiento adicional durante la noche.<\/strong><\/p>\n<p><strong>Mantener la calefacci\u00f3n a una temperatura razonable<\/strong>, entre 19 y 21 grados durante el d\u00eda y 16 o 17 por la noche, reduce significativamente el consumo. Cada grado adicional aumenta el gasto energ\u00e9tico alrededor de un siete por ciento. Usar termostatos programables permite ajustar la temperatura seg\u00fan las horas del d\u00eda y evita mantener la calefacci\u00f3n encendida cuando no hay nadie en casa.<\/p>\n<p>En verano, cerrar persianas y cortinas durante las horas de m\u00e1s calor impide que el sol caliente excesivamente el interior. Ventilar la casa por la noche y temprano por la ma\u00f1ana, cuando el aire es m\u00e1s fresco, ayuda a mantener una temperatura agradable sin necesidad de aire acondicionado constante.<\/p>\n<h2>Electrodom\u00e9sticos eficientes<\/h2>\n<p>Los electrodom\u00e9sticos representan una parte importante del consumo el\u00e9ctrico del hogar. Al comprar uno nuevo, elegir modelos con etiqueta energ\u00e9tica A o superior garantiza un menor consumo a largo plazo. Aunque el precio inicial pueda ser algo mayor, el ahorro en la factura el\u00e9ctrica compensa la diferencia en pocos a\u00f1os.<\/p>\n<p>La nevera y el congelador funcionan las veinticuatro horas del d\u00eda, por lo que su eficiencia es crucial. Mantenerlos a la temperatura adecuada (4 o 5 grados la nevera, -18 el congelador) y no abrirlos innecesariamente reduce el consumo. Descongelarlos regularmente si forman escarcha tambi\u00e9n mejora su eficiencia.<\/p>\n<p>La lavadora y el lavavajillas consumen m\u00e1s energ\u00eda cuando funcionan con agua caliente. Utilizar programas de baja temperatura o en fr\u00edo siempre que sea posible reduce notablemente el gasto. Adem\u00e1s, usarlos solo cuando est\u00e9n llenos optimiza cada ciclo de lavado.<\/p>\n<p><strong>Desconectar completamente los aparatos electr\u00f3nicos cuando no se usan<\/strong>, en lugar de dejarlos en modo espera, elimina el consumo fantasma. Cargadores, televisores, ordenadores y otros dispositivos siguen consumiendo electricidad en standby. Usar regletas con interruptor facilita desconectar varios aparatos a la vez.<\/p>\n<h2>Iluminaci\u00f3n eficiente<\/h2>\n<p>La iluminaci\u00f3n representa alrededor del diez por ciento del consumo el\u00e9ctrico de un hogar. Sustituir las bombillas incandescentes o hal\u00f3genas por LED reduce dr\u00e1sticamente el gasto. <strong>Las bombillas LED consumen hasta un ochenta por ciento menos de energ\u00eda y duran mucho m\u00e1s tiempo.<\/strong><\/p>\n<p>Aprovechar al m\u00e1ximo la luz natural tambi\u00e9n ayuda. Mantener limpias las ventanas, usar colores claros en paredes y techos que reflejen la luz, y distribuir adecuadamente los muebles para no bloquear la entrada de luz son medidas sencillas pero efectivas.<\/p>\n<p>Apagar las luces al salir de una habitaci\u00f3n parece obvio, pero es un h\u00e1bito que no siempre se practica. Instalar detectores de presencia en zonas de paso como pasillos o escaleras puede ser \u00fatil para evitar luces encendidas innecesariamente.<\/p>\n<h1>Agua caliente<\/h1>\n<p>Calentar agua consume mucha energ\u00eda. Reducir la temperatura del termo a 60 grados es suficiente para el uso dom\u00e9stico y evita consumos excesivos. Duchas cortas en lugar de ba\u00f1os, y cerrar el grifo mientras se enjabonan las manos o se cepillan los dientes son gestos sencillos que ahorran agua caliente y, por tanto, energ\u00eda.<\/p>\n<p>Instalar reductores de caudal en grifos y duchas reduce el consumo de agua sin afectar al confort. Estos dispositivos mezclan aire con el agua, manteniendo la sensaci\u00f3n de presi\u00f3n pero utilizando menos litros.<\/p>\n<p><strong>El ahorro energ\u00e9tico en el hogar no requiere grandes sacrificios<\/strong>. Con peque\u00f1os cambios de h\u00e1bitos, inversiones moderadas en aislamiento e iluminaci\u00f3n eficiente, y un uso consciente de electrodom\u00e9sticos y climatizaci\u00f3n, es posible reducir considerablemente la factura energ\u00e9tica y contribuir a un consumo m\u00e1s sostenible.<\/p>\n","protected":false},"excerpt":{"rendered":"<p>La factura de la luz y el gas preocupa cada vez m\u00e1s a las familias. Los precios de la energ\u00eda han subido considerablemente en los \u00faltimos a\u00f1os, y todo indica que se mantendr\u00e1n altos durante bastante tiempo. Adem\u00e1s del impacto econ\u00f3mico, el consumo energ\u00e9tico tiene consecuencias ambientales directas. Reducir el gasto energ\u00e9tico en el hogar<\/p>\n","protected":false},"author":1,"featured_media":191279,"comment_status":"closed","ping_status":"closed","sticky":false,"template":"","format":"standard","meta":{"footnotes":""},"categories":[486],"tags":[423],"class_list":{"0":"post-191278","1":"post","2":"type-post","3":"status-publish","4":"format-standard","5":"has-post-thumbnail","7":"category-economia","8":"tag-hogar"},"aioseo_notices":[],"aioseo_head":"\n\t\t<!-- All in One SEO Pro 4.9.6.2 - aioseo.com -->\n\t<meta name=\"description\" content=\"La factura de la luz y el gas preocupa cada vez m\u00e1s a las familias. Los precios de la energ\u00eda han subido considerablemente en los \u00faltimos a\u00f1os, y todo indica\" \/>\n\t<meta name=\"robots\" content=\"max-image-preview:large\" \/>\n\t<meta name=\"author\" content=\"Cand\u00e1s 365\"\/>\n\t<meta name=\"google-site-verification\" content=\"UA-32230408-1\" \/>\n\t<meta name=\"msvalidate.01\" content=\"354F3CDFB2DA171B47FBE9ABF1F88D5\" \/>\n\t<meta name=\"keywords\" content=\"econom\u00eda\" \/>\n\t<link rel=\"canonical\" href=\"https:\/\/candas365.es\/noticias\/luz-y-gas-es-posible-ahorrar-en-2026\/\" \/>\n\t<meta name=\"generator\" content=\"All in One SEO Pro (AIOSEO) 4.9.6.2\" \/>\n\t\t<meta property=\"og:locale\" content=\"es_ES\" \/>\n\t\t<meta property=\"og:site_name\" content=\"Cand\u00e1s 365\" \/>\n\t\t<meta property=\"og:type\" content=\"article\" \/>\n\t\t<meta property=\"og:title\" content=\"Luz y gas: \u00bfEs posible ahorrar en 2026? | Cand\u00e1s 365\" \/>\n\t\t<meta property=\"og:description\" content=\"La factura de la luz y el gas preocupa cada vez m\u00e1s a las familias. Los precios de la energ\u00eda han subido considerablemente en los \u00faltimos a\u00f1os, y todo indica\" \/>\n\t\t<meta property=\"og:url\" content=\"https:\/\/candas365.es\/noticias\/luz-y-gas-es-posible-ahorrar-en-2026\/\" \/>\n\t\t<meta property=\"og:image\" content=\"https:\/\/candas365.es\/noticias\/wp-content\/uploads\/2026\/01\/Luz.jpg\" \/>\n\t\t<meta property=\"og:image:secure_url\" content=\"https:\/\/candas365.es\/noticias\/wp-content\/uploads\/2026\/01\/Luz.jpg\" \/>\n\t\t<meta property=\"og:image:width\" content=\"1193\" \/>\n\t\t<meta property=\"og:image:height\" content=\"815\" \/>\n\t\t<meta property=\"article:published_time\" content=\"2026-01-09T17:23:53+00:00\" \/>\n\t\t<meta property=\"article:modified_time\" content=\"2026-01-09T17:23:53+00:00\" \/>\n\t\t<meta property=\"article:publisher\" content=\"https:\/\/www.facebook.com\/Nachofdezber\" \/>\n\t\t<meta property=\"article:author\" content=\"https:\/\/www.facebook.com\/carrenoactualidad\" \/>\n\t\t<meta name=\"twitter:card\" content=\"summary_large_image\" \/>\n\t\t<meta name=\"twitter:site\" content=\"@NabercoDigital\" \/>\n\t\t<meta name=\"twitter:title\" content=\"Luz y gas: \u00bfEs posible ahorrar en 2026? | Cand\u00e1s 365\" \/>\n\t\t<meta name=\"twitter:description\" content=\"La factura de la luz y el gas preocupa cada vez m\u00e1s a las familias. Los precios de la energ\u00eda han subido considerablemente en los \u00faltimos a\u00f1os, y todo indica\" \/>\n\t\t<meta name=\"twitter:creator\" content=\"@nbasturias\" \/>\n\t\t<meta name=\"twitter:image\" content=\"https:\/\/candas365.es\/noticias\/wp-content\/uploads\/2026\/01\/Luz.jpg\" \/>\n\t\t<meta name=\"twitter:label1\" content=\"Escrito por\" \/>\n\t\t<meta name=\"twitter:data1\" content=\"Cand\u00e1s 365\" \/>\n\t\t<meta name=\"twitter:label2\" content=\"Tiempo de lectura estimado\" \/>\n\t\t<meta name=\"twitter:data2\" content=\"4 minutos\" \/>\n\t\t<script type=\"application\/ld+json\" class=\"aioseo-schema\">\n\t\t\t{\"@context\":\"https:\\\/\\\/schema.org\",\"@graph\":[{\"@type\":\"BreadcrumbList\",\"@id\":\"https:\\\/\\\/candas365.es\\\/noticias\\\/luz-y-gas-es-posible-ahorrar-en-2026\\\/#breadcrumblist\",\"itemListElement\":[{\"@type\":\"ListItem\",\"@id\":\"https:\\\/\\\/candas365.es\\\/noticias#listItem\",\"position\":1,\"name\":\"Home\",\"item\":\"https:\\\/\\\/candas365.es\\\/noticias\",\"nextItem\":{\"@type\":\"ListItem\",\"@id\":\"https:\\\/\\\/candas365.es\\\/noticias\\\/category\\\/economia\\\/#listItem\",\"name\":\"Econom\\u00eda\"}},{\"@type\":\"ListItem\",\"@id\":\"https:\\\/\\\/candas365.es\\\/noticias\\\/category\\\/economia\\\/#listItem\",\"position\":2,\"name\":\"Econom\\u00eda\",\"item\":\"https:\\\/\\\/candas365.es\\\/noticias\\\/category\\\/economia\\\/\",\"nextItem\":{\"@type\":\"ListItem\",\"@id\":\"https:\\\/\\\/candas365.es\\\/noticias\\\/luz-y-gas-es-posible-ahorrar-en-2026\\\/#listItem\",\"name\":\"Luz y gas: \\u00bfEs posible ahorrar en 2026?\"},\"previousItem\":{\"@type\":\"ListItem\",\"@id\":\"https:\\\/\\\/candas365.es\\\/noticias#listItem\",\"name\":\"Home\"}},{\"@type\":\"ListItem\",\"@id\":\"https:\\\/\\\/candas365.es\\\/noticias\\\/luz-y-gas-es-posible-ahorrar-en-2026\\\/#listItem\",\"position\":3,\"name\":\"Luz y gas: \\u00bfEs posible ahorrar en 2026?\",\"previousItem\":{\"@type\":\"ListItem\",\"@id\":\"https:\\\/\\\/candas365.es\\\/noticias\\\/category\\\/economia\\\/#listItem\",\"name\":\"Econom\\u00eda\"}}]},{\"@type\":\"NewsArticle\",\"@id\":\"https:\\\/\\\/candas365.es\\\/noticias\\\/luz-y-gas-es-posible-ahorrar-en-2026\\\/#newsarticle\",\"name\":\"Luz y gas: \\u00bfEs posible ahorrar en 2026? | Cand\\u00e1s 365\",\"headline\":\"Luz y gas: \\u00bfEs posible ahorrar en 2026?\",\"author\":{\"@id\":\"https:\\\/\\\/candas365.es\\\/noticias\\\/author\\\/admin\\\/#author\"},\"publisher\":{\"@id\":\"https:\\\/\\\/candas365.es\\\/noticias\\\/#organization\"},\"image\":{\"@type\":\"ImageObject\",\"url\":\"https:\\\/\\\/candas365.es\\\/noticias\\\/wp-content\\\/uploads\\\/2026\\\/01\\\/Luz.jpg\",\"width\":1193,\"height\":815,\"caption\":\"Foto: 123rf.com\"},\"datePublished\":\"2026-01-09T18:23:53+01:00\",\"dateModified\":\"2026-01-09T18:23:53+01:00\",\"inLanguage\":\"es-ES\",\"mainEntityOfPage\":{\"@id\":\"https:\\\/\\\/candas365.es\\\/noticias\\\/luz-y-gas-es-posible-ahorrar-en-2026\\\/#webpage\"},\"isPartOf\":{\"@id\":\"https:\\\/\\\/candas365.es\\\/noticias\\\/luz-y-gas-es-posible-ahorrar-en-2026\\\/#webpage\"},\"articleSection\":\"Econom\\u00eda, Hogar\",\"dateline\":\"Publicado el enero 9, 2026.\"},{\"@type\":\"Organization\",\"@id\":\"https:\\\/\\\/candas365.es\\\/noticias\\\/#organization\",\"name\":\"Cand\\u00e1s 365\",\"description\":\"Cand\\u00e1s 365 es un diario digital independiente, fundado en 2012, con base en Asturias. Informamos con rigor sobre actualidad, sociedad, cultura y ocio, con una mirada local y global.\",\"url\":\"https:\\\/\\\/candas365.es\\\/noticias\\\/\",\"email\":\"info@candas365.es\",\"telephone\":\"+34652131393\",\"foundingDate\":\"2012-06-10\",\"logo\":{\"@type\":\"ImageObject\",\"url\":\"https:\\\/\\\/candas365.es\\\/noticias\\\/wp-content\\\/uploads\\\/2024\\\/09\\\/Candas-365-Redes.jpg\",\"@id\":\"https:\\\/\\\/candas365.es\\\/noticias\\\/luz-y-gas-es-posible-ahorrar-en-2026\\\/#organizationLogo\",\"width\":1152,\"height\":864,\"caption\":\"Cand\\u00e1s 365 Redes\"},\"image\":{\"@id\":\"https:\\\/\\\/candas365.es\\\/noticias\\\/luz-y-gas-es-posible-ahorrar-en-2026\\\/#organizationLogo\"},\"sameAs\":[\"https:\\\/\\\/www.facebook.com\\\/Nachofdezber\",\"https:\\\/\\\/x.com\\\/NabercoDigital\",\"https:\\\/\\\/www.instagram.com\\\/nachofdezber\\\/\",\"https:\\\/\\\/www.youtube.com\\\/channel\\\/UCZP-2wLEB9Rv6erhFmqVnvg\"],\"address\":{\"@id\":\"https:\\\/\\\/candas365.es\\\/noticias\\\/#postaladdress\",\"@type\":\"PostalAddress\",\"streetAddress\":\"san antonio 4, san antonio 4\",\"postalCode\":\"33430\",\"addressLocality\":\"Cand\\u00e1s\",\"addressRegion\":\"Asturias\",\"addressCountry\":\"ES\"}},{\"@type\":\"Person\",\"@id\":\"https:\\\/\\\/candas365.es\\\/noticias\\\/author\\\/admin\\\/#author\",\"url\":\"https:\\\/\\\/candas365.es\\\/noticias\\\/author\\\/admin\\\/\",\"name\":\"Cand\\u00e1s 365\",\"image\":{\"@type\":\"ImageObject\",\"@id\":\"https:\\\/\\\/candas365.es\\\/noticias\\\/luz-y-gas-es-posible-ahorrar-en-2026\\\/#authorImage\",\"url\":\"https:\\\/\\\/secure.gravatar.com\\\/avatar\\\/496a8e03d0c493ede1718b7934145dbdf8d89be1036b0eec9544e1094c9de390?s=96&d=mm&r=g\",\"width\":96,\"height\":96,\"caption\":\"Cand\\u00e1s 365\"},\"sameAs\":[\"https:\\\/\\\/www.facebook.com\\\/carrenoactualidad\",\"https:\\\/\\\/twitter.com\\\/nbasturias\",\"https:\\\/\\\/www.instagram.com\\\/nachofdezber\\\/\",\"https:\\\/\\\/www.youtube.com\\\/channel\\\/UCZP-2wLEB9Rv6erhFmqVnvg\"]},{\"@type\":\"WebPage\",\"@id\":\"https:\\\/\\\/candas365.es\\\/noticias\\\/luz-y-gas-es-posible-ahorrar-en-2026\\\/#webpage\",\"url\":\"https:\\\/\\\/candas365.es\\\/noticias\\\/luz-y-gas-es-posible-ahorrar-en-2026\\\/\",\"name\":\"Luz y gas: \\u00bfEs posible ahorrar en 2026? | Cand\\u00e1s 365\",\"description\":\"La factura de la luz y el gas preocupa cada vez m\\u00e1s a las familias. Los precios de la energ\\u00eda han subido considerablemente en los \\u00faltimos a\\u00f1os, y todo indica\",\"inLanguage\":\"es-ES\",\"isPartOf\":{\"@id\":\"https:\\\/\\\/candas365.es\\\/noticias\\\/#website\"},\"breadcrumb\":{\"@id\":\"https:\\\/\\\/candas365.es\\\/noticias\\\/luz-y-gas-es-posible-ahorrar-en-2026\\\/#breadcrumblist\"},\"author\":{\"@id\":\"https:\\\/\\\/candas365.es\\\/noticias\\\/author\\\/admin\\\/#author\"},\"creator\":{\"@id\":\"https:\\\/\\\/candas365.es\\\/noticias\\\/author\\\/admin\\\/#author\"},\"image\":{\"@type\":\"ImageObject\",\"url\":\"https:\\\/\\\/candas365.es\\\/noticias\\\/wp-content\\\/uploads\\\/2026\\\/01\\\/Luz.jpg\",\"@id\":\"https:\\\/\\\/candas365.es\\\/noticias\\\/luz-y-gas-es-posible-ahorrar-en-2026\\\/#mainImage\",\"width\":1193,\"height\":815,\"caption\":\"Foto: 123rf.com\"},\"primaryImageOfPage\":{\"@id\":\"https:\\\/\\\/candas365.es\\\/noticias\\\/luz-y-gas-es-posible-ahorrar-en-2026\\\/#mainImage\"},\"datePublished\":\"2026-01-09T18:23:53+01:00\",\"dateModified\":\"2026-01-09T18:23:53+01:00\"},{\"@type\":\"WebSite\",\"@id\":\"https:\\\/\\\/candas365.es\\\/noticias\\\/#website\",\"url\":\"https:\\\/\\\/candas365.es\\\/noticias\\\/\",\"name\":\"Cand\\u00e1s 365\",\"alternateName\":\"Cand\\u00e1s 365 Noticias\",\"description\":\"Actualidad desde Carre\\u00f1o para el mundo\",\"inLanguage\":\"es-ES\",\"publisher\":{\"@id\":\"https:\\\/\\\/candas365.es\\\/noticias\\\/#organization\"}}]}\n\t\t<\/script>\n\t\t<!-- All in One SEO Pro -->\r\n\t\t<title>Luz y gas: \u00bfEs posible ahorrar en 2026? | Cand\u00e1s 365<\/title>\n\n","aioseo_head_json":{"title":"Luz y gas: \u00bfEs posible ahorrar en 2026? | Cand\u00e1s 365","description":"La factura de la luz y el gas preocupa cada vez m\u00e1s a las familias. Los precios de la energ\u00eda han subido considerablemente en los \u00faltimos a\u00f1os, y todo indica","canonical_url":"https:\/\/candas365.es\/noticias\/luz-y-gas-es-posible-ahorrar-en-2026\/","robots":"max-image-preview:large","keywords":"econom\u00eda","webmasterTools":{"google-site-verification":"UA-32230408-1","msvalidate.01":"354F3CDFB2DA171B47FBE9ABF1F88D5","miscellaneous":""},"schema":{"@context":"https:\/\/schema.org","@graph":[{"@type":"BreadcrumbList","@id":"https:\/\/candas365.es\/noticias\/luz-y-gas-es-posible-ahorrar-en-2026\/#breadcrumblist","itemListElement":[{"@type":"ListItem","@id":"https:\/\/candas365.es\/noticias#listItem","position":1,"name":"Home","item":"https:\/\/candas365.es\/noticias","nextItem":{"@type":"ListItem","@id":"https:\/\/candas365.es\/noticias\/category\/economia\/#listItem","name":"Econom\u00eda"}},{"@type":"ListItem","@id":"https:\/\/candas365.es\/noticias\/category\/economia\/#listItem","position":2,"name":"Econom\u00eda","item":"https:\/\/candas365.es\/noticias\/category\/economia\/","nextItem":{"@type":"ListItem","@id":"https:\/\/candas365.es\/noticias\/luz-y-gas-es-posible-ahorrar-en-2026\/#listItem","name":"Luz y gas: \u00bfEs posible ahorrar en 2026?"},"previousItem":{"@type":"ListItem","@id":"https:\/\/candas365.es\/noticias#listItem","name":"Home"}},{"@type":"ListItem","@id":"https:\/\/candas365.es\/noticias\/luz-y-gas-es-posible-ahorrar-en-2026\/#listItem","position":3,"name":"Luz y gas: \u00bfEs posible ahorrar en 2026?","previousItem":{"@type":"ListItem","@id":"https:\/\/candas365.es\/noticias\/category\/economia\/#listItem","name":"Econom\u00eda"}}]},{"@type":"NewsArticle","@id":"https:\/\/candas365.es\/noticias\/luz-y-gas-es-posible-ahorrar-en-2026\/#newsarticle","name":"Luz y gas: \u00bfEs posible ahorrar en 2026? | Cand\u00e1s 365","headline":"Luz y gas: \u00bfEs posible ahorrar en 2026?","author":{"@id":"https:\/\/candas365.es\/noticias\/author\/admin\/#author"},"publisher":{"@id":"https:\/\/candas365.es\/noticias\/#organization"},"image":{"@type":"ImageObject","url":"https:\/\/candas365.es\/noticias\/wp-content\/uploads\/2026\/01\/Luz.jpg","width":1193,"height":815,"caption":"Foto: 123rf.com"},"datePublished":"2026-01-09T18:23:53+01:00","dateModified":"2026-01-09T18:23:53+01:00","inLanguage":"es-ES","mainEntityOfPage":{"@id":"https:\/\/candas365.es\/noticias\/luz-y-gas-es-posible-ahorrar-en-2026\/#webpage"},"isPartOf":{"@id":"https:\/\/candas365.es\/noticias\/luz-y-gas-es-posible-ahorrar-en-2026\/#webpage"},"articleSection":"Econom\u00eda, Hogar","dateline":"Publicado el enero 9, 2026."},{"@type":"Organization","@id":"https:\/\/candas365.es\/noticias\/#organization","name":"Cand\u00e1s 365","description":"Cand\u00e1s 365 es un diario digital independiente, fundado en 2012, con base en Asturias. Informamos con rigor sobre actualidad, sociedad, cultura y ocio, con una mirada local y global.","url":"https:\/\/candas365.es\/noticias\/","email":"info@candas365.es","telephone":"+34652131393","foundingDate":"2012-06-10","logo":{"@type":"ImageObject","url":"https:\/\/candas365.es\/noticias\/wp-content\/uploads\/2024\/09\/Candas-365-Redes.jpg","@id":"https:\/\/candas365.es\/noticias\/luz-y-gas-es-posible-ahorrar-en-2026\/#organizationLogo","width":1152,"height":864,"caption":"Cand\u00e1s 365 Redes"},"image":{"@id":"https:\/\/candas365.es\/noticias\/luz-y-gas-es-posible-ahorrar-en-2026\/#organizationLogo"},"sameAs":["https:\/\/www.facebook.com\/Nachofdezber","https:\/\/x.com\/NabercoDigital","https:\/\/www.instagram.com\/nachofdezber\/","https:\/\/www.youtube.com\/channel\/UCZP-2wLEB9Rv6erhFmqVnvg"],"address":{"@id":"https:\/\/candas365.es\/noticias\/#postaladdress","@type":"PostalAddress","streetAddress":"san antonio 4, san antonio 4","postalCode":"33430","addressLocality":"Cand\u00e1s","addressRegion":"Asturias","addressCountry":"ES"}},{"@type":"Person","@id":"https:\/\/candas365.es\/noticias\/author\/admin\/#author","url":"https:\/\/candas365.es\/noticias\/author\/admin\/","name":"Cand\u00e1s 365","image":{"@type":"ImageObject","@id":"https:\/\/candas365.es\/noticias\/luz-y-gas-es-posible-ahorrar-en-2026\/#authorImage","url":"https:\/\/secure.gravatar.com\/avatar\/496a8e03d0c493ede1718b7934145dbdf8d89be1036b0eec9544e1094c9de390?s=96&d=mm&r=g","width":96,"height":96,"caption":"Cand\u00e1s 365"},"sameAs":["https:\/\/www.facebook.com\/carrenoactualidad","https:\/\/twitter.com\/nbasturias","https:\/\/www.instagram.com\/nachofdezber\/","https:\/\/www.youtube.com\/channel\/UCZP-2wLEB9Rv6erhFmqVnvg"]},{"@type":"WebPage","@id":"https:\/\/candas365.es\/noticias\/luz-y-gas-es-posible-ahorrar-en-2026\/#webpage","url":"https:\/\/candas365.es\/noticias\/luz-y-gas-es-posible-ahorrar-en-2026\/","name":"Luz y gas: \u00bfEs posible ahorrar en 2026? | Cand\u00e1s 365","description":"La factura de la luz y el gas preocupa cada vez m\u00e1s a las familias. Los precios de la energ\u00eda han subido considerablemente en los \u00faltimos a\u00f1os, y todo indica","inLanguage":"es-ES","isPartOf":{"@id":"https:\/\/candas365.es\/noticias\/#website"},"breadcrumb":{"@id":"https:\/\/candas365.es\/noticias\/luz-y-gas-es-posible-ahorrar-en-2026\/#breadcrumblist"},"author":{"@id":"https:\/\/candas365.es\/noticias\/author\/admin\/#author"},"creator":{"@id":"https:\/\/candas365.es\/noticias\/author\/admin\/#author"},"image":{"@type":"ImageObject","url":"https:\/\/candas365.es\/noticias\/wp-content\/uploads\/2026\/01\/Luz.jpg","@id":"https:\/\/candas365.es\/noticias\/luz-y-gas-es-posible-ahorrar-en-2026\/#mainImage","width":1193,"height":815,"caption":"Foto: 123rf.com"},"primaryImageOfPage":{"@id":"https:\/\/candas365.es\/noticias\/luz-y-gas-es-posible-ahorrar-en-2026\/#mainImage"},"datePublished":"2026-01-09T18:23:53+01:00","dateModified":"2026-01-09T18:23:53+01:00"},{"@type":"WebSite","@id":"https:\/\/candas365.es\/noticias\/#website","url":"https:\/\/candas365.es\/noticias\/","name":"Cand\u00e1s 365","alternateName":"Cand\u00e1s 365 Noticias","description":"Actualidad desde Carre\u00f1o para el mundo","inLanguage":"es-ES","publisher":{"@id":"https:\/\/candas365.es\/noticias\/#organization"}}]},"og:locale":"es_ES","og:site_name":"Cand\u00e1s 365","og:type":"article","og:title":"Luz y gas: \u00bfEs posible ahorrar en 2026? | Cand\u00e1s 365","og:description":"La factura de la luz y el gas preocupa cada vez m\u00e1s a las familias. Los precios de la energ\u00eda han subido considerablemente en los \u00faltimos a\u00f1os, y todo indica","og:url":"https:\/\/candas365.es\/noticias\/luz-y-gas-es-posible-ahorrar-en-2026\/","og:image":"https:\/\/candas365.es\/noticias\/wp-content\/uploads\/2026\/01\/Luz.jpg","og:image:secure_url":"https:\/\/candas365.es\/noticias\/wp-content\/uploads\/2026\/01\/Luz.jpg","og:image:width":1193,"og:image:height":815,"article:published_time":"2026-01-09T17:23:53+00:00","article:modified_time":"2026-01-09T17:23:53+00:00","article:publisher":"https:\/\/www.facebook.com\/Nachofdezber","article:author":"https:\/\/www.facebook.com\/carrenoactualidad","twitter:card":"summary_large_image","twitter:site":"@NabercoDigital","twitter:title":"Luz y gas: \u00bfEs posible ahorrar en 2026? | Cand\u00e1s 365","twitter:description":"La factura de la luz y el gas preocupa cada vez m\u00e1s a las familias. Los precios de la energ\u00eda han subido considerablemente en los \u00faltimos a\u00f1os, y todo indica","twitter:creator":"@nbasturias","twitter:image":"https:\/\/candas365.es\/noticias\/wp-content\/uploads\/2026\/01\/Luz.jpg","twitter:label1":"Escrito por","twitter:data1":"Cand\u00e1s 365","twitter:label2":"Tiempo de lectura estimado","twitter:data2":"4 minutos"},"aioseo_meta_data":{"post_id":"191278","title":null,"description":"La factura de la luz y el gas preocupa cada vez m\u00e1s a las familias. Los precios de la energ\u00eda han subido considerablemente en los \u00faltimos a\u00f1os, y todo indica","keywords":null,"keyphrases":{"focus":{"keyphrase":"luz","score":78,"analysis":{"keyphraseInTitle":{"score":9,"maxScore":9,"error":0},"keyphraseInDescription":{"score":9,"maxScore":9,"error":0},"keyphraseLength":{"score":9,"maxScore":9,"error":0,"length":1},"keyphraseInURL":{"score":5,"maxScore":5,"error":0},"keyphraseInIntroduction":{"score":9,"maxScore":9,"error":0},"keyphraseInSubHeadings":{"score":3,"maxScore":9,"error":1},"keyphraseInImageAlt":{"score":9,"maxScore":9,"error":0},"keywordDensity":{"score":0,"type":"low","maxScore":9,"error":1}}},"additional":[{"keyphrase":"luz","score":80,"analysis":{"keyphraseInDescription":{"score":9,"maxScore":9,"error":0},"keyphraseLength":{"score":9,"maxScore":9,"error":0,"length":1},"keyphraseInIntroduction":{"score":9,"maxScore":9,"error":0},"keyphraseInImageAlt":{"score":9,"maxScore":9,"error":0},"keywordDensity":{"score":0,"type":"low","maxScore":9,"error":1}}}]},"primary_term":null,"canonical_url":null,"og_title":null,"og_description":null,"og_object_type":"default","og_image_type":"default","og_image_url":null,"og_image_width":null,"og_image_height":null,"og_image_custom_url":null,"og_image_custom_fields":null,"og_video":"","og_custom_url":null,"og_article_section":null,"og_article_tags":null,"twitter_use_og":false,"twitter_card":"default","twitter_image_type":"default","twitter_image_url":null,"twitter_image_custom_url":null,"twitter_image_custom_fields":null,"twitter_title":null,"twitter_description":null,"schema":{"blockGraphs":[],"customGraphs":[],"default":{"data":{"Article":[],"Course":[],"Dataset":[],"FAQPage":[],"Movie":[],"Person":[],"Product":[],"ProductReview":[],"Car":[],"Recipe":[],"Service":[],"SoftwareApplication":[],"WebPage":[]},"graphName":"Article","isEnabled":true},"graphs":[]},"schema_type":"default","schema_type_options":null,"pillar_content":false,"robots_default":true,"robots_noindex":false,"robots_noarchive":false,"robots_nosnippet":false,"robots_nofollow":false,"robots_noimageindex":false,"robots_noodp":false,"robots_notranslate":false,"robots_max_snippet":"-1","robots_max_videopreview":"-1","robots_max_imagepreview":"large","priority":null,"frequency":"default","location":null,"local_seo":null,"seo_analyzer_scan_date":"2026-01-09 17:26:31","breadcrumb_settings":null,"limit_modified_date":false,"reviewed_by":null,"open_ai":null,"ai":{"faqs":[],"keyPoints":[],"titles":[],"descriptions":[],"socialPosts":{"email":[],"linkedin":[],"twitter":[],"facebook":[],"instagram":[]}},"created":"2026-01-09 17:14:00","updated":"2026-01-09 17:31:37"},"aioseo_breadcrumb":"<div class=\"aioseo-breadcrumbs\"><span class=\"aioseo-breadcrumb\">\n\t<a href=\"https:\/\/candas365.es\/noticias\" title=\"Home\">Home<\/a>\n<\/span><span class=\"aioseo-breadcrumb-separator\">&ndash;<\/span><span class=\"aioseo-breadcrumb\">\n\t<a href=\"https:\/\/candas365.es\/noticias\/category\/economia\/\" title=\"Econom\u00eda\">Econom\u00eda<\/a>\n<\/span><span class=\"aioseo-breadcrumb-separator\">&ndash;<\/span><span class=\"aioseo-breadcrumb\">\n\tLuz y gas: \u00bfEs posible ahorrar en 2026?\n<\/span><\/div>","aioseo_breadcrumb_json":[{"label":"Home","link":"https:\/\/candas365.es\/noticias"},{"label":"Econom\u00eda","link":"https:\/\/candas365.es\/noticias\/category\/economia\/"},{"label":"Luz y gas: \u00bfEs posible ahorrar en 2026?","link":"https:\/\/candas365.es\/noticias\/luz-y-gas-es-posible-ahorrar-en-2026\/"}],"_links":{"self":[{"href":"https:\/\/candas365.es\/noticias\/wp-json\/wp\/v2\/posts\/191278","targetHints":{"allow":["GET"]}}],"collection":[{"href":"https:\/\/candas365.es\/noticias\/wp-json\/wp\/v2\/posts"}],"about":[{"href":"https:\/\/candas365.es\/noticias\/wp-json\/wp\/v2\/types\/post"}],"author":[{"embeddable":true,"href":"https:\/\/candas365.es\/noticias\/wp-json\/wp\/v2\/users\/1"}],"replies":[{"embeddable":true,"href":"https:\/\/candas365.es\/noticias\/wp-json\/wp\/v2\/comments?post=191278"}],"version-history":[{"count":0,"href":"https:\/\/candas365.es\/noticias\/wp-json\/wp\/v2\/posts\/191278\/revisions"}],"wp:featuredmedia":[{"embeddable":true,"href":"https:\/\/candas365.es\/noticias\/wp-json\/wp\/v2\/media\/191279"}],"wp:attachment":[{"href":"https:\/\/candas365.es\/noticias\/wp-json\/wp\/v2\/media?parent=191278"}],"wp:term":[{"taxonomy":"category","embeddable":true,"href":"https:\/\/candas365.es\/noticias\/wp-json\/wp\/v2\/categories?post=191278"},{"taxonomy":"post_tag","embeddable":true,"href":"https:\/\/candas365.es\/noticias\/wp-json\/wp\/v2\/tags?post=191278"}],"curies":[{"name":"wp","href":"https:\/\/api.w.org\/{rel}","templated":true}]}}