{"id":191201,"date":"2026-01-06T09:38:44","date_gmt":"2026-01-06T08:38:44","guid":{"rendered":"https:\/\/candas365.es\/noticias\/?p=191201"},"modified":"2026-01-06T09:38:44","modified_gmt":"2026-01-06T08:38:44","slug":"calcinada-una-casa-en-muros-de-nalon","status":"publish","type":"post","link":"https:\/\/candas365.es\/noticias\/calcinada-una-casa-en-muros-de-nalon\/","title":{"rendered":"Calcinada una casa en Muros de Nal\u00f3n"},"content":{"rendered":"<p>Una casa ha resultado calcinada en Muros de Nal\u00f3n por un <a href=\"https:\/\/candas365.es\/noticias\/category\/sucesos\/\"><span style=\"color: #ff6600;\"><strong>incendio<\/strong><\/span><\/a>, el SEPA ha informado de que efectivos de Bomberos del Servicio de Emergencias del Principado de Asturias (<span style=\"color: #ff6600;\"><strong><a style=\"color: #ff6600;\" title=\"SEPA\" href=\"https:\/\/www.112asturias.es\/\" target=\"_blank\" rel=\"noopener\">SEPA<\/a><\/strong><\/span>) con el Jefe de Bomberos de la Zona Centro han sofocado el incendio de una casa en la plaza Marqu\u00e9s en Muros de Nal\u00f3n. La casa ha resultado calcinada<\/p>\n<figure id=\"attachment_191202\" aria-describedby=\"caption-attachment-191202\" style=\"width: 646px\" class=\"wp-caption aligncenter\"><img fetchpriority=\"high\" decoding=\"async\" class=\"size-large wp-image-191202\" src=\"https:\/\/candas365.es\/noticias\/wp-content\/uploads\/2026\/01\/Calcinada-una-casa-en-Muros-de-Nalon-646x480.jpg\" alt=\"Calcinada una casa en Muros de Nal\u00f3n\" width=\"646\" height=\"480\" srcset=\"https:\/\/candas365.es\/noticias\/wp-content\/uploads\/2026\/01\/Calcinada-una-casa-en-Muros-de-Nalon-646x480.jpg 646w, https:\/\/candas365.es\/noticias\/wp-content\/uploads\/2026\/01\/Calcinada-una-casa-en-Muros-de-Nalon-360x267.jpg 360w, https:\/\/candas365.es\/noticias\/wp-content\/uploads\/2026\/01\/Calcinada-una-casa-en-Muros-de-Nalon-768x570.jpg 768w, https:\/\/candas365.es\/noticias\/wp-content\/uploads\/2026\/01\/Calcinada-una-casa-en-Muros-de-Nalon-150x111.jpg 150w, https:\/\/candas365.es\/noticias\/wp-content\/uploads\/2026\/01\/Calcinada-una-casa-en-Muros-de-Nalon-450x334.jpg 450w, https:\/\/candas365.es\/noticias\/wp-content\/uploads\/2026\/01\/Calcinada-una-casa-en-Muros-de-Nalon.jpg 1135w\" sizes=\"(max-width: 646px) 100vw, 646px\" \/><figcaption id=\"caption-attachment-191202\" class=\"wp-caption-text\">Foto: Prensa SEPA<\/figcaption><\/figure>\n<p><strong>El Centro de Coordinaci\u00f3n de Emergencias recibi\u00f3 el aviso a las 1:16 horas.<\/strong> En la llamada se indic\u00f3 que hab\u00eda fuego en el tejado de un edificio de tres alturas y de madera. De inmediato se moviliz\u00f3 a efectivos de bomberos de los parques de Avil\u00e9s, Pravia y Proaza que se trasladaron con tres autobombas forestales, dos veh\u00edculos primera salida, la autoescalera, el veh\u00edculo nodriza y el furg\u00f3n multisocorro.<\/p>\n<p>Cuando llegaron al lugar, los efectivos se encontraron con el incendio desarrollado. Los bomberos se centraron en evitar la propagaci\u00f3n a las edificaciones anexas. <strong>El inmueble colaps\u00f3 en su interior. Finalmente la dotaci\u00f3n logr\u00f3 confinar el incendio para evitar su propagaci\u00f3n. Los efectivos permanecen en la zona realizando tareas de refrigeraci\u00f3n y desescombro.<\/strong><\/p>\n<p>La sala del 112 inform\u00f3 a la Guardia Civil y al Servicio de Atenci\u00f3n M\u00e9dica Urgente (SAMU).<\/p>\n","protected":false},"excerpt":{"rendered":"<p>Una casa ha resultado calcinada en Muros de Nal\u00f3n por un incendio, el SEPA ha informado de que efectivos de Bomberos del Servicio de Emergencias del Principado de Asturias (SEPA) con el Jefe de Bomberos de la Zona Centro han sofocado el incendio de una casa en la plaza Marqu\u00e9s en Muros de Nal\u00f3n. La<\/p>\n","protected":false},"author":1,"featured_media":191202,"comment_status":"closed","ping_status":"closed","sticky":false,"template":"","format":"standard","meta":{"footnotes":""},"categories":[487],"tags":[391],"class_list":{"0":"post-191201","1":"post","2":"type-post","3":"status-publish","4":"format-standard","5":"has-post-thumbnail","7":"category-sucesos","8":"tag-sucesos"},"aioseo_notices":[],"aioseo_head":"\n\t\t<!-- All in One SEO Pro 4.9.6.2 - aioseo.com -->\n\t<meta name=\"description\" content=\"Una casa ha resultado calcinada en Muros de Nal\u00f3n por un incendio, el SEPA ha informado de que efectivos de Bomberos del Servicio de Emergencias del Principado\" \/>\n\t<meta name=\"robots\" content=\"max-image-preview:large\" \/>\n\t<meta name=\"author\" content=\"Cand\u00e1s 365\"\/>\n\t<meta name=\"google-site-verification\" content=\"UA-32230408-1\" \/>\n\t<meta name=\"msvalidate.01\" content=\"354F3CDFB2DA171B47FBE9ABF1F88D5\" \/>\n\t<meta name=\"keywords\" content=\"sucesos\" \/>\n\t<link rel=\"canonical\" href=\"https:\/\/candas365.es\/noticias\/calcinada-una-casa-en-muros-de-nalon\/\" \/>\n\t<meta name=\"generator\" content=\"All in One SEO Pro (AIOSEO) 4.9.6.2\" \/>\n\t\t<meta property=\"og:locale\" content=\"es_ES\" \/>\n\t\t<meta property=\"og:site_name\" content=\"Cand\u00e1s 365\" \/>\n\t\t<meta property=\"og:type\" content=\"article\" \/>\n\t\t<meta property=\"og:title\" content=\"Calcinada una casa en Muros de Nal\u00f3n | Cand\u00e1s 365\" \/>\n\t\t<meta property=\"og:description\" content=\"Una casa ha resultado calcinada en Muros de Nal\u00f3n por un incendio, el SEPA ha informado de que efectivos de Bomberos del Servicio de Emergencias del Principado\" \/>\n\t\t<meta property=\"og:url\" content=\"https:\/\/candas365.es\/noticias\/calcinada-una-casa-en-muros-de-nalon\/\" \/>\n\t\t<meta property=\"og:image\" content=\"https:\/\/candas365.es\/noticias\/wp-content\/uploads\/2026\/01\/Calcinada-una-casa-en-Muros-de-Nalon.jpg\" \/>\n\t\t<meta property=\"og:image:secure_url\" content=\"https:\/\/candas365.es\/noticias\/wp-content\/uploads\/2026\/01\/Calcinada-una-casa-en-Muros-de-Nalon.jpg\" \/>\n\t\t<meta property=\"og:image:width\" content=\"1135\" \/>\n\t\t<meta property=\"og:image:height\" content=\"843\" \/>\n\t\t<meta property=\"article:published_time\" content=\"2026-01-06T08:38:44+00:00\" \/>\n\t\t<meta property=\"article:modified_time\" content=\"2026-01-06T08:38:44+00:00\" \/>\n\t\t<meta property=\"article:publisher\" content=\"https:\/\/www.facebook.com\/Nachofdezber\" \/>\n\t\t<meta property=\"article:author\" content=\"https:\/\/www.facebook.com\/carrenoactualidad\" \/>\n\t\t<meta name=\"twitter:card\" content=\"summary_large_image\" \/>\n\t\t<meta name=\"twitter:site\" content=\"@NabercoDigital\" \/>\n\t\t<meta name=\"twitter:title\" content=\"Calcinada una casa en Muros de Nal\u00f3n | Cand\u00e1s 365\" \/>\n\t\t<meta name=\"twitter:description\" content=\"Una casa ha resultado calcinada en Muros de Nal\u00f3n por un incendio, el SEPA ha informado de que efectivos de Bomberos del Servicio de Emergencias del Principado\" \/>\n\t\t<meta name=\"twitter:creator\" content=\"@nbasturias\" \/>\n\t\t<meta name=\"twitter:image\" content=\"https:\/\/candas365.es\/noticias\/wp-content\/uploads\/2026\/01\/Calcinada-una-casa-en-Muros-de-Nalon.jpg\" \/>\n\t\t<meta name=\"twitter:label1\" content=\"Escrito por\" \/>\n\t\t<meta name=\"twitter:data1\" content=\"Cand\u00e1s 365\" \/>\n\t\t<meta name=\"twitter:label2\" content=\"Tiempo de lectura estimado\" \/>\n\t\t<meta name=\"twitter:data2\" content=\"1 minuto\" \/>\n\t\t<script type=\"application\/ld+json\" class=\"aioseo-schema\">\n\t\t\t{\"@context\":\"https:\\\/\\\/schema.org\",\"@graph\":[{\"@type\":\"BreadcrumbList\",\"@id\":\"https:\\\/\\\/candas365.es\\\/noticias\\\/calcinada-una-casa-en-muros-de-nalon\\\/#breadcrumblist\",\"itemListElement\":[{\"@type\":\"ListItem\",\"@id\":\"https:\\\/\\\/candas365.es\\\/noticias#listItem\",\"position\":1,\"name\":\"Home\",\"item\":\"https:\\\/\\\/candas365.es\\\/noticias\",\"nextItem\":{\"@type\":\"ListItem\",\"@id\":\"https:\\\/\\\/candas365.es\\\/noticias\\\/category\\\/sucesos\\\/#listItem\",\"name\":\"Sucesos\"}},{\"@type\":\"ListItem\",\"@id\":\"https:\\\/\\\/candas365.es\\\/noticias\\\/category\\\/sucesos\\\/#listItem\",\"position\":2,\"name\":\"Sucesos\",\"item\":\"https:\\\/\\\/candas365.es\\\/noticias\\\/category\\\/sucesos\\\/\",\"nextItem\":{\"@type\":\"ListItem\",\"@id\":\"https:\\\/\\\/candas365.es\\\/noticias\\\/calcinada-una-casa-en-muros-de-nalon\\\/#listItem\",\"name\":\"Calcinada una casa en Muros de Nal\\u00f3n\"},\"previousItem\":{\"@type\":\"ListItem\",\"@id\":\"https:\\\/\\\/candas365.es\\\/noticias#listItem\",\"name\":\"Home\"}},{\"@type\":\"ListItem\",\"@id\":\"https:\\\/\\\/candas365.es\\\/noticias\\\/calcinada-una-casa-en-muros-de-nalon\\\/#listItem\",\"position\":3,\"name\":\"Calcinada una casa en Muros de Nal\\u00f3n\",\"previousItem\":{\"@type\":\"ListItem\",\"@id\":\"https:\\\/\\\/candas365.es\\\/noticias\\\/category\\\/sucesos\\\/#listItem\",\"name\":\"Sucesos\"}}]},{\"@type\":\"NewsArticle\",\"@id\":\"https:\\\/\\\/candas365.es\\\/noticias\\\/calcinada-una-casa-en-muros-de-nalon\\\/#newsarticle\",\"name\":\"Calcinada una casa en Muros de Nal\\u00f3n | Cand\\u00e1s 365\",\"headline\":\"Calcinada una casa en Muros de Nal\\u00f3n\",\"author\":{\"@id\":\"https:\\\/\\\/candas365.es\\\/noticias\\\/author\\\/admin\\\/#author\"},\"publisher\":{\"@id\":\"https:\\\/\\\/candas365.es\\\/noticias\\\/#organization\"},\"image\":{\"@type\":\"ImageObject\",\"url\":\"https:\\\/\\\/candas365.es\\\/noticias\\\/wp-content\\\/uploads\\\/2026\\\/01\\\/Calcinada-una-casa-en-Muros-de-Nalon.jpg\",\"width\":1135,\"height\":843,\"caption\":\"Foto: Prensa SEPA\"},\"datePublished\":\"2026-01-06T09:38:44+01:00\",\"dateModified\":\"2026-01-06T09:38:44+01:00\",\"inLanguage\":\"es-ES\",\"mainEntityOfPage\":{\"@id\":\"https:\\\/\\\/candas365.es\\\/noticias\\\/calcinada-una-casa-en-muros-de-nalon\\\/#webpage\"},\"isPartOf\":{\"@id\":\"https:\\\/\\\/candas365.es\\\/noticias\\\/calcinada-una-casa-en-muros-de-nalon\\\/#webpage\"},\"articleSection\":\"Sucesos, sucesos\",\"dateline\":\"Publicado el enero 6, 2026.\"},{\"@type\":\"Organization\",\"@id\":\"https:\\\/\\\/candas365.es\\\/noticias\\\/#organization\",\"name\":\"Cand\\u00e1s 365\",\"description\":\"Cand\\u00e1s 365 es un diario digital independiente, fundado en 2012, con base en Asturias. Informamos con rigor sobre actualidad, sociedad, cultura y ocio, con una mirada local y global.\",\"url\":\"https:\\\/\\\/candas365.es\\\/noticias\\\/\",\"email\":\"info@candas365.es\",\"telephone\":\"+34652131393\",\"foundingDate\":\"2012-06-10\",\"logo\":{\"@type\":\"ImageObject\",\"url\":\"https:\\\/\\\/candas365.es\\\/noticias\\\/wp-content\\\/uploads\\\/2024\\\/09\\\/Candas-365-Redes.jpg\",\"@id\":\"https:\\\/\\\/candas365.es\\\/noticias\\\/calcinada-una-casa-en-muros-de-nalon\\\/#organizationLogo\",\"width\":1152,\"height\":864,\"caption\":\"Cand\\u00e1s 365 Redes\"},\"image\":{\"@id\":\"https:\\\/\\\/candas365.es\\\/noticias\\\/calcinada-una-casa-en-muros-de-nalon\\\/#organizationLogo\"},\"sameAs\":[\"https:\\\/\\\/www.facebook.com\\\/Nachofdezber\",\"https:\\\/\\\/x.com\\\/NabercoDigital\",\"https:\\\/\\\/www.instagram.com\\\/nachofdezber\\\/\",\"https:\\\/\\\/www.youtube.com\\\/channel\\\/UCZP-2wLEB9Rv6erhFmqVnvg\"],\"address\":{\"@id\":\"https:\\\/\\\/candas365.es\\\/noticias\\\/#postaladdress\",\"@type\":\"PostalAddress\",\"streetAddress\":\"san antonio 4, san antonio 4\",\"postalCode\":\"33430\",\"addressLocality\":\"Cand\\u00e1s\",\"addressRegion\":\"Asturias\",\"addressCountry\":\"ES\"}},{\"@type\":\"Person\",\"@id\":\"https:\\\/\\\/candas365.es\\\/noticias\\\/author\\\/admin\\\/#author\",\"url\":\"https:\\\/\\\/candas365.es\\\/noticias\\\/author\\\/admin\\\/\",\"name\":\"Cand\\u00e1s 365\",\"image\":{\"@type\":\"ImageObject\",\"@id\":\"https:\\\/\\\/candas365.es\\\/noticias\\\/calcinada-una-casa-en-muros-de-nalon\\\/#authorImage\",\"url\":\"https:\\\/\\\/secure.gravatar.com\\\/avatar\\\/496a8e03d0c493ede1718b7934145dbdf8d89be1036b0eec9544e1094c9de390?s=96&d=mm&r=g\",\"width\":96,\"height\":96,\"caption\":\"Cand\\u00e1s 365\"},\"sameAs\":[\"https:\\\/\\\/www.facebook.com\\\/carrenoactualidad\",\"https:\\\/\\\/twitter.com\\\/nbasturias\",\"https:\\\/\\\/www.instagram.com\\\/nachofdezber\\\/\",\"https:\\\/\\\/www.youtube.com\\\/channel\\\/UCZP-2wLEB9Rv6erhFmqVnvg\"]},{\"@type\":\"WebPage\",\"@id\":\"https:\\\/\\\/candas365.es\\\/noticias\\\/calcinada-una-casa-en-muros-de-nalon\\\/#webpage\",\"url\":\"https:\\\/\\\/candas365.es\\\/noticias\\\/calcinada-una-casa-en-muros-de-nalon\\\/\",\"name\":\"Calcinada una casa en Muros de Nal\\u00f3n | Cand\\u00e1s 365\",\"description\":\"Una casa ha resultado calcinada en Muros de Nal\\u00f3n por un incendio, el SEPA ha informado de que efectivos de Bomberos del Servicio de Emergencias del Principado\",\"inLanguage\":\"es-ES\",\"isPartOf\":{\"@id\":\"https:\\\/\\\/candas365.es\\\/noticias\\\/#website\"},\"breadcrumb\":{\"@id\":\"https:\\\/\\\/candas365.es\\\/noticias\\\/calcinada-una-casa-en-muros-de-nalon\\\/#breadcrumblist\"},\"author\":{\"@id\":\"https:\\\/\\\/candas365.es\\\/noticias\\\/author\\\/admin\\\/#author\"},\"creator\":{\"@id\":\"https:\\\/\\\/candas365.es\\\/noticias\\\/author\\\/admin\\\/#author\"},\"image\":{\"@type\":\"ImageObject\",\"url\":\"https:\\\/\\\/candas365.es\\\/noticias\\\/wp-content\\\/uploads\\\/2026\\\/01\\\/Calcinada-una-casa-en-Muros-de-Nalon.jpg\",\"@id\":\"https:\\\/\\\/candas365.es\\\/noticias\\\/calcinada-una-casa-en-muros-de-nalon\\\/#mainImage\",\"width\":1135,\"height\":843,\"caption\":\"Foto: Prensa SEPA\"},\"primaryImageOfPage\":{\"@id\":\"https:\\\/\\\/candas365.es\\\/noticias\\\/calcinada-una-casa-en-muros-de-nalon\\\/#mainImage\"},\"datePublished\":\"2026-01-06T09:38:44+01:00\",\"dateModified\":\"2026-01-06T09:38:44+01:00\"},{\"@type\":\"WebSite\",\"@id\":\"https:\\\/\\\/candas365.es\\\/noticias\\\/#website\",\"url\":\"https:\\\/\\\/candas365.es\\\/noticias\\\/\",\"name\":\"Cand\\u00e1s 365\",\"alternateName\":\"Cand\\u00e1s 365 Noticias\",\"description\":\"Actualidad desde Carre\\u00f1o para el mundo\",\"inLanguage\":\"es-ES\",\"publisher\":{\"@id\":\"https:\\\/\\\/candas365.es\\\/noticias\\\/#organization\"}}]}\n\t\t<\/script>\n\t\t<!-- All in One SEO Pro -->\r\n\t\t<title>Calcinada una casa en Muros de Nal\u00f3n | Cand\u00e1s 365<\/title>\n\n","aioseo_head_json":{"title":"Calcinada una casa en Muros de Nal\u00f3n | Cand\u00e1s 365","description":"Una casa ha resultado calcinada en Muros de Nal\u00f3n por un incendio, el SEPA ha informado de que efectivos de Bomberos del Servicio de Emergencias del Principado","canonical_url":"https:\/\/candas365.es\/noticias\/calcinada-una-casa-en-muros-de-nalon\/","robots":"max-image-preview:large","keywords":"sucesos","webmasterTools":{"google-site-verification":"UA-32230408-1","msvalidate.01":"354F3CDFB2DA171B47FBE9ABF1F88D5","miscellaneous":""},"schema":{"@context":"https:\/\/schema.org","@graph":[{"@type":"BreadcrumbList","@id":"https:\/\/candas365.es\/noticias\/calcinada-una-casa-en-muros-de-nalon\/#breadcrumblist","itemListElement":[{"@type":"ListItem","@id":"https:\/\/candas365.es\/noticias#listItem","position":1,"name":"Home","item":"https:\/\/candas365.es\/noticias","nextItem":{"@type":"ListItem","@id":"https:\/\/candas365.es\/noticias\/category\/sucesos\/#listItem","name":"Sucesos"}},{"@type":"ListItem","@id":"https:\/\/candas365.es\/noticias\/category\/sucesos\/#listItem","position":2,"name":"Sucesos","item":"https:\/\/candas365.es\/noticias\/category\/sucesos\/","nextItem":{"@type":"ListItem","@id":"https:\/\/candas365.es\/noticias\/calcinada-una-casa-en-muros-de-nalon\/#listItem","name":"Calcinada una casa en Muros de Nal\u00f3n"},"previousItem":{"@type":"ListItem","@id":"https:\/\/candas365.es\/noticias#listItem","name":"Home"}},{"@type":"ListItem","@id":"https:\/\/candas365.es\/noticias\/calcinada-una-casa-en-muros-de-nalon\/#listItem","position":3,"name":"Calcinada una casa en Muros de Nal\u00f3n","previousItem":{"@type":"ListItem","@id":"https:\/\/candas365.es\/noticias\/category\/sucesos\/#listItem","name":"Sucesos"}}]},{"@type":"NewsArticle","@id":"https:\/\/candas365.es\/noticias\/calcinada-una-casa-en-muros-de-nalon\/#newsarticle","name":"Calcinada una casa en Muros de Nal\u00f3n | Cand\u00e1s 365","headline":"Calcinada una casa en Muros de Nal\u00f3n","author":{"@id":"https:\/\/candas365.es\/noticias\/author\/admin\/#author"},"publisher":{"@id":"https:\/\/candas365.es\/noticias\/#organization"},"image":{"@type":"ImageObject","url":"https:\/\/candas365.es\/noticias\/wp-content\/uploads\/2026\/01\/Calcinada-una-casa-en-Muros-de-Nalon.jpg","width":1135,"height":843,"caption":"Foto: Prensa SEPA"},"datePublished":"2026-01-06T09:38:44+01:00","dateModified":"2026-01-06T09:38:44+01:00","inLanguage":"es-ES","mainEntityOfPage":{"@id":"https:\/\/candas365.es\/noticias\/calcinada-una-casa-en-muros-de-nalon\/#webpage"},"isPartOf":{"@id":"https:\/\/candas365.es\/noticias\/calcinada-una-casa-en-muros-de-nalon\/#webpage"},"articleSection":"Sucesos, sucesos","dateline":"Publicado el enero 6, 2026."},{"@type":"Organization","@id":"https:\/\/candas365.es\/noticias\/#organization","name":"Cand\u00e1s 365","description":"Cand\u00e1s 365 es un diario digital independiente, fundado en 2012, con base en Asturias. Informamos con rigor sobre actualidad, sociedad, cultura y ocio, con una mirada local y global.","url":"https:\/\/candas365.es\/noticias\/","email":"info@candas365.es","telephone":"+34652131393","foundingDate":"2012-06-10","logo":{"@type":"ImageObject","url":"https:\/\/candas365.es\/noticias\/wp-content\/uploads\/2024\/09\/Candas-365-Redes.jpg","@id":"https:\/\/candas365.es\/noticias\/calcinada-una-casa-en-muros-de-nalon\/#organizationLogo","width":1152,"height":864,"caption":"Cand\u00e1s 365 Redes"},"image":{"@id":"https:\/\/candas365.es\/noticias\/calcinada-una-casa-en-muros-de-nalon\/#organizationLogo"},"sameAs":["https:\/\/www.facebook.com\/Nachofdezber","https:\/\/x.com\/NabercoDigital","https:\/\/www.instagram.com\/nachofdezber\/","https:\/\/www.youtube.com\/channel\/UCZP-2wLEB9Rv6erhFmqVnvg"],"address":{"@id":"https:\/\/candas365.es\/noticias\/#postaladdress","@type":"PostalAddress","streetAddress":"san antonio 4, san antonio 4","postalCode":"33430","addressLocality":"Cand\u00e1s","addressRegion":"Asturias","addressCountry":"ES"}},{"@type":"Person","@id":"https:\/\/candas365.es\/noticias\/author\/admin\/#author","url":"https:\/\/candas365.es\/noticias\/author\/admin\/","name":"Cand\u00e1s 365","image":{"@type":"ImageObject","@id":"https:\/\/candas365.es\/noticias\/calcinada-una-casa-en-muros-de-nalon\/#authorImage","url":"https:\/\/secure.gravatar.com\/avatar\/496a8e03d0c493ede1718b7934145dbdf8d89be1036b0eec9544e1094c9de390?s=96&d=mm&r=g","width":96,"height":96,"caption":"Cand\u00e1s 365"},"sameAs":["https:\/\/www.facebook.com\/carrenoactualidad","https:\/\/twitter.com\/nbasturias","https:\/\/www.instagram.com\/nachofdezber\/","https:\/\/www.youtube.com\/channel\/UCZP-2wLEB9Rv6erhFmqVnvg"]},{"@type":"WebPage","@id":"https:\/\/candas365.es\/noticias\/calcinada-una-casa-en-muros-de-nalon\/#webpage","url":"https:\/\/candas365.es\/noticias\/calcinada-una-casa-en-muros-de-nalon\/","name":"Calcinada una casa en Muros de Nal\u00f3n | Cand\u00e1s 365","description":"Una casa ha resultado calcinada en Muros de Nal\u00f3n por un incendio, el SEPA ha informado de que efectivos de Bomberos del Servicio de Emergencias del Principado","inLanguage":"es-ES","isPartOf":{"@id":"https:\/\/candas365.es\/noticias\/#website"},"breadcrumb":{"@id":"https:\/\/candas365.es\/noticias\/calcinada-una-casa-en-muros-de-nalon\/#breadcrumblist"},"author":{"@id":"https:\/\/candas365.es\/noticias\/author\/admin\/#author"},"creator":{"@id":"https:\/\/candas365.es\/noticias\/author\/admin\/#author"},"image":{"@type":"ImageObject","url":"https:\/\/candas365.es\/noticias\/wp-content\/uploads\/2026\/01\/Calcinada-una-casa-en-Muros-de-Nalon.jpg","@id":"https:\/\/candas365.es\/noticias\/calcinada-una-casa-en-muros-de-nalon\/#mainImage","width":1135,"height":843,"caption":"Foto: Prensa SEPA"},"primaryImageOfPage":{"@id":"https:\/\/candas365.es\/noticias\/calcinada-una-casa-en-muros-de-nalon\/#mainImage"},"datePublished":"2026-01-06T09:38:44+01:00","dateModified":"2026-01-06T09:38:44+01:00"},{"@type":"WebSite","@id":"https:\/\/candas365.es\/noticias\/#website","url":"https:\/\/candas365.es\/noticias\/","name":"Cand\u00e1s 365","alternateName":"Cand\u00e1s 365 Noticias","description":"Actualidad desde Carre\u00f1o para el mundo","inLanguage":"es-ES","publisher":{"@id":"https:\/\/candas365.es\/noticias\/#organization"}}]},"og:locale":"es_ES","og:site_name":"Cand\u00e1s 365","og:type":"article","og:title":"Calcinada una casa en Muros de Nal\u00f3n | Cand\u00e1s 365","og:description":"Una casa ha resultado calcinada en Muros de Nal\u00f3n por un incendio, el SEPA ha informado de que efectivos de Bomberos del Servicio de Emergencias del Principado","og:url":"https:\/\/candas365.es\/noticias\/calcinada-una-casa-en-muros-de-nalon\/","og:image":"https:\/\/candas365.es\/noticias\/wp-content\/uploads\/2026\/01\/Calcinada-una-casa-en-Muros-de-Nalon.jpg","og:image:secure_url":"https:\/\/candas365.es\/noticias\/wp-content\/uploads\/2026\/01\/Calcinada-una-casa-en-Muros-de-Nalon.jpg","og:image:width":1135,"og:image:height":843,"article:published_time":"2026-01-06T08:38:44+00:00","article:modified_time":"2026-01-06T08:38:44+00:00","article:publisher":"https:\/\/www.facebook.com\/Nachofdezber","article:author":"https:\/\/www.facebook.com\/carrenoactualidad","twitter:card":"summary_large_image","twitter:site":"@NabercoDigital","twitter:title":"Calcinada una casa en Muros de Nal\u00f3n | Cand\u00e1s 365","twitter:description":"Una casa ha resultado calcinada en Muros de Nal\u00f3n por un incendio, el SEPA ha informado de que efectivos de Bomberos del Servicio de Emergencias del Principado","twitter:creator":"@nbasturias","twitter:image":"https:\/\/candas365.es\/noticias\/wp-content\/uploads\/2026\/01\/Calcinada-una-casa-en-Muros-de-Nalon.jpg","twitter:label1":"Escrito por","twitter:data1":"Cand\u00e1s 365","twitter:label2":"Tiempo de lectura estimado","twitter:data2":"1 minuto"},"aioseo_meta_data":{"post_id":"191201","title":null,"description":"Una casa ha resultado calcinada en Muros de Nal\u00f3n por un incendio, el SEPA ha informado de que efectivos de Bomberos del Servicio de Emergencias del Principado","keywords":null,"keyphrases":{"focus":{"keyphrase":"Muros de Nal\u00f3n","score":100,"analysis":{"keyphraseInTitle":{"score":9,"maxScore":9,"error":0},"keyphraseInDescription":{"score":9,"maxScore":9,"error":0},"keyphraseLength":{"score":9,"maxScore":9,"error":0,"length":4},"keyphraseInURL":{"score":5,"maxScore":5,"error":0},"keyphraseInIntroduction":{"score":9,"maxScore":9,"error":0},"keyphraseInSubHeadings":[],"keyphraseInImageAlt":{"score":9,"maxScore":9,"error":0},"keywordDensity":{"type":"best","score":9,"maxScore":9,"error":0}}},"additional":[{"keyphrase":"calcinada","score":100,"analysis":{"keyphraseInDescription":{"score":9,"maxScore":9,"error":0},"keyphraseLength":{"score":9,"maxScore":9,"error":0,"length":1},"keyphraseInIntroduction":{"score":9,"maxScore":9,"error":0},"keyphraseInImageAlt":{"score":9,"maxScore":9,"error":0},"keywordDensity":{"type":"best","score":9,"maxScore":9,"error":0}}}]},"primary_term":null,"canonical_url":null,"og_title":null,"og_description":null,"og_object_type":"default","og_image_type":"default","og_image_url":null,"og_image_width":null,"og_image_height":null,"og_image_custom_url":null,"og_image_custom_fields":null,"og_video":"","og_custom_url":null,"og_article_section":null,"og_article_tags":null,"twitter_use_og":false,"twitter_card":"default","twitter_image_type":"default","twitter_image_url":null,"twitter_image_custom_url":null,"twitter_image_custom_fields":null,"twitter_title":null,"twitter_description":null,"schema":{"blockGraphs":[],"customGraphs":[],"default":{"data":{"Article":[],"Course":[],"Dataset":[],"FAQPage":[],"Movie":[],"Person":[],"Product":[],"ProductReview":[],"Car":[],"Recipe":[],"Service":[],"SoftwareApplication":[],"WebPage":[]},"graphName":"Article","isEnabled":true},"graphs":[]},"schema_type":"default","schema_type_options":null,"pillar_content":false,"robots_default":true,"robots_noindex":false,"robots_noarchive":false,"robots_nosnippet":false,"robots_nofollow":false,"robots_noimageindex":false,"robots_noodp":false,"robots_notranslate":false,"robots_max_snippet":"-1","robots_max_videopreview":"-1","robots_max_imagepreview":"large","priority":null,"frequency":"default","location":null,"local_seo":null,"seo_analyzer_scan_date":"2026-01-06 08:40:34","breadcrumb_settings":null,"limit_modified_date":false,"reviewed_by":null,"open_ai":null,"ai":{"faqs":[],"keyPoints":[],"titles":[],"descriptions":[],"socialPosts":{"email":[],"linkedin":[],"twitter":[],"facebook":[],"instagram":[]}},"created":"2026-01-06 08:32:35","updated":"2026-01-06 08:52:21"},"aioseo_breadcrumb":"<div class=\"aioseo-breadcrumbs\"><span class=\"aioseo-breadcrumb\">\n\t<a href=\"https:\/\/candas365.es\/noticias\" title=\"Home\">Home<\/a>\n<\/span><span class=\"aioseo-breadcrumb-separator\">&ndash;<\/span><span class=\"aioseo-breadcrumb\">\n\t<a href=\"https:\/\/candas365.es\/noticias\/category\/sucesos\/\" title=\"Sucesos\">Sucesos<\/a>\n<\/span><span class=\"aioseo-breadcrumb-separator\">&ndash;<\/span><span class=\"aioseo-breadcrumb\">\n\tCalcinada una casa en Muros de Nal\u00f3n\n<\/span><\/div>","aioseo_breadcrumb_json":[{"label":"Home","link":"https:\/\/candas365.es\/noticias"},{"label":"Sucesos","link":"https:\/\/candas365.es\/noticias\/category\/sucesos\/"},{"label":"Calcinada una casa en Muros de Nal\u00f3n","link":"https:\/\/candas365.es\/noticias\/calcinada-una-casa-en-muros-de-nalon\/"}],"_links":{"self":[{"href":"https:\/\/candas365.es\/noticias\/wp-json\/wp\/v2\/posts\/191201","targetHints":{"allow":["GET"]}}],"collection":[{"href":"https:\/\/candas365.es\/noticias\/wp-json\/wp\/v2\/posts"}],"about":[{"href":"https:\/\/candas365.es\/noticias\/wp-json\/wp\/v2\/types\/post"}],"author":[{"embeddable":true,"href":"https:\/\/candas365.es\/noticias\/wp-json\/wp\/v2\/users\/1"}],"replies":[{"embeddable":true,"href":"https:\/\/candas365.es\/noticias\/wp-json\/wp\/v2\/comments?post=191201"}],"version-history":[{"count":0,"href":"https:\/\/candas365.es\/noticias\/wp-json\/wp\/v2\/posts\/191201\/revisions"}],"wp:featuredmedia":[{"embeddable":true,"href":"https:\/\/candas365.es\/noticias\/wp-json\/wp\/v2\/media\/191202"}],"wp:attachment":[{"href":"https:\/\/candas365.es\/noticias\/wp-json\/wp\/v2\/media?parent=191201"}],"wp:term":[{"taxonomy":"category","embeddable":true,"href":"https:\/\/candas365.es\/noticias\/wp-json\/wp\/v2\/categories?post=191201"},{"taxonomy":"post_tag","embeddable":true,"href":"https:\/\/candas365.es\/noticias\/wp-json\/wp\/v2\/tags?post=191201"}],"curies":[{"name":"wp","href":"https:\/\/api.w.org\/{rel}","templated":true}]}}