{"id":191188,"date":"2026-01-05T15:02:46","date_gmt":"2026-01-05T14:02:46","guid":{"rendered":"https:\/\/candas365.es\/noticias\/?p=191188"},"modified":"2026-01-05T15:02:46","modified_gmt":"2026-01-05T14:02:46","slug":"los-retos-de-los-medios-en-las-redes-sociales","status":"publish","type":"post","link":"https:\/\/candas365.es\/noticias\/los-retos-de-los-medios-en-las-redes-sociales\/","title":{"rendered":"Los retos de los medios en las redes sociales"},"content":{"rendered":"<p>Las <a href=\"https:\/\/www.facebook.com\/Nachofdezber\" target=\"_blank\" rel=\"noopener\"><span style=\"color: #ff6600;\"><strong>redes sociales<\/strong><\/span><\/a> prometieron ser la salvaci\u00f3n del <a href=\"https:\/\/candas365.es\/noticias\/\"><strong><span style=\"color: #ff6600;\">periodismo digital<\/span><\/strong><\/a>. Un canal directo con la audiencia, distribuci\u00f3n instant\u00e1nea, viralidad asegurada y m\u00e9tricas que permit\u00edan medir el impacto de cada publicaci\u00f3n.<strong> Sin embargo, en 2026 la relaci\u00f3n entre medios de comunicaci\u00f3n y plataformas sociales se encuentra en un punto de inflexi\u00f3n.<\/strong> Los usuarios ya no hacen click en los enlaces como antes, las m\u00e9tricas de seguimiento se han desconectado de la interacci\u00f3n real y recuperar la confianza de una audiencia saturada de contenido se ha convertido en uno de los mayores desaf\u00edos del sector.<\/p>\n<figure id=\"attachment_191189\" aria-describedby=\"caption-attachment-191189\" style=\"width: 650px\" class=\"wp-caption aligncenter\"><img fetchpriority=\"high\" decoding=\"async\" class=\"size-large wp-image-191189\" src=\"https:\/\/candas365.es\/noticias\/wp-content\/uploads\/2026\/01\/Los-retos-de-los-medios-en-las-redes-sociales-650x432.jpg\" alt=\"Los retos de los medios en las redes sociales\" width=\"650\" height=\"432\" srcset=\"https:\/\/candas365.es\/noticias\/wp-content\/uploads\/2026\/01\/Los-retos-de-los-medios-en-las-redes-sociales-650x432.jpg 650w, https:\/\/candas365.es\/noticias\/wp-content\/uploads\/2026\/01\/Los-retos-de-los-medios-en-las-redes-sociales-360x239.jpg 360w, https:\/\/candas365.es\/noticias\/wp-content\/uploads\/2026\/01\/Los-retos-de-los-medios-en-las-redes-sociales-768x511.jpg 768w, https:\/\/candas365.es\/noticias\/wp-content\/uploads\/2026\/01\/Los-retos-de-los-medios-en-las-redes-sociales-150x100.jpg 150w, https:\/\/candas365.es\/noticias\/wp-content\/uploads\/2026\/01\/Los-retos-de-los-medios-en-las-redes-sociales-450x299.jpg 450w, https:\/\/candas365.es\/noticias\/wp-content\/uploads\/2026\/01\/Los-retos-de-los-medios-en-las-redes-sociales-1200x798.jpg 1200w, https:\/\/candas365.es\/noticias\/wp-content\/uploads\/2026\/01\/Los-retos-de-los-medios-en-las-redes-sociales.jpg 1239w\" sizes=\"(max-width: 650px) 100vw, 650px\" \/><figcaption id=\"caption-attachment-191189\" class=\"wp-caption-text\">Foto: 123rf.com<\/figcaption><\/figure>\n<h2>Del click al scroll: c\u00f3mo cambi\u00f3 el consumo de noticias<\/h2>\n<p><strong>Hace una d\u00e9cada, compartir una noticia en redes sociales era una forma efectiva de atraer tr\u00e1fico hacia la web del medio.<\/strong> Los usuarios ve\u00edan el titular, sent\u00edan curiosidad y hac\u00edan click para leer la informaci\u00f3n completa.<strong> Hoy, ese comportamiento ha cambiado radicalmente<\/strong>. La mayor\u00eda de personas consume las noticias directamente desde las redes sociales sin salir de la plataforma. <strong>Leen el titular, a veces el primer p\u00e1rrafo si aparece en la previsualizaci\u00f3n, y contin\u00faan haciendo scroll. El click, ese gesto que antes era natural, ahora requiere un esfuerzo consciente que muchos usuarios no est\u00e1n dispuestos a hacer.<\/strong><\/p>\n<p>Las plataformas han contribuido activamente a este cambio. <strong>Los algoritmos priorizan el contenido que mantiene a los usuarios dentro de la red social, no el que los saca hacia sitios externos.<\/strong> Una publicaci\u00f3n con enlace tiene menos visibilidad que una sin \u00e9l. Las previsualizaciones de enlaces muestran cada vez m\u00e1s informaci\u00f3n, reduciendo la necesidad de acceder al contenido original. Y las nuevas funcionalidades, como las historias ef\u00edmeras o los v\u00eddeos cortos, est\u00e1n dise\u00f1adas para consumo r\u00e1pido y sin salida de la aplicaci\u00f3n.<\/p>\n<p><strong>Para los medios de comunicaci\u00f3n, esto plantea un dilema: o adaptan su contenido al formato que las plataformas favorecen, perdiendo control sobre su audiencia y renunciando a dirigir tr\u00e1fico hacia sus propias webs, o mantienen su estrategia de enlaces externos asumiendo que su alcance ser\u00e1 cada vez m\u00e1s limitado.<\/strong> No hay respuestas f\u00e1ciles, pero s\u00ed una certeza: el modelo de distribuci\u00f3n de noticias a trav\u00e9s de redes sociales que funcionaba hace cinco a\u00f1os ya no funciona igual en 2026.<\/p>\n<h2>Millones de seguidores, cero interacci\u00f3n: la trampa de las m\u00e9tricas<\/h2>\n<p><strong>Otro fen\u00f3meno que define el panorama actual es la desconexi\u00f3n entre el n\u00famero de seguidores y la interacci\u00f3n real.<\/strong> Es habitual encontrar perfiles de medios o empresas con cientos de miles o incluso millones de seguidores que apenas generan unos pocos likes, comentarios o compartidos por publicaci\u00f3n. <strong>Las m\u00e9tricas est\u00e1n infladas, pero el engagement es inexistente.<\/strong><\/p>\n<p>Las causas de esta situaci\u00f3n son m\u00faltiples. Durante a\u00f1os, <strong>muchas cuentas optaron por estrategias de crecimiento artificial<\/strong>: compra de seguidores, intercambios masivos de follows, campa\u00f1as de engagement forzado. Esos seguidores nunca fueron audiencia real, solo n\u00fameros que engordaban una m\u00e9trica sin valor.<strong> Otros perfiles crecieron de forma org\u00e1nica en \u00e9pocas donde los algoritmos eran m\u00e1s generosos, pero con el paso del tiempo esa audiencia dej\u00f3 de estar activa o simplemente perdi\u00f3 inter\u00e9s sin dejar de seguir la cuenta.<\/strong><\/p>\n<p>Tambi\u00e9n existe el factor inercia: muchas personas siguen perfiles por costumbre, porque alguna vez les interes\u00f3 el contenido o simplemente porque nunca se plantearon hacer limpieza de sus redes. <strong>Esos seguidores est\u00e1n ah\u00ed, pero no ven las publicaciones ni interact\u00faan con ellas. Son fantasmas digitales que inflan estad\u00edsticas pero no aportan nada real.<\/strong><\/p>\n<p>El resultado es una falsa sensaci\u00f3n de alcance.<strong> Un medio puede presumir de tener quinientos mil seguidores en una red social, pero si cada publicaci\u00f3n apenas genera cincuenta interacciones, algo falla.<\/strong> Y lo que falla no es solo la estrategia, sino la confianza que esa audiencia deposita en el contenido que se comparte.<\/p>\n<h1>Recuperar la confianza: el reto de 2026<\/h1>\n<p>El verdadero desaf\u00edo para los medios en 2026 no es conseguir m\u00e1s seguidores ni viralizar contenidos. Es recuperar la confianza de una audiencia que ha aprendido a desconfiar. A\u00f1os de titulares enga\u00f1osos, clickbait descarado, noticias falsas y contenido mediocre han dejado una huella profunda. <strong>Los usuarios ya no hacen click autom\u00e1ticamente porque saben que muchas veces lo que encuentran al otro lado del enlace no cumple la promesa del titular.<\/strong><\/p>\n<p>Recuperar esa confianza pasa necesariamente por la calidad. Publicar menos pero mejor. Apostar por titulares honestos que reflejen fielmente el contenido de la noticia. Ofrecer informaci\u00f3n contrastada, bien redactada y \u00fatil para el lector. <strong>Respetar a la audiencia lo suficiente como para no intentar enga\u00f1arla con trucos baratos de viralidad.<\/strong><\/p>\n<p><strong>Tambi\u00e9n implica aceptar que las redes sociales no son el fin en s\u00ed mismo, sino un medio<\/strong>. No se trata de optimizar cada publicaci\u00f3n para el algoritmo de turno, sino de construir una relaci\u00f3n s\u00f3lida con los lectores que vaya m\u00e1s all\u00e1 de una plataforma concreta.<strong> Los medios que sobrevivan en este entorno ser\u00e1n aquellos que logren que su audiencia conf\u00ede en ellos lo suficiente como para buscarles activamente, suscribirse a sus newsletters, visitar su web directamente o recomendarles a otras personas.<\/strong><\/p>\n<h2>Calidad sobre ruido: la \u00fanica estrategia sostenible<\/h2>\n<p><strong>Las <span style=\"color: #ff6600;\"><a style=\"color: #ff6600;\" title=\"redes sociales\" href=\"https:\/\/x.com\/\" target=\"_blank\" rel=\"noopener\">redes sociales<\/a><\/span> no son ni el enemigo ni el salvador del periodismo.<\/strong> Son simplemente una herramienta m\u00e1s, con sus ventajas y sus limitaciones. En 2026, esa herramienta sigue siendo \u00fatil como ventana al mundo, como espacio de conversaci\u00f3n con la audiencia y como canal de distribuci\u00f3n complementario. <strong>Pero ya no puede ser el \u00fanico pilar sobre el que se sustente la estrategia digital de un medio.<\/strong><\/p>\n<p><strong>La tentaci\u00f3n de perseguir m\u00e9tricas vac\u00edas, de inflar n\u00fameros sin sustancia o de sacrificar calidad por viralidad sigue estando presente<\/strong>. Pero los medios que opten por ese camino descubrir\u00e1n, tarde o temprano, que han construido sobre arena. Las m\u00e9tricas infladas no pagan facturas, los seguidores fantasma no leen noticias y el contenido mediocre no genera lealtad.<br \/>\nLa apuesta por la calidad puede parecer ingenua en un entorno dominado por el ruido y la inmediatez, pero es la \u00fanica estrategia sostenible a largo plazo. <strong>Crear contenido que aporte valor real, que informe con rigor, que respete a la audiencia y que construya confianza. Es m\u00e1s lento, m\u00e1s exigente y menos espectacular en t\u00e9rminos de m\u00e9tricas vanidosas. Pero es lo \u00fanico que funciona cuando las modas pasan y los algoritmos cambian.<\/strong><\/p>\n<p>Los retos de los medios en las redes sociales en 2026 son enormes, pero no insuperables. Requieren honestidad, paciencia y una vuelta a los principios b\u00e1sicos del buen periodismo.<strong> En un mundo saturado de contenido, la calidad sigue siendo el mejor filtro.<\/strong><\/p>\n","protected":false},"excerpt":{"rendered":"<p>Las redes sociales prometieron ser la salvaci\u00f3n del periodismo digital. Un canal directo con la audiencia, distribuci\u00f3n instant\u00e1nea, viralidad asegurada y m\u00e9tricas que permit\u00edan medir el impacto de cada publicaci\u00f3n. Sin embargo, en 2026 la relaci\u00f3n entre medios de comunicaci\u00f3n y plataformas sociales se encuentra en un punto de inflexi\u00f3n. Los usuarios ya no hacen<\/p>\n","protected":false},"author":1,"featured_media":191189,"comment_status":"closed","ping_status":"closed","sticky":false,"template":"","format":"standard","meta":{"footnotes":""},"categories":[151],"tags":[428,479,422],"class_list":{"0":"post-191188","1":"post","2":"type-post","3":"status-publish","4":"format-standard","5":"has-post-thumbnail","7":"category-canal-empresas","8":"tag-internet","9":"tag-medios","10":"tag-reportajes"},"aioseo_notices":[],"aioseo_head":"\n\t\t<!-- All in One SEO Pro 4.9.6.2 - aioseo.com -->\n\t<meta name=\"description\" content=\"Las redes sociales prometieron ser la salvaci\u00f3n del periodismo digital. Un canal directo con la audiencia, distribuci\u00f3n instant\u00e1nea, viralidad asegurada\" \/>\n\t<meta name=\"robots\" content=\"max-image-preview:large\" \/>\n\t<meta name=\"author\" content=\"Cand\u00e1s 365\"\/>\n\t<meta name=\"google-site-verification\" content=\"UA-32230408-1\" \/>\n\t<meta name=\"msvalidate.01\" content=\"354F3CDFB2DA171B47FBE9ABF1F88D5\" \/>\n\t<meta name=\"keywords\" content=\"canal empresas\" \/>\n\t<link rel=\"canonical\" href=\"https:\/\/candas365.es\/noticias\/los-retos-de-los-medios-en-las-redes-sociales\/\" \/>\n\t<meta name=\"generator\" content=\"All in One SEO Pro (AIOSEO) 4.9.6.2\" \/>\n\t\t<meta property=\"og:locale\" content=\"es_ES\" \/>\n\t\t<meta property=\"og:site_name\" content=\"Cand\u00e1s 365\" \/>\n\t\t<meta property=\"og:type\" content=\"article\" \/>\n\t\t<meta property=\"og:title\" content=\"Los retos de los medios en las redes sociales | Cand\u00e1s 365\" \/>\n\t\t<meta property=\"og:description\" content=\"Las redes sociales prometieron ser la salvaci\u00f3n del periodismo digital. Un canal directo con la audiencia, distribuci\u00f3n instant\u00e1nea, viralidad asegurada\" \/>\n\t\t<meta property=\"og:url\" content=\"https:\/\/candas365.es\/noticias\/los-retos-de-los-medios-en-las-redes-sociales\/\" \/>\n\t\t<meta property=\"og:image\" content=\"https:\/\/candas365.es\/noticias\/wp-content\/uploads\/2026\/01\/Los-retos-de-los-medios-en-las-redes-sociales.jpg\" \/>\n\t\t<meta property=\"og:image:secure_url\" content=\"https:\/\/candas365.es\/noticias\/wp-content\/uploads\/2026\/01\/Los-retos-de-los-medios-en-las-redes-sociales.jpg\" \/>\n\t\t<meta property=\"og:image:width\" content=\"1239\" \/>\n\t\t<meta property=\"og:image:height\" content=\"824\" \/>\n\t\t<meta property=\"article:published_time\" content=\"2026-01-05T14:02:46+00:00\" \/>\n\t\t<meta property=\"article:modified_time\" content=\"2026-01-05T14:02:46+00:00\" \/>\n\t\t<meta property=\"article:publisher\" content=\"https:\/\/www.facebook.com\/Nachofdezber\" \/>\n\t\t<meta property=\"article:author\" content=\"https:\/\/www.facebook.com\/carrenoactualidad\" \/>\n\t\t<meta name=\"twitter:card\" content=\"summary_large_image\" \/>\n\t\t<meta name=\"twitter:site\" content=\"@NabercoDigital\" \/>\n\t\t<meta name=\"twitter:title\" content=\"Los retos de los medios en las redes sociales | Cand\u00e1s 365\" \/>\n\t\t<meta name=\"twitter:description\" content=\"Las redes sociales prometieron ser la salvaci\u00f3n del periodismo digital. Un canal directo con la audiencia, distribuci\u00f3n instant\u00e1nea, viralidad asegurada\" \/>\n\t\t<meta name=\"twitter:creator\" content=\"@nbasturias\" \/>\n\t\t<meta name=\"twitter:image\" content=\"https:\/\/candas365.es\/noticias\/wp-content\/uploads\/2026\/01\/Los-retos-de-los-medios-en-las-redes-sociales.jpg\" \/>\n\t\t<meta name=\"twitter:label1\" content=\"Escrito por\" \/>\n\t\t<meta name=\"twitter:data1\" content=\"Cand\u00e1s 365\" \/>\n\t\t<meta name=\"twitter:label2\" content=\"Tiempo de lectura estimado\" \/>\n\t\t<meta name=\"twitter:data2\" content=\"6 minutos\" \/>\n\t\t<script type=\"application\/ld+json\" class=\"aioseo-schema\">\n\t\t\t{\"@context\":\"https:\\\/\\\/schema.org\",\"@graph\":[{\"@type\":\"BreadcrumbList\",\"@id\":\"https:\\\/\\\/candas365.es\\\/noticias\\\/los-retos-de-los-medios-en-las-redes-sociales\\\/#breadcrumblist\",\"itemListElement\":[{\"@type\":\"ListItem\",\"@id\":\"https:\\\/\\\/candas365.es\\\/noticias#listItem\",\"position\":1,\"name\":\"Home\",\"item\":\"https:\\\/\\\/candas365.es\\\/noticias\",\"nextItem\":{\"@type\":\"ListItem\",\"@id\":\"https:\\\/\\\/candas365.es\\\/noticias\\\/category\\\/canal-empresas\\\/#listItem\",\"name\":\"Canal Empresas\"}},{\"@type\":\"ListItem\",\"@id\":\"https:\\\/\\\/candas365.es\\\/noticias\\\/category\\\/canal-empresas\\\/#listItem\",\"position\":2,\"name\":\"Canal Empresas\",\"item\":\"https:\\\/\\\/candas365.es\\\/noticias\\\/category\\\/canal-empresas\\\/\",\"nextItem\":{\"@type\":\"ListItem\",\"@id\":\"https:\\\/\\\/candas365.es\\\/noticias\\\/los-retos-de-los-medios-en-las-redes-sociales\\\/#listItem\",\"name\":\"Los retos de los medios en las redes sociales\"},\"previousItem\":{\"@type\":\"ListItem\",\"@id\":\"https:\\\/\\\/candas365.es\\\/noticias#listItem\",\"name\":\"Home\"}},{\"@type\":\"ListItem\",\"@id\":\"https:\\\/\\\/candas365.es\\\/noticias\\\/los-retos-de-los-medios-en-las-redes-sociales\\\/#listItem\",\"position\":3,\"name\":\"Los retos de los medios en las redes sociales\",\"previousItem\":{\"@type\":\"ListItem\",\"@id\":\"https:\\\/\\\/candas365.es\\\/noticias\\\/category\\\/canal-empresas\\\/#listItem\",\"name\":\"Canal Empresas\"}}]},{\"@type\":\"NewsArticle\",\"@id\":\"https:\\\/\\\/candas365.es\\\/noticias\\\/los-retos-de-los-medios-en-las-redes-sociales\\\/#newsarticle\",\"name\":\"Los retos de los medios en las redes sociales | Cand\\u00e1s 365\",\"headline\":\"Los retos de los medios en las redes sociales\",\"author\":{\"@id\":\"https:\\\/\\\/candas365.es\\\/noticias\\\/author\\\/admin\\\/#author\"},\"publisher\":{\"@id\":\"https:\\\/\\\/candas365.es\\\/noticias\\\/#organization\"},\"image\":{\"@type\":\"ImageObject\",\"url\":\"https:\\\/\\\/candas365.es\\\/noticias\\\/wp-content\\\/uploads\\\/2026\\\/01\\\/Los-retos-de-los-medios-en-las-redes-sociales.jpg\",\"width\":1239,\"height\":824,\"caption\":\"Foto: 123rf.com\"},\"datePublished\":\"2026-01-05T15:02:46+01:00\",\"dateModified\":\"2026-01-05T15:02:46+01:00\",\"inLanguage\":\"es-ES\",\"mainEntityOfPage\":{\"@id\":\"https:\\\/\\\/candas365.es\\\/noticias\\\/los-retos-de-los-medios-en-las-redes-sociales\\\/#webpage\"},\"isPartOf\":{\"@id\":\"https:\\\/\\\/candas365.es\\\/noticias\\\/los-retos-de-los-medios-en-las-redes-sociales\\\/#webpage\"},\"articleSection\":\"Canal Empresas, internet, medios, Reportajes\",\"dateline\":\"Publicado el enero 5, 2026.\"},{\"@type\":\"Organization\",\"@id\":\"https:\\\/\\\/candas365.es\\\/noticias\\\/#organization\",\"name\":\"Cand\\u00e1s 365\",\"description\":\"Cand\\u00e1s 365 es un diario digital independiente, fundado en 2012, con base en Asturias. Informamos con rigor sobre actualidad, sociedad, cultura y ocio, con una mirada local y global.\",\"url\":\"https:\\\/\\\/candas365.es\\\/noticias\\\/\",\"email\":\"info@candas365.es\",\"telephone\":\"+34652131393\",\"foundingDate\":\"2012-06-10\",\"logo\":{\"@type\":\"ImageObject\",\"url\":\"https:\\\/\\\/candas365.es\\\/noticias\\\/wp-content\\\/uploads\\\/2024\\\/09\\\/Candas-365-Redes.jpg\",\"@id\":\"https:\\\/\\\/candas365.es\\\/noticias\\\/los-retos-de-los-medios-en-las-redes-sociales\\\/#organizationLogo\",\"width\":1152,\"height\":864,\"caption\":\"Cand\\u00e1s 365 Redes\"},\"image\":{\"@id\":\"https:\\\/\\\/candas365.es\\\/noticias\\\/los-retos-de-los-medios-en-las-redes-sociales\\\/#organizationLogo\"},\"sameAs\":[\"https:\\\/\\\/www.facebook.com\\\/Nachofdezber\",\"https:\\\/\\\/x.com\\\/NabercoDigital\",\"https:\\\/\\\/www.instagram.com\\\/nachofdezber\\\/\",\"https:\\\/\\\/www.youtube.com\\\/channel\\\/UCZP-2wLEB9Rv6erhFmqVnvg\"],\"address\":{\"@id\":\"https:\\\/\\\/candas365.es\\\/noticias\\\/#postaladdress\",\"@type\":\"PostalAddress\",\"streetAddress\":\"san antonio 4, san antonio 4\",\"postalCode\":\"33430\",\"addressLocality\":\"Cand\\u00e1s\",\"addressRegion\":\"Asturias\",\"addressCountry\":\"ES\"}},{\"@type\":\"Person\",\"@id\":\"https:\\\/\\\/candas365.es\\\/noticias\\\/author\\\/admin\\\/#author\",\"url\":\"https:\\\/\\\/candas365.es\\\/noticias\\\/author\\\/admin\\\/\",\"name\":\"Cand\\u00e1s 365\",\"image\":{\"@type\":\"ImageObject\",\"@id\":\"https:\\\/\\\/candas365.es\\\/noticias\\\/los-retos-de-los-medios-en-las-redes-sociales\\\/#authorImage\",\"url\":\"https:\\\/\\\/secure.gravatar.com\\\/avatar\\\/496a8e03d0c493ede1718b7934145dbdf8d89be1036b0eec9544e1094c9de390?s=96&d=mm&r=g\",\"width\":96,\"height\":96,\"caption\":\"Cand\\u00e1s 365\"},\"sameAs\":[\"https:\\\/\\\/www.facebook.com\\\/carrenoactualidad\",\"https:\\\/\\\/twitter.com\\\/nbasturias\",\"https:\\\/\\\/www.instagram.com\\\/nachofdezber\\\/\",\"https:\\\/\\\/www.youtube.com\\\/channel\\\/UCZP-2wLEB9Rv6erhFmqVnvg\"]},{\"@type\":\"WebPage\",\"@id\":\"https:\\\/\\\/candas365.es\\\/noticias\\\/los-retos-de-los-medios-en-las-redes-sociales\\\/#webpage\",\"url\":\"https:\\\/\\\/candas365.es\\\/noticias\\\/los-retos-de-los-medios-en-las-redes-sociales\\\/\",\"name\":\"Los retos de los medios en las redes sociales | Cand\\u00e1s 365\",\"description\":\"Las redes sociales prometieron ser la salvaci\\u00f3n del periodismo digital. Un canal directo con la audiencia, distribuci\\u00f3n instant\\u00e1nea, viralidad asegurada\",\"inLanguage\":\"es-ES\",\"isPartOf\":{\"@id\":\"https:\\\/\\\/candas365.es\\\/noticias\\\/#website\"},\"breadcrumb\":{\"@id\":\"https:\\\/\\\/candas365.es\\\/noticias\\\/los-retos-de-los-medios-en-las-redes-sociales\\\/#breadcrumblist\"},\"author\":{\"@id\":\"https:\\\/\\\/candas365.es\\\/noticias\\\/author\\\/admin\\\/#author\"},\"creator\":{\"@id\":\"https:\\\/\\\/candas365.es\\\/noticias\\\/author\\\/admin\\\/#author\"},\"image\":{\"@type\":\"ImageObject\",\"url\":\"https:\\\/\\\/candas365.es\\\/noticias\\\/wp-content\\\/uploads\\\/2026\\\/01\\\/Los-retos-de-los-medios-en-las-redes-sociales.jpg\",\"@id\":\"https:\\\/\\\/candas365.es\\\/noticias\\\/los-retos-de-los-medios-en-las-redes-sociales\\\/#mainImage\",\"width\":1239,\"height\":824,\"caption\":\"Foto: 123rf.com\"},\"primaryImageOfPage\":{\"@id\":\"https:\\\/\\\/candas365.es\\\/noticias\\\/los-retos-de-los-medios-en-las-redes-sociales\\\/#mainImage\"},\"datePublished\":\"2026-01-05T15:02:46+01:00\",\"dateModified\":\"2026-01-05T15:02:46+01:00\"},{\"@type\":\"WebSite\",\"@id\":\"https:\\\/\\\/candas365.es\\\/noticias\\\/#website\",\"url\":\"https:\\\/\\\/candas365.es\\\/noticias\\\/\",\"name\":\"Cand\\u00e1s 365\",\"alternateName\":\"Cand\\u00e1s 365 Noticias\",\"description\":\"Actualidad desde Carre\\u00f1o para el mundo\",\"inLanguage\":\"es-ES\",\"publisher\":{\"@id\":\"https:\\\/\\\/candas365.es\\\/noticias\\\/#organization\"}}]}\n\t\t<\/script>\n\t\t<!-- All in One SEO Pro -->\r\n\t\t<title>Los retos de los medios en las redes sociales | Cand\u00e1s 365<\/title>\n\n","aioseo_head_json":{"title":"Los retos de los medios en las redes sociales | Cand\u00e1s 365","description":"Las redes sociales prometieron ser la salvaci\u00f3n del periodismo digital. Un canal directo con la audiencia, distribuci\u00f3n instant\u00e1nea, viralidad asegurada","canonical_url":"https:\/\/candas365.es\/noticias\/los-retos-de-los-medios-en-las-redes-sociales\/","robots":"max-image-preview:large","keywords":"canal empresas","webmasterTools":{"google-site-verification":"UA-32230408-1","msvalidate.01":"354F3CDFB2DA171B47FBE9ABF1F88D5","miscellaneous":""},"schema":{"@context":"https:\/\/schema.org","@graph":[{"@type":"BreadcrumbList","@id":"https:\/\/candas365.es\/noticias\/los-retos-de-los-medios-en-las-redes-sociales\/#breadcrumblist","itemListElement":[{"@type":"ListItem","@id":"https:\/\/candas365.es\/noticias#listItem","position":1,"name":"Home","item":"https:\/\/candas365.es\/noticias","nextItem":{"@type":"ListItem","@id":"https:\/\/candas365.es\/noticias\/category\/canal-empresas\/#listItem","name":"Canal Empresas"}},{"@type":"ListItem","@id":"https:\/\/candas365.es\/noticias\/category\/canal-empresas\/#listItem","position":2,"name":"Canal Empresas","item":"https:\/\/candas365.es\/noticias\/category\/canal-empresas\/","nextItem":{"@type":"ListItem","@id":"https:\/\/candas365.es\/noticias\/los-retos-de-los-medios-en-las-redes-sociales\/#listItem","name":"Los retos de los medios en las redes sociales"},"previousItem":{"@type":"ListItem","@id":"https:\/\/candas365.es\/noticias#listItem","name":"Home"}},{"@type":"ListItem","@id":"https:\/\/candas365.es\/noticias\/los-retos-de-los-medios-en-las-redes-sociales\/#listItem","position":3,"name":"Los retos de los medios en las redes sociales","previousItem":{"@type":"ListItem","@id":"https:\/\/candas365.es\/noticias\/category\/canal-empresas\/#listItem","name":"Canal Empresas"}}]},{"@type":"NewsArticle","@id":"https:\/\/candas365.es\/noticias\/los-retos-de-los-medios-en-las-redes-sociales\/#newsarticle","name":"Los retos de los medios en las redes sociales | Cand\u00e1s 365","headline":"Los retos de los medios en las redes sociales","author":{"@id":"https:\/\/candas365.es\/noticias\/author\/admin\/#author"},"publisher":{"@id":"https:\/\/candas365.es\/noticias\/#organization"},"image":{"@type":"ImageObject","url":"https:\/\/candas365.es\/noticias\/wp-content\/uploads\/2026\/01\/Los-retos-de-los-medios-en-las-redes-sociales.jpg","width":1239,"height":824,"caption":"Foto: 123rf.com"},"datePublished":"2026-01-05T15:02:46+01:00","dateModified":"2026-01-05T15:02:46+01:00","inLanguage":"es-ES","mainEntityOfPage":{"@id":"https:\/\/candas365.es\/noticias\/los-retos-de-los-medios-en-las-redes-sociales\/#webpage"},"isPartOf":{"@id":"https:\/\/candas365.es\/noticias\/los-retos-de-los-medios-en-las-redes-sociales\/#webpage"},"articleSection":"Canal Empresas, internet, medios, Reportajes","dateline":"Publicado el enero 5, 2026."},{"@type":"Organization","@id":"https:\/\/candas365.es\/noticias\/#organization","name":"Cand\u00e1s 365","description":"Cand\u00e1s 365 es un diario digital independiente, fundado en 2012, con base en Asturias. Informamos con rigor sobre actualidad, sociedad, cultura y ocio, con una mirada local y global.","url":"https:\/\/candas365.es\/noticias\/","email":"info@candas365.es","telephone":"+34652131393","foundingDate":"2012-06-10","logo":{"@type":"ImageObject","url":"https:\/\/candas365.es\/noticias\/wp-content\/uploads\/2024\/09\/Candas-365-Redes.jpg","@id":"https:\/\/candas365.es\/noticias\/los-retos-de-los-medios-en-las-redes-sociales\/#organizationLogo","width":1152,"height":864,"caption":"Cand\u00e1s 365 Redes"},"image":{"@id":"https:\/\/candas365.es\/noticias\/los-retos-de-los-medios-en-las-redes-sociales\/#organizationLogo"},"sameAs":["https:\/\/www.facebook.com\/Nachofdezber","https:\/\/x.com\/NabercoDigital","https:\/\/www.instagram.com\/nachofdezber\/","https:\/\/www.youtube.com\/channel\/UCZP-2wLEB9Rv6erhFmqVnvg"],"address":{"@id":"https:\/\/candas365.es\/noticias\/#postaladdress","@type":"PostalAddress","streetAddress":"san antonio 4, san antonio 4","postalCode":"33430","addressLocality":"Cand\u00e1s","addressRegion":"Asturias","addressCountry":"ES"}},{"@type":"Person","@id":"https:\/\/candas365.es\/noticias\/author\/admin\/#author","url":"https:\/\/candas365.es\/noticias\/author\/admin\/","name":"Cand\u00e1s 365","image":{"@type":"ImageObject","@id":"https:\/\/candas365.es\/noticias\/los-retos-de-los-medios-en-las-redes-sociales\/#authorImage","url":"https:\/\/secure.gravatar.com\/avatar\/496a8e03d0c493ede1718b7934145dbdf8d89be1036b0eec9544e1094c9de390?s=96&d=mm&r=g","width":96,"height":96,"caption":"Cand\u00e1s 365"},"sameAs":["https:\/\/www.facebook.com\/carrenoactualidad","https:\/\/twitter.com\/nbasturias","https:\/\/www.instagram.com\/nachofdezber\/","https:\/\/www.youtube.com\/channel\/UCZP-2wLEB9Rv6erhFmqVnvg"]},{"@type":"WebPage","@id":"https:\/\/candas365.es\/noticias\/los-retos-de-los-medios-en-las-redes-sociales\/#webpage","url":"https:\/\/candas365.es\/noticias\/los-retos-de-los-medios-en-las-redes-sociales\/","name":"Los retos de los medios en las redes sociales | Cand\u00e1s 365","description":"Las redes sociales prometieron ser la salvaci\u00f3n del periodismo digital. Un canal directo con la audiencia, distribuci\u00f3n instant\u00e1nea, viralidad asegurada","inLanguage":"es-ES","isPartOf":{"@id":"https:\/\/candas365.es\/noticias\/#website"},"breadcrumb":{"@id":"https:\/\/candas365.es\/noticias\/los-retos-de-los-medios-en-las-redes-sociales\/#breadcrumblist"},"author":{"@id":"https:\/\/candas365.es\/noticias\/author\/admin\/#author"},"creator":{"@id":"https:\/\/candas365.es\/noticias\/author\/admin\/#author"},"image":{"@type":"ImageObject","url":"https:\/\/candas365.es\/noticias\/wp-content\/uploads\/2026\/01\/Los-retos-de-los-medios-en-las-redes-sociales.jpg","@id":"https:\/\/candas365.es\/noticias\/los-retos-de-los-medios-en-las-redes-sociales\/#mainImage","width":1239,"height":824,"caption":"Foto: 123rf.com"},"primaryImageOfPage":{"@id":"https:\/\/candas365.es\/noticias\/los-retos-de-los-medios-en-las-redes-sociales\/#mainImage"},"datePublished":"2026-01-05T15:02:46+01:00","dateModified":"2026-01-05T15:02:46+01:00"},{"@type":"WebSite","@id":"https:\/\/candas365.es\/noticias\/#website","url":"https:\/\/candas365.es\/noticias\/","name":"Cand\u00e1s 365","alternateName":"Cand\u00e1s 365 Noticias","description":"Actualidad desde Carre\u00f1o para el mundo","inLanguage":"es-ES","publisher":{"@id":"https:\/\/candas365.es\/noticias\/#organization"}}]},"og:locale":"es_ES","og:site_name":"Cand\u00e1s 365","og:type":"article","og:title":"Los retos de los medios en las redes sociales | Cand\u00e1s 365","og:description":"Las redes sociales prometieron ser la salvaci\u00f3n del periodismo digital. Un canal directo con la audiencia, distribuci\u00f3n instant\u00e1nea, viralidad asegurada","og:url":"https:\/\/candas365.es\/noticias\/los-retos-de-los-medios-en-las-redes-sociales\/","og:image":"https:\/\/candas365.es\/noticias\/wp-content\/uploads\/2026\/01\/Los-retos-de-los-medios-en-las-redes-sociales.jpg","og:image:secure_url":"https:\/\/candas365.es\/noticias\/wp-content\/uploads\/2026\/01\/Los-retos-de-los-medios-en-las-redes-sociales.jpg","og:image:width":1239,"og:image:height":824,"article:published_time":"2026-01-05T14:02:46+00:00","article:modified_time":"2026-01-05T14:02:46+00:00","article:publisher":"https:\/\/www.facebook.com\/Nachofdezber","article:author":"https:\/\/www.facebook.com\/carrenoactualidad","twitter:card":"summary_large_image","twitter:site":"@NabercoDigital","twitter:title":"Los retos de los medios en las redes sociales | Cand\u00e1s 365","twitter:description":"Las redes sociales prometieron ser la salvaci\u00f3n del periodismo digital. Un canal directo con la audiencia, distribuci\u00f3n instant\u00e1nea, viralidad asegurada","twitter:creator":"@nbasturias","twitter:image":"https:\/\/candas365.es\/noticias\/wp-content\/uploads\/2026\/01\/Los-retos-de-los-medios-en-las-redes-sociales.jpg","twitter:label1":"Escrito por","twitter:data1":"Cand\u00e1s 365","twitter:label2":"Tiempo de lectura estimado","twitter:data2":"6 minutos"},"aioseo_meta_data":{"post_id":"191188","title":null,"description":"Las redes sociales prometieron ser la salvaci\u00f3n del periodismo digital. Un canal directo con la audiencia, distribuci\u00f3n instant\u00e1nea, viralidad asegurada","keywords":null,"keyphrases":{"focus":{"keyphrase":"redes sociales","score":91,"analysis":{"keyphraseInTitle":{"score":9,"maxScore":9,"error":0},"keyphraseInDescription":{"score":9,"maxScore":9,"error":0},"keyphraseLength":{"score":9,"maxScore":9,"error":0,"length":2},"keyphraseInURL":{"score":5,"maxScore":5,"error":0},"keyphraseInIntroduction":{"score":9,"maxScore":9,"error":0},"keyphraseInSubHeadings":{"score":3,"maxScore":9,"error":1},"keyphraseInImageAlt":{"score":9,"maxScore":9,"error":0},"keywordDensity":{"type":"best","score":9,"maxScore":9,"error":0}}},"additional":[{"keyphrase":"redes sociales","score":100,"analysis":{"keyphraseInDescription":{"score":9,"maxScore":9,"error":0},"keyphraseLength":{"score":9,"maxScore":9,"error":0,"length":2},"keyphraseInIntroduction":{"score":9,"maxScore":9,"error":0},"keyphraseInImageAlt":{"score":9,"maxScore":9,"error":0},"keywordDensity":{"type":"best","score":9,"maxScore":9,"error":0}}}]},"primary_term":null,"canonical_url":null,"og_title":null,"og_description":null,"og_object_type":"default","og_image_type":"default","og_image_url":null,"og_image_width":null,"og_image_height":null,"og_image_custom_url":null,"og_image_custom_fields":null,"og_video":"","og_custom_url":null,"og_article_section":null,"og_article_tags":null,"twitter_use_og":false,"twitter_card":"default","twitter_image_type":"default","twitter_image_url":null,"twitter_image_custom_url":null,"twitter_image_custom_fields":null,"twitter_title":null,"twitter_description":null,"schema":{"blockGraphs":[],"customGraphs":[],"default":{"data":{"Article":[],"Course":[],"Dataset":[],"FAQPage":[],"Movie":[],"Person":[],"Product":[],"ProductReview":[],"Car":[],"Recipe":[],"Service":[],"SoftwareApplication":[],"WebPage":[]},"graphName":"Article","isEnabled":true},"graphs":[]},"schema_type":"default","schema_type_options":null,"pillar_content":false,"robots_default":true,"robots_noindex":false,"robots_noarchive":false,"robots_nosnippet":false,"robots_nofollow":false,"robots_noimageindex":false,"robots_noodp":false,"robots_notranslate":false,"robots_max_snippet":"-1","robots_max_videopreview":"-1","robots_max_imagepreview":"large","priority":null,"frequency":"default","location":null,"local_seo":null,"seo_analyzer_scan_date":"2026-01-05 14:09:31","breadcrumb_settings":null,"limit_modified_date":false,"reviewed_by":null,"open_ai":null,"ai":{"faqs":[],"keyPoints":[],"titles":[],"descriptions":[],"socialPosts":{"email":[],"linkedin":[],"twitter":[],"facebook":[],"instagram":[]}},"created":"2026-01-05 13:45:29","updated":"2026-01-05 14:09:46"},"aioseo_breadcrumb":"<div class=\"aioseo-breadcrumbs\"><span class=\"aioseo-breadcrumb\">\n\t<a href=\"https:\/\/candas365.es\/noticias\" title=\"Home\">Home<\/a>\n<\/span><span class=\"aioseo-breadcrumb-separator\">&ndash;<\/span><span class=\"aioseo-breadcrumb\">\n\t<a href=\"https:\/\/candas365.es\/noticias\/category\/canal-empresas\/\" title=\"Canal Empresas\">Canal Empresas<\/a>\n<\/span><span class=\"aioseo-breadcrumb-separator\">&ndash;<\/span><span class=\"aioseo-breadcrumb\">\n\tLos retos de los medios en las redes sociales\n<\/span><\/div>","aioseo_breadcrumb_json":[{"label":"Home","link":"https:\/\/candas365.es\/noticias"},{"label":"Canal Empresas","link":"https:\/\/candas365.es\/noticias\/category\/canal-empresas\/"},{"label":"Los retos de los medios en las redes sociales","link":"https:\/\/candas365.es\/noticias\/los-retos-de-los-medios-en-las-redes-sociales\/"}],"_links":{"self":[{"href":"https:\/\/candas365.es\/noticias\/wp-json\/wp\/v2\/posts\/191188","targetHints":{"allow":["GET"]}}],"collection":[{"href":"https:\/\/candas365.es\/noticias\/wp-json\/wp\/v2\/posts"}],"about":[{"href":"https:\/\/candas365.es\/noticias\/wp-json\/wp\/v2\/types\/post"}],"author":[{"embeddable":true,"href":"https:\/\/candas365.es\/noticias\/wp-json\/wp\/v2\/users\/1"}],"replies":[{"embeddable":true,"href":"https:\/\/candas365.es\/noticias\/wp-json\/wp\/v2\/comments?post=191188"}],"version-history":[{"count":0,"href":"https:\/\/candas365.es\/noticias\/wp-json\/wp\/v2\/posts\/191188\/revisions"}],"wp:featuredmedia":[{"embeddable":true,"href":"https:\/\/candas365.es\/noticias\/wp-json\/wp\/v2\/media\/191189"}],"wp:attachment":[{"href":"https:\/\/candas365.es\/noticias\/wp-json\/wp\/v2\/media?parent=191188"}],"wp:term":[{"taxonomy":"category","embeddable":true,"href":"https:\/\/candas365.es\/noticias\/wp-json\/wp\/v2\/categories?post=191188"},{"taxonomy":"post_tag","embeddable":true,"href":"https:\/\/candas365.es\/noticias\/wp-json\/wp\/v2\/tags?post=191188"}],"curies":[{"name":"wp","href":"https:\/\/api.w.org\/{rel}","templated":true}]}}