{"id":191137,"date":"2026-01-04T11:23:49","date_gmt":"2026-01-04T10:23:49","guid":{"rendered":"https:\/\/candas365.es\/noticias\/?p=191137"},"modified":"2026-01-04T11:23:49","modified_gmt":"2026-01-04T10:23:49","slug":"el-tiempo-en-espana-hoy-4-de-enero-2026","status":"publish","type":"post","link":"https:\/\/candas365.es\/noticias\/el-tiempo-en-espana-hoy-4-de-enero-2026\/","title":{"rendered":"El tiempo en Espa\u00f1a hoy 4 de enero 2026"},"content":{"rendered":"<p>El <a href=\"https:\/\/candas365.es\/noticias\/category\/el-tiempo\/\"><span style=\"color: #ff6600;\"><strong>tiempo hoy domingo 4 de enero<\/strong><\/span><\/a> de 2026 en Espa\u00f1a estar\u00e1 marcado por las precipitaciones localmente fuertes o muy fuertes y persistentes en zonas del Estrecho, oeste de Albor\u00e1n y entorno del cabo de la Nao, que pueden extenderse puntualmente a Baleares, con acumulados de nieve en la Cordillera Cant\u00e1brica y otras zonas de monta\u00f1a de la meseta norte que puede ampliarse a zonas aleda\u00f1as.<\/p>\n<figure id=\"attachment_191138\" aria-describedby=\"caption-attachment-191138\" style=\"width: 650px\" class=\"wp-caption aligncenter\"><img fetchpriority=\"high\" decoding=\"async\" class=\"size-large wp-image-191138\" src=\"https:\/\/candas365.es\/noticias\/wp-content\/uploads\/2026\/01\/El-tiempo-en-Espana-hoy-4-de-enero-2026-650x420.jpg\" alt=\"El tiempo en Espa\u00f1a hoy 4 de enero 2026\" width=\"650\" height=\"420\" srcset=\"https:\/\/candas365.es\/noticias\/wp-content\/uploads\/2026\/01\/El-tiempo-en-Espana-hoy-4-de-enero-2026-650x420.jpg 650w, https:\/\/candas365.es\/noticias\/wp-content\/uploads\/2026\/01\/El-tiempo-en-Espana-hoy-4-de-enero-2026-360x232.jpg 360w, https:\/\/candas365.es\/noticias\/wp-content\/uploads\/2026\/01\/El-tiempo-en-Espana-hoy-4-de-enero-2026-768x496.jpg 768w, https:\/\/candas365.es\/noticias\/wp-content\/uploads\/2026\/01\/El-tiempo-en-Espana-hoy-4-de-enero-2026-150x97.jpg 150w, https:\/\/candas365.es\/noticias\/wp-content\/uploads\/2026\/01\/El-tiempo-en-Espana-hoy-4-de-enero-2026-450x291.jpg 450w, https:\/\/candas365.es\/noticias\/wp-content\/uploads\/2026\/01\/El-tiempo-en-Espana-hoy-4-de-enero-2026-1200x775.jpg 1200w, https:\/\/candas365.es\/noticias\/wp-content\/uploads\/2026\/01\/El-tiempo-en-Espana-hoy-4-de-enero-2026.jpg 1216w\" sizes=\"(max-width: 650px) 100vw, 650px\" \/><figcaption id=\"caption-attachment-191138\" class=\"wp-caption-text\">Foto: 123rf.com<\/figcaption><\/figure>\n<p>Seg\u00fan la previsi\u00f3n de la <span style=\"color: #ff6600;\"><strong><a style=\"color: #ff6600;\" title=\"Agencia Estatal de Meteorolog\u00eda\" href=\"https:\/\/www.aemet.es\/es\/portada\" target=\"_blank\" rel=\"noopener\">Agencia Estatal de Meteorolog\u00eda<\/a><\/strong><\/span> (Aemet), se prev\u00e9 que la borrasca Francis se sit\u00fae en el entorno del Estrecho y oeste del Albor\u00e1n, aumentando la inestabilidad en el sur y sureste peninsular con chubascos que podr\u00edan ser localmente fuertes y persistentes en zonas del golfo de C\u00e1diz a \u00faltimas horas y, sobre todo, en el Estrecho, zonas occidentales del Albor\u00e1n y entorno de la Nao, sin descartar que vayan acompa\u00f1ados de tormentas.<\/p>\n<p>Por otro lado, el aire fr\u00edo \u00e1rtico seguir\u00e1 desplaz\u00e1ndose hacia el sur dejando nevadas d\u00e9biles a moderadas en cotas bajas con las mayores acumulaciones en la Cordillera Cant\u00e1brica, en el entorno oriental del Sistema Central, sin descartar zonas llanas de la meseta norte. Tambi\u00e9n se esperan en zonas de la Ib\u00e9rica y Pirineo oscense, mientras que en Canarias se esperan intervalos nubosos con lluvias en general d\u00e9biles m\u00e1s frecuentes en las islas orientales y en las vertientes norte y oeste de las islas monta\u00f1osas.<\/p>\n<p>Tambi\u00e9n habr\u00e1 brumas y bancos de nieblas en zonas bajas del nordeste y en zonas de monta\u00f1a, con un descenso generalizado de las temperaturas en la Pen\u00ednsula y Baleares: en las m\u00e1ximas ser\u00e1 localmente notable en la meseta Norte y en zonas de la Ib\u00e9rica, y en las m\u00ednimas se notar\u00e1 en zonas de monta\u00f1a del centro norte y noroeste peninsular. Heladas d\u00e9biles en la mitad norte, monta\u00f1as del sureste y localmente en la meseta Sur, que ser\u00e1n moderadas en las monta\u00f1as de la mitad norte sin descartar localmente fuertes en los Pirineos.<\/p>\n<p>Soplar\u00e1 viento moderado de componente norte y este en el cuadrante noroeste y en la mitad sur peninsular, cierzo en el valle del Ebro y flojo en el resto peninsular con intervalos de fuerte viento del sureste en litorales atl\u00e1nticos andaluces tendiendo a amainar y moderado en el resto de litorales. Tambi\u00e9n soplar\u00e1 tramontana fuerte desde Ampurd\u00e1n hasta Baleares, mientras que en Canarias se espera viento moderado.<\/p>\n<p>(<a href=\"https:\/\/www.servimedia.es\/\" target=\"_blank\" rel=\"noopener\"><span style=\"color: #ff6600;\"><strong>SERVIMEDIA<\/strong><\/span><\/a>)<\/p>\n","protected":false},"excerpt":{"rendered":"<p>El tiempo hoy domingo 4 de enero de 2026 en Espa\u00f1a estar\u00e1 marcado por las precipitaciones localmente fuertes o muy fuertes y persistentes en zonas del Estrecho, oeste de Albor\u00e1n y entorno del cabo de la Nao, que pueden extenderse puntualmente a Baleares, con acumulados de nieve en la Cordillera Cant\u00e1brica y otras zonas de<\/p>\n","protected":false},"author":1,"featured_media":191138,"comment_status":"closed","ping_status":"closed","sticky":false,"template":"","format":"standard","meta":{"footnotes":""},"categories":[358],"tags":[429],"class_list":{"0":"post-191137","1":"post","2":"type-post","3":"status-publish","4":"format-standard","5":"has-post-thumbnail","7":"category-el-tiempo","8":"tag-el-tiempo"},"aioseo_notices":[],"aioseo_head":"\n\t\t<!-- All in One SEO Pro 4.9.6.2 - aioseo.com -->\n\t<meta name=\"description\" content=\"El tiempo hoy domingo 4 de enero de 2026 en Espa\u00f1a estar\u00e1 marcado por las precipitaciones localmente fuertes o muy fuertes y persistentes en zonas del Estrecho\" \/>\n\t<meta name=\"robots\" content=\"max-image-preview:large\" \/>\n\t<meta name=\"author\" content=\"Cand\u00e1s 365\"\/>\n\t<meta name=\"google-site-verification\" content=\"UA-32230408-1\" \/>\n\t<meta name=\"msvalidate.01\" content=\"354F3CDFB2DA171B47FBE9ABF1F88D5\" \/>\n\t<meta name=\"keywords\" content=\"el tiempo\" \/>\n\t<link rel=\"canonical\" href=\"https:\/\/candas365.es\/noticias\/el-tiempo-en-espana-hoy-4-de-enero-2026\/\" \/>\n\t<meta name=\"generator\" content=\"All in One SEO Pro (AIOSEO) 4.9.6.2\" \/>\n\t\t<meta property=\"og:locale\" content=\"es_ES\" \/>\n\t\t<meta property=\"og:site_name\" content=\"Cand\u00e1s 365\" \/>\n\t\t<meta property=\"og:type\" content=\"article\" \/>\n\t\t<meta property=\"og:title\" content=\"El tiempo en Espa\u00f1a hoy 4 de enero 2026 | Cand\u00e1s 365\" \/>\n\t\t<meta property=\"og:description\" content=\"El tiempo hoy domingo 4 de enero de 2026 en Espa\u00f1a estar\u00e1 marcado por las precipitaciones localmente fuertes o muy fuertes y persistentes en zonas del Estrecho\" \/>\n\t\t<meta property=\"og:url\" content=\"https:\/\/candas365.es\/noticias\/el-tiempo-en-espana-hoy-4-de-enero-2026\/\" \/>\n\t\t<meta property=\"og:image\" content=\"https:\/\/candas365.es\/noticias\/wp-content\/uploads\/2026\/01\/El-tiempo-en-Espana-hoy-4-de-enero-2026.jpg\" \/>\n\t\t<meta property=\"og:image:secure_url\" content=\"https:\/\/candas365.es\/noticias\/wp-content\/uploads\/2026\/01\/El-tiempo-en-Espana-hoy-4-de-enero-2026.jpg\" \/>\n\t\t<meta property=\"og:image:width\" content=\"1216\" \/>\n\t\t<meta property=\"og:image:height\" content=\"785\" \/>\n\t\t<meta property=\"article:published_time\" content=\"2026-01-04T10:23:49+00:00\" \/>\n\t\t<meta property=\"article:modified_time\" content=\"2026-01-04T10:23:49+00:00\" \/>\n\t\t<meta property=\"article:publisher\" content=\"https:\/\/www.facebook.com\/Nachofdezber\" \/>\n\t\t<meta property=\"article:author\" content=\"https:\/\/www.facebook.com\/carrenoactualidad\" \/>\n\t\t<meta name=\"twitter:card\" content=\"summary_large_image\" \/>\n\t\t<meta name=\"twitter:site\" content=\"@NabercoDigital\" \/>\n\t\t<meta name=\"twitter:title\" content=\"El tiempo en Espa\u00f1a hoy 4 de enero 2026 | Cand\u00e1s 365\" \/>\n\t\t<meta name=\"twitter:description\" content=\"El tiempo hoy domingo 4 de enero de 2026 en Espa\u00f1a estar\u00e1 marcado por las precipitaciones localmente fuertes o muy fuertes y persistentes en zonas del Estrecho\" \/>\n\t\t<meta name=\"twitter:creator\" content=\"@nbasturias\" \/>\n\t\t<meta name=\"twitter:image\" content=\"https:\/\/candas365.es\/noticias\/wp-content\/uploads\/2026\/01\/El-tiempo-en-Espana-hoy-4-de-enero-2026.jpg\" \/>\n\t\t<meta name=\"twitter:label1\" content=\"Escrito por\" \/>\n\t\t<meta name=\"twitter:data1\" content=\"Cand\u00e1s 365\" \/>\n\t\t<meta name=\"twitter:label2\" content=\"Tiempo de lectura estimado\" \/>\n\t\t<meta name=\"twitter:data2\" content=\"2 minutos\" \/>\n\t\t<script type=\"application\/ld+json\" class=\"aioseo-schema\">\n\t\t\t{\"@context\":\"https:\\\/\\\/schema.org\",\"@graph\":[{\"@type\":\"BreadcrumbList\",\"@id\":\"https:\\\/\\\/candas365.es\\\/noticias\\\/el-tiempo-en-espana-hoy-4-de-enero-2026\\\/#breadcrumblist\",\"itemListElement\":[{\"@type\":\"ListItem\",\"@id\":\"https:\\\/\\\/candas365.es\\\/noticias#listItem\",\"position\":1,\"name\":\"Home\",\"item\":\"https:\\\/\\\/candas365.es\\\/noticias\",\"nextItem\":{\"@type\":\"ListItem\",\"@id\":\"https:\\\/\\\/candas365.es\\\/noticias\\\/category\\\/el-tiempo\\\/#listItem\",\"name\":\"El tiempo\"}},{\"@type\":\"ListItem\",\"@id\":\"https:\\\/\\\/candas365.es\\\/noticias\\\/category\\\/el-tiempo\\\/#listItem\",\"position\":2,\"name\":\"El tiempo\",\"item\":\"https:\\\/\\\/candas365.es\\\/noticias\\\/category\\\/el-tiempo\\\/\",\"nextItem\":{\"@type\":\"ListItem\",\"@id\":\"https:\\\/\\\/candas365.es\\\/noticias\\\/el-tiempo-en-espana-hoy-4-de-enero-2026\\\/#listItem\",\"name\":\"El tiempo en Espa\\u00f1a hoy 4 de enero 2026\"},\"previousItem\":{\"@type\":\"ListItem\",\"@id\":\"https:\\\/\\\/candas365.es\\\/noticias#listItem\",\"name\":\"Home\"}},{\"@type\":\"ListItem\",\"@id\":\"https:\\\/\\\/candas365.es\\\/noticias\\\/el-tiempo-en-espana-hoy-4-de-enero-2026\\\/#listItem\",\"position\":3,\"name\":\"El tiempo en Espa\\u00f1a hoy 4 de enero 2026\",\"previousItem\":{\"@type\":\"ListItem\",\"@id\":\"https:\\\/\\\/candas365.es\\\/noticias\\\/category\\\/el-tiempo\\\/#listItem\",\"name\":\"El tiempo\"}}]},{\"@type\":\"NewsArticle\",\"@id\":\"https:\\\/\\\/candas365.es\\\/noticias\\\/el-tiempo-en-espana-hoy-4-de-enero-2026\\\/#newsarticle\",\"name\":\"El tiempo en Espa\\u00f1a hoy 4 de enero 2026 | Cand\\u00e1s 365\",\"headline\":\"El tiempo en Espa\\u00f1a hoy 4 de enero 2026\",\"author\":{\"@id\":\"https:\\\/\\\/candas365.es\\\/noticias\\\/author\\\/admin\\\/#author\"},\"publisher\":{\"@id\":\"https:\\\/\\\/candas365.es\\\/noticias\\\/#organization\"},\"image\":{\"@type\":\"ImageObject\",\"url\":\"https:\\\/\\\/candas365.es\\\/noticias\\\/wp-content\\\/uploads\\\/2026\\\/01\\\/El-tiempo-en-Espana-hoy-4-de-enero-2026.jpg\",\"width\":1216,\"height\":785,\"caption\":\"Foto: 123rf.com\"},\"datePublished\":\"2026-01-04T11:23:49+01:00\",\"dateModified\":\"2026-01-04T11:23:49+01:00\",\"inLanguage\":\"es-ES\",\"mainEntityOfPage\":{\"@id\":\"https:\\\/\\\/candas365.es\\\/noticias\\\/el-tiempo-en-espana-hoy-4-de-enero-2026\\\/#webpage\"},\"isPartOf\":{\"@id\":\"https:\\\/\\\/candas365.es\\\/noticias\\\/el-tiempo-en-espana-hoy-4-de-enero-2026\\\/#webpage\"},\"articleSection\":\"El tiempo, El tiempo\",\"dateline\":\"Publicado el enero 4, 2026.\"},{\"@type\":\"Organization\",\"@id\":\"https:\\\/\\\/candas365.es\\\/noticias\\\/#organization\",\"name\":\"Cand\\u00e1s 365\",\"description\":\"Cand\\u00e1s 365 es un diario digital independiente, fundado en 2012, con base en Asturias. Informamos con rigor sobre actualidad, sociedad, cultura y ocio, con una mirada local y global.\",\"url\":\"https:\\\/\\\/candas365.es\\\/noticias\\\/\",\"email\":\"info@candas365.es\",\"telephone\":\"+34652131393\",\"foundingDate\":\"2012-06-10\",\"logo\":{\"@type\":\"ImageObject\",\"url\":\"https:\\\/\\\/candas365.es\\\/noticias\\\/wp-content\\\/uploads\\\/2024\\\/09\\\/Candas-365-Redes.jpg\",\"@id\":\"https:\\\/\\\/candas365.es\\\/noticias\\\/el-tiempo-en-espana-hoy-4-de-enero-2026\\\/#organizationLogo\",\"width\":1152,\"height\":864,\"caption\":\"Cand\\u00e1s 365 Redes\"},\"image\":{\"@id\":\"https:\\\/\\\/candas365.es\\\/noticias\\\/el-tiempo-en-espana-hoy-4-de-enero-2026\\\/#organizationLogo\"},\"sameAs\":[\"https:\\\/\\\/www.facebook.com\\\/Nachofdezber\",\"https:\\\/\\\/x.com\\\/NabercoDigital\",\"https:\\\/\\\/www.instagram.com\\\/nachofdezber\\\/\",\"https:\\\/\\\/www.youtube.com\\\/channel\\\/UCZP-2wLEB9Rv6erhFmqVnvg\"],\"address\":{\"@id\":\"https:\\\/\\\/candas365.es\\\/noticias\\\/#postaladdress\",\"@type\":\"PostalAddress\",\"streetAddress\":\"san antonio 4, san antonio 4\",\"postalCode\":\"33430\",\"addressLocality\":\"Cand\\u00e1s\",\"addressRegion\":\"Asturias\",\"addressCountry\":\"ES\"}},{\"@type\":\"Person\",\"@id\":\"https:\\\/\\\/candas365.es\\\/noticias\\\/author\\\/admin\\\/#author\",\"url\":\"https:\\\/\\\/candas365.es\\\/noticias\\\/author\\\/admin\\\/\",\"name\":\"Cand\\u00e1s 365\",\"image\":{\"@type\":\"ImageObject\",\"@id\":\"https:\\\/\\\/candas365.es\\\/noticias\\\/el-tiempo-en-espana-hoy-4-de-enero-2026\\\/#authorImage\",\"url\":\"https:\\\/\\\/secure.gravatar.com\\\/avatar\\\/496a8e03d0c493ede1718b7934145dbdf8d89be1036b0eec9544e1094c9de390?s=96&d=mm&r=g\",\"width\":96,\"height\":96,\"caption\":\"Cand\\u00e1s 365\"},\"sameAs\":[\"https:\\\/\\\/www.facebook.com\\\/carrenoactualidad\",\"https:\\\/\\\/twitter.com\\\/nbasturias\",\"https:\\\/\\\/www.instagram.com\\\/nachofdezber\\\/\",\"https:\\\/\\\/www.youtube.com\\\/channel\\\/UCZP-2wLEB9Rv6erhFmqVnvg\"]},{\"@type\":\"WebPage\",\"@id\":\"https:\\\/\\\/candas365.es\\\/noticias\\\/el-tiempo-en-espana-hoy-4-de-enero-2026\\\/#webpage\",\"url\":\"https:\\\/\\\/candas365.es\\\/noticias\\\/el-tiempo-en-espana-hoy-4-de-enero-2026\\\/\",\"name\":\"El tiempo en Espa\\u00f1a hoy 4 de enero 2026 | Cand\\u00e1s 365\",\"description\":\"El tiempo hoy domingo 4 de enero de 2026 en Espa\\u00f1a estar\\u00e1 marcado por las precipitaciones localmente fuertes o muy fuertes y persistentes en zonas del Estrecho\",\"inLanguage\":\"es-ES\",\"isPartOf\":{\"@id\":\"https:\\\/\\\/candas365.es\\\/noticias\\\/#website\"},\"breadcrumb\":{\"@id\":\"https:\\\/\\\/candas365.es\\\/noticias\\\/el-tiempo-en-espana-hoy-4-de-enero-2026\\\/#breadcrumblist\"},\"author\":{\"@id\":\"https:\\\/\\\/candas365.es\\\/noticias\\\/author\\\/admin\\\/#author\"},\"creator\":{\"@id\":\"https:\\\/\\\/candas365.es\\\/noticias\\\/author\\\/admin\\\/#author\"},\"image\":{\"@type\":\"ImageObject\",\"url\":\"https:\\\/\\\/candas365.es\\\/noticias\\\/wp-content\\\/uploads\\\/2026\\\/01\\\/El-tiempo-en-Espana-hoy-4-de-enero-2026.jpg\",\"@id\":\"https:\\\/\\\/candas365.es\\\/noticias\\\/el-tiempo-en-espana-hoy-4-de-enero-2026\\\/#mainImage\",\"width\":1216,\"height\":785,\"caption\":\"Foto: 123rf.com\"},\"primaryImageOfPage\":{\"@id\":\"https:\\\/\\\/candas365.es\\\/noticias\\\/el-tiempo-en-espana-hoy-4-de-enero-2026\\\/#mainImage\"},\"datePublished\":\"2026-01-04T11:23:49+01:00\",\"dateModified\":\"2026-01-04T11:23:49+01:00\"},{\"@type\":\"WebSite\",\"@id\":\"https:\\\/\\\/candas365.es\\\/noticias\\\/#website\",\"url\":\"https:\\\/\\\/candas365.es\\\/noticias\\\/\",\"name\":\"Cand\\u00e1s 365\",\"alternateName\":\"Cand\\u00e1s 365 Noticias\",\"description\":\"Actualidad desde Carre\\u00f1o para el mundo\",\"inLanguage\":\"es-ES\",\"publisher\":{\"@id\":\"https:\\\/\\\/candas365.es\\\/noticias\\\/#organization\"}}]}\n\t\t<\/script>\n\t\t<!-- All in One SEO Pro -->\r\n\t\t<title>El tiempo en Espa\u00f1a hoy 4 de enero 2026 | Cand\u00e1s 365<\/title>\n\n","aioseo_head_json":{"title":"El tiempo en Espa\u00f1a hoy 4 de enero 2026 | Cand\u00e1s 365","description":"El tiempo hoy domingo 4 de enero de 2026 en Espa\u00f1a estar\u00e1 marcado por las precipitaciones localmente fuertes o muy fuertes y persistentes en zonas del Estrecho","canonical_url":"https:\/\/candas365.es\/noticias\/el-tiempo-en-espana-hoy-4-de-enero-2026\/","robots":"max-image-preview:large","keywords":"el tiempo","webmasterTools":{"google-site-verification":"UA-32230408-1","msvalidate.01":"354F3CDFB2DA171B47FBE9ABF1F88D5","miscellaneous":""},"schema":{"@context":"https:\/\/schema.org","@graph":[{"@type":"BreadcrumbList","@id":"https:\/\/candas365.es\/noticias\/el-tiempo-en-espana-hoy-4-de-enero-2026\/#breadcrumblist","itemListElement":[{"@type":"ListItem","@id":"https:\/\/candas365.es\/noticias#listItem","position":1,"name":"Home","item":"https:\/\/candas365.es\/noticias","nextItem":{"@type":"ListItem","@id":"https:\/\/candas365.es\/noticias\/category\/el-tiempo\/#listItem","name":"El tiempo"}},{"@type":"ListItem","@id":"https:\/\/candas365.es\/noticias\/category\/el-tiempo\/#listItem","position":2,"name":"El tiempo","item":"https:\/\/candas365.es\/noticias\/category\/el-tiempo\/","nextItem":{"@type":"ListItem","@id":"https:\/\/candas365.es\/noticias\/el-tiempo-en-espana-hoy-4-de-enero-2026\/#listItem","name":"El tiempo en Espa\u00f1a hoy 4 de enero 2026"},"previousItem":{"@type":"ListItem","@id":"https:\/\/candas365.es\/noticias#listItem","name":"Home"}},{"@type":"ListItem","@id":"https:\/\/candas365.es\/noticias\/el-tiempo-en-espana-hoy-4-de-enero-2026\/#listItem","position":3,"name":"El tiempo en Espa\u00f1a hoy 4 de enero 2026","previousItem":{"@type":"ListItem","@id":"https:\/\/candas365.es\/noticias\/category\/el-tiempo\/#listItem","name":"El tiempo"}}]},{"@type":"NewsArticle","@id":"https:\/\/candas365.es\/noticias\/el-tiempo-en-espana-hoy-4-de-enero-2026\/#newsarticle","name":"El tiempo en Espa\u00f1a hoy 4 de enero 2026 | Cand\u00e1s 365","headline":"El tiempo en Espa\u00f1a hoy 4 de enero 2026","author":{"@id":"https:\/\/candas365.es\/noticias\/author\/admin\/#author"},"publisher":{"@id":"https:\/\/candas365.es\/noticias\/#organization"},"image":{"@type":"ImageObject","url":"https:\/\/candas365.es\/noticias\/wp-content\/uploads\/2026\/01\/El-tiempo-en-Espana-hoy-4-de-enero-2026.jpg","width":1216,"height":785,"caption":"Foto: 123rf.com"},"datePublished":"2026-01-04T11:23:49+01:00","dateModified":"2026-01-04T11:23:49+01:00","inLanguage":"es-ES","mainEntityOfPage":{"@id":"https:\/\/candas365.es\/noticias\/el-tiempo-en-espana-hoy-4-de-enero-2026\/#webpage"},"isPartOf":{"@id":"https:\/\/candas365.es\/noticias\/el-tiempo-en-espana-hoy-4-de-enero-2026\/#webpage"},"articleSection":"El tiempo, El tiempo","dateline":"Publicado el enero 4, 2026."},{"@type":"Organization","@id":"https:\/\/candas365.es\/noticias\/#organization","name":"Cand\u00e1s 365","description":"Cand\u00e1s 365 es un diario digital independiente, fundado en 2012, con base en Asturias. Informamos con rigor sobre actualidad, sociedad, cultura y ocio, con una mirada local y global.","url":"https:\/\/candas365.es\/noticias\/","email":"info@candas365.es","telephone":"+34652131393","foundingDate":"2012-06-10","logo":{"@type":"ImageObject","url":"https:\/\/candas365.es\/noticias\/wp-content\/uploads\/2024\/09\/Candas-365-Redes.jpg","@id":"https:\/\/candas365.es\/noticias\/el-tiempo-en-espana-hoy-4-de-enero-2026\/#organizationLogo","width":1152,"height":864,"caption":"Cand\u00e1s 365 Redes"},"image":{"@id":"https:\/\/candas365.es\/noticias\/el-tiempo-en-espana-hoy-4-de-enero-2026\/#organizationLogo"},"sameAs":["https:\/\/www.facebook.com\/Nachofdezber","https:\/\/x.com\/NabercoDigital","https:\/\/www.instagram.com\/nachofdezber\/","https:\/\/www.youtube.com\/channel\/UCZP-2wLEB9Rv6erhFmqVnvg"],"address":{"@id":"https:\/\/candas365.es\/noticias\/#postaladdress","@type":"PostalAddress","streetAddress":"san antonio 4, san antonio 4","postalCode":"33430","addressLocality":"Cand\u00e1s","addressRegion":"Asturias","addressCountry":"ES"}},{"@type":"Person","@id":"https:\/\/candas365.es\/noticias\/author\/admin\/#author","url":"https:\/\/candas365.es\/noticias\/author\/admin\/","name":"Cand\u00e1s 365","image":{"@type":"ImageObject","@id":"https:\/\/candas365.es\/noticias\/el-tiempo-en-espana-hoy-4-de-enero-2026\/#authorImage","url":"https:\/\/secure.gravatar.com\/avatar\/496a8e03d0c493ede1718b7934145dbdf8d89be1036b0eec9544e1094c9de390?s=96&d=mm&r=g","width":96,"height":96,"caption":"Cand\u00e1s 365"},"sameAs":["https:\/\/www.facebook.com\/carrenoactualidad","https:\/\/twitter.com\/nbasturias","https:\/\/www.instagram.com\/nachofdezber\/","https:\/\/www.youtube.com\/channel\/UCZP-2wLEB9Rv6erhFmqVnvg"]},{"@type":"WebPage","@id":"https:\/\/candas365.es\/noticias\/el-tiempo-en-espana-hoy-4-de-enero-2026\/#webpage","url":"https:\/\/candas365.es\/noticias\/el-tiempo-en-espana-hoy-4-de-enero-2026\/","name":"El tiempo en Espa\u00f1a hoy 4 de enero 2026 | Cand\u00e1s 365","description":"El tiempo hoy domingo 4 de enero de 2026 en Espa\u00f1a estar\u00e1 marcado por las precipitaciones localmente fuertes o muy fuertes y persistentes en zonas del Estrecho","inLanguage":"es-ES","isPartOf":{"@id":"https:\/\/candas365.es\/noticias\/#website"},"breadcrumb":{"@id":"https:\/\/candas365.es\/noticias\/el-tiempo-en-espana-hoy-4-de-enero-2026\/#breadcrumblist"},"author":{"@id":"https:\/\/candas365.es\/noticias\/author\/admin\/#author"},"creator":{"@id":"https:\/\/candas365.es\/noticias\/author\/admin\/#author"},"image":{"@type":"ImageObject","url":"https:\/\/candas365.es\/noticias\/wp-content\/uploads\/2026\/01\/El-tiempo-en-Espana-hoy-4-de-enero-2026.jpg","@id":"https:\/\/candas365.es\/noticias\/el-tiempo-en-espana-hoy-4-de-enero-2026\/#mainImage","width":1216,"height":785,"caption":"Foto: 123rf.com"},"primaryImageOfPage":{"@id":"https:\/\/candas365.es\/noticias\/el-tiempo-en-espana-hoy-4-de-enero-2026\/#mainImage"},"datePublished":"2026-01-04T11:23:49+01:00","dateModified":"2026-01-04T11:23:49+01:00"},{"@type":"WebSite","@id":"https:\/\/candas365.es\/noticias\/#website","url":"https:\/\/candas365.es\/noticias\/","name":"Cand\u00e1s 365","alternateName":"Cand\u00e1s 365 Noticias","description":"Actualidad desde Carre\u00f1o para el mundo","inLanguage":"es-ES","publisher":{"@id":"https:\/\/candas365.es\/noticias\/#organization"}}]},"og:locale":"es_ES","og:site_name":"Cand\u00e1s 365","og:type":"article","og:title":"El tiempo en Espa\u00f1a hoy 4 de enero 2026 | Cand\u00e1s 365","og:description":"El tiempo hoy domingo 4 de enero de 2026 en Espa\u00f1a estar\u00e1 marcado por las precipitaciones localmente fuertes o muy fuertes y persistentes en zonas del Estrecho","og:url":"https:\/\/candas365.es\/noticias\/el-tiempo-en-espana-hoy-4-de-enero-2026\/","og:image":"https:\/\/candas365.es\/noticias\/wp-content\/uploads\/2026\/01\/El-tiempo-en-Espana-hoy-4-de-enero-2026.jpg","og:image:secure_url":"https:\/\/candas365.es\/noticias\/wp-content\/uploads\/2026\/01\/El-tiempo-en-Espana-hoy-4-de-enero-2026.jpg","og:image:width":1216,"og:image:height":785,"article:published_time":"2026-01-04T10:23:49+00:00","article:modified_time":"2026-01-04T10:23:49+00:00","article:publisher":"https:\/\/www.facebook.com\/Nachofdezber","article:author":"https:\/\/www.facebook.com\/carrenoactualidad","twitter:card":"summary_large_image","twitter:site":"@NabercoDigital","twitter:title":"El tiempo en Espa\u00f1a hoy 4 de enero 2026 | Cand\u00e1s 365","twitter:description":"El tiempo hoy domingo 4 de enero de 2026 en Espa\u00f1a estar\u00e1 marcado por las precipitaciones localmente fuertes o muy fuertes y persistentes en zonas del Estrecho","twitter:creator":"@nbasturias","twitter:image":"https:\/\/candas365.es\/noticias\/wp-content\/uploads\/2026\/01\/El-tiempo-en-Espana-hoy-4-de-enero-2026.jpg","twitter:label1":"Escrito por","twitter:data1":"Cand\u00e1s 365","twitter:label2":"Tiempo de lectura estimado","twitter:data2":"2 minutos"},"aioseo_meta_data":{"post_id":"191137","title":null,"description":"El tiempo hoy domingo 4 de enero de 2026 en Espa\u00f1a estar\u00e1 marcado por las precipitaciones localmente fuertes o muy fuertes y persistentes en zonas del Estrecho","keywords":null,"keyphrases":{"focus":{"keyphrase":"Espa\u00f1a","score":85,"analysis":{"keyphraseInTitle":{"score":9,"maxScore":9,"error":0},"keyphraseInDescription":{"score":9,"maxScore":9,"error":0},"keyphraseLength":{"score":9,"maxScore":9,"error":0,"length":2},"keyphraseInURL":{"score":5,"maxScore":5,"error":0},"keyphraseInIntroduction":{"score":9,"maxScore":9,"error":0},"keyphraseInSubHeadings":[],"keyphraseInImageAlt":{"score":9,"maxScore":9,"error":0},"keywordDensity":{"score":0,"type":"low","maxScore":9,"error":1}}},"additional":[{"keyphrase":"tiempo","score":80,"analysis":{"keyphraseInDescription":{"score":9,"maxScore":9,"error":0},"keyphraseLength":{"score":9,"maxScore":9,"error":0,"length":1},"keyphraseInIntroduction":{"score":9,"maxScore":9,"error":0},"keyphraseInImageAlt":{"score":9,"maxScore":9,"error":0},"keywordDensity":{"score":0,"type":"low","maxScore":9,"error":1}}}]},"primary_term":null,"canonical_url":null,"og_title":null,"og_description":null,"og_object_type":"default","og_image_type":"default","og_image_url":null,"og_image_width":null,"og_image_height":null,"og_image_custom_url":null,"og_image_custom_fields":null,"og_video":"","og_custom_url":null,"og_article_section":null,"og_article_tags":null,"twitter_use_og":false,"twitter_card":"default","twitter_image_type":"default","twitter_image_url":null,"twitter_image_custom_url":null,"twitter_image_custom_fields":null,"twitter_title":null,"twitter_description":null,"schema":{"blockGraphs":[],"customGraphs":[],"default":{"data":{"Article":[],"Course":[],"Dataset":[],"FAQPage":[],"Movie":[],"Person":[],"Product":[],"ProductReview":[],"Car":[],"Recipe":[],"Service":[],"SoftwareApplication":[],"WebPage":[]},"graphName":"Article","isEnabled":true},"graphs":[]},"schema_type":"default","schema_type_options":null,"pillar_content":false,"robots_default":true,"robots_noindex":false,"robots_noarchive":false,"robots_nosnippet":false,"robots_nofollow":false,"robots_noimageindex":false,"robots_noodp":false,"robots_notranslate":false,"robots_max_snippet":"-1","robots_max_videopreview":"-1","robots_max_imagepreview":"large","priority":null,"frequency":"default","location":null,"local_seo":null,"seo_analyzer_scan_date":"2026-01-04 10:24:16","breadcrumb_settings":null,"limit_modified_date":false,"reviewed_by":null,"open_ai":null,"ai":{"faqs":[],"keyPoints":[],"titles":[],"descriptions":[],"socialPosts":{"email":[],"linkedin":[],"twitter":[],"facebook":[],"instagram":[]}},"created":"2026-01-04 10:15:51","updated":"2026-01-04 10:31:17"},"aioseo_breadcrumb":"<div class=\"aioseo-breadcrumbs\"><span class=\"aioseo-breadcrumb\">\n\t<a href=\"https:\/\/candas365.es\/noticias\" title=\"Home\">Home<\/a>\n<\/span><span class=\"aioseo-breadcrumb-separator\">&ndash;<\/span><span class=\"aioseo-breadcrumb\">\n\t<a href=\"https:\/\/candas365.es\/noticias\/category\/el-tiempo\/\" title=\"El tiempo\">El tiempo<\/a>\n<\/span><span class=\"aioseo-breadcrumb-separator\">&ndash;<\/span><span class=\"aioseo-breadcrumb\">\n\tEl tiempo en Espa\u00f1a hoy 4 de enero 2026\n<\/span><\/div>","aioseo_breadcrumb_json":[{"label":"Home","link":"https:\/\/candas365.es\/noticias"},{"label":"El tiempo","link":"https:\/\/candas365.es\/noticias\/category\/el-tiempo\/"},{"label":"El tiempo en Espa\u00f1a hoy 4 de enero 2026","link":"https:\/\/candas365.es\/noticias\/el-tiempo-en-espana-hoy-4-de-enero-2026\/"}],"_links":{"self":[{"href":"https:\/\/candas365.es\/noticias\/wp-json\/wp\/v2\/posts\/191137","targetHints":{"allow":["GET"]}}],"collection":[{"href":"https:\/\/candas365.es\/noticias\/wp-json\/wp\/v2\/posts"}],"about":[{"href":"https:\/\/candas365.es\/noticias\/wp-json\/wp\/v2\/types\/post"}],"author":[{"embeddable":true,"href":"https:\/\/candas365.es\/noticias\/wp-json\/wp\/v2\/users\/1"}],"replies":[{"embeddable":true,"href":"https:\/\/candas365.es\/noticias\/wp-json\/wp\/v2\/comments?post=191137"}],"version-history":[{"count":0,"href":"https:\/\/candas365.es\/noticias\/wp-json\/wp\/v2\/posts\/191137\/revisions"}],"wp:featuredmedia":[{"embeddable":true,"href":"https:\/\/candas365.es\/noticias\/wp-json\/wp\/v2\/media\/191138"}],"wp:attachment":[{"href":"https:\/\/candas365.es\/noticias\/wp-json\/wp\/v2\/media?parent=191137"}],"wp:term":[{"taxonomy":"category","embeddable":true,"href":"https:\/\/candas365.es\/noticias\/wp-json\/wp\/v2\/categories?post=191137"},{"taxonomy":"post_tag","embeddable":true,"href":"https:\/\/candas365.es\/noticias\/wp-json\/wp\/v2\/tags?post=191137"}],"curies":[{"name":"wp","href":"https:\/\/api.w.org\/{rel}","templated":true}]}}