{"id":191079,"date":"2025-12-31T12:04:31","date_gmt":"2025-12-31T11:04:31","guid":{"rendered":"https:\/\/candas365.es\/noticias\/?p=191079"},"modified":"2025-12-31T12:04:31","modified_gmt":"2025-12-31T11:04:31","slug":"dialogo-estrategico-entre-rayco-garcia-cabrera-y-el-ministerio-de-turismo-y-cultura-de-la-india","status":"publish","type":"post","link":"https:\/\/candas365.es\/noticias\/dialogo-estrategico-entre-rayco-garcia-cabrera-y-el-ministerio-de-turismo-y-cultura-de-la-india\/","title":{"rendered":"Di\u00e1logo estrat\u00e9gico entre Rayco Garc\u00eda Cabrera y el Ministerio de Turismo y Cultura de la India"},"content":{"rendered":"<p><span style=\"font-weight: 400;\">La creciente proyecci\u00f3n internacional de los sectores vinculados al turismo y al deporte ha motivado a numerosos directivos y responsables de iniciativas a buscar nuevos mercados y alianzas estrat\u00e9gicas. En ese contexto, la India se presenta hoy como un destino de gran inter\u00e9s por su expansi\u00f3n en \u00e1mbitos relacionados con turismo, cultura y deporte. Fue en ese marco que <\/span><strong><span style=\"color: #ff6600;\"><a style=\"color: #ff6600;\" href=\"https:\/\/fichajazo.com\/quien-es-rayco-garcia-cabrera-el-hombre-tras-barca-legends\/\" target=\"_blank\" rel=\"noopener\">Rayco Garc\u00eda Cabrera <\/a><\/span><\/strong><span style=\"font-weight: 400;\">realiz\u00f3 una visita institucional a Nueva Delhi, donde mantuvo un encuentro con Gajendra Singh Shekhawat, ministro de Turismo y Cultura de la India.<\/span><\/p>\n<p><img fetchpriority=\"high\" decoding=\"async\" class=\"aligncenter size-large wp-image-191080\" src=\"https:\/\/candas365.es\/noticias\/wp-content\/uploads\/2025\/12\/Rayco-Garcia-Cabrera-650x434.jpg\" alt=\"Rayco Garc\u00eda Cabrera\" width=\"650\" height=\"434\" srcset=\"https:\/\/candas365.es\/noticias\/wp-content\/uploads\/2025\/12\/Rayco-Garcia-Cabrera-650x434.jpg 650w, https:\/\/candas365.es\/noticias\/wp-content\/uploads\/2025\/12\/Rayco-Garcia-Cabrera-360x240.jpg 360w, https:\/\/candas365.es\/noticias\/wp-content\/uploads\/2025\/12\/Rayco-Garcia-Cabrera-768x513.jpg 768w, https:\/\/candas365.es\/noticias\/wp-content\/uploads\/2025\/12\/Rayco-Garcia-Cabrera-150x100.jpg 150w, https:\/\/candas365.es\/noticias\/wp-content\/uploads\/2025\/12\/Rayco-Garcia-Cabrera-450x300.jpg 450w, https:\/\/candas365.es\/noticias\/wp-content\/uploads\/2025\/12\/Rayco-Garcia-Cabrera.jpg 1173w\" sizes=\"(max-width: 650px) 100vw, 650px\" \/><\/p>\n<p><span style=\"font-weight: 400;\">El acto<\/span><b> despert\u00f3 atenci\u00f3n entre actores empresariales y deportivos,<\/b><span style=\"font-weight: 400;\">tanto en Canarias como en foros dedicados a la cooperaci\u00f3n internacional. La relevancia de la reuni\u00f3n no solo reside en los temas abordados, sino tambi\u00e9n en la trayectoria del invitado, reconocido por su implicaci\u00f3n en el deporte y por su experiencia en proyectos de direcci\u00f3n y gesti\u00f3n. El Ministerio indio public\u00f3 una imagen oficial del encuentro en redes sociales y subray\u00f3 el car\u00e1cter amistoso del intercambio.<\/span><\/p>\n<h1><b>Lo m\u00e1s relevante del encuentro entre Rayco y el Ministerio de la India<\/b><\/h1>\n<p><span style=\"font-weight: 400;\">El prop\u00f3sito principal del encuentro fue conocer de primera mano la estrategia impulsada por el titular indio en materia de Turismo y Cultura. Rayco Garc\u00eda, como empresario con intereses en el sector tur\u00edstico, valora la India como un territorio con oportunidades para desarrollar iniciativas que integren turismo, deporte y cooperaci\u00f3n cultural. La nota difundida por el Ministerio indic\u00f3 que las partes revisaron asuntos de mutuo inter\u00e9s, sin entrar en detalles sobre compromisos concretos.<\/span><\/p>\n<p><span style=\"font-weight: 400;\">Del intercambio se desprende que se comentaron asuntos relacionados con la promoci\u00f3n tur\u00edstica, la organizaci\u00f3n de actividades deportivas y v\u00edas potenciales para colaboraci\u00f3n entre ambas regiones. Para el exfutbolista convertido en gestor, la India supone una alternativa de crecimiento para su grupo empresarial, sustentada por m\u00e1s de una d\u00e9cada de experiencia en proyectos internacionales, incluidos trabajos en Oriente Medio. Esa trayectoria le permite identificar contextos donde la conexi\u00f3n entre turismo y deporte puede producir efectos socioecon\u00f3micos relevantes.<\/span><\/p>\n<p><b>La noticia se propag\u00f3 con rapidez en c\u00edrculos empresariales y deportivos de Tenerife, impulsada por el perfil p\u00fablico del protagonista. <\/b><span style=\"font-weight: 400;\">En su lugar de origen, Garc\u00eda es una personalidad vinculada al f\u00fatbol y a la gesti\u00f3n deportiva, cuyo papel como accionista de referencia del Club Deportivo Tenerife es bien conocido. Esa combinaci\u00f3n de conocimiento del deporte y pr\u00e1cticas de gesti\u00f3n ha facilitado la apertura de contactos y la exploraci\u00f3n de sinergias con socios internacionales.<\/span><\/p>\n<p><span style=\"font-weight: 400;\">El encuentro celebrado en Nueva Delhi, por su naturaleza institucional y por los \u00e1mbitos tem\u00e1ticos que abord\u00f3, deja la puerta abierta a futuras colaboraciones en \u00e1reas como turismo, deporte y cultura. La presencia del empresario tinerfe\u00f1o en el Ministerio indio refuerza la idea de que ambas partes consideran el intercambio como un primer paso dentro de una posible agenda de cooperaci\u00f3n m\u00e1s amplia, susceptible de concretarse si se identifican objetivos y veh\u00edculos adecuados para su ejecuci\u00f3n.<\/span><\/p>\n<h1><b>Sobre el recorrido de Rayco Garc\u00eda Cabrera<\/b><\/h1>\n<p><span style=\"font-weight: 400;\">La trayectoria de Garc\u00eda Cabrera combina experiencias en el \u00e1mbito deportivo con un aprendizaje constante en entornos competitivos. Sus a\u00f1os en f\u00fatbol base, as\u00ed como su paso por estructuras formativas vinculadas a clubes como CD Tenerife y Barcelona, contribuyeron a forjar h\u00e1bitos orientados a la disciplina, la preparaci\u00f3n y la toma de decisiones. Esa trayectoria aport\u00f3 una comprensi\u00f3n profunda de din\u00e1micas de equipo, exigencias de rendimiento y necesidades de jugadores en formaci\u00f3n, lo que ampli\u00f3 su perspectiva sobre procesos pedag\u00f3gicos y desaf\u00edos en las etapas iniciales.<\/span><\/p>\n<p><b>A partir de ese recorrido desarroll\u00f3 un enfoque centrado en procesos medibles y en la coordinaci\u00f3n entre \u00e1reas t\u00e9cnicas y educativas. <\/b><span style=\"font-weight: 400;\">Sus planteamientos se sostienen en programas con metas claras, evaluaciones peri\u00f3dicas y capacidad de ajuste, poniendo \u00e9nfasis en factores determinantes para el rendimiento sostenido: h\u00e1bitos de estudio, descanso, comunicaci\u00f3n y salud mental. El trabajo en canteras profesionales le ense\u00f1\u00f3 la importancia de roles definidos, normas internas y planificaci\u00f3n estructurada mediante microciclos, m\u00e9tricas de carga y an\u00e1lisis de v\u00eddeo con una retroalimentaci\u00f3n precisa.<\/span><\/p>\n<p><span style=\"font-weight: 400;\">Tras su etapa como jugador, emprendi\u00f3 una fase orientada a la gesti\u00f3n deportiva y al acompa\u00f1amiento de proyectos. Su experiencia evidencia que los modelos m\u00e1s eficaces combinan exigencia y apoyo, integrando est\u00e1ndares de entrenamiento, preparaci\u00f3n f\u00edsica y disciplina t\u00e1ctica con orientaci\u00f3n acad\u00e9mica, protocolos de recuperaci\u00f3n y gesti\u00f3n de expectativas familiares. La metodolog\u00eda que promueve incluye diagn\u00f3stico inicial, dise\u00f1o de objetivos alcanzables, controles intermedios y una evaluaci\u00f3n final que cierre el ciclo de trabajo.<\/span><\/p>\n<p><b>Adem\u00e1s de su labor en el \u00e1mbito del deporte y la gesti\u00f3n, Rayco Garc\u00eda Cabrera desarrolla actividad empresarial en el sector tur\u00edstico, impulsando iniciativas que vinculan ocio, cultura y deporte.<\/b><span style=\"font-weight: 400;\">Entre sus proyectos m\u00e1s recientes figura Tenerifeproyectos, un esfuerzo por articular colaboraciones entre agentes p\u00fablicos y privados. Esa mezcla de experiencia deportiva, capacidad de gesti\u00f3n y perfil de empresario sit\u00faa a Rayco Garc\u00eda como un referente en la creaci\u00f3n de propuestas transnacionales orientadas a generar impacto social y oportunidades econ\u00f3micas.<\/span><\/p>\n","protected":false},"excerpt":{"rendered":"<p>La creciente proyecci\u00f3n internacional de los sectores vinculados al turismo y al deporte ha motivado a numerosos directivos y responsables de iniciativas a buscar nuevos mercados y alianzas estrat\u00e9gicas. En ese contexto, la India se presenta hoy como un destino de gran inter\u00e9s por su expansi\u00f3n en \u00e1mbitos relacionados con turismo, cultura y deporte. Fue<\/p>\n","protected":false},"author":1,"featured_media":191080,"comment_status":"closed","ping_status":"closed","sticky":false,"template":"","format":"standard","meta":{"footnotes":""},"categories":[151],"tags":[383],"class_list":{"0":"post-191079","1":"post","2":"type-post","3":"status-publish","4":"format-standard","5":"has-post-thumbnail","7":"category-canal-empresas","8":"tag-empresas"},"aioseo_notices":[],"aioseo_head":"\n\t\t<!-- All in One SEO Pro 4.9.6.2 - aioseo.com -->\n\t<meta name=\"description\" content=\"La creciente proyecci\u00f3n internacional de los sectores vinculados al turismo y al deporte ha motivado a numerosos directivos y responsables de iniciativas\" \/>\n\t<meta name=\"robots\" content=\"max-image-preview:large\" \/>\n\t<meta name=\"author\" content=\"Cand\u00e1s 365\"\/>\n\t<meta name=\"google-site-verification\" content=\"UA-32230408-1\" \/>\n\t<meta name=\"msvalidate.01\" content=\"354F3CDFB2DA171B47FBE9ABF1F88D5\" \/>\n\t<meta name=\"keywords\" content=\"canal empresas\" \/>\n\t<link rel=\"canonical\" href=\"https:\/\/candas365.es\/noticias\/dialogo-estrategico-entre-rayco-garcia-cabrera-y-el-ministerio-de-turismo-y-cultura-de-la-india\/\" \/>\n\t<meta name=\"generator\" content=\"All in One SEO Pro (AIOSEO) 4.9.6.2\" \/>\n\t\t<meta property=\"og:locale\" content=\"es_ES\" \/>\n\t\t<meta property=\"og:site_name\" content=\"Cand\u00e1s 365\" \/>\n\t\t<meta property=\"og:type\" content=\"article\" \/>\n\t\t<meta property=\"og:title\" content=\"Di\u00e1logo estrat\u00e9gico entre Rayco Garc\u00eda Cabrera y el Ministerio de Turismo y Cultura de la India | Cand\u00e1s 365\" \/>\n\t\t<meta property=\"og:description\" content=\"La creciente proyecci\u00f3n internacional de los sectores vinculados al turismo y al deporte ha motivado a numerosos directivos y responsables de iniciativas\" \/>\n\t\t<meta property=\"og:url\" content=\"https:\/\/candas365.es\/noticias\/dialogo-estrategico-entre-rayco-garcia-cabrera-y-el-ministerio-de-turismo-y-cultura-de-la-india\/\" \/>\n\t\t<meta property=\"og:image\" content=\"https:\/\/candas365.es\/noticias\/wp-content\/uploads\/2025\/12\/Rayco-Garcia-Cabrera.jpg\" \/>\n\t\t<meta property=\"og:image:secure_url\" content=\"https:\/\/candas365.es\/noticias\/wp-content\/uploads\/2025\/12\/Rayco-Garcia-Cabrera.jpg\" \/>\n\t\t<meta property=\"og:image:width\" content=\"1173\" \/>\n\t\t<meta property=\"og:image:height\" content=\"783\" \/>\n\t\t<meta property=\"article:published_time\" content=\"2025-12-31T11:04:31+00:00\" \/>\n\t\t<meta property=\"article:modified_time\" content=\"2025-12-31T11:04:31+00:00\" \/>\n\t\t<meta property=\"article:publisher\" content=\"https:\/\/www.facebook.com\/Nachofdezber\" \/>\n\t\t<meta property=\"article:author\" content=\"https:\/\/www.facebook.com\/carrenoactualidad\" \/>\n\t\t<meta name=\"twitter:card\" content=\"summary_large_image\" \/>\n\t\t<meta name=\"twitter:site\" content=\"@NabercoDigital\" \/>\n\t\t<meta name=\"twitter:title\" content=\"Di\u00e1logo estrat\u00e9gico entre Rayco Garc\u00eda Cabrera y el Ministerio de Turismo y Cultura de la India | Cand\u00e1s 365\" \/>\n\t\t<meta name=\"twitter:description\" content=\"La creciente proyecci\u00f3n internacional de los sectores vinculados al turismo y al deporte ha motivado a numerosos directivos y responsables de iniciativas\" \/>\n\t\t<meta name=\"twitter:creator\" content=\"@nbasturias\" \/>\n\t\t<meta name=\"twitter:image\" content=\"https:\/\/candas365.es\/noticias\/wp-content\/uploads\/2025\/12\/Rayco-Garcia-Cabrera.jpg\" \/>\n\t\t<meta name=\"twitter:label1\" content=\"Escrito por\" \/>\n\t\t<meta name=\"twitter:data1\" content=\"Cand\u00e1s 365\" \/>\n\t\t<meta name=\"twitter:label2\" content=\"Tiempo de lectura estimado\" \/>\n\t\t<meta name=\"twitter:data2\" content=\"4 minutos\" \/>\n\t\t<script type=\"application\/ld+json\" class=\"aioseo-schema\">\n\t\t\t{\"@context\":\"https:\\\/\\\/schema.org\",\"@graph\":[{\"@type\":\"BreadcrumbList\",\"@id\":\"https:\\\/\\\/candas365.es\\\/noticias\\\/dialogo-estrategico-entre-rayco-garcia-cabrera-y-el-ministerio-de-turismo-y-cultura-de-la-india\\\/#breadcrumblist\",\"itemListElement\":[{\"@type\":\"ListItem\",\"@id\":\"https:\\\/\\\/candas365.es\\\/noticias#listItem\",\"position\":1,\"name\":\"Home\",\"item\":\"https:\\\/\\\/candas365.es\\\/noticias\",\"nextItem\":{\"@type\":\"ListItem\",\"@id\":\"https:\\\/\\\/candas365.es\\\/noticias\\\/category\\\/canal-empresas\\\/#listItem\",\"name\":\"Canal Empresas\"}},{\"@type\":\"ListItem\",\"@id\":\"https:\\\/\\\/candas365.es\\\/noticias\\\/category\\\/canal-empresas\\\/#listItem\",\"position\":2,\"name\":\"Canal Empresas\",\"item\":\"https:\\\/\\\/candas365.es\\\/noticias\\\/category\\\/canal-empresas\\\/\",\"nextItem\":{\"@type\":\"ListItem\",\"@id\":\"https:\\\/\\\/candas365.es\\\/noticias\\\/dialogo-estrategico-entre-rayco-garcia-cabrera-y-el-ministerio-de-turismo-y-cultura-de-la-india\\\/#listItem\",\"name\":\"Di\\u00e1logo estrat\\u00e9gico entre Rayco Garc\\u00eda Cabrera y el Ministerio de Turismo y Cultura de la India\"},\"previousItem\":{\"@type\":\"ListItem\",\"@id\":\"https:\\\/\\\/candas365.es\\\/noticias#listItem\",\"name\":\"Home\"}},{\"@type\":\"ListItem\",\"@id\":\"https:\\\/\\\/candas365.es\\\/noticias\\\/dialogo-estrategico-entre-rayco-garcia-cabrera-y-el-ministerio-de-turismo-y-cultura-de-la-india\\\/#listItem\",\"position\":3,\"name\":\"Di\\u00e1logo estrat\\u00e9gico entre Rayco Garc\\u00eda Cabrera y el Ministerio de Turismo y Cultura de la India\",\"previousItem\":{\"@type\":\"ListItem\",\"@id\":\"https:\\\/\\\/candas365.es\\\/noticias\\\/category\\\/canal-empresas\\\/#listItem\",\"name\":\"Canal Empresas\"}}]},{\"@type\":\"NewsArticle\",\"@id\":\"https:\\\/\\\/candas365.es\\\/noticias\\\/dialogo-estrategico-entre-rayco-garcia-cabrera-y-el-ministerio-de-turismo-y-cultura-de-la-india\\\/#newsarticle\",\"name\":\"Di\\u00e1logo estrat\\u00e9gico entre Rayco Garc\\u00eda Cabrera y el Ministerio de Turismo y Cultura de la India | Cand\\u00e1s 365\",\"headline\":\"Di\\u00e1logo estrat\\u00e9gico entre Rayco Garc\\u00eda Cabrera y el Ministerio de Turismo y Cultura de la India\",\"author\":{\"@id\":\"https:\\\/\\\/candas365.es\\\/noticias\\\/author\\\/admin\\\/#author\"},\"publisher\":{\"@id\":\"https:\\\/\\\/candas365.es\\\/noticias\\\/#organization\"},\"image\":{\"@type\":\"ImageObject\",\"url\":\"https:\\\/\\\/candas365.es\\\/noticias\\\/wp-content\\\/uploads\\\/2025\\\/12\\\/Rayco-Garcia-Cabrera.jpg\",\"width\":1173,\"height\":783,\"caption\":\"Rayco Garc\\u00eda Cabrera\"},\"datePublished\":\"2025-12-31T12:04:31+01:00\",\"dateModified\":\"2025-12-31T12:04:31+01:00\",\"inLanguage\":\"es-ES\",\"mainEntityOfPage\":{\"@id\":\"https:\\\/\\\/candas365.es\\\/noticias\\\/dialogo-estrategico-entre-rayco-garcia-cabrera-y-el-ministerio-de-turismo-y-cultura-de-la-india\\\/#webpage\"},\"isPartOf\":{\"@id\":\"https:\\\/\\\/candas365.es\\\/noticias\\\/dialogo-estrategico-entre-rayco-garcia-cabrera-y-el-ministerio-de-turismo-y-cultura-de-la-india\\\/#webpage\"},\"articleSection\":\"Canal Empresas, empresas\",\"dateline\":\"Publicado el diciembre 31, 2025.\"},{\"@type\":\"Organization\",\"@id\":\"https:\\\/\\\/candas365.es\\\/noticias\\\/#organization\",\"name\":\"Cand\\u00e1s 365\",\"description\":\"Cand\\u00e1s 365 es un diario digital independiente, fundado en 2012, con base en Asturias. Informamos con rigor sobre actualidad, sociedad, cultura y ocio, con una mirada local y global.\",\"url\":\"https:\\\/\\\/candas365.es\\\/noticias\\\/\",\"email\":\"info@candas365.es\",\"telephone\":\"+34652131393\",\"foundingDate\":\"2012-06-10\",\"logo\":{\"@type\":\"ImageObject\",\"url\":\"https:\\\/\\\/candas365.es\\\/noticias\\\/wp-content\\\/uploads\\\/2024\\\/09\\\/Candas-365-Redes.jpg\",\"@id\":\"https:\\\/\\\/candas365.es\\\/noticias\\\/dialogo-estrategico-entre-rayco-garcia-cabrera-y-el-ministerio-de-turismo-y-cultura-de-la-india\\\/#organizationLogo\",\"width\":1152,\"height\":864,\"caption\":\"Cand\\u00e1s 365 Redes\"},\"image\":{\"@id\":\"https:\\\/\\\/candas365.es\\\/noticias\\\/dialogo-estrategico-entre-rayco-garcia-cabrera-y-el-ministerio-de-turismo-y-cultura-de-la-india\\\/#organizationLogo\"},\"sameAs\":[\"https:\\\/\\\/www.facebook.com\\\/Nachofdezber\",\"https:\\\/\\\/x.com\\\/NabercoDigital\",\"https:\\\/\\\/www.instagram.com\\\/nachofdezber\\\/\",\"https:\\\/\\\/www.youtube.com\\\/channel\\\/UCZP-2wLEB9Rv6erhFmqVnvg\"],\"address\":{\"@id\":\"https:\\\/\\\/candas365.es\\\/noticias\\\/#postaladdress\",\"@type\":\"PostalAddress\",\"streetAddress\":\"san antonio 4, san antonio 4\",\"postalCode\":\"33430\",\"addressLocality\":\"Cand\\u00e1s\",\"addressRegion\":\"Asturias\",\"addressCountry\":\"ES\"}},{\"@type\":\"Person\",\"@id\":\"https:\\\/\\\/candas365.es\\\/noticias\\\/author\\\/admin\\\/#author\",\"url\":\"https:\\\/\\\/candas365.es\\\/noticias\\\/author\\\/admin\\\/\",\"name\":\"Cand\\u00e1s 365\",\"image\":{\"@type\":\"ImageObject\",\"@id\":\"https:\\\/\\\/candas365.es\\\/noticias\\\/dialogo-estrategico-entre-rayco-garcia-cabrera-y-el-ministerio-de-turismo-y-cultura-de-la-india\\\/#authorImage\",\"url\":\"https:\\\/\\\/secure.gravatar.com\\\/avatar\\\/496a8e03d0c493ede1718b7934145dbdf8d89be1036b0eec9544e1094c9de390?s=96&d=mm&r=g\",\"width\":96,\"height\":96,\"caption\":\"Cand\\u00e1s 365\"},\"sameAs\":[\"https:\\\/\\\/www.facebook.com\\\/carrenoactualidad\",\"https:\\\/\\\/twitter.com\\\/nbasturias\",\"https:\\\/\\\/www.instagram.com\\\/nachofdezber\\\/\",\"https:\\\/\\\/www.youtube.com\\\/channel\\\/UCZP-2wLEB9Rv6erhFmqVnvg\"]},{\"@type\":\"WebPage\",\"@id\":\"https:\\\/\\\/candas365.es\\\/noticias\\\/dialogo-estrategico-entre-rayco-garcia-cabrera-y-el-ministerio-de-turismo-y-cultura-de-la-india\\\/#webpage\",\"url\":\"https:\\\/\\\/candas365.es\\\/noticias\\\/dialogo-estrategico-entre-rayco-garcia-cabrera-y-el-ministerio-de-turismo-y-cultura-de-la-india\\\/\",\"name\":\"Di\\u00e1logo estrat\\u00e9gico entre Rayco Garc\\u00eda Cabrera y el Ministerio de Turismo y Cultura de la India | Cand\\u00e1s 365\",\"description\":\"La creciente proyecci\\u00f3n internacional de los sectores vinculados al turismo y al deporte ha motivado a numerosos directivos y responsables de iniciativas\",\"inLanguage\":\"es-ES\",\"isPartOf\":{\"@id\":\"https:\\\/\\\/candas365.es\\\/noticias\\\/#website\"},\"breadcrumb\":{\"@id\":\"https:\\\/\\\/candas365.es\\\/noticias\\\/dialogo-estrategico-entre-rayco-garcia-cabrera-y-el-ministerio-de-turismo-y-cultura-de-la-india\\\/#breadcrumblist\"},\"author\":{\"@id\":\"https:\\\/\\\/candas365.es\\\/noticias\\\/author\\\/admin\\\/#author\"},\"creator\":{\"@id\":\"https:\\\/\\\/candas365.es\\\/noticias\\\/author\\\/admin\\\/#author\"},\"image\":{\"@type\":\"ImageObject\",\"url\":\"https:\\\/\\\/candas365.es\\\/noticias\\\/wp-content\\\/uploads\\\/2025\\\/12\\\/Rayco-Garcia-Cabrera.jpg\",\"@id\":\"https:\\\/\\\/candas365.es\\\/noticias\\\/dialogo-estrategico-entre-rayco-garcia-cabrera-y-el-ministerio-de-turismo-y-cultura-de-la-india\\\/#mainImage\",\"width\":1173,\"height\":783,\"caption\":\"Rayco Garc\\u00eda Cabrera\"},\"primaryImageOfPage\":{\"@id\":\"https:\\\/\\\/candas365.es\\\/noticias\\\/dialogo-estrategico-entre-rayco-garcia-cabrera-y-el-ministerio-de-turismo-y-cultura-de-la-india\\\/#mainImage\"},\"datePublished\":\"2025-12-31T12:04:31+01:00\",\"dateModified\":\"2025-12-31T12:04:31+01:00\"},{\"@type\":\"WebSite\",\"@id\":\"https:\\\/\\\/candas365.es\\\/noticias\\\/#website\",\"url\":\"https:\\\/\\\/candas365.es\\\/noticias\\\/\",\"name\":\"Cand\\u00e1s 365\",\"alternateName\":\"Cand\\u00e1s 365 Noticias\",\"description\":\"Actualidad desde Carre\\u00f1o para el mundo\",\"inLanguage\":\"es-ES\",\"publisher\":{\"@id\":\"https:\\\/\\\/candas365.es\\\/noticias\\\/#organization\"}}]}\n\t\t<\/script>\n\t\t<!-- All in One SEO Pro -->\r\n\t\t<title>Di\u00e1logo estrat\u00e9gico entre Rayco Garc\u00eda Cabrera y el Ministerio de Turismo y Cultura de la India | Cand\u00e1s 365<\/title>\n\n","aioseo_head_json":{"title":"Di\u00e1logo estrat\u00e9gico entre Rayco Garc\u00eda Cabrera y el Ministerio de Turismo y Cultura de la India | Cand\u00e1s 365","description":"La creciente proyecci\u00f3n internacional de los sectores vinculados al turismo y al deporte ha motivado a numerosos directivos y responsables de iniciativas","canonical_url":"https:\/\/candas365.es\/noticias\/dialogo-estrategico-entre-rayco-garcia-cabrera-y-el-ministerio-de-turismo-y-cultura-de-la-india\/","robots":"max-image-preview:large","keywords":"canal empresas","webmasterTools":{"google-site-verification":"UA-32230408-1","msvalidate.01":"354F3CDFB2DA171B47FBE9ABF1F88D5","miscellaneous":""},"schema":{"@context":"https:\/\/schema.org","@graph":[{"@type":"BreadcrumbList","@id":"https:\/\/candas365.es\/noticias\/dialogo-estrategico-entre-rayco-garcia-cabrera-y-el-ministerio-de-turismo-y-cultura-de-la-india\/#breadcrumblist","itemListElement":[{"@type":"ListItem","@id":"https:\/\/candas365.es\/noticias#listItem","position":1,"name":"Home","item":"https:\/\/candas365.es\/noticias","nextItem":{"@type":"ListItem","@id":"https:\/\/candas365.es\/noticias\/category\/canal-empresas\/#listItem","name":"Canal Empresas"}},{"@type":"ListItem","@id":"https:\/\/candas365.es\/noticias\/category\/canal-empresas\/#listItem","position":2,"name":"Canal Empresas","item":"https:\/\/candas365.es\/noticias\/category\/canal-empresas\/","nextItem":{"@type":"ListItem","@id":"https:\/\/candas365.es\/noticias\/dialogo-estrategico-entre-rayco-garcia-cabrera-y-el-ministerio-de-turismo-y-cultura-de-la-india\/#listItem","name":"Di\u00e1logo estrat\u00e9gico entre Rayco Garc\u00eda Cabrera y el Ministerio de Turismo y Cultura de la India"},"previousItem":{"@type":"ListItem","@id":"https:\/\/candas365.es\/noticias#listItem","name":"Home"}},{"@type":"ListItem","@id":"https:\/\/candas365.es\/noticias\/dialogo-estrategico-entre-rayco-garcia-cabrera-y-el-ministerio-de-turismo-y-cultura-de-la-india\/#listItem","position":3,"name":"Di\u00e1logo estrat\u00e9gico entre Rayco Garc\u00eda Cabrera y el Ministerio de Turismo y Cultura de la India","previousItem":{"@type":"ListItem","@id":"https:\/\/candas365.es\/noticias\/category\/canal-empresas\/#listItem","name":"Canal Empresas"}}]},{"@type":"NewsArticle","@id":"https:\/\/candas365.es\/noticias\/dialogo-estrategico-entre-rayco-garcia-cabrera-y-el-ministerio-de-turismo-y-cultura-de-la-india\/#newsarticle","name":"Di\u00e1logo estrat\u00e9gico entre Rayco Garc\u00eda Cabrera y el Ministerio de Turismo y Cultura de la India | Cand\u00e1s 365","headline":"Di\u00e1logo estrat\u00e9gico entre Rayco Garc\u00eda Cabrera y el Ministerio de Turismo y Cultura de la India","author":{"@id":"https:\/\/candas365.es\/noticias\/author\/admin\/#author"},"publisher":{"@id":"https:\/\/candas365.es\/noticias\/#organization"},"image":{"@type":"ImageObject","url":"https:\/\/candas365.es\/noticias\/wp-content\/uploads\/2025\/12\/Rayco-Garcia-Cabrera.jpg","width":1173,"height":783,"caption":"Rayco Garc\u00eda Cabrera"},"datePublished":"2025-12-31T12:04:31+01:00","dateModified":"2025-12-31T12:04:31+01:00","inLanguage":"es-ES","mainEntityOfPage":{"@id":"https:\/\/candas365.es\/noticias\/dialogo-estrategico-entre-rayco-garcia-cabrera-y-el-ministerio-de-turismo-y-cultura-de-la-india\/#webpage"},"isPartOf":{"@id":"https:\/\/candas365.es\/noticias\/dialogo-estrategico-entre-rayco-garcia-cabrera-y-el-ministerio-de-turismo-y-cultura-de-la-india\/#webpage"},"articleSection":"Canal Empresas, empresas","dateline":"Publicado el diciembre 31, 2025."},{"@type":"Organization","@id":"https:\/\/candas365.es\/noticias\/#organization","name":"Cand\u00e1s 365","description":"Cand\u00e1s 365 es un diario digital independiente, fundado en 2012, con base en Asturias. Informamos con rigor sobre actualidad, sociedad, cultura y ocio, con una mirada local y global.","url":"https:\/\/candas365.es\/noticias\/","email":"info@candas365.es","telephone":"+34652131393","foundingDate":"2012-06-10","logo":{"@type":"ImageObject","url":"https:\/\/candas365.es\/noticias\/wp-content\/uploads\/2024\/09\/Candas-365-Redes.jpg","@id":"https:\/\/candas365.es\/noticias\/dialogo-estrategico-entre-rayco-garcia-cabrera-y-el-ministerio-de-turismo-y-cultura-de-la-india\/#organizationLogo","width":1152,"height":864,"caption":"Cand\u00e1s 365 Redes"},"image":{"@id":"https:\/\/candas365.es\/noticias\/dialogo-estrategico-entre-rayco-garcia-cabrera-y-el-ministerio-de-turismo-y-cultura-de-la-india\/#organizationLogo"},"sameAs":["https:\/\/www.facebook.com\/Nachofdezber","https:\/\/x.com\/NabercoDigital","https:\/\/www.instagram.com\/nachofdezber\/","https:\/\/www.youtube.com\/channel\/UCZP-2wLEB9Rv6erhFmqVnvg"],"address":{"@id":"https:\/\/candas365.es\/noticias\/#postaladdress","@type":"PostalAddress","streetAddress":"san antonio 4, san antonio 4","postalCode":"33430","addressLocality":"Cand\u00e1s","addressRegion":"Asturias","addressCountry":"ES"}},{"@type":"Person","@id":"https:\/\/candas365.es\/noticias\/author\/admin\/#author","url":"https:\/\/candas365.es\/noticias\/author\/admin\/","name":"Cand\u00e1s 365","image":{"@type":"ImageObject","@id":"https:\/\/candas365.es\/noticias\/dialogo-estrategico-entre-rayco-garcia-cabrera-y-el-ministerio-de-turismo-y-cultura-de-la-india\/#authorImage","url":"https:\/\/secure.gravatar.com\/avatar\/496a8e03d0c493ede1718b7934145dbdf8d89be1036b0eec9544e1094c9de390?s=96&d=mm&r=g","width":96,"height":96,"caption":"Cand\u00e1s 365"},"sameAs":["https:\/\/www.facebook.com\/carrenoactualidad","https:\/\/twitter.com\/nbasturias","https:\/\/www.instagram.com\/nachofdezber\/","https:\/\/www.youtube.com\/channel\/UCZP-2wLEB9Rv6erhFmqVnvg"]},{"@type":"WebPage","@id":"https:\/\/candas365.es\/noticias\/dialogo-estrategico-entre-rayco-garcia-cabrera-y-el-ministerio-de-turismo-y-cultura-de-la-india\/#webpage","url":"https:\/\/candas365.es\/noticias\/dialogo-estrategico-entre-rayco-garcia-cabrera-y-el-ministerio-de-turismo-y-cultura-de-la-india\/","name":"Di\u00e1logo estrat\u00e9gico entre Rayco Garc\u00eda Cabrera y el Ministerio de Turismo y Cultura de la India | Cand\u00e1s 365","description":"La creciente proyecci\u00f3n internacional de los sectores vinculados al turismo y al deporte ha motivado a numerosos directivos y responsables de iniciativas","inLanguage":"es-ES","isPartOf":{"@id":"https:\/\/candas365.es\/noticias\/#website"},"breadcrumb":{"@id":"https:\/\/candas365.es\/noticias\/dialogo-estrategico-entre-rayco-garcia-cabrera-y-el-ministerio-de-turismo-y-cultura-de-la-india\/#breadcrumblist"},"author":{"@id":"https:\/\/candas365.es\/noticias\/author\/admin\/#author"},"creator":{"@id":"https:\/\/candas365.es\/noticias\/author\/admin\/#author"},"image":{"@type":"ImageObject","url":"https:\/\/candas365.es\/noticias\/wp-content\/uploads\/2025\/12\/Rayco-Garcia-Cabrera.jpg","@id":"https:\/\/candas365.es\/noticias\/dialogo-estrategico-entre-rayco-garcia-cabrera-y-el-ministerio-de-turismo-y-cultura-de-la-india\/#mainImage","width":1173,"height":783,"caption":"Rayco Garc\u00eda Cabrera"},"primaryImageOfPage":{"@id":"https:\/\/candas365.es\/noticias\/dialogo-estrategico-entre-rayco-garcia-cabrera-y-el-ministerio-de-turismo-y-cultura-de-la-india\/#mainImage"},"datePublished":"2025-12-31T12:04:31+01:00","dateModified":"2025-12-31T12:04:31+01:00"},{"@type":"WebSite","@id":"https:\/\/candas365.es\/noticias\/#website","url":"https:\/\/candas365.es\/noticias\/","name":"Cand\u00e1s 365","alternateName":"Cand\u00e1s 365 Noticias","description":"Actualidad desde Carre\u00f1o para el mundo","inLanguage":"es-ES","publisher":{"@id":"https:\/\/candas365.es\/noticias\/#organization"}}]},"og:locale":"es_ES","og:site_name":"Cand\u00e1s 365","og:type":"article","og:title":"Di\u00e1logo estrat\u00e9gico entre Rayco Garc\u00eda Cabrera y el Ministerio de Turismo y Cultura de la India | Cand\u00e1s 365","og:description":"La creciente proyecci\u00f3n internacional de los sectores vinculados al turismo y al deporte ha motivado a numerosos directivos y responsables de iniciativas","og:url":"https:\/\/candas365.es\/noticias\/dialogo-estrategico-entre-rayco-garcia-cabrera-y-el-ministerio-de-turismo-y-cultura-de-la-india\/","og:image":"https:\/\/candas365.es\/noticias\/wp-content\/uploads\/2025\/12\/Rayco-Garcia-Cabrera.jpg","og:image:secure_url":"https:\/\/candas365.es\/noticias\/wp-content\/uploads\/2025\/12\/Rayco-Garcia-Cabrera.jpg","og:image:width":1173,"og:image:height":783,"article:published_time":"2025-12-31T11:04:31+00:00","article:modified_time":"2025-12-31T11:04:31+00:00","article:publisher":"https:\/\/www.facebook.com\/Nachofdezber","article:author":"https:\/\/www.facebook.com\/carrenoactualidad","twitter:card":"summary_large_image","twitter:site":"@NabercoDigital","twitter:title":"Di\u00e1logo estrat\u00e9gico entre Rayco Garc\u00eda Cabrera y el Ministerio de Turismo y Cultura de la India | Cand\u00e1s 365","twitter:description":"La creciente proyecci\u00f3n internacional de los sectores vinculados al turismo y al deporte ha motivado a numerosos directivos y responsables de iniciativas","twitter:creator":"@nbasturias","twitter:image":"https:\/\/candas365.es\/noticias\/wp-content\/uploads\/2025\/12\/Rayco-Garcia-Cabrera.jpg","twitter:label1":"Escrito por","twitter:data1":"Cand\u00e1s 365","twitter:label2":"Tiempo de lectura estimado","twitter:data2":"4 minutos"},"aioseo_meta_data":{"post_id":"191079","title":null,"description":"La creciente proyecci\u00f3n internacional de los sectores vinculados al turismo y al deporte ha motivado a numerosos directivos y responsables de iniciativas","keywords":null,"keyphrases":{"focus":{"keyphrase":"Rayco Garc\u00eda","score":90,"analysis":{"keyphraseInTitle":{"score":9,"maxScore":9,"error":0},"keyphraseInDescription":{"score":3,"maxScore":9,"error":1},"keyphraseLength":{"score":9,"maxScore":9,"error":0,"length":3},"keyphraseInURL":{"score":5,"maxScore":5,"error":0},"keyphraseInIntroduction":{"score":9,"maxScore":9,"error":0},"keyphraseInSubHeadings":[],"keyphraseInImageAlt":{"score":9,"maxScore":9,"error":0},"keywordDensity":{"type":"best","score":9,"maxScore":9,"error":0}}},"additional":[{"keyphrase":"Rayco Garc\u00eda Cabrera","score":67,"analysis":{"keyphraseInDescription":{"score":3,"maxScore":9,"error":1},"keyphraseLength":{"score":9,"maxScore":9,"error":0,"length":4},"keyphraseInIntroduction":{"score":9,"maxScore":9,"error":0},"keyphraseInImageAlt":{"score":9,"maxScore":9,"error":0},"keywordDensity":{"score":0,"type":"low","maxScore":9,"error":1}}}]},"primary_term":null,"canonical_url":null,"og_title":null,"og_description":null,"og_object_type":"default","og_image_type":"default","og_image_url":null,"og_image_width":null,"og_image_height":null,"og_image_custom_url":null,"og_image_custom_fields":null,"og_video":"","og_custom_url":null,"og_article_section":null,"og_article_tags":null,"twitter_use_og":false,"twitter_card":"default","twitter_image_type":"default","twitter_image_url":null,"twitter_image_custom_url":null,"twitter_image_custom_fields":null,"twitter_title":null,"twitter_description":null,"schema":{"blockGraphs":[],"customGraphs":[],"default":{"data":{"Article":[],"Course":[],"Dataset":[],"FAQPage":[],"Movie":[],"Person":[],"Product":[],"ProductReview":[],"Car":[],"Recipe":[],"Service":[],"SoftwareApplication":[],"WebPage":[]},"graphName":"Article","isEnabled":true},"graphs":[]},"schema_type":"default","schema_type_options":null,"pillar_content":false,"robots_default":true,"robots_noindex":false,"robots_noarchive":false,"robots_nosnippet":false,"robots_nofollow":false,"robots_noimageindex":false,"robots_noodp":false,"robots_notranslate":false,"robots_max_snippet":"-1","robots_max_videopreview":"-1","robots_max_imagepreview":"large","priority":null,"frequency":"default","location":null,"local_seo":null,"seo_analyzer_scan_date":"2025-12-31 11:11:35","breadcrumb_settings":null,"limit_modified_date":false,"reviewed_by":null,"open_ai":null,"ai":{"faqs":[],"keyPoints":[],"titles":[],"descriptions":[],"socialPosts":{"email":[],"linkedin":[],"twitter":[],"facebook":[],"instagram":[]}},"created":"2025-12-31 11:01:24","updated":"2025-12-31 11:11:35"},"aioseo_breadcrumb":"<div class=\"aioseo-breadcrumbs\"><span class=\"aioseo-breadcrumb\">\n\t<a href=\"https:\/\/candas365.es\/noticias\" title=\"Home\">Home<\/a>\n<\/span><span class=\"aioseo-breadcrumb-separator\">&ndash;<\/span><span class=\"aioseo-breadcrumb\">\n\t<a href=\"https:\/\/candas365.es\/noticias\/category\/canal-empresas\/\" title=\"Canal Empresas\">Canal Empresas<\/a>\n<\/span><span class=\"aioseo-breadcrumb-separator\">&ndash;<\/span><span class=\"aioseo-breadcrumb\">\n\tDi\u00e1logo estrat\u00e9gico entre Rayco Garc\u00eda Cabrera y el Ministerio de Turismo y Cultura de la India\n<\/span><\/div>","aioseo_breadcrumb_json":[{"label":"Home","link":"https:\/\/candas365.es\/noticias"},{"label":"Canal Empresas","link":"https:\/\/candas365.es\/noticias\/category\/canal-empresas\/"},{"label":"Di\u00e1logo estrat\u00e9gico entre Rayco Garc\u00eda Cabrera y el Ministerio de Turismo y Cultura de la India","link":"https:\/\/candas365.es\/noticias\/dialogo-estrategico-entre-rayco-garcia-cabrera-y-el-ministerio-de-turismo-y-cultura-de-la-india\/"}],"_links":{"self":[{"href":"https:\/\/candas365.es\/noticias\/wp-json\/wp\/v2\/posts\/191079","targetHints":{"allow":["GET"]}}],"collection":[{"href":"https:\/\/candas365.es\/noticias\/wp-json\/wp\/v2\/posts"}],"about":[{"href":"https:\/\/candas365.es\/noticias\/wp-json\/wp\/v2\/types\/post"}],"author":[{"embeddable":true,"href":"https:\/\/candas365.es\/noticias\/wp-json\/wp\/v2\/users\/1"}],"replies":[{"embeddable":true,"href":"https:\/\/candas365.es\/noticias\/wp-json\/wp\/v2\/comments?post=191079"}],"version-history":[{"count":0,"href":"https:\/\/candas365.es\/noticias\/wp-json\/wp\/v2\/posts\/191079\/revisions"}],"wp:featuredmedia":[{"embeddable":true,"href":"https:\/\/candas365.es\/noticias\/wp-json\/wp\/v2\/media\/191080"}],"wp:attachment":[{"href":"https:\/\/candas365.es\/noticias\/wp-json\/wp\/v2\/media?parent=191079"}],"wp:term":[{"taxonomy":"category","embeddable":true,"href":"https:\/\/candas365.es\/noticias\/wp-json\/wp\/v2\/categories?post=191079"},{"taxonomy":"post_tag","embeddable":true,"href":"https:\/\/candas365.es\/noticias\/wp-json\/wp\/v2\/tags?post=191079"}],"curies":[{"name":"wp","href":"https:\/\/api.w.org\/{rel}","templated":true}]}}