{"id":190741,"date":"2025-12-10T18:47:37","date_gmt":"2025-12-10T17:47:37","guid":{"rendered":"https:\/\/candas365.es\/noticias\/?p=190741"},"modified":"2025-12-10T18:47:37","modified_gmt":"2025-12-10T17:47:37","slug":"retiran-tras-25-anos-un-estudio-sobre-glifosato-de-la-empresa-bayer","status":"publish","type":"post","link":"https:\/\/candas365.es\/noticias\/retiran-tras-25-anos-un-estudio-sobre-glifosato-de-la-empresa-bayer\/","title":{"rendered":"Retiran tras 25 a\u00f1os un estudio sobre glifosato de la empresa Bayer"},"content":{"rendered":"<p>Berl\u00edn, 10 dic (<a href=\"https:\/\/www.dpa-news.de\/\" target=\"_blank\" rel=\"noopener\"><span style=\"color: #ff6600;\"><strong>dpa<\/strong><\/span><\/a>) \u2013 Un estudio del a\u00f1o 2000 que desempe\u00f1a un papel central en el debate sobre la seguridad del herbicida glifosato fue retirado formalmente por la revista especializada \u00abRegulatory Toxicology and Pharmacology\u00bb ante las dudas sobre su veracidad.<\/p>\n<figure id=\"attachment_190742\" aria-describedby=\"caption-attachment-190742\" style=\"width: 650px\" class=\"wp-caption aligncenter\"><img fetchpriority=\"high\" decoding=\"async\" class=\"size-large wp-image-190742\" src=\"https:\/\/candas365.es\/noticias\/wp-content\/uploads\/2025\/12\/Retiran-tras-25-anos-un-estudio-sobre-glifosato-de-la-empresa-Bayer-650x432.jpg\" alt=\"Retiran tras 25 a\u00f1os un estudio sobre glifosato de la empresa Bayer\" width=\"650\" height=\"432\" srcset=\"https:\/\/candas365.es\/noticias\/wp-content\/uploads\/2025\/12\/Retiran-tras-25-anos-un-estudio-sobre-glifosato-de-la-empresa-Bayer-650x432.jpg 650w, https:\/\/candas365.es\/noticias\/wp-content\/uploads\/2025\/12\/Retiran-tras-25-anos-un-estudio-sobre-glifosato-de-la-empresa-Bayer-360x239.jpg 360w, https:\/\/candas365.es\/noticias\/wp-content\/uploads\/2025\/12\/Retiran-tras-25-anos-un-estudio-sobre-glifosato-de-la-empresa-Bayer-768x510.jpg 768w, https:\/\/candas365.es\/noticias\/wp-content\/uploads\/2025\/12\/Retiran-tras-25-anos-un-estudio-sobre-glifosato-de-la-empresa-Bayer-150x100.jpg 150w, https:\/\/candas365.es\/noticias\/wp-content\/uploads\/2025\/12\/Retiran-tras-25-anos-un-estudio-sobre-glifosato-de-la-empresa-Bayer-450x299.jpg 450w, https:\/\/candas365.es\/noticias\/wp-content\/uploads\/2025\/12\/Retiran-tras-25-anos-un-estudio-sobre-glifosato-de-la-empresa-Bayer-1200x797.jpg 1200w, https:\/\/candas365.es\/noticias\/wp-content\/uploads\/2025\/12\/Retiran-tras-25-anos-un-estudio-sobre-glifosato-de-la-empresa-Bayer.jpg 1227w\" sizes=\"(max-width: 650px) 100vw, 650px\" \/><figcaption id=\"caption-attachment-190742\" class=\"wp-caption-text\">Un contenedor de pl\u00e1stico con la inscripci\u00f3n \u00abglifosato\u00bb frente a la entrada de la empresa qu\u00edmica Bayer en Bruselas durante una protesta. Foto: Fabian Sommer\/dpa<\/figcaption><\/figure>\n<p>El art\u00edculo fue clave para las afirmaciones del entonces fabricante Monsanto de que la sustancia Roundup y su principio activo, el glifosato, no ten\u00edan efectos cancer\u00edgenos.<\/p>\n<p>En una declaraci\u00f3n del grupo Bayer, que adquiri\u00f3 Monsanto en 2018, se afirma en respuesta a la decisi\u00f3n: \u00abNadie de Monsanto particip\u00f3 como autor, y la relaci\u00f3n de la empresa con el art\u00edculo fue debidamente revelada\u00bb.<\/p>\n<p>El estudio fue considerado ampliamente como pionero en el debate, se\u00f1al\u00f3 la editorial Elsevier, responsable de la publicaci\u00f3n cient\u00edfica. Sin embargo, ahora no est\u00e1 claro si la conclusi\u00f3n presentada, que el glifosato y el producto Roundup no son cancer\u00edgenos, es realmente correcta.<\/p>\n<p>Se plantearon dudas sobre la autor\u00eda del estudio, la validez de los resultados en relaci\u00f3n con la representaci\u00f3n incorrecta de las contribuciones de los autores y del patrocinador del estudio, as\u00ed como sobre posibles conflictos de inter\u00e9s de los autores, escribe el editor jefe Martin van den Berg en el comunicado. Seg\u00fan expres\u00f3, varios puntos llevaron a la retractaci\u00f3n.<\/p>\n<p>Entre ellos, que las conclusiones del estudio sobre la carcinogenicidad del glifosato se basan exclusivamente en estudios de Monsanto que no mostraban potencial tumorig\u00e9nico, se\u00f1ala Van den Berg. En el momento de la publicaci\u00f3n exist\u00edan otros estudios a largo plazo sobre toxicidad cr\u00f3nica y carcinogenicidad cuyos datos no fueron considerados.<\/p>\n<h2>Falta de independencia de los autores<\/h2>\n<p>Un litigio en Estados Unidos sac\u00f3 a la luz emails de Monsanto que sugiere que los tres autores mencionados en el estudio no fueron los \u00fanicos responsables del contenido. En cambio, empleados de Monsanto podr\u00edan haber colaborado sin haber sido mencionados debidamente como coautores.<\/p>\n<p>Las aparentes contribuciones de empleados de Monsanto como coautores no fueron mencionadas expl\u00edcitamente en la secci\u00f3n de \u00abAgradecimientos\u00bb. <strong>\u00abEsta omisi\u00f3n hace pensar que los autores podr\u00edan haber representado de manera incorrecta sus roles respectivos y el car\u00e1cter cooperativo del trabajo presentado\u00bb.<\/strong><\/p>\n<p>Otros mensajes con Monsanto divulgados durante el litigio indican que los tres autores oficialmente mencionados podr\u00edan haber recibido una compensaci\u00f3n econ\u00f3mica de la empresa por su trabajo en el estudio, lo cual no fue revelado.<\/p>\n<h2>Contexto hist\u00f3rico e influencia<\/h2>\n<p>El estudio influy\u00f3 considerablemente durante d\u00e9cadas en decisiones regulatorias relacionadas con el glifosato y Roundup. <strong>\u00abDado su estatus como piedra angular en la evaluaci\u00f3n de la seguridad del glifosato, es esencial que la seriedad de este art\u00edculo de revisi\u00f3n y sus conclusiones no se vea comprometida\u00bb, indica Van den Berg.<\/strong><\/p>\n<p>Ante estos puntos, <strong>ya no existe confianza en los resultados y conclusiones<\/strong>, lo que hace necesaria la retractaci\u00f3n, enfatiza.<\/p>\n<p>Hace apenas unos meses, un d\u00fao de investigadores inform\u00f3 en la revista \u00abEnvironmental Science &amp; Policy\u00bb que el estudio contin\u00faa siendo ampliamente citado e influyente: seg\u00fan los datos, se encuentra entre el 0,1 % de los estudios m\u00e1s citados en la investigaci\u00f3n sobre glifosato. Las revelaciones sobre la participaci\u00f3n encubierta de Monsanto casi no cambiaron esa tendencia.<\/p>\n<h2>\u00bfQu\u00e9 dice el fabricante?<\/h2>\n<p>El actual propietario de Monsanto, <span style=\"color: #ff6600;\"><a style=\"color: #ff6600;\" href=\"https:\/\/candas365.es\/noticias\/category\/canal-empresas\/\"><strong>Bayer<\/strong><\/a><\/span>, rechaz\u00f3 las cr\u00edticas. Se trata, explic\u00f3 el portavoz de la empresa, Philipp Blank, de un art\u00edculo de revisi\u00f3n basado exclusivamente en estudios presentados de manera regular. <strong>\u00abEl glifosato es el herbicida m\u00e1s exhaustivamente investigado en los \u00faltimos 50 a\u00f1os\u00bb.<\/strong> Entre las principales autoridades regulatorias a nivel mundial existe consenso en que, con un uso adecuado, el glifosato es seguro.<\/p>\n<blockquote><p>Seg\u00fan la evaluaci\u00f3n de la Agencia Internacional para la Investigaci\u00f3n del C\u00e1ncer (IARC) de la OMS, el glifosato es probablemente cancer\u00edgeno para los seres humanos.<\/p><\/blockquote>\n<p>Sin embargo, autoridades como la Autoridad Europea de Seguridad Alimentaria (EFSA) y el Instituto Federal de Evaluaci\u00f3n de Riesgos de Alemania (BfR) consideran que, si se siguen las normas de aplicaci\u00f3n, no existe un riesgo relevante de c\u00e1ncer.<\/p>\n<p>La aparente contradicci\u00f3n no es tal: la IARC eval\u00faa el peligro cancer\u00edgeno, es decir, la posibilidad general de que una sustancia cause c\u00e1ncer. En cambio, las autoridades reguladoras consideran el riesgo cotidiano como un factor. <strong>La EFSA califica el riesgo de c\u00e1ncer en las cantidades que una persona puede ingerir habitualmente, por ejemplo a trav\u00e9s de los alimentos, como insignificante.<\/strong><\/p>\n","protected":false},"excerpt":{"rendered":"<p>Berl\u00edn, 10 dic (dpa) \u2013 Un estudio del a\u00f1o 2000 que desempe\u00f1a un papel central en el debate sobre la seguridad del herbicida glifosato fue retirado formalmente por la revista especializada \u00abRegulatory Toxicology and Pharmacology\u00bb ante las dudas sobre su veracidad. El art\u00edculo fue clave para las afirmaciones del entonces fabricante Monsanto de que la<\/p>\n","protected":false},"author":1,"featured_media":190742,"comment_status":"closed","ping_status":"closed","sticky":false,"template":"","format":"standard","meta":{"footnotes":""},"categories":[485],"tags":[383,422],"class_list":{"0":"post-190741","1":"post","2":"type-post","3":"status-publish","4":"format-standard","5":"has-post-thumbnail","7":"category-internacional","8":"tag-empresas","9":"tag-reportajes"},"aioseo_notices":[],"aioseo_head":"\n\t\t<!-- All in One SEO Pro 4.9.6.2 - aioseo.com -->\n\t<meta name=\"description\" content=\"Berl\u00edn, 10 dic (dpa) \u2013 Un estudio del a\u00f1o 2000 que desempe\u00f1a un papel central en el debate sobre la seguridad del herbicida glifosato fue retirado formalmente\" \/>\n\t<meta name=\"robots\" content=\"max-image-preview:large\" \/>\n\t<meta name=\"author\" content=\"Cand\u00e1s 365\"\/>\n\t<meta name=\"google-site-verification\" content=\"UA-32230408-1\" \/>\n\t<meta name=\"msvalidate.01\" content=\"354F3CDFB2DA171B47FBE9ABF1F88D5\" \/>\n\t<meta name=\"keywords\" content=\"internacional\" \/>\n\t<link rel=\"canonical\" href=\"https:\/\/candas365.es\/noticias\/retiran-tras-25-anos-un-estudio-sobre-glifosato-de-la-empresa-bayer\/\" \/>\n\t<meta name=\"generator\" content=\"All in One SEO Pro (AIOSEO) 4.9.6.2\" \/>\n\t\t<meta property=\"og:locale\" content=\"es_ES\" \/>\n\t\t<meta property=\"og:site_name\" content=\"Cand\u00e1s 365\" \/>\n\t\t<meta property=\"og:type\" content=\"article\" \/>\n\t\t<meta property=\"og:title\" content=\"Retiran tras 25 a\u00f1os un estudio sobre glifosato de la empresa Bayer | Cand\u00e1s 365\" \/>\n\t\t<meta property=\"og:description\" content=\"Berl\u00edn, 10 dic (dpa) \u2013 Un estudio del a\u00f1o 2000 que desempe\u00f1a un papel central en el debate sobre la seguridad del herbicida glifosato fue retirado formalmente\" \/>\n\t\t<meta property=\"og:url\" content=\"https:\/\/candas365.es\/noticias\/retiran-tras-25-anos-un-estudio-sobre-glifosato-de-la-empresa-bayer\/\" \/>\n\t\t<meta property=\"og:image\" content=\"https:\/\/candas365.es\/noticias\/wp-content\/uploads\/2025\/12\/Retiran-tras-25-anos-un-estudio-sobre-glifosato-de-la-empresa-Bayer.jpg\" \/>\n\t\t<meta property=\"og:image:secure_url\" content=\"https:\/\/candas365.es\/noticias\/wp-content\/uploads\/2025\/12\/Retiran-tras-25-anos-un-estudio-sobre-glifosato-de-la-empresa-Bayer.jpg\" \/>\n\t\t<meta property=\"og:image:width\" content=\"1227\" \/>\n\t\t<meta property=\"og:image:height\" content=\"815\" \/>\n\t\t<meta property=\"article:published_time\" content=\"2025-12-10T17:47:37+00:00\" \/>\n\t\t<meta property=\"article:modified_time\" content=\"2025-12-10T17:47:37+00:00\" \/>\n\t\t<meta property=\"article:publisher\" content=\"https:\/\/www.facebook.com\/Nachofdezber\" \/>\n\t\t<meta property=\"article:author\" content=\"https:\/\/www.facebook.com\/carrenoactualidad\" \/>\n\t\t<meta name=\"twitter:card\" content=\"summary_large_image\" \/>\n\t\t<meta name=\"twitter:site\" content=\"@NabercoDigital\" \/>\n\t\t<meta name=\"twitter:title\" content=\"Retiran tras 25 a\u00f1os un estudio sobre glifosato de la empresa Bayer | Cand\u00e1s 365\" \/>\n\t\t<meta name=\"twitter:description\" content=\"Berl\u00edn, 10 dic (dpa) \u2013 Un estudio del a\u00f1o 2000 que desempe\u00f1a un papel central en el debate sobre la seguridad del herbicida glifosato fue retirado formalmente\" \/>\n\t\t<meta name=\"twitter:creator\" content=\"@nbasturias\" \/>\n\t\t<meta name=\"twitter:image\" content=\"https:\/\/candas365.es\/noticias\/wp-content\/uploads\/2025\/12\/Retiran-tras-25-anos-un-estudio-sobre-glifosato-de-la-empresa-Bayer.jpg\" \/>\n\t\t<meta name=\"twitter:label1\" content=\"Escrito por\" \/>\n\t\t<meta name=\"twitter:data1\" content=\"Cand\u00e1s 365\" \/>\n\t\t<meta name=\"twitter:label2\" content=\"Tiempo de lectura estimado\" \/>\n\t\t<meta name=\"twitter:data2\" content=\"4 minutos\" \/>\n\t\t<script type=\"application\/ld+json\" class=\"aioseo-schema\">\n\t\t\t{\"@context\":\"https:\\\/\\\/schema.org\",\"@graph\":[{\"@type\":\"BreadcrumbList\",\"@id\":\"https:\\\/\\\/candas365.es\\\/noticias\\\/retiran-tras-25-anos-un-estudio-sobre-glifosato-de-la-empresa-bayer\\\/#breadcrumblist\",\"itemListElement\":[{\"@type\":\"ListItem\",\"@id\":\"https:\\\/\\\/candas365.es\\\/noticias#listItem\",\"position\":1,\"name\":\"Home\",\"item\":\"https:\\\/\\\/candas365.es\\\/noticias\",\"nextItem\":{\"@type\":\"ListItem\",\"@id\":\"https:\\\/\\\/candas365.es\\\/noticias\\\/category\\\/internacional\\\/#listItem\",\"name\":\"Internacional\"}},{\"@type\":\"ListItem\",\"@id\":\"https:\\\/\\\/candas365.es\\\/noticias\\\/category\\\/internacional\\\/#listItem\",\"position\":2,\"name\":\"Internacional\",\"item\":\"https:\\\/\\\/candas365.es\\\/noticias\\\/category\\\/internacional\\\/\",\"nextItem\":{\"@type\":\"ListItem\",\"@id\":\"https:\\\/\\\/candas365.es\\\/noticias\\\/retiran-tras-25-anos-un-estudio-sobre-glifosato-de-la-empresa-bayer\\\/#listItem\",\"name\":\"Retiran tras 25 a\\u00f1os un estudio sobre glifosato de la empresa Bayer\"},\"previousItem\":{\"@type\":\"ListItem\",\"@id\":\"https:\\\/\\\/candas365.es\\\/noticias#listItem\",\"name\":\"Home\"}},{\"@type\":\"ListItem\",\"@id\":\"https:\\\/\\\/candas365.es\\\/noticias\\\/retiran-tras-25-anos-un-estudio-sobre-glifosato-de-la-empresa-bayer\\\/#listItem\",\"position\":3,\"name\":\"Retiran tras 25 a\\u00f1os un estudio sobre glifosato de la empresa Bayer\",\"previousItem\":{\"@type\":\"ListItem\",\"@id\":\"https:\\\/\\\/candas365.es\\\/noticias\\\/category\\\/internacional\\\/#listItem\",\"name\":\"Internacional\"}}]},{\"@type\":\"NewsArticle\",\"@id\":\"https:\\\/\\\/candas365.es\\\/noticias\\\/retiran-tras-25-anos-un-estudio-sobre-glifosato-de-la-empresa-bayer\\\/#newsarticle\",\"name\":\"Retiran tras 25 a\\u00f1os un estudio sobre glifosato de la empresa Bayer | Cand\\u00e1s 365\",\"headline\":\"Retiran tras 25 a\\u00f1os un estudio sobre glifosato de la empresa Bayer\",\"author\":{\"@id\":\"https:\\\/\\\/candas365.es\\\/noticias\\\/author\\\/admin\\\/#author\"},\"publisher\":{\"@id\":\"https:\\\/\\\/candas365.es\\\/noticias\\\/#organization\"},\"image\":{\"@type\":\"ImageObject\",\"url\":\"https:\\\/\\\/candas365.es\\\/noticias\\\/wp-content\\\/uploads\\\/2025\\\/12\\\/Retiran-tras-25-anos-un-estudio-sobre-glifosato-de-la-empresa-Bayer.jpg\",\"width\":1227,\"height\":815,\"caption\":\"Un contenedor de pl\\u00e1stico con la inscripci\\u00f3n \\\"glifosato\\\" frente a la entrada de la empresa qu\\u00edmica Bayer en Bruselas durante una protesta. Foto: Fabian Sommer\\\/dpa\"},\"datePublished\":\"2025-12-10T18:47:37+01:00\",\"dateModified\":\"2025-12-10T18:47:37+01:00\",\"inLanguage\":\"es-ES\",\"mainEntityOfPage\":{\"@id\":\"https:\\\/\\\/candas365.es\\\/noticias\\\/retiran-tras-25-anos-un-estudio-sobre-glifosato-de-la-empresa-bayer\\\/#webpage\"},\"isPartOf\":{\"@id\":\"https:\\\/\\\/candas365.es\\\/noticias\\\/retiran-tras-25-anos-un-estudio-sobre-glifosato-de-la-empresa-bayer\\\/#webpage\"},\"articleSection\":\"Internacional, empresas, Reportajes\",\"dateline\":\"Publicado el diciembre 10, 2025.\"},{\"@type\":\"Organization\",\"@id\":\"https:\\\/\\\/candas365.es\\\/noticias\\\/#organization\",\"name\":\"Cand\\u00e1s 365\",\"description\":\"Cand\\u00e1s 365 es un diario digital independiente, fundado en 2012, con base en Asturias. Informamos con rigor sobre actualidad, sociedad, cultura y ocio, con una mirada local y global.\",\"url\":\"https:\\\/\\\/candas365.es\\\/noticias\\\/\",\"email\":\"info@candas365.es\",\"telephone\":\"+34652131393\",\"foundingDate\":\"2012-06-10\",\"logo\":{\"@type\":\"ImageObject\",\"url\":\"https:\\\/\\\/candas365.es\\\/noticias\\\/wp-content\\\/uploads\\\/2024\\\/09\\\/Candas-365-Redes.jpg\",\"@id\":\"https:\\\/\\\/candas365.es\\\/noticias\\\/retiran-tras-25-anos-un-estudio-sobre-glifosato-de-la-empresa-bayer\\\/#organizationLogo\",\"width\":1152,\"height\":864,\"caption\":\"Cand\\u00e1s 365 Redes\"},\"image\":{\"@id\":\"https:\\\/\\\/candas365.es\\\/noticias\\\/retiran-tras-25-anos-un-estudio-sobre-glifosato-de-la-empresa-bayer\\\/#organizationLogo\"},\"sameAs\":[\"https:\\\/\\\/www.facebook.com\\\/Nachofdezber\",\"https:\\\/\\\/x.com\\\/NabercoDigital\",\"https:\\\/\\\/www.instagram.com\\\/nachofdezber\\\/\",\"https:\\\/\\\/www.youtube.com\\\/channel\\\/UCZP-2wLEB9Rv6erhFmqVnvg\"],\"address\":{\"@id\":\"https:\\\/\\\/candas365.es\\\/noticias\\\/#postaladdress\",\"@type\":\"PostalAddress\",\"streetAddress\":\"san antonio 4, san antonio 4\",\"postalCode\":\"33430\",\"addressLocality\":\"Cand\\u00e1s\",\"addressRegion\":\"Asturias\",\"addressCountry\":\"ES\"}},{\"@type\":\"Person\",\"@id\":\"https:\\\/\\\/candas365.es\\\/noticias\\\/author\\\/admin\\\/#author\",\"url\":\"https:\\\/\\\/candas365.es\\\/noticias\\\/author\\\/admin\\\/\",\"name\":\"Cand\\u00e1s 365\",\"image\":{\"@type\":\"ImageObject\",\"@id\":\"https:\\\/\\\/candas365.es\\\/noticias\\\/retiran-tras-25-anos-un-estudio-sobre-glifosato-de-la-empresa-bayer\\\/#authorImage\",\"url\":\"https:\\\/\\\/secure.gravatar.com\\\/avatar\\\/496a8e03d0c493ede1718b7934145dbdf8d89be1036b0eec9544e1094c9de390?s=96&d=mm&r=g\",\"width\":96,\"height\":96,\"caption\":\"Cand\\u00e1s 365\"},\"sameAs\":[\"https:\\\/\\\/www.facebook.com\\\/carrenoactualidad\",\"https:\\\/\\\/twitter.com\\\/nbasturias\",\"https:\\\/\\\/www.instagram.com\\\/nachofdezber\\\/\",\"https:\\\/\\\/www.youtube.com\\\/channel\\\/UCZP-2wLEB9Rv6erhFmqVnvg\"]},{\"@type\":\"WebPage\",\"@id\":\"https:\\\/\\\/candas365.es\\\/noticias\\\/retiran-tras-25-anos-un-estudio-sobre-glifosato-de-la-empresa-bayer\\\/#webpage\",\"url\":\"https:\\\/\\\/candas365.es\\\/noticias\\\/retiran-tras-25-anos-un-estudio-sobre-glifosato-de-la-empresa-bayer\\\/\",\"name\":\"Retiran tras 25 a\\u00f1os un estudio sobre glifosato de la empresa Bayer | Cand\\u00e1s 365\",\"description\":\"Berl\\u00edn, 10 dic (dpa) \\u2013 Un estudio del a\\u00f1o 2000 que desempe\\u00f1a un papel central en el debate sobre la seguridad del herbicida glifosato fue retirado formalmente\",\"inLanguage\":\"es-ES\",\"isPartOf\":{\"@id\":\"https:\\\/\\\/candas365.es\\\/noticias\\\/#website\"},\"breadcrumb\":{\"@id\":\"https:\\\/\\\/candas365.es\\\/noticias\\\/retiran-tras-25-anos-un-estudio-sobre-glifosato-de-la-empresa-bayer\\\/#breadcrumblist\"},\"author\":{\"@id\":\"https:\\\/\\\/candas365.es\\\/noticias\\\/author\\\/admin\\\/#author\"},\"creator\":{\"@id\":\"https:\\\/\\\/candas365.es\\\/noticias\\\/author\\\/admin\\\/#author\"},\"image\":{\"@type\":\"ImageObject\",\"url\":\"https:\\\/\\\/candas365.es\\\/noticias\\\/wp-content\\\/uploads\\\/2025\\\/12\\\/Retiran-tras-25-anos-un-estudio-sobre-glifosato-de-la-empresa-Bayer.jpg\",\"@id\":\"https:\\\/\\\/candas365.es\\\/noticias\\\/retiran-tras-25-anos-un-estudio-sobre-glifosato-de-la-empresa-bayer\\\/#mainImage\",\"width\":1227,\"height\":815,\"caption\":\"Un contenedor de pl\\u00e1stico con la inscripci\\u00f3n \\\"glifosato\\\" frente a la entrada de la empresa qu\\u00edmica Bayer en Bruselas durante una protesta. Foto: Fabian Sommer\\\/dpa\"},\"primaryImageOfPage\":{\"@id\":\"https:\\\/\\\/candas365.es\\\/noticias\\\/retiran-tras-25-anos-un-estudio-sobre-glifosato-de-la-empresa-bayer\\\/#mainImage\"},\"datePublished\":\"2025-12-10T18:47:37+01:00\",\"dateModified\":\"2025-12-10T18:47:37+01:00\"},{\"@type\":\"WebSite\",\"@id\":\"https:\\\/\\\/candas365.es\\\/noticias\\\/#website\",\"url\":\"https:\\\/\\\/candas365.es\\\/noticias\\\/\",\"name\":\"Cand\\u00e1s 365\",\"alternateName\":\"Cand\\u00e1s 365 Noticias\",\"description\":\"Actualidad desde Carre\\u00f1o para el mundo\",\"inLanguage\":\"es-ES\",\"publisher\":{\"@id\":\"https:\\\/\\\/candas365.es\\\/noticias\\\/#organization\"}}]}\n\t\t<\/script>\n\t\t<!-- All in One SEO Pro -->\r\n\t\t<title>Retiran tras 25 a\u00f1os un estudio sobre glifosato de la empresa Bayer | Cand\u00e1s 365<\/title>\n\n","aioseo_head_json":{"title":"Retiran tras 25 a\u00f1os un estudio sobre glifosato de la empresa Bayer | Cand\u00e1s 365","description":"Berl\u00edn, 10 dic (dpa) \u2013 Un estudio del a\u00f1o 2000 que desempe\u00f1a un papel central en el debate sobre la seguridad del herbicida glifosato fue retirado formalmente","canonical_url":"https:\/\/candas365.es\/noticias\/retiran-tras-25-anos-un-estudio-sobre-glifosato-de-la-empresa-bayer\/","robots":"max-image-preview:large","keywords":"internacional","webmasterTools":{"google-site-verification":"UA-32230408-1","msvalidate.01":"354F3CDFB2DA171B47FBE9ABF1F88D5","miscellaneous":""},"schema":{"@context":"https:\/\/schema.org","@graph":[{"@type":"BreadcrumbList","@id":"https:\/\/candas365.es\/noticias\/retiran-tras-25-anos-un-estudio-sobre-glifosato-de-la-empresa-bayer\/#breadcrumblist","itemListElement":[{"@type":"ListItem","@id":"https:\/\/candas365.es\/noticias#listItem","position":1,"name":"Home","item":"https:\/\/candas365.es\/noticias","nextItem":{"@type":"ListItem","@id":"https:\/\/candas365.es\/noticias\/category\/internacional\/#listItem","name":"Internacional"}},{"@type":"ListItem","@id":"https:\/\/candas365.es\/noticias\/category\/internacional\/#listItem","position":2,"name":"Internacional","item":"https:\/\/candas365.es\/noticias\/category\/internacional\/","nextItem":{"@type":"ListItem","@id":"https:\/\/candas365.es\/noticias\/retiran-tras-25-anos-un-estudio-sobre-glifosato-de-la-empresa-bayer\/#listItem","name":"Retiran tras 25 a\u00f1os un estudio sobre glifosato de la empresa Bayer"},"previousItem":{"@type":"ListItem","@id":"https:\/\/candas365.es\/noticias#listItem","name":"Home"}},{"@type":"ListItem","@id":"https:\/\/candas365.es\/noticias\/retiran-tras-25-anos-un-estudio-sobre-glifosato-de-la-empresa-bayer\/#listItem","position":3,"name":"Retiran tras 25 a\u00f1os un estudio sobre glifosato de la empresa Bayer","previousItem":{"@type":"ListItem","@id":"https:\/\/candas365.es\/noticias\/category\/internacional\/#listItem","name":"Internacional"}}]},{"@type":"NewsArticle","@id":"https:\/\/candas365.es\/noticias\/retiran-tras-25-anos-un-estudio-sobre-glifosato-de-la-empresa-bayer\/#newsarticle","name":"Retiran tras 25 a\u00f1os un estudio sobre glifosato de la empresa Bayer | Cand\u00e1s 365","headline":"Retiran tras 25 a\u00f1os un estudio sobre glifosato de la empresa Bayer","author":{"@id":"https:\/\/candas365.es\/noticias\/author\/admin\/#author"},"publisher":{"@id":"https:\/\/candas365.es\/noticias\/#organization"},"image":{"@type":"ImageObject","url":"https:\/\/candas365.es\/noticias\/wp-content\/uploads\/2025\/12\/Retiran-tras-25-anos-un-estudio-sobre-glifosato-de-la-empresa-Bayer.jpg","width":1227,"height":815,"caption":"Un contenedor de pl\u00e1stico con la inscripci\u00f3n \"glifosato\" frente a la entrada de la empresa qu\u00edmica Bayer en Bruselas durante una protesta. Foto: Fabian Sommer\/dpa"},"datePublished":"2025-12-10T18:47:37+01:00","dateModified":"2025-12-10T18:47:37+01:00","inLanguage":"es-ES","mainEntityOfPage":{"@id":"https:\/\/candas365.es\/noticias\/retiran-tras-25-anos-un-estudio-sobre-glifosato-de-la-empresa-bayer\/#webpage"},"isPartOf":{"@id":"https:\/\/candas365.es\/noticias\/retiran-tras-25-anos-un-estudio-sobre-glifosato-de-la-empresa-bayer\/#webpage"},"articleSection":"Internacional, empresas, Reportajes","dateline":"Publicado el diciembre 10, 2025."},{"@type":"Organization","@id":"https:\/\/candas365.es\/noticias\/#organization","name":"Cand\u00e1s 365","description":"Cand\u00e1s 365 es un diario digital independiente, fundado en 2012, con base en Asturias. Informamos con rigor sobre actualidad, sociedad, cultura y ocio, con una mirada local y global.","url":"https:\/\/candas365.es\/noticias\/","email":"info@candas365.es","telephone":"+34652131393","foundingDate":"2012-06-10","logo":{"@type":"ImageObject","url":"https:\/\/candas365.es\/noticias\/wp-content\/uploads\/2024\/09\/Candas-365-Redes.jpg","@id":"https:\/\/candas365.es\/noticias\/retiran-tras-25-anos-un-estudio-sobre-glifosato-de-la-empresa-bayer\/#organizationLogo","width":1152,"height":864,"caption":"Cand\u00e1s 365 Redes"},"image":{"@id":"https:\/\/candas365.es\/noticias\/retiran-tras-25-anos-un-estudio-sobre-glifosato-de-la-empresa-bayer\/#organizationLogo"},"sameAs":["https:\/\/www.facebook.com\/Nachofdezber","https:\/\/x.com\/NabercoDigital","https:\/\/www.instagram.com\/nachofdezber\/","https:\/\/www.youtube.com\/channel\/UCZP-2wLEB9Rv6erhFmqVnvg"],"address":{"@id":"https:\/\/candas365.es\/noticias\/#postaladdress","@type":"PostalAddress","streetAddress":"san antonio 4, san antonio 4","postalCode":"33430","addressLocality":"Cand\u00e1s","addressRegion":"Asturias","addressCountry":"ES"}},{"@type":"Person","@id":"https:\/\/candas365.es\/noticias\/author\/admin\/#author","url":"https:\/\/candas365.es\/noticias\/author\/admin\/","name":"Cand\u00e1s 365","image":{"@type":"ImageObject","@id":"https:\/\/candas365.es\/noticias\/retiran-tras-25-anos-un-estudio-sobre-glifosato-de-la-empresa-bayer\/#authorImage","url":"https:\/\/secure.gravatar.com\/avatar\/496a8e03d0c493ede1718b7934145dbdf8d89be1036b0eec9544e1094c9de390?s=96&d=mm&r=g","width":96,"height":96,"caption":"Cand\u00e1s 365"},"sameAs":["https:\/\/www.facebook.com\/carrenoactualidad","https:\/\/twitter.com\/nbasturias","https:\/\/www.instagram.com\/nachofdezber\/","https:\/\/www.youtube.com\/channel\/UCZP-2wLEB9Rv6erhFmqVnvg"]},{"@type":"WebPage","@id":"https:\/\/candas365.es\/noticias\/retiran-tras-25-anos-un-estudio-sobre-glifosato-de-la-empresa-bayer\/#webpage","url":"https:\/\/candas365.es\/noticias\/retiran-tras-25-anos-un-estudio-sobre-glifosato-de-la-empresa-bayer\/","name":"Retiran tras 25 a\u00f1os un estudio sobre glifosato de la empresa Bayer | Cand\u00e1s 365","description":"Berl\u00edn, 10 dic (dpa) \u2013 Un estudio del a\u00f1o 2000 que desempe\u00f1a un papel central en el debate sobre la seguridad del herbicida glifosato fue retirado formalmente","inLanguage":"es-ES","isPartOf":{"@id":"https:\/\/candas365.es\/noticias\/#website"},"breadcrumb":{"@id":"https:\/\/candas365.es\/noticias\/retiran-tras-25-anos-un-estudio-sobre-glifosato-de-la-empresa-bayer\/#breadcrumblist"},"author":{"@id":"https:\/\/candas365.es\/noticias\/author\/admin\/#author"},"creator":{"@id":"https:\/\/candas365.es\/noticias\/author\/admin\/#author"},"image":{"@type":"ImageObject","url":"https:\/\/candas365.es\/noticias\/wp-content\/uploads\/2025\/12\/Retiran-tras-25-anos-un-estudio-sobre-glifosato-de-la-empresa-Bayer.jpg","@id":"https:\/\/candas365.es\/noticias\/retiran-tras-25-anos-un-estudio-sobre-glifosato-de-la-empresa-bayer\/#mainImage","width":1227,"height":815,"caption":"Un contenedor de pl\u00e1stico con la inscripci\u00f3n \"glifosato\" frente a la entrada de la empresa qu\u00edmica Bayer en Bruselas durante una protesta. Foto: Fabian Sommer\/dpa"},"primaryImageOfPage":{"@id":"https:\/\/candas365.es\/noticias\/retiran-tras-25-anos-un-estudio-sobre-glifosato-de-la-empresa-bayer\/#mainImage"},"datePublished":"2025-12-10T18:47:37+01:00","dateModified":"2025-12-10T18:47:37+01:00"},{"@type":"WebSite","@id":"https:\/\/candas365.es\/noticias\/#website","url":"https:\/\/candas365.es\/noticias\/","name":"Cand\u00e1s 365","alternateName":"Cand\u00e1s 365 Noticias","description":"Actualidad desde Carre\u00f1o para el mundo","inLanguage":"es-ES","publisher":{"@id":"https:\/\/candas365.es\/noticias\/#organization"}}]},"og:locale":"es_ES","og:site_name":"Cand\u00e1s 365","og:type":"article","og:title":"Retiran tras 25 a\u00f1os un estudio sobre glifosato de la empresa Bayer | Cand\u00e1s 365","og:description":"Berl\u00edn, 10 dic (dpa) \u2013 Un estudio del a\u00f1o 2000 que desempe\u00f1a un papel central en el debate sobre la seguridad del herbicida glifosato fue retirado formalmente","og:url":"https:\/\/candas365.es\/noticias\/retiran-tras-25-anos-un-estudio-sobre-glifosato-de-la-empresa-bayer\/","og:image":"https:\/\/candas365.es\/noticias\/wp-content\/uploads\/2025\/12\/Retiran-tras-25-anos-un-estudio-sobre-glifosato-de-la-empresa-Bayer.jpg","og:image:secure_url":"https:\/\/candas365.es\/noticias\/wp-content\/uploads\/2025\/12\/Retiran-tras-25-anos-un-estudio-sobre-glifosato-de-la-empresa-Bayer.jpg","og:image:width":1227,"og:image:height":815,"article:published_time":"2025-12-10T17:47:37+00:00","article:modified_time":"2025-12-10T17:47:37+00:00","article:publisher":"https:\/\/www.facebook.com\/Nachofdezber","article:author":"https:\/\/www.facebook.com\/carrenoactualidad","twitter:card":"summary_large_image","twitter:site":"@NabercoDigital","twitter:title":"Retiran tras 25 a\u00f1os un estudio sobre glifosato de la empresa Bayer | Cand\u00e1s 365","twitter:description":"Berl\u00edn, 10 dic (dpa) \u2013 Un estudio del a\u00f1o 2000 que desempe\u00f1a un papel central en el debate sobre la seguridad del herbicida glifosato fue retirado formalmente","twitter:creator":"@nbasturias","twitter:image":"https:\/\/candas365.es\/noticias\/wp-content\/uploads\/2025\/12\/Retiran-tras-25-anos-un-estudio-sobre-glifosato-de-la-empresa-Bayer.jpg","twitter:label1":"Escrito por","twitter:data1":"Cand\u00e1s 365","twitter:label2":"Tiempo de lectura estimado","twitter:data2":"4 minutos"},"aioseo_meta_data":{"post_id":"190741","title":null,"description":"Berl\u00edn, 10 dic (dpa) \u2013 Un estudio del a\u00f1o 2000 que desempe\u00f1a un papel central en el debate sobre la seguridad del herbicida glifosato fue retirado formalmente","keywords":null,"keyphrases":{"focus":{"keyphrase":"glifosato","score":91,"analysis":{"keyphraseInTitle":{"score":9,"maxScore":9,"error":0},"keyphraseInDescription":{"score":9,"maxScore":9,"error":0},"keyphraseLength":{"score":9,"maxScore":9,"error":0,"length":1},"keyphraseInURL":{"score":5,"maxScore":5,"error":0},"keyphraseInIntroduction":{"score":9,"maxScore":9,"error":0},"keyphraseInSubHeadings":{"score":3,"maxScore":9,"error":1},"keyphraseInImageAlt":{"score":9,"maxScore":9,"error":0},"keywordDensity":{"type":"best","score":9,"maxScore":9,"error":0}}},"additional":[{"keyphrase":"glifosato","score":100,"analysis":{"keyphraseInDescription":{"score":9,"maxScore":9,"error":0},"keyphraseLength":{"score":9,"maxScore":9,"error":0,"length":1},"keyphraseInIntroduction":{"score":9,"maxScore":9,"error":0},"keyphraseInImageAlt":{"score":9,"maxScore":9,"error":0},"keywordDensity":{"type":"best","score":9,"maxScore":9,"error":0}}}]},"primary_term":null,"canonical_url":null,"og_title":null,"og_description":null,"og_object_type":"default","og_image_type":"default","og_image_url":null,"og_image_width":null,"og_image_height":null,"og_image_custom_url":null,"og_image_custom_fields":null,"og_video":"","og_custom_url":null,"og_article_section":null,"og_article_tags":null,"twitter_use_og":false,"twitter_card":"default","twitter_image_type":"default","twitter_image_url":null,"twitter_image_custom_url":null,"twitter_image_custom_fields":null,"twitter_title":null,"twitter_description":null,"schema":{"blockGraphs":[],"customGraphs":[],"default":{"data":{"Article":[],"Course":[],"Dataset":[],"FAQPage":[],"Movie":[],"Person":[],"Product":[],"ProductReview":[],"Car":[],"Recipe":[],"Service":[],"SoftwareApplication":[],"WebPage":[]},"graphName":"Article","isEnabled":true},"graphs":[]},"schema_type":"default","schema_type_options":null,"pillar_content":false,"robots_default":true,"robots_noindex":false,"robots_noarchive":false,"robots_nosnippet":false,"robots_nofollow":false,"robots_noimageindex":false,"robots_noodp":false,"robots_notranslate":false,"robots_max_snippet":"-1","robots_max_videopreview":"-1","robots_max_imagepreview":"large","priority":null,"frequency":"default","location":null,"local_seo":null,"seo_analyzer_scan_date":"2025-12-10 17:51:47","breadcrumb_settings":null,"limit_modified_date":false,"reviewed_by":null,"open_ai":null,"ai":{"faqs":[],"keyPoints":[],"titles":[],"descriptions":[],"socialPosts":{"email":[],"linkedin":[],"twitter":[],"facebook":[],"instagram":[]}},"created":"2025-12-10 17:41:21","updated":"2025-12-10 18:01:15"},"aioseo_breadcrumb":"<div class=\"aioseo-breadcrumbs\"><span class=\"aioseo-breadcrumb\">\n\t<a href=\"https:\/\/candas365.es\/noticias\" title=\"Home\">Home<\/a>\n<\/span><span class=\"aioseo-breadcrumb-separator\">&ndash;<\/span><span class=\"aioseo-breadcrumb\">\n\t<a href=\"https:\/\/candas365.es\/noticias\/category\/internacional\/\" title=\"Internacional\">Internacional<\/a>\n<\/span><span class=\"aioseo-breadcrumb-separator\">&ndash;<\/span><span class=\"aioseo-breadcrumb\">\n\tRetiran tras 25 a\u00f1os un estudio sobre glifosato de la empresa Bayer\n<\/span><\/div>","aioseo_breadcrumb_json":[{"label":"Home","link":"https:\/\/candas365.es\/noticias"},{"label":"Internacional","link":"https:\/\/candas365.es\/noticias\/category\/internacional\/"},{"label":"Retiran tras 25 a\u00f1os un estudio sobre glifosato de la empresa Bayer","link":"https:\/\/candas365.es\/noticias\/retiran-tras-25-anos-un-estudio-sobre-glifosato-de-la-empresa-bayer\/"}],"_links":{"self":[{"href":"https:\/\/candas365.es\/noticias\/wp-json\/wp\/v2\/posts\/190741","targetHints":{"allow":["GET"]}}],"collection":[{"href":"https:\/\/candas365.es\/noticias\/wp-json\/wp\/v2\/posts"}],"about":[{"href":"https:\/\/candas365.es\/noticias\/wp-json\/wp\/v2\/types\/post"}],"author":[{"embeddable":true,"href":"https:\/\/candas365.es\/noticias\/wp-json\/wp\/v2\/users\/1"}],"replies":[{"embeddable":true,"href":"https:\/\/candas365.es\/noticias\/wp-json\/wp\/v2\/comments?post=190741"}],"version-history":[{"count":0,"href":"https:\/\/candas365.es\/noticias\/wp-json\/wp\/v2\/posts\/190741\/revisions"}],"wp:featuredmedia":[{"embeddable":true,"href":"https:\/\/candas365.es\/noticias\/wp-json\/wp\/v2\/media\/190742"}],"wp:attachment":[{"href":"https:\/\/candas365.es\/noticias\/wp-json\/wp\/v2\/media?parent=190741"}],"wp:term":[{"taxonomy":"category","embeddable":true,"href":"https:\/\/candas365.es\/noticias\/wp-json\/wp\/v2\/categories?post=190741"},{"taxonomy":"post_tag","embeddable":true,"href":"https:\/\/candas365.es\/noticias\/wp-json\/wp\/v2\/tags?post=190741"}],"curies":[{"name":"wp","href":"https:\/\/api.w.org\/{rel}","templated":true}]}}