{"id":190688,"date":"2025-12-06T00:26:17","date_gmt":"2025-12-05T23:26:17","guid":{"rendered":"https:\/\/candas365.es\/noticias\/?p=190688"},"modified":"2025-12-06T00:26:17","modified_gmt":"2025-12-05T23:26:17","slug":"foro-en-oviedo-sobre-la-transicion-ecosocial-justa","status":"publish","type":"post","link":"https:\/\/candas365.es\/noticias\/foro-en-oviedo-sobre-la-transicion-ecosocial-justa\/","title":{"rendered":"Foro en Oviedo sobre la transici\u00f3n ecosocial justa"},"content":{"rendered":"<p>El <a href=\"https:\/\/actualidad.asturias.es\/\" target=\"_blank\" rel=\"noopener\"><span style=\"color: #ff6600;\"><strong>Gobierno del Principado<\/strong><\/span><\/a> de Asturias ha informado de la celebraci\u00f3n en <a href=\"https:\/\/eldigitaldeasturias.com\/radio\/category\/concejos-asturias\/\" target=\"_blank\" rel=\"noopener\"><span style=\"color: #ff6600;\"><strong>Oviedo<\/strong><\/span><\/a> de un foro sobre la transici\u00f3n ecosocial justa. el acto ser\u00e1 los d\u00edas <a href=\"https:\/\/candas365.es\/noticias\/category\/agenda\/\"><span style=\"color: #ff6600;\"><strong>9 y 16 de diciembre<\/strong><\/span><\/a> de 2025 en Espacio Cultural Luar.<\/p>\n<figure id=\"attachment_190689\" aria-describedby=\"caption-attachment-190689\" style=\"width: 650px\" class=\"wp-caption aligncenter\"><img fetchpriority=\"high\" decoding=\"async\" class=\"size-large wp-image-190689\" src=\"https:\/\/candas365.es\/noticias\/wp-content\/uploads\/2025\/12\/Foro-en-Oviedo-sobre-la-transicion-ecosocial-justa-650x469.jpg\" alt=\"Foro en Oviedo sobre la transici\u00f3n ecosocial justa\" width=\"650\" height=\"469\" srcset=\"https:\/\/candas365.es\/noticias\/wp-content\/uploads\/2025\/12\/Foro-en-Oviedo-sobre-la-transicion-ecosocial-justa-650x469.jpg 650w, https:\/\/candas365.es\/noticias\/wp-content\/uploads\/2025\/12\/Foro-en-Oviedo-sobre-la-transicion-ecosocial-justa-360x260.jpg 360w, https:\/\/candas365.es\/noticias\/wp-content\/uploads\/2025\/12\/Foro-en-Oviedo-sobre-la-transicion-ecosocial-justa-768x554.jpg 768w, https:\/\/candas365.es\/noticias\/wp-content\/uploads\/2025\/12\/Foro-en-Oviedo-sobre-la-transicion-ecosocial-justa-150x108.jpg 150w, https:\/\/candas365.es\/noticias\/wp-content\/uploads\/2025\/12\/Foro-en-Oviedo-sobre-la-transicion-ecosocial-justa-450x325.jpg 450w, https:\/\/candas365.es\/noticias\/wp-content\/uploads\/2025\/12\/Foro-en-Oviedo-sobre-la-transicion-ecosocial-justa.jpg 1109w\" sizes=\"(max-width: 650px) 100vw, 650px\" \/><figcaption id=\"caption-attachment-190689\" class=\"wp-caption-text\">Foto: Prensa Gobierno de Asturias<\/figcaption><\/figure>\n<p>El director general de Agenda 2030, Juan Ponte, ha instado a crear \u201cuna gran alianza\u201d para afrontar los retos que permitan mejorar la vida de las personas en la presentaci\u00f3n del foro por una transici\u00f3n ecosocial justa Una Gran Conversaci\u00f3n, que celebrar\u00e1 encuentros presenciales en el Espacio Cultural Luar de Oviedo\/Uvi\u00e9u con el fin de contribuir a defender los derechos medioambientales de la ciudadan\u00eda. Estos actos culminan la primera edici\u00f3n de este evento que se desarroll\u00f3 de forma telem\u00e1tica.<\/p>\n<p>Ponte ha recordado que \u201cla Agenda 2030 tiene una dimensi\u00f3n social, medioambiental y econ\u00f3mica\u201d que plantea acciones para lograr una sociedad m\u00e1s justa y equitativa. La convocatoria de este foro responde al diagn\u00f3stico de que, si bien en Asturias existe una red muy tupida de entidades sociales que trabajan en la defensa de los derechos humanos, era necesario generar una plataforma de di\u00e1logo, una gran conversaci\u00f3n para defender los derechos medioambientales y trenzar las tres dimensiones de la sostenibilidad. \u201cPor eso hablamos de transici\u00f3n ecosocial\u201d, ha explicado.<\/p>\n<p>A su juicio, es imprescindible tomar conciencia de los l\u00edmites ecol\u00f3gicos. \u201cLa naturaleza no es infinita y lo que, a mi juicio, de manera incorrecta llamamos recursos, se agota. Digo de manera incorrecta porque hablar de recursos naturales es entender la naturaleza como una despensa de la cual puedes extraer indiscriminadamente lo que te apetezca. Cuando sabemos, por tanto, que la idea del crecimiento infinito es una ilusi\u00f3n absoluta y que, adem\u00e1s, no solamente constituye un error te\u00f3rico, sino que es catastr\u00f3fico desde el punto de vista pr\u00e1ctico y humano\u201d, ha a\u00f1adido.<\/p>\n<p>En el evento participar\u00e1 Yayo Herrero, una de las primeras figuras del ecofeminismo y \u201cuna de las voces m\u00e1s autorizadas a nivel mundial en este \u00e1mbito\u201d, ha asegurado el director. Ha destacado adem\u00e1s el car\u00e1cter abierto del foro, que facilitar\u00e1 el encuentro y di\u00e1logo de distintas organizaciones medioambientalistas o ecologistas que ya existen y realizan una labor destacada.<\/p>\n","protected":false},"excerpt":{"rendered":"<p>El Gobierno del Principado de Asturias ha informado de la celebraci\u00f3n en Oviedo de un foro sobre la transici\u00f3n ecosocial justa. el acto ser\u00e1 los d\u00edas 9 y 16 de diciembre de 2025 en Espacio Cultural Luar. El director general de Agenda 2030, Juan Ponte, ha instado a crear \u201cuna gran alianza\u201d para afrontar los<\/p>\n","protected":false},"author":1,"featured_media":190689,"comment_status":"closed","ping_status":"closed","sticky":false,"template":"","format":"standard","meta":{"footnotes":""},"categories":[1],"tags":[468,461],"class_list":{"0":"post-190688","1":"post","2":"type-post","3":"status-publish","4":"format-standard","5":"has-post-thumbnail","7":"category-agenda","8":"tag-agenda","9":"tag-oviedo"},"aioseo_notices":[],"aioseo_head":"\n\t\t<!-- All in One SEO Pro 4.9.6.2 - aioseo.com -->\n\t<meta name=\"description\" content=\"El Gobierno del Principado de Asturias ha informado de la celebraci\u00f3n en Oviedo de un foro sobre la transici\u00f3n ecosocial justa. el acto ser\u00e1 los d\u00edas 9 y 16\" \/>\n\t<meta name=\"robots\" content=\"max-image-preview:large\" \/>\n\t<meta name=\"author\" content=\"Cand\u00e1s 365\"\/>\n\t<meta name=\"google-site-verification\" content=\"UA-32230408-1\" \/>\n\t<meta name=\"msvalidate.01\" content=\"354F3CDFB2DA171B47FBE9ABF1F88D5\" \/>\n\t<meta name=\"keywords\" content=\"agenda\" \/>\n\t<link rel=\"canonical\" href=\"https:\/\/candas365.es\/noticias\/foro-en-oviedo-sobre-la-transicion-ecosocial-justa\/\" \/>\n\t<meta name=\"generator\" content=\"All in One SEO Pro (AIOSEO) 4.9.6.2\" \/>\n\t\t<meta property=\"og:locale\" content=\"es_ES\" \/>\n\t\t<meta property=\"og:site_name\" content=\"Cand\u00e1s 365\" \/>\n\t\t<meta property=\"og:type\" content=\"article\" \/>\n\t\t<meta property=\"og:title\" content=\"Foro en Oviedo sobre la transici\u00f3n ecosocial justa | Cand\u00e1s 365\" \/>\n\t\t<meta property=\"og:description\" content=\"El Gobierno del Principado de Asturias ha informado de la celebraci\u00f3n en Oviedo de un foro sobre la transici\u00f3n ecosocial justa. el acto ser\u00e1 los d\u00edas 9 y 16\" \/>\n\t\t<meta property=\"og:url\" content=\"https:\/\/candas365.es\/noticias\/foro-en-oviedo-sobre-la-transicion-ecosocial-justa\/\" \/>\n\t\t<meta property=\"og:image\" content=\"https:\/\/candas365.es\/noticias\/wp-content\/uploads\/2025\/12\/Foro-en-Oviedo-sobre-la-transicion-ecosocial-justa.jpg\" \/>\n\t\t<meta property=\"og:image:secure_url\" content=\"https:\/\/candas365.es\/noticias\/wp-content\/uploads\/2025\/12\/Foro-en-Oviedo-sobre-la-transicion-ecosocial-justa.jpg\" \/>\n\t\t<meta property=\"og:image:width\" content=\"1109\" \/>\n\t\t<meta property=\"og:image:height\" content=\"800\" \/>\n\t\t<meta property=\"article:published_time\" content=\"2025-12-05T23:26:17+00:00\" \/>\n\t\t<meta property=\"article:modified_time\" content=\"2025-12-05T23:26:17+00:00\" \/>\n\t\t<meta property=\"article:publisher\" content=\"https:\/\/www.facebook.com\/Nachofdezber\" \/>\n\t\t<meta property=\"article:author\" content=\"https:\/\/www.facebook.com\/carrenoactualidad\" \/>\n\t\t<meta name=\"twitter:card\" content=\"summary_large_image\" \/>\n\t\t<meta name=\"twitter:site\" content=\"@NabercoDigital\" \/>\n\t\t<meta name=\"twitter:title\" content=\"Foro en Oviedo sobre la transici\u00f3n ecosocial justa | Cand\u00e1s 365\" \/>\n\t\t<meta name=\"twitter:description\" content=\"El Gobierno del Principado de Asturias ha informado de la celebraci\u00f3n en Oviedo de un foro sobre la transici\u00f3n ecosocial justa. el acto ser\u00e1 los d\u00edas 9 y 16\" \/>\n\t\t<meta name=\"twitter:creator\" content=\"@nbasturias\" \/>\n\t\t<meta name=\"twitter:image\" content=\"https:\/\/candas365.es\/noticias\/wp-content\/uploads\/2025\/12\/Foro-en-Oviedo-sobre-la-transicion-ecosocial-justa.jpg\" \/>\n\t\t<meta name=\"twitter:label1\" content=\"Escrito por\" \/>\n\t\t<meta name=\"twitter:data1\" content=\"Cand\u00e1s 365\" \/>\n\t\t<meta name=\"twitter:label2\" content=\"Tiempo de lectura estimado\" \/>\n\t\t<meta name=\"twitter:data2\" content=\"2 minutos\" \/>\n\t\t<script type=\"application\/ld+json\" class=\"aioseo-schema\">\n\t\t\t{\"@context\":\"https:\\\/\\\/schema.org\",\"@graph\":[{\"@type\":\"BreadcrumbList\",\"@id\":\"https:\\\/\\\/candas365.es\\\/noticias\\\/foro-en-oviedo-sobre-la-transicion-ecosocial-justa\\\/#breadcrumblist\",\"itemListElement\":[{\"@type\":\"ListItem\",\"@id\":\"https:\\\/\\\/candas365.es\\\/noticias#listItem\",\"position\":1,\"name\":\"Home\",\"item\":\"https:\\\/\\\/candas365.es\\\/noticias\",\"nextItem\":{\"@type\":\"ListItem\",\"@id\":\"https:\\\/\\\/candas365.es\\\/noticias\\\/category\\\/agenda\\\/#listItem\",\"name\":\"Agenda\"}},{\"@type\":\"ListItem\",\"@id\":\"https:\\\/\\\/candas365.es\\\/noticias\\\/category\\\/agenda\\\/#listItem\",\"position\":2,\"name\":\"Agenda\",\"item\":\"https:\\\/\\\/candas365.es\\\/noticias\\\/category\\\/agenda\\\/\",\"nextItem\":{\"@type\":\"ListItem\",\"@id\":\"https:\\\/\\\/candas365.es\\\/noticias\\\/foro-en-oviedo-sobre-la-transicion-ecosocial-justa\\\/#listItem\",\"name\":\"Foro en Oviedo sobre la transici\\u00f3n ecosocial justa\"},\"previousItem\":{\"@type\":\"ListItem\",\"@id\":\"https:\\\/\\\/candas365.es\\\/noticias#listItem\",\"name\":\"Home\"}},{\"@type\":\"ListItem\",\"@id\":\"https:\\\/\\\/candas365.es\\\/noticias\\\/foro-en-oviedo-sobre-la-transicion-ecosocial-justa\\\/#listItem\",\"position\":3,\"name\":\"Foro en Oviedo sobre la transici\\u00f3n ecosocial justa\",\"previousItem\":{\"@type\":\"ListItem\",\"@id\":\"https:\\\/\\\/candas365.es\\\/noticias\\\/category\\\/agenda\\\/#listItem\",\"name\":\"Agenda\"}}]},{\"@type\":\"NewsArticle\",\"@id\":\"https:\\\/\\\/candas365.es\\\/noticias\\\/foro-en-oviedo-sobre-la-transicion-ecosocial-justa\\\/#newsarticle\",\"name\":\"Foro en Oviedo sobre la transici\\u00f3n ecosocial justa | Cand\\u00e1s 365\",\"headline\":\"Foro en Oviedo sobre la transici\\u00f3n ecosocial justa\",\"author\":{\"@id\":\"https:\\\/\\\/candas365.es\\\/noticias\\\/author\\\/admin\\\/#author\"},\"publisher\":{\"@id\":\"https:\\\/\\\/candas365.es\\\/noticias\\\/#organization\"},\"image\":{\"@type\":\"ImageObject\",\"url\":\"https:\\\/\\\/candas365.es\\\/noticias\\\/wp-content\\\/uploads\\\/2025\\\/12\\\/Foro-en-Oviedo-sobre-la-transicion-ecosocial-justa.jpg\",\"width\":1109,\"height\":800,\"caption\":\"Foto: Prensa Gobierno de Asturias\"},\"datePublished\":\"2025-12-06T00:26:17+01:00\",\"dateModified\":\"2025-12-06T00:26:17+01:00\",\"inLanguage\":\"es-ES\",\"mainEntityOfPage\":{\"@id\":\"https:\\\/\\\/candas365.es\\\/noticias\\\/foro-en-oviedo-sobre-la-transicion-ecosocial-justa\\\/#webpage\"},\"isPartOf\":{\"@id\":\"https:\\\/\\\/candas365.es\\\/noticias\\\/foro-en-oviedo-sobre-la-transicion-ecosocial-justa\\\/#webpage\"},\"articleSection\":\"Agenda, agenda, Oviedo\",\"dateline\":\"Publicado el diciembre 6, 2025.\"},{\"@type\":\"Organization\",\"@id\":\"https:\\\/\\\/candas365.es\\\/noticias\\\/#organization\",\"name\":\"Cand\\u00e1s 365\",\"description\":\"Cand\\u00e1s 365 es un diario digital independiente, fundado en 2012, con base en Asturias. Informamos con rigor sobre actualidad, sociedad, cultura y ocio, con una mirada local y global.\",\"url\":\"https:\\\/\\\/candas365.es\\\/noticias\\\/\",\"email\":\"info@candas365.es\",\"telephone\":\"+34652131393\",\"foundingDate\":\"2012-06-10\",\"logo\":{\"@type\":\"ImageObject\",\"url\":\"https:\\\/\\\/candas365.es\\\/noticias\\\/wp-content\\\/uploads\\\/2024\\\/09\\\/Candas-365-Redes.jpg\",\"@id\":\"https:\\\/\\\/candas365.es\\\/noticias\\\/foro-en-oviedo-sobre-la-transicion-ecosocial-justa\\\/#organizationLogo\",\"width\":1152,\"height\":864,\"caption\":\"Cand\\u00e1s 365 Redes\"},\"image\":{\"@id\":\"https:\\\/\\\/candas365.es\\\/noticias\\\/foro-en-oviedo-sobre-la-transicion-ecosocial-justa\\\/#organizationLogo\"},\"sameAs\":[\"https:\\\/\\\/www.facebook.com\\\/Nachofdezber\",\"https:\\\/\\\/x.com\\\/NabercoDigital\",\"https:\\\/\\\/www.instagram.com\\\/nachofdezber\\\/\",\"https:\\\/\\\/www.youtube.com\\\/channel\\\/UCZP-2wLEB9Rv6erhFmqVnvg\"],\"address\":{\"@id\":\"https:\\\/\\\/candas365.es\\\/noticias\\\/#postaladdress\",\"@type\":\"PostalAddress\",\"streetAddress\":\"san antonio 4, san antonio 4\",\"postalCode\":\"33430\",\"addressLocality\":\"Cand\\u00e1s\",\"addressRegion\":\"Asturias\",\"addressCountry\":\"ES\"}},{\"@type\":\"Person\",\"@id\":\"https:\\\/\\\/candas365.es\\\/noticias\\\/author\\\/admin\\\/#author\",\"url\":\"https:\\\/\\\/candas365.es\\\/noticias\\\/author\\\/admin\\\/\",\"name\":\"Cand\\u00e1s 365\",\"image\":{\"@type\":\"ImageObject\",\"@id\":\"https:\\\/\\\/candas365.es\\\/noticias\\\/foro-en-oviedo-sobre-la-transicion-ecosocial-justa\\\/#authorImage\",\"url\":\"https:\\\/\\\/secure.gravatar.com\\\/avatar\\\/496a8e03d0c493ede1718b7934145dbdf8d89be1036b0eec9544e1094c9de390?s=96&d=mm&r=g\",\"width\":96,\"height\":96,\"caption\":\"Cand\\u00e1s 365\"},\"sameAs\":[\"https:\\\/\\\/www.facebook.com\\\/carrenoactualidad\",\"https:\\\/\\\/twitter.com\\\/nbasturias\",\"https:\\\/\\\/www.instagram.com\\\/nachofdezber\\\/\",\"https:\\\/\\\/www.youtube.com\\\/channel\\\/UCZP-2wLEB9Rv6erhFmqVnvg\"]},{\"@type\":\"WebPage\",\"@id\":\"https:\\\/\\\/candas365.es\\\/noticias\\\/foro-en-oviedo-sobre-la-transicion-ecosocial-justa\\\/#webpage\",\"url\":\"https:\\\/\\\/candas365.es\\\/noticias\\\/foro-en-oviedo-sobre-la-transicion-ecosocial-justa\\\/\",\"name\":\"Foro en Oviedo sobre la transici\\u00f3n ecosocial justa | Cand\\u00e1s 365\",\"description\":\"El Gobierno del Principado de Asturias ha informado de la celebraci\\u00f3n en Oviedo de un foro sobre la transici\\u00f3n ecosocial justa. el acto ser\\u00e1 los d\\u00edas 9 y 16\",\"inLanguage\":\"es-ES\",\"isPartOf\":{\"@id\":\"https:\\\/\\\/candas365.es\\\/noticias\\\/#website\"},\"breadcrumb\":{\"@id\":\"https:\\\/\\\/candas365.es\\\/noticias\\\/foro-en-oviedo-sobre-la-transicion-ecosocial-justa\\\/#breadcrumblist\"},\"author\":{\"@id\":\"https:\\\/\\\/candas365.es\\\/noticias\\\/author\\\/admin\\\/#author\"},\"creator\":{\"@id\":\"https:\\\/\\\/candas365.es\\\/noticias\\\/author\\\/admin\\\/#author\"},\"image\":{\"@type\":\"ImageObject\",\"url\":\"https:\\\/\\\/candas365.es\\\/noticias\\\/wp-content\\\/uploads\\\/2025\\\/12\\\/Foro-en-Oviedo-sobre-la-transicion-ecosocial-justa.jpg\",\"@id\":\"https:\\\/\\\/candas365.es\\\/noticias\\\/foro-en-oviedo-sobre-la-transicion-ecosocial-justa\\\/#mainImage\",\"width\":1109,\"height\":800,\"caption\":\"Foto: Prensa Gobierno de Asturias\"},\"primaryImageOfPage\":{\"@id\":\"https:\\\/\\\/candas365.es\\\/noticias\\\/foro-en-oviedo-sobre-la-transicion-ecosocial-justa\\\/#mainImage\"},\"datePublished\":\"2025-12-06T00:26:17+01:00\",\"dateModified\":\"2025-12-06T00:26:17+01:00\"},{\"@type\":\"WebSite\",\"@id\":\"https:\\\/\\\/candas365.es\\\/noticias\\\/#website\",\"url\":\"https:\\\/\\\/candas365.es\\\/noticias\\\/\",\"name\":\"Cand\\u00e1s 365\",\"alternateName\":\"Cand\\u00e1s 365 Noticias\",\"description\":\"Actualidad desde Carre\\u00f1o para el mundo\",\"inLanguage\":\"es-ES\",\"publisher\":{\"@id\":\"https:\\\/\\\/candas365.es\\\/noticias\\\/#organization\"}}]}\n\t\t<\/script>\n\t\t<!-- All in One SEO Pro -->\r\n\t\t<title>Foro en Oviedo sobre la transici\u00f3n ecosocial justa | Cand\u00e1s 365<\/title>\n\n","aioseo_head_json":{"title":"Foro en Oviedo sobre la transici\u00f3n ecosocial justa | Cand\u00e1s 365","description":"El Gobierno del Principado de Asturias ha informado de la celebraci\u00f3n en Oviedo de un foro sobre la transici\u00f3n ecosocial justa. el acto ser\u00e1 los d\u00edas 9 y 16","canonical_url":"https:\/\/candas365.es\/noticias\/foro-en-oviedo-sobre-la-transicion-ecosocial-justa\/","robots":"max-image-preview:large","keywords":"agenda","webmasterTools":{"google-site-verification":"UA-32230408-1","msvalidate.01":"354F3CDFB2DA171B47FBE9ABF1F88D5","miscellaneous":""},"schema":{"@context":"https:\/\/schema.org","@graph":[{"@type":"BreadcrumbList","@id":"https:\/\/candas365.es\/noticias\/foro-en-oviedo-sobre-la-transicion-ecosocial-justa\/#breadcrumblist","itemListElement":[{"@type":"ListItem","@id":"https:\/\/candas365.es\/noticias#listItem","position":1,"name":"Home","item":"https:\/\/candas365.es\/noticias","nextItem":{"@type":"ListItem","@id":"https:\/\/candas365.es\/noticias\/category\/agenda\/#listItem","name":"Agenda"}},{"@type":"ListItem","@id":"https:\/\/candas365.es\/noticias\/category\/agenda\/#listItem","position":2,"name":"Agenda","item":"https:\/\/candas365.es\/noticias\/category\/agenda\/","nextItem":{"@type":"ListItem","@id":"https:\/\/candas365.es\/noticias\/foro-en-oviedo-sobre-la-transicion-ecosocial-justa\/#listItem","name":"Foro en Oviedo sobre la transici\u00f3n ecosocial justa"},"previousItem":{"@type":"ListItem","@id":"https:\/\/candas365.es\/noticias#listItem","name":"Home"}},{"@type":"ListItem","@id":"https:\/\/candas365.es\/noticias\/foro-en-oviedo-sobre-la-transicion-ecosocial-justa\/#listItem","position":3,"name":"Foro en Oviedo sobre la transici\u00f3n ecosocial justa","previousItem":{"@type":"ListItem","@id":"https:\/\/candas365.es\/noticias\/category\/agenda\/#listItem","name":"Agenda"}}]},{"@type":"NewsArticle","@id":"https:\/\/candas365.es\/noticias\/foro-en-oviedo-sobre-la-transicion-ecosocial-justa\/#newsarticle","name":"Foro en Oviedo sobre la transici\u00f3n ecosocial justa | Cand\u00e1s 365","headline":"Foro en Oviedo sobre la transici\u00f3n ecosocial justa","author":{"@id":"https:\/\/candas365.es\/noticias\/author\/admin\/#author"},"publisher":{"@id":"https:\/\/candas365.es\/noticias\/#organization"},"image":{"@type":"ImageObject","url":"https:\/\/candas365.es\/noticias\/wp-content\/uploads\/2025\/12\/Foro-en-Oviedo-sobre-la-transicion-ecosocial-justa.jpg","width":1109,"height":800,"caption":"Foto: Prensa Gobierno de Asturias"},"datePublished":"2025-12-06T00:26:17+01:00","dateModified":"2025-12-06T00:26:17+01:00","inLanguage":"es-ES","mainEntityOfPage":{"@id":"https:\/\/candas365.es\/noticias\/foro-en-oviedo-sobre-la-transicion-ecosocial-justa\/#webpage"},"isPartOf":{"@id":"https:\/\/candas365.es\/noticias\/foro-en-oviedo-sobre-la-transicion-ecosocial-justa\/#webpage"},"articleSection":"Agenda, agenda, Oviedo","dateline":"Publicado el diciembre 6, 2025."},{"@type":"Organization","@id":"https:\/\/candas365.es\/noticias\/#organization","name":"Cand\u00e1s 365","description":"Cand\u00e1s 365 es un diario digital independiente, fundado en 2012, con base en Asturias. Informamos con rigor sobre actualidad, sociedad, cultura y ocio, con una mirada local y global.","url":"https:\/\/candas365.es\/noticias\/","email":"info@candas365.es","telephone":"+34652131393","foundingDate":"2012-06-10","logo":{"@type":"ImageObject","url":"https:\/\/candas365.es\/noticias\/wp-content\/uploads\/2024\/09\/Candas-365-Redes.jpg","@id":"https:\/\/candas365.es\/noticias\/foro-en-oviedo-sobre-la-transicion-ecosocial-justa\/#organizationLogo","width":1152,"height":864,"caption":"Cand\u00e1s 365 Redes"},"image":{"@id":"https:\/\/candas365.es\/noticias\/foro-en-oviedo-sobre-la-transicion-ecosocial-justa\/#organizationLogo"},"sameAs":["https:\/\/www.facebook.com\/Nachofdezber","https:\/\/x.com\/NabercoDigital","https:\/\/www.instagram.com\/nachofdezber\/","https:\/\/www.youtube.com\/channel\/UCZP-2wLEB9Rv6erhFmqVnvg"],"address":{"@id":"https:\/\/candas365.es\/noticias\/#postaladdress","@type":"PostalAddress","streetAddress":"san antonio 4, san antonio 4","postalCode":"33430","addressLocality":"Cand\u00e1s","addressRegion":"Asturias","addressCountry":"ES"}},{"@type":"Person","@id":"https:\/\/candas365.es\/noticias\/author\/admin\/#author","url":"https:\/\/candas365.es\/noticias\/author\/admin\/","name":"Cand\u00e1s 365","image":{"@type":"ImageObject","@id":"https:\/\/candas365.es\/noticias\/foro-en-oviedo-sobre-la-transicion-ecosocial-justa\/#authorImage","url":"https:\/\/secure.gravatar.com\/avatar\/496a8e03d0c493ede1718b7934145dbdf8d89be1036b0eec9544e1094c9de390?s=96&d=mm&r=g","width":96,"height":96,"caption":"Cand\u00e1s 365"},"sameAs":["https:\/\/www.facebook.com\/carrenoactualidad","https:\/\/twitter.com\/nbasturias","https:\/\/www.instagram.com\/nachofdezber\/","https:\/\/www.youtube.com\/channel\/UCZP-2wLEB9Rv6erhFmqVnvg"]},{"@type":"WebPage","@id":"https:\/\/candas365.es\/noticias\/foro-en-oviedo-sobre-la-transicion-ecosocial-justa\/#webpage","url":"https:\/\/candas365.es\/noticias\/foro-en-oviedo-sobre-la-transicion-ecosocial-justa\/","name":"Foro en Oviedo sobre la transici\u00f3n ecosocial justa | Cand\u00e1s 365","description":"El Gobierno del Principado de Asturias ha informado de la celebraci\u00f3n en Oviedo de un foro sobre la transici\u00f3n ecosocial justa. el acto ser\u00e1 los d\u00edas 9 y 16","inLanguage":"es-ES","isPartOf":{"@id":"https:\/\/candas365.es\/noticias\/#website"},"breadcrumb":{"@id":"https:\/\/candas365.es\/noticias\/foro-en-oviedo-sobre-la-transicion-ecosocial-justa\/#breadcrumblist"},"author":{"@id":"https:\/\/candas365.es\/noticias\/author\/admin\/#author"},"creator":{"@id":"https:\/\/candas365.es\/noticias\/author\/admin\/#author"},"image":{"@type":"ImageObject","url":"https:\/\/candas365.es\/noticias\/wp-content\/uploads\/2025\/12\/Foro-en-Oviedo-sobre-la-transicion-ecosocial-justa.jpg","@id":"https:\/\/candas365.es\/noticias\/foro-en-oviedo-sobre-la-transicion-ecosocial-justa\/#mainImage","width":1109,"height":800,"caption":"Foto: Prensa Gobierno de Asturias"},"primaryImageOfPage":{"@id":"https:\/\/candas365.es\/noticias\/foro-en-oviedo-sobre-la-transicion-ecosocial-justa\/#mainImage"},"datePublished":"2025-12-06T00:26:17+01:00","dateModified":"2025-12-06T00:26:17+01:00"},{"@type":"WebSite","@id":"https:\/\/candas365.es\/noticias\/#website","url":"https:\/\/candas365.es\/noticias\/","name":"Cand\u00e1s 365","alternateName":"Cand\u00e1s 365 Noticias","description":"Actualidad desde Carre\u00f1o para el mundo","inLanguage":"es-ES","publisher":{"@id":"https:\/\/candas365.es\/noticias\/#organization"}}]},"og:locale":"es_ES","og:site_name":"Cand\u00e1s 365","og:type":"article","og:title":"Foro en Oviedo sobre la transici\u00f3n ecosocial justa | Cand\u00e1s 365","og:description":"El Gobierno del Principado de Asturias ha informado de la celebraci\u00f3n en Oviedo de un foro sobre la transici\u00f3n ecosocial justa. el acto ser\u00e1 los d\u00edas 9 y 16","og:url":"https:\/\/candas365.es\/noticias\/foro-en-oviedo-sobre-la-transicion-ecosocial-justa\/","og:image":"https:\/\/candas365.es\/noticias\/wp-content\/uploads\/2025\/12\/Foro-en-Oviedo-sobre-la-transicion-ecosocial-justa.jpg","og:image:secure_url":"https:\/\/candas365.es\/noticias\/wp-content\/uploads\/2025\/12\/Foro-en-Oviedo-sobre-la-transicion-ecosocial-justa.jpg","og:image:width":1109,"og:image:height":800,"article:published_time":"2025-12-05T23:26:17+00:00","article:modified_time":"2025-12-05T23:26:17+00:00","article:publisher":"https:\/\/www.facebook.com\/Nachofdezber","article:author":"https:\/\/www.facebook.com\/carrenoactualidad","twitter:card":"summary_large_image","twitter:site":"@NabercoDigital","twitter:title":"Foro en Oviedo sobre la transici\u00f3n ecosocial justa | Cand\u00e1s 365","twitter:description":"El Gobierno del Principado de Asturias ha informado de la celebraci\u00f3n en Oviedo de un foro sobre la transici\u00f3n ecosocial justa. el acto ser\u00e1 los d\u00edas 9 y 16","twitter:creator":"@nbasturias","twitter:image":"https:\/\/candas365.es\/noticias\/wp-content\/uploads\/2025\/12\/Foro-en-Oviedo-sobre-la-transicion-ecosocial-justa.jpg","twitter:label1":"Escrito por","twitter:data1":"Cand\u00e1s 365","twitter:label2":"Tiempo de lectura estimado","twitter:data2":"2 minutos"},"aioseo_meta_data":{"post_id":"190688","title":null,"description":"El Gobierno del Principado de Asturias ha informado de la celebraci\u00f3n en Oviedo de un foro sobre la transici\u00f3n ecosocial justa. el acto ser\u00e1 los d\u00edas 9 y 16","keywords":null,"keyphrases":{"focus":{"keyphrase":"Oviedo","score":100,"analysis":{"keyphraseInTitle":{"score":9,"maxScore":9,"error":0},"keyphraseInDescription":{"score":9,"maxScore":9,"error":0},"keyphraseLength":{"score":9,"maxScore":9,"error":0,"length":1},"keyphraseInURL":{"score":5,"maxScore":5,"error":0},"keyphraseInIntroduction":{"score":9,"maxScore":9,"error":0},"keyphraseInSubHeadings":[],"keyphraseInImageAlt":{"score":9,"maxScore":9,"error":0},"keywordDensity":{"type":"best","score":9,"maxScore":9,"error":0}}},"additional":[{"keyphrase":"foro","score":100,"analysis":{"keyphraseInDescription":{"score":9,"maxScore":9,"error":0},"keyphraseLength":{"score":9,"maxScore":9,"error":0,"length":1},"keyphraseInIntroduction":{"score":9,"maxScore":9,"error":0},"keyphraseInImageAlt":{"score":9,"maxScore":9,"error":0},"keywordDensity":{"type":"best","score":9,"maxScore":9,"error":0}}}]},"primary_term":null,"canonical_url":null,"og_title":null,"og_description":null,"og_object_type":"default","og_image_type":"default","og_image_url":null,"og_image_width":null,"og_image_height":null,"og_image_custom_url":null,"og_image_custom_fields":null,"og_video":"","og_custom_url":null,"og_article_section":null,"og_article_tags":null,"twitter_use_og":false,"twitter_card":"default","twitter_image_type":"default","twitter_image_url":null,"twitter_image_custom_url":null,"twitter_image_custom_fields":null,"twitter_title":null,"twitter_description":null,"schema":{"blockGraphs":[],"customGraphs":[],"default":{"data":{"Article":[],"Course":[],"Dataset":[],"FAQPage":[],"Movie":[],"Person":[],"Product":[],"ProductReview":[],"Car":[],"Recipe":[],"Service":[],"SoftwareApplication":[],"WebPage":[]},"graphName":"Article","isEnabled":true},"graphs":[]},"schema_type":"default","schema_type_options":null,"pillar_content":false,"robots_default":true,"robots_noindex":false,"robots_noarchive":false,"robots_nosnippet":false,"robots_nofollow":false,"robots_noimageindex":false,"robots_noodp":false,"robots_notranslate":false,"robots_max_snippet":"-1","robots_max_videopreview":"-1","robots_max_imagepreview":"large","priority":null,"frequency":"default","location":null,"local_seo":null,"seo_analyzer_scan_date":"2025-12-05 23:26:38","breadcrumb_settings":null,"limit_modified_date":false,"reviewed_by":null,"open_ai":null,"ai":{"faqs":[],"keyPoints":[],"titles":[],"descriptions":[],"socialPosts":{"email":[],"linkedin":[],"twitter":[],"facebook":[],"instagram":[]}},"created":"2025-12-05 23:03:26","updated":"2025-12-05 23:29:14"},"aioseo_breadcrumb":"<div class=\"aioseo-breadcrumbs\"><span class=\"aioseo-breadcrumb\">\n\t<a href=\"https:\/\/candas365.es\/noticias\" title=\"Home\">Home<\/a>\n<\/span><span class=\"aioseo-breadcrumb-separator\">&ndash;<\/span><span class=\"aioseo-breadcrumb\">\n\t<a href=\"https:\/\/candas365.es\/noticias\/category\/agenda\/\" title=\"Agenda\">Agenda<\/a>\n<\/span><span class=\"aioseo-breadcrumb-separator\">&ndash;<\/span><span class=\"aioseo-breadcrumb\">\n\tForo en Oviedo sobre la transici\u00f3n ecosocial justa\n<\/span><\/div>","aioseo_breadcrumb_json":[{"label":"Home","link":"https:\/\/candas365.es\/noticias"},{"label":"Agenda","link":"https:\/\/candas365.es\/noticias\/category\/agenda\/"},{"label":"Foro en Oviedo sobre la transici\u00f3n ecosocial justa","link":"https:\/\/candas365.es\/noticias\/foro-en-oviedo-sobre-la-transicion-ecosocial-justa\/"}],"_links":{"self":[{"href":"https:\/\/candas365.es\/noticias\/wp-json\/wp\/v2\/posts\/190688","targetHints":{"allow":["GET"]}}],"collection":[{"href":"https:\/\/candas365.es\/noticias\/wp-json\/wp\/v2\/posts"}],"about":[{"href":"https:\/\/candas365.es\/noticias\/wp-json\/wp\/v2\/types\/post"}],"author":[{"embeddable":true,"href":"https:\/\/candas365.es\/noticias\/wp-json\/wp\/v2\/users\/1"}],"replies":[{"embeddable":true,"href":"https:\/\/candas365.es\/noticias\/wp-json\/wp\/v2\/comments?post=190688"}],"version-history":[{"count":0,"href":"https:\/\/candas365.es\/noticias\/wp-json\/wp\/v2\/posts\/190688\/revisions"}],"wp:featuredmedia":[{"embeddable":true,"href":"https:\/\/candas365.es\/noticias\/wp-json\/wp\/v2\/media\/190689"}],"wp:attachment":[{"href":"https:\/\/candas365.es\/noticias\/wp-json\/wp\/v2\/media?parent=190688"}],"wp:term":[{"taxonomy":"category","embeddable":true,"href":"https:\/\/candas365.es\/noticias\/wp-json\/wp\/v2\/categories?post=190688"},{"taxonomy":"post_tag","embeddable":true,"href":"https:\/\/candas365.es\/noticias\/wp-json\/wp\/v2\/tags?post=190688"}],"curies":[{"name":"wp","href":"https:\/\/api.w.org\/{rel}","templated":true}]}}