{"id":190666,"date":"2025-12-03T21:48:40","date_gmt":"2025-12-03T20:48:40","guid":{"rendered":"https:\/\/candas365.es\/noticias\/?p=190666"},"modified":"2025-12-03T21:48:40","modified_gmt":"2025-12-03T20:48:40","slug":"de-los-santos-destaca-el-trabajo-de-la-educacion-especial","status":"publish","type":"post","link":"https:\/\/candas365.es\/noticias\/de-los-santos-destaca-el-trabajo-de-la-educacion-especial\/","title":{"rendered":"De los Santos destaca el trabajo de la Educaci\u00f3n Especial"},"content":{"rendered":"<p class=\"srvm-nw__tl\"><strong>Jaime de los Santos<\/strong> pidi\u00f3 m\u00e1s reconocimiento para al trabajo en<a href=\"https:\/\/candas365.es\/noticias\/category\/sociedad\/\"><span style=\"color: #ff6600;\"><strong> Educaci\u00f3n Especial<\/strong><\/span><\/a> y reclam\u00f3 m\u00e1s respeto para las personas con discapacidad y tambi\u00e9n para los profesionales que sostienen este modelo educativo.<\/p>\n<figure id=\"attachment_190667\" aria-describedby=\"caption-attachment-190667\" style=\"width: 645px\" class=\"wp-caption aligncenter\"><img fetchpriority=\"high\" decoding=\"async\" class=\"size-large wp-image-190667\" src=\"https:\/\/candas365.es\/noticias\/wp-content\/uploads\/2025\/12\/De-los-Santos-destaca-el-trabajo-de-la-Educacion-Especial-645x480.jpg\" alt=\"De los Santos destaca el trabajo de la Educaci\u00f3n Especial\" width=\"645\" height=\"480\" srcset=\"https:\/\/candas365.es\/noticias\/wp-content\/uploads\/2025\/12\/De-los-Santos-destaca-el-trabajo-de-la-Educacion-Especial-645x480.jpg 645w, https:\/\/candas365.es\/noticias\/wp-content\/uploads\/2025\/12\/De-los-Santos-destaca-el-trabajo-de-la-Educacion-Especial-360x268.jpg 360w, https:\/\/candas365.es\/noticias\/wp-content\/uploads\/2025\/12\/De-los-Santos-destaca-el-trabajo-de-la-Educacion-Especial-768x572.jpg 768w, https:\/\/candas365.es\/noticias\/wp-content\/uploads\/2025\/12\/De-los-Santos-destaca-el-trabajo-de-la-Educacion-Especial-150x112.jpg 150w, https:\/\/candas365.es\/noticias\/wp-content\/uploads\/2025\/12\/De-los-Santos-destaca-el-trabajo-de-la-Educacion-Especial-450x335.jpg 450w, https:\/\/candas365.es\/noticias\/wp-content\/uploads\/2025\/12\/De-los-Santos-destaca-el-trabajo-de-la-Educacion-Especial.jpg 927w\" sizes=\"(max-width: 645px) 100vw, 645px\" \/><figcaption id=\"caption-attachment-190667\" class=\"wp-caption-text\">Jaime de los Santos habla con un alumno | Foto de redes sociales de Jaime de los Santos<\/figcaption><\/figure>\n<p>Con motivo de la celebraci\u00f3n del D\u00eda Internacional de las Personas con Discapacidad, De los Santos public\u00f3 en sus redes sociales un v\u00eddeo en el que, en nombre del PP, muestra su agradecimiento \u00aba todos los profesionales que hacen posible que la educaci\u00f3n, como garantiza la Constituci\u00f3n Espa\u00f1ola, llegue a todos los alumnos, sean cuales sean sus capacidades\u00bb.<\/p>\n<p>En el v\u00eddeo, grabado en el Colegio de Educaci\u00f3n Especial Cambrils de Madrid, el dirigente popular interact\u00faa con los alumnos y los profesionales del centro mientras pide \u00aba quienes tildan de gueto la Educaci\u00f3n Especial\u00bb, que \u00abvisiten proyectos\u00bb como el de esta escuela o \u00abque se callen y no falten al respeto, ni a las familias ni a los profesionales ni a los chicos y chicas que cada d\u00eda se forman para contribuir con su esfuerzo a una sociedad mejor\u00bb.<\/p>\n<p>(<a href=\"https:\/\/www.servimedia.es\/\" target=\"_blank\" rel=\"noopener\"><span style=\"color: #ff6600;\"><strong>SERVIMEDIA<\/strong><\/span><\/a>)<\/p>\n","protected":false},"excerpt":{"rendered":"<p>Jaime de los Santos pidi\u00f3 m\u00e1s reconocimiento para al trabajo en Educaci\u00f3n Especial y reclam\u00f3 m\u00e1s respeto para las personas con discapacidad y tambi\u00e9n para los profesionales que sostienen este modelo educativo. Con motivo de la celebraci\u00f3n del D\u00eda Internacional de las Personas con Discapacidad, De los Santos public\u00f3 en sus redes sociales un v\u00eddeo<\/p>\n","protected":false},"author":1,"featured_media":190667,"comment_status":"closed","ping_status":"closed","sticky":false,"template":"","format":"standard","meta":{"footnotes":""},"categories":[143],"tags":[408],"class_list":{"0":"post-190666","1":"post","2":"type-post","3":"status-publish","4":"format-standard","5":"has-post-thumbnail","7":"category-sociedad","8":"tag-sociedad"},"aioseo_notices":[],"aioseo_head":"\n\t\t<!-- All in One SEO Pro 4.9.6.2 - aioseo.com -->\n\t<meta name=\"description\" content=\"Jaime de los Santos pidi\u00f3 m\u00e1s reconocimiento para al trabajo en Educaci\u00f3n Especial y reclam\u00f3 m\u00e1s respeto para las personas con discapacidad\" \/>\n\t<meta name=\"robots\" content=\"max-image-preview:large\" \/>\n\t<meta name=\"author\" content=\"Cand\u00e1s 365\"\/>\n\t<meta name=\"google-site-verification\" content=\"UA-32230408-1\" \/>\n\t<meta name=\"msvalidate.01\" content=\"354F3CDFB2DA171B47FBE9ABF1F88D5\" \/>\n\t<meta name=\"keywords\" content=\"sociedad\" \/>\n\t<link rel=\"canonical\" href=\"https:\/\/candas365.es\/noticias\/de-los-santos-destaca-el-trabajo-de-la-educacion-especial\/\" \/>\n\t<meta name=\"generator\" content=\"All in One SEO Pro (AIOSEO) 4.9.6.2\" \/>\n\t\t<meta property=\"og:locale\" content=\"es_ES\" \/>\n\t\t<meta property=\"og:site_name\" content=\"Cand\u00e1s 365\" \/>\n\t\t<meta property=\"og:type\" content=\"article\" \/>\n\t\t<meta property=\"og:title\" content=\"De los Santos destaca el trabajo de la Educaci\u00f3n Especial | Cand\u00e1s 365\" \/>\n\t\t<meta property=\"og:description\" content=\"Jaime de los Santos pidi\u00f3 m\u00e1s reconocimiento para al trabajo en Educaci\u00f3n Especial y reclam\u00f3 m\u00e1s respeto para las personas con discapacidad\" \/>\n\t\t<meta property=\"og:url\" content=\"https:\/\/candas365.es\/noticias\/de-los-santos-destaca-el-trabajo-de-la-educacion-especial\/\" \/>\n\t\t<meta property=\"og:image\" content=\"https:\/\/candas365.es\/noticias\/wp-content\/uploads\/2025\/12\/De-los-Santos-destaca-el-trabajo-de-la-Educacion-Especial.jpg\" \/>\n\t\t<meta property=\"og:image:secure_url\" content=\"https:\/\/candas365.es\/noticias\/wp-content\/uploads\/2025\/12\/De-los-Santos-destaca-el-trabajo-de-la-Educacion-Especial.jpg\" \/>\n\t\t<meta property=\"og:image:width\" content=\"927\" \/>\n\t\t<meta property=\"og:image:height\" content=\"690\" \/>\n\t\t<meta property=\"article:published_time\" content=\"2025-12-03T20:48:40+00:00\" \/>\n\t\t<meta property=\"article:modified_time\" content=\"2025-12-03T20:48:40+00:00\" \/>\n\t\t<meta property=\"article:publisher\" content=\"https:\/\/www.facebook.com\/Nachofdezber\" \/>\n\t\t<meta property=\"article:author\" content=\"https:\/\/www.facebook.com\/carrenoactualidad\" \/>\n\t\t<meta name=\"twitter:card\" content=\"summary_large_image\" \/>\n\t\t<meta name=\"twitter:site\" content=\"@NabercoDigital\" \/>\n\t\t<meta name=\"twitter:title\" content=\"De los Santos destaca el trabajo de la Educaci\u00f3n Especial | Cand\u00e1s 365\" \/>\n\t\t<meta name=\"twitter:description\" content=\"Jaime de los Santos pidi\u00f3 m\u00e1s reconocimiento para al trabajo en Educaci\u00f3n Especial y reclam\u00f3 m\u00e1s respeto para las personas con discapacidad\" \/>\n\t\t<meta name=\"twitter:creator\" content=\"@nbasturias\" \/>\n\t\t<meta name=\"twitter:image\" content=\"https:\/\/candas365.es\/noticias\/wp-content\/uploads\/2025\/12\/De-los-Santos-destaca-el-trabajo-de-la-Educacion-Especial.jpg\" \/>\n\t\t<meta name=\"twitter:label1\" content=\"Escrito por\" \/>\n\t\t<meta name=\"twitter:data1\" content=\"Cand\u00e1s 365\" \/>\n\t\t<meta name=\"twitter:label2\" content=\"Tiempo de lectura estimado\" \/>\n\t\t<meta name=\"twitter:data2\" content=\"1 minuto\" \/>\n\t\t<script type=\"application\/ld+json\" class=\"aioseo-schema\">\n\t\t\t{\"@context\":\"https:\\\/\\\/schema.org\",\"@graph\":[{\"@type\":\"BreadcrumbList\",\"@id\":\"https:\\\/\\\/candas365.es\\\/noticias\\\/de-los-santos-destaca-el-trabajo-de-la-educacion-especial\\\/#breadcrumblist\",\"itemListElement\":[{\"@type\":\"ListItem\",\"@id\":\"https:\\\/\\\/candas365.es\\\/noticias#listItem\",\"position\":1,\"name\":\"Home\",\"item\":\"https:\\\/\\\/candas365.es\\\/noticias\",\"nextItem\":{\"@type\":\"ListItem\",\"@id\":\"https:\\\/\\\/candas365.es\\\/noticias\\\/category\\\/sociedad\\\/#listItem\",\"name\":\"Sociedad\"}},{\"@type\":\"ListItem\",\"@id\":\"https:\\\/\\\/candas365.es\\\/noticias\\\/category\\\/sociedad\\\/#listItem\",\"position\":2,\"name\":\"Sociedad\",\"item\":\"https:\\\/\\\/candas365.es\\\/noticias\\\/category\\\/sociedad\\\/\",\"nextItem\":{\"@type\":\"ListItem\",\"@id\":\"https:\\\/\\\/candas365.es\\\/noticias\\\/de-los-santos-destaca-el-trabajo-de-la-educacion-especial\\\/#listItem\",\"name\":\"De los Santos destaca el trabajo de la Educaci\\u00f3n Especial\"},\"previousItem\":{\"@type\":\"ListItem\",\"@id\":\"https:\\\/\\\/candas365.es\\\/noticias#listItem\",\"name\":\"Home\"}},{\"@type\":\"ListItem\",\"@id\":\"https:\\\/\\\/candas365.es\\\/noticias\\\/de-los-santos-destaca-el-trabajo-de-la-educacion-especial\\\/#listItem\",\"position\":3,\"name\":\"De los Santos destaca el trabajo de la Educaci\\u00f3n Especial\",\"previousItem\":{\"@type\":\"ListItem\",\"@id\":\"https:\\\/\\\/candas365.es\\\/noticias\\\/category\\\/sociedad\\\/#listItem\",\"name\":\"Sociedad\"}}]},{\"@type\":\"NewsArticle\",\"@id\":\"https:\\\/\\\/candas365.es\\\/noticias\\\/de-los-santos-destaca-el-trabajo-de-la-educacion-especial\\\/#newsarticle\",\"name\":\"De los Santos destaca el trabajo de la Educaci\\u00f3n Especial | Cand\\u00e1s 365\",\"headline\":\"De los Santos destaca el trabajo de la Educaci\\u00f3n Especial\",\"author\":{\"@id\":\"https:\\\/\\\/candas365.es\\\/noticias\\\/author\\\/admin\\\/#author\"},\"publisher\":{\"@id\":\"https:\\\/\\\/candas365.es\\\/noticias\\\/#organization\"},\"image\":{\"@type\":\"ImageObject\",\"url\":\"https:\\\/\\\/candas365.es\\\/noticias\\\/wp-content\\\/uploads\\\/2025\\\/12\\\/De-los-Santos-destaca-el-trabajo-de-la-Educacion-Especial.jpg\",\"width\":927,\"height\":690,\"caption\":\"Jaime de los Santos habla con un alumno | Foto de redes sociales de Jaime de los Santos\"},\"datePublished\":\"2025-12-03T21:48:40+01:00\",\"dateModified\":\"2025-12-03T21:48:40+01:00\",\"inLanguage\":\"es-ES\",\"mainEntityOfPage\":{\"@id\":\"https:\\\/\\\/candas365.es\\\/noticias\\\/de-los-santos-destaca-el-trabajo-de-la-educacion-especial\\\/#webpage\"},\"isPartOf\":{\"@id\":\"https:\\\/\\\/candas365.es\\\/noticias\\\/de-los-santos-destaca-el-trabajo-de-la-educacion-especial\\\/#webpage\"},\"articleSection\":\"Sociedad, sociedad\",\"dateline\":\"Publicado el diciembre 3, 2025.\"},{\"@type\":\"Organization\",\"@id\":\"https:\\\/\\\/candas365.es\\\/noticias\\\/#organization\",\"name\":\"Cand\\u00e1s 365\",\"description\":\"Cand\\u00e1s 365 es un diario digital independiente, fundado en 2012, con base en Asturias. Informamos con rigor sobre actualidad, sociedad, cultura y ocio, con una mirada local y global.\",\"url\":\"https:\\\/\\\/candas365.es\\\/noticias\\\/\",\"email\":\"info@candas365.es\",\"telephone\":\"+34652131393\",\"foundingDate\":\"2012-06-10\",\"logo\":{\"@type\":\"ImageObject\",\"url\":\"https:\\\/\\\/candas365.es\\\/noticias\\\/wp-content\\\/uploads\\\/2024\\\/09\\\/Candas-365-Redes.jpg\",\"@id\":\"https:\\\/\\\/candas365.es\\\/noticias\\\/de-los-santos-destaca-el-trabajo-de-la-educacion-especial\\\/#organizationLogo\",\"width\":1152,\"height\":864,\"caption\":\"Cand\\u00e1s 365 Redes\"},\"image\":{\"@id\":\"https:\\\/\\\/candas365.es\\\/noticias\\\/de-los-santos-destaca-el-trabajo-de-la-educacion-especial\\\/#organizationLogo\"},\"sameAs\":[\"https:\\\/\\\/www.facebook.com\\\/Nachofdezber\",\"https:\\\/\\\/x.com\\\/NabercoDigital\",\"https:\\\/\\\/www.instagram.com\\\/nachofdezber\\\/\",\"https:\\\/\\\/www.youtube.com\\\/channel\\\/UCZP-2wLEB9Rv6erhFmqVnvg\"],\"address\":{\"@id\":\"https:\\\/\\\/candas365.es\\\/noticias\\\/#postaladdress\",\"@type\":\"PostalAddress\",\"streetAddress\":\"san antonio 4, san antonio 4\",\"postalCode\":\"33430\",\"addressLocality\":\"Cand\\u00e1s\",\"addressRegion\":\"Asturias\",\"addressCountry\":\"ES\"}},{\"@type\":\"Person\",\"@id\":\"https:\\\/\\\/candas365.es\\\/noticias\\\/author\\\/admin\\\/#author\",\"url\":\"https:\\\/\\\/candas365.es\\\/noticias\\\/author\\\/admin\\\/\",\"name\":\"Cand\\u00e1s 365\",\"image\":{\"@type\":\"ImageObject\",\"@id\":\"https:\\\/\\\/candas365.es\\\/noticias\\\/de-los-santos-destaca-el-trabajo-de-la-educacion-especial\\\/#authorImage\",\"url\":\"https:\\\/\\\/secure.gravatar.com\\\/avatar\\\/496a8e03d0c493ede1718b7934145dbdf8d89be1036b0eec9544e1094c9de390?s=96&d=mm&r=g\",\"width\":96,\"height\":96,\"caption\":\"Cand\\u00e1s 365\"},\"sameAs\":[\"https:\\\/\\\/www.facebook.com\\\/carrenoactualidad\",\"https:\\\/\\\/twitter.com\\\/nbasturias\",\"https:\\\/\\\/www.instagram.com\\\/nachofdezber\\\/\",\"https:\\\/\\\/www.youtube.com\\\/channel\\\/UCZP-2wLEB9Rv6erhFmqVnvg\"]},{\"@type\":\"WebPage\",\"@id\":\"https:\\\/\\\/candas365.es\\\/noticias\\\/de-los-santos-destaca-el-trabajo-de-la-educacion-especial\\\/#webpage\",\"url\":\"https:\\\/\\\/candas365.es\\\/noticias\\\/de-los-santos-destaca-el-trabajo-de-la-educacion-especial\\\/\",\"name\":\"De los Santos destaca el trabajo de la Educaci\\u00f3n Especial | Cand\\u00e1s 365\",\"description\":\"Jaime de los Santos pidi\\u00f3 m\\u00e1s reconocimiento para al trabajo en Educaci\\u00f3n Especial y reclam\\u00f3 m\\u00e1s respeto para las personas con discapacidad\",\"inLanguage\":\"es-ES\",\"isPartOf\":{\"@id\":\"https:\\\/\\\/candas365.es\\\/noticias\\\/#website\"},\"breadcrumb\":{\"@id\":\"https:\\\/\\\/candas365.es\\\/noticias\\\/de-los-santos-destaca-el-trabajo-de-la-educacion-especial\\\/#breadcrumblist\"},\"author\":{\"@id\":\"https:\\\/\\\/candas365.es\\\/noticias\\\/author\\\/admin\\\/#author\"},\"creator\":{\"@id\":\"https:\\\/\\\/candas365.es\\\/noticias\\\/author\\\/admin\\\/#author\"},\"image\":{\"@type\":\"ImageObject\",\"url\":\"https:\\\/\\\/candas365.es\\\/noticias\\\/wp-content\\\/uploads\\\/2025\\\/12\\\/De-los-Santos-destaca-el-trabajo-de-la-Educacion-Especial.jpg\",\"@id\":\"https:\\\/\\\/candas365.es\\\/noticias\\\/de-los-santos-destaca-el-trabajo-de-la-educacion-especial\\\/#mainImage\",\"width\":927,\"height\":690,\"caption\":\"Jaime de los Santos habla con un alumno | Foto de redes sociales de Jaime de los Santos\"},\"primaryImageOfPage\":{\"@id\":\"https:\\\/\\\/candas365.es\\\/noticias\\\/de-los-santos-destaca-el-trabajo-de-la-educacion-especial\\\/#mainImage\"},\"datePublished\":\"2025-12-03T21:48:40+01:00\",\"dateModified\":\"2025-12-03T21:48:40+01:00\"},{\"@type\":\"WebSite\",\"@id\":\"https:\\\/\\\/candas365.es\\\/noticias\\\/#website\",\"url\":\"https:\\\/\\\/candas365.es\\\/noticias\\\/\",\"name\":\"Cand\\u00e1s 365\",\"alternateName\":\"Cand\\u00e1s 365 Noticias\",\"description\":\"Actualidad desde Carre\\u00f1o para el mundo\",\"inLanguage\":\"es-ES\",\"publisher\":{\"@id\":\"https:\\\/\\\/candas365.es\\\/noticias\\\/#organization\"}}]}\n\t\t<\/script>\n\t\t<!-- All in One SEO Pro -->\r\n\t\t<title>De los Santos destaca el trabajo de la Educaci\u00f3n Especial | Cand\u00e1s 365<\/title>\n\n","aioseo_head_json":{"title":"De los Santos destaca el trabajo de la Educaci\u00f3n Especial | Cand\u00e1s 365","description":"Jaime de los Santos pidi\u00f3 m\u00e1s reconocimiento para al trabajo en Educaci\u00f3n Especial y reclam\u00f3 m\u00e1s respeto para las personas con discapacidad","canonical_url":"https:\/\/candas365.es\/noticias\/de-los-santos-destaca-el-trabajo-de-la-educacion-especial\/","robots":"max-image-preview:large","keywords":"sociedad","webmasterTools":{"google-site-verification":"UA-32230408-1","msvalidate.01":"354F3CDFB2DA171B47FBE9ABF1F88D5","miscellaneous":""},"schema":{"@context":"https:\/\/schema.org","@graph":[{"@type":"BreadcrumbList","@id":"https:\/\/candas365.es\/noticias\/de-los-santos-destaca-el-trabajo-de-la-educacion-especial\/#breadcrumblist","itemListElement":[{"@type":"ListItem","@id":"https:\/\/candas365.es\/noticias#listItem","position":1,"name":"Home","item":"https:\/\/candas365.es\/noticias","nextItem":{"@type":"ListItem","@id":"https:\/\/candas365.es\/noticias\/category\/sociedad\/#listItem","name":"Sociedad"}},{"@type":"ListItem","@id":"https:\/\/candas365.es\/noticias\/category\/sociedad\/#listItem","position":2,"name":"Sociedad","item":"https:\/\/candas365.es\/noticias\/category\/sociedad\/","nextItem":{"@type":"ListItem","@id":"https:\/\/candas365.es\/noticias\/de-los-santos-destaca-el-trabajo-de-la-educacion-especial\/#listItem","name":"De los Santos destaca el trabajo de la Educaci\u00f3n Especial"},"previousItem":{"@type":"ListItem","@id":"https:\/\/candas365.es\/noticias#listItem","name":"Home"}},{"@type":"ListItem","@id":"https:\/\/candas365.es\/noticias\/de-los-santos-destaca-el-trabajo-de-la-educacion-especial\/#listItem","position":3,"name":"De los Santos destaca el trabajo de la Educaci\u00f3n Especial","previousItem":{"@type":"ListItem","@id":"https:\/\/candas365.es\/noticias\/category\/sociedad\/#listItem","name":"Sociedad"}}]},{"@type":"NewsArticle","@id":"https:\/\/candas365.es\/noticias\/de-los-santos-destaca-el-trabajo-de-la-educacion-especial\/#newsarticle","name":"De los Santos destaca el trabajo de la Educaci\u00f3n Especial | Cand\u00e1s 365","headline":"De los Santos destaca el trabajo de la Educaci\u00f3n Especial","author":{"@id":"https:\/\/candas365.es\/noticias\/author\/admin\/#author"},"publisher":{"@id":"https:\/\/candas365.es\/noticias\/#organization"},"image":{"@type":"ImageObject","url":"https:\/\/candas365.es\/noticias\/wp-content\/uploads\/2025\/12\/De-los-Santos-destaca-el-trabajo-de-la-Educacion-Especial.jpg","width":927,"height":690,"caption":"Jaime de los Santos habla con un alumno | Foto de redes sociales de Jaime de los Santos"},"datePublished":"2025-12-03T21:48:40+01:00","dateModified":"2025-12-03T21:48:40+01:00","inLanguage":"es-ES","mainEntityOfPage":{"@id":"https:\/\/candas365.es\/noticias\/de-los-santos-destaca-el-trabajo-de-la-educacion-especial\/#webpage"},"isPartOf":{"@id":"https:\/\/candas365.es\/noticias\/de-los-santos-destaca-el-trabajo-de-la-educacion-especial\/#webpage"},"articleSection":"Sociedad, sociedad","dateline":"Publicado el diciembre 3, 2025."},{"@type":"Organization","@id":"https:\/\/candas365.es\/noticias\/#organization","name":"Cand\u00e1s 365","description":"Cand\u00e1s 365 es un diario digital independiente, fundado en 2012, con base en Asturias. Informamos con rigor sobre actualidad, sociedad, cultura y ocio, con una mirada local y global.","url":"https:\/\/candas365.es\/noticias\/","email":"info@candas365.es","telephone":"+34652131393","foundingDate":"2012-06-10","logo":{"@type":"ImageObject","url":"https:\/\/candas365.es\/noticias\/wp-content\/uploads\/2024\/09\/Candas-365-Redes.jpg","@id":"https:\/\/candas365.es\/noticias\/de-los-santos-destaca-el-trabajo-de-la-educacion-especial\/#organizationLogo","width":1152,"height":864,"caption":"Cand\u00e1s 365 Redes"},"image":{"@id":"https:\/\/candas365.es\/noticias\/de-los-santos-destaca-el-trabajo-de-la-educacion-especial\/#organizationLogo"},"sameAs":["https:\/\/www.facebook.com\/Nachofdezber","https:\/\/x.com\/NabercoDigital","https:\/\/www.instagram.com\/nachofdezber\/","https:\/\/www.youtube.com\/channel\/UCZP-2wLEB9Rv6erhFmqVnvg"],"address":{"@id":"https:\/\/candas365.es\/noticias\/#postaladdress","@type":"PostalAddress","streetAddress":"san antonio 4, san antonio 4","postalCode":"33430","addressLocality":"Cand\u00e1s","addressRegion":"Asturias","addressCountry":"ES"}},{"@type":"Person","@id":"https:\/\/candas365.es\/noticias\/author\/admin\/#author","url":"https:\/\/candas365.es\/noticias\/author\/admin\/","name":"Cand\u00e1s 365","image":{"@type":"ImageObject","@id":"https:\/\/candas365.es\/noticias\/de-los-santos-destaca-el-trabajo-de-la-educacion-especial\/#authorImage","url":"https:\/\/secure.gravatar.com\/avatar\/496a8e03d0c493ede1718b7934145dbdf8d89be1036b0eec9544e1094c9de390?s=96&d=mm&r=g","width":96,"height":96,"caption":"Cand\u00e1s 365"},"sameAs":["https:\/\/www.facebook.com\/carrenoactualidad","https:\/\/twitter.com\/nbasturias","https:\/\/www.instagram.com\/nachofdezber\/","https:\/\/www.youtube.com\/channel\/UCZP-2wLEB9Rv6erhFmqVnvg"]},{"@type":"WebPage","@id":"https:\/\/candas365.es\/noticias\/de-los-santos-destaca-el-trabajo-de-la-educacion-especial\/#webpage","url":"https:\/\/candas365.es\/noticias\/de-los-santos-destaca-el-trabajo-de-la-educacion-especial\/","name":"De los Santos destaca el trabajo de la Educaci\u00f3n Especial | Cand\u00e1s 365","description":"Jaime de los Santos pidi\u00f3 m\u00e1s reconocimiento para al trabajo en Educaci\u00f3n Especial y reclam\u00f3 m\u00e1s respeto para las personas con discapacidad","inLanguage":"es-ES","isPartOf":{"@id":"https:\/\/candas365.es\/noticias\/#website"},"breadcrumb":{"@id":"https:\/\/candas365.es\/noticias\/de-los-santos-destaca-el-trabajo-de-la-educacion-especial\/#breadcrumblist"},"author":{"@id":"https:\/\/candas365.es\/noticias\/author\/admin\/#author"},"creator":{"@id":"https:\/\/candas365.es\/noticias\/author\/admin\/#author"},"image":{"@type":"ImageObject","url":"https:\/\/candas365.es\/noticias\/wp-content\/uploads\/2025\/12\/De-los-Santos-destaca-el-trabajo-de-la-Educacion-Especial.jpg","@id":"https:\/\/candas365.es\/noticias\/de-los-santos-destaca-el-trabajo-de-la-educacion-especial\/#mainImage","width":927,"height":690,"caption":"Jaime de los Santos habla con un alumno | Foto de redes sociales de Jaime de los Santos"},"primaryImageOfPage":{"@id":"https:\/\/candas365.es\/noticias\/de-los-santos-destaca-el-trabajo-de-la-educacion-especial\/#mainImage"},"datePublished":"2025-12-03T21:48:40+01:00","dateModified":"2025-12-03T21:48:40+01:00"},{"@type":"WebSite","@id":"https:\/\/candas365.es\/noticias\/#website","url":"https:\/\/candas365.es\/noticias\/","name":"Cand\u00e1s 365","alternateName":"Cand\u00e1s 365 Noticias","description":"Actualidad desde Carre\u00f1o para el mundo","inLanguage":"es-ES","publisher":{"@id":"https:\/\/candas365.es\/noticias\/#organization"}}]},"og:locale":"es_ES","og:site_name":"Cand\u00e1s 365","og:type":"article","og:title":"De los Santos destaca el trabajo de la Educaci\u00f3n Especial | Cand\u00e1s 365","og:description":"Jaime de los Santos pidi\u00f3 m\u00e1s reconocimiento para al trabajo en Educaci\u00f3n Especial y reclam\u00f3 m\u00e1s respeto para las personas con discapacidad","og:url":"https:\/\/candas365.es\/noticias\/de-los-santos-destaca-el-trabajo-de-la-educacion-especial\/","og:image":"https:\/\/candas365.es\/noticias\/wp-content\/uploads\/2025\/12\/De-los-Santos-destaca-el-trabajo-de-la-Educacion-Especial.jpg","og:image:secure_url":"https:\/\/candas365.es\/noticias\/wp-content\/uploads\/2025\/12\/De-los-Santos-destaca-el-trabajo-de-la-Educacion-Especial.jpg","og:image:width":927,"og:image:height":690,"article:published_time":"2025-12-03T20:48:40+00:00","article:modified_time":"2025-12-03T20:48:40+00:00","article:publisher":"https:\/\/www.facebook.com\/Nachofdezber","article:author":"https:\/\/www.facebook.com\/carrenoactualidad","twitter:card":"summary_large_image","twitter:site":"@NabercoDigital","twitter:title":"De los Santos destaca el trabajo de la Educaci\u00f3n Especial | Cand\u00e1s 365","twitter:description":"Jaime de los Santos pidi\u00f3 m\u00e1s reconocimiento para al trabajo en Educaci\u00f3n Especial y reclam\u00f3 m\u00e1s respeto para las personas con discapacidad","twitter:creator":"@nbasturias","twitter:image":"https:\/\/candas365.es\/noticias\/wp-content\/uploads\/2025\/12\/De-los-Santos-destaca-el-trabajo-de-la-Educacion-Especial.jpg","twitter:label1":"Escrito por","twitter:data1":"Cand\u00e1s 365","twitter:label2":"Tiempo de lectura estimado","twitter:data2":"1 minuto"},"aioseo_meta_data":{"post_id":"190666","title":null,"description":"Jaime de los Santos pidi\u00f3 m\u00e1s reconocimiento para al trabajo en Educaci\u00f3n Especial y reclam\u00f3 m\u00e1s respeto para las personas con discapacidad","keywords":null,"keyphrases":{"focus":{"keyphrase":"Santos","score":100,"analysis":{"keyphraseInTitle":{"score":9,"maxScore":9,"error":0},"keyphraseInDescription":{"score":9,"maxScore":9,"error":0},"keyphraseLength":{"score":9,"maxScore":9,"error":0,"length":1},"keyphraseInURL":{"score":5,"maxScore":5,"error":0},"keyphraseInIntroduction":{"score":9,"maxScore":9,"error":0},"keyphraseInSubHeadings":[],"keyphraseInImageAlt":{"score":9,"maxScore":9,"error":0},"keywordDensity":{"type":"best","score":9,"maxScore":9,"error":0}}},"additional":[{"keyphrase":"Educaci\u00f3n Especial","score":100,"analysis":{"keyphraseInDescription":{"score":9,"maxScore":9,"error":0},"keyphraseLength":{"score":9,"maxScore":9,"error":0,"length":3},"keyphraseInIntroduction":{"score":9,"maxScore":9,"error":0},"keyphraseInImageAlt":{"score":9,"maxScore":9,"error":0},"keywordDensity":{"type":"best","score":9,"maxScore":9,"error":0}}}]},"primary_term":null,"canonical_url":null,"og_title":null,"og_description":null,"og_object_type":"default","og_image_type":"default","og_image_url":null,"og_image_width":null,"og_image_height":null,"og_image_custom_url":null,"og_image_custom_fields":null,"og_video":"","og_custom_url":null,"og_article_section":null,"og_article_tags":null,"twitter_use_og":false,"twitter_card":"default","twitter_image_type":"default","twitter_image_url":null,"twitter_image_custom_url":null,"twitter_image_custom_fields":null,"twitter_title":null,"twitter_description":null,"schema":{"blockGraphs":[],"customGraphs":[],"default":{"data":{"Article":[],"Course":[],"Dataset":[],"FAQPage":[],"Movie":[],"Person":[],"Product":[],"ProductReview":[],"Car":[],"Recipe":[],"Service":[],"SoftwareApplication":[],"WebPage":[]},"graphName":"Article","isEnabled":true},"graphs":[]},"schema_type":"default","schema_type_options":null,"pillar_content":false,"robots_default":true,"robots_noindex":false,"robots_noarchive":false,"robots_nosnippet":false,"robots_nofollow":false,"robots_noimageindex":false,"robots_noodp":false,"robots_notranslate":false,"robots_max_snippet":"-1","robots_max_videopreview":"-1","robots_max_imagepreview":"large","priority":null,"frequency":"default","location":null,"local_seo":null,"seo_analyzer_scan_date":"2025-12-03 20:58:18","breadcrumb_settings":null,"limit_modified_date":false,"reviewed_by":null,"open_ai":null,"ai":{"faqs":[],"keyPoints":[],"titles":[],"descriptions":[],"socialPosts":{"email":[],"linkedin":[],"twitter":[],"facebook":[],"instagram":[]}},"created":"2025-12-03 20:40:38","updated":"2025-12-03 20:58:18"},"aioseo_breadcrumb":"<div class=\"aioseo-breadcrumbs\"><span class=\"aioseo-breadcrumb\">\n\t<a href=\"https:\/\/candas365.es\/noticias\" title=\"Home\">Home<\/a>\n<\/span><span class=\"aioseo-breadcrumb-separator\">&ndash;<\/span><span class=\"aioseo-breadcrumb\">\n\t<a href=\"https:\/\/candas365.es\/noticias\/category\/sociedad\/\" title=\"Sociedad\">Sociedad<\/a>\n<\/span><span class=\"aioseo-breadcrumb-separator\">&ndash;<\/span><span class=\"aioseo-breadcrumb\">\n\tDe los Santos destaca el trabajo de la Educaci\u00f3n Especial\n<\/span><\/div>","aioseo_breadcrumb_json":[{"label":"Home","link":"https:\/\/candas365.es\/noticias"},{"label":"Sociedad","link":"https:\/\/candas365.es\/noticias\/category\/sociedad\/"},{"label":"De los Santos destaca el trabajo de la Educaci\u00f3n Especial","link":"https:\/\/candas365.es\/noticias\/de-los-santos-destaca-el-trabajo-de-la-educacion-especial\/"}],"_links":{"self":[{"href":"https:\/\/candas365.es\/noticias\/wp-json\/wp\/v2\/posts\/190666","targetHints":{"allow":["GET"]}}],"collection":[{"href":"https:\/\/candas365.es\/noticias\/wp-json\/wp\/v2\/posts"}],"about":[{"href":"https:\/\/candas365.es\/noticias\/wp-json\/wp\/v2\/types\/post"}],"author":[{"embeddable":true,"href":"https:\/\/candas365.es\/noticias\/wp-json\/wp\/v2\/users\/1"}],"replies":[{"embeddable":true,"href":"https:\/\/candas365.es\/noticias\/wp-json\/wp\/v2\/comments?post=190666"}],"version-history":[{"count":0,"href":"https:\/\/candas365.es\/noticias\/wp-json\/wp\/v2\/posts\/190666\/revisions"}],"wp:featuredmedia":[{"embeddable":true,"href":"https:\/\/candas365.es\/noticias\/wp-json\/wp\/v2\/media\/190667"}],"wp:attachment":[{"href":"https:\/\/candas365.es\/noticias\/wp-json\/wp\/v2\/media?parent=190666"}],"wp:term":[{"taxonomy":"category","embeddable":true,"href":"https:\/\/candas365.es\/noticias\/wp-json\/wp\/v2\/categories?post=190666"},{"taxonomy":"post_tag","embeddable":true,"href":"https:\/\/candas365.es\/noticias\/wp-json\/wp\/v2\/tags?post=190666"}],"curies":[{"name":"wp","href":"https:\/\/api.w.org\/{rel}","templated":true}]}}