{"id":190660,"date":"2025-12-03T21:22:24","date_gmt":"2025-12-03T20:22:24","guid":{"rendered":"https:\/\/candas365.es\/noticias\/?p=190660"},"modified":"2025-12-03T21:22:24","modified_gmt":"2025-12-03T20:22:24","slug":"galicia-seguira-trabajando-en-la-inclusion-social","status":"publish","type":"post","link":"https:\/\/candas365.es\/noticias\/galicia-seguira-trabajando-en-la-inclusion-social\/","title":{"rendered":"Galicia seguir\u00e1 trabajando en la inclusi\u00f3n social"},"content":{"rendered":"<p>La consejera de Pol\u00edtica Social e Igualdad de la <a href=\"https:\/\/www.xunta.gal\/portada\" target=\"_blank\" rel=\"noopener\"><span style=\"color: #ff6600;\"><strong>Xunta de Galicia<\/strong><\/span><\/a>, Fabiola Garc\u00eda, particip\u00f3 en un acto institucional en conmemoraci\u00f3n del <strong>D\u00eda Internacional de las Personas con Discapacidad<\/strong>, organizado por Cermi Galicia en Santiago de Compostela, donde avanz\u00f3 que el Gobierno gallego lanzar\u00e1 en 2026 un plan estrat\u00e9gico con horizonte 2030 para situar a <span style=\"color: #ff6600;\"><a style=\"color: #ff6600;\" href=\"https:\/\/candas365.es\/noticias\/category\/actualidad\/\"><strong>Galicia<\/strong><\/a><\/span> como referente en la plena integraci\u00f3n de las personas con discapacidad en todos los \u00e1mbitos de sus vidas.<\/p>\n<figure id=\"attachment_190661\" aria-describedby=\"caption-attachment-190661\" style=\"width: 650px\" class=\"wp-caption aligncenter\"><img fetchpriority=\"high\" decoding=\"async\" class=\"size-large wp-image-190661\" src=\"https:\/\/candas365.es\/noticias\/wp-content\/uploads\/2025\/12\/Galicia-seguira-trabajando-en-la-inclusion-social-650x433.jpg\" alt=\"Galicia seguir\u00e1 trabajando en la inclusi\u00f3n social\" width=\"650\" height=\"433\" srcset=\"https:\/\/candas365.es\/noticias\/wp-content\/uploads\/2025\/12\/Galicia-seguira-trabajando-en-la-inclusion-social-650x433.jpg 650w, https:\/\/candas365.es\/noticias\/wp-content\/uploads\/2025\/12\/Galicia-seguira-trabajando-en-la-inclusion-social-360x240.jpg 360w, https:\/\/candas365.es\/noticias\/wp-content\/uploads\/2025\/12\/Galicia-seguira-trabajando-en-la-inclusion-social-768x512.jpg 768w, https:\/\/candas365.es\/noticias\/wp-content\/uploads\/2025\/12\/Galicia-seguira-trabajando-en-la-inclusion-social-150x100.jpg 150w, https:\/\/candas365.es\/noticias\/wp-content\/uploads\/2025\/12\/Galicia-seguira-trabajando-en-la-inclusion-social-450x300.jpg 450w, https:\/\/candas365.es\/noticias\/wp-content\/uploads\/2025\/12\/Galicia-seguira-trabajando-en-la-inclusion-social.jpg 1031w\" sizes=\"(max-width: 650px) 100vw, 650px\" \/><figcaption id=\"caption-attachment-190661\" class=\"wp-caption-text\">Fabiola Garc\u00eda durante el acto | Foto de la Xunta de Galicia<\/figcaption><\/figure>\n<p>En su intervenci\u00f3n, la consejera explic\u00f3 que este plan estrat\u00e9gico ser\u00e1 totalmente consensuado con las entidades sociales de la discapacidad en Galicia y tendr\u00e1 car\u00e1cter transversal, para incluir todos los \u00e1mbitos de la vida de las personas con discapacidad: los servicios sociales, la atenci\u00f3n sociosanitaria, la empleabilidad, la educaci\u00f3n y formaci\u00f3n y tambi\u00e9n el ocio y el deporte.<\/p>\n<p>Entre los objetivos para 2030, asegur\u00f3 que se continuar\u00e1 realizando una apuesta decidida por la atenci\u00f3n temprana, que hoy da servicio a 200 ayuntamientos, y por la creaci\u00f3n de una red de atenci\u00f3n postemprana, para los ni\u00f1os y ni\u00f1as que una vez cumplidos los seis a\u00f1os siguen precisando este servicio. Adem\u00e1s, el Gobierno gallego continuar\u00e1 impulsando el fomento de la autonom\u00eda, de la formaci\u00f3n y de la empleabilidad de las personas con discapacidad, siempre en colaboraci\u00f3n con las entidades sociales.<\/p>\n<p>En esta l\u00ednea de cooperaci\u00f3n, la consejera avanz\u00f3 que la Xunta seguir\u00e1 apostando por crear m\u00e1s plazas de residencia y centro de d\u00eda, que hoy llegan a las 5.900, y por continuar dando estabilidad a las plazas p\u00fablicas que ya existen. En este sentido, record\u00f3 la reciente aprobaci\u00f3n de la revisi\u00f3n de precios por parte del Gobierno gallego, con m\u00e1s de siete millones anuales para hacer frente al nuevo convenio colectivo de la discapacidad.<\/p>\n<p>La consejera tambi\u00e9n apost\u00f3 por continuar creando m\u00e1s centros para la discapacidad en colaboraci\u00f3n con las entidades sociales, un objetivo al que en los tres \u00faltimos a\u00f1os se destinaron m\u00e1s de 30 millones de euros, y por desarrollar nuevos modelos de atenci\u00f3n, con centros basados en fomentar la vida independiente y la integraci\u00f3n en la comunidad, como lo que se pondr\u00e1 en marcha en Friol.<\/p>\n<p>Junto a la elaboraci\u00f3n de este plan estrat\u00e9gico, la consejera destac\u00f3 que otro de los principales retos para 2026 ser\u00e1 el impulso de la Ley del tercer sector social, un compromiso que ya adelant\u00f3 el presidente de la Xunta, Alfonso Rueda.<\/p>\n<p>Garc\u00eda agradeci\u00f3 a las entidades su trabajo \u00ablas 24 horas y los 365 d\u00edas del a\u00f1o por el bienestar de las personas con discapacidad\u00bb. En este sentido, destac\u00f3 que todos los avances conseguidos en los \u00faltimos a\u00f1os \u00abno ser\u00edan posibles si no cont\u00e1ramos con las entidades sociales como grandes aliadas\u00bb. Por \u00faltimo, puso en valor el papel que juegan las familias, a las que defini\u00f3 como \u00ablas primeras defensoras de los derechos de las personas con discapacidad\u00bb.<\/p>\n<p>(<a href=\"https:\/\/www.servimedia.es\/\" target=\"_blank\" rel=\"noopener\"><span style=\"color: #ff6600;\"><strong>SERVIMEDIA<\/strong><\/span><\/a>)<\/p>\n","protected":false},"excerpt":{"rendered":"<p>La consejera de Pol\u00edtica Social e Igualdad de la Xunta de Galicia, Fabiola Garc\u00eda, particip\u00f3 en un acto institucional en conmemoraci\u00f3n del D\u00eda Internacional de las Personas con Discapacidad, organizado por Cermi Galicia en Santiago de Compostela, donde avanz\u00f3 que el Gobierno gallego lanzar\u00e1 en 2026 un plan estrat\u00e9gico con horizonte 2030 para situar a<\/p>\n","protected":false},"author":1,"featured_media":190661,"comment_status":"closed","ping_status":"closed","sticky":false,"template":"","format":"standard","meta":{"footnotes":""},"categories":[143],"tags":[408],"class_list":{"0":"post-190660","1":"post","2":"type-post","3":"status-publish","4":"format-standard","5":"has-post-thumbnail","7":"category-sociedad","8":"tag-sociedad"},"aioseo_notices":[],"aioseo_head":"\n\t\t<!-- All in One SEO Pro 4.9.6.2 - aioseo.com -->\n\t<meta name=\"description\" content=\"La consejera de Pol\u00edtica Social e Igualdad de la Xunta de Galicia, Fabiola Garc\u00eda, particip\u00f3 en un acto institucional en conmemoraci\u00f3n del D\u00eda Internacional\" \/>\n\t<meta name=\"robots\" content=\"max-image-preview:large\" \/>\n\t<meta name=\"author\" content=\"Cand\u00e1s 365\"\/>\n\t<meta name=\"google-site-verification\" content=\"UA-32230408-1\" \/>\n\t<meta name=\"msvalidate.01\" content=\"354F3CDFB2DA171B47FBE9ABF1F88D5\" \/>\n\t<meta name=\"keywords\" content=\"sociedad\" \/>\n\t<link rel=\"canonical\" href=\"https:\/\/candas365.es\/noticias\/galicia-seguira-trabajando-en-la-inclusion-social\/\" \/>\n\t<meta name=\"generator\" content=\"All in One SEO Pro (AIOSEO) 4.9.6.2\" \/>\n\t\t<meta property=\"og:locale\" content=\"es_ES\" \/>\n\t\t<meta property=\"og:site_name\" content=\"Cand\u00e1s 365\" \/>\n\t\t<meta property=\"og:type\" content=\"article\" \/>\n\t\t<meta property=\"og:title\" content=\"Galicia seguir\u00e1 trabajando en la inclusi\u00f3n social | Cand\u00e1s 365\" \/>\n\t\t<meta property=\"og:description\" content=\"La consejera de Pol\u00edtica Social e Igualdad de la Xunta de Galicia, Fabiola Garc\u00eda, particip\u00f3 en un acto institucional en conmemoraci\u00f3n del D\u00eda Internacional\" \/>\n\t\t<meta property=\"og:url\" content=\"https:\/\/candas365.es\/noticias\/galicia-seguira-trabajando-en-la-inclusion-social\/\" \/>\n\t\t<meta property=\"og:image\" content=\"https:\/\/candas365.es\/noticias\/wp-content\/uploads\/2025\/12\/Galicia-seguira-trabajando-en-la-inclusion-social.jpg\" \/>\n\t\t<meta property=\"og:image:secure_url\" content=\"https:\/\/candas365.es\/noticias\/wp-content\/uploads\/2025\/12\/Galicia-seguira-trabajando-en-la-inclusion-social.jpg\" \/>\n\t\t<meta property=\"og:image:width\" content=\"1031\" \/>\n\t\t<meta property=\"og:image:height\" content=\"687\" \/>\n\t\t<meta property=\"article:published_time\" content=\"2025-12-03T20:22:24+00:00\" \/>\n\t\t<meta property=\"article:modified_time\" content=\"2025-12-03T20:22:24+00:00\" \/>\n\t\t<meta property=\"article:publisher\" content=\"https:\/\/www.facebook.com\/Nachofdezber\" \/>\n\t\t<meta property=\"article:author\" content=\"https:\/\/www.facebook.com\/carrenoactualidad\" \/>\n\t\t<meta name=\"twitter:card\" content=\"summary_large_image\" \/>\n\t\t<meta name=\"twitter:site\" content=\"@NabercoDigital\" \/>\n\t\t<meta name=\"twitter:title\" content=\"Galicia seguir\u00e1 trabajando en la inclusi\u00f3n social | Cand\u00e1s 365\" \/>\n\t\t<meta name=\"twitter:description\" content=\"La consejera de Pol\u00edtica Social e Igualdad de la Xunta de Galicia, Fabiola Garc\u00eda, particip\u00f3 en un acto institucional en conmemoraci\u00f3n del D\u00eda Internacional\" \/>\n\t\t<meta name=\"twitter:creator\" content=\"@nbasturias\" \/>\n\t\t<meta name=\"twitter:image\" content=\"https:\/\/candas365.es\/noticias\/wp-content\/uploads\/2025\/12\/Galicia-seguira-trabajando-en-la-inclusion-social.jpg\" \/>\n\t\t<meta name=\"twitter:label1\" content=\"Escrito por\" \/>\n\t\t<meta name=\"twitter:data1\" content=\"Cand\u00e1s 365\" \/>\n\t\t<meta name=\"twitter:label2\" content=\"Tiempo de lectura estimado\" \/>\n\t\t<meta name=\"twitter:data2\" content=\"3 minutos\" \/>\n\t\t<script type=\"application\/ld+json\" class=\"aioseo-schema\">\n\t\t\t{\"@context\":\"https:\\\/\\\/schema.org\",\"@graph\":[{\"@type\":\"BreadcrumbList\",\"@id\":\"https:\\\/\\\/candas365.es\\\/noticias\\\/galicia-seguira-trabajando-en-la-inclusion-social\\\/#breadcrumblist\",\"itemListElement\":[{\"@type\":\"ListItem\",\"@id\":\"https:\\\/\\\/candas365.es\\\/noticias#listItem\",\"position\":1,\"name\":\"Home\",\"item\":\"https:\\\/\\\/candas365.es\\\/noticias\",\"nextItem\":{\"@type\":\"ListItem\",\"@id\":\"https:\\\/\\\/candas365.es\\\/noticias\\\/category\\\/sociedad\\\/#listItem\",\"name\":\"Sociedad\"}},{\"@type\":\"ListItem\",\"@id\":\"https:\\\/\\\/candas365.es\\\/noticias\\\/category\\\/sociedad\\\/#listItem\",\"position\":2,\"name\":\"Sociedad\",\"item\":\"https:\\\/\\\/candas365.es\\\/noticias\\\/category\\\/sociedad\\\/\",\"nextItem\":{\"@type\":\"ListItem\",\"@id\":\"https:\\\/\\\/candas365.es\\\/noticias\\\/galicia-seguira-trabajando-en-la-inclusion-social\\\/#listItem\",\"name\":\"Galicia seguir\\u00e1 trabajando en la inclusi\\u00f3n social\"},\"previousItem\":{\"@type\":\"ListItem\",\"@id\":\"https:\\\/\\\/candas365.es\\\/noticias#listItem\",\"name\":\"Home\"}},{\"@type\":\"ListItem\",\"@id\":\"https:\\\/\\\/candas365.es\\\/noticias\\\/galicia-seguira-trabajando-en-la-inclusion-social\\\/#listItem\",\"position\":3,\"name\":\"Galicia seguir\\u00e1 trabajando en la inclusi\\u00f3n social\",\"previousItem\":{\"@type\":\"ListItem\",\"@id\":\"https:\\\/\\\/candas365.es\\\/noticias\\\/category\\\/sociedad\\\/#listItem\",\"name\":\"Sociedad\"}}]},{\"@type\":\"NewsArticle\",\"@id\":\"https:\\\/\\\/candas365.es\\\/noticias\\\/galicia-seguira-trabajando-en-la-inclusion-social\\\/#newsarticle\",\"name\":\"Galicia seguir\\u00e1 trabajando en la inclusi\\u00f3n social | Cand\\u00e1s 365\",\"headline\":\"Galicia seguir\\u00e1 trabajando en la inclusi\\u00f3n social\",\"author\":{\"@id\":\"https:\\\/\\\/candas365.es\\\/noticias\\\/author\\\/admin\\\/#author\"},\"publisher\":{\"@id\":\"https:\\\/\\\/candas365.es\\\/noticias\\\/#organization\"},\"image\":{\"@type\":\"ImageObject\",\"url\":\"https:\\\/\\\/candas365.es\\\/noticias\\\/wp-content\\\/uploads\\\/2025\\\/12\\\/Galicia-seguira-trabajando-en-la-inclusion-social.jpg\",\"width\":1031,\"height\":687,\"caption\":\"Fabiola Garc\\u00eda durante el acto | Foto de la Xunta de Galicia\"},\"datePublished\":\"2025-12-03T21:22:24+01:00\",\"dateModified\":\"2025-12-03T21:22:24+01:00\",\"inLanguage\":\"es-ES\",\"mainEntityOfPage\":{\"@id\":\"https:\\\/\\\/candas365.es\\\/noticias\\\/galicia-seguira-trabajando-en-la-inclusion-social\\\/#webpage\"},\"isPartOf\":{\"@id\":\"https:\\\/\\\/candas365.es\\\/noticias\\\/galicia-seguira-trabajando-en-la-inclusion-social\\\/#webpage\"},\"articleSection\":\"Sociedad, sociedad\",\"dateline\":\"Publicado el diciembre 3, 2025.\"},{\"@type\":\"Organization\",\"@id\":\"https:\\\/\\\/candas365.es\\\/noticias\\\/#organization\",\"name\":\"Cand\\u00e1s 365\",\"description\":\"Cand\\u00e1s 365 es un diario digital independiente, fundado en 2012, con base en Asturias. Informamos con rigor sobre actualidad, sociedad, cultura y ocio, con una mirada local y global.\",\"url\":\"https:\\\/\\\/candas365.es\\\/noticias\\\/\",\"email\":\"info@candas365.es\",\"telephone\":\"+34652131393\",\"foundingDate\":\"2012-06-10\",\"logo\":{\"@type\":\"ImageObject\",\"url\":\"https:\\\/\\\/candas365.es\\\/noticias\\\/wp-content\\\/uploads\\\/2024\\\/09\\\/Candas-365-Redes.jpg\",\"@id\":\"https:\\\/\\\/candas365.es\\\/noticias\\\/galicia-seguira-trabajando-en-la-inclusion-social\\\/#organizationLogo\",\"width\":1152,\"height\":864,\"caption\":\"Cand\\u00e1s 365 Redes\"},\"image\":{\"@id\":\"https:\\\/\\\/candas365.es\\\/noticias\\\/galicia-seguira-trabajando-en-la-inclusion-social\\\/#organizationLogo\"},\"sameAs\":[\"https:\\\/\\\/www.facebook.com\\\/Nachofdezber\",\"https:\\\/\\\/x.com\\\/NabercoDigital\",\"https:\\\/\\\/www.instagram.com\\\/nachofdezber\\\/\",\"https:\\\/\\\/www.youtube.com\\\/channel\\\/UCZP-2wLEB9Rv6erhFmqVnvg\"],\"address\":{\"@id\":\"https:\\\/\\\/candas365.es\\\/noticias\\\/#postaladdress\",\"@type\":\"PostalAddress\",\"streetAddress\":\"san antonio 4, san antonio 4\",\"postalCode\":\"33430\",\"addressLocality\":\"Cand\\u00e1s\",\"addressRegion\":\"Asturias\",\"addressCountry\":\"ES\"}},{\"@type\":\"Person\",\"@id\":\"https:\\\/\\\/candas365.es\\\/noticias\\\/author\\\/admin\\\/#author\",\"url\":\"https:\\\/\\\/candas365.es\\\/noticias\\\/author\\\/admin\\\/\",\"name\":\"Cand\\u00e1s 365\",\"image\":{\"@type\":\"ImageObject\",\"@id\":\"https:\\\/\\\/candas365.es\\\/noticias\\\/galicia-seguira-trabajando-en-la-inclusion-social\\\/#authorImage\",\"url\":\"https:\\\/\\\/secure.gravatar.com\\\/avatar\\\/496a8e03d0c493ede1718b7934145dbdf8d89be1036b0eec9544e1094c9de390?s=96&d=mm&r=g\",\"width\":96,\"height\":96,\"caption\":\"Cand\\u00e1s 365\"},\"sameAs\":[\"https:\\\/\\\/www.facebook.com\\\/carrenoactualidad\",\"https:\\\/\\\/twitter.com\\\/nbasturias\",\"https:\\\/\\\/www.instagram.com\\\/nachofdezber\\\/\",\"https:\\\/\\\/www.youtube.com\\\/channel\\\/UCZP-2wLEB9Rv6erhFmqVnvg\"]},{\"@type\":\"WebPage\",\"@id\":\"https:\\\/\\\/candas365.es\\\/noticias\\\/galicia-seguira-trabajando-en-la-inclusion-social\\\/#webpage\",\"url\":\"https:\\\/\\\/candas365.es\\\/noticias\\\/galicia-seguira-trabajando-en-la-inclusion-social\\\/\",\"name\":\"Galicia seguir\\u00e1 trabajando en la inclusi\\u00f3n social | Cand\\u00e1s 365\",\"description\":\"La consejera de Pol\\u00edtica Social e Igualdad de la Xunta de Galicia, Fabiola Garc\\u00eda, particip\\u00f3 en un acto institucional en conmemoraci\\u00f3n del D\\u00eda Internacional\",\"inLanguage\":\"es-ES\",\"isPartOf\":{\"@id\":\"https:\\\/\\\/candas365.es\\\/noticias\\\/#website\"},\"breadcrumb\":{\"@id\":\"https:\\\/\\\/candas365.es\\\/noticias\\\/galicia-seguira-trabajando-en-la-inclusion-social\\\/#breadcrumblist\"},\"author\":{\"@id\":\"https:\\\/\\\/candas365.es\\\/noticias\\\/author\\\/admin\\\/#author\"},\"creator\":{\"@id\":\"https:\\\/\\\/candas365.es\\\/noticias\\\/author\\\/admin\\\/#author\"},\"image\":{\"@type\":\"ImageObject\",\"url\":\"https:\\\/\\\/candas365.es\\\/noticias\\\/wp-content\\\/uploads\\\/2025\\\/12\\\/Galicia-seguira-trabajando-en-la-inclusion-social.jpg\",\"@id\":\"https:\\\/\\\/candas365.es\\\/noticias\\\/galicia-seguira-trabajando-en-la-inclusion-social\\\/#mainImage\",\"width\":1031,\"height\":687,\"caption\":\"Fabiola Garc\\u00eda durante el acto | Foto de la Xunta de Galicia\"},\"primaryImageOfPage\":{\"@id\":\"https:\\\/\\\/candas365.es\\\/noticias\\\/galicia-seguira-trabajando-en-la-inclusion-social\\\/#mainImage\"},\"datePublished\":\"2025-12-03T21:22:24+01:00\",\"dateModified\":\"2025-12-03T21:22:24+01:00\"},{\"@type\":\"WebSite\",\"@id\":\"https:\\\/\\\/candas365.es\\\/noticias\\\/#website\",\"url\":\"https:\\\/\\\/candas365.es\\\/noticias\\\/\",\"name\":\"Cand\\u00e1s 365\",\"alternateName\":\"Cand\\u00e1s 365 Noticias\",\"description\":\"Actualidad desde Carre\\u00f1o para el mundo\",\"inLanguage\":\"es-ES\",\"publisher\":{\"@id\":\"https:\\\/\\\/candas365.es\\\/noticias\\\/#organization\"}}]}\n\t\t<\/script>\n\t\t<!-- All in One SEO Pro -->\r\n\t\t<title>Galicia seguir\u00e1 trabajando en la inclusi\u00f3n social | Cand\u00e1s 365<\/title>\n\n","aioseo_head_json":{"title":"Galicia seguir\u00e1 trabajando en la inclusi\u00f3n social | Cand\u00e1s 365","description":"La consejera de Pol\u00edtica Social e Igualdad de la Xunta de Galicia, Fabiola Garc\u00eda, particip\u00f3 en un acto institucional en conmemoraci\u00f3n del D\u00eda Internacional","canonical_url":"https:\/\/candas365.es\/noticias\/galicia-seguira-trabajando-en-la-inclusion-social\/","robots":"max-image-preview:large","keywords":"sociedad","webmasterTools":{"google-site-verification":"UA-32230408-1","msvalidate.01":"354F3CDFB2DA171B47FBE9ABF1F88D5","miscellaneous":""},"schema":{"@context":"https:\/\/schema.org","@graph":[{"@type":"BreadcrumbList","@id":"https:\/\/candas365.es\/noticias\/galicia-seguira-trabajando-en-la-inclusion-social\/#breadcrumblist","itemListElement":[{"@type":"ListItem","@id":"https:\/\/candas365.es\/noticias#listItem","position":1,"name":"Home","item":"https:\/\/candas365.es\/noticias","nextItem":{"@type":"ListItem","@id":"https:\/\/candas365.es\/noticias\/category\/sociedad\/#listItem","name":"Sociedad"}},{"@type":"ListItem","@id":"https:\/\/candas365.es\/noticias\/category\/sociedad\/#listItem","position":2,"name":"Sociedad","item":"https:\/\/candas365.es\/noticias\/category\/sociedad\/","nextItem":{"@type":"ListItem","@id":"https:\/\/candas365.es\/noticias\/galicia-seguira-trabajando-en-la-inclusion-social\/#listItem","name":"Galicia seguir\u00e1 trabajando en la inclusi\u00f3n social"},"previousItem":{"@type":"ListItem","@id":"https:\/\/candas365.es\/noticias#listItem","name":"Home"}},{"@type":"ListItem","@id":"https:\/\/candas365.es\/noticias\/galicia-seguira-trabajando-en-la-inclusion-social\/#listItem","position":3,"name":"Galicia seguir\u00e1 trabajando en la inclusi\u00f3n social","previousItem":{"@type":"ListItem","@id":"https:\/\/candas365.es\/noticias\/category\/sociedad\/#listItem","name":"Sociedad"}}]},{"@type":"NewsArticle","@id":"https:\/\/candas365.es\/noticias\/galicia-seguira-trabajando-en-la-inclusion-social\/#newsarticle","name":"Galicia seguir\u00e1 trabajando en la inclusi\u00f3n social | Cand\u00e1s 365","headline":"Galicia seguir\u00e1 trabajando en la inclusi\u00f3n social","author":{"@id":"https:\/\/candas365.es\/noticias\/author\/admin\/#author"},"publisher":{"@id":"https:\/\/candas365.es\/noticias\/#organization"},"image":{"@type":"ImageObject","url":"https:\/\/candas365.es\/noticias\/wp-content\/uploads\/2025\/12\/Galicia-seguira-trabajando-en-la-inclusion-social.jpg","width":1031,"height":687,"caption":"Fabiola Garc\u00eda durante el acto | Foto de la Xunta de Galicia"},"datePublished":"2025-12-03T21:22:24+01:00","dateModified":"2025-12-03T21:22:24+01:00","inLanguage":"es-ES","mainEntityOfPage":{"@id":"https:\/\/candas365.es\/noticias\/galicia-seguira-trabajando-en-la-inclusion-social\/#webpage"},"isPartOf":{"@id":"https:\/\/candas365.es\/noticias\/galicia-seguira-trabajando-en-la-inclusion-social\/#webpage"},"articleSection":"Sociedad, sociedad","dateline":"Publicado el diciembre 3, 2025."},{"@type":"Organization","@id":"https:\/\/candas365.es\/noticias\/#organization","name":"Cand\u00e1s 365","description":"Cand\u00e1s 365 es un diario digital independiente, fundado en 2012, con base en Asturias. Informamos con rigor sobre actualidad, sociedad, cultura y ocio, con una mirada local y global.","url":"https:\/\/candas365.es\/noticias\/","email":"info@candas365.es","telephone":"+34652131393","foundingDate":"2012-06-10","logo":{"@type":"ImageObject","url":"https:\/\/candas365.es\/noticias\/wp-content\/uploads\/2024\/09\/Candas-365-Redes.jpg","@id":"https:\/\/candas365.es\/noticias\/galicia-seguira-trabajando-en-la-inclusion-social\/#organizationLogo","width":1152,"height":864,"caption":"Cand\u00e1s 365 Redes"},"image":{"@id":"https:\/\/candas365.es\/noticias\/galicia-seguira-trabajando-en-la-inclusion-social\/#organizationLogo"},"sameAs":["https:\/\/www.facebook.com\/Nachofdezber","https:\/\/x.com\/NabercoDigital","https:\/\/www.instagram.com\/nachofdezber\/","https:\/\/www.youtube.com\/channel\/UCZP-2wLEB9Rv6erhFmqVnvg"],"address":{"@id":"https:\/\/candas365.es\/noticias\/#postaladdress","@type":"PostalAddress","streetAddress":"san antonio 4, san antonio 4","postalCode":"33430","addressLocality":"Cand\u00e1s","addressRegion":"Asturias","addressCountry":"ES"}},{"@type":"Person","@id":"https:\/\/candas365.es\/noticias\/author\/admin\/#author","url":"https:\/\/candas365.es\/noticias\/author\/admin\/","name":"Cand\u00e1s 365","image":{"@type":"ImageObject","@id":"https:\/\/candas365.es\/noticias\/galicia-seguira-trabajando-en-la-inclusion-social\/#authorImage","url":"https:\/\/secure.gravatar.com\/avatar\/496a8e03d0c493ede1718b7934145dbdf8d89be1036b0eec9544e1094c9de390?s=96&d=mm&r=g","width":96,"height":96,"caption":"Cand\u00e1s 365"},"sameAs":["https:\/\/www.facebook.com\/carrenoactualidad","https:\/\/twitter.com\/nbasturias","https:\/\/www.instagram.com\/nachofdezber\/","https:\/\/www.youtube.com\/channel\/UCZP-2wLEB9Rv6erhFmqVnvg"]},{"@type":"WebPage","@id":"https:\/\/candas365.es\/noticias\/galicia-seguira-trabajando-en-la-inclusion-social\/#webpage","url":"https:\/\/candas365.es\/noticias\/galicia-seguira-trabajando-en-la-inclusion-social\/","name":"Galicia seguir\u00e1 trabajando en la inclusi\u00f3n social | Cand\u00e1s 365","description":"La consejera de Pol\u00edtica Social e Igualdad de la Xunta de Galicia, Fabiola Garc\u00eda, particip\u00f3 en un acto institucional en conmemoraci\u00f3n del D\u00eda Internacional","inLanguage":"es-ES","isPartOf":{"@id":"https:\/\/candas365.es\/noticias\/#website"},"breadcrumb":{"@id":"https:\/\/candas365.es\/noticias\/galicia-seguira-trabajando-en-la-inclusion-social\/#breadcrumblist"},"author":{"@id":"https:\/\/candas365.es\/noticias\/author\/admin\/#author"},"creator":{"@id":"https:\/\/candas365.es\/noticias\/author\/admin\/#author"},"image":{"@type":"ImageObject","url":"https:\/\/candas365.es\/noticias\/wp-content\/uploads\/2025\/12\/Galicia-seguira-trabajando-en-la-inclusion-social.jpg","@id":"https:\/\/candas365.es\/noticias\/galicia-seguira-trabajando-en-la-inclusion-social\/#mainImage","width":1031,"height":687,"caption":"Fabiola Garc\u00eda durante el acto | Foto de la Xunta de Galicia"},"primaryImageOfPage":{"@id":"https:\/\/candas365.es\/noticias\/galicia-seguira-trabajando-en-la-inclusion-social\/#mainImage"},"datePublished":"2025-12-03T21:22:24+01:00","dateModified":"2025-12-03T21:22:24+01:00"},{"@type":"WebSite","@id":"https:\/\/candas365.es\/noticias\/#website","url":"https:\/\/candas365.es\/noticias\/","name":"Cand\u00e1s 365","alternateName":"Cand\u00e1s 365 Noticias","description":"Actualidad desde Carre\u00f1o para el mundo","inLanguage":"es-ES","publisher":{"@id":"https:\/\/candas365.es\/noticias\/#organization"}}]},"og:locale":"es_ES","og:site_name":"Cand\u00e1s 365","og:type":"article","og:title":"Galicia seguir\u00e1 trabajando en la inclusi\u00f3n social | Cand\u00e1s 365","og:description":"La consejera de Pol\u00edtica Social e Igualdad de la Xunta de Galicia, Fabiola Garc\u00eda, particip\u00f3 en un acto institucional en conmemoraci\u00f3n del D\u00eda Internacional","og:url":"https:\/\/candas365.es\/noticias\/galicia-seguira-trabajando-en-la-inclusion-social\/","og:image":"https:\/\/candas365.es\/noticias\/wp-content\/uploads\/2025\/12\/Galicia-seguira-trabajando-en-la-inclusion-social.jpg","og:image:secure_url":"https:\/\/candas365.es\/noticias\/wp-content\/uploads\/2025\/12\/Galicia-seguira-trabajando-en-la-inclusion-social.jpg","og:image:width":1031,"og:image:height":687,"article:published_time":"2025-12-03T20:22:24+00:00","article:modified_time":"2025-12-03T20:22:24+00:00","article:publisher":"https:\/\/www.facebook.com\/Nachofdezber","article:author":"https:\/\/www.facebook.com\/carrenoactualidad","twitter:card":"summary_large_image","twitter:site":"@NabercoDigital","twitter:title":"Galicia seguir\u00e1 trabajando en la inclusi\u00f3n social | Cand\u00e1s 365","twitter:description":"La consejera de Pol\u00edtica Social e Igualdad de la Xunta de Galicia, Fabiola Garc\u00eda, particip\u00f3 en un acto institucional en conmemoraci\u00f3n del D\u00eda Internacional","twitter:creator":"@nbasturias","twitter:image":"https:\/\/candas365.es\/noticias\/wp-content\/uploads\/2025\/12\/Galicia-seguira-trabajando-en-la-inclusion-social.jpg","twitter:label1":"Escrito por","twitter:data1":"Cand\u00e1s 365","twitter:label2":"Tiempo de lectura estimado","twitter:data2":"3 minutos"},"aioseo_meta_data":{"post_id":"190660","title":null,"description":"La consejera de Pol\u00edtica Social e Igualdad de la Xunta de Galicia, Fabiola Garc\u00eda, particip\u00f3 en un acto institucional en conmemoraci\u00f3n del D\u00eda Internacional","keywords":null,"keyphrases":{"focus":{"keyphrase":"Galicia","score":100,"analysis":{"keyphraseInTitle":{"score":9,"maxScore":9,"error":0},"keyphraseInDescription":{"score":9,"maxScore":9,"error":0},"keyphraseLength":{"score":9,"maxScore":9,"error":0,"length":1},"keyphraseInURL":{"score":5,"maxScore":5,"error":0},"keyphraseInIntroduction":{"score":9,"maxScore":9,"error":0},"keyphraseInSubHeadings":[],"keyphraseInImageAlt":{"score":9,"maxScore":9,"error":0},"keywordDensity":{"type":"best","score":9,"maxScore":9,"error":0}}},"additional":[{"keyphrase":"Galicia","score":100,"analysis":{"keyphraseInDescription":{"score":9,"maxScore":9,"error":0},"keyphraseLength":{"score":9,"maxScore":9,"error":0,"length":1},"keyphraseInIntroduction":{"score":9,"maxScore":9,"error":0},"keyphraseInImageAlt":{"score":9,"maxScore":9,"error":0},"keywordDensity":{"type":"best","score":9,"maxScore":9,"error":0}}}]},"primary_term":null,"canonical_url":null,"og_title":null,"og_description":null,"og_object_type":"default","og_image_type":"default","og_image_url":null,"og_image_width":null,"og_image_height":null,"og_image_custom_url":null,"og_image_custom_fields":null,"og_video":"","og_custom_url":null,"og_article_section":null,"og_article_tags":null,"twitter_use_og":false,"twitter_card":"default","twitter_image_type":"default","twitter_image_url":null,"twitter_image_custom_url":null,"twitter_image_custom_fields":null,"twitter_title":null,"twitter_description":null,"schema":{"blockGraphs":[],"customGraphs":[],"default":{"data":{"Article":[],"Course":[],"Dataset":[],"FAQPage":[],"Movie":[],"Person":[],"Product":[],"ProductReview":[],"Car":[],"Recipe":[],"Service":[],"SoftwareApplication":[],"WebPage":[]},"graphName":"Article","isEnabled":true},"graphs":[]},"schema_type":"default","schema_type_options":null,"pillar_content":false,"robots_default":true,"robots_noindex":false,"robots_noarchive":false,"robots_nosnippet":false,"robots_nofollow":false,"robots_noimageindex":false,"robots_noodp":false,"robots_notranslate":false,"robots_max_snippet":"-1","robots_max_videopreview":"-1","robots_max_imagepreview":"large","priority":null,"frequency":"default","location":null,"local_seo":null,"seo_analyzer_scan_date":"2025-12-03 20:23:02","breadcrumb_settings":null,"limit_modified_date":false,"reviewed_by":null,"open_ai":null,"ai":{"faqs":[],"keyPoints":[],"titles":[],"descriptions":[],"socialPosts":{"email":[],"linkedin":[],"twitter":[],"facebook":[],"instagram":[]}},"created":"2025-12-03 20:17:13","updated":"2025-12-03 20:34:18"},"aioseo_breadcrumb":"<div class=\"aioseo-breadcrumbs\"><span class=\"aioseo-breadcrumb\">\n\t<a href=\"https:\/\/candas365.es\/noticias\" title=\"Home\">Home<\/a>\n<\/span><span class=\"aioseo-breadcrumb-separator\">&ndash;<\/span><span class=\"aioseo-breadcrumb\">\n\t<a href=\"https:\/\/candas365.es\/noticias\/category\/sociedad\/\" title=\"Sociedad\">Sociedad<\/a>\n<\/span><span class=\"aioseo-breadcrumb-separator\">&ndash;<\/span><span class=\"aioseo-breadcrumb\">\n\tGalicia seguir\u00e1 trabajando en la inclusi\u00f3n social\n<\/span><\/div>","aioseo_breadcrumb_json":[{"label":"Home","link":"https:\/\/candas365.es\/noticias"},{"label":"Sociedad","link":"https:\/\/candas365.es\/noticias\/category\/sociedad\/"},{"label":"Galicia seguir\u00e1 trabajando en la inclusi\u00f3n social","link":"https:\/\/candas365.es\/noticias\/galicia-seguira-trabajando-en-la-inclusion-social\/"}],"_links":{"self":[{"href":"https:\/\/candas365.es\/noticias\/wp-json\/wp\/v2\/posts\/190660","targetHints":{"allow":["GET"]}}],"collection":[{"href":"https:\/\/candas365.es\/noticias\/wp-json\/wp\/v2\/posts"}],"about":[{"href":"https:\/\/candas365.es\/noticias\/wp-json\/wp\/v2\/types\/post"}],"author":[{"embeddable":true,"href":"https:\/\/candas365.es\/noticias\/wp-json\/wp\/v2\/users\/1"}],"replies":[{"embeddable":true,"href":"https:\/\/candas365.es\/noticias\/wp-json\/wp\/v2\/comments?post=190660"}],"version-history":[{"count":0,"href":"https:\/\/candas365.es\/noticias\/wp-json\/wp\/v2\/posts\/190660\/revisions"}],"wp:featuredmedia":[{"embeddable":true,"href":"https:\/\/candas365.es\/noticias\/wp-json\/wp\/v2\/media\/190661"}],"wp:attachment":[{"href":"https:\/\/candas365.es\/noticias\/wp-json\/wp\/v2\/media?parent=190660"}],"wp:term":[{"taxonomy":"category","embeddable":true,"href":"https:\/\/candas365.es\/noticias\/wp-json\/wp\/v2\/categories?post=190660"},{"taxonomy":"post_tag","embeddable":true,"href":"https:\/\/candas365.es\/noticias\/wp-json\/wp\/v2\/tags?post=190660"}],"curies":[{"name":"wp","href":"https:\/\/api.w.org\/{rel}","templated":true}]}}