{"id":190571,"date":"2025-11-28T19:07:43","date_gmt":"2025-11-28T18:07:43","guid":{"rendered":"https:\/\/candas365.es\/noticias\/?p=190571"},"modified":"2025-11-28T19:07:43","modified_gmt":"2025-11-28T18:07:43","slug":"fallece-una-mujer-tras-una-caida-en-la-canal-del-texu","status":"publish","type":"post","link":"https:\/\/candas365.es\/noticias\/fallece-una-mujer-tras-una-caida-en-la-canal-del-texu\/","title":{"rendered":"Fallece una mujer tras una ca\u00edda en la Canal del Texu"},"content":{"rendered":"<p>El SEPA inform\u00f3 del <a href=\"https:\/\/candas365.es\/noticias\/category\/sucesos\/\"><span style=\"color: #ff6600;\"><strong>fallecimiento de una mujer tras sufrir una ca\u00edda<\/strong><\/span><\/a>, por causas a\u00fan desconocidas, en la Canal del Texu, en Cabrales, <span style=\"color: #ff6600;\"><strong><a style=\"color: #ff6600;\" title=\"Principado de Asturias\" href=\"https:\/\/actualidad.asturias.es\/\" target=\"_blank\" rel=\"noopener\">Principado de Asturias<\/a><\/strong><\/span>.<\/p>\n<p><img fetchpriority=\"high\" decoding=\"async\" class=\"aligncenter size-full wp-image-175811\" src=\"https:\/\/candas365.es\/noticias\/wp-content\/uploads\/2023\/10\/sucesos-Asturias.jpg\" alt=\"sucesos Asturias\" width=\"640\" height=\"400\" srcset=\"https:\/\/candas365.es\/noticias\/wp-content\/uploads\/2023\/10\/sucesos-Asturias.jpg 640w, https:\/\/candas365.es\/noticias\/wp-content\/uploads\/2023\/10\/sucesos-Asturias-360x225.jpg 360w, https:\/\/candas365.es\/noticias\/wp-content\/uploads\/2023\/10\/sucesos-Asturias-150x94.jpg 150w, https:\/\/candas365.es\/noticias\/wp-content\/uploads\/2023\/10\/sucesos-Asturias-450x281.jpg 450w\" sizes=\"(max-width: 640px) 100vw, 640px\" \/><\/p>\n<p>El Centro de Coordinaci\u00f3n de Emergencias recibi\u00f3 el aviso a las 13:23 horas. En la llamada se indic\u00f3 que estaban a dos kil\u00f3metros de Bulnes, bajando de Bulnes a Poncebos, en la Canal del Texu y su pareja se hab\u00eda ca\u00eddo al r\u00edo y el perro. No la ve\u00eda, ni la o\u00eda. De inmediato se moviliz\u00f3 al Grupo de Rescate de Bomberos de Asturias, a bordo del helic\u00f3ptero medicalizado del Servicio de Emergencias del Principado de Asturias (SEPA).<\/p>\n<p>Una vez en la zona, los rescatadores ejecutaron un ciclo de gr\u00faa, en el que se desplegaron 60 metros de cable, para permitir acceder a la zona un bombero-rescatador. Tras llegar hasta donde se encontraba la accidentada, se inform\u00f3, a las 14:22 horas, que la persona precipitada estaba sumergida en el r\u00edo y presentaba heridas incompatibles con la vida. El Grupo de Rescate de Intervenci\u00f3n en Monta\u00f1a (GREIM) de la Guardia Civil se ha hecho cargo de la recuperaci\u00f3n del cuerpo. El Grupo de Rescate de Bomberos de Asturias retir\u00f3 del lugar, de regreso a base, entorno a las 16:11 horas, llegando a la misma a las 16:47 horas.<\/p>\n<p>La sala del 112 del SEPA inform\u00f3 del suceso a la Guardia Civil, al Servicio de Atenci\u00f3n M\u00e9dica Urgente (SAMU) y a los 112 de las comunidades de Cantabria y Castilla y Le\u00f3n.<\/p>\n","protected":false},"excerpt":{"rendered":"<p>El SEPA inform\u00f3 del fallecimiento de una mujer tras sufrir una ca\u00edda, por causas a\u00fan desconocidas, en la Canal del Texu, en Cabrales, Principado de Asturias. El Centro de Coordinaci\u00f3n de Emergencias recibi\u00f3 el aviso a las 13:23 horas. En la llamada se indic\u00f3 que estaban a dos kil\u00f3metros de Bulnes, bajando de Bulnes a<\/p>\n","protected":false},"author":1,"featured_media":175811,"comment_status":"closed","ping_status":"closed","sticky":false,"template":"","format":"standard","meta":{"footnotes":""},"categories":[487],"tags":[380,391],"class_list":{"0":"post-190571","1":"post","2":"type-post","3":"status-publish","4":"format-standard","5":"has-post-thumbnail","7":"category-sucesos","8":"tag-asturias","9":"tag-sucesos"},"aioseo_notices":[],"aioseo_head":"\n\t\t<!-- All in One SEO Pro 4.9.6.2 - aioseo.com -->\n\t<meta name=\"description\" content=\"El SEPA inform\u00f3 del fallecimiento de una mujer tras sufrir una ca\u00edda, por causas a\u00fan desconocidas, en la Canal del Texu, en Cabrales, Principado de Asturias\" \/>\n\t<meta name=\"robots\" content=\"max-image-preview:large\" \/>\n\t<meta name=\"author\" content=\"Cand\u00e1s 365\"\/>\n\t<meta name=\"google-site-verification\" content=\"UA-32230408-1\" \/>\n\t<meta name=\"msvalidate.01\" content=\"354F3CDFB2DA171B47FBE9ABF1F88D5\" \/>\n\t<meta name=\"keywords\" content=\"sucesos\" \/>\n\t<link rel=\"canonical\" href=\"https:\/\/candas365.es\/noticias\/fallece-una-mujer-tras-una-caida-en-la-canal-del-texu\/\" \/>\n\t<meta name=\"generator\" content=\"All in One SEO Pro (AIOSEO) 4.9.6.2\" \/>\n\t\t<meta property=\"og:locale\" content=\"es_ES\" \/>\n\t\t<meta property=\"og:site_name\" content=\"Cand\u00e1s 365\" \/>\n\t\t<meta property=\"og:type\" content=\"article\" \/>\n\t\t<meta property=\"og:title\" content=\"Fallece una mujer tras una ca\u00edda en la Canal del Texu | Cand\u00e1s 365\" \/>\n\t\t<meta property=\"og:description\" content=\"El SEPA inform\u00f3 del fallecimiento de una mujer tras sufrir una ca\u00edda, por causas a\u00fan desconocidas, en la Canal del Texu, en Cabrales, Principado de Asturias\" \/>\n\t\t<meta property=\"og:url\" content=\"https:\/\/candas365.es\/noticias\/fallece-una-mujer-tras-una-caida-en-la-canal-del-texu\/\" \/>\n\t\t<meta property=\"og:image\" content=\"https:\/\/candas365.es\/noticias\/wp-content\/uploads\/2023\/10\/sucesos-Asturias.jpg\" \/>\n\t\t<meta property=\"og:image:secure_url\" content=\"https:\/\/candas365.es\/noticias\/wp-content\/uploads\/2023\/10\/sucesos-Asturias.jpg\" \/>\n\t\t<meta property=\"og:image:width\" content=\"640\" \/>\n\t\t<meta property=\"og:image:height\" content=\"400\" \/>\n\t\t<meta property=\"article:published_time\" content=\"2025-11-28T18:07:43+00:00\" \/>\n\t\t<meta property=\"article:modified_time\" content=\"2025-11-28T18:07:43+00:00\" \/>\n\t\t<meta property=\"article:publisher\" content=\"https:\/\/www.facebook.com\/Nachofdezber\" \/>\n\t\t<meta property=\"article:author\" content=\"https:\/\/www.facebook.com\/carrenoactualidad\" \/>\n\t\t<meta name=\"twitter:card\" content=\"summary_large_image\" \/>\n\t\t<meta name=\"twitter:site\" content=\"@NabercoDigital\" \/>\n\t\t<meta name=\"twitter:title\" content=\"Fallece una mujer tras una ca\u00edda en la Canal del Texu | Cand\u00e1s 365\" \/>\n\t\t<meta name=\"twitter:description\" content=\"El SEPA inform\u00f3 del fallecimiento de una mujer tras sufrir una ca\u00edda, por causas a\u00fan desconocidas, en la Canal del Texu, en Cabrales, Principado de Asturias\" \/>\n\t\t<meta name=\"twitter:creator\" content=\"@nbasturias\" \/>\n\t\t<meta name=\"twitter:image\" content=\"https:\/\/candas365.es\/noticias\/wp-content\/uploads\/2023\/10\/sucesos-Asturias.jpg\" \/>\n\t\t<meta name=\"twitter:label1\" content=\"Escrito por\" \/>\n\t\t<meta name=\"twitter:data1\" content=\"Cand\u00e1s 365\" \/>\n\t\t<meta name=\"twitter:label2\" content=\"Tiempo de lectura estimado\" \/>\n\t\t<meta name=\"twitter:data2\" content=\"1 minuto\" \/>\n\t\t<script type=\"application\/ld+json\" class=\"aioseo-schema\">\n\t\t\t{\"@context\":\"https:\\\/\\\/schema.org\",\"@graph\":[{\"@type\":\"BreadcrumbList\",\"@id\":\"https:\\\/\\\/candas365.es\\\/noticias\\\/fallece-una-mujer-tras-una-caida-en-la-canal-del-texu\\\/#breadcrumblist\",\"itemListElement\":[{\"@type\":\"ListItem\",\"@id\":\"https:\\\/\\\/candas365.es\\\/noticias#listItem\",\"position\":1,\"name\":\"Home\",\"item\":\"https:\\\/\\\/candas365.es\\\/noticias\",\"nextItem\":{\"@type\":\"ListItem\",\"@id\":\"https:\\\/\\\/candas365.es\\\/noticias\\\/category\\\/sucesos\\\/#listItem\",\"name\":\"Sucesos\"}},{\"@type\":\"ListItem\",\"@id\":\"https:\\\/\\\/candas365.es\\\/noticias\\\/category\\\/sucesos\\\/#listItem\",\"position\":2,\"name\":\"Sucesos\",\"item\":\"https:\\\/\\\/candas365.es\\\/noticias\\\/category\\\/sucesos\\\/\",\"nextItem\":{\"@type\":\"ListItem\",\"@id\":\"https:\\\/\\\/candas365.es\\\/noticias\\\/fallece-una-mujer-tras-una-caida-en-la-canal-del-texu\\\/#listItem\",\"name\":\"Fallece una mujer tras una ca\\u00edda en la Canal del Texu\"},\"previousItem\":{\"@type\":\"ListItem\",\"@id\":\"https:\\\/\\\/candas365.es\\\/noticias#listItem\",\"name\":\"Home\"}},{\"@type\":\"ListItem\",\"@id\":\"https:\\\/\\\/candas365.es\\\/noticias\\\/fallece-una-mujer-tras-una-caida-en-la-canal-del-texu\\\/#listItem\",\"position\":3,\"name\":\"Fallece una mujer tras una ca\\u00edda en la Canal del Texu\",\"previousItem\":{\"@type\":\"ListItem\",\"@id\":\"https:\\\/\\\/candas365.es\\\/noticias\\\/category\\\/sucesos\\\/#listItem\",\"name\":\"Sucesos\"}}]},{\"@type\":\"NewsArticle\",\"@id\":\"https:\\\/\\\/candas365.es\\\/noticias\\\/fallece-una-mujer-tras-una-caida-en-la-canal-del-texu\\\/#newsarticle\",\"name\":\"Fallece una mujer tras una ca\\u00edda en la Canal del Texu | Cand\\u00e1s 365\",\"headline\":\"Fallece una mujer tras una ca\\u00edda en la Canal del Texu\",\"author\":{\"@id\":\"https:\\\/\\\/candas365.es\\\/noticias\\\/author\\\/admin\\\/#author\"},\"publisher\":{\"@id\":\"https:\\\/\\\/candas365.es\\\/noticias\\\/#organization\"},\"image\":{\"@type\":\"ImageObject\",\"url\":\"https:\\\/\\\/candas365.es\\\/noticias\\\/wp-content\\\/uploads\\\/2023\\\/10\\\/sucesos-Asturias.jpg\",\"width\":640,\"height\":400,\"caption\":\"sucesos Asturias\"},\"datePublished\":\"2025-11-28T19:07:43+01:00\",\"dateModified\":\"2025-11-28T19:07:43+01:00\",\"inLanguage\":\"es-ES\",\"mainEntityOfPage\":{\"@id\":\"https:\\\/\\\/candas365.es\\\/noticias\\\/fallece-una-mujer-tras-una-caida-en-la-canal-del-texu\\\/#webpage\"},\"isPartOf\":{\"@id\":\"https:\\\/\\\/candas365.es\\\/noticias\\\/fallece-una-mujer-tras-una-caida-en-la-canal-del-texu\\\/#webpage\"},\"articleSection\":\"Sucesos, Asturias, sucesos\",\"dateline\":\"Publicado el noviembre 28, 2025.\"},{\"@type\":\"Organization\",\"@id\":\"https:\\\/\\\/candas365.es\\\/noticias\\\/#organization\",\"name\":\"Cand\\u00e1s 365\",\"description\":\"Cand\\u00e1s 365 es un diario digital independiente, fundado en 2012, con base en Asturias. Informamos con rigor sobre actualidad, sociedad, cultura y ocio, con una mirada local y global.\",\"url\":\"https:\\\/\\\/candas365.es\\\/noticias\\\/\",\"email\":\"info@candas365.es\",\"telephone\":\"+34652131393\",\"foundingDate\":\"2012-06-10\",\"logo\":{\"@type\":\"ImageObject\",\"url\":\"https:\\\/\\\/candas365.es\\\/noticias\\\/wp-content\\\/uploads\\\/2024\\\/09\\\/Candas-365-Redes.jpg\",\"@id\":\"https:\\\/\\\/candas365.es\\\/noticias\\\/fallece-una-mujer-tras-una-caida-en-la-canal-del-texu\\\/#organizationLogo\",\"width\":1152,\"height\":864,\"caption\":\"Cand\\u00e1s 365 Redes\"},\"image\":{\"@id\":\"https:\\\/\\\/candas365.es\\\/noticias\\\/fallece-una-mujer-tras-una-caida-en-la-canal-del-texu\\\/#organizationLogo\"},\"sameAs\":[\"https:\\\/\\\/www.facebook.com\\\/Nachofdezber\",\"https:\\\/\\\/x.com\\\/NabercoDigital\",\"https:\\\/\\\/www.instagram.com\\\/nachofdezber\\\/\",\"https:\\\/\\\/www.youtube.com\\\/channel\\\/UCZP-2wLEB9Rv6erhFmqVnvg\"],\"address\":{\"@id\":\"https:\\\/\\\/candas365.es\\\/noticias\\\/#postaladdress\",\"@type\":\"PostalAddress\",\"streetAddress\":\"san antonio 4, san antonio 4\",\"postalCode\":\"33430\",\"addressLocality\":\"Cand\\u00e1s\",\"addressRegion\":\"Asturias\",\"addressCountry\":\"ES\"}},{\"@type\":\"Person\",\"@id\":\"https:\\\/\\\/candas365.es\\\/noticias\\\/author\\\/admin\\\/#author\",\"url\":\"https:\\\/\\\/candas365.es\\\/noticias\\\/author\\\/admin\\\/\",\"name\":\"Cand\\u00e1s 365\",\"image\":{\"@type\":\"ImageObject\",\"@id\":\"https:\\\/\\\/candas365.es\\\/noticias\\\/fallece-una-mujer-tras-una-caida-en-la-canal-del-texu\\\/#authorImage\",\"url\":\"https:\\\/\\\/secure.gravatar.com\\\/avatar\\\/496a8e03d0c493ede1718b7934145dbdf8d89be1036b0eec9544e1094c9de390?s=96&d=mm&r=g\",\"width\":96,\"height\":96,\"caption\":\"Cand\\u00e1s 365\"},\"sameAs\":[\"https:\\\/\\\/www.facebook.com\\\/carrenoactualidad\",\"https:\\\/\\\/twitter.com\\\/nbasturias\",\"https:\\\/\\\/www.instagram.com\\\/nachofdezber\\\/\",\"https:\\\/\\\/www.youtube.com\\\/channel\\\/UCZP-2wLEB9Rv6erhFmqVnvg\"]},{\"@type\":\"WebPage\",\"@id\":\"https:\\\/\\\/candas365.es\\\/noticias\\\/fallece-una-mujer-tras-una-caida-en-la-canal-del-texu\\\/#webpage\",\"url\":\"https:\\\/\\\/candas365.es\\\/noticias\\\/fallece-una-mujer-tras-una-caida-en-la-canal-del-texu\\\/\",\"name\":\"Fallece una mujer tras una ca\\u00edda en la Canal del Texu | Cand\\u00e1s 365\",\"description\":\"El SEPA inform\\u00f3 del fallecimiento de una mujer tras sufrir una ca\\u00edda, por causas a\\u00fan desconocidas, en la Canal del Texu, en Cabrales, Principado de Asturias\",\"inLanguage\":\"es-ES\",\"isPartOf\":{\"@id\":\"https:\\\/\\\/candas365.es\\\/noticias\\\/#website\"},\"breadcrumb\":{\"@id\":\"https:\\\/\\\/candas365.es\\\/noticias\\\/fallece-una-mujer-tras-una-caida-en-la-canal-del-texu\\\/#breadcrumblist\"},\"author\":{\"@id\":\"https:\\\/\\\/candas365.es\\\/noticias\\\/author\\\/admin\\\/#author\"},\"creator\":{\"@id\":\"https:\\\/\\\/candas365.es\\\/noticias\\\/author\\\/admin\\\/#author\"},\"image\":{\"@type\":\"ImageObject\",\"url\":\"https:\\\/\\\/candas365.es\\\/noticias\\\/wp-content\\\/uploads\\\/2023\\\/10\\\/sucesos-Asturias.jpg\",\"@id\":\"https:\\\/\\\/candas365.es\\\/noticias\\\/fallece-una-mujer-tras-una-caida-en-la-canal-del-texu\\\/#mainImage\",\"width\":640,\"height\":400,\"caption\":\"sucesos Asturias\"},\"primaryImageOfPage\":{\"@id\":\"https:\\\/\\\/candas365.es\\\/noticias\\\/fallece-una-mujer-tras-una-caida-en-la-canal-del-texu\\\/#mainImage\"},\"datePublished\":\"2025-11-28T19:07:43+01:00\",\"dateModified\":\"2025-11-28T19:07:43+01:00\"},{\"@type\":\"WebSite\",\"@id\":\"https:\\\/\\\/candas365.es\\\/noticias\\\/#website\",\"url\":\"https:\\\/\\\/candas365.es\\\/noticias\\\/\",\"name\":\"Cand\\u00e1s 365\",\"alternateName\":\"Cand\\u00e1s 365 Noticias\",\"description\":\"Actualidad desde Carre\\u00f1o para el mundo\",\"inLanguage\":\"es-ES\",\"publisher\":{\"@id\":\"https:\\\/\\\/candas365.es\\\/noticias\\\/#organization\"}}]}\n\t\t<\/script>\n\t\t<!-- All in One SEO Pro -->\r\n\t\t<title>Fallece una mujer tras una ca\u00edda en la Canal del Texu | Cand\u00e1s 365<\/title>\n\n","aioseo_head_json":{"title":"Fallece una mujer tras una ca\u00edda en la Canal del Texu | Cand\u00e1s 365","description":"El SEPA inform\u00f3 del fallecimiento de una mujer tras sufrir una ca\u00edda, por causas a\u00fan desconocidas, en la Canal del Texu, en Cabrales, Principado de Asturias","canonical_url":"https:\/\/candas365.es\/noticias\/fallece-una-mujer-tras-una-caida-en-la-canal-del-texu\/","robots":"max-image-preview:large","keywords":"sucesos","webmasterTools":{"google-site-verification":"UA-32230408-1","msvalidate.01":"354F3CDFB2DA171B47FBE9ABF1F88D5","miscellaneous":""},"schema":{"@context":"https:\/\/schema.org","@graph":[{"@type":"BreadcrumbList","@id":"https:\/\/candas365.es\/noticias\/fallece-una-mujer-tras-una-caida-en-la-canal-del-texu\/#breadcrumblist","itemListElement":[{"@type":"ListItem","@id":"https:\/\/candas365.es\/noticias#listItem","position":1,"name":"Home","item":"https:\/\/candas365.es\/noticias","nextItem":{"@type":"ListItem","@id":"https:\/\/candas365.es\/noticias\/category\/sucesos\/#listItem","name":"Sucesos"}},{"@type":"ListItem","@id":"https:\/\/candas365.es\/noticias\/category\/sucesos\/#listItem","position":2,"name":"Sucesos","item":"https:\/\/candas365.es\/noticias\/category\/sucesos\/","nextItem":{"@type":"ListItem","@id":"https:\/\/candas365.es\/noticias\/fallece-una-mujer-tras-una-caida-en-la-canal-del-texu\/#listItem","name":"Fallece una mujer tras una ca\u00edda en la Canal del Texu"},"previousItem":{"@type":"ListItem","@id":"https:\/\/candas365.es\/noticias#listItem","name":"Home"}},{"@type":"ListItem","@id":"https:\/\/candas365.es\/noticias\/fallece-una-mujer-tras-una-caida-en-la-canal-del-texu\/#listItem","position":3,"name":"Fallece una mujer tras una ca\u00edda en la Canal del Texu","previousItem":{"@type":"ListItem","@id":"https:\/\/candas365.es\/noticias\/category\/sucesos\/#listItem","name":"Sucesos"}}]},{"@type":"NewsArticle","@id":"https:\/\/candas365.es\/noticias\/fallece-una-mujer-tras-una-caida-en-la-canal-del-texu\/#newsarticle","name":"Fallece una mujer tras una ca\u00edda en la Canal del Texu | Cand\u00e1s 365","headline":"Fallece una mujer tras una ca\u00edda en la Canal del Texu","author":{"@id":"https:\/\/candas365.es\/noticias\/author\/admin\/#author"},"publisher":{"@id":"https:\/\/candas365.es\/noticias\/#organization"},"image":{"@type":"ImageObject","url":"https:\/\/candas365.es\/noticias\/wp-content\/uploads\/2023\/10\/sucesos-Asturias.jpg","width":640,"height":400,"caption":"sucesos Asturias"},"datePublished":"2025-11-28T19:07:43+01:00","dateModified":"2025-11-28T19:07:43+01:00","inLanguage":"es-ES","mainEntityOfPage":{"@id":"https:\/\/candas365.es\/noticias\/fallece-una-mujer-tras-una-caida-en-la-canal-del-texu\/#webpage"},"isPartOf":{"@id":"https:\/\/candas365.es\/noticias\/fallece-una-mujer-tras-una-caida-en-la-canal-del-texu\/#webpage"},"articleSection":"Sucesos, Asturias, sucesos","dateline":"Publicado el noviembre 28, 2025."},{"@type":"Organization","@id":"https:\/\/candas365.es\/noticias\/#organization","name":"Cand\u00e1s 365","description":"Cand\u00e1s 365 es un diario digital independiente, fundado en 2012, con base en Asturias. Informamos con rigor sobre actualidad, sociedad, cultura y ocio, con una mirada local y global.","url":"https:\/\/candas365.es\/noticias\/","email":"info@candas365.es","telephone":"+34652131393","foundingDate":"2012-06-10","logo":{"@type":"ImageObject","url":"https:\/\/candas365.es\/noticias\/wp-content\/uploads\/2024\/09\/Candas-365-Redes.jpg","@id":"https:\/\/candas365.es\/noticias\/fallece-una-mujer-tras-una-caida-en-la-canal-del-texu\/#organizationLogo","width":1152,"height":864,"caption":"Cand\u00e1s 365 Redes"},"image":{"@id":"https:\/\/candas365.es\/noticias\/fallece-una-mujer-tras-una-caida-en-la-canal-del-texu\/#organizationLogo"},"sameAs":["https:\/\/www.facebook.com\/Nachofdezber","https:\/\/x.com\/NabercoDigital","https:\/\/www.instagram.com\/nachofdezber\/","https:\/\/www.youtube.com\/channel\/UCZP-2wLEB9Rv6erhFmqVnvg"],"address":{"@id":"https:\/\/candas365.es\/noticias\/#postaladdress","@type":"PostalAddress","streetAddress":"san antonio 4, san antonio 4","postalCode":"33430","addressLocality":"Cand\u00e1s","addressRegion":"Asturias","addressCountry":"ES"}},{"@type":"Person","@id":"https:\/\/candas365.es\/noticias\/author\/admin\/#author","url":"https:\/\/candas365.es\/noticias\/author\/admin\/","name":"Cand\u00e1s 365","image":{"@type":"ImageObject","@id":"https:\/\/candas365.es\/noticias\/fallece-una-mujer-tras-una-caida-en-la-canal-del-texu\/#authorImage","url":"https:\/\/secure.gravatar.com\/avatar\/496a8e03d0c493ede1718b7934145dbdf8d89be1036b0eec9544e1094c9de390?s=96&d=mm&r=g","width":96,"height":96,"caption":"Cand\u00e1s 365"},"sameAs":["https:\/\/www.facebook.com\/carrenoactualidad","https:\/\/twitter.com\/nbasturias","https:\/\/www.instagram.com\/nachofdezber\/","https:\/\/www.youtube.com\/channel\/UCZP-2wLEB9Rv6erhFmqVnvg"]},{"@type":"WebPage","@id":"https:\/\/candas365.es\/noticias\/fallece-una-mujer-tras-una-caida-en-la-canal-del-texu\/#webpage","url":"https:\/\/candas365.es\/noticias\/fallece-una-mujer-tras-una-caida-en-la-canal-del-texu\/","name":"Fallece una mujer tras una ca\u00edda en la Canal del Texu | Cand\u00e1s 365","description":"El SEPA inform\u00f3 del fallecimiento de una mujer tras sufrir una ca\u00edda, por causas a\u00fan desconocidas, en la Canal del Texu, en Cabrales, Principado de Asturias","inLanguage":"es-ES","isPartOf":{"@id":"https:\/\/candas365.es\/noticias\/#website"},"breadcrumb":{"@id":"https:\/\/candas365.es\/noticias\/fallece-una-mujer-tras-una-caida-en-la-canal-del-texu\/#breadcrumblist"},"author":{"@id":"https:\/\/candas365.es\/noticias\/author\/admin\/#author"},"creator":{"@id":"https:\/\/candas365.es\/noticias\/author\/admin\/#author"},"image":{"@type":"ImageObject","url":"https:\/\/candas365.es\/noticias\/wp-content\/uploads\/2023\/10\/sucesos-Asturias.jpg","@id":"https:\/\/candas365.es\/noticias\/fallece-una-mujer-tras-una-caida-en-la-canal-del-texu\/#mainImage","width":640,"height":400,"caption":"sucesos Asturias"},"primaryImageOfPage":{"@id":"https:\/\/candas365.es\/noticias\/fallece-una-mujer-tras-una-caida-en-la-canal-del-texu\/#mainImage"},"datePublished":"2025-11-28T19:07:43+01:00","dateModified":"2025-11-28T19:07:43+01:00"},{"@type":"WebSite","@id":"https:\/\/candas365.es\/noticias\/#website","url":"https:\/\/candas365.es\/noticias\/","name":"Cand\u00e1s 365","alternateName":"Cand\u00e1s 365 Noticias","description":"Actualidad desde Carre\u00f1o para el mundo","inLanguage":"es-ES","publisher":{"@id":"https:\/\/candas365.es\/noticias\/#organization"}}]},"og:locale":"es_ES","og:site_name":"Cand\u00e1s 365","og:type":"article","og:title":"Fallece una mujer tras una ca\u00edda en la Canal del Texu | Cand\u00e1s 365","og:description":"El SEPA inform\u00f3 del fallecimiento de una mujer tras sufrir una ca\u00edda, por causas a\u00fan desconocidas, en la Canal del Texu, en Cabrales, Principado de Asturias","og:url":"https:\/\/candas365.es\/noticias\/fallece-una-mujer-tras-una-caida-en-la-canal-del-texu\/","og:image":"https:\/\/candas365.es\/noticias\/wp-content\/uploads\/2023\/10\/sucesos-Asturias.jpg","og:image:secure_url":"https:\/\/candas365.es\/noticias\/wp-content\/uploads\/2023\/10\/sucesos-Asturias.jpg","og:image:width":640,"og:image:height":400,"article:published_time":"2025-11-28T18:07:43+00:00","article:modified_time":"2025-11-28T18:07:43+00:00","article:publisher":"https:\/\/www.facebook.com\/Nachofdezber","article:author":"https:\/\/www.facebook.com\/carrenoactualidad","twitter:card":"summary_large_image","twitter:site":"@NabercoDigital","twitter:title":"Fallece una mujer tras una ca\u00edda en la Canal del Texu | Cand\u00e1s 365","twitter:description":"El SEPA inform\u00f3 del fallecimiento de una mujer tras sufrir una ca\u00edda, por causas a\u00fan desconocidas, en la Canal del Texu, en Cabrales, Principado de Asturias","twitter:creator":"@nbasturias","twitter:image":"https:\/\/candas365.es\/noticias\/wp-content\/uploads\/2023\/10\/sucesos-Asturias.jpg","twitter:label1":"Escrito por","twitter:data1":"Cand\u00e1s 365","twitter:label2":"Tiempo de lectura estimado","twitter:data2":"1 minuto"},"aioseo_meta_data":{"post_id":"190571","title":null,"description":"El SEPA inform\u00f3 del fallecimiento de una mujer tras sufrir una ca\u00edda, por causas a\u00fan desconocidas, en la Canal del Texu, en Cabrales, Principado de Asturias","keywords":null,"keyphrases":{"focus":{"keyphrase":"Canal del Texu","score":90,"analysis":{"keyphraseInTitle":{"score":9,"maxScore":9,"error":0},"keyphraseInDescription":{"score":9,"maxScore":9,"error":0},"keyphraseLength":{"score":9,"maxScore":9,"error":0,"length":3},"keyphraseInURL":{"score":5,"maxScore":5,"error":0},"keyphraseInIntroduction":{"score":9,"maxScore":9,"error":0},"keyphraseInSubHeadings":[],"keyphraseInImageAlt":{"score":3,"maxScore":9,"error":1},"keywordDensity":{"type":"best","score":9,"maxScore":9,"error":0}}},"additional":[{"keyphrase":"Asturias","score":100,"analysis":{"keyphraseInDescription":{"score":9,"maxScore":9,"error":0},"keyphraseLength":{"score":9,"maxScore":9,"error":0,"length":1},"keyphraseInIntroduction":{"score":9,"maxScore":9,"error":0},"keyphraseInImageAlt":{"score":9,"maxScore":9,"error":0},"keywordDensity":{"type":"best","score":9,"maxScore":9,"error":0}}}]},"primary_term":null,"canonical_url":null,"og_title":null,"og_description":null,"og_object_type":"default","og_image_type":"default","og_image_url":null,"og_image_width":null,"og_image_height":null,"og_image_custom_url":null,"og_image_custom_fields":null,"og_video":"","og_custom_url":null,"og_article_section":null,"og_article_tags":null,"twitter_use_og":false,"twitter_card":"default","twitter_image_type":"default","twitter_image_url":null,"twitter_image_custom_url":null,"twitter_image_custom_fields":null,"twitter_title":null,"twitter_description":null,"schema":{"blockGraphs":[],"customGraphs":[],"default":{"data":{"Article":[],"Course":[],"Dataset":[],"FAQPage":[],"Movie":[],"Person":[],"Product":[],"ProductReview":[],"Car":[],"Recipe":[],"Service":[],"SoftwareApplication":[],"WebPage":[]},"graphName":"Article","isEnabled":true},"graphs":[]},"schema_type":"default","schema_type_options":null,"pillar_content":false,"robots_default":true,"robots_noindex":false,"robots_noarchive":false,"robots_nosnippet":false,"robots_nofollow":false,"robots_noimageindex":false,"robots_noodp":false,"robots_notranslate":false,"robots_max_snippet":"-1","robots_max_videopreview":"-1","robots_max_imagepreview":"large","priority":null,"frequency":"default","location":null,"local_seo":null,"seo_analyzer_scan_date":"2025-11-28 18:14:27","breadcrumb_settings":null,"limit_modified_date":false,"reviewed_by":null,"open_ai":null,"ai":{"faqs":[],"keyPoints":[],"titles":[],"descriptions":[],"socialPosts":{"email":[],"linkedin":[],"twitter":[],"facebook":[],"instagram":[]}},"created":"2025-11-28 18:03:55","updated":"2025-11-28 18:22:43"},"aioseo_breadcrumb":"<div class=\"aioseo-breadcrumbs\"><span class=\"aioseo-breadcrumb\">\n\t<a href=\"https:\/\/candas365.es\/noticias\" title=\"Home\">Home<\/a>\n<\/span><span class=\"aioseo-breadcrumb-separator\">&ndash;<\/span><span class=\"aioseo-breadcrumb\">\n\t<a href=\"https:\/\/candas365.es\/noticias\/category\/sucesos\/\" title=\"Sucesos\">Sucesos<\/a>\n<\/span><span class=\"aioseo-breadcrumb-separator\">&ndash;<\/span><span class=\"aioseo-breadcrumb\">\n\tFallece una mujer tras una ca\u00edda en la Canal del Texu\n<\/span><\/div>","aioseo_breadcrumb_json":[{"label":"Home","link":"https:\/\/candas365.es\/noticias"},{"label":"Sucesos","link":"https:\/\/candas365.es\/noticias\/category\/sucesos\/"},{"label":"Fallece una mujer tras una ca\u00edda en la Canal del Texu","link":"https:\/\/candas365.es\/noticias\/fallece-una-mujer-tras-una-caida-en-la-canal-del-texu\/"}],"_links":{"self":[{"href":"https:\/\/candas365.es\/noticias\/wp-json\/wp\/v2\/posts\/190571","targetHints":{"allow":["GET"]}}],"collection":[{"href":"https:\/\/candas365.es\/noticias\/wp-json\/wp\/v2\/posts"}],"about":[{"href":"https:\/\/candas365.es\/noticias\/wp-json\/wp\/v2\/types\/post"}],"author":[{"embeddable":true,"href":"https:\/\/candas365.es\/noticias\/wp-json\/wp\/v2\/users\/1"}],"replies":[{"embeddable":true,"href":"https:\/\/candas365.es\/noticias\/wp-json\/wp\/v2\/comments?post=190571"}],"version-history":[{"count":0,"href":"https:\/\/candas365.es\/noticias\/wp-json\/wp\/v2\/posts\/190571\/revisions"}],"wp:featuredmedia":[{"embeddable":true,"href":"https:\/\/candas365.es\/noticias\/wp-json\/wp\/v2\/media\/175811"}],"wp:attachment":[{"href":"https:\/\/candas365.es\/noticias\/wp-json\/wp\/v2\/media?parent=190571"}],"wp:term":[{"taxonomy":"category","embeddable":true,"href":"https:\/\/candas365.es\/noticias\/wp-json\/wp\/v2\/categories?post=190571"},{"taxonomy":"post_tag","embeddable":true,"href":"https:\/\/candas365.es\/noticias\/wp-json\/wp\/v2\/tags?post=190571"}],"curies":[{"name":"wp","href":"https:\/\/api.w.org\/{rel}","templated":true}]}}