{"id":190481,"date":"2025-11-26T20:39:22","date_gmt":"2025-11-26T19:39:22","guid":{"rendered":"https:\/\/candas365.es\/noticias\/?p=190481"},"modified":"2025-11-26T20:39:22","modified_gmt":"2025-11-26T19:39:22","slug":"espana-impulsa-un-nuevo-mapa-de-investigacion-en-primaria","status":"publish","type":"post","link":"https:\/\/candas365.es\/noticias\/espana-impulsa-un-nuevo-mapa-de-investigacion-en-primaria\/","title":{"rendered":"Espa\u00f1a impulsa un nuevo mapa de investigaci\u00f3n en primaria"},"content":{"rendered":"<p>Espa\u00f1a present\u00f3 el nuevo Mapa y Observatorio Auton\u00f3micos de Investigaci\u00f3n Cl\u00ednica en Atenci\u00f3n Primaria, una herramienta que visibiliza el esfuerzo por desarrollar ensayos cl\u00ednicos en <a href=\"https:\/\/candas365.es\/noticias\/category\/salud\/\"><span style=\"color: #ff6600;\"><strong>centros de salud<\/strong><\/span><\/a>, seg\u00fan destac\u00f3 la III Jornada Nacional celebrada en Barcelona.<\/p>\n<figure id=\"attachment_190482\" aria-describedby=\"caption-attachment-190482\" style=\"width: 650px\" class=\"wp-caption aligncenter\"><img fetchpriority=\"high\" decoding=\"async\" class=\"size-large wp-image-190482\" src=\"https:\/\/candas365.es\/noticias\/wp-content\/uploads\/2025\/11\/Espana-impulsa-un-nuevo-mapa-de-investigacion-en-primaria-650x420.jpg\" alt=\"Espa\u00f1a impulsa un nuevo mapa de investigaci\u00f3n en primaria\" width=\"650\" height=\"420\" srcset=\"https:\/\/candas365.es\/noticias\/wp-content\/uploads\/2025\/11\/Espana-impulsa-un-nuevo-mapa-de-investigacion-en-primaria-650x420.jpg 650w, https:\/\/candas365.es\/noticias\/wp-content\/uploads\/2025\/11\/Espana-impulsa-un-nuevo-mapa-de-investigacion-en-primaria-360x233.jpg 360w, https:\/\/candas365.es\/noticias\/wp-content\/uploads\/2025\/11\/Espana-impulsa-un-nuevo-mapa-de-investigacion-en-primaria-768x497.jpg 768w, https:\/\/candas365.es\/noticias\/wp-content\/uploads\/2025\/11\/Espana-impulsa-un-nuevo-mapa-de-investigacion-en-primaria-150x97.jpg 150w, https:\/\/candas365.es\/noticias\/wp-content\/uploads\/2025\/11\/Espana-impulsa-un-nuevo-mapa-de-investigacion-en-primaria-450x291.jpg 450w, https:\/\/candas365.es\/noticias\/wp-content\/uploads\/2025\/11\/Espana-impulsa-un-nuevo-mapa-de-investigacion-en-primaria.jpg 1022w\" sizes=\"(max-width: 650px) 100vw, 650px\" \/><figcaption id=\"caption-attachment-190482\" class=\"wp-caption-text\">Participantes en la jornada sobre investigaci\u00f3n en AP | Foto de Farmaindustria<\/figcaption><\/figure>\n<p>Seg\u00fan inform\u00f3 Farmaindustria, esta jornada reuni\u00f3 a m\u00e1s de 150 asistentes y casi una veintena de expertos ponentes para analizar y compartir la oportunidad que supone para pacientes, investigadores, gestores, profesionales sanitarios e industria farmac\u00e9utica el impulso a la investigaci\u00f3n cl\u00ednica que se desarrolla tanto en AP como la que se realiza en centros de salud en coordinaci\u00f3n con hospitales.<\/p>\n<p>Cumplido el segundo a\u00f1o de la presentaci\u00f3n, por parte de Farmaindustria, de la Gu\u00eda de recomendaciones de buenas pr\u00e1cticas para el fomento de la investigaci\u00f3n cl\u00ednica en Atenci\u00f3n Primaria (Gu\u00eda ICAP), el encuentro sirvi\u00f3 para poner en com\u00fan los principales avances e iniciativas llevadas a cabo desde entonces y presentar el primer Mapa y el primer Observatorio de la investigaci\u00f3n cl\u00ednica en AP.<\/p>\n<p>Estas dos iniciativas se elaboraron en colaboraci\u00f3n con las 17 comunidades aut\u00f3nomas con el fin de dar visibilidad a la actividad de investigaci\u00f3n cl\u00ednica desarrollada en los \u00faltimos tres a\u00f1os en los centros de salud de Espa\u00f1a.<\/p>\n<h2>CENTROS DE SALUD<\/h2>\n<p>As\u00ed, el Mapa ICAP recoge cu\u00e1les son los centros de salud que hacen ensayos cl\u00ednicos por comunidades aut\u00f3nomas, qu\u00e9 espacio hay destinado para la investigaci\u00f3n en dichos centros, en cu\u00e1ntos proyectos participan y cu\u00e1ntos ensayos cl\u00ednicos tienen en marcha y en qu\u00e9 fase.<\/p>\n<p>Por su parte, el Observatorio ICAP analiza dos de las recomendaciones que emanan de la Gu\u00eda ICAP: el desarrollo de una estrategia auton\u00f3mica espec\u00edfica de investigaci\u00f3n en AP y la digitalizaci\u00f3n, integraci\u00f3n de datos de vida real y elementos descentralizados en Atenci\u00f3n Primaria, \u00e1mbitos claves para el desarrollo de ensayos cl\u00ednicos y que permitir\u00e1n ampliar la participaci\u00f3n de m\u00e1s centros y pacientes en la investigaci\u00f3n.<\/p>\n<p>A este respecto, la directora de Investigaci\u00f3n Cl\u00ednica y Traslacional de Farmaindustria, Amelia Mart\u00edn Uranga, explic\u00f3 que sendos proyectos -que son documentos vivos en permanente actualizaci\u00f3n en funci\u00f3n de la informaci\u00f3n compartida por las autonom\u00edas- \u201cson un gran paso adelante para conocer exactamente en qu\u00e9 punto se encuentra la investigaci\u00f3n cl\u00ednica en el primer nivel asistencial en Espa\u00f1a, tienen vocaci\u00f3n de continuidad y nacen del esfuerzo que todas las autonom\u00edas han realizado para cumplimentar la informaci\u00f3n y poder ofrecer una visi\u00f3n de pa\u00eds\u201d.<\/p>\n<h2>RECOMENDACIONES<\/h2>\n<p>Asimismo, acompa\u00f1ando a ambos documentos, se public\u00f3 un nuevo anexo a la Gu\u00eda ICAP para la Gesti\u00f3n documental para el inicio de ensayos cl\u00ednicos con medicamentos en Atenci\u00f3n Primaria, tomando como referencia las recomendaciones emitidas por la Agencia Espa\u00f1ola de Medicamentos (Aemps) en el documento de instrucciones para la realizaci\u00f3n de ensayos cl\u00ednicos en Espa\u00f1a, para facilitar la extensi\u00f3n de los ensayos a cualquier centro de salud que cumpla con los requisitos establecidos.<\/p>\n<p>Del mismo modo, la presidenta de Farmaindustria, Fina Llad\u00f3s, remarc\u00f3 que \u201chace dos a\u00f1os presentamos nuestra gu\u00eda de buenas pr\u00e1cticas para fomentar la investigaci\u00f3n cl\u00ednica en AP. Desde entonces, hemos visto c\u00f3mo ese documento ha pasado de ser una propuesta de trabajo a convertirse en una hoja de ruta real que ha servido de palanca para contagiar a gestores, responsables auton\u00f3micos, profesionales sanitarios, pacientes, investigadores e industria farmac\u00e9utica para impulsar los ensayos cl\u00ednicos en atenci\u00f3n primaria\u201d.<\/p>\n<p>Y, sobre todo, agreg\u00f3, \u201cno podemos olvidar que la investigaci\u00f3n en los centros de salud acerca el ensayo cl\u00ednico al paciente, facilita la equidad y mejora la calidad de estos estudios, un \u00e1rea en la que estamos trabajando intensamente en Farmaindustria, a trav\u00e9s de esta y otras herramientas clave, como el uso de elementos descentralizados, el impulso de la diversidad o la digitalizaci\u00f3n\u201d.<\/p>\n<h2>PLAN DE AP<\/h2>\n<p>El impulso a la investigaci\u00f3n en centros de salud tambi\u00e9n forma parte del Plan de Acci\u00f3n de Atenci\u00f3n Primaria y Comunitaria 2025-2027 y de la Estrategia de la Industria Farmac\u00e9utica 2024-2028, que tiene un objetivo claro: hacer de Espa\u00f1a un pa\u00eds l\u00edder en investigaci\u00f3n biom\u00e9dica y un polo de atracci\u00f3n para el talento, la innovaci\u00f3n y las inversiones.<\/p>\n<p>Para lograrlo, \u201cnecesitamos una atenci\u00f3n primaria fuerte, integrada en la investigaci\u00f3n y reconocida por su capacidad de generar conocimiento\u201d, apostill\u00f3 la presidenta de Farmaindustria.<\/p>\n<p>Por tanto, estos avances deben ir acompa\u00f1ados de una inversi\u00f3n p\u00fablica que permita dotar a los centros de salud de infraestructuras y recursos para afrontar el desarrollo de ensayos cl\u00ednicos y atraer m\u00e1s inversi\u00f3n de las compa\u00f1\u00edas farmac\u00e9uticas.<\/p>\n<p>(<a href=\"https:\/\/www.servimedia.es\/\" target=\"_blank\" rel=\"noopener\"><span style=\"color: #ff6600;\"><strong>SERVIMEDIA<\/strong><\/span><\/a>)<\/p>\n","protected":false},"excerpt":{"rendered":"<p>Espa\u00f1a present\u00f3 el nuevo Mapa y Observatorio Auton\u00f3micos de Investigaci\u00f3n Cl\u00ednica en Atenci\u00f3n Primaria, una herramienta que visibiliza el esfuerzo por desarrollar ensayos cl\u00ednicos en centros de salud, seg\u00fan destac\u00f3 la III Jornada Nacional celebrada en Barcelona. Seg\u00fan inform\u00f3 Farmaindustria, esta jornada reuni\u00f3 a m\u00e1s de 150 asistentes y casi una veintena de expertos ponentes<\/p>\n","protected":false},"author":1,"featured_media":190482,"comment_status":"closed","ping_status":"closed","sticky":false,"template":"","format":"standard","meta":{"footnotes":""},"categories":[372],"tags":[378],"class_list":{"0":"post-190481","1":"post","2":"type-post","3":"status-publish","4":"format-standard","5":"has-post-thumbnail","7":"category-salud","8":"tag-salud"},"aioseo_notices":[],"aioseo_head":"\n\t\t<!-- All in One SEO Pro 4.9.6.2 - aioseo.com -->\n\t<meta name=\"description\" content=\"Espa\u00f1a present\u00f3 el nuevo Mapa y Observatorio Auton\u00f3micos de Investigaci\u00f3n Cl\u00ednica en Atenci\u00f3n Primaria, una herramienta que visibiliza el esfuerzo\" \/>\n\t<meta name=\"robots\" content=\"max-image-preview:large\" \/>\n\t<meta name=\"author\" content=\"Cand\u00e1s 365\"\/>\n\t<meta name=\"google-site-verification\" content=\"UA-32230408-1\" \/>\n\t<meta name=\"msvalidate.01\" content=\"354F3CDFB2DA171B47FBE9ABF1F88D5\" \/>\n\t<meta name=\"keywords\" content=\"salud\" \/>\n\t<link rel=\"canonical\" href=\"https:\/\/candas365.es\/noticias\/espana-impulsa-un-nuevo-mapa-de-investigacion-en-primaria\/\" \/>\n\t<meta name=\"generator\" content=\"All in One SEO Pro (AIOSEO) 4.9.6.2\" \/>\n\t\t<meta property=\"og:locale\" content=\"es_ES\" \/>\n\t\t<meta property=\"og:site_name\" content=\"Cand\u00e1s 365\" \/>\n\t\t<meta property=\"og:type\" content=\"article\" \/>\n\t\t<meta property=\"og:title\" content=\"Espa\u00f1a impulsa un nuevo mapa de investigaci\u00f3n en primaria | Cand\u00e1s 365\" \/>\n\t\t<meta property=\"og:description\" content=\"Espa\u00f1a present\u00f3 el nuevo Mapa y Observatorio Auton\u00f3micos de Investigaci\u00f3n Cl\u00ednica en Atenci\u00f3n Primaria, una herramienta que visibiliza el esfuerzo\" \/>\n\t\t<meta property=\"og:url\" content=\"https:\/\/candas365.es\/noticias\/espana-impulsa-un-nuevo-mapa-de-investigacion-en-primaria\/\" \/>\n\t\t<meta property=\"og:image\" content=\"https:\/\/candas365.es\/noticias\/wp-content\/uploads\/2025\/11\/Espana-impulsa-un-nuevo-mapa-de-investigacion-en-primaria.jpg\" \/>\n\t\t<meta property=\"og:image:secure_url\" content=\"https:\/\/candas365.es\/noticias\/wp-content\/uploads\/2025\/11\/Espana-impulsa-un-nuevo-mapa-de-investigacion-en-primaria.jpg\" \/>\n\t\t<meta property=\"og:image:width\" content=\"1022\" \/>\n\t\t<meta property=\"og:image:height\" content=\"661\" \/>\n\t\t<meta property=\"article:published_time\" content=\"2025-11-26T19:39:22+00:00\" \/>\n\t\t<meta property=\"article:modified_time\" content=\"2025-11-26T19:39:22+00:00\" \/>\n\t\t<meta property=\"article:publisher\" content=\"https:\/\/www.facebook.com\/Nachofdezber\" \/>\n\t\t<meta property=\"article:author\" content=\"https:\/\/www.facebook.com\/carrenoactualidad\" \/>\n\t\t<meta name=\"twitter:card\" content=\"summary_large_image\" \/>\n\t\t<meta name=\"twitter:site\" content=\"@NabercoDigital\" \/>\n\t\t<meta name=\"twitter:title\" content=\"Espa\u00f1a impulsa un nuevo mapa de investigaci\u00f3n en primaria | Cand\u00e1s 365\" \/>\n\t\t<meta name=\"twitter:description\" content=\"Espa\u00f1a present\u00f3 el nuevo Mapa y Observatorio Auton\u00f3micos de Investigaci\u00f3n Cl\u00ednica en Atenci\u00f3n Primaria, una herramienta que visibiliza el esfuerzo\" \/>\n\t\t<meta name=\"twitter:creator\" content=\"@nbasturias\" \/>\n\t\t<meta name=\"twitter:image\" content=\"https:\/\/candas365.es\/noticias\/wp-content\/uploads\/2025\/11\/Espana-impulsa-un-nuevo-mapa-de-investigacion-en-primaria.jpg\" \/>\n\t\t<meta name=\"twitter:label1\" content=\"Escrito por\" \/>\n\t\t<meta name=\"twitter:data1\" content=\"Cand\u00e1s 365\" \/>\n\t\t<meta name=\"twitter:label2\" content=\"Tiempo de lectura estimado\" \/>\n\t\t<meta name=\"twitter:data2\" content=\"4 minutos\" \/>\n\t\t<script type=\"application\/ld+json\" class=\"aioseo-schema\">\n\t\t\t{\"@context\":\"https:\\\/\\\/schema.org\",\"@graph\":[{\"@type\":\"BreadcrumbList\",\"@id\":\"https:\\\/\\\/candas365.es\\\/noticias\\\/espana-impulsa-un-nuevo-mapa-de-investigacion-en-primaria\\\/#breadcrumblist\",\"itemListElement\":[{\"@type\":\"ListItem\",\"@id\":\"https:\\\/\\\/candas365.es\\\/noticias#listItem\",\"position\":1,\"name\":\"Home\",\"item\":\"https:\\\/\\\/candas365.es\\\/noticias\",\"nextItem\":{\"@type\":\"ListItem\",\"@id\":\"https:\\\/\\\/candas365.es\\\/noticias\\\/category\\\/salud\\\/#listItem\",\"name\":\"Salud\"}},{\"@type\":\"ListItem\",\"@id\":\"https:\\\/\\\/candas365.es\\\/noticias\\\/category\\\/salud\\\/#listItem\",\"position\":2,\"name\":\"Salud\",\"item\":\"https:\\\/\\\/candas365.es\\\/noticias\\\/category\\\/salud\\\/\",\"nextItem\":{\"@type\":\"ListItem\",\"@id\":\"https:\\\/\\\/candas365.es\\\/noticias\\\/espana-impulsa-un-nuevo-mapa-de-investigacion-en-primaria\\\/#listItem\",\"name\":\"Espa\\u00f1a impulsa un nuevo mapa de investigaci\\u00f3n en primaria\"},\"previousItem\":{\"@type\":\"ListItem\",\"@id\":\"https:\\\/\\\/candas365.es\\\/noticias#listItem\",\"name\":\"Home\"}},{\"@type\":\"ListItem\",\"@id\":\"https:\\\/\\\/candas365.es\\\/noticias\\\/espana-impulsa-un-nuevo-mapa-de-investigacion-en-primaria\\\/#listItem\",\"position\":3,\"name\":\"Espa\\u00f1a impulsa un nuevo mapa de investigaci\\u00f3n en primaria\",\"previousItem\":{\"@type\":\"ListItem\",\"@id\":\"https:\\\/\\\/candas365.es\\\/noticias\\\/category\\\/salud\\\/#listItem\",\"name\":\"Salud\"}}]},{\"@type\":\"NewsArticle\",\"@id\":\"https:\\\/\\\/candas365.es\\\/noticias\\\/espana-impulsa-un-nuevo-mapa-de-investigacion-en-primaria\\\/#newsarticle\",\"name\":\"Espa\\u00f1a impulsa un nuevo mapa de investigaci\\u00f3n en primaria | Cand\\u00e1s 365\",\"headline\":\"Espa\\u00f1a impulsa un nuevo mapa de investigaci\\u00f3n en primaria\",\"author\":{\"@id\":\"https:\\\/\\\/candas365.es\\\/noticias\\\/author\\\/admin\\\/#author\"},\"publisher\":{\"@id\":\"https:\\\/\\\/candas365.es\\\/noticias\\\/#organization\"},\"image\":{\"@type\":\"ImageObject\",\"url\":\"https:\\\/\\\/candas365.es\\\/noticias\\\/wp-content\\\/uploads\\\/2025\\\/11\\\/Espana-impulsa-un-nuevo-mapa-de-investigacion-en-primaria.jpg\",\"width\":1022,\"height\":661,\"caption\":\"Participantes en la jornada sobre investigaci\\u00f3n en AP | Foto de Farmaindustria\"},\"datePublished\":\"2025-11-26T20:39:22+01:00\",\"dateModified\":\"2025-11-26T20:39:22+01:00\",\"inLanguage\":\"es-ES\",\"mainEntityOfPage\":{\"@id\":\"https:\\\/\\\/candas365.es\\\/noticias\\\/espana-impulsa-un-nuevo-mapa-de-investigacion-en-primaria\\\/#webpage\"},\"isPartOf\":{\"@id\":\"https:\\\/\\\/candas365.es\\\/noticias\\\/espana-impulsa-un-nuevo-mapa-de-investigacion-en-primaria\\\/#webpage\"},\"articleSection\":\"Salud, Salud\",\"dateline\":\"Publicado el noviembre 26, 2025.\"},{\"@type\":\"Organization\",\"@id\":\"https:\\\/\\\/candas365.es\\\/noticias\\\/#organization\",\"name\":\"Cand\\u00e1s 365\",\"description\":\"Cand\\u00e1s 365 es un diario digital independiente, fundado en 2012, con base en Asturias. Informamos con rigor sobre actualidad, sociedad, cultura y ocio, con una mirada local y global.\",\"url\":\"https:\\\/\\\/candas365.es\\\/noticias\\\/\",\"email\":\"info@candas365.es\",\"telephone\":\"+34652131393\",\"foundingDate\":\"2012-06-10\",\"logo\":{\"@type\":\"ImageObject\",\"url\":\"https:\\\/\\\/candas365.es\\\/noticias\\\/wp-content\\\/uploads\\\/2024\\\/09\\\/Candas-365-Redes.jpg\",\"@id\":\"https:\\\/\\\/candas365.es\\\/noticias\\\/espana-impulsa-un-nuevo-mapa-de-investigacion-en-primaria\\\/#organizationLogo\",\"width\":1152,\"height\":864,\"caption\":\"Cand\\u00e1s 365 Redes\"},\"image\":{\"@id\":\"https:\\\/\\\/candas365.es\\\/noticias\\\/espana-impulsa-un-nuevo-mapa-de-investigacion-en-primaria\\\/#organizationLogo\"},\"sameAs\":[\"https:\\\/\\\/www.facebook.com\\\/Nachofdezber\",\"https:\\\/\\\/x.com\\\/NabercoDigital\",\"https:\\\/\\\/www.instagram.com\\\/nachofdezber\\\/\",\"https:\\\/\\\/www.youtube.com\\\/channel\\\/UCZP-2wLEB9Rv6erhFmqVnvg\"],\"address\":{\"@id\":\"https:\\\/\\\/candas365.es\\\/noticias\\\/#postaladdress\",\"@type\":\"PostalAddress\",\"streetAddress\":\"san antonio 4, san antonio 4\",\"postalCode\":\"33430\",\"addressLocality\":\"Cand\\u00e1s\",\"addressRegion\":\"Asturias\",\"addressCountry\":\"ES\"}},{\"@type\":\"Person\",\"@id\":\"https:\\\/\\\/candas365.es\\\/noticias\\\/author\\\/admin\\\/#author\",\"url\":\"https:\\\/\\\/candas365.es\\\/noticias\\\/author\\\/admin\\\/\",\"name\":\"Cand\\u00e1s 365\",\"image\":{\"@type\":\"ImageObject\",\"@id\":\"https:\\\/\\\/candas365.es\\\/noticias\\\/espana-impulsa-un-nuevo-mapa-de-investigacion-en-primaria\\\/#authorImage\",\"url\":\"https:\\\/\\\/secure.gravatar.com\\\/avatar\\\/496a8e03d0c493ede1718b7934145dbdf8d89be1036b0eec9544e1094c9de390?s=96&d=mm&r=g\",\"width\":96,\"height\":96,\"caption\":\"Cand\\u00e1s 365\"},\"sameAs\":[\"https:\\\/\\\/www.facebook.com\\\/carrenoactualidad\",\"https:\\\/\\\/twitter.com\\\/nbasturias\",\"https:\\\/\\\/www.instagram.com\\\/nachofdezber\\\/\",\"https:\\\/\\\/www.youtube.com\\\/channel\\\/UCZP-2wLEB9Rv6erhFmqVnvg\"]},{\"@type\":\"WebPage\",\"@id\":\"https:\\\/\\\/candas365.es\\\/noticias\\\/espana-impulsa-un-nuevo-mapa-de-investigacion-en-primaria\\\/#webpage\",\"url\":\"https:\\\/\\\/candas365.es\\\/noticias\\\/espana-impulsa-un-nuevo-mapa-de-investigacion-en-primaria\\\/\",\"name\":\"Espa\\u00f1a impulsa un nuevo mapa de investigaci\\u00f3n en primaria | Cand\\u00e1s 365\",\"description\":\"Espa\\u00f1a present\\u00f3 el nuevo Mapa y Observatorio Auton\\u00f3micos de Investigaci\\u00f3n Cl\\u00ednica en Atenci\\u00f3n Primaria, una herramienta que visibiliza el esfuerzo\",\"inLanguage\":\"es-ES\",\"isPartOf\":{\"@id\":\"https:\\\/\\\/candas365.es\\\/noticias\\\/#website\"},\"breadcrumb\":{\"@id\":\"https:\\\/\\\/candas365.es\\\/noticias\\\/espana-impulsa-un-nuevo-mapa-de-investigacion-en-primaria\\\/#breadcrumblist\"},\"author\":{\"@id\":\"https:\\\/\\\/candas365.es\\\/noticias\\\/author\\\/admin\\\/#author\"},\"creator\":{\"@id\":\"https:\\\/\\\/candas365.es\\\/noticias\\\/author\\\/admin\\\/#author\"},\"image\":{\"@type\":\"ImageObject\",\"url\":\"https:\\\/\\\/candas365.es\\\/noticias\\\/wp-content\\\/uploads\\\/2025\\\/11\\\/Espana-impulsa-un-nuevo-mapa-de-investigacion-en-primaria.jpg\",\"@id\":\"https:\\\/\\\/candas365.es\\\/noticias\\\/espana-impulsa-un-nuevo-mapa-de-investigacion-en-primaria\\\/#mainImage\",\"width\":1022,\"height\":661,\"caption\":\"Participantes en la jornada sobre investigaci\\u00f3n en AP | Foto de Farmaindustria\"},\"primaryImageOfPage\":{\"@id\":\"https:\\\/\\\/candas365.es\\\/noticias\\\/espana-impulsa-un-nuevo-mapa-de-investigacion-en-primaria\\\/#mainImage\"},\"datePublished\":\"2025-11-26T20:39:22+01:00\",\"dateModified\":\"2025-11-26T20:39:22+01:00\"},{\"@type\":\"WebSite\",\"@id\":\"https:\\\/\\\/candas365.es\\\/noticias\\\/#website\",\"url\":\"https:\\\/\\\/candas365.es\\\/noticias\\\/\",\"name\":\"Cand\\u00e1s 365\",\"alternateName\":\"Cand\\u00e1s 365 Noticias\",\"description\":\"Actualidad desde Carre\\u00f1o para el mundo\",\"inLanguage\":\"es-ES\",\"publisher\":{\"@id\":\"https:\\\/\\\/candas365.es\\\/noticias\\\/#organization\"}}]}\n\t\t<\/script>\n\t\t<!-- All in One SEO Pro -->\r\n\t\t<title>Espa\u00f1a impulsa un nuevo mapa de investigaci\u00f3n en primaria | Cand\u00e1s 365<\/title>\n\n","aioseo_head_json":{"title":"Espa\u00f1a impulsa un nuevo mapa de investigaci\u00f3n en primaria | Cand\u00e1s 365","description":"Espa\u00f1a present\u00f3 el nuevo Mapa y Observatorio Auton\u00f3micos de Investigaci\u00f3n Cl\u00ednica en Atenci\u00f3n Primaria, una herramienta que visibiliza el esfuerzo","canonical_url":"https:\/\/candas365.es\/noticias\/espana-impulsa-un-nuevo-mapa-de-investigacion-en-primaria\/","robots":"max-image-preview:large","keywords":"salud","webmasterTools":{"google-site-verification":"UA-32230408-1","msvalidate.01":"354F3CDFB2DA171B47FBE9ABF1F88D5","miscellaneous":""},"schema":{"@context":"https:\/\/schema.org","@graph":[{"@type":"BreadcrumbList","@id":"https:\/\/candas365.es\/noticias\/espana-impulsa-un-nuevo-mapa-de-investigacion-en-primaria\/#breadcrumblist","itemListElement":[{"@type":"ListItem","@id":"https:\/\/candas365.es\/noticias#listItem","position":1,"name":"Home","item":"https:\/\/candas365.es\/noticias","nextItem":{"@type":"ListItem","@id":"https:\/\/candas365.es\/noticias\/category\/salud\/#listItem","name":"Salud"}},{"@type":"ListItem","@id":"https:\/\/candas365.es\/noticias\/category\/salud\/#listItem","position":2,"name":"Salud","item":"https:\/\/candas365.es\/noticias\/category\/salud\/","nextItem":{"@type":"ListItem","@id":"https:\/\/candas365.es\/noticias\/espana-impulsa-un-nuevo-mapa-de-investigacion-en-primaria\/#listItem","name":"Espa\u00f1a impulsa un nuevo mapa de investigaci\u00f3n en primaria"},"previousItem":{"@type":"ListItem","@id":"https:\/\/candas365.es\/noticias#listItem","name":"Home"}},{"@type":"ListItem","@id":"https:\/\/candas365.es\/noticias\/espana-impulsa-un-nuevo-mapa-de-investigacion-en-primaria\/#listItem","position":3,"name":"Espa\u00f1a impulsa un nuevo mapa de investigaci\u00f3n en primaria","previousItem":{"@type":"ListItem","@id":"https:\/\/candas365.es\/noticias\/category\/salud\/#listItem","name":"Salud"}}]},{"@type":"NewsArticle","@id":"https:\/\/candas365.es\/noticias\/espana-impulsa-un-nuevo-mapa-de-investigacion-en-primaria\/#newsarticle","name":"Espa\u00f1a impulsa un nuevo mapa de investigaci\u00f3n en primaria | Cand\u00e1s 365","headline":"Espa\u00f1a impulsa un nuevo mapa de investigaci\u00f3n en primaria","author":{"@id":"https:\/\/candas365.es\/noticias\/author\/admin\/#author"},"publisher":{"@id":"https:\/\/candas365.es\/noticias\/#organization"},"image":{"@type":"ImageObject","url":"https:\/\/candas365.es\/noticias\/wp-content\/uploads\/2025\/11\/Espana-impulsa-un-nuevo-mapa-de-investigacion-en-primaria.jpg","width":1022,"height":661,"caption":"Participantes en la jornada sobre investigaci\u00f3n en AP | Foto de Farmaindustria"},"datePublished":"2025-11-26T20:39:22+01:00","dateModified":"2025-11-26T20:39:22+01:00","inLanguage":"es-ES","mainEntityOfPage":{"@id":"https:\/\/candas365.es\/noticias\/espana-impulsa-un-nuevo-mapa-de-investigacion-en-primaria\/#webpage"},"isPartOf":{"@id":"https:\/\/candas365.es\/noticias\/espana-impulsa-un-nuevo-mapa-de-investigacion-en-primaria\/#webpage"},"articleSection":"Salud, Salud","dateline":"Publicado el noviembre 26, 2025."},{"@type":"Organization","@id":"https:\/\/candas365.es\/noticias\/#organization","name":"Cand\u00e1s 365","description":"Cand\u00e1s 365 es un diario digital independiente, fundado en 2012, con base en Asturias. Informamos con rigor sobre actualidad, sociedad, cultura y ocio, con una mirada local y global.","url":"https:\/\/candas365.es\/noticias\/","email":"info@candas365.es","telephone":"+34652131393","foundingDate":"2012-06-10","logo":{"@type":"ImageObject","url":"https:\/\/candas365.es\/noticias\/wp-content\/uploads\/2024\/09\/Candas-365-Redes.jpg","@id":"https:\/\/candas365.es\/noticias\/espana-impulsa-un-nuevo-mapa-de-investigacion-en-primaria\/#organizationLogo","width":1152,"height":864,"caption":"Cand\u00e1s 365 Redes"},"image":{"@id":"https:\/\/candas365.es\/noticias\/espana-impulsa-un-nuevo-mapa-de-investigacion-en-primaria\/#organizationLogo"},"sameAs":["https:\/\/www.facebook.com\/Nachofdezber","https:\/\/x.com\/NabercoDigital","https:\/\/www.instagram.com\/nachofdezber\/","https:\/\/www.youtube.com\/channel\/UCZP-2wLEB9Rv6erhFmqVnvg"],"address":{"@id":"https:\/\/candas365.es\/noticias\/#postaladdress","@type":"PostalAddress","streetAddress":"san antonio 4, san antonio 4","postalCode":"33430","addressLocality":"Cand\u00e1s","addressRegion":"Asturias","addressCountry":"ES"}},{"@type":"Person","@id":"https:\/\/candas365.es\/noticias\/author\/admin\/#author","url":"https:\/\/candas365.es\/noticias\/author\/admin\/","name":"Cand\u00e1s 365","image":{"@type":"ImageObject","@id":"https:\/\/candas365.es\/noticias\/espana-impulsa-un-nuevo-mapa-de-investigacion-en-primaria\/#authorImage","url":"https:\/\/secure.gravatar.com\/avatar\/496a8e03d0c493ede1718b7934145dbdf8d89be1036b0eec9544e1094c9de390?s=96&d=mm&r=g","width":96,"height":96,"caption":"Cand\u00e1s 365"},"sameAs":["https:\/\/www.facebook.com\/carrenoactualidad","https:\/\/twitter.com\/nbasturias","https:\/\/www.instagram.com\/nachofdezber\/","https:\/\/www.youtube.com\/channel\/UCZP-2wLEB9Rv6erhFmqVnvg"]},{"@type":"WebPage","@id":"https:\/\/candas365.es\/noticias\/espana-impulsa-un-nuevo-mapa-de-investigacion-en-primaria\/#webpage","url":"https:\/\/candas365.es\/noticias\/espana-impulsa-un-nuevo-mapa-de-investigacion-en-primaria\/","name":"Espa\u00f1a impulsa un nuevo mapa de investigaci\u00f3n en primaria | Cand\u00e1s 365","description":"Espa\u00f1a present\u00f3 el nuevo Mapa y Observatorio Auton\u00f3micos de Investigaci\u00f3n Cl\u00ednica en Atenci\u00f3n Primaria, una herramienta que visibiliza el esfuerzo","inLanguage":"es-ES","isPartOf":{"@id":"https:\/\/candas365.es\/noticias\/#website"},"breadcrumb":{"@id":"https:\/\/candas365.es\/noticias\/espana-impulsa-un-nuevo-mapa-de-investigacion-en-primaria\/#breadcrumblist"},"author":{"@id":"https:\/\/candas365.es\/noticias\/author\/admin\/#author"},"creator":{"@id":"https:\/\/candas365.es\/noticias\/author\/admin\/#author"},"image":{"@type":"ImageObject","url":"https:\/\/candas365.es\/noticias\/wp-content\/uploads\/2025\/11\/Espana-impulsa-un-nuevo-mapa-de-investigacion-en-primaria.jpg","@id":"https:\/\/candas365.es\/noticias\/espana-impulsa-un-nuevo-mapa-de-investigacion-en-primaria\/#mainImage","width":1022,"height":661,"caption":"Participantes en la jornada sobre investigaci\u00f3n en AP | Foto de Farmaindustria"},"primaryImageOfPage":{"@id":"https:\/\/candas365.es\/noticias\/espana-impulsa-un-nuevo-mapa-de-investigacion-en-primaria\/#mainImage"},"datePublished":"2025-11-26T20:39:22+01:00","dateModified":"2025-11-26T20:39:22+01:00"},{"@type":"WebSite","@id":"https:\/\/candas365.es\/noticias\/#website","url":"https:\/\/candas365.es\/noticias\/","name":"Cand\u00e1s 365","alternateName":"Cand\u00e1s 365 Noticias","description":"Actualidad desde Carre\u00f1o para el mundo","inLanguage":"es-ES","publisher":{"@id":"https:\/\/candas365.es\/noticias\/#organization"}}]},"og:locale":"es_ES","og:site_name":"Cand\u00e1s 365","og:type":"article","og:title":"Espa\u00f1a impulsa un nuevo mapa de investigaci\u00f3n en primaria | Cand\u00e1s 365","og:description":"Espa\u00f1a present\u00f3 el nuevo Mapa y Observatorio Auton\u00f3micos de Investigaci\u00f3n Cl\u00ednica en Atenci\u00f3n Primaria, una herramienta que visibiliza el esfuerzo","og:url":"https:\/\/candas365.es\/noticias\/espana-impulsa-un-nuevo-mapa-de-investigacion-en-primaria\/","og:image":"https:\/\/candas365.es\/noticias\/wp-content\/uploads\/2025\/11\/Espana-impulsa-un-nuevo-mapa-de-investigacion-en-primaria.jpg","og:image:secure_url":"https:\/\/candas365.es\/noticias\/wp-content\/uploads\/2025\/11\/Espana-impulsa-un-nuevo-mapa-de-investigacion-en-primaria.jpg","og:image:width":1022,"og:image:height":661,"article:published_time":"2025-11-26T19:39:22+00:00","article:modified_time":"2025-11-26T19:39:22+00:00","article:publisher":"https:\/\/www.facebook.com\/Nachofdezber","article:author":"https:\/\/www.facebook.com\/carrenoactualidad","twitter:card":"summary_large_image","twitter:site":"@NabercoDigital","twitter:title":"Espa\u00f1a impulsa un nuevo mapa de investigaci\u00f3n en primaria | Cand\u00e1s 365","twitter:description":"Espa\u00f1a present\u00f3 el nuevo Mapa y Observatorio Auton\u00f3micos de Investigaci\u00f3n Cl\u00ednica en Atenci\u00f3n Primaria, una herramienta que visibiliza el esfuerzo","twitter:creator":"@nbasturias","twitter:image":"https:\/\/candas365.es\/noticias\/wp-content\/uploads\/2025\/11\/Espana-impulsa-un-nuevo-mapa-de-investigacion-en-primaria.jpg","twitter:label1":"Escrito por","twitter:data1":"Cand\u00e1s 365","twitter:label2":"Tiempo de lectura estimado","twitter:data2":"4 minutos"},"aioseo_meta_data":{"post_id":"190481","title":null,"description":"Espa\u00f1a present\u00f3 el nuevo Mapa y Observatorio Auton\u00f3micos de Investigaci\u00f3n Cl\u00ednica en Atenci\u00f3n Primaria, una herramienta que visibiliza el esfuerzo","keywords":null,"keyphrases":{"focus":{"keyphrase":"Primaria","score":91,"analysis":{"keyphraseInTitle":{"score":9,"maxScore":9,"error":0},"keyphraseInDescription":{"score":9,"maxScore":9,"error":0},"keyphraseLength":{"score":9,"maxScore":9,"error":0,"length":1},"keyphraseInURL":{"score":5,"maxScore":5,"error":0},"keyphraseInIntroduction":{"score":9,"maxScore":9,"error":0},"keyphraseInSubHeadings":{"score":3,"maxScore":9,"error":1},"keyphraseInImageAlt":{"score":9,"maxScore":9,"error":0},"keywordDensity":{"type":"best","score":9,"maxScore":9,"error":0}}},"additional":[{"keyphrase":"Atenci\u00f3n Primaria","score":87,"analysis":{"keyphraseInDescription":{"score":9,"maxScore":9,"error":0},"keyphraseLength":{"score":9,"maxScore":9,"error":0,"length":3},"keyphraseInIntroduction":{"score":9,"maxScore":9,"error":0},"keyphraseInImageAlt":{"score":3,"maxScore":9,"error":1},"keywordDensity":{"type":"best","score":9,"maxScore":9,"error":0}}}]},"primary_term":null,"canonical_url":null,"og_title":null,"og_description":null,"og_object_type":"default","og_image_type":"default","og_image_url":null,"og_image_width":null,"og_image_height":null,"og_image_custom_url":null,"og_image_custom_fields":null,"og_video":"","og_custom_url":null,"og_article_section":null,"og_article_tags":null,"twitter_use_og":false,"twitter_card":"default","twitter_image_type":"default","twitter_image_url":null,"twitter_image_custom_url":null,"twitter_image_custom_fields":null,"twitter_title":null,"twitter_description":null,"schema":{"blockGraphs":[],"customGraphs":[],"default":{"data":{"Article":[],"Course":[],"Dataset":[],"FAQPage":[],"Movie":[],"Person":[],"Product":[],"ProductReview":[],"Car":[],"Recipe":[],"Service":[],"SoftwareApplication":[],"WebPage":[]},"graphName":"Article","isEnabled":true},"graphs":[]},"schema_type":"default","schema_type_options":null,"pillar_content":false,"robots_default":true,"robots_noindex":false,"robots_noarchive":false,"robots_nosnippet":false,"robots_nofollow":false,"robots_noimageindex":false,"robots_noodp":false,"robots_notranslate":false,"robots_max_snippet":"-1","robots_max_videopreview":"-1","robots_max_imagepreview":"large","priority":null,"frequency":"default","location":null,"local_seo":null,"seo_analyzer_scan_date":"2025-11-26 19:41:37","breadcrumb_settings":null,"limit_modified_date":false,"reviewed_by":null,"open_ai":null,"ai":{"faqs":[],"keyPoints":[],"titles":[],"descriptions":[],"socialPosts":{"email":[],"linkedin":[],"twitter":[],"facebook":[],"instagram":[]}},"created":"2025-11-26 19:30:21","updated":"2025-11-26 19:45:23"},"aioseo_breadcrumb":"<div class=\"aioseo-breadcrumbs\"><span class=\"aioseo-breadcrumb\">\n\t<a href=\"https:\/\/candas365.es\/noticias\" title=\"Home\">Home<\/a>\n<\/span><span class=\"aioseo-breadcrumb-separator\">&ndash;<\/span><span class=\"aioseo-breadcrumb\">\n\t<a href=\"https:\/\/candas365.es\/noticias\/category\/salud\/\" title=\"Salud\">Salud<\/a>\n<\/span><span class=\"aioseo-breadcrumb-separator\">&ndash;<\/span><span class=\"aioseo-breadcrumb\">\n\tEspa\u00f1a impulsa un nuevo mapa de investigaci\u00f3n en primaria\n<\/span><\/div>","aioseo_breadcrumb_json":[{"label":"Home","link":"https:\/\/candas365.es\/noticias"},{"label":"Salud","link":"https:\/\/candas365.es\/noticias\/category\/salud\/"},{"label":"Espa\u00f1a impulsa un nuevo mapa de investigaci\u00f3n en primaria","link":"https:\/\/candas365.es\/noticias\/espana-impulsa-un-nuevo-mapa-de-investigacion-en-primaria\/"}],"_links":{"self":[{"href":"https:\/\/candas365.es\/noticias\/wp-json\/wp\/v2\/posts\/190481","targetHints":{"allow":["GET"]}}],"collection":[{"href":"https:\/\/candas365.es\/noticias\/wp-json\/wp\/v2\/posts"}],"about":[{"href":"https:\/\/candas365.es\/noticias\/wp-json\/wp\/v2\/types\/post"}],"author":[{"embeddable":true,"href":"https:\/\/candas365.es\/noticias\/wp-json\/wp\/v2\/users\/1"}],"replies":[{"embeddable":true,"href":"https:\/\/candas365.es\/noticias\/wp-json\/wp\/v2\/comments?post=190481"}],"version-history":[{"count":0,"href":"https:\/\/candas365.es\/noticias\/wp-json\/wp\/v2\/posts\/190481\/revisions"}],"wp:featuredmedia":[{"embeddable":true,"href":"https:\/\/candas365.es\/noticias\/wp-json\/wp\/v2\/media\/190482"}],"wp:attachment":[{"href":"https:\/\/candas365.es\/noticias\/wp-json\/wp\/v2\/media?parent=190481"}],"wp:term":[{"taxonomy":"category","embeddable":true,"href":"https:\/\/candas365.es\/noticias\/wp-json\/wp\/v2\/categories?post=190481"},{"taxonomy":"post_tag","embeddable":true,"href":"https:\/\/candas365.es\/noticias\/wp-json\/wp\/v2\/tags?post=190481"}],"curies":[{"name":"wp","href":"https:\/\/api.w.org\/{rel}","templated":true}]}}