{"id":190478,"date":"2025-11-26T20:28:17","date_gmt":"2025-11-26T19:28:17","guid":{"rendered":"https:\/\/candas365.es\/noticias\/?p=190478"},"modified":"2025-11-26T20:28:17","modified_gmt":"2025-11-26T19:28:17","slug":"espana-aportara-1-400-millones-extra-a-la-agencia-espacial","status":"publish","type":"post","link":"https:\/\/candas365.es\/noticias\/espana-aportara-1-400-millones-extra-a-la-agencia-espacial\/","title":{"rendered":"Espa\u00f1a aportar\u00e1 1.400 millones extra a la Agencia Espacial"},"content":{"rendered":"<p>Diana Morant anunci\u00f3 en el Consejo Ministerial de la ESA, celebrado en<span style=\"color: #ff6600;\"><a style=\"color: #ff6600;\" href=\"https:\/\/candas365.es\/noticias\/category\/internacional\/\"><strong> Bremen<\/strong><\/a><\/span>, que Espa\u00f1a aportar\u00e1 1.400 millones de euros para programas adicionales, alcanzando una media hist\u00f3rica de 455 millones anuales entre 2026 y 2030.<\/p>\n<figure id=\"attachment_190479\" aria-describedby=\"caption-attachment-190479\" style=\"width: 650px\" class=\"wp-caption aligncenter\"><img fetchpriority=\"high\" decoding=\"async\" class=\"size-large wp-image-190479\" src=\"https:\/\/candas365.es\/noticias\/wp-content\/uploads\/2025\/11\/Espana-aportara-1400-millones-extra-a-la-Agencia-Espacial-650x421.jpg\" alt=\"Espa\u00f1a aportar\u00e1 1.400 millones extra a la Agencia Espacial\" width=\"650\" height=\"421\" srcset=\"https:\/\/candas365.es\/noticias\/wp-content\/uploads\/2025\/11\/Espana-aportara-1400-millones-extra-a-la-Agencia-Espacial-650x421.jpg 650w, https:\/\/candas365.es\/noticias\/wp-content\/uploads\/2025\/11\/Espana-aportara-1400-millones-extra-a-la-Agencia-Espacial-360x233.jpg 360w, https:\/\/candas365.es\/noticias\/wp-content\/uploads\/2025\/11\/Espana-aportara-1400-millones-extra-a-la-Agencia-Espacial-768x498.jpg 768w, https:\/\/candas365.es\/noticias\/wp-content\/uploads\/2025\/11\/Espana-aportara-1400-millones-extra-a-la-Agencia-Espacial-150x97.jpg 150w, https:\/\/candas365.es\/noticias\/wp-content\/uploads\/2025\/11\/Espana-aportara-1400-millones-extra-a-la-Agencia-Espacial-450x292.jpg 450w, https:\/\/candas365.es\/noticias\/wp-content\/uploads\/2025\/11\/Espana-aportara-1400-millones-extra-a-la-Agencia-Espacial.jpg 1063w\" sizes=\"(max-width: 650px) 100vw, 650px\" \/><figcaption id=\"caption-attachment-190479\" class=\"wp-caption-text\">La delegaci\u00f3n espa\u00f1ola con la ministra Morant, durante su alocuci\u00f3n, al frente | Foto de ESA<\/figcaption><\/figure>\n<p>Los ministros de los 23 paises miembros de la ESA, comparecen esta jornada ante el Consejo Ministerial de la ESA para explicar cu\u00e1les son sus contribuciones y su punto de vista tras la propuesta del director ejecutivo de la ESA, el austriaco Josef Aschbacher, quien hab\u00eda presentado fechas atr\u00e1s su plan para destinar un presupuesto de 22.000 millones de euros para esta agencia durante el trienio 2026-2028.<\/p>\n<p>Este aumento del 15% respecto al presupuesto anterior, de 16.923 millones de euros, \u00abrepresenta una inversi\u00f3n ambiciosa y coherente con el crecimiento en recursos de la agencia europea en los \u00faltimos a\u00f1os\u00bb, explicaron fuentes de la ESA. La propuesta incluye \u00abprioridades como el transporte espacial, la ciencia y la exploraci\u00f3n\u00bb y busca \u00abfortalecer la presencia espacial de Europa en un contexto geopol\u00edtico competitivo\u00bb.<\/p>\n<p>Fuentes del ministerio de Ciencia concretaron que el Gobierno de Espa\u00f1a incrementar\u00e1 su contribuci\u00f3n a la ESA \u00abhasta alcanzar la cifra hist\u00f3rica de 455 millones de euros de media al a\u00f1o para el periodo 2026-2030\u00bb.<\/p>\n<p>Diana Morant, quien intervino en el Consejo Ministerial sobre las 15 horas, explic\u00f3 que esta contribuci\u00f3n de Espa\u00f1a es \u00abm\u00e1s de un 50% superior a la del periodo en curso, y m\u00e1s del triple con respecto a 2017\u00bb. Tambi\u00e9n anunci\u00f3 ante los ministros europeos del sector que Espa\u00f1a est\u00e1 firmemente comprometida con la ESA y se mostr\u00f3 convencida de que \u00abexiste un consenso general entre todos los pa\u00edses acerca de que el desarrollo de nuevas infraestructuras espaciales\u00bb es muy importante en este momento coyuntural global para Europa. Adem\u00e1s, la titular de Ciencia manifest\u00f3 en el consejo que la contribuci\u00f3n espa\u00f1ola a la ESA es muy importante para el desarrollo de la industria espa\u00f1ola.<\/p>\n<p>El Gobierno de Espa\u00f1a, gracias a este aumento presupuestario, \u00abpodr\u00e1 acompa\u00f1ar a la empresa ilicitana PLD Space en la comercializaci\u00f3n del lanzador Miura 5 y el desarrollo de versiones avanzadas del lanzador, con una inversi\u00f3n de 169 millones de euros a trav\u00e9s del Desaf\u00edo Europeo de Lanzadores (ELC, por sus siglas en ingl\u00e9s) de la ESA\u00bb, anunci\u00f3 Morant en el Consejo.<\/p>\n<p>PLD Space lanz\u00f3 ya \u00abel primer cohete suborbital y ahora, a trav\u00e9s de una compra p\u00fablica precomercial, est\u00e1 desarrollando un cohete, un lanzador de microsat\u00e9lites que nos tiene que entregar en diciembre y que va a poner en vuelo en junio\u00bb, avanz\u00f3 Morant, quien puso en valor en Bremen las capacidades tecnol\u00f3gicas de Espa\u00f1a y detall\u00f3 adem\u00e1s que esta contribuci\u00f3n, \u00abque supone un gran esfuerzo para Espa\u00f1a\u00bb, es m\u00e1s del triple con respecto a 2017&#8243;. En opini\u00f3n de la ministra, la cita de Bremen significa para Espa\u00f1a \u00abmucho m\u00e1s que una consolidaci\u00f3n de la posici\u00f3n de Espa\u00f1a en el espacio y en la ESA\u00bb, ya que \u00aba esta reuni\u00f3n el Gobierno espa\u00f1ol ha venido a dar un salto cualitativo\u00bb.<\/p>\n<p>El presupuesto de la ESA se compone de partidas para programas obligatorios, cuya aportaci\u00f3n se calcula en funci\u00f3n del PIB de cada Estado miembro, y de programas adicionales, los m\u00e1s numerosos y en los que los estados se implican en funci\u00f3n de sus intereses y objetivos espaciales. Ma\u00f1ana jueves, a las 13 horas, est\u00e1 previsto que se celebre una conferencia de prensa para detallar las decisiones adoptadas en la reuni\u00f3n del Consejo Ministerial, en la que comparecer\u00e1n la anfitriona, la ministra alemana de Investigaci\u00f3n, Tecnolog\u00eda y Espacio, Dorothee B\u00e4r; un representante de la presidencia del CM25 (&#8216;Council at Ministerial level 2025&#8217;) y Josef Aschbacher.<\/p>\n<p>(<a href=\"https:\/\/www.servimedia.es\/\" target=\"_blank\" rel=\"noopener\"><span style=\"color: #ff6600;\"><strong>SERVIMEDIA<\/strong><\/span><\/a>)<\/p>\n","protected":false},"excerpt":{"rendered":"<p>Diana Morant anunci\u00f3 en el Consejo Ministerial de la ESA, celebrado en Bremen, que Espa\u00f1a aportar\u00e1 1.400 millones de euros para programas adicionales, alcanzando una media hist\u00f3rica de 455 millones anuales entre 2026 y 2030. Los ministros de los 23 paises miembros de la ESA, comparecen esta jornada ante el Consejo Ministerial de la ESA<\/p>\n","protected":false},"author":1,"featured_media":190479,"comment_status":"closed","ping_status":"closed","sticky":false,"template":"","format":"standard","meta":{"footnotes":""},"categories":[486],"tags":[437],"class_list":{"0":"post-190478","1":"post","2":"type-post","3":"status-publish","4":"format-standard","5":"has-post-thumbnail","7":"category-economia","8":"tag-economia"},"aioseo_notices":[],"aioseo_head":"\n\t\t<!-- All in One SEO Pro 4.9.6.2 - aioseo.com -->\n\t<meta name=\"description\" content=\"Diana Morant anunci\u00f3 en el Consejo Ministerial de la ESA, celebrado en Bremen, que Espa\u00f1a aportar\u00e1 1.400 millones de euros para programas adicionales,\" \/>\n\t<meta name=\"robots\" content=\"max-image-preview:large\" \/>\n\t<meta name=\"author\" content=\"Cand\u00e1s 365\"\/>\n\t<meta name=\"google-site-verification\" content=\"UA-32230408-1\" \/>\n\t<meta name=\"msvalidate.01\" content=\"354F3CDFB2DA171B47FBE9ABF1F88D5\" \/>\n\t<meta name=\"keywords\" content=\"econom\u00eda\" \/>\n\t<link rel=\"canonical\" href=\"https:\/\/candas365.es\/noticias\/espana-aportara-1-400-millones-extra-a-la-agencia-espacial\/\" \/>\n\t<meta name=\"generator\" content=\"All in One SEO Pro (AIOSEO) 4.9.6.2\" \/>\n\t\t<meta property=\"og:locale\" content=\"es_ES\" \/>\n\t\t<meta property=\"og:site_name\" content=\"Cand\u00e1s 365\" \/>\n\t\t<meta property=\"og:type\" content=\"article\" \/>\n\t\t<meta property=\"og:title\" content=\"Espa\u00f1a aportar\u00e1 1.400 millones extra a la Agencia Espacial | Cand\u00e1s 365\" \/>\n\t\t<meta property=\"og:description\" content=\"Diana Morant anunci\u00f3 en el Consejo Ministerial de la ESA, celebrado en Bremen, que Espa\u00f1a aportar\u00e1 1.400 millones de euros para programas adicionales,\" \/>\n\t\t<meta property=\"og:url\" content=\"https:\/\/candas365.es\/noticias\/espana-aportara-1-400-millones-extra-a-la-agencia-espacial\/\" \/>\n\t\t<meta property=\"og:image\" content=\"https:\/\/candas365.es\/noticias\/wp-content\/uploads\/2025\/11\/Espana-aportara-1400-millones-extra-a-la-Agencia-Espacial.jpg\" \/>\n\t\t<meta property=\"og:image:secure_url\" content=\"https:\/\/candas365.es\/noticias\/wp-content\/uploads\/2025\/11\/Espana-aportara-1400-millones-extra-a-la-Agencia-Espacial.jpg\" \/>\n\t\t<meta property=\"og:image:width\" content=\"1063\" \/>\n\t\t<meta property=\"og:image:height\" content=\"689\" \/>\n\t\t<meta property=\"article:published_time\" content=\"2025-11-26T19:28:17+00:00\" \/>\n\t\t<meta property=\"article:modified_time\" content=\"2025-11-26T19:28:17+00:00\" \/>\n\t\t<meta property=\"article:publisher\" content=\"https:\/\/www.facebook.com\/Nachofdezber\" \/>\n\t\t<meta property=\"article:author\" content=\"https:\/\/www.facebook.com\/carrenoactualidad\" \/>\n\t\t<meta name=\"twitter:card\" content=\"summary_large_image\" \/>\n\t\t<meta name=\"twitter:site\" content=\"@NabercoDigital\" \/>\n\t\t<meta name=\"twitter:title\" content=\"Espa\u00f1a aportar\u00e1 1.400 millones extra a la Agencia Espacial | Cand\u00e1s 365\" \/>\n\t\t<meta name=\"twitter:description\" content=\"Diana Morant anunci\u00f3 en el Consejo Ministerial de la ESA, celebrado en Bremen, que Espa\u00f1a aportar\u00e1 1.400 millones de euros para programas adicionales,\" \/>\n\t\t<meta name=\"twitter:creator\" content=\"@nbasturias\" \/>\n\t\t<meta name=\"twitter:image\" content=\"https:\/\/candas365.es\/noticias\/wp-content\/uploads\/2025\/11\/Espana-aportara-1400-millones-extra-a-la-Agencia-Espacial.jpg\" \/>\n\t\t<meta name=\"twitter:label1\" content=\"Escrito por\" \/>\n\t\t<meta name=\"twitter:data1\" content=\"Cand\u00e1s 365\" \/>\n\t\t<meta name=\"twitter:label2\" content=\"Tiempo de lectura estimado\" \/>\n\t\t<meta name=\"twitter:data2\" content=\"3 minutos\" \/>\n\t\t<script type=\"application\/ld+json\" class=\"aioseo-schema\">\n\t\t\t{\"@context\":\"https:\\\/\\\/schema.org\",\"@graph\":[{\"@type\":\"BreadcrumbList\",\"@id\":\"https:\\\/\\\/candas365.es\\\/noticias\\\/espana-aportara-1-400-millones-extra-a-la-agencia-espacial\\\/#breadcrumblist\",\"itemListElement\":[{\"@type\":\"ListItem\",\"@id\":\"https:\\\/\\\/candas365.es\\\/noticias#listItem\",\"position\":1,\"name\":\"Home\",\"item\":\"https:\\\/\\\/candas365.es\\\/noticias\",\"nextItem\":{\"@type\":\"ListItem\",\"@id\":\"https:\\\/\\\/candas365.es\\\/noticias\\\/category\\\/economia\\\/#listItem\",\"name\":\"Econom\\u00eda\"}},{\"@type\":\"ListItem\",\"@id\":\"https:\\\/\\\/candas365.es\\\/noticias\\\/category\\\/economia\\\/#listItem\",\"position\":2,\"name\":\"Econom\\u00eda\",\"item\":\"https:\\\/\\\/candas365.es\\\/noticias\\\/category\\\/economia\\\/\",\"nextItem\":{\"@type\":\"ListItem\",\"@id\":\"https:\\\/\\\/candas365.es\\\/noticias\\\/espana-aportara-1-400-millones-extra-a-la-agencia-espacial\\\/#listItem\",\"name\":\"Espa\\u00f1a aportar\\u00e1 1.400 millones extra a la Agencia Espacial\"},\"previousItem\":{\"@type\":\"ListItem\",\"@id\":\"https:\\\/\\\/candas365.es\\\/noticias#listItem\",\"name\":\"Home\"}},{\"@type\":\"ListItem\",\"@id\":\"https:\\\/\\\/candas365.es\\\/noticias\\\/espana-aportara-1-400-millones-extra-a-la-agencia-espacial\\\/#listItem\",\"position\":3,\"name\":\"Espa\\u00f1a aportar\\u00e1 1.400 millones extra a la Agencia Espacial\",\"previousItem\":{\"@type\":\"ListItem\",\"@id\":\"https:\\\/\\\/candas365.es\\\/noticias\\\/category\\\/economia\\\/#listItem\",\"name\":\"Econom\\u00eda\"}}]},{\"@type\":\"NewsArticle\",\"@id\":\"https:\\\/\\\/candas365.es\\\/noticias\\\/espana-aportara-1-400-millones-extra-a-la-agencia-espacial\\\/#newsarticle\",\"name\":\"Espa\\u00f1a aportar\\u00e1 1.400 millones extra a la Agencia Espacial | Cand\\u00e1s 365\",\"headline\":\"Espa\\u00f1a aportar\\u00e1 1.400 millones extra a la Agencia Espacial\",\"author\":{\"@id\":\"https:\\\/\\\/candas365.es\\\/noticias\\\/author\\\/admin\\\/#author\"},\"publisher\":{\"@id\":\"https:\\\/\\\/candas365.es\\\/noticias\\\/#organization\"},\"image\":{\"@type\":\"ImageObject\",\"url\":\"https:\\\/\\\/candas365.es\\\/noticias\\\/wp-content\\\/uploads\\\/2025\\\/11\\\/Espana-aportara-1400-millones-extra-a-la-Agencia-Espacial.jpg\",\"width\":1063,\"height\":689,\"caption\":\"La delegaci\\u00f3n espa\\u00f1ola con la ministra Morant, durante su alocuci\\u00f3n, al frente | Foto de ESA\"},\"datePublished\":\"2025-11-26T20:28:17+01:00\",\"dateModified\":\"2025-11-26T20:28:17+01:00\",\"inLanguage\":\"es-ES\",\"mainEntityOfPage\":{\"@id\":\"https:\\\/\\\/candas365.es\\\/noticias\\\/espana-aportara-1-400-millones-extra-a-la-agencia-espacial\\\/#webpage\"},\"isPartOf\":{\"@id\":\"https:\\\/\\\/candas365.es\\\/noticias\\\/espana-aportara-1-400-millones-extra-a-la-agencia-espacial\\\/#webpage\"},\"articleSection\":\"Econom\\u00eda, Econom\\u00eda\",\"dateline\":\"Publicado el noviembre 26, 2025.\"},{\"@type\":\"Organization\",\"@id\":\"https:\\\/\\\/candas365.es\\\/noticias\\\/#organization\",\"name\":\"Cand\\u00e1s 365\",\"description\":\"Cand\\u00e1s 365 es un diario digital independiente, fundado en 2012, con base en Asturias. Informamos con rigor sobre actualidad, sociedad, cultura y ocio, con una mirada local y global.\",\"url\":\"https:\\\/\\\/candas365.es\\\/noticias\\\/\",\"email\":\"info@candas365.es\",\"telephone\":\"+34652131393\",\"foundingDate\":\"2012-06-10\",\"logo\":{\"@type\":\"ImageObject\",\"url\":\"https:\\\/\\\/candas365.es\\\/noticias\\\/wp-content\\\/uploads\\\/2024\\\/09\\\/Candas-365-Redes.jpg\",\"@id\":\"https:\\\/\\\/candas365.es\\\/noticias\\\/espana-aportara-1-400-millones-extra-a-la-agencia-espacial\\\/#organizationLogo\",\"width\":1152,\"height\":864,\"caption\":\"Cand\\u00e1s 365 Redes\"},\"image\":{\"@id\":\"https:\\\/\\\/candas365.es\\\/noticias\\\/espana-aportara-1-400-millones-extra-a-la-agencia-espacial\\\/#organizationLogo\"},\"sameAs\":[\"https:\\\/\\\/www.facebook.com\\\/Nachofdezber\",\"https:\\\/\\\/x.com\\\/NabercoDigital\",\"https:\\\/\\\/www.instagram.com\\\/nachofdezber\\\/\",\"https:\\\/\\\/www.youtube.com\\\/channel\\\/UCZP-2wLEB9Rv6erhFmqVnvg\"],\"address\":{\"@id\":\"https:\\\/\\\/candas365.es\\\/noticias\\\/#postaladdress\",\"@type\":\"PostalAddress\",\"streetAddress\":\"san antonio 4, san antonio 4\",\"postalCode\":\"33430\",\"addressLocality\":\"Cand\\u00e1s\",\"addressRegion\":\"Asturias\",\"addressCountry\":\"ES\"}},{\"@type\":\"Person\",\"@id\":\"https:\\\/\\\/candas365.es\\\/noticias\\\/author\\\/admin\\\/#author\",\"url\":\"https:\\\/\\\/candas365.es\\\/noticias\\\/author\\\/admin\\\/\",\"name\":\"Cand\\u00e1s 365\",\"image\":{\"@type\":\"ImageObject\",\"@id\":\"https:\\\/\\\/candas365.es\\\/noticias\\\/espana-aportara-1-400-millones-extra-a-la-agencia-espacial\\\/#authorImage\",\"url\":\"https:\\\/\\\/secure.gravatar.com\\\/avatar\\\/496a8e03d0c493ede1718b7934145dbdf8d89be1036b0eec9544e1094c9de390?s=96&d=mm&r=g\",\"width\":96,\"height\":96,\"caption\":\"Cand\\u00e1s 365\"},\"sameAs\":[\"https:\\\/\\\/www.facebook.com\\\/carrenoactualidad\",\"https:\\\/\\\/twitter.com\\\/nbasturias\",\"https:\\\/\\\/www.instagram.com\\\/nachofdezber\\\/\",\"https:\\\/\\\/www.youtube.com\\\/channel\\\/UCZP-2wLEB9Rv6erhFmqVnvg\"]},{\"@type\":\"WebPage\",\"@id\":\"https:\\\/\\\/candas365.es\\\/noticias\\\/espana-aportara-1-400-millones-extra-a-la-agencia-espacial\\\/#webpage\",\"url\":\"https:\\\/\\\/candas365.es\\\/noticias\\\/espana-aportara-1-400-millones-extra-a-la-agencia-espacial\\\/\",\"name\":\"Espa\\u00f1a aportar\\u00e1 1.400 millones extra a la Agencia Espacial | Cand\\u00e1s 365\",\"description\":\"Diana Morant anunci\\u00f3 en el Consejo Ministerial de la ESA, celebrado en Bremen, que Espa\\u00f1a aportar\\u00e1 1.400 millones de euros para programas adicionales,\",\"inLanguage\":\"es-ES\",\"isPartOf\":{\"@id\":\"https:\\\/\\\/candas365.es\\\/noticias\\\/#website\"},\"breadcrumb\":{\"@id\":\"https:\\\/\\\/candas365.es\\\/noticias\\\/espana-aportara-1-400-millones-extra-a-la-agencia-espacial\\\/#breadcrumblist\"},\"author\":{\"@id\":\"https:\\\/\\\/candas365.es\\\/noticias\\\/author\\\/admin\\\/#author\"},\"creator\":{\"@id\":\"https:\\\/\\\/candas365.es\\\/noticias\\\/author\\\/admin\\\/#author\"},\"image\":{\"@type\":\"ImageObject\",\"url\":\"https:\\\/\\\/candas365.es\\\/noticias\\\/wp-content\\\/uploads\\\/2025\\\/11\\\/Espana-aportara-1400-millones-extra-a-la-Agencia-Espacial.jpg\",\"@id\":\"https:\\\/\\\/candas365.es\\\/noticias\\\/espana-aportara-1-400-millones-extra-a-la-agencia-espacial\\\/#mainImage\",\"width\":1063,\"height\":689,\"caption\":\"La delegaci\\u00f3n espa\\u00f1ola con la ministra Morant, durante su alocuci\\u00f3n, al frente | Foto de ESA\"},\"primaryImageOfPage\":{\"@id\":\"https:\\\/\\\/candas365.es\\\/noticias\\\/espana-aportara-1-400-millones-extra-a-la-agencia-espacial\\\/#mainImage\"},\"datePublished\":\"2025-11-26T20:28:17+01:00\",\"dateModified\":\"2025-11-26T20:28:17+01:00\"},{\"@type\":\"WebSite\",\"@id\":\"https:\\\/\\\/candas365.es\\\/noticias\\\/#website\",\"url\":\"https:\\\/\\\/candas365.es\\\/noticias\\\/\",\"name\":\"Cand\\u00e1s 365\",\"alternateName\":\"Cand\\u00e1s 365 Noticias\",\"description\":\"Actualidad desde Carre\\u00f1o para el mundo\",\"inLanguage\":\"es-ES\",\"publisher\":{\"@id\":\"https:\\\/\\\/candas365.es\\\/noticias\\\/#organization\"}}]}\n\t\t<\/script>\n\t\t<!-- All in One SEO Pro -->\r\n\t\t<title>Espa\u00f1a aportar\u00e1 1.400 millones extra a la Agencia Espacial | Cand\u00e1s 365<\/title>\n\n","aioseo_head_json":{"title":"Espa\u00f1a aportar\u00e1 1.400 millones extra a la Agencia Espacial | Cand\u00e1s 365","description":"Diana Morant anunci\u00f3 en el Consejo Ministerial de la ESA, celebrado en Bremen, que Espa\u00f1a aportar\u00e1 1.400 millones de euros para programas adicionales,","canonical_url":"https:\/\/candas365.es\/noticias\/espana-aportara-1-400-millones-extra-a-la-agencia-espacial\/","robots":"max-image-preview:large","keywords":"econom\u00eda","webmasterTools":{"google-site-verification":"UA-32230408-1","msvalidate.01":"354F3CDFB2DA171B47FBE9ABF1F88D5","miscellaneous":""},"schema":{"@context":"https:\/\/schema.org","@graph":[{"@type":"BreadcrumbList","@id":"https:\/\/candas365.es\/noticias\/espana-aportara-1-400-millones-extra-a-la-agencia-espacial\/#breadcrumblist","itemListElement":[{"@type":"ListItem","@id":"https:\/\/candas365.es\/noticias#listItem","position":1,"name":"Home","item":"https:\/\/candas365.es\/noticias","nextItem":{"@type":"ListItem","@id":"https:\/\/candas365.es\/noticias\/category\/economia\/#listItem","name":"Econom\u00eda"}},{"@type":"ListItem","@id":"https:\/\/candas365.es\/noticias\/category\/economia\/#listItem","position":2,"name":"Econom\u00eda","item":"https:\/\/candas365.es\/noticias\/category\/economia\/","nextItem":{"@type":"ListItem","@id":"https:\/\/candas365.es\/noticias\/espana-aportara-1-400-millones-extra-a-la-agencia-espacial\/#listItem","name":"Espa\u00f1a aportar\u00e1 1.400 millones extra a la Agencia Espacial"},"previousItem":{"@type":"ListItem","@id":"https:\/\/candas365.es\/noticias#listItem","name":"Home"}},{"@type":"ListItem","@id":"https:\/\/candas365.es\/noticias\/espana-aportara-1-400-millones-extra-a-la-agencia-espacial\/#listItem","position":3,"name":"Espa\u00f1a aportar\u00e1 1.400 millones extra a la Agencia Espacial","previousItem":{"@type":"ListItem","@id":"https:\/\/candas365.es\/noticias\/category\/economia\/#listItem","name":"Econom\u00eda"}}]},{"@type":"NewsArticle","@id":"https:\/\/candas365.es\/noticias\/espana-aportara-1-400-millones-extra-a-la-agencia-espacial\/#newsarticle","name":"Espa\u00f1a aportar\u00e1 1.400 millones extra a la Agencia Espacial | Cand\u00e1s 365","headline":"Espa\u00f1a aportar\u00e1 1.400 millones extra a la Agencia Espacial","author":{"@id":"https:\/\/candas365.es\/noticias\/author\/admin\/#author"},"publisher":{"@id":"https:\/\/candas365.es\/noticias\/#organization"},"image":{"@type":"ImageObject","url":"https:\/\/candas365.es\/noticias\/wp-content\/uploads\/2025\/11\/Espana-aportara-1400-millones-extra-a-la-Agencia-Espacial.jpg","width":1063,"height":689,"caption":"La delegaci\u00f3n espa\u00f1ola con la ministra Morant, durante su alocuci\u00f3n, al frente | Foto de ESA"},"datePublished":"2025-11-26T20:28:17+01:00","dateModified":"2025-11-26T20:28:17+01:00","inLanguage":"es-ES","mainEntityOfPage":{"@id":"https:\/\/candas365.es\/noticias\/espana-aportara-1-400-millones-extra-a-la-agencia-espacial\/#webpage"},"isPartOf":{"@id":"https:\/\/candas365.es\/noticias\/espana-aportara-1-400-millones-extra-a-la-agencia-espacial\/#webpage"},"articleSection":"Econom\u00eda, Econom\u00eda","dateline":"Publicado el noviembre 26, 2025."},{"@type":"Organization","@id":"https:\/\/candas365.es\/noticias\/#organization","name":"Cand\u00e1s 365","description":"Cand\u00e1s 365 es un diario digital independiente, fundado en 2012, con base en Asturias. Informamos con rigor sobre actualidad, sociedad, cultura y ocio, con una mirada local y global.","url":"https:\/\/candas365.es\/noticias\/","email":"info@candas365.es","telephone":"+34652131393","foundingDate":"2012-06-10","logo":{"@type":"ImageObject","url":"https:\/\/candas365.es\/noticias\/wp-content\/uploads\/2024\/09\/Candas-365-Redes.jpg","@id":"https:\/\/candas365.es\/noticias\/espana-aportara-1-400-millones-extra-a-la-agencia-espacial\/#organizationLogo","width":1152,"height":864,"caption":"Cand\u00e1s 365 Redes"},"image":{"@id":"https:\/\/candas365.es\/noticias\/espana-aportara-1-400-millones-extra-a-la-agencia-espacial\/#organizationLogo"},"sameAs":["https:\/\/www.facebook.com\/Nachofdezber","https:\/\/x.com\/NabercoDigital","https:\/\/www.instagram.com\/nachofdezber\/","https:\/\/www.youtube.com\/channel\/UCZP-2wLEB9Rv6erhFmqVnvg"],"address":{"@id":"https:\/\/candas365.es\/noticias\/#postaladdress","@type":"PostalAddress","streetAddress":"san antonio 4, san antonio 4","postalCode":"33430","addressLocality":"Cand\u00e1s","addressRegion":"Asturias","addressCountry":"ES"}},{"@type":"Person","@id":"https:\/\/candas365.es\/noticias\/author\/admin\/#author","url":"https:\/\/candas365.es\/noticias\/author\/admin\/","name":"Cand\u00e1s 365","image":{"@type":"ImageObject","@id":"https:\/\/candas365.es\/noticias\/espana-aportara-1-400-millones-extra-a-la-agencia-espacial\/#authorImage","url":"https:\/\/secure.gravatar.com\/avatar\/496a8e03d0c493ede1718b7934145dbdf8d89be1036b0eec9544e1094c9de390?s=96&d=mm&r=g","width":96,"height":96,"caption":"Cand\u00e1s 365"},"sameAs":["https:\/\/www.facebook.com\/carrenoactualidad","https:\/\/twitter.com\/nbasturias","https:\/\/www.instagram.com\/nachofdezber\/","https:\/\/www.youtube.com\/channel\/UCZP-2wLEB9Rv6erhFmqVnvg"]},{"@type":"WebPage","@id":"https:\/\/candas365.es\/noticias\/espana-aportara-1-400-millones-extra-a-la-agencia-espacial\/#webpage","url":"https:\/\/candas365.es\/noticias\/espana-aportara-1-400-millones-extra-a-la-agencia-espacial\/","name":"Espa\u00f1a aportar\u00e1 1.400 millones extra a la Agencia Espacial | Cand\u00e1s 365","description":"Diana Morant anunci\u00f3 en el Consejo Ministerial de la ESA, celebrado en Bremen, que Espa\u00f1a aportar\u00e1 1.400 millones de euros para programas adicionales,","inLanguage":"es-ES","isPartOf":{"@id":"https:\/\/candas365.es\/noticias\/#website"},"breadcrumb":{"@id":"https:\/\/candas365.es\/noticias\/espana-aportara-1-400-millones-extra-a-la-agencia-espacial\/#breadcrumblist"},"author":{"@id":"https:\/\/candas365.es\/noticias\/author\/admin\/#author"},"creator":{"@id":"https:\/\/candas365.es\/noticias\/author\/admin\/#author"},"image":{"@type":"ImageObject","url":"https:\/\/candas365.es\/noticias\/wp-content\/uploads\/2025\/11\/Espana-aportara-1400-millones-extra-a-la-Agencia-Espacial.jpg","@id":"https:\/\/candas365.es\/noticias\/espana-aportara-1-400-millones-extra-a-la-agencia-espacial\/#mainImage","width":1063,"height":689,"caption":"La delegaci\u00f3n espa\u00f1ola con la ministra Morant, durante su alocuci\u00f3n, al frente | Foto de ESA"},"primaryImageOfPage":{"@id":"https:\/\/candas365.es\/noticias\/espana-aportara-1-400-millones-extra-a-la-agencia-espacial\/#mainImage"},"datePublished":"2025-11-26T20:28:17+01:00","dateModified":"2025-11-26T20:28:17+01:00"},{"@type":"WebSite","@id":"https:\/\/candas365.es\/noticias\/#website","url":"https:\/\/candas365.es\/noticias\/","name":"Cand\u00e1s 365","alternateName":"Cand\u00e1s 365 Noticias","description":"Actualidad desde Carre\u00f1o para el mundo","inLanguage":"es-ES","publisher":{"@id":"https:\/\/candas365.es\/noticias\/#organization"}}]},"og:locale":"es_ES","og:site_name":"Cand\u00e1s 365","og:type":"article","og:title":"Espa\u00f1a aportar\u00e1 1.400 millones extra a la Agencia Espacial | Cand\u00e1s 365","og:description":"Diana Morant anunci\u00f3 en el Consejo Ministerial de la ESA, celebrado en Bremen, que Espa\u00f1a aportar\u00e1 1.400 millones de euros para programas adicionales,","og:url":"https:\/\/candas365.es\/noticias\/espana-aportara-1-400-millones-extra-a-la-agencia-espacial\/","og:image":"https:\/\/candas365.es\/noticias\/wp-content\/uploads\/2025\/11\/Espana-aportara-1400-millones-extra-a-la-Agencia-Espacial.jpg","og:image:secure_url":"https:\/\/candas365.es\/noticias\/wp-content\/uploads\/2025\/11\/Espana-aportara-1400-millones-extra-a-la-Agencia-Espacial.jpg","og:image:width":1063,"og:image:height":689,"article:published_time":"2025-11-26T19:28:17+00:00","article:modified_time":"2025-11-26T19:28:17+00:00","article:publisher":"https:\/\/www.facebook.com\/Nachofdezber","article:author":"https:\/\/www.facebook.com\/carrenoactualidad","twitter:card":"summary_large_image","twitter:site":"@NabercoDigital","twitter:title":"Espa\u00f1a aportar\u00e1 1.400 millones extra a la Agencia Espacial | Cand\u00e1s 365","twitter:description":"Diana Morant anunci\u00f3 en el Consejo Ministerial de la ESA, celebrado en Bremen, que Espa\u00f1a aportar\u00e1 1.400 millones de euros para programas adicionales,","twitter:creator":"@nbasturias","twitter:image":"https:\/\/candas365.es\/noticias\/wp-content\/uploads\/2025\/11\/Espana-aportara-1400-millones-extra-a-la-Agencia-Espacial.jpg","twitter:label1":"Escrito por","twitter:data1":"Cand\u00e1s 365","twitter:label2":"Tiempo de lectura estimado","twitter:data2":"3 minutos"},"aioseo_meta_data":{"post_id":"190478","title":null,"description":"Diana Morant anunci\u00f3 en el Consejo Ministerial de la ESA, celebrado en Bremen, que Espa\u00f1a aportar\u00e1 1.400 millones de euros para programas adicionales,","keywords":null,"keyphrases":{"focus":{"keyphrase":"Espa\u00f1a","score":100,"analysis":{"keyphraseInTitle":{"score":9,"maxScore":9,"error":0},"keyphraseInDescription":{"score":9,"maxScore":9,"error":0},"keyphraseLength":{"score":9,"maxScore":9,"error":0,"length":2},"keyphraseInURL":{"score":5,"maxScore":5,"error":0},"keyphraseInIntroduction":{"score":9,"maxScore":9,"error":0},"keyphraseInSubHeadings":[],"keyphraseInImageAlt":{"score":9,"maxScore":9,"error":0},"keywordDensity":{"type":"best","score":9,"maxScore":9,"error":0}}},"additional":[{"keyphrase":"ESA","score":67,"analysis":{"keyphraseInDescription":{"score":9,"maxScore":9,"error":0},"keyphraseLength":{"score":9,"maxScore":9,"error":0,"length":1},"keyphraseInIntroduction":{"score":9,"maxScore":9,"error":0},"keyphraseInImageAlt":{"score":3,"maxScore":9,"error":1},"keywordDensity":{"type":"high","score":0,"maxScore":9,"error":1}}}]},"primary_term":null,"canonical_url":null,"og_title":null,"og_description":null,"og_object_type":"default","og_image_type":"default","og_image_url":null,"og_image_width":null,"og_image_height":null,"og_image_custom_url":null,"og_image_custom_fields":null,"og_video":"","og_custom_url":null,"og_article_section":null,"og_article_tags":null,"twitter_use_og":false,"twitter_card":"default","twitter_image_type":"default","twitter_image_url":null,"twitter_image_custom_url":null,"twitter_image_custom_fields":null,"twitter_title":null,"twitter_description":null,"schema":{"blockGraphs":[],"customGraphs":[],"default":{"data":{"Article":[],"Course":[],"Dataset":[],"FAQPage":[],"Movie":[],"Person":[],"Product":[],"ProductReview":[],"Car":[],"Recipe":[],"Service":[],"SoftwareApplication":[],"WebPage":[]},"graphName":"Article","isEnabled":true},"graphs":[]},"schema_type":"default","schema_type_options":null,"pillar_content":false,"robots_default":true,"robots_noindex":false,"robots_noarchive":false,"robots_nosnippet":false,"robots_nofollow":false,"robots_noimageindex":false,"robots_noodp":false,"robots_notranslate":false,"robots_max_snippet":"-1","robots_max_videopreview":"-1","robots_max_imagepreview":"large","priority":null,"frequency":"default","location":null,"local_seo":null,"seo_analyzer_scan_date":"2025-11-26 19:41:36","breadcrumb_settings":null,"limit_modified_date":false,"reviewed_by":null,"open_ai":null,"ai":{"faqs":[],"keyPoints":[],"titles":[],"descriptions":[],"socialPosts":{"email":[],"linkedin":[],"twitter":[],"facebook":[],"instagram":[]}},"created":"2025-11-26 19:21:41","updated":"2025-11-26 19:41:36"},"aioseo_breadcrumb":"<div class=\"aioseo-breadcrumbs\"><span class=\"aioseo-breadcrumb\">\n\t<a href=\"https:\/\/candas365.es\/noticias\" title=\"Home\">Home<\/a>\n<\/span><span class=\"aioseo-breadcrumb-separator\">&ndash;<\/span><span class=\"aioseo-breadcrumb\">\n\t<a href=\"https:\/\/candas365.es\/noticias\/category\/economia\/\" title=\"Econom\u00eda\">Econom\u00eda<\/a>\n<\/span><span class=\"aioseo-breadcrumb-separator\">&ndash;<\/span><span class=\"aioseo-breadcrumb\">\n\tEspa\u00f1a aportar\u00e1 1.400 millones extra a la Agencia Espacial\n<\/span><\/div>","aioseo_breadcrumb_json":[{"label":"Home","link":"https:\/\/candas365.es\/noticias"},{"label":"Econom\u00eda","link":"https:\/\/candas365.es\/noticias\/category\/economia\/"},{"label":"Espa\u00f1a aportar\u00e1 1.400 millones extra a la Agencia Espacial","link":"https:\/\/candas365.es\/noticias\/espana-aportara-1-400-millones-extra-a-la-agencia-espacial\/"}],"_links":{"self":[{"href":"https:\/\/candas365.es\/noticias\/wp-json\/wp\/v2\/posts\/190478","targetHints":{"allow":["GET"]}}],"collection":[{"href":"https:\/\/candas365.es\/noticias\/wp-json\/wp\/v2\/posts"}],"about":[{"href":"https:\/\/candas365.es\/noticias\/wp-json\/wp\/v2\/types\/post"}],"author":[{"embeddable":true,"href":"https:\/\/candas365.es\/noticias\/wp-json\/wp\/v2\/users\/1"}],"replies":[{"embeddable":true,"href":"https:\/\/candas365.es\/noticias\/wp-json\/wp\/v2\/comments?post=190478"}],"version-history":[{"count":0,"href":"https:\/\/candas365.es\/noticias\/wp-json\/wp\/v2\/posts\/190478\/revisions"}],"wp:featuredmedia":[{"embeddable":true,"href":"https:\/\/candas365.es\/noticias\/wp-json\/wp\/v2\/media\/190479"}],"wp:attachment":[{"href":"https:\/\/candas365.es\/noticias\/wp-json\/wp\/v2\/media?parent=190478"}],"wp:term":[{"taxonomy":"category","embeddable":true,"href":"https:\/\/candas365.es\/noticias\/wp-json\/wp\/v2\/categories?post=190478"},{"taxonomy":"post_tag","embeddable":true,"href":"https:\/\/candas365.es\/noticias\/wp-json\/wp\/v2\/tags?post=190478"}],"curies":[{"name":"wp","href":"https:\/\/api.w.org\/{rel}","templated":true}]}}